{"id":10003,"date":"2017-11-27T16:52:00","date_gmt":"2017-11-27T14:52:00","guid":{"rendered":"http:\/\/kommentatorenblog.de\/?p=10003"},"modified":"2021-08-01T17:23:29","modified_gmt":"2021-08-01T15:23:29","slug":"kommentatorenblog-909-es-ist-olympia-winter","status":"publish","type":"post","link":"http:\/\/kommentatorenblog.de\/?p=10003","title":{"rendered":"[Kommentatorenblog #909] \u2013 Es ist Olympia-Winter"},"content":{"rendered":"\n<p>(Beitrag von Frederik Voss, reposted von Nico)<\/p>\n\n\n\n<p>N\u2019Abend allerseits!<\/p>\n\n\n\n<p>Vor wenigen Tagen titelte Dennis hier \u201eEs ist Winter\u201c. Und ich lege noch einen drauf: Es ist sogar Olympia-Winter. An diesem Wochenende konnte man zum zweiten Mal so richtig den Wintersport im Fernsehen genie\u00dfen. Und in mir hat das schon dieses Olympia-Gef\u00fchl ausgel\u00f6st. Am 9. Februar starten die Olympischen Spiele in Pyeongchang. Durch die sponate Einigung von ARD und ZDF mit Eurosport und Discovery wird hierzulande eigentlich fast alles wie immer sein. Genaue \u00dcbertragungskonzepte gibt es noch nicht, aber man wird sich wieder auf Berg-Panoramen und Schneelandschaften freuen k\u00f6nnen \u2013 ohne dabei die (sport-)politische Situation zu vergessen.<\/p>\n\n\n\n<p>Bekannt ist bisher jedoch, dass ARD und ZDF \u2013 auch aufgrund der K\u00fcrze der Zeit \u2013 nicht so ausgiebig vor Ort sein werden wie bisher. Die direkten Moderationspositionen beim Skispringen an der Schanze zum Beispiel belegt Eurosport. Vom Discovery-Sender wei\u00df man, dass Sven Hannawald (Olympiasieger Skispringen), Martin Schmitt (Olympiasieger Skispringen), Michael Greis (Dreifach-Olympiasieger Biathlon), Frank W\u00f6rndl (Olympia-Silber Ski Alpin), Anni Friesinger-Postma (Dreifache Olympiasiegerin Eisschnelllauf), Andr\u00e9 Lange (Vierfacher Olympiasieger Bobsport) und Fabian Hamb\u00fcchen (Olympiasieger Turnen) als Experten im Einsatz sein werden. Fabian Hamb\u00fcchen? Joa, er wird jeden Tag um 15.30 Uhr deutscher Zeit gemeinsam mit Sascha Kalupke die Tageszusammenfassung aus dem deutschen Haus pr\u00e4sentieren. Sascha Kalupke war \u00fcbrigens Moderator der ersten Stunde bei Sky Sport News HD. Auch Eurosport wird aber ein Studio in M\u00fcnchen haben.<\/p>\n\n\n\n<p>Viel mehr haben die Sender noch nicht durchblicken lassen. Eurosport hat derzeit sogar noch Stellen ausgeschrieben, um Personal f\u00fcr die Olympia-\u00dcbertragungen zu finden. Den ersten dicken D\u00e4mpfer der Olympia-Saison gab es allerdings auch schon: Felix Neureuther hat sich das Kreuzband gerissen und wird nicht dabei sein.<\/p>\n\n\n\n<p><em><strong>Die Ansetzungen vom 28. November 2017 bis 30. November 2017<\/strong><\/em><\/p>\n\n\n\n<p><em><strong>Fu\u00dfball International<\/strong><\/em><\/p>\n\n\n\n<p>Dienstag, 28. November 2017<\/p>\n\n\n\n<p>Ligue 1, 15. Spieltag:<em><strong>&nbsp;RC Strasbourg \u2013 SM Caen (19.00 Uhr)<\/strong><\/em><\/p>\n\n\n\n<ul class=\"wp-block-list\"><li>Sport1+: Thomas Herrmann<\/li><\/ul>\n\n\n\n<p>Ligue 1, 15. Spieltag:<em><strong>&nbsp;Girondins Bordeaux \u2013 AS St.-Etienne (21.00 Uhr)<\/strong><\/em><\/p>\n\n\n\n<ul class=\"wp-block-list\"><li>Sport1+: Sebastian Bernsdorff<\/li><\/ul>\n\n\n\n<p>Mittwoch, 29. November 2017<\/p>\n\n\n\n<p>Super Liga, 19. Spieltag:<em><strong>&nbsp;FK Vozdovac \u2013 Partizan Belgrad (17.00 Uhr)<\/strong><\/em><\/p>\n\n\n\n<ul class=\"wp-block-list\"><li>Sport1+: ???<\/li><\/ul>\n\n\n\n<p>Ligue 1, 15. Spieltag:<em><strong>&nbsp;FC Nantes \u2013 AS Monaco (19.00 Uhr)<\/strong><\/em><\/p>\n\n\n\n<ul class=\"wp-block-list\"><li>Sport1+: Peter Kohl<\/li><\/ul>\n\n\n\n<p>Croky Cup, Achtelfinale:<em><strong>&nbsp;RSC Anderlecht \u2013 Standard L\u00fcttich (21.00 Uhr)<\/strong><\/em><\/p>\n\n\n\n<ul class=\"wp-block-list\"><li>Sport1+: Rudi Br\u00fcckner<\/li><\/ul>\n\n\n\n<p>Donnerstag, 30. November 2017<\/p>\n\n\n\n<p>Copa Libertadores, Finale, R\u00fcckspiel:<em><strong>&nbsp;Lanus \u2013 Gremio (00.45 Uhr)<\/strong><\/em><\/p>\n\n\n\n<ul class=\"wp-block-list\"><li>sportdigital: Christian Blunck<\/li><li>Sport1+: Christoph Fetzer<\/li><\/ul>\n\n\n\n<p>Croky Cup, Achtelfinale:<em><strong>&nbsp;SV Zulte Waregem \u2013 FC Br\u00fcgge (21.00 Uhr)<\/strong><\/em><\/p>\n\n\n\n<ul class=\"wp-block-list\"><li>Sport1+: Rudi Br\u00fcckner<\/li><\/ul>\n\n\n\n<hr class=\"wp-block-separator\"\/>\n\n\n\n<p><em>Die<\/em><em>&nbsp;aufgef\u00fchrten Ansetzungen gew\u00e4hren keine Vollst\u00e4ndigkeit. Die Autoren des Kommentatorenblogs behalten es sich vor, TV-\u00dcbertragungen und Livestreams zu ignorieren. Grunds\u00e4tzlich nicht aufgef\u00fchrt werden Ansetzungen ausl\u00e4ndischer Sender.<\/em><\/p>\n\n\n\n<hr class=\"wp-block-separator\"\/>\n\n\n\n<p><em><strong>Die Analyse<\/strong><\/em><\/p>\n\n\n\n<p>Es ist eine Woche der Routiniers: Sport1+ schickt die festangestellten Thomas Herrmann, Sebastian Bernsdorff und Peter Kohl bei der Ligue 1 ins Rennen. Rudi Br\u00fcckner ist und bleibt Experte f\u00fcr den Fu\u00dfball aus Belgien. Nur die Nachtschicht mit der Copa Libertadores \u00fcbernimmt mit Christoph Fetzer einer aus der neuen Riege. Parallel meldet sich bei sportdigital Christian Blunck \u2013 inzwischen auch ein alter Recke.<\/p>\n\n\n\n<p>Gute Woche euch allen!<\/p>\n","protected":false},"excerpt":{"rendered":"<p>(Beitrag von Frederik Voss, reposted von Nico) N\u2019Abend allerseits! Vor wenigen Tagen titelte Dennis hier \u201eEs ist Winter\u201c. Und ich lege noch einen drauf: Es ist sogar Olympia-Winter. An diesem Wochenende konnte man zum zweiten Mal so richtig den Wintersport im Fernsehen genie\u00dfen. Und in mir hat das schon dieses Olympia-Gef\u00fchl ausgel\u00f6st. Am 9. Februar [&hellip;]<\/p>\n","protected":false},"author":1,"featured_media":0,"comment_status":"open","ping_status":"open","sticky":false,"template":"","format":"standard","meta":{"footnotes":""},"categories":[1],"tags":[],"class_list":["post-10003","post","type-post","status-publish","format-standard","hentry","category-uncategorized"],"_links":{"self":[{"href":"http:\/\/kommentatorenblog.de\/index.php?rest_route=\/wp\/v2\/posts\/10003","targetHints":{"allow":["GET"]}}],"collection":[{"href":"http:\/\/kommentatorenblog.de\/index.php?rest_route=\/wp\/v2\/posts"}],"about":[{"href":"http:\/\/kommentatorenblog.de\/index.php?rest_route=\/wp\/v2\/types\/post"}],"author":[{"embeddable":true,"href":"http:\/\/kommentatorenblog.de\/index.php?rest_route=\/wp\/v2\/users\/1"}],"replies":[{"embeddable":true,"href":"http:\/\/kommentatorenblog.de\/index.php?rest_route=%2Fwp%2Fv2%2Fcomments&post=10003"}],"version-history":[{"count":1,"href":"http:\/\/kommentatorenblog.de\/index.php?rest_route=\/wp\/v2\/posts\/10003\/revisions"}],"predecessor-version":[{"id":10004,"href":"http:\/\/kommentatorenblog.de\/index.php?rest_route=\/wp\/v2\/posts\/10003\/revisions\/10004"}],"wp:attachment":[{"href":"http:\/\/kommentatorenblog.de\/index.php?rest_route=%2Fwp%2Fv2%2Fmedia&parent=10003"}],"wp:term":[{"taxonomy":"category","embeddable":true,"href":"http:\/\/kommentatorenblog.de\/index.php?rest_route=%2Fwp%2Fv2%2Fcategories&post=10003"},{"taxonomy":"post_tag","embeddable":true,"href":"http:\/\/kommentatorenblog.de\/index.php?rest_route=%2Fwp%2Fv2%2Ftags&post=10003"}],"curies":[{"name":"wp","href":"https:\/\/api.w.org\/{rel}","templated":true}]}}