{"id":10006,"date":"2017-11-23T16:54:00","date_gmt":"2017-11-23T14:54:00","guid":{"rendered":"http:\/\/kommentatorenblog.de\/?p=10006"},"modified":"2021-08-01T16:55:53","modified_gmt":"2021-08-01T14:55:53","slug":"kommentatorenblog-908-es-ist-winter","status":"publish","type":"post","link":"http:\/\/kommentatorenblog.de\/?p=10006","title":{"rendered":"[Kommentatorenblog #908] \u2013 Es ist Winter"},"content":{"rendered":"\n<p>(Beitrag von Dennis, reposted von Nico)<\/p>\n\n\n\n<p>N\u2019Abend allerseits!<\/p>\n\n\n\n<p>Manchmal sitzt man an so einem Beitrag und \u00fcberlegt sich: Was k\u00f6nnte ich jetzt schreiben? Dann kommt mir der Name des Blogs in den Sinn: \u201eKommentatorenblog\u201c. Und dann denk ich immer, wie denn so ein Leben eines Sportkommentators aussehen muss. Ich muss ja sagen, dass der Job eines Kommentators, zumindest f\u00fcr mich, schon gewisse Reize hat. Ich liebe den Fu\u00dfball, egal ob Bundesliga oder Regionalliga. Ich kommentiere hier quasi im stillen K\u00e4mmerlein f\u00fcr mich selber einzelne Partien, einfach, um mal zu merken, wie das denn so ist, so eine Begegnung \u00fcber 90 Minuten aufmerksam und nicht als Fan zu verfolgen. Ich bin mit meiner aktuellen Berufswahl \u00fcbergl\u00fccklich, aber wenn mich mal irgendwer fragen w\u00fcrde, ob ich Bock h\u00e4tte, ein Fu\u00dfballspiel zu verfolgen, (ob jetzt als Kommentator oder als Redakteur f\u00fcr eine Zeitung sei mal dahingestellt) w\u00fcrde ich wohl kaum Nein sagen k\u00f6nnen. Andererseits ist mir genauso bewusst, dass die Leute, die wir aktuell im Fernsehen zu h\u00f6ren bekommen, lange daf\u00fcr arbeiten mussten, um heute dort zu sitzen, wo sie halt sitzen. Sei es nun Sport1, Sky, MDR, ZDF, Sportdigital oder RTL. Ich bin heute im Nachhinein echt traurig dar\u00fcber, dass die Seite Marcel-ist-reif vor fast 2 Jahren offline gegangen ist. F\u00fcr die, die nicht wissen, was das war: Dort konnte man sich ein Fu\u00dfballspiel aussuchen, welches man gerne kommentieren m\u00f6chte, startete die Audio-Aufnahme und man konnte sich \u00fcber diese Seite deinen Kommentar anh\u00f6ren. H\u00e4tte ich heute noch diese M\u00f6glichkeit, w\u00fcrde ich die wahrscheinlich jedes Wochenende nutzen. Schade, aber ist halt so.<\/p>\n\n\n\n<p>Ein Blick aus dem Fenster verr\u00e4t mir: eigentlich Garnichts. Aber scheinbar geht an diesem Wochenende die Wintersport-Saison wieder so richtig los. Die&nbsp;<strong>ARD&nbsp;<\/strong>ist zumindest bei zahlreichen Events dabei und die Kommentatoren sind eigentlich die gleichen wie in den vergangenen Jahren:&nbsp;<strong>Torsten P\u00fcschel&nbsp;<\/strong>in der Nordischen Kombination,&nbsp;<strong>Jens-J\u00f6rg Rieck&nbsp;<\/strong>beim Langlauf,&nbsp;<strong>Eik Galley&nbsp;<\/strong>beim Bobsport,&nbsp;<strong>Peter Grube&nbsp;<\/strong>beim Rodeln,&nbsp;<strong>Tom Bartels&nbsp;<\/strong>selbstverst\u00e4ndlich beim Skispringen und&nbsp;<strong>Wilfried Hark&nbsp;<\/strong>beim Biathlon. Also nix neues.<\/p>\n\n\n\n<p><em><strong>Die Ansetzungen vom 24. November 2017 bis zum 27. November 2017<\/strong><\/em><\/p>\n\n\n\n<p><em><strong>Bundesliga, 13. Spieltag<\/strong><\/em><\/p>\n\n\n\n<p>Freitag, 24. November 2017 ab 19.30 Uhr (Eurosport Xtra)<\/p>\n\n\n\n<p><em><strong>Hannover 96 \u2013 VFB Stuttgart (20.30 Uhr)<\/strong><\/em><\/p>\n\n\n\n<ul class=\"wp-block-list\"><li>Eurosport Xtra: Matthias Stach<\/li><\/ul>\n\n\n\n<p>Moderation (Eurosport Xtra): Jan Henkel, Experte: Matthias Sammer<\/p>\n\n\n\n<p>Samstag, 25. November 2017 ab 13.00 Uhr (Sky)<\/p>\n\n\n\n<p><em><strong>Borussia Dortmund \u2013 FC Schalke 04 (15.30 Uhr)<\/strong><\/em><\/p>\n\n\n\n<ul class=\"wp-block-list\"><li>Sky: Woff Fuss (Einzelspiel), Frank Buschmann (Konferenz)<\/li><\/ul>\n\n\n\n<p><em><strong>RB Leipzig \u2013 Werder Bremen (15.30 Uhr)<\/strong><\/em><\/p>\n\n\n\n<ul class=\"wp-block-list\"><li>Sky:&nbsp;Martin Gro\u00df (Einzelspiel), Roland Evers (Konferenz)<\/li><\/ul>\n\n\n\n<p><em><strong>Eintracht Frankfurt \u2013 Bayer Leverkusen (15.30 Uhr)<\/strong><\/em><\/p>\n\n\n\n<ul class=\"wp-block-list\"><li>Sky:&nbsp;Toni Tomic (Einzelspiel), Tom Bayer (Konferenz)<\/li><\/ul>\n\n\n\n<p><em><strong>SC Freiburg \u2013 1. FSV Mainz 05 (15.30 Uhr)<\/strong><\/em><\/p>\n\n\n\n<ul class=\"wp-block-list\"><li>Sky:&nbsp;Marc Hindelang (Einzelspiel), Oliver Seidler (Konferenz)<\/li><\/ul>\n\n\n\n<p><em><strong>FC Augsburg \u2013 VfL Wolfsburg (15.30 Uhr)<\/strong><\/em><\/p>\n\n\n\n<ul class=\"wp-block-list\"><li>Sky:&nbsp;Hansi K\u00fcpper (Einzelspiel), Markus G\u00f6tz (Konferenz)<\/li><\/ul>\n\n\n\n<p>Moderation (Sky): Esther Sedlaczek und Yannick Erkenbrecher, Experten: Lothar Matth\u00e4us, Christoph Metzelder und Reiner Calmund<\/p>\n\n\n\n<p>Ab 17.30 Uhr (Sky)<\/p>\n\n\n\n<p><em><strong>Borussia M\u00f6nchengladbach \u2013 FC Bayern M\u00fcnchen (18.30 Uhr)<\/strong><\/em><\/p>\n\n\n\n<ul class=\"wp-block-list\"><li>Sky: Kai Dittmann<\/li><\/ul>\n\n\n\n<p>Moderation (Sky): Esther Sedlaczek und Yannick Erkenbrecher, Experten: Lothar Matth\u00e4us, Christoph Metzelder und Reiner Calmund<\/p>\n\n\n\n<p>Sonntag, 26. November 2017 ab 14.30 Uhr (Sky)<\/p>\n\n\n\n<p><em><strong>Hamburger SV \u2013 1899 Hoffenheim (15.30 Uhr)<\/strong><\/em><\/p>\n\n\n\n<ul class=\"wp-block-list\"><li>Sky: Jonas Friedrich<\/li><\/ul>\n\n\n\n<p>Moderation (Sky): Michael Leopold, Experte: Dietmar Hamann<\/p>\n\n\n\n<p>Ab 17.30 Uhr (Sky)<\/p>\n\n\n\n<p><em><strong>1. FC K\u00f6ln \u2013 Hertha BSC (18.00 Uhr)<\/strong><\/em><\/p>\n\n\n\n<ul class=\"wp-block-list\"><li>Sky: Marcus Lindemann<\/li><\/ul>\n\n\n\n<p>Moderation (Sky): Michael Leopold, Experte: Dietmar Hamann<\/p>\n\n\n\n<hr class=\"wp-block-separator\"\/>\n\n\n\n<p><em><strong>2. Bundesliga, 15. Spieltag<\/strong><\/em><\/p>\n\n\n\n<p>Freitag, 24. November 2017 ab 18.15 Uhr (Sky)<\/p>\n\n\n\n<p><em><strong>1. FC Union Berlin \u2013 SV Darmstadt 98 (18.30 Uhr)<\/strong><\/em><\/p>\n\n\n\n<ul class=\"wp-block-list\"><li>Sky:&nbsp;Christina Graf (Einzelspiel), J\u00f6rg Dahlmann (Konferenz)<\/li><\/ul>\n\n\n\n<p><em><strong>SV Sandhausen \u2013 1. FC Heidenheim (18.30 Uhr)<\/strong><\/em><\/p>\n\n\n\n<ul class=\"wp-block-list\"><li>Sky:&nbsp;Ulli Potofski (Einzelspiel), Roland Evers (Konferenz)<\/li><\/ul>\n\n\n\n<p>Moderation (Sky): Christina Rann<\/p>\n\n\n\n<p>Samstag, 25. November 2017 ab 12.30 Uhr (Sky)<\/p>\n\n\n\n<p><em><strong>Eintracht Braunschweig \u2013 1. FC N\u00fcrnberg (13.00 Uhr)<\/strong><\/em><\/p>\n\n\n\n<ul class=\"wp-block-list\"><li>Sky:&nbsp;Torsten Kunde (Einzelspiel), Klaus Veltman (Konferenz)<\/li><\/ul>\n\n\n\n<p><em><strong>Holstein Kiel \u2013 FC Ingolstadt 04 (13.00 Uhr)<\/strong><\/em><\/p>\n\n\n\n<ul class=\"wp-block-list\"><li>Sky:&nbsp;Michael Born (Einzelspiel), Holger Pfandt (Konferenz)<\/li><\/ul>\n\n\n\n<p><em><strong>Jahn Regensburg \u2013 MSV Duisburg (13.00 Uhr)<\/strong><\/em><\/p>\n\n\n\n<ul class=\"wp-block-list\"><li>Sky:&nbsp;J\u00f6rg Dahlmann (Einzelspiel), Andreas Renner (Konferenz)<\/li><\/ul>\n\n\n\n<p>Moderation (Sky): Peter Hardenacke<\/p>\n\n\n\n<p>Sonntag, 26. November 2017 ab 13.00 Uhr (Sky)<\/p>\n\n\n\n<p><em><strong>SpVgg Greuther F\u00fcrth \u2013 FC St. Pauli (13.30 Uhr)<\/strong><\/em><\/p>\n\n\n\n<ul class=\"wp-block-list\"><li>Sky:&nbsp;Sven Haist (Einzelspiel), Holger Pfandt (Konferenz)<\/li><\/ul>\n\n\n\n<p><em><strong>1. FC Kaiserslautern \u2013 Arminia Bielefeld (13.30 Uhr)<\/strong><\/em><\/p>\n\n\n\n<ul class=\"wp-block-list\"><li>Sky:&nbsp;J\u00fcrgen Schmitz (Einzelspiel), Oliver Seidler (Konferenz)<\/li><\/ul>\n\n\n\n<p><em><strong>FC Erzgebirge Aue \u2013 VfL Bochum (13.30 Uhr)<\/strong><\/em><\/p>\n\n\n\n<ul class=\"wp-block-list\"><li>Sky:&nbsp;Markus Gaupp (Einzelspiel), Florian Schmidt-Sommerfeld (Konferenz)<\/li><\/ul>\n\n\n\n<p>Moderation (Sky): Stefan Hempel<\/p>\n\n\n\n<p>Montag, 27. Oktober 2017 ab 20.15 Uhr (Sky)<\/p>\n\n\n\n<p><em><strong>Fortuna D\u00fcsseldorf \u2013 Dynamo Dresden (20.30 Uhr)<\/strong><\/em><\/p>\n\n\n\n<ul class=\"wp-block-list\"><li>Sky: Hansi K\u00fcpper<\/li><\/ul>\n\n\n\n<p>Moderation (Sky): Esther Sedlaczek<\/p>\n\n\n\n<hr class=\"wp-block-separator\"\/>\n\n\n\n<p><em><strong>3. Liga, 17. Spieltag<\/strong><\/em><\/p>\n\n\n\n<p>Freitag, 24. November ab 18.45 Uhr (Telekom Sport)<\/p>\n\n\n\n<p><em><strong>SC Paderborn 07 : Karlsruher SC&nbsp;(19.00 Uhr)<\/strong><\/em><\/p>\n\n\n\n<ul class=\"wp-block-list\"><li>Telekom Sport: Robby Hunke<\/li><\/ul>\n\n\n\n<p><em><strong>SC Preu\u00dfen M\u00fcnster : Chemnitzer FC&nbsp;(19.00 Uhr)<\/strong><\/em><\/p>\n\n\n\n<ul class=\"wp-block-list\"><li>Telekom Sport: Christian Stra\u00dfburger<\/li><\/ul>\n\n\n\n<p><em><strong>SV Meppen : SG Sonnenhof Gro\u00dfaspach&nbsp;(19.00 Uhr)<\/strong><\/em><\/p>\n\n\n\n<ul class=\"wp-block-list\"><li>Telekom Sport: Jan Neumann<\/li><\/ul>\n\n\n\n<p>Samstag, 25. November 2017 ab 13.45 Uhr (Telekom Sport)<\/p>\n\n\n\n<p><em><strong>SV Werder Bremen II : Rot-Wei\u00df Erfurt&nbsp;(14.00 Uhr)<\/strong><\/em><\/p>\n\n\n\n<ul class=\"wp-block-list\"><li>Telekom Sport: Edgar Mielke<\/li><\/ul>\n\n\n\n<p><em><strong>FC Carl Zeiss Jena : VfL Osnabr\u00fcck&nbsp;(14.00 Uhr)<\/strong><\/em><\/p>\n\n\n\n<ul class=\"wp-block-list\"><li>Telekom Sport: Andreas Mann<\/li><\/ul>\n\n\n\n<p><em><strong>VfR Aalen : SpVgg Unterhaching&nbsp;(14.00 Uhr)<\/strong><\/em><\/p>\n\n\n\n<ul class=\"wp-block-list\"><li>Telekom Sport: Alexander Klich<\/li><\/ul>\n\n\n\n<p><em><strong>FSV Zwickau : SV Wehen Wiesbaden&nbsp;(14.00 Uhr)<\/strong><\/em><\/p>\n\n\n\n<ul class=\"wp-block-list\"><li>Telekom Sport: Markus Herwig<\/li><\/ul>\n\n\n\n<p><em><strong>FC W\u00fcrzburger Kickers : Sportfreunde Lotte&nbsp;(14.00 Uhr)<\/strong><\/em><\/p>\n\n\n\n<ul class=\"wp-block-list\"><li>Telekom Sport: S\u00f6nke Sievers<\/li><\/ul>\n\n\n\n<p>Ab 14.00 Uhr (Telekom Sport bzw. NDR)<\/p>\n\n\n\n<p><em><strong>FC Hansa Rostock : Fortuna K\u00f6ln&nbsp;(14.05 Uhr)<\/strong><\/em><\/p>\n\n\n\n<ul class=\"wp-block-list\"><li>NDR: Jan Neumann<\/li><li>Telekom Sport: Franz B\u00fcchner<\/li><\/ul>\n\n\n\n<p>Moderation (NDR): Ben Wozny<\/p>\n\n\n\n<p><em><strong>1. FC Magdeburg : Hallescher FC&nbsp;(14.05 Uhr)<\/strong><\/em><\/p>\n\n\n\n<ul class=\"wp-block-list\"><li>MDR: ???<\/li><li>Telekom Sport: Martin Piller<\/li><\/ul>\n\n\n\n<p>Moderation (MDR): ???<\/p>\n\n\n\n<hr class=\"wp-block-separator\"\/>\n\n\n\n<p><em><strong>Fu\u00dfball International&nbsp;<\/strong><\/em><\/p>\n\n\n\n<p>Freitag, 24. November 2017<\/p>\n\n\n\n<p>Ligue 1, 14. Spieltag:&nbsp;<em><strong>AS Saint-Etienne \u2013 RC Strasbourg (20.45 Uhr)<\/strong><\/em><\/p>\n\n\n\n<ul class=\"wp-block-list\"><li>Sport1+: Peter Kohl<\/li><\/ul>\n\n\n\n<p>Samstag, 25. November 2017&nbsp;<\/p>\n\n\n\n<p>Hyundai A-League, 8. Spieltag:&nbsp;<em><strong>Sydney FC \u2013 Brisbane Roar (09.56 Uhr)<\/strong><\/em><\/p>\n\n\n\n<ul class=\"wp-block-list\"><li>Sportdigital: Ulf Kahmke<\/li><\/ul>\n\n\n\n<p>Sky Bet Championship, 19. Spieltag:&nbsp;<em><strong>FC Barnsley \u2013 Leeds United (13.30 Uhr)<\/strong><\/em><\/p>\n\n\n\n<ul class=\"wp-block-list\"><li>Sportdigital: Florian Obst<\/li><\/ul>\n\n\n\n<p>Sky Bet Championship, 19. Spieltag:&nbsp;<em><strong>Norwich City \u2013 Preston North End (16.00 Uhr)<\/strong><\/em><\/p>\n\n\n\n<ul class=\"wp-block-list\"><li>Sportdigital: Christian Blunck<\/li><\/ul>\n\n\n\n<p>Ligue 1, 14. Spieltag:&nbsp;<em><strong>Stade Rennes \u2013 FC Nantes (17.00 Uhr)<\/strong><\/em><\/p>\n\n\n\n<ul class=\"wp-block-list\"><li>Sport1+: Steffen Bohleber<\/li><\/ul>\n\n\n\n<p>Sky Bet Championship, 19. Spieltag:&nbsp;<em><strong>Sheffield United \u2013 Birmingham City (19.00 Uhr)<\/strong><\/em><\/p>\n\n\n\n<ul class=\"wp-block-list\"><li>Sport1+: Manfred Winter<\/li><\/ul>\n\n\n\n<p>Eredivisie, 13. Spieltag:&nbsp;<em><strong>FC Groningen \u2013 Feyenoord Rotterdam (19.45 Uhr)<\/strong><\/em><\/p>\n\n\n\n<ul class=\"wp-block-list\"><li>Sportdigital: J\u00f6rg Steiger<\/li><\/ul>\n\n\n\n<p>Jupiler Pro League, 16. Spieltag:&nbsp;<em><strong>Waasland-Beveren \u2013 Sporting Charleroi (20.30 Uhr)<\/strong><\/em><\/p>\n\n\n\n<ul class=\"wp-block-list\"><li>Sport1+: Christian Gl\u00fcck<\/li><\/ul>\n\n\n\n<p>Sonntag, 26. November 2017<\/p>\n\n\n\n<p>J. League, 33. Spieltag:&nbsp;<em><strong>Kashima Antlers \u2013 Kashiwa Reysol (05.00 Uhr)<\/strong><\/em><\/p>\n\n\n\n<ul class=\"wp-block-list\"><li>Sportdigital: Christian Blunck<\/li><\/ul>\n\n\n\n<p>Eredivisie, 13. Spieltag:&nbsp;<em><strong>Excelsior Rotterdam \u2013 PSV Eindhoven (14.30 Uhr)<\/strong><\/em><\/p>\n\n\n\n<ul class=\"wp-block-list\"><li>Sportdigital: Karsten Linke<\/li><\/ul>\n\n\n\n<p>Serie A, 14. Spieltag:&nbsp;<em><strong>Udinese Calcio \u2013 SSC Neapel (15.00 Uhr)<\/strong><\/em><\/p>\n\n\n\n<ul class=\"wp-block-list\"><li>Sport1+: Sebastian Bernsdorff<\/li><\/ul>\n\n\n\n<p>Ligue 1, 14. Spieltag:&nbsp;<em><strong>Olympique Marseille \u2013 EA Guingamp (17.00 Uhr)<\/strong><\/em><\/p>\n\n\n\n<ul class=\"wp-block-list\"><li>Sport1+: Thomas Herrmann<\/li><\/ul>\n\n\n\n<p>Liga NOS, 12. Spieltag:&nbsp;<em><strong>Pacos de Ferreira \u2013 Sporting Lissabon (19.00 Uhr)<\/strong><\/em><\/p>\n\n\n\n<ul class=\"wp-block-list\"><li>Sportdigital: Hannes Herrmann<\/li><\/ul>\n\n\n\n<p>Jupiler Pro League, 16. Spieltag:&nbsp;<em><strong>FC Br\u00fcgge \u2013 SV Zulte Waregem (20.00 Uhr)<\/strong><\/em><\/p>\n\n\n\n<ul class=\"wp-block-list\"><li>Sport1+: Rudi Br\u00fcckner<\/li><\/ul>\n\n\n\n<p>Liga NOS, 12. Spieltag:&nbsp;<em><strong>Benfica Lissabon \u2013 Vitoria Setubal (21.15 Uhr)<\/strong><\/em><\/p>\n\n\n\n<ul class=\"wp-block-list\"><li>Sportdigital: Hannes Herrmann<\/li><\/ul>\n\n\n\n<p>Superliga Argentina, 10. Spieltag:&nbsp;<em><strong>CA River Plate \u2013 CA Newells Old Boys (23.15 Uhr)<\/strong><\/em><\/p>\n\n\n\n<ul class=\"wp-block-list\"><li>Sportdigital: Christian Blunck<\/li><li>Sport1+: Manfred Winter<\/li><\/ul>\n\n\n\n<p>Montag, 27. November 2017<\/p>\n\n\n\n<p>Premjer Liga, 18. Spieltag:&nbsp;<em><strong>Zenit St. Petersburg \u2013 Spartak Moskau (17.30 Uhr)<\/strong><\/em><\/p>\n\n\n\n<ul class=\"wp-block-list\"><li>Sportdigital: Hannes Herrmann<\/li><\/ul>\n\n\n\n<hr class=\"wp-block-separator\"\/>\n\n\n\n<p><em><strong>Frauenfu\u00dfball-Testspiele<\/strong><\/em><\/p>\n\n\n\n<p>Freitag, 24. November 2017 ab 17.40 Uhr (ARD)<\/p>\n\n\n\n<p><em><strong>Deutschland \u2013 Frankreich (18.00 Uhr)<\/strong><\/em><\/p>\n\n\n\n<ul class=\"wp-block-list\"><li>ARD: Bernd Schmelzer<\/li><\/ul>\n\n\n\n<p>Moderation (ARD): ???<\/p>\n\n\n\n<hr class=\"wp-block-separator\"\/>\n\n\n\n<p><em>Die<\/em><em>&nbsp;aufgef\u00fchrten Ansetzungen gew\u00e4hren keine Vollst\u00e4ndigkeit. Die Autoren des Kommentatorenblogs behalten es sich vor, TV-\u00dcbertragungen und Livestreams zu ignorieren. Grunds\u00e4tzlich nicht aufgef\u00fchrt werden Ansetzungen ausl\u00e4ndischer Sender.<\/em><\/p>\n\n\n\n<hr class=\"wp-block-separator\"\/>\n\n\n\n<p><em><strong>Die Analyse&nbsp;<\/strong><\/em><\/p>\n\n\n\n<p>Duell der Aufsteiger in Hannover, dieses mal ist Matthias Stach am Werk. Der Samstag: Wolff Fuss ist selbstverst\u00e4ndlich beim Revier-Derby, Martin Gro\u00df ist mal in Leipzig zu Gast. Ansonsten alles normal, Hansi K\u00fcpper ist mal wieder bei \u201eseinen\u201c Augsburgern. Frank Buschmann ist der Mann des Derbys in der Konferenz, auch Markus G\u00f6tz gibt sich in der Konfi mal wieder die Ehre. Gro\u00df und Fuss sind bereits unterwegs, also verfolgt Kai Dittmann den Klassiker in M\u00f6nchengladbach. Ungew\u00f6hnliche Reise in den hohen Norden f\u00fcr Jonas Friedrich, er findet sich in Hamburg wieder. Marcus Lindemann schlie\u00dft den Spieltag in K\u00f6ln ab.<\/p>\n\n\n\n<p>Die Zweite Liga beginnt auch mit einen ungew\u00f6hnlich n\u00f6rdlichen Einsatz f\u00fcr Christina Graf in Berlin. Ulli Potfoski k\u00fcmmert sich um das S\u00fcdwest-Duell in Sandhausen. J\u00f6rg Dahlmann sitzt am Freitag in der Box und darf am Samstag an die frische Regensburger Luft. Klaus Veltmann sammelt in der Konferenz seinen einzigen Einsatz an diesem Wochenende, gleiches gilt f\u00fcr Andreas Renner. Auch der Sonntag \u00fcberrascht, da Oliver Seidler und Schmiso f\u00fcr lediglich einen Box-Einsatz eingeplant sind. Hansi K\u00fcpper darf den Spieltag in D\u00fcsseldorf abschlie\u00dfen.<\/p>\n\n\n\n<p>Hoppla, die Telekom verpennt deren Einsatz. Leider standen auf der Website noch keine Ansetzungen, somit gibt es viele Fragezeichen zu bewundern. Auch nett.<\/p>\n\n\n\n<p>Euch ein sch\u00f6nes Wochenende!<\/p>\n","protected":false},"excerpt":{"rendered":"<p>(Beitrag von Dennis, reposted von Nico) N\u2019Abend allerseits! Manchmal sitzt man an so einem Beitrag und \u00fcberlegt sich: Was k\u00f6nnte ich jetzt schreiben? Dann kommt mir der Name des Blogs in den Sinn: \u201eKommentatorenblog\u201c. Und dann denk ich immer, wie denn so ein Leben eines Sportkommentators aussehen muss. Ich muss ja sagen, dass der Job [&hellip;]<\/p>\n","protected":false},"author":4,"featured_media":0,"comment_status":"open","ping_status":"open","sticky":false,"template":"","format":"standard","meta":{"footnotes":""},"categories":[1],"tags":[],"class_list":["post-10006","post","type-post","status-publish","format-standard","hentry","category-uncategorized"],"_links":{"self":[{"href":"http:\/\/kommentatorenblog.de\/index.php?rest_route=\/wp\/v2\/posts\/10006","targetHints":{"allow":["GET"]}}],"collection":[{"href":"http:\/\/kommentatorenblog.de\/index.php?rest_route=\/wp\/v2\/posts"}],"about":[{"href":"http:\/\/kommentatorenblog.de\/index.php?rest_route=\/wp\/v2\/types\/post"}],"author":[{"embeddable":true,"href":"http:\/\/kommentatorenblog.de\/index.php?rest_route=\/wp\/v2\/users\/4"}],"replies":[{"embeddable":true,"href":"http:\/\/kommentatorenblog.de\/index.php?rest_route=%2Fwp%2Fv2%2Fcomments&post=10006"}],"version-history":[{"count":1,"href":"http:\/\/kommentatorenblog.de\/index.php?rest_route=\/wp\/v2\/posts\/10006\/revisions"}],"predecessor-version":[{"id":10007,"href":"http:\/\/kommentatorenblog.de\/index.php?rest_route=\/wp\/v2\/posts\/10006\/revisions\/10007"}],"wp:attachment":[{"href":"http:\/\/kommentatorenblog.de\/index.php?rest_route=%2Fwp%2Fv2%2Fmedia&parent=10006"}],"wp:term":[{"taxonomy":"category","embeddable":true,"href":"http:\/\/kommentatorenblog.de\/index.php?rest_route=%2Fwp%2Fv2%2Fcategories&post=10006"},{"taxonomy":"post_tag","embeddable":true,"href":"http:\/\/kommentatorenblog.de\/index.php?rest_route=%2Fwp%2Fv2%2Ftags&post=10006"}],"curies":[{"name":"wp","href":"https:\/\/api.w.org\/{rel}","templated":true}]}}