{"id":10008,"date":"2017-11-20T16:57:00","date_gmt":"2017-11-20T14:57:00","guid":{"rendered":"http:\/\/kommentatorenblog.de\/?p=10008"},"modified":"2021-08-01T17:00:10","modified_gmt":"2021-08-01T15:00:10","slug":"kommentatorenblog-907-ungewohnte-kooperation","status":"publish","type":"post","link":"http:\/\/kommentatorenblog.de\/?p=10008","title":{"rendered":"[Kommentatorenblog #907] \u2013 Ungewohnte Kooperation"},"content":{"rendered":"\n<p>(Beitrag von Frederik Voss, reposted von Nico)<\/p>\n\n\n\n<p>N\u2019Abend allerseits!<\/p>\n\n\n\n<p>Da dachte ich vor ein paar Wochen noch: Huch, schau an, der Christoph Fetzer hat es zum ZDF geschafft. Fetzer ist einer der aufstrebenden Kommentatoren aus dem Sport1-Dunst: Einst bei laola1.tv unterwegs, dann viel Sport1.fm, Sport1US und inzwischen auch im Free TV, wo er vor einer Woche mit G\u00fcnter Zapf die NHL f\u00fcr Sport1 pr\u00e4sentiert hat. Und jetzt der Aufstieg zum ZDF? Nicht ganz.<\/p>\n\n\n\n<p>Offenbar l\u00e4sst das&nbsp;<strong>ZDF sportstudio<\/strong>&nbsp;seit dieser Saison die kurzen&nbsp;<strong>Zweitliga-Zusammenfassungen<\/strong>&nbsp;im&nbsp;<strong>Sport1<\/strong>-Umfeld produzieren. Dadurch waren am vergangenen Samstag Hajo Wolff, Jack Marschall und Steffen Bohleber pl\u00f6tzlich kurz nach Mitternacht im Zweiten zu h\u00f6ren. Wie kann das sein? Naja, das ZDF d\u00fcrfte auf diesem Wege schlichtweg Geld sparen. Fr\u00fcher schickte man selber Reporter und Redakteure in die Zweitliga-Stadien, die dann oftmals Beitr\u00e4ge produzierten, die manchmal nicht mal eine Minute dauern. Selbst wenn man die Reisekosten einspart und die Berichte in der Sendzentrale in Mainz produzieren l\u00e4sst, d\u00fcrften die Personalkosten f\u00fcr Redakteur und Cutter sowie wom\u00f6glich zus\u00e4tzliche Sattelitenkosten nicht ganz unerheblich sein \u2013 bei den \u00d6ffentlich-Rechtlichen verdient n\u00e4mlich gar nicht mal so schlecht.<\/p>\n\n\n\n<p>Und da d\u00fcrfte dann der Constantin-Konzern ins Spiel gekommen sein. Die Sport1-Schwester Plazamedia wird wohl Produzent der ZDF-Spielberichte sein. Und hier wiederum d\u00fcrften sich die Kosten in Grenzen halten, produziert man doch ohnehin f\u00fcr das Sport1-Programm am Sonntagmorgen Zweitliga-Zusammenfassungen f\u00fcr \u201eHattrick Pur\u201c. Dann bleibt der Aufwand \u00fcberschaubar, noch ein zweites kurzes St\u00fcck f\u00fcr die Kollegen vom ZDF zu schneiden und einzusprechen. Daher d\u00fcrfte Constantin dem Zweiten ein recht gutes Angebot gemacht haben \u2013 und dort kann man nach dem Verlust der Zweitliga-Erstverwertungsrechte und dem Absprung von Sky, die ihre Sendungen seit dieser Saison selbst herstellen, ohnehin jeden Euro gebrauchen.<\/p>\n\n\n\n<p>Es ist \u00fcbrigens nicht die erste Zusammenarbeit dieser beiden Seiten: Plazamedia ist auch immer an den Champions-League-\u00dcbertragungen des ZDF beteiligt. Bei der Fu\u00dfball-WM 2014 tauchten indes sogar schon mal Sport1-Gesichter und Stimmen bei ZDFinfo auf. Damals zog n\u00e4mlich ebenfalls Plazamedia die F\u00e4den im Hintergrund der WM-\u00dcbertragungen vor allem an den Parallelspieltagen zum Ende der Gruppenphase im ZDF-Digitalsender.<\/p>\n\n\n\n<p><em><strong>Die Ansetzungen vom 21. Oktober 2017 bis 23. Oktober 2017<\/strong><\/em><\/p>\n\n\n\n<p><em><strong>UEFA Champions League, Gruppenphase, 5. Spieltag<\/strong><\/em><\/p>\n\n\n\n<p>Dienstag, 21. November 2017, ab 17.55 Uhr (Sky)<\/p>\n\n\n\n<p><em><strong>Besiktas Istanbul \u2013 FC Porto (18.00 Uhr)<\/strong><\/em><\/p>\n\n\n\n<ul class=\"wp-block-list\"><li>Sky: Sven Schr\u00f6ter (Einzelspiel)<\/li><\/ul>\n\n\n\n<p><em><strong>Spartak Moskau \u2013 NK Maribor (18.00 Uhr)<\/strong><\/em><\/p>\n\n\n\n<ul class=\"wp-block-list\"><li>Sky: Markus Gaupp (Einzelspiel)<\/li><\/ul>\n\n\n\n<p>ab 19.00 Uhr (Sky)<\/p>\n\n\n\n<p><em><strong>Borussia Dortmund \u2013 Tottenham Hotspur (20.45 Uhr)<\/strong><\/em><\/p>\n\n\n\n<ul class=\"wp-block-list\"><li>Sky: Wolff Fuss (Einzelspiel), Hansi K\u00fcpper (Konferenz), Kai Dittmann (Deutsche Konferenz)<\/li><\/ul>\n\n\n\n<p><em><strong>AS Monaco \u2013 RB Leipzig (20.45 Uhr)<\/strong><\/em><\/p>\n\n\n\n<ul class=\"wp-block-list\"><li>Sky: Frank Buschmann (Einzelspiel), Jonas Friedrich (Konferenz), Martin Gro\u00df (Deutsche Konferenz)<\/li><\/ul>\n\n\n\n<p><em><strong>FC Sevilla \u2013 FC Liverpool (20.45 Uhr)<\/strong><\/em><\/p>\n\n\n\n<ul class=\"wp-block-list\"><li>Sky: Oliver Seidler (Konferenz)<\/li><\/ul>\n\n\n\n<p><em><strong>APOEL Nikosia \u2013 Real Madrid (20.45 Uhr)<\/strong><\/em><\/p>\n\n\n\n<ul class=\"wp-block-list\"><li>Sky: J\u00f6rg Dahlmann (Konferenz)<\/li><\/ul>\n\n\n\n<p><em><strong>Manchester City \u2013 Feyenoord Rotterdam (20.45 Uhr)<\/strong><\/em><\/p>\n\n\n\n<ul class=\"wp-block-list\"><li>Sky: Michael Born (Konferenz)<\/li><\/ul>\n\n\n\n<p><em><strong>SSC Neapel \u2013 Schachtar Donezk (20.45 Uhr)<\/strong><\/em><\/p>\n\n\n\n<ul class=\"wp-block-list\"><li>Sky: Roland Evers (Konferenz)<\/li><\/ul>\n\n\n\n<p>Moderation (Sky): Michael Leopold; G\u00e4ste: Dietmar Hamann, Rouven Schr\u00f6der (Sportvorstand Mainz 05), Tim Thoelke (u.a. Stadionsprecher RBL), Malte Oberschelp (Autor), Erik Meijer<\/p>\n\n\n\n<p>Mittwoch, 22. November 2017, ab 17.55 Uhr (Sky)<\/p>\n\n\n\n<p><em><strong>Qarabag Agdam \u2013 FC Chelsea (18.00 Uhr)<\/strong><\/em><\/p>\n\n\n\n<ul class=\"wp-block-list\"><li>Sky: Andreas Renner (Einzelspiel)<\/li><\/ul>\n\n\n\n<p><em><strong>ZSKA Moskau \u2013 Benfica Lissabon (18.00 Uhr)<\/strong><\/em><\/p>\n\n\n\n<ul class=\"wp-block-list\"><li>Sky: Sven Schr\u00f6ter (Einzelspiel)<\/li><\/ul>\n\n\n\n<p>ab 19.00 Uhr (Sky) bzw. 20.25 Uhr (ZDF)<\/p>\n\n\n\n<p><em><strong>RSC Anderlecht \u2013 FC Bayern M\u00fcnchen (20.45 Uhr)<\/strong><\/em><\/p>\n\n\n\n<ul class=\"wp-block-list\"><li>Sky: Kai Dittmann (Einzelspiel), Martin Gro\u00df (Konferenz)<\/li><li>ZDF: B\u00e9la R\u00e9thy<\/li><\/ul>\n\n\n\n<p><em><strong>Paris St.-Germain \u2013 Celtic Glasgow (20.45 Uhr)<\/strong><\/em><\/p>\n\n\n\n<ul class=\"wp-block-list\"><li>Sky: Michael Born (Konferenz)<\/li><\/ul>\n\n\n\n<p><em><strong>Juventus Turin \u2013 FC Barcelona (20.45 Uhr)<\/strong><\/em><\/p>\n\n\n\n<ul class=\"wp-block-list\"><li>Sky: J\u00f6rg Dahlmann (Einzelspiel), Toni Tomic (Konferenz)<\/li><\/ul>\n\n\n\n<p><em><strong>Atl\u00e9tico Madrid \u2013 AS Rom (20.45 Uhr)<\/strong><\/em><\/p>\n\n\n\n<ul class=\"wp-block-list\"><li>Sky: Jonas Friedrich (Konferenz)<\/li><\/ul>\n\n\n\n<p><em><strong>FC Basel \u2013 Manchester United (20.45 Uhr)<\/strong><\/em><\/p>\n\n\n\n<ul class=\"wp-block-list\"><li>Sky: Oliver Seidler (Konferenz)<\/li><\/ul>\n\n\n\n<p><em><strong>Sporting Lissabon \u2013 Olympiakos Pir\u00e4us (20.45 Uhr)<\/strong><\/em><\/p>\n\n\n\n<ul class=\"wp-block-list\"><li>Sky: Holger Pfandt (Konferenz)<\/li><\/ul>\n\n\n\n<p>Moderation (Sky): Jessica Kastrop; G\u00e4ste: Lothar Matth\u00e4us, Ren\u00e9 Weiler (Ex-Coach Anderlecht), Andries Jonker (zuletzt Coach VfL Wolfsburg), Denny Khedira (Bruder &amp; Berater von Sami &amp; Rani), Erik Meijer<br>Moderation (ZDF): Oliver Welke; Experte: Oliver Kahn<\/p>\n\n\n\n<hr class=\"wp-block-separator\"\/>\n\n\n\n<p><em><strong>UEFA Europa League, Gruppenphase, 5. Spieltag<\/strong><\/em><\/p>\n\n\n\n<p>Donnerstag, 23. November 2017, ab 18.30 Uhr (Sky)<\/p>\n\n\n\n<p><em><strong>1. FC K\u00f6ln \u2013 FC Arsenal (19.00 Uhr)<\/strong><\/em><\/p>\n\n\n\n<ul class=\"wp-block-list\"><li>Sky: Marcus Lindemann (Einzelspiel), Roland Evers (Konferenz)<\/li><\/ul>\n\n\n\n<p><em><strong>Hertha BSC \u2013 Athletic Bilbao (19.00 Uhr)<\/strong><\/em><\/p>\n\n\n\n<ul class=\"wp-block-list\"><li>Sky: Stefan Hempel (Einzelspiel), Toni Tomic (Konferenz)<\/li><\/ul>\n\n\n\n<p><em><strong>FC Salzburg \u2013 Vitoria Guimaraes (19.00 Uhr)<\/strong><\/em><\/p>\n\n\n\n<ul class=\"wp-block-list\"><li>Sky: Erich Auer (Einzelspiel), ??? (Konferenz)<\/li><\/ul>\n\n\n\n<p><em><strong>BATE Baryssau \u2013 Roter Stern Belgrad (19.00 Uhr)<\/strong><\/em><\/p>\n\n\n\n<ul class=\"wp-block-list\"><li>Sky: Andreas Renner (Konferenz)<\/li><\/ul>\n\n\n\n<p><em><strong>\u00d6stersunds FK \u2013 Sorja Luhansk (19.00 Uhr)<\/strong><\/em><\/p>\n\n\n\n<ul class=\"wp-block-list\"><li>Sky: Holger Pfandt (Konferenz)<\/li><\/ul>\n\n\n\n<p>ab 19.00 (Sport1) bzw. ab 21.00 Uhr (Sky)<\/p>\n\n\n\n<p><em><strong>SC Braga \u2013 TSG 1899 Hoffenheim (21.05 Uhr)<\/strong><\/em><\/p>\n\n\n\n<ul class=\"wp-block-list\"><li>Sky: Jonas Friedrich (Einzelspiel), Hansi K\u00fcpper (Konferenz)<\/li><li>Sport1: Markus H\u00f6hner<\/li><\/ul>\n\n\n\n<p><em><strong>AC Mailand \u2013 FK Austria Wien (21.05 Uhr)<\/strong><\/em><\/p>\n\n\n\n<ul class=\"wp-block-list\"><li>Sky: Thomas Trukesitz (Einzelspiel), J\u00f6rg Dahlmann (Konferenz)<\/li><\/ul>\n\n\n\n<p><em><strong>Ludogorez Rasgrad \u2013 Istanbul Basaksehir (21.05 Uhr)<\/strong><\/em><\/p>\n\n\n\n<ul class=\"wp-block-list\"><li>Sky: Sven Haist (Konferenz)<\/li><\/ul>\n\n\n\n<p><em><strong>AEK Athen \u2013 HNK Rijeka (21.05 Uhr)<\/strong><\/em><\/p>\n\n\n\n<ul class=\"wp-block-list\"><li>Sky: Sven Schr\u00f6ter (Konferenz)<\/li><\/ul>\n\n\n\n<p>Moderation (Sky): Britta Hofmann<br>Moderation (Sport1): Oliver Schwesinger, Ruth Hofmann &amp; Jochen Stutzky<\/p>\n\n\n\n<hr class=\"wp-block-separator\"\/>\n\n\n\n<p><em><strong>Regionalliga Nordost, 18. Spieltag<\/strong><\/em><\/p>\n\n\n\n<p>Mittwoch, 22. November 2017, ab 14.00 Uhr (MDR)<\/p>\n\n\n\n<p><em><strong>1. FC Lok Leipzig \u2013 BSC Chemie Leipzig (14.05 Uhr)<\/strong><\/em><\/p>\n\n\n\n<ul class=\"wp-block-list\"><li>MDR: ???<\/li><\/ul>\n\n\n\n<p>Moderation (MDR): ???<\/p>\n\n\n\n<hr class=\"wp-block-separator\"\/>\n\n\n\n<p><em><strong>Copa Libertadores, Finale<\/strong><\/em><\/p>\n\n\n\n<p>In der Nacht zu Donnerstag, 23. November 2017, ab 00.35 Uhr (sportdigital) bzw. 00.40 Uhr (Sport1+)<\/p>\n\n\n\n<p><em><strong>Gremio Porto Alegre \u2013 CA Lanus (00.45 Uhr)<\/strong><\/em><\/p>\n\n\n\n<ul class=\"wp-block-list\"><li>sportdigital: Christian Blunck<\/li><li>Sport1+: ???<\/li><\/ul>\n\n\n\n<hr class=\"wp-block-separator\"\/>\n\n\n\n<p><em><strong>UEFA Youth League, 5. Spieltag<\/strong><\/em><\/p>\n\n\n\n<p>Dienstag, 21. November 2017, ab 13.55 Uhr (Sport1 &amp; Sport1+)<\/p>\n\n\n\n<p><em><strong>Borussia Dortmund \u2013 Tottenham Hotspur (14.00 Uhr)<\/strong><\/em><\/p>\n\n\n\n<ul class=\"wp-block-list\"><li>Sport1 &amp; Sport1+: Hajo Wolff<\/li><\/ul>\n\n\n\n<p>ab 15.55 Uhr (Sport1+)<\/p>\n\n\n\n<p><em><strong>FC Sevilla \u2013 FC Liverpool (16.00 Uhr)<\/strong><\/em><\/p>\n\n\n\n<ul class=\"wp-block-list\"><li>Sport1+: Oliver Forster<\/li><\/ul>\n\n\n\n<p>Mittwoch, 22. November 2017, ab 13.55 Uhr (Sport1+)<\/p>\n\n\n\n<p><em><strong>Paris St.-Germain \u2013 Celtic Glasgow (14.00 Uhr)<\/strong><\/em><\/p>\n\n\n\n<ul class=\"wp-block-list\"><li>Sport1: Hajo Wolff<\/li><\/ul>\n\n\n\n<p>ab 15.55 Uhr (Sport1 &amp; Sport1+)<\/p>\n\n\n\n<p><em><strong>RSC Anderlecht \u2013 FC Bayern M\u00fcnchen (16.00 Uhr)<\/strong><\/em><\/p>\n\n\n\n<ul class=\"wp-block-list\"><li>Sport1 &amp; Sport1+: Franz B\u00fcchner<\/li><\/ul>\n\n\n\n<hr class=\"wp-block-separator\"\/>\n\n\n\n<p><em>Die<\/em><em>&nbsp;aufgef\u00fchrten Ansetzungen gew\u00e4hren keine Vollst\u00e4ndigkeit. Die Autoren des Kommentatorenblogs behalten es sich vor, TV-\u00dcbertragungen und Livestreams zu ignorieren. Grunds\u00e4tzlich nicht aufgef\u00fchrt werden Ansetzungen ausl\u00e4ndischer Sender.<\/em><\/p>\n\n\n\n<hr class=\"wp-block-separator\"\/>\n\n\n\n<p><em><strong>Die Analyse<\/strong><\/em><\/p>\n\n\n\n<p>Zweimal zwei fr\u00fche Spiele in der K\u00f6nigsklasse. Mit Konferenzen d\u00fcrfte hier ohnehin niemand mehr rechnen. Mit den angesetzten Kommentatoren dagegen schon: Gaupp, Renner und zweimal Schr\u00f6ter sind im Einsatz. Gro\u00dfkampftage sowieso f\u00fcr Sven Schr\u00f6ter, der auch am Donerstag nochmal in der Europa League zu h\u00f6ren ist.<\/p>\n\n\n\n<p>Wenig auff\u00e4lig der Rest mit einer bockstarken Deutschen Konferenz besetzt von Kai Dittmann und Martin Gro\u00df. F\u00fcr Dittmann bleibt gen\u00fcgend Zeit, um mittwochs in Anderlecht zu sein. Martin Gro\u00df bleibt dementsprechend in M\u00fcnchen und \u00fcbernimmt die Bayern der gro\u00dfen Konferenz. Somit bleiben die Einzelspiele am Dienstag \u00fcbrig f\u00fcr Wolff Fuss und Frank Buschmann. Hansi K\u00fcpper und Jonas Friedrich sind an dieser Stelle oftmals in der gro\u00dfen Schalte gesetzt \u2013 am Donnerstag sind sie gemeinsam f\u00fcr die Hoffenheimer Partie eingeteilt.<\/p>\n\n\n\n<p>So ganz vertrauen ich den Ansetzungen noch nicht. J\u00f6rg Dahlmann wird sich um Turin vs. Barcelona k\u00fcmmern. Ich gehe mal davon aus, dass auch PSG vs. Celtic einen deutschen Kommentar bekommen wird \u2013 zumindest spricht die Feed-Belegung daf\u00fcr. In der Europa League passt Marcus Lindemann nat\u00fcrlich zum 1. FC K\u00f6ln. Stefan Hempel dagegen ist ein seltener Begleiter der Berliner Hertha.<\/p>\n\n\n\n<p>Ein paar L\u00f6cher sind noch zu stopfen, in der Youth Leage indes ist diesmal Hajo Wolff zu Gast, w\u00e4hrend Franz B\u00fcchner offenbar Chef-Kommentator bleibt.<\/p>\n\n\n\n<p>Euch allen eine gute Woche!<\/p>\n","protected":false},"excerpt":{"rendered":"<p>(Beitrag von Frederik Voss, reposted von Nico) N\u2019Abend allerseits! Da dachte ich vor ein paar Wochen noch: Huch, schau an, der Christoph Fetzer hat es zum ZDF geschafft. Fetzer ist einer der aufstrebenden Kommentatoren aus dem Sport1-Dunst: Einst bei laola1.tv unterwegs, dann viel Sport1.fm, Sport1US und inzwischen auch im Free TV, wo er vor einer [&hellip;]<\/p>\n","protected":false},"author":1,"featured_media":0,"comment_status":"open","ping_status":"open","sticky":false,"template":"","format":"standard","meta":{"footnotes":""},"categories":[1],"tags":[],"class_list":["post-10008","post","type-post","status-publish","format-standard","hentry","category-uncategorized"],"_links":{"self":[{"href":"http:\/\/kommentatorenblog.de\/index.php?rest_route=\/wp\/v2\/posts\/10008","targetHints":{"allow":["GET"]}}],"collection":[{"href":"http:\/\/kommentatorenblog.de\/index.php?rest_route=\/wp\/v2\/posts"}],"about":[{"href":"http:\/\/kommentatorenblog.de\/index.php?rest_route=\/wp\/v2\/types\/post"}],"author":[{"embeddable":true,"href":"http:\/\/kommentatorenblog.de\/index.php?rest_route=\/wp\/v2\/users\/1"}],"replies":[{"embeddable":true,"href":"http:\/\/kommentatorenblog.de\/index.php?rest_route=%2Fwp%2Fv2%2Fcomments&post=10008"}],"version-history":[{"count":1,"href":"http:\/\/kommentatorenblog.de\/index.php?rest_route=\/wp\/v2\/posts\/10008\/revisions"}],"predecessor-version":[{"id":10009,"href":"http:\/\/kommentatorenblog.de\/index.php?rest_route=\/wp\/v2\/posts\/10008\/revisions\/10009"}],"wp:attachment":[{"href":"http:\/\/kommentatorenblog.de\/index.php?rest_route=%2Fwp%2Fv2%2Fmedia&parent=10008"}],"wp:term":[{"taxonomy":"category","embeddable":true,"href":"http:\/\/kommentatorenblog.de\/index.php?rest_route=%2Fwp%2Fv2%2Fcategories&post=10008"},{"taxonomy":"post_tag","embeddable":true,"href":"http:\/\/kommentatorenblog.de\/index.php?rest_route=%2Fwp%2Fv2%2Ftags&post=10008"}],"curies":[{"name":"wp","href":"https:\/\/api.w.org\/{rel}","templated":true}]}}