{"id":10018,"date":"2017-08-03T17:08:00","date_gmt":"2017-08-03T15:08:00","guid":{"rendered":"http:\/\/kommentatorenblog.de\/?p=10018"},"modified":"2021-08-01T17:11:19","modified_gmt":"2021-08-01T15:11:19","slug":"kommentatorenblog-876-was-soll-man-dazu-noch-sagen","status":"publish","type":"post","link":"http:\/\/kommentatorenblog.de\/?p=10018","title":{"rendered":"[Kommentatorenblog #876] \u2013 Was soll man dazu noch sagen?"},"content":{"rendered":"\n<p>(Beitrag von Dennis, reposted von Nico)<\/p>\n\n\n\n<p>N\u2019Abend allerseits!<\/p>\n\n\n\n<p>Aufgrund meines gestrigen Ausflugs in Baden-W\u00fcrttembergs Landeshauptstadt mit ziemlich sp\u00e4ter Heimkehr kommt der Beitrag leider erst heute. Sorry!<\/p>\n\n\n\n<p>222 Millionen Euro. In Worten: Zweihundertzweiundzwanzig Millionen Euro. Was f\u00fcr eine unglaubliche Summe. Soviel bezahlt&nbsp;<strong>Paris Saint-Germain&nbsp;<\/strong>also f\u00fcr die Verpflichtung des brasilianischen Superstars&nbsp;<strong>Neymar<\/strong>. Mich haut es glatt vom Hocker. Eine vollkommen irrwitzige Summe. Neymar ist somit selbstredend der teuerste Fu\u00dfballer der Welt. Wenn man einfach mal so eben 222 Millionen f\u00fcr einen Fu\u00dfballer hinbl\u00e4ttert, frage ich mich: Habt ihr sie eigentlich noch alle? Es war zwar abzusehen, dass die ganzen Transferabl\u00f6sen irgendwann vollkommen absurde Dimensionen \u00fcberschreiten werden, aber dann ging es doch schneller wie erwartet. 222 Millionen f\u00fcr einen Typen, der gegen einen Ball tritt, Tore erzielt und sein Gesicht in die Kameras h\u00e4lt. Ich will hier Neymar auf keinem Fall das Talent absprechen: Er ist ein gro\u00dfartiger Fu\u00dfballer und ich muss ehrlich sagen, dass ich traurig war, dass er in einem gewissem Spiel bei der WM 2014 nicht dabei sein konnte. Aber das ist nun wirklich \u00fcbertrieben. H\u00e4tte man jene 222 Millionen Euro nicht in andere, viel sinnvollere Dinge investieren k\u00f6nnen? In wichtige Forschungen, zum Beispiel. Oder \u00e4rmeren Menschen helfen, indem man das Geld gro\u00dfz\u00fcgig spendet. Kein Mensch dieser Wellt ist 222 Millionen Euro wert, keiner. Jeder Mensch ist gleich und da ist es egal ob du Fu\u00dfballer, Beamter, Altenpfleger, Student oder ein Obdachloser bist.&nbsp; Keiner ist soviel Geld wert. Nicht nur ich bin fassungslos, auch Freiburg-Trainer&nbsp;<strong>Christian Streich&nbsp;<\/strong>kann es nicht glauben. Zitat: \u201eDer Gott des Geldes wird alles verschlingen\u201c. Die PK k\u00f6nnt ihr euch&nbsp;<a href=\"https:\/\/web.archive.org\/web\/20170905161227\/https:\/\/youtu.be\/LG6kjKoji6w\">hier<\/a>&nbsp;anschauen. Es ist mal wieder so eine Geschichte, wo ich mich frage, wo einige gewisse Menschen ihr Hirn verloren haben. Sorry, ist aber so. Und noch was: Ging es hier eigentlich jemals um den Verein, zu welchem er eigentlich wechselt? Es ging die gesamte Zeit immer blo\u00df um diese Zahl: 222. Aber hat sich \u00fcberhaupt mal jemand Gedanken gemacht, ob der Wechsel nach Frankreich sportlich gesehen \u00fcberhaupt Sinn ergibt?&nbsp; Es gibt Dinge, die werde ich nie verstehen, vielleicht bin ich aber auch noch zu jung, klein und dumm, um solche Sachen nachvollziehen zu k\u00f6nnen. So, nun kommen wir vom Wahnsinn zum Alltag. Die Ansetzungen!<\/p>\n\n\n\n<p><em><strong>Die Ansetzungen vom 04. August 2017 bis zum 07. August 2017<\/strong><\/em><\/p>\n\n\n\n<p><em><strong>DFL-Supercup<\/strong><\/em><\/p>\n\n\n\n<p>Samstag, 05. August 2017 ab 19.30 (Eurosport 2 Xtra) bzw. 20.15 Uhr (ZDF)<\/p>\n\n\n\n<p><em><strong>Borussia Dortmund \u2013 FC Bayern M\u00fcnchen (20.30 Uhr)<\/strong><\/em><\/p>\n\n\n\n<ul class=\"wp-block-list\"><li>ZDF: Martin Schneider<\/li><li>Eurosport 2 Xtra: Marco Hagemann<\/li><\/ul>\n\n\n\n<p>Moderation (ZDF):&nbsp;Katrin M\u00fcller-Hohenstein, Experte: Holger Stanislawski<br>Moderation (Eurosport 2): Jan Henkel, Experte: Matthias Sammer<\/p>\n\n\n\n<hr class=\"wp-block-separator\"\/>\n\n\n\n<p><em><strong>2 Bundesliga, 2. Spieltag<\/strong><\/em><\/p>\n\n\n\n<p>Freitag, 04. August 2017 ab 18.15 Uhr (Sky)<\/p>\n\n\n\n<p><em><strong>1. FC Union Berlin \u2013 Holstein Kiel (18.30 Uhr)<\/strong><\/em><\/p>\n\n\n\n<ul class=\"wp-block-list\"><li>Sky:&nbsp;Hansi K\u00fcpper (Einzelspiel), J\u00f6rg Dahlmann (Konferenz)<\/li><\/ul>\n\n\n\n<p><em><strong>SV Sandhausen \u2013 FC Ingolstadt (18.30 Uhr)<\/strong><\/em><\/p>\n\n\n\n<ul class=\"wp-block-list\"><li>Sky:&nbsp;Sven Haist (Einzelspiel), Sascha Roos (Konferenz)<\/li><\/ul>\n\n\n\n<p>Ab 20.25 Uhr (Sky)<\/p>\n\n\n\n<p><em><strong>1. FC Kaiserslautern \u2013 Darmstadt 98 (20.30 Uhr)<\/strong><\/em><\/p>\n\n\n\n<ul class=\"wp-block-list\"><li>Sky:&nbsp;Klaus Veltman<\/li><\/ul>\n\n\n\n<p>Moderation (Sky): Christina Rann<\/p>\n\n\n\n<p>Samstag, 05 August 2017 ab 12.45 Uhr (Sky)<\/p>\n\n\n\n<p><em><strong>MSV Duisburg \u2013 VfL Bochum (13.00 Uhr)<\/strong><\/em><\/p>\n\n\n\n<ul class=\"wp-block-list\"><li>Sky:&nbsp;J\u00fcrgen Schmitz<\/li><\/ul>\n\n\n\n<p>Ab 14.55 Uhr (Sky)<\/p>\n\n\n\n<p><em><strong>Eintracht Braunschweig \u2013 1. FC Heidenheim (15.30 Uhr)<\/strong><\/em><\/p>\n\n\n\n<ul class=\"wp-block-list\"><li>Sky:&nbsp;Torsten Kunde<\/li><\/ul>\n\n\n\n<p>Moderation (Sky): Peter Hardenacke<\/p>\n\n\n\n<p>Sonntag, 06. August 2017 ab 13.15 Uhr (Sky)<\/p>\n\n\n\n<p><em><strong>Jahn Regensburg \u2013 1. FC N\u00fcrnberg (13.30 Uhr)<\/strong><\/em><\/p>\n\n\n\n<ul class=\"wp-block-list\"><li>Sky:&nbsp;Ulli Potofski<\/li><\/ul>\n\n\n\n<p>Ab 15.20 Uhr (Sky)<\/p>\n\n\n\n<p><em><strong>Erzgebirge Aue \u2013 Fortuna D\u00fcsseldorf (15.30 Uhr)<\/strong><\/em><\/p>\n\n\n\n<ul class=\"wp-block-list\"><li>Sky:&nbsp;Heiko Mallwitz (Einzelspiel), Roland Evers (Konferenz)<\/li><\/ul>\n\n\n\n<p><em><strong>SpVgg Greuther F\u00fcrth \u2013 Arminia Bielefeld (15.30 Uhr)<\/strong><\/em><\/p>\n\n\n\n<ul class=\"wp-block-list\"><li>Sky: Christina Graf (Einzelspiel), Sven Schr\u00f6ter (Konferenz)<\/li><\/ul>\n\n\n\n<p>Moderation (Sky): Stefan Hempel<\/p>\n\n\n\n<p>Montag, 07. August 2017 ab 20.15 Uhr (Sky)<\/p>\n\n\n\n<p><em><strong>FC St. Pauli \u2013 Dynamo Dresden (20.30 Uhr)<\/strong><\/em><\/p>\n\n\n\n<ul class=\"wp-block-list\"><li>Sky: Oliver Seidler<\/li><\/ul>\n\n\n\n<p>Moderation (Sky): Yannick Erkenbrecher<\/p>\n\n\n\n<hr class=\"wp-block-separator\"\/>\n\n\n\n<p><em><strong>3. Liga, 4. Spieltag<\/strong><\/em><\/p>\n\n\n\n<p>Freitag, 04. August 2017 ab 18.45 Uhr (Telekom Sport)<\/p>\n\n\n\n<p><em><strong>FSV Zwickau \u2013 FC Rot-Wei\u00df Erfurt (19.00 Uhr)<\/strong><\/em><\/p>\n\n\n\n<ul class=\"wp-block-list\"><li>Telekom Sport: Benni Zander<\/li><\/ul>\n\n\n\n<p>Moderation (Telekom Sport): Stefanie Blochwitz<\/p>\n\n\n\n<p>Samstag, 05. August 2017 ab 13.45 Uhr (Telekom Sport) bzw. ca. 14.00 Uhr (BR, SWR, NDR &amp; MDR)<\/p>\n\n\n\n<p><em><strong>SC Paderborn \u2013 SG Sonnenhof-Gro\u00dfaspach (14.00 Uhr)<\/strong><\/em><\/p>\n\n\n\n<ul class=\"wp-block-list\"><li>Telekom Sport: J\u00f6rg Dierkes<\/li><\/ul>\n\n\n\n<p>Moderation (Telekom Sport): Thomas Wagner<\/p>\n\n\n\n<p><em><strong>SC Preu\u00dfen M\u00fcnster \u2013 SV Werder Bremen II (14.00 Uhr)<\/strong><\/em><\/p>\n\n\n\n<ul class=\"wp-block-list\"><li>Telekom Sport: Christian Stra\u00dfburger<\/li><\/ul>\n\n\n\n<p>Moderation (Telekom Sport): Cedric Pick<\/p>\n\n\n\n<p><em><strong>VFR Aalen \u2013 Sportfreunde Lotte (14.00 Uhr)<\/strong><\/em><\/p>\n\n\n\n<ul class=\"wp-block-list\"><li>Telekom Sport: Mario Bast<\/li><\/ul>\n\n\n\n<p>Moderation (Telekom Sport): Sascha Bandermann<\/p>\n\n\n\n<p><em><strong><em>SpVgg Unterhaching&nbsp;<\/em>\u2013&nbsp;<em>Fortuna K\u00f6ln (14.05 Uhr)<\/em><\/strong><\/em><\/p>\n\n\n\n<ul class=\"wp-block-list\"><li>Telekom Sport: Tobi Fischbeck<\/li><li>BR: Florian Eckl<\/li><\/ul>\n\n\n\n<p>Moderation (BR): Dominik Vischer<\/p>\n\n\n\n<p><em><strong>Karlsruher SC \u2013 SV Wehen Wiesbaden (14.05 Uhr)<\/strong><\/em><\/p>\n\n\n\n<ul class=\"wp-block-list\"><li>Telekom Sport: Alexander Klich<\/li><li>SWR: ???<\/li><\/ul>\n\n\n\n<p>Moderation (SWR): ???<\/p>\n\n\n\n<p><em><strong>FC Hansa Rostock \u2013 SV Meppen (14.05 Uhr)<\/strong><\/em><\/p>\n\n\n\n<ul class=\"wp-block-list\"><li>Telekom Sport: Basti Schwele<\/li><li>NDR: ???<\/li><\/ul>\n\n\n\n<p>Moderation (NDR): ???<\/p>\n\n\n\n<p><em><strong>FC Carl-Zeiss Jena \u2013 Chemnitzer FC (14.05 Uhr)<\/strong><\/em><\/p>\n\n\n\n<ul class=\"wp-block-list\"><li>Telekom Sport: Franz B\u00fcchner<\/li><li>MDR:&nbsp;Eik Galley<\/li><\/ul>\n\n\n\n<p>Moderation (MDR):&nbsp;Guido-Magnus Pierskalla<\/p>\n\n\n\n<p>Sonntag, 06. August 2017 ab 13.45 Uhr (Telekom Sport)<\/p>\n\n\n\n<p><em><strong>FC Magdeburg \u2013 W\u00fcrzburger Kickers (14.00 Uhr)<\/strong><\/em><\/p>\n\n\n\n<ul class=\"wp-block-list\"><li>Telekom Sport: Markus Herwig<\/li><\/ul>\n\n\n\n<p>Moderation (Telekom Sport): Stefanie Blochwitz<\/p>\n\n\n\n<p><em><strong>VFL Osnabr\u00fcck \u2013 Hallescher FC (14.00 Uhr)<\/strong><\/em><\/p>\n\n\n\n<ul class=\"wp-block-list\"><li>Telekom Sport: Alexander K\u00fcpper<\/li><\/ul>\n\n\n\n<p>Moderation (Telekom Sport): Holger Speckhahn<\/p>\n\n\n\n<hr class=\"wp-block-separator\"\/>\n\n\n\n<p><em><strong>Sonstiger Fu\u00dfball National<\/strong><\/em><\/p>\n\n\n\n<p>Montag, 07. August 2017&nbsp;<\/p>\n\n\n\n<p>Regionalliga S\u00fcdwest, 2. Spieltag:&nbsp;<em><strong>Waldhof Mannheim \u2013 SV Elversberg (20.15 Uhr)<\/strong><\/em><\/p>\n\n\n\n<ul class=\"wp-block-list\"><li>Sport1: Oliver Forster<\/li><\/ul>\n\n\n\n<p>Moderation (Sport1): Nele Schenker<\/p>\n\n\n\n<hr class=\"wp-block-separator\"\/>\n\n\n\n<p><em><strong>Frauen-Europameisterschaft, Finale<\/strong><\/em><\/p>\n\n\n\n<p>Sonntag, 06. August 2017 ab 16.30 Uhr (ZDF) bzw. 16.45 Uhr (Eurosport 2)<\/p>\n\n\n\n<p><em><strong>Niederlande \u2013 D\u00e4nemark (17.00 Uhr)<\/strong><\/em><\/p>\n\n\n\n<ul class=\"wp-block-list\"><li>ZDF: Claudia Neumann<\/li><li>Eurosport 2: Matthias Stach<\/li><\/ul>\n\n\n\n<p>Moderation (ZDF): Sven Voss<\/p>\n\n\n\n<hr class=\"wp-block-separator\"\/>\n\n\n\n<p><em><strong>Fu\u00dfball International<\/strong><\/em><\/p>\n\n\n\n<p>Freitag, 04. August 2017<\/p>\n\n\n\n<p>Sky Bet Championship, 1. Spieltag:&nbsp;<em><strong>AFC Sunderland \u2013 Derby County (20.45 Uhr)<\/strong><\/em><\/p>\n\n\n\n<ul class=\"wp-block-list\"><li>Sportdigital: Karsten Linke<\/li><\/ul>\n\n\n\n<p>Samstag, 05. August 2017<\/p>\n\n\n\n<p>Chinese Super League, 20 Spieltag:&nbsp;<em><strong>Beijing Guoan \u2013 Shandong Luneng (13.30 Uhr)<\/strong><\/em><\/p>\n\n\n\n<ul class=\"wp-block-list\"><li>Sportdigital: Karsten Linke<\/li><\/ul>\n\n\n\n<p>Scottish Premiership, 1. Spieltag:&nbsp;<em><strong>Celtic Glasgow \u2013 Heart of Midlothian (13.30 Uhr)<\/strong><\/em><\/p>\n\n\n\n<ul class=\"wp-block-list\"><li>Sport1+: ???<\/li><\/ul>\n\n\n\n<p>Sky Bet Championship, 1. Spieltag;&nbsp;<em><strong>FC Fulham \u2013 Norwich City (16.00 Uhr)<\/strong><\/em><\/p>\n\n\n\n<ul class=\"wp-block-list\"><li>Sportdigital: Marcus Radefeld<\/li><\/ul>\n\n\n\n<p>Ligue 1, 1. Spieltag:&nbsp;<em><strong>Paris Saint-Germain \u2013 Amiens SC (17.00 Uhr)<\/strong><\/em><\/p>\n\n\n\n<ul class=\"wp-block-list\"><li>Sport1+: Hajo Wolff<\/li><\/ul>\n\n\n\n<p>Sky Bet Championship, 1. Spieltag:&nbsp;<em><strong>Aston Villa \u2013 Hull City (18.30 Uhr)<\/strong><\/em><\/p>\n\n\n\n<ul class=\"wp-block-list\"><li>Sportdigital: Tino Polster<\/li><\/ul>\n\n\n\n<p>Sonntag, 06. August 2017<\/p>\n\n\n\n<p>Chinese Super League, 20 Spieltag:&nbsp;<em><strong>Shanghai SIPG FC \u2013 Tianjin Quanjian (13.30 Uhr)<\/strong><\/em><\/p>\n\n\n\n<ul class=\"wp-block-list\"><li>Sportdigital: Karsten Linke<\/li><\/ul>\n\n\n\n<p>FA Community Shield:&nbsp;<em><strong>FC Chelsea \u2013 FC Arsenal (14.45 Uhr)<\/strong><\/em><\/p>\n\n\n\n<ul class=\"wp-block-list\"><li>Eurosport 2: Marco Hagemann &amp; Lutz Pfannenstiel<\/li><\/ul>\n\n\n\n<p>Ligue 1, 1. Spieltag:&nbsp;<em><strong>OSC Lille \u2013 FC Nantes (15.00 Uhr)<\/strong><\/em><\/p>\n\n\n\n<ul class=\"wp-block-list\"><li>Sport1+: Thomas Herrmann<\/li><\/ul>\n\n\n\n<p>Sky Bet Championship, 1. Spieltag:&nbsp;<em><strong>Bolton Wanderers \u2013 Leeds United (17.30 Uhr)<\/strong><\/em><\/p>\n\n\n\n<ul class=\"wp-block-list\"><li>Sport1+: ???<\/li><\/ul>\n\n\n\n<p>Premjer Liga, 4. Spieltag:&nbsp;<em><strong>Zenit St. Petersburg \u2013 Spartak Moskau (19.00 Uhr)<\/strong><\/em><\/p>\n\n\n\n<ul class=\"wp-block-list\"><li>Sportdigital: Tino Polster<\/li><\/ul>\n\n\n\n<p>Super Liga (Serbien), 3. Spieltag:&nbsp;<em><strong>Roter Stern Belgrad \u2013 Cukaricki (20.00 Uhr)<\/strong><\/em><\/p>\n\n\n\n<ul class=\"wp-block-list\"><li>Sport1+: ???<\/li><\/ul>\n\n\n\n<p>Montag, 07. August 2017&nbsp;<\/p>\n\n\n\n<p>Major League Soccer, 23. Spieltag:&nbsp;<em><strong>New York City FC \u2013 New York Red Bulls (00.00 Uhr)<\/strong><\/em><\/p>\n\n\n\n<ul class=\"wp-block-list\"><li>Eurosport 1: Ralf Itzel<\/li><\/ul>\n\n\n\n<hr class=\"wp-block-separator\"\/>\n\n\n\n<p><em><strong>Testspiele<\/strong><\/em><\/p>\n\n\n\n<p>Samstag, 5. August 2017<\/p>\n\n\n\n<p><em><strong>RB Leipzig \u2013 Stoke City&nbsp;(16.00 Uhr)<\/strong><\/em><\/p>\n\n\n\n<ul class=\"wp-block-list\"><li>Sport1: Jochen Stutzky (Konferenz)<\/li><\/ul>\n\n\n\n<p><em><strong>Eintracht Frankfurt \u2013 Betis Sevilla (16.00 Uhr)<\/strong><\/em><\/p>\n\n\n\n<ul class=\"wp-block-list\"><li>Sport1: ??? (Konferenz)<\/li><\/ul>\n\n\n\n<p><em><strong>Werder Bremen \u2013 FC Valencia (18.00 Uhr)<\/strong><\/em><\/p>\n\n\n\n<ul class=\"wp-block-list\"><li>Sky Sport News HD: ???<\/li><\/ul>\n\n\n\n<p><em><strong>Tottenham Hotspur \u2013 Juventus Turin (18.45 Uhr)<\/strong><\/em><\/p>\n\n\n\n<ul class=\"wp-block-list\"><li>Sport1: Carsten Fu\u00df<\/li><\/ul>\n\n\n\n<p>Sonntag, 06. August 2017<\/p>\n\n\n\n<p><em><strong>VfB Stuttgart \u2013 Betis Sevilla (14.30 Uhr)<\/strong><\/em><\/p>\n\n\n\n<ul class=\"wp-block-list\"><li>Sport1: Oliver Forster<\/li><\/ul>\n\n\n\n<p><em><strong>Rot-Wei\u00df Erfurt \u2013 Borussia Dortmund (17.00 Uhr)<\/strong><\/em><\/p>\n\n\n\n<ul class=\"wp-block-list\"><li>Sky Sport News HD: ???<\/li><\/ul>\n\n\n\n<hr class=\"wp-block-separator\"\/>\n\n\n\n<p><em>Die<\/em><em>&nbsp;aufgef\u00fchrten Ansetzungen gew\u00e4hren keine Vollst\u00e4ndigkeit. Die Autoren des Kommentatorenblogs behalten es sich vor, \u00dcbertragungen zu ignorieren. Grunds\u00e4tzlich nicht aufgef\u00fchrt werden Streams bzw. Ansetzungen ausl\u00e4ndischer Sender.<\/em><\/p>\n\n\n\n<hr class=\"wp-block-separator\"\/>\n\n\n\n<p><em><strong>Die Analyse<\/strong><\/em><\/p>\n\n\n\n<p>Erster Aufschlag f\u00fcr Eurosport. Ihr Rechtepaket enth\u00e4lt also auch den Supercup. Zum ersten mal gilt also #TGIM, Thank God it\u00b4s Matchday. Eurosport schickt die gesamte Kapelle nach Dortmund, Jan Henkel und Matthias Sammer als Moderator bzw. Experte, Marco Hagemann agiert als Kommentator. Das ZDF nimmt das Spiel scheinbar nicht ganz so ernst, zumindest wenn man auf den Kommentatorenplatz schaut. Kein B\u00e9la Rethy, kein Oliver Schmidt, daf\u00fcr aber Martin Schneider. KMH und Holger Stanislawski runden das Programm ab.<\/p>\n\n\n\n<p>Erster Aufschlag auch f\u00fcr Hansi K\u00fcpper. Einer meiner absoluten Kommentatoren-Lieblinge feiert heute sein Comeback bei Sky, allerdings im eher kleinem Rahmen. Er ist in der Alten F\u00f6rsterei in Berlin, wo auch die St\u00f6rche einfliegen J\u00f6rg Dahlmann ist auch am zweitem Spieltag in Einsatz, erneut geht es f\u00fcr ihn in die Box. Moderieren wird Christina Rann, die mir am vergangenem Freitag ein wenig leid tat. Sie mit ihrer \u00fcberschaubaren K\u00f6rpergr\u00f6\u00dfe in dem gro\u00dfen, neuem, lediglich mit Podest und Pult eingerichtetem Studio, wirkte ein bisschen verloren. Klaus Veltmann ist, wie schon in der letzten Saison des \u00d6fteren, mal wieder in Kaiserslautern unterwegs. Blick auf den Samstag: Lediglich zwei Spiele, zwei unterschiedliche Ansto\u00dfzeiten, also auch keine Konferenz. J\u00fcrgen Schmitz und Torsten Kunde sind jedoch in bekannten Gefilden unterwegs. Der Sonntag: Ulli Potofski darf nach Wasserball am vergangenem Sonntag jetzt vielleicht auch Fu\u00dfball kommentieren, in Regensburg wird er sicher auch wieder seinen Spa\u00df haben. Die Sonntags-Konferenz ist mit Roland Evers und Sven Schr\u00f6ter best\u00fcckt. Am Montag trifft Dresden in hohem Norden auf St. Pauli, logischerweise ist das eine Aufgabe f\u00fcr Nordlicht Oliver Seidler.<\/p>\n\n\n\n<p>Die Dritte Liga: Benni Zander befindet sich wie bereits am zweitem Spieltag f\u00fcr Telekom Sport in Zwickau, damals war jedoch der Moderator. Diesmal sitzt er selbst auf der Trib\u00fcne. Als Moderatorin ist Stefanie Blochwitz im Einsatz. Am Freitag ist sie also in Zwickau, am Sonntag nimmt sie die gleiche Rolle in Magdeburg ein. Ansonsten sehe ich am jetzigem Spieltag keine gro\u00dfen Auff\u00e4lligkeiten.<\/p>\n\n\n\n<p>Das Finale der Frauen-EM kommt ganz ohne \u00dcberraschungen aus. Claudia Neumann \u00fcbernimmt beim ZDF, Matthias Stach bei Eurosport.<\/p>\n\n\n\n<p>In der zweiten Liga Englands wird wieder gekickt und hier in Deutschland werden gleich vier Begegnungen \u00fcbertragen. Dreimal Sportdigital, Einmal Sport1+. Bei Sportdigital d\u00fcrfen drei verschiedene Herren an die Arbeit, bei Sport 1 ist das Personal unbekannt. Auch in England wird der Supercup ausgespielt, auch hier kommentiert Marco Hagemann. Auch Lutz Pfannenstiel ist dabei.<\/p>\n\n\n\n<p>Sport1 zeigt eine Testspiel-Konferenz, ob das nun sinnvoll ist, ist die andere Frage. Ansonsten haben sie am Sonntag den VFB im Programm, Oliver Forster ist der Kommentator in Reutlingen. Tags darauf ist Forster in der Regionalliga in Mannheim im Einsatz. Auch Sky Sport News HD zeigt zwei Testspiele, aber leider ist auch hier das Personal nicht bekannt.<\/p>\n\n\n\n<p>Euch ein sch\u00f6nes Wochenende!<\/p>\n","protected":false},"excerpt":{"rendered":"<p>(Beitrag von Dennis, reposted von Nico) N\u2019Abend allerseits! Aufgrund meines gestrigen Ausflugs in Baden-W\u00fcrttembergs Landeshauptstadt mit ziemlich sp\u00e4ter Heimkehr kommt der Beitrag leider erst heute. Sorry! 222 Millionen Euro. In Worten: Zweihundertzweiundzwanzig Millionen Euro. Was f\u00fcr eine unglaubliche Summe. Soviel bezahlt&nbsp;Paris Saint-Germain&nbsp;also f\u00fcr die Verpflichtung des brasilianischen Superstars&nbsp;Neymar. Mich haut es glatt vom Hocker. Eine [&hellip;]<\/p>\n","protected":false},"author":4,"featured_media":0,"comment_status":"open","ping_status":"open","sticky":false,"template":"","format":"standard","meta":{"footnotes":""},"categories":[1],"tags":[],"class_list":["post-10018","post","type-post","status-publish","format-standard","hentry","category-uncategorized"],"_links":{"self":[{"href":"http:\/\/kommentatorenblog.de\/index.php?rest_route=\/wp\/v2\/posts\/10018","targetHints":{"allow":["GET"]}}],"collection":[{"href":"http:\/\/kommentatorenblog.de\/index.php?rest_route=\/wp\/v2\/posts"}],"about":[{"href":"http:\/\/kommentatorenblog.de\/index.php?rest_route=\/wp\/v2\/types\/post"}],"author":[{"embeddable":true,"href":"http:\/\/kommentatorenblog.de\/index.php?rest_route=\/wp\/v2\/users\/4"}],"replies":[{"embeddable":true,"href":"http:\/\/kommentatorenblog.de\/index.php?rest_route=%2Fwp%2Fv2%2Fcomments&post=10018"}],"version-history":[{"count":1,"href":"http:\/\/kommentatorenblog.de\/index.php?rest_route=\/wp\/v2\/posts\/10018\/revisions"}],"predecessor-version":[{"id":10019,"href":"http:\/\/kommentatorenblog.de\/index.php?rest_route=\/wp\/v2\/posts\/10018\/revisions\/10019"}],"wp:attachment":[{"href":"http:\/\/kommentatorenblog.de\/index.php?rest_route=%2Fwp%2Fv2%2Fmedia&parent=10018"}],"wp:term":[{"taxonomy":"category","embeddable":true,"href":"http:\/\/kommentatorenblog.de\/index.php?rest_route=%2Fwp%2Fv2%2Fcategories&post=10018"},{"taxonomy":"post_tag","embeddable":true,"href":"http:\/\/kommentatorenblog.de\/index.php?rest_route=%2Fwp%2Fv2%2Ftags&post=10018"}],"curies":[{"name":"wp","href":"https:\/\/api.w.org\/{rel}","templated":true}]}}