{"id":10118,"date":"2021-08-16T18:18:07","date_gmt":"2021-08-16T16:18:07","guid":{"rendered":"http:\/\/kommentatorenblog.de\/?p=10118"},"modified":"2021-08-25T16:51:43","modified_gmt":"2021-08-25T14:51:43","slug":"1189-ueberall-debuetantenball","status":"publish","type":"post","link":"http:\/\/kommentatorenblog.de\/?p=10118","title":{"rendered":"1189 \u2013 \u00dcberall Deb\u00fctantenball"},"content":{"rendered":"\n<p>N\u2019Abend allerseits,<\/p>\n\n\n\n<p>der erste Spieltag der Fu\u00dfball-Bundesliga ist rum. H\u00e4ngen geblieben ist bei mir die unterhaltsame Konferenz am Samstag. Ohnehin sch\u00e4tze ich die Tage sehr, an denen f\u00fcnf Spiele gleichzeitig stattfinden. Aber auch der Auftakt zwischen M\u00f6nchengladbach und Bayern war nat\u00fcrlich einem Er\u00f6ffnungsspiel w\u00fcrdig. Die Schiedsrichter-Leistung in der letzten Viertelstunde lasse ich da mal au\u00dfen vor. Vielleicht wird es f\u00fcr die M\u00fcnchner in diesem Jahr ja ausnahmsweise wirklich mal kein Spaziergang. Ich w\u00fcrde es mir jedenfalls w\u00fcnschen.<\/p>\n\n\n\n<p><strong>Die Eisernen starten in der Conference League<\/strong><\/p>\n\n\n\n<p>Dass die Fu\u00dfball-Saison jetzt so richtig ins Rollen kommt, sehen wir in den kommenden Tagen. Die Qualifikationsspiele der internationalen Vereinswettbewerbe gehen in die n\u00e4chste Runde. Im Vorlauf der Champions League und Europa League sind vorerst noch keine deutschen Vereine gefordert. Doch am Donnerstag will Union Berlin der Conference League n\u00e4her r\u00fccken. Aktuellen Recherchen zufolge wird die Quali-Partie gegen den finnischen Klub Kuopion PS tats\u00e4chlich nicht im deutschen TV \u00fcbertragen. RTL, das die Rechte besitzt, wird lediglich das R\u00fcckspiel zeigen, welches am 26. August ausgetragen wird. Es ist die Premiere des Wettbewerbs, doch l\u00e4ngst nicht das einzige Deb\u00fct in diesem Blog-Eintrag.<\/p>\n\n\n\n<p><strong>Prime Video deb\u00fctiert in CL-Quali<\/strong><\/p>\n\n\n\n<p>Denn zum ersten Mal \u00fcberhaupt berichtet Prime Video am Dienstag von der Champions League. Die Playoffs-Partie zwischen Shakhtar Donetsk und dem AS Monaco macht den Anfang. Mit dabei ist als Experte Mario Gomez. Wie Prime Video inzwischen bekanntgegeben hat, ist Gomez nicht einzige Experte. Mit Patrick Owomoyela steht ein weiterer Mann bereit.<\/p>\n\n\n\n<p><strong>Neue Gesichter f\u00fcr DFL-Supercup<\/strong><\/p>\n\n\n\n<p>Schon morgen erwartet uns der Supercup, der ebenfalls eine Neuerung bereith\u00e4lt. Denn anders als in den vergangenen Jahren berichten nicht die \u00d6ffentlich Rechtlichen und DAZN, sondern Sat.1 und Sky. Das Personal \u00fcberrascht in beiden F\u00e4llen kaum, alles Weitere findet ihr in den Ansetzungen.&nbsp;<\/p>\n\n\n\n<p><strong><em>Die Ansetzungen vom 17. August bis zum 19. August 2021<\/em><\/strong><\/p>\n\n\n\n<p><strong>DFL-Supercup<\/strong><\/p>\n\n\n\n<p><span style=\"text-decoration: underline;\">Dienstag, 17. August 2021,<span style=\"text-decoration: underline;\">  ab 20.05 Uhr (SAT.1) bzw. ab 20.00 Uhr (Sky)<\/span><\/span><\/p>\n\n\n\n<p><strong><em>Borussia Dortmund \u2013 FC Bayern M\u00fcnchen (20.30 Uhr)<\/em><\/strong><\/p>\n\n\n\n<p>SAT.1: <img loading=\"lazy\" decoding=\"async\" width=\"10\" height=\"21\" class=\"wp-image-3656\" style=\"width: 10px;\" src=\"http:\/\/kommentatorenblog.de\/wp-content\/uploads\/2020\/09\/shure-55sh-ii-e1601485394796.jpg\" alt=\"\" srcset=\"http:\/\/kommentatorenblog.de\/wp-content\/uploads\/2020\/09\/shure-55sh-ii-e1601485394796.jpg 415w, http:\/\/kommentatorenblog.de\/wp-content\/uploads\/2020\/09\/shure-55sh-ii-e1601485394796-142x300.jpg 142w\" sizes=\"auto, (max-width: 10px) 100vw, 10px\" \/> Wolff Fuss, Field-Reporter: Andrea Kaiser, Matthias Killing<\/p>\n\n\n\n<p>Sky: <img loading=\"lazy\" decoding=\"async\" width=\"10\" height=\"21\" class=\"wp-image-3656\" style=\"width: 10px;\" src=\"http:\/\/kommentatorenblog.de\/wp-content\/uploads\/2020\/09\/shure-55sh-ii-e1601485394796.jpg\" alt=\"\" srcset=\"http:\/\/kommentatorenblog.de\/wp-content\/uploads\/2020\/09\/shure-55sh-ii-e1601485394796.jpg 415w, http:\/\/kommentatorenblog.de\/wp-content\/uploads\/2020\/09\/shure-55sh-ii-e1601485394796-142x300.jpg 142w\" sizes=\"auto, (max-width: 10px) 100vw, 10px\" \/> Martin Gro\u00df, Field-Reporter: Marcus Lindemann<\/p>\n\n\n\n<p>Moderation (SAT.1): Matthias Opdenh\u00f6vel, Experten: Markus Babbel, Werner Hansch<\/p>\n\n\n\n<p>Moderation (Sky): Michael Leopold<\/p>\n\n\n\n<hr class=\"wp-block-separator\"\/>\n\n\n\n<p><strong>3. Liga, 1. Spieltag, Nachholspiel<\/strong><\/p>\n\n\n\n<p><span style=\"text-decoration: underline;\">Mittwoch, 18. August 2021, ab 18.30 Uhr (Magenta Sport)<\/span><\/p>\n\n\n\n<p><strong><em>VfL Osnabr\u00fcck \u2013 MSV Duisburg (19.00 Uhr)<\/em><\/strong><\/p>\n\n\n\n<p><img loading=\"lazy\" decoding=\"async\" width=\"10\" height=\"21\" class=\"wp-image-3656\" style=\"width: 10px;\" src=\"http:\/\/kommentatorenblog.de\/wp-content\/uploads\/2020\/09\/shure-55sh-ii-e1601485394796.jpg\" alt=\"\" srcset=\"http:\/\/kommentatorenblog.de\/wp-content\/uploads\/2020\/09\/shure-55sh-ii-e1601485394796.jpg 415w, http:\/\/kommentatorenblog.de\/wp-content\/uploads\/2020\/09\/shure-55sh-ii-e1601485394796-142x300.jpg 142w\" sizes=\"auto, (max-width: 10px) 100vw, 10px\" \/> Christian Stra\u00dfburger<\/p>\n\n\n\n<p>Moderation: Thomas Wagner, Experte: Rudi Bommer<\/p>\n\n\n\n<hr class=\"wp-block-separator\"\/>\n\n\n\n<p><strong>Champions League Qualifikation, Playoffs<\/strong><\/p>\n\n\n\n<p><span style=\"text-decoration: underline;\">Dienstag, 17. August 2021, ab 20.30 Uhr (PrimeVideo)<\/span><\/p>\n\n\n\n<p><strong><em>FC Shakhtar Donetsk <meta charset=\"utf-8\">\u2013 AS Monaco (21.00 Uhr)<\/em><\/strong><\/p>\n\n\n\n<p><img loading=\"lazy\" decoding=\"async\" width=\"10\" height=\"21\" class=\"wp-image-3656\" style=\"width: 10px;\" src=\"http:\/\/kommentatorenblog.de\/wp-content\/uploads\/2020\/09\/shure-55sh-ii-e1601485394796.jpg\" alt=\"\" srcset=\"http:\/\/kommentatorenblog.de\/wp-content\/uploads\/2020\/09\/shure-55sh-ii-e1601485394796.jpg 415w, http:\/\/kommentatorenblog.de\/wp-content\/uploads\/2020\/09\/shure-55sh-ii-e1601485394796-142x300.jpg 142w\" sizes=\"auto, (max-width: 10px) 100vw, 10px\" \/> Jonas Friedrich, Co-Kommentator: Benedikt H\u00f6wedes, Field-Reporterin: Shary Reeves<\/p>\n\n\n\n<p>Moderation: Sebastian Hellmann, Experten: Mario Gomez, Patrick Owomoyela, Schiedsrichter-Experte: Wolfgang Stark<\/p>\n\n\n\n<p><meta charset=\"utf-8\"><span style=\"text-decoration: underline;\">Dienstag, 17. August 2021, ab 20.55 Uhr (DAZN)<\/span><\/p>\n\n\n\n<p><strong><em>FC Salzburg \u2013 Br\u00f6ndby IF (21.00 Uhr)<\/em><\/strong><\/p>\n\n\n\n<p><img loading=\"lazy\" decoding=\"async\" width=\"10\" height=\"21\" class=\"wp-image-3656\" style=\"width: 10px;\" src=\"http:\/\/kommentatorenblog.de\/wp-content\/uploads\/2020\/09\/shure-55sh-ii-e1601485394796.jpg\" alt=\"\" srcset=\"http:\/\/kommentatorenblog.de\/wp-content\/uploads\/2020\/09\/shure-55sh-ii-e1601485394796.jpg 415w, http:\/\/kommentatorenblog.de\/wp-content\/uploads\/2020\/09\/shure-55sh-ii-e1601485394796-142x300.jpg 142w\" sizes=\"auto, (max-width: 10px) 100vw, 10px\" \/> Jan Platte, Experte: Sebastian Knei\u00dfl<\/p>\n\n\n\n<p><strong><em>Sheriff Tiraspol <meta charset=\"utf-8\"><strong><em>\u2013<\/em><\/strong><\/em><\/strong> <strong><em>Dinamo Zagreb (21.00 Uhr)<\/em><\/strong><\/p>\n\n\n\n<p><img loading=\"lazy\" decoding=\"async\" width=\"10\" height=\"21\" class=\"wp-image-3656\" style=\"width: 10px;\" src=\"http:\/\/kommentatorenblog.de\/wp-content\/uploads\/2020\/09\/shure-55sh-ii-e1601485394796.jpg\" alt=\"\" srcset=\"http:\/\/kommentatorenblog.de\/wp-content\/uploads\/2020\/09\/shure-55sh-ii-e1601485394796.jpg 415w, http:\/\/kommentatorenblog.de\/wp-content\/uploads\/2020\/09\/shure-55sh-ii-e1601485394796-142x300.jpg 142w\" sizes=\"auto, (max-width: 10px) 100vw, 10px\" \/> Max Gross<\/p>\n\n\n\n<p><span style=\"text-decoration: underline;\">Mittwoch, 18. August 2021, ab 20.55 Uhr (DAZN)<\/span><\/p>\n\n\n\n<p><strong><em>Young Boys <meta charset=\"utf-8\"><strong><em>\u2013<\/em><\/strong><\/em><\/strong> <strong><em>Ferencvaros (21.00 Uhr)<\/em><\/strong><\/p>\n\n\n\n<p><img loading=\"lazy\" decoding=\"async\" width=\"10\" height=\"21\" class=\"wp-image-3656\" style=\"width: 10px;\" src=\"http:\/\/kommentatorenblog.de\/wp-content\/uploads\/2020\/09\/shure-55sh-ii-e1601485394796.jpg\" alt=\"\" srcset=\"http:\/\/kommentatorenblog.de\/wp-content\/uploads\/2020\/09\/shure-55sh-ii-e1601485394796.jpg 415w, http:\/\/kommentatorenblog.de\/wp-content\/uploads\/2020\/09\/shure-55sh-ii-e1601485394796-142x300.jpg 142w\" sizes=\"auto, (max-width: 10px) 100vw, 10px\" \/> Freddy Harder<\/p>\n\n\n\n<p><strong><em>Malm\u00f6 FF <meta charset=\"utf-8\"><strong><em><strong><em>\u2013<\/em><\/strong><\/em><\/strong><\/em><\/strong> <strong><em>Ludogorez Rasgrad (21.00 Uhr)<\/em><\/strong><\/p>\n\n\n\n<p><img loading=\"lazy\" decoding=\"async\" width=\"10\" height=\"21\" class=\"wp-image-3656\" style=\"width: 10px;\" src=\"http:\/\/kommentatorenblog.de\/wp-content\/uploads\/2020\/09\/shure-55sh-ii-e1601485394796.jpg\" alt=\"\" srcset=\"http:\/\/kommentatorenblog.de\/wp-content\/uploads\/2020\/09\/shure-55sh-ii-e1601485394796.jpg 415w, http:\/\/kommentatorenblog.de\/wp-content\/uploads\/2020\/09\/shure-55sh-ii-e1601485394796-142x300.jpg 142w\" sizes=\"auto, (max-width: 10px) 100vw, 10px\" \/> Mario Rieker<\/p>\n\n\n\n<p><strong><em>Benfica Lissabon <strong><em><strong><em>\u2013<\/em><\/strong><\/em><\/strong><\/em><\/strong> <strong><em>PSV Eindhoven (21.00 Uhr)<\/em><\/strong><\/p>\n\n\n\n<p><img loading=\"lazy\" decoding=\"async\" width=\"10\" height=\"21\" class=\"wp-image-3656\" style=\"width: 10px;\" src=\"http:\/\/kommentatorenblog.de\/wp-content\/uploads\/2020\/09\/shure-55sh-ii-e1601485394796.jpg\" alt=\"\" srcset=\"http:\/\/kommentatorenblog.de\/wp-content\/uploads\/2020\/09\/shure-55sh-ii-e1601485394796.jpg 415w, http:\/\/kommentatorenblog.de\/wp-content\/uploads\/2020\/09\/shure-55sh-ii-e1601485394796-142x300.jpg 142w\" sizes=\"auto, (max-width: 10px) 100vw, 10px\" \/> Max Siebald<\/p>\n\n\n\n<hr class=\"wp-block-separator\"\/>\n\n\n\n<p><strong>Internationaler Fu\u00dfball (Sport1+)<\/strong><\/p>\n\n\n\n<p><meta charset=\"utf-8\"><span style=\"text-decoration: underline;\">Dienstag, 17. August 2021<\/span><\/p>\n\n\n\n<p>Copa Sudamericana, <meta charset=\"utf-8\">Viertelfinale, R\u00fcckspiel: <meta charset=\"utf-8\"><strong><em>Red Bull Bragantino <meta charset=\"utf-8\">\u2013 Rosario Central (0.10 Uhr)<\/em><\/strong><\/p>\n\n\n\n<p><img loading=\"lazy\" decoding=\"async\" width=\"10\" height=\"21\" class=\"wp-image-3656\" style=\"width: 10px;\" src=\"http:\/\/kommentatorenblog.de\/wp-content\/uploads\/2020\/09\/shure-55sh-ii-e1601485394796.jpg\" alt=\"\" srcset=\"http:\/\/kommentatorenblog.de\/wp-content\/uploads\/2020\/09\/shure-55sh-ii-e1601485394796.jpg 415w, http:\/\/kommentatorenblog.de\/wp-content\/uploads\/2020\/09\/shure-55sh-ii-e1601485394796-142x300.jpg 142w\" sizes=\"auto, (max-width: 10px) 100vw, 10px\" \/> Marcus Radefeld<\/p>\n\n\n\n<p><meta charset=\"utf-8\"><meta charset=\"utf-8\">Copa <meta charset=\"utf-8\">Libertadores, Viertelfinale, R\u00fcckspiel: <strong><em>Palmeiras S\u00e3o Paulo <meta charset=\"utf-8\">\u2013 FC S\u00e3o Paulo (2.25 Uhr)<\/em><\/strong><\/p>\n\n\n\n<p><img loading=\"lazy\" decoding=\"async\" width=\"10\" height=\"21\" class=\"wp-image-3656\" style=\"width: 10px;\" src=\"http:\/\/kommentatorenblog.de\/wp-content\/uploads\/2020\/09\/shure-55sh-ii-e1601485394796.jpg\" alt=\"\" srcset=\"http:\/\/kommentatorenblog.de\/wp-content\/uploads\/2020\/09\/shure-55sh-ii-e1601485394796.jpg 415w, http:\/\/kommentatorenblog.de\/wp-content\/uploads\/2020\/09\/shure-55sh-ii-e1601485394796-142x300.jpg 142w\" sizes=\"auto, (max-width: 10px) 100vw, 10px\" \/> Tobi Fischbeck<\/p>\n\n\n\n<p><meta charset=\"utf-8\"><span style=\"text-decoration: underline;\">Mittwoch, 18. August 2021<\/span><\/p>\n\n\n\n<p><meta charset=\"utf-8\">Copa Libertadores, <meta charset=\"utf-8\">Viertelfinale, R\u00fcckspiel: <strong><em>Flamengo Rio de Janeiro <meta charset=\"utf-8\">\u2013 Club Olimpia (0.10 Uhr)<\/em><\/strong><\/p>\n\n\n\n<p><img loading=\"lazy\" decoding=\"async\" width=\"10\" height=\"21\" class=\"wp-image-3656\" style=\"width: 10px;\" src=\"http:\/\/kommentatorenblog.de\/wp-content\/uploads\/2020\/09\/shure-55sh-ii-e1601485394796.jpg\" alt=\"\" srcset=\"http:\/\/kommentatorenblog.de\/wp-content\/uploads\/2020\/09\/shure-55sh-ii-e1601485394796.jpg 415w, http:\/\/kommentatorenblog.de\/wp-content\/uploads\/2020\/09\/shure-55sh-ii-e1601485394796-142x300.jpg 142w\" sizes=\"auto, (max-width: 10px) 100vw, 10px\" \/> Christoph Fetzer<\/p>\n\n\n\n<p>Copa Libertadores, <meta charset=\"utf-8\">Viertelfinale, R\u00fcckspiel: <strong><em>Atl\u00e9tico Mineiro <meta charset=\"utf-8\">\u2013 CA River Plate (2.25 Uhr)<\/em><\/strong><\/p>\n\n\n\n<p><img loading=\"lazy\" decoding=\"async\" width=\"10\" height=\"21\" class=\"wp-image-3656\" style=\"width: 10px;\" src=\"http:\/\/kommentatorenblog.de\/wp-content\/uploads\/2020\/09\/shure-55sh-ii-e1601485394796.jpg\" alt=\"\" srcset=\"http:\/\/kommentatorenblog.de\/wp-content\/uploads\/2020\/09\/shure-55sh-ii-e1601485394796.jpg 415w, http:\/\/kommentatorenblog.de\/wp-content\/uploads\/2020\/09\/shure-55sh-ii-e1601485394796-142x300.jpg 142w\" sizes=\"auto, (max-width: 10px) 100vw, 10px\" \/> Marcus Radefeld<\/p>\n\n\n\n<p><meta charset=\"utf-8\"><span style=\"text-decoration: underline;\">Donnerstag, 19. August 2021<\/span><\/p>\n\n\n\n<p>Copa Sudamericana, <meta charset=\"utf-8\">Viertelfinale, R\u00fcckspiel: <strong><em>Club Athletico Paranaense <meta charset=\"utf-8\">\u2013 LDU Quito (0.10 Uhr)<\/em><\/strong><\/p>\n\n\n\n<p><img loading=\"lazy\" decoding=\"async\" width=\"10\" height=\"21\" class=\"wp-image-3656\" style=\"width: 10px;\" src=\"http:\/\/kommentatorenblog.de\/wp-content\/uploads\/2020\/09\/shure-55sh-ii-e1601485394796.jpg\" alt=\"\" srcset=\"http:\/\/kommentatorenblog.de\/wp-content\/uploads\/2020\/09\/shure-55sh-ii-e1601485394796.jpg 415w, http:\/\/kommentatorenblog.de\/wp-content\/uploads\/2020\/09\/shure-55sh-ii-e1601485394796-142x300.jpg 142w\" sizes=\"auto, (max-width: 10px) 100vw, 10px\" \/> Christoph Fetzer<\/p>\n\n\n\n<p>Copa Libertadores, <meta charset=\"utf-8\">Viertelfinale, R\u00fcckspiel: <strong><em>Barcelona Sporting Club <meta charset=\"utf-8\">\u2013 Fluminense FC (2.25 Uhr)<\/em><\/strong><\/p>\n\n\n\n<p><img loading=\"lazy\" decoding=\"async\" width=\"10\" height=\"21\" class=\"wp-image-3656\" style=\"width: 10px;\" src=\"http:\/\/kommentatorenblog.de\/wp-content\/uploads\/2020\/09\/shure-55sh-ii-e1601485394796.jpg\" alt=\"\" srcset=\"http:\/\/kommentatorenblog.de\/wp-content\/uploads\/2020\/09\/shure-55sh-ii-e1601485394796.jpg 415w, http:\/\/kommentatorenblog.de\/wp-content\/uploads\/2020\/09\/shure-55sh-ii-e1601485394796-142x300.jpg 142w\" sizes=\"auto, (max-width: 10px) 100vw, 10px\" \/> Tobi Fischbeck<\/p>\n\n\n\n<hr class=\"wp-block-separator\"\/>\n\n\n\n<p><meta charset=\"utf-8\"><strong>Internationaler Fu\u00dfball (Sportdigital.FUSSBALL)<\/strong><\/p>\n\n\n\n<p><span style=\"text-decoration: underline;\">Mittwoch, 18. August 2021<\/span><\/p>\n\n\n\n<p>AFC Cup, 1. Spieltag, Gruppenphase: <strong><em>ATK Mohun Bagan FC <meta charset=\"utf-8\">\u2013 Bengaluru FC (13.00 Uhr)<\/em><\/strong><\/p>\n\n\n\n<p><img loading=\"lazy\" decoding=\"async\" width=\"10\" height=\"21\" class=\"wp-image-3656\" style=\"width: 10px;\" src=\"http:\/\/kommentatorenblog.de\/wp-content\/uploads\/2020\/09\/shure-55sh-ii-e1601485394796.jpg\" alt=\"\" srcset=\"http:\/\/kommentatorenblog.de\/wp-content\/uploads\/2020\/09\/shure-55sh-ii-e1601485394796.jpg 415w, http:\/\/kommentatorenblog.de\/wp-content\/uploads\/2020\/09\/shure-55sh-ii-e1601485394796-142x300.jpg 142w\" sizes=\"auto, (max-width: 10px) 100vw, 10px\" \/> Henri Briese<\/p>\n\n\n\n<p><meta charset=\"utf-8\">AFC Cup, 1. Spieltag, Gruppenphase: <strong><em>Bashundhara Kings <meta charset=\"utf-8\">\u2013 Maziya Sports and Recreation (18.00 Uhr)<\/em><\/strong><\/p>\n\n\n\n<p><img loading=\"lazy\" decoding=\"async\" width=\"10\" height=\"21\" class=\"wp-image-3656\" style=\"width: 10px;\" src=\"http:\/\/kommentatorenblog.de\/wp-content\/uploads\/2020\/09\/shure-55sh-ii-e1601485394796.jpg\" alt=\"\" srcset=\"http:\/\/kommentatorenblog.de\/wp-content\/uploads\/2020\/09\/shure-55sh-ii-e1601485394796.jpg 415w, http:\/\/kommentatorenblog.de\/wp-content\/uploads\/2020\/09\/shure-55sh-ii-e1601485394796-142x300.jpg 142w\" sizes=\"auto, (max-width: 10px) 100vw, 10px\" \/> Henri Briese<\/p>\n\n\n\n<p><span style=\"text-decoration: underline;\">Donnerstag, 19. August 2021<\/span><\/p>\n\n\n\n<p><meta charset=\"utf-8\">Copa Libertadores, Viertelfinale, R\u00fcckspiel: <strong><em>Flamengo <meta charset=\"utf-8\">\u2013 Olimpia (0.15 Uhr)<\/em><\/strong><\/p>\n\n\n\n<p><meta charset=\"utf-8\"><img loading=\"lazy\" decoding=\"async\" width=\"10\" height=\"21\" class=\"wp-image-3656\" style=\"width: 10px;\" src=\"http:\/\/kommentatorenblog.de\/wp-content\/uploads\/2020\/09\/shure-55sh-ii-e1601485394796.jpg\" alt=\"\" srcset=\"http:\/\/kommentatorenblog.de\/wp-content\/uploads\/2020\/09\/shure-55sh-ii-e1601485394796.jpg 415w, http:\/\/kommentatorenblog.de\/wp-content\/uploads\/2020\/09\/shure-55sh-ii-e1601485394796-142x300.jpg 142w\" sizes=\"auto, (max-width: 10px) 100vw, 10px\" \/> Arne Malsch<\/p>\n\n\n\n<p><meta charset=\"utf-8\">Copa Libertadores, Viertelfinale, R\u00fcckspiel: <strong><em>Atletico Mineiro <meta charset=\"utf-8\">\u2013 River Plate (2.30 Uhr)<\/em><\/strong><\/p>\n\n\n\n<p><meta charset=\"utf-8\"><img loading=\"lazy\" decoding=\"async\" width=\"10\" height=\"21\" class=\"wp-image-3656\" style=\"width: 10px;\" src=\"http:\/\/kommentatorenblog.de\/wp-content\/uploads\/2020\/09\/shure-55sh-ii-e1601485394796.jpg\" alt=\"\" srcset=\"http:\/\/kommentatorenblog.de\/wp-content\/uploads\/2020\/09\/shure-55sh-ii-e1601485394796.jpg 415w, http:\/\/kommentatorenblog.de\/wp-content\/uploads\/2020\/09\/shure-55sh-ii-e1601485394796-142x300.jpg 142w\" sizes=\"auto, (max-width: 10px) 100vw, 10px\" \/> Ulf Kahmke<\/p>\n\n\n\n<hr class=\"wp-block-separator\"\/>\n\n\n\n<p><strong>Die Analyse<\/strong><\/p>\n\n\n\n<p>Am Dienstag habt ihr die Qual der Wahl. Den DFL-Supercup gibt es sowohl bei Sat. 1 als auch bei Sky zu sehen. F\u00fcr SAT.1 kommentiert wenig \u00fcberraschend Wolff Fuss. Matthias Opdenh\u00f6vel f\u00fchrt durch die Sendung. An seiner Seite ist als Experte nicht nur Markus Babbel. Stattdessen d\u00fcrfen wir uns auch auf Reporter-Legende Werner Hansch freuen. F\u00fcr Sky berichtet Martin Gro\u00df, Marcus Lindemann geht in Dortmund auf Stimmenfang.<\/p>\n\n\n\n<p><strong>Nachholspiel in der 3. Liga<\/strong><\/p>\n\n\n\n<p>Bevor wir in internationale Gefilde springen, bleibt uns noch ein Nachholspiel aus der 3. Liga. Die Partie zwischen Osnabr\u00fcck und Duisburg ist bekanntlich ausgefallen, nachdem drei Spieler des MSV positiv auf Corona getestet wurden &#8211; das alte Lied. Nachgeholt wird das Duell der Traditionsklubs am Mittwochabend, Magenta Sport ist in Person von Christian Stra\u00dfburger mit von der Partie. Thomas Wagner und Rudi Bommer liefern die Rundum-Berichterstattung.<\/p>\n\n\n\n<p><strong>Gesichter bekannt, Sender noch ungewohnt<\/strong><\/p>\n\n\n\n<p>In der Champions League Qualifikation &#8211; ich hatte es angesprochen &#8211; zeigt Prime Video Shakhtar Donetsk gegen den AS Monaco. Das Personal kennen wir, nur eben noch nicht im Dienste des neuen CL-Senders. Jonas Friedrich meldet sich vom Mikrofon und hat Benedikt H\u00f6wedes an seiner Seite. Moderieren wird kein Geringerer als Sebastian Hellmann. Als Experte fungiert Mario Gomez. Die \u00fcbrigen Partien der CL-Quali stammen aus der DAZN-Box. Jan Platte ist gemeinsam mit Sebastian Knei\u00dfl bei Salzburg gegen Br\u00f6ndby zu h\u00f6ren. Das auf dem Papier prominenteste Duell zwischen Benfica Lissabon und PSV Eindhoven bekommt Max Siebald.<\/p>\n\n\n\n<p><strong>Deb\u00fct auch bei Sportdigital.FUSSBALL?<\/strong><\/p>\n\n\n\n<p>Wie immer rollt der Ball auch fernab Europas. Sowohl Sport1+ als auch Sportdigital.FUSSBALL haben etwa Viertelfinal-R\u00fcckspiele der Copa Libertadores im Programm. Besonders springt mir das S\u00e3o-Paulo-Derby ins Auge, das Tobi Fischbeck kommentieren wird. In den Ansetzungen von Sportdigital.FUSSBALL taucht zudem Henri Briese auf. Sein Name ist mir bis dato noch nicht untergekommen. Er verarztet den AFC Cup und passt wom\u00f6glich bestens ins Bild des Deb\u00fctantenballs.<\/p>\n\n\n\n<p>In diesem Sinne, euch eine sch\u00f6ne Fu\u00dfball-Woche!<\/p>\n","protected":false},"excerpt":{"rendered":"<p>N\u2019Abend allerseits, der erste Spieltag der Fu\u00dfball-Bundesliga ist rum. H\u00e4ngen geblieben ist bei mir die unterhaltsame Konferenz am Samstag. Ohnehin sch\u00e4tze ich die Tage sehr, an denen f\u00fcnf Spiele gleichzeitig stattfinden. Aber auch der Auftakt zwischen M\u00f6nchengladbach und Bayern war nat\u00fcrlich einem Er\u00f6ffnungsspiel w\u00fcrdig. Die Schiedsrichter-Leistung in der letzten Viertelstunde lasse ich da mal au\u00dfen [&hellip;]<\/p>\n","protected":false},"author":2,"featured_media":0,"comment_status":"open","ping_status":"open","sticky":false,"template":"","format":"standard","meta":{"footnotes":""},"categories":[425],"tags":[10,590,337,124,35,181,13,348,591,48,69,9,112,521,587,95,101,279,88,588,290,233,306,98,222,22,434,134,33,152,261,107],"class_list":["post-10118","post","type-post","status-publish","format-standard","hentry","category-champions-league-und-co","tag-3-liga","tag-afc-cup","tag-benedikt-hoewedes","tag-champions-league-qualifikation","tag-christian-strassburger","tag-copa-libertadores","tag-dazn","tag-dfl-supercup","tag-henri-briese","tag-jan-platte","tag-jonas-friedrich","tag-magenta-sport","tag-marcus-lindemann","tag-mario-gomez","tag-markus-babbel","tag-martin-gross","tag-matthias-opdenhoevel","tag-max-siebald","tag-michael-leopold","tag-patrick-owomoyela","tag-primevideo","tag-rudi-bommer","tag-sat-1","tag-sebastian-hellmann","tag-sebastian-kneissl","tag-sky","tag-sport1-2","tag-sportdigital-fussball","tag-thomas-wagner","tag-tobi-fischbeck","tag-werner-hansch","tag-wolff-fuss"],"_links":{"self":[{"href":"http:\/\/kommentatorenblog.de\/index.php?rest_route=\/wp\/v2\/posts\/10118","targetHints":{"allow":["GET"]}}],"collection":[{"href":"http:\/\/kommentatorenblog.de\/index.php?rest_route=\/wp\/v2\/posts"}],"about":[{"href":"http:\/\/kommentatorenblog.de\/index.php?rest_route=\/wp\/v2\/types\/post"}],"author":[{"embeddable":true,"href":"http:\/\/kommentatorenblog.de\/index.php?rest_route=\/wp\/v2\/users\/2"}],"replies":[{"embeddable":true,"href":"http:\/\/kommentatorenblog.de\/index.php?rest_route=%2Fwp%2Fv2%2Fcomments&post=10118"}],"version-history":[{"count":14,"href":"http:\/\/kommentatorenblog.de\/index.php?rest_route=\/wp\/v2\/posts\/10118\/revisions"}],"predecessor-version":[{"id":10197,"href":"http:\/\/kommentatorenblog.de\/index.php?rest_route=\/wp\/v2\/posts\/10118\/revisions\/10197"}],"wp:attachment":[{"href":"http:\/\/kommentatorenblog.de\/index.php?rest_route=%2Fwp%2Fv2%2Fmedia&parent=10118"}],"wp:term":[{"taxonomy":"category","embeddable":true,"href":"http:\/\/kommentatorenblog.de\/index.php?rest_route=%2Fwp%2Fv2%2Fcategories&post=10118"},{"taxonomy":"post_tag","embeddable":true,"href":"http:\/\/kommentatorenblog.de\/index.php?rest_route=%2Fwp%2Fv2%2Ftags&post=10118"}],"curies":[{"name":"wp","href":"https:\/\/api.w.org\/{rel}","templated":true}]}}