{"id":10125,"date":"2021-08-19T21:31:59","date_gmt":"2021-08-19T19:31:59","guid":{"rendered":"http:\/\/kommentatorenblog.de\/?p=10125"},"modified":"2021-08-22T06:52:40","modified_gmt":"2021-08-22T04:52:40","slug":"1190-bundesliga-die-zweite","status":"publish","type":"post","link":"http:\/\/kommentatorenblog.de\/?p=10125","title":{"rendered":"1190 \u2013 Bundesliga die zweite!"},"content":{"rendered":"\n<p>N\u2019Abend allerseits,<\/p>\n\n\n\n<p>Heute verzichte ich mal auf ein gro\u00dfes Vorwort. Viel zu bequatschen gibt es ja eigentlich nicht wirklich. Deshalb folgt nur ein kurzer Kommentar zu den anstehenden Partien am 2. Spieltag der Fu\u00dfball Bundesliga. Eure Tipps und weitere Anregungen gerne in die Kommentare! \ud83d\ude42 <\/p>\n\n\n\n<p><strong><em>RB Leipzig \u2013 VfB Stuttgart: <\/em><\/strong>Erstes US-Duell an der Seitenlinie:&nbsp;Beim Freitagabendspiel zwischen RB Leipzig und dem VfB Stuttgart&nbsp;kommt es erstmals \u00fcberhaupt in der Bundesliga zu einem Duell, in dem mit Jesse Marsch f\u00fcr RBL und Pellegrino Matarazzo zwei US-amerikanische Trainer gegeneinander antreten. Die Hausherren werden gewarnt sein, denn mit den Schwaben kommt nach dem 5:1 gegen F\u00fcrth&nbsp;ein formstarkes Team nach Leipzig.<\/p>\n\n\n\n<p><strong><em>Eintracht Frankfurt <strong><em><strong><em>\u2013 <\/em><\/strong><\/em><\/strong>FC Augsburg<\/em><\/strong>: Die letzten Duelle sprechen f\u00fcr die SGE:&nbsp;Die letzten drei Aufeinandertreffen zwischen Frankfurt und Augsburg gingen an die Hessen, die dabei jeweils ohne Gegentor blieben (5:0, 2:0, 2:0). SGE-Coach Oliver Glasner ist in der Bundesliga gegen die Fuggerst\u00e4dter noch ungeschlagen. FCA-Trainer Markus Weinzierl verlor seine letzten vier Duelle gegen die Eintracht. Beide Teams werden sich nach Niederlagen gegen Dortmund (2:5) und Hoffenheim (0:4) allerdings steigern m\u00fcssen.<\/p>\n\n\n\n<p><strong><em>SC Freiburg <strong><em><strong><em>\u2013<\/em><\/strong><\/em><\/strong><\/em><\/strong> <strong><em>Borussia Dortmund:<\/em><\/strong> Rose will mit Super-St\u00fcrmer Haaland endlich in Freiburg gewinnen:&nbsp;Das Deb\u00fct als neuer Trainer von Borussia Dortmund&nbsp;ist f\u00fcr Marco Rose mit dem 5:2 gegen Frankfurt schon mal gelungen. Nun geht es nach Freiburg, wo er in den vergangenen zwei Jahren als Gladbach-Coach noch keinen Sieg einfahren konnte. Mit den Schwarz-Gelben soll sich das \u00e4ndern. Seine norwegische Tormaschine Erling Haaland&nbsp;wird ihm vermutlich dabei helfen. Der Mittelst\u00fcrmer f\u00fchrt mit zwei Toren und drei Vorlagen nicht nur die Scorer-Liste, sondern erstmals in seiner Bundesliga-Karriere auch die Torsch\u00fctzenliste an.<\/p>\n\n\n\n<p><strong><em>Hertha BSC <strong><em><strong><em>\u2013<\/em><\/strong><\/em><\/strong> VfL Wolfsburg<\/em><\/strong>: Hertha liegt den W\u00f6lfen:&nbsp;Der VfL Wolfsburg&nbsp;verlor nur eines der vergangenen acht Bundesliga-Spiele gegen Hertha BSC&nbsp;&#8211; im Januar 2020 zu Hause mit 1:2. In Berlin blieb der VfL in den letzten vier Bundesliga-Auftritten ungeschlagen. Beim VfL zeigt sich Wout Weghorst&nbsp;mit seinem Treffer gegen Bochum in guter Fr\u00fchform, auf der anderen Seite traf Stevan Jovetic&nbsp;als Neu-Herthaner beim Ausw\u00e4rtsspiel in K\u00f6ln.<\/p>\n\n\n\n<p><strong><em>VfL Bochum<strong><em><strong><em>\u2013<\/em><\/strong><\/em><\/strong>  1. FSV Mainz 05: <\/em><\/strong>Erinnerungen an einen Pokalabend:&nbsp;Beide Teams sind in der 2. Pokalrunde 2020\/21 letztmals aufeinandergetroffen. Der VfL machte in Mainz einen 0:2-R\u00fcckstand wett und setzte sich dann im Elfmeterschie\u00dfen mit 3:0 durch. Mousa Niakhate&nbsp;wird als Innenverteidiger der &#8222;05er&#8220; etwas dagegen haben. Nachdem er gegen seinen Lieblingsgegner Leipzig erneut netzte, wird er gegen die Bochumer sein 100. Bundesligaspiel bestreiten.<\/p>\n\n\n\n<p><strong><em>SpVgg Greuther F\u00fcrth \u2013 Arminia Bielefeld<\/em><\/strong>: Kramer, Christiansen und Seufert:&nbsp;Der heutige Arminen-Coach Frank Kramer hat eine Vergangenheit an der Seitenlinie der Kleebl\u00e4tter, wo er von M\u00e4rz 2013 bis Februar 2015 Trainer war. 2013 erlebte er dort den Bundesliga-Abstieg und scheiterte ein Jahr sp\u00e4ter knapp in der Relegation am HSV. F\u00fcrths Max Christiansen stand 2018\/19 beim DSC unter Vertrag und absolvierte dort sieben Partien in der 2. Bundesliga. Nils Seufert&nbsp;wechselte in diesem Sommer die Seiten und ging ebenfalls zur Spielvereinigung. Seine ersten 13 Bundesliga-Spiele \u00fcberhaupt bestritt er im Trikot der Ostwestfalen.<\/p>\n\n\n\n<p><strong><em>Bayer 04 Leverkusen <strong><em>\u2013<\/em><\/strong> Borussia M\u00f6nchengladbach<\/em><\/strong>: Duell der Ex-Bern-Trainer:&nbsp;Gerard Seoane wurde 2018 Nachfolger von Adi H\u00fctter bei Young Boys Bern und setzte das Werk des \u00d6sterreichers nahtlos fort, indem er nach einer Meisterschaft unter H\u00fctter drei weitere holte. Borussia-Trainer H\u00fctter wird vorne wohl wieder auf Alassane Plea&nbsp;setzen, der zum zweiten Gladbacher \u00fcberhaupt wurde, der den ersten Treffer einer Bundesliga-Saison erzielte. Zuvor war das nur Henning Jensen 1975 geg\u00f6nnt.<\/p>\n\n\n\n<p><strong><em>TSG 1899 Hoffenheim \u2013 1. FC Union Berlin<\/em><\/strong>: Kruse trifft gegen die TSG am liebsten: Max Kruse&nbsp;erzielte 85 Bundesliga-Treffer, die meisten gelangen ihm gegen Hoffenheim (neun), das wegen der Corona-Krise gegen die Eisernen noch kein einziges Mal Zuschauer begr\u00fc\u00dfen konnte. Beim dritten Aufeinandertreffen in der PreZero Arena k\u00f6nnte Kruse also erstmals vor Zuschauern gegen die Sinsheimer treffen.<\/p>\n\n\n\n<p><strong><em>FC Bayern M\u00fcnchen \u2013 1. FC K\u00f6ln<\/em><\/strong>: Lewandowski mit Super-Serie:&nbsp;In seinen letzten elf Bundesliga-Spielen hat der Pole immer mindestens einmal getroffen &#8211; pers\u00f6nlicher Rekord im Bayern-Trikot. Mit seinen 41 Toren aus der vergangenen Saison&nbsp;erzielte er sieben Tore mehr als alle Spieler des 1. FC K\u00f6ln zusammen. K\u00f6ln kommt jedoch mit breiter Brust nach M\u00fcnchen. Am 1. Spieltag begeisterten die Domst\u00e4dter beim 3:1 gegen die Hertha.<\/p>\n\n\n\n<p>Und nun kommen wir zu den Ansetzungen der n\u00e4chsten Tage! <\/p>\n\n\n\n<hr class=\"wp-block-separator\"\/>\n\n\n\n<p><strong><em>Die Ansetzungen vom 20. August bis zum 23. August 2021<\/em><\/strong><\/p>\n\n\n\n<p><strong>Bundesliga, 02. Spieltag<\/strong><\/p>\n\n\n\n<p><span style=\"text-decoration: underline;\">Freitag, 20. August 2021, ab 19.30 Uhr (DAZN)<\/span><\/p>\n\n\n\n<p><strong><em>RB Leipzig \u2013 VfB Stuttgart (20.30 Uhr)<\/em><\/strong><\/p>\n\n\n\n<p class=\"has-normal-font-size\"><img loading=\"lazy\" decoding=\"async\" width=\"10\" height=\"21\" class=\"wp-image-3656\" style=\"width: 10px;\" src=\"http:\/\/kommentatorenblog.de\/wp-content\/uploads\/2020\/09\/shure-55sh-ii-e1601485394796.jpg\" alt=\"\" srcset=\"http:\/\/kommentatorenblog.de\/wp-content\/uploads\/2020\/09\/shure-55sh-ii-e1601485394796.jpg 415w, http:\/\/kommentatorenblog.de\/wp-content\/uploads\/2020\/09\/shure-55sh-ii-e1601485394796-142x300.jpg 142w\" sizes=\"auto, (max-width: 10px) 100vw, 10px\" \/> Michael Born, Experte: Benny Lauth <\/p>\n\n\n\n<p>Moderation: Freddy Harder, Field-Reporter: Marco Hagemann<\/p>\n\n\n\n<p><span style=\"text-decoration: underline;\">Samstag, 21. August 2021, ab 14.00 Uhr (Sky)<\/span><\/p>\n\n\n\n<p><strong><em>SC Freiburg <strong><em><strong><em>\u2013<\/em><\/strong><\/em><\/strong><\/em><\/strong> <strong><em>Borussia Dortmund (15.30 Uhr)<\/em><\/strong><\/p>\n\n\n\n<p class=\"has-normal-font-size\"><img loading=\"lazy\" decoding=\"async\" width=\"10\" height=\"21\" class=\"wp-image-3656\" style=\"width: 10px;\" src=\"http:\/\/kommentatorenblog.de\/wp-content\/uploads\/2020\/09\/shure-55sh-ii-e1601485394796.jpg\" alt=\"\" srcset=\"http:\/\/kommentatorenblog.de\/wp-content\/uploads\/2020\/09\/shure-55sh-ii-e1601485394796.jpg 415w, http:\/\/kommentatorenblog.de\/wp-content\/uploads\/2020\/09\/shure-55sh-ii-e1601485394796-142x300.jpg 142w\" sizes=\"auto, (max-width: 10px) 100vw, 10px\" \/> Martin Gro\u00df (Einzelspiel), Kai Dittmann (Konferenz)<\/p>\n\n\n\n<p>Field-Reporter: Ulli Potofski<\/p>\n\n\n\n<p><strong><em>VfL Bochum<strong><em><strong><em>\u2013<\/em><\/strong><\/em><\/strong>  1. FSV Mainz 05 (15.30 Uhr)<\/em><\/strong><\/p>\n\n\n\n<p class=\"has-normal-font-size\"><img loading=\"lazy\" decoding=\"async\" width=\"10\" height=\"21\" class=\"wp-image-3656\" style=\"width: 10px;\" src=\"http:\/\/kommentatorenblog.de\/wp-content\/uploads\/2020\/09\/shure-55sh-ii-e1601485394796.jpg\" alt=\"\" srcset=\"http:\/\/kommentatorenblog.de\/wp-content\/uploads\/2020\/09\/shure-55sh-ii-e1601485394796.jpg 415w, http:\/\/kommentatorenblog.de\/wp-content\/uploads\/2020\/09\/shure-55sh-ii-e1601485394796-142x300.jpg 142w\" sizes=\"auto, (max-width: 10px) 100vw, 10px\" \/> Marcus Lindemann (Einzelspiel), Florian Schmidt-Sommerfeld (Konferenz)<\/p>\n\n\n\n<p>Field-Reporter: Dirk gro\u00dfe Schlarmann<\/p>\n\n\n\n<p><strong><em>Hertha BSC <strong><em><strong><em>\u2013<\/em><\/strong><\/em><\/strong> VfL Wolfsburg (15.30 Uhr)<\/em><\/strong><\/p>\n\n\n\n<p class=\"has-normal-font-size\"><img loading=\"lazy\" decoding=\"async\" width=\"10\" height=\"21\" class=\"wp-image-3656\" style=\"width: 10px;\" src=\"http:\/\/kommentatorenblog.de\/wp-content\/uploads\/2020\/09\/shure-55sh-ii-e1601485394796.jpg\" alt=\"\" srcset=\"http:\/\/kommentatorenblog.de\/wp-content\/uploads\/2020\/09\/shure-55sh-ii-e1601485394796.jpg 415w, http:\/\/kommentatorenblog.de\/wp-content\/uploads\/2020\/09\/shure-55sh-ii-e1601485394796-142x300.jpg 142w\" sizes=\"auto, (max-width: 10px) 100vw, 10px\" \/> Hansi K\u00fcpper (Einzelspiel), Roland Evers (Konferenz)<\/p>\n\n\n\n<p>Field-Reporter: Katharina Kleinfeld<\/p>\n\n\n\n<p><strong><em>Eintracht Frankfurt <strong><em><strong><em>\u2013 <\/em><\/strong><\/em><\/strong>FC Augsburg (15.30 Uhr)<\/em><\/strong><\/p>\n\n\n\n<p class=\"has-normal-font-size\"><img loading=\"lazy\" decoding=\"async\" width=\"10\" height=\"21\" class=\"wp-image-3656\" style=\"width: 10px;\" src=\"http:\/\/kommentatorenblog.de\/wp-content\/uploads\/2020\/09\/shure-55sh-ii-e1601485394796.jpg\" alt=\"\" srcset=\"http:\/\/kommentatorenblog.de\/wp-content\/uploads\/2020\/09\/shure-55sh-ii-e1601485394796.jpg 415w, http:\/\/kommentatorenblog.de\/wp-content\/uploads\/2020\/09\/shure-55sh-ii-e1601485394796-142x300.jpg 142w\" sizes=\"auto, (max-width: 10px) 100vw, 10px\" \/> Klaus Veltman (Einzelspiel), Frank Buschmann (Konferenz)<\/p>\n\n\n\n<p>Field-Reporter: Riccardo Basile <\/p>\n\n\n\n<p><strong><em>SpVgg Greuther F\u00fcrth \u2013 Arminia Bielefeld (15.30 Uhr)<\/em><\/strong><\/p>\n\n\n\n<p class=\"has-normal-font-size\"><img loading=\"lazy\" decoding=\"async\" width=\"10\" height=\"21\" class=\"wp-image-3656\" style=\"width: 10px;\" src=\"http:\/\/kommentatorenblog.de\/wp-content\/uploads\/2020\/09\/shure-55sh-ii-e1601485394796.jpg\" alt=\"\" srcset=\"http:\/\/kommentatorenblog.de\/wp-content\/uploads\/2020\/09\/shure-55sh-ii-e1601485394796.jpg 415w, http:\/\/kommentatorenblog.de\/wp-content\/uploads\/2020\/09\/shure-55sh-ii-e1601485394796-142x300.jpg 142w\" sizes=\"auto, (max-width: 10px) 100vw, 10px\" \/> Oliver Seidler (Einzelspiel), Jonas Friedrich (Konferenz)<\/p>\n\n\n\n<p>Field-Reporter: Michael Leopold <\/p>\n\n\n\n<p>Moderation: Britta Hofmann, Experte: Didi Hamann<\/p>\n\n\n\n<p><span style=\"text-decoration: underline;\">ab 17.30 Uhr (Sky)<\/span><\/p>\n\n\n\n<p><strong><em>Bayer 04 Leverkusen <strong><em>\u2013<\/em><\/strong> Borussia M\u00f6nchengladbach (18.30 Uhr)<\/em><\/strong><\/p>\n\n\n\n<p class=\"has-normal-font-size\"><img loading=\"lazy\" decoding=\"async\" width=\"10\" height=\"21\" class=\"wp-image-3656\" style=\"width: 10px;\" src=\"http:\/\/kommentatorenblog.de\/wp-content\/uploads\/2020\/09\/shure-55sh-ii-e1601485394796.jpg\" alt=\"\" srcset=\"http:\/\/kommentatorenblog.de\/wp-content\/uploads\/2020\/09\/shure-55sh-ii-e1601485394796.jpg 415w, http:\/\/kommentatorenblog.de\/wp-content\/uploads\/2020\/09\/shure-55sh-ii-e1601485394796-142x300.jpg 142w\" sizes=\"auto, (max-width: 10px) 100vw, 10px\" \/> Wolff Fuss<\/p>\n\n\n\n<p>Field-Reporter: Patrick Wasserziehr<\/p>\n\n\n\n<p>Moderation: Sebastian Hellmann, Experte: Lothar Matth\u00e4us<\/p>\n\n\n\n<p><span style=\"text-decoration: underline;\">Sonntag, 22. August 2021, ab 15.00 Uhr (DAZN)<\/span><\/p>\n\n\n\n<p><strong><em>TSG 1899 Hoffenheim \u2013 1. FC Union Berlin (15.30 Uhr)<\/em><\/strong><\/p>\n\n\n\n<p class=\"has-normal-font-size\"><img loading=\"lazy\" decoding=\"async\" width=\"10\" height=\"21\" class=\"wp-image-3656\" style=\"width: 10px;\" src=\"http:\/\/kommentatorenblog.de\/wp-content\/uploads\/2020\/09\/shure-55sh-ii-e1601485394796.jpg\" alt=\"\" srcset=\"http:\/\/kommentatorenblog.de\/wp-content\/uploads\/2020\/09\/shure-55sh-ii-e1601485394796.jpg 415w, http:\/\/kommentatorenblog.de\/wp-content\/uploads\/2020\/09\/shure-55sh-ii-e1601485394796-142x300.jpg 142w\" sizes=\"auto, (max-width: 10px) 100vw, 10px\" \/> Uli Hebel, Experte: Sebastian Knei\u00dfl<\/p>\n\n\n\n<p>Moderation: Lukas Sch\u00f6nm\u00fcller, Field-Reporter: Max Siebald<\/p>\n\n\n\n<p><span style=\"text-decoration: underline;\">ab 16.30 Uhr (DAZN)<\/span><\/p>\n\n\n\n<p><strong><em>FC Bayern M\u00fcnchen \u2013 1. FC K\u00f6ln (17.30 Uhr)<\/em><\/strong><\/p>\n\n\n\n<p class=\"has-normal-font-size\"><img loading=\"lazy\" decoding=\"async\" width=\"10\" height=\"21\" class=\"wp-image-3656\" style=\"width: 10px;\" src=\"http:\/\/kommentatorenblog.de\/wp-content\/uploads\/2020\/09\/shure-55sh-ii-e1601485394796.jpg\" alt=\"\" srcset=\"http:\/\/kommentatorenblog.de\/wp-content\/uploads\/2020\/09\/shure-55sh-ii-e1601485394796.jpg 415w, http:\/\/kommentatorenblog.de\/wp-content\/uploads\/2020\/09\/shure-55sh-ii-e1601485394796-142x300.jpg 142w\" sizes=\"auto, (max-width: 10px) 100vw, 10px\" \/> Jan Platte, Experte: Ralph Gunesch<\/p>\n\n\n\n<p>Moderation: Laura Wontorra, Field-Reporter: Daniel Herzog<\/p>\n\n\n\n<hr class=\"wp-block-separator\"\/>\n\n\n\n<p><strong>2<\/strong>. <strong>Bundesliga, 04. Spieltag<\/strong><\/p>\n\n\n\n<p><span style=\"text-decoration: underline;\">Freitag, 20. August 2021, ab 18.00 Uhr (Sky)<\/span> <\/p>\n\n\n\n<p><strong><em>Konferenz (18.30 Uhr) <\/em><\/strong><\/p>\n\n\n\n<p><img loading=\"lazy\" decoding=\"async\" width=\"10\" height=\"21\" class=\"wp-image-3656\" style=\"width: 10px;\" src=\"http:\/\/kommentatorenblog.de\/wp-content\/uploads\/2020\/09\/shure-55sh-ii-e1601485394796.jpg\" alt=\"\" srcset=\"http:\/\/kommentatorenblog.de\/wp-content\/uploads\/2020\/09\/shure-55sh-ii-e1601485394796.jpg 415w, http:\/\/kommentatorenblog.de\/wp-content\/uploads\/2020\/09\/shure-55sh-ii-e1601485394796-142x300.jpg 142w\" sizes=\"auto, (max-width: 10px) 100vw, 10px\" \/> Hannes Herrmann (F95-KIE im Fokus)<\/p>\n\n\n\n<p><strong><em>Fortuna D\u00fcsseldorf \u2013&nbsp;Holstein Kiel (18.30 Uhr) <\/em><\/strong><\/p>\n\n\n\n<p><img loading=\"lazy\" decoding=\"async\" width=\"10\" height=\"21\" class=\"wp-image-3656\" style=\"width: 10px;\" src=\"http:\/\/kommentatorenblog.de\/wp-content\/uploads\/2020\/09\/shure-55sh-ii-e1601485394796.jpg\" alt=\"\" srcset=\"http:\/\/kommentatorenblog.de\/wp-content\/uploads\/2020\/09\/shure-55sh-ii-e1601485394796.jpg 415w, http:\/\/kommentatorenblog.de\/wp-content\/uploads\/2020\/09\/shure-55sh-ii-e1601485394796-142x300.jpg 142w\" sizes=\"auto, (max-width: 10px) 100vw, 10px\" \/> J\u00fcrgen Schmitz, Field-Reporter: Dirk gro\u00dfe Schlarmann<\/p>\n\n\n\n<p><strong><em>Hannover 96 \u2013&nbsp;1. FC Heidenheim (<\/em><\/strong><strong><em>18.30 Uhr) <\/em><\/strong><\/p>\n\n\n\n<p><img loading=\"lazy\" decoding=\"async\" width=\"10\" height=\"21\" class=\"wp-image-3656\" style=\"width: 10px;\" src=\"http:\/\/kommentatorenblog.de\/wp-content\/uploads\/2020\/09\/shure-55sh-ii-e1601485394796.jpg\" alt=\"\" srcset=\"http:\/\/kommentatorenblog.de\/wp-content\/uploads\/2020\/09\/shure-55sh-ii-e1601485394796.jpg 415w, http:\/\/kommentatorenblog.de\/wp-content\/uploads\/2020\/09\/shure-55sh-ii-e1601485394796-142x300.jpg 142w\" sizes=\"auto, (max-width: 10px) 100vw, 10px\" \/> Joachim Hebel, Interviews: Schalte<\/p>\n\n\n\n<p>Moderation: Hartmut von Kameke, Experte: Patrick Herrmann<\/p>\n\n\n\n<p><span style=\"text-decoration: underline;\">Samstag, 21. August 2021, ab 13.00 Uhr (Sky)<\/span><\/p>\n\n\n\n<p><strong><em>Konferenz (13.30 Uhr)<\/em><\/strong><\/p>\n\n\n\n<p><img loading=\"lazy\" decoding=\"async\" width=\"10\" height=\"21\" class=\"wp-image-3656\" style=\"width: 10px;\" src=\"http:\/\/kommentatorenblog.de\/wp-content\/uploads\/2020\/09\/shure-55sh-ii-e1601485394796.jpg\" alt=\"\" srcset=\"http:\/\/kommentatorenblog.de\/wp-content\/uploads\/2020\/09\/shure-55sh-ii-e1601485394796.jpg 415w, http:\/\/kommentatorenblog.de\/wp-content\/uploads\/2020\/09\/shure-55sh-ii-e1601485394796-142x300.jpg 142w\" sizes=\"auto, (max-width: 10px) 100vw, 10px\" \/> Marcel Meinert (KSC-SVW im Fokus) <\/p>\n\n\n\n<p><strong><em>Karlsruher SC&nbsp;\u2013&nbsp;Werder Bremen (13.30 Uhr)<\/em><\/strong><\/p>\n\n\n\n<p><img loading=\"lazy\" decoding=\"async\" width=\"10\" height=\"21\" class=\"wp-image-3656\" style=\"width: 10px;\" src=\"http:\/\/kommentatorenblog.de\/wp-content\/uploads\/2020\/09\/shure-55sh-ii-e1601485394796.jpg\" alt=\"\" srcset=\"http:\/\/kommentatorenblog.de\/wp-content\/uploads\/2020\/09\/shure-55sh-ii-e1601485394796.jpg 415w, http:\/\/kommentatorenblog.de\/wp-content\/uploads\/2020\/09\/shure-55sh-ii-e1601485394796-142x300.jpg 142w\" sizes=\"auto, (max-width: 10px) 100vw, 10px\" \/> Heiko Mallwitz, Field-Reporter: J\u00fcrgen Schmitz<\/p>\n\n\n\n<p><strong><em>SC Paderborn 07 \u2013&nbsp;FC St. Pauli (13.30 Uhr)<\/em><\/strong><\/p>\n\n\n\n<p><img loading=\"lazy\" decoding=\"async\" width=\"10\" height=\"21\" class=\"wp-image-3656\" style=\"width: 10px;\" src=\"http:\/\/kommentatorenblog.de\/wp-content\/uploads\/2020\/09\/shure-55sh-ii-e1601485394796.jpg\" alt=\"\" srcset=\"http:\/\/kommentatorenblog.de\/wp-content\/uploads\/2020\/09\/shure-55sh-ii-e1601485394796.jpg 415w, http:\/\/kommentatorenblog.de\/wp-content\/uploads\/2020\/09\/shure-55sh-ii-e1601485394796-142x300.jpg 142w\" sizes=\"auto, (max-width: 10px) 100vw, 10px\" \/> Torsten Kunde, Interviews: Schalte<\/p>\n\n\n\n<p><strong><em>Jahn Regensburg \u2013&nbsp;FC Schalke 04 (13.30 Uhr)<\/em><\/strong><\/p>\n\n\n\n<p><img loading=\"lazy\" decoding=\"async\" width=\"10\" height=\"21\" class=\"wp-image-3656\" style=\"width: 10px;\" src=\"http:\/\/kommentatorenblog.de\/wp-content\/uploads\/2020\/09\/shure-55sh-ii-e1601485394796.jpg\" alt=\"\" srcset=\"http:\/\/kommentatorenblog.de\/wp-content\/uploads\/2020\/09\/shure-55sh-ii-e1601485394796.jpg 415w, http:\/\/kommentatorenblog.de\/wp-content\/uploads\/2020\/09\/shure-55sh-ii-e1601485394796-142x300.jpg 142w\" sizes=\"auto, (max-width: 10px) 100vw, 10px\" \/> Toni Tomic, Field-Reporter: Hartmut von Kameke<\/p>\n\n\n\n<p>Moderation: Peter Hardenacke <\/p>\n\n\n\n<p><span style=\"text-decoration: underline;\">ab 19.30 Uhr (SPORT1) \/ ab 20.00 Uhr (Sky)<\/span><\/p>\n\n\n\n<p><strong><em>Hansa Rostock \u2013 Dynamo Dresden (20.30 Uhr)<\/em><\/strong><\/p>\n\n\n\n<p>SPORT1: <img loading=\"lazy\" decoding=\"async\" width=\"10\" height=\"21\" class=\"wp-image-3656\" style=\"width: 10px;\" src=\"http:\/\/kommentatorenblog.de\/wp-content\/uploads\/2020\/09\/shure-55sh-ii-e1601485394796.jpg\" alt=\"\" srcset=\"http:\/\/kommentatorenblog.de\/wp-content\/uploads\/2020\/09\/shure-55sh-ii-e1601485394796.jpg 415w, http:\/\/kommentatorenblog.de\/wp-content\/uploads\/2020\/09\/shure-55sh-ii-e1601485394796-142x300.jpg 142w\" sizes=\"auto, (max-width: 10px) 100vw, 10px\" \/> Markus H\u00f6hner, Field-Reporter: Fabian Greve <\/p>\n\n\n\n<p>Sky: <img loading=\"lazy\" decoding=\"async\" width=\"10\" height=\"21\" class=\"wp-image-3656\" style=\"width: 10px;\" src=\"http:\/\/kommentatorenblog.de\/wp-content\/uploads\/2020\/09\/shure-55sh-ii-e1601485394796.jpg\" alt=\"\" srcset=\"http:\/\/kommentatorenblog.de\/wp-content\/uploads\/2020\/09\/shure-55sh-ii-e1601485394796.jpg 415w, http:\/\/kommentatorenblog.de\/wp-content\/uploads\/2020\/09\/shure-55sh-ii-e1601485394796-142x300.jpg 142w\" sizes=\"auto, (max-width: 10px) 100vw, 10px\" \/> Stefan Hempel, Co-Kommentator: Torsten Mattuschka<\/p>\n\n\n\n<p>Moderation (SPORT1): Ruth Hofmann, Experte: Felix Kroos<\/p>\n\n\n\n<p>Moderation (Sky): Stefan Hempel, Experte: Torsten Mattuschka<\/p>\n\n\n\n<p><span style=\"text-decoration: underline;\">Sonntag, 22. August 2021, ab 13.00 Uhr (Sky)<\/span><\/p>\n\n\n\n<p><strong><em>Konferenz (13.30 Uhr)<\/em><\/strong><\/p>\n\n\n\n<p><img loading=\"lazy\" decoding=\"async\" width=\"10\" height=\"21\" class=\"wp-image-3656\" style=\"width: 10px;\" src=\"http:\/\/kommentatorenblog.de\/wp-content\/uploads\/2020\/09\/shure-55sh-ii-e1601485394796.jpg\" alt=\"\" srcset=\"http:\/\/kommentatorenblog.de\/wp-content\/uploads\/2020\/09\/shure-55sh-ii-e1601485394796.jpg 415w, http:\/\/kommentatorenblog.de\/wp-content\/uploads\/2020\/09\/shure-55sh-ii-e1601485394796-142x300.jpg 142w\" sizes=\"auto, (max-width: 10px) 100vw, 10px\" \/> Klaus Veltman (HSV-D98 im Fokus)<\/p>\n\n\n\n<p><strong><em>Hamburger SV&nbsp;\u2013&nbsp;SV Darmstadt 98 (13.30 Uhr)<\/em><\/strong><\/p>\n\n\n\n<p><img loading=\"lazy\" decoding=\"async\" width=\"10\" height=\"21\" class=\"wp-image-3656\" style=\"width: 10px;\" src=\"http:\/\/kommentatorenblog.de\/wp-content\/uploads\/2020\/09\/shure-55sh-ii-e1601485394796.jpg\" alt=\"\" srcset=\"http:\/\/kommentatorenblog.de\/wp-content\/uploads\/2020\/09\/shure-55sh-ii-e1601485394796.jpg 415w, http:\/\/kommentatorenblog.de\/wp-content\/uploads\/2020\/09\/shure-55sh-ii-e1601485394796-142x300.jpg 142w\" sizes=\"auto, (max-width: 10px) 100vw, 10px\" \/> Torsten Kunde, Field-Reporter: Sven T\u00f6llner<\/p>\n\n\n\n<p><strong><em>Erzgebirge Aue \u2013 SV Sandhausen (13.30 Uhr)<\/em><\/strong><\/p>\n\n\n\n<p><img loading=\"lazy\" decoding=\"async\" width=\"10\" height=\"21\" class=\"wp-image-3656\" style=\"width: 10px;\" src=\"http:\/\/kommentatorenblog.de\/wp-content\/uploads\/2020\/09\/shure-55sh-ii-e1601485394796.jpg\" alt=\"\" srcset=\"http:\/\/kommentatorenblog.de\/wp-content\/uploads\/2020\/09\/shure-55sh-ii-e1601485394796.jpg 415w, http:\/\/kommentatorenblog.de\/wp-content\/uploads\/2020\/09\/shure-55sh-ii-e1601485394796-142x300.jpg 142w\" sizes=\"auto, (max-width: 10px) 100vw, 10px\" \/> Markus Gaupp<\/p>\n\n\n\n<p><strong><em>FC Ingolstadt 04 \u2013 1. FC N\u00fcrnberg (13.30 Uhr)<\/em><\/strong><\/p>\n\n\n\n<p><img loading=\"lazy\" decoding=\"async\" width=\"10\" height=\"21\" class=\"wp-image-3656\" style=\"width: 10px;\" src=\"http:\/\/kommentatorenblog.de\/wp-content\/uploads\/2020\/09\/shure-55sh-ii-e1601485394796.jpg\" alt=\"\" srcset=\"http:\/\/kommentatorenblog.de\/wp-content\/uploads\/2020\/09\/shure-55sh-ii-e1601485394796.jpg 415w, http:\/\/kommentatorenblog.de\/wp-content\/uploads\/2020\/09\/shure-55sh-ii-e1601485394796-142x300.jpg 142w\" sizes=\"auto, (max-width: 10px) 100vw, 10px\" \/> Sven Schr\u00f6ter, Interviews: Schalte<\/p>\n\n\n\n<p>Moderation: Yannick Erkenbrecher <\/p>\n\n\n\n<hr class=\"wp-block-separator\"\/>\n\n\n\n<p><strong>3. Liga, 04. Spieltag<\/strong><\/p>\n\n\n\n<p><span style=\"text-decoration: underline;\">Freitag, 20. August 2021, ab 18.30 Uhr (Magenta Sport)<\/span><\/p>\n\n\n\n<p><strong><em>FC Viktoria 1889 Berlin \u2013 Hallescher FC (19.00 Uhr)<\/em><\/strong><\/p>\n\n\n\n<p><img loading=\"lazy\" decoding=\"async\" width=\"10\" height=\"21\" class=\"wp-image-3656\" style=\"width: 10px;\" src=\"http:\/\/kommentatorenblog.de\/wp-content\/uploads\/2020\/09\/shure-55sh-ii-e1601485394796.jpg\" alt=\"\" srcset=\"http:\/\/kommentatorenblog.de\/wp-content\/uploads\/2020\/09\/shure-55sh-ii-e1601485394796.jpg 415w, http:\/\/kommentatorenblog.de\/wp-content\/uploads\/2020\/09\/shure-55sh-ii-e1601485394796-142x300.jpg 142w\" sizes=\"auto, (max-width: 10px) 100vw, 10px\" \/> Andreas Mann<\/p>\n\n\n\n<p>Moderation: Anett Sattler <\/p>\n\n\n\n<p><span style=\"text-decoration: underline;\">Samstag, 21. August 2021, ab 13.45 Uhr (Magenta Sport)<\/span><\/p>\n\n\n\n<p><strong><em>Konferenz (14.00 Uhr)<\/em><\/strong><\/p>\n\n\n\n<p><img loading=\"lazy\" decoding=\"async\" width=\"10\" height=\"21\" class=\"wp-image-3656\" style=\"width: 10px;\" src=\"http:\/\/kommentatorenblog.de\/wp-content\/uploads\/2020\/09\/shure-55sh-ii-e1601485394796.jpg\" alt=\"\" srcset=\"http:\/\/kommentatorenblog.de\/wp-content\/uploads\/2020\/09\/shure-55sh-ii-e1601485394796.jpg 415w, http:\/\/kommentatorenblog.de\/wp-content\/uploads\/2020\/09\/shure-55sh-ii-e1601485394796-142x300.jpg 142w\" sizes=\"auto, (max-width: 10px) 100vw, 10px\" \/> Alexander Kunz, Sascha Bandermann <\/p>\n\n\n\n<p><strong><em>SV Meppen \u2013 SC Verl (14.00 Uhr)<\/em><\/strong><\/p>\n\n\n\n<p><img loading=\"lazy\" decoding=\"async\" width=\"10\" height=\"21\" class=\"wp-image-3656\" style=\"width: 10px;\" src=\"http:\/\/kommentatorenblog.de\/wp-content\/uploads\/2020\/09\/shure-55sh-ii-e1601485394796.jpg\" alt=\"\" srcset=\"http:\/\/kommentatorenblog.de\/wp-content\/uploads\/2020\/09\/shure-55sh-ii-e1601485394796.jpg 415w, http:\/\/kommentatorenblog.de\/wp-content\/uploads\/2020\/09\/shure-55sh-ii-e1601485394796-142x300.jpg 142w\" sizes=\"auto, (max-width: 10px) 100vw, 10px\" \/> Michael Augustin <\/p>\n\n\n\n<p>Moderation: Cedric Pick <\/p>\n\n\n\n<p><strong><em>1. FC Magdeburg \u2013 MSV Duisburg (14.00 Uhr)<\/em><\/strong><\/p>\n\n\n\n<p><img loading=\"lazy\" decoding=\"async\" width=\"10\" height=\"21\" class=\"wp-image-3656\" style=\"width: 10px;\" src=\"http:\/\/kommentatorenblog.de\/wp-content\/uploads\/2020\/09\/shure-55sh-ii-e1601485394796.jpg\" alt=\"\" srcset=\"http:\/\/kommentatorenblog.de\/wp-content\/uploads\/2020\/09\/shure-55sh-ii-e1601485394796.jpg 415w, http:\/\/kommentatorenblog.de\/wp-content\/uploads\/2020\/09\/shure-55sh-ii-e1601485394796-142x300.jpg 142w\" sizes=\"auto, (max-width: 10px) 100vw, 10px\" \/> Markus Herwig<\/p>\n\n\n\n<p>Moderation: Anett Sattler <\/p>\n\n\n\n<p><strong><em><strong><em>Borussia Dortmund II \u2013 1. FC Saarbr\u00fccken (14.00 Uhr)<\/em><\/strong><\/em><\/strong><\/p>\n\n\n\n<p><img loading=\"lazy\" decoding=\"async\" width=\"10\" height=\"21\" class=\"wp-image-3656\" style=\"width: 10px;\" src=\"http:\/\/kommentatorenblog.de\/wp-content\/uploads\/2020\/09\/shure-55sh-ii-e1601485394796.jpg\" alt=\"\" srcset=\"http:\/\/kommentatorenblog.de\/wp-content\/uploads\/2020\/09\/shure-55sh-ii-e1601485394796.jpg 415w, http:\/\/kommentatorenblog.de\/wp-content\/uploads\/2020\/09\/shure-55sh-ii-e1601485394796-142x300.jpg 142w\" sizes=\"auto, (max-width: 10px) 100vw, 10px\" \/> Stefan Fuckert<\/p>\n\n\n\n<p>Moderation: Kamila Benschop <\/p>\n\n\n\n<p><strong><em>FC Viktoria K\u00f6ln \u2013 Waldhof Mannheim (14.00 Uhr)<\/em><\/strong><\/p>\n\n\n\n<p><img loading=\"lazy\" decoding=\"async\" width=\"10\" height=\"21\" class=\"wp-image-3656\" style=\"width: 10px;\" src=\"http:\/\/kommentatorenblog.de\/wp-content\/uploads\/2020\/09\/shure-55sh-ii-e1601485394796.jpg\" alt=\"\" srcset=\"http:\/\/kommentatorenblog.de\/wp-content\/uploads\/2020\/09\/shure-55sh-ii-e1601485394796.jpg 415w, http:\/\/kommentatorenblog.de\/wp-content\/uploads\/2020\/09\/shure-55sh-ii-e1601485394796-142x300.jpg 142w\" sizes=\"auto, (max-width: 10px) 100vw, 10px\" \/> Mario Bast <\/p>\n\n\n\n<p>Moderation: Konstantin Klostermann <\/p>\n\n\n\n<p> <span style=\"text-decoration: underline;\">ab 13.45 Uhr (Magenta Sport\/MDR,NDR)<\/span> <\/p>\n\n\n\n<p><strong><em>Eintracht Braunschweig \u2013 FSV Zwickau (14.00 Uhr)<\/em><\/strong><\/p>\n\n\n\n<p><img loading=\"lazy\" decoding=\"async\" width=\"10\" height=\"21\" class=\"wp-image-3656\" style=\"width: 10px;\" src=\"http:\/\/kommentatorenblog.de\/wp-content\/uploads\/2020\/09\/shure-55sh-ii-e1601485394796.jpg\" alt=\"\" srcset=\"http:\/\/kommentatorenblog.de\/wp-content\/uploads\/2020\/09\/shure-55sh-ii-e1601485394796.jpg 415w, http:\/\/kommentatorenblog.de\/wp-content\/uploads\/2020\/09\/shure-55sh-ii-e1601485394796-142x300.jpg 142w\" sizes=\"auto, (max-width: 10px) 100vw, 10px\" \/> Magenta Sport: Mike M\u00fcnkel <\/p>\n\n\n\n<p><img loading=\"lazy\" decoding=\"async\" width=\"10\" height=\"21\" class=\"wp-image-3656\" style=\"width: 10px;\" src=\"http:\/\/kommentatorenblog.de\/wp-content\/uploads\/2020\/09\/shure-55sh-ii-e1601485394796.jpg\" alt=\"\" srcset=\"http:\/\/kommentatorenblog.de\/wp-content\/uploads\/2020\/09\/shure-55sh-ii-e1601485394796.jpg 415w, http:\/\/kommentatorenblog.de\/wp-content\/uploads\/2020\/09\/shure-55sh-ii-e1601485394796-142x300.jpg 142w\" sizes=\"auto, (max-width: 10px) 100vw, 10px\" \/> MDR: Andras Mann<\/p>\n\n\n\n<p> <img loading=\"lazy\" decoding=\"async\" width=\"10\" height=\"21\" class=\"wp-image-3656\" style=\"width: 10px;\" src=\"http:\/\/kommentatorenblog.de\/wp-content\/uploads\/2020\/09\/shure-55sh-ii-e1601485394796.jpg\" alt=\"\" srcset=\"http:\/\/kommentatorenblog.de\/wp-content\/uploads\/2020\/09\/shure-55sh-ii-e1601485394796.jpg 415w, http:\/\/kommentatorenblog.de\/wp-content\/uploads\/2020\/09\/shure-55sh-ii-e1601485394796-142x300.jpg 142w\" sizes=\"auto, (max-width: 10px) 100vw, 10px\" \/> NDR: Patrick Halatsch<\/p>\n\n\n\n<p>Moderation (Magenta Sport): Stefanie Blochwitz <\/p>\n\n\n\n<p>Moderation (MDR): Tom Scheunemann<\/p>\n\n\n\n<p>Moderation (NDR): Andreas&nbsp;K\u00e4ckell<\/p>\n\n\n\n<p> <span style=\"text-decoration: underline;\">ab 13.45 Uhr (Magenta Sport\/SWR,BR))<\/span>  <\/p>\n\n\n\n<p><strong><em>1. FC Kaiserslautern \u2013 TSV 1860 M\u00fcnchen (14.00 Uhr)<\/em><\/strong><\/p>\n\n\n\n<p><img loading=\"lazy\" decoding=\"async\" width=\"10\" height=\"21\" class=\"wp-image-3656\" style=\"width: 10px;\" src=\"http:\/\/kommentatorenblog.de\/wp-content\/uploads\/2020\/09\/shure-55sh-ii-e1601485394796.jpg\" alt=\"\" srcset=\"http:\/\/kommentatorenblog.de\/wp-content\/uploads\/2020\/09\/shure-55sh-ii-e1601485394796.jpg 415w, http:\/\/kommentatorenblog.de\/wp-content\/uploads\/2020\/09\/shure-55sh-ii-e1601485394796-142x300.jpg 142w\" sizes=\"auto, (max-width: 10px) 100vw, 10px\" \/> Magenta Sport: Alexander Klich <\/p>\n\n\n\n<p><img loading=\"lazy\" decoding=\"async\" width=\"10\" height=\"21\" class=\"wp-image-3656\" style=\"width: 10px;\" src=\"http:\/\/kommentatorenblog.de\/wp-content\/uploads\/2020\/09\/shure-55sh-ii-e1601485394796.jpg\" alt=\"\" srcset=\"http:\/\/kommentatorenblog.de\/wp-content\/uploads\/2020\/09\/shure-55sh-ii-e1601485394796.jpg 415w, http:\/\/kommentatorenblog.de\/wp-content\/uploads\/2020\/09\/shure-55sh-ii-e1601485394796-142x300.jpg 142w\" sizes=\"auto, (max-width: 10px) 100vw, 10px\" \/> SWR: Michael Bollenbacher<\/p>\n\n\n\n<p><img loading=\"lazy\" decoding=\"async\" width=\"10\" height=\"21\" class=\"wp-image-3656\" style=\"width: 10px;\" src=\"http:\/\/kommentatorenblog.de\/wp-content\/uploads\/2020\/09\/shure-55sh-ii-e1601485394796.jpg\" alt=\"\" srcset=\"http:\/\/kommentatorenblog.de\/wp-content\/uploads\/2020\/09\/shure-55sh-ii-e1601485394796.jpg 415w, http:\/\/kommentatorenblog.de\/wp-content\/uploads\/2020\/09\/shure-55sh-ii-e1601485394796-142x300.jpg 142w\" sizes=\"auto, (max-width: 10px) 100vw, 10px\" \/> BR: Lukas Sch\u00f6nm\u00fcller<\/p>\n\n\n\n<p>Moderation (Magenta Sport): Tobias Sch\u00e4fer <\/p>\n\n\n\n<p>Moderation (SWR): Holger Wienpahl, Experte: Thomas Riedl<\/p>\n\n\n\n<p>Moderation (BR): Julia B\u00fcchler<\/p>\n\n\n\n<p><span style=\"text-decoration: underline;\">Sonntag, 22. August 2021, 12.45 Uhr (Magenta Sport)<\/span><\/p>\n\n\n\n<p><strong><em>W\u00fcrzburger Kickers \u2013 VfL Osnabr\u00fcck (13.00 Uhr)<\/em><\/strong><\/p>\n\n\n\n<p><img loading=\"lazy\" decoding=\"async\" width=\"10\" height=\"21\" class=\"wp-image-3656\" style=\"width: 10px;\" src=\"http:\/\/kommentatorenblog.de\/wp-content\/uploads\/2020\/09\/shure-55sh-ii-e1601485394796.jpg\" alt=\"\" srcset=\"http:\/\/kommentatorenblog.de\/wp-content\/uploads\/2020\/09\/shure-55sh-ii-e1601485394796.jpg 415w, http:\/\/kommentatorenblog.de\/wp-content\/uploads\/2020\/09\/shure-55sh-ii-e1601485394796-142x300.jpg 142w\" sizes=\"auto, (max-width: 10px) 100vw, 10px\" \/> Mike M\u00fcnkel <\/p>\n\n\n\n<p>Moderation: Cedric Pick <\/p>\n\n\n\n<p><span style=\"text-decoration: underline;\">ab 13.45 Uhr (Magenta Sport)<\/span><\/p>\n\n\n\n<p><strong><em>SV Wehen Wiesbaden \u2013 TSV Havelse (14.00 Uhr)<\/em><\/strong><\/p>\n\n\n\n<p><img loading=\"lazy\" decoding=\"async\" width=\"10\" height=\"21\" class=\"wp-image-3656\" style=\"width: 10px;\" src=\"http:\/\/kommentatorenblog.de\/wp-content\/uploads\/2020\/09\/shure-55sh-ii-e1601485394796.jpg\" alt=\"\" srcset=\"http:\/\/kommentatorenblog.de\/wp-content\/uploads\/2020\/09\/shure-55sh-ii-e1601485394796.jpg 415w, http:\/\/kommentatorenblog.de\/wp-content\/uploads\/2020\/09\/shure-55sh-ii-e1601485394796-142x300.jpg 142w\" sizes=\"auto, (max-width: 10px) 100vw, 10px\" \/> Mario Bast <\/p>\n\n\n\n<p>Moderation: Konstantin Klostermann <\/p>\n\n\n\n<p><span style=\"text-decoration: underline;\">ab 14.45 Uhr (Magenta Sport)<\/span><\/p>\n\n\n\n<p><strong><em><strong><em>T\u00fcrkg\u00fcc\u00fc M\u00fcnchen<\/em><\/strong> \u2013 SC Freiburg II (15.00 Uhr)<\/em><\/strong><\/p>\n\n\n\n<p><img loading=\"lazy\" decoding=\"async\" width=\"10\" height=\"21\" class=\"wp-image-3656\" style=\"width: 10px;\" src=\"http:\/\/kommentatorenblog.de\/wp-content\/uploads\/2020\/09\/shure-55sh-ii-e1601485394796.jpg\" alt=\"\" srcset=\"http:\/\/kommentatorenblog.de\/wp-content\/uploads\/2020\/09\/shure-55sh-ii-e1601485394796.jpg 415w, http:\/\/kommentatorenblog.de\/wp-content\/uploads\/2020\/09\/shure-55sh-ii-e1601485394796-142x300.jpg 142w\" sizes=\"auto, (max-width: 10px) 100vw, 10px\" \/> Franz B\u00fcchner <\/p>\n\n\n\n<p>Moderation: Martin Piller <\/p>\n\n\n\n<hr class=\"wp-block-separator\"\/>\n\n\n\n<p><strong>Premier League, 02. Spieltag (Sky)<\/strong><\/p>\n\n\n\n<p><span style=\"text-decoration: underline;\">Samstag, 21. August 2021, ab 13.20 Uhr<\/span><\/p>\n\n\n\n<p><strong><em>FC Liverpool \u2013 FC Burnley (13.30 Uhr) <\/em><\/strong><\/p>\n\n\n\n<p><img loading=\"lazy\" decoding=\"async\" width=\"10\" height=\"21\" class=\"wp-image-3656\" style=\"width: 10px;\" src=\"http:\/\/kommentatorenblog.de\/wp-content\/uploads\/2020\/09\/shure-55sh-ii-e1601485394796.jpg\" alt=\"\" srcset=\"http:\/\/kommentatorenblog.de\/wp-content\/uploads\/2020\/09\/shure-55sh-ii-e1601485394796.jpg 415w, http:\/\/kommentatorenblog.de\/wp-content\/uploads\/2020\/09\/shure-55sh-ii-e1601485394796-142x300.jpg 142w\" sizes=\"auto, (max-width: 10px) 100vw, 10px\" \/> Hannes Herrmann <\/p>\n\n\n\n<p> <span style=\"text-decoration: underline;\">ab 15.50 Uhr<\/span> <\/p>\n\n\n\n<p><strong><em>Manchester City \u2013&nbsp;Norwich City (16.00 Uhr)<\/em><\/strong><\/p>\n\n\n\n<p><img loading=\"lazy\" decoding=\"async\" width=\"10\" height=\"21\" class=\"wp-image-3656\" style=\"width: 10px;\" src=\"http:\/\/kommentatorenblog.de\/wp-content\/uploads\/2020\/09\/shure-55sh-ii-e1601485394796.jpg\" alt=\"\" srcset=\"http:\/\/kommentatorenblog.de\/wp-content\/uploads\/2020\/09\/shure-55sh-ii-e1601485394796.jpg 415w, http:\/\/kommentatorenblog.de\/wp-content\/uploads\/2020\/09\/shure-55sh-ii-e1601485394796-142x300.jpg 142w\" sizes=\"auto, (max-width: 10px) 100vw, 10px\" \/> Joachim Hebel<\/p>\n\n\n\n<p><strong><em>Leeds United \u2013&nbsp;FC Everton (16.00 Uhr)<\/em><\/strong><\/p>\n\n\n\n<p><img loading=\"lazy\" decoding=\"async\" width=\"10\" height=\"21\" class=\"wp-image-3656\" style=\"width: 10px;\" src=\"http:\/\/kommentatorenblog.de\/wp-content\/uploads\/2020\/09\/shure-55sh-ii-e1601485394796.jpg\" alt=\"\" srcset=\"http:\/\/kommentatorenblog.de\/wp-content\/uploads\/2020\/09\/shure-55sh-ii-e1601485394796.jpg 415w, http:\/\/kommentatorenblog.de\/wp-content\/uploads\/2020\/09\/shure-55sh-ii-e1601485394796-142x300.jpg 142w\" sizes=\"auto, (max-width: 10px) 100vw, 10px\" \/> Sven Schr\u00f6ter<\/p>\n\n\n\n<p> <span style=\"text-decoration: underline;\">ab 18.20 Uhr<\/span> <\/p>\n\n\n\n<p><strong><em>Brighton &amp; Hove Albion \u2013 FC Watford (18.30 Uhr)<\/em><\/strong><\/p>\n\n\n\n<p><img loading=\"lazy\" decoding=\"async\" width=\"10\" height=\"21\" class=\"wp-image-3656\" style=\"width: 10px;\" src=\"http:\/\/kommentatorenblog.de\/wp-content\/uploads\/2020\/09\/shure-55sh-ii-e1601485394796.jpg\" alt=\"\" srcset=\"http:\/\/kommentatorenblog.de\/wp-content\/uploads\/2020\/09\/shure-55sh-ii-e1601485394796.jpg 415w, http:\/\/kommentatorenblog.de\/wp-content\/uploads\/2020\/09\/shure-55sh-ii-e1601485394796-142x300.jpg 142w\" sizes=\"auto, (max-width: 10px) 100vw, 10px\" \/> Uli Hebel<\/p>\n\n\n\n<p> <span style=\"text-decoration: underline;\">Sonntag, 22. August 2021, ab 14.50 Uhr<\/span> <\/p>\n\n\n\n<p><strong><em>FC Southampton \u2013 Manchester United (15.00 Uhr)<\/em><\/strong> <\/p>\n\n\n\n<p><img loading=\"lazy\" decoding=\"async\" width=\"10\" height=\"21\" class=\"wp-image-3656\" style=\"width: 10px;\" src=\"http:\/\/kommentatorenblog.de\/wp-content\/uploads\/2020\/09\/shure-55sh-ii-e1601485394796.jpg\" alt=\"\" srcset=\"http:\/\/kommentatorenblog.de\/wp-content\/uploads\/2020\/09\/shure-55sh-ii-e1601485394796.jpg 415w, http:\/\/kommentatorenblog.de\/wp-content\/uploads\/2020\/09\/shure-55sh-ii-e1601485394796-142x300.jpg 142w\" sizes=\"auto, (max-width: 10px) 100vw, 10px\" \/> Joachim Hebel<\/p>\n\n\n\n<p><strong><em>Wolverhampton Wanderers \u2013 Tottenham Hotspur (15.00 Uhr)<\/em><\/strong><\/p>\n\n\n\n<p><img loading=\"lazy\" decoding=\"async\" width=\"10\" height=\"21\" class=\"wp-image-3656\" style=\"width: 10px;\" src=\"http:\/\/kommentatorenblog.de\/wp-content\/uploads\/2020\/09\/shure-55sh-ii-e1601485394796.jpg\" alt=\"\" srcset=\"http:\/\/kommentatorenblog.de\/wp-content\/uploads\/2020\/09\/shure-55sh-ii-e1601485394796.jpg 415w, http:\/\/kommentatorenblog.de\/wp-content\/uploads\/2020\/09\/shure-55sh-ii-e1601485394796-142x300.jpg 142w\" sizes=\"auto, (max-width: 10px) 100vw, 10px\" \/> Hannes Herrmann<\/p>\n\n\n\n<p><span style=\"text-decoration: underline;\">ab 17.00 Uhr<\/span><\/p>\n\n\n\n<p><strong><em>FC Arsenal \u2013 FC Chelsea (17.30 Uhr)<\/em><\/strong><\/p>\n\n\n\n<p><img loading=\"lazy\" decoding=\"async\" width=\"10\" height=\"21\" class=\"wp-image-3656\" style=\"width: 10px;\" src=\"http:\/\/kommentatorenblog.de\/wp-content\/uploads\/2020\/09\/shure-55sh-ii-e1601485394796.jpg\" alt=\"\" srcset=\"http:\/\/kommentatorenblog.de\/wp-content\/uploads\/2020\/09\/shure-55sh-ii-e1601485394796.jpg 415w, http:\/\/kommentatorenblog.de\/wp-content\/uploads\/2020\/09\/shure-55sh-ii-e1601485394796-142x300.jpg 142w\" sizes=\"auto, (max-width: 10px) 100vw, 10px\" \/> Florian Schmidt-Sommerfeld, Experte: Ren\u00e9 Adler<\/p>\n\n\n\n<p>Field-Reporter: Raphael Honigstein <\/p>\n\n\n\n<p> <span style=\"text-decoration: underline;\">Montag, 23. August 2021, ab 20.50 Uhr<\/span> <\/p>\n\n\n\n<p><strong><em>West Ham United \u2013 Leicester City (21.00 Uhr) <\/em><\/strong><\/p>\n\n\n\n<p> <img loading=\"lazy\" decoding=\"async\" width=\"10\" height=\"21\" class=\"wp-image-3656\" style=\"width: 10px;\" src=\"http:\/\/kommentatorenblog.de\/wp-content\/uploads\/2020\/09\/shure-55sh-ii-e1601485394796.jpg\" alt=\"\" srcset=\"http:\/\/kommentatorenblog.de\/wp-content\/uploads\/2020\/09\/shure-55sh-ii-e1601485394796.jpg 415w, http:\/\/kommentatorenblog.de\/wp-content\/uploads\/2020\/09\/shure-55sh-ii-e1601485394796-142x300.jpg 142w\" sizes=\"auto, (max-width: 10px) 100vw, 10px\" \/>  Toni Tomic<\/p>\n\n\n\n<hr class=\"wp-block-separator\"\/>\n\n\n\n<p><strong>La Liga, 02. Spieltag (DAZN)<\/strong><\/p>\n\n\n\n<p><span style=\"text-decoration: underline;\">Samstag, 21. August 2021<\/span> <\/p>\n\n\n\n<p><strong><em>FC Granada \u2013 FC Valencia (19.30 Uhr)<\/em><\/strong><\/p>\n\n\n\n<p><img loading=\"lazy\" decoding=\"async\" width=\"10\" height=\"21\" class=\"wp-image-3656\" style=\"width: 10px;\" src=\"http:\/\/kommentatorenblog.de\/wp-content\/uploads\/2020\/09\/shure-55sh-ii-e1601485394796.jpg\" alt=\"\" srcset=\"http:\/\/kommentatorenblog.de\/wp-content\/uploads\/2020\/09\/shure-55sh-ii-e1601485394796.jpg 415w, http:\/\/kommentatorenblog.de\/wp-content\/uploads\/2020\/09\/shure-55sh-ii-e1601485394796-142x300.jpg 142w\" sizes=\"auto, (max-width: 10px) 100vw, 10px\" \/> Benni Zander<\/p>\n\n\n\n<p><strong><em>Athletic Bilbao \u2013 FC Barcelona (22.00 Uhr)<\/em><\/strong><\/p>\n\n\n\n<p><img loading=\"lazy\" decoding=\"async\" width=\"10\" height=\"21\" class=\"wp-image-3656\" style=\"width: 10px;\" src=\"http:\/\/kommentatorenblog.de\/wp-content\/uploads\/2020\/09\/shure-55sh-ii-e1601485394796.jpg\" alt=\"\" srcset=\"http:\/\/kommentatorenblog.de\/wp-content\/uploads\/2020\/09\/shure-55sh-ii-e1601485394796.jpg 415w, http:\/\/kommentatorenblog.de\/wp-content\/uploads\/2020\/09\/shure-55sh-ii-e1601485394796-142x300.jpg 142w\" sizes=\"auto, (max-width: 10px) 100vw, 10px\" \/> Uwe Morawe, Experte: Michael Hofmann<\/p>\n\n\n\n<p><span style=\"text-decoration: underline;\">Sonntag, 22. August 2021<\/span> <\/p>\n\n\n\n<p><strong><em>Atletico Madrid \u2013 FC Elche (19.30 Uhr)<\/em><\/strong><\/p>\n\n\n\n<p><img loading=\"lazy\" decoding=\"async\" width=\"10\" height=\"21\" class=\"wp-image-3656\" style=\"width: 10px;\" src=\"http:\/\/kommentatorenblog.de\/wp-content\/uploads\/2020\/09\/shure-55sh-ii-e1601485394796.jpg\" alt=\"\" srcset=\"http:\/\/kommentatorenblog.de\/wp-content\/uploads\/2020\/09\/shure-55sh-ii-e1601485394796.jpg 415w, http:\/\/kommentatorenblog.de\/wp-content\/uploads\/2020\/09\/shure-55sh-ii-e1601485394796-142x300.jpg 142w\" sizes=\"auto, (max-width: 10px) 100vw, 10px\" \/> Ruben Zimmermann <\/p>\n\n\n\n<p><strong><em>UD Levante \u2013 Real Madrid (22.00 Uhr)<\/em><\/strong><\/p>\n\n\n\n<p><img loading=\"lazy\" decoding=\"async\" width=\"10\" height=\"21\" class=\"wp-image-3656\" style=\"width: 10px;\" src=\"http:\/\/kommentatorenblog.de\/wp-content\/uploads\/2020\/09\/shure-55sh-ii-e1601485394796.jpg\" alt=\"\" srcset=\"http:\/\/kommentatorenblog.de\/wp-content\/uploads\/2020\/09\/shure-55sh-ii-e1601485394796.jpg 415w, http:\/\/kommentatorenblog.de\/wp-content\/uploads\/2020\/09\/shure-55sh-ii-e1601485394796-142x300.jpg 142w\" sizes=\"auto, (max-width: 10px) 100vw, 10px\" \/> Flo Hauser, Experte: Max Nicu <\/p>\n\n\n\n<p> <span style=\"text-decoration: underline;\">Montag, 23. August 2021<\/span> <\/p>\n\n\n\n<p><strong><em>FC Sevilla \u2013 Rayo Vallecano (21.00 Uhr)<\/em><\/strong><\/p>\n\n\n\n<p><img loading=\"lazy\" decoding=\"async\" width=\"10\" height=\"21\" class=\"wp-image-3656\" style=\"width: 10px;\" src=\"http:\/\/kommentatorenblog.de\/wp-content\/uploads\/2020\/09\/shure-55sh-ii-e1601485394796.jpg\" alt=\"\" srcset=\"http:\/\/kommentatorenblog.de\/wp-content\/uploads\/2020\/09\/shure-55sh-ii-e1601485394796.jpg 415w, http:\/\/kommentatorenblog.de\/wp-content\/uploads\/2020\/09\/shure-55sh-ii-e1601485394796-142x300.jpg 142w\" sizes=\"auto, (max-width: 10px) 100vw, 10px\" \/> Marcel Seufert<\/p>\n\n\n\n<hr class=\"wp-block-separator\"\/>\n\n\n\n<p><strong>Serie A, 01. Spieltag (DAZN) <\/strong><\/p>\n\n\n\n<p><span style=\"text-decoration: underline;\">Samstag, 21. August 2021, ab 18.15 Uhr<\/span> <\/p>\n\n\n\n<p><strong><em>Inter Mailand \u2013 CFC Genua 1893 (18.30 Uhr) <\/em><\/strong><\/p>\n\n\n\n<p><img loading=\"lazy\" decoding=\"async\" width=\"10\" height=\"21\" class=\"wp-image-3656\" style=\"width: 10px;\" src=\"http:\/\/kommentatorenblog.de\/wp-content\/uploads\/2020\/09\/shure-55sh-ii-e1601485394796.jpg\" alt=\"\" srcset=\"http:\/\/kommentatorenblog.de\/wp-content\/uploads\/2020\/09\/shure-55sh-ii-e1601485394796.jpg 415w, http:\/\/kommentatorenblog.de\/wp-content\/uploads\/2020\/09\/shure-55sh-ii-e1601485394796-142x300.jpg 142w\" sizes=\"auto, (max-width: 10px) 100vw, 10px\" \/> Mario Rieker, Experte: Christian Bernhard<\/p>\n\n\n\n<p><strong><em>FC Turin \u2013 Atalanta Bergamo (20.45 Uhr) <\/em><\/strong><\/p>\n\n\n\n<p><img loading=\"lazy\" decoding=\"async\" width=\"10\" height=\"21\" class=\"wp-image-3656\" style=\"width: 10px;\" src=\"http:\/\/kommentatorenblog.de\/wp-content\/uploads\/2020\/09\/shure-55sh-ii-e1601485394796.jpg\" alt=\"\" srcset=\"http:\/\/kommentatorenblog.de\/wp-content\/uploads\/2020\/09\/shure-55sh-ii-e1601485394796.jpg 415w, http:\/\/kommentatorenblog.de\/wp-content\/uploads\/2020\/09\/shure-55sh-ii-e1601485394796-142x300.jpg 142w\" sizes=\"auto, (max-width: 10px) 100vw, 10px\" \/> Franz B\u00fcchner <\/p>\n\n\n\n<p> <span style=\"text-decoration: underline;\">Sonntag, 21. August 2021<\/span><\/p>\n\n\n\n<p><strong><em>FC Bologna \u2013 US Salernitana (18.30 Uhr) <\/em><\/strong><\/p>\n\n\n\n<p> <img loading=\"lazy\" decoding=\"async\" width=\"10\" height=\"21\" class=\"wp-image-3656\" style=\"width: 10px;\" src=\"http:\/\/kommentatorenblog.de\/wp-content\/uploads\/2020\/09\/shure-55sh-ii-e1601485394796.jpg\" alt=\"\" srcset=\"http:\/\/kommentatorenblog.de\/wp-content\/uploads\/2020\/09\/shure-55sh-ii-e1601485394796.jpg 415w, http:\/\/kommentatorenblog.de\/wp-content\/uploads\/2020\/09\/shure-55sh-ii-e1601485394796-142x300.jpg 142w\" sizes=\"auto, (max-width: 10px) 100vw, 10px\" \/> Uwe Morawe<\/p>\n\n\n\n<p><strong><em>Udinese Calcio \u2013 Juventus Turin (18.30 Uhr) <\/em><\/strong><\/p>\n\n\n\n<p> <img loading=\"lazy\" decoding=\"async\" width=\"10\" height=\"21\" class=\"wp-image-3656\" style=\"width: 10px;\" src=\"http:\/\/kommentatorenblog.de\/wp-content\/uploads\/2020\/09\/shure-55sh-ii-e1601485394796.jpg\" alt=\"\" srcset=\"http:\/\/kommentatorenblog.de\/wp-content\/uploads\/2020\/09\/shure-55sh-ii-e1601485394796.jpg 415w, http:\/\/kommentatorenblog.de\/wp-content\/uploads\/2020\/09\/shure-55sh-ii-e1601485394796-142x300.jpg 142w\" sizes=\"auto, (max-width: 10px) 100vw, 10px\" \/> Carsten Fu\u00df, Experte: Sascha Bigalke <\/p>\n\n\n\n<p><strong><em>AS Rom \u2013 AC Florenz (20.45 Uhr) <\/em><\/strong><\/p>\n\n\n\n<p> <img loading=\"lazy\" decoding=\"async\" width=\"10\" height=\"21\" class=\"wp-image-3656\" style=\"width: 10px;\" src=\"http:\/\/kommentatorenblog.de\/wp-content\/uploads\/2020\/09\/shure-55sh-ii-e1601485394796.jpg\" alt=\"\" srcset=\"http:\/\/kommentatorenblog.de\/wp-content\/uploads\/2020\/09\/shure-55sh-ii-e1601485394796.jpg 415w, http:\/\/kommentatorenblog.de\/wp-content\/uploads\/2020\/09\/shure-55sh-ii-e1601485394796-142x300.jpg 142w\" sizes=\"auto, (max-width: 10px) 100vw, 10px\" \/> Stefan Galler <\/p>\n\n\n\n<hr class=\"wp-block-separator\"\/>\n\n\n\n<p><strong>Ligue 1, 03. Spieltag (DAZN)<\/strong><\/p>\n\n\n\n<p><span style=\"text-decoration: underline;\">Freitag, 20. August 2021<\/span> <\/p>\n\n\n\n<p><strong><em>Stade Brest \u2013 Paris Saint-Germain (21.00 Uhr)<\/em><\/strong><\/p>\n\n\n\n<p><img loading=\"lazy\" decoding=\"async\" width=\"10\" height=\"21\" class=\"wp-image-3656\" style=\"width: 10px;\" src=\"http:\/\/kommentatorenblog.de\/wp-content\/uploads\/2020\/09\/shure-55sh-ii-e1601485394796.jpg\" alt=\"\" srcset=\"http:\/\/kommentatorenblog.de\/wp-content\/uploads\/2020\/09\/shure-55sh-ii-e1601485394796.jpg 415w, http:\/\/kommentatorenblog.de\/wp-content\/uploads\/2020\/09\/shure-55sh-ii-e1601485394796-142x300.jpg 142w\" sizes=\"auto, (max-width: 10px) 100vw, 10px\" \/> Uli Hebel, Experte: Alexis Menuge <\/p>\n\n\n\n<p> <span style=\"text-decoration: underline;\">Samstag, 21. August 2021<\/span>  <\/p>\n\n\n\n<p> <strong><em>AS Monaco \u2013 RC Lens (17.00 Uhr)<\/em><\/strong> <\/p>\n\n\n\n<p> <img loading=\"lazy\" decoding=\"async\" width=\"10\" height=\"21\" class=\"wp-image-3656\" style=\"width: 10px;\" src=\"http:\/\/kommentatorenblog.de\/wp-content\/uploads\/2020\/09\/shure-55sh-ii-e1601485394796.jpg\" alt=\"\" srcset=\"http:\/\/kommentatorenblog.de\/wp-content\/uploads\/2020\/09\/shure-55sh-ii-e1601485394796.jpg 415w, http:\/\/kommentatorenblog.de\/wp-content\/uploads\/2020\/09\/shure-55sh-ii-e1601485394796-142x300.jpg 142w\" sizes=\"auto, (max-width: 10px) 100vw, 10px\" \/> Martin Sedlacek <\/p>\n\n\n\n<p> <span style=\"text-decoration: underline;\">Sonntag, 22. August 2021<\/span>  <\/p>\n\n\n\n<p> <strong><em>OGC Nizza \u2013 Olympique Marseille (20.45 Uhr)<\/em><\/strong> <\/p>\n\n\n\n<p> <img loading=\"lazy\" decoding=\"async\" width=\"10\" height=\"21\" class=\"wp-image-3656\" style=\"width: 10px;\" src=\"http:\/\/kommentatorenblog.de\/wp-content\/uploads\/2020\/09\/shure-55sh-ii-e1601485394796.jpg\" alt=\"\" srcset=\"http:\/\/kommentatorenblog.de\/wp-content\/uploads\/2020\/09\/shure-55sh-ii-e1601485394796.jpg 415w, http:\/\/kommentatorenblog.de\/wp-content\/uploads\/2020\/09\/shure-55sh-ii-e1601485394796-142x300.jpg 142w\" sizes=\"auto, (max-width: 10px) 100vw, 10px\" \/> Chris Putz <\/p>\n\n\n\n<hr class=\"wp-block-separator\"\/>\n\n\n\n<p><strong>DFB-Pokal Frauen, 1. Runde (Sky) <\/strong><\/p>\n\n\n\n<p> <span style=\"text-decoration: underline;\">Montag, 23. August 2021, ab 18.15 Uhr<\/span>  <\/p>\n\n\n\n<p><strong><em>Borussia M\u00f6nchengladbach \u2013 Borussia Bocholt (18.30 Uhr) <\/em><\/strong><\/p>\n\n\n\n<p> <img loading=\"lazy\" decoding=\"async\" width=\"10\" height=\"21\" class=\"wp-image-3656\" style=\"width: 10px;\" src=\"http:\/\/kommentatorenblog.de\/wp-content\/uploads\/2020\/09\/shure-55sh-ii-e1601485394796.jpg\" alt=\"\" srcset=\"http:\/\/kommentatorenblog.de\/wp-content\/uploads\/2020\/09\/shure-55sh-ii-e1601485394796.jpg 415w, http:\/\/kommentatorenblog.de\/wp-content\/uploads\/2020\/09\/shure-55sh-ii-e1601485394796-142x300.jpg 142w\" sizes=\"auto, (max-width: 10px) 100vw, 10px\" \/> Hannes Herrmann<\/p>\n\n\n\n<p>Moderation: Nele Schenker <\/p>\n\n\n\n<hr class=\"wp-block-separator\"\/>\n\n\n\n<p><strong>Internationaler Fu\u00dfball<\/strong> <strong>(Sportdigital.FUSSBALL)<\/strong>:  <\/p>\n\n\n\n<p><span style=\"text-decoration: underline;\">Freitag, 20. August 2021<\/span> <\/p>\n\n\n\n<p>Sky Bet Championship (4. Spieltag): <strong><em>Bristol City \u2013 Swansea City (20.45 Uhr)<\/em><\/strong><\/p>\n\n\n\n<p><img loading=\"lazy\" decoding=\"async\" width=\"10\" height=\"21\" class=\"wp-image-3656\" style=\"width: 10px;\" src=\"http:\/\/kommentatorenblog.de\/wp-content\/uploads\/2020\/09\/shure-55sh-ii-e1601485394796.jpg\" alt=\"\" srcset=\"http:\/\/kommentatorenblog.de\/wp-content\/uploads\/2020\/09\/shure-55sh-ii-e1601485394796.jpg 415w, http:\/\/kommentatorenblog.de\/wp-content\/uploads\/2020\/09\/shure-55sh-ii-e1601485394796-142x300.jpg 142w\" sizes=\"auto, (max-width: 10px) 100vw, 10px\" \/> Karsten Linke <\/p>\n\n\n\n<p><span style=\"text-decoration: underline;\">Samstag, 21. August 2021<\/span><\/p>\n\n\n\n<p>Sky Bet Championship (4. Spieltag): <strong><em>Queens Park Rangers \u2013 FC Barnsley (13.30 Uhr)<\/em><\/strong> <\/p>\n\n\n\n<p><img loading=\"lazy\" decoding=\"async\" width=\"10\" height=\"21\" class=\"wp-image-3656\" style=\"width: 10px;\" src=\"http:\/\/kommentatorenblog.de\/wp-content\/uploads\/2020\/09\/shure-55sh-ii-e1601485394796.jpg\" alt=\"\" srcset=\"http:\/\/kommentatorenblog.de\/wp-content\/uploads\/2020\/09\/shure-55sh-ii-e1601485394796.jpg 415w, http:\/\/kommentatorenblog.de\/wp-content\/uploads\/2020\/09\/shure-55sh-ii-e1601485394796-142x300.jpg 142w\" sizes=\"auto, (max-width: 10px) 100vw, 10px\" \/> Ulf Kahmke <\/p>\n\n\n\n<p> Sky Bet Championship (4. Spieltag): <strong><em>Sheffield United \u2013 Huddersfield Town (16.00 Uhr)<\/em><\/strong> <\/p>\n\n\n\n<p><img loading=\"lazy\" decoding=\"async\" width=\"10\" height=\"21\" class=\"wp-image-3656\" style=\"width: 10px;\" src=\"http:\/\/kommentatorenblog.de\/wp-content\/uploads\/2020\/09\/shure-55sh-ii-e1601485394796.jpg\" alt=\"\" srcset=\"http:\/\/kommentatorenblog.de\/wp-content\/uploads\/2020\/09\/shure-55sh-ii-e1601485394796.jpg 415w, http:\/\/kommentatorenblog.de\/wp-content\/uploads\/2020\/09\/shure-55sh-ii-e1601485394796-142x300.jpg 142w\" sizes=\"auto, (max-width: 10px) 100vw, 10px\" \/> Marvin Kirsch <\/p>\n\n\n\n<p>Primeira Liga (3. Spieltag): <strong><em>FC Gil Vicente \u2013 Benfica Lissabon (19.00 Uhr)<\/em><\/strong> <\/p>\n\n\n\n<p><img loading=\"lazy\" decoding=\"async\" width=\"10\" height=\"21\" class=\"wp-image-3656\" style=\"width: 10px;\" src=\"http:\/\/kommentatorenblog.de\/wp-content\/uploads\/2020\/09\/shure-55sh-ii-e1601485394796.jpg\" alt=\"\" srcset=\"http:\/\/kommentatorenblog.de\/wp-content\/uploads\/2020\/09\/shure-55sh-ii-e1601485394796.jpg 415w, http:\/\/kommentatorenblog.de\/wp-content\/uploads\/2020\/09\/shure-55sh-ii-e1601485394796-142x300.jpg 142w\" sizes=\"auto, (max-width: 10px) 100vw, 10px\" \/> Arne Malsch <\/p>\n\n\n\n<p>Eredivisie (2. Spieltag): <strong><em>PSV Eindhoven \u2013 SC Cambuur-Leeuwarden (21.00 Uhr)<\/em><\/strong> <\/p>\n\n\n\n<p><img loading=\"lazy\" decoding=\"async\" width=\"10\" height=\"21\" class=\"wp-image-3656\" style=\"width: 10px;\" src=\"http:\/\/kommentatorenblog.de\/wp-content\/uploads\/2020\/09\/shure-55sh-ii-e1601485394796.jpg\" alt=\"\" srcset=\"http:\/\/kommentatorenblog.de\/wp-content\/uploads\/2020\/09\/shure-55sh-ii-e1601485394796.jpg 415w, http:\/\/kommentatorenblog.de\/wp-content\/uploads\/2020\/09\/shure-55sh-ii-e1601485394796-142x300.jpg 142w\" sizes=\"auto, (max-width: 10px) 100vw, 10px\" \/> Christian Blunck<\/p>\n\n\n\n<p>Primeira Liga (3. Spieltag): <strong><em>Sporting Lissabon \u2013 Belenenses Lissabon (22.00 Uhr)<\/em><\/strong> <\/p>\n\n\n\n<p><img loading=\"lazy\" decoding=\"async\" width=\"10\" height=\"21\" class=\"wp-image-3656\" style=\"width: 10px;\" src=\"http:\/\/kommentatorenblog.de\/wp-content\/uploads\/2020\/09\/shure-55sh-ii-e1601485394796.jpg\" alt=\"\" srcset=\"http:\/\/kommentatorenblog.de\/wp-content\/uploads\/2020\/09\/shure-55sh-ii-e1601485394796.jpg 415w, http:\/\/kommentatorenblog.de\/wp-content\/uploads\/2020\/09\/shure-55sh-ii-e1601485394796-142x300.jpg 142w\" sizes=\"auto, (max-width: 10px) 100vw, 10px\" \/> Karsten Linke <\/p>\n\n\n\n<p>MLS (21. Spieltag): <strong><em>Columbus Crew \u2013 Seattle Sounders FC (23.55 Uhr)<\/em><\/strong> <\/p>\n\n\n\n<p><img loading=\"lazy\" decoding=\"async\" width=\"10\" height=\"21\" class=\"wp-image-3656\" style=\"width: 10px;\" src=\"http:\/\/kommentatorenblog.de\/wp-content\/uploads\/2020\/09\/shure-55sh-ii-e1601485394796.jpg\" alt=\"\" srcset=\"http:\/\/kommentatorenblog.de\/wp-content\/uploads\/2020\/09\/shure-55sh-ii-e1601485394796.jpg 415w, http:\/\/kommentatorenblog.de\/wp-content\/uploads\/2020\/09\/shure-55sh-ii-e1601485394796-142x300.jpg 142w\" sizes=\"auto, (max-width: 10px) 100vw, 10px\" \/> J\u00f6rg Steiger <\/p>\n\n\n\n<p><span style=\"text-decoration: underline;\">Sonntag, 22. August 2021<\/span><\/p>\n\n\n\n<p>Eredivisie (2. Spieltag): <strong><em>FC Twente Enschede \u2013 Ajax Amsterdam (12.15 Uhr)<\/em><\/strong>  <\/p>\n\n\n\n<p><img loading=\"lazy\" decoding=\"async\" width=\"10\" height=\"21\" class=\"wp-image-3656\" style=\"width: 10px;\" src=\"http:\/\/kommentatorenblog.de\/wp-content\/uploads\/2020\/09\/shure-55sh-ii-e1601485394796.jpg\" alt=\"\" srcset=\"http:\/\/kommentatorenblog.de\/wp-content\/uploads\/2020\/09\/shure-55sh-ii-e1601485394796.jpg 415w, http:\/\/kommentatorenblog.de\/wp-content\/uploads\/2020\/09\/shure-55sh-ii-e1601485394796-142x300.jpg 142w\" sizes=\"auto, (max-width: 10px) 100vw, 10px\" \/> Karsten Linke<\/p>\n\n\n\n<p>Eredivisie (2. Spieltag): <strong><em>Feyenoord Rotterdam \u2013 Go Ahead Eagles (14.30 Uhr)<\/em><\/strong>  <\/p>\n\n\n\n<p><img loading=\"lazy\" decoding=\"async\" width=\"10\" height=\"21\" class=\"wp-image-3656\" style=\"width: 10px;\" src=\"http:\/\/kommentatorenblog.de\/wp-content\/uploads\/2020\/09\/shure-55sh-ii-e1601485394796.jpg\" alt=\"\" srcset=\"http:\/\/kommentatorenblog.de\/wp-content\/uploads\/2020\/09\/shure-55sh-ii-e1601485394796.jpg 415w, http:\/\/kommentatorenblog.de\/wp-content\/uploads\/2020\/09\/shure-55sh-ii-e1601485394796-142x300.jpg 142w\" sizes=\"auto, (max-width: 10px) 100vw, 10px\" \/> Ulf Kahmke<\/p>\n\n\n\n<p>Primeira Liga (3. Spieltag): <em style=\"font-weight: bold;\">Maritimo Funchal <strong><em><strong><em>\u2013<\/em><\/strong><\/em><\/strong> FC Porto (19.00 Uhr)<\/em><\/p>\n\n\n\n<p><img loading=\"lazy\" decoding=\"async\" width=\"10\" height=\"21\" class=\"wp-image-3656\" style=\"width: 10px;\" src=\"http:\/\/kommentatorenblog.de\/wp-content\/uploads\/2020\/09\/shure-55sh-ii-e1601485394796.jpg\" alt=\"\" srcset=\"http:\/\/kommentatorenblog.de\/wp-content\/uploads\/2020\/09\/shure-55sh-ii-e1601485394796.jpg 415w, http:\/\/kommentatorenblog.de\/wp-content\/uploads\/2020\/09\/shure-55sh-ii-e1601485394796-142x300.jpg 142w\" sizes=\"auto, (max-width: 10px) 100vw, 10px\" \/> Karsten Linke <\/p>\n\n\n\n<p>Campeonato Brasileiro (17. Spieltag): <strong><em>Athletico Paranaense \u2013 Corinthians (21.00 Uhr)<\/em><\/strong>  <\/p>\n\n\n\n<p><img loading=\"lazy\" decoding=\"async\" width=\"10\" height=\"21\" class=\"wp-image-3656\" style=\"width: 10px;\" src=\"http:\/\/kommentatorenblog.de\/wp-content\/uploads\/2020\/09\/shure-55sh-ii-e1601485394796.jpg\" alt=\"\" srcset=\"http:\/\/kommentatorenblog.de\/wp-content\/uploads\/2020\/09\/shure-55sh-ii-e1601485394796.jpg 415w, http:\/\/kommentatorenblog.de\/wp-content\/uploads\/2020\/09\/shure-55sh-ii-e1601485394796-142x300.jpg 142w\" sizes=\"auto, (max-width: 10px) 100vw, 10px\" \/> Christian Blunck <\/p>\n\n\n\n<p>Campeonato Brasileiro (17. Spieltag): <strong><em>Santos FC \u2013 Internacional (23.15 Uhr)   <\/em><\/strong><\/p>\n\n\n\n<p><img loading=\"lazy\" decoding=\"async\" width=\"10\" height=\"21\" class=\"wp-image-3656\" style=\"width: 10px;\" src=\"http:\/\/kommentatorenblog.de\/wp-content\/uploads\/2020\/09\/shure-55sh-ii-e1601485394796.jpg\" alt=\"\" srcset=\"http:\/\/kommentatorenblog.de\/wp-content\/uploads\/2020\/09\/shure-55sh-ii-e1601485394796.jpg 415w, http:\/\/kommentatorenblog.de\/wp-content\/uploads\/2020\/09\/shure-55sh-ii-e1601485394796-142x300.jpg 142w\" sizes=\"auto, (max-width: 10px) 100vw, 10px\" \/> J\u00f6rg Steiger<\/p>\n\n\n\n<p><span style=\"text-decoration: underline;\">Montag, 23. August 2021<\/span><\/p>\n\n\n\n<p>Liga Profesional (7. Spieltag): <strong><em>Gimnasia \u2013 CA River Plate (01.15 Uhr)<\/em><\/strong>  <\/p>\n\n\n\n<p><img loading=\"lazy\" decoding=\"async\" width=\"10\" height=\"21\" class=\"wp-image-3656\" style=\"width: 10px;\" src=\"http:\/\/kommentatorenblog.de\/wp-content\/uploads\/2020\/09\/shure-55sh-ii-e1601485394796.jpg\" alt=\"\" srcset=\"http:\/\/kommentatorenblog.de\/wp-content\/uploads\/2020\/09\/shure-55sh-ii-e1601485394796.jpg 415w, http:\/\/kommentatorenblog.de\/wp-content\/uploads\/2020\/09\/shure-55sh-ii-e1601485394796-142x300.jpg 142w\" sizes=\"auto, (max-width: 10px) 100vw, 10px\" \/> Marcus Radefeld <\/p>\n\n\n\n<hr class=\"wp-block-separator\"\/>\n\n\n\n<p><strong>Die Analyse<\/strong> <\/p>\n\n\n\n<p><strong>Bundesliga die zweite! <\/strong><\/p>\n\n\n\n<p>Was f\u00fcr ein Auftakt in die neue Saison: Furios startete der BVB durch einen 5:2 Erfolg gegen Eintracht Frankfurt. Die Bayern konnten auch dieses Mal nicht in Gladbach gewinnen und die Leipziger strauchelten bei den dezimierten Mainzern. Die Fu\u00dfballfans in Deutschland d\u00fcrfen sich auf eine spannende Bundesliga-Saison freuen. Unter der Woche sicherten sich die Bayern in einem spannungsgeladenen Duell gegen die Dortmunder den DFL Supercup. Nun aber der Fokus auf dieses Wochenende. <\/p>\n\n\n\n<p>Der 2. Spieltag startet am Freitag mit einem, meiner Meinung nach, absoluten Topspiel. Leipzig-Stuttgart. Bei diesem Spiel gibt es die ein oder andere \u00dcberraschung in Sachen Personal: Michael Born kommentiert f\u00fcnf Tage nach seinem ersten Spiel f\u00fcr DAZN direkt sein zweites, Freddy Harder moderiert, zusammen mit Benny Lauth (das erste mal war dies der Fall am 28. Spieltag der vergangenen Saison bei der Montag Abend Partie Hoffenheim-Leverkusen). Auf Stimmenfang in der Red Bull Arena geht \u00fcberraschenderweise Marco Hagemann. Ich hab ihn extra nochmal gefragt ob es sein erster Einsatz als Field-Reporter f\u00fcr DAZN sei: Ja, es ist sein erster. Leider wird aber auch nur er im Stadion sein. <\/p>\n\n\n\n<p>Sky \u00fcbertr\u00e4gt auch am zweiten Spieltag den kompletten Samstag&nbsp; ab 14.00 Uhr live. Dann begr\u00fc\u00dft Moderatorin Britta Hofmann gemeinsam mit dem Sky Experten Didi Hamann die Zuschauer zur Primetime des deutschen Fu\u00dfballs zur Vorberichterstattung und stimmt auf die Spiele des Nachmittags ein. Auf dem Programm steht die Partie zwischen dem SC Freiburg und Borussia Dortmund. Martin Gro\u00df und Ulli Potofski reisen in den Breisgau. Au\u00dferdem spielt Hertha BSC gegen den VfL Wolfsburg. Kommentator in der Hauptstadt ist wie bereits letzte Woche Hansi K\u00fcpper. Begleitet wird er von Katharina Kleinfeld. Eintracht Frankfurt empf\u00e4ngt den FC Augsburg (Klaus Veltman\/Riccardo Basile) und der VfL Bochum bestreitet das erste Bundesliga-Heimspiel seit 11 Jahren gegen den FSV Mainz 05. Marcus Lindemann und Dirk gro\u00dfe Schlarmann sind Vorort. Au\u00dferdem kommt es zur Begegnung zwischen der SpVgg. Greuther F\u00fcrth und Arminia Bielefeld. Oliver Seidler ist der Kommentator und hat eine etwas l\u00e4ngere Reise vor sich als noch letzte Woche. Auf Stimmenfang geht Michael Leopold. Die Konferenz ist dieses Wochenende sehr gut besetzt: Kai Dittmann \u00fcbernimmt den BVB, Florian Schmidt-Sommerfeld wieder den VfL aus Bochum, Buschi kehrt aus seinem Urlaub zur\u00fcck und darf die SGE beobachten, Roland Evers wird hoffentlich einige Tore aus Berlin vermelden d\u00fcrfen und Jonas Friedrich bekommt nach seinem ersten Champions League Einsatz f\u00fcr Amazon wie bereits letztes Wochenende die Arminia aus Bielefeld zu Gesicht.<\/p>\n\n\n\n<p>Direkt im Anschluss treffen Bayer 04 Leverkusen und Borussia M\u00f6nchengladbach im Topspiel der Woche aufeinander. Beide Teams sind mit einem neuen Cheftrainern in die neue Saison gegangen und sind jeweils mit einem Unentschieden gestartet. Ab 17.30 Uhr begr\u00fc\u00dfen Sky Experte Lothar Matth\u00e4us und Moderator Sebastian Hellmann die Zuschauer zum Spiel in der Bay-Arena. Wolff Fuss kommentiert das Ganze. Die Interviews f\u00fcrth Patrick Wasserziehr. Sprich: das identische Team wie letzte Woche in Dortmund. <\/p>\n\n\n\n<p>Am Sonntag gibt es keine spektakul\u00e4ren Ansetzungen bei DAZN: Beim 15.30 Uhr Spiel (Hoffenheim-Union) moderiert wie bereits letzten Sonntag Lukas Sch\u00f6nm\u00fcller. Uli Hebel kommentiert die Partie zusammen mit Sebastian Knei\u00dfl. Max Siebald f\u00fchrt die Interviews in der PreZero Arena. Am Abend wird dann noch der Deckel auf den 2. Spieltag drauf gemacht: der 1. FC K\u00f6ln ist zu Gast beim FC Bayern M\u00fcnchen. Der Vorlauf beginnt wieder bereits um 16.30 Uhr. Und wieder ist Laura Wontorra mit von der Partie, diesmal aber zusammen mit Ralph Gunesch. Daniel Herzog ist f\u00fcr die Interviews zust\u00e4ndig und Jan Platte kommentiert die Partie. <\/p>\n\n\n\n<p>2. Liga: Zur 2. Bundesliga gibt&#8217;s nicht allzu viel zu sagen. Hartmut von Kameke moderiert am Freitag, Peter Hardenacke am Samstag und Yannick Erkenbrecher zusammen mit Torsten Mattuschka am Sonntag. Auch die Kommentatoren sind wieder die \u00fcblichen Verd\u00e4chtigen: J\u00fcrgen Schmitz, Jogi Hebel, Heiko Mallwitz, Toni Tomic, Torsten Kunde, Sven Schr\u00f6ter, Markus Gaupp &amp; Co. Das Topspiel \u00fcbernehmen wie gewohnt Stefan Hempel und Torsten Mattuschka. Es geht nach Rostock. Wie immer nat\u00fcrlich auch f\u00fcr das Team von SPORT1. <\/p>\n\n\n\n<p>3. Liga: Die ARD \u00fcbertr\u00e4gt wieder in vier dritten Programmen. Mit Ausnahme von Wienpahl im SWR kommt bekanntes Personal zum Einsatz. Andreas Mann \u00fcberrascht mit einem Doppeleinsatz, erst bei der Telekom und dann beim MDR. Daneben gibt es weitere Doppeleins\u00e4tze bei Magenta, u.a. Sattler und M\u00fcnkel. Dazu f\u00e4llt auf, dass bei Magenta viele \u00d6R-Gesichter am Wochenende zusehen sind.<\/p>\n\n\n\n<p><strong>Uli Hebel ist zur\u00fcck! <\/strong><\/p>\n\n\n\n<p>Neben Joachim Hebel kommentiert bekannterma\u00dfen jetzt auch Uli Hebel die Premier League live auf Sky. Sein erster Einsatz ist am Samstag um 18.30 Uhr. Er kommentiert das Duell zwischen Brighton und Aufsteiger Waford, die beide mit 3 Punkten in die Saison starteten. Sonst gibt&#8217;s in Sachen Kommentatoren keine gro\u00dfen \u00dcberraschungen in der h\u00f6chsten englischen Spielklasse. Joachim Hebel wird nach seinem 2. Liga Spiel am Freitag, Samstag und Sonntag Einsatz zwei und drei absolvieren. Er k\u00fcmmert sich um die beiden Manchester Clubs. Hannes Herrmann darf dieses Wochenende zweimal in der Premier League ran, Sven Schr\u00f6ter k\u00fcmmert sich wieder um die Toffees aus Everton und Schmiso macht das London Derby zwischen Arsenal und Chelsea zusammen mit Ren\u00e9 Adler. Am Montag gibt&#8217;s dann noch das Duell West Ham gegen Leicester. Toni Tomic kommentiert. <\/p>\n\n\n\n<p>Serie A: Der Auftakt in die neue Saison der Serie A, Samstag um 18.30 Uhr trifft Meister Inter auf den CFC Genua, wird von Mario Rieker und Italien-Experte Christian Bernhard kommentiert. Um 20.45 Uhr k\u00fcmmert sich dann Franz B\u00fcchner um Robin Gosens und Atalanta Bergamo. Am Sonntag begleitet Uwe Morawe den Aufsteiger Salernitana beim FC Bologna. Carsten Fu\u00df k\u00fcmmert sich wie schon so oft um CR7. Und zu guter letzt macht Stefan Galler, der schon wieder keine Ligue 1 kommentieren darf, den Deckel auf den Sonntag mit dem Deb\u00fct von &#8222;The Special One&#8220;, Jose Mourinho. <\/p>\n\n\n\n<p>Ligue 1: Zur Ligue 1 muss man nicht allzu viel sagen: Uli Hebel und Alexis Menuge k\u00fcmmern sich um Paris Saint-Germain bei Brest, Martin Sedlacek kommentiert die Partie der AS Monaco und Chris Putz \u00fcbernimmt Olympique Marseille. <\/p>\n\n\n\n<p><strong>DFB-Pokal der Frauen! <\/strong><\/p>\n\n\n\n<p>Der DFB-Pokal der Frauen l\u00e4uft ab dieser auch bei Sky. Sky \u00fcbertr\u00e4gt von der ersten Runde bis einschlie\u00dflich des Finals in K\u00f6ln sechs Partien live. Hannes Herrmann (Kommentar) und Nele Schenker (Moderation) k\u00fcmmern sich am Montag ab 18.15 Uhr um das Duell Borussia M\u00f6nchengladbach gegen Borussia Bocholt.<\/p>\n\n\n\n<p>Bei Sportdigital.FUSSBALL gibt es auch dieses Wochenende jede Menge Fu\u00dfball zu sehen. Von den Niederlanden bis Brasilien ist alles dabei. Eure Kommentatoren sind: Karsten Linke, Ulf Kahmke, Marvin Kirsch, Arne Malsch, Christian Blunck, J\u00f6rg Steiger und Marcus Radefeld. <\/p>\n\n\n\n<p>Ein Flei\u00dfk\u00e4rtchen m\u00f6chte ich noch verteilen: Hannes Herrmann kommentiert dieses Wochenende ganze vier Partien! (Freitag, 2. Liga Konferenz, Samstag: Liverpool-Burnley, Sonntag: Wolves-Spurs, Montag: DFB-Pokal der Frauen) <\/p>\n\n\n\n<p>Das war&#8217;s dann f\u00fcr heute! Ich w\u00fcnsche euch ein sportliches und vor allem sch\u00f6nes Wochenende! <\/p>\n\n\n\n<p>Danke auch nochmal an Nico und Jonas die mir bei diesem Beitrag etwas unter die Arme gegriffen haben. \ud83d\ude42  <\/p>\n","protected":false},"excerpt":{"rendered":"<p>N\u2019Abend allerseits, Heute verzichte ich mal auf ein gro\u00dfes Vorwort. Viel zu bequatschen gibt es ja eigentlich nicht wirklich. Deshalb folgt nur ein kurzer Kommentar zu den anstehenden Partien am 2. Spieltag der Fu\u00dfball Bundesliga. Eure Tipps und weitere Anregungen gerne in die Kommentare! \ud83d\ude42 RB Leipzig \u2013 VfB Stuttgart: Erstes US-Duell an der Seitenlinie:&nbsp;Beim [&hellip;]<\/p>\n","protected":false},"author":7,"featured_media":0,"comment_status":"open","ping_status":"open","sticky":false,"template":"","format":"standard","meta":{"footnotes":""},"categories":[424],"tags":[34,292,216,46,166,73,256,212,13,30,392,592,89,61,120,295,104,25,211,92,48,347,69,86,93,489,585,53,378,44,31,205,9,70,43,112,572,243,121,118,67,95,130,279,383,593,114,88,409,113,497,94,29,108,584,45,76,12,98,222,22,66,394,28,135,27,395,496,24,87,346,105,289,107,196],"class_list":["post-10125","post","type-post","status-publish","format-standard","hentry","category-bundesliga-und-co","tag-alex-klich","tag-alex-kunz","tag-andreas-mann","tag-anett-sattler","tag-benny-lauth","tag-britta-hofmann","tag-cedric-pick","tag-daniel-herzog","tag-dazn","tag-didi-hamann","tag-dirk-grosse-schlarmann","tag-fabian-greve","tag-florian-schmidt-sommerfeld","tag-frank-buschmann","tag-franz-buechner","tag-freddy-harder","tag-hannes-herrmann","tag-hansi-kuepper","tag-hartmut-von-kameke","tag-heiko-mallwitz","tag-jan-platte","tag-joachim-hebel","tag-jonas-friedrich","tag-juergen-schmitz","tag-kai-dittmann","tag-kamila-benschop","tag-katharina-kleinfeldt","tag-klaus-veltmann","tag-konstantin-klostermann","tag-laura-wontorra","tag-lothar-matthaeus","tag-lukas-schoenmueller","tag-magenta-sport","tag-marcel-meinert","tag-marco-hagemann","tag-marcus-lindemann","tag-mario-bast","tag-mario-rieker","tag-markus-gaupp","tag-markus-herwig","tag-markus-hoehner","tag-martin-gross","tag-martin-piller","tag-max-siebald","tag-michael-augustin","tag-michael-bollenbacher","tag-michael-born","tag-michael-leopold","tag-mike-muenkel","tag-oliver-seidler","tag-patrick-halatsch","tag-patrick-wasserziehr","tag-peter-hardenacke","tag-ralph-gunesch","tag-riccardo-basile","tag-roland-evers","tag-ruth-hofmann","tag-sascha-bandermann","tag-sebastian-hellmann","tag-sebastian-kneissl","tag-sky","tag-sport1","tag-stefan-fuckert","tag-stefan-hempel","tag-stefanie-blochwitz","tag-sven-schroeter","tag-tobi-schaefer","tag-tom-scheunemann","tag-toni-tomic","tag-torsten-kunde","tag-torsten-mattuschka","tag-uli-hebel","tag-ulli-potofski","tag-wolff-fuss","tag-yannick-erkenbrecher"],"_links":{"self":[{"href":"http:\/\/kommentatorenblog.de\/index.php?rest_route=\/wp\/v2\/posts\/10125","targetHints":{"allow":["GET"]}}],"collection":[{"href":"http:\/\/kommentatorenblog.de\/index.php?rest_route=\/wp\/v2\/posts"}],"about":[{"href":"http:\/\/kommentatorenblog.de\/index.php?rest_route=\/wp\/v2\/types\/post"}],"author":[{"embeddable":true,"href":"http:\/\/kommentatorenblog.de\/index.php?rest_route=\/wp\/v2\/users\/7"}],"replies":[{"embeddable":true,"href":"http:\/\/kommentatorenblog.de\/index.php?rest_route=%2Fwp%2Fv2%2Fcomments&post=10125"}],"version-history":[{"count":241,"href":"http:\/\/kommentatorenblog.de\/index.php?rest_route=\/wp\/v2\/posts\/10125\/revisions"}],"predecessor-version":[{"id":10433,"href":"http:\/\/kommentatorenblog.de\/index.php?rest_route=\/wp\/v2\/posts\/10125\/revisions\/10433"}],"wp:attachment":[{"href":"http:\/\/kommentatorenblog.de\/index.php?rest_route=%2Fwp%2Fv2%2Fmedia&parent=10125"}],"wp:term":[{"taxonomy":"category","embeddable":true,"href":"http:\/\/kommentatorenblog.de\/index.php?rest_route=%2Fwp%2Fv2%2Fcategories&post=10125"},{"taxonomy":"post_tag","embeddable":true,"href":"http:\/\/kommentatorenblog.de\/index.php?rest_route=%2Fwp%2Fv2%2Ftags&post=10125"}],"curies":[{"name":"wp","href":"https:\/\/api.w.org\/{rel}","templated":true}]}}