{"id":10255,"date":"2021-08-23T20:31:15","date_gmt":"2021-08-23T18:31:15","guid":{"rendered":"http:\/\/kommentatorenblog.de\/?p=10255"},"modified":"2021-08-25T16:51:29","modified_gmt":"2021-08-25T14:51:29","slug":"1191-paralympics-und-das-uebliche","status":"publish","type":"post","link":"http:\/\/kommentatorenblog.de\/?p=10255","title":{"rendered":"1191 \u2013 Paralympics und das \u00dcbliche"},"content":{"rendered":"\n<p>N\u2019Abend allerseits,<\/p>\n\n\n\n<p>im heutigen Eintrag m\u00f6chte ich auf ein Sportereignis hinweisen, das inmitten der immer weiter aufkeimenden Fu\u00dfball-Saison nicht in Vergessenheit geraten soll. Gemeint sind die Paralympics in Japan, die am morgigen Dienstag beginnen. Wie schon bei den Olympischen Spielen gibt es neue Sportarten im Programm. Badminton (mit sechs deutschen Sportlerinnen und Sportlern) und Taekwondo (ohne deutsche Beteiligung) erg\u00e4nzen die bestehenden Disziplinen.<\/p>\n\n\n\n<p><strong>Beim Goalball lohnt es sich einzuschalten<\/strong><\/p>\n\n\n\n<p>Dazu z\u00e4hlt unter anderem Blindenfu\u00dfball, das 2004 in den Kanon der olympischen Disziplinen aufgenommen wurde. Doch in dieser Sportart dominieren tats\u00e4chlich andere Nationen. Gr\u00f6\u00dfere Chancen hat Deutschland wohl beim Goalball. Der Ball wird dort nicht aufs Tor geschossen, sondern geworfen. Es gibt pro Team drei sehbehinderte oder blinde Torh\u00fcter, die versuchen, den oftmals mit Spin geschleuderten Ball einfach nur anhand seines Ger\u00e4uschs beim Auftitschen aufzuhalten. Im Inneren des Balles befinden sich Gl\u00f6ckchen zur akustischen Wahrnehmung.<\/p>\n\n\n\n<p>Durch Zufall bin ich bereits vor l\u00e4ngerer Zeit auf die Sportart gesto\u00dfen, die im \u00dcbrigen paralympische Tradition hat und gro\u00dfe Beliebtheit erf\u00e4hrt. Die Spiele sind wirklich unterhaltsam, wenngleich man sich manchmal etwas gedulden muss, bis ein Treffer f\u00e4llt. Ich kann Goalball auch deshalb guten Gewissens empfehlen, weil Deutschland dort hoffentlich Chancen auf eine Medaille hat. Bei der EM 2019 im eigenen Land holte das deutsche Team die Goldmedaille und bezwang im Halbfinale den amtierenden Paralympics-Sieger Litauen. Vielleicht klappt es ja nun endlich auch wieder mit einer paralympischen Medaille.<\/p>\n\n\n\n<p><strong>Die Paralympics im deutschen TV<\/strong><\/p>\n\n\n\n<p>ARD und&nbsp;ZDF&nbsp;sind bei den&nbsp;Paralympics konkurrenzlos. Anders als bei den Olympischen Spielen l\u00e4uft das Sportereignis einzig und allein bei den \u00d6ffentlich Rechtlichen. Die Er\u00f6ffnungsfeier gibt es am morgigen Dienstag zwischen 12.50 Uhr und 17 Uhr im Ersten zu sehen, der erste Wettkampf-Tag erwartet uns Mittwoch, ebenfalls berichtet die ARD. Fortan wechseln sich ZDF und ARD Tag f\u00fcr Tag ab, so wie wir es von Olympia kennen. Insgesamt sind jeweils 35 Sendestunden eingeplant. Bei beiden Sendern berichten die Moderatoren von vor Ort und werden im Olympia-Studio in Tokio von Expertinnen und Experten unterst\u00fctzt. Die ARD hat insgesamt mehr Kommentatoren, doch nur zwei berichten aus Tokio. Die Live-Reporter des ZDF melden sich allesamt aus Fernost.<\/p>\n\n\n\n<p><strong><span class=\"has-inline-color has-vivid-cyan-blue-color\">Das Paralympics-Team der ARD<\/span><\/strong><\/p>\n\n\n\n<p><strong>Moderation<\/strong>: Michael Antwerpes<br><strong>Experten:<\/strong>&nbsp;Kirsten Bruhn, Heinrich Popow<\/p>\n\n\n\n<p><strong>Kommentatoren vor Ort:<\/strong><\/p>\n\n\n\n<p>Tim&nbsp;Tonder (Para Leichtathletik)<br>Torsten P\u00fcschel (Para&nbsp;Schwimmen)<\/p>\n\n\n\n<p><strong>Weitere Kommentatoren:<\/strong><\/p>\n\n\n\n<p>Stephan Schiffner (Rollstuhlbasketball)<br>Jan Neumann (Sitzvolleyball)<br>Michael Bollenbacher (Goalball)<br>Hendrik Deichmann (Para&nbsp;Radsport, Rollstuhltennis)<br>Christina Graf (Para&nbsp;Tischtennis, Para&nbsp;Badminton)<br>Benedikt Brinsa (Para Dressursport)<br>Jonas Sch\u00fctzeberg (Para Rudern, Para Kanu)<br>Sebastian Rieth (Para&nbsp;Judo, Para&nbsp;Triathlon)<\/p>\n\n\n\n<p><span class=\"has-inline-color has-luminous-vivid-orange-color\"><strong>Das Paralympics-Team des ZDF<\/strong><br><\/span><br><strong>Moderation<\/strong>: Yorck Polus<br><strong>Experte:<\/strong>&nbsp;Matthias Berg<br><br><strong>Kommentatoren vor Ort:<\/strong><br>Anja Fr\u00f6hlich (Para Leichtathletik)<br>Stefan Bier (Para Leichtathletik)<br>Marc Windgassen (Para Schwimmen)<br>Norbert Galeske (Rollstuhlbasketball)<br>Michael Kreutz (Para Tischtennis)<br>Michael Pfeffer Para Radsport Bahn, Para Radsport Sra\u00dfe)<\/p>\n\n\n\n<p>Und damit weiter zum Tagesgesch\u00e4ft.<\/p>\n\n\n\n<p><strong><em>Die Ansetzungen vom 24. August bis zum 26. August 2021<\/em><\/strong><\/p>\n\n\n\n<p><strong>DFB-Pokal, 1. Runde, Nachholspiel<\/strong><\/p>\n\n\n\n<p><span style=\"text-decoration: underline;\">Mittwoch, 25. August 2021,<span style=\"text-decoration: underline;\"> ab <meta charset=\"utf-8\"><span style=\"text-decoration: underline;\"><span style=\"text-decoration: underline;\">ab 18.30 Uhr (Sport1)<\/span><\/span> \/ ab 19.45 Uhr (Sky)<\/span><\/span><\/p>\n\n\n\n<p><strong><em>Bremer SV \u2013 FC Bayern M\u00fcnchen (20.15 Uhr)<\/em><\/strong> <\/p>\n\n\n\n<p>Sport1: <img loading=\"lazy\" decoding=\"async\" width=\"10\" height=\"21\" class=\"wp-image-3656\" style=\"width: 10px;\" src=\"http:\/\/kommentatorenblog.de\/wp-content\/uploads\/2020\/09\/shure-55sh-ii-e1601485394796.jpg\" alt=\"\" srcset=\"http:\/\/kommentatorenblog.de\/wp-content\/uploads\/2020\/09\/shure-55sh-ii-e1601485394796.jpg 415w, http:\/\/kommentatorenblog.de\/wp-content\/uploads\/2020\/09\/shure-55sh-ii-e1601485394796-142x300.jpg 142w\" sizes=\"auto, (max-width: 10px) 100vw, 10px\" \/> Markus H\u00f6hner, Field-Reporter: Fabian Greve<\/p>\n\n\n\n<p>Sky: <img loading=\"lazy\" decoding=\"async\" width=\"10\" height=\"21\" class=\"wp-image-3656\" style=\"width: 10px;\" src=\"http:\/\/kommentatorenblog.de\/wp-content\/uploads\/2020\/09\/shure-55sh-ii-e1601485394796.jpg\" alt=\"\" srcset=\"http:\/\/kommentatorenblog.de\/wp-content\/uploads\/2020\/09\/shure-55sh-ii-e1601485394796.jpg 415w, http:\/\/kommentatorenblog.de\/wp-content\/uploads\/2020\/09\/shure-55sh-ii-e1601485394796-142x300.jpg 142w\" sizes=\"auto, (max-width: 10px) 100vw, 10px\" \/> Wolff Fuss<\/p>\n\n\n\n<p>Moderation: Thomas Helmer, Experte: Stefan Effenberg<\/p>\n\n\n\n<p>Moderation (Sky): Patrick Wasserziehr<\/p>\n\n\n\n<hr class=\"wp-block-separator\"\/>\n\n\n\n<p><strong>Conference League, Playoffs, R\u00fcckspiel<\/strong><\/p>\n\n\n\n<p><meta charset=\"utf-8\"><span style=\"text-decoration: underline;\">Donnerstag, 26. August 2021,<span style=\"text-decoration: underline;\"> ab 19.45 Uhr (Nitro)<\/span><\/span><\/p>\n\n\n\n<p><strong><em><meta charset=\"utf-8\"><strong><em>1. FC Union Berlin \u2013 Kuopion Palloseura (20.15 Uhr)<\/em><\/strong><\/em><\/strong><\/p>\n\n\n\n<p><img loading=\"lazy\" decoding=\"async\" width=\"10\" height=\"21\" class=\"wp-image-3656\" style=\"width: 10px;\" src=\"http:\/\/kommentatorenblog.de\/wp-content\/uploads\/2020\/09\/shure-55sh-ii-e1601485394796.jpg\" alt=\"\" srcset=\"http:\/\/kommentatorenblog.de\/wp-content\/uploads\/2020\/09\/shure-55sh-ii-e1601485394796.jpg 415w, http:\/\/kommentatorenblog.de\/wp-content\/uploads\/2020\/09\/shure-55sh-ii-e1601485394796-142x300.jpg 142w\" sizes=\"auto, (max-width: 10px) 100vw, 10px\" \/> Marco Hagemann, Experte: Steffen Freund<\/p>\n\n\n\n<p>Moderation: Laura Papendick, Experte: (Karl Heinz Riedle)<\/p>\n\n\n\n<hr class=\"wp-block-separator\"\/>\n\n\n\n<p><strong>3. Liga, 5. Spieltag (Magenta Sport)<\/strong><\/p>\n\n\n\n<p><span style=\"text-decoration: underline;\">Dienstag, 24. August 2021, ab 18.30 Uhr<\/span><\/p>\n\n\n\n<p><strong><em>Hallescher FC \u2013 1. FC Kaiserslautern (19.00 Uhr)<\/em><\/strong><\/p>\n\n\n\n<p><img loading=\"lazy\" decoding=\"async\" width=\"10\" height=\"21\" class=\"wp-image-3656\" style=\"width: 10px;\" src=\"http:\/\/kommentatorenblog.de\/wp-content\/uploads\/2020\/09\/shure-55sh-ii-e1601485394796.jpg\" alt=\"\" srcset=\"http:\/\/kommentatorenblog.de\/wp-content\/uploads\/2020\/09\/shure-55sh-ii-e1601485394796.jpg 415w, http:\/\/kommentatorenblog.de\/wp-content\/uploads\/2020\/09\/shure-55sh-ii-e1601485394796-142x300.jpg 142w\" sizes=\"auto, (max-width: 10px) 100vw, 10px\" \/> Andreas Mann<\/p>\n\n\n\n<p>Moderation: Stefanie Blochwitz<\/p>\n\n\n\n<p><span style=\"text-decoration: underline;\">ab 18.45 Uhr<\/span><\/p>\n\n\n\n<p><strong><em>Konferenz (19.00 Uhr)<\/em><\/strong><\/p>\n\n\n\n<p><img loading=\"lazy\" decoding=\"async\" width=\"10\" height=\"21\" class=\"wp-image-3656\" style=\"width: 10px;\" src=\"http:\/\/kommentatorenblog.de\/wp-content\/uploads\/2020\/09\/shure-55sh-ii-e1601485394796.jpg\" alt=\"\" srcset=\"http:\/\/kommentatorenblog.de\/wp-content\/uploads\/2020\/09\/shure-55sh-ii-e1601485394796.jpg 415w, http:\/\/kommentatorenblog.de\/wp-content\/uploads\/2020\/09\/shure-55sh-ii-e1601485394796-142x300.jpg 142w\" sizes=\"auto, (max-width: 10px) 100vw, 10px\" \/> Alex Kunz und Martin Piller<\/p>\n\n\n\n<p><strong><em>FSV Zwickau \u2013 FC Viktoria Berlin (19.00 Uhr)<\/em><\/strong><\/p>\n\n\n\n<p><img loading=\"lazy\" decoding=\"async\" width=\"10\" height=\"21\" class=\"wp-image-3656\" style=\"width: 10px;\" src=\"http:\/\/kommentatorenblog.de\/wp-content\/uploads\/2020\/09\/shure-55sh-ii-e1601485394796.jpg\" alt=\"\" srcset=\"http:\/\/kommentatorenblog.de\/wp-content\/uploads\/2020\/09\/shure-55sh-ii-e1601485394796.jpg 415w, http:\/\/kommentatorenblog.de\/wp-content\/uploads\/2020\/09\/shure-55sh-ii-e1601485394796-142x300.jpg 142w\" sizes=\"auto, (max-width: 10px) 100vw, 10px\" \/> Lenny Leonhardt<\/p>\n\n\n\n<p>Moderation: Simon K\u00f6pfer<\/p>\n\n\n\n<p><strong><em>SC Verl \u2013 Eintracht Braunschweig (19.00 Uhr)<\/em><\/strong><\/p>\n\n\n\n<p><img loading=\"lazy\" decoding=\"async\" width=\"10\" height=\"21\" class=\"wp-image-3656\" style=\"width: 10px;\" src=\"http:\/\/kommentatorenblog.de\/wp-content\/uploads\/2020\/09\/shure-55sh-ii-e1601485394796.jpg\" alt=\"\" srcset=\"http:\/\/kommentatorenblog.de\/wp-content\/uploads\/2020\/09\/shure-55sh-ii-e1601485394796.jpg 415w, http:\/\/kommentatorenblog.de\/wp-content\/uploads\/2020\/09\/shure-55sh-ii-e1601485394796-142x300.jpg 142w\" sizes=\"auto, (max-width: 10px) 100vw, 10px\" \/> Markus H\u00f6hner<\/p>\n\n\n\n<p>Moderation: Christian Stra\u00dfburger<\/p>\n\n\n\n<p><strong><em>SV Waldhof Mannheim \u2013 SV Meppen (19.00 Uhr)<\/em><\/strong><\/p>\n\n\n\n<p><img loading=\"lazy\" decoding=\"async\" width=\"10\" height=\"21\" class=\"wp-image-3656\" style=\"width: 10px;\" src=\"http:\/\/kommentatorenblog.de\/wp-content\/uploads\/2020\/09\/shure-55sh-ii-e1601485394796.jpg\" alt=\"\" srcset=\"http:\/\/kommentatorenblog.de\/wp-content\/uploads\/2020\/09\/shure-55sh-ii-e1601485394796.jpg 415w, http:\/\/kommentatorenblog.de\/wp-content\/uploads\/2020\/09\/shure-55sh-ii-e1601485394796-142x300.jpg 142w\" sizes=\"auto, (max-width: 10px) 100vw, 10px\" \/> Mario Bast<\/p>\n\n\n\n<p>Moderation: Anett Sattler<\/p>\n\n\n\n<p><strong><em>TSV 1860 M\u00fcnchen \u2013 FC Viktoria K\u00f6ln (19.00 Uhr)<\/em><\/strong><\/p>\n\n\n\n<p><img loading=\"lazy\" decoding=\"async\" width=\"10\" height=\"21\" class=\"wp-image-3656\" style=\"width: 10px;\" src=\"http:\/\/kommentatorenblog.de\/wp-content\/uploads\/2020\/09\/shure-55sh-ii-e1601485394796.jpg\" alt=\"\" srcset=\"http:\/\/kommentatorenblog.de\/wp-content\/uploads\/2020\/09\/shure-55sh-ii-e1601485394796.jpg 415w, http:\/\/kommentatorenblog.de\/wp-content\/uploads\/2020\/09\/shure-55sh-ii-e1601485394796-142x300.jpg 142w\" sizes=\"auto, (max-width: 10px) 100vw, 10px\" \/> Franz B\u00fcchner<\/p>\n\n\n\n<p>Moderation: Sascha Bandermann<\/p>\n\n\n\n<p><meta charset=\"utf-8\"><span style=\"text-decoration: underline;\">Mittwoch, 25. August 2021, ab 18.30 Uhr<\/span><\/p>\n\n\n\n<p><strong><em>1. FC Saarbr\u00fccken \u2013 1. FC Magdeburg (19.00 Uhr)<\/em><\/strong><\/p>\n\n\n\n<p><img loading=\"lazy\" decoding=\"async\" width=\"10\" height=\"21\" class=\"wp-image-3656\" style=\"width: 10px;\" src=\"http:\/\/kommentatorenblog.de\/wp-content\/uploads\/2020\/09\/shure-55sh-ii-e1601485394796.jpg\" alt=\"\" srcset=\"http:\/\/kommentatorenblog.de\/wp-content\/uploads\/2020\/09\/shure-55sh-ii-e1601485394796.jpg 415w, http:\/\/kommentatorenblog.de\/wp-content\/uploads\/2020\/09\/shure-55sh-ii-e1601485394796-142x300.jpg 142w\" sizes=\"auto, (max-width: 10px) 100vw, 10px\" \/> Christian Stra\u00dfburger<\/p>\n\n\n\n<p>Moderation: Anett Sattler, Experte: Rudi Bommer<\/p>\n\n\n\n<p><span style=\"text-decoration: underline;\">ab 18.45 Uhr<\/span><\/p>\n\n\n\n<p><strong><em>Konferenz (19.00 Uhr)<\/em><\/strong><\/p>\n\n\n\n<p><img loading=\"lazy\" decoding=\"async\" width=\"10\" height=\"21\" class=\"wp-image-3656\" style=\"width: 10px;\" src=\"http:\/\/kommentatorenblog.de\/wp-content\/uploads\/2020\/09\/shure-55sh-ii-e1601485394796.jpg\" alt=\"\" srcset=\"http:\/\/kommentatorenblog.de\/wp-content\/uploads\/2020\/09\/shure-55sh-ii-e1601485394796.jpg 415w, http:\/\/kommentatorenblog.de\/wp-content\/uploads\/2020\/09\/shure-55sh-ii-e1601485394796-142x300.jpg 142w\" sizes=\"auto, (max-width: 10px) 100vw, 10px\" \/> Alex Klich und Sascha Bandermann<\/p>\n\n\n\n<p><strong><em>MSV Duisburg \u2013 SV Wehen Wiesbaden (19.00 Uhr)<\/em><\/strong><\/p>\n\n\n\n<p><img loading=\"lazy\" decoding=\"async\" width=\"10\" height=\"21\" class=\"wp-image-3656\" style=\"width: 10px;\" src=\"http:\/\/kommentatorenblog.de\/wp-content\/uploads\/2020\/09\/shure-55sh-ii-e1601485394796.jpg\" alt=\"\" srcset=\"http:\/\/kommentatorenblog.de\/wp-content\/uploads\/2020\/09\/shure-55sh-ii-e1601485394796.jpg 415w, http:\/\/kommentatorenblog.de\/wp-content\/uploads\/2020\/09\/shure-55sh-ii-e1601485394796-142x300.jpg 142w\" sizes=\"auto, (max-width: 10px) 100vw, 10px\" \/> Phil Fuckert<\/p>\n\n\n\n<p>Moderation: Kamila Benschop<\/p>\n\n\n\n<p><strong><em>SC Freiburg II \u2013 FC W\u00fcrzburger Kickers (19.00 Uhr)<\/em><\/strong><\/p>\n\n\n\n<p><img loading=\"lazy\" decoding=\"async\" width=\"10\" height=\"21\" class=\"wp-image-3656\" style=\"width: 10px;\" src=\"http:\/\/kommentatorenblog.de\/wp-content\/uploads\/2020\/09\/shure-55sh-ii-e1601485394796.jpg\" alt=\"\" srcset=\"http:\/\/kommentatorenblog.de\/wp-content\/uploads\/2020\/09\/shure-55sh-ii-e1601485394796.jpg 415w, http:\/\/kommentatorenblog.de\/wp-content\/uploads\/2020\/09\/shure-55sh-ii-e1601485394796-142x300.jpg 142w\" sizes=\"auto, (max-width: 10px) 100vw, 10px\" \/> Mario Bast<\/p>\n\n\n\n<p>Moderation: Kevin Gerwin<\/p>\n\n\n\n<p><strong><em>TSV Havelse \u2013 T\u00fcrkg\u00fcc\u00fc M\u00fcnchen (19.00 Uhr)<\/em><\/strong><\/p>\n\n\n\n<p><img loading=\"lazy\" decoding=\"async\" width=\"10\" height=\"21\" class=\"wp-image-3656\" style=\"width: 10px;\" src=\"http:\/\/kommentatorenblog.de\/wp-content\/uploads\/2020\/09\/shure-55sh-ii-e1601485394796.jpg\" alt=\"\" srcset=\"http:\/\/kommentatorenblog.de\/wp-content\/uploads\/2020\/09\/shure-55sh-ii-e1601485394796.jpg 415w, http:\/\/kommentatorenblog.de\/wp-content\/uploads\/2020\/09\/shure-55sh-ii-e1601485394796-142x300.jpg 142w\" sizes=\"auto, (max-width: 10px) 100vw, 10px\" \/> Basti Schwele<\/p>\n\n\n\n<p>Moderation: Cedric Pick<\/p>\n\n\n\n<p><strong><em>VfL Osnabr\u00fcck \u2013 Borussia Dortmund II (19.00 Uhr)<\/em><\/strong><\/p>\n\n\n\n<p><img loading=\"lazy\" decoding=\"async\" width=\"10\" height=\"21\" class=\"wp-image-3656\" style=\"width: 10px;\" src=\"http:\/\/kommentatorenblog.de\/wp-content\/uploads\/2020\/09\/shure-55sh-ii-e1601485394796.jpg\" alt=\"\" srcset=\"http:\/\/kommentatorenblog.de\/wp-content\/uploads\/2020\/09\/shure-55sh-ii-e1601485394796.jpg 415w, http:\/\/kommentatorenblog.de\/wp-content\/uploads\/2020\/09\/shure-55sh-ii-e1601485394796-142x300.jpg 142w\" sizes=\"auto, (max-width: 10px) 100vw, 10px\" \/> Edgar Mielke<\/p>\n\n\n\n<p>Moderation: Tobi Sch\u00e4fer<\/p>\n\n\n\n<hr class=\"wp-block-separator\"\/>\n\n\n\n<p><strong>Champions League Qualifikation, Playoffs<\/strong><\/p>\n\n\n\n<p><span style=\"text-decoration: underline;\">Dienstag, 24. August 2021, ab 20.30 Uhr (PrimeVideo)<\/span><\/p>\n\n\n\n<p><strong><em>PSV Eindhoven \u2013 Benfica Lissabon (21.00 Uhr)<\/em><\/strong><\/p>\n\n\n\n<p><img loading=\"lazy\" decoding=\"async\" width=\"10\" height=\"21\" class=\"wp-image-3656\" style=\"width: 10px;\" src=\"http:\/\/kommentatorenblog.de\/wp-content\/uploads\/2020\/09\/shure-55sh-ii-e1601485394796.jpg\" alt=\"\" srcset=\"http:\/\/kommentatorenblog.de\/wp-content\/uploads\/2020\/09\/shure-55sh-ii-e1601485394796.jpg 415w, http:\/\/kommentatorenblog.de\/wp-content\/uploads\/2020\/09\/shure-55sh-ii-e1601485394796-142x300.jpg 142w\" sizes=\"auto, (max-width: 10px) 100vw, 10px\" \/> Jonas Friedrich, Co-Kommentator: Benedikt H\u00f6wedes, Field-Reporterin: Annika Zimmermann<\/p>\n\n\n\n<p>Moderation: Sebastian Hellmann, Experten: Mario Gomez, Patrick Owomoyela, Schiedsrichter-Experte: Wolfgang Stark<\/p>\n\n\n\n<p><span style=\"text-decoration: underline;\">Dienstag, 24. August 2021, ab 20.55 Uhr (DAZN)<\/span><\/p>\n\n\n\n<p><strong><em>Ferencvaros&nbsp;Budapest \u2013 Young Boys Bern (21.00Uhr)<\/em><\/strong><\/p>\n\n\n\n<p><img loading=\"lazy\" decoding=\"async\" width=\"10\" height=\"21\" class=\"wp-image-3656\" style=\"width: 10px;\" src=\"http:\/\/kommentatorenblog.de\/wp-content\/uploads\/2020\/09\/shure-55sh-ii-e1601485394796.jpg\" alt=\"\" srcset=\"http:\/\/kommentatorenblog.de\/wp-content\/uploads\/2020\/09\/shure-55sh-ii-e1601485394796.jpg 415w, http:\/\/kommentatorenblog.de\/wp-content\/uploads\/2020\/09\/shure-55sh-ii-e1601485394796-142x300.jpg 142w\" sizes=\"auto, (max-width: 10px) 100vw, 10px\" \/> Freddy Harder<\/p>\n\n\n\n<p><strong><em>Ludogorez Rasgrad \u2013 Malm\u00f6 FF (21.00 Uhr)<\/em><\/strong><\/p>\n\n\n\n<p><img loading=\"lazy\" decoding=\"async\" width=\"10\" height=\"21\" class=\"wp-image-3656\" style=\"width: 10px;\" src=\"http:\/\/kommentatorenblog.de\/wp-content\/uploads\/2020\/09\/shure-55sh-ii-e1601485394796.jpg\" alt=\"\" srcset=\"http:\/\/kommentatorenblog.de\/wp-content\/uploads\/2020\/09\/shure-55sh-ii-e1601485394796.jpg 415w, http:\/\/kommentatorenblog.de\/wp-content\/uploads\/2020\/09\/shure-55sh-ii-e1601485394796-142x300.jpg 142w\" sizes=\"auto, (max-width: 10px) 100vw, 10px\" \/> Mario Rieker<\/p>\n\n\n\n<p><span style=\"text-decoration: underline;\">Mittwoch, 25. August 2021, ab 20.55 Uhr (DAZN)<\/span><\/p>\n\n\n\n<p><strong><em>Br\u00f6ndby IF \u2013 FC Salzburg (21.00 Uhr)<\/em><\/strong><\/p>\n\n\n\n<p><img loading=\"lazy\" decoding=\"async\" width=\"10\" height=\"21\" class=\"wp-image-3656\" style=\"width: 10px;\" src=\"http:\/\/kommentatorenblog.de\/wp-content\/uploads\/2020\/09\/shure-55sh-ii-e1601485394796.jpg\" alt=\"\" srcset=\"http:\/\/kommentatorenblog.de\/wp-content\/uploads\/2020\/09\/shure-55sh-ii-e1601485394796.jpg 415w, http:\/\/kommentatorenblog.de\/wp-content\/uploads\/2020\/09\/shure-55sh-ii-e1601485394796-142x300.jpg 142w\" sizes=\"auto, (max-width: 10px) 100vw, 10px\" \/> Jan Platte, Experte: Ralph Gunesch<\/p>\n\n\n\n<p><strong><em>LudogoDinamo Zagreb <meta charset=\"utf-8\">\u2013 Sheriff Tiraspol (21.00 Uhr)<\/em><\/strong><\/p>\n\n\n\n<p><img loading=\"lazy\" decoding=\"async\" width=\"10\" height=\"21\" class=\"wp-image-3656\" style=\"width: 10px;\" src=\"http:\/\/kommentatorenblog.de\/wp-content\/uploads\/2020\/09\/shure-55sh-ii-e1601485394796.jpg\" alt=\"\" srcset=\"http:\/\/kommentatorenblog.de\/wp-content\/uploads\/2020\/09\/shure-55sh-ii-e1601485394796.jpg 415w, http:\/\/kommentatorenblog.de\/wp-content\/uploads\/2020\/09\/shure-55sh-ii-e1601485394796-142x300.jpg 142w\" sizes=\"auto, (max-width: 10px) 100vw, 10px\" \/> Max Gross<\/p>\n\n\n\n<p><strong><em>FC Shakhtar Donetsk&nbsp;\u2013 AS Monaco (21.00 Uhr)<\/em><\/strong><\/p>\n\n\n\n<p><meta charset=\"utf-8\"><img loading=\"lazy\" decoding=\"async\" width=\"10\" height=\"21\" class=\"wp-image-3656\" style=\"width: 10px;\" src=\"http:\/\/kommentatorenblog.de\/wp-content\/uploads\/2020\/09\/shure-55sh-ii-e1601485394796.jpg\" alt=\"\" srcset=\"http:\/\/kommentatorenblog.de\/wp-content\/uploads\/2020\/09\/shure-55sh-ii-e1601485394796.jpg 415w, http:\/\/kommentatorenblog.de\/wp-content\/uploads\/2020\/09\/shure-55sh-ii-e1601485394796-142x300.jpg 142w\" sizes=\"auto, (max-width: 10px) 100vw, 10px\" \/> Max Siebald<\/p>\n\n\n\n<hr class=\"wp-block-separator\"\/>\n\n\n\n<p><strong>Carabao Cup, 2. Runde (DAZN)<\/strong><\/p>\n\n\n\n<p><meta charset=\"utf-8\"><span style=\"text-decoration: underline;\">Dienstag, 24. August 2021<\/span><\/p>\n\n\n\n<p><strong><em>Huddersfield Town <meta charset=\"utf-8\">\u2013 FC Everton (20.45 Uhr)<\/em><\/strong><\/p>\n\n\n\n<p><meta charset=\"utf-8\"><img loading=\"lazy\" decoding=\"async\" width=\"10\" height=\"21\" class=\"wp-image-3656\" style=\"width: 10px;\" src=\"http:\/\/kommentatorenblog.de\/wp-content\/uploads\/2020\/09\/shure-55sh-ii-e1601485394796.jpg\" alt=\"\" srcset=\"http:\/\/kommentatorenblog.de\/wp-content\/uploads\/2020\/09\/shure-55sh-ii-e1601485394796.jpg 415w, http:\/\/kommentatorenblog.de\/wp-content\/uploads\/2020\/09\/shure-55sh-ii-e1601485394796-142x300.jpg 142w\" sizes=\"auto, (max-width: 10px) 100vw, 10px\" \/> Ruben Zimmermann<\/p>\n\n\n\n<p><span style=\"text-decoration: underline;\">Mittwoch, 25. August 2021<\/span><\/p>\n\n\n\n<p><strong><em>West Bromwich Albion \u2013 FC Arsenal (20.45 Uhr)<\/em><\/strong><\/p>\n\n\n\n<p><img loading=\"lazy\" decoding=\"async\" width=\"10\" height=\"21\" class=\"wp-image-3656\" style=\"width: 10px;\" src=\"http:\/\/kommentatorenblog.de\/wp-content\/uploads\/2020\/09\/shure-55sh-ii-e1601485394796.jpg\" alt=\"\" srcset=\"http:\/\/kommentatorenblog.de\/wp-content\/uploads\/2020\/09\/shure-55sh-ii-e1601485394796.jpg 415w, http:\/\/kommentatorenblog.de\/wp-content\/uploads\/2020\/09\/shure-55sh-ii-e1601485394796-142x300.jpg 142w\" sizes=\"auto, (max-width: 10px) 100vw, 10px\" \/> Uli Hebel<\/p>\n\n\n\n<hr class=\"wp-block-separator\"\/>\n\n\n\n<p><strong>Internationaler Fu\u00dfball <\/strong><\/p>\n\n\n\n<p><span style=\"text-decoration: underline;\">Dienstag, 24. August 2021<\/span><\/p>\n\n\n\n<p><meta charset=\"utf-8\">AFC Cup, 3. Spieltag, Gruppenphase: <strong><em>ATK Mohun Bagan FC \u2013 Bashundhara Kings (13.00 Uhr)<\/em><\/strong><\/p>\n\n\n\n<p><meta charset=\"utf-8\"><img loading=\"lazy\" decoding=\"async\" width=\"10\" height=\"21\" class=\"wp-image-3656\" style=\"width: 10px;\" src=\"http:\/\/kommentatorenblog.de\/wp-content\/uploads\/2020\/09\/shure-55sh-ii-e1601485394796.jpg\" alt=\"\" srcset=\"http:\/\/kommentatorenblog.de\/wp-content\/uploads\/2020\/09\/shure-55sh-ii-e1601485394796.jpg 415w, http:\/\/kommentatorenblog.de\/wp-content\/uploads\/2020\/09\/shure-55sh-ii-e1601485394796-142x300.jpg 142w\" sizes=\"auto, (max-width: 10px) 100vw, 10px\" \/> Henri Briese<\/p>\n\n\n\n<p><meta charset=\"utf-8\">AFC Cup, 3. Spieltag, Gruppenphase: <strong><em>Maziya Sports and Recreation <meta charset=\"utf-8\">\u2013 Bengaluru FC (18.00 Uhr)<\/em><\/strong><\/p>\n\n\n\n<p><meta charset=\"utf-8\"><img loading=\"lazy\" decoding=\"async\" width=\"10\" height=\"21\" class=\"wp-image-3656\" style=\"width: 10px;\" src=\"http:\/\/kommentatorenblog.de\/wp-content\/uploads\/2020\/09\/shure-55sh-ii-e1601485394796.jpg\" alt=\"\" srcset=\"http:\/\/kommentatorenblog.de\/wp-content\/uploads\/2020\/09\/shure-55sh-ii-e1601485394796.jpg 415w, http:\/\/kommentatorenblog.de\/wp-content\/uploads\/2020\/09\/shure-55sh-ii-e1601485394796-142x300.jpg 142w\" sizes=\"auto, (max-width: 10px) 100vw, 10px\" \/> Henri Briese<\/p>\n\n\n\n<p><span style=\"text-decoration: underline;\">Mittwoch, 25. August 2021<\/span><\/p>\n\n\n\n<p><meta charset=\"utf-8\">K League, 27. Spieltag: <strong><em>FC Seoul <meta charset=\"utf-8\">\u2013 Ulsan Hyundai FC (12.30 Uhr)<\/em><\/strong><\/p>\n\n\n\n<p><meta charset=\"utf-8\"><img loading=\"lazy\" decoding=\"async\" width=\"10\" height=\"21\" class=\"wp-image-3656\" style=\"width: 10px;\" src=\"http:\/\/kommentatorenblog.de\/wp-content\/uploads\/2020\/09\/shure-55sh-ii-e1601485394796.jpg\" alt=\"\" srcset=\"http:\/\/kommentatorenblog.de\/wp-content\/uploads\/2020\/09\/shure-55sh-ii-e1601485394796.jpg 415w, http:\/\/kommentatorenblog.de\/wp-content\/uploads\/2020\/09\/shure-55sh-ii-e1601485394796-142x300.jpg 142w\" sizes=\"auto, (max-width: 10px) 100vw, 10px\" \/> Christian Blunck<\/p>\n\n\n\n<p><meta charset=\"utf-8\">AFC Cup, Zonenfinale: <strong><em>FC Nasaf <meta charset=\"utf-8\">\u2013 Ahal FC (<meta charset=\"utf-8\">17.00 Uhr)<\/em><\/strong><\/p>\n\n\n\n<p><meta charset=\"utf-8\"><img loading=\"lazy\" decoding=\"async\" width=\"10\" height=\"21\" class=\"wp-image-3656\" style=\"width: 10px;\" src=\"http:\/\/kommentatorenblog.de\/wp-content\/uploads\/2020\/09\/shure-55sh-ii-e1601485394796.jpg\" alt=\"\" srcset=\"http:\/\/kommentatorenblog.de\/wp-content\/uploads\/2020\/09\/shure-55sh-ii-e1601485394796.jpg 415w, http:\/\/kommentatorenblog.de\/wp-content\/uploads\/2020\/09\/shure-55sh-ii-e1601485394796-142x300.jpg 142w\" sizes=\"auto, (max-width: 10px) 100vw, 10px\" \/> Manuel Meyer<\/p>\n\n\n\n<p><span style=\"text-decoration: underline;\">Donnerstag, 26. August 2021<\/span><\/p>\n\n\n\n<p><meta charset=\"utf-8\">Copa do Brasil, Viertelfinale, Hinspiel: <strong><em>Athletico Paranaense <meta charset=\"utf-8\">\u2013 Santos FC (0.00 Uhr)<\/em><\/strong><\/p>\n\n\n\n<p><meta charset=\"utf-8\"><img loading=\"lazy\" decoding=\"async\" width=\"10\" height=\"21\" class=\"wp-image-3656\" style=\"width: 10px;\" src=\"http:\/\/kommentatorenblog.de\/wp-content\/uploads\/2020\/09\/shure-55sh-ii-e1601485394796.jpg\" alt=\"\" srcset=\"http:\/\/kommentatorenblog.de\/wp-content\/uploads\/2020\/09\/shure-55sh-ii-e1601485394796.jpg 415w, http:\/\/kommentatorenblog.de\/wp-content\/uploads\/2020\/09\/shure-55sh-ii-e1601485394796-142x300.jpg 142w\" sizes=\"auto, (max-width: 10px) 100vw, 10px\" \/> Arne Malsch<\/p>\n\n\n\n<p><meta charset=\"utf-8\">Copa do Brasil, Viertelfinale, Hinspiel: <strong><em>Gremio <meta charset=\"utf-8\">\u2013 Flamengo (2.30 Uhr)<\/em><\/strong><\/p>\n\n\n\n<p><meta charset=\"utf-8\"><img loading=\"lazy\" decoding=\"async\" width=\"10\" height=\"21\" class=\"wp-image-3656\" style=\"width: 10px;\" src=\"http:\/\/kommentatorenblog.de\/wp-content\/uploads\/2020\/09\/shure-55sh-ii-e1601485394796.jpg\" alt=\"\" srcset=\"http:\/\/kommentatorenblog.de\/wp-content\/uploads\/2020\/09\/shure-55sh-ii-e1601485394796.jpg 415w, http:\/\/kommentatorenblog.de\/wp-content\/uploads\/2020\/09\/shure-55sh-ii-e1601485394796-142x300.jpg 142w\" sizes=\"auto, (max-width: 10px) 100vw, 10px\" \/> Karsten Linke<\/p>\n\n\n\n<hr class=\"wp-block-separator\"\/>\n\n\n\n<p><strong>Die Analyse<\/strong><\/p>\n\n\n\n<p><strong>Konkurrenz um Nachholspiel<\/strong><\/p>\n\n\n\n<p>\u00dcbrig geblieben von der ersten Pokalrunde ist noch das Gastspiel des FC Bayern M\u00fcnchen beim Bremer SV, das im Weserstadion ausgetragen wird. Sky wird das Spiel \u00fcbertragen, doch auch Sport1 hat sich die Rechte gesichert. Der Free-TV-Sender startet bereits ab 18:30 Uhr mit seinem \u201cDFB-Pokal Countdown\u201c, der nahtlos in den \u201erichtigen\u201c Vorbericht \u00fcbergeht. Durch die Sendung f\u00fchren wird Thomas Helmer mit der Unterst\u00fctzung von Stefan Effenberg. Aus dem Weserstadion meldet sich Kommentator Markus H\u00f6hner, auf Stimmenfang geht Fabian Greve. Die Pay-TV-Alternative offenbart uns zumindest etwas \u00fcberraschend Wolff Fuss auf dem Kommentatorenposten. Denn vor der Spiel-Absage war noch Martin Gro\u00df f\u00fcr diese Partie vorgesehen. Patrick Wasserziehr wird f\u00fcr Sky moderieren.<\/p>\n\n\n\n<p><strong>Warten auf die Pressekonferenz<\/strong><\/p>\n\n\n\n<p>In der Quali der Conference League klafft bei uns leider noch eine kleine L\u00fccke. Die fehlenden Namen erg\u00e4nzen wir im Anschluss an eine RTL-Pressekonferenz am Mittwoch. Thema ist nicht nur die Conference League, sondern auch das Sendekonzept zur Europa League. Alle wichtigen Infos werden dann hier zu im Blog zu lesen sein. Wen vermutet ihr am Donnerstag als Kommentator und Moderator? RTL hat sich ja mit Anna Kraft eine bekannte Verst\u00e4rkung ins Boot geholt. Laut Medienberichten sollte sie allerdings erst zum September dazusto\u00dfen.<\/p>\n\n\n\n<p><strong>Keine \u00dcberraschungen in Liga drei<\/strong><\/p>\n\n\n\n<p>In der 3. Liga d\u00fcrfen wir uns auf die erste englische Woche der Saison freuen. Eingel\u00e4utet wird der Spieltag mit der Partie zwischen Halle und den wom\u00f6glich wiedererstarkten Lauterern. Andreas Mann kommentiert. Ansonsten gibt es wenige \u00dcberraschungen bei Magenta Sport. Mario Bast und Christian Stra\u00dfburger kommentieren jeweils zwei Partien. Letzterer k\u00fcmmert sich unter anderem um das Duell zwischen Saarbr\u00fccken (5) und Magdeburg (1). Es ist das Spitzenspiel des Spieltags, sofern man es im Fr\u00fchstadium dieser Saison \u00fcberhaupt so bezeichnen kann.<\/p>\n\n\n\n<p><strong>Eine Mini-Rotation bei Prime Video&nbsp;<\/strong><\/p>\n\n\n\n<p>In der Champions League Qualifikation wartet Prime Video mit dem gleichen Personal auf wie schon in der Vorwoche auf. Mit einer Ausnahme: Statt Shary Reeves f\u00fchrt nach dem Spiel Annika Zimmermann die Interviews. Im Programm hat der Streamingdienst diesmal die Begegnung zwischen PSV Eindhoven und Benfica Lissabon. Es ist das Wiedersehen zweier alter Weggef\u00e4hrten beim BVB: Mario G\u00f6tze trifft auf Julian Weigl. Wer das bessere Ende f\u00fcr sich hat, sagen uns Jonas Friedrich und Benedikt H\u00f6wedes. Die Experten bei Sebastian Hellmann hei\u00dfen wieder Mario Gomez und Patrick Owomoyela.<\/p>\n\n\n\n<p><strong>Duo widmet sich Salzburg<\/strong><\/p>\n\n\n\n<p>Auch DAZN zeigt die CL-Quali. Chefkommentator Jan Platte nimmt sich gemeinsam mit Ralph Gunesch der Partie Br\u00f6ndby gegen Salzburg an. Die Ansetzung macht ob der deutschsprachigen Zuschauer aus \u00d6sterreich Sinn, zumal das Spiel noch l\u00e4ngst nicht gegessen ist (Hinspiel 2:1 f\u00fcr Salzburg) und Spannung verspricht. Daneben hat DAZN auch den Carabao Cup im Angebot, Nostalgiker w\u00fcrden an dieser Stelle den Namen EFL Cup vorziehen. Allzweckwaffe Uli Hebel darf ran, wenn West Brom auf die kriselnden Gunners trifft.<\/p>\n\n\n\n<p>Wie immer h\u00e4lt auch Sportdigital.FUSSBALL interessante Spiele f\u00fcr uns bereit. Henri Briese erf\u00e4hrt beim AFC Cup diesmal Unterst\u00fctzung von Manuel Meyer, der Copa do Brasil ist eine Sache f\u00fcr die verdienten Herren Arne Malsch und Karsten Linke.<\/p>\n\n\n\n<p>Damit sei an dieser Stelle alles gesagt. Ich w\u00fcnsche euch eine sch\u00f6ne Fu\u00dfball-Woche!<\/p>\n","protected":false},"excerpt":{"rendered":"<p>N\u2019Abend allerseits, im heutigen Eintrag m\u00f6chte ich auf ein Sportereignis hinweisen, das inmitten der immer weiter aufkeimenden Fu\u00dfball-Saison nicht in Vergessenheit geraten soll. Gemeint sind die Paralympics in Japan, die am morgigen Dienstag beginnen. Wie schon bei den Olympischen Spielen gibt es neue Sportarten im Programm. Badminton (mit sechs deutschen Sportlerinnen und Sportlern) und Taekwondo [&hellip;]<\/p>\n","protected":false},"author":2,"featured_media":0,"comment_status":"open","ping_status":"open","sticky":false,"template":"","format":"standard","meta":{"footnotes":""},"categories":[425],"tags":[10,517,596,19,263,337,62,124,35,529,13,592,591,48,69,59,597,572,521,67,594,588,94,290,108,138,98,22,66,134,68,595,105,107,37],"class_list":["post-10255","post","type-post","status-publish","format-standard","hentry","category-champions-league-und-co","tag-3-liga","tag-anna-kraft","tag-annika-zimmermann","tag-ard","tag-arne-malsch","tag-benedikt-hoewedes","tag-carabao-cup","tag-champions-league-qualifikation","tag-christian-strassburger","tag-conference-league","tag-dazn","tag-fabian-greve","tag-henri-briese","tag-jan-platte","tag-jonas-friedrich","tag-karsten-linke","tag-manuel-meyer","tag-mario-bast","tag-mario-gomez","tag-markus-hoehner","tag-paralympics","tag-patrick-owomoyela","tag-patrick-wasserziehr","tag-primevideo","tag-ralph-gunesch","tag-rtl","tag-sebastian-hellmann","tag-sky","tag-sport1","tag-sportdigital-fussball","tag-stefan-effenberg","tag-thomas-helmer","tag-uli-hebel","tag-wolff-fuss","tag-zdf"],"_links":{"self":[{"href":"http:\/\/kommentatorenblog.de\/index.php?rest_route=\/wp\/v2\/posts\/10255","targetHints":{"allow":["GET"]}}],"collection":[{"href":"http:\/\/kommentatorenblog.de\/index.php?rest_route=\/wp\/v2\/posts"}],"about":[{"href":"http:\/\/kommentatorenblog.de\/index.php?rest_route=\/wp\/v2\/types\/post"}],"author":[{"embeddable":true,"href":"http:\/\/kommentatorenblog.de\/index.php?rest_route=\/wp\/v2\/users\/2"}],"replies":[{"embeddable":true,"href":"http:\/\/kommentatorenblog.de\/index.php?rest_route=%2Fwp%2Fv2%2Fcomments&post=10255"}],"version-history":[{"count":11,"href":"http:\/\/kommentatorenblog.de\/index.php?rest_route=\/wp\/v2\/posts\/10255\/revisions"}],"predecessor-version":[{"id":10432,"href":"http:\/\/kommentatorenblog.de\/index.php?rest_route=\/wp\/v2\/posts\/10255\/revisions\/10432"}],"wp:attachment":[{"href":"http:\/\/kommentatorenblog.de\/index.php?rest_route=%2Fwp%2Fv2%2Fmedia&parent=10255"}],"wp:term":[{"taxonomy":"category","embeddable":true,"href":"http:\/\/kommentatorenblog.de\/index.php?rest_route=%2Fwp%2Fv2%2Fcategories&post=10255"},{"taxonomy":"post_tag","embeddable":true,"href":"http:\/\/kommentatorenblog.de\/index.php?rest_route=%2Fwp%2Fv2%2Ftags&post=10255"}],"curies":[{"name":"wp","href":"https:\/\/api.w.org\/{rel}","templated":true}]}}