{"id":103,"date":"2019-08-01T15:39:17","date_gmt":"2019-08-01T15:39:17","guid":{"rendered":"http:\/\/kommentatorenblog.de\/?p=103"},"modified":"2020-12-30T16:08:23","modified_gmt":"2020-12-30T16:08:23","slug":"1004-supercup","status":"publish","type":"post","link":"http:\/\/kommentatorenblog.de\/?p=103","title":{"rendered":"1004 &#8211; Supercup und der ewige Thomas Wagner"},"content":{"rendered":"\n<p>N\u00b4Abend allerseits, <\/p>\n\n\n\n<p>die Aufstellung von DAZN f\u00fcr die Bundesligapremierensaison steht. Kommentar liefern Chefkommentator Platte, &#8222;R\u00fcckkehrer&#8220; Hagemann, Hebel und Sch\u00f6nm\u00fcller. Schl\u00fcter, Herzog und Benesch sind als Moderatoren\/Interviewer im Einsatz. Experten sind Hummels, Knei\u00dfl und Gunesch. Man darf gespannt sein, wer wie oft zum Zug kommt und wie manifestiert das Personal ist. Wahnschaffe und Wisgickl fehlen in der Auflistung. Sky gibt sein On-Air-Team und das Konzept\u00a0wohl am kommenden Montag bekannt.<\/p>\n\n\n\n<p><strong>Supercup<\/strong><\/p>\n\n\n\n<p><span style=\"text-decoration: underline;\">Samstag, 03.08.2019 ab 20.00 Uhr (DAZN) und ab 20.15 Uhr (ZDF)<\/span><\/p>\n\n\n\n<p><strong><em>Borussia Dortmund &#8211; FC Bayern (20.30 Uhr) <\/em><\/strong><\/p>\n\n\n\n<p>ZDF: B\u00e9la R\u00e9thy (Kommentar), Hanno Balitsch (Co-Kommentar) <\/p>\n\n\n\n<p>DAZN: Jan Platte (Kommentar), Ralph Gunesch (Co-Kommentar)<\/p>\n\n\n\n<p>Moderation (ZDF): Kathrin M\u00fcller-Hohenstein, Experte: Oliver Kahn, Field-Reporter (ZDF): Boris B\u00fcchler, Claudia Neumann<\/p>\n\n\n\n<p>Moderation (DAZN): Alex Schl\u00fcter, Experte: Ralph Gubensch, Field-Reporter (DAZN): Sebastian Benesch<\/p>\n\n\n\n<p><strong>2. Bundesliga<\/strong><\/p>\n\n\n\n<p><span style=\"text-decoration: underline;\">Freitag, 02.08.2019, ab 18.00 Uhr (Sky)<\/span><\/p>\n\n\n\n<p><strong><em>SV Sandhausen &#8211; VfL Osnabr\u00fcck (18.30 Uhr) <\/em><\/strong><\/p>\n\n\n\n<p>Sky: J\u00f6rg Dahlmann (Kommentar)<\/p>\n\n\n\n<p><strong><em>VfL Bochum &#8211; Arminia Bielefeld (18.30 Uhr)<\/em><\/strong><\/p>\n\n\n\n<p>Sky: Hansi K\u00fcpper (Kommentar)<\/p>\n\n\n\n<p><span style=\"text-decoration: underline;\">ab 20.15 Uhr (Sky)<\/span><\/p>\n\n\n\n<p><strong><em>FC St. Pauli &#8211; SpVgg Greuther F\u00fcrth (20.30 Uhr)<\/em><\/strong><\/p>\n\n\n\n<p>Sky: Michael Born (Kommentar), Jurek Rohrberg (Field-Reporter)<\/p>\n\n\n\n<p>Moderation (Sky): Stefan Hempel <\/p>\n\n\n\n<p><span style=\"text-decoration: underline;\">Samstag, 03.08.2019, ab 12.45 Uhr<\/span> <\/p>\n\n\n\n<p><em><strong>Karlsruher SC &#8211; Dynamo Dresden (13.00 Uhr)<\/strong><\/em><\/p>\n\n\n\n<p>Sky: J\u00f6rg Dahlmann (Kommentar) <\/p>\n\n\n\n<p><span style=\"text-decoration: underline;\">ab 15.20 Uhr (Sky) <\/span><\/p>\n\n\n\n<p><strong><em>Hannover 96 &#8211; SSV Jahn Regensburg (15.30 Uhr) <\/em><\/strong><\/p>\n\n\n\n<p>Sky: Klaus Veltmann (Kommentar), Field-Reporter (Sky): Marcus J\u00fcrgensen <\/p>\n\n\n\n<p>Moderation (Sky): Peter Hardenacke<\/p>\n\n\n\n<p><span style=\"text-decoration: underline;\">Sonntag, 04.08.2019, ab 13.15 Uhr (Sky)<\/span><\/p>\n\n\n\n<p><strong><em>1.FC Heidenheim &#8211; VfB Stuttgart (13.30 Uhr) <\/em><\/strong><\/p>\n\n\n\n<p>Sky: J\u00fcrgen Schmitz (Kommentar), Christian Akber-Sade<\/p>\n\n\n\n<p><span style=\"text-decoration: underline;\">ab 15.20 Uhr (Sky) <\/span><\/p>\n\n\n\n<p><strong><em>FC Erzgebirge Aue &#8211; SV Wehen Wiesbaden (15.30 Uhr)<\/em><\/strong><\/p>\n\n\n\n<p>Sky: Ulli Potofski (Kommentar) <\/p>\n\n\n\n<p><strong><em>SV Darmstadt 98 &#8211; Holstein Kiel (15.30 Uhr) <\/em><\/strong><\/p>\n\n\n\n<p>Sky: Holger Pfandt (Kommentar)<\/p>\n\n\n\n<p>Moderation (Sky): Hartmut von Kameke <\/p>\n\n\n\n<p><span style=\"text-decoration: underline;\">Montag, 05.08.2019, ab 20.00 Uhr (Sky)<\/span><\/p>\n\n\n\n<p><strong><em>1.FC N\u00fcrnberg &#8211; Hamburger SV (20.30 Uhr) <\/em><\/strong><\/p>\n\n\n\n<p>Sky: Roland Evers (Kommentar),&nbsp;Christian Akber-Sade&nbsp;(Field-Reporter)<\/p>\n\n\n\n<p>Moderation (Sky): Yannick Erkenbrecher <\/p>\n\n\n\n<p><strong>3. Liga<\/strong><\/p>\n\n\n\n<p><span style=\"text-decoration: underline;\">Freitag, 02.08.2019, ab 18.30 Uhr (Magenta Sport)<\/span><\/p>\n\n\n\n<p><strong><em>FC Ingolstadt &#8211; W\u00fcrzburger Kickers (19.00 Uhr)<\/em><\/strong><\/p>\n\n\n\n<p>Magenta Sport: Franz B\u00fcchner (Kommentar), Thomas Wagner (Moderation), Experte: Martin Lanig <\/p>\n\n\n\n<p><span style=\"text-decoration: underline;\">Samstag, 03.08.2019, ab 13.45 Uhr (Magenta Sport) <\/span><\/p>\n\n\n\n<p><strong><em>Konferenz (13.45 Uhr)<\/em><\/strong><\/p>\n\n\n\n<p>Magenta Sport: Alex Kunz <\/p>\n\n\n\n<p><strong><em>SV Meppen &#8211; 1.FC Magdeburg (14.00 Uhr) <\/em><\/strong><\/p>\n\n\n\n<p>Magenta Sport: Stefan Fuckert (Kommentar), Kamilla Benschop (Moderation)<\/p>\n\n\n\n<p><strong><em>SC Preu\u00dfen M\u00fcnster &#8211; 1.FC Kaiserslautern (14.00 Uhr) <\/em><\/strong><\/p>\n\n\n\n<p>Magenta Sport: Gari Paubandt (Kommentar), Cedric Pick (Moderation)<\/p>\n\n\n\n<p><strong><em>SG Sonnenhof Gro\u00dfaspach &#8211; KFC Uerdingen (14.00 Uhr) <\/em><\/strong><\/p>\n\n\n\n<p>Magenta Sport: S\u00f6nke Sievers (Kommentar), Basti Schwele (Moderation)<\/p>\n\n\n\n<p><strong><em>SpVgg Unterhaching &#8211; Hansa Rostock (14.00 Uhr) <\/em><\/strong><\/p>\n\n\n\n<p>Magenta Sport: Martin Piller (Kommentar), Alex Klich (Moderation) <\/p>\n\n\n\n<p><strong><em>FC Bayern M\u00fcnchen II &#8211; Viktoria K\u00f6ln (14.00 Uhr) <\/em><\/strong><\/p>\n\n\n\n<p>Magenta Sport: Oskar Heirler (Kommentar), Thomas Wagner (Moderation)<\/p>\n\n\n\n<p><span style=\"text-decoration: underline;\">ab 13.45 Uhr (Magenta Sport) und ab 14.00 Uhr (MDR)<\/span><\/p>\n\n\n\n<p><strong><em>Hallescher FC &#8211; Chemnitzer FC (14.00 Uhr) <\/em><\/strong><\/p>\n\n\n\n<p>Magenta Sport: Markus Herwig (Kommentar), Stefanie Blochwitz (Moderation) <\/p>\n\n\n\n<p>MDR: Eik Galley (Kommentar), Ren\u00e9 Kindermann (Moderation)<\/p>\n\n\n\n<p><span style=\"text-decoration: underline;\">Sonntag, 04.08.2019, ab 12.45 Uhr (Magenta Sport) <\/span><\/p>\n\n\n\n<p><strong><em>Eintracht Braunschweig &#8211; MSV Duisburg (13.00 Uhr) <\/em><\/strong><\/p>\n\n\n\n<p>Magenta Sport: Andreas Mann (Kommentar), Holger Speckhahn (Moderation)<\/p>\n\n\n\n<p><span style=\"text-decoration: underline;\">ab 13.45 Uhr (Magenta Sport)&nbsp;<\/span><\/p>\n\n\n\n<p><strong><em>FSV Zwickau &#8211; Carl Zeiss Jena (14.00 Uhr) <\/em><\/strong><\/p>\n\n\n\n<p>Magenta Sport: Benni Zander (Kommentar), Anett Sattler (Moderation)<\/p>\n\n\n\n<p><span style=\"text-decoration: underline;\">Montag, 05.08.2019, ab 18.30 Uhr (Magenta Sport)<\/span><\/p>\n\n\n\n<p><strong><em>Waldhof Mannheim &#8211; TSV 1860 M\u00fcnchen <\/em><\/strong><\/p>\n\n\n\n<p>Magenta Sport: Christian Stra\u00dfburger (Kommentar), Anett Sattler (Moderation)<\/p>\n\n\n\n<p><strong>Fu\u00dfball International <\/strong><\/p>\n\n\n\n<p><span style=\"text-decoration: underline;\">Freitag, 02.08.2019<\/span><\/p>\n\n\n\n<p>Sky Bet Championship (1. Spieltag): <strong><em>Luton Town &#8211; FC Middlesbrough (20.45 Uhr)<\/em><\/strong><\/p>\n\n\n\n<p>sportdigital: J\u00f6rg Steiger <\/p>\n\n\n\n<p><span style=\"text-decoration: underline;\">Samstag, 03.08.2019<\/span><\/p>\n\n\n\n<p>Trophee des Champions: <strong><em>Paris Saint Germain &#8211; Stade Rennes (13.30 Uhr)<\/em><\/strong><\/p>\n\n\n\n<p>DAZN: Stefan Galler (Kommentar), Alexis Menuge (Co-Kommentar)<\/p>\n\n\n\n<p>Chinese Super League (21. Spieltag): <strong><em>Shandon Luneng &#8211; Guangzhou Evergrande (13.35 Uhr)<\/em><\/strong><\/p>\n\n\n\n<p>sportdigital: Christian Blunck (Kommentar)<\/p>\n\n\n\n<p>Sky Bet Championship (1. Spieltag): <strong><em>FC Barnsley &#8211; FC&nbsp;Fulham (16.00 Uhr)<\/em><\/strong><\/p>\n\n\n\n<p>sportdigital: Florian Obst (Kommentar)<\/p>\n\n\n\n<p>Eredivisie (1. Spieltag): <strong><em>Vitesse Arnheim &#8211; Ajax Amsterdam (18.30 Uhr)<\/em><\/strong><\/p>\n\n\n\n<p>sportdigital: J\u00f6rg Steiger (Kommentar)<\/p>\n\n\n\n<p>Eredivisie (1. Spieltag): <strong><em>FC Twente Enschede &#8211; PSV Eindhoven (20.45 Uhr)<\/em><\/strong><\/p>\n\n\n\n<p>sportdigital: Karsten Linke (Kommentar)<\/p>\n\n\n\n<p><span style=\"text-decoration: underline;\">Sonntag, 04.08.2019<\/span><\/p>\n\n\n\n<p>Eredivisie (1. Spieltag):<strong><em> Feyenoord Rotterdam &#8211; Sparta Rotterdam (14.30 Uhr)<\/em><\/strong><\/p>\n\n\n\n<p>sportdigital: Christian Blunck (Kommentar)<\/p>\n\n\n\n<p>FA Community Shield: <strong><em>FC Liverpool &#8211; Manchster City (16.00 Uhr)<\/em><\/strong><\/p>\n\n\n\n<p>DAZN: Marco Hagemann (Kommentar), Ralph Gunesch (Co-Kommentar), Daniel Herzog (Moderation)<\/p>\n\n\n\n<p>Sky Bet Championship (1. Spieltag): <em><strong>Bristol City &#8211; Leeds United (17.30 Uhr)<\/strong><\/em><\/p>\n\n\n\n<p>sportdigital: Karsten Linke (Kommentar)<\/p>\n\n\n\n<p><strong>Die Analyse<\/strong><\/p>\n\n\n\n<p>Keine \u00dcberraschungen beim Super Cup. Folgende Auswahlm\u00f6glichkeiten bestehen: Platte oder R\u00e9thy, Gunesch oder Kahn\/Balitsch, Schl\u00fcter oder M\u00fcller-Hohenstein, Benesch oder B\u00fcchler\/Neumann. Insgesamt l\u00e4sst sich festhalten, dass das ZDF sowohl vor, als auch hinter der Kamera mit ein paar Leuten mehr vorort ist. Ralph Gunesch h\u00f6rt ihr zusammen mit Hagemann am Sonntag zudem beim Community Shield. Das beliebte Duo wieder vereint.<\/p>\n\n\n\n<p>Die Headset-Spiele in Liga zwei sind dieses Wochenende&nbsp;Bochum-Bielefeld, Karlsruhe-Dresden und Darmstadt-Kiel. Neben Roland Evers am Montag, kommentiert auch Michael Born am Freitag live aus Hamburg. Besonders die erfahrene Kommnetatorenriege kommt wieder zum Einsatz.<\/p>\n\n\n\n<p>In Liga3 \u00fcbertragen die Sendeanstalten der ARD nur ein Spiel am Wochenende. Galley und Kindemann melden sich aus Halle. Erkl\u00e4rung f\u00fcr den Verzicht der \u00dcbertragung k\u00f6nnte Personalnot sein. Das Wochenende der Deutschen Meisterschaften in Berlin&nbsp;steht an. Bei Magenta Sport ist Thomas Wagner der Mann der Stunde. Nachdem der K\u00f6lner bereits unter der Woche&nbsp;zwei Eins\u00e4tze im S\u00fcden der Republik zu verzeichnen hatte, meldet er wieder zweimal aus Bayern. M\u00fcnchen und Ingolstadt sind die beruflichen Ziele. Montag reist er dann weiter nach N\u00fcrnberg f\u00fcr Nitro &#8211; Der absolute Wahnsinn eines Sportreporters!<\/p>\n\n\n\n<p>Sportdigital \u00fcberzeugt mit Kontinuit\u00e4t in Bezug aufs Personal. Eredivisie und Championship starten. <\/p>\n\n\n\n<p>Sch\u00f6nes Sportwochenende!<\/p>\n","protected":false},"excerpt":{"rendered":"<p>N\u00b4Abend allerseits, die Aufstellung von DAZN f\u00fcr die Bundesligapremierensaison steht. Kommentar liefern Chefkommentator Platte, &#8222;R\u00fcckkehrer&#8220; Hagemann, Hebel und Sch\u00f6nm\u00fcller. Schl\u00fcter, Herzog und Benesch sind als Moderatoren\/Interviewer im Einsatz. Experten sind Hummels, Knei\u00dfl und Gunesch. Man darf gespannt sein, wer wie oft zum Zug kommt und wie manifestiert das Personal ist. Wahnschaffe und Wisgickl fehlen in [&hellip;]<\/p>\n","protected":false},"author":3,"featured_media":0,"comment_status":"open","ping_status":"open","sticky":false,"template":"","format":"standard","meta":{"footnotes":""},"categories":[429],"tags":[20,10,49,46,47,54,56,57,35,36,13,55,48,26,58,59,50,53,9,45,22,52,51,33,37],"class_list":["post-103","post","type-post","status-publish","format-standard","hentry","category-diverses","tag-2-bundesliga","tag-3-liga","tag-alex-schlueter","tag-anett-sattler","tag-bela-rethy","tag-championship","tag-chinese-super-league","tag-christian-blunck","tag-christian-strassburger","tag-claudia-neumann","tag-dazn","tag-eredivisie","tag-jan-platte","tag-joerg-dahlmann","tag-joerg-steiger","tag-karsten-linke","tag-katrin-mueller-hohenstein","tag-klaus-veltmann","tag-magenta-sport","tag-roland-evers","tag-sky","tag-sportdigital","tag-supercup","tag-thomas-wagner","tag-zdf"],"_links":{"self":[{"href":"http:\/\/kommentatorenblog.de\/index.php?rest_route=\/wp\/v2\/posts\/103","targetHints":{"allow":["GET"]}}],"collection":[{"href":"http:\/\/kommentatorenblog.de\/index.php?rest_route=\/wp\/v2\/posts"}],"about":[{"href":"http:\/\/kommentatorenblog.de\/index.php?rest_route=\/wp\/v2\/types\/post"}],"author":[{"embeddable":true,"href":"http:\/\/kommentatorenblog.de\/index.php?rest_route=\/wp\/v2\/users\/3"}],"replies":[{"embeddable":true,"href":"http:\/\/kommentatorenblog.de\/index.php?rest_route=%2Fwp%2Fv2%2Fcomments&post=103"}],"version-history":[{"count":19,"href":"http:\/\/kommentatorenblog.de\/index.php?rest_route=\/wp\/v2\/posts\/103\/revisions"}],"predecessor-version":[{"id":122,"href":"http:\/\/kommentatorenblog.de\/index.php?rest_route=\/wp\/v2\/posts\/103\/revisions\/122"}],"wp:attachment":[{"href":"http:\/\/kommentatorenblog.de\/index.php?rest_route=%2Fwp%2Fv2%2Fmedia&parent=103"}],"wp:term":[{"taxonomy":"category","embeddable":true,"href":"http:\/\/kommentatorenblog.de\/index.php?rest_route=%2Fwp%2Fv2%2Fcategories&post=103"},{"taxonomy":"post_tag","embeddable":true,"href":"http:\/\/kommentatorenblog.de\/index.php?rest_route=%2Fwp%2Fv2%2Ftags&post=103"}],"curies":[{"name":"wp","href":"https:\/\/api.w.org\/{rel}","templated":true}]}}