{"id":10681,"date":"2021-09-20T20:42:35","date_gmt":"2021-09-20T18:42:35","guid":{"rendered":"http:\/\/kommentatorenblog.de\/?p=10681"},"modified":"2021-09-20T21:32:02","modified_gmt":"2021-09-20T19:32:02","slug":"1198-mal-angenommen","status":"publish","type":"post","link":"http:\/\/kommentatorenblog.de\/?p=10681","title":{"rendered":"1198 \u2013 Mal angenommen"},"content":{"rendered":"\n<p>N\u2019Abend allerseits,<\/p>\n\n\n\n<p>nach dem f\u00fcnften Spieltag der Bundesliga und davor der L\u00e4nderspiel-Pause mit drei Spielen, steht f\u00fcr die Bundesliga- Spieler eine kurze Pause an. Neben einem Nachholspiel in Liga drei steht noch das zweite Qualifikationsspiel der DFB-Frauen f\u00fcr die WM in Australien und Neuseeland an.  Das wars an Spielen in Deutschland, daf\u00fcr gibt es englische Wochen in anderen europ\u00e4ischen Topligen.<\/p>\n\n\n\n<p>Ein Grund mal auf die neueste Idee der FIFA zu blicken: Die WM im Zweijahreszyklus. Wie immer gilt, wer nicht m\u00f6chte, springt gleich in die Ansetzungen.<\/p>\n\n\n\n<p>Die Idee ist schnell erkl\u00e4rt, die FIFA m\u00f6chte die WM der Herren und der Frauen nun alle zwei statt alle vier Jahre austragen. Auf Begeisterung st\u00f6\u00dft dies in Europa weder bei Verb\u00e4nden, noch Vereinen.<\/p>\n\n\n\n<p>Mal angenommen, diese Idee w\u00fcrde umgesetzt werden, wie k\u00f6nnte das aussehen, was k\u00f6nnte passieren? Ein paar Vermutungen meinerseits:<\/p>\n\n\n\n<p><strong>Voller Kalender<\/strong><\/p>\n\n\n\n<p>Zu Beginn erstmal eine \u00dcbersicht, wie das mit den Gro\u00dfereignissen im Sommer, mit Fokus auf den Fu\u00dfball, aussehen k\u00f6nnte (in der Theorie, genaue (Zeit-) Pl\u00e4ne gibt es dazu noch nicht\/ kein Anspruch auf Vollst\u00e4ndigkeit). F\u00fcr eine bessere \u00dcbersicht ist nur die EM als Kontinentalmeisterschaft aufgef\u00fchrt. Ich habe mal 2030 als fiktiven Startpunkt gew\u00e4hlt. Eine \u00c4nderung des Rhythmus ist jedoch schon fr\u00fcher m\u00f6glich, der FIFA- Rahmenkalender geht aktuell bis 2024.<\/p>\n\n\n\n<p><em>2030 WM- Herren<\/em><\/p>\n\n\n\n<p><em>2031 EM- Herren; WM-Damen<\/em><\/p>\n\n\n\n<p><em>2032 WM- Herren; EM-Damen; Olympische Sommerspiele; Paralympische Sommerspiele<\/em><\/p>\n\n\n\n<p><em>2033 WM- Damen <\/em><\/p>\n\n\n\n<p><em>2034 WM- Herren<\/em><\/p>\n\n\n\n<p>Die \u00dcbersicht l\u00e4sst schon mal eines erahnen, es w\u00fcrden, logischerweise, mehr Gro\u00dfereignisse stattfinden, wodurch der Kalender voller wird. Eine Folge davon k\u00f6nnte sein, dass entweder die Meisterschaften aneinander gereiht w\u00fcrden, man also acht Wochen am St\u00fcck eine EM\/WM hat, oder, dass die Meisterschaften der Herren und Damen zeitgleich stattfinden k\u00f6nnten. Letzteres birgt allerdings die Gefahr, dass die Spiele der Frauen w\u00e4hrenddessen untergehen, beziehungsweise auf ung\u00fcnstige Sendepl\u00e4tze geschoben werden. Acht Wochen Fu\u00dfball-Gro\u00dfereignis k\u00f6nnen aber auch irgendwann zu einer Fu\u00dfballm\u00fcdigkeit bei der Breite des Publikums f\u00fchren. Man darf also gespannt sein, wie man dies gestalten w\u00fcrde, falls es dazu kommt, denn klar ist auch, allzu viel Zeit bleibt in der Sommerpause nicht.<\/p>\n\n\n\n<p><strong>Auswirkungen auf die TV- Sender<\/strong><\/p>\n\n\n\n<p>Ein Zweijahreszyklus der Weltmeisterschaften w\u00fcrde f\u00fcr die TV- Sender in erster Linie bedeuten, dass es neue M\u00f6glichkeiten g\u00e4be, Fu\u00dfballspiele zu zeigen. Interesse daran d\u00fcrfte es sicher geben, sei es im Free-TV bei den \u00d6ffentlich- Rechtlichen, den Privaten wie RTL und Sat1 oder aber im Pay- TV (Sky, Telekom, DAZN). Ein Problem k\u00f6nnten jedoch, vor allem bei den Herren, die Kosten sein. Aktuell zahlen ARD und ZDF laut Spiegel f\u00fcr die WM 2018 beziehungsweise 2022 rund 200 Millionen Euro. <\/p>\n\n\n\n<p>Sollten die beiden Sender auch weiterhin alle Weltmeisterschaften (komplett) \u00fcbertragen wollen, dann darf man wohl davon ausgehen, dass pro Turnier die selbe Summe f\u00e4llig werden d\u00fcrfte (oder auch mehr). Das w\u00e4ren dann alle zwei Jahre 200 Millionen Euro zus\u00e4tzlich zu den aktuellen Ausgaben. Da die \u00f6ffentlich-rechtlichen Sender jedoch auch schon in der Vergangenheit Probleme hatten, sich Rechte, wie an der Euro 2024, exklusiv zu sichern, d\u00fcrfte es schwierig werden, aus dem Sport-Budget eine solche Summe zu zaubern. Gleiches d\u00fcrfte auch f\u00fcr die anderen, privaten, Free-TV- Sender gelten. Also blieben noch die Pay- TV- Sender, wie Sky, DAZN, oder die Telekom, welche sich bereits die Euro 2024 sicherte. <\/p>\n\n\n\n<p>Es d\u00fcrfte also zu erwarten sein, dass man sich von einer exklusiven WM bei ARD und ZDF verabschieden m\u00fcsste und mehr Spiele im Pay- TV zu sehen sein w\u00e4ren. Da ab 2026 80 Spiele pro WM geplant sind (aktuell sind es 64) w\u00e4re auch eine Zerst\u00fcckelung auf mehrere Free- und Pay- TV- Sender m\u00f6glich, \u00e4hnlich wie aktuell in der Bundesliga oder Champions League.<\/p>\n\n\n\n<p>Eins ist zumindest sicher, egal was passiert, f\u00fcr die Spiele der deutschen Mannschaft wird man kein Abo brauchen. Denn dank des Rundfunkstaatsvertrages m\u00fcssen diese Spiele, sowie die Halbfinals und das Finale frei empfangbar \u00fcbertragen werden.<\/p>\n\n\n\n<p>Bei den Frauen d\u00fcrften die Kosten eher nicht das Problem f\u00fcr ARD und ZDF oder andere TV-Sender sein. Allerdings best\u00fcnde hier die Gefahr, je nach Austragungsart, dass die WM medial untergehen k\u00f6nnte, falls sie zeitgleich mit dem Herren- Turnier ausgetragen wird.<\/p>\n\n\n\n<p><strong>Auswirkungen auf andere Sportarten<\/strong><\/p>\n\n\n\n<p>F\u00fcr andere Sportarten k\u00f6nnte eine WM alle zwei Jahre auch zu einer Gefahr werden, da einige Sendeanstalten ihr Geld in die zus\u00e4tzlichen WM-Rechte investieren k\u00f6nnten und daf\u00fcr Geld f\u00fcr andere Sportarten streichen. Oder auch, dass die Sommersportarten einen Bedeutungsverlust erleben,  wenn jedes Jahr K\u00f6nig Fu\u00dfball regiert und die guten Sendepl\u00e4tze wegnimmt.<\/p>\n\n\n\n<p>Besonders alle vier Jahre, wenn dann die olympischen und paralympischen Spiele noch anstehen, k\u00f6nnte es ziemlich voll in dem Sport- Kalender des ein oder anderen Senders werden. Erst die EM der Frauen, dann auf einen anderen Kontinent zur WM der Herren, danach auf den n\u00e4chsten Kontinent zu Olympia und sp\u00e4ter nochmal zu den Paralympics. Dann k\u00f6nnte es durchaus passieren, dass man nur noch sehr wenig Personal f\u00fcr Events wie zum Beispiel die Europameisterschaften in der Leichtathletik oder im Reiten zu Verf\u00fcgung. Oder eben gar keins mehr.<\/p>\n\n\n\n<p>Abschlie\u00dfend sei nochmal gesagt, dass es sich hierbei nur um Vermutungen meinerseits handelt. Ob der neue Rhythmus kommt, wie die FIFA dann plant und welche Auswirkungen dies dann haben w\u00fcrde, bleibt abzuwarten.<\/p>\n\n\n\n<p>So jetzt geht\u00b4s aber wie immer zu den Ansetzungen:<\/p>\n\n\n\n<hr class=\"wp-block-separator\"\/>\n\n\n\n<p><strong><em>Die Ansetzungen vom 21. September bis zum 23. September 2021<\/em><\/strong><\/p>\n\n\n\n<p><strong>Qualifikation zur WM der Frauen (ZDF)<\/strong><\/p>\n\n\n\n<p><span style=\"text-decoration: underline;\">Dienstag, 21. September 2021, ab 15.45 Uhr <\/span><\/p>\n\n\n\n<p><strong><em>Deutschland \u2013 Serbien (16.00 Uhr)<\/em><\/strong><\/p>\n\n\n\n<p class=\"has-normal-font-size\"><img loading=\"lazy\" decoding=\"async\" width=\"10\" height=\"21\" class=\"wp-image-3656\" style=\"width: 10px;\" src=\"http:\/\/kommentatorenblog.de\/wp-content\/uploads\/2020\/09\/shure-55sh-ii-e1601485394796.jpg\" alt=\"\" srcset=\"http:\/\/kommentatorenblog.de\/wp-content\/uploads\/2020\/09\/shure-55sh-ii-e1601485394796.jpg 415w, http:\/\/kommentatorenblog.de\/wp-content\/uploads\/2020\/09\/shure-55sh-ii-e1601485394796-142x300.jpg 142w\" sizes=\"auto, (max-width: 10px) 100vw, 10px\" \/> Claudia Neumann<\/p>\n\n\n\n<p>Moderation: Sven Voss<\/p>\n\n\n\n<hr class=\"wp-block-separator\"\/>\n\n\n\n<p><strong>3. Liga, Nachholspiel vom 7. Spieltag<\/strong><\/p>\n\n\n\n<p><span style=\"text-decoration: underline;\">Mittwoch, 22. September 2021, ab 18.45 Uhr (Magenta Sport)<\/span><\/p>\n\n\n\n<p><strong><em>SC Freiburg II <strong><em>\u2013<\/em><\/strong> Eintracht Braunschweig (19.00 Uhr)<\/em><\/strong><\/p>\n\n\n\n<p><img loading=\"lazy\" decoding=\"async\" width=\"10\" height=\"21\" class=\"wp-image-3656\" style=\"width: 10px;\" src=\"http:\/\/kommentatorenblog.de\/wp-content\/uploads\/2020\/09\/shure-55sh-ii-e1601485394796.jpg\" alt=\"\" srcset=\"http:\/\/kommentatorenblog.de\/wp-content\/uploads\/2020\/09\/shure-55sh-ii-e1601485394796.jpg 415w, http:\/\/kommentatorenblog.de\/wp-content\/uploads\/2020\/09\/shure-55sh-ii-e1601485394796-142x300.jpg 142w\" sizes=\"auto, (max-width: 10px) 100vw, 10px\" \/>  Martin Piller<\/p>\n\n\n\n<p>Moderation: Cedric Pick<\/p>\n\n\n\n<hr class=\"wp-block-separator\"\/>\n\n\n\n<p><strong>Carabao Cup England, 03. Runde (DAZN)<\/strong><\/p>\n\n\n\n<p><span style=\"text-decoration: underline;\">Dienstag, 21. September 2021, ab 20.45 Uhr<\/span><\/p>\n\n\n\n<p><strong><em>Queens Park Rangers\u2013 Leeds United (20.45Uhr) <\/em><\/strong><\/p>\n\n\n\n<p><img loading=\"lazy\" decoding=\"async\" width=\"10\" height=\"21\" class=\"wp-image-3656\" style=\"width: 10px;\" src=\"http:\/\/kommentatorenblog.de\/wp-content\/uploads\/2020\/09\/shure-55sh-ii-e1601485394796.jpg\" alt=\"\" srcset=\"http:\/\/kommentatorenblog.de\/wp-content\/uploads\/2020\/09\/shure-55sh-ii-e1601485394796.jpg 415w, http:\/\/kommentatorenblog.de\/wp-content\/uploads\/2020\/09\/shure-55sh-ii-e1601485394796-142x300.jpg 142w\" sizes=\"auto, (max-width: 10px) 100vw, 10px\" \/> Tom Kirsten<\/p>\n\n\n\n<p><strong><em>Norwich City \u2013&nbsp;FC Liverpool (20.45 Uhr) <\/em><\/strong><\/p>\n\n\n\n<p><img loading=\"lazy\" decoding=\"async\" width=\"10\" height=\"21\" class=\"wp-image-3656\" style=\"width: 10px;\" src=\"http:\/\/kommentatorenblog.de\/wp-content\/uploads\/2020\/09\/shure-55sh-ii-e1601485394796.jpg\" alt=\"\" srcset=\"http:\/\/kommentatorenblog.de\/wp-content\/uploads\/2020\/09\/shure-55sh-ii-e1601485394796.jpg 415w, http:\/\/kommentatorenblog.de\/wp-content\/uploads\/2020\/09\/shure-55sh-ii-e1601485394796-142x300.jpg 142w\" sizes=\"auto, (max-width: 10px) 100vw, 10px\" \/> Uli Hebel Experte: Ralph Gunesch <\/p>\n\n\n\n<p><strong><em>Manchester City \u2013&nbsp;Wycombe Wanderers (20.45 Uhr)<\/em><\/strong><\/p>\n\n\n\n<p><img loading=\"lazy\" decoding=\"async\" width=\"10\" height=\"21\" class=\"wp-image-3656\" style=\"width: 10px;\" src=\"http:\/\/kommentatorenblog.de\/wp-content\/uploads\/2020\/09\/shure-55sh-ii-e1601485394796.jpg\" alt=\"\" srcset=\"http:\/\/kommentatorenblog.de\/wp-content\/uploads\/2020\/09\/shure-55sh-ii-e1601485394796.jpg 415w, http:\/\/kommentatorenblog.de\/wp-content\/uploads\/2020\/09\/shure-55sh-ii-e1601485394796-142x300.jpg 142w\" sizes=\"auto, (max-width: 10px) 100vw, 10px\" \/> Michael Born<\/p>\n\n\n\n<p><strong><em>FC Fulham \u2013 Leeds United (20.45 Uhr)<\/em><\/strong><\/p>\n\n\n\n<p><img loading=\"lazy\" decoding=\"async\" width=\"10\" height=\"21\" class=\"wp-image-3656\" style=\"width: 10px;\" src=\"http:\/\/kommentatorenblog.de\/wp-content\/uploads\/2020\/09\/shure-55sh-ii-e1601485394796.jpg\" alt=\"\" srcset=\"http:\/\/kommentatorenblog.de\/wp-content\/uploads\/2020\/09\/shure-55sh-ii-e1601485394796.jpg 415w, http:\/\/kommentatorenblog.de\/wp-content\/uploads\/2020\/09\/shure-55sh-ii-e1601485394796-142x300.jpg 142w\" sizes=\"auto, (max-width: 10px) 100vw, 10px\" \/> Marcel Seufert<\/p>\n\n\n\n<p><span style=\"text-decoration: underline;\"><span style=\"text-decoration: underline;\">Mittwoch, 22. September 2021, ab 20.45 Uhr<\/span> <\/span> <\/p>\n\n\n\n<p><strong><em>Manchester United \u2013&nbsp;West Ham United (20.45 Uhr)<\/em><\/strong><\/p>\n\n\n\n<p><img loading=\"lazy\" decoding=\"async\" width=\"10\" height=\"21\" class=\"wp-image-3656\" style=\"width: 10px;\" src=\"http:\/\/kommentatorenblog.de\/wp-content\/uploads\/2020\/09\/shure-55sh-ii-e1601485394796.jpg\" alt=\"\" srcset=\"http:\/\/kommentatorenblog.de\/wp-content\/uploads\/2020\/09\/shure-55sh-ii-e1601485394796.jpg 415w, http:\/\/kommentatorenblog.de\/wp-content\/uploads\/2020\/09\/shure-55sh-ii-e1601485394796-142x300.jpg 142w\" sizes=\"auto, (max-width: 10px) 100vw, 10px\" \/> Michael Born Experte: Sebastian Knei\u00dfl <\/p>\n\n\n\n<p><strong><em>FC Chelsea \u2013 Aston Villa <\/em><\/strong> <strong><em>(20.45 Uhr)<\/em><\/strong> <\/p>\n\n\n\n<p><img loading=\"lazy\" decoding=\"async\" width=\"10\" height=\"21\" class=\"wp-image-3656\" style=\"width: 10px;\" src=\"http:\/\/kommentatorenblog.de\/wp-content\/uploads\/2020\/09\/shure-55sh-ii-e1601485394796.jpg\" alt=\"\" srcset=\"http:\/\/kommentatorenblog.de\/wp-content\/uploads\/2020\/09\/shure-55sh-ii-e1601485394796.jpg 415w, http:\/\/kommentatorenblog.de\/wp-content\/uploads\/2020\/09\/shure-55sh-ii-e1601485394796-142x300.jpg 142w\" sizes=\"auto, (max-width: 10px) 100vw, 10px\" \/> Uli Hebel<\/p>\n\n\n\n<p><strong><em>Wolverhampton \u2013 Tottenham Hotspur (20.45 Uhr)<\/em><\/strong> <\/p>\n\n\n\n<p><img loading=\"lazy\" decoding=\"async\" width=\"10\" height=\"21\" class=\"wp-image-3656\" style=\"width: 10px;\" src=\"http:\/\/kommentatorenblog.de\/wp-content\/uploads\/2020\/09\/shure-55sh-ii-e1601485394796.jpg\" alt=\"\" srcset=\"http:\/\/kommentatorenblog.de\/wp-content\/uploads\/2020\/09\/shure-55sh-ii-e1601485394796.jpg 415w, http:\/\/kommentatorenblog.de\/wp-content\/uploads\/2020\/09\/shure-55sh-ii-e1601485394796-142x300.jpg 142w\" sizes=\"auto, (max-width: 10px) 100vw, 10px\" \/> Adrian Geiler<\/p>\n\n\n\n<hr class=\"wp-block-separator\"\/>\n\n\n\n<p><strong>La Liga, 06. Spieltag (DAZN)<\/strong><\/p>\n\n\n\n<p><span style=\"text-decoration: underline;\">Dienstag, 21. September 2021<\/span> <\/p>\n\n\n\n<p><strong><em> Getafe <strong><em>\u2013 <\/em><\/strong> Atl\u00e9tico Madrid (19.30 Uhr)<\/em><\/strong><\/p>\n\n\n\n<p><img loading=\"lazy\" decoding=\"async\" width=\"10\" height=\"21\" class=\"wp-image-3656\" style=\"width: 10px;\" src=\"http:\/\/kommentatorenblog.de\/wp-content\/uploads\/2020\/09\/shure-55sh-ii-e1601485394796.jpg\" alt=\"\" srcset=\"http:\/\/kommentatorenblog.de\/wp-content\/uploads\/2020\/09\/shure-55sh-ii-e1601485394796.jpg 415w, http:\/\/kommentatorenblog.de\/wp-content\/uploads\/2020\/09\/shure-55sh-ii-e1601485394796-142x300.jpg 142w\" sizes=\"auto, (max-width: 10px) 100vw, 10px\" \/> Matthias Naebers<\/p>\n\n\n\n<p><span style=\"text-decoration: underline;\">Mittwoch, 22. September 2021<\/span> <\/p>\n\n\n\n<p><strong><em>FC Sevilla \u2013 FC Valencia (19.30 Uhr)<\/em><\/strong><\/p>\n\n\n\n<p><img loading=\"lazy\" decoding=\"async\" width=\"10\" height=\"21\" class=\"wp-image-3656\" style=\"width: 10px;\" src=\"http:\/\/kommentatorenblog.de\/wp-content\/uploads\/2020\/09\/shure-55sh-ii-e1601485394796.jpg\" alt=\"\" srcset=\"http:\/\/kommentatorenblog.de\/wp-content\/uploads\/2020\/09\/shure-55sh-ii-e1601485394796.jpg 415w, http:\/\/kommentatorenblog.de\/wp-content\/uploads\/2020\/09\/shure-55sh-ii-e1601485394796-142x300.jpg 142w\" sizes=\"auto, (max-width: 10px) 100vw, 10px\" \/> Oliver Forster<\/p>\n\n\n\n<p><strong><em>Real Madrid  <strong><em>\u2013<\/em><\/strong> RCD Mallorca<\/em><\/strong><strong><em> (21.00 Uhr)<\/em><\/strong><\/p>\n\n\n\n<p><img loading=\"lazy\" decoding=\"async\" width=\"10\" height=\"21\" class=\"wp-image-3656\" style=\"width: 10px;\" src=\"http:\/\/kommentatorenblog.de\/wp-content\/uploads\/2020\/09\/shure-55sh-ii-e1601485394796.jpg\" alt=\"\" srcset=\"http:\/\/kommentatorenblog.de\/wp-content\/uploads\/2020\/09\/shure-55sh-ii-e1601485394796.jpg 415w, http:\/\/kommentatorenblog.de\/wp-content\/uploads\/2020\/09\/shure-55sh-ii-e1601485394796-142x300.jpg 142w\" sizes=\"auto, (max-width: 10px) 100vw, 10px\" \/> Jan Platte, Experte: Max Nicu<\/p>\n\n\n\n<p><strong><em>FC Villareal \u2013 FC Elche (22.00 Uhr)<\/em><\/strong><\/p>\n\n\n\n<p><img loading=\"lazy\" decoding=\"async\" width=\"10\" height=\"21\" class=\"wp-image-3656\" style=\"width: 10px;\" src=\"http:\/\/kommentatorenblog.de\/wp-content\/uploads\/2020\/09\/shure-55sh-ii-e1601485394796.jpg\" alt=\"\" srcset=\"http:\/\/kommentatorenblog.de\/wp-content\/uploads\/2020\/09\/shure-55sh-ii-e1601485394796.jpg 415w, http:\/\/kommentatorenblog.de\/wp-content\/uploads\/2020\/09\/shure-55sh-ii-e1601485394796-142x300.jpg 142w\" sizes=\"auto, (max-width: 10px) 100vw, 10px\" \/> Flo Hauser<\/p>\n\n\n\n<p><span style=\"text-decoration: underline;\">Donnerstag, 23. September 2021<\/span> <\/p>\n\n\n\n<p><strong><em>Granada \u2013 Real Sociedad (19.30 Uhr)<\/em><\/strong><\/p>\n\n\n\n<p><img loading=\"lazy\" decoding=\"async\" width=\"10\" height=\"21\" class=\"wp-image-3656\" style=\"width: 10px;\" src=\"http:\/\/kommentatorenblog.de\/wp-content\/uploads\/2020\/09\/shure-55sh-ii-e1601485394796.jpg\" alt=\"\" srcset=\"http:\/\/kommentatorenblog.de\/wp-content\/uploads\/2020\/09\/shure-55sh-ii-e1601485394796.jpg 415w, http:\/\/kommentatorenblog.de\/wp-content\/uploads\/2020\/09\/shure-55sh-ii-e1601485394796-142x300.jpg 142w\" sizes=\"auto, (max-width: 10px) 100vw, 10px\" \/> Uwe Morawe<\/p>\n\n\n\n<p><strong><em>Cadiz  <strong><em>\u2013<\/em><\/strong> FC Barcelona<\/em><\/strong><strong><em> (22.00 Uhr)<\/em><\/strong><\/p>\n\n\n\n<p><img loading=\"lazy\" decoding=\"async\" width=\"10\" height=\"21\" class=\"wp-image-3656\" style=\"width: 10px;\" src=\"http:\/\/kommentatorenblog.de\/wp-content\/uploads\/2020\/09\/shure-55sh-ii-e1601485394796.jpg\" alt=\"\" srcset=\"http:\/\/kommentatorenblog.de\/wp-content\/uploads\/2020\/09\/shure-55sh-ii-e1601485394796.jpg 415w, http:\/\/kommentatorenblog.de\/wp-content\/uploads\/2020\/09\/shure-55sh-ii-e1601485394796-142x300.jpg 142w\" sizes=\"auto, (max-width: 10px) 100vw, 10px\" \/> Lukas Sch\u00f6nm\u00fcller, Experte: Sascha Bigalke<\/p>\n\n\n\n<hr class=\"wp-block-separator\"\/>\n\n\n\n<p><strong>Serie A, 05. Spieltag (DAZN) <\/strong><\/p>\n\n\n\n<p><span style=\"text-decoration: underline;\">Dienstag, 21. September 2021<\/span><\/p>\n\n\n\n<p><strong><em>AC Florenz \u2013 Inter Mailand (20.45 Uhr) <\/em><\/strong><\/p>\n\n\n\n<p><img loading=\"lazy\" decoding=\"async\" width=\"10\" height=\"21\" class=\"wp-image-3656\" style=\"width: 10px;\" src=\"http:\/\/kommentatorenblog.de\/wp-content\/uploads\/2020\/09\/shure-55sh-ii-e1601485394796.jpg\" alt=\"\" srcset=\"http:\/\/kommentatorenblog.de\/wp-content\/uploads\/2020\/09\/shure-55sh-ii-e1601485394796.jpg 415w, http:\/\/kommentatorenblog.de\/wp-content\/uploads\/2020\/09\/shure-55sh-ii-e1601485394796-142x300.jpg 142w\" sizes=\"auto, (max-width: 10px) 100vw, 10px\" \/> Carsten Fu\u00df, Experte: Christian Bernhard<\/p>\n\n\n\n<p><span style=\"text-decoration: underline;\">Mittwoch, 22. September 2021<\/span><\/p>\n\n\n\n<p><strong><em>Spezia Calcio \u2013 Juventus Turin (18.30 Uhr) <\/em><\/strong><\/p>\n\n\n\n<p><img loading=\"lazy\" decoding=\"async\" width=\"10\" height=\"21\" class=\"wp-image-3656\" style=\"width: 10px;\" src=\"http:\/\/kommentatorenblog.de\/wp-content\/uploads\/2020\/09\/shure-55sh-ii-e1601485394796.jpg\" alt=\"\" srcset=\"http:\/\/kommentatorenblog.de\/wp-content\/uploads\/2020\/09\/shure-55sh-ii-e1601485394796.jpg 415w, http:\/\/kommentatorenblog.de\/wp-content\/uploads\/2020\/09\/shure-55sh-ii-e1601485394796-142x300.jpg 142w\" sizes=\"auto, (max-width: 10px) 100vw, 10px\" \/> Ruben Zimmermann<\/p>\n\n\n\n<p><strong><em>AC Mailand \u2013 FC Venedig (20.45 Uhr) <\/em><\/strong><\/p>\n\n\n\n<p><img loading=\"lazy\" decoding=\"async\" width=\"10\" height=\"21\" class=\"wp-image-3656\" style=\"width: 10px;\" src=\"http:\/\/kommentatorenblog.de\/wp-content\/uploads\/2020\/09\/shure-55sh-ii-e1601485394796.jpg\" alt=\"\" srcset=\"http:\/\/kommentatorenblog.de\/wp-content\/uploads\/2020\/09\/shure-55sh-ii-e1601485394796.jpg 415w, http:\/\/kommentatorenblog.de\/wp-content\/uploads\/2020\/09\/shure-55sh-ii-e1601485394796-142x300.jpg 142w\" sizes=\"auto, (max-width: 10px) 100vw, 10px\" \/> Mario Rieker<\/p>\n\n\n\n<hr class=\"wp-block-separator\"\/>\n\n\n\n<p><strong>Ligue 1, 06. Spieltag (DAZN)<\/strong><\/p>\n\n\n\n<p><span style=\"text-decoration: underline;\">Mittwoch  22. September 2021<\/span>  <\/p>\n\n\n\n<p><strong><em>AS Monaco \u2013 AS Saint-Etienne (19.00 Uhr)<\/em><\/strong><\/p>\n\n\n\n<p><img loading=\"lazy\" decoding=\"async\" width=\"10\" height=\"21\" class=\"wp-image-3656\" style=\"width: 10px;\" src=\"http:\/\/kommentatorenblog.de\/wp-content\/uploads\/2020\/09\/shure-55sh-ii-e1601485394796.jpg\" alt=\"\" srcset=\"http:\/\/kommentatorenblog.de\/wp-content\/uploads\/2020\/09\/shure-55sh-ii-e1601485394796.jpg 415w, http:\/\/kommentatorenblog.de\/wp-content\/uploads\/2020\/09\/shure-55sh-ii-e1601485394796-142x300.jpg 142w\" sizes=\"auto, (max-width: 10px) 100vw, 10px\" \/> Chris Putz  <\/p>\n\n\n\n<p><strong><em> FC Metz <strong><em>\u2013 <\/em><\/strong> Paris Saint-Germain  (21.00 Uhr)<\/em><\/strong> <\/p>\n\n\n\n<p><img loading=\"lazy\" decoding=\"async\" width=\"10\" height=\"21\" class=\"wp-image-3656\" style=\"width: 10px;\" src=\"http:\/\/kommentatorenblog.de\/wp-content\/uploads\/2020\/09\/shure-55sh-ii-e1601485394796.jpg\" alt=\"\" srcset=\"http:\/\/kommentatorenblog.de\/wp-content\/uploads\/2020\/09\/shure-55sh-ii-e1601485394796.jpg 415w, http:\/\/kommentatorenblog.de\/wp-content\/uploads\/2020\/09\/shure-55sh-ii-e1601485394796-142x300.jpg 142w\" sizes=\"auto, (max-width: 10px) 100vw, 10px\" \/> Stefan Galler, Experte: Alexis Menuge <\/p>\n\n\n\n<hr class=\"wp-block-separator\"\/>\n\n\n\n<p><strong>Internationaler Fu\u00dfball (Sportdigital FUSSBALL) <\/strong><\/p>\n\n\n\n<p><span style=\"text-decoration: underline;\">Dienstag, 21. September 2021<\/span><\/p>\n\n\n\n<p>Eredivisie, 6. Spieltag: <strong> <strong><em>Fortuna Sittard \u2013<\/em> <em>Ajax Amsterdam<\/em><\/strong> <em> (18.40 Uhr)<\/em><\/strong><\/p>\n\n\n\n<p><img loading=\"lazy\" decoding=\"async\" width=\"10\" height=\"21\" class=\"wp-image-3656\" style=\"width: 10px;\" src=\"http:\/\/kommentatorenblog.de\/wp-content\/uploads\/2020\/09\/shure-55sh-ii-e1601485394796.jpg\" alt=\"\" srcset=\"http:\/\/kommentatorenblog.de\/wp-content\/uploads\/2020\/09\/shure-55sh-ii-e1601485394796.jpg 415w, http:\/\/kommentatorenblog.de\/wp-content\/uploads\/2020\/09\/shure-55sh-ii-e1601485394796-142x300.jpg 142w\" sizes=\"auto, (max-width: 10px) 100vw, 10px\" \/> Karsten Linke<\/p>\n\n\n\n<p><span style=\"text-decoration: underline;\">Mittwoch, 22. September 2021<\/span><\/p>\n\n\n\n<p> Copa Libertadores, Halbfinale: <strong> <strong><em>Palmeiras \u2013<\/em> <\/strong><em>Atletico Mineiro (02.30 Uhr)<\/em><\/strong> <\/p>\n\n\n\n<p><img loading=\"lazy\" decoding=\"async\" width=\"10\" height=\"21\" class=\"wp-image-3656\" style=\"width: 10px;\" src=\"http:\/\/kommentatorenblog.de\/wp-content\/uploads\/2020\/09\/shure-55sh-ii-e1601485394796.jpg\" alt=\"\" srcset=\"http:\/\/kommentatorenblog.de\/wp-content\/uploads\/2020\/09\/shure-55sh-ii-e1601485394796.jpg 415w, http:\/\/kommentatorenblog.de\/wp-content\/uploads\/2020\/09\/shure-55sh-ii-e1601485394796-142x300.jpg 142w\" sizes=\"auto, (max-width: 10px) 100vw, 10px\" \/> Christian Blunck<\/p>\n\n\n\n<p> Eredivisie, 6. Spieltag: <strong> <strong><em>Go Ahead Eagels \u2013<\/em> <\/strong><em><strong>PSV Eindhoven<\/strong> (18.40 Uhr)<\/em><\/strong> <\/p>\n\n\n\n<p><img loading=\"lazy\" decoding=\"async\" width=\"10\" height=\"21\" class=\"wp-image-3656\" style=\"width: 10px;\" src=\"http:\/\/kommentatorenblog.de\/wp-content\/uploads\/2020\/09\/shure-55sh-ii-e1601485394796.jpg\" alt=\"\" srcset=\"http:\/\/kommentatorenblog.de\/wp-content\/uploads\/2020\/09\/shure-55sh-ii-e1601485394796.jpg 415w, http:\/\/kommentatorenblog.de\/wp-content\/uploads\/2020\/09\/shure-55sh-ii-e1601485394796-142x300.jpg 142w\" sizes=\"auto, (max-width: 10px) 100vw, 10px\" \/> Karsten Linke<\/p>\n\n\n\n<p>  Eredivisie, 6. Spieltag: <strong> <strong><em>Feyenoord Rotterdam \u2013<\/em> <\/strong><em><strong>SC Heerenveen<\/strong><\/em><em> (20.55 Uhr)<\/em><\/strong> <\/p>\n\n\n\n<p><img loading=\"lazy\" decoding=\"async\" width=\"10\" height=\"21\" class=\"wp-image-3656\" style=\"width: 10px;\" src=\"http:\/\/kommentatorenblog.de\/wp-content\/uploads\/2020\/09\/shure-55sh-ii-e1601485394796.jpg\" alt=\"\" srcset=\"http:\/\/kommentatorenblog.de\/wp-content\/uploads\/2020\/09\/shure-55sh-ii-e1601485394796.jpg 415w, http:\/\/kommentatorenblog.de\/wp-content\/uploads\/2020\/09\/shure-55sh-ii-e1601485394796-142x300.jpg 142w\" sizes=\"auto, (max-width: 10px) 100vw, 10px\" \/> Marcus Radefeld<\/p>\n\n\n\n<p><span style=\"text-decoration: underline;\">Donnerstag, 23. September 2021<\/span><\/p>\n\n\n\n<p> Copa Libertadores, Halbfinale: <strong> <strong><em>Flamengo \u2013<\/em> <\/strong><em>Barcelona (02.30 Uhr)<\/em><\/strong> <\/p>\n\n\n\n<p><img loading=\"lazy\" decoding=\"async\" width=\"10\" height=\"21\" class=\"wp-image-3656\" style=\"width: 10px;\" src=\"http:\/\/kommentatorenblog.de\/wp-content\/uploads\/2020\/09\/shure-55sh-ii-e1601485394796.jpg\" alt=\"\" srcset=\"http:\/\/kommentatorenblog.de\/wp-content\/uploads\/2020\/09\/shure-55sh-ii-e1601485394796.jpg 415w, http:\/\/kommentatorenblog.de\/wp-content\/uploads\/2020\/09\/shure-55sh-ii-e1601485394796-142x300.jpg 142w\" sizes=\"auto, (max-width: 10px) 100vw, 10px\" \/> Arne Malsch<\/p>\n\n\n\n<hr class=\"wp-block-separator\"\/>\n\n\n\n<p><strong>Die Analyse<\/strong> <\/p>\n\n\n\n<p><strong>Wenig Spiele in Deutschland<\/strong><\/p>\n\n\n\n<p>Nach dem Quali-Spiel am Samstag gegen Bulgarien treten die DFB-Frauen am Dienstag gegen Serbien an. Nach der ARD \u00fcbernimmt nun das ZDF die \u00dcbertragung. Bei den Ansetzungen gibt es keine \u00dcberraschungen, Sven Voss moderiert und Claudia Neumann wird am Mikrofon zu h\u00f6ren sein.<\/p>\n\n\n\n<p>Am Mittwoch steht zudem noch das Nachholspiel von Freiburgs Zweiter gegen die Eintracht aus Braunschweig an. Bei Magenta Sport melden sich Cedric Pick und Martin Piller aus Freiburg.<\/p>\n\n\n\n<p><strong>Insel im Pokal Fieber<\/strong><\/p>\n\n\n\n<p>Daneben steht noch einiges an internationalem Fu\u00dfball auf dem Programm.<\/p>\n\n\n\n<p>Auf der Insel wird unter der Woche die dritte Runde im Caraboa Cup gespielt. Dabei ist DAZN bei sieben Spielen mit Kommentar dabei. Am Dienstag bekommt Uli Hebel bei der Begegnung Norwich gegen Liverpool Unterst\u00fctzung von Ralph Gunesch als Experten. Am Mittwoch muss er alleine das Spiel Chelsea- Aston Villa kommentieren. Bei Michael Born, der zweite mit Doppeleinsatz in England, ist es umgekehrt. Dienstags kommentiert er das Spiel von ManCity alleine, mittwochs hat er Sebastian Knei\u00dfl an seiner Seite.<\/p>\n\n\n\n<p><strong>Frankreich, Italien und Spanien im Liga-Stress<\/strong><\/p>\n\n\n\n<p>Neben dem Pokal in England hat DAZN auch noch die spanische, italienische und franz\u00f6sische Liga im Angebot.<\/p>\n\n\n\n<p>In Spanien spielt <s>Tabellenf\u00fchrer<\/s> der Tabellenzweiten Atletico Madrid in Getafe, kommentiert von Matthias Naebers Er muss ohne Experten auskommen, diese werden daf\u00fcr bei den Begegnungen von Real und Barca eingesetzt. Hier kommentieren Jan Platte und Max Nicu beziehungsweise Lukas Sch\u00f6nm\u00fcller und Sascha Bigalke. Ansonsten sind weitere bekannte DAZN- Gesichter in der spanischen aber auch italienischen Liga im Einsatz.<\/p>\n\n\n\n<p>In Frankreich begleiten, wie bereits am Wochenende Stefan Galler und Alexis Menuge die Partie von PSG. Dazu kommentiert Chris Putz die Begegnung AS Monaco gegen AS Saint-Etienne.<\/p>\n\n\n\n<p>Sportdigital hat unter der Woche noch drei Partien aus der niederl\u00e4ndischen Eredivisie und die Hinspiele der Copa Libertadores. Karsten Linke kommt auf zwei Eins\u00e4tze, am Dienstag und Mittwoch. Blunck, Radefeld und Malsch sind je einmal im Einsatz<\/p>\n\n\n\n<p>Bis dahin, habt eine sch\u00f6ne Woche!<\/p>\n\n\n\n<p><\/p>\n","protected":false},"excerpt":{"rendered":"<p>N\u2019Abend allerseits, nach dem f\u00fcnften Spieltag der Bundesliga und davor der L\u00e4nderspiel-Pause mit drei Spielen, steht f\u00fcr die Bundesliga- Spieler eine kurze Pause an. Neben einem Nachholspiel in Liga drei steht noch das zweite Qualifikationsspiel der DFB-Frauen f\u00fcr die WM in Australien und Neuseeland an. Das wars an Spielen in Deutschland, daf\u00fcr gibt es englische [&hellip;]<\/p>\n","protected":false},"author":10,"featured_media":0,"comment_status":"open","ping_status":"open","sticky":false,"template":"","format":"standard","meta":{"footnotes":""},"categories":[429],"tags":[598,153,263,131,499,164,57,36,13,132,48,59,205,9,276,503,243,223,438,114,183,108,301,361,222,134,154,200,105,149,37],"class_list":["post-10681","post","type-post","status-publish","format-standard","hentry","category-diverses","tag-adrian-geiler","tag-alexis-menuge","tag-arne-malsch","tag-carsten-fuss","tag-chris-putz","tag-christian-bernhard","tag-christian-blunck","tag-claudia-neumann","tag-dazn","tag-flo-hauser","tag-jan-platte","tag-karsten-linke","tag-lukas-schoenmueller","tag-magenta-sport","tag-marcel-seufert","tag-marcus-radefeld","tag-mario-rieker","tag-matthias-naebers","tag-max-nicu","tag-michael-born","tag-oliver-forster","tag-ralph-gunesch","tag-ruben-zimmermann","tag-sascha-bigalke","tag-sebastian-kneissl","tag-sportdigital-fussball","tag-stefan-galler","tag-tom-kirsten","tag-uli-hebel","tag-uwe-morawe","tag-zdf"],"_links":{"self":[{"href":"http:\/\/kommentatorenblog.de\/index.php?rest_route=\/wp\/v2\/posts\/10681","targetHints":{"allow":["GET"]}}],"collection":[{"href":"http:\/\/kommentatorenblog.de\/index.php?rest_route=\/wp\/v2\/posts"}],"about":[{"href":"http:\/\/kommentatorenblog.de\/index.php?rest_route=\/wp\/v2\/types\/post"}],"author":[{"embeddable":true,"href":"http:\/\/kommentatorenblog.de\/index.php?rest_route=\/wp\/v2\/users\/10"}],"replies":[{"embeddable":true,"href":"http:\/\/kommentatorenblog.de\/index.php?rest_route=%2Fwp%2Fv2%2Fcomments&post=10681"}],"version-history":[{"count":10,"href":"http:\/\/kommentatorenblog.de\/index.php?rest_route=\/wp\/v2\/posts\/10681\/revisions"}],"predecessor-version":[{"id":10706,"href":"http:\/\/kommentatorenblog.de\/index.php?rest_route=\/wp\/v2\/posts\/10681\/revisions\/10706"}],"wp:attachment":[{"href":"http:\/\/kommentatorenblog.de\/index.php?rest_route=%2Fwp%2Fv2%2Fmedia&parent=10681"}],"wp:term":[{"taxonomy":"category","embeddable":true,"href":"http:\/\/kommentatorenblog.de\/index.php?rest_route=%2Fwp%2Fv2%2Fcategories&post=10681"},{"taxonomy":"post_tag","embeddable":true,"href":"http:\/\/kommentatorenblog.de\/index.php?rest_route=%2Fwp%2Fv2%2Ftags&post=10681"}],"curies":[{"name":"wp","href":"https:\/\/api.w.org\/{rel}","templated":true}]}}