{"id":10730,"date":"2021-09-27T19:07:08","date_gmt":"2021-09-27T17:07:08","guid":{"rendered":"http:\/\/kommentatorenblog.de\/?p=10730"},"modified":"2021-09-27T19:07:10","modified_gmt":"2021-09-27T17:07:10","slug":"1200-abspecken-ist-nicht-immer-erfreulich","status":"publish","type":"post","link":"http:\/\/kommentatorenblog.de\/?p=10730","title":{"rendered":"1200 \u2013 Abspecken ist nicht immer erfreulich"},"content":{"rendered":"\n<p>N\u2019Abend allerseits,<\/p>\n\n\n\n<p>in dieser Woche d\u00fcrfen wir uns mal wieder auf die Cr\u00e8me de la Cr\u00e8me im Profi-Fu\u00dfball freuen. Der 2. Spieltag der Champions, Europa und Conference League steht vor der T\u00fcr. F\u00fcr mich ist es sogar der erste Spieltag, den ich komplett verfolgen kann und verfolgen werde. Umso ern\u00fcchterter war ich, als ich gesehen habe, dass DAZN seine Vorberichte um ein Vielfaches eindampfen wird. Bezeichnend ist das Wolfsburg-Spiel am Mittwoch, dessen Sendestart in der Programmvorschau f\u00fcr 21 Uhr, also zeitgleich mit dem Ansto\u00df, angesetzt wird. Erfahrungsgem\u00e4\u00df d\u00fcrfte der Streamingdienst zwar f\u00fcnf Minuten vor Anpfiff einsteigen. Gerecht wird eine solche Berichterstattung den Spielen mit deutscher Beteiligung in der Champions League meiner Meinung aber nicht. Zum Vergleich: Vor zwei Wochen wurden die Zuschauer noch regelrecht verw\u00f6hnt. Die drei Partien mit deutschen Vertretern bekamen einen Vorbericht von einer Stunde, wobei sich die H\u00e4lfte des Vorberichts jeweils um das Spiel selbst drehte. Schade, dass dieses Konzept bereits jetzt wieder den alten Mustern weichen muss.<\/p>\n\n\n\n<p>Immerhin den Spielen von Bayern und Leipzig ist eine halbe Stunde Vorberichterstattung verg\u00f6nnt. Damit wahrt DAZN, das unabh\u00e4ngig von seinen Vorberichten durchaus immer wieder mit spannenden Beitr\u00e4gen rund um die einzelnen Wettbewerbe gl\u00e4nzt, ein Mindestma\u00df an Aufrichtigkeit gegen\u00fcber den Fans und Abonnenten. Freuen d\u00fcrfen wir uns allemal wieder auf die Konferenz. Was zun\u00e4chst selbstverst\u00e4ndlich klingt, m\u00f6chte ich trotzdem positiv hervorheben, da es mir ein Anliegen ist, dass den Zuschauern dieses Format erhalten bleibt. Die Konferenz, die ich mir am 1. CL-Spieltag an zumindest einem der beiden Tage anschauen konnte, gef\u00e4llt mir auch bei DAZN ziemlich gut. Am Dienstag werde ich aber wohl auf mein z\u00e4hneknirschend abgeschlossenes Prime-Abo zur\u00fcckgreifen. Der Internet-Riese f\u00e4hrt wie schon zuletzt schwere Gesch\u00fctze auf.<\/p>\n\n\n\n<p>Alles Weitere findet ihr in den Ansetzungen.<\/p>\n\n\n\n<p class=\"has-normal-font-size\"><strong><em>Die Ansetzungen vom 28. September bis zum 30. September 2021<\/em><\/strong><\/p>\n\n\n\n<p class=\"has-normal-font-size\"><strong>Champions League Gruppenphase, 02. Spieltag<\/strong><\/p>\n\n\n\n<p><span style=\"text-decoration: underline;\">Dienstag, 28. September 2021, ab 18.30 Uhr (DAZN)<\/span><\/p>\n\n\n\n<p><em><strong>Ajax Amsterdam \u2013 Besiktas Istanbul (18.45 Uhr)<\/strong><\/em><\/p>\n\n\n\n<p class=\"has-normal-font-size\"><img loading=\"lazy\" decoding=\"async\" width=\"10\" height=\"21\" class=\"wp-image-3656\" style=\"width: 10px;\" src=\"http:\/\/kommentatorenblog.de\/wp-content\/uploads\/2020\/09\/shure-55sh-ii-e1601485394796.jpg\" alt=\"\" srcset=\"http:\/\/kommentatorenblog.de\/wp-content\/uploads\/2020\/09\/shure-55sh-ii-e1601485394796.jpg 415w, http:\/\/kommentatorenblog.de\/wp-content\/uploads\/2020\/09\/shure-55sh-ii-e1601485394796-142x300.jpg 142w\" sizes=\"auto, (max-width: 10px) 100vw, 10px\" \/> Daniel G\u00fcnther (Einzelspiel), Tom Kirsten (Konferenz)<\/p>\n\n\n\n<p><strong><em><strong><em>FC Shakhtar Donetsk<\/em><\/strong> \u2013 Inter Mailand (18.45 Uhr)<\/em><\/strong><\/p>\n\n\n\n<p class=\"has-normal-font-size\"><img loading=\"lazy\" decoding=\"async\" width=\"10\" height=\"21\" class=\"wp-image-3656\" style=\"width: 10px;\" src=\"http:\/\/kommentatorenblog.de\/wp-content\/uploads\/2020\/09\/shure-55sh-ii-e1601485394796.jpg\" alt=\"\" srcset=\"http:\/\/kommentatorenblog.de\/wp-content\/uploads\/2020\/09\/shure-55sh-ii-e1601485394796.jpg 415w, http:\/\/kommentatorenblog.de\/wp-content\/uploads\/2020\/09\/shure-55sh-ii-e1601485394796-142x300.jpg 142w\" sizes=\"auto, (max-width: 10px) 100vw, 10px\" \/> Carsten Fu\u00df (Einzelspiel), Mario Rieker (Konferenz)<\/p>\n\n\n\n<p class=\"has-normal-font-size\"><span style=\"text-decoration: underline;\">ab 19.30 Uhr <strong>(PrimeVideo &#8211; exklusives Einzelspiel)<\/strong><\/span><\/p>\n\n\n\n<p><strong><em>Borussia Dortmund \u2013 Sporting Lissabon (21.00 Uhr)<\/em><\/strong><\/p>\n\n\n\n<p class=\"has-normal-font-size\"><img loading=\"lazy\" decoding=\"async\" width=\"10\" height=\"21\" class=\"wp-image-3656\" style=\"width: 10px;\" src=\"http:\/\/kommentatorenblog.de\/wp-content\/uploads\/2020\/09\/shure-55sh-ii-e1601485394796.jpg\" alt=\"\" srcset=\"http:\/\/kommentatorenblog.de\/wp-content\/uploads\/2020\/09\/shure-55sh-ii-e1601485394796.jpg 415w, http:\/\/kommentatorenblog.de\/wp-content\/uploads\/2020\/09\/shure-55sh-ii-e1601485394796-142x300.jpg 142w\" sizes=\"auto, (max-width: 10px) 100vw, 10px\" \/> Jonas Freidrich, Experte: Benedikt H\u00f6wedes<\/p>\n\n\n\n<p>Field-Reporter: Annika Zimmermann, Sebastian Benesch<\/p>\n\n\n\n<p>Moderation: Sebastian Hellmann, Experten: Matthias Sammer, Mario Gomez, Steffen Baumgart, Schiedsrichter-Experte: Wolfgang Stark<\/p>\n\n\n\n<p><span style=\"text-decoration: underline;\">ab 20.30 Uhr (DAZN)<\/span><\/p>\n\n\n\n<p><strong><em>RB Leipzig \u2013 FC Br\u00fcgge (21.00 Uhr)<\/em><\/strong><\/p>\n\n\n\n<p class=\"has-normal-font-size\"><img loading=\"lazy\" decoding=\"async\" width=\"10\" height=\"21\" class=\"wp-image-3656\" style=\"width: 10px;\" src=\"http:\/\/kommentatorenblog.de\/wp-content\/uploads\/2020\/09\/shure-55sh-ii-e1601485394796.jpg\" alt=\"\" srcset=\"http:\/\/kommentatorenblog.de\/wp-content\/uploads\/2020\/09\/shure-55sh-ii-e1601485394796.jpg 415w, http:\/\/kommentatorenblog.de\/wp-content\/uploads\/2020\/09\/shure-55sh-ii-e1601485394796-142x300.jpg 142w\" sizes=\"auto, (max-width: 10px) 100vw, 10px\" \/> Marco Hagemann, Experte: Sandro Wagner (Einzelspiel), Uli Hebel (Konferenz)<\/p>\n\n\n\n<p>Moderation: Alex Schl\u00fcter, Field-Reporter: Max Siebald<\/p>\n\n\n\n<p><span style=\"text-decoration: underline;\">ab 21.00 Uhr (DAZN)<\/span><\/p>\n\n\n\n<p><strong><em>Paris Saint-Germain \u2013 Manchester City (21.00 Uhr)<\/em><\/strong><\/p>\n\n\n\n<p class=\"has-normal-font-size\"><img loading=\"lazy\" decoding=\"async\" width=\"10\" height=\"21\" class=\"wp-image-3656\" style=\"width: 10px;\" src=\"http:\/\/kommentatorenblog.de\/wp-content\/uploads\/2020\/09\/shure-55sh-ii-e1601485394796.jpg\" alt=\"\" srcset=\"http:\/\/kommentatorenblog.de\/wp-content\/uploads\/2020\/09\/shure-55sh-ii-e1601485394796.jpg 415w, http:\/\/kommentatorenblog.de\/wp-content\/uploads\/2020\/09\/shure-55sh-ii-e1601485394796-142x300.jpg 142w\" sizes=\"auto, (max-width: 10px) 100vw, 10px\" \/> Lukas Sch\u00f6nm\u00fcller, Experte: Jonas Hummels (Einzelspiel), Jan Platte (Konferenz)<\/p>\n\n\n\n<p><strong><em>AC Mailand \u2013 Atl\u00e9tico Madrid (21.00 Uhr)<\/em><\/strong><\/p>\n\n\n\n<p class=\"has-normal-font-size\"><img loading=\"lazy\" decoding=\"async\" width=\"10\" height=\"21\" class=\"wp-image-3656\" style=\"width: 10px;\" src=\"http:\/\/kommentatorenblog.de\/wp-content\/uploads\/2020\/09\/shure-55sh-ii-e1601485394796.jpg\" alt=\"\" srcset=\"http:\/\/kommentatorenblog.de\/wp-content\/uploads\/2020\/09\/shure-55sh-ii-e1601485394796.jpg 415w, http:\/\/kommentatorenblog.de\/wp-content\/uploads\/2020\/09\/shure-55sh-ii-e1601485394796-142x300.jpg 142w\" sizes=\"auto, (max-width: 10px) 100vw, 10px\" \/> Flo Hauser, Experte: Ralph Gunesch (Einzelspiel), Michael Born (Konferenz)<\/p>\n\n\n\n<p><strong><em>Real Madrid \u2013 F<meta charset=\"utf-8\"><strong><em>C Sheriff Tiraspol<\/em><\/strong><\/em><\/strong> <strong><em>(21.00 Uhr)<\/em><\/strong><\/p>\n\n\n\n<p class=\"has-normal-font-size\"><img loading=\"lazy\" decoding=\"async\" width=\"10\" height=\"21\" class=\"wp-image-3656\" style=\"width: 10px;\" src=\"http:\/\/kommentatorenblog.de\/wp-content\/uploads\/2020\/09\/shure-55sh-ii-e1601485394796.jpg\" alt=\"\" srcset=\"http:\/\/kommentatorenblog.de\/wp-content\/uploads\/2020\/09\/shure-55sh-ii-e1601485394796.jpg 415w, http:\/\/kommentatorenblog.de\/wp-content\/uploads\/2020\/09\/shure-55sh-ii-e1601485394796-142x300.jpg 142w\" sizes=\"auto, (max-width: 10px) 100vw, 10px\" \/> Tobi Fischbeck (Einzelspiel), Uwe Morawe (Konferenz)<\/p>\n\n\n\n<p><strong><em>FC Porto \u2013 FC Liverpool (21.00 Uhr)<\/em><\/strong><\/p>\n\n\n\n<p class=\"has-normal-font-size\"><img loading=\"lazy\" decoding=\"async\" width=\"10\" height=\"21\" class=\"wp-image-3656\" style=\"width: 10px;\" src=\"http:\/\/kommentatorenblog.de\/wp-content\/uploads\/2020\/09\/shure-55sh-ii-e1601485394796.jpg\" alt=\"\" srcset=\"http:\/\/kommentatorenblog.de\/wp-content\/uploads\/2020\/09\/shure-55sh-ii-e1601485394796.jpg 415w, http:\/\/kommentatorenblog.de\/wp-content\/uploads\/2020\/09\/shure-55sh-ii-e1601485394796-142x300.jpg 142w\" sizes=\"auto, (max-width: 10px) 100vw, 10px\" \/> Jogi Hebel (Einzelspiel), Nico Seepe (Konferenz)<\/p>\n\n\n\n<p>Moderation (DAZN): Tobi Wahnschaffe<\/p>\n\n\n\n<p><span style=\"text-decoration: underline;\">Mittwoch, 29. September 2021, ab 18.30 Uhr (DAZN)<\/span><\/p>\n\n\n\n<p><em><strong>Atalanta Bergamo \u2013 Young Boys Bern (18.45 Uhr)<\/strong><\/em><\/p>\n\n\n\n<p class=\"has-normal-font-size\"><img loading=\"lazy\" decoding=\"async\" width=\"10\" height=\"21\" class=\"wp-image-3656\" style=\"width: 10px;\" src=\"http:\/\/kommentatorenblog.de\/wp-content\/uploads\/2020\/09\/shure-55sh-ii-e1601485394796.jpg\" alt=\"\" srcset=\"http:\/\/kommentatorenblog.de\/wp-content\/uploads\/2020\/09\/shure-55sh-ii-e1601485394796.jpg 415w, http:\/\/kommentatorenblog.de\/wp-content\/uploads\/2020\/09\/shure-55sh-ii-e1601485394796-142x300.jpg 142w\" sizes=\"auto, (max-width: 10px) 100vw, 10px\" \/> Stefan Galler (Einzelspiel), Guido H\u00fcsgen (Konferenz)<\/p>\n\n\n\n<p><strong><em>Zenit St. Petersburg \u2013 Malm\u00f6 FF (18.45 Uhr)<\/em><\/strong><\/p>\n\n\n\n<p class=\"has-normal-font-size\"><img loading=\"lazy\" decoding=\"async\" width=\"10\" height=\"21\" class=\"wp-image-3656\" style=\"width: 10px;\" src=\"http:\/\/kommentatorenblog.de\/wp-content\/uploads\/2020\/09\/shure-55sh-ii-e1601485394796.jpg\" alt=\"\" srcset=\"http:\/\/kommentatorenblog.de\/wp-content\/uploads\/2020\/09\/shure-55sh-ii-e1601485394796.jpg 415w, http:\/\/kommentatorenblog.de\/wp-content\/uploads\/2020\/09\/shure-55sh-ii-e1601485394796-142x300.jpg 142w\" sizes=\"auto, (max-width: 10px) 100vw, 10px\" \/> Marcel Seufert (Einzelspiel), Oliver Forster (Konferenz)<\/p>\n\n\n\n<p><span style=\"text-decoration: underline;\">ab 20.30 Uhr (DAZN)<\/span> <\/p>\n\n\n\n<p><strong><em><em><strong>FC Bayern M\u00fcnchen \u2013 Dynamo Kiew <\/strong><\/em>(21.00 Uhr)<\/em><\/strong><\/p>\n\n\n\n<p class=\"has-normal-font-size\"><img loading=\"lazy\" decoding=\"async\" width=\"10\" height=\"21\" class=\"wp-image-3656\" style=\"width: 10px;\" src=\"http:\/\/kommentatorenblog.de\/wp-content\/uploads\/2020\/09\/shure-55sh-ii-e1601485394796.jpg\" alt=\"\" srcset=\"http:\/\/kommentatorenblog.de\/wp-content\/uploads\/2020\/09\/shure-55sh-ii-e1601485394796.jpg 415w, http:\/\/kommentatorenblog.de\/wp-content\/uploads\/2020\/09\/shure-55sh-ii-e1601485394796-142x300.jpg 142w\" sizes=\"auto, (max-width: 10px) 100vw, 10px\" \/> Jan Platte, Experte: Ralf Rangnick (Einzelspiel), Lukas Sch\u00f6nm\u00fcller (Konferenz)<\/p>\n\n\n\n<p>Moderation: Alex Schl\u00fcter, Field-Reporter: Daniel Herzog<\/p>\n\n\n\n<p><span style=\"text-decoration: underline;\">ab 21.00 Uhr (DAZN)<\/span><\/p>\n\n\n\n<p><strong><em>VfL Wolfsburg \u2013 FC Sevilla (21.00 Uhr)<\/em><\/strong><\/p>\n\n\n\n<p class=\"has-normal-font-size\"><img loading=\"lazy\" decoding=\"async\" width=\"10\" height=\"21\" class=\"wp-image-3656\" style=\"width: 10px;\" src=\"http:\/\/kommentatorenblog.de\/wp-content\/uploads\/2020\/09\/shure-55sh-ii-e1601485394796.jpg\" alt=\"\" srcset=\"http:\/\/kommentatorenblog.de\/wp-content\/uploads\/2020\/09\/shure-55sh-ii-e1601485394796.jpg 415w, http:\/\/kommentatorenblog.de\/wp-content\/uploads\/2020\/09\/shure-55sh-ii-e1601485394796-142x300.jpg 142w\" sizes=\"auto, (max-width: 10px) 100vw, 10px\" \/> Nico Seepe, Experte: Peter Hyballa (Einzelspiel), Freddy Harder (Konferenz)<\/p>\n\n\n\n<p><strong><em>FC Salzburg \u2013 OSC Lille (21.00 Uhr)<\/em><\/strong><\/p>\n\n\n\n<p class=\"has-normal-font-size\"><img loading=\"lazy\" decoding=\"async\" width=\"10\" height=\"21\" class=\"wp-image-3656\" style=\"width: 10px;\" src=\"http:\/\/kommentatorenblog.de\/wp-content\/uploads\/2020\/09\/shure-55sh-ii-e1601485394796.jpg\" alt=\"\" srcset=\"http:\/\/kommentatorenblog.de\/wp-content\/uploads\/2020\/09\/shure-55sh-ii-e1601485394796.jpg 415w, http:\/\/kommentatorenblog.de\/wp-content\/uploads\/2020\/09\/shure-55sh-ii-e1601485394796-142x300.jpg 142w\" sizes=\"auto, (max-width: 10px) 100vw, 10px\" \/> Max Gross, Experte: Alexis Menuge (Einzelspiel), Max Siebald (Konferenz)<\/p>\n\n\n\n<p><strong><em>Juventus Turin \u2013 FC Chelsea (21.00 Uhr)<\/em><\/strong><\/p>\n\n\n\n<p class=\"has-normal-font-size\"><img loading=\"lazy\" decoding=\"async\" width=\"10\" height=\"21\" class=\"wp-image-3656\" style=\"width: 10px;\" src=\"http:\/\/kommentatorenblog.de\/wp-content\/uploads\/2020\/09\/shure-55sh-ii-e1601485394796.jpg\" alt=\"\" srcset=\"http:\/\/kommentatorenblog.de\/wp-content\/uploads\/2020\/09\/shure-55sh-ii-e1601485394796.jpg 415w, http:\/\/kommentatorenblog.de\/wp-content\/uploads\/2020\/09\/shure-55sh-ii-e1601485394796-142x300.jpg 142w\" sizes=\"auto, (max-width: 10px) 100vw, 10px\" \/> Uli Hebel, Experte: <meta charset=\"utf-8\">Sebastian Knei\u00dfl (Einzelspiel), Michael Born (Konferenz)<\/p>\n\n\n\n<p><strong><em><strong><em>Benfica Lissabon \u2013 FC Barcelona <\/em><\/strong>(21.00 Uhr)<\/em><\/strong><\/p>\n\n\n\n<p class=\"has-normal-font-size\"><img loading=\"lazy\" decoding=\"async\" width=\"10\" height=\"21\" class=\"wp-image-3656\" style=\"width: 10px;\" src=\"http:\/\/kommentatorenblog.de\/wp-content\/uploads\/2020\/09\/shure-55sh-ii-e1601485394796.jpg\" alt=\"\" srcset=\"http:\/\/kommentatorenblog.de\/wp-content\/uploads\/2020\/09\/shure-55sh-ii-e1601485394796.jpg 415w, http:\/\/kommentatorenblog.de\/wp-content\/uploads\/2020\/09\/shure-55sh-ii-e1601485394796-142x300.jpg 142w\" sizes=\"auto, (max-width: 10px) 100vw, 10px\" \/> Flo Hauser (Einzelspiel), Christoph Stadtler (Konferenz)<\/p>\n\n\n\n<p><strong><em>Manchester United \u2013 FC Villarreal (21.00 Uhr)<\/em><\/strong><\/p>\n\n\n\n<p class=\"has-normal-font-size\"><img loading=\"lazy\" decoding=\"async\" width=\"10\" height=\"21\" class=\"wp-image-3656\" style=\"width: 10px;\" src=\"http:\/\/kommentatorenblog.de\/wp-content\/uploads\/2020\/09\/shure-55sh-ii-e1601485394796.jpg\" alt=\"\" srcset=\"http:\/\/kommentatorenblog.de\/wp-content\/uploads\/2020\/09\/shure-55sh-ii-e1601485394796.jpg 415w, http:\/\/kommentatorenblog.de\/wp-content\/uploads\/2020\/09\/shure-55sh-ii-e1601485394796-142x300.jpg 142w\" sizes=\"auto, (max-width: 10px) 100vw, 10px\" \/> Daniel G\u00fcnther (Einzelspiel), Uwe Morawe (Konferenz)<\/p>\n\n\n\n<p>Moderation (DAZN): Jan L\u00fcdeke<\/p>\n\n\n\n<hr class=\"wp-block-separator\"\/>\n\n\n\n<p><strong>Europa League\/Europa Conference League Gruppenphase, 02. Spieltag (RTL)<\/strong><\/p>\n\n\n\n<p><span style=\"text-decoration: underline;\">Donnerstag, 30. September 2021, ab 18.40 Uhr (RTL)<\/span><\/p>\n\n\n\n<p><strong><em>Die Konferenz <\/em><\/strong><\/p>\n\n\n\n<p><img loading=\"lazy\" decoding=\"async\" width=\"10\" height=\"21\" class=\"wp-image-3656\" style=\"width: 10px;\" src=\"http:\/\/kommentatorenblog.de\/wp-content\/uploads\/2020\/09\/shure-55sh-ii-e1601485394796.jpg\" alt=\"\" srcset=\"http:\/\/kommentatorenblog.de\/wp-content\/uploads\/2020\/09\/shure-55sh-ii-e1601485394796.jpg 415w, http:\/\/kommentatorenblog.de\/wp-content\/uploads\/2020\/09\/shure-55sh-ii-e1601485394796-142x300.jpg 142w\" sizes=\"auto, (max-width: 10px) 100vw, 10px\" \/> Stefan Fuckert<\/p>\n\n\n\n<p><span style=\"text-decoration: underline;\">ab 20.15 Uhr (RTL)<\/span><\/p>\n\n\n\n<p><strong><em>Celtic Glasgow<\/em><\/strong>&nbsp;<strong><em>\u2013<\/em><\/strong>&nbsp;<strong><em>Bayer Leverkusen (21.00 Uhr)<\/em><\/strong><\/p>\n\n\n\n<p class=\"has-normal-font-size\"><img loading=\"lazy\" decoding=\"async\" width=\"10\" height=\"21\" class=\"wp-image-3656\" style=\"width: 10px;\" src=\"http:\/\/kommentatorenblog.de\/wp-content\/uploads\/2020\/09\/shure-55sh-ii-e1601485394796.jpg\" alt=\"\" srcset=\"http:\/\/kommentatorenblog.de\/wp-content\/uploads\/2020\/09\/shure-55sh-ii-e1601485394796.jpg 415w, http:\/\/kommentatorenblog.de\/wp-content\/uploads\/2020\/09\/shure-55sh-ii-e1601485394796-142x300.jpg 142w\" sizes=\"auto, (max-width: 10px) 100vw, 10px\" \/> Marco Hagemann, Experte: Steffen Freund, Field-Reporter: Jonas Gerdes und Felix G\u00f6rner<\/p>\n\n\n\n<p>Moderation: Laura Papendick, Experte: Karl-Heinz Riedle<\/p>\n\n\n\n<p><span style=\"text-decoration: underline;\">ab 17.30 Uhr (TVNOW)<\/span><\/p>\n\n\n\n<p><strong><em>Royal Antwerpen FC<\/em><\/strong>&nbsp;<strong><em>\u2013<\/em><\/strong>&nbsp;<strong><em>Eintracht Frankfurt (18.45 Uhr)<\/em><\/strong><\/p>\n\n\n\n<p class=\"has-normal-font-size\"><img loading=\"lazy\" decoding=\"async\" width=\"10\" height=\"21\" class=\"wp-image-3656\" style=\"width: 10px;\" src=\"http:\/\/kommentatorenblog.de\/wp-content\/uploads\/2020\/09\/shure-55sh-ii-e1601485394796.jpg\" alt=\"\" srcset=\"http:\/\/kommentatorenblog.de\/wp-content\/uploads\/2020\/09\/shure-55sh-ii-e1601485394796.jpg 415w, http:\/\/kommentatorenblog.de\/wp-content\/uploads\/2020\/09\/shure-55sh-ii-e1601485394796-142x300.jpg 142w\" sizes=\"auto, (max-width: 10px) 100vw, 10px\" \/> Cornelius K\u00fcpper, Field-Reporter: Thomas Wagner<\/p>\n\n\n\n<p><strong><em>Real Sociedad \u2013 AS Monaco (18.45 Uhr)<\/em><\/strong><\/p>\n\n\n\n<p class=\"has-normal-font-size\"><img loading=\"lazy\" decoding=\"async\" width=\"10\" height=\"21\" class=\"wp-image-3656\" style=\"width: 10px;\" src=\"http:\/\/kommentatorenblog.de\/wp-content\/uploads\/2020\/09\/shure-55sh-ii-e1601485394796.jpg\" alt=\"\" srcset=\"http:\/\/kommentatorenblog.de\/wp-content\/uploads\/2020\/09\/shure-55sh-ii-e1601485394796.jpg 415w, http:\/\/kommentatorenblog.de\/wp-content\/uploads\/2020\/09\/shure-55sh-ii-e1601485394796-142x300.jpg 142w\" sizes=\"auto, (max-width: 10px) 100vw, 10px\" \/> Michael Born<\/p>\n\n\n\n<p><strong><em>Fenerbahce Istanbul \u2013 Olympiakos Pir\u00e4us (18.45 Uhr)<\/em><\/strong><\/p>\n\n\n\n<p class=\"has-normal-font-size\"><img loading=\"lazy\" decoding=\"async\" width=\"10\" height=\"21\" class=\"wp-image-3656\" style=\"width: 10px;\" src=\"http:\/\/kommentatorenblog.de\/wp-content\/uploads\/2020\/09\/shure-55sh-ii-e1601485394796.jpg\" alt=\"\" srcset=\"http:\/\/kommentatorenblog.de\/wp-content\/uploads\/2020\/09\/shure-55sh-ii-e1601485394796.jpg 415w, http:\/\/kommentatorenblog.de\/wp-content\/uploads\/2020\/09\/shure-55sh-ii-e1601485394796-142x300.jpg 142w\" sizes=\"auto, (max-width: 10px) 100vw, 10px\" \/> Heiko Wa\u00dfer<\/p>\n\n\n\n<p><strong><em>Sturm Graz \u2013 PSV Eindhoven (18.45 Uhr)<\/em><\/strong><\/p>\n\n\n\n<p class=\"has-normal-font-size\"><img loading=\"lazy\" decoding=\"async\" width=\"10\" height=\"21\" class=\"wp-image-3656\" style=\"width: 10px;\" src=\"http:\/\/kommentatorenblog.de\/wp-content\/uploads\/2020\/09\/shure-55sh-ii-e1601485394796.jpg\" alt=\"\" srcset=\"http:\/\/kommentatorenblog.de\/wp-content\/uploads\/2020\/09\/shure-55sh-ii-e1601485394796.jpg 415w, http:\/\/kommentatorenblog.de\/wp-content\/uploads\/2020\/09\/shure-55sh-ii-e1601485394796-142x300.jpg 142w\" sizes=\"auto, (max-width: 10px) 100vw, 10px\" \/> Christina Graf<\/p>\n\n\n\n<p><span style=\"text-decoration: underline;\">ab 20.40 Uhr (TVNOW)<\/span><\/p>\n\n\n\n<p><strong><em>1. FC Union Berlin \u2013 Maccabi Haifa FC (21.00 Uhr)<\/em><\/strong><\/p>\n\n\n\n<p class=\"has-normal-font-size\"><img loading=\"lazy\" decoding=\"async\" width=\"10\" height=\"21\" class=\"wp-image-3656\" style=\"width: 10px;\" src=\"http:\/\/kommentatorenblog.de\/wp-content\/uploads\/2020\/09\/shure-55sh-ii-e1601485394796.jpg\" alt=\"\" srcset=\"http:\/\/kommentatorenblog.de\/wp-content\/uploads\/2020\/09\/shure-55sh-ii-e1601485394796.jpg 415w, http:\/\/kommentatorenblog.de\/wp-content\/uploads\/2020\/09\/shure-55sh-ii-e1601485394796-142x300.jpg 142w\" sizes=\"auto, (max-width: 10px) 100vw, 10px\" \/> Klaus Veltman, Field-Reporter: Christoph K\u00fcppers<\/p>\n\n\n\n<p><strong><em>West Ham United \u2013 SK Rapid Wien (21.00 Uhr)<\/em><\/strong><\/p>\n\n\n\n<p class=\"has-normal-font-size\"><img loading=\"lazy\" decoding=\"async\" width=\"10\" height=\"21\" class=\"wp-image-3656\" style=\"width: 10px;\" src=\"http:\/\/kommentatorenblog.de\/wp-content\/uploads\/2020\/09\/shure-55sh-ii-e1601485394796.jpg\" alt=\"\" srcset=\"http:\/\/kommentatorenblog.de\/wp-content\/uploads\/2020\/09\/shure-55sh-ii-e1601485394796.jpg 415w, http:\/\/kommentatorenblog.de\/wp-content\/uploads\/2020\/09\/shure-55sh-ii-e1601485394796-142x300.jpg 142w\" sizes=\"auto, (max-width: 10px) 100vw, 10px\" \/> Christoph Stadtler<\/p>\n\n\n\n<p><strong><em>Olympique Marseille \u2013 Galatasaray Istanbul (21.00 Uhr)<\/em><\/strong><\/p>\n\n\n\n<p class=\"has-normal-font-size\"><img loading=\"lazy\" decoding=\"async\" width=\"10\" height=\"21\" class=\"wp-image-3656\" style=\"width: 10px;\" src=\"http:\/\/kommentatorenblog.de\/wp-content\/uploads\/2020\/09\/shure-55sh-ii-e1601485394796.jpg\" alt=\"\" srcset=\"http:\/\/kommentatorenblog.de\/wp-content\/uploads\/2020\/09\/shure-55sh-ii-e1601485394796.jpg 415w, http:\/\/kommentatorenblog.de\/wp-content\/uploads\/2020\/09\/shure-55sh-ii-e1601485394796-142x300.jpg 142w\" sizes=\"auto, (max-width: 10px) 100vw, 10px\" \/> Christian Stra\u00dfburger<\/p>\n\n\n\n<p>Moderation: Anna Kraft, Arnd Zeigler, Robby Hunke und Lukas Podolski, Gast: Joachim Llambi<\/p>\n\n\n\n<hr class=\"wp-block-separator\"\/>\n\n\n\n<p><strong>Internationaler Fu\u00dfball (Sportdigital.FUSSBALL)<\/strong><\/p>\n\n\n\n<p><span style=\"text-decoration: underline;\">Mittwoch, 29. September 2021<\/span><\/p>\n\n\n\n<p><meta charset=\"utf-8\">Copa Libertadores, Halbfinale, R\u00fcckspiel: <strong><em>Atletico Mineiro \u2013 Palmeiras (2.30 Uhr)<\/em><\/strong><\/p>\n\n\n\n<p><meta charset=\"utf-8\"><img loading=\"lazy\" decoding=\"async\" width=\"10\" height=\"21\" class=\"wp-image-3656\" style=\"width: 10px;\" src=\"http:\/\/kommentatorenblog.de\/wp-content\/uploads\/2020\/09\/shure-55sh-ii-e1601485394796.jpg\" alt=\"\" srcset=\"http:\/\/kommentatorenblog.de\/wp-content\/uploads\/2020\/09\/shure-55sh-ii-e1601485394796.jpg 415w, http:\/\/kommentatorenblog.de\/wp-content\/uploads\/2020\/09\/shure-55sh-ii-e1601485394796-142x300.jpg 142w\" sizes=\"auto, (max-width: 10px) 100vw, 10px\" \/> Christian Blunck<\/p>\n\n\n\n<p><meta charset=\"utf-8\">J. League, 28. Spieltag: <strong><em>Kawasaki Frontale <meta charset=\"utf-8\">\u2013 Vissel Kobe (<meta charset=\"utf-8\">12.00 Uhr)<\/em><\/strong><\/p>\n\n\n\n<p><meta charset=\"utf-8\"><img loading=\"lazy\" decoding=\"async\" width=\"10\" height=\"21\" class=\"wp-image-3656\" style=\"width: 10px;\" src=\"http:\/\/kommentatorenblog.de\/wp-content\/uploads\/2020\/09\/shure-55sh-ii-e1601485394796.jpg\" alt=\"\" srcset=\"http:\/\/kommentatorenblog.de\/wp-content\/uploads\/2020\/09\/shure-55sh-ii-e1601485394796.jpg 415w, http:\/\/kommentatorenblog.de\/wp-content\/uploads\/2020\/09\/shure-55sh-ii-e1601485394796-142x300.jpg 142w\" sizes=\"auto, (max-width: 10px) 100vw, 10px\" \/> Karsten Linke<\/p>\n\n\n\n<p><span style=\"text-decoration: underline;\">Donnerstag, 30. September 2021<\/span><\/p>\n\n\n\n<p><meta charset=\"utf-8\">Copa Libertadores, Halbfinale, R\u00fcckspiel: <strong><em>Barcelona Sporting Club <meta charset=\"utf-8\">\u2013 Flamengo (2.30 Uhr)<\/em><\/strong><\/p>\n\n\n\n<p><meta charset=\"utf-8\"><img loading=\"lazy\" decoding=\"async\" width=\"10\" height=\"21\" class=\"wp-image-3656\" style=\"width: 10px;\" src=\"http:\/\/kommentatorenblog.de\/wp-content\/uploads\/2020\/09\/shure-55sh-ii-e1601485394796.jpg\" alt=\"\" srcset=\"http:\/\/kommentatorenblog.de\/wp-content\/uploads\/2020\/09\/shure-55sh-ii-e1601485394796.jpg 415w, http:\/\/kommentatorenblog.de\/wp-content\/uploads\/2020\/09\/shure-55sh-ii-e1601485394796-142x300.jpg 142w\" sizes=\"auto, (max-width: 10px) 100vw, 10px\" \/> Arne Malsch<\/p>\n\n\n\n<hr class=\"wp-block-separator\"\/>\n\n\n\n<p><strong>Die Analyse<\/strong><\/p>\n\n\n\n<p><strong>Nur kleinere Rotationen bei Prime<\/strong><\/p>\n\n\n\n<p>Am Dienstag finden die beiden Spiele mit deutscher Beteiligung zur sp\u00e4teren Ansto\u00dfzeit statt. Prime Video meldet sich bereits ab 19.30 Uhr zu seinem exklusiven Einzelspiel Borussia Dortmund gegen Sporting Lissabon. Personell gibt es nur kleinere Rotationen bei Prime. Zum Beispiel r\u00fcckt Steffen Baumgart, der zuletzt nur in der Highlight-Show zu h\u00f6ren war, in die Experten-Runde vor Ort. Field-Reporterin ist nun Annika Zimmermann. Shary Reeves ersetzt sie als Moderatorin der Highlights und hat Patrick Owomoyela sowie Florian Kohfeldt im Gep\u00e4ck. Ansonsten bleibt das On-Air-Personal gleich. Jonas Friedrich kommentiert gemeinsam mit Benedikt H\u00f6wedes aus dem Signal-Iduna-Park. Sebastian Hellmann begr\u00fc\u00dft am Spielfeldrand neben K\u00f6ln-Coach Baumgart Matthias Sammer und Mario Gomez.<\/p>\n\n\n\n<p><strong>Hagemann und Wagner aus der BOx<\/strong><\/p>\n\n\n\n<p>Bei DAZN kommt der Kommentar von Marco Hagemann und dessen Experten Sandro Wagner aus dem DAZN-Space, wenn Leipzig auf den FC Br\u00fcgge trifft. Im Stadion geht Max Siebald auf Stimmenfang. Das mutma\u00dflich prominenteste Duell zwischen PSG und Man City kommentieren Lukas Sch\u00f6nm\u00fcller und Jonas Hummels, Jan Platte nimmt sich dem in der Konferenz an. Dort sind am Dienstag auch Mario Rieker, Tom Kirsten, Michael Born, Uwe Morawe, Nico Seepe und nicht zuletzt Uli Hebel zu h\u00f6ren. Letzterer k\u00fcmmert sich um das Leipzig-Spiel.<\/p>\n\n\n\n<p><strong>DAZN bei M\u00fcnchen-Spiel vor Ort<\/strong><\/p>\n\n\n\n<p>Am Mittwoch traut sich DAZN dann aus seiner Komfortzone bzw. seinem Space heraus. Bayern gegen Kiew wird demnach vollst\u00e4ndig vor Ort produziert. Sprich: Jan Platte und Experte Ralf Rangnick melden sich, genau wie Moderator Alex Schl\u00fcter, aus der Allianz-Arena in M\u00fcnchen. Nach der Partie geht Daniel Herzog auf Stimmenfang. Die Stimme von Konferenz-Kommentator Lukas Sch\u00f6nm\u00fcller erklingt ebenfalls aus M\u00fcnchen, aber nat\u00fcrlich aus der Box. Gleiches gilt leider f\u00fcr den Kommentar von Nico Seepe, der gemeinsam an der Seite von Peter Hyballa das Geschehen in der Volkswagen-Arena analysiert. Daniel G\u00fcnther und Flo Hauser sind im \u00dcbrigen die einzigen zwei Kommentatoren, die f\u00fcr DAZN in dieser CL-Woche zwei Einzelspiele kommentieren.<\/p>\n\n\n\n<p><strong>RTL setzt auf Kontinuit\u00e4t<\/strong><\/p>\n\n\n\n<p>Bei RTL haben sich die Abl\u00e4ufe offenbar schnell eingependelt. Auch dort suchen wir gr\u00f6\u00dfere Rotationen vergeblich. Stattdessen sendet TVNOW erneut ab 17.30 Uhr mit seiner \u201eViererkette\u201c Anna Kraft, Arnd Zeigler, Robby Hunke und Lukas Podolski. Studiogast ist in dieser Woche etwas \u00fcberraschend T\u00e4nzer Joachim Llambi. Dieser ist nach Angaben des Senders eingefleischter Fan des MSV Duisburg. Auch die Zebras durften schon im Europapokal ran, allerdings ist das bereits 23 Jahre her.<\/p>\n\n\n\n<p><meta charset=\"utf-8\"><strong>Celtic <meta charset=\"utf-8\">\u2013 Leverkusen wird zur Highlight-Partie<\/strong><\/p>\n\n\n\n<p>Bei der Free-TV-\u00dcbertragung der Partie Celtic \u2013 Leverkusen melden sich Marco Hagemann und Steffen Freund live aus Glasgow. Ausgestrahlt wird die Begegnung diesmal bei RTL selbst. Die anderen Spiele (allesamt TVNOW), also auch die Partien von Union Berlin und Eintracht Frankfurt, werden lediglich aus K\u00f6ln per remote kommentiert. Hansi K\u00fcppers Sohn Cornelius widmet sich dem Aufgalopp der Eintracht bei Royal Antwerpen. Klaus Veltman erz\u00e4hlt uns vom Heimspiel der Eisernen gegen Maccabi Haifa. Wie schon zuletzt leitet Sefan Fuckert durch die Konferenz.<\/p>\n\n\n\n<p>An dieser Stelle bleibt mir nichts \u00fcbrig, als auf die Ansetzungen von Sportdigital-FUSSBALL hinzuweisen und euch eine sch\u00f6ne Fu\u00dfball-Woche zu w\u00fcnschen. Und in Anbetracht des sich anbahnenden Herbstes: Bleibt gesund!<\/p>\n","protected":false},"excerpt":{"rendered":"<p>N\u2019Abend allerseits, in dieser Woche d\u00fcrfen wir uns mal wieder auf die Cr\u00e8me de la Cr\u00e8me im Profi-Fu\u00dfball freuen. Der 2. Spieltag der Champions, Europa und Conference League steht vor der T\u00fcr. F\u00fcr mich ist es sogar der erste Spieltag, den ich komplett verfolgen kann und verfolgen werde. Umso ern\u00fcchterter war ich, als ich gesehen [&hellip;]<\/p>\n","protected":false},"author":2,"featured_media":0,"comment_status":"open","ping_status":"open","sticky":false,"template":"","format":"standard","meta":{"footnotes":""},"categories":[425],"tags":[49,517,596,617,337,160,529,614,262,212,13,42,132,626,48,628,69,169,53,357,205,43,521,608,279,191,588,627,290,493,162,138,350,98,607,134,394,624,151,623,105],"class_list":["post-10730","post","type-post","status-publish","format-standard","hentry","category-champions-league-und-co","tag-alex-schlueter","tag-anna-kraft","tag-annika-zimmermann","tag-arnd-zeigler","tag-benedikt-hoewedes","tag-champions-league","tag-conference-league","tag-cornelius-kuepper","tag-daniel-guenther","tag-daniel-herzog","tag-dazn","tag-europa-league","tag-flo-hauser","tag-florian-kohfeldt","tag-jan-platte","tag-joachim-llambi","tag-jonas-friedrich","tag-jonas-hummels","tag-klaus-veltmann","tag-lukas-podolski","tag-lukas-schoenmueller","tag-marco-hagemann","tag-mario-gomez","tag-matthias-sammer","tag-max-siebald","tag-nico-seepe","tag-patrick-owomoyela","tag-peter-hyballa","tag-primevideo","tag-ralf-rangnick","tag-robby-hunke","tag-rtl","tag-sandro-wagner","tag-sebastian-hellmann","tag-shary-reeves","tag-sportdigital-fussball","tag-stefan-fuckert","tag-steffen-baumgart","tag-steffen-freund","tag-tvnow","tag-uli-hebel"],"_links":{"self":[{"href":"http:\/\/kommentatorenblog.de\/index.php?rest_route=\/wp\/v2\/posts\/10730","targetHints":{"allow":["GET"]}}],"collection":[{"href":"http:\/\/kommentatorenblog.de\/index.php?rest_route=\/wp\/v2\/posts"}],"about":[{"href":"http:\/\/kommentatorenblog.de\/index.php?rest_route=\/wp\/v2\/types\/post"}],"author":[{"embeddable":true,"href":"http:\/\/kommentatorenblog.de\/index.php?rest_route=\/wp\/v2\/users\/2"}],"replies":[{"embeddable":true,"href":"http:\/\/kommentatorenblog.de\/index.php?rest_route=%2Fwp%2Fv2%2Fcomments&post=10730"}],"version-history":[{"count":9,"href":"http:\/\/kommentatorenblog.de\/index.php?rest_route=\/wp\/v2\/posts\/10730\/revisions"}],"predecessor-version":[{"id":10745,"href":"http:\/\/kommentatorenblog.de\/index.php?rest_route=\/wp\/v2\/posts\/10730\/revisions\/10745"}],"wp:attachment":[{"href":"http:\/\/kommentatorenblog.de\/index.php?rest_route=%2Fwp%2Fv2%2Fmedia&parent=10730"}],"wp:term":[{"taxonomy":"category","embeddable":true,"href":"http:\/\/kommentatorenblog.de\/index.php?rest_route=%2Fwp%2Fv2%2Fcategories&post=10730"},{"taxonomy":"post_tag","embeddable":true,"href":"http:\/\/kommentatorenblog.de\/index.php?rest_route=%2Fwp%2Fv2%2Ftags&post=10730"}],"curies":[{"name":"wp","href":"https:\/\/api.w.org\/{rel}","templated":true}]}}