{"id":10813,"date":"2021-10-18T18:48:28","date_gmt":"2021-10-18T16:48:28","guid":{"rendered":"http:\/\/kommentatorenblog.de\/?p=10813"},"modified":"2021-10-21T19:37:55","modified_gmt":"2021-10-21T17:37:55","slug":"1204-ab-in-den-urlaub","status":"publish","type":"post","link":"http:\/\/kommentatorenblog.de\/?p=10813","title":{"rendered":"1204 &#8211; Ab in den Urlaub"},"content":{"rendered":"\n<p>N&#8217;Abend allerseits,<\/p>\n\n\n\n<p>Ein etwas ungew\u00f6hnliches Setting, in dem ich am heutigen Montag das Vorwort schreibe. Erstmals seit gut 15 Monaten geht es f\u00fcr mich in den Urlaub nach Italien. Im Juli\/August war es mir trotz vorhandener Impfung seit Juni noch zu heikel wegzufahren, nun allerdings wird der f\u00fcr mich definitiv f\u00e4llige Auslandsaufenthalt f\u00e4llig. F\u00e4llig deshalb weil es in den letzten Wochen stressig war und ich zudem bis am Freitag der letzten Woche mit einer Erk\u00e4ltung im Bett lag. Was der Urlaub mir jetzt aber auch neben der Erholung m\u00f6glich macht, ist Zeit f\u00fcr die Herzensangelegenheit hier, der gute alte Kommentatorenblog. So kommt es also, dass ich im Auto sitzend ein Vorwort schreibe und bereits anfange den Beitrag f\u00fcr Donnerstag zu gestalten, den ich auch \u00fcbernehmen werde. <\/p>\n\n\n\n<p>Nun allerdings gehe ich mal weg vom Privaten (je nach Lust und Laune kommt dahingehend auch noch was Donnerstag) und r\u00fcber zum Fussball. Kollege Jonas hat sich hier mal die Situation im Europapokal f\u00fcr die Interessierten angesehen, die keine Abonnements haben.<\/p>\n\n\n\n<p><strong>Mehr Free-TV<\/strong><\/p>\n\n\n\n<p>Erstmals in dieser Saison werden zwei Europapokal- Spiele im Free- TV \u00fcbertragen, und zwar die der Europa League. W\u00e4hrend schon l\u00e4nger klar war, dass Nitro die Begegnung von Bayer Leverkusen \u00fcbertragen wird, zeigt nun auch RTL am Donnerstagabend das Spiel der Frankfurter Eintracht.<\/p>\n\n\n\n<p>Damit schauen am Donnerstag, aus deutscher Sicht, nur die Fans von Union Berlin in die R\u00f6hre. Doch auch hier k\u00f6nnte es wieder die M\u00f6glichkeit geben, zumindest h\u00f6rtechnisch live dabei zu sein. So \u00fcbertrug der rbb via Audiostream und im rbb inforadio die beiden Conference- Partien der Eisernen live. <\/p>\n\n\n\n<p>Selbiges gilt auch f\u00fcr die Eintracht, welche am Donnerstag im Free-TV bestaunt werden kann, hier war hr info bei beiden bisherigen Partien mit einem Audiostream dabei und wird es auch am Donnerstag wieder sein. Nur f\u00fcr Bayer Leverkusen gab es bisher(von den \u00d6R- Radios) kein Audiostream- Angebot, sondern nur Live-Einblendung im WDR 2 Radio-Programm.<\/p>\n\n\n\n<p>Die M\u00f6glichkeit eines Audiostreams, \u00e4hnlich dem der Bundesliga, gibt es im \u00dcbrigen auch f\u00fcr die deutschen Champions- League- Teilnehmer. Hier gibt es von der Sportschau f\u00fcr diese Spiele einen Einzelstream, und falls deutsche Teams zeitgleich spielen sollten auch noch eine Konferenz.<\/p>\n\n\n\n<p>So bietet sich die M\u00f6glichkeit f\u00fcr Fans und Interessierte die Spiele der deutschen Mannschaften (wenn auch in einer anderen Form) live zu verfolgen ohne alle entsprechenden Abos besitzen zu m\u00fcssen. Daneben gibt&#8217;s nat\u00fcrlich noch weitere M\u00f6glichkeiten wie den Fantalk von SPORT1 oder diverse Live-Ticker.<\/p>\n\n\n\n<hr class=\"wp-block-separator\"\/>\n\n\n\n<p>Vielen Dank f\u00fcr diese kurze Zusammenfassung an Jonas und auch f\u00fcr das Liefern und analysieren des Frauen-L\u00e4nderspiels und der Ansetzungen von Sportdigital FUSSBALL. Jetzt aber erstmal die Ansetzungen rund um den Europapokal (auch heute sind wieder die Ansetzungen f\u00fcr unsere \u00f6sterreichischen Leser aufgelistet)<\/p>\n\n\n\n<hr class=\"wp-block-separator\"\/>\n\n\n\n<p class=\"has-normal-font-size\"><strong><em>Die Ansetzungen vom 14. September bis zum 16. September 2021<\/em><\/strong><\/p>\n\n\n\n<p class=\"has-normal-font-size\"><strong>Champions League Gruppenphase, 03. Spieltag<\/strong><\/p>\n\n\n\n<p><span style=\"text-decoration: underline;\">Dienstag, 19. Oktober 2021, ab 18.30 Uhr (DAZN)<\/span><\/p>\n\n\n\n<p><em><strong>Club Br\u00fcgge \u2013 Manchester City (18.45 Uhr)<\/strong><\/em><\/p>\n\n\n\n<p class=\"has-normal-font-size\"><img loading=\"lazy\" decoding=\"async\" width=\"10\" height=\"21\" class=\"wp-image-3656\" style=\"width: 10px;\" src=\"http:\/\/kommentatorenblog.de\/wp-content\/uploads\/2020\/09\/shure-55sh-ii-e1601485394796.jpg\" alt=\"\" srcset=\"http:\/\/kommentatorenblog.de\/wp-content\/uploads\/2020\/09\/shure-55sh-ii-e1601485394796.jpg 415w, http:\/\/kommentatorenblog.de\/wp-content\/uploads\/2020\/09\/shure-55sh-ii-e1601485394796-142x300.jpg 142w\" sizes=\"auto, (max-width: 10px) 100vw, 10px\" \/> Benni Zander (Einzelspiel), Michael Born (Konferenz)<\/p>\n\n\n\n<p><strong><em>Besiktas Istanbul \u2013 Sporting Lissabon (18.45 Uhr)<\/em><\/strong><\/p>\n\n\n\n<p class=\"has-normal-font-size\"><img loading=\"lazy\" decoding=\"async\" width=\"10\" height=\"21\" class=\"wp-image-3656\" style=\"width: 10px;\" src=\"http:\/\/kommentatorenblog.de\/wp-content\/uploads\/2020\/09\/shure-55sh-ii-e1601485394796.jpg\" alt=\"\" srcset=\"http:\/\/kommentatorenblog.de\/wp-content\/uploads\/2020\/09\/shure-55sh-ii-e1601485394796.jpg 415w, http:\/\/kommentatorenblog.de\/wp-content\/uploads\/2020\/09\/shure-55sh-ii-e1601485394796-142x300.jpg 142w\" sizes=\"auto, (max-width: 10px) 100vw, 10px\" \/> Guido H\u00fcsgen (Einzelspiel), Christoph Stadtler (Konferenz)<\/p>\n\n\n\n<p class=\"has-normal-font-size\"><span style=\"text-decoration: underline;\">ab 19.30 Uhr <strong>(PrimeVideo &#8211; exklusives Einzelspiel)<\/strong><\/span><\/p>\n\n\n\n<p><strong><em>Ajax Amsterdam \u2013 Borussia Dortmund (21.00 Uhr)<\/em><\/strong><\/p>\n\n\n\n<p class=\"has-normal-font-size\"><img loading=\"lazy\" decoding=\"async\" width=\"10\" height=\"21\" class=\"wp-image-3656\" style=\"width: 10px;\" src=\"http:\/\/kommentatorenblog.de\/wp-content\/uploads\/2020\/09\/shure-55sh-ii-e1601485394796.jpg\" alt=\"\" srcset=\"http:\/\/kommentatorenblog.de\/wp-content\/uploads\/2020\/09\/shure-55sh-ii-e1601485394796.jpg 415w, http:\/\/kommentatorenblog.de\/wp-content\/uploads\/2020\/09\/shure-55sh-ii-e1601485394796-142x300.jpg 142w\" sizes=\"auto, (max-width: 10px) 100vw, 10px\" \/> Jonas Friedrich, Experte: Benedikt H\u00f6wedes<\/p>\n\n\n\n<p>Field-Reporter: Shary Reeves und Sebastian Benesch<\/p>\n\n\n\n<p>Moderation (Stadion): Sebastian Hellmann, Experten: Kim Kulig, Matthias Sammer und Mario Gomez, Schiedsrichter-Experte: Wolfgang Stark<\/p>\n\n\n\n<p>Moderation (Studio): Annika Zimmermann, Experten: Florian Kohfeldt&nbsp;und&nbsp;Patrick Owomoyela<\/p>\n\n\n\n<p><span style=\"text-decoration: underline;\">ab 20.30Uhr (DAZN)<\/span> <\/p>\n\n\n\n<p><strong><em>Paris Saint Germain \u2013 RB Leipzig (21.00 Uhr)<\/em><\/strong><\/p>\n\n\n\n<p class=\"has-normal-font-size\"><img loading=\"lazy\" decoding=\"async\" width=\"10\" height=\"21\" class=\"wp-image-3656\" style=\"width: 10px;\" src=\"http:\/\/kommentatorenblog.de\/wp-content\/uploads\/2020\/09\/shure-55sh-ii-e1601485394796.jpg\" alt=\"\" srcset=\"http:\/\/kommentatorenblog.de\/wp-content\/uploads\/2020\/09\/shure-55sh-ii-e1601485394796.jpg 415w, http:\/\/kommentatorenblog.de\/wp-content\/uploads\/2020\/09\/shure-55sh-ii-e1601485394796-142x300.jpg 142w\" sizes=\"auto, (max-width: 10px) 100vw, 10px\" \/> Marco Hagemann, Experte: Sebastian Knei\u00dfl (Einzelspiel), Jan Platte (Konferenz)<\/p>\n\n\n\n<p>Moderation: Alex Schl\u00fcter, Field-Reporter: Andres Verdas<\/p>\n\n\n\n<p>Field-Reporter (PrimeVideo): Jan Krebs<\/p>\n\n\n\n<p><strong><em>Atl\u00e9tico Madrid \u2013 FC Liverpool (21.00 Uhr)<\/em><\/strong><\/p>\n\n\n\n<p class=\"has-normal-font-size\"><img loading=\"lazy\" decoding=\"async\" width=\"10\" height=\"21\" class=\"wp-image-3656\" style=\"width: 10px;\" src=\"http:\/\/kommentatorenblog.de\/wp-content\/uploads\/2020\/09\/shure-55sh-ii-e1601485394796.jpg\" alt=\"\" srcset=\"http:\/\/kommentatorenblog.de\/wp-content\/uploads\/2020\/09\/shure-55sh-ii-e1601485394796.jpg 415w, http:\/\/kommentatorenblog.de\/wp-content\/uploads\/2020\/09\/shure-55sh-ii-e1601485394796-142x300.jpg 142w\" sizes=\"auto, (max-width: 10px) 100vw, 10px\" \/> Joachim Hebel, Experte: Ralph Gunesch (Einzelspiel), Lukas Sch\u00f6nm\u00fcller (Konferenz)<\/p>\n\n\n\n<p><strong><em>FC Porto \u2013 AC Mailand (21.00 Uhr)<\/em><\/strong><\/p>\n\n\n\n<p class=\"has-normal-font-size\"><img loading=\"lazy\" decoding=\"async\" width=\"10\" height=\"21\" class=\"wp-image-3656\" style=\"width: 10px;\" src=\"http:\/\/kommentatorenblog.de\/wp-content\/uploads\/2020\/09\/shure-55sh-ii-e1601485394796.jpg\" alt=\"\" srcset=\"http:\/\/kommentatorenblog.de\/wp-content\/uploads\/2020\/09\/shure-55sh-ii-e1601485394796.jpg 415w, http:\/\/kommentatorenblog.de\/wp-content\/uploads\/2020\/09\/shure-55sh-ii-e1601485394796-142x300.jpg 142w\" sizes=\"auto, (max-width: 10px) 100vw, 10px\" \/> Flo Hauser (Einzelspiel), Mario Rieker (Konferenz)<\/p>\n\n\n\n<p><strong><em>Shakhtar Donetsk \u2013 Real Madrid (21.00 Uhr)<\/em><\/strong><\/p>\n\n\n\n<p class=\"has-normal-font-size\"><img loading=\"lazy\" decoding=\"async\" width=\"10\" height=\"21\" class=\"wp-image-3656\" style=\"width: 10px;\" src=\"http:\/\/kommentatorenblog.de\/wp-content\/uploads\/2020\/09\/shure-55sh-ii-e1601485394796.jpg\" alt=\"\" srcset=\"http:\/\/kommentatorenblog.de\/wp-content\/uploads\/2020\/09\/shure-55sh-ii-e1601485394796.jpg 415w, http:\/\/kommentatorenblog.de\/wp-content\/uploads\/2020\/09\/shure-55sh-ii-e1601485394796-142x300.jpg 142w\" sizes=\"auto, (max-width: 10px) 100vw, 10px\" \/> David Ploch, Experte: Lutz Pfannenstiel (Einzelspiel), Holger Pfandt (Konferenz)<\/p>\n\n\n\n<p><strong><em>Inter Mailand \u2013 Sheriff Tiraspol (21.00 Uhr)<\/em><\/strong><\/p>\n\n\n\n<p class=\"has-normal-font-size\"><img loading=\"lazy\" decoding=\"async\" width=\"10\" height=\"21\" class=\"wp-image-3656\" style=\"width: 10px;\" src=\"http:\/\/kommentatorenblog.de\/wp-content\/uploads\/2020\/09\/shure-55sh-ii-e1601485394796.jpg\" alt=\"\" srcset=\"http:\/\/kommentatorenblog.de\/wp-content\/uploads\/2020\/09\/shure-55sh-ii-e1601485394796.jpg 415w, http:\/\/kommentatorenblog.de\/wp-content\/uploads\/2020\/09\/shure-55sh-ii-e1601485394796-142x300.jpg 142w\" sizes=\"auto, (max-width: 10px) 100vw, 10px\" \/> Ruben Zimmermann (Einzelspiel), Carsten Fu\u00df (Konferenz)<\/p>\n\n\n\n<p>Moderation (DAZN): Tobi Wahnschaffe <\/p>\n\n\n\n<p><span style=\"text-decoration: underline;\">Mittwoch, 20. Oktober 2021, ab 18.30 Uhr (DAZN)<\/span><\/p>\n\n\n\n<p><em><strong>FC Salzburg \u2013 VfL Wolfsburg (18.45 Uhr)<\/strong><\/em><\/p>\n\n\n\n<p class=\"has-normal-font-size\"><img loading=\"lazy\" decoding=\"async\" width=\"10\" height=\"21\" class=\"wp-image-3656\" style=\"width: 10px;\" src=\"http:\/\/kommentatorenblog.de\/wp-content\/uploads\/2020\/09\/shure-55sh-ii-e1601485394796.jpg\" alt=\"\" srcset=\"http:\/\/kommentatorenblog.de\/wp-content\/uploads\/2020\/09\/shure-55sh-ii-e1601485394796.jpg 415w, http:\/\/kommentatorenblog.de\/wp-content\/uploads\/2020\/09\/shure-55sh-ii-e1601485394796-142x300.jpg 142w\" sizes=\"auto, (max-width: 10px) 100vw, 10px\" \/> Lukas Sch\u00f6nm\u00fcller, Experte: Benny Lauth (Einzelspiel), Max Gross (Konferenz)<\/p>\n\n\n\n<p>Moderation: Tobi Wahnschaffe, Field-Reporterin: Ann-Sophie Kimmel<\/p>\n\n\n\n<p><strong><em>FC Barcelona \u2013 Dynamo Kiew (18.45 Uhr)<\/em><\/strong><\/p>\n\n\n\n<p class=\"has-normal-font-size\"><img loading=\"lazy\" decoding=\"async\" width=\"10\" height=\"21\" class=\"wp-image-3656\" style=\"width: 10px;\" src=\"http:\/\/kommentatorenblog.de\/wp-content\/uploads\/2020\/09\/shure-55sh-ii-e1601485394796.jpg\" alt=\"\" srcset=\"http:\/\/kommentatorenblog.de\/wp-content\/uploads\/2020\/09\/shure-55sh-ii-e1601485394796.jpg 415w, http:\/\/kommentatorenblog.de\/wp-content\/uploads\/2020\/09\/shure-55sh-ii-e1601485394796-142x300.jpg 142w\" sizes=\"auto, (max-width: 10px) 100vw, 10px\" \/> Franz B\u00fcchner (Einzelspiel), Uwe Morawe (Konferenz)<\/p>\n\n\n\n<p><span style=\"text-decoration: underline;\">ab 20.30Uhr (DAZN)<\/span> <\/p>\n\n\n\n<p><strong><em><em><strong>Benfica Lissabon \u2013 FC Bayern M\u00fcnchen<\/strong><\/em> (21.00 Uhr)<\/em><\/strong><\/p>\n\n\n\n<p class=\"has-normal-font-size\"><img loading=\"lazy\" decoding=\"async\" width=\"10\" height=\"21\" class=\"wp-image-3656\" style=\"width: 10px;\" src=\"http:\/\/kommentatorenblog.de\/wp-content\/uploads\/2020\/09\/shure-55sh-ii-e1601485394796.jpg\" alt=\"\" srcset=\"http:\/\/kommentatorenblog.de\/wp-content\/uploads\/2020\/09\/shure-55sh-ii-e1601485394796.jpg 415w, http:\/\/kommentatorenblog.de\/wp-content\/uploads\/2020\/09\/shure-55sh-ii-e1601485394796-142x300.jpg 142w\" sizes=\"auto, (max-width: 10px) 100vw, 10px\" \/> Uli Hebel, Experte: Sandro Wagner (Einzelspiel aus dem Stadion), Michael Born (Konferenz)<\/p>\n\n\n\n<p>Moderation: Laura Wontorra, Field-Reporter: Max Siebald<\/p>\n\n\n\n<p><strong><em>Manchester United \u2013 Atalanta Bergamo (21.00 Uhr)<\/em><\/strong><\/p>\n\n\n\n<p class=\"has-normal-font-size\"><img loading=\"lazy\" decoding=\"async\" width=\"10\" height=\"21\" class=\"wp-image-3656\" style=\"width: 10px;\" src=\"http:\/\/kommentatorenblog.de\/wp-content\/uploads\/2020\/09\/shure-55sh-ii-e1601485394796.jpg\" alt=\"\" srcset=\"http:\/\/kommentatorenblog.de\/wp-content\/uploads\/2020\/09\/shure-55sh-ii-e1601485394796.jpg 415w, http:\/\/kommentatorenblog.de\/wp-content\/uploads\/2020\/09\/shure-55sh-ii-e1601485394796-142x300.jpg 142w\" sizes=\"auto, (max-width: 10px) 100vw, 10px\" \/> Carsten Fu\u00df, Experte: Peter Hyballa (Einzelspiel), Jan Platte (Konferenz)<\/p>\n\n\n\n<p><strong><em>Young Boys Bern <strong><em>\u2013<\/em><\/strong> FC Villarreal (21.00 Uhr)<\/em><\/strong><\/p>\n\n\n\n<p class=\"has-normal-font-size\"><img loading=\"lazy\" decoding=\"async\" width=\"10\" height=\"21\" class=\"wp-image-3656\" style=\"width: 10px;\" src=\"http:\/\/kommentatorenblog.de\/wp-content\/uploads\/2020\/09\/shure-55sh-ii-e1601485394796.jpg\" alt=\"\" srcset=\"http:\/\/kommentatorenblog.de\/wp-content\/uploads\/2020\/09\/shure-55sh-ii-e1601485394796.jpg 415w, http:\/\/kommentatorenblog.de\/wp-content\/uploads\/2020\/09\/shure-55sh-ii-e1601485394796-142x300.jpg 142w\" sizes=\"auto, (max-width: 10px) 100vw, 10px\" \/> Tobi Fischbeck (Einzelspiel), Holger Pfandt (Konferenz)<\/p>\n\n\n\n<p><strong><em>OSC Lille <strong><em>\u2013<\/em><\/strong> FC Sevilla (21.00 Uhr)<\/em><\/strong><\/p>\n\n\n\n<p class=\"has-normal-font-size\"><img loading=\"lazy\" decoding=\"async\" width=\"10\" height=\"21\" class=\"wp-image-3656\" style=\"width: 10px;\" src=\"http:\/\/kommentatorenblog.de\/wp-content\/uploads\/2020\/09\/shure-55sh-ii-e1601485394796.jpg\" alt=\"\" srcset=\"http:\/\/kommentatorenblog.de\/wp-content\/uploads\/2020\/09\/shure-55sh-ii-e1601485394796.jpg 415w, http:\/\/kommentatorenblog.de\/wp-content\/uploads\/2020\/09\/shure-55sh-ii-e1601485394796-142x300.jpg 142w\" sizes=\"auto, (max-width: 10px) 100vw, 10px\" \/> Stefan Galler (Einzelspiel), Oliver Forster (Konferenz)<\/p>\n\n\n\n<p><strong><em><strong><em>FC Chelsea \u2013 Malm\u00f6 FF <\/em><\/strong>(21.00 Uhr)<\/em><\/strong><\/p>\n\n\n\n<p class=\"has-normal-font-size\"><img loading=\"lazy\" decoding=\"async\" width=\"10\" height=\"21\" class=\"wp-image-3656\" style=\"width: 10px;\" src=\"http:\/\/kommentatorenblog.de\/wp-content\/uploads\/2020\/09\/shure-55sh-ii-e1601485394796.jpg\" alt=\"\" srcset=\"http:\/\/kommentatorenblog.de\/wp-content\/uploads\/2020\/09\/shure-55sh-ii-e1601485394796.jpg 415w, http:\/\/kommentatorenblog.de\/wp-content\/uploads\/2020\/09\/shure-55sh-ii-e1601485394796-142x300.jpg 142w\" sizes=\"auto, (max-width: 10px) 100vw, 10px\" \/> Benni Zander, Experte: Lutz Pfannenstiel (Einzelspiel), Nico Seepe (Konferenz)<\/p>\n\n\n\n<p><strong><em>Zenit St. Petersburg \u2013 Juventus Turin (21.00 Uhr)<\/em><\/strong><\/p>\n\n\n\n<p class=\"has-normal-font-size\"><img loading=\"lazy\" decoding=\"async\" width=\"10\" height=\"21\" class=\"wp-image-3656\" style=\"width: 10px;\" src=\"http:\/\/kommentatorenblog.de\/wp-content\/uploads\/2020\/09\/shure-55sh-ii-e1601485394796.jpg\" alt=\"\" srcset=\"http:\/\/kommentatorenblog.de\/wp-content\/uploads\/2020\/09\/shure-55sh-ii-e1601485394796.jpg 415w, http:\/\/kommentatorenblog.de\/wp-content\/uploads\/2020\/09\/shure-55sh-ii-e1601485394796-142x300.jpg 142w\" sizes=\"auto, (max-width: 10px) 100vw, 10px\" \/> Marcel Seufert (Einzelspiel), Freddy Harder (Konferenz)<\/p>\n\n\n\n<p>Moderation: Jan L\u00fcdecke<\/p>\n\n\n\n<hr class=\"wp-block-separator\"\/>\n\n\n\n<p><strong>Europa League\/Europa Conference League Gruppenphase, 03. Spieltag (RTL)<\/strong><\/p>\n\n\n\n<p><span style=\"text-decoration: underline;\">Donnerstag, 16. September 2021, ab 18.40 Uhr (RTL)<\/span><\/p>\n\n\n\n<p><strong><em>Die Konferenz <\/em><\/strong><img loading=\"lazy\" decoding=\"async\" width=\"10\" height=\"21\" class=\"wp-image-3656\" style=\"width: 10px;\" src=\"http:\/\/kommentatorenblog.de\/wp-content\/uploads\/2020\/09\/shure-55sh-ii-e1601485394796.jpg\" alt=\"\" srcset=\"http:\/\/kommentatorenblog.de\/wp-content\/uploads\/2020\/09\/shure-55sh-ii-e1601485394796.jpg 415w, http:\/\/kommentatorenblog.de\/wp-content\/uploads\/2020\/09\/shure-55sh-ii-e1601485394796-142x300.jpg 142w\" sizes=\"auto, (max-width: 10px) 100vw, 10px\" \/> Stefan Fuckert<\/p>\n\n\n\n<p><span style=\"text-decoration: underline;\">ab 18.15 Uhr (Nitro)<\/span><\/p>\n\n\n\n<p><strong><em>Real Betis Sevilla<\/em><\/strong>&nbsp;<strong><em>\u2013<\/em><\/strong>&nbsp;<strong><em>Bayer 04 Leverkusen (18.45 Uhr)<\/em><\/strong><\/p>\n\n\n\n<p class=\"has-normal-font-size\"><img loading=\"lazy\" decoding=\"async\" width=\"10\" height=\"21\" class=\"wp-image-3656\" style=\"width: 10px;\" src=\"http:\/\/kommentatorenblog.de\/wp-content\/uploads\/2020\/09\/shure-55sh-ii-e1601485394796.jpg\" alt=\"\" srcset=\"http:\/\/kommentatorenblog.de\/wp-content\/uploads\/2020\/09\/shure-55sh-ii-e1601485394796.jpg 415w, http:\/\/kommentatorenblog.de\/wp-content\/uploads\/2020\/09\/shure-55sh-ii-e1601485394796-142x300.jpg 142w\" sizes=\"auto, (max-width: 10px) 100vw, 10px\" \/> Marco Hagemann, Experte: Steffen Freund, Field-Reporter: Felix G\u00f6rner<\/p>\n\n\n\n<p>Moderation: Laura Papendick, Experte: Karl-Heinz Riedle<\/p>\n\n\n\n<p><span style=\"text-decoration: underline;\">ab 17.30 Uhr (TVNOW)<\/span><\/p>\n\n\n\n<p><strong><em>Feyenoord Rotterdam \u2013 1. FC Union Berlin (18.45 Uhr)<\/em><\/strong><\/p>\n\n\n\n<p class=\"has-normal-font-size\"><img loading=\"lazy\" decoding=\"async\" width=\"10\" height=\"21\" class=\"wp-image-3656\" style=\"width: 10px;\" src=\"http:\/\/kommentatorenblog.de\/wp-content\/uploads\/2020\/09\/shure-55sh-ii-e1601485394796.jpg\" alt=\"\" srcset=\"http:\/\/kommentatorenblog.de\/wp-content\/uploads\/2020\/09\/shure-55sh-ii-e1601485394796.jpg 415w, http:\/\/kommentatorenblog.de\/wp-content\/uploads\/2020\/09\/shure-55sh-ii-e1601485394796-142x300.jpg 142w\" sizes=\"auto, (max-width: 10px) 100vw, 10px\" \/> Michael Born<\/p>\n\n\n\n<p><strong><em>Lazio Rom \u2013 Olympique Marseille (18.45 Uhr)<\/em><\/strong><\/p>\n\n\n\n<p class=\"has-normal-font-size\"><img loading=\"lazy\" decoding=\"async\" width=\"10\" height=\"21\" class=\"wp-image-3656\" style=\"width: 10px;\" src=\"http:\/\/kommentatorenblog.de\/wp-content\/uploads\/2020\/09\/shure-55sh-ii-e1601485394796.jpg\" alt=\"\" srcset=\"http:\/\/kommentatorenblog.de\/wp-content\/uploads\/2020\/09\/shure-55sh-ii-e1601485394796.jpg 415w, http:\/\/kommentatorenblog.de\/wp-content\/uploads\/2020\/09\/shure-55sh-ii-e1601485394796-142x300.jpg 142w\" sizes=\"auto, (max-width: 10px) 100vw, 10px\" \/> Christina Graf<\/p>\n\n\n\n<p><span style=\"text-decoration: underline;\">ab 20.15 Uhr (RTL)<\/span><\/p>\n\n\n\n<p><strong><em>Eintracht Frankfurt \u2013 Olympiakos Pir\u00e4us (21.00 Uhr)<\/em><\/strong><\/p>\n\n\n\n<p class=\"has-normal-font-size\"><img loading=\"lazy\" decoding=\"async\" width=\"10\" height=\"21\" class=\"wp-image-3656\" style=\"width: 10px;\" src=\"http:\/\/kommentatorenblog.de\/wp-content\/uploads\/2020\/09\/shure-55sh-ii-e1601485394796.jpg\" alt=\"\" srcset=\"http:\/\/kommentatorenblog.de\/wp-content\/uploads\/2020\/09\/shure-55sh-ii-e1601485394796.jpg 415w, http:\/\/kommentatorenblog.de\/wp-content\/uploads\/2020\/09\/shure-55sh-ii-e1601485394796-142x300.jpg 142w\" sizes=\"auto, (max-width: 10px) 100vw, 10px\" \/> Cornelius K\u00fcpper (aus dem Stadion), Field-Reporter: Thomas Wagner<\/p>\n\n\n\n<p> <span style=\"text-decoration: underline;\">ab 20.40 Uhr (TVNOW)<\/span> <\/p>\n\n\n\n<p><strong><em>PSV Eindhoven \u2013 AS Monaco (21.00 Uhr)<\/em><\/strong><\/p>\n\n\n\n<p class=\"has-normal-font-size\"><img loading=\"lazy\" decoding=\"async\" width=\"10\" height=\"21\" class=\"wp-image-3656\" style=\"width: 10px;\" src=\"http:\/\/kommentatorenblog.de\/wp-content\/uploads\/2020\/09\/shure-55sh-ii-e1601485394796.jpg\" alt=\"\" srcset=\"http:\/\/kommentatorenblog.de\/wp-content\/uploads\/2020\/09\/shure-55sh-ii-e1601485394796.jpg 415w, http:\/\/kommentatorenblog.de\/wp-content\/uploads\/2020\/09\/shure-55sh-ii-e1601485394796-142x300.jpg 142w\" sizes=\"auto, (max-width: 10px) 100vw, 10px\" \/> Heiko Wa\u00dfer<\/p>\n\n\n\n<p><strong><em>SSC Neapel \u2013 Legia Warschau (21.00 Uhr)<\/em><\/strong><\/p>\n\n\n\n<p class=\"has-normal-font-size\"><img loading=\"lazy\" decoding=\"async\" width=\"10\" height=\"21\" class=\"wp-image-3656\" style=\"width: 10px;\" src=\"http:\/\/kommentatorenblog.de\/wp-content\/uploads\/2020\/09\/shure-55sh-ii-e1601485394796.jpg\" alt=\"\" srcset=\"http:\/\/kommentatorenblog.de\/wp-content\/uploads\/2020\/09\/shure-55sh-ii-e1601485394796.jpg 415w, http:\/\/kommentatorenblog.de\/wp-content\/uploads\/2020\/09\/shure-55sh-ii-e1601485394796-142x300.jpg 142w\" sizes=\"auto, (max-width: 10px) 100vw, 10px\" \/> Christoph Stadtler<\/p>\n\n\n\n<p><strong><em>Sparta Prag \u2013 Olympique Lyon (21.00 Uhr)<\/em><\/strong><\/p>\n\n\n\n<p class=\"has-normal-font-size\"><img loading=\"lazy\" decoding=\"async\" width=\"10\" height=\"21\" class=\"wp-image-3656\" style=\"width: 10px;\" src=\"http:\/\/kommentatorenblog.de\/wp-content\/uploads\/2020\/09\/shure-55sh-ii-e1601485394796.jpg\" alt=\"\" srcset=\"http:\/\/kommentatorenblog.de\/wp-content\/uploads\/2020\/09\/shure-55sh-ii-e1601485394796.jpg 415w, http:\/\/kommentatorenblog.de\/wp-content\/uploads\/2020\/09\/shure-55sh-ii-e1601485394796-142x300.jpg 142w\" sizes=\"auto, (max-width: 10px) 100vw, 10px\" \/> Christian Stra\u00dfburger<\/p>\n\n\n\n<p><strong><em>Glasgow Rangers \u2013 Br\u00f6ndby IF (21.00 Uhr)<\/em><\/strong><\/p>\n\n\n\n<p class=\"has-normal-font-size\"><img loading=\"lazy\" decoding=\"async\" width=\"10\" height=\"21\" class=\"wp-image-3656\" style=\"width: 10px;\" src=\"http:\/\/kommentatorenblog.de\/wp-content\/uploads\/2020\/09\/shure-55sh-ii-e1601485394796.jpg\" alt=\"\" srcset=\"http:\/\/kommentatorenblog.de\/wp-content\/uploads\/2020\/09\/shure-55sh-ii-e1601485394796.jpg 415w, http:\/\/kommentatorenblog.de\/wp-content\/uploads\/2020\/09\/shure-55sh-ii-e1601485394796-142x300.jpg 142w\" sizes=\"auto, (max-width: 10px) 100vw, 10px\" \/> Klaus Veltman<\/p>\n\n\n\n<p>Moderation: Anna Kraft, Arnd Zeigler, Robby Hunke und Lukas Podolski<\/p>\n\n\n\n<hr class=\"wp-block-separator\"\/>\n\n\n\n<p><strong>L\u00e4nderspiel Frauen<\/strong><\/p>\n\n\n\n<p><span style=\"text-decoration: underline;\">Donnerstag, 21. Oktober 2021, ab 17.55 Uhr (Sportschau- Stream)<\/span><\/p>\n\n\n\n<p><strong><em>Israel \u2013 Deutschland  (18.00Uhr)<\/em><\/strong><\/p>\n\n\n\n<p class=\"has-normal-font-size\"><img loading=\"lazy\" decoding=\"async\" width=\"10\" height=\"21\" class=\"wp-image-3656\" style=\"width: 10px;\" src=\"http:\/\/kommentatorenblog.de\/wp-content\/uploads\/2020\/09\/shure-55sh-ii-e1601485394796.jpg\" alt=\"\" srcset=\"http:\/\/kommentatorenblog.de\/wp-content\/uploads\/2020\/09\/shure-55sh-ii-e1601485394796.jpg 415w, http:\/\/kommentatorenblog.de\/wp-content\/uploads\/2020\/09\/shure-55sh-ii-e1601485394796-142x300.jpg 142w\" sizes=\"auto, (max-width: 10px) 100vw, 10px\" \/> Bernd Schmelzer<\/p>\n\n\n\n<p><\/p>\n\n\n\n<hr class=\"wp-block-separator\"\/>\n\n\n\n<p class=\"has-normal-font-size\"><strong>Champions League Gruppenphase, 03. Spieltag (\u00d6sterreich)<\/strong><\/p>\n\n\n\n<p><span style=\"text-decoration: underline;\">Dienstag, 19. Oktober 2021, ab 18.00 Uhr (Sky)<\/span><\/p>\n\n\n\n<p><em><strong>Club Br\u00fcgge \u2013 Manchester City (18.45 Uhr)<\/strong><\/em><\/p>\n\n\n\n<p class=\"has-normal-font-size\"><img loading=\"lazy\" decoding=\"async\" width=\"10\" height=\"21\" class=\"wp-image-3656\" style=\"width: 10px;\" src=\"http:\/\/kommentatorenblog.de\/wp-content\/uploads\/2020\/09\/shure-55sh-ii-e1601485394796.jpg\" alt=\"\" srcset=\"http:\/\/kommentatorenblog.de\/wp-content\/uploads\/2020\/09\/shure-55sh-ii-e1601485394796.jpg 415w, http:\/\/kommentatorenblog.de\/wp-content\/uploads\/2020\/09\/shure-55sh-ii-e1601485394796-142x300.jpg 142w\" sizes=\"auto, (max-width: 10px) 100vw, 10px\" \/> Charly Leitner (Konferenz)<\/p>\n\n\n\n<p><strong><em>Besiktas Istanbul \u2013 Sporting Lissabon (18.45 Uhr)<\/em><\/strong><\/p>\n\n\n\n<p class=\"has-normal-font-size\"><img loading=\"lazy\" decoding=\"async\" width=\"10\" height=\"21\" class=\"wp-image-3656\" style=\"width: 10px;\" src=\"http:\/\/kommentatorenblog.de\/wp-content\/uploads\/2020\/09\/shure-55sh-ii-e1601485394796.jpg\" alt=\"\" srcset=\"http:\/\/kommentatorenblog.de\/wp-content\/uploads\/2020\/09\/shure-55sh-ii-e1601485394796.jpg 415w, http:\/\/kommentatorenblog.de\/wp-content\/uploads\/2020\/09\/shure-55sh-ii-e1601485394796-142x300.jpg 142w\" sizes=\"auto, (max-width: 10px) 100vw, 10px\" \/> Roland Evers (Konferenz)<\/p>\n\n\n\n<p><span style=\"text-decoration: underline;\">ab 20.50Uhr (Sky)<\/span> <\/p>\n\n\n\n<p><strong><em>Ajax Amsterdam \u2013 Borussia Dortmund (21.00 Uhr)<\/em><\/strong><\/p>\n\n\n\n<p class=\"has-normal-font-size\"><img loading=\"lazy\" decoding=\"async\" width=\"10\" height=\"21\" class=\"wp-image-3656\" style=\"width: 10px;\" src=\"http:\/\/kommentatorenblog.de\/wp-content\/uploads\/2020\/09\/shure-55sh-ii-e1601485394796.jpg\" alt=\"\" srcset=\"http:\/\/kommentatorenblog.de\/wp-content\/uploads\/2020\/09\/shure-55sh-ii-e1601485394796.jpg 415w, http:\/\/kommentatorenblog.de\/wp-content\/uploads\/2020\/09\/shure-55sh-ii-e1601485394796-142x300.jpg 142w\" sizes=\"auto, (max-width: 10px) 100vw, 10px\" \/> Stefan Hempel (Konferenz)<\/p>\n\n\n\n<p><strong><em>Paris Saint Germain \u2013 RB Leipzig (21.00 Uhr)<\/em><\/strong><\/p>\n\n\n\n<p class=\"has-normal-font-size\"><img loading=\"lazy\" decoding=\"async\" width=\"10\" height=\"21\" class=\"wp-image-3656\" style=\"width: 10px;\" src=\"http:\/\/kommentatorenblog.de\/wp-content\/uploads\/2020\/09\/shure-55sh-ii-e1601485394796.jpg\" alt=\"\" srcset=\"http:\/\/kommentatorenblog.de\/wp-content\/uploads\/2020\/09\/shure-55sh-ii-e1601485394796.jpg 415w, http:\/\/kommentatorenblog.de\/wp-content\/uploads\/2020\/09\/shure-55sh-ii-e1601485394796-142x300.jpg 142w\" sizes=\"auto, (max-width: 10px) 100vw, 10px\" \/> Philipp Paternina (Einzelspiel aus dem Stadion), Gerfried Pr\u00f6ll (Konferenz)<\/p>\n\n\n\n<p><strong><em>Atl\u00e9tico Madrid \u2013 FC Liverpool (21.00 Uhr)<\/em><\/strong><\/p>\n\n\n\n<p class=\"has-normal-font-size\"><img loading=\"lazy\" decoding=\"async\" width=\"10\" height=\"21\" class=\"wp-image-3656\" style=\"width: 10px;\" src=\"http:\/\/kommentatorenblog.de\/wp-content\/uploads\/2020\/09\/shure-55sh-ii-e1601485394796.jpg\" alt=\"\" srcset=\"http:\/\/kommentatorenblog.de\/wp-content\/uploads\/2020\/09\/shure-55sh-ii-e1601485394796.jpg 415w, http:\/\/kommentatorenblog.de\/wp-content\/uploads\/2020\/09\/shure-55sh-ii-e1601485394796-142x300.jpg 142w\" sizes=\"auto, (max-width: 10px) 100vw, 10px\" \/> Otto Rosenauer (Konferenz)<\/p>\n\n\n\n<p><strong><em>FC Porto \u2013 AC Mailand (21.00 Uhr)<\/em><\/strong><\/p>\n\n\n\n<p class=\"has-normal-font-size\"><img loading=\"lazy\" decoding=\"async\" width=\"10\" height=\"21\" class=\"wp-image-3656\" style=\"width: 10px;\" src=\"http:\/\/kommentatorenblog.de\/wp-content\/uploads\/2020\/09\/shure-55sh-ii-e1601485394796.jpg\" alt=\"\" srcset=\"http:\/\/kommentatorenblog.de\/wp-content\/uploads\/2020\/09\/shure-55sh-ii-e1601485394796.jpg 415w, http:\/\/kommentatorenblog.de\/wp-content\/uploads\/2020\/09\/shure-55sh-ii-e1601485394796-142x300.jpg 142w\" sizes=\"auto, (max-width: 10px) 100vw, 10px\" \/> Hansi K\u00fcpper (Konferenz)<\/p>\n\n\n\n<p><strong><em>Shakhtar Donetsk \u2013 Real Madrid (21.00 Uhr)<\/em><\/strong><\/p>\n\n\n\n<p class=\"has-normal-font-size\"><img loading=\"lazy\" decoding=\"async\" width=\"10\" height=\"21\" class=\"wp-image-3656\" style=\"width: 10px;\" src=\"http:\/\/kommentatorenblog.de\/wp-content\/uploads\/2020\/09\/shure-55sh-ii-e1601485394796.jpg\" alt=\"\" srcset=\"http:\/\/kommentatorenblog.de\/wp-content\/uploads\/2020\/09\/shure-55sh-ii-e1601485394796.jpg 415w, http:\/\/kommentatorenblog.de\/wp-content\/uploads\/2020\/09\/shure-55sh-ii-e1601485394796-142x300.jpg 142w\" sizes=\"auto, (max-width: 10px) 100vw, 10px\" \/> Philipp Lautischer (Konferenz)<\/p>\n\n\n\n<p><strong><em>Inter Mailand \u2013 Sheriff Tiraspol (21.00 Uhr)<\/em><\/strong><\/p>\n\n\n\n<p class=\"has-normal-font-size\"><img loading=\"lazy\" decoding=\"async\" width=\"10\" height=\"21\" class=\"wp-image-3656\" style=\"width: 10px;\" src=\"http:\/\/kommentatorenblog.de\/wp-content\/uploads\/2020\/09\/shure-55sh-ii-e1601485394796.jpg\" alt=\"\" srcset=\"http:\/\/kommentatorenblog.de\/wp-content\/uploads\/2020\/09\/shure-55sh-ii-e1601485394796.jpg 415w, http:\/\/kommentatorenblog.de\/wp-content\/uploads\/2020\/09\/shure-55sh-ii-e1601485394796-142x300.jpg 142w\" sizes=\"auto, (max-width: 10px) 100vw, 10px\" \/> Marcel Meinert (Konferenz)<\/p>\n\n\n\n<p>Moderation: Martin Konrad, Experten: Lothar Matth\u00e4us und Klaus Schmidt<\/p>\n\n\n\n<p><span style=\"text-decoration: underline;\">Mittwoch, 20. Oktober 2021, ab 18.00 Uhr (Sky)<\/span><\/p>\n\n\n\n<p><em><strong>FC Salzburg \u2013 VfL Wolfsburg (18.45 Uhr)<\/strong><\/em><\/p>\n\n\n\n<p class=\"has-normal-font-size\"><img loading=\"lazy\" decoding=\"async\" width=\"10\" height=\"21\" class=\"wp-image-3656\" style=\"width: 10px;\" src=\"http:\/\/kommentatorenblog.de\/wp-content\/uploads\/2020\/09\/shure-55sh-ii-e1601485394796.jpg\" alt=\"\" srcset=\"http:\/\/kommentatorenblog.de\/wp-content\/uploads\/2020\/09\/shure-55sh-ii-e1601485394796.jpg 415w, http:\/\/kommentatorenblog.de\/wp-content\/uploads\/2020\/09\/shure-55sh-ii-e1601485394796-142x300.jpg 142w\" sizes=\"auto, (max-width: 10px) 100vw, 10px\" \/> David Eder (Einzelspiel aus dem Stadion), Otto Rosenauer (Konferenz)<\/p>\n\n\n\n<p>Field-Reporter: Gerhard Krabath<\/p>\n\n\n\n<p><strong><em>FC Barcelona \u2013 Dynamo Kiew (18.45 Uhr)<\/em><\/strong><\/p>\n\n\n\n<p class=\"has-normal-font-size\"><img loading=\"lazy\" decoding=\"async\" width=\"10\" height=\"21\" class=\"wp-image-3656\" style=\"width: 10px;\" src=\"http:\/\/kommentatorenblog.de\/wp-content\/uploads\/2020\/09\/shure-55sh-ii-e1601485394796.jpg\" alt=\"\" srcset=\"http:\/\/kommentatorenblog.de\/wp-content\/uploads\/2020\/09\/shure-55sh-ii-e1601485394796.jpg 415w, http:\/\/kommentatorenblog.de\/wp-content\/uploads\/2020\/09\/shure-55sh-ii-e1601485394796-142x300.jpg 142w\" sizes=\"auto, (max-width: 10px) 100vw, 10px\" \/> (Einzelspiel), Hansi K\u00fcpper (Konferenz)<\/p>\n\n\n\n<p><span style=\"text-decoration: underline;\">ab 20.00 Uhr (Sky)<\/span> <\/p>\n\n\n\n<p><strong><em><em><strong>Benfica Lissabon \u2013 FC Bayern M\u00fcnchen<\/strong><\/em> (21.00 Uhr)<\/em><\/strong><\/p>\n\n\n\n<p class=\"has-normal-font-size\"><img loading=\"lazy\" decoding=\"async\" width=\"10\" height=\"21\" class=\"wp-image-3656\" style=\"width: 10px;\" src=\"http:\/\/kommentatorenblog.de\/wp-content\/uploads\/2020\/09\/shure-55sh-ii-e1601485394796.jpg\" alt=\"\" srcset=\"http:\/\/kommentatorenblog.de\/wp-content\/uploads\/2020\/09\/shure-55sh-ii-e1601485394796.jpg 415w, http:\/\/kommentatorenblog.de\/wp-content\/uploads\/2020\/09\/shure-55sh-ii-e1601485394796-142x300.jpg 142w\" sizes=\"auto, (max-width: 10px) 100vw, 10px\" \/> Guido Friedrich (Konferenz)<\/p>\n\n\n\n<p><strong><em>Manchester United \u2013 Atalanta Bergamo (21.00 Uhr)<\/em><\/strong><\/p>\n\n\n\n<p class=\"has-normal-font-size\"><img loading=\"lazy\" decoding=\"async\" width=\"10\" height=\"21\" class=\"wp-image-3656\" style=\"width: 10px;\" src=\"http:\/\/kommentatorenblog.de\/wp-content\/uploads\/2020\/09\/shure-55sh-ii-e1601485394796.jpg\" alt=\"\" srcset=\"http:\/\/kommentatorenblog.de\/wp-content\/uploads\/2020\/09\/shure-55sh-ii-e1601485394796.jpg 415w, http:\/\/kommentatorenblog.de\/wp-content\/uploads\/2020\/09\/shure-55sh-ii-e1601485394796-142x300.jpg 142w\" sizes=\"auto, (max-width: 10px) 100vw, 10px\" \/> Johannes Hofer (Konferenz)<\/p>\n\n\n\n<p><strong><em>Young Boys Bern <strong><em>\u2013<\/em><\/strong> FC Villarreal (21.00 Uhr)<\/em><\/strong><\/p>\n\n\n\n<p class=\"has-normal-font-size\"><img loading=\"lazy\" decoding=\"async\" width=\"10\" height=\"21\" class=\"wp-image-3656\" style=\"width: 10px;\" src=\"http:\/\/kommentatorenblog.de\/wp-content\/uploads\/2020\/09\/shure-55sh-ii-e1601485394796.jpg\" alt=\"\" srcset=\"http:\/\/kommentatorenblog.de\/wp-content\/uploads\/2020\/09\/shure-55sh-ii-e1601485394796.jpg 415w, http:\/\/kommentatorenblog.de\/wp-content\/uploads\/2020\/09\/shure-55sh-ii-e1601485394796-142x300.jpg 142w\" sizes=\"auto, (max-width: 10px) 100vw, 10px\" \/> Sven Schr\u00f6ter (Konferenz)<\/p>\n\n\n\n<p><strong><em>OSC Lille <strong><em>\u2013<\/em><\/strong> FC Sevilla (21.00 Uhr)<\/em><\/strong><\/p>\n\n\n\n<p class=\"has-normal-font-size\"><img loading=\"lazy\" decoding=\"async\" width=\"10\" height=\"21\" class=\"wp-image-3656\" style=\"width: 10px;\" src=\"http:\/\/kommentatorenblog.de\/wp-content\/uploads\/2020\/09\/shure-55sh-ii-e1601485394796.jpg\" alt=\"\" srcset=\"http:\/\/kommentatorenblog.de\/wp-content\/uploads\/2020\/09\/shure-55sh-ii-e1601485394796.jpg 415w, http:\/\/kommentatorenblog.de\/wp-content\/uploads\/2020\/09\/shure-55sh-ii-e1601485394796-142x300.jpg 142w\" sizes=\"auto, (max-width: 10px) 100vw, 10px\" \/> Philipp Lautischer (Konferenz)<\/p>\n\n\n\n<p><strong><em><strong><em>FC Chelsea \u2013 Malm\u00f6 FF <\/em><\/strong>(21.00 Uhr)<\/em><\/strong><\/p>\n\n\n\n<p class=\"has-normal-font-size\"><img loading=\"lazy\" decoding=\"async\" width=\"10\" height=\"21\" class=\"wp-image-3656\" style=\"width: 10px;\" src=\"http:\/\/kommentatorenblog.de\/wp-content\/uploads\/2020\/09\/shure-55sh-ii-e1601485394796.jpg\" alt=\"\" srcset=\"http:\/\/kommentatorenblog.de\/wp-content\/uploads\/2020\/09\/shure-55sh-ii-e1601485394796.jpg 415w, http:\/\/kommentatorenblog.de\/wp-content\/uploads\/2020\/09\/shure-55sh-ii-e1601485394796-142x300.jpg 142w\" sizes=\"auto, (max-width: 10px) 100vw, 10px\" \/> Gerfried Pr\u00f6ll (Konferenz)<\/p>\n\n\n\n<p><strong><em>Zenit St. Petersburg \u2013 Juventus Turin (21.00 Uhr)<\/em><\/strong><\/p>\n\n\n\n<p class=\"has-normal-font-size\"><img loading=\"lazy\" decoding=\"async\" width=\"10\" height=\"21\" class=\"wp-image-3656\" style=\"width: 10px;\" src=\"http:\/\/kommentatorenblog.de\/wp-content\/uploads\/2020\/09\/shure-55sh-ii-e1601485394796.jpg\" alt=\"\" srcset=\"http:\/\/kommentatorenblog.de\/wp-content\/uploads\/2020\/09\/shure-55sh-ii-e1601485394796.jpg 415w, http:\/\/kommentatorenblog.de\/wp-content\/uploads\/2020\/09\/shure-55sh-ii-e1601485394796-142x300.jpg 142w\" sizes=\"auto, (max-width: 10px) 100vw, 10px\" \/> Roland Evers (Konferenz)<\/p>\n\n\n\n<p>Moderation: Constanze Weiss, Experten: Marc Janko und Klaus Schmidt<\/p>\n\n\n\n<hr class=\"wp-block-separator\"\/>\n\n\n\n<p><strong>Europa League\/Europa Conference League Gruppenphase, 03. Spieltag (Sky)<\/strong><\/p>\n\n\n\n<p><span style=\"text-decoration: underline;\">Donnerstag, 21. Oktober 2021, ab 18.00 Uhr<\/span><\/p>\n\n\n\n<p><strong><em>Rapid Wien <strong><em><strong><em>\u2013<\/em><\/strong><\/em><\/strong> Dinamo Zagreb (18.45 Uhr)<\/em><\/strong><\/p>\n\n\n\n<p class=\"has-normal-font-size\"><img loading=\"lazy\" decoding=\"async\" width=\"10\" height=\"21\" class=\"wp-image-3656\" style=\"width: 10px;\" src=\"http:\/\/kommentatorenblog.de\/wp-content\/uploads\/2020\/09\/shure-55sh-ii-e1601485394796.jpg\" alt=\"\" srcset=\"http:\/\/kommentatorenblog.de\/wp-content\/uploads\/2020\/09\/shure-55sh-ii-e1601485394796.jpg 415w, http:\/\/kommentatorenblog.de\/wp-content\/uploads\/2020\/09\/shure-55sh-ii-e1601485394796-142x300.jpg 142w\" sizes=\"auto, (max-width: 10px) 100vw, 10px\" \/> Martin Konrad (Einzelspiel), Otto Rosenauer (Konferenz)<\/p>\n\n\n\n<p><strong><em>FC Alashkert <strong><em><strong><em>\u2013<\/em><\/strong><\/em><\/strong> LASK<\/em><\/strong> <strong><em>(18.45 Uhr)<\/em><\/strong><\/p>\n\n\n\n<p class=\"has-normal-font-size\"><img loading=\"lazy\" decoding=\"async\" width=\"10\" height=\"21\" class=\"wp-image-3656\" style=\"width: 10px;\" src=\"http:\/\/kommentatorenblog.de\/wp-content\/uploads\/2020\/09\/shure-55sh-ii-e1601485394796.jpg\" alt=\"\" srcset=\"http:\/\/kommentatorenblog.de\/wp-content\/uploads\/2020\/09\/shure-55sh-ii-e1601485394796.jpg 415w, http:\/\/kommentatorenblog.de\/wp-content\/uploads\/2020\/09\/shure-55sh-ii-e1601485394796-142x300.jpg 142w\" sizes=\"auto, (max-width: 10px) 100vw, 10px\" \/> Guido Friedrich (Einzelspiel), Charly Leitner (Konferenz)<\/p>\n\n\n\n<p><strong><em>Feyenoord Rotterdam <strong><em><strong><em>\u2013<\/em><\/strong><\/em><\/strong> 1.FC Union Berlin&nbsp;(18.45 Uhr)<\/em><\/strong><\/p>\n\n\n\n<p class=\"has-normal-font-size\"><img loading=\"lazy\" decoding=\"async\" width=\"10\" height=\"21\" class=\"wp-image-3656\" style=\"width: 10px;\" src=\"http:\/\/kommentatorenblog.de\/wp-content\/uploads\/2020\/09\/shure-55sh-ii-e1601485394796.jpg\" alt=\"\" srcset=\"http:\/\/kommentatorenblog.de\/wp-content\/uploads\/2020\/09\/shure-55sh-ii-e1601485394796.jpg 415w, http:\/\/kommentatorenblog.de\/wp-content\/uploads\/2020\/09\/shure-55sh-ii-e1601485394796-142x300.jpg 142w\" sizes=\"auto, (max-width: 10px) 100vw, 10px\" \/> Gerfried Pr\u00f6ll (Konferenz)<\/p>\n\n\n\n<p><strong><em>Lazio Rom<\/em><\/strong>&nbsp;<strong><em><strong><em><strong><em>\u2013<\/em><\/strong><\/em><\/strong> Olympique Marseille (18.45 Uhr)<\/em><\/strong><\/p>\n\n\n\n<p class=\"has-normal-font-size\"><img loading=\"lazy\" decoding=\"async\" width=\"10\" height=\"21\" class=\"wp-image-3656\" style=\"width: 10px;\" src=\"http:\/\/kommentatorenblog.de\/wp-content\/uploads\/2020\/09\/shure-55sh-ii-e1601485394796.jpg\" alt=\"\" srcset=\"http:\/\/kommentatorenblog.de\/wp-content\/uploads\/2020\/09\/shure-55sh-ii-e1601485394796.jpg 415w, http:\/\/kommentatorenblog.de\/wp-content\/uploads\/2020\/09\/shure-55sh-ii-e1601485394796-142x300.jpg 142w\" sizes=\"auto, (max-width: 10px) 100vw, 10px\" \/> Philipp Lautischer (Konferenz)<\/p>\n\n\n\n<p><span style=\"text-decoration: underline;\">ab 20.50 Uhr<\/span><\/p>\n\n\n\n<p><strong><em>Sturm Graz <strong><em><strong><em>\u2013<\/em><\/strong><\/em><\/strong> Real Sociedad&nbsp;(21.00 Uhr)<\/em><\/strong><\/p>\n\n\n\n<p class=\"has-normal-font-size\"><img loading=\"lazy\" decoding=\"async\" width=\"10\" height=\"21\" class=\"wp-image-3656\" style=\"width: 10px;\" src=\"http:\/\/kommentatorenblog.de\/wp-content\/uploads\/2020\/09\/shure-55sh-ii-e1601485394796.jpg\" alt=\"\" srcset=\"http:\/\/kommentatorenblog.de\/wp-content\/uploads\/2020\/09\/shure-55sh-ii-e1601485394796.jpg 415w, http:\/\/kommentatorenblog.de\/wp-content\/uploads\/2020\/09\/shure-55sh-ii-e1601485394796-142x300.jpg 142w\" sizes=\"auto, (max-width: 10px) 100vw, 10px\" \/> Philipp Paternina (Einzelspiel), David Eder (Konferenz)<\/p>\n\n\n\n<p><strong><em>Eintracht Frankfurt <strong><em><strong><em>\u2013<\/em><\/strong><\/em><\/strong> Olympiakos Pir\u00e4us (21.00 Uhr)<\/em><\/strong><\/p>\n\n\n\n<p class=\"has-normal-font-size\"><img loading=\"lazy\" decoding=\"async\" width=\"10\" height=\"21\" class=\"wp-image-3656\" style=\"width: 10px;\" src=\"http:\/\/kommentatorenblog.de\/wp-content\/uploads\/2020\/09\/shure-55sh-ii-e1601485394796.jpg\" alt=\"\" srcset=\"http:\/\/kommentatorenblog.de\/wp-content\/uploads\/2020\/09\/shure-55sh-ii-e1601485394796.jpg 415w, http:\/\/kommentatorenblog.de\/wp-content\/uploads\/2020\/09\/shure-55sh-ii-e1601485394796-142x300.jpg 142w\" sizes=\"auto, (max-width: 10px) 100vw, 10px\" \/>  (Einzelspiel), Stefan Hempel (Konferenz)<\/p>\n\n\n\n<p><strong><em>PSV Eindhoven  <strong><em><strong><em>\u2013<\/em><\/strong><\/em><\/strong> AS Monaco (21.00 Uhr)<\/em><\/strong><\/p>\n\n\n\n<p class=\"has-normal-font-size\"><img loading=\"lazy\" decoding=\"async\" width=\"10\" height=\"21\" class=\"wp-image-3656\" style=\"width: 10px;\" src=\"http:\/\/kommentatorenblog.de\/wp-content\/uploads\/2020\/09\/shure-55sh-ii-e1601485394796.jpg\" alt=\"\" srcset=\"http:\/\/kommentatorenblog.de\/wp-content\/uploads\/2020\/09\/shure-55sh-ii-e1601485394796.jpg 415w, http:\/\/kommentatorenblog.de\/wp-content\/uploads\/2020\/09\/shure-55sh-ii-e1601485394796-142x300.jpg 142w\" sizes=\"auto, (max-width: 10px) 100vw, 10px\" \/> Marcel Meinert (Konferenz)<\/p>\n\n\n\n<p><strong><em>West Ham United <strong><em><strong><em>\u2013<\/em><\/strong><\/em><\/strong> KRC Genk (21.00 Uhr)<\/em><\/strong><\/p>\n\n\n\n<p class=\"has-normal-font-size\"><img loading=\"lazy\" decoding=\"async\" width=\"10\" height=\"21\" class=\"wp-image-3656\" style=\"width: 10px;\" src=\"http:\/\/kommentatorenblog.de\/wp-content\/uploads\/2020\/09\/shure-55sh-ii-e1601485394796.jpg\" alt=\"\" srcset=\"http:\/\/kommentatorenblog.de\/wp-content\/uploads\/2020\/09\/shure-55sh-ii-e1601485394796.jpg 415w, http:\/\/kommentatorenblog.de\/wp-content\/uploads\/2020\/09\/shure-55sh-ii-e1601485394796-142x300.jpg 142w\" sizes=\"auto, (max-width: 10px) 100vw, 10px\" \/> Johannes Hofer (Konferenz)<\/p>\n\n\n\n<p>Moderation: Johannes Brandl, Experte: Alfred Tatar<\/p>\n\n\n\n<hr class=\"wp-block-separator\"\/>\n\n\n\n<p><strong>Internationaler Fu\u00dfball (sportdigital.FUSSBALL)<\/strong><\/p>\n\n\n\n<p><span style=\"text-decoration: underline;\">Mittwoch, 20. Oktober 2021 <\/span><\/p>\n\n\n\n<p>AFC Cup (Halbfinale) <strong><em>FC Nasaf<strong><em> <strong><em><strong><em>\u2013<\/em><\/strong><\/em><\/strong> <\/em><\/strong>Lee Man&nbsp;(15.00 Uhr)<\/em><\/strong><\/p>\n\n\n\n<p class=\"has-normal-font-size\"><img loading=\"lazy\" decoding=\"async\" width=\"10\" height=\"21\" class=\"wp-image-3656\" style=\"width: 10px;\" src=\"http:\/\/kommentatorenblog.de\/wp-content\/uploads\/2020\/09\/shure-55sh-ii-e1601485394796.jpg\" alt=\"\" srcset=\"http:\/\/kommentatorenblog.de\/wp-content\/uploads\/2020\/09\/shure-55sh-ii-e1601485394796.jpg 415w, http:\/\/kommentatorenblog.de\/wp-content\/uploads\/2020\/09\/shure-55sh-ii-e1601485394796-142x300.jpg 142w\" sizes=\"auto, (max-width: 10px) 100vw, 10px\" \/> Henri Briese<\/p>\n\n\n\n<p>AFC Cup (Halbfinale)<strong><em> Muharraq Club <strong><em><strong><em>\u2013<\/em><\/strong><\/em><\/strong> Kuwait SC (21.00 Uhr)<\/em><\/strong><\/p>\n\n\n\n<p class=\"has-normal-font-size\"><img loading=\"lazy\" decoding=\"async\" width=\"10\" height=\"21\" class=\"wp-image-3656\" style=\"width: 10px;\" src=\"http:\/\/kommentatorenblog.de\/wp-content\/uploads\/2020\/09\/shure-55sh-ii-e1601485394796.jpg\" alt=\"\" srcset=\"http:\/\/kommentatorenblog.de\/wp-content\/uploads\/2020\/09\/shure-55sh-ii-e1601485394796.jpg 415w, http:\/\/kommentatorenblog.de\/wp-content\/uploads\/2020\/09\/shure-55sh-ii-e1601485394796-142x300.jpg 142w\" sizes=\"auto, (max-width: 10px) 100vw, 10px\" \/> Manuel Meyer<\/p>\n\n\n\n<p> <span style=\"text-decoration: underline;\">Donnerstag, 20. Oktober 2021 <\/span> <\/p>\n\n\n\n<p>Copa do Brasil <strong><em>Athletico Paranaense <strong><em><strong><em>\u2013<\/em><\/strong><\/em><\/strong> Flamengo (21.00 Uhr)<\/em><\/strong><\/p>\n\n\n\n<p class=\"has-normal-font-size\"><img loading=\"lazy\" decoding=\"async\" width=\"10\" height=\"21\" class=\"wp-image-3656\" style=\"width: 10px;\" src=\"http:\/\/kommentatorenblog.de\/wp-content\/uploads\/2020\/09\/shure-55sh-ii-e1601485394796.jpg\" alt=\"\" srcset=\"http:\/\/kommentatorenblog.de\/wp-content\/uploads\/2020\/09\/shure-55sh-ii-e1601485394796.jpg 415w, http:\/\/kommentatorenblog.de\/wp-content\/uploads\/2020\/09\/shure-55sh-ii-e1601485394796-142x300.jpg 142w\" sizes=\"auto, (max-width: 10px) 100vw, 10px\" \/> Arne Malsch<\/p>\n\n\n\n<p><\/p>\n\n\n\n<hr class=\"wp-block-separator\"\/>\n\n\n\n<p><strong>Die Analyse<\/strong><\/p>\n\n\n\n<p><strong>Die Allzweckwaffe Christoph Stadtler<\/strong><\/p>\n\n\n\n<p>Der dritte Spieltag der Champions League startet am Dienstag mit den Parallelspielen der Gruppen von RB Leipzig und Borussia Dortmund. Manchester City gastiert bei einem bisher sehr starken Club Br\u00fcgge und Sporting Lissabon reist in Richtung des stimmungsvollen Vodafone-Parks. In der Konferenz schaut sich Michael Born nicht zum ersten Mal in dieser Saison City an, er schiebt sich die B\u00e4lle mit Allzweckwaffe Christoph Stadtler (der ja seit neustem auch die NHL auf Sky kommentiert) hin und her. Bei den Einzelspielen \u00fcbernehmen Benni Zander bzw. Guido H\u00fcsgen.<\/p>\n\n\n\n<p><strong>Elefantenrunde reist nach Amsterdam<\/strong><\/p>\n\n\n\n<p>PrimeVideo meldet sich ab 19.30Uhr aus Amsterdam. Die Konstanten in der Elefantenrunde im Stadion bleiben hierbei Sebastian Hellmann, Matthias Sammer und Mario Gomez. F\u00fcr Steffen Baumgart wiederum r\u00fcckt wieder Kim Kulig zur\u00fcck, ersterer hat mal eine Experten-Freie Woche. Im Studio in K\u00f6ln meldet sich Moderatorin Annika Zimmermann mit den gleichen Experten wie an Spieltag zwei (Florian Kohfeldt&nbsp;und&nbsp;Patrick Owomoyela). Kommentieren werden selbstverst\u00e4ndlich wieder Jonas Friedrich und Benedikt H\u00f6wedes w\u00e4hrend Shary Reeves und Sebastian Benesch auf Stimmenfang gehen. Man kann vom Unternehmen Amazon halten was man will, aber die \u00dcbertragungen sind aus meiner Sicht bisher einfach nur wahnsinnig hochwertig und einfach gut. <\/p>\n\n\n\n<p><strong>Leipzig-Spiel in Paris leider aus der Box<\/strong><\/p>\n\n\n\n<p>Zur Sp\u00e4tschicht sticht nat\u00fcrlich das Duell von RB Leipzig bei dem Star-Ensemble von PSG in der Stadt der Liebe heraus. DAZN meldet sich hier mit der Berichterstattung leider &#8222;nur&#8220; aus dem DAZN-Space. Aus diesem gr\u00fc\u00dfen Alex Schl\u00fcter und Seb Knei\u00dfl eine halbe Stunde vor Anpfiff, Alex Schl\u00fcter macht dann kurz vor Anpfiff Platz f\u00fcr Marco Hagemann, der durch die 90 Minuten begleiten wird. Interviews im Prinzenpark sammelt im \u00fcbrigen Andres Verdas, der nach Lille am ersten Spieltag somit bereits die zweite Arbeitsreise nach Frankreich verrichtet. Auch PrimeVideo schickt einen Field-Reporter in die franz\u00f6sische Hauptstadt, Jan Krebs ist der Gl\u00fcckliche. Bei den weiteren Spielen geht der Blick nat\u00fcrlich auch in Richtung Madrid, wo Atl\u00e9tico die Reds empf\u00e4ngt, vor knapp 1 1\/2 Jahren soll&#8217;s zwischen den beiden Teams ein nettes Spiel gegeben haben&#8230; F\u00fcr DAZN \u00fcbernimmt England Experte Jogi Hebel gemeinsam mit Experte Ralph Gunesch. Ruben Zimmermann was die \u00dcberflieger aus Tiraspol so gegen Inter treibt, von dieser Partie werde ich dann wohl auch was in Italien mitbekommen \ud83d\ude00 . Ansonsten ist auch mal wieder Lutz Pfannenstiel als Experte im Einsatz und steht David Ploch bei Donetsk gegen Real Madrid zur Seite w\u00e4hrend Flo Hauser sich ohne &#8222;Beisitzer&#8220; um Porto gegen Milan k\u00fcmmert.<\/p>\n\n\n\n<p><strong>\u00dcberraschungsfreie Konferenz<\/strong><\/p>\n\n\n\n<p>In der Konferenz gibt es keine \u00dcberraschungen. Jan Platte und Lukas Sch\u00f6nm\u00fcller \u00fcbernehmen die Topspiele des Abends bei Platte mit bzw. bei Sch\u00f6nm\u00fcller ohne deutsche Beteiligung. Mario Rieker und Carsten Fu\u00df k\u00fcmmern sich um die Mail\u00e4nder Clubs und auch Holger Pfandt kehrt nach nach einem Spieltag ohne Einsatz zur\u00fcck und bereitet die K\u00f6niglichen.<\/p>\n\n\n\n<p><strong>Auch das dritte Wolfsburgspiel kommt aus der Box<\/strong><\/p>\n\n\n\n<p>Am Mittwoch meldet sich DAZN dann leider erst eine Viertelstunde vor Anpfiff mit der Vorberichterstattung bei der Partie des VfL Wolfsburgs beim FC Salzburg, ist zwar besser als keine Vorberichterstattung &#8211; wie am zweiten Spieltag &#8211; aber nichtsdestotrotz als Fan des VfL doch ein wenig entt\u00e4uschend! Aus dem DAZN-Space melden sich Tobi Wahnschaffe und Benny Lauth, w\u00e4hrend Lukas Sch\u00f6nm\u00fcller erstmals in dieser Saison ein Einzelspiel mit deutscher Beteiligung begleitet. Interviews in der Mozartstadt f\u00fchrt Ann-Sophie Kimmel. Beim zweiten Spiel zur fr\u00fchen Anstosszeit zwischen dem bisher ganz schwachen Barcelona gegen Dynamo Kiew begleitet Franz B\u00fcchner durch die neunzig Minuten. In der Konferenz geben sich Max Gross und Uwe Morawe die Ehre.<\/p>\n\n\n\n<p><strong>Premiere f\u00fcr Sandro Wagner<\/strong><\/p>\n\n\n\n<p>Zur sp\u00e4ten Anstosszeit meldet sich DAZN dann aus dem Stadion, genauer gesagt aus Lissabon wo Benfica die Bayern empf\u00e4ngt. Ihre Champions League Premiere &#8211; Kollege Erik hatte es bereits angeteast &#8211; feiert Laura Wontorra im Estadio Da Luz, wo die Bayern vor 14 Monaten ihren Champions League Titel holten. Als Experte ist zudem Sandro Wagner im Einsatz, f\u00fcr ihn sollte es &#8211; wenn ich nichts \u00fcbersehe &#8211; der erste Auslandseinsatz als DAZN-Experte sein. Kommentator der Partie ist Uli Hebel, w\u00e4hrend Max Siebald auf Stimmenfang geht. Bei den weiteren Spielen ist wie bereits am letzten Spieltag T\u00fcrkg\u00fcc\u00fc Trainer Peter Hyballa mit dabei und begleitet mit Carsten Fu\u00df, was Atalanta Bergamo in Old Trafford liefert. Benni Zander und Lutz Pfannenstiel machen eine Doppelschicht und blicken auf den Titelverteidiger. Ansonsten macht Stefan Galler wenig \u00fcberraschend Lille und auch die Herren Seufert und Fischbeck mischen bei den Einzelspielen mit.<\/p>\n\n\n\n<p>In der Konferenz \u00fcbernimmt f\u00fcr mich \u00fcberraschend nicht Jan Platte sondern Michael Born die Bayern, Platte schaut sich daf\u00fcr Ronaldo und co. in Manchester an. F\u00fcr Holger Pfandt soll sich die Anreise aus lohnen, er komplettiert mit Freddy Harder, Nico Seepe und Oliver Forster die 6er Konferenz. Klingt unterhaltsam!<\/p>\n\n\n\n<p><strong>Europa League, Conference League<\/strong><\/p>\n\n\n\n<p>In der Europa League werden &#8211; Jonas hatte es bereits im Vorwort angesprochen &#8211; die Spiele von Leverkusen und Frankfurt im FreeTV \u00fcbertragen. Um die Partie der Werkself bei Betis Sevilla k\u00fcmmert sich das \u00fcbliche FreeTV Personal rund um Marco Hagemann und Steffen Freund. F\u00fcr Hagemann geht also eine muntere Tour durch Europa weiter, rein beruflich hie\u00df es in den letzten zwei Wochen Hamburg-Skopje-M\u00fcnchen-Leverkusen-M\u00fcnchen-Sevilla, gibt arbeits\u00e4rmere Wochen! Interviews in Sevilla (sehr sch\u00f6ne Stadt \u00fcbrigens) f\u00fchrt Felix G\u00f6rner. F\u00fcr das Spiel der Frankfurter Eintracht gegen Pir\u00e4us schickt RTL neben Thomas Wagner wohl auch Cornelius K\u00fcpper ins Stadion. Die Vorberichterstattung ist hier eine Sache f\u00fcr die Elefantenrunde in K\u00f6ln.  <\/p>\n\n\n\n<p>F\u00fcr TVNOW Kunden gibt es nat\u00fcrlich noch sechs weitere Spiele, die alle aus der Sendezentrale kommentiert werden. Michael Born schaut sich hier das die Eisernen in Rotterdam an. <\/p>\n\n\n\n<p><strong>DFB- Damen und internationaler Fu\u00dfball<\/strong><\/p>\n\n\n\n<p>Zudem steht noch das Hinspiel in der WM- Quali der Damen an. Donnerstag spielt das Team von Voss- Tecklenburg in Israel. Anpfiff der Begegnung ist um 18:00 Uhr, das Spiel gibt es nach unseren Informationen leider nur im Stream zu sehen. Sofern wir erfahren wer kommentiert, liefern wir das nach.<\/p>\n\n\n\n<p>Des Weiteren hat sportdigital noch den AFC Cup mit Henri Briese und Manuel Meyer am Mikro, sowie ein Halbfinale der Copa do Brasil im Angebot. Hier kommentiert Arne Malsch.<\/p>\n\n\n\n<p>Das wars von unserer Stelle, allen noch eine sch\u00f6ne Woche!<\/p>\n","protected":false},"excerpt":{"rendered":"<p>N&#8217;Abend allerseits, Ein etwas ungew\u00f6hnliches Setting, in dem ich am heutigen Montag das Vorwort schreibe. Erstmals seit gut 15 Monaten geht es f\u00fcr mich in den Urlaub nach Italien. Im Juli\/August war es mir trotz vorhandener Impfung seit Juni noch zu heikel wegzufahren, nun allerdings wird der f\u00fcr mich definitiv f\u00e4llige Auslandsaufenthalt f\u00e4llig. F\u00e4llig deshalb [&hellip;]<\/p>\n","protected":false},"author":5,"featured_media":0,"comment_status":"open","ping_status":"open","sticky":false,"template":"","format":"standard","meta":{"footnotes":""},"categories":[425],"tags":[49,610,404,517,617,337,21,166,131,35,615,171,614,165,13,611,132,120,295,155,616,90,123,48,347,69,612,53,75,44,357,205,417,276,43,243,283,279,114,191,183,627,108,162,138,301,350,222,154,151,33,152,252,105,149],"class_list":["post-10813","post","type-post","status-publish","format-standard","hentry","category-champions-league-und-co","tag-alex-schlueter","tag-andres-veredas","tag-ann-sophie-kimmel","tag-anna-kraft","tag-arnd-zeigler","tag-benedikt-hoewedes","tag-benni-zander","tag-benny-lauth","tag-carsten-fuss","tag-christian-strassburger","tag-christina-graf","tag-christoph-stadtler","tag-cornelius-kuepper","tag-david-ploch","tag-dazn","tag-felix-goerner","tag-flo-hauser","tag-franz-buechner","tag-freddy-harder","tag-guido-huesgen","tag-heiko-wasser","tag-holger-pfandt","tag-jan-luedeke","tag-jan-platte","tag-joachim-hebel","tag-jonas-friedrich","tag-karl-heinz-riedle","tag-klaus-veltmann","tag-laura-papendick","tag-laura-wontorra","tag-lukas-podolski","tag-lukas-schoenmueller","tag-lutz-pfannenstiel","tag-marcel-seufert","tag-marco-hagemann","tag-mario-rieker","tag-max-gross","tag-max-siebald","tag-michael-born","tag-nico-seepe","tag-oliver-forster","tag-peter-hyballa","tag-ralph-gunesch","tag-robby-hunke","tag-rtl","tag-ruben-zimmermann","tag-sandro-wagner","tag-sebastian-kneissl","tag-stefan-galler","tag-steffen-freund","tag-thomas-wagner","tag-tobi-fischbeck","tag-tobi-wahnschaffe","tag-uli-hebel","tag-uwe-morawe"],"_links":{"self":[{"href":"http:\/\/kommentatorenblog.de\/index.php?rest_route=\/wp\/v2\/posts\/10813","targetHints":{"allow":["GET"]}}],"collection":[{"href":"http:\/\/kommentatorenblog.de\/index.php?rest_route=\/wp\/v2\/posts"}],"about":[{"href":"http:\/\/kommentatorenblog.de\/index.php?rest_route=\/wp\/v2\/types\/post"}],"author":[{"embeddable":true,"href":"http:\/\/kommentatorenblog.de\/index.php?rest_route=\/wp\/v2\/users\/5"}],"replies":[{"embeddable":true,"href":"http:\/\/kommentatorenblog.de\/index.php?rest_route=%2Fwp%2Fv2%2Fcomments&post=10813"}],"version-history":[{"count":28,"href":"http:\/\/kommentatorenblog.de\/index.php?rest_route=\/wp\/v2\/posts\/10813\/revisions"}],"predecessor-version":[{"id":10926,"href":"http:\/\/kommentatorenblog.de\/index.php?rest_route=\/wp\/v2\/posts\/10813\/revisions\/10926"}],"wp:attachment":[{"href":"http:\/\/kommentatorenblog.de\/index.php?rest_route=%2Fwp%2Fv2%2Fmedia&parent=10813"}],"wp:term":[{"taxonomy":"category","embeddable":true,"href":"http:\/\/kommentatorenblog.de\/index.php?rest_route=%2Fwp%2Fv2%2Fcategories&post=10813"},{"taxonomy":"post_tag","embeddable":true,"href":"http:\/\/kommentatorenblog.de\/index.php?rest_route=%2Fwp%2Fv2%2Ftags&post=10813"}],"curies":[{"name":"wp","href":"https:\/\/api.w.org\/{rel}","templated":true}]}}