{"id":11767,"date":"2022-01-25T00:43:23","date_gmt":"2022-01-24T22:43:23","guid":{"rendered":"https:\/\/kommentatorenblog.de\/?p=11767"},"modified":"2022-07-19T12:59:07","modified_gmt":"2022-07-19T10:59:07","slug":"1229","status":"publish","type":"post","link":"http:\/\/kommentatorenblog.de\/?p=11767","title":{"rendered":"1229 &#8211; Countdown f\u00fcr Olympia"},"content":{"rendered":"\n<p>N&#8217;Abend allerseits,<\/p>\n\n\n\n<p>Olympia steht vor der T\u00fcr, wie man unschwer am seit Wochen tickenden Countdown im Programm von Eurosport erkennen kann. Doch nicht nur die Discovery-Tochter \u00fcbertr\u00e4gt, auch ARD und ZDF berichten dank Erwerb von Sublizenzen umfangreich von den zurecht sehr umstrittenen Spielen aus Peking. Die desastr\u00f6se Menschenrechtssituation in China, fehlende Transparenz und die zuletzt durch Sportler:innen und Trainer:innen ausgesprochene Warnung vor manipulierter Auswertung der Corona-Tests, um den eigenen Athleten Vorteile zu verschaffen, d\u00e4mpfen oder zerst\u00f6ren gar die Olympia-Euphorie. <\/p>\n\n\n\n<p>Angesichts dieser Situation ist es wichtig, dass die \u00fcbertragenden Sender die Spiele nicht nur sportlich, sondern auch politisch mit zus\u00e4tzlichem Fachpersonal kritisch und unabh\u00e4ngig begleiten. Insbesondere weil sich das IOC der kritischen Lage nicht bewusst zu sein scheint &#8211; oder aufgrund verschiedener Anreize die Problematik rund um China bewusst ausblendet (siehe Umgang mit Verschwinden von Peng Shuai).<\/p>\n\n\n\n<p>Ungeachtet dessen l\u00e4uft der Countdown: In acht Tagen findet mittags deutscher Zeit die offizielle Er\u00f6ffnungsfeier der Olympischen Winterspiele bei ZDF und Eurosport statt. Aber aufgepasst: Die ersten Wettbewerbe (Curling, Eishockey, Freestyle-Skiing) starten bereits am Mittwoch!<\/p>\n\n\n\n<p>Die \u00d6ffentlich-Rechtlichen berichten wie gewohnt im Wechsel. Das Erste (5.2.\/8.2.\/11.2.\/13.2.\/14.2.\/16.2\/17.2.\/20.2.) kommt dabei einmal weniger zum Zug als das ZDF (4.2.\/6.2.\/7.2.\/9.2.\/10.2.\/12.2.\/15.2.\/18.2.\/19.2.). Sendungsproduktion und Moderation der beiden Sendern werden aufgrund von Pandemie und chinesischer Strukturen nicht im Austragungsort stattfinden, sondern im gemeinsamen NBC (National Broadcast Center) auf dem Mainzer Lerchenberg. Neben den Anchor-Moderator:innen Wellmer\/Scharf bzw. M\u00fcller-Hohenstein\/Cerne sowie den Expert:innen der einzelnen Sportarten werden die meisten Kommentator:innen das Geschehen in Peking aus der Box in Rheinland-Pfalz einordnen. Die Devise lautet &#8222;minimales Team in China&#8220;.<br>Dort teilen sich ARD und ZDF lediglich ein kleines Interview-Studio, in dem Michael Antwerpes bzw. Sven Voss die Zuschauenden und G\u00e4ste begr\u00fc\u00dfen.<br>Bei den beliebtesten Sportarten werden zudem Moderator:innen\/Interviewer:innen an den Wettkampfst\u00e4tten im Einsatz sein. Beim ZDF sind diese schon nach Sportart zugeteilt, bei der ARD habe ich diese am Ende der Kommentar-Ansetzungen aufgelistet.<\/p>\n\n\n\n<p>Die Wettkampftage finden in der Regel von 02\/03 Uhr bis 16 Uhr deutscher Zeit statt, die in den \u00d6ffentlich-Rechtlichen eine gesamte Sendestrecke bis 17 Uhr f\u00fcllen sollen. Abends erhalten tagesthemen\/heute Journal einen zus\u00e4tzlichen Olympia-Block. Bei parallel stattfindenden Medaillen-Entscheidungen bei Wettk\u00e4mpfen setzt man auf Konferenzschalten.<\/p>\n\n\n\n<p>Diese wird es auch bei Eurosport geben und dort den Namen &#8222;Medal Zone&#8220; tragen. Sie l\u00e4uft t\u00e4glich von 08.45 Uhr bis 16.30 Uhr und beinhaltet auch regelm\u00e4\u00dfige News-Updates aus dem Studio. Eben jenes Studio wird ebenfalls in Deutschland sein und sich wie der Gro\u00dfteil der \u00dcbertragungsabwicklung in Unterf\u00f6hring befinden. Das VR-\/AR-Studio soll auch f\u00fcr Schalten zu den Athlet:innen genutzt werden. Neben den drei Moderator:innen Nadvornik, Sequenz und N\u00f6ssing stehen dort 22(!!) Expert:innen aus verschiedenen Sportarten f\u00fcr Analysen bereit (siehe unten).<br>In China selbst befindet sich nur eine kleine lokale Produktionscrew f\u00fcr die Discovery-Tochter, was aber kein Problem darstellen soll, denn: &#8222;N\u00e4he ist keine Frage der Entfernung&#8220;, wie der Sender in einer Presseinfo schreibt.<br>Abgerundet werden die Sendetage mit der Live-Show von Turn-Olympiasieger Fabian Hamb\u00fcchen und Thomas Wagner t\u00e4glich um 17 Uhr. Bei &#8222;Hamb\u00fcchen &amp; Friends&#8220; wird analysiert und mit G\u00e4sten und Olympia-Protagonisten gesprochen. Direkt im Anschluss werden immer die viertelst\u00fcndigen Olympia-News folgen.<\/p>\n\n\n\n<p>Ab 09. Februar kommt jeweils um 20.15 Uhr eine weitere Live-Show auf dem 24-Stunden-Olympia-Sender Eurosport 1 dazu: die &#8222;Olympic Hockey Night&#8220; mit dem Silber-Gewinner von 2018 Christian Ehrhoff und Moderator Simon S\u00fcdel.<\/p>\n\n\n\n<hr class=\"wp-block-separator\"\/>\n\n\n\n<p>Nachfolgend die Olympia-Teams der drei \u00fcbertragenden Sender. Zur besseren \u00dcbersicht habe ich die Ansetzungen f\u00fcr Peking nach Disziplinen sortiert aufgelistet. Wenn ihr diese lange Liste \u00fcberspringen wollt, kommt ihr <a href=\"#ansetzungen\" data-type=\"internal\" data-id=\"#ansetzungen\">hier zu den regul\u00e4ren Ansetzungen<\/a> und <a href=\"#analyse\" data-type=\"internal\" data-id=\"#analyse\">hier zur Analyse<\/a>.<\/p>\n\n\n\n<p><strong><em>Moderation<\/em><\/strong><\/p>\n\n\n\n<ul class=\"wp-block-list\"><li><em>ARD<\/em>: Jessy Wellmer \/ Julia Scharf<br>Presenter Peking: <s>Michael Antwerpes<\/s> Markus Othmer<\/li><\/ul>\n\n\n\n<ul class=\"wp-block-list\"><li><em>ZDF<\/em>: Katrin M\u00fcller-Hohenstein \/ Rudi Cerne<br>Studio Peking: Sven Voss<\/li><\/ul>\n\n\n\n<ul class=\"wp-block-list\"><li><em>Eurosport<\/em>: Wolfgang Nadvornik, Oliver Sequenz, Birgit N\u00f6ssing<br>&#8222;Hamb\u00fcchen &amp; Friends &#8211; Die Olympia Show&#8220;: Fabian Hamb\u00fcchen, Thomas Wagner<br>&#8222;Olympic Hockey Night&#8220;: Christian Ehrhoff, Simon S\u00fcdel<\/li><\/ul>\n\n\n\n<p><strong><em>Biathlon<\/em><\/strong><\/p>\n\n\n\n<p> <img loading=\"lazy\" decoding=\"async\" width=\"10\" height=\"21\" class=\"wp-image-3656\" style=\"width: 10px;\" src=\"http:\/\/kommentatorenblog.de\/wp-content\/uploads\/2020\/09\/shure-55sh-ii-e1601485394796.jpg\" alt=\"\" srcset=\"http:\/\/kommentatorenblog.de\/wp-content\/uploads\/2020\/09\/shure-55sh-ii-e1601485394796.jpg 415w, http:\/\/kommentatorenblog.de\/wp-content\/uploads\/2020\/09\/shure-55sh-ii-e1601485394796-142x300.jpg 142w\" sizes=\"auto, (max-width: 10px) 100vw, 10px\" \/> ARD: Christian Dexne \/ Wilfried Hark<br>Experte: Arnd Peiffer<\/p>\n\n\n\n<p> <img loading=\"lazy\" decoding=\"async\" width=\"10\" height=\"21\" class=\"wp-image-3656\" style=\"width: 10px;\" src=\"http:\/\/kommentatorenblog.de\/wp-content\/uploads\/2020\/09\/shure-55sh-ii-e1601485394796.jpg\" alt=\"\" srcset=\"http:\/\/kommentatorenblog.de\/wp-content\/uploads\/2020\/09\/shure-55sh-ii-e1601485394796.jpg 415w, http:\/\/kommentatorenblog.de\/wp-content\/uploads\/2020\/09\/shure-55sh-ii-e1601485394796-142x300.jpg 142w\" sizes=\"auto, (max-width: 10px) 100vw, 10px\" \/> ZDF: Christoph Hamm und Herbert Fritzenwenger<br>Moderation: Alexander Ruda, Expert:in: Laura Dahlmeier, Sven Fischer<\/p>\n\n\n\n<p> <img loading=\"lazy\" decoding=\"async\" width=\"10\" height=\"21\" class=\"wp-image-3656\" style=\"width: 10px;\" src=\"http:\/\/kommentatorenblog.de\/wp-content\/uploads\/2020\/09\/shure-55sh-ii-e1601485394796.jpg\" alt=\"\" srcset=\"http:\/\/kommentatorenblog.de\/wp-content\/uploads\/2020\/09\/shure-55sh-ii-e1601485394796.jpg 415w, http:\/\/kommentatorenblog.de\/wp-content\/uploads\/2020\/09\/shure-55sh-ii-e1601485394796-142x300.jpg 142w\" sizes=\"auto, (max-width: 10px) 100vw, 10px\" \/> Eurosport: Sigi Heinrich<br>Experte: Michael R\u00f6sch<\/p>\n\n\n\n<p><strong><em>Skispringen<\/em><\/strong><\/p>\n\n\n\n<p> <img loading=\"lazy\" decoding=\"async\" width=\"10\" height=\"21\" class=\"wp-image-3656\" style=\"width: 10px;\" src=\"http:\/\/kommentatorenblog.de\/wp-content\/uploads\/2020\/09\/shure-55sh-ii-e1601485394796.jpg\" alt=\"\" srcset=\"http:\/\/kommentatorenblog.de\/wp-content\/uploads\/2020\/09\/shure-55sh-ii-e1601485394796.jpg 415w, http:\/\/kommentatorenblog.de\/wp-content\/uploads\/2020\/09\/shure-55sh-ii-e1601485394796-142x300.jpg 142w\" sizes=\"auto, (max-width: 10px) 100vw, 10px\" \/> ARD: Tom Bartels<br>Experte: Sven Hannawald<\/p>\n\n\n\n<p> <img loading=\"lazy\" decoding=\"async\" width=\"10\" height=\"21\" class=\"wp-image-3656\" style=\"width: 10px;\" src=\"http:\/\/kommentatorenblog.de\/wp-content\/uploads\/2020\/09\/shure-55sh-ii-e1601485394796.jpg\" alt=\"\" srcset=\"http:\/\/kommentatorenblog.de\/wp-content\/uploads\/2020\/09\/shure-55sh-ii-e1601485394796.jpg 415w, http:\/\/kommentatorenblog.de\/wp-content\/uploads\/2020\/09\/shure-55sh-ii-e1601485394796-142x300.jpg 142w\" sizes=\"auto, (max-width: 10px) 100vw, 10px\" \/> ZDF: Stefan Bier (M\u00e4nner) \/ Eike Papsdorf (Frauen)<br>Moderation: Norbert K\u00f6nig, Experte: Toni Innauer<\/p>\n\n\n\n<p> <img loading=\"lazy\" decoding=\"async\" width=\"10\" height=\"21\" class=\"wp-image-3656\" style=\"width: 10px;\" src=\"http:\/\/kommentatorenblog.de\/wp-content\/uploads\/2020\/09\/shure-55sh-ii-e1601485394796.jpg\" alt=\"\" srcset=\"http:\/\/kommentatorenblog.de\/wp-content\/uploads\/2020\/09\/shure-55sh-ii-e1601485394796.jpg 415w, http:\/\/kommentatorenblog.de\/wp-content\/uploads\/2020\/09\/shure-55sh-ii-e1601485394796-142x300.jpg 142w\" sizes=\"auto, (max-width: 10px) 100vw, 10px\" \/> Eurosport: Gerhard Leinauer<br>Experten: Martin Schmitt, Werner Schuster<\/p>\n\n\n\n<p><strong><em>Ski alpin<\/em><\/strong><\/p>\n\n\n\n<p> <img loading=\"lazy\" decoding=\"async\" width=\"10\" height=\"21\" class=\"wp-image-3656\" style=\"width: 10px;\" src=\"http:\/\/kommentatorenblog.de\/wp-content\/uploads\/2020\/09\/shure-55sh-ii-e1601485394796.jpg\" alt=\"\" srcset=\"http:\/\/kommentatorenblog.de\/wp-content\/uploads\/2020\/09\/shure-55sh-ii-e1601485394796.jpg 415w, http:\/\/kommentatorenblog.de\/wp-content\/uploads\/2020\/09\/shure-55sh-ii-e1601485394796-142x300.jpg 142w\" sizes=\"auto, (max-width: 10px) 100vw, 10px\" \/> ARD: Bernd Schmelzer<br>Experte: Felix Neureuther<\/p>\n\n\n\n<p> <img loading=\"lazy\" decoding=\"async\" width=\"10\" height=\"21\" class=\"wp-image-3656\" style=\"width: 10px;\" src=\"http:\/\/kommentatorenblog.de\/wp-content\/uploads\/2020\/09\/shure-55sh-ii-e1601485394796.jpg\" alt=\"\" srcset=\"http:\/\/kommentatorenblog.de\/wp-content\/uploads\/2020\/09\/shure-55sh-ii-e1601485394796.jpg 415w, http:\/\/kommentatorenblog.de\/wp-content\/uploads\/2020\/09\/shure-55sh-ii-e1601485394796-142x300.jpg 142w\" sizes=\"auto, (max-width: 10px) 100vw, 10px\" \/> ZDF: Michael Pfeffer (M\u00e4nner) \/ Aris Donzelli (Frauen)<br>Moderation: Lena Kesting, Experte: Marco B\u00fcchel<\/p>\n\n\n\n<p> <img loading=\"lazy\" decoding=\"async\" width=\"10\" height=\"21\" class=\"wp-image-3656\" style=\"width: 10px;\" src=\"http:\/\/kommentatorenblog.de\/wp-content\/uploads\/2020\/09\/shure-55sh-ii-e1601485394796.jpg\" alt=\"\" srcset=\"http:\/\/kommentatorenblog.de\/wp-content\/uploads\/2020\/09\/shure-55sh-ii-e1601485394796.jpg 415w, http:\/\/kommentatorenblog.de\/wp-content\/uploads\/2020\/09\/shure-55sh-ii-e1601485394796-142x300.jpg 142w\" sizes=\"auto, (max-width: 10px) 100vw, 10px\" \/> Eurosport: Martina Lechner, Guido Heuber<br>Expert:inen: Viktoria Rebensburg, Fritz Dopfer, Frank W\u00f6rndl<\/p>\n\n\n\n<p><strong><em>Langlauf<\/em><\/strong><\/p>\n\n\n\n<p> <img loading=\"lazy\" decoding=\"async\" width=\"10\" height=\"21\" class=\"wp-image-3656\" style=\"width: 10px;\" src=\"http:\/\/kommentatorenblog.de\/wp-content\/uploads\/2020\/09\/shure-55sh-ii-e1601485394796.jpg\" alt=\"\" srcset=\"http:\/\/kommentatorenblog.de\/wp-content\/uploads\/2020\/09\/shure-55sh-ii-e1601485394796.jpg 415w, http:\/\/kommentatorenblog.de\/wp-content\/uploads\/2020\/09\/shure-55sh-ii-e1601485394796-142x300.jpg 142w\" sizes=\"auto, (max-width: 10px) 100vw, 10px\" \/> ARD: Jens-J\u00f6rg Rieck<\/p>\n\n\n\n<p> <img loading=\"lazy\" decoding=\"async\" width=\"10\" height=\"21\" class=\"wp-image-3656\" style=\"width: 10px;\" src=\"http:\/\/kommentatorenblog.de\/wp-content\/uploads\/2020\/09\/shure-55sh-ii-e1601485394796.jpg\" alt=\"\" srcset=\"http:\/\/kommentatorenblog.de\/wp-content\/uploads\/2020\/09\/shure-55sh-ii-e1601485394796.jpg 415w, http:\/\/kommentatorenblog.de\/wp-content\/uploads\/2020\/09\/shure-55sh-ii-e1601485394796-142x300.jpg 142w\" sizes=\"auto, (max-width: 10px) 100vw, 10px\" \/> ZDF: Peter Leissl<\/p>\n\n\n\n<p> <img loading=\"lazy\" decoding=\"async\" width=\"10\" height=\"21\" class=\"wp-image-3656\" style=\"width: 10px;\" src=\"http:\/\/kommentatorenblog.de\/wp-content\/uploads\/2020\/09\/shure-55sh-ii-e1601485394796.jpg\" alt=\"\" srcset=\"http:\/\/kommentatorenblog.de\/wp-content\/uploads\/2020\/09\/shure-55sh-ii-e1601485394796.jpg 415w, http:\/\/kommentatorenblog.de\/wp-content\/uploads\/2020\/09\/shure-55sh-ii-e1601485394796-142x300.jpg 142w\" sizes=\"auto, (max-width: 10px) 100vw, 10px\" \/> Eurosport: Marc Rohde<br>Experte: Jochen Behle<\/p>\n\n\n\n<p><strong><em>Nordische Kombination<\/em><\/strong><\/p>\n\n\n\n<p> <img loading=\"lazy\" decoding=\"async\" width=\"10\" height=\"21\" class=\"wp-image-3656\" style=\"width: 10px;\" src=\"http:\/\/kommentatorenblog.de\/wp-content\/uploads\/2020\/09\/shure-55sh-ii-e1601485394796.jpg\" alt=\"\" srcset=\"http:\/\/kommentatorenblog.de\/wp-content\/uploads\/2020\/09\/shure-55sh-ii-e1601485394796.jpg 415w, http:\/\/kommentatorenblog.de\/wp-content\/uploads\/2020\/09\/shure-55sh-ii-e1601485394796-142x300.jpg 142w\" sizes=\"auto, (max-width: 10px) 100vw, 10px\" \/> ARD: Torsten P\u00fcschel<\/p>\n\n\n\n<p> <img loading=\"lazy\" decoding=\"async\" width=\"10\" height=\"21\" class=\"wp-image-3656\" style=\"width: 10px;\" src=\"http:\/\/kommentatorenblog.de\/wp-content\/uploads\/2020\/09\/shure-55sh-ii-e1601485394796.jpg\" alt=\"\" srcset=\"http:\/\/kommentatorenblog.de\/wp-content\/uploads\/2020\/09\/shure-55sh-ii-e1601485394796.jpg 415w, http:\/\/kommentatorenblog.de\/wp-content\/uploads\/2020\/09\/shure-55sh-ii-e1601485394796-142x300.jpg 142w\" sizes=\"auto, (max-width: 10px) 100vw, 10px\" \/> ZDF: Volker Grube<\/p>\n\n\n\n<p> <img loading=\"lazy\" decoding=\"async\" width=\"10\" height=\"21\" class=\"wp-image-3656\" style=\"width: 10px;\" src=\"http:\/\/kommentatorenblog.de\/wp-content\/uploads\/2020\/09\/shure-55sh-ii-e1601485394796.jpg\" alt=\"\" srcset=\"http:\/\/kommentatorenblog.de\/wp-content\/uploads\/2020\/09\/shure-55sh-ii-e1601485394796.jpg 415w, http:\/\/kommentatorenblog.de\/wp-content\/uploads\/2020\/09\/shure-55sh-ii-e1601485394796-142x300.jpg 142w\" sizes=\"auto, (max-width: 10px) 100vw, 10px\" \/> Eurosport: Roman Knoblauch<br>Experten: Tino Edelmann, Hans-Peter Pohl<\/p>\n\n\n\n<p><strong><em>Freestyle-Skiing<\/em><\/strong><\/p>\n\n\n\n<p> <img loading=\"lazy\" decoding=\"async\" width=\"10\" height=\"21\" class=\"wp-image-3656\" style=\"width: 10px;\" src=\"http:\/\/kommentatorenblog.de\/wp-content\/uploads\/2020\/09\/shure-55sh-ii-e1601485394796.jpg\" alt=\"\" srcset=\"http:\/\/kommentatorenblog.de\/wp-content\/uploads\/2020\/09\/shure-55sh-ii-e1601485394796.jpg 415w, http:\/\/kommentatorenblog.de\/wp-content\/uploads\/2020\/09\/shure-55sh-ii-e1601485394796-142x300.jpg 142w\" sizes=\"auto, (max-width: 10px) 100vw, 10px\" \/> ARD: Tobias Barnerssoi (Skicross), Jan Wiecken (Big Air, Halfpipe), Thorsten Iffland (Moguls)<\/p>\n\n\n\n<p> <img loading=\"lazy\" decoding=\"async\" width=\"10\" height=\"21\" class=\"wp-image-3656\" style=\"width: 10px;\" src=\"http:\/\/kommentatorenblog.de\/wp-content\/uploads\/2020\/09\/shure-55sh-ii-e1601485394796.jpg\" alt=\"\" srcset=\"http:\/\/kommentatorenblog.de\/wp-content\/uploads\/2020\/09\/shure-55sh-ii-e1601485394796.jpg 415w, http:\/\/kommentatorenblog.de\/wp-content\/uploads\/2020\/09\/shure-55sh-ii-e1601485394796-142x300.jpg 142w\" sizes=\"auto, (max-width: 10px) 100vw, 10px\" \/> ZDF: Marc Windgassen \/ Andreas K\u00fcrten<br>Experte: Benedikt Mayr<\/p>\n\n\n\n<p> <img loading=\"lazy\" decoding=\"async\" width=\"10\" height=\"21\" class=\"wp-image-3656\" style=\"width: 10px;\" src=\"http:\/\/kommentatorenblog.de\/wp-content\/uploads\/2020\/09\/shure-55sh-ii-e1601485394796.jpg\" alt=\"\" srcset=\"http:\/\/kommentatorenblog.de\/wp-content\/uploads\/2020\/09\/shure-55sh-ii-e1601485394796.jpg 415w, http:\/\/kommentatorenblog.de\/wp-content\/uploads\/2020\/09\/shure-55sh-ii-e1601485394796-142x300.jpg 142w\" sizes=\"auto, (max-width: 10px) 100vw, 10px\" \/> Eurosport: Nico Zacek<br> Experten: Tobias Reindl, Florian Eigler (Skicross)<\/p>\n\n\n\n<p><strong><em>Snowboard<\/em><\/strong><\/p>\n\n\n\n<p> <img loading=\"lazy\" decoding=\"async\" width=\"10\" height=\"21\" class=\"wp-image-3656\" style=\"width: 10px;\" src=\"http:\/\/kommentatorenblog.de\/wp-content\/uploads\/2020\/09\/shure-55sh-ii-e1601485394796.jpg\" alt=\"\" srcset=\"http:\/\/kommentatorenblog.de\/wp-content\/uploads\/2020\/09\/shure-55sh-ii-e1601485394796.jpg 415w, http:\/\/kommentatorenblog.de\/wp-content\/uploads\/2020\/09\/shure-55sh-ii-e1601485394796-142x300.jpg 142w\" sizes=\"auto, (max-width: 10px) 100vw, 10px\" \/> ARD: Jan Wiecken \/ Thorsten Iffland (Snowboardcross)<\/p>\n\n\n\n<p> <img loading=\"lazy\" decoding=\"async\" width=\"10\" height=\"21\" class=\"wp-image-3656\" style=\"width: 10px;\" src=\"http:\/\/kommentatorenblog.de\/wp-content\/uploads\/2020\/09\/shure-55sh-ii-e1601485394796.jpg\" alt=\"\" srcset=\"http:\/\/kommentatorenblog.de\/wp-content\/uploads\/2020\/09\/shure-55sh-ii-e1601485394796.jpg 415w, http:\/\/kommentatorenblog.de\/wp-content\/uploads\/2020\/09\/shure-55sh-ii-e1601485394796-142x300.jpg 142w\" sizes=\"auto, (max-width: 10px) 100vw, 10px\" \/> ZDF: Julius Hilfenhaus \/ Marc Windgassen<\/p>\n\n\n\n<p> <img loading=\"lazy\" decoding=\"async\" width=\"10\" height=\"21\" class=\"wp-image-3656\" style=\"width: 10px;\" src=\"http:\/\/kommentatorenblog.de\/wp-content\/uploads\/2020\/09\/shure-55sh-ii-e1601485394796.jpg\" alt=\"\" srcset=\"http:\/\/kommentatorenblog.de\/wp-content\/uploads\/2020\/09\/shure-55sh-ii-e1601485394796.jpg 415w, http:\/\/kommentatorenblog.de\/wp-content\/uploads\/2020\/09\/shure-55sh-ii-e1601485394796-142x300.jpg 142w\" sizes=\"auto, (max-width: 10px) 100vw, 10px\" \/> Eurosport: Alexander Schwan, Maxi Stark<br>Expertin: Silvia Mitterm\u00fcller<\/p>\n\n\n\n<p><strong><em>Rodeln<\/em><\/strong><\/p>\n\n\n\n<p> <img loading=\"lazy\" decoding=\"async\" width=\"10\" height=\"21\" class=\"wp-image-3656\" style=\"width: 10px;\" src=\"http:\/\/kommentatorenblog.de\/wp-content\/uploads\/2020\/09\/shure-55sh-ii-e1601485394796.jpg\" alt=\"\" srcset=\"http:\/\/kommentatorenblog.de\/wp-content\/uploads\/2020\/09\/shure-55sh-ii-e1601485394796.jpg 415w, http:\/\/kommentatorenblog.de\/wp-content\/uploads\/2020\/09\/shure-55sh-ii-e1601485394796-142x300.jpg 142w\" sizes=\"auto, (max-width: 10px) 100vw, 10px\" \/> ARD: Peter Grube<\/p>\n\n\n\n<p> <img loading=\"lazy\" decoding=\"async\" width=\"10\" height=\"21\" class=\"wp-image-3656\" style=\"width: 10px;\" src=\"http:\/\/kommentatorenblog.de\/wp-content\/uploads\/2020\/09\/shure-55sh-ii-e1601485394796.jpg\" alt=\"\" srcset=\"http:\/\/kommentatorenblog.de\/wp-content\/uploads\/2020\/09\/shure-55sh-ii-e1601485394796.jpg 415w, http:\/\/kommentatorenblog.de\/wp-content\/uploads\/2020\/09\/shure-55sh-ii-e1601485394796-142x300.jpg 142w\" sizes=\"auto, (max-width: 10px) 100vw, 10px\" \/> ZDF: Norbert Galeske<\/p>\n\n\n\n<p> <img loading=\"lazy\" decoding=\"async\" width=\"10\" height=\"21\" class=\"wp-image-3656\" style=\"width: 10px;\" src=\"http:\/\/kommentatorenblog.de\/wp-content\/uploads\/2020\/09\/shure-55sh-ii-e1601485394796.jpg\" alt=\"\" srcset=\"http:\/\/kommentatorenblog.de\/wp-content\/uploads\/2020\/09\/shure-55sh-ii-e1601485394796.jpg 415w, http:\/\/kommentatorenblog.de\/wp-content\/uploads\/2020\/09\/shure-55sh-ii-e1601485394796-142x300.jpg 142w\" sizes=\"auto, (max-width: 10px) 100vw, 10px\" \/> Eurosport: Ron Ringguth<br>Experte: Julian von Schleinitz, Dajana Eitberger<\/p>\n\n\n\n<p><strong><em>Bob<\/em><\/strong><\/p>\n\n\n\n<p> <img loading=\"lazy\" decoding=\"async\" width=\"10\" height=\"21\" class=\"wp-image-3656\" style=\"width: 10px;\" src=\"http:\/\/kommentatorenblog.de\/wp-content\/uploads\/2020\/09\/shure-55sh-ii-e1601485394796.jpg\" alt=\"\" srcset=\"http:\/\/kommentatorenblog.de\/wp-content\/uploads\/2020\/09\/shure-55sh-ii-e1601485394796.jpg 415w, http:\/\/kommentatorenblog.de\/wp-content\/uploads\/2020\/09\/shure-55sh-ii-e1601485394796-142x300.jpg 142w\" sizes=\"auto, (max-width: 10px) 100vw, 10px\" \/> ARD: Eik Galley<\/p>\n\n\n\n<p> <img loading=\"lazy\" decoding=\"async\" width=\"10\" height=\"21\" class=\"wp-image-3656\" style=\"width: 10px;\" src=\"http:\/\/kommentatorenblog.de\/wp-content\/uploads\/2020\/09\/shure-55sh-ii-e1601485394796.jpg\" alt=\"\" srcset=\"http:\/\/kommentatorenblog.de\/wp-content\/uploads\/2020\/09\/shure-55sh-ii-e1601485394796.jpg 415w, http:\/\/kommentatorenblog.de\/wp-content\/uploads\/2020\/09\/shure-55sh-ii-e1601485394796-142x300.jpg 142w\" sizes=\"auto, (max-width: 10px) 100vw, 10px\" \/> ZDF: Michael Kreutz (M\u00e4nner), Martin Wolff (Frauen)<\/p>\n\n\n\n<p> <img loading=\"lazy\" decoding=\"async\" width=\"10\" height=\"21\" class=\"wp-image-3656\" style=\"width: 10px;\" src=\"http:\/\/kommentatorenblog.de\/wp-content\/uploads\/2020\/09\/shure-55sh-ii-e1601485394796.jpg\" alt=\"\" srcset=\"http:\/\/kommentatorenblog.de\/wp-content\/uploads\/2020\/09\/shure-55sh-ii-e1601485394796.jpg 415w, http:\/\/kommentatorenblog.de\/wp-content\/uploads\/2020\/09\/shure-55sh-ii-e1601485394796-142x300.jpg 142w\" sizes=\"auto, (max-width: 10px) 100vw, 10px\" \/> Eurosport: Ron Ringguth<br>Experte: Kevin Kuske<\/p>\n\n\n\n<p><strong><em>Skeleton<\/em><\/strong><\/p>\n\n\n\n<p> <img loading=\"lazy\" decoding=\"async\" width=\"10\" height=\"21\" class=\"wp-image-3656\" style=\"width: 10px;\" src=\"http:\/\/kommentatorenblog.de\/wp-content\/uploads\/2020\/09\/shure-55sh-ii-e1601485394796.jpg\" alt=\"\" srcset=\"http:\/\/kommentatorenblog.de\/wp-content\/uploads\/2020\/09\/shure-55sh-ii-e1601485394796.jpg 415w, http:\/\/kommentatorenblog.de\/wp-content\/uploads\/2020\/09\/shure-55sh-ii-e1601485394796-142x300.jpg 142w\" sizes=\"auto, (max-width: 10px) 100vw, 10px\" \/> ARD: Eik Galley<\/p>\n\n\n\n<p> <img loading=\"lazy\" decoding=\"async\" width=\"10\" height=\"21\" class=\"wp-image-3656\" style=\"width: 10px;\" src=\"http:\/\/kommentatorenblog.de\/wp-content\/uploads\/2020\/09\/shure-55sh-ii-e1601485394796.jpg\" alt=\"\" srcset=\"http:\/\/kommentatorenblog.de\/wp-content\/uploads\/2020\/09\/shure-55sh-ii-e1601485394796.jpg 415w, http:\/\/kommentatorenblog.de\/wp-content\/uploads\/2020\/09\/shure-55sh-ii-e1601485394796-142x300.jpg 142w\" sizes=\"auto, (max-width: 10px) 100vw, 10px\" \/> ZDF: Martin Wolff<\/p>\n\n\n\n<p> <img loading=\"lazy\" decoding=\"async\" width=\"10\" height=\"21\" class=\"wp-image-3656\" style=\"width: 10px;\" src=\"http:\/\/kommentatorenblog.de\/wp-content\/uploads\/2020\/09\/shure-55sh-ii-e1601485394796.jpg\" alt=\"\" srcset=\"http:\/\/kommentatorenblog.de\/wp-content\/uploads\/2020\/09\/shure-55sh-ii-e1601485394796.jpg 415w, http:\/\/kommentatorenblog.de\/wp-content\/uploads\/2020\/09\/shure-55sh-ii-e1601485394796-142x300.jpg 142w\" sizes=\"auto, (max-width: 10px) 100vw, 10px\" \/> Eurosport: Ron Ringguth<\/p>\n\n\n\n<p><strong><em>Eiskunstlauf<\/em><\/strong><\/p>\n\n\n\n<p> <img loading=\"lazy\" decoding=\"async\" width=\"10\" height=\"21\" class=\"wp-image-3656\" style=\"width: 10px;\" src=\"http:\/\/kommentatorenblog.de\/wp-content\/uploads\/2020\/09\/shure-55sh-ii-e1601485394796.jpg\" alt=\"\" srcset=\"http:\/\/kommentatorenblog.de\/wp-content\/uploads\/2020\/09\/shure-55sh-ii-e1601485394796.jpg 415w, http:\/\/kommentatorenblog.de\/wp-content\/uploads\/2020\/09\/shure-55sh-ii-e1601485394796-142x300.jpg 142w\" sizes=\"auto, (max-width: 10px) 100vw, 10px\" \/> ARD: Daniel Weiss<br>Expertin: Katarina Witt (G\u00e4stin bei Entscheidungen)<\/p>\n\n\n\n<p> <img loading=\"lazy\" decoding=\"async\" width=\"10\" height=\"21\" class=\"wp-image-3656\" style=\"width: 10px;\" src=\"http:\/\/kommentatorenblog.de\/wp-content\/uploads\/2020\/09\/shure-55sh-ii-e1601485394796.jpg\" alt=\"\" srcset=\"http:\/\/kommentatorenblog.de\/wp-content\/uploads\/2020\/09\/shure-55sh-ii-e1601485394796.jpg 415w, http:\/\/kommentatorenblog.de\/wp-content\/uploads\/2020\/09\/shure-55sh-ii-e1601485394796-142x300.jpg 142w\" sizes=\"auto, (max-width: 10px) 100vw, 10px\" \/> ZDF: Petra Bindl<\/p>\n\n\n\n<p> <img loading=\"lazy\" decoding=\"async\" width=\"10\" height=\"21\" class=\"wp-image-3656\" style=\"width: 10px;\" src=\"http:\/\/kommentatorenblog.de\/wp-content\/uploads\/2020\/09\/shure-55sh-ii-e1601485394796.jpg\" alt=\"\" srcset=\"http:\/\/kommentatorenblog.de\/wp-content\/uploads\/2020\/09\/shure-55sh-ii-e1601485394796.jpg 415w, http:\/\/kommentatorenblog.de\/wp-content\/uploads\/2020\/09\/shure-55sh-ii-e1601485394796-142x300.jpg 142w\" sizes=\"auto, (max-width: 10px) 100vw, 10px\" \/> Eurosport: Sigi Heinrich<br>Expertin: Aljona Savchenko<\/p>\n\n\n\n<p><strong><em>Eisschnelllauf<\/em><\/strong><\/p>\n\n\n\n<p> <img loading=\"lazy\" decoding=\"async\" width=\"10\" height=\"21\" class=\"wp-image-3656\" style=\"width: 10px;\" src=\"http:\/\/kommentatorenblog.de\/wp-content\/uploads\/2020\/09\/shure-55sh-ii-e1601485394796.jpg\" alt=\"\" srcset=\"http:\/\/kommentatorenblog.de\/wp-content\/uploads\/2020\/09\/shure-55sh-ii-e1601485394796.jpg 415w, http:\/\/kommentatorenblog.de\/wp-content\/uploads\/2020\/09\/shure-55sh-ii-e1601485394796-142x300.jpg 142w\" sizes=\"auto, (max-width: 10px) 100vw, 10px\" \/> ARD: Ralf Scholt<\/p>\n\n\n\n<p> <img loading=\"lazy\" decoding=\"async\" width=\"10\" height=\"21\" class=\"wp-image-3656\" style=\"width: 10px;\" src=\"http:\/\/kommentatorenblog.de\/wp-content\/uploads\/2020\/09\/shure-55sh-ii-e1601485394796.jpg\" alt=\"\" srcset=\"http:\/\/kommentatorenblog.de\/wp-content\/uploads\/2020\/09\/shure-55sh-ii-e1601485394796.jpg 415w, http:\/\/kommentatorenblog.de\/wp-content\/uploads\/2020\/09\/shure-55sh-ii-e1601485394796-142x300.jpg 142w\" sizes=\"auto, (max-width: 10px) 100vw, 10px\" \/> ZDF: Hermann Valkyser<\/p>\n\n\n\n<p> <img loading=\"lazy\" decoding=\"async\" width=\"10\" height=\"21\" class=\"wp-image-3656\" style=\"width: 10px;\" src=\"http:\/\/kommentatorenblog.de\/wp-content\/uploads\/2020\/09\/shure-55sh-ii-e1601485394796.jpg\" alt=\"\" srcset=\"http:\/\/kommentatorenblog.de\/wp-content\/uploads\/2020\/09\/shure-55sh-ii-e1601485394796.jpg 415w, http:\/\/kommentatorenblog.de\/wp-content\/uploads\/2020\/09\/shure-55sh-ii-e1601485394796-142x300.jpg 142w\" sizes=\"auto, (max-width: 10px) 100vw, 10px\" \/> Eurosport: Matthias Stach<br>Expertin: Anni Friesinger-Postma<\/p>\n\n\n\n<p><strong><em>Shorttrack<\/em><\/strong><\/p>\n\n\n\n<p> <img loading=\"lazy\" decoding=\"async\" width=\"10\" height=\"21\" class=\"wp-image-3656\" style=\"width: 10px;\" src=\"http:\/\/kommentatorenblog.de\/wp-content\/uploads\/2020\/09\/shure-55sh-ii-e1601485394796.jpg\" alt=\"\" srcset=\"http:\/\/kommentatorenblog.de\/wp-content\/uploads\/2020\/09\/shure-55sh-ii-e1601485394796.jpg 415w, http:\/\/kommentatorenblog.de\/wp-content\/uploads\/2020\/09\/shure-55sh-ii-e1601485394796-142x300.jpg 142w\" sizes=\"auto, (max-width: 10px) 100vw, 10px\" \/> ARD: Bodo Boeck<\/p>\n\n\n\n<p> <img loading=\"lazy\" decoding=\"async\" width=\"10\" height=\"21\" class=\"wp-image-3656\" style=\"width: 10px;\" src=\"http:\/\/kommentatorenblog.de\/wp-content\/uploads\/2020\/09\/shure-55sh-ii-e1601485394796.jpg\" alt=\"\" srcset=\"http:\/\/kommentatorenblog.de\/wp-content\/uploads\/2020\/09\/shure-55sh-ii-e1601485394796.jpg 415w, http:\/\/kommentatorenblog.de\/wp-content\/uploads\/2020\/09\/shure-55sh-ii-e1601485394796-142x300.jpg 142w\" sizes=\"auto, (max-width: 10px) 100vw, 10px\" \/> ZDF: Michael Kreutz, Alexander von der Groeben<\/p>\n\n\n\n<p> <img loading=\"lazy\" decoding=\"async\" width=\"10\" height=\"21\" class=\"wp-image-3656\" style=\"width: 10px;\" src=\"http:\/\/kommentatorenblog.de\/wp-content\/uploads\/2020\/09\/shure-55sh-ii-e1601485394796.jpg\" alt=\"\" srcset=\"http:\/\/kommentatorenblog.de\/wp-content\/uploads\/2020\/09\/shure-55sh-ii-e1601485394796.jpg 415w, http:\/\/kommentatorenblog.de\/wp-content\/uploads\/2020\/09\/shure-55sh-ii-e1601485394796-142x300.jpg 142w\" sizes=\"auto, (max-width: 10px) 100vw, 10px\" \/> Eurosport: Matthias Stach<\/p>\n\n\n\n<p><strong><em>Curling<\/em><\/strong><\/p>\n\n\n\n<p> <img loading=\"lazy\" decoding=\"async\" width=\"10\" height=\"21\" class=\"wp-image-3656\" style=\"width: 10px;\" src=\"http:\/\/kommentatorenblog.de\/wp-content\/uploads\/2020\/09\/shure-55sh-ii-e1601485394796.jpg\" alt=\"\" srcset=\"http:\/\/kommentatorenblog.de\/wp-content\/uploads\/2020\/09\/shure-55sh-ii-e1601485394796.jpg 415w, http:\/\/kommentatorenblog.de\/wp-content\/uploads\/2020\/09\/shure-55sh-ii-e1601485394796-142x300.jpg 142w\" sizes=\"auto, (max-width: 10px) 100vw, 10px\" \/> ARD: Thomas Braml<\/p>\n\n\n\n<p> <img loading=\"lazy\" decoding=\"async\" width=\"10\" height=\"21\" class=\"wp-image-3656\" style=\"width: 10px;\" src=\"http:\/\/kommentatorenblog.de\/wp-content\/uploads\/2020\/09\/shure-55sh-ii-e1601485394796.jpg\" alt=\"\" srcset=\"http:\/\/kommentatorenblog.de\/wp-content\/uploads\/2020\/09\/shure-55sh-ii-e1601485394796.jpg 415w, http:\/\/kommentatorenblog.de\/wp-content\/uploads\/2020\/09\/shure-55sh-ii-e1601485394796-142x300.jpg 142w\" sizes=\"auto, (max-width: 10px) 100vw, 10px\" \/> ZDF: Heiko Klasen, Alexander von der Groeben, Martin Wolff<\/p>\n\n\n\n<p> <img loading=\"lazy\" decoding=\"async\" width=\"10\" height=\"21\" class=\"wp-image-3656\" style=\"width: 10px;\" src=\"http:\/\/kommentatorenblog.de\/wp-content\/uploads\/2020\/09\/shure-55sh-ii-e1601485394796.jpg\" alt=\"\" srcset=\"http:\/\/kommentatorenblog.de\/wp-content\/uploads\/2020\/09\/shure-55sh-ii-e1601485394796.jpg 415w, http:\/\/kommentatorenblog.de\/wp-content\/uploads\/2020\/09\/shure-55sh-ii-e1601485394796-142x300.jpg 142w\" sizes=\"auto, (max-width: 10px) 100vw, 10px\" \/> Eurosport: Uli Kapp, Christopher Bartsch<br>Expertin: Stella Hei\u00df<\/p>\n\n\n\n<p><strong><em>Eishockey<\/em><\/strong><\/p>\n\n\n\n<p> <img loading=\"lazy\" decoding=\"async\" width=\"10\" height=\"21\" class=\"wp-image-3656\" style=\"width: 10px;\" src=\"http:\/\/kommentatorenblog.de\/wp-content\/uploads\/2020\/09\/shure-55sh-ii-e1601485394796.jpg\" alt=\"\" srcset=\"http:\/\/kommentatorenblog.de\/wp-content\/uploads\/2020\/09\/shure-55sh-ii-e1601485394796.jpg 415w, http:\/\/kommentatorenblog.de\/wp-content\/uploads\/2020\/09\/shure-55sh-ii-e1601485394796-142x300.jpg 142w\" sizes=\"auto, (max-width: 10px) 100vw, 10px\" \/> ARD: Tom Scheunemann, Bodo Boeck<\/p>\n\n\n\n<p> <img loading=\"lazy\" decoding=\"async\" width=\"10\" height=\"21\" class=\"wp-image-3656\" style=\"width: 10px;\" src=\"http:\/\/kommentatorenblog.de\/wp-content\/uploads\/2020\/09\/shure-55sh-ii-e1601485394796.jpg\" alt=\"\" srcset=\"http:\/\/kommentatorenblog.de\/wp-content\/uploads\/2020\/09\/shure-55sh-ii-e1601485394796.jpg 415w, http:\/\/kommentatorenblog.de\/wp-content\/uploads\/2020\/09\/shure-55sh-ii-e1601485394796-142x300.jpg 142w\" sizes=\"auto, (max-width: 10px) 100vw, 10px\" \/> ZDF: Norbert Galeske, Konstantin Klostermann, Marc Windgassen, Adrian von der Groeben<\/p>\n\n\n\n<p> <img loading=\"lazy\" decoding=\"async\" width=\"10\" height=\"21\" class=\"wp-image-3656\" style=\"width: 10px;\" src=\"http:\/\/kommentatorenblog.de\/wp-content\/uploads\/2020\/09\/shure-55sh-ii-e1601485394796.jpg\" alt=\"\" srcset=\"http:\/\/kommentatorenblog.de\/wp-content\/uploads\/2020\/09\/shure-55sh-ii-e1601485394796.jpg 415w, http:\/\/kommentatorenblog.de\/wp-content\/uploads\/2020\/09\/shure-55sh-ii-e1601485394796-142x300.jpg 142w\" sizes=\"auto, (max-width: 10px) 100vw, 10px\" \/> Eurosport: Christoph Fetzer, Christoph Stadtler, Mirko Heintz, Gerhard Leinauer<br>Expert:inen: Julia Zorn, Patrick Ehelechner, Christian Ehrhoff, Andreas Renz<\/p>\n\n\n\n<p><strong><em>Zeremonien<\/em><\/strong><\/p>\n\n\n\n<p><span style=\"text-decoration: underline;\">Er\u00f6ffnungsfeier (Freitag, 04. Februar 2022, 13.00 Uhr)<\/span> <\/p>\n\n\n\n<p> <img loading=\"lazy\" decoding=\"async\" width=\"10\" height=\"21\" class=\"wp-image-3656\" style=\"width: 10px;\" src=\"http:\/\/kommentatorenblog.de\/wp-content\/uploads\/2020\/09\/shure-55sh-ii-e1601485394796.jpg\" alt=\"\" srcset=\"http:\/\/kommentatorenblog.de\/wp-content\/uploads\/2020\/09\/shure-55sh-ii-e1601485394796.jpg 415w, http:\/\/kommentatorenblog.de\/wp-content\/uploads\/2020\/09\/shure-55sh-ii-e1601485394796-142x300.jpg 142w\" sizes=\"auto, (max-width: 10px) 100vw, 10px\" \/> ZDF, ab 12.10 Uhr aus dem Nationalstadion: Nils Kaben<\/p>\n\n\n\n<p> <img loading=\"lazy\" decoding=\"async\" width=\"10\" height=\"21\" class=\"wp-image-3656\" style=\"width: 10px;\" src=\"http:\/\/kommentatorenblog.de\/wp-content\/uploads\/2020\/09\/shure-55sh-ii-e1601485394796.jpg\" alt=\"\" srcset=\"http:\/\/kommentatorenblog.de\/wp-content\/uploads\/2020\/09\/shure-55sh-ii-e1601485394796.jpg 415w, http:\/\/kommentatorenblog.de\/wp-content\/uploads\/2020\/09\/shure-55sh-ii-e1601485394796-142x300.jpg 142w\" sizes=\"auto, (max-width: 10px) 100vw, 10px\" \/> Eurosport: Sigi Heinrich<\/p>\n\n\n\n<p><span style=\"text-decoration: underline;\">Abschlussfeier (Freitag, 20. Februar 2022, 13.00 Uhr)<\/span> <\/p>\n\n\n\n<p> <img loading=\"lazy\" decoding=\"async\" width=\"10\" height=\"21\" class=\"wp-image-3656\" style=\"width: 10px;\" src=\"http:\/\/kommentatorenblog.de\/wp-content\/uploads\/2020\/09\/shure-55sh-ii-e1601485394796.jpg\" alt=\"\" srcset=\"http:\/\/kommentatorenblog.de\/wp-content\/uploads\/2020\/09\/shure-55sh-ii-e1601485394796.jpg 415w, http:\/\/kommentatorenblog.de\/wp-content\/uploads\/2020\/09\/shure-55sh-ii-e1601485394796-142x300.jpg 142w\" sizes=\"auto, (max-width: 10px) 100vw, 10px\" \/> ARD: Jens-J\u00f6rg Rieck<\/p>\n\n\n\n<p> <img loading=\"lazy\" decoding=\"async\" width=\"10\" height=\"21\" class=\"wp-image-3656\" style=\"width: 10px;\" src=\"http:\/\/kommentatorenblog.de\/wp-content\/uploads\/2020\/09\/shure-55sh-ii-e1601485394796.jpg\" alt=\"\" srcset=\"http:\/\/kommentatorenblog.de\/wp-content\/uploads\/2020\/09\/shure-55sh-ii-e1601485394796.jpg 415w, http:\/\/kommentatorenblog.de\/wp-content\/uploads\/2020\/09\/shure-55sh-ii-e1601485394796-142x300.jpg 142w\" sizes=\"auto, (max-width: 10px) 100vw, 10px\" \/> Eurosport: Sigi Heinrich<\/p>\n\n\n\n<p><strong><em>Weiteres Personal:<\/em><\/strong><\/p>\n\n\n\n<p> <span style=\"text-decoration: underline;\">ARD<\/span><\/p>\n\n\n\n<ul class=\"wp-block-list\"><li><em>Interviews vor Ort:<\/em> <s>Lea Wagner<\/s>, Stephanie M\u00fcller-Spirra, <s>Markus Othmer<\/s>, Claus Lufen<\/li><li><em>Doping\/Sportpolitik:<\/em> Hajo Seppelt<\/li><li><em>Politik\/Gesellschaft: <\/em>Tamara Anthony (ARD-Korrespondentin Peking)<\/li><\/ul>\n\n\n\n<p> <span style=\"text-decoration: underline;\">ZDF<\/span><\/p>\n\n\n\n<ul class=\"wp-block-list\"><li><em>Interviews vor Ort:<\/em> s.o: Lena Kesting (Ski alpin), Norbert K\u00f6nig (Skispringen), Alexander Ruda (Biathlon)<\/li><li><em>Sportpolitik:<\/em> Markus Harm<\/li><li><em>Politik\/Gesellschaft: <\/em>Ulf R\u00f6ller (ZDF-Korrespondent Ostasien)<\/li><\/ul>\n\n\n\n<hr class=\"wp-block-separator\"\/>\n\n\n\n<p id=\"ansetzungen\">Soweit zu Olympia. Kommen wir nun zum Tagesgesch\u00e4ft mit den Ansetzungen f\u00fcr die gesamte n\u00e4chste Woche im Fu\u00dfball sowie &#8211; anl\u00e4sslich der Conference Championships &#8211; in der NFL:<\/p>\n\n\n\n<p><strong>Die Ansetzungen vom 28. bis zum 03. Februar 2022<\/strong>:<\/p>\n\n\n\n<hr class=\"wp-block-separator\"\/>\n\n\n\n<h5 class=\"wp-block-heading\"><strong><span class=\"has-inline-color has-vivid-red-color\">3. Liga, 24. Spieltag<\/span><\/strong><\/h5>\n\n\n\n<p><span style=\"text-decoration: underline;\">Freitag, 28. Januar 2022, ab 18.30 Uhr (Magenta Sport)<\/span><\/p>\n\n\n\n<p><em><strong>W\u00fcrzburger Kickers <strong><em>\u2013<\/em><\/strong> SC Freiburg II (19.00 Uhr)<\/strong><\/em><\/p>\n\n\n\n<p><img loading=\"lazy\" decoding=\"async\" width=\"10\" height=\"21\" class=\"wp-image-3656\" style=\"width: 10px;\" src=\"http:\/\/kommentatorenblog.de\/wp-content\/uploads\/2020\/09\/shure-55sh-ii-e1601485394796.jpg\" alt=\"\" srcset=\"http:\/\/kommentatorenblog.de\/wp-content\/uploads\/2020\/09\/shure-55sh-ii-e1601485394796.jpg 415w, http:\/\/kommentatorenblog.de\/wp-content\/uploads\/2020\/09\/shure-55sh-ii-e1601485394796-142x300.jpg 142w\" sizes=\"auto, (max-width: 10px) 100vw, 10px\" \/> Lenny Leonhardt<\/p>\n\n\n\n<p>Moderation:  Cedric Pick, Experte: Martin Lanig<\/p>\n\n\n\n<p><span style=\"text-decoration: underline;\">Samstag, 29. Januar 2022, ab 13.45 Uhr (Magenta Sport)<\/span><\/p>\n\n\n\n<p><strong><em>Konferenz (14.00 Uhr)<\/em><\/strong><\/p>\n\n\n\n<p><img loading=\"lazy\" decoding=\"async\" width=\"10\" height=\"21\" class=\"wp-image-3656\" style=\"width: 10px;\" src=\"http:\/\/kommentatorenblog.de\/wp-content\/uploads\/2020\/09\/shure-55sh-ii-e1601485394796.jpg\" alt=\"\" srcset=\"http:\/\/kommentatorenblog.de\/wp-content\/uploads\/2020\/09\/shure-55sh-ii-e1601485394796.jpg 415w, http:\/\/kommentatorenblog.de\/wp-content\/uploads\/2020\/09\/shure-55sh-ii-e1601485394796-142x300.jpg 142w\" sizes=\"auto, (max-width: 10px) 100vw, 10px\" \/> Martin Piller und Alexander Kunz<\/p>\n\n\n\n<p><strong><em>Borussia Dortmund II <strong><em>\u2013<\/em><\/strong> VfL Osnabr\u00fcck (14.00 Uhr)<\/em><\/strong><\/p>\n\n\n\n<p><img loading=\"lazy\" decoding=\"async\" width=\"10\" height=\"21\" class=\"wp-image-3656\" style=\"width: 10px;\" src=\"http:\/\/kommentatorenblog.de\/wp-content\/uploads\/2020\/09\/shure-55sh-ii-e1601485394796.jpg\" alt=\"\" srcset=\"http:\/\/kommentatorenblog.de\/wp-content\/uploads\/2020\/09\/shure-55sh-ii-e1601485394796.jpg 415w, http:\/\/kommentatorenblog.de\/wp-content\/uploads\/2020\/09\/shure-55sh-ii-e1601485394796-142x300.jpg 142w\" sizes=\"auto, (max-width: 10px) 100vw, 10px\" \/> Markus H\u00f6hner<\/p>\n\n\n\n<p>Moderation: Thomas Wagner<\/p>\n\n\n\n<p><strong><em>SV Wehen Wiesbaden <strong><em>\u2013<\/em><\/strong> MSV Duisburg (14.00 Uhr)<\/em><\/strong><\/p>\n\n\n\n<p><img loading=\"lazy\" decoding=\"async\" width=\"10\" height=\"21\" class=\"wp-image-3656\" style=\"width: 10px;\" src=\"http:\/\/kommentatorenblog.de\/wp-content\/uploads\/2020\/09\/shure-55sh-ii-e1601485394796.jpg\" alt=\"\" srcset=\"http:\/\/kommentatorenblog.de\/wp-content\/uploads\/2020\/09\/shure-55sh-ii-e1601485394796.jpg 415w, http:\/\/kommentatorenblog.de\/wp-content\/uploads\/2020\/09\/shure-55sh-ii-e1601485394796-142x300.jpg 142w\" sizes=\"auto, (max-width: 10px) 100vw, 10px\" \/> Julian Engelhardt<\/p>\n\n\n\n<p>Moderation: Kamila Benschop<\/p>\n\n\n\n<p><em><strong>T\u00fcrkg\u00fcc\u00fc M\u00fcnchen <\/strong><\/em><em><strong><strong><em>\u2013<\/em><\/strong> TSV Havelse (14.00 Uhr)<\/strong><\/em><\/p>\n\n\n\n<p><img loading=\"lazy\" decoding=\"async\" width=\"10\" height=\"21\" class=\"wp-image-3656\" style=\"width: 10px;\" src=\"http:\/\/kommentatorenblog.de\/wp-content\/uploads\/2020\/09\/shure-55sh-ii-e1601485394796.jpg\" alt=\"\" srcset=\"http:\/\/kommentatorenblog.de\/wp-content\/uploads\/2020\/09\/shure-55sh-ii-e1601485394796.jpg 415w, http:\/\/kommentatorenblog.de\/wp-content\/uploads\/2020\/09\/shure-55sh-ii-e1601485394796-142x300.jpg 142w\" sizes=\"auto, (max-width: 10px) 100vw, 10px\" \/> Franz B\u00fcchner<\/p>\n\n\n\n<p>Moderation: Simon K\u00f6pfer<\/p>\n\n\n\n<p><span style=\"text-decoration: underline;\">ab 13.45 Uhr (Magenta Sport) \/ ab 13.55 Uhr (RBB Berlin)<\/span> <\/p>\n\n\n\n<p><strong><em><s><b style=\"font-style: italic;\">FC Viktoria 1889 Berlin<\/b> <strong><em>\u2013<\/em><\/strong> FSV Zwickau (14.00 Uhr)<\/s><\/em><\/strong><\/p>\n\n\n\n<p><img loading=\"lazy\" decoding=\"async\" width=\"10\" height=\"21\" class=\"wp-image-3656\" style=\"width: 10px;\" src=\"http:\/\/kommentatorenblog.de\/wp-content\/uploads\/2020\/09\/shure-55sh-ii-e1601485394796.jpg\" alt=\"\" srcset=\"http:\/\/kommentatorenblog.de\/wp-content\/uploads\/2020\/09\/shure-55sh-ii-e1601485394796.jpg 415w, http:\/\/kommentatorenblog.de\/wp-content\/uploads\/2020\/09\/shure-55sh-ii-e1601485394796-142x300.jpg 142w\" sizes=\"auto, (max-width: 10px) 100vw, 10px\" \/> <s>Magenta Sport: Michael Augustin<\/s><\/p>\n\n\n\n<p><img loading=\"lazy\" decoding=\"async\" width=\"10\" height=\"21\" class=\"wp-image-3656\" style=\"width: 10px;\" src=\"http:\/\/kommentatorenblog.de\/wp-content\/uploads\/2020\/09\/shure-55sh-ii-e1601485394796.jpg\" alt=\"\" srcset=\"http:\/\/kommentatorenblog.de\/wp-content\/uploads\/2020\/09\/shure-55sh-ii-e1601485394796.jpg 415w, http:\/\/kommentatorenblog.de\/wp-content\/uploads\/2020\/09\/shure-55sh-ii-e1601485394796-142x300.jpg 142w\" sizes=\"auto, (max-width: 10px) 100vw, 10px\" \/> <s>RBB: Max Zobel <\/s><\/p>\n\n\n\n<p><s>Moderation (Magenta Sport): Stefanie Blochwitz<\/s><\/p>\n\n\n\n<p><s>Moderation (RBB): Uri Zahavi<\/s><\/p>\n\n\n\n<p><span style=\"text-decoration: underline;\">ab 13.45 Uhr (Magenta Sport) \/ ab 14.00 Uhr (SWR)<\/span> <\/p>\n\n\n\n<p><em><strong>1. FC Kaiserslautern <\/strong><\/em><em><strong><strong><em>\u2013<\/em><\/strong> Hallescher FC (14.00 Uhr)<\/strong><\/em><\/p>\n\n\n\n<p><img loading=\"lazy\" decoding=\"async\" width=\"10\" height=\"21\" class=\"wp-image-3656\" style=\"width: 10px;\" src=\"http:\/\/kommentatorenblog.de\/wp-content\/uploads\/2020\/09\/shure-55sh-ii-e1601485394796.jpg\" alt=\"\" srcset=\"http:\/\/kommentatorenblog.de\/wp-content\/uploads\/2020\/09\/shure-55sh-ii-e1601485394796.jpg 415w, http:\/\/kommentatorenblog.de\/wp-content\/uploads\/2020\/09\/shure-55sh-ii-e1601485394796-142x300.jpg 142w\" sizes=\"auto, (max-width: 10px) 100vw, 10px\" \/> Magenta Sport: <s>Stefan Fuckert<\/s> Mario Bast<\/p>\n\n\n\n<p><img loading=\"lazy\" decoding=\"async\" width=\"10\" height=\"21\" class=\"wp-image-3656\" style=\"width: 10px;\" src=\"http:\/\/kommentatorenblog.de\/wp-content\/uploads\/2020\/09\/shure-55sh-ii-e1601485394796.jpg\" alt=\"\" srcset=\"http:\/\/kommentatorenblog.de\/wp-content\/uploads\/2020\/09\/shure-55sh-ii-e1601485394796.jpg 415w, http:\/\/kommentatorenblog.de\/wp-content\/uploads\/2020\/09\/shure-55sh-ii-e1601485394796-142x300.jpg 142w\" sizes=\"auto, (max-width: 10px) 100vw, 10px\" \/> SWR: Florian Winkler<\/p>\n\n\n\n<p>Moderation (Magenta Sport): Cedric Pick<\/p>\n\n\n\n<p>Moderation (SWR): Benjamin W\u00fcst, Experte: Thomas Riedl<\/p>\n\n\n\n<p><span style=\"text-decoration: underline;\">ab 17.40 Uhr (Magenta Sport) \/ ab 17.45 Uhr (ARD)<\/span> <\/p>\n\n\n\n<p><em><strong>1. FC Magdeburg<\/strong><\/em><em><strong> <\/strong><\/em><em><strong><strong><em>\u2013<\/em><\/strong> 1. FC Saarbr\u00fccken (17.55 Uhr)<\/strong><\/em><\/p>\n\n\n\n<p><img loading=\"lazy\" decoding=\"async\" width=\"10\" height=\"21\" class=\"wp-image-3656\" style=\"width: 10px;\" src=\"http:\/\/kommentatorenblog.de\/wp-content\/uploads\/2020\/09\/shure-55sh-ii-e1601485394796.jpg\" alt=\"\" srcset=\"http:\/\/kommentatorenblog.de\/wp-content\/uploads\/2020\/09\/shure-55sh-ii-e1601485394796.jpg 415w, http:\/\/kommentatorenblog.de\/wp-content\/uploads\/2020\/09\/shure-55sh-ii-e1601485394796-142x300.jpg 142w\" sizes=\"auto, (max-width: 10px) 100vw, 10px\" \/> Magenta Sport: Alexander K\u00fcpper<\/p>\n\n\n\n<p><img loading=\"lazy\" decoding=\"async\" width=\"10\" height=\"21\" class=\"wp-image-3656\" style=\"width: 10px;\" src=\"http:\/\/kommentatorenblog.de\/wp-content\/uploads\/2020\/09\/shure-55sh-ii-e1601485394796.jpg\" alt=\"\" srcset=\"http:\/\/kommentatorenblog.de\/wp-content\/uploads\/2020\/09\/shure-55sh-ii-e1601485394796.jpg 415w, http:\/\/kommentatorenblog.de\/wp-content\/uploads\/2020\/09\/shure-55sh-ii-e1601485394796-142x300.jpg 142w\" sizes=\"auto, (max-width: 10px) 100vw, 10px\" \/> ARD: Florian Nass<\/p>\n\n\n\n<p>Moderation (Magenta Sport): Anett Sattler<\/p>\n\n\n\n<p>Moderation (ARD): Stephanie M\u00fcller-Spirra<\/p>\n\n\n\n<p><span style=\"text-decoration: underline;\">Sonntag, 30. Januar 2022, ab 12.45 Uhr (Magenta Sport)<\/span><\/p>\n\n\n\n<p><strong><em>FC Viktoria K\u00f6ln<\/em><\/strong><em><strong> <strong><em>\u2013<\/em><\/strong> TSV 1860 M\u00fcnchen (13.00 Uhr)<\/strong><\/em><\/p>\n\n\n\n<p><img loading=\"lazy\" decoding=\"async\" width=\"10\" height=\"21\" class=\"wp-image-3656\" style=\"width: 10px;\" src=\"http:\/\/kommentatorenblog.de\/wp-content\/uploads\/2020\/09\/shure-55sh-ii-e1601485394796.jpg\" alt=\"\" srcset=\"http:\/\/kommentatorenblog.de\/wp-content\/uploads\/2020\/09\/shure-55sh-ii-e1601485394796.jpg 415w, http:\/\/kommentatorenblog.de\/wp-content\/uploads\/2020\/09\/shure-55sh-ii-e1601485394796-142x300.jpg 142w\" sizes=\"auto, (max-width: 10px) 100vw, 10px\" \/> Christian Stra\u00dfburger<\/p>\n\n\n\n<p>Moderation: Thomas Wagner<\/p>\n\n\n\n<p><span style=\"text-decoration: underline;\">ab 13.45 Uhr (Magenta Sport)<\/span><\/p>\n\n\n\n<p><em><strong>SV Meppen <strong><em>\u2013<\/em><\/strong> SV Waldhof Mannheim (14.00 Uhr)<\/strong><\/em><\/p>\n\n\n\n<p><img loading=\"lazy\" decoding=\"async\" width=\"10\" height=\"21\" class=\"wp-image-3656\" style=\"width: 10px;\" src=\"http:\/\/kommentatorenblog.de\/wp-content\/uploads\/2020\/09\/shure-55sh-ii-e1601485394796.jpg\" alt=\"\" srcset=\"http:\/\/kommentatorenblog.de\/wp-content\/uploads\/2020\/09\/shure-55sh-ii-e1601485394796.jpg 415w, http:\/\/kommentatorenblog.de\/wp-content\/uploads\/2020\/09\/shure-55sh-ii-e1601485394796-142x300.jpg 142w\" sizes=\"auto, (max-width: 10px) 100vw, 10px\" \/> Gari Paubandt<\/p>\n\n\n\n<p>Moderation: Tobias Sch\u00e4fer<\/p>\n\n\n\n<p><span style=\"text-decoration: underline;\">Montag, 31. Januar 2022, ab 18.45 Uhr (Magenta Sport)<\/span><\/p>\n\n\n\n<p><strong><em>Eintracht Braunschweig <strong><em>\u2013<\/em><\/strong> SC Verl (19.00 Uhr)<\/em><\/strong><\/p>\n\n\n\n<p><img loading=\"lazy\" decoding=\"async\" width=\"10\" height=\"21\" class=\"wp-image-3656\" style=\"width: 10px;\" src=\"http:\/\/kommentatorenblog.de\/wp-content\/uploads\/2020\/09\/shure-55sh-ii-e1601485394796.jpg\" alt=\"\" srcset=\"http:\/\/kommentatorenblog.de\/wp-content\/uploads\/2020\/09\/shure-55sh-ii-e1601485394796.jpg 415w, http:\/\/kommentatorenblog.de\/wp-content\/uploads\/2020\/09\/shure-55sh-ii-e1601485394796-142x300.jpg 142w\" sizes=\"auto, (max-width: 10px) 100vw, 10px\" \/> Andreas Mann<\/p>\n\n\n\n<p>Moderation: Christian Stra\u00dfburger, Experte: Daniel Flottmann<\/p>\n\n\n\n<h5 class=\"wp-block-heading\"><strong><span class=\"has-inline-color has-vivid-red-color\">3. Liga, Nachholspiel 20. Spieltag<\/span><\/strong><\/h5>\n\n\n\n<p><span style=\"text-decoration: underline;\">Mittwoch, 02. Februar 2022, ab 18.30 Uhr (Magenta Sport)<\/span><\/p>\n\n\n\n<p><strong><em>MSV Duisburg <strong><em>\u2013<\/em><\/strong> VfL Osnabr\u00fcck (19.00 Uhr)<\/em><\/strong><\/p>\n\n\n\n<p><img loading=\"lazy\" decoding=\"async\" width=\"10\" height=\"21\" class=\"wp-image-3656\" style=\"width: 10px;\" src=\"http:\/\/kommentatorenblog.de\/wp-content\/uploads\/2020\/09\/shure-55sh-ii-e1601485394796.jpg\" alt=\"\" srcset=\"http:\/\/kommentatorenblog.de\/wp-content\/uploads\/2020\/09\/shure-55sh-ii-e1601485394796.jpg 415w, http:\/\/kommentatorenblog.de\/wp-content\/uploads\/2020\/09\/shure-55sh-ii-e1601485394796-142x300.jpg 142w\" sizes=\"auto, (max-width: 10px) 100vw, 10px\" \/> Christian Stra\u00dfburger<\/p>\n\n\n\n<p>Moderation: Kevin Gerwin<\/p>\n\n\n\n<hr class=\"wp-block-separator\"\/>\n\n\n\n<h5 class=\"wp-block-heading\"><strong><span class=\"has-inline-color has-vivid-red-color\">Regionalliga Nordost, 23. Spieltag<\/span><\/strong><\/h5>\n\n\n\n<p><span style=\"text-decoration: underline;\">Samstag, 29. Januar 2022, ab 14.00 Uhr (MDR)<\/span><\/p>\n\n\n\n<p><em><strong>Energie Cottbus <strong><em>\u2013<\/em><\/strong> Carl Zeiss Jena (14.05 Uhr)<\/strong><\/em><\/p>\n\n\n\n<p><img loading=\"lazy\" decoding=\"async\" width=\"10\" height=\"21\" class=\"wp-image-3656\" style=\"width: 10px;\" src=\"http:\/\/kommentatorenblog.de\/wp-content\/uploads\/2020\/09\/shure-55sh-ii-e1601485394796.jpg\" alt=\"\" srcset=\"http:\/\/kommentatorenblog.de\/wp-content\/uploads\/2020\/09\/shure-55sh-ii-e1601485394796.jpg 415w, http:\/\/kommentatorenblog.de\/wp-content\/uploads\/2020\/09\/shure-55sh-ii-e1601485394796-142x300.jpg 142w\" sizes=\"auto, (max-width: 10px) 100vw, 10px\" \/> Eik Galley<\/p>\n\n\n\n<p>Moderation: Ren\u00e9 Kindermann, Experte: Lutz Lindemann<\/p>\n\n\n\n<hr class=\"wp-block-separator\"\/>\n\n\n\n<h5 class=\"wp-block-heading\"><strong><span class=\"has-inline-color has-vivid-red-color\">Frauen-Bundesliga, 12. Spieltag<\/span><\/strong><\/h5>\n\n\n\n<p><span style=\"text-decoration: underline;\">Samstag, 29. Januar 2022, ab 13.45 Uhr (Magenta Sport)<\/span><\/p>\n\n\n\n<p><em><strong>1. FFC Turbine Potsdam<\/strong><\/em><em><strong> <strong><em>\u2013<\/em><\/strong> VfL Wolfsburg (14.00 Uhr)<\/strong><\/em><\/p>\n\n\n\n<p><img loading=\"lazy\" decoding=\"async\" width=\"10\" height=\"21\" class=\"wp-image-3656\" style=\"width: 10px;\" src=\"http:\/\/kommentatorenblog.de\/wp-content\/uploads\/2020\/09\/shure-55sh-ii-e1601485394796.jpg\" alt=\"\" srcset=\"http:\/\/kommentatorenblog.de\/wp-content\/uploads\/2020\/09\/shure-55sh-ii-e1601485394796.jpg 415w, http:\/\/kommentatorenblog.de\/wp-content\/uploads\/2020\/09\/shure-55sh-ii-e1601485394796-142x300.jpg 142w\" sizes=\"auto, (max-width: 10px) 100vw, 10px\" \/> Oskar Heirler<\/p>\n\n\n\n<hr class=\"wp-block-separator\"\/>\n\n\n\n<h5 class=\"wp-block-heading\"><strong><span class=\"has-inline-color has-vivid-red-color\">Afrika-Cup, Viertelfinale<\/span> (Sportdigital FUSSBALL)<\/strong><\/h5>\n\n\n\n<p><span style=\"text-decoration: underline;\">Samstag, 29. Januar 2022<\/span><\/p>\n\n\n\n<p><strong><em>Gambia <strong><em>\u2013<\/em><\/strong> Kamerun (17.00 Uhr)<\/em><\/strong><\/p>\n\n\n\n<p><img loading=\"lazy\" decoding=\"async\" width=\"10\" height=\"21\" class=\"wp-image-3656\" style=\"width: 10px;\" src=\"http:\/\/kommentatorenblog.de\/wp-content\/uploads\/2020\/09\/shure-55sh-ii-e1601485394796.jpg\" alt=\"\" srcset=\"http:\/\/kommentatorenblog.de\/wp-content\/uploads\/2020\/09\/shure-55sh-ii-e1601485394796.jpg 415w, http:\/\/kommentatorenblog.de\/wp-content\/uploads\/2020\/09\/shure-55sh-ii-e1601485394796-142x300.jpg 142w\" sizes=\"auto, (max-width: 10px) 100vw, 10px\" \/> Arne Malsch<\/p>\n\n\n\n<p><strong><em>Burkina Faso <strong><em>\u2013<\/em><\/strong> Tunesien (20.00 Uhr)<\/em><\/strong><\/p>\n\n\n\n<p><img loading=\"lazy\" decoding=\"async\" width=\"10\" height=\"21\" class=\"wp-image-3656\" style=\"width: 10px;\" src=\"http:\/\/kommentatorenblog.de\/wp-content\/uploads\/2020\/09\/shure-55sh-ii-e1601485394796.jpg\" alt=\"\" srcset=\"http:\/\/kommentatorenblog.de\/wp-content\/uploads\/2020\/09\/shure-55sh-ii-e1601485394796.jpg 415w, http:\/\/kommentatorenblog.de\/wp-content\/uploads\/2020\/09\/shure-55sh-ii-e1601485394796-142x300.jpg 142w\" sizes=\"auto, (max-width: 10px) 100vw, 10px\" \/> Marvin Kirsch<\/p>\n\n\n\n<p><span style=\"text-decoration: underline;\">Sonntag, 30. Januar 2022<\/span><\/p>\n\n\n\n<p><strong><em>\u00c4gypten <strong><em>\u2013<\/em><\/strong> Marokko (16.00 Uhr)<\/em><\/strong><\/p>\n\n\n\n<p><img loading=\"lazy\" decoding=\"async\" width=\"10\" height=\"21\" class=\"wp-image-3656\" style=\"width: 10px;\" src=\"http:\/\/kommentatorenblog.de\/wp-content\/uploads\/2020\/09\/shure-55sh-ii-e1601485394796.jpg\" alt=\"\" srcset=\"http:\/\/kommentatorenblog.de\/wp-content\/uploads\/2020\/09\/shure-55sh-ii-e1601485394796.jpg 415w, http:\/\/kommentatorenblog.de\/wp-content\/uploads\/2020\/09\/shure-55sh-ii-e1601485394796-142x300.jpg 142w\" sizes=\"auto, (max-width: 10px) 100vw, 10px\" \/> Karsten Linke<\/p>\n\n\n\n<p><strong><em>Senegal <strong><em>\u2013<\/em><\/strong> \u00c4quatorialguinea (20.00 Uhr)<\/em><\/strong><\/p>\n\n\n\n<p><img loading=\"lazy\" decoding=\"async\" width=\"10\" height=\"21\" class=\"wp-image-3656\" style=\"width: 10px;\" src=\"http:\/\/kommentatorenblog.de\/wp-content\/uploads\/2020\/09\/shure-55sh-ii-e1601485394796.jpg\" alt=\"\" srcset=\"http:\/\/kommentatorenblog.de\/wp-content\/uploads\/2020\/09\/shure-55sh-ii-e1601485394796.jpg 415w, http:\/\/kommentatorenblog.de\/wp-content\/uploads\/2020\/09\/shure-55sh-ii-e1601485394796-142x300.jpg 142w\" sizes=\"auto, (max-width: 10px) 100vw, 10px\" \/> J\u00f6rg Steiger<\/p>\n\n\n\n<h5 class=\"wp-block-heading\"><strong><span class=\"has-inline-color has-vivid-red-color\">Afrika-Cup, Halbfinale <\/span>(Sportdigital FUSSBALL)<\/strong><\/h5>\n\n\n\n<p><span style=\"text-decoration: underline;\">Mittwoch, 02. Februar 2022, ab 19.30 Uhr<\/span><\/p>\n\n\n\n<p><strong><em>Burkina Faso <strong><em>\u2013<\/em><\/strong> Senegal (20.00 Uhr)<\/em><\/strong><\/p>\n\n\n\n<p><img loading=\"lazy\" decoding=\"async\" width=\"10\" height=\"21\" class=\"wp-image-3656\" style=\"width: 10px;\" src=\"http:\/\/kommentatorenblog.de\/wp-content\/uploads\/2020\/09\/shure-55sh-ii-e1601485394796.jpg\" alt=\"\" srcset=\"http:\/\/kommentatorenblog.de\/wp-content\/uploads\/2020\/09\/shure-55sh-ii-e1601485394796.jpg 415w, http:\/\/kommentatorenblog.de\/wp-content\/uploads\/2020\/09\/shure-55sh-ii-e1601485394796-142x300.jpg 142w\" sizes=\"auto, (max-width: 10px) 100vw, 10px\" \/> Christian Blunck<\/p>\n\n\n\n<p><span style=\"text-decoration: underline;\">Donnerstag, 03. Februa 2022, ab 19.30 Uhr<\/span><\/p>\n\n\n\n<p><strong><em>Kamerun <strong><em>\u2013<\/em><\/strong> \u00c4gypten (20.00 Uhr)<\/em><\/strong><\/p>\n\n\n\n<p><img loading=\"lazy\" decoding=\"async\" width=\"10\" height=\"21\" class=\"wp-image-3656\" style=\"width: 10px;\" src=\"http:\/\/kommentatorenblog.de\/wp-content\/uploads\/2020\/09\/shure-55sh-ii-e1601485394796.jpg\" alt=\"\" srcset=\"http:\/\/kommentatorenblog.de\/wp-content\/uploads\/2020\/09\/shure-55sh-ii-e1601485394796.jpg 415w, http:\/\/kommentatorenblog.de\/wp-content\/uploads\/2020\/09\/shure-55sh-ii-e1601485394796-142x300.jpg 142w\" sizes=\"auto, (max-width: 10px) 100vw, 10px\" \/> Karsten Linke<\/p>\n\n\n\n<hr class=\"wp-block-separator\"\/>\n\n\n\n<h5 class=\"wp-block-heading\"><strong><span class=\"has-inline-color has-vivid-red-color\">Coupe de France, Achtelfinale<\/span> (DAZN \/ SPORT1+)<\/strong><\/h5>\n\n\n\n<p><span style=\"text-decoration: underline;\">Freitag, 28. Januar 2022<\/span><\/p>\n\n\n\n<p><strong><em>FC Nantes <strong><em>\u2013<\/em><\/strong> Stade Brest (21.00 Uhr)<\/em><\/strong><\/p>\n\n\n\n<p><img loading=\"lazy\" decoding=\"async\" width=\"10\" height=\"21\" class=\"wp-image-3656\" style=\"width: 10px;\" src=\"http:\/\/kommentatorenblog.de\/wp-content\/uploads\/2020\/09\/shure-55sh-ii-e1601485394796.jpg\" alt=\"\" srcset=\"http:\/\/kommentatorenblog.de\/wp-content\/uploads\/2020\/09\/shure-55sh-ii-e1601485394796.jpg 415w, http:\/\/kommentatorenblog.de\/wp-content\/uploads\/2020\/09\/shure-55sh-ii-e1601485394796-142x300.jpg 142w\" sizes=\"auto, (max-width: 10px) 100vw, 10px\" \/> DAZN: &#8211;<\/p>\n\n\n\n<p><span style=\"text-decoration: underline;\">Samstag, 29. Januar 2022<\/span><\/p>\n\n\n\n<p><strong><em>Stade Reims <strong><em>\u2013<\/em><\/strong> SC Bastia (18.30 Uhr)<\/em><\/strong><\/p>\n\n\n\n<p><img loading=\"lazy\" decoding=\"async\" width=\"10\" height=\"21\" class=\"wp-image-3656\" style=\"width: 10px;\" src=\"http:\/\/kommentatorenblog.de\/wp-content\/uploads\/2020\/09\/shure-55sh-ii-e1601485394796.jpg\" alt=\"\" srcset=\"http:\/\/kommentatorenblog.de\/wp-content\/uploads\/2020\/09\/shure-55sh-ii-e1601485394796.jpg 415w, http:\/\/kommentatorenblog.de\/wp-content\/uploads\/2020\/09\/shure-55sh-ii-e1601485394796-142x300.jpg 142w\" sizes=\"auto, (max-width: 10px) 100vw, 10px\" \/> SPORT1+: Hans-Joachim Wolff<\/p>\n\n\n\n<p><strong><em>Olympique Marseille <strong><em>\u2013<\/em><\/strong> HSC Montpellier (21.00 Uhr)<\/em><\/strong><\/p>\n\n\n\n<p><img loading=\"lazy\" decoding=\"async\" width=\"10\" height=\"21\" class=\"wp-image-3656\" style=\"width: 10px;\" src=\"http:\/\/kommentatorenblog.de\/wp-content\/uploads\/2020\/09\/shure-55sh-ii-e1601485394796.jpg\" alt=\"\" srcset=\"http:\/\/kommentatorenblog.de\/wp-content\/uploads\/2020\/09\/shure-55sh-ii-e1601485394796.jpg 415w, http:\/\/kommentatorenblog.de\/wp-content\/uploads\/2020\/09\/shure-55sh-ii-e1601485394796-142x300.jpg 142w\" sizes=\"auto, (max-width: 10px) 100vw, 10px\" \/> DAZN: Freddie Schulz<\/p>\n\n\n\n<p><img loading=\"lazy\" decoding=\"async\" width=\"10\" height=\"21\" class=\"wp-image-3656\" style=\"width: 10px;\" src=\"http:\/\/kommentatorenblog.de\/wp-content\/uploads\/2020\/09\/shure-55sh-ii-e1601485394796.jpg\" alt=\"\" srcset=\"http:\/\/kommentatorenblog.de\/wp-content\/uploads\/2020\/09\/shure-55sh-ii-e1601485394796.jpg 415w, http:\/\/kommentatorenblog.de\/wp-content\/uploads\/2020\/09\/shure-55sh-ii-e1601485394796-142x300.jpg 142w\" sizes=\"auto, (max-width: 10px) 100vw, 10px\" \/> SPORT1+: Rudi Br\u00fcckner<\/p>\n\n\n\n<p><span style=\"text-decoration: underline;\">Sonntag, 30. Januar 2022<\/span><\/p>\n\n\n\n<p><strong><em>RC Lens <strong><em>\u2013<\/em><\/strong> AS Monaco (21.00 Uhr)<\/em><\/strong><\/p>\n\n\n\n<p><img loading=\"lazy\" decoding=\"async\" width=\"10\" height=\"21\" class=\"wp-image-3656\" style=\"width: 10px;\" src=\"http:\/\/kommentatorenblog.de\/wp-content\/uploads\/2020\/09\/shure-55sh-ii-e1601485394796.jpg\" alt=\"\" srcset=\"http:\/\/kommentatorenblog.de\/wp-content\/uploads\/2020\/09\/shure-55sh-ii-e1601485394796.jpg 415w, http:\/\/kommentatorenblog.de\/wp-content\/uploads\/2020\/09\/shure-55sh-ii-e1601485394796-142x300.jpg 142w\" sizes=\"auto, (max-width: 10px) 100vw, 10px\" \/> DAZN: &#8211;<\/p>\n\n\n\n<p><img loading=\"lazy\" decoding=\"async\" width=\"10\" height=\"21\" class=\"wp-image-3656\" style=\"width: 10px;\" src=\"http:\/\/kommentatorenblog.de\/wp-content\/uploads\/2020\/09\/shure-55sh-ii-e1601485394796.jpg\" alt=\"\" srcset=\"http:\/\/kommentatorenblog.de\/wp-content\/uploads\/2020\/09\/shure-55sh-ii-e1601485394796.jpg 415w, http:\/\/kommentatorenblog.de\/wp-content\/uploads\/2020\/09\/shure-55sh-ii-e1601485394796-142x300.jpg 142w\" sizes=\"auto, (max-width: 10px) 100vw, 10px\" \/> SPORT1+: Oliver Forster<\/p>\n\n\n\n<p><span style=\"text-decoration: underline;\">Montag, 31. Januar 2022<\/span><\/p>\n\n\n\n<p><strong><em>Paris Saint-Germain <strong><em>\u2013<\/em><\/strong> OGC Nizza (21.15 Uhr)<\/em><\/strong><\/p>\n\n\n\n<p><img loading=\"lazy\" decoding=\"async\" width=\"10\" height=\"21\" class=\"wp-image-3656\" style=\"width: 10px;\" src=\"http:\/\/kommentatorenblog.de\/wp-content\/uploads\/2020\/09\/shure-55sh-ii-e1601485394796.jpg\" alt=\"\" srcset=\"http:\/\/kommentatorenblog.de\/wp-content\/uploads\/2020\/09\/shure-55sh-ii-e1601485394796.jpg 415w, http:\/\/kommentatorenblog.de\/wp-content\/uploads\/2020\/09\/shure-55sh-ii-e1601485394796-142x300.jpg 142w\" sizes=\"auto, (max-width: 10px) 100vw, 10px\" \/> DAZN: Stefan Galler, Experte: Alexis Menuge<\/p>\n\n\n\n<p><img loading=\"lazy\" decoding=\"async\" width=\"10\" height=\"21\" class=\"wp-image-3656\" style=\"width: 10px;\" src=\"http:\/\/kommentatorenblog.de\/wp-content\/uploads\/2020\/09\/shure-55sh-ii-e1601485394796.jpg\" alt=\"\" srcset=\"http:\/\/kommentatorenblog.de\/wp-content\/uploads\/2020\/09\/shure-55sh-ii-e1601485394796.jpg 415w, http:\/\/kommentatorenblog.de\/wp-content\/uploads\/2020\/09\/shure-55sh-ii-e1601485394796-142x300.jpg 142w\" sizes=\"auto, (max-width: 10px) 100vw, 10px\" \/> SPORT1+: Hans-Joachim Wolff<\/p>\n\n\n\n<hr class=\"wp-block-separator\"\/>\n\n\n\n<h5 class=\"wp-block-heading\"><strong><span class=\"has-inline-color has-vivid-red-color\">Copa del Rey, Viertelfinale<\/span> (DAZN)<\/strong><\/h5>\n\n\n\n<p><span style=\"text-decoration: underline;\">Mittwoch, 02. Februar 2022<\/span><\/p>\n\n\n\n<p><strong><em>Rayo Vallecano <strong><em>\u2013<\/em><\/strong> RCD Mallorca (20.00 Uhr)<\/em><\/strong><\/p>\n\n\n\n<p><img loading=\"lazy\" decoding=\"async\" width=\"10\" height=\"21\" class=\"wp-image-3656\" style=\"width: 10px;\" src=\"http:\/\/kommentatorenblog.de\/wp-content\/uploads\/2020\/09\/shure-55sh-ii-e1601485394796.jpg\" alt=\"\" srcset=\"http:\/\/kommentatorenblog.de\/wp-content\/uploads\/2020\/09\/shure-55sh-ii-e1601485394796.jpg 415w, http:\/\/kommentatorenblog.de\/wp-content\/uploads\/2020\/09\/shure-55sh-ii-e1601485394796-142x300.jpg 142w\" sizes=\"auto, (max-width: 10px) 100vw, 10px\" \/> &#8211;<\/p>\n\n\n\n<p><strong><em>FC Valencia <strong><em>\u2013<\/em><\/strong> FC C\u00e1diz (21.00 Uhr)<\/em><\/strong><\/p>\n\n\n\n<p><img loading=\"lazy\" decoding=\"async\" width=\"10\" height=\"21\" class=\"wp-image-3656\" style=\"width: 10px;\" src=\"http:\/\/kommentatorenblog.de\/wp-content\/uploads\/2020\/09\/shure-55sh-ii-e1601485394796.jpg\" alt=\"\" srcset=\"http:\/\/kommentatorenblog.de\/wp-content\/uploads\/2020\/09\/shure-55sh-ii-e1601485394796.jpg 415w, http:\/\/kommentatorenblog.de\/wp-content\/uploads\/2020\/09\/shure-55sh-ii-e1601485394796-142x300.jpg 142w\" sizes=\"auto, (max-width: 10px) 100vw, 10px\" \/> Martin Kern<\/p>\n\n\n\n<p><span style=\"text-decoration: underline;\">Donnerstag, 03. Februar 2022<\/span><\/p>\n\n\n\n<p><strong><em>Real Sociedad San Sebasti\u00e1n <strong><em>\u2013<\/em><\/strong> Real Betis Balompi\u00e9 (20.00 Uhr)<\/em><\/strong><\/p>\n\n\n\n<p><img loading=\"lazy\" decoding=\"async\" width=\"10\" height=\"21\" class=\"wp-image-3656\" style=\"width: 10px;\" src=\"http:\/\/kommentatorenblog.de\/wp-content\/uploads\/2020\/09\/shure-55sh-ii-e1601485394796.jpg\" alt=\"\" srcset=\"http:\/\/kommentatorenblog.de\/wp-content\/uploads\/2020\/09\/shure-55sh-ii-e1601485394796.jpg 415w, http:\/\/kommentatorenblog.de\/wp-content\/uploads\/2020\/09\/shure-55sh-ii-e1601485394796-142x300.jpg 142w\" sizes=\"auto, (max-width: 10px) 100vw, 10px\" \/> Andreas Renner<\/p>\n\n\n\n<p><strong><em>Athletic Bilbao <strong><em>\u2013<\/em><\/strong> Real Madrid (21.30 Uhr)<\/em><\/strong><\/p>\n\n\n\n<p><img loading=\"lazy\" decoding=\"async\" width=\"10\" height=\"21\" class=\"wp-image-3656\" style=\"width: 10px;\" src=\"http:\/\/kommentatorenblog.de\/wp-content\/uploads\/2020\/09\/shure-55sh-ii-e1601485394796.jpg\" alt=\"\" srcset=\"http:\/\/kommentatorenblog.de\/wp-content\/uploads\/2020\/09\/shure-55sh-ii-e1601485394796.jpg 415w, http:\/\/kommentatorenblog.de\/wp-content\/uploads\/2020\/09\/shure-55sh-ii-e1601485394796-142x300.jpg 142w\" sizes=\"auto, (max-width: 10px) 100vw, 10px\" \/> Jan Platte, Experte: Sebastian Knei\u00dfl<\/p>\n\n\n\n<hr class=\"wp-block-separator\"\/>\n\n\n\n<h5 class=\"wp-block-heading\"><strong><span class=\"has-inline-color has-vivid-red-color\">Internationaler Fu\u00dfball<\/span> (Sportdigital FUSSBALL)<\/strong><\/h5>\n\n\n\n<p><span style=\"text-decoration: underline;\">Freitag, 28. Januar 2022<\/span><\/p>\n\n\n\n<p>EFL Championship, 29. Spieltag: <strong><em>Huddersfield Town <strong><em>\u2013<\/em><\/strong> Stoke City (20.45 Uhr)<\/em><\/strong><\/p>\n\n\n\n<p><img loading=\"lazy\" decoding=\"async\" width=\"10\" height=\"21\" class=\"wp-image-3656\" style=\"width: 10px;\" src=\"http:\/\/kommentatorenblog.de\/wp-content\/uploads\/2020\/09\/shure-55sh-ii-e1601485394796.jpg\" alt=\"\" srcset=\"http:\/\/kommentatorenblog.de\/wp-content\/uploads\/2020\/09\/shure-55sh-ii-e1601485394796.jpg 415w, http:\/\/kommentatorenblog.de\/wp-content\/uploads\/2020\/09\/shure-55sh-ii-e1601485394796-142x300.jpg 142w\" sizes=\"auto, (max-width: 10px) 100vw, 10px\" \/> Christian Blunck<\/p>\n\n\n\n<p><span style=\"text-decoration: underline;\">Samstag, 29. Januar 2022<\/span><\/p>\n\n\n\n<p>A-League, 12. Spieltag: <strong><em>Brisbane Roar <strong><em>\u2013<\/em><\/strong> Western Sydney Wanderers (09.45 Uhr)<\/em><\/strong><\/p>\n\n\n\n<p><img loading=\"lazy\" decoding=\"async\" width=\"10\" height=\"21\" class=\"wp-image-3656\" style=\"width: 10px;\" src=\"http:\/\/kommentatorenblog.de\/wp-content\/uploads\/2020\/09\/shure-55sh-ii-e1601485394796.jpg\" alt=\"\" srcset=\"http:\/\/kommentatorenblog.de\/wp-content\/uploads\/2020\/09\/shure-55sh-ii-e1601485394796.jpg 415w, http:\/\/kommentatorenblog.de\/wp-content\/uploads\/2020\/09\/shure-55sh-ii-e1601485394796-142x300.jpg 142w\" sizes=\"auto, (max-width: 10px) 100vw, 10px\" \/> Karsten Linke<\/p>\n\n\n\n<p><span style=\"text-decoration: underline;\">Sonntag, 30. Januar 2022<\/span><\/p>\n\n\n\n<p>A-League, 12. Spieltag: <strong><em>Newcastle United Jets <strong><em>\u2013<\/em><\/strong> Adelaide United (08.45 Uhr)<\/em><\/strong><\/p>\n\n\n\n<p><img loading=\"lazy\" decoding=\"async\" width=\"10\" height=\"21\" class=\"wp-image-3656\" style=\"width: 10px;\" src=\"http:\/\/kommentatorenblog.de\/wp-content\/uploads\/2020\/09\/shure-55sh-ii-e1601485394796.jpg\" alt=\"\" srcset=\"http:\/\/kommentatorenblog.de\/wp-content\/uploads\/2020\/09\/shure-55sh-ii-e1601485394796.jpg 415w, http:\/\/kommentatorenblog.de\/wp-content\/uploads\/2020\/09\/shure-55sh-ii-e1601485394796-142x300.jpg 142w\" sizes=\"auto, (max-width: 10px) 100vw, 10px\" \/> Ulf Kahmke<\/p>\n\n\n\n<p>Primeira Liga, 20. Spieltag: <strong><em>FC Porto <strong><em>\u2013<\/em><\/strong> Mar\u00edtimo Funchal (21.30 Uhr, TV-\u00dcbertragung ab 22.05 Uhr)<\/em><\/strong><\/p>\n\n\n\n<p><img loading=\"lazy\" decoding=\"async\" width=\"10\" height=\"21\" class=\"wp-image-3656\" style=\"width: 10px;\" src=\"http:\/\/kommentatorenblog.de\/wp-content\/uploads\/2020\/09\/shure-55sh-ii-e1601485394796.jpg\" alt=\"\" srcset=\"http:\/\/kommentatorenblog.de\/wp-content\/uploads\/2020\/09\/shure-55sh-ii-e1601485394796.jpg 415w, http:\/\/kommentatorenblog.de\/wp-content\/uploads\/2020\/09\/shure-55sh-ii-e1601485394796-142x300.jpg 142w\" sizes=\"auto, (max-width: 10px) 100vw, 10px\" \/> Christian Blunck<\/p>\n\n\n\n<p><span style=\"text-decoration: underline;\">Mittwoch, 02. Februar 2022<\/span><\/p>\n\n\n\n<p>Primeira Liga, 20. Spieltag: <strong><em>Belenenses Lissabon <strong><em>\u2013<\/em><\/strong> Sporting Lissabon (21.45 Uhr, TV-\u00dcbertragung ab 22.10 Uhr)<\/em><\/strong><\/p>\n\n\n\n<p><img loading=\"lazy\" decoding=\"async\" width=\"10\" height=\"21\" class=\"wp-image-3656\" style=\"width: 10px;\" src=\"http:\/\/kommentatorenblog.de\/wp-content\/uploads\/2020\/09\/shure-55sh-ii-e1601485394796.jpg\" alt=\"\" srcset=\"http:\/\/kommentatorenblog.de\/wp-content\/uploads\/2020\/09\/shure-55sh-ii-e1601485394796.jpg 415w, http:\/\/kommentatorenblog.de\/wp-content\/uploads\/2020\/09\/shure-55sh-ii-e1601485394796-142x300.jpg 142w\" sizes=\"auto, (max-width: 10px) 100vw, 10px\" \/> Ulf Kahmke<\/p>\n\n\n\n<h5 class=\"wp-block-heading\"><strong><span class=\"has-inline-color has-vivid-red-color\">Internationaler Fu\u00dfball<\/span> (SPORT1+)<\/strong><\/h5>\n\n\n\n<p><span style=\"text-decoration: underline;\">Freitag, 28. Januar 2022<\/span><\/p>\n\n\n\n<p>Jupiler Pro League, 25. Spieltag: <strong><em>Royale Union Saint-Gilloise <strong><em>\u2013<\/em><\/strong> RSC Anderlecht (13.30 Uhr)<\/em><\/strong><\/p>\n\n\n\n<p><img loading=\"lazy\" decoding=\"async\" width=\"10\" height=\"21\" class=\"wp-image-3656\" style=\"width: 10px;\" src=\"http:\/\/kommentatorenblog.de\/wp-content\/uploads\/2020\/09\/shure-55sh-ii-e1601485394796.jpg\" alt=\"\" srcset=\"http:\/\/kommentatorenblog.de\/wp-content\/uploads\/2020\/09\/shure-55sh-ii-e1601485394796.jpg 415w, http:\/\/kommentatorenblog.de\/wp-content\/uploads\/2020\/09\/shure-55sh-ii-e1601485394796-142x300.jpg 142w\" sizes=\"auto, (max-width: 10px) 100vw, 10px\" \/> Hajo Wolff<\/p>\n\n\n\n<p><span style=\"text-decoration: underline;\">Dienstag, 01. Februar 2022<\/span><\/p>\n\n\n\n<p>Scottish Premiership, 22. Spieltag: <strong><em>Hibernian Edinburgh <strong><em>\u2013<\/em><\/strong> Heart of Midlothian (20.45 Uhr)<\/em><\/strong><\/p>\n\n\n\n<p><img loading=\"lazy\" decoding=\"async\" width=\"10\" height=\"21\" class=\"wp-image-3656\" style=\"width: 10px;\" src=\"http:\/\/kommentatorenblog.de\/wp-content\/uploads\/2020\/09\/shure-55sh-ii-e1601485394796.jpg\" alt=\"\" srcset=\"http:\/\/kommentatorenblog.de\/wp-content\/uploads\/2020\/09\/shure-55sh-ii-e1601485394796.jpg 415w, http:\/\/kommentatorenblog.de\/wp-content\/uploads\/2020\/09\/shure-55sh-ii-e1601485394796-142x300.jpg 142w\" sizes=\"auto, (max-width: 10px) 100vw, 10px\" \/> &#8211;<\/p>\n\n\n\n<p><span style=\"text-decoration: underline;\">Mittwoch, 02. Februar 2022<\/span><\/p>\n\n\n\n<p>Scottish Premiership, 22. Spieltag: <strong><em>Celtic Glasgow <strong><em>\u2013<\/em><\/strong> Glasgow Rangers (20.45 Uhr)<\/em><\/strong><\/p>\n\n\n\n<p><img loading=\"lazy\" decoding=\"async\" width=\"10\" height=\"21\" class=\"wp-image-3656\" style=\"width: 10px;\" src=\"http:\/\/kommentatorenblog.de\/wp-content\/uploads\/2020\/09\/shure-55sh-ii-e1601485394796.jpg\" alt=\"\" srcset=\"http:\/\/kommentatorenblog.de\/wp-content\/uploads\/2020\/09\/shure-55sh-ii-e1601485394796.jpg 415w, http:\/\/kommentatorenblog.de\/wp-content\/uploads\/2020\/09\/shure-55sh-ii-e1601485394796-142x300.jpg 142w\" sizes=\"auto, (max-width: 10px) 100vw, 10px\" \/> &#8211;<\/p>\n\n\n\n<p><span style=\"text-decoration: underline;\">Donnerstag, 03. Februar 2022<\/span><\/p>\n\n\n\n<p>Coupe de Belgique, Halbfinale (Hinspiel): <strong><em>KAS Eupen <strong><em>\u2013<\/em><\/strong> RSC Anderlecht (20.45 Uhr, TV-\u00dcbertragung ab 21.15 Uhr)<\/em><\/strong><\/p>\n\n\n\n<p><img loading=\"lazy\" decoding=\"async\" width=\"10\" height=\"21\" class=\"wp-image-3656\" style=\"width: 10px;\" src=\"http:\/\/kommentatorenblog.de\/wp-content\/uploads\/2020\/09\/shure-55sh-ii-e1601485394796.jpg\" alt=\"\" srcset=\"http:\/\/kommentatorenblog.de\/wp-content\/uploads\/2020\/09\/shure-55sh-ii-e1601485394796.jpg 415w, http:\/\/kommentatorenblog.de\/wp-content\/uploads\/2020\/09\/shure-55sh-ii-e1601485394796-142x300.jpg 142w\" sizes=\"auto, (max-width: 10px) 100vw, 10px\" \/> &#8211;<\/p>\n\n\n\n<hr class=\"wp-block-separator\"\/>\n\n\n\n<h5 class=\"wp-block-heading\"><strong><span class=\"has-inline-color has-vivid-red-color\">National Football League, Conference Championships<\/span><\/strong><\/h5>\n\n\n\n<p><span style=\"text-decoration: underline;\">Sonntag, 30. Januar 2022, ab 20.45 Uhr (DAZN \/ ProSieben)<\/span> <\/p>\n\n\n\n<p><strong><em>Cincinnatti Bengals @ Kansas City Chiefs (21.00 Uhr)<\/em><\/strong><\/p>\n\n\n\n<p><img loading=\"lazy\" decoding=\"async\" width=\"10\" height=\"21\" class=\"wp-image-3656\" style=\"width: 10px;\" src=\"http:\/\/kommentatorenblog.de\/wp-content\/uploads\/2020\/09\/shure-55sh-ii-e1601485394796.jpg\" alt=\"\" srcset=\"http:\/\/kommentatorenblog.de\/wp-content\/uploads\/2020\/09\/shure-55sh-ii-e1601485394796.jpg 415w, http:\/\/kommentatorenblog.de\/wp-content\/uploads\/2020\/09\/shure-55sh-ii-e1601485394796-142x300.jpg 142w\" sizes=\"auto, (max-width: 10px) 100vw, 10px\" \/> ProSieben: Jan Stecker, Icke Dommisch, Experte: Patrick Esume <\/p>\n\n\n\n<p><img loading=\"lazy\" decoding=\"async\" width=\"10\" height=\"21\" class=\"wp-image-3656\" style=\"width: 10px;\" src=\"http:\/\/kommentatorenblog.de\/wp-content\/uploads\/2020\/09\/shure-55sh-ii-e1601485394796.jpg\" alt=\"\" srcset=\"http:\/\/kommentatorenblog.de\/wp-content\/uploads\/2020\/09\/shure-55sh-ii-e1601485394796.jpg 415w, http:\/\/kommentatorenblog.de\/wp-content\/uploads\/2020\/09\/shure-55sh-ii-e1601485394796-142x300.jpg 142w\" sizes=\"auto, (max-width: 10px) 100vw, 10px\" \/> DAZN: Franz B\u00fcchner, Experte: Adrian Franke<\/p>\n\n\n\n<p>Moderation (DAZN): Christoph Stadtler<\/p>\n\n\n\n<p><span style=\"text-decoration: underline;\">Montag, 31. Januar 2022<\/span>, <\/p>\n\n\n\n<p><strong><em>San Francisco 49ers @ Los Angeles Rams (00.30 Uhr)<\/em><\/strong><\/p>\n\n\n\n<p><img loading=\"lazy\" decoding=\"async\" width=\"10\" height=\"21\" class=\"wp-image-3656\" style=\"width: 10px;\" src=\"http:\/\/kommentatorenblog.de\/wp-content\/uploads\/2020\/09\/shure-55sh-ii-e1601485394796.jpg\" alt=\"\" srcset=\"http:\/\/kommentatorenblog.de\/wp-content\/uploads\/2020\/09\/shure-55sh-ii-e1601485394796.jpg 415w, http:\/\/kommentatorenblog.de\/wp-content\/uploads\/2020\/09\/shure-55sh-ii-e1601485394796-142x300.jpg 142w\" sizes=\"auto, (max-width: 10px) 100vw, 10px\" \/> ProSieben: Carsten Spengemann, Icke Dommisch, Experte: Bj\u00f6rn Werner <\/p>\n\n\n\n<p><img loading=\"lazy\" decoding=\"async\" width=\"10\" height=\"21\" class=\"wp-image-3656\" style=\"width: 10px;\" src=\"http:\/\/kommentatorenblog.de\/wp-content\/uploads\/2020\/09\/shure-55sh-ii-e1601485394796.jpg\" alt=\"\" srcset=\"http:\/\/kommentatorenblog.de\/wp-content\/uploads\/2020\/09\/shure-55sh-ii-e1601485394796.jpg 415w, http:\/\/kommentatorenblog.de\/wp-content\/uploads\/2020\/09\/shure-55sh-ii-e1601485394796-142x300.jpg 142w\" sizes=\"auto, (max-width: 10px) 100vw, 10px\" \/> DAZN: G\u00fcnther Zapf, Experte: Arik Berendiek<\/p>\n\n\n\n<p>Moderation (DAZN): Flo Hauser<\/p>\n\n\n\n<hr class=\"wp-block-separator\"\/>\n\n\n\n<p id=\"analyse\"><strong>Die Analyse<\/strong><\/p>\n\n\n\n<p><strong>Magenta sendet durch<\/strong><\/p>\n\n\n\n<p>Sky und DAZN machen Pause &#8211; zumindest was den nationalen Fu\u00dfball angeht -, Magenta Sport sendet nach der englischen Woche auch am kommenden Wochenende munter weiter in Liga 3. Thomas Wagner verzeichnet dabei vor Olympia noch einen Doppeleinsatz und wird die Gastauftritte des VfL Osnabr\u00fcck und der M\u00fcnchner L\u00f6wen in Dortmund bzw. in K\u00f6ln als Moderator begleiten. Auch Cedric Pick kommt an Freitag und Samstag doppelt zum Einsatz, nachdem er f\u00fcr die Partie W\u00fcrzburg-Freiburg nach aktuellem Stand reinrotiert. Christian Stra\u00dfburger ist mit seinem Kommentatoren-Einsatz beim Nachholspiel kommenden Mittwoch gleich dreimal im Einsatz; zus\u00e4tzlich zu Duisburg-Osnabr\u00fcck kommentiert bzw. moderiert der die beiden L\u00f6wenclubs aus M\u00fcnchen bzw. Braunschweig. <\/p>\n\n\n\n<p>Mit von der Partie in der 3. Liga sind auch wieder Sender von der ARD. Der SWR \u00fcbertr\u00e4gt mit Florian Winkler, Moderator Benjamin W\u00fcst und Experte Thomas Riedl den FCK gegen den HFC. F\u00fcr Magenta sind Stefan Fuckert und wieder Cedric Pick dabei. Die von RBB Berlin gew\u00e4hlte Partie ist coronabedingt abgesagt. Daf\u00fcr findet zur sonst \u00fcblichen Sportschau-Zeit im Ersten das extra dort hingeschobene Spiel von Magdeburg gegen Saarbr\u00fccken statt. Hier moderieren Stephanie M\u00fcller-Spirra (ARD) und Anett Sattler (Magenta). Alexander K\u00fcpper kommentiert im Pay-TV, Florian Nass im Free-TV<\/p>\n\n\n\n<p><strong>Platz 150 der Weltrangliste bei Sportdigital<\/strong><\/p>\n\n\n\n<p>Bei Sportdigital FUSSBALL steht die n\u00e4chste Runde im Afrika-Cup an. Arne Malsch, Marvin Kirsch, Karsten Linke und J\u00f6rg Steiger kommen erneut im Wettbewerb zum Einsatz und berichten von den vier Viertelfinalpartien. Mit Gambia (Platz 150 der Weltrangliste) und \u00c4quatorialguinea (Platz 114) stehen auch zwei eher \u00fcberraschende Teams in der vorletzten Runde vorm Finale. <\/p>\n\n\n\n<p>Achtung an alle langfristigen Planer: Das mit Spannung erwartete Aufeinandertreffen der afrikanischen Topmannschaften \u00c4gypten und Marokko ist im Zuge der tragisch endenden Massenpanik am Montag in ein anderes Stadion verlegt worden. Weil dadurch zwei Spiele hintereinander im Stade Ahmadou Ahidjo stattfinden werden, ist die Partie auch um eine Stunde vorverlegt worden auf 16 Uhr. Das Spitzenspiel ist mit Karsten Linke top besetzt.<\/p>\n\n\n\n<p>Die Halbfinal-Ansetzungen stehen beim Sender Sportdigital FUSSBALL noch nicht fest.<\/p>\n\n\n\n<p><strong>Pokal in Spanien und Frankreich<\/strong><\/p>\n\n\n\n<p>In den Nachbarl\u00e4ndern Frankreich und Spanien geht indes der nationale Pokal in seine n\u00e4chste Runde. Vom franz\u00f6sischen Achtelfinale berichtet DAZN ebenso wie vom spanischen Viertelfinale. Jeweils zwei Partien sind &#8211; Stand jetzt &#8211; mit deutschem Kommentar besetzt. <br>SPORT1+ \u00fcbertr\u00e4gt vier Spiele vom Coupe de France mit deutschem Kommentar, drei parallel mit DAZN. Das zus\u00e4tzliche Spiel zwischen Erstligist Reims und dem korsischen Zweitligisten SC Bastia \u00fcbernimmt Hajo Wolff, ebenso wie das Aufeinandertreffen der derzeit besten Ligamannschaften Frankreichs am Montag. Auch Rudi Br\u00fcckner kommentiert mit dem S\u00fcdschlager ein Spiel.<\/p>\n\n\n\n<p>International stehen sind bei Sportdigital \u00dcbertragungen aus der zweiten englischen Liga, der australischen und der portugiesischen Liga im Programm. Fans der Primeira Liga sollten allerdings aufpassen: Im linearen TV verpassen sie wegen des Afrika-Cups jeweils die Anfangsphase der Partien. <br>Auch im internationalen Fu\u00dfball wird Karsten Linke im Einsatz sein, Christian Blunck hat ein englisch-portugiesisches Wochenende vor sich. <\/p>\n\n\n\n<p>SPORT1+ zeigt neben dem franz\u00f6sischen Pokal auch Spiele aus Belgien und Schottland, unter anderem das Old Firm am Mittwoch.<\/p>\n\n\n\n<p>F\u00fcr das n\u00e4chste Woche stattfindende Lissabon-Duell ist hingegen noch kein Kommentator eingeplant. Wir werden diesen, wie die weiteren noch offenen Ansetzungen nachtragen.<\/p>\n\n\n\n<p>In der NFL stehen in der Nacht auf Montag die Championships der beiden Conferences an. DAZN und ProSieben begleiten mit bew\u00e4hrtem Personal.<\/p>\n\n\n\n<hr class=\"wp-block-separator\"\/>\n\n\n\n<p>Ein trotz L\u00e4nderspielpause spannendes Sportwochenende steht also bevor. Oder um es frei nach dem alle Kommentatorenblog-Beitr\u00e4ge einleitenden Heribert Fa\u00dfbender zu sagen: &#8222;Dem Kampf gegen sportfreie Wochenenden soll ja hier der Kampf angesagt werden.&#8220; Kommt sportlich durch die Woche!<\/p>\n","protected":false},"excerpt":{"rendered":"<p>N&#8217;Abend allerseits, Olympia steht vor der T\u00fcr, wie man unschwer am seit Wochen tickenden Countdown im Programm von Eurosport erkennen kann. Doch nicht nur die Discovery-Tochter \u00fcbertr\u00e4gt, auch ARD und ZDF berichten dank Erwerb von Sublizenzen umfangreich von den zurecht sehr umstrittenen Spielen aus Peking. Die desastr\u00f6se Menschenrechtssituation in China, fehlende Transparenz und die zuletzt [&hellip;]<\/p>\n","protected":false},"author":12,"featured_media":0,"comment_status":"open","ping_status":"open","sticky":false,"template":"","format":"standard","meta":{"footnotes":""},"categories":[429],"tags":[685,603,163,794,816,826,153,813,216,377,46,19,801,263,495,582,564,706,256,57,535,790,35,302,442,171,822,13,462,797,14,570,99,501,120,331,32,567,803,792,825,793,48,810,804,274,58,248,315,815,489,59,50,491,294,9,806,812,572,67,250,700,416,130,821,802,581,176,817,17,820,800,814,733,709,798,183,789,788,293,818,805,823,824,525,808,819,316,563,222,795,415,434,134,796,154,575,710,16,643,686,33,811,809,602,273,705,402,807,502,565,37],"class_list":["post-11767","post","type-post","status-publish","format-standard","hentry","category-diverses","tag-afrika-cup","tag-alexander-kunz","tag-alexander-kuepper","tag-alexander-ruda","tag-alexander-schwan","tag-alexander-von-der-groeben","tag-alexis-menuge","tag-andreas-kuerten","tag-andreas-mann","tag-andreas-renner","tag-anett-sattler","tag-ard","tag-aris-donzelli","tag-arne-malsch","tag-benjamin-wuest","tag-bernd-schmelzer","tag-birgit-noessing","tag-bodo-boeck","tag-cedric-pick","tag-christian-blunck","tag-christian-dexne","tag-christian-ehrhoff","tag-christian-strassburger","tag-christoph-fetzer","tag-christoph-hamm","tag-christoph-stadtler","tag-daniel-weiss","tag-dazn","tag-eik-galley","tag-eike-papsdorf","tag-eurosport","tag-fabian-hambuechen","tag-florian-nass","tag-florian-winkler","tag-franz-buechner","tag-freddie-schulz","tag-gari-paubandt","tag-gerhard-leinauer","tag-guido-heuber","tag-hans-joachim-wolff","tag-heiko-klasen","tag-herbert-fritzenwenger","tag-jan-platte","tag-jan-wiecken","tag-jens-joerg-rieck","tag-jessy-wellmer","tag-joerg-steiger","tag-julia-scharf","tag-julian-engelhard","tag-julius-hilfenhaus","tag-kamila-benschop","tag-karsten-linke","tag-katrin-mueller-hohenstein","tag-kevin-gerwin","tag-lenny-leonhardt","tag-magenta-sport","tag-marc-rohde","tag-marc-windgassen","tag-mario-bast","tag-markus-hoehner","tag-markus-othmer","tag-martin-kern","tag-martin-lanig","tag-martin-piller","tag-martin-wolff","tag-martina-lechner","tag-marvin-kirsch","tag-matthias-stach","tag-maxi-stark","tag-mdr","tag-michael-kreutz","tag-michael-pfeffer","tag-nico-zacek","tag-nils-kaben","tag-norbert-galeske","tag-norbert-koenig","tag-oliver-forster","tag-oliver-sequenz","tag-olympia","tag-oskar-heirler","tag-peter-grube","tag-peter-leissl","tag-petra-bindl","tag-ralf-scholt","tag-rene-kindermann","tag-roman-knoblauch","tag-ron-ringguth","tag-rudi-brueckner","tag-rudi-cerne","tag-sebastian-kneissl","tag-sigi-heinrich","tag-simon-koepfer","tag-sport1-2","tag-sportdigital-fussball","tag-stefan-bier","tag-stefan-galler","tag-stephanie-mueller-spirra","tag-sven-voss","tag-swr","tag-thomas-braml","tag-thomas-riedl","tag-thomas-wagner","tag-thorsten-iffland","tag-tobias-barnerssoi","tag-tobias-schaefer","tag-tom-bartels","tag-torsten-pueschel","tag-ulf-kahmke","tag-volker-grube","tag-wilfried-hark","tag-wolfgang-nadvornik","tag-zdf"],"_links":{"self":[{"href":"http:\/\/kommentatorenblog.de\/index.php?rest_route=\/wp\/v2\/posts\/11767","targetHints":{"allow":["GET"]}}],"collection":[{"href":"http:\/\/kommentatorenblog.de\/index.php?rest_route=\/wp\/v2\/posts"}],"about":[{"href":"http:\/\/kommentatorenblog.de\/index.php?rest_route=\/wp\/v2\/types\/post"}],"author":[{"embeddable":true,"href":"http:\/\/kommentatorenblog.de\/index.php?rest_route=\/wp\/v2\/users\/12"}],"replies":[{"embeddable":true,"href":"http:\/\/kommentatorenblog.de\/index.php?rest_route=%2Fwp%2Fv2%2Fcomments&post=11767"}],"version-history":[{"count":72,"href":"http:\/\/kommentatorenblog.de\/index.php?rest_route=\/wp\/v2\/posts\/11767\/revisions"}],"predecessor-version":[{"id":11899,"href":"http:\/\/kommentatorenblog.de\/index.php?rest_route=\/wp\/v2\/posts\/11767\/revisions\/11899"}],"wp:attachment":[{"href":"http:\/\/kommentatorenblog.de\/index.php?rest_route=%2Fwp%2Fv2%2Fmedia&parent=11767"}],"wp:term":[{"taxonomy":"category","embeddable":true,"href":"http:\/\/kommentatorenblog.de\/index.php?rest_route=%2Fwp%2Fv2%2Fcategories&post=11767"},{"taxonomy":"post_tag","embeddable":true,"href":"http:\/\/kommentatorenblog.de\/index.php?rest_route=%2Fwp%2Fv2%2Ftags&post=11767"}],"curies":[{"name":"wp","href":"https:\/\/api.w.org\/{rel}","templated":true}]}}