{"id":12094,"date":"2022-02-21T19:42:59","date_gmt":"2022-02-21T17:42:59","guid":{"rendered":"http:\/\/kommentatorenblog.de\/?p=12094"},"modified":"2022-02-22T17:26:32","modified_gmt":"2022-02-22T15:26:32","slug":"1235-olympia-fazit-und-europapokal-ausblick","status":"publish","type":"post","link":"http:\/\/kommentatorenblog.de\/?p=12094","title":{"rendered":"1235 \u2013 Olympia-Fazit und Europapokal-Ausblick"},"content":{"rendered":"\n<p>N\u2019Abend allerseits,<\/p>\n\n\n\n<p>gestern sind die Olympischen Spiele mit der zeremoniellen Abschlussfeier zu Ende gegangen. Ein Event, das ja eigentlich immer pomp\u00f6s und pathetisch daherkommt, und dennoch in diesem Jahr besonders symptomatisch war f\u00fcr die Art und Weise, wie China dieses Sportereignis inszeniert hat. Die Botschaft einer Machtdemonstration, als erstes Land sowohl Sommer- als auch Winterspiele ausgetragen zu haben, war offensichtlich &#8211; aber auch erwartbar.<\/p>\n\n\n\n<p><strong>Olympia: Den Erwartungen entsprechend<\/strong><\/p>\n\n\n\n<p>Ohnehin haben die Olympischen Spiele 2022 meine Erwartung g\u00e4nzlich erf\u00fcllt, in sportlicher Hinsicht nahezu hervorragende Bedingungen zu schaffen, w\u00e4hrend die Nebenschaupl\u00e4tze mich dann doch eher zum Nachdenken anregten. Dazu gesellten sich einige Kuriosit\u00e4ten wie zum Beispiel die Disqualifikation deutscher Skispringer wegen ihrer Anz\u00fcge oder aber einige fragw\u00fcrdige Schiedsrichterentscheidungen, die chinesische Athletinnen ins Finale f\u00fchren sollten.<\/p>\n\n\n\n<p><strong>Deutsche im Eiskanal \u00fcberragend<\/strong><\/p>\n\n\n\n<p>In sportlicher Hinsicht wusste Deutschland aber sehr zu \u00fcberzeugen. Das war in diesem Ausma\u00df vielleicht auch nicht ganz zu erwarten, sofern ich das beurteilen kann. Insbesondere die Leistung der Deutschen im Eiskanal lie\u00df einen die Augen reiben. Mit neun von zehn Goldmedaillen dominierten die deutschen Rodler, Skeletoni und Bobpiloten die Wettbewerbe historisch. Natalie Geisenberger und Co. haben damit auch wesentlich dazu beigetragen, dass sich Deutschland insgesamt im Medaillenspiegel auf den zweiten Platz hinter Norwegen schieben konnte.<\/p>\n\n\n\n<p><strong>Deutsche Medaillen ungleich verteilt<\/strong><\/p>\n\n\n\n<p>Einziger Wermutstropfen: Lediglich zwei deutsche Verb\u00e4nde haben es aufs Treppchen geschafft, 2018 in Pyeongchang waren es noch f\u00fcnf. Eine etwas breitere Verteilung der Medaillen w\u00e4re sicherlich w\u00fcnschenswerter gewesen, unter anderem um einzelne Sportarten mehr ins Rampenlicht zu heben.<\/p>\n\n\n\n<p><strong>Lob f\u00fcr ARD und ZDF<\/strong><\/p>\n\n\n\n<p>Unterm Strich ziehe ich ein positives Fazit. Nachdem ich mir erst unsicher war, ob ich die Spiele \u00fcberhaupt verfolgen soll, bin ich froh, mir letzten Endes tats\u00e4chlich viele Wettbewerbe angeschaut zu haben &#8211; trotz der beschriebenen Misskl\u00e4nge rund um die Winterspiele. An dieser Stelle sei auch noch einmal die Berichterstattung der \u00d6ffentlich Rechtlichen Sender hervorzuheben, die meiner Meinung nach eine gute Mischung aus Sport und Kritik gefunden haben. Neben den Wettbewerben wurde immer auch den zu beanstandenden Missst\u00e4nden Platz einger\u00e4umt. Ein \u00e4hnliches Bild wird uns dann wahrscheinlich Ende diesen Jahres noch einmal ereilen. Und damit zur\u00fcck zum Fu\u00dfball.<\/p>\n\n\n\n<p><strong>Europapokal: Ohne Bayern &#8211; BVB unter Druck&nbsp;<\/strong><\/p>\n\n\n\n<p>In der K\u00f6nigsklasse darf sich mit dem FC Bayern M\u00fcnchen der einzige noch verbliebene deutsche Vertreter ausruhen. Erst in der n\u00e4chsten Woche kommt es zum R\u00fcckspiel gegen RB Salzburg. Stattdessen blickt Fu\u00dfball-Deutschland gespannt auf den BVB und die Frage, ob das Team von Marco Rose die Hinspielniederlage gegen Glasgow wettmachen und in die n\u00e4chste Runde der Euro League einziehen kann. Die Partie l\u00e4uft im Free TV. Auch Leipzig hat mit Real Sociedad noch ein H\u00fchnchen zu rupfen, dieses Spiel ist wiederum nicht frei empfangbar, wie ein Blick in Ansetzungen und Analyse verr\u00e4t.<\/p>\n\n\n\n<hr class=\"wp-block-separator\"\/>\n\n\n\n<p><strong>Die Ansetzungen vom 22. Februar bis zum 24. Februar 2022<\/strong><\/p>\n\n\n\n<p><strong>Champions League, Achtelfinal-Hinspiele <\/strong><\/p>\n\n\n\n<p><span style=\"text-decoration: underline;\">Dienstag, 22. Februar 2022, ab 20.00 Uhr (PrimeVideo)<\/span><\/p>\n\n\n\n<p><em><strong>FC Chelsea &#8211; OSC Lille (21.00 Uhr)<\/strong><\/em><\/p>\n\n\n\n<p><img loading=\"lazy\" decoding=\"async\" width=\"10\" height=\"21\" class=\"wp-image-3656\" style=\"width: 10px;\" src=\"http:\/\/kommentatorenblog.de\/wp-content\/uploads\/2020\/09\/shure-55sh-ii-e1601485394796.jpg\" alt=\"\" srcset=\"http:\/\/kommentatorenblog.de\/wp-content\/uploads\/2020\/09\/shure-55sh-ii-e1601485394796.jpg 415w, http:\/\/kommentatorenblog.de\/wp-content\/uploads\/2020\/09\/shure-55sh-ii-e1601485394796-142x300.jpg 142w\" sizes=\"auto, (max-width: 10px) 100vw, 10px\" \/> Jonas Friedrich, Experte: Benedikt H\u00f6wedes<\/p>\n\n\n\n<p>Field-Reporter: Annika Zimmermann<\/p>\n\n\n\n<p>Moderation (Stadion): Sebastian Hellmann, Experten: Mario Gomez, Kim Kulig und Robert Huth<\/p>\n\n\n\n<p>Schiedsrichterexperte: Wolfgang Stark<\/p>\n\n\n\n<p>Experte (Highlightshow nach dem Spiel): Patrick Owomoyela<\/p>\n\n\n\n<p><span style=\"text-decoration: underline;\">ab 20.30 Uhr (DAZN)<\/span><\/p>\n\n\n\n<p><em><strong>FC Villarreal &#8211; Juventus Turin (21.00 Uhr)<\/strong><\/em><\/p>\n\n\n\n<p><img loading=\"lazy\" decoding=\"async\" width=\"10\" height=\"21\" class=\"wp-image-3656\" style=\"width: 10px;\" src=\"http:\/\/kommentatorenblog.de\/wp-content\/uploads\/2020\/09\/shure-55sh-ii-e1601485394796.jpg\" alt=\"\" srcset=\"http:\/\/kommentatorenblog.de\/wp-content\/uploads\/2020\/09\/shure-55sh-ii-e1601485394796.jpg 415w, http:\/\/kommentatorenblog.de\/wp-content\/uploads\/2020\/09\/shure-55sh-ii-e1601485394796-142x300.jpg 142w\" sizes=\"auto, (max-width: 10px) 100vw, 10px\" \/> Marco Hagemann <\/p>\n\n\n\n<p>Moderation: Daniel Herzog Experte: Ralph Gunesch<\/p>\n\n\n\n<p><span style=\"text-decoration: underline;\">Mittwoch, 23. Februar 2022, ab 20.45 Uhr (DAZN)<\/span><\/p>\n\n\n\n<p><em><strong>SL Benfica &#8211; Ajax Amsterdam (21.00 Uhr)<\/strong><\/em><\/p>\n\n\n\n<p><img loading=\"lazy\" decoding=\"async\" width=\"10\" height=\"21\" class=\"wp-image-3656\" style=\"width: 10px;\" src=\"http:\/\/kommentatorenblog.de\/wp-content\/uploads\/2020\/09\/shure-55sh-ii-e1601485394796.jpg\" alt=\"\" srcset=\"http:\/\/kommentatorenblog.de\/wp-content\/uploads\/2020\/09\/shure-55sh-ii-e1601485394796.jpg 415w, http:\/\/kommentatorenblog.de\/wp-content\/uploads\/2020\/09\/shure-55sh-ii-e1601485394796-142x300.jpg 142w\" sizes=\"auto, (max-width: 10px) 100vw, 10px\" \/> Lukas Sch\u00f6nm\u00fcller, Experte: Benny Lauth (Einzelspiel), Michael Born (Konferenz)<\/p>\n\n\n\n<p><em><strong>Atl\u00e9tico Madrid &#8211; Manchester United (21.00 Uhr)<\/strong><\/em><\/p>\n\n\n\n<p><img loading=\"lazy\" decoding=\"async\" width=\"10\" height=\"21\" class=\"wp-image-3656\" style=\"width: 10px;\" src=\"http:\/\/kommentatorenblog.de\/wp-content\/uploads\/2020\/09\/shure-55sh-ii-e1601485394796.jpg\" alt=\"\" srcset=\"http:\/\/kommentatorenblog.de\/wp-content\/uploads\/2020\/09\/shure-55sh-ii-e1601485394796.jpg 415w, http:\/\/kommentatorenblog.de\/wp-content\/uploads\/2020\/09\/shure-55sh-ii-e1601485394796-142x300.jpg 142w\" sizes=\"auto, (max-width: 10px) 100vw, 10px\" \/> Uli Hebel, Experte: Sebastian Knei\u00dfl (Einzelspiel), Jan Platte (Konferenz)<\/p>\n\n\n\n<p>Moderation: Tobi Wahnschaffe, Field-Reporter: Alex Schl\u00fcter<\/p>\n\n\n\n<p>Moderation (Konferenz): Jan L\u00fcdeke <\/p>\n\n\n\n<hr class=\"wp-block-separator\"\/>\n\n\n\n<p><strong>Europa League \/ Europa Conference League Zwischenrunde (RTL\/RTL+)<\/strong><\/p>\n\n\n\n<p><span style=\"text-decoration: underline;\"><strong>Donnerstag, 24. Februar 2022 (RTL+ <\/strong><\/span>)<\/p>\n\n\n\n<p><strong><em>Die Konferenz:<\/em><\/strong><\/p>\n\n\n\n<p><img loading=\"lazy\" decoding=\"async\" width=\"10\" height=\"21\" class=\"wp-image-3656\" style=\"width: 10px;\" src=\"http:\/\/kommentatorenblog.de\/wp-content\/uploads\/2020\/09\/shure-55sh-ii-e1601485394796.jpg\" alt=\"\" srcset=\"http:\/\/kommentatorenblog.de\/wp-content\/uploads\/2020\/09\/shure-55sh-ii-e1601485394796.jpg 415w, http:\/\/kommentatorenblog.de\/wp-content\/uploads\/2020\/09\/shure-55sh-ii-e1601485394796-142x300.jpg 142w\" sizes=\"auto, (max-width: 10px) 100vw, 10px\" \/> Stefan Fuckert <\/p>\n\n\n\n<p>Moderation: Anna Kraft, Robby Hunke, Arnd Zeigler und Ansgar Brinkmann <\/p>\n\n\n\n<p><span style=\"text-decoration: underline;\"><strong>ab 20.15 Uhr (RTL\/RTL+)<\/strong><\/span><\/p>\n\n\n\n<p><strong><em>Glasgow Rangers &#8211; Borussia Dortmund (21.00 Uhr)<\/em><\/strong><\/p>\n\n\n\n<p>RTL: <img loading=\"lazy\" decoding=\"async\" width=\"10\" height=\"21\" class=\"wp-image-3656\" style=\"width: 10px;\" src=\"http:\/\/kommentatorenblog.de\/wp-content\/uploads\/2020\/09\/shure-55sh-ii-e1601485394796.jpg\" alt=\"\" srcset=\"http:\/\/kommentatorenblog.de\/wp-content\/uploads\/2020\/09\/shure-55sh-ii-e1601485394796.jpg 415w, http:\/\/kommentatorenblog.de\/wp-content\/uploads\/2020\/09\/shure-55sh-ii-e1601485394796-142x300.jpg 142w\" sizes=\"auto, (max-width: 10px) 100vw, 10px\" \/> Marco Hagemann, Experte: Steffen Freund, Field-Reporter: Thomas Wagner<\/p>\n\n\n\n<p>RTL+: <img loading=\"lazy\" decoding=\"async\" width=\"10\" height=\"21\" class=\"wp-image-3656\" style=\"width: 10px;\" src=\"http:\/\/kommentatorenblog.de\/wp-content\/uploads\/2020\/09\/shure-55sh-ii-e1601485394796.jpg\" alt=\"\" srcset=\"http:\/\/kommentatorenblog.de\/wp-content\/uploads\/2020\/09\/shure-55sh-ii-e1601485394796.jpg 415w, http:\/\/kommentatorenblog.de\/wp-content\/uploads\/2020\/09\/shure-55sh-ii-e1601485394796-142x300.jpg 142w\" sizes=\"auto, (max-width: 10px) 100vw, 10px\" \/> Klaus Veltman<\/p>\n\n\n\n<p>Moderation (RTL): Laura Papendick, Experte: Karl-Heinz Riedle<\/p>\n\n\n\n<p><span style=\"text-decoration: underline;\"><strong>ab 18.30 Uhr (RTL+)<\/strong><\/span><\/p>\n\n\n\n<p><strong><em><span><b style=\"font-style: italic;\">Real Sociedad San <\/b><span style=\"font-weight: 600;\"><i>Sebasti\u00e1n<\/i><\/span><b style=\"font-style: italic;\"> &#8211; <span><b style=\"font-style: italic;\">RB Leipzig<\/b><\/span> <\/b><\/span>(18.45 Uhr)<\/em><\/strong><\/p>\n\n\n\n<p><img loading=\"lazy\" decoding=\"async\" width=\"10\" height=\"21\" class=\"wp-image-3656\" style=\"width: 10px;\" src=\"http:\/\/kommentatorenblog.de\/wp-content\/uploads\/2020\/09\/shure-55sh-ii-e1601485394796.jpg\" alt=\"\" srcset=\"http:\/\/kommentatorenblog.de\/wp-content\/uploads\/2020\/09\/shure-55sh-ii-e1601485394796.jpg 415w, http:\/\/kommentatorenblog.de\/wp-content\/uploads\/2020\/09\/shure-55sh-ii-e1601485394796-142x300.jpg 142w\" sizes=\"auto, (max-width: 10px) 100vw, 10px\" \/> Michael Born<\/p>\n\n\n\n<p><em><strong>Lazio Rom &#8211; FC Porto (18.45 Uhr)<\/strong><\/em><\/p>\n\n\n\n<p><img loading=\"lazy\" decoding=\"async\" width=\"10\" height=\"21\" class=\"wp-image-3656\" style=\"width: 10px;\" src=\"http:\/\/kommentatorenblog.de\/wp-content\/uploads\/2020\/09\/shure-55sh-ii-e1601485394796.jpg\" alt=\"\" srcset=\"http:\/\/kommentatorenblog.de\/wp-content\/uploads\/2020\/09\/shure-55sh-ii-e1601485394796.jpg 415w, http:\/\/kommentatorenblog.de\/wp-content\/uploads\/2020\/09\/shure-55sh-ii-e1601485394796-142x300.jpg 142w\" sizes=\"auto, (max-width: 10px) 100vw, 10px\" \/> Christina Graf<\/p>\n\n\n\n<p><strong><em><span><b style=\"font-style: italic;\">Dinamo Zagreb &#8211; <\/b><span style=\"font-weight: 600;\"><i>FC Sevilla<\/i><\/span><\/span> (18.45 Uhr)<\/em><\/strong><\/p>\n\n\n\n<p><img loading=\"lazy\" decoding=\"async\" width=\"10\" height=\"21\" class=\"wp-image-3656\" style=\"width: 10px;\" src=\"http:\/\/kommentatorenblog.de\/wp-content\/uploads\/2020\/09\/shure-55sh-ii-e1601485394796.jpg\" alt=\"\" srcset=\"http:\/\/kommentatorenblog.de\/wp-content\/uploads\/2020\/09\/shure-55sh-ii-e1601485394796.jpg 415w, http:\/\/kommentatorenblog.de\/wp-content\/uploads\/2020\/09\/shure-55sh-ii-e1601485394796-142x300.jpg 142w\" sizes=\"auto, (max-width: 10px) 100vw, 10px\" \/> Philip Konrad<\/p>\n\n\n\n<p><em><strong>Maccabi Tel Aviv &#8211; PSV Eindhoven (18.45 Uhr)<\/strong><\/em><\/p>\n\n\n\n<p><img loading=\"lazy\" decoding=\"async\" width=\"10\" height=\"21\" class=\"wp-image-3656\" style=\"width: 10px;\" src=\"http:\/\/kommentatorenblog.de\/wp-content\/uploads\/2020\/09\/shure-55sh-ii-e1601485394796.jpg\" alt=\"\" srcset=\"http:\/\/kommentatorenblog.de\/wp-content\/uploads\/2020\/09\/shure-55sh-ii-e1601485394796.jpg 415w, http:\/\/kommentatorenblog.de\/wp-content\/uploads\/2020\/09\/shure-55sh-ii-e1601485394796-142x300.jpg 142w\" sizes=\"auto, (max-width: 10px) 100vw, 10px\" \/> Heiko Wasser<\/p>\n\n\n\n<p><span style=\"text-decoration: underline;\"><strong>ab 20.40 Uhr (RTL+)<\/strong><\/span><\/p>\n\n\n\n<p><em><strong>SSC Neapel &#8211; FC Barcelona (21.00 Uhr)<\/strong><\/em><\/p>\n\n\n\n<p><img loading=\"lazy\" decoding=\"async\" width=\"10\" height=\"21\" class=\"wp-image-3656\" style=\"width: 10px;\" src=\"http:\/\/kommentatorenblog.de\/wp-content\/uploads\/2020\/09\/shure-55sh-ii-e1601485394796.jpg\" alt=\"\" srcset=\"http:\/\/kommentatorenblog.de\/wp-content\/uploads\/2020\/09\/shure-55sh-ii-e1601485394796.jpg 415w, http:\/\/kommentatorenblog.de\/wp-content\/uploads\/2020\/09\/shure-55sh-ii-e1601485394796-142x300.jpg 142w\" sizes=\"auto, (max-width: 10px) 100vw, 10px\" \/> Christian Stra\u00dfburger<\/p>\n\n\n\n<p><em><strong>Slavia Prag &#8211; Fenerbahce Istanbul (21.00 Uhr)<\/strong><\/em><\/p>\n\n\n\n<p><img loading=\"lazy\" decoding=\"async\" width=\"10\" height=\"21\" class=\"wp-image-3656\" style=\"width: 10px;\" src=\"http:\/\/kommentatorenblog.de\/wp-content\/uploads\/2020\/09\/shure-55sh-ii-e1601485394796.jpg\" alt=\"\" srcset=\"http:\/\/kommentatorenblog.de\/wp-content\/uploads\/2020\/09\/shure-55sh-ii-e1601485394796.jpg 415w, http:\/\/kommentatorenblog.de\/wp-content\/uploads\/2020\/09\/shure-55sh-ii-e1601485394796-142x300.jpg 142w\" sizes=\"auto, (max-width: 10px) 100vw, 10px\" \/> Julian Engelhard<\/p>\n\n\n\n<p><em><strong>Vitesse Arnheim &#8211; Rapid Wien (21.00 Uhr)<\/strong><\/em><\/p>\n\n\n\n<p><img loading=\"lazy\" decoding=\"async\" width=\"10\" height=\"21\" class=\"wp-image-3656\" style=\"width: 10px;\" src=\"http:\/\/kommentatorenblog.de\/wp-content\/uploads\/2020\/09\/shure-55sh-ii-e1601485394796.jpg\" alt=\"\" srcset=\"http:\/\/kommentatorenblog.de\/wp-content\/uploads\/2020\/09\/shure-55sh-ii-e1601485394796.jpg 415w, http:\/\/kommentatorenblog.de\/wp-content\/uploads\/2020\/09\/shure-55sh-ii-e1601485394796-142x300.jpg 142w\" sizes=\"auto, (max-width: 10px) 100vw, 10px\" \/> Christoph Stadtler<\/p>\n\n\n\n<hr class=\"wp-block-separator\"\/>\n\n\n\n<p><strong>Premier League, Nachholspiele (Sky)<\/strong><\/p>\n\n\n\n<p><span style=\"text-decoration: underline;\">Mittwoch, 23. Februar ab 20.20 Uhr<\/span><\/p>\n\n\n\n<p>13. Spieltag: <strong><em>FC Burnley &#8211; Tottenham Hotspur (20.30 Uhr)<\/em><\/strong><\/p>\n\n\n\n<p><img loading=\"lazy\" decoding=\"async\" width=\"10\" height=\"21\" class=\"wp-image-3656\" style=\"width: 10px;\" src=\"http:\/\/kommentatorenblog.de\/wp-content\/uploads\/2020\/09\/shure-55sh-ii-e1601485394796.jpg\" alt=\"\" srcset=\"http:\/\/kommentatorenblog.de\/wp-content\/uploads\/2020\/09\/shure-55sh-ii-e1601485394796.jpg 415w, http:\/\/kommentatorenblog.de\/wp-content\/uploads\/2020\/09\/shure-55sh-ii-e1601485394796-142x300.jpg 142w\" sizes=\"auto, (max-width: 10px) 100vw, 10px\" \/> Joachim Hebel<\/p>\n\n\n\n<p>18. Spieltag: <strong><em>FC Watford &#8211; Crystal Palace (20.30 Uhr)<\/em><\/strong><\/p>\n\n\n\n<p><img loading=\"lazy\" decoding=\"async\" width=\"10\" height=\"21\" class=\"wp-image-3656\" style=\"width: 10px;\" src=\"http:\/\/kommentatorenblog.de\/wp-content\/uploads\/2020\/09\/shure-55sh-ii-e1601485394796.jpg\" alt=\"\" srcset=\"http:\/\/kommentatorenblog.de\/wp-content\/uploads\/2020\/09\/shure-55sh-ii-e1601485394796.jpg 415w, http:\/\/kommentatorenblog.de\/wp-content\/uploads\/2020\/09\/shure-55sh-ii-e1601485394796-142x300.jpg 142w\" sizes=\"auto, (max-width: 10px) 100vw, 10px\" \/> Philipp Langosz<\/p>\n\n\n\n<p><span style=\"text-decoration: underline;\">ab 20.35 Uhr<\/span><\/p>\n\n\n\n<p>19. Spieltag: <strong><em>FC Liverpool &#8211; Leeds United (20.45 Uhr)<\/em><\/strong><\/p>\n\n\n\n<p><img loading=\"lazy\" decoding=\"async\" width=\"10\" height=\"21\" class=\"wp-image-3656\" style=\"width: 10px;\" src=\"http:\/\/kommentatorenblog.de\/wp-content\/uploads\/2020\/09\/shure-55sh-ii-e1601485394796.jpg\" alt=\"\" srcset=\"http:\/\/kommentatorenblog.de\/wp-content\/uploads\/2020\/09\/shure-55sh-ii-e1601485394796.jpg 415w, http:\/\/kommentatorenblog.de\/wp-content\/uploads\/2020\/09\/shure-55sh-ii-e1601485394796-142x300.jpg 142w\" sizes=\"auto, (max-width: 10px) 100vw, 10px\" \/> Jonas Friedrich<\/p>\n\n\n\n<p><span style=\"text-decoration: underline;\">Donnerstag, 24. Februar ab 20.35 Uhr<\/span><\/p>\n\n\n\n<p>20. Spieltag: <strong><em>FC Arsenal &#8211; Wolverhampton Wanderers (20.45 Uhr)<\/em><\/strong><\/p>\n\n\n\n<p><img loading=\"lazy\" decoding=\"async\" width=\"10\" height=\"21\" class=\"wp-image-3656\" style=\"width: 10px;\" src=\"http:\/\/kommentatorenblog.de\/wp-content\/uploads\/2020\/09\/shure-55sh-ii-e1601485394796.jpg\" alt=\"\" srcset=\"http:\/\/kommentatorenblog.de\/wp-content\/uploads\/2020\/09\/shure-55sh-ii-e1601485394796.jpg 415w, http:\/\/kommentatorenblog.de\/wp-content\/uploads\/2020\/09\/shure-55sh-ii-e1601485394796-142x300.jpg 142w\" sizes=\"auto, (max-width: 10px) 100vw, 10px\" \/> Joachim Hebel<\/p>\n\n\n\n<hr class=\"wp-block-separator\"\/>\n\n\n\n<p><strong>Internationaler Fu\u00dfball (Sportdigital FUSSBALL)<\/strong><\/p>\n\n\n\n<p><span style=\"text-decoration: underline;\"><span style=\"text-decoration: underline;\">Mittwoch, 23. Februar 2022<\/span><\/span><\/p>\n\n\n\n<p>Conmebol Libertadores, 2. Runde, Hinspiel: <strong><em>Millonarios &#8211; Fluminense (1.30 Uhr)<\/em><\/strong><\/p>\n\n\n\n<p><img loading=\"lazy\" decoding=\"async\" width=\"10\" height=\"21\" class=\"wp-image-3656\" style=\"width: 10px;\" src=\"http:\/\/kommentatorenblog.de\/wp-content\/uploads\/2020\/09\/shure-55sh-ii-e1601485394796.jpg\" alt=\"\" srcset=\"http:\/\/kommentatorenblog.de\/wp-content\/uploads\/2020\/09\/shure-55sh-ii-e1601485394796.jpg 415w, http:\/\/kommentatorenblog.de\/wp-content\/uploads\/2020\/09\/shure-55sh-ii-e1601485394796-142x300.jpg 142w\" sizes=\"auto, (max-width: 10px) 100vw, 10px\" \/> Arne Malsch<\/p>\n\n\n\n<hr class=\"wp-block-separator\"\/>\n\n\n\n<p><strong>Champions League, Achtelfinale (Hinspiele) auf SkySportAustria<\/strong><\/p>\n\n\n\n<p><span style=\"text-decoration: underline;\">Dienstag, 22. Februar 2022 (ab 20.00 Uhr)<\/span><\/p>\n\n\n\n<p><em><strong><em><strong>FC Chelsea &#8211; OSC Lille (21.00 Uhr)<\/strong><\/em><\/strong><\/em><\/p>\n\n\n\n<p><img loading=\"lazy\" decoding=\"async\" width=\"10\" height=\"21\" class=\"wp-image-3656\" style=\"width: 10px;\" src=\"http:\/\/kommentatorenblog.de\/wp-content\/uploads\/2020\/09\/shure-55sh-ii-e1601485394796.jpg\" alt=\"\" srcset=\"http:\/\/kommentatorenblog.de\/wp-content\/uploads\/2020\/09\/shure-55sh-ii-e1601485394796.jpg 415w, http:\/\/kommentatorenblog.de\/wp-content\/uploads\/2020\/09\/shure-55sh-ii-e1601485394796-142x300.jpg 142w\" sizes=\"auto, (max-width: 10px) 100vw, 10px\" \/> David Eder (Einzelspiel), Gerfried Pr\u00f6ll (Konferenz)<\/p>\n\n\n\n<p><em><strong><em><strong>FC Villarreal &#8211; Juventus Turin (21.00 Uhr)<\/strong><\/em><\/strong><\/em><\/p>\n\n\n\n<p><img loading=\"lazy\" decoding=\"async\" width=\"10\" height=\"21\" class=\"wp-image-3656\" style=\"width: 10px;\" src=\"http:\/\/kommentatorenblog.de\/wp-content\/uploads\/2020\/09\/shure-55sh-ii-e1601485394796.jpg\" alt=\"\" srcset=\"http:\/\/kommentatorenblog.de\/wp-content\/uploads\/2020\/09\/shure-55sh-ii-e1601485394796.jpg 415w, http:\/\/kommentatorenblog.de\/wp-content\/uploads\/2020\/09\/shure-55sh-ii-e1601485394796-142x300.jpg 142w\" sizes=\"auto, (max-width: 10px) 100vw, 10px\" \/>  Philipp Paternina (Einzelspiel), Charly Leitner (Konferenz)<\/p>\n\n\n\n<p>Moderation: Martin Konrad, Experten: Didi Hamann &amp; Markus Schopp<\/p>\n\n\n\n<p><span style=\"text-decoration: underline;\">Mittwoch, 23. Februar 2022 (ab 20.00 Uhr)<\/span><\/p>\n\n\n\n<p><strong><em><em><strong>SL Benfica &#8211; Ajax Amsterdam (21.00 Uhr)<\/strong><\/em><\/em><\/strong><\/p>\n\n\n\n<p><img loading=\"lazy\" decoding=\"async\" width=\"10\" height=\"21\" class=\"wp-image-3656\" style=\"width: 10px;\" src=\"http:\/\/kommentatorenblog.de\/wp-content\/uploads\/2020\/09\/shure-55sh-ii-e1601485394796.jpg\" alt=\"\" srcset=\"http:\/\/kommentatorenblog.de\/wp-content\/uploads\/2020\/09\/shure-55sh-ii-e1601485394796.jpg 415w, http:\/\/kommentatorenblog.de\/wp-content\/uploads\/2020\/09\/shure-55sh-ii-e1601485394796-142x300.jpg 142w\" sizes=\"auto, (max-width: 10px) 100vw, 10px\" \/> Hansi K\u00fcpper (Einzelspiel), Gerfried Pr\u00f6ll (Konferenz)<\/p>\n\n\n\n<p><em><strong><em><strong><em><strong>Atl\u00e9tico Madrid &#8211; Manchester United (21.00 Uhr)<\/strong><\/em><\/strong><\/em><\/strong><\/em><\/p>\n\n\n\n<p><img loading=\"lazy\" decoding=\"async\" width=\"10\" height=\"21\" class=\"wp-image-3656\" style=\"width: 10px;\" src=\"http:\/\/kommentatorenblog.de\/wp-content\/uploads\/2020\/09\/shure-55sh-ii-e1601485394796.jpg\" alt=\"\" srcset=\"http:\/\/kommentatorenblog.de\/wp-content\/uploads\/2020\/09\/shure-55sh-ii-e1601485394796.jpg 415w, http:\/\/kommentatorenblog.de\/wp-content\/uploads\/2020\/09\/shure-55sh-ii-e1601485394796-142x300.jpg 142w\" sizes=\"auto, (max-width: 10px) 100vw, 10px\" \/> Otto Rosenauer (Einzelspiel), Philipp Paternina (Konferenz)<\/p>\n\n\n\n<p>Moderation: Constanze Weiss, Experten: Marc Janko &amp; Peter St\u00f6ger<\/p>\n\n\n\n<hr class=\"wp-block-separator\"\/>\n\n\n\n<p><strong>Europa League \/ Conference League, Zwischenrunden-R\u00fcckspiele (Sky Sport Austria)<\/strong><\/p>\n\n\n\n<p><span style=\"text-decoration: underline;\">ab 18.35 Uhr<\/span><\/p>\n\n\n\n<p><em><strong>Dinamo Zagreb &#8211; <em><strong>FC Sevilla<\/strong><\/em> (18.45 Uhr)<\/strong><\/em><\/p>\n\n\n\n<p><img loading=\"lazy\" decoding=\"async\" width=\"10\" height=\"21\" class=\"wp-image-3656\" style=\"width: 10px;\" src=\"http:\/\/kommentatorenblog.de\/wp-content\/uploads\/2020\/09\/shure-55sh-ii-e1601485394796.jpg\" alt=\"\" srcset=\"http:\/\/kommentatorenblog.de\/wp-content\/uploads\/2020\/09\/shure-55sh-ii-e1601485394796.jpg 415w, http:\/\/kommentatorenblog.de\/wp-content\/uploads\/2020\/09\/shure-55sh-ii-e1601485394796-142x300.jpg 142w\" sizes=\"auto, (max-width: 10px) 100vw, 10px\" \/> Marcel Meinert (Konferenz)<\/p>\n\n\n\n<p><em><strong>Olympiakos Pir\u00e4us &#8211; <em><strong>Atalanta Bergamo<\/strong><\/em> (18.45 Uhr)<\/strong><\/em><\/p>\n\n\n\n<p><img loading=\"lazy\" decoding=\"async\" width=\"10\" height=\"21\" class=\"wp-image-3656\" style=\"width: 10px;\" src=\"http:\/\/kommentatorenblog.de\/wp-content\/uploads\/2020\/09\/shure-55sh-ii-e1601485394796.jpg\" alt=\"\" srcset=\"http:\/\/kommentatorenblog.de\/wp-content\/uploads\/2020\/09\/shure-55sh-ii-e1601485394796.jpg 415w, http:\/\/kommentatorenblog.de\/wp-content\/uploads\/2020\/09\/shure-55sh-ii-e1601485394796-142x300.jpg 142w\" sizes=\"auto, (max-width: 10px) 100vw, 10px\" \/> Hannes Herrmann (Konferenz)<\/p>\n\n\n\n<p><span><b style=\"font-style: italic;\">Real Sociedad San <\/b><span style=\"font-weight: 600;\"><i>Sebasti\u00e1n<\/i><\/span><b style=\"font-style: italic;\"> &#8211; RB Leipzig <em><strong>(18.45 Uhr)<\/strong><\/em><\/b><\/span><\/p>\n\n\n\n<p><img loading=\"lazy\" decoding=\"async\" width=\"10\" height=\"21\" class=\"wp-image-3656\" style=\"width: 10px;\" src=\"http:\/\/kommentatorenblog.de\/wp-content\/uploads\/2020\/09\/shure-55sh-ii-e1601485394796.jpg\" alt=\"\" srcset=\"http:\/\/kommentatorenblog.de\/wp-content\/uploads\/2020\/09\/shure-55sh-ii-e1601485394796.jpg 415w, http:\/\/kommentatorenblog.de\/wp-content\/uploads\/2020\/09\/shure-55sh-ii-e1601485394796-142x300.jpg 142w\" sizes=\"auto, (max-width: 10px) 100vw, 10px\" \/> Phillip Lautischer (Konferenz)<\/p>\n\n\n\n<p><em><strong>Lazio Rom &#8211; FC Porto <em><strong>(18.45 Uhr)<\/strong><\/em><\/strong><\/em><\/p>\n\n\n\n<p><img loading=\"lazy\" decoding=\"async\" width=\"10\" height=\"21\" class=\"wp-image-3656\" style=\"width: 10px;\" src=\"http:\/\/kommentatorenblog.de\/wp-content\/uploads\/2020\/09\/shure-55sh-ii-e1601485394796.jpg\" alt=\"\" srcset=\"http:\/\/kommentatorenblog.de\/wp-content\/uploads\/2020\/09\/shure-55sh-ii-e1601485394796.jpg 415w, http:\/\/kommentatorenblog.de\/wp-content\/uploads\/2020\/09\/shure-55sh-ii-e1601485394796-142x300.jpg 142w\" sizes=\"auto, (max-width: 10px) 100vw, 10px\" \/> Charly Leitner (Konferenz)<\/p>\n\n\n\n<p><em><strong>Randers FC &#8211; Leicester City <em><strong>(18.45 Uhr)<\/strong><\/em><\/strong><\/em><\/p>\n\n\n\n<p><img loading=\"lazy\" decoding=\"async\" width=\"10\" height=\"21\" class=\"wp-image-3656\" style=\"width: 10px;\" src=\"http:\/\/kommentatorenblog.de\/wp-content\/uploads\/2020\/09\/shure-55sh-ii-e1601485394796.jpg\" alt=\"\" srcset=\"http:\/\/kommentatorenblog.de\/wp-content\/uploads\/2020\/09\/shure-55sh-ii-e1601485394796.jpg 415w, http:\/\/kommentatorenblog.de\/wp-content\/uploads\/2020\/09\/shure-55sh-ii-e1601485394796-142x300.jpg 142w\" sizes=\"auto, (max-width: 10px) 100vw, 10px\" \/> Uli Hebel (Konferenz)<\/p>\n\n\n\n<p>Moderation: Johannes Brandl, Experte: Alfred Tatar<\/p>\n\n\n\n<p><span style=\"text-decoration: underline;\">ab 20.50 Uhr<\/span><\/p>\n\n\n\n<p><em><strong>Glasgow Rangers &#8211; <em><strong>Borussia Dortmund<\/strong><\/em> (21.00 Uhr)<\/strong><\/em><\/p>\n\n\n\n<p><img loading=\"lazy\" decoding=\"async\" width=\"10\" height=\"21\" class=\"wp-image-3656\" style=\"width: 10px;\" src=\"http:\/\/kommentatorenblog.de\/wp-content\/uploads\/2020\/09\/shure-55sh-ii-e1601485394796.jpg\" alt=\"\" srcset=\"http:\/\/kommentatorenblog.de\/wp-content\/uploads\/2020\/09\/shure-55sh-ii-e1601485394796.jpg 415w, http:\/\/kommentatorenblog.de\/wp-content\/uploads\/2020\/09\/shure-55sh-ii-e1601485394796-142x300.jpg 142w\" sizes=\"auto, (max-width: 10px) 100vw, 10px\" \/> Hansi K\u00fcpper (Konferenz)<\/p>\n\n\n\n<p><em><strong>SSC Neapel &#8211; <em><strong>FC Barcelona <\/strong><\/em>(21.00 Uhr)<\/strong><\/em><\/p>\n\n\n\n<p><img loading=\"lazy\" decoding=\"async\" width=\"10\" height=\"21\" class=\"wp-image-3656\" style=\"width: 10px;\" src=\"http:\/\/kommentatorenblog.de\/wp-content\/uploads\/2020\/09\/shure-55sh-ii-e1601485394796.jpg\" alt=\"\" srcset=\"http:\/\/kommentatorenblog.de\/wp-content\/uploads\/2020\/09\/shure-55sh-ii-e1601485394796.jpg 415w, http:\/\/kommentatorenblog.de\/wp-content\/uploads\/2020\/09\/shure-55sh-ii-e1601485394796-142x300.jpg 142w\" sizes=\"auto, (max-width: 10px) 100vw, 10px\" \/> Guido Friedrich (Konferenz)<\/p>\n\n\n\n<p><strong><em>Vitesse Arnheim &#8211; SK Rapid Wien (21.00 Uhr) <\/em><\/strong><\/p>\n\n\n\n<p><img loading=\"lazy\" decoding=\"async\" width=\"10\" height=\"21\" class=\"wp-image-3656\" style=\"width: 10px;\" src=\"http:\/\/kommentatorenblog.de\/wp-content\/uploads\/2020\/09\/shure-55sh-ii-e1601485394796.jpg\" alt=\"\" srcset=\"http:\/\/kommentatorenblog.de\/wp-content\/uploads\/2020\/09\/shure-55sh-ii-e1601485394796.jpg 415w, http:\/\/kommentatorenblog.de\/wp-content\/uploads\/2020\/09\/shure-55sh-ii-e1601485394796-142x300.jpg 142w\" sizes=\"auto, (max-width: 10px) 100vw, 10px\" \/> David Eder (Konferenz)<\/p>\n\n\n\n<p><em><strong><em><strong>PAOK Saloniki<\/strong><\/em><\/strong><\/em> <em><strong>&#8211; FC Midtjyland (21.00 Uhr)<\/strong><\/em><\/p>\n\n\n\n<p><img loading=\"lazy\" decoding=\"async\" width=\"10\" height=\"21\" class=\"wp-image-3656\" style=\"width: 10px;\" src=\"http:\/\/kommentatorenblog.de\/wp-content\/uploads\/2020\/09\/shure-55sh-ii-e1601485394796.jpg\" alt=\"\" srcset=\"http:\/\/kommentatorenblog.de\/wp-content\/uploads\/2020\/09\/shure-55sh-ii-e1601485394796.jpg 415w, http:\/\/kommentatorenblog.de\/wp-content\/uploads\/2020\/09\/shure-55sh-ii-e1601485394796-142x300.jpg 142w\" sizes=\"auto, (max-width: 10px) 100vw, 10px\" \/> Johannes Hofer (Konferenz)<\/p>\n\n\n\n<p>Moderation: Johannes Brandl, Experte: Alfred Tatar<\/p>\n\n\n\n<hr class=\"wp-block-separator\"\/>\n\n\n\n<p><strong>Die Analyse<\/strong><\/p>\n\n\n\n<p><strong>Chelsea bei Prime Video<\/strong><\/p>\n\n\n\n<p>In der K\u00f6nigsklasse hat sich Prime Video das Spiel zwischen Chelsea und Lille herausgepickt. Das verwundert dahingehend kaum, dass bei den Blues mit Kai Havertz, Antonio R\u00fcdiger, Timo Werner und nicht zuletzt Trainer Thomas Tuchel einige deutsche Protagonisten zu sehen sein werden. Wie immer wird Jonas Friedrich an der Seite von Benedikt H\u00f6wedes kommentieren. Die volle Kapelle an der Stamford Bridge wird komplettiert von Sebastian Hellmann, Mario Gomez, Kim Kulig und Robert Huth.<\/p>\n\n\n\n<p><strong>Nur Schl\u00fcter im Stadion<\/strong><\/p>\n\n\n\n<p>Doch auch das Parallelspiel macht etwas her. Juventus Turin gastiert bei Villarreal, eine Sache f\u00fcr Marco Hagemann. Am Mittwoch messen sich Benfica Lissabon und Ajax Amsterdam. Ob die Niederl\u00e4nder wieder so brillieren wie in der Gruppenphase, erz\u00e4hlen uns Lukas Sch\u00f6nm\u00fcller und Benny Lauth. Das attraktivste Spiel dieser Woche ist jedoch der Aufgalopp von Man City bei Atl\u00e9tico Madrid, Uli Hebel und Sebastian Knei\u00dfl \u00fcbernehmen. In der Konferenz sind Michael Born (Benfica) und Jan Platte (Atl\u00e9tico) zu h\u00f6ren. Alle DAZN-Spiele werden aus der Box begleitet, Field-Reporter Alex Schl\u00fcter darf ins Wanda Metropolitano.&nbsp;<\/p>\n\n\n\n<p><strong>Auch RTL sendet vollst\u00e4ndig remote<\/strong><\/p>\n\n\n\n<p>In der Europa League herrschen bei RTL wieder normale Verh\u00e4ltnisse, nachdem letzte Woche nur die Schlussphase des BVB-Spiels im Free TV ausgestrahlt wurde. Dabei war es gut f\u00fcr den Sender, dass der TV-Zuschauer um das R\u00fcckspiel wusste, sonst w\u00e4re die letzte Viertelstunde bei dem Spielstand wohl eher weniger spannend gewesen. Marco Hagemann und Steffen Freund ergr\u00fcnden, ob Borussia Dortmund die Aufholjagd schafft. Allerdings tun sie das corona-bedingt remote, wie RTL uns auf Anfrage mitteilte. Lediglich Thomas Wagner f\u00fchrt als Reporter vor Ort in Glasgow die Interviews. Wer auf RTL+ zur\u00fcckgreift, lauscht Klaus Veltman.<\/p>\n\n\n\n<p><strong>Michael Born im Doppel-Einsatz<\/strong><\/p>\n\n\n\n<p>Genau wie Marco Hagemann ist auch Michael Born in dieser Woche sowohl f\u00fcr DAZN als auch f\u00fcr RTL im Einsatz. Am Donnerstag kommentiert er f\u00fcr RTL+ die Begegnung zwischen Real Sociedad und RB Leipzig, ebenfalls aus der Box. Bei den \u00fcbrigen Spielen f\u00e4llt vor allem das Aufeinandertreffen von Neapel und Barca ins Auge, Christian Stra\u00dfburger ist mit von der Partie.<\/p>\n\n\n\n<p><strong>PL-Nachholspiele und Conmebol Libertadores<\/strong><\/p>\n\n\n\n<p>Letzte Woche hat Cristiano Ronaldo in der Premier League getroffen, w\u00e4hrend er zeitgleich die Champions League missen musste. Auch in dieser Woche stehen Nachholspiele in Englands h\u00f6chster Spielklasse an. Jogi Hebel verzeichnet gleich zwei Eins\u00e4tze. Au\u00dferdem berichtet Arne Malsch \u00fcber die Conmebol Libertadores f\u00fcr sportdigital.FUSSBALL.&nbsp;<\/p>\n\n\n\n<p>Die CL-Ansetzungen von Sky Sport Austria haben wir ebenfalls aufgelistet.<\/p>\n\n\n\n<p>In diesem Sinne, habt eine sch\u00f6ne Woche!&nbsp;<\/p>\n","protected":false},"excerpt":{"rendered":"<p>N\u2019Abend allerseits, gestern sind die Olympischen Spiele mit der zeremoniellen Abschlussfeier zu Ende gegangen. Ein Event, das ja eigentlich immer pomp\u00f6s und pathetisch daherkommt, und dennoch in diesem Jahr besonders symptomatisch war f\u00fcr die Art und Weise, wie China dieses Sportereignis inszeniert hat. Die Botschaft einer Machtdemonstration, als erstes Land sowohl Sommer- als auch Winterspiele [&hellip;]<\/p>\n","protected":false},"author":2,"featured_media":0,"comment_status":"open","ping_status":"open","sticky":false,"template":"","format":"standard","meta":{"footnotes":""},"categories":[425],"tags":[49,263,337,166,160,35,529,13,42,347,69,676,205,43,114,23,290,222,22,375,134,151,33,105],"class_list":["post-12094","post","type-post","status-publish","format-standard","hentry","category-champions-league-und-co","tag-alex-schlueter","tag-arne-malsch","tag-benedikt-hoewedes","tag-benny-lauth","tag-champions-league","tag-christian-strassburger","tag-conference-league","tag-dazn","tag-europa-league","tag-joachim-hebel","tag-jonas-friedrich","tag-klaus-veltman","tag-lukas-schoenmueller","tag-marco-hagemann","tag-michael-born","tag-premier-league","tag-primevideo","tag-sebastian-kneissl","tag-sky","tag-sky-sport-austria","tag-sportdigital-fussball","tag-steffen-freund","tag-thomas-wagner","tag-uli-hebel"],"_links":{"self":[{"href":"http:\/\/kommentatorenblog.de\/index.php?rest_route=\/wp\/v2\/posts\/12094","targetHints":{"allow":["GET"]}}],"collection":[{"href":"http:\/\/kommentatorenblog.de\/index.php?rest_route=\/wp\/v2\/posts"}],"about":[{"href":"http:\/\/kommentatorenblog.de\/index.php?rest_route=\/wp\/v2\/types\/post"}],"author":[{"embeddable":true,"href":"http:\/\/kommentatorenblog.de\/index.php?rest_route=\/wp\/v2\/users\/2"}],"replies":[{"embeddable":true,"href":"http:\/\/kommentatorenblog.de\/index.php?rest_route=%2Fwp%2Fv2%2Fcomments&post=12094"}],"version-history":[{"count":11,"href":"http:\/\/kommentatorenblog.de\/index.php?rest_route=\/wp\/v2\/posts\/12094\/revisions"}],"predecessor-version":[{"id":12117,"href":"http:\/\/kommentatorenblog.de\/index.php?rest_route=\/wp\/v2\/posts\/12094\/revisions\/12117"}],"wp:attachment":[{"href":"http:\/\/kommentatorenblog.de\/index.php?rest_route=%2Fwp%2Fv2%2Fmedia&parent=12094"}],"wp:term":[{"taxonomy":"category","embeddable":true,"href":"http:\/\/kommentatorenblog.de\/index.php?rest_route=%2Fwp%2Fv2%2Fcategories&post=12094"},{"taxonomy":"post_tag","embeddable":true,"href":"http:\/\/kommentatorenblog.de\/index.php?rest_route=%2Fwp%2Fv2%2Ftags&post=12094"}],"curies":[{"name":"wp","href":"https:\/\/api.w.org\/{rel}","templated":true}]}}