{"id":12101,"date":"2022-02-25T00:48:31","date_gmt":"2022-02-24T22:48:31","guid":{"rendered":"http:\/\/kommentatorenblog.de\/?p=12101"},"modified":"2022-02-28T21:53:12","modified_gmt":"2022-02-28T19:53:12","slug":"1236-ohne-worte","status":"publish","type":"post","link":"http:\/\/kommentatorenblog.de\/?p=12101","title":{"rendered":"1236 &#8211; Ohne Worte&#8230;"},"content":{"rendered":"\n<p>N&#8217;Abend allerseits,<\/p>\n\n\n\n<p>aufgrund eines kurzfristigen krankheitsbedingten Ausfall, habe den Beitrag kurzfristig \u00fcbernommen. Von daher ist leider keine Zeit f\u00fcr ein langes Vorwort. Und auch wenn der Kommentatorenblog ein unpolitischer Blog ist, es gibt so viel wichtigeres als den Fussball.<\/p>\n\n\n\n<figure class=\"wp-block-image size-full\"><img loading=\"lazy\" decoding=\"async\" width=\"400\" height=\"400\" src=\"http:\/\/kommentatorenblog.de\/wp-content\/uploads\/2022\/02\/nhfQiJ23_400x400.jpg\" alt=\"\" class=\"wp-image-12127\" srcset=\"http:\/\/kommentatorenblog.de\/wp-content\/uploads\/2022\/02\/nhfQiJ23_400x400.jpg 400w, http:\/\/kommentatorenblog.de\/wp-content\/uploads\/2022\/02\/nhfQiJ23_400x400-300x300.jpg 300w, http:\/\/kommentatorenblog.de\/wp-content\/uploads\/2022\/02\/nhfQiJ23_400x400-150x150.jpg 150w\" sizes=\"auto, (max-width: 400px) 100vw, 400px\" \/><\/figure>\n\n\n\n<hr class=\"wp-block-separator\"\/>\n\n\n\n<p><strong><em>Die Ansetzungen vom 25. Februar bis zum 28. Februar 2022<\/em><\/strong><\/p>\n\n\n\n<p><strong><mark style=\"background-color:rgba(0, 0, 0, 0)\" class=\"has-inline-color has-black-color\"><strong><strong>Bundesliga, 24. Spieltag<\/strong><\/strong> <\/mark><\/strong><\/p>\n\n\n\n<p><span style=\"text-decoration: underline;\">Freitag, 25. Februar 2022, ab 19.30 Uhr (DAZN)<\/span><\/p>\n\n\n\n<p><strong><em>TSG Hoffenheim \u2013 VfB Stuttgart (20.30 Uhr)<\/em><\/strong><\/p>\n\n\n\n<p><img loading=\"lazy\" decoding=\"async\" width=\"10\" height=\"21\" class=\"wp-image-3656\" style=\"width: 10px;\" src=\"http:\/\/kommentatorenblog.de\/wp-content\/uploads\/2020\/09\/shure-55sh-ii-e1601485394796.jpg\" alt=\"\" srcset=\"http:\/\/kommentatorenblog.de\/wp-content\/uploads\/2020\/09\/shure-55sh-ii-e1601485394796.jpg 415w, http:\/\/kommentatorenblog.de\/wp-content\/uploads\/2020\/09\/shure-55sh-ii-e1601485394796-142x300.jpg 142w\" sizes=\"auto, (max-width: 10px) 100vw, 10px\" \/> Lukas Sch\u00f6nm\u00fcller, Experte: Ralph Gunesch<\/p>\n\n\n\n<p>Moderation: Tobi Wahnschaffe, Field-Reporter: Mario Rieker<\/p>\n\n\n\n<p><span style=\"text-decoration: underline;\">Samstag, 26. <span style=\"text-decoration: underline;\">Februar 2022<\/span>, ab 14.00 Uhr (Sky)<\/span><\/p>\n\n\n\n<p><strong><em>Borussia M\u00f6nchengladbach &#8211;&nbsp;VfL Wolfsburg<\/em><\/strong> <strong><em>(15.30 Uhr)<\/em><\/strong><\/p>\n\n\n\n<p><img loading=\"lazy\" decoding=\"async\" width=\"10\" height=\"21\" class=\"wp-image-3656\" style=\"width: 10px;\" src=\"http:\/\/kommentatorenblog.de\/wp-content\/uploads\/2020\/09\/shure-55sh-ii-e1601485394796.jpg\" alt=\"\" srcset=\"http:\/\/kommentatorenblog.de\/wp-content\/uploads\/2020\/09\/shure-55sh-ii-e1601485394796.jpg 415w, http:\/\/kommentatorenblog.de\/wp-content\/uploads\/2020\/09\/shure-55sh-ii-e1601485394796-142x300.jpg 142w\" sizes=\"auto, (max-width: 10px) 100vw, 10px\" \/> Martin Gro\u00df (Einzelspiel), Florian Schmidt-Sommerfeld (Konferenz)<\/p>\n\n\n\n<p>Field-Reporter: Jens Westen<\/p>\n\n\n\n<p><strong><em>Bayer 04 Leverkusen &#8211;&nbsp;Arminia Bielefeld<\/em><\/strong> <strong><em>(15.30 Uhr)<\/em><\/strong><\/p>\n\n\n\n<p><img loading=\"lazy\" decoding=\"async\" width=\"10\" height=\"21\" class=\"wp-image-3656\" style=\"width: 10px;\" src=\"http:\/\/kommentatorenblog.de\/wp-content\/uploads\/2020\/09\/shure-55sh-ii-e1601485394796.jpg\" alt=\"\" srcset=\"http:\/\/kommentatorenblog.de\/wp-content\/uploads\/2020\/09\/shure-55sh-ii-e1601485394796.jpg 415w, http:\/\/kommentatorenblog.de\/wp-content\/uploads\/2020\/09\/shure-55sh-ii-e1601485394796-142x300.jpg 142w\" sizes=\"auto, (max-width: 10px) 100vw, 10px\" \/> Marcus Lindemann (Einzelspiel), Klaus Veltman (Konferenz)<\/p>\n\n\n\n<p>Field-Reporter: Riccardo Basile<\/p>\n\n\n\n<p><strong><em>SpVgg Greuther F\u00fcrth &#8211; 1. FC K\u00f6ln<\/em><\/strong> <strong><em>(15.30 Uhr)<\/em><\/strong><\/p>\n\n\n\n<p><img loading=\"lazy\" decoding=\"async\" width=\"10\" height=\"21\" class=\"wp-image-3656\" style=\"width: 10px;\" src=\"http:\/\/kommentatorenblog.de\/wp-content\/uploads\/2020\/09\/shure-55sh-ii-e1601485394796.jpg\" alt=\"\" srcset=\"http:\/\/kommentatorenblog.de\/wp-content\/uploads\/2020\/09\/shure-55sh-ii-e1601485394796.jpg 415w, http:\/\/kommentatorenblog.de\/wp-content\/uploads\/2020\/09\/shure-55sh-ii-e1601485394796-142x300.jpg 142w\" sizes=\"auto, (max-width: 10px) 100vw, 10px\" \/> Jonas Friedrich (Einzelspiel), Torsten Kunde (Konferenz)<\/p>\n\n\n\n<p>Field-Reporter: J\u00fcrgen Schmitz<\/p>\n\n\n\n<p><strong><em>SC Freiburg &#8211; Hertha BSC (15.30 Uhr)<\/em><\/strong><\/p>\n\n\n\n<p><img loading=\"lazy\" decoding=\"async\" width=\"10\" height=\"21\" class=\"wp-image-3656\" style=\"width: 10px;\" src=\"http:\/\/kommentatorenblog.de\/wp-content\/uploads\/2020\/09\/shure-55sh-ii-e1601485394796.jpg\" alt=\"\" srcset=\"http:\/\/kommentatorenblog.de\/wp-content\/uploads\/2020\/09\/shure-55sh-ii-e1601485394796.jpg 415w, http:\/\/kommentatorenblog.de\/wp-content\/uploads\/2020\/09\/shure-55sh-ii-e1601485394796-142x300.jpg 142w\" sizes=\"auto, (max-width: 10px) 100vw, 10px\" \/> Kai Dittmann (Einzelspiel), Hansi K\u00fcpper (Konferenz)<\/p>\n\n\n\n<p>Field-Reporter: Torben Hoffmann<\/p>\n\n\n\n<p><strong><em>1. FC&nbsp;Union Berlin&nbsp;&#8211;&nbsp;1. FSV Mainz 05<\/em><\/strong> <strong><em>(15.30 Uhr)<\/em><\/strong><\/p>\n\n\n\n<p><img loading=\"lazy\" decoding=\"async\" width=\"10\" height=\"21\" class=\"wp-image-3656\" style=\"width: 10px;\" src=\"http:\/\/kommentatorenblog.de\/wp-content\/uploads\/2020\/09\/shure-55sh-ii-e1601485394796.jpg\" alt=\"\" srcset=\"http:\/\/kommentatorenblog.de\/wp-content\/uploads\/2020\/09\/shure-55sh-ii-e1601485394796.jpg 415w, http:\/\/kommentatorenblog.de\/wp-content\/uploads\/2020\/09\/shure-55sh-ii-e1601485394796-142x300.jpg 142w\" sizes=\"auto, (max-width: 10px) 100vw, 10px\" \/> Oliver Seidler (Einzelspiel), Frank Buschmann (Konferenz)<\/p>\n\n\n\n<p>Field-Reporter: Katharina Kleinfeldt<\/p>\n\n\n\n<p>Moderation: Michael Leopold, Experte: Dietmar Hamann<\/p>\n\n\n\n<p><span style=\"text-decoration: underline;\">ab 17.30 Uhr (Sky)<\/span><\/p>\n\n\n\n<p><strong><em>Eintracht Frankfurt <strong><em><strong><em>\u2013<\/em><\/strong><\/em><\/strong> FC Bayern M\u00fcnchen (18.30 Uhr)<\/em><\/strong><\/p>\n\n\n\n<p><img loading=\"lazy\" decoding=\"async\" width=\"10\" height=\"21\" class=\"wp-image-3656\" style=\"width: 10px;\" src=\"http:\/\/kommentatorenblog.de\/wp-content\/uploads\/2020\/09\/shure-55sh-ii-e1601485394796.jpg\" alt=\"\" srcset=\"http:\/\/kommentatorenblog.de\/wp-content\/uploads\/2020\/09\/shure-55sh-ii-e1601485394796.jpg 415w, http:\/\/kommentatorenblog.de\/wp-content\/uploads\/2020\/09\/shure-55sh-ii-e1601485394796-142x300.jpg 142w\" sizes=\"auto, (max-width: 10px) 100vw, 10px\" \/> Wolff Fuss<\/p>\n\n\n\n<p>Field-Reporter: Patrick Wasserziehr<\/p>\n\n\n\n<p>Moderation: Sebastian Hellmann, Experte: Lothar Matth\u00e4us<\/p>\n\n\n\n<p><span style=\"text-decoration: underline;\">Sonntag, 27. Februar 2022, ab 15.00 Uhr (DAZN)<\/span><\/p>\n\n\n\n<p><strong><em>VfL Bochum \u2013 RB Leipzig (15.30 Uhr)<\/em><\/strong><\/p>\n\n\n\n<p><img loading=\"lazy\" decoding=\"async\" width=\"10\" height=\"21\" class=\"wp-image-3656\" style=\"width: 10px;\" src=\"http:\/\/kommentatorenblog.de\/wp-content\/uploads\/2020\/09\/shure-55sh-ii-e1601485394796.jpg\" alt=\"\" srcset=\"http:\/\/kommentatorenblog.de\/wp-content\/uploads\/2020\/09\/shure-55sh-ii-e1601485394796.jpg 415w, http:\/\/kommentatorenblog.de\/wp-content\/uploads\/2020\/09\/shure-55sh-ii-e1601485394796-142x300.jpg 142w\" sizes=\"auto, (max-width: 10px) 100vw, 10px\" \/> Jan Platte, Experte: Benny Lauth<\/p>\n\n\n\n<p>Moderation: Daniel Herzog, Field-Reporter: Ann-Sophie Kimmel<\/p>\n\n\n\n<p><span style=\"text-decoration: underline;\">ab 16.30 Uhr (DAZN)<\/span><\/p>\n\n\n\n<p><strong><em>FC Augsburg \u2013 Borussia Dortmund (17.30 Uhr)<\/em><\/strong><\/p>\n\n\n\n<p><img loading=\"lazy\" decoding=\"async\" width=\"10\" height=\"21\" class=\"wp-image-3656\" style=\"width: 10px;\" src=\"http:\/\/kommentatorenblog.de\/wp-content\/uploads\/2020\/09\/shure-55sh-ii-e1601485394796.jpg\" alt=\"\" srcset=\"http:\/\/kommentatorenblog.de\/wp-content\/uploads\/2020\/09\/shure-55sh-ii-e1601485394796.jpg 415w, http:\/\/kommentatorenblog.de\/wp-content\/uploads\/2020\/09\/shure-55sh-ii-e1601485394796-142x300.jpg 142w\" sizes=\"auto, (max-width: 10px) 100vw, 10px\" \/> Freddy Harder, Experte: Sebastian Knei\u00dfl<\/p>\n\n\n\n<p>Moderation: Alex Schl\u00fcter, Field-Reporter: Tobi Wahnschaffe<\/p>\n\n\n\n<hr class=\"wp-block-separator\"\/>\n\n\n\n<p><strong><span class=\"has-inline-color has-black-color\"><strong><strong><strong>2. Bundesliga, 22. Spieltag<\/strong><\/strong> <\/strong> <\/span><\/strong><\/p>\n\n\n\n<p><span style=\"text-decoration: underline;\">Freitag, 25. Februar 2022, ab 18.00 Uhr (Sky)<\/span><\/p>\n\n\n\n<p><strong><em>Konferenz (18.30 Uhr)<\/em><\/strong><\/p>\n\n\n\n<p> <img loading=\"lazy\" decoding=\"async\" width=\"10\" height=\"21\" class=\"wp-image-3656\" style=\"width: 10px;\" src=\"http:\/\/kommentatorenblog.de\/wp-content\/uploads\/2020\/09\/shure-55sh-ii-e1601485394796.jpg\" alt=\"\" srcset=\"http:\/\/kommentatorenblog.de\/wp-content\/uploads\/2020\/09\/shure-55sh-ii-e1601485394796.jpg 415w, http:\/\/kommentatorenblog.de\/wp-content\/uploads\/2020\/09\/shure-55sh-ii-e1601485394796-142x300.jpg 142w\" sizes=\"auto, (max-width: 10px) 100vw, 10px\" \/> Hannes Herrmann (Fokus auf H96-KSV) <\/p>\n\n\n\n<p><strong><em>Hannover 96&nbsp;\u2013&nbsp;Holstein Kiel (18.30 Uhr)<\/em><\/strong><\/p>\n\n\n\n<p><img loading=\"lazy\" decoding=\"async\" width=\"10\" height=\"21\" class=\"wp-image-3656\" style=\"width: 10px;\" src=\"http:\/\/kommentatorenblog.de\/wp-content\/uploads\/2020\/09\/shure-55sh-ii-e1601485394796.jpg\" alt=\"\" srcset=\"http:\/\/kommentatorenblog.de\/wp-content\/uploads\/2020\/09\/shure-55sh-ii-e1601485394796.jpg 415w, http:\/\/kommentatorenblog.de\/wp-content\/uploads\/2020\/09\/shure-55sh-ii-e1601485394796-142x300.jpg 142w\" sizes=\"auto, (max-width: 10px) 100vw, 10px\" \/> Roland Evers, Field-Reporter: Marcus J\u00fcrgensen<\/p>\n\n\n\n<p><strong><em>SC Paderborn 07 \u2013&nbsp;Erzgebirge Aue (18.30 Uhr)<\/em><\/strong><\/p>\n\n\n\n<p><img loading=\"lazy\" decoding=\"async\" width=\"10\" height=\"21\" class=\"wp-image-3656\" style=\"width: 10px;\" src=\"http:\/\/kommentatorenblog.de\/wp-content\/uploads\/2020\/09\/shure-55sh-ii-e1601485394796.jpg\" alt=\"\" srcset=\"http:\/\/kommentatorenblog.de\/wp-content\/uploads\/2020\/09\/shure-55sh-ii-e1601485394796.jpg 415w, http:\/\/kommentatorenblog.de\/wp-content\/uploads\/2020\/09\/shure-55sh-ii-e1601485394796-142x300.jpg 142w\" sizes=\"auto, (max-width: 10px) 100vw, 10px\" \/> Hansi K\u00fcpper, Interviews: Schalte<\/p>\n\n\n\n<p>Moderation: Hartmut von Kameke<\/p>\n\n\n\n<p><span style=\"text-decoration: underline;\">Samstag, 26. Februar 2022, ab 13.00 Uhr (Sky)<\/span><\/p>\n\n\n\n<p><strong><em>Konferenz (13.30 Uhr)<\/em><\/strong><\/p>\n\n\n\n<p><img loading=\"lazy\" decoding=\"async\" width=\"10\" height=\"21\" class=\"wp-image-3656\" style=\"width: 10px;\" src=\"http:\/\/kommentatorenblog.de\/wp-content\/uploads\/2020\/09\/shure-55sh-ii-e1601485394796.jpg\" alt=\"\" srcset=\"http:\/\/kommentatorenblog.de\/wp-content\/uploads\/2020\/09\/shure-55sh-ii-e1601485394796.jpg 415w, http:\/\/kommentatorenblog.de\/wp-content\/uploads\/2020\/09\/shure-55sh-ii-e1601485394796-142x300.jpg 142w\" sizes=\"auto, (max-width: 10px) 100vw, 10px\" \/> Roland Evers (Fokus auf KSC-S04) <\/p>\n\n\n\n<p><strong><em>Karlsruher SC&nbsp;\u2013&nbsp;FC&nbsp;Schalke&nbsp;04 (13.30 Uhr)<\/em><\/strong><\/p>\n\n\n\n<p><img loading=\"lazy\" decoding=\"async\" width=\"10\" height=\"21\" class=\"wp-image-3656\" style=\"width: 10px;\" src=\"http:\/\/kommentatorenblog.de\/wp-content\/uploads\/2020\/09\/shure-55sh-ii-e1601485394796.jpg\" alt=\"\" srcset=\"http:\/\/kommentatorenblog.de\/wp-content\/uploads\/2020\/09\/shure-55sh-ii-e1601485394796.jpg 415w, http:\/\/kommentatorenblog.de\/wp-content\/uploads\/2020\/09\/shure-55sh-ii-e1601485394796-142x300.jpg 142w\" sizes=\"auto, (max-width: 10px) 100vw, 10px\" \/> Sven Schr\u00f6ter, Field-Reporter: Ulli Potofski<\/p>\n\n\n\n<p><strong><em>FC Ingolstadt 04&nbsp;\u2013&nbsp;FC St. Pauli (13.30 Uhr)<\/em><\/strong><\/p>\n\n\n\n<p><img loading=\"lazy\" decoding=\"async\" width=\"10\" height=\"21\" class=\"wp-image-3656\" style=\"width: 10px;\" src=\"http:\/\/kommentatorenblog.de\/wp-content\/uploads\/2020\/09\/shure-55sh-ii-e1601485394796.jpg\" alt=\"\" srcset=\"http:\/\/kommentatorenblog.de\/wp-content\/uploads\/2020\/09\/shure-55sh-ii-e1601485394796.jpg 415w, http:\/\/kommentatorenblog.de\/wp-content\/uploads\/2020\/09\/shure-55sh-ii-e1601485394796-142x300.jpg 142w\" sizes=\"auto, (max-width: 10px) 100vw, 10px\" \/> Sascha Roos, Interviews: Schalte<\/p>\n\n\n\n<p><strong><em>Hansa Rostock \u2013&nbsp;1. FC N\u00fcrnberg<\/em><\/strong> <strong><em>(13.30 Uhr)<\/em><\/strong><\/p>\n\n\n\n<p><img loading=\"lazy\" decoding=\"async\" width=\"10\" height=\"21\" class=\"wp-image-3656\" style=\"width: 10px;\" src=\"http:\/\/kommentatorenblog.de\/wp-content\/uploads\/2020\/09\/shure-55sh-ii-e1601485394796.jpg\" alt=\"\" srcset=\"http:\/\/kommentatorenblog.de\/wp-content\/uploads\/2020\/09\/shure-55sh-ii-e1601485394796.jpg 415w, http:\/\/kommentatorenblog.de\/wp-content\/uploads\/2020\/09\/shure-55sh-ii-e1601485394796-142x300.jpg 142w\" sizes=\"auto, (max-width: 10px) 100vw, 10px\" \/> Markus Gaupp<\/p>\n\n\n\n<p>Moderation: Peter Hardenacke<\/p>\n\n\n\n<p><span style=\"text-decoration: underline;\">ab 19.30 Uhr (SPORT1) \/ ab 20.00 Uhr (Sky)<\/span><\/p>\n\n\n\n<p><em><strong>Dynamo Dresden \u2013&nbsp;SV Darmstadt 98 (20.30 Uhr)<\/strong><\/em><\/p>\n\n\n\n<p>Sky: <img loading=\"lazy\" decoding=\"async\" width=\"10\" height=\"21\" class=\"wp-image-3656\" style=\"width: 10px;\" src=\"http:\/\/kommentatorenblog.de\/wp-content\/uploads\/2020\/09\/shure-55sh-ii-e1601485394796.jpg\" alt=\"\" srcset=\"http:\/\/kommentatorenblog.de\/wp-content\/uploads\/2020\/09\/shure-55sh-ii-e1601485394796.jpg 415w, http:\/\/kommentatorenblog.de\/wp-content\/uploads\/2020\/09\/shure-55sh-ii-e1601485394796-142x300.jpg 142w\" sizes=\"auto, (max-width: 10px) 100vw, 10px\" \/> Stefan Hempel, Experte: Torsten Mattuschka<\/p>\n\n\n\n<p>Sport1: <img loading=\"lazy\" decoding=\"async\" width=\"10\" height=\"21\" class=\"wp-image-3656\" style=\"width: 10px;\" src=\"http:\/\/kommentatorenblog.de\/wp-content\/uploads\/2020\/09\/shure-55sh-ii-e1601485394796.jpg\" alt=\"\" srcset=\"http:\/\/kommentatorenblog.de\/wp-content\/uploads\/2020\/09\/shure-55sh-ii-e1601485394796.jpg 415w, http:\/\/kommentatorenblog.de\/wp-content\/uploads\/2020\/09\/shure-55sh-ii-e1601485394796-142x300.jpg 142w\" sizes=\"auto, (max-width: 10px) 100vw, 10px\" \/> Markus H\u00f6hner, Field-Reporter: Martin Quast<\/p>\n\n\n\n<p>Moderation (Sport1): Ruth Hofmann, Experte: Felix Kroos<\/p>\n\n\n\n<p><span style=\"text-decoration: underline;\">Sonntag, 27. Februar 2022, ab 13.00 Uhr (Sky)<\/span><\/p>\n\n\n\n<p><strong><em>Konferenz (13.30 Uhr)<\/em><\/strong><\/p>\n\n\n\n<p><img loading=\"lazy\" decoding=\"async\" width=\"10\" height=\"21\" class=\"wp-image-3656\" style=\"width: 10px;\" src=\"http:\/\/kommentatorenblog.de\/wp-content\/uploads\/2020\/09\/shure-55sh-ii-e1601485394796.jpg\" alt=\"\" srcset=\"http:\/\/kommentatorenblog.de\/wp-content\/uploads\/2020\/09\/shure-55sh-ii-e1601485394796.jpg 415w, http:\/\/kommentatorenblog.de\/wp-content\/uploads\/2020\/09\/shure-55sh-ii-e1601485394796-142x300.jpg 142w\" sizes=\"auto, (max-width: 10px) 100vw, 10px\" \/> Torsten Kunde (Fokus auf HSV-SVW) <\/p>\n\n\n\n<p><strong><em>Hamburger SV&nbsp;\u2013&nbsp;Werder Bremen (13.30 Uhr)<\/em><\/strong><\/p>\n\n\n\n<p><img loading=\"lazy\" decoding=\"async\" width=\"10\" height=\"21\" class=\"wp-image-3656\" style=\"width: 10px;\" src=\"http:\/\/kommentatorenblog.de\/wp-content\/uploads\/2020\/09\/shure-55sh-ii-e1601485394796.jpg\" alt=\"\" srcset=\"http:\/\/kommentatorenblog.de\/wp-content\/uploads\/2020\/09\/shure-55sh-ii-e1601485394796.jpg 415w, http:\/\/kommentatorenblog.de\/wp-content\/uploads\/2020\/09\/shure-55sh-ii-e1601485394796-142x300.jpg 142w\" sizes=\"auto, (max-width: 10px) 100vw, 10px\" \/> Oliver Seidler, Field-Reporter: Sven T\u00f6llner<\/p>\n\n\n\n<p><strong><em>SSV Jahn Regensburg \u2013&nbsp;Fortuna D\u00fcsseldorf<\/em><\/strong> <strong><em>(13.30 Uhr)<\/em><\/strong><\/p>\n\n\n\n<p><img loading=\"lazy\" decoding=\"async\" width=\"10\" height=\"21\" class=\"wp-image-3656\" style=\"width: 10px;\" src=\"http:\/\/kommentatorenblog.de\/wp-content\/uploads\/2020\/09\/shure-55sh-ii-e1601485394796.jpg\" alt=\"\" srcset=\"http:\/\/kommentatorenblog.de\/wp-content\/uploads\/2020\/09\/shure-55sh-ii-e1601485394796.jpg 415w, http:\/\/kommentatorenblog.de\/wp-content\/uploads\/2020\/09\/shure-55sh-ii-e1601485394796-142x300.jpg 142w\" sizes=\"auto, (max-width: 10px) 100vw, 10px\" \/> Klaus Veltman<\/p>\n\n\n\n<p><strong><em>1. FC Heidenheim \u2013&nbsp;SV Sandhausen<\/em><\/strong> <strong><em>(13.30 Uhr)<\/em><\/strong><\/p>\n\n\n\n<p><img loading=\"lazy\" decoding=\"async\" width=\"10\" height=\"21\" class=\"wp-image-3656\" style=\"width: 10px;\" src=\"http:\/\/kommentatorenblog.de\/wp-content\/uploads\/2020\/09\/shure-55sh-ii-e1601485394796.jpg\" alt=\"\" srcset=\"http:\/\/kommentatorenblog.de\/wp-content\/uploads\/2020\/09\/shure-55sh-ii-e1601485394796.jpg 415w, http:\/\/kommentatorenblog.de\/wp-content\/uploads\/2020\/09\/shure-55sh-ii-e1601485394796-142x300.jpg 142w\" sizes=\"auto, (max-width: 10px) 100vw, 10px\" \/> Sven Schr\u00f6ter<\/p>\n\n\n\n<p>Moderation: Yannick Erkenbrecher, Experte: Torsten Mattuschka<\/p>\n\n\n\n<hr class=\"wp-block-separator\"\/>\n\n\n\n<p><strong><span class=\"has-inline-color has-black-color\"><strong><strong><strong>3. Liga, 26. Spieltag<\/strong><\/strong> <\/strong> <\/span><\/strong><\/p>\n\n\n\n<p><span style=\"text-decoration: underline;\">Freitag, 25. Februar 2022, ab 18.30 Uhr (Magenta Sport)<\/span><\/p>\n\n\n\n<p><em><strong>FC Viktoria K\u00f6ln <strong><em>\u2013<\/em><\/strong> TSV Havelse (19.00 Uhr)<\/strong><\/em><\/p>\n\n\n\n<p><img loading=\"lazy\" decoding=\"async\" width=\"10\" height=\"21\" class=\"wp-image-3656\" style=\"width: 10px;\" src=\"http:\/\/kommentatorenblog.de\/wp-content\/uploads\/2020\/09\/shure-55sh-ii-e1601485394796.jpg\" alt=\"\" srcset=\"http:\/\/kommentatorenblog.de\/wp-content\/uploads\/2020\/09\/shure-55sh-ii-e1601485394796.jpg 415w, http:\/\/kommentatorenblog.de\/wp-content\/uploads\/2020\/09\/shure-55sh-ii-e1601485394796-142x300.jpg 142w\" sizes=\"auto, (max-width: 10px) 100vw, 10px\" \/> Christian Stra\u00dfburger<\/p>\n\n\n\n<p>Moderation: Thomas Wagner, Experte: Steven Ruprecht<\/p>\n\n\n\n<p><span style=\"text-decoration: underline;\">Samstag, 26. Februar 2022, ab 13.45 Uhr (Magenta Sport)<\/span><\/p>\n\n\n\n<p><strong><em>Konferenz (14.00 Uhr)<\/em><\/strong><\/p>\n\n\n\n<p><img loading=\"lazy\" decoding=\"async\" width=\"10\" height=\"21\" class=\"wp-image-3656\" style=\"width: 10px;\" src=\"http:\/\/kommentatorenblog.de\/wp-content\/uploads\/2020\/09\/shure-55sh-ii-e1601485394796.jpg\" alt=\"\" srcset=\"http:\/\/kommentatorenblog.de\/wp-content\/uploads\/2020\/09\/shure-55sh-ii-e1601485394796.jpg 415w, http:\/\/kommentatorenblog.de\/wp-content\/uploads\/2020\/09\/shure-55sh-ii-e1601485394796-142x300.jpg 142w\" sizes=\"auto, (max-width: 10px) 100vw, 10px\" \/> Martin Piller und Sascha Bandermann<\/p>\n\n\n\n<p><strong><em>FC W\u00fcrzburger Kickers <strong><em>\u2013<\/em><\/strong> 1.FC Magdeburg (14.00 Uhr)<\/em><\/strong><\/p>\n\n\n\n<p><img loading=\"lazy\" decoding=\"async\" width=\"10\" height=\"21\" class=\"wp-image-3656\" style=\"width: 10px;\" src=\"http:\/\/kommentatorenblog.de\/wp-content\/uploads\/2020\/09\/shure-55sh-ii-e1601485394796.jpg\" alt=\"\" srcset=\"http:\/\/kommentatorenblog.de\/wp-content\/uploads\/2020\/09\/shure-55sh-ii-e1601485394796.jpg 415w, http:\/\/kommentatorenblog.de\/wp-content\/uploads\/2020\/09\/shure-55sh-ii-e1601485394796-142x300.jpg 142w\" sizes=\"auto, (max-width: 10px) 100vw, 10px\" \/> Julian Engelhard<\/p>\n\n\n\n<p>Moderation: Tobi Sch\u00e4fer<\/p>\n\n\n\n<p><strong><em>Eintracht Braunschweig <strong><em>\u2013<\/em><\/strong> MSV Duisburg (14.00 Uhr)<\/em><\/strong><\/p>\n\n\n\n<p><img loading=\"lazy\" decoding=\"async\" width=\"10\" height=\"21\" class=\"wp-image-3656\" style=\"width: 10px;\" src=\"http:\/\/kommentatorenblog.de\/wp-content\/uploads\/2020\/09\/shure-55sh-ii-e1601485394796.jpg\" alt=\"\" srcset=\"http:\/\/kommentatorenblog.de\/wp-content\/uploads\/2020\/09\/shure-55sh-ii-e1601485394796.jpg 415w, http:\/\/kommentatorenblog.de\/wp-content\/uploads\/2020\/09\/shure-55sh-ii-e1601485394796-142x300.jpg 142w\" sizes=\"auto, (max-width: 10px) 100vw, 10px\" \/> Michael Augustin<\/p>\n\n\n\n<p>Moderation: Cedric Pick<\/p>\n\n\n\n<p><strong><em>FSV Zwickau <strong><em>\u2013<\/em><\/strong> TSV 1860 M\u00fcnchen (14.00 Uhr)<\/em><\/strong><\/p>\n\n\n\n<p><img loading=\"lazy\" decoding=\"async\" width=\"10\" height=\"21\" class=\"wp-image-3656\" style=\"width: 10px;\" src=\"http:\/\/kommentatorenblog.de\/wp-content\/uploads\/2020\/09\/shure-55sh-ii-e1601485394796.jpg\" alt=\"\" srcset=\"http:\/\/kommentatorenblog.de\/wp-content\/uploads\/2020\/09\/shure-55sh-ii-e1601485394796.jpg 415w, http:\/\/kommentatorenblog.de\/wp-content\/uploads\/2020\/09\/shure-55sh-ii-e1601485394796-142x300.jpg 142w\" sizes=\"auto, (max-width: 10px) 100vw, 10px\" \/> Andreas Mann<\/p>\n\n\n\n<p>Moderation: Alexander K\u00fcpper<\/p>\n\n\n\n<p><strong><em>1.FC Kaiserslautern <strong><em>\u2013<\/em><\/strong> SC Verl (14.00 Uhr)<\/em><\/strong><\/p>\n\n\n\n<p><img loading=\"lazy\" decoding=\"async\" width=\"10\" height=\"21\" class=\"wp-image-3656\" style=\"width: 10px;\" src=\"http:\/\/kommentatorenblog.de\/wp-content\/uploads\/2020\/09\/shure-55sh-ii-e1601485394796.jpg\" alt=\"\" srcset=\"http:\/\/kommentatorenblog.de\/wp-content\/uploads\/2020\/09\/shure-55sh-ii-e1601485394796.jpg 415w, http:\/\/kommentatorenblog.de\/wp-content\/uploads\/2020\/09\/shure-55sh-ii-e1601485394796-142x300.jpg 142w\" sizes=\"auto, (max-width: 10px) 100vw, 10px\" \/> Stefan Fuckert<\/p>\n\n\n\n<p>Moderation: Kevin Gerwin<\/p>\n\n\n\n<p><span style=\"text-decoration: underline;\">ab 13.45 Uhr (Magenta Sport) \/ ab 14 Uhr (NDR)<\/span> <\/p>\n\n\n\n<p><strong><em>SV Meppen<span><b style=\"font-style: italic;\"> <\/b><\/span><strong><em>\u2013<\/em><\/strong> VfL Osnabr\u00fcck<\/em><\/strong> <strong><em>(14.00 Uhr)<\/em><\/strong><\/p>\n\n\n\n<p><img loading=\"lazy\" decoding=\"async\" width=\"10\" height=\"21\" class=\"wp-image-3656\" style=\"width: 10px;\" src=\"http:\/\/kommentatorenblog.de\/wp-content\/uploads\/2020\/09\/shure-55sh-ii-e1601485394796.jpg\" alt=\"\" srcset=\"http:\/\/kommentatorenblog.de\/wp-content\/uploads\/2020\/09\/shure-55sh-ii-e1601485394796.jpg 415w, http:\/\/kommentatorenblog.de\/wp-content\/uploads\/2020\/09\/shure-55sh-ii-e1601485394796-142x300.jpg 142w\" sizes=\"auto, (max-width: 10px) 100vw, 10px\" \/> Magenta Sport: Edgar Mielke<\/p>\n\n\n\n<p><img loading=\"lazy\" decoding=\"async\" width=\"10\" height=\"21\" class=\"wp-image-3656\" style=\"width: 10px;\" src=\"http:\/\/kommentatorenblog.de\/wp-content\/uploads\/2020\/09\/shure-55sh-ii-e1601485394796.jpg\" alt=\"\" srcset=\"http:\/\/kommentatorenblog.de\/wp-content\/uploads\/2020\/09\/shure-55sh-ii-e1601485394796.jpg 415w, http:\/\/kommentatorenblog.de\/wp-content\/uploads\/2020\/09\/shure-55sh-ii-e1601485394796-142x300.jpg 142w\" sizes=\"auto, (max-width: 10px) 100vw, 10px\" \/> NDR: Hendrik&nbsp;Deichmann<\/p>\n\n\n\n<p>Moderation (Magenta Sport): Thomas Wagner<\/p>\n\n\n\n<p>Moderation (NDR): Ben&nbsp;Wozny<\/p>\n\n\n\n<p><strong><em><span><span style=\"font-weight: 600;\"><i>Hallescher FC<\/i><\/span><\/span><\/em><\/strong> <strong><em><strong><em>\u2013<\/em><\/strong> SV Waldhof Mannheim (14.00 Uhr)<\/em><\/strong><\/p>\n\n\n\n<p><img loading=\"lazy\" decoding=\"async\" width=\"10\" height=\"21\" class=\"wp-image-3656\" style=\"width: 10px;\" src=\"http:\/\/kommentatorenblog.de\/wp-content\/uploads\/2020\/09\/shure-55sh-ii-e1601485394796.jpg\" alt=\"\" srcset=\"http:\/\/kommentatorenblog.de\/wp-content\/uploads\/2020\/09\/shure-55sh-ii-e1601485394796.jpg 415w, http:\/\/kommentatorenblog.de\/wp-content\/uploads\/2020\/09\/shure-55sh-ii-e1601485394796-142x300.jpg 142w\" sizes=\"auto, (max-width: 10px) 100vw, 10px\" \/> Magenta Sport: Lenny Leonhardt<\/p>\n\n\n\n<p><img loading=\"lazy\" decoding=\"async\" width=\"10\" height=\"21\" class=\"wp-image-3656\" style=\"width: 10px;\" src=\"http:\/\/kommentatorenblog.de\/wp-content\/uploads\/2020\/09\/shure-55sh-ii-e1601485394796.jpg\" alt=\"\" srcset=\"http:\/\/kommentatorenblog.de\/wp-content\/uploads\/2020\/09\/shure-55sh-ii-e1601485394796.jpg 415w, http:\/\/kommentatorenblog.de\/wp-content\/uploads\/2020\/09\/shure-55sh-ii-e1601485394796-142x300.jpg 142w\" sizes=\"auto, (max-width: 10px) 100vw, 10px\" \/> SWR: Martin Maib\u00fccher<\/p>\n\n\n\n<p><img loading=\"lazy\" decoding=\"async\" width=\"10\" height=\"21\" class=\"wp-image-3656\" style=\"width: 10px;\" src=\"http:\/\/kommentatorenblog.de\/wp-content\/uploads\/2020\/09\/shure-55sh-ii-e1601485394796.jpg\" alt=\"\" srcset=\"http:\/\/kommentatorenblog.de\/wp-content\/uploads\/2020\/09\/shure-55sh-ii-e1601485394796.jpg 415w, http:\/\/kommentatorenblog.de\/wp-content\/uploads\/2020\/09\/shure-55sh-ii-e1601485394796-142x300.jpg 142w\" sizes=\"auto, (max-width: 10px) 100vw, 10px\" \/> MDR: Stephan Weidling<\/p>\n\n\n\n<p>Moderation (Magenta Sport): Gari Paubandt<\/p>\n\n\n\n<p>Moderation (MDR): Tom Scheunemann<\/p>\n\n\n\n<p><span style=\"text-decoration: underline;\">Sonntag, 27. Februar 2022, ab 12.45 Uhr (Magenta Sport)<\/span><\/p>\n\n\n\n<p><strong><em>FC Viktoria 1889 Berli<\/em><\/strong><em><strong>n <strong><em>\u2013<\/em><\/strong> Freiburg II (13.00 Uhr)<\/strong><\/em><\/p>\n\n\n\n<p><img loading=\"lazy\" decoding=\"async\" width=\"10\" height=\"21\" class=\"wp-image-3656\" style=\"width: 10px;\" src=\"http:\/\/kommentatorenblog.de\/wp-content\/uploads\/2020\/09\/shure-55sh-ii-e1601485394796.jpg\" alt=\"\" srcset=\"http:\/\/kommentatorenblog.de\/wp-content\/uploads\/2020\/09\/shure-55sh-ii-e1601485394796.jpg 415w, http:\/\/kommentatorenblog.de\/wp-content\/uploads\/2020\/09\/shure-55sh-ii-e1601485394796-142x300.jpg 142w\" sizes=\"auto, (max-width: 10px) 100vw, 10px\" \/> Andreas Mann<\/p>\n\n\n\n<p>Moderation: Anett Sattler<\/p>\n\n\n\n<p><span style=\"text-decoration: underline;\">ab 13.45 Uhr (Magenta Sport)<\/span><\/p>\n\n\n\n<p><em><strong>Borussia Dortmund II <strong><em>\u2013<\/em><\/strong> SV Wehen Wiesbaden<\/strong><\/em> <em><strong>(14.00 Uhr)<\/strong><\/em><\/p>\n\n\n\n<p><img loading=\"lazy\" decoding=\"async\" width=\"10\" height=\"21\" class=\"wp-image-3656\" style=\"width: 10px;\" src=\"http:\/\/kommentatorenblog.de\/wp-content\/uploads\/2020\/09\/shure-55sh-ii-e1601485394796.jpg\" alt=\"\" srcset=\"http:\/\/kommentatorenblog.de\/wp-content\/uploads\/2020\/09\/shure-55sh-ii-e1601485394796.jpg 415w, http:\/\/kommentatorenblog.de\/wp-content\/uploads\/2020\/09\/shure-55sh-ii-e1601485394796-142x300.jpg 142w\" sizes=\"auto, (max-width: 10px) 100vw, 10px\" \/> tba<\/p>\n\n\n\n<p>Moderation: tba<\/p>\n\n\n\n<p><span style=\"text-decoration: underline;\">Montag, 28. Februar 2022, ab 18.30 Uhr (Magenta Sport)<\/span><\/p>\n\n\n\n<p><strong><em>T\u00fcrkg\u00fcc\u00fc M\u00fcnchen <strong><em>\u2013<\/em><\/strong> 1.FC Saarbr\u00fccken (19.00 Uhr)<\/em><\/strong><\/p>\n\n\n\n<p><img loading=\"lazy\" decoding=\"async\" width=\"10\" height=\"21\" class=\"wp-image-3656\" style=\"width: 10px;\" src=\"http:\/\/kommentatorenblog.de\/wp-content\/uploads\/2020\/09\/shure-55sh-ii-e1601485394796.jpg\" alt=\"\" srcset=\"http:\/\/kommentatorenblog.de\/wp-content\/uploads\/2020\/09\/shure-55sh-ii-e1601485394796.jpg 415w, http:\/\/kommentatorenblog.de\/wp-content\/uploads\/2020\/09\/shure-55sh-ii-e1601485394796-142x300.jpg 142w\" sizes=\"auto, (max-width: 10px) 100vw, 10px\" \/> Martin Piller<\/p>\n\n\n\n<p>Moderation: Alex Klich<\/p>\n\n\n\n<hr class=\"wp-block-separator\"\/>\n\n\n\n<p><strong><mark style=\"background-color:rgba(0, 0, 0, 0)\" class=\"has-inline-color has-black-color\"><strong><strong><strong>Frauen-Bundesliga, 14. Spieltag<\/strong><\/strong><\/strong><\/mark> (Nachholspiel)<\/strong><\/p>\n\n\n\n<p><span style=\"text-decoration: underline;\">Sonntag, 27. Februar 2022, ab 13.45 Uhr (Magenta Sport)<\/span><\/p>\n\n\n\n<p><strong><em>SC Sand <strong><em>\u2013<\/em><\/strong> VfL Wolfsburg (14.00 Uhr)<\/em><\/strong><\/p>\n\n\n\n<p><img loading=\"lazy\" decoding=\"async\" width=\"10\" height=\"21\" class=\"wp-image-3656\" style=\"width: 10px;\" src=\"http:\/\/kommentatorenblog.de\/wp-content\/uploads\/2020\/09\/shure-55sh-ii-e1601485394796.jpg\" alt=\"\" srcset=\"http:\/\/kommentatorenblog.de\/wp-content\/uploads\/2020\/09\/shure-55sh-ii-e1601485394796.jpg 415w, http:\/\/kommentatorenblog.de\/wp-content\/uploads\/2020\/09\/shure-55sh-ii-e1601485394796-142x300.jpg 142w\" sizes=\"auto, (max-width: 10px) 100vw, 10px\" \/> Oskar Heirler<\/p>\n\n\n\n<hr class=\"wp-block-separator\"\/>\n\n\n\n<p><strong>Premier League, 25. Spieltag (Sky)<\/strong><\/p>\n\n\n\n<p><span style=\"text-decoration: underline;\">Freitag, 25. Februar 2022, ab 20.50 Uhr<\/span> <\/p>\n\n\n\n<p><strong><em>FC Southampton \u2013 Norwich City<\/em><\/strong> <strong><em>(15.00 Uhr)<\/em><\/strong><\/p>\n\n\n\n<p><img loading=\"lazy\" decoding=\"async\" width=\"10\" height=\"21\" class=\"wp-image-3656\" style=\"width: 10px;\" src=\"http:\/\/kommentatorenblog.de\/wp-content\/uploads\/2020\/09\/shure-55sh-ii-e1601485394796.jpg\" alt=\"\" srcset=\"http:\/\/kommentatorenblog.de\/wp-content\/uploads\/2020\/09\/shure-55sh-ii-e1601485394796.jpg 415w, http:\/\/kommentatorenblog.de\/wp-content\/uploads\/2020\/09\/shure-55sh-ii-e1601485394796-142x300.jpg 142w\" sizes=\"auto, (max-width: 10px) 100vw, 10px\" \/> Sascha Roos<\/p>\n\n\n\n<p><span style=\"text-decoration: underline;\">Samstag, 26. Februar 2022, ab 13.20 Uhr<\/span><\/p>\n\n\n\n<p><strong><em>Leeds United&nbsp;\u2013&nbsp;Tottenham Hotspur<\/em><\/strong> <strong><em>(13.30 Uhr) <\/em><\/strong><\/p>\n\n\n\n<p><img loading=\"lazy\" decoding=\"async\" width=\"10\" height=\"21\" class=\"wp-image-3656\" style=\"width: 10px;\" src=\"http:\/\/kommentatorenblog.de\/wp-content\/uploads\/2020\/09\/shure-55sh-ii-e1601485394796.jpg\" alt=\"\" srcset=\"http:\/\/kommentatorenblog.de\/wp-content\/uploads\/2020\/09\/shure-55sh-ii-e1601485394796.jpg 415w, http:\/\/kommentatorenblog.de\/wp-content\/uploads\/2020\/09\/shure-55sh-ii-e1601485394796-142x300.jpg 142w\" sizes=\"auto, (max-width: 10px) 100vw, 10px\" \/> Toni Tomic<\/p>\n\n\n\n<p><span style=\"text-decoration: underline;\">ab 15.50 Uhr<\/span> <\/p>\n\n\n\n<p><strong><em>Manchester United \u2013&nbsp;FC Watford<\/em><\/strong> <strong><em>(16.00 Uhr)<\/em><\/strong><\/p>\n\n\n\n<p><img loading=\"lazy\" decoding=\"async\" width=\"10\" height=\"21\" class=\"wp-image-3656\" style=\"width: 10px;\" src=\"http:\/\/kommentatorenblog.de\/wp-content\/uploads\/2020\/09\/shure-55sh-ii-e1601485394796.jpg\" alt=\"\" srcset=\"http:\/\/kommentatorenblog.de\/wp-content\/uploads\/2020\/09\/shure-55sh-ii-e1601485394796.jpg 415w, http:\/\/kommentatorenblog.de\/wp-content\/uploads\/2020\/09\/shure-55sh-ii-e1601485394796-142x300.jpg 142w\" sizes=\"auto, (max-width: 10px) 100vw, 10px\" \/> Uli Hebel<\/p>\n\n\n\n<p><strong><em>FC Brentford \u2013&nbsp;Newcastle United<\/em><\/strong> <strong><em>(16.00 Uhr)<\/em><\/strong><\/p>\n\n\n\n<p><img loading=\"lazy\" decoding=\"async\" width=\"10\" height=\"21\" class=\"wp-image-3656\" style=\"width: 10px;\" src=\"http:\/\/kommentatorenblog.de\/wp-content\/uploads\/2020\/09\/shure-55sh-ii-e1601485394796.jpg\" alt=\"\" srcset=\"http:\/\/kommentatorenblog.de\/wp-content\/uploads\/2020\/09\/shure-55sh-ii-e1601485394796.jpg 415w, http:\/\/kommentatorenblog.de\/wp-content\/uploads\/2020\/09\/shure-55sh-ii-e1601485394796-142x300.jpg 142w\" sizes=\"auto, (max-width: 10px) 100vw, 10px\" \/> Marcel Meinert<\/p>\n\n\n\n<p><span style=\"text-decoration: underline;\">ab 18.20 Uhr<\/span> <\/p>\n\n\n\n<p><em><strong>FC&nbsp;Everton \u2013&nbsp;Manchester City<\/strong><\/em> <strong><em>(18.30 Uhr)<\/em><\/strong><\/p>\n\n\n\n<p><img loading=\"lazy\" decoding=\"async\" width=\"10\" height=\"21\" class=\"wp-image-3656\" style=\"width: 10px;\" src=\"http:\/\/kommentatorenblog.de\/wp-content\/uploads\/2020\/09\/shure-55sh-ii-e1601485394796.jpg\" alt=\"\" srcset=\"http:\/\/kommentatorenblog.de\/wp-content\/uploads\/2020\/09\/shure-55sh-ii-e1601485394796.jpg 415w, http:\/\/kommentatorenblog.de\/wp-content\/uploads\/2020\/09\/shure-55sh-ii-e1601485394796-142x300.jpg 142w\" sizes=\"auto, (max-width: 10px) 100vw, 10px\" \/> Joachim Hebel<\/p>\n\n\n\n<p><span style=\"text-decoration: underline;\">Sonntag, 27. Februar 2022, ab 14.50 Uhr<\/span> <\/p>\n\n\n\n<p><strong><em>West Ham United \u2013&nbsp;Wolverhampton Wanderers<\/em><\/strong> <strong><em>(15.00 Uhr)<\/em><\/strong><\/p>\n\n\n\n<p><img loading=\"lazy\" decoding=\"async\" width=\"10\" height=\"21\" class=\"wp-image-3656\" style=\"width: 10px;\" src=\"http:\/\/kommentatorenblog.de\/wp-content\/uploads\/2020\/09\/shure-55sh-ii-e1601485394796.jpg\" alt=\"\" srcset=\"http:\/\/kommentatorenblog.de\/wp-content\/uploads\/2020\/09\/shure-55sh-ii-e1601485394796.jpg 415w, http:\/\/kommentatorenblog.de\/wp-content\/uploads\/2020\/09\/shure-55sh-ii-e1601485394796-142x300.jpg 142w\" sizes=\"auto, (max-width: 10px) 100vw, 10px\" \/> Markus Gaupp<\/p>\n\n\n\n<hr class=\"wp-block-separator\"\/>\n\n\n\n<p><strong><strong><strong><mark style=\"background-color:rgba(0, 0, 0, 0)\" class=\"has-inline-color has-black-color\">La Liga, 26. Spieltag (DAZN)<\/mark><\/strong><\/strong> <\/strong><\/p>\n\n\n\n<p><span style=\"text-decoration: underline;\">Samstag, 26. Februar 2022<\/span> <\/p>\n\n\n\n<p><strong><em>Rayo Vallecano \u2013 Real Madrid (16.15 Uhr)<\/em><\/strong> <\/p>\n\n\n\n<p><img loading=\"lazy\" decoding=\"async\" width=\"10\" height=\"21\" class=\"wp-image-3656\" style=\"width: 10px;\" src=\"http:\/\/kommentatorenblog.de\/wp-content\/uploads\/2020\/09\/shure-55sh-ii-e1601485394796.jpg\" alt=\"\" srcset=\"http:\/\/kommentatorenblog.de\/wp-content\/uploads\/2020\/09\/shure-55sh-ii-e1601485394796.jpg 415w, http:\/\/kommentatorenblog.de\/wp-content\/uploads\/2020\/09\/shure-55sh-ii-e1601485394796-142x300.jpg 142w\" sizes=\"auto, (max-width: 10px) 100vw, 10px\" \/> Marco Hagemann, Experte: Helge Payer<\/p>\n\n\n\n<p><strong><em>Atletico Madrid \u2013 Celta Vigo (21.00 Uhr)<\/em><\/strong> <\/p>\n\n\n\n<p><img loading=\"lazy\" decoding=\"async\" width=\"10\" height=\"21\" class=\"wp-image-3656\" style=\"width: 10px;\" src=\"http:\/\/kommentatorenblog.de\/wp-content\/uploads\/2020\/09\/shure-55sh-ii-e1601485394796.jpg\" alt=\"\" srcset=\"http:\/\/kommentatorenblog.de\/wp-content\/uploads\/2020\/09\/shure-55sh-ii-e1601485394796.jpg 415w, http:\/\/kommentatorenblog.de\/wp-content\/uploads\/2020\/09\/shure-55sh-ii-e1601485394796-142x300.jpg 142w\" sizes=\"auto, (max-width: 10px) 100vw, 10px\" \/> Tobi Fischbeck<\/p>\n\n\n\n<p><span style=\"text-decoration: underline;\">Sonntag, 27. Februar 2022<\/span> <\/p>\n\n\n\n<p><strong><em>FC Villarreal \u2013 Espanyol Barcelona (14.00 Uhr)<\/em><\/strong> <\/p>\n\n\n\n<p><img loading=\"lazy\" decoding=\"async\" width=\"10\" height=\"21\" class=\"wp-image-3656\" style=\"width: 10px;\" src=\"http:\/\/kommentatorenblog.de\/wp-content\/uploads\/2020\/09\/shure-55sh-ii-e1601485394796.jpg\" alt=\"\" srcset=\"http:\/\/kommentatorenblog.de\/wp-content\/uploads\/2020\/09\/shure-55sh-ii-e1601485394796.jpg 415w, http:\/\/kommentatorenblog.de\/wp-content\/uploads\/2020\/09\/shure-55sh-ii-e1601485394796-142x300.jpg 142w\" sizes=\"auto, (max-width: 10px) 100vw, 10px\" \/> Oliver Forster<\/p>\n\n\n\n<p><strong><em>FC Sevilla \u2013 Real Betis Sevilla (16.15 Uhr)<\/em><\/strong> <\/p>\n\n\n\n<p><img loading=\"lazy\" decoding=\"async\" width=\"10\" height=\"21\" class=\"wp-image-3656\" style=\"width: 10px;\" src=\"http:\/\/kommentatorenblog.de\/wp-content\/uploads\/2020\/09\/shure-55sh-ii-e1601485394796.jpg\" alt=\"\" srcset=\"http:\/\/kommentatorenblog.de\/wp-content\/uploads\/2020\/09\/shure-55sh-ii-e1601485394796.jpg 415w, http:\/\/kommentatorenblog.de\/wp-content\/uploads\/2020\/09\/shure-55sh-ii-e1601485394796-142x300.jpg 142w\" sizes=\"auto, (max-width: 10px) 100vw, 10px\" \/> Uwe Morawe, Experte: Helge Payer<\/p>\n\n\n\n<p><strong><em>FC Barcelona \u2013 Athletic Bilbao (21.00 Uhr)<\/em><\/strong> <\/p>\n\n\n\n<p><img loading=\"lazy\" decoding=\"async\" width=\"10\" height=\"21\" class=\"wp-image-3656\" style=\"width: 10px;\" src=\"http:\/\/kommentatorenblog.de\/wp-content\/uploads\/2020\/09\/shure-55sh-ii-e1601485394796.jpg\" alt=\"\" srcset=\"http:\/\/kommentatorenblog.de\/wp-content\/uploads\/2020\/09\/shure-55sh-ii-e1601485394796.jpg 415w, http:\/\/kommentatorenblog.de\/wp-content\/uploads\/2020\/09\/shure-55sh-ii-e1601485394796-142x300.jpg 142w\" sizes=\"auto, (max-width: 10px) 100vw, 10px\" \/> Andreas Renner<\/p>\n\n\n\n<hr class=\"wp-block-separator\"\/>\n\n\n\n<p><strong><strong><strong><strong><mark style=\"background-color:rgba(0, 0, 0, 0)\" class=\"has-inline-color has-black-color\">Serie A, 27. Spieltag (DAZN)<\/mark><\/strong><\/strong><\/strong><\/strong><\/p>\n\n\n\n<p><span style=\"text-decoration: underline;\">Freitag, 25. Februar 2022<\/span><\/p>\n\n\n\n<p><strong><em>AC Mailand \u2013 Udinese Calcio<\/em><\/strong> <strong><em>(18.45 Uhr)<\/em><\/strong><\/p>\n\n\n\n<p><img loading=\"lazy\" decoding=\"async\" width=\"10\" height=\"21\" class=\"wp-image-3656\" style=\"width: 10px;\" src=\"http:\/\/kommentatorenblog.de\/wp-content\/uploads\/2020\/09\/shure-55sh-ii-e1601485394796.jpg\" alt=\"\" srcset=\"http:\/\/kommentatorenblog.de\/wp-content\/uploads\/2020\/09\/shure-55sh-ii-e1601485394796.jpg 415w, http:\/\/kommentatorenblog.de\/wp-content\/uploads\/2020\/09\/shure-55sh-ii-e1601485394796-142x300.jpg 142w\" sizes=\"auto, (max-width: 10px) 100vw, 10px\" \/> Matthias Naebers<\/p>\n\n\n\n<p><strong><em>GFC Genua \u2013 Inter Mailand<\/em><\/strong> <strong><em>(21.00 Uhr)<\/em><\/strong><\/p>\n\n\n\n<p><img loading=\"lazy\" decoding=\"async\" width=\"10\" height=\"21\" class=\"wp-image-3656\" style=\"width: 10px;\" src=\"http:\/\/kommentatorenblog.de\/wp-content\/uploads\/2020\/09\/shure-55sh-ii-e1601485394796.jpg\" alt=\"\" srcset=\"http:\/\/kommentatorenblog.de\/wp-content\/uploads\/2020\/09\/shure-55sh-ii-e1601485394796.jpg 415w, http:\/\/kommentatorenblog.de\/wp-content\/uploads\/2020\/09\/shure-55sh-ii-e1601485394796-142x300.jpg 142w\" sizes=\"auto, (max-width: 10px) 100vw, 10px\" \/> Ruben Zimmermann<\/p>\n\n\n\n<p><span style=\"text-decoration: underline;\">Samstag, 26. Februar 2022<\/span><\/p>\n\n\n\n<p><strong><em>FC Empoli \u2013 Juventus Turin (18.00 Uhr)<\/em><\/strong> <\/p>\n\n\n\n<p><img loading=\"lazy\" decoding=\"async\" width=\"10\" height=\"21\" class=\"wp-image-3656\" style=\"width: 10px;\" src=\"http:\/\/kommentatorenblog.de\/wp-content\/uploads\/2020\/09\/shure-55sh-ii-e1601485394796.jpg\" alt=\"\" srcset=\"http:\/\/kommentatorenblog.de\/wp-content\/uploads\/2020\/09\/shure-55sh-ii-e1601485394796.jpg 415w, http:\/\/kommentatorenblog.de\/wp-content\/uploads\/2020\/09\/shure-55sh-ii-e1601485394796-142x300.jpg 142w\" sizes=\"auto, (max-width: 10px) 100vw, 10px\" \/> Christoph Stadtler<\/p>\n\n\n\n<p><span style=\"text-decoration: underline;\">Sonntag, 27. Februar 2022<\/span> <\/p>\n\n\n\n<p><strong><em>Spezia \u2013 AS Rom (18.00 Uhr)<\/em><\/strong> <\/p>\n\n\n\n<p><img loading=\"lazy\" decoding=\"async\" width=\"10\" height=\"21\" class=\"wp-image-3656\" style=\"width: 10px;\" src=\"http:\/\/kommentatorenblog.de\/wp-content\/uploads\/2020\/09\/shure-55sh-ii-e1601485394796.jpg\" alt=\"\" srcset=\"http:\/\/kommentatorenblog.de\/wp-content\/uploads\/2020\/09\/shure-55sh-ii-e1601485394796.jpg 415w, http:\/\/kommentatorenblog.de\/wp-content\/uploads\/2020\/09\/shure-55sh-ii-e1601485394796-142x300.jpg 142w\" sizes=\"auto, (max-width: 10px) 100vw, 10px\" \/> Simon Sterzer<\/p>\n\n\n\n<p><strong><em>Lazio Rom <strong><em>\u2013<\/em><\/strong> <strong><em>SSC Neapel<\/em><\/strong> (20.45 Uhr)<\/em><\/strong> <\/p>\n\n\n\n<p><img loading=\"lazy\" decoding=\"async\" width=\"10\" height=\"21\" class=\"wp-image-3656\" style=\"width: 10px;\" src=\"http:\/\/kommentatorenblog.de\/wp-content\/uploads\/2020\/09\/shure-55sh-ii-e1601485394796.jpg\" alt=\"\" srcset=\"http:\/\/kommentatorenblog.de\/wp-content\/uploads\/2020\/09\/shure-55sh-ii-e1601485394796.jpg 415w, http:\/\/kommentatorenblog.de\/wp-content\/uploads\/2020\/09\/shure-55sh-ii-e1601485394796-142x300.jpg 142w\" sizes=\"auto, (max-width: 10px) 100vw, 10px\" \/> Carsten Fu\u00df, Experte: Christian Bernhard<\/p>\n\n\n\n<p><span style=\"text-decoration: underline;\">Montag, 28. Februar 2022<\/span> <\/p>\n\n\n\n<p><strong><em>Atalanta Bergamo <strong><em>\u2013<\/em><\/strong> <strong><em>Sampdoria Genua<\/em><\/strong> (20.45 Uhr)<\/em><\/strong> <\/p>\n\n\n\n<p><img loading=\"lazy\" decoding=\"async\" width=\"10\" height=\"21\" class=\"wp-image-3656\" style=\"width: 10px;\" src=\"http:\/\/kommentatorenblog.de\/wp-content\/uploads\/2020\/09\/shure-55sh-ii-e1601485394796.jpg\" alt=\"\" srcset=\"http:\/\/kommentatorenblog.de\/wp-content\/uploads\/2020\/09\/shure-55sh-ii-e1601485394796.jpg 415w, http:\/\/kommentatorenblog.de\/wp-content\/uploads\/2020\/09\/shure-55sh-ii-e1601485394796-142x300.jpg 142w\" sizes=\"auto, (max-width: 10px) 100vw, 10px\" \/> Mario Rieker<\/p>\n\n\n\n<hr class=\"wp-block-separator\"\/>\n\n\n\n<p><strong><strong><strong><strong><strong><mark style=\"background-color:rgba(0, 0, 0, 0)\" class=\"has-inline-color has-black-color\">Ligue 1, 26. Spieltag (DAZN)<\/mark><\/strong><\/strong><\/strong><\/strong><\/strong><\/p>\n\n\n\n<p><span style=\"text-decoration: underline;\">Samstag, 26. Februar 2022<\/span> <\/p>\n\n\n\n<p><strong><em>Racing Stra\u00dfburg <strong><em>\u2013 <\/em><\/strong>OGC Nizza (17.00 Uhr)<\/em><\/strong><\/p>\n\n\n\n<p><img loading=\"lazy\" decoding=\"async\" width=\"10\" height=\"21\" class=\"wp-image-3656\" style=\"width: 10px;\" src=\"http:\/\/kommentatorenblog.de\/wp-content\/uploads\/2020\/09\/shure-55sh-ii-e1601485394796.jpg\" alt=\"\" srcset=\"http:\/\/kommentatorenblog.de\/wp-content\/uploads\/2020\/09\/shure-55sh-ii-e1601485394796.jpg 415w, http:\/\/kommentatorenblog.de\/wp-content\/uploads\/2020\/09\/shure-55sh-ii-e1601485394796-142x300.jpg 142w\" sizes=\"auto, (max-width: 10px) 100vw, 10px\" \/> Guido H\u00fcsgen<\/p>\n\n\n\n<p><strong><em>Paris Saint-Germain <strong><em>\u2013 <\/em><\/strong>AS Saint-Etienne (21.00 Uhr)<\/em><\/strong><\/p>\n\n\n\n<p><img loading=\"lazy\" decoding=\"async\" width=\"10\" height=\"21\" class=\"wp-image-3656\" style=\"width: 10px;\" src=\"http:\/\/kommentatorenblog.de\/wp-content\/uploads\/2020\/09\/shure-55sh-ii-e1601485394796.jpg\" alt=\"\" srcset=\"http:\/\/kommentatorenblog.de\/wp-content\/uploads\/2020\/09\/shure-55sh-ii-e1601485394796.jpg 415w, http:\/\/kommentatorenblog.de\/wp-content\/uploads\/2020\/09\/shure-55sh-ii-e1601485394796-142x300.jpg 142w\" sizes=\"auto, (max-width: 10px) 100vw, 10px\" \/> Chris Putz<\/p>\n\n\n\n<p><span style=\"text-decoration: underline;\">Sonntag, 27. Februar 2022<\/span> <\/p>\n\n\n\n<p><strong><em>Olympique Lyon \u2013 OSC Lille (20.45 Uhr)<\/em><\/strong> <\/p>\n\n\n\n<p><img loading=\"lazy\" decoding=\"async\" width=\"10\" height=\"21\" class=\"wp-image-3656\" style=\"width: 10px;\" src=\"http:\/\/kommentatorenblog.de\/wp-content\/uploads\/2020\/09\/shure-55sh-ii-e1601485394796.jpg\" alt=\"\" srcset=\"http:\/\/kommentatorenblog.de\/wp-content\/uploads\/2020\/09\/shure-55sh-ii-e1601485394796.jpg 415w, http:\/\/kommentatorenblog.de\/wp-content\/uploads\/2020\/09\/shure-55sh-ii-e1601485394796-142x300.jpg 142w\" sizes=\"auto, (max-width: 10px) 100vw, 10px\" \/> Stefan Galler<\/p>\n\n\n\n<hr class=\"wp-block-separator\"\/>\n\n\n\n<p><strong>Die Analyse<\/strong><\/p>\n\n\n\n<p>Die Bundesliga startet am Freitagabend in den 24.Spieltag und klar ist. Inzwischen sind wir im letzten Drittel der Saison angekommen und die Spannung ist au\u00dferhalb des Titelkampfes sehr hoch. Allein am Freitagabend hei\u00dft es im Baden-W\u00fcrttemberg-Duell zwischen Hoffenheim und Stuttgart Rennen um den Europaduell gegen Rennen gegen den Abstieg. Brisanz ist also auch unabh\u00e4ngig von der regionalen N\u00e4he gegeben. Nichtsdestotrotz ist DAZN leider nur mit Mario Rieker vor Ort. Aus M\u00fcnchen melden sich Tobi Wahnschaffe, Ralph Gunesch und Lukas Sch\u00f6nm\u00fcller.<\/p>\n\n\n\n<p>Am Samstagnachmittag warten f\u00fcnf Spiele auf uns. Brisanz ist definitiv die Partie zwischen Gladbach und dem VfL Wolfsburg, beide Teams h\u00e4ngen weit hinter ihren Erwartungen zur\u00fcck und sind trotz eines kleinen Polsters noch nicht raus aus dem Abstiegskampf. Martin Gro\u00df blickt auf die Partie und ist somit zum dritten Mal in dieser Spielzeit als Kommentator im Borussia-Park. In Leverkusen will Bayer 04 nach der Niederlage in Mainz zur\u00fcck in die Erfolgsspur, der Gast aus Bielefeld ist mit nur einer Niederlage aus acht Spielen allerdings kein einfacher Gegner. Marcus Lindemann meldet sich wie so oft aus der Bay-Arena und auch die Arminia kennt er ja noch gut aus der Vorwoche. Gute Stimmung gibt&#8217;s beim Effzeh, nun ist man zu Gast beim Schlusslicht aus F\u00fcrth. Doch Vorsicht, das Kleeblatt verlor keines der letzten f\u00fcnf Heimspiele. Jonas Friedrich f\u00fchrt durch die Begegnung w\u00e4hrend J\u00fcrgen Schmitz in ungewohnter Rolle auf Stimmenfang geht. Im Europa-Park-Stadion treffen zwei Pole aufeinander. Der unaufgeregte, besonnene SC Freiburg im Rennen um Europa gegen die turbulente, unruhige und im Abstiegsstrudel steckende Hertha. Kai Dittmann &#8211; der mir \u00fcbrigens beim Topspiel vergangene Woche sehr gut gefallen hat &#8211; schaut sich Begegnung an. Komplettiert wird der Nachmittag vom Duell in der alten F\u00f6rsterei zwischen Union Berlin und Mainz 05. Zumindest im Blick auf die letzten drei Spiele eine kleine Sache, ich rechne aber mit einer hoch spannenden Partie. Sicherlich nicht beschweren w\u00fcrde sich dar\u00fcber Oliver Seidler, der sich zum dritten Mal in dieser Spielzeit aus der alten F\u00f6rsterei meldet. <\/p>\n\n\n\n<p>In der Konferenz blickt Florian Schmidt-Sommerfeld auch ein zweites Mal 2022 auf ein Ausw\u00e4rtsspiel von Max Kruse bei Gladbach. Auch Frank Buschmann ist mit dabei, er k\u00fcmmert sich um Union gegen Mainz. Die Routiniers Hansi K\u00fcpper und Klaus Veltman sind ebenso mit dabei. Es komplettiert Torsten Kunde, vor Beginn der Spielzeit h\u00e4tte ich dies noch als \u00dcberraschung tituliert, nun ein fast schon gewohntes. Aus meiner Sicht ist Kunde \u00fcbrigens v\u00f6llig zurecht einer der Gewinner dieser Saison. <\/p>\n\n\n\n<p>Beim Topspiel gibt Wolff Fuss sein Comeback, die Reise in den Deutsche Bank-Park kennt er aber von Beginn des Jahres ja noch gut. Ebenso mit dabei ist Patrick Wasserziehr als Field-Reporter w\u00e4hrend Sebastian Hellmann und Lothar Matth\u00e4us wie immer moderieren. <\/p>\n\n\n\n<p>Am Sonntag startet um 15Uhr den DAZONNTAG mit dem Vorlauf auf Bochum gegen Leipzig. Daniel Herzog und Benny Lauth melden sich leider nur aus M\u00fcnchen. In Bochum ist leider nur Ann-Sophie Kimmel. Kommentieren wird dann Jan Platte, RB hat er ja bereits zweimal in diesem Kalenderjahr \u00fcbernommen. Zum Abschluss des Spieltags meldet sich DAZN dann aus dem Stadion, genauer gesagt aus Augsburg, wo der BVB gastiert. Alex Schl\u00fcter meldet sich mit Seb Kneissl aus der WWK-Arena, kommentieren wird Michael Born. <\/p>\n\n\n\n<p>Aus Liga zwei gebe ich euch noch auf den Weg, dass das Nordderby leider aus der Box kommentiert wird. Den Rest kann ich leider aus den bereits genannten zeitlichen Gr\u00fcnden nicht weiter analysieren. Zugegeben haben mir die Entwicklungen der letzten 24 Stunden auch ein wenig die Sprache verschlagne.<\/p>\n\n\n\n<p>Ich verabschiede mich jetzt erstmal in den Urlaub, bis dahin, habt ein &#8211; in Anbetracht der Umst\u00e4nde &#8211; sch\u00f6nes Wochenende. <\/p>\n","protected":false},"excerpt":{"rendered":"<p>N&#8217;Abend allerseits, aufgrund eines kurzfristigen krankheitsbedingten Ausfall, habe den Beitrag kurzfristig \u00fcbernommen. Von daher ist leider keine Zeit f\u00fcr ein langes Vorwort. Und auch wenn der Kommentatorenblog ein unpolitischer Blog ist, es gibt so viel wichtigeres als den Fussball. Die Ansetzungen vom 25. Februar bis zum 28. Februar 2022 Bundesliga, 24. Spieltag Freitag, 25. Februar [&hellip;]<\/p>\n","protected":false},"author":5,"featured_media":0,"comment_status":"open","ping_status":"open","sticky":false,"template":"","format":"standard","meta":{"footnotes":""},"categories":[424],"tags":[34,49,163,216,377,46,404,490,166,73,131,256,499,164,35,171,212,13,30,119,695,89,61,32,155,25,211,228,653,48,213,347,69,315,86,93,585,491,294,31,205,9,70,43,494,112,243,121,67,95,270,130,694,223,383,114,88,183,113,293,94,29,108,584,45,301,76,12,241,98,222,696,22,66,394,154,28,673,27,102,33,395,252,24,245,87,346,105,289,149,107],"class_list":["post-12101","post","type-post","status-publish","format-standard","hentry","category-bundesliga-und-co","tag-alex-klich","tag-alex-schlueter","tag-alexander-kuepper","tag-andreas-mann","tag-andreas-renner","tag-anett-sattler","tag-ann-sophie-kimmel","tag-ben-wozny","tag-benny-lauth","tag-britta-hofmann","tag-carsten-fuss","tag-cedric-pick","tag-chris-putz","tag-christian-bernhard","tag-christian-strassburger","tag-christoph-stadtler","tag-daniel-herzog","tag-dazn","tag-didi-hamann","tag-edgar-mielke","tag-felix-kroos","tag-florian-schmidt-sommerfeld","tag-frank-buschmann","tag-gari-paubandt","tag-guido-huesgen","tag-hansi-kuepper","tag-hartmut-von-kameke","tag-helge-payer","tag-hendrik-deichamann","tag-jan-platte","tag-jens-westen","tag-joachim-hebel","tag-jonas-friedrich","tag-julian-engelhard","tag-juergen-schmitz","tag-kai-dittmann","tag-katharina-kleinfeldt","tag-kevin-gerwin","tag-lenny-leonhardt","tag-lothar-matthaeus","tag-lukas-schoenmueller","tag-magenta-sport","tag-marcel-meinert","tag-marco-hagemann","tag-marcus-juergensen","tag-marcus-lindemann","tag-mario-rieker","tag-markus-gaupp","tag-markus-hoehner","tag-martin-gross","tag-martin-maibuecher","tag-martin-piller","tag-martin-quast","tag-matthias-naebers","tag-michael-augustin","tag-michael-born","tag-michael-leopold","tag-oliver-forster","tag-oliver-seidler","tag-oskar-heirler","tag-patrick-wasserziehr","tag-peter-hardenacke","tag-ralph-gunesch","tag-riccardo-basile","tag-roland-evers","tag-ruben-zimmermann","tag-ruth-hofmann","tag-sascha-bandermann","tag-sascha-roos","tag-sebastian-hellmann","tag-sebastian-kneissl","tag-simon-sterzer","tag-sky","tag-sport1","tag-stefan-fuckert","tag-stefan-galler","tag-stefan-hempel","tag-steven-ruprecht","tag-sven-schroeter","tag-sven-toellner","tag-thomas-wagner","tag-tobi-schaefer","tag-tobi-wahnschaffe","tag-toni-tomic","tag-torben-hoffmann","tag-torsten-kunde","tag-torsten-mattuschka","tag-uli-hebel","tag-ulli-potofski","tag-uwe-morawe","tag-wolff-fuss"],"_links":{"self":[{"href":"http:\/\/kommentatorenblog.de\/index.php?rest_route=\/wp\/v2\/posts\/12101","targetHints":{"allow":["GET"]}}],"collection":[{"href":"http:\/\/kommentatorenblog.de\/index.php?rest_route=\/wp\/v2\/posts"}],"about":[{"href":"http:\/\/kommentatorenblog.de\/index.php?rest_route=\/wp\/v2\/types\/post"}],"author":[{"embeddable":true,"href":"http:\/\/kommentatorenblog.de\/index.php?rest_route=\/wp\/v2\/users\/5"}],"replies":[{"embeddable":true,"href":"http:\/\/kommentatorenblog.de\/index.php?rest_route=%2Fwp%2Fv2%2Fcomments&post=12101"}],"version-history":[{"count":12,"href":"http:\/\/kommentatorenblog.de\/index.php?rest_route=\/wp\/v2\/posts\/12101\/revisions"}],"predecessor-version":[{"id":12175,"href":"http:\/\/kommentatorenblog.de\/index.php?rest_route=\/wp\/v2\/posts\/12101\/revisions\/12175"}],"wp:attachment":[{"href":"http:\/\/kommentatorenblog.de\/index.php?rest_route=%2Fwp%2Fv2%2Fmedia&parent=12101"}],"wp:term":[{"taxonomy":"category","embeddable":true,"href":"http:\/\/kommentatorenblog.de\/index.php?rest_route=%2Fwp%2Fv2%2Fcategories&post=12101"},{"taxonomy":"post_tag","embeddable":true,"href":"http:\/\/kommentatorenblog.de\/index.php?rest_route=%2Fwp%2Fv2%2Ftags&post=12101"}],"curies":[{"name":"wp","href":"https:\/\/api.w.org\/{rel}","templated":true}]}}