{"id":12119,"date":"2022-02-28T16:24:05","date_gmt":"2022-02-28T14:24:05","guid":{"rendered":"http:\/\/kommentatorenblog.de\/?p=12119"},"modified":"2022-02-28T19:43:44","modified_gmt":"2022-02-28T17:43:44","slug":"1237-die-schoenste-aber-gleichzeitig-unwichtigste-nebensache","status":"publish","type":"post","link":"http:\/\/kommentatorenblog.de\/?p=12119","title":{"rendered":"1237 &#8211; Die sch\u00f6nste, aber gleichzeitig unwichtigste Nebensache"},"content":{"rendered":"\n<p>Guten Abend zusammen, <\/p>\n\n\n\n<p>,,Die sch\u00f6nste Nebensache der Welt&#8220;, unser Fu\u00dfball. Aktuell wird jedoch der Begriff ,,Nebensache&#8220; so deutlich unterstrichen wie lange nicht mehr. Deshalb m\u00f6chte ich euch auch nur schnell die Ansetzungen zum DFB-Pokal, zum FA-Cup, usw. auflisten und dann wieder in Gedanken bei den leidenden Menschen in der Ukraine sein. Hoffen wir das Beste und dass bald wieder Frieden auf unserem Planeten herrscht. Danke! <\/p>\n\n\n\n<hr class=\"wp-block-separator\"\/>\n\n\n\n<p><strong><em>Die Ansetzungen vom 01. M\u00e4rz bis zum 03. M\u00e4rz 2022<\/em><\/strong><\/p>\n\n\n\n<p><strong>DFB-Pokal, Viertelfinale<\/strong> <\/p>\n\n\n\n<p><span style=\"text-decoration: underline;\">Dienstag, 01. M\u00e4rz 2022, ab 20.15 Uhr (ARD\/Sky)<\/span><\/p>\n\n\n\n<p><strong><em>1. FC Union Berlin <strong><em><strong><em>\u2013<\/em><\/strong><\/em><\/strong> FC St. Pauli (20.45 Uhr)<\/em><\/strong><\/p>\n\n\n\n<p>ARD: <img loading=\"lazy\" decoding=\"async\" width=\"10\" height=\"21\" class=\"wp-image-3656\" style=\"width: 10px;\" src=\"http:\/\/kommentatorenblog.de\/wp-content\/uploads\/2020\/09\/shure-55sh-ii-e1601485394796.jpg\" alt=\"\" srcset=\"http:\/\/kommentatorenblog.de\/wp-content\/uploads\/2020\/09\/shure-55sh-ii-e1601485394796.jpg 415w, http:\/\/kommentatorenblog.de\/wp-content\/uploads\/2020\/09\/shure-55sh-ii-e1601485394796-142x300.jpg 142w\" sizes=\"auto, (max-width: 10px) 100vw, 10px\" \/> Tom Bartels, Field-Reporter: Christian Dexne<\/p>\n\n\n\n<p>Sky: <img loading=\"lazy\" decoding=\"async\" width=\"10\" height=\"21\" class=\"wp-image-3656\" style=\"width: 10px;\" src=\"http:\/\/kommentatorenblog.de\/wp-content\/uploads\/2020\/09\/shure-55sh-ii-e1601485394796.jpg\" alt=\"\" srcset=\"http:\/\/kommentatorenblog.de\/wp-content\/uploads\/2020\/09\/shure-55sh-ii-e1601485394796.jpg 415w, http:\/\/kommentatorenblog.de\/wp-content\/uploads\/2020\/09\/shure-55sh-ii-e1601485394796-142x300.jpg 142w\" sizes=\"auto, (max-width: 10px) 100vw, 10px\" \/> Wolff Fuss, Field-Reporterin: Nele Schenker<\/p>\n\n\n\n<p>Moderation (ARD): Esther Sedlaczek, Experte: Bastian Schweinsteiger<\/p>\n\n\n\n<p>Moderation (Sky): Patrick Wasserziehr, Experte: Torsten Mattuschka<\/p>\n\n\n\n<p><span style=\"text-decoration: underline;\">Mittwoch, 02. M\u00e4rz 2022, ab 17.00 Uhr (Sport1) \/ ab 18.00 Uhr (Sky)<\/span><\/p>\n\n\n\n<p><strong><em>Hannover 96 <strong><em><strong><em>\u2013<\/em><\/strong><\/em><\/strong> RB Leipzig (18.30 Uhr)<\/em><\/strong><\/p>\n\n\n\n<p>Sport1: <img loading=\"lazy\" decoding=\"async\" width=\"10\" height=\"21\" class=\"wp-image-3656\" style=\"width: 10px;\" src=\"http:\/\/kommentatorenblog.de\/wp-content\/uploads\/2020\/09\/shure-55sh-ii-e1601485394796.jpg\" alt=\"\" srcset=\"http:\/\/kommentatorenblog.de\/wp-content\/uploads\/2020\/09\/shure-55sh-ii-e1601485394796.jpg 415w, http:\/\/kommentatorenblog.de\/wp-content\/uploads\/2020\/09\/shure-55sh-ii-e1601485394796-142x300.jpg 142w\" sizes=\"auto, (max-width: 10px) 100vw, 10px\" \/> Markus H\u00f6hner (Einzelspiel), Field-Reporter: Jochen Stutzky <\/p>\n\n\n\n<p>Sky: <img loading=\"lazy\" decoding=\"async\" width=\"10\" height=\"21\" class=\"wp-image-3656\" style=\"width: 10px;\" src=\"http:\/\/kommentatorenblog.de\/wp-content\/uploads\/2020\/09\/shure-55sh-ii-e1601485394796.jpg\" alt=\"\" srcset=\"http:\/\/kommentatorenblog.de\/wp-content\/uploads\/2020\/09\/shure-55sh-ii-e1601485394796.jpg 415w, http:\/\/kommentatorenblog.de\/wp-content\/uploads\/2020\/09\/shure-55sh-ii-e1601485394796-142x300.jpg 142w\" sizes=\"auto, (max-width: 10px) 100vw, 10px\" \/> Kai Dittmann (Einzelspiel), Frank Buschmann (Konferenz), Field-Reporter: Michael Leopold<\/p>\n\n\n\n<p>Moderation (Sport1): Thomas Helmer, Experte: Stefan Effenberg<\/p>\n\n\n\n<p><strong><em>Hamburger SV <strong><em><strong><em>\u2013<\/em><\/strong><\/em><\/strong> Karlsruher SC (18.30 Uhr)<\/em><\/strong><\/p>\n\n\n\n<p><img loading=\"lazy\" decoding=\"async\" width=\"10\" height=\"21\" class=\"wp-image-3656\" style=\"width: 10px;\" src=\"http:\/\/kommentatorenblog.de\/wp-content\/uploads\/2020\/09\/shure-55sh-ii-e1601485394796.jpg\" alt=\"\" srcset=\"http:\/\/kommentatorenblog.de\/wp-content\/uploads\/2020\/09\/shure-55sh-ii-e1601485394796.jpg 415w, http:\/\/kommentatorenblog.de\/wp-content\/uploads\/2020\/09\/shure-55sh-ii-e1601485394796-142x300.jpg 142w\" sizes=\"auto, (max-width: 10px) 100vw, 10px\" \/> Oliver Seidler (Einzelspiel), Wolff Fuss (Konferenz), Field-Reporter: Patrick Wasserziehr<\/p>\n\n\n\n<p>Moderation (Sky): Yannick Erkenbrecher <\/p>\n\n\n\n<p><span style=\"text-decoration: underline;\">ab 20.15 Uhr (ARD) \/ ab 20.30 Uhr (Sky)<\/span><\/p>\n\n\n\n<p><strong><em>VfL Bochum <strong><em><strong><em>\u2013<\/em><\/strong><\/em><\/strong> SC Freiburg (20.45 Uhr)<\/em><\/strong><\/p>\n\n\n\n<p>ARD: <img loading=\"lazy\" decoding=\"async\" width=\"10\" height=\"21\" class=\"wp-image-3656\" style=\"width: 10px;\" src=\"http:\/\/kommentatorenblog.de\/wp-content\/uploads\/2020\/09\/shure-55sh-ii-e1601485394796.jpg\" alt=\"\" srcset=\"http:\/\/kommentatorenblog.de\/wp-content\/uploads\/2020\/09\/shure-55sh-ii-e1601485394796.jpg 415w, http:\/\/kommentatorenblog.de\/wp-content\/uploads\/2020\/09\/shure-55sh-ii-e1601485394796-142x300.jpg 142w\" sizes=\"auto, (max-width: 10px) 100vw, 10px\" \/> Florian Na\u00df, Field-Reporter: J\u00fcrgen Bergener <\/p>\n\n\n\n<p>Sky: <img loading=\"lazy\" decoding=\"async\" width=\"10\" height=\"21\" class=\"wp-image-3656\" style=\"width: 10px;\" src=\"http:\/\/kommentatorenblog.de\/wp-content\/uploads\/2020\/09\/shure-55sh-ii-e1601485394796.jpg\" alt=\"\" srcset=\"http:\/\/kommentatorenblog.de\/wp-content\/uploads\/2020\/09\/shure-55sh-ii-e1601485394796.jpg 415w, http:\/\/kommentatorenblog.de\/wp-content\/uploads\/2020\/09\/shure-55sh-ii-e1601485394796-142x300.jpg 142w\" sizes=\"auto, (max-width: 10px) 100vw, 10px\" \/> Marcus Lindemann (Einzelspiel), Roland Evers (evtl. Konferenz), Field-Reporter: Martin Gro\u00df<\/p>\n\n\n\n<p>Moderation (ARD): Alexander Bommes, Experte: Bastian Schweinsteiger<\/p>\n\n\n\n<hr class=\"wp-block-separator\"\/>\n\n\n\n<p><strong>Premier League, Nachholspiel (Sky)<\/strong><\/p>\n\n\n\n<p><span style=\"text-decoration: underline;\">Dienstag, 01. M\u00e4rz 2022, ab 20.35 Uhr<\/span><\/p>\n\n\n\n<p><strong><em>FC Burnley \u2013&nbsp;Leicester City<\/em><\/strong> <strong><em>(20.45 Uhr)<\/em><\/strong> <\/p>\n\n\n\n<p><img loading=\"lazy\" decoding=\"async\" width=\"10\" height=\"21\" class=\"wp-image-3656\" style=\"width: 10px;\" src=\"http:\/\/kommentatorenblog.de\/wp-content\/uploads\/2020\/09\/shure-55sh-ii-e1601485394796.jpg\" alt=\"\" srcset=\"http:\/\/kommentatorenblog.de\/wp-content\/uploads\/2020\/09\/shure-55sh-ii-e1601485394796.jpg 415w, http:\/\/kommentatorenblog.de\/wp-content\/uploads\/2020\/09\/shure-55sh-ii-e1601485394796-142x300.jpg 142w\" sizes=\"auto, (max-width: 10px) 100vw, 10px\" \/> Markus Gaupp<\/p>\n\n\n\n<hr class=\"wp-block-separator\"\/>\n\n\n\n<p><strong>FA-Cup, Achtelfinale (DAZN) <\/strong><\/p>\n\n\n\n<p><span style=\"text-decoration: underline;\">Dienstag, 01. M\u00e4rz 2022<\/span><\/p>\n\n\n\n<p><strong><em>Peterborough United \u2013 Manchester City (20.15 Uhr) <\/em><\/strong><\/p>\n\n\n\n<p><img loading=\"lazy\" decoding=\"async\" width=\"10\" height=\"21\" class=\"wp-image-3656\" style=\"width: 10px;\" src=\"http:\/\/kommentatorenblog.de\/wp-content\/uploads\/2020\/09\/shure-55sh-ii-e1601485394796.jpg\" alt=\"\" srcset=\"http:\/\/kommentatorenblog.de\/wp-content\/uploads\/2020\/09\/shure-55sh-ii-e1601485394796.jpg 415w, http:\/\/kommentatorenblog.de\/wp-content\/uploads\/2020\/09\/shure-55sh-ii-e1601485394796-142x300.jpg 142w\" sizes=\"auto, (max-width: 10px) 100vw, 10px\" \/> Max Siebald <\/p>\n\n\n\n<p><strong><em>Crystal Palace \u2013&nbsp;Stoke City<\/em><\/strong> <strong><em>(20.30 Uhr)<\/em><\/strong><\/p>\n\n\n\n<p><img loading=\"lazy\" decoding=\"async\" width=\"10\" height=\"21\" class=\"wp-image-3656\" style=\"width: 10px;\" src=\"http:\/\/kommentatorenblog.de\/wp-content\/uploads\/2020\/09\/shure-55sh-ii-e1601485394796.jpg\" alt=\"\" srcset=\"http:\/\/kommentatorenblog.de\/wp-content\/uploads\/2020\/09\/shure-55sh-ii-e1601485394796.jpg 415w, http:\/\/kommentatorenblog.de\/wp-content\/uploads\/2020\/09\/shure-55sh-ii-e1601485394796-142x300.jpg 142w\" sizes=\"auto, (max-width: 10px) 100vw, 10px\" \/> Max Gross<\/p>\n\n\n\n<p><strong><em>FC Middlesbrough \u2013 Tottenham Hotspur (20.55 Uhr) <\/em><\/strong><\/p>\n\n\n\n<p><img loading=\"lazy\" decoding=\"async\" width=\"10\" height=\"21\" class=\"wp-image-3656\" style=\"width: 10px;\" src=\"http:\/\/kommentatorenblog.de\/wp-content\/uploads\/2020\/09\/shure-55sh-ii-e1601485394796.jpg\" alt=\"\" srcset=\"http:\/\/kommentatorenblog.de\/wp-content\/uploads\/2020\/09\/shure-55sh-ii-e1601485394796.jpg 415w, http:\/\/kommentatorenblog.de\/wp-content\/uploads\/2020\/09\/shure-55sh-ii-e1601485394796-142x300.jpg 142w\" sizes=\"auto, (max-width: 10px) 100vw, 10px\" \/> Tom Kirsten<\/p>\n\n\n\n<p><span style=\"text-decoration: underline;\">Mittwoch, 02. M\u00e4rz 2022<\/span><\/p>\n\n\n\n<p><strong><em>Luton Town \u2013&nbsp;FC Chelsea<\/em><\/strong> <strong><em>(20.15 Uhr)<\/em><\/strong><\/p>\n\n\n\n<p><img loading=\"lazy\" decoding=\"async\" width=\"10\" height=\"21\" class=\"wp-image-3656\" style=\"width: 10px;\" src=\"http:\/\/kommentatorenblog.de\/wp-content\/uploads\/2020\/09\/shure-55sh-ii-e1601485394796.jpg\" alt=\"\" srcset=\"http:\/\/kommentatorenblog.de\/wp-content\/uploads\/2020\/09\/shure-55sh-ii-e1601485394796.jpg 415w, http:\/\/kommentatorenblog.de\/wp-content\/uploads\/2020\/09\/shure-55sh-ii-e1601485394796-142x300.jpg 142w\" sizes=\"auto, (max-width: 10px) 100vw, 10px\" \/> Marco Hagemann <\/p>\n\n\n\n<p><strong><em>FC Southampton \u2013 West Ham United (20.30 Uhr) <\/em><\/strong><\/p>\n\n\n\n<p><img loading=\"lazy\" decoding=\"async\" width=\"10\" height=\"21\" class=\"wp-image-3656\" style=\"width: 10px;\" src=\"http:\/\/kommentatorenblog.de\/wp-content\/uploads\/2020\/09\/shure-55sh-ii-e1601485394796.jpg\" alt=\"\" srcset=\"http:\/\/kommentatorenblog.de\/wp-content\/uploads\/2020\/09\/shure-55sh-ii-e1601485394796.jpg 415w, http:\/\/kommentatorenblog.de\/wp-content\/uploads\/2020\/09\/shure-55sh-ii-e1601485394796-142x300.jpg 142w\" sizes=\"auto, (max-width: 10px) 100vw, 10px\" \/> Freddy Harder<\/p>\n\n\n\n<p><strong><em>FC Liverpool \u2013&nbsp;Norwich City<\/em><\/strong> <strong><em>(21.15 Uhr)<\/em><\/strong><\/p>\n\n\n\n<p><img loading=\"lazy\" decoding=\"async\" width=\"10\" height=\"21\" class=\"wp-image-3656\" style=\"width: 10px;\" src=\"http:\/\/kommentatorenblog.de\/wp-content\/uploads\/2020\/09\/shure-55sh-ii-e1601485394796.jpg\" alt=\"\" srcset=\"http:\/\/kommentatorenblog.de\/wp-content\/uploads\/2020\/09\/shure-55sh-ii-e1601485394796.jpg 415w, http:\/\/kommentatorenblog.de\/wp-content\/uploads\/2020\/09\/shure-55sh-ii-e1601485394796-142x300.jpg 142w\" sizes=\"auto, (max-width: 10px) 100vw, 10px\" \/> Uli Hebel, Experte: Sebastian Knei\u00dfl<\/p>\n\n\n\n<p><span style=\"text-decoration: underline;\">Donnerstag, 03. M\u00e4rz 2022<\/span><\/p>\n\n\n\n<p><strong><em>FC Everton \u2013 Boreham Wood (21.15 Uhr) <\/em><\/strong><\/p>\n\n\n\n<p><img loading=\"lazy\" decoding=\"async\" width=\"10\" height=\"21\" class=\"wp-image-3656\" style=\"width: 10px;\" src=\"http:\/\/kommentatorenblog.de\/wp-content\/uploads\/2020\/09\/shure-55sh-ii-e1601485394796.jpg\" alt=\"\" srcset=\"http:\/\/kommentatorenblog.de\/wp-content\/uploads\/2020\/09\/shure-55sh-ii-e1601485394796.jpg 415w, http:\/\/kommentatorenblog.de\/wp-content\/uploads\/2020\/09\/shure-55sh-ii-e1601485394796-142x300.jpg 142w\" sizes=\"auto, (max-width: 10px) 100vw, 10px\" \/> Guido H\u00fcsgen <\/p>\n\n\n\n<hr class=\"wp-block-separator\"\/>\n\n\n\n<p><strong>Coppa Italia, Halbfinal-Hinspiele (DAZN)<\/strong><\/p>\n\n\n\n<p><span style=\"text-decoration: underline;\">Dienstag, 01. M\u00e4rz 2022<\/span> <\/p>\n\n\n\n<p><strong><em>AC Mailand \u2013 Inter Mailand (21.00 Uhr)<\/em><\/strong> <\/p>\n\n\n\n<p><img loading=\"lazy\" decoding=\"async\" width=\"10\" height=\"21\" class=\"wp-image-3656\" style=\"width: 10px;\" src=\"http:\/\/kommentatorenblog.de\/wp-content\/uploads\/2020\/09\/shure-55sh-ii-e1601485394796.jpg\" alt=\"\" srcset=\"http:\/\/kommentatorenblog.de\/wp-content\/uploads\/2020\/09\/shure-55sh-ii-e1601485394796.jpg 415w, http:\/\/kommentatorenblog.de\/wp-content\/uploads\/2020\/09\/shure-55sh-ii-e1601485394796-142x300.jpg 142w\" sizes=\"auto, (max-width: 10px) 100vw, 10px\" \/> Carsten Fu\u00df, Experte: Christian Bernhard<\/p>\n\n\n\n<p><span style=\"text-decoration: underline;\">Mittwoch, 02. M\u00e4rz 2022<\/span> <\/p>\n\n\n\n<p><strong><em>AC Florenz \u2013 Juventus Turin (21.00 Uhr)<\/em><\/strong> <\/p>\n\n\n\n<p><img loading=\"lazy\" decoding=\"async\" width=\"10\" height=\"21\" class=\"wp-image-3656\" style=\"width: 10px;\" src=\"http:\/\/kommentatorenblog.de\/wp-content\/uploads\/2020\/09\/shure-55sh-ii-e1601485394796.jpg\" alt=\"\" srcset=\"http:\/\/kommentatorenblog.de\/wp-content\/uploads\/2020\/09\/shure-55sh-ii-e1601485394796.jpg 415w, http:\/\/kommentatorenblog.de\/wp-content\/uploads\/2020\/09\/shure-55sh-ii-e1601485394796-142x300.jpg 142w\" sizes=\"auto, (max-width: 10px) 100vw, 10px\" \/> Mario Rieker, Experte: Michi Hofmann <\/p>\n\n\n\n<hr class=\"wp-block-separator\"\/>\n\n\n\n<p><strong>Copa del Rey, Halnfinal-R\u00fcckspiele (DAZN)<\/strong><\/p>\n\n\n\n<p><span style=\"text-decoration: underline;\">Mittwoch, 02. M\u00e4rz 2022<\/span> <\/p>\n\n\n\n<p><strong><em>FC Valencia \u2013 Athletic Bilbao (21.30 Uhr)<\/em><\/strong><\/p>\n\n\n\n<p><img loading=\"lazy\" decoding=\"async\" width=\"10\" height=\"21\" class=\"wp-image-3656\" style=\"width: 10px;\" src=\"http:\/\/kommentatorenblog.de\/wp-content\/uploads\/2020\/09\/shure-55sh-ii-e1601485394796.jpg\" alt=\"\" srcset=\"http:\/\/kommentatorenblog.de\/wp-content\/uploads\/2020\/09\/shure-55sh-ii-e1601485394796.jpg 415w, http:\/\/kommentatorenblog.de\/wp-content\/uploads\/2020\/09\/shure-55sh-ii-e1601485394796-142x300.jpg 142w\" sizes=\"auto, (max-width: 10px) 100vw, 10px\" \/> Jan Platte <\/p>\n\n\n\n<p><span style=\"text-decoration: underline;\">Donnerstag, <span style=\"text-decoration: underline;\">03. M\u00e4rz <\/span>2022<\/span> <\/p>\n\n\n\n<p><strong><em><strong>Real Betis Sevilla<\/strong> \u2013 Rayo Vallecano (21.00 Uhr)<\/em><\/strong><\/p>\n\n\n\n<p><img loading=\"lazy\" decoding=\"async\" width=\"10\" height=\"21\" class=\"wp-image-3656\" style=\"width: 10px;\" src=\"http:\/\/kommentatorenblog.de\/wp-content\/uploads\/2020\/09\/shure-55sh-ii-e1601485394796.jpg\" alt=\"\" srcset=\"http:\/\/kommentatorenblog.de\/wp-content\/uploads\/2020\/09\/shure-55sh-ii-e1601485394796.jpg 415w, http:\/\/kommentatorenblog.de\/wp-content\/uploads\/2020\/09\/shure-55sh-ii-e1601485394796-142x300.jpg 142w\" sizes=\"auto, (max-width: 10px) 100vw, 10px\" \/> Uwe Morawe <\/p>\n\n\n\n<hr class=\"wp-block-separator\"\/>\n\n\n\n<p><strong>Coupe de France, Halbfinale (DAZN) <\/strong><\/p>\n\n\n\n<p><span style=\"text-decoration: underline;\">Dienstag, 01. M\u00e4rz 2022<\/span> <\/p>\n\n\n\n<p><strong><em>OGC Nizza \u2013 FC Versailles (21.00 Uhr)<\/em><\/strong> <\/p>\n\n\n\n<p><img loading=\"lazy\" decoding=\"async\" width=\"10\" height=\"21\" class=\"wp-image-3656\" style=\"width: 10px;\" src=\"http:\/\/kommentatorenblog.de\/wp-content\/uploads\/2020\/09\/shure-55sh-ii-e1601485394796.jpg\" alt=\"\" srcset=\"http:\/\/kommentatorenblog.de\/wp-content\/uploads\/2020\/09\/shure-55sh-ii-e1601485394796.jpg 415w, http:\/\/kommentatorenblog.de\/wp-content\/uploads\/2020\/09\/shure-55sh-ii-e1601485394796-142x300.jpg 142w\" sizes=\"auto, (max-width: 10px) 100vw, 10px\" \/> Stefan Galler<\/p>\n\n\n\n<p><span style=\"text-decoration: underline;\">Mittwoch, 02. M\u00e4rz 2022<\/span> <\/p>\n\n\n\n<p><strong><em>FC Nantes \u2013 AS Monaco (21.15 Uhr)<\/em><\/strong> <\/p>\n\n\n\n<p><img loading=\"lazy\" decoding=\"async\" width=\"10\" height=\"21\" class=\"wp-image-3656\" style=\"width: 10px;\" src=\"http:\/\/kommentatorenblog.de\/wp-content\/uploads\/2020\/09\/shure-55sh-ii-e1601485394796.jpg\" alt=\"\" srcset=\"http:\/\/kommentatorenblog.de\/wp-content\/uploads\/2020\/09\/shure-55sh-ii-e1601485394796.jpg 415w, http:\/\/kommentatorenblog.de\/wp-content\/uploads\/2020\/09\/shure-55sh-ii-e1601485394796-142x300.jpg 142w\" sizes=\"auto, (max-width: 10px) 100vw, 10px\" \/> Chris Putz <\/p>\n\n\n\n<hr class=\"wp-block-separator\"\/>\n\n\n\n<p><strong>UEFA Youth League, Achtelfinale (DAZN) <\/strong><\/p>\n\n\n\n<p><span style=\"text-decoration: underline;\">Dienstag, 01. M\u00e4rz 2022<\/span> <\/p>\n\n\n\n<p><strong><em>Manchester United U19 \u2013 Borussia Dortmund U19 (21.00 Uhr)<\/em><\/strong> <\/p>\n\n\n\n<p><img loading=\"lazy\" decoding=\"async\" width=\"10\" height=\"21\" class=\"wp-image-3656\" style=\"width: 10px;\" src=\"http:\/\/kommentatorenblog.de\/wp-content\/uploads\/2020\/09\/shure-55sh-ii-e1601485394796.jpg\" alt=\"\" srcset=\"http:\/\/kommentatorenblog.de\/wp-content\/uploads\/2020\/09\/shure-55sh-ii-e1601485394796.jpg 415w, http:\/\/kommentatorenblog.de\/wp-content\/uploads\/2020\/09\/shure-55sh-ii-e1601485394796-142x300.jpg 142w\" sizes=\"auto, (max-width: 10px) 100vw, 10px\" \/> Fabian Pavlakovic<\/p>\n\n\n\n<p><span style=\"text-decoration: underline;\">Mittwoch, 02. M\u00e4rz 2022<\/span> <\/p>\n\n\n\n<p><strong><em>MSK Zilina U19 \u2013 RB Salzburg U19 (16.30 Uhr)<\/em><\/strong> <\/p>\n\n\n\n<p><img loading=\"lazy\" decoding=\"async\" width=\"10\" height=\"21\" class=\"wp-image-3656\" style=\"width: 10px;\" src=\"http:\/\/kommentatorenblog.de\/wp-content\/uploads\/2020\/09\/shure-55sh-ii-e1601485394796.jpg\" alt=\"\" srcset=\"http:\/\/kommentatorenblog.de\/wp-content\/uploads\/2020\/09\/shure-55sh-ii-e1601485394796.jpg 415w, http:\/\/kommentatorenblog.de\/wp-content\/uploads\/2020\/09\/shure-55sh-ii-e1601485394796-142x300.jpg 142w\" sizes=\"auto, (max-width: 10px) 100vw, 10px\" \/> Simon Sterzer<\/p>\n\n\n\n<hr class=\"wp-block-separator\"\/>\n\n\n\n<p><strong>Internationaler Fu\u00dfball (Sportdigital FUSSBALL)<\/strong><\/p>\n\n\n\n<p><span style=\"text-decoration: underline;\">Dienstag, 01, M\u00e4rz 2022<\/span> <\/p>\n\n\n\n<p><strong><em>Trabzonspor &#8211; Antalyaspor, T\u00fcrkiye Kupasi, Viertelfinale (18.30 Uhr)<\/em><\/strong><\/p>\n\n\n\n<p><img loading=\"lazy\" decoding=\"async\" width=\"10\" height=\"21\" class=\"wp-image-3656\" style=\"width: 10px;\" src=\"http:\/\/kommentatorenblog.de\/wp-content\/uploads\/2020\/09\/shure-55sh-ii-e1601485394796.jpg\" alt=\"\" srcset=\"http:\/\/kommentatorenblog.de\/wp-content\/uploads\/2020\/09\/shure-55sh-ii-e1601485394796.jpg 415w, http:\/\/kommentatorenblog.de\/wp-content\/uploads\/2020\/09\/shure-55sh-ii-e1601485394796-142x300.jpg 142w\" sizes=\"auto, (max-width: 10px) 100vw, 10px\" \/> Karsten Linke <\/p>\n\n\n\n<p><span style=\"text-decoration: underline;\">Mittwoch, 02. M\u00e4rz 2022<\/span> <\/p>\n\n\n\n<p><strong><em>Fluminense (BRA) &#8211; Millonarios (COL), CONMEBOL Libertadores, 2. Runde, R\u00fcckspiel (01.30 Uhr)<\/em><\/strong><\/p>\n\n\n\n<p><img loading=\"lazy\" decoding=\"async\" width=\"10\" height=\"21\" class=\"wp-image-3656\" style=\"width: 10px;\" src=\"http:\/\/kommentatorenblog.de\/wp-content\/uploads\/2020\/09\/shure-55sh-ii-e1601485394796.jpg\" alt=\"\" srcset=\"http:\/\/kommentatorenblog.de\/wp-content\/uploads\/2020\/09\/shure-55sh-ii-e1601485394796.jpg 415w, http:\/\/kommentatorenblog.de\/wp-content\/uploads\/2020\/09\/shure-55sh-ii-e1601485394796-142x300.jpg 142w\" sizes=\"auto, (max-width: 10px) 100vw, 10px\" \/> Arne Malsch<\/p>\n\n\n\n<p><strong><em>Yokohama F-Marinos &#8211; Vissel Kobe, J. League, 10. Spieltag<\/em><\/strong> <strong><em>(11.33 Uhr)<\/em><\/strong><\/p>\n\n\n\n<p><img loading=\"lazy\" decoding=\"async\" width=\"10\" height=\"21\" class=\"wp-image-3656\" style=\"width: 10px;\" src=\"http:\/\/kommentatorenblog.de\/wp-content\/uploads\/2020\/09\/shure-55sh-ii-e1601485394796.jpg\" alt=\"\" srcset=\"http:\/\/kommentatorenblog.de\/wp-content\/uploads\/2020\/09\/shure-55sh-ii-e1601485394796.jpg 415w, http:\/\/kommentatorenblog.de\/wp-content\/uploads\/2020\/09\/shure-55sh-ii-e1601485394796-142x300.jpg 142w\" sizes=\"auto, (max-width: 10px) 100vw, 10px\" \/> Marcus Radefeld <\/p>\n\n\n\n<p><strong><em>Sivasspor &#8211; Karag\u00fcmr\u00fck, T\u00fcrkiye Kupasi, Viertelfinale (15.00 Uhr)<\/em><\/strong><\/p>\n\n\n\n<p><img loading=\"lazy\" decoding=\"async\" width=\"10\" height=\"21\" class=\"wp-image-3656\" style=\"width: 10px;\" src=\"http:\/\/kommentatorenblog.de\/wp-content\/uploads\/2020\/09\/shure-55sh-ii-e1601485394796.jpg\" alt=\"\" srcset=\"http:\/\/kommentatorenblog.de\/wp-content\/uploads\/2020\/09\/shure-55sh-ii-e1601485394796.jpg 415w, http:\/\/kommentatorenblog.de\/wp-content\/uploads\/2020\/09\/shure-55sh-ii-e1601485394796-142x300.jpg 142w\" sizes=\"auto, (max-width: 10px) 100vw, 10px\" \/> Jonathan Dreier<\/p>\n\n\n\n<p><strong><em>Besiktas &#8211; Kayerispor, <strong><em>T\u00fcrkiye Kupasi, Viertelfinale<\/em><\/strong><\/em><\/strong> <strong><em>(18.30 Uhr)<\/em><\/strong><\/p>\n\n\n\n<p><img loading=\"lazy\" decoding=\"async\" width=\"10\" height=\"21\" class=\"wp-image-3656\" style=\"width: 10px;\" src=\"http:\/\/kommentatorenblog.de\/wp-content\/uploads\/2020\/09\/shure-55sh-ii-e1601485394796.jpg\" alt=\"\" srcset=\"http:\/\/kommentatorenblog.de\/wp-content\/uploads\/2020\/09\/shure-55sh-ii-e1601485394796.jpg 415w, http:\/\/kommentatorenblog.de\/wp-content\/uploads\/2020\/09\/shure-55sh-ii-e1601485394796-142x300.jpg 142w\" sizes=\"auto, (max-width: 10px) 100vw, 10px\" \/> Karsten Linke <\/p>\n\n\n\n<p><span style=\"text-decoration: underline;\">Donnerstag, 03. M\u00e4rz 2022<\/span> <\/p>\n\n\n\n<p><strong><em>Alanyaspor &#8211; Gaziantep, <strong><em>T\u00fcrkiye Kupasi, Viertelfinale<\/em><\/strong> (18.30 Uhr)<\/em><\/strong><\/p>\n\n\n\n<p><img loading=\"lazy\" decoding=\"async\" width=\"10\" height=\"21\" class=\"wp-image-3656\" style=\"width: 10px;\" src=\"http:\/\/kommentatorenblog.de\/wp-content\/uploads\/2020\/09\/shure-55sh-ii-e1601485394796.jpg\" alt=\"\" srcset=\"http:\/\/kommentatorenblog.de\/wp-content\/uploads\/2020\/09\/shure-55sh-ii-e1601485394796.jpg 415w, http:\/\/kommentatorenblog.de\/wp-content\/uploads\/2020\/09\/shure-55sh-ii-e1601485394796-142x300.jpg 142w\" sizes=\"auto, (max-width: 10px) 100vw, 10px\" \/> Christian Blunck <\/p>\n\n\n\n<hr class=\"wp-block-separator\"\/>\n\n\n\n<p><strong>Analyse<\/strong><\/p>\n\n\n\n<p><strong>DFB-Pokal: Die letzten vier Teams des Pokals werden ermittelt<\/strong> <\/p>\n\n\n\n<p>Los geht&#8217;s am Dienstag mit nur einem Spiel, aufgrund von Eins\u00e4tzen von Leipzig, Bochum und des HSV am Sonntag, mit dem Heimspiel des 1. FC Union Berlin gegen St. Pauli. F\u00fcr Sky vor Ort sind Wolff Fuss als Kommenator, Patrick Wasserziehr als Moderator, Nele Schenker als Interviewerin und zu guter Letzt Torsten Mattuschka als Experte. Um 20.15 Uhr beginnt bei Sky der Verlauf, dies gilt auch f\u00fcr die ARD. Esther Sedlaczek und Bastian Schweinsteiger f\u00fchren durch die Sendung. Tom Bartels \u00fcbernimmt dann kurz vor Anpfiff. Christian Dexne stellt die Fragen an die Verantwortlichen. <\/p>\n\n\n\n<p>Am Mittwoch gibt es dann drei Spiele. Um 18.30 Uhr zwei parallel. Hei\u00dft also, Sky bietet eine Konferenz an und diese k\u00f6nnte namentlich eigentlich nicht besser besetzt sein als mit dem Glanzparaden-Duo Wolff Fuss (HSV-KSC) und Frank Buschmann (H96-RBL). Moderieren wird Yannick Erkenbrecher. Die Einzelspiele werden von Kai Dittmann, Hannover, und Oliver Seidler, Hamburg, kommentiert. Au\u00dferdem werden die beiden von Michael Leopold bzw. Patrick Wasserziehr, der seinen zweiten Einsatz verzeichnet, begleitet. Auch Sport1 \u00fcbertr\u00e4gt wie gewohnt ein Spiel des Viertelfinale, das letzte also in dieser Pokal-Saison. Das gewohnte Team Helmer\/H\u00f6hner\/Effenberg\/Stutzky ist am Start. <\/p>\n\n\n\n<p>Den Abschluss des Viertelfinals gibt es dann &#8218;Anne Castroper&#8216;. Sky sowie erneut die ARD \u00fcbertragen. Die Kommentatoren hei\u00dfen Marcus Lindemann bzw. Florian Na\u00df, die Interviews f\u00fchren Martin Gro\u00df f\u00fcr Sky und J\u00fcrgen Bergener f\u00fcr die ARD. Bastian Schweinsteiger ist auch am Mittwoch als Experte im Einsatz. Nun aber mit Alexander Bommes. Ob die ARD aus Berlin bzw. Bochum moderiert kann ich nicht sagen, ich glaube aber an beiden Abenden kommt der Verlauf, wie bereits im Achtelfinale, nur aus dem Studio. Eine Personalie ist noch zu nennen. Falls es bei den fr\u00fchen Mittwochspartien zu einer Verl\u00e4ngerung kommen sollte, schaltet sich Roland Evers in der Konferenz bei Sky dazu. <\/p>\n\n\n\n<p><strong>Was findet sonst noch statt? <\/strong><\/p>\n\n\n\n<p>In England, Italien, Spanien und Frankreich finden ebenfalls Pokalspiele statt, die allesamt von DAZN \u00fcbertragen werden. Au\u00dferdem findet ein Nachholspiel in der Premier League statt, Burnley empf\u00e4ngt Leicester. Markus Gaupp \u00fcbernimmt. Und auch aus der UEFA Youth League \u00fcbertr\u00e4gt DAZN noch zwei Spiele. Sportdigital \u00fcbertr\u00e4gt auch noch einiges. <\/p>\n\n\n\n<p>Und nun, ich w\u00fcnsche euch eine sch\u00f6ne Woche! <\/p>\n","protected":false},"excerpt":{"rendered":"<p>Guten Abend zusammen, ,,Die sch\u00f6nste Nebensache der Welt&#8220;, unser Fu\u00dfball. Aktuell wird jedoch der Begriff ,,Nebensache&#8220; so deutlich unterstrichen wie lange nicht mehr. Deshalb m\u00f6chte ich euch auch nur schnell die Ansetzungen zum DFB-Pokal, zum FA-Cup, usw. auflisten und dann wieder in Gedanken bei den leidenden Menschen in der Ukraine sein. Hoffen wir das Beste [&hellip;]<\/p>\n","protected":false},"author":7,"featured_media":0,"comment_status":"open","ping_status":"open","sticky":false,"template":"","format":"standard","meta":{"footnotes":""},"categories":[504],"tags":[246,19,355,131,499,164,535,459,235,259,13,65,97,221,356,99,61,295,155,48,74,470,93,43,112,243,121,67,95,283,279,88,401,369,113,94,23,45,222,696,22,66,134,68,154,595,273,200,346,697,105,149,107,196],"class_list":["post-12119","post","type-post","status-publish","format-standard","hentry","category-dfb-pokal-co","tag-alexander-bommes","tag-ard","tag-bastian-schweinsteiger","tag-carsten-fuss","tag-chris-putz","tag-christian-bernhard","tag-christian-dexne","tag-copa-del-rey","tag-coppa-italia","tag-coupe-de-france","tag-dazn","tag-dfb-pokal","tag-esther-sedlaczek","tag-fa-cup","tag-fabian-pavlakovic","tag-florian-nass","tag-frank-buschmann","tag-freddy-harder","tag-guido-huesgen","tag-jan-platte","tag-jochen-stutzky","tag-juergen-bergener","tag-kai-dittmann","tag-marco-hagemann","tag-marcus-lindemann","tag-mario-rieker","tag-markus-gaupp","tag-markus-hoehner","tag-martin-gross","tag-max-gross","tag-max-siebald","tag-michael-leopold","tag-michi-hofmann","tag-nele-schenker","tag-oliver-seidler","tag-patrick-wasserziehr","tag-premier-league","tag-roland-evers","tag-sebastian-kneissl","tag-simon-sterzer","tag-sky","tag-sport1","tag-sportdigital-fussball","tag-stefan-effenberg","tag-stefan-galler","tag-thomas-helmer","tag-tom-bartels","tag-tom-kirsten","tag-torsten-mattuschka","tag-uefa-youth-league","tag-uli-hebel","tag-uwe-morawe","tag-wolff-fuss","tag-yannick-erkenbrecher"],"_links":{"self":[{"href":"http:\/\/kommentatorenblog.de\/index.php?rest_route=\/wp\/v2\/posts\/12119","targetHints":{"allow":["GET"]}}],"collection":[{"href":"http:\/\/kommentatorenblog.de\/index.php?rest_route=\/wp\/v2\/posts"}],"about":[{"href":"http:\/\/kommentatorenblog.de\/index.php?rest_route=\/wp\/v2\/types\/post"}],"author":[{"embeddable":true,"href":"http:\/\/kommentatorenblog.de\/index.php?rest_route=\/wp\/v2\/users\/7"}],"replies":[{"embeddable":true,"href":"http:\/\/kommentatorenblog.de\/index.php?rest_route=%2Fwp%2Fv2%2Fcomments&post=12119"}],"version-history":[{"count":35,"href":"http:\/\/kommentatorenblog.de\/index.php?rest_route=\/wp\/v2\/posts\/12119\/revisions"}],"predecessor-version":[{"id":12174,"href":"http:\/\/kommentatorenblog.de\/index.php?rest_route=\/wp\/v2\/posts\/12119\/revisions\/12174"}],"wp:attachment":[{"href":"http:\/\/kommentatorenblog.de\/index.php?rest_route=%2Fwp%2Fv2%2Fmedia&parent=12119"}],"wp:term":[{"taxonomy":"category","embeddable":true,"href":"http:\/\/kommentatorenblog.de\/index.php?rest_route=%2Fwp%2Fv2%2Fcategories&post=12119"},{"taxonomy":"post_tag","embeddable":true,"href":"http:\/\/kommentatorenblog.de\/index.php?rest_route=%2Fwp%2Fv2%2Ftags&post=12119"}],"curies":[{"name":"wp","href":"https:\/\/api.w.org\/{rel}","templated":true}]}}