{"id":12184,"date":"2022-03-03T23:29:15","date_gmt":"2022-03-03T21:29:15","guid":{"rendered":"http:\/\/kommentatorenblog.de\/?p=12184"},"modified":"2022-03-04T16:56:52","modified_gmt":"2022-03-04T14:56:52","slug":"1238-dazn-paralympics-und-bundesliga","status":"publish","type":"post","link":"http:\/\/kommentatorenblog.de\/?p=12184","title":{"rendered":"1238 &#8211; DAZN, Paralympics und Bundesliga"},"content":{"rendered":"\n<p>N\u00b4Abend allerseits,<\/p>\n\n\n\n<p>es sind momentan schwierige Zeiten und es gab von der ein oder anderen Person in den Kommentaren Kritik beziehungsweise Nachfragen zu der Thematik DAZN sowie den Verbindungen zu Leonard Blavatnik sowie dessen Verbindungen zum russischen Pr\u00e4sidenten.<\/p>\n\n\n\n<p>Im Folgenden versuchen wir ein bisschen Licht ins Dunkle zu bringen und m\u00f6chten euch den Aufbau von DAZN darstellen. Auch auf Verbindungen Blavatniks versuchen wir einzugehen, seht an dieser Stelle bitte nach, dass wir nur Blogbetreiber mit Fokus auf den Sport sind, und unsere Kenntnisse und Informationen, was Beziehungen zwischen reichen Menschen und Staats- und Regierungschefs beschr\u00e4nkt sind, Jonas hat sich M\u00fche gegeben, durchzublicken und versucht, euch die Sachlage darzustellen. Gerne k\u00f6nnt ihr aber auch selbst euch im Internet \u00fcber die Thematik informieren.<\/p>\n\n\n\n<p><strong>DAZN- Anteilseigner<\/strong><\/p>\n\n\n\n<p>Beginnen wir nun erstmal mit der Struktur DAZNs: Unter dem folgenden Link findet ihr eine genauere \u00dcbersicht mit Stand Mai 2021 (<a href=\"https:\/\/www.kek-online.de\/fileadmin\/user_upload\/Pressemitteilungen\/KEK\/21\/04\/DAZN_2021-05_Veroeffentlichung.pdf\">PowerPoint-Pr\u00e4sentation (kek-online.de)<\/a>)<\/p>\n\n\n\n<p>Zusammengefasst l\u00e4sst sich sagen, dass sich die Anteilseigner der DAZN Group, welche im Vereinigten K\u00f6nigreich sitzt, in drei Bereiche unterteilen l\u00e4sst. Einmal die Dentsu Group, welche 9,03% der Anteile h\u00e4lt, dann gibt es die Anteile, die sich im Streubesitz befinden und 8,19% ausmachen und zu guter letzt noch die 82,78% der Anteile die von der AI Perform Holding gehalten werden. Diese Holding geh\u00f6rt zu 100% zu Acces Industries, welche zu 100% Leonard Blavatnik geh\u00f6rt.<\/p>\n\n\n\n<p>Die im Vereinigten K\u00f6nigreich ans\u00e4ssige DAZN Group ist f\u00fcr den Erwerb der TV- Rechte verantwortlich und kann Tochterfirmen auch Finanzmittel zu Verf\u00fcgung stellen. \u00dcber einige Tochterfirmen (an den immer 100% von DAZN gehalten werden), landen wir bei der DAZN DACH GmbH, welche in Deutschland, \u00d6sterreich und der Schweiz f\u00fcr die Erbringung der Dienstleistungen in den Bereichen Produktion, Marketing und Vertrieb verantwortlich ist (<a rel=\"noreferrer noopener\" href=\"https:\/\/www.bundesanzeiger.de\/pub\/de\/suchergebnis?16\" target=\"_blank\">Suchergebnis \u2013 Bundesanzeiger<\/a>). Die deutschen TV- Gesichter d\u00fcrften hier also Angestellt sein.<\/p>\n\n\n\n<p>Nun kommen wir zu Person Leonard Blavatnik: Er besitz die britische und amerikanische Staatsb\u00fcrgerschaft und ist ukrainisch- j\u00fcdischer Herkunft, wie bereits in den Kommentaren erw\u00e4hnt wurde. Er geh\u00f6rt zu den reichsten Menschen der Welt und hat\/ hatte \u00fcber seine Holdings u.a. Anteile an der Warner Music Group, Spotify,..<\/p>\n\n\n\n<p>Seine genauen (aktuellen) Beziehungen nach Russland beziehungsweise in den Kreml sind schwierig zu beurteilen und herauszufinden. So liest man \u00fcber Beziehungen und Kontakte dorthin. Andererseits gibt es aber auch Berichte, dass er auf Distanz zum russischen Staatschef gehe und es seit langer Zeit keinen Kontakt gebe. <\/p>\n\n\n\n<p>Zusammen mit Wiktor Felixowitsch Wekselberg erwarb er Aktienanteile an dem zu privatisierenden Staatskonzern TNK, welche ihnen zu sehr g\u00fcnstigen Preisen verkauft wurden. Durch den sp\u00e4teren Verkauf dieser Aktien gelangte Blavatnik zu seinem Reichtum (<a href=\"https:\/\/www.juedische-allgemeine.de\/juedische-welt\/oligarch-ohne-grenzen\/\">Oligarch ohne Grenzen | J\u00fcdische Allgemeine (juedische-allgemeine.de)<\/a>). Dabei steht vor allem der Erwerb dieses Unternehmens in Kritik, da es hei\u00dft, hier sei nicht alles mit rechten Dingen abgelaufen (<a href=\"https:\/\/nypost.com\/2022\/02\/27\/heres-where-russian-oligarchs-and-their-families-own-property-in-nyc\/\">Here&#8217;s where Russian oligarchs and their families own property in NYC (nypost.com)<\/a>).Aber auch seine Gesch\u00e4ftspartner beim \u00d6lkonzern TNK, Wekselberg und Michail Fridman sind nicht unumstritten<\/p>\n\n\n\n<p>Fridman befindet sich seit 2018 auf der Sanktionsliste f\u00fcr russische Oligarchen, ebenso wie auf der, infolge des Ukraine Krieges erstellten, EU- Sanktionsliste (<a href=\"https:\/\/www.tagesschau.de\/wirtschaft\/wer-sind-die-sanktionierten-russen-oligarchen-101.html\">Von Aven bis Usmanow: Wer sind die sanktionierten Oligarchen? | tagesschau.de<\/a>). Er soll, ebenso wie Wekselberg  laut der US- Regierung Beziehungen in den Kreml unterhalten (<a href=\"https:\/\/www.stern.de\/sport\/fussball\/leonard-blavatnik---der-schillernde-milliardaer--der-hinter-dem-fussball-sender-dazn-steckt-8363806.html\">Leonard Blavatnik &#8211; der schillernde Milliard\u00e4r, der hinter dem Fu\u00dfball-Sender DAZN steckt | STERN.de<\/a>), nach den neuesten EU- Sanktionen wies Fridman diese Aussagen als unwahr zur\u00fcck. <\/p>\n\n\n\n<p>Gegen Blavatnik gibt es im Gegensatz zu seinen Partnern\/ Bekannten, unseren Informationen, weder Sanktionen von Seiten der US- Regierung noch der EU. Er wird aber  zumindest von Seiten der US- Regierung kritisch betrachtet, aufgrund seiner Beziehungen zu Fridman und Wekselberg. Auf der anderen Seite wurde er aufgrund seiner philanthropischen T\u00e4tigkeiten 2017 von der Queen zum Ritter geschlagen.<\/p>\n\n\n\n<p>Abschlie\u00dfend noch kurz zur finanziellen Situation: Bis 2019 hat die DAZN Group Verluste eingefahren, neuere Zahlen gibt es, allerdings deutet viel daraufhin, dass dies 2020 nicht besser gewesen d\u00fcrfte. Aus diesem Grund hat Blavatnik Ende 2021 4,3 Milliarden Dollar investiert, um DAZN schuldenfrei zu machen (<a href=\"https:\/\/www.computerbild.de\/artikel\/cb-News-Streaming-DAZN-Nach-Preisverdopplung-Finanzspritze-in-Milliardenhoehe-31957483.html\">DAZN: Nach Preisverdopplung Finanzspritze in Milliardenh\u00f6he &#8211; COMPUTER BILD<\/a>). Zudem wurden neue Anteile erworben, was die oben erw\u00e4hnten Anteile der AI Perform Holding erh\u00f6hen d\u00fcrfte. <\/p>\n\n\n\n<p><strong>Wie verfahren wir nun weiter mit DAZN ?<\/strong><\/p>\n\n\n\n<p>In allererster Linie verurteile ich (Nico) als Betreiber des Kommentatorenblogs im Namen des Blogs den russischen Angriff auf die Ukraine. Krieg und alles was er mit sich bringt ist nicht zu akzeptieren und wieder st\u00f6\u00dft ganz klar unseren demokratischen und freiheitlichen Werten. <\/p>\n\n\n\n<p>Nun aber zu DAZN: Uns wurde ja zuteilen Heuchelei, Doppelmoral oder \u00e4hnliches vorgeworfen, diesen Vorwurf teile ich nicht. \u00dcber m\u00f6gliche Beziehungen von Herrn Blavatnik zum Kreml ist &#8211; wie Jonas gut aufgezeigt hat &#8211; wenig bekannt. Und da ich von meiner Warte &#8211; in Krisenzeiten ist auch dies wichtig &#8211; vorsichtig mit Vorverurteilungen bei unsicherer Sachlage bin, will ich hier sicherlich nicht zu einem DAZN-Boykott oder \u00e4hnliches aufrufen. Wir werden auch selbstverst\u00e4ndlich weiter die DAZN-Ansetzungen auflisten. Zum Abschluss habe ich noch eine Bitte an die Lesenden: Im Kommentarbereich kann sich selbstverst\u00e4ndlich jeder so \u00e4u\u00dfern wie er will und kann auch f\u00fcr sich den Schluss ziehen, wie er beispielsweise mit DAZN umgeht. Von meiner Warte kann ich sagen, dass die neusten Entwicklungen nichts an meinem DAZN-Abo \u00e4ndern wird, da ich wie gesagt nichts von Vorverurteilungen und purem Aktionismus halte. Aber, Kommentatoren, Moderatoren etc. von DAZN in irgendeiner Form zu diskreditieren und als Heuchler oder \u00e4hnliches zu bezeichnen m\u00f6chten wir nicht sehen und Kommentare werden diesbez\u00fcglich auch nicht freigegeben. <\/p>\n\n\n\n<p>Abschlie\u00dfend noch ein Hinweis: Wir sind ein unpolitischer Blog und keine Experten im Bereich des momentanen Konfliktes. Nichtsdestotrotz wollten wir so gut wie wir es k\u00f6nnen den Wunsch erf\u00fcllen, die Situation um DAZN zu erkl\u00e4ren. Und schlussendlich betrifft uns der momentane Konflikt auch, weshalb ich nach langer \u00dcberlegung auch entschieden habe, mich hier kritisch zur Thematik zu \u00e4u\u00dfern. Nichtsdestotrotz werden wir in den kommenden Beitr\u00e4gen sicherlich nicht immer die aktuelle Situation thematisieren, uns ist aber auch bewusst, dass Sport und irgendwelche Ansetzungen momentan absolut zweitrangig sind. Denn dies ist weiterhin unser Fachgebiet.<\/p>\n\n\n\n<p>Bevor es weiter mit den Ansetzungen geht, noch ein Blick auf die Paralympics von Jonas:<\/p>\n\n\n\n<p><strong>Die Paralympics<\/strong><\/p>\n\n\n\n<p>Ab Freitag starten die paralympischen Spiele, wie in den letzten Jahren auch, \u00fcbertragen ARD und ZDF live von diesem Event. Allerdings wird sich die TV-Sendezeit im Vergleich zu vor vier Jahren deutlich verringern. Besonders zu Beginn wird (im ZDF) auf Highlights und Zusammenfassungen gesetzt. Daf\u00fcr wird aber das Online- Angebot ausgebaut und es gibt an allen Tagen mehrere Stunden Livestreams, vor allem vom Ski Alpin und Biathlon bzw. Langlauf.<\/p>\n\n\n\n<p><strong>Bekanntes Personal<\/strong><\/p>\n\n\n\n<p>Beim Personal f\u00fcr die Spiele gibt es wenig \u00fcberraschendes. So moderieren wie bereits 2018 Yorck Polus (ZDF) und Stephanie M\u00fcller- Spirra (ARD), allerdings auch &#8222;nur&#8220; aus der Sendezentrale in Mainz. Paralympics- Experte des ZDFs wird, wie seit langer Zeit, Matthias Berg sein. Die ARD dagegen hat sich mit der Anna Schaffelhuber, u.a siebenmalige Paralympics- Siegerin, eine neue Expertin ins Team geholt.<\/p>\n\n\n\n<p>Bei den Kommentatoren gibt es im ZDF gegen\u00fcber 2018 keinerlei Ver\u00e4nderungen. Michael Kreutz \u00fcbernimmt mit Alexander Spitz die Alpinen, Marc Windgassen Langlauf bzw Biathlon, Alexander von der Groeben k\u00fcmmert sich, wie auch bei Olympia 2022 um Curling und Norbert Galeske wir der Kommentator f\u00fcr Schlitteneishockey sein. Bei der Er\u00f6ffnungsfeier kommt zudem noch Hermann Valkyser zum Einsatz<\/p>\n\n\n\n<p>In der ARD gibt es mit Julian Wiegmann einen neuen Reporter im Vergleich zu 2018. Er wird Biathlon und Langlauf \u00fcbernehmen und wird dabei wahrscheinlich Tim Tonder unterst\u00fctzt. F\u00fcr Ski Alpin und die Abschlussfeier ist Thomas Braml verantwortlich, dazu \u00fcbernimmt Florian Eckl die Curling- Wettbewerbe und Eik Galley das Eishockey- Turnier. F\u00fcr die Sender vor Ort werden u.a. Florian Zschiedrich (ZDF) und Laura Trust (ARD)sein.<\/p>\n\n\n\n<p>Die ersten Tage der Paralympics werden im ZDF \u00fcbertragen, ab dem 09.03 bis zum Ende (13.03) \u00fcbernimmt dann das Erste die \u00dcbertragung, dazu kommen, wie bereits erw\u00e4hnt, Livestreams auf sportschau.de und sportstudio.de.<\/p>\n\n\n\n<p>Ein pickepackevolles Vorwort, nun springen wir aber in die Ansetzungen!<\/p>\n\n\n\n<hr class=\"wp-block-separator\"\/>\n\n\n\n<p><strong><em>Die Ansetzungen vom 04. M\u00e4rz bis zum 07. M\u00e4rz 2022<\/em><\/strong><\/p>\n\n\n\n<p><strong>Bundesliga, 25. Spieltag<\/strong><\/p>\n\n\n\n<p><span style=\"text-decoration: underline;\"><span style=\"text-decoration: underline;\">Freitag, 04, M\u00e4rz 2022, <\/span> ab 19.30 Uhr (DAZN)<\/span><\/p>\n\n\n\n<p><strong><em>Arminia Bielefeld \u2013 FC Augsburg<\/em><\/strong> <strong><em>(20.30 Uhr)<\/em><\/strong><\/p>\n\n\n\n<p style=\"font-size:18px\"><img loading=\"lazy\" decoding=\"async\" width=\"10\" height=\"21\" class=\"wp-image-3656\" style=\"width: 10px;\" src=\"http:\/\/kommentatorenblog.de\/wp-content\/uploads\/2020\/09\/shure-55sh-ii-e1601485394796.jpg\" alt=\"\" srcset=\"http:\/\/kommentatorenblog.de\/wp-content\/uploads\/2020\/09\/shure-55sh-ii-e1601485394796.jpg 415w, http:\/\/kommentatorenblog.de\/wp-content\/uploads\/2020\/09\/shure-55sh-ii-e1601485394796-142x300.jpg 142w\" sizes=\"auto, (max-width: 10px) 100vw, 10px\" \/> Freddy Harder, Expertin: Julia Simic<\/p>\n\n\n\n<p>Moderation: Jan L\u00fcdeke, Field-Reporterin: Ann-Sophie Kimmel<\/p>\n\n\n\n<p><span style=\"text-decoration: underline;\"><span style=\"text-decoration: underline;\">Samstag, 05. M\u00e4rz 2022<\/span>, ab 14.00 Uhr (Sky)<\/span><\/p>\n\n\n\n<p><strong><em>FC Bayern M\u00fcnchen <strong><em>\u2013<\/em><\/strong> Bayer 04 Leverkusen (15.30 Uhr)<\/em><\/strong><\/p>\n\n\n\n<p style=\"font-size:18px\"><img loading=\"lazy\" decoding=\"async\" width=\"10\" height=\"21\" class=\"wp-image-3656\" style=\"width: 10px;\" src=\"http:\/\/kommentatorenblog.de\/wp-content\/uploads\/2020\/09\/shure-55sh-ii-e1601485394796.jpg\" alt=\"\" srcset=\"http:\/\/kommentatorenblog.de\/wp-content\/uploads\/2020\/09\/shure-55sh-ii-e1601485394796.jpg 415w, http:\/\/kommentatorenblog.de\/wp-content\/uploads\/2020\/09\/shure-55sh-ii-e1601485394796-142x300.jpg 142w\" sizes=\"auto, (max-width: 10px) 100vw, 10px\" \/> Kai Dittmann (Einzelspiel), Frank Buschmann (Konferenz)<\/p>\n\n\n\n<p>Field-Reporter: Patrick Wasserziehr<\/p>\n\n\n\n<p><strong><em>RB Leipzig <\/em><\/strong><strong><em><strong><em>\u2013<\/em><\/strong><\/em><\/strong><strong><em> SC Freiburg (15.30 Uhr)<\/em><\/strong><\/p>\n\n\n\n<p style=\"font-size:18px\"><img loading=\"lazy\" decoding=\"async\" width=\"10\" height=\"21\" class=\"wp-image-3656\" style=\"width: 10px;\" src=\"http:\/\/kommentatorenblog.de\/wp-content\/uploads\/2020\/09\/shure-55sh-ii-e1601485394796.jpg\" alt=\"\" srcset=\"http:\/\/kommentatorenblog.de\/wp-content\/uploads\/2020\/09\/shure-55sh-ii-e1601485394796.jpg 415w, http:\/\/kommentatorenblog.de\/wp-content\/uploads\/2020\/09\/shure-55sh-ii-e1601485394796-142x300.jpg 142w\" sizes=\"auto, (max-width: 10px) 100vw, 10px\" \/> Roland Evers (Einzelspiel), Florian Schmidt-Sommerfeld (Konferenz)<\/p>\n\n\n\n<p>Field-Reporterin: Katharina Kleinfeldt<\/p>\n\n\n\n<p><strong><em>Hertha BSC <strong><em>\u2013<\/em><\/strong> Eintracht Frankfurt (15.30 Uhr)<\/em><\/strong><\/p>\n\n\n\n<p style=\"font-size:18px\"><img loading=\"lazy\" decoding=\"async\" width=\"10\" height=\"21\" class=\"wp-image-3656\" style=\"width: 10px;\" src=\"http:\/\/kommentatorenblog.de\/wp-content\/uploads\/2020\/09\/shure-55sh-ii-e1601485394796.jpg\" alt=\"\" srcset=\"http:\/\/kommentatorenblog.de\/wp-content\/uploads\/2020\/09\/shure-55sh-ii-e1601485394796.jpg 415w, http:\/\/kommentatorenblog.de\/wp-content\/uploads\/2020\/09\/shure-55sh-ii-e1601485394796-142x300.jpg 142w\" sizes=\"auto, (max-width: 10px) 100vw, 10px\" \/> Hansi K\u00fcpper (Einzelspiel), Jonas Friedrich (Konferenz)<\/p>\n\n\n\n<p>Field-Reporter: Jens Westen<\/p>\n\n\n\n<p><strong><em>VfL Wolfsburg <strong><em>\u2013<\/em><\/strong> Union Berlin (15.30 Uhr)<\/em><\/strong><\/p>\n\n\n\n<p style=\"font-size:18px\"><img loading=\"lazy\" decoding=\"async\" width=\"10\" height=\"21\" class=\"wp-image-3656\" style=\"width: 10px;\" src=\"http:\/\/kommentatorenblog.de\/wp-content\/uploads\/2020\/09\/shure-55sh-ii-e1601485394796.jpg\" alt=\"\" srcset=\"http:\/\/kommentatorenblog.de\/wp-content\/uploads\/2020\/09\/shure-55sh-ii-e1601485394796.jpg 415w, http:\/\/kommentatorenblog.de\/wp-content\/uploads\/2020\/09\/shure-55sh-ii-e1601485394796-142x300.jpg 142w\" sizes=\"auto, (max-width: 10px) 100vw, 10px\" \/> Torsten Kunde (Einzelspiel), Oliver Seidler(Konferenz)<\/p>\n\n\n\n<p>Field-Reporter: Marc Behrenbeck<\/p>\n\n\n\n<p><strong><em>VfL Bochum <strong><em>\u2013<\/em><\/strong> SpVgg Greuther F\u00fcrth(15.30 Uhr)<\/em><\/strong><\/p>\n\n\n\n<p style=\"font-size:18px\"><img loading=\"lazy\" decoding=\"async\" width=\"10\" height=\"21\" class=\"wp-image-3656\" style=\"width: 10px;\" src=\"http:\/\/kommentatorenblog.de\/wp-content\/uploads\/2020\/09\/shure-55sh-ii-e1601485394796.jpg\" alt=\"\" srcset=\"http:\/\/kommentatorenblog.de\/wp-content\/uploads\/2020\/09\/shure-55sh-ii-e1601485394796.jpg 415w, http:\/\/kommentatorenblog.de\/wp-content\/uploads\/2020\/09\/shure-55sh-ii-e1601485394796-142x300.jpg 142w\" sizes=\"auto, (max-width: 10px) 100vw, 10px\" \/> Marcus Lindemann (Einzelspiel), Klaus Veltman (Konferenz)<\/p>\n\n\n\n<p>Field-Reporter: Ulli Potofski<\/p>\n\n\n\n<p>Moderation: Michael Leopold, Experte: Didi Hamann<\/p>\n\n\n\n<p><span style=\"text-decoration: underline;\">ab 17.30 Uhr (Sky)<\/span><\/p>\n\n\n\n<p><strong><em>VfB Stuttgart <strong><em>\u2013<\/em><\/strong> Borussia M\u00f6nchengladbach (18.30 Uhr)<\/em><\/strong><\/p>\n\n\n\n<p style=\"font-size:18px\"><img loading=\"lazy\" decoding=\"async\" width=\"10\" height=\"21\" class=\"wp-image-3656\" style=\"width: 10px;\" src=\"http:\/\/kommentatorenblog.de\/wp-content\/uploads\/2020\/09\/shure-55sh-ii-e1601485394796.jpg\" alt=\"\" srcset=\"http:\/\/kommentatorenblog.de\/wp-content\/uploads\/2020\/09\/shure-55sh-ii-e1601485394796.jpg 415w, http:\/\/kommentatorenblog.de\/wp-content\/uploads\/2020\/09\/shure-55sh-ii-e1601485394796-142x300.jpg 142w\" sizes=\"auto, (max-width: 10px) 100vw, 10px\" \/> Wolff Fuss<\/p>\n\n\n\n<p>Field-Reporter: Yannick Erkenbrecher<\/p>\n\n\n\n<p>Moderation: Sebastian Hellmann, Experte: Lothar Matth\u00e4us<\/p>\n\n\n\n<p><span style=\"text-decoration: underline;\"><span style=\"text-decoration: underline;\">Sonntag, 06. M\u00e4rz 2022<\/span> , ab 14.30 Uhr (DAZN)<\/span><\/p>\n\n\n\n<p><strong><em><s>1.FSV Mainz 05 \u2013 Borussia Dortmund (15.30 Uhr)<\/s><\/em><\/strong> abgesagt<\/p>\n\n\n\n<p style=\"font-size:18px\"><img loading=\"lazy\" decoding=\"async\" width=\"10\" height=\"21\" class=\"wp-image-3656\" style=\"width: 10px;\" src=\"http:\/\/kommentatorenblog.de\/wp-content\/uploads\/2020\/09\/shure-55sh-ii-e1601485394796.jpg\" alt=\"\" srcset=\"http:\/\/kommentatorenblog.de\/wp-content\/uploads\/2020\/09\/shure-55sh-ii-e1601485394796.jpg 415w, http:\/\/kommentatorenblog.de\/wp-content\/uploads\/2020\/09\/shure-55sh-ii-e1601485394796-142x300.jpg 142w\" sizes=\"auto, (max-width: 10px) 100vw, 10px\" \/> Uli Hebel, Experte: Jonas Hummels<\/p>\n\n\n\n<p>Moderation: Lukas Sch\u00f6nm\u00fcller, Field-Reporter: Alex Schl\u00fcter<\/p>\n\n\n\n<p><span style=\"text-decoration: underline;\">ab 17.00 Uhr (DAZN)<\/span><\/p>\n\n\n\n<p><strong><em>1.FC K\u00f6ln \u2013 TSG 1899 Hoffenheim (17.30 Uhr)<\/em><\/strong><\/p>\n\n\n\n<p style=\"font-size:18px\"><img loading=\"lazy\" decoding=\"async\" width=\"10\" height=\"21\" class=\"wp-image-3656\" style=\"width: 10px;\" src=\"http:\/\/kommentatorenblog.de\/wp-content\/uploads\/2020\/09\/shure-55sh-ii-e1601485394796.jpg\" alt=\"\" srcset=\"http:\/\/kommentatorenblog.de\/wp-content\/uploads\/2020\/09\/shure-55sh-ii-e1601485394796.jpg 415w, http:\/\/kommentatorenblog.de\/wp-content\/uploads\/2020\/09\/shure-55sh-ii-e1601485394796-142x300.jpg 142w\" sizes=\"auto, (max-width: 10px) 100vw, 10px\" \/> Michael Born, Experte: Ralph Gunesch<\/p>\n\n\n\n<p>Moderation: Christioph Stadtler Field-Reporter: Daniel Herzog <\/p>\n\n\n\n<hr class=\"wp-block-separator\"\/>\n\n\n\n<p><strong>2<\/strong>. <strong>Bundesliga, 25. Spieltag<\/strong><\/p>\n\n\n\n<p><span style=\"text-decoration: underline;\"><span style=\"text-decoration: underline;\"><span style=\"text-decoration: underline;\">Freitag, 04, M\u00e4rz 2022, <\/span><\/span>ab 18.00 Uhr (Sky)<\/span> <\/p>\n\n\n\n<p><strong><em>Konferenz (18.30 Uhr) <\/em><\/strong><\/p>\n\n\n\n<p><img loading=\"lazy\" decoding=\"async\" width=\"10\" height=\"21\" class=\"wp-image-3656\" style=\"width: 10px;\" src=\"http:\/\/kommentatorenblog.de\/wp-content\/uploads\/2020\/09\/shure-55sh-ii-e1601485394796.jpg\" alt=\"\" srcset=\"http:\/\/kommentatorenblog.de\/wp-content\/uploads\/2020\/09\/shure-55sh-ii-e1601485394796.jpg 415w, http:\/\/kommentatorenblog.de\/wp-content\/uploads\/2020\/09\/shure-55sh-ii-e1601485394796-142x300.jpg 142w\" sizes=\"auto, (max-width: 10px) 100vw, 10px\" \/>  Marcel Meinert (Fokus auf D98-HDH)<\/p>\n\n\n\n<p><strong><em>SV Darmstadt 98 <strong><em>\u2013<\/em><\/strong> 1.FC Heidenheim<\/em><\/strong> <strong><em>(18.30 Uhr) <\/em><\/strong><\/p>\n\n\n\n<p><img loading=\"lazy\" decoding=\"async\" width=\"10\" height=\"21\" class=\"wp-image-3656\" style=\"width: 10px;\" src=\"http:\/\/kommentatorenblog.de\/wp-content\/uploads\/2020\/09\/shure-55sh-ii-e1601485394796.jpg\" alt=\"\" srcset=\"http:\/\/kommentatorenblog.de\/wp-content\/uploads\/2020\/09\/shure-55sh-ii-e1601485394796.jpg 415w, http:\/\/kommentatorenblog.de\/wp-content\/uploads\/2020\/09\/shure-55sh-ii-e1601485394796-142x300.jpg 142w\" sizes=\"auto, (max-width: 10px) 100vw, 10px\" \/> Klaus Veltman, Interviews: Dennis Bayer, Martin Winkler<\/p>\n\n\n\n<p><strong><em>Holstein Kiel  <strong><em>\u2013 <\/em><\/strong> SC Paderborn 07 (18.30 Uhr) <\/em><\/strong><\/p>\n\n\n\n<p><img loading=\"lazy\" decoding=\"async\" width=\"10\" height=\"21\" class=\"wp-image-3656\" style=\"width: 10px;\" src=\"http:\/\/kommentatorenblog.de\/wp-content\/uploads\/2020\/09\/shure-55sh-ii-e1601485394796.jpg\" alt=\"\" srcset=\"http:\/\/kommentatorenblog.de\/wp-content\/uploads\/2020\/09\/shure-55sh-ii-e1601485394796.jpg 415w, http:\/\/kommentatorenblog.de\/wp-content\/uploads\/2020\/09\/shure-55sh-ii-e1601485394796-142x300.jpg 142w\" sizes=\"auto, (max-width: 10px) 100vw, 10px\" \/> J\u00fcrgen Schmitz, Interviews: Schalte<\/p>\n\n\n\n<p>Moderation: Hartmut von Kameke<\/p>\n\n\n\n<p><span style=\"text-decoration: underline;\"><span style=\"text-decoration: underline;\">Samstag, 05. M\u00e4rz 2022<\/span>, ab 13.00 Uhr (Sky)<\/span><\/p>\n\n\n\n<p><strong><em>Konferenz (13.30 Uhr)<\/em><\/strong><\/p>\n\n\n\n<p><img loading=\"lazy\" decoding=\"async\" width=\"10\" height=\"21\" class=\"wp-image-3656\" style=\"width: 10px;\" src=\"http:\/\/kommentatorenblog.de\/wp-content\/uploads\/2020\/09\/shure-55sh-ii-e1601485394796.jpg\" alt=\"\" srcset=\"http:\/\/kommentatorenblog.de\/wp-content\/uploads\/2020\/09\/shure-55sh-ii-e1601485394796.jpg 415w, http:\/\/kommentatorenblog.de\/wp-content\/uploads\/2020\/09\/shure-55sh-ii-e1601485394796-142x300.jpg 142w\" sizes=\"auto, (max-width: 10px) 100vw, 10px\" \/> Martin Gro\u00df (Fokus auf S04-HRO)<\/p>\n\n\n\n<p><strong><em>FC Schalke 04 \u2013 Hansa Rostock (13.30 Uhr)<\/em><\/strong><\/p>\n\n\n\n<p><img loading=\"lazy\" decoding=\"async\" width=\"10\" height=\"21\" class=\"wp-image-3656\" style=\"width: 10px;\" src=\"http:\/\/kommentatorenblog.de\/wp-content\/uploads\/2020\/09\/shure-55sh-ii-e1601485394796.jpg\" alt=\"\" srcset=\"http:\/\/kommentatorenblog.de\/wp-content\/uploads\/2020\/09\/shure-55sh-ii-e1601485394796.jpg 415w, http:\/\/kommentatorenblog.de\/wp-content\/uploads\/2020\/09\/shure-55sh-ii-e1601485394796-142x300.jpg 142w\" sizes=\"auto, (max-width: 10px) 100vw, 10px\" \/> Sven Schr\u00f6ter, Interviews Karsten Petrzika, Marlon Irlbacher<\/p>\n\n\n\n<p><strong><em>1. FC St Pauli <strong><em><strong><em>\u2013 <\/em><\/strong>Karlsruher SC (<\/em><\/strong><\/em><\/strong><strong><em>13.30 Uhr)<\/em><\/strong><\/p>\n\n\n\n<p><img loading=\"lazy\" decoding=\"async\" width=\"10\" height=\"21\" class=\"wp-image-3656\" style=\"width: 10px;\" src=\"http:\/\/kommentatorenblog.de\/wp-content\/uploads\/2020\/09\/shure-55sh-ii-e1601485394796.jpg\" alt=\"\" srcset=\"http:\/\/kommentatorenblog.de\/wp-content\/uploads\/2020\/09\/shure-55sh-ii-e1601485394796.jpg 415w, http:\/\/kommentatorenblog.de\/wp-content\/uploads\/2020\/09\/shure-55sh-ii-e1601485394796-142x300.jpg 142w\" sizes=\"auto, (max-width: 10px) 100vw, 10px\" \/> Marcel Meinert<\/p>\n\n\n\n<p><strong><em>SV Sandhausen <strong><em><strong><em>\u2013 <\/em><\/strong><\/em><\/strong>Hannover 96 (13.30 Uhr)<\/em><\/strong><\/p>\n\n\n\n<p><img loading=\"lazy\" decoding=\"async\" width=\"10\" height=\"21\" class=\"wp-image-3656\" style=\"width: 10px;\" src=\"http:\/\/kommentatorenblog.de\/wp-content\/uploads\/2020\/09\/shure-55sh-ii-e1601485394796.jpg\" alt=\"\" srcset=\"http:\/\/kommentatorenblog.de\/wp-content\/uploads\/2020\/09\/shure-55sh-ii-e1601485394796.jpg 415w, http:\/\/kommentatorenblog.de\/wp-content\/uploads\/2020\/09\/shure-55sh-ii-e1601485394796-142x300.jpg 142w\" sizes=\"auto, (max-width: 10px) 100vw, 10px\" \/> J\u00fcrgen Schmitz<\/p>\n\n\n\n<p>Moderation: Peter Hardenacke<\/p>\n\n\n\n<p><span style=\"text-decoration: underline;\">ab 19.30 Uhr (SPORT1) \/ ab 20.00 Uhr (Sky)<\/span><\/p>\n\n\n\n<p><strong><em>1.FC N\u00fcrnberg \u2013 Hamburger SV (20.30 Uhr)<\/em><\/strong><\/p>\n\n\n\n<p>SPORT1: <img loading=\"lazy\" decoding=\"async\" width=\"10\" height=\"21\" class=\"wp-image-3656\" style=\"width: 10px;\" src=\"http:\/\/kommentatorenblog.de\/wp-content\/uploads\/2020\/09\/shure-55sh-ii-e1601485394796.jpg\" alt=\"\" srcset=\"http:\/\/kommentatorenblog.de\/wp-content\/uploads\/2020\/09\/shure-55sh-ii-e1601485394796.jpg 415w, http:\/\/kommentatorenblog.de\/wp-content\/uploads\/2020\/09\/shure-55sh-ii-e1601485394796-142x300.jpg 142w\" sizes=\"auto, (max-width: 10px) 100vw, 10px\" \/> Markus H\u00f6hner, Field-Reporter: Hartwig Th\u00f6ne<\/p>\n\n\n\n<p>Sky: <img loading=\"lazy\" decoding=\"async\" width=\"10\" height=\"21\" class=\"wp-image-3656\" style=\"width: 10px;\" src=\"http:\/\/kommentatorenblog.de\/wp-content\/uploads\/2020\/09\/shure-55sh-ii-e1601485394796.jpg\" alt=\"\" srcset=\"http:\/\/kommentatorenblog.de\/wp-content\/uploads\/2020\/09\/shure-55sh-ii-e1601485394796.jpg 415w, http:\/\/kommentatorenblog.de\/wp-content\/uploads\/2020\/09\/shure-55sh-ii-e1601485394796-142x300.jpg 142w\" sizes=\"auto, (max-width: 10px) 100vw, 10px\" \/> Stefan Hempel, Experte: Torsten Mattuschka, Gast: Felix Magath<\/p>\n\n\n\n<p>Moderation (SPORT1): Ruth Hofmann, Experte: Markus Babbel<\/p>\n\n\n\n<p><span style=\"text-decoration: underline;\"><span style=\"text-decoration: underline;\">Sonntag, 06. M\u00e4rz 2022<\/span>, ab 13.00 Uhr (Sky)<\/span><\/p>\n\n\n\n<p><strong><em>Konferenz (13.30 Uhr)<\/em><\/strong><\/p>\n\n\n\n<p><img loading=\"lazy\" decoding=\"async\" width=\"10\" height=\"21\" class=\"wp-image-3656\" style=\"width: 10px;\" src=\"http:\/\/kommentatorenblog.de\/wp-content\/uploads\/2020\/09\/shure-55sh-ii-e1601485394796.jpg\" alt=\"\" srcset=\"http:\/\/kommentatorenblog.de\/wp-content\/uploads\/2020\/09\/shure-55sh-ii-e1601485394796.jpg 415w, http:\/\/kommentatorenblog.de\/wp-content\/uploads\/2020\/09\/shure-55sh-ii-e1601485394796-142x300.jpg 142w\" sizes=\"auto, (max-width: 10px) 100vw, 10px\" \/> Oliver Seidler (Fokus auf SVW-SGD)<\/p>\n\n\n\n<p><strong><em>SV Werder Bremen&nbsp;\u2013&nbsp;Dynamo Dresden (13.30 Uhr)<\/em><\/strong><\/p>\n\n\n\n<p><img loading=\"lazy\" decoding=\"async\" width=\"10\" height=\"21\" class=\"wp-image-3656\" style=\"width: 10px;\" src=\"http:\/\/kommentatorenblog.de\/wp-content\/uploads\/2020\/09\/shure-55sh-ii-e1601485394796.jpg\" alt=\"\" srcset=\"http:\/\/kommentatorenblog.de\/wp-content\/uploads\/2020\/09\/shure-55sh-ii-e1601485394796.jpg 415w, http:\/\/kommentatorenblog.de\/wp-content\/uploads\/2020\/09\/shure-55sh-ii-e1601485394796-142x300.jpg 142w\" sizes=\"auto, (max-width: 10px) 100vw, 10px\" \/> Martin Gro\u00df Interview: Sven T\u00f6llner<\/p>\n\n\n\n<p><strong><em>Fortuna D\u00fcsseldorf \u2013&nbsp;FC Ingolstadt 04 (13.30 Uhr)<\/em><\/strong><\/p>\n\n\n\n<p><img loading=\"lazy\" decoding=\"async\" width=\"10\" height=\"21\" class=\"wp-image-3656\" style=\"width: 10px;\" src=\"http:\/\/kommentatorenblog.de\/wp-content\/uploads\/2020\/09\/shure-55sh-ii-e1601485394796.jpg\" alt=\"\" srcset=\"http:\/\/kommentatorenblog.de\/wp-content\/uploads\/2020\/09\/shure-55sh-ii-e1601485394796.jpg 415w, http:\/\/kommentatorenblog.de\/wp-content\/uploads\/2020\/09\/shure-55sh-ii-e1601485394796-142x300.jpg 142w\" sizes=\"auto, (max-width: 10px) 100vw, 10px\" \/> Hannes Herrmann, Interviews: Schalte<\/p>\n\n\n\n<p><strong><em>Erzgebirge Aue \u2013&nbsp;SSV Jahn Regensburg (13.30 Uhr)<\/em><\/strong><\/p>\n\n\n\n<p><img loading=\"lazy\" decoding=\"async\" width=\"10\" height=\"21\" class=\"wp-image-3656\" style=\"width: 10px;\" src=\"http:\/\/kommentatorenblog.de\/wp-content\/uploads\/2020\/09\/shure-55sh-ii-e1601485394796.jpg\" alt=\"\" srcset=\"http:\/\/kommentatorenblog.de\/wp-content\/uploads\/2020\/09\/shure-55sh-ii-e1601485394796.jpg 415w, http:\/\/kommentatorenblog.de\/wp-content\/uploads\/2020\/09\/shure-55sh-ii-e1601485394796-142x300.jpg 142w\" sizes=\"auto, (max-width: 10px) 100vw, 10px\" \/> Sven Schr\u00f6ter <\/p>\n\n\n\n<p>Moderation: Nele Schenker, Experte: Torsten Mattuschka<\/p>\n\n\n\n<hr class=\"wp-block-separator\"\/>\n\n\n\n<p><strong>3. Liga, 29. Spieltag<\/strong><\/p>\n\n\n\n<p><span style=\"text-decoration: underline;\">Freitag, 04, M\u00e4rz 2022, ab 18.30 Uhr (Magenta Sport)<\/span><\/p>\n\n\n\n<p><strong><em>TSV 1860 M\u00fcnchen <strong><em>\u2013<\/em><\/strong> SC Verl (19.00 Uhr)<\/em><\/strong><\/p>\n\n\n\n<p><img loading=\"lazy\" decoding=\"async\" width=\"10\" height=\"21\" class=\"wp-image-3656\" style=\"width: 10px;\" src=\"http:\/\/kommentatorenblog.de\/wp-content\/uploads\/2020\/09\/shure-55sh-ii-e1601485394796.jpg\" alt=\"\" srcset=\"http:\/\/kommentatorenblog.de\/wp-content\/uploads\/2020\/09\/shure-55sh-ii-e1601485394796.jpg 415w, http:\/\/kommentatorenblog.de\/wp-content\/uploads\/2020\/09\/shure-55sh-ii-e1601485394796-142x300.jpg 142w\" sizes=\"auto, (max-width: 10px) 100vw, 10px\" \/> Oskar Heirler<\/p>\n\n\n\n<p>Moderation: Kevin Gerwin<\/p>\n\n\n\n<p><span style=\"text-decoration: underline;\">Samstag, 05. M\u00e4rz 2022, ab 13.45 Uhr (Magenta Sport)<\/span><\/p>\n\n\n\n<p><strong><em>Konferenz (14.00 Uhr)<\/em><\/strong><\/p>\n\n\n\n<p><img loading=\"lazy\" decoding=\"async\" width=\"10\" height=\"21\" class=\"wp-image-3656\" style=\"width: 10px;\" src=\"http:\/\/kommentatorenblog.de\/wp-content\/uploads\/2020\/09\/shure-55sh-ii-e1601485394796.jpg\" alt=\"\" srcset=\"http:\/\/kommentatorenblog.de\/wp-content\/uploads\/2020\/09\/shure-55sh-ii-e1601485394796.jpg 415w, http:\/\/kommentatorenblog.de\/wp-content\/uploads\/2020\/09\/shure-55sh-ii-e1601485394796-142x300.jpg 142w\" sizes=\"auto, (max-width: 10px) 100vw, 10px\" \/> Alex Kunz und Alex Kilch<\/p>\n\n\n\n<p><strong><em>MSV Duisburg \u2013 FC Viktoria K\u00f6ln (14.00 Uhr)<\/em><\/strong><\/p>\n\n\n\n<p><img loading=\"lazy\" decoding=\"async\" width=\"10\" height=\"21\" class=\"wp-image-3656\" style=\"width: 10px;\" src=\"http:\/\/kommentatorenblog.de\/wp-content\/uploads\/2020\/09\/shure-55sh-ii-e1601485394796.jpg\" alt=\"\" srcset=\"http:\/\/kommentatorenblog.de\/wp-content\/uploads\/2020\/09\/shure-55sh-ii-e1601485394796.jpg 415w, http:\/\/kommentatorenblog.de\/wp-content\/uploads\/2020\/09\/shure-55sh-ii-e1601485394796-142x300.jpg 142w\" sizes=\"auto, (max-width: 10px) 100vw, 10px\" \/> Christian Stra\u00dfburger<\/p>\n\n\n\n<p>Moderation: Kamila Benschop<\/p>\n\n\n\n<p><strong><em>Borussia Dortmund II \u2013 T\u00fcrkg\u00fcc\u00fc M\u00fcnchen<\/em><\/strong> <strong><em>(14.00 Uhr)<\/em><\/strong><\/p>\n\n\n\n<p><img loading=\"lazy\" decoding=\"async\" width=\"10\" height=\"21\" class=\"wp-image-3656\" style=\"width: 10px;\" src=\"http:\/\/kommentatorenblog.de\/wp-content\/uploads\/2020\/09\/shure-55sh-ii-e1601485394796.jpg\" alt=\"\" srcset=\"http:\/\/kommentatorenblog.de\/wp-content\/uploads\/2020\/09\/shure-55sh-ii-e1601485394796.jpg 415w, http:\/\/kommentatorenblog.de\/wp-content\/uploads\/2020\/09\/shure-55sh-ii-e1601485394796-142x300.jpg 142w\" sizes=\"auto, (max-width: 10px) 100vw, 10px\" \/> Julian Engelhard<\/p>\n\n\n\n<p>Moderation: Gari Paubandt<\/p>\n\n\n\n<p><strong><em>SV Wehen Wiesbaden \u2013 W\u00fcrzburger Kickers (14.00 Uhr)<\/em><\/strong><\/p>\n\n\n\n<p><img loading=\"lazy\" decoding=\"async\" width=\"10\" height=\"21\" class=\"wp-image-3656\" style=\"width: 10px;\" src=\"http:\/\/kommentatorenblog.de\/wp-content\/uploads\/2020\/09\/shure-55sh-ii-e1601485394796.jpg\" alt=\"\" srcset=\"http:\/\/kommentatorenblog.de\/wp-content\/uploads\/2020\/09\/shure-55sh-ii-e1601485394796.jpg 415w, http:\/\/kommentatorenblog.de\/wp-content\/uploads\/2020\/09\/shure-55sh-ii-e1601485394796-142x300.jpg 142w\" sizes=\"auto, (max-width: 10px) 100vw, 10px\" \/> S\u00f6nke Sievers<\/p>\n\n\n\n<p>Moderation: Tobias Sch\u00e4fer<\/p>\n\n\n\n<p><strong><em>SC Freiburg II \u2013 FSV Zwickau (14.00 Uhr)<\/em><\/strong><\/p>\n\n\n\n<p><img loading=\"lazy\" decoding=\"async\" width=\"10\" height=\"21\" class=\"wp-image-3656\" style=\"width: 10px;\" src=\"http:\/\/kommentatorenblog.de\/wp-content\/uploads\/2020\/09\/shure-55sh-ii-e1601485394796.jpg\" alt=\"\" srcset=\"http:\/\/kommentatorenblog.de\/wp-content\/uploads\/2020\/09\/shure-55sh-ii-e1601485394796.jpg 415w, http:\/\/kommentatorenblog.de\/wp-content\/uploads\/2020\/09\/shure-55sh-ii-e1601485394796-142x300.jpg 142w\" sizes=\"auto, (max-width: 10px) 100vw, 10px\" \/> Mario Bast<\/p>\n\n\n\n<p>Moderation: Simon K\u00f6pfer<\/p>\n\n\n\n<p> <span style=\"text-decoration: underline;\">ab 13.45 Uhr (Magenta Sport) bzw. ab 13.55 Uhr (MDR) <\/span> <\/p>\n\n\n\n<p><strong><em>1.FC Magdeburg \u2013 Hallescher FC (14.00 Uhr)<\/em><\/strong><\/p>\n\n\n\n<p><img loading=\"lazy\" decoding=\"async\" width=\"10\" height=\"21\" class=\"wp-image-3656\" style=\"width: 10px;\" src=\"http:\/\/kommentatorenblog.de\/wp-content\/uploads\/2020\/09\/shure-55sh-ii-e1601485394796.jpg\" alt=\"\" srcset=\"http:\/\/kommentatorenblog.de\/wp-content\/uploads\/2020\/09\/shure-55sh-ii-e1601485394796.jpg 415w, http:\/\/kommentatorenblog.de\/wp-content\/uploads\/2020\/09\/shure-55sh-ii-e1601485394796-142x300.jpg 142w\" sizes=\"auto, (max-width: 10px) 100vw, 10px\" \/> Magenta Sport: Andreas Mann<\/p>\n\n\n\n<p><img loading=\"lazy\" decoding=\"async\" width=\"10\" height=\"21\" class=\"wp-image-3656\" style=\"width: 10px;\" src=\"http:\/\/kommentatorenblog.de\/wp-content\/uploads\/2020\/09\/shure-55sh-ii-e1601485394796.jpg\" alt=\"\" srcset=\"http:\/\/kommentatorenblog.de\/wp-content\/uploads\/2020\/09\/shure-55sh-ii-e1601485394796.jpg 415w, http:\/\/kommentatorenblog.de\/wp-content\/uploads\/2020\/09\/shure-55sh-ii-e1601485394796-142x300.jpg 142w\" sizes=\"auto, (max-width: 10px) 100vw, 10px\" \/> MDR: ???<\/p>\n\n\n\n<p>Moderation (Magenta Sport): Thomas Wagner<\/p>\n\n\n\n<p>Moderation (MDR): ???<\/p>\n\n\n\n<p> <span style=\"text-decoration: underline;\">ab 13.45 Uhr (Magenta Sport) bzw. ab 13.55 Uhr (NDR) <\/span> <\/p>\n\n\n\n<p><strong><em>VfL Osnabr\u00fcck \u2013 1. FC Kaiserslautern (14.00 Uhr)<\/em><\/strong><\/p>\n\n\n\n<p><img loading=\"lazy\" decoding=\"async\" width=\"10\" height=\"21\" class=\"wp-image-3656\" style=\"width: 10px;\" src=\"http:\/\/kommentatorenblog.de\/wp-content\/uploads\/2020\/09\/shure-55sh-ii-e1601485394796.jpg\" alt=\"\" srcset=\"http:\/\/kommentatorenblog.de\/wp-content\/uploads\/2020\/09\/shure-55sh-ii-e1601485394796.jpg 415w, http:\/\/kommentatorenblog.de\/wp-content\/uploads\/2020\/09\/shure-55sh-ii-e1601485394796-142x300.jpg 142w\" sizes=\"auto, (max-width: 10px) 100vw, 10px\" \/> Magenta Sport: Stefan Fuckert<\/p>\n\n\n\n<p><img loading=\"lazy\" decoding=\"async\" width=\"10\" height=\"21\" class=\"wp-image-3656\" style=\"width: 10px;\" src=\"http:\/\/kommentatorenblog.de\/wp-content\/uploads\/2020\/09\/shure-55sh-ii-e1601485394796.jpg\" alt=\"\" srcset=\"http:\/\/kommentatorenblog.de\/wp-content\/uploads\/2020\/09\/shure-55sh-ii-e1601485394796.jpg 415w, http:\/\/kommentatorenblog.de\/wp-content\/uploads\/2020\/09\/shure-55sh-ii-e1601485394796-142x300.jpg 142w\" sizes=\"auto, (max-width: 10px) 100vw, 10px\" \/> NDR: Michael Augustin<\/p>\n\n\n\n<p><img loading=\"lazy\" decoding=\"async\" width=\"10\" height=\"21\" class=\"wp-image-3656\" style=\"width: 10px;\" src=\"http:\/\/kommentatorenblog.de\/wp-content\/uploads\/2020\/09\/shure-55sh-ii-e1601485394796.jpg\" alt=\"\" srcset=\"http:\/\/kommentatorenblog.de\/wp-content\/uploads\/2020\/09\/shure-55sh-ii-e1601485394796.jpg 415w, http:\/\/kommentatorenblog.de\/wp-content\/uploads\/2020\/09\/shure-55sh-ii-e1601485394796-142x300.jpg 142w\" sizes=\"auto, (max-width: 10px) 100vw, 10px\" \/> SWR: Christina Graf<\/p>\n\n\n\n<p>Moderation (Magenta Sport): Anett Sattler<\/p>\n\n\n\n<p>Moderation (NDR): Sina Braun<\/p>\n\n\n\n<p>Moderation (SWR): Lennert Brinkhoff<\/p>\n\n\n\n<p><span style=\"text-decoration: underline;\">Sonntag, 06. M\u00e4rz 2022, ab 12.45 Uhr (Magenta Sport)<\/span><\/p>\n\n\n\n<p><strong><em>1.FC Saarbr\u00fccken \u2013 SV Meppen (13.00 Uhr)<\/em><\/strong><\/p>\n\n\n\n<p><img loading=\"lazy\" decoding=\"async\" width=\"10\" height=\"21\" class=\"wp-image-3656\" style=\"width: 10px;\" src=\"http:\/\/kommentatorenblog.de\/wp-content\/uploads\/2020\/09\/shure-55sh-ii-e1601485394796.jpg\" alt=\"\" srcset=\"http:\/\/kommentatorenblog.de\/wp-content\/uploads\/2020\/09\/shure-55sh-ii-e1601485394796.jpg 415w, http:\/\/kommentatorenblog.de\/wp-content\/uploads\/2020\/09\/shure-55sh-ii-e1601485394796-142x300.jpg 142w\" sizes=\"auto, (max-width: 10px) 100vw, 10px\" \/> Markus H\u00f6hner<\/p>\n\n\n\n<p>Moderation: Cedrik Pick<\/p>\n\n\n\n<p><span style=\"text-decoration: underline;\">ab 13.45 Uhr (Magenta Sport)<\/span><\/p>\n\n\n\n<p><strong><em>SV Waldhof Mannheim \u2013 Eintracht Braunschweig <\/em><\/strong><strong><em>(14.00 U<\/em><\/strong><em><strong>hr)<\/strong><\/em><\/p>\n\n\n\n<p><img loading=\"lazy\" decoding=\"async\" width=\"10\" height=\"21\" class=\"wp-image-3656\" style=\"width: 10px;\" src=\"http:\/\/kommentatorenblog.de\/wp-content\/uploads\/2020\/09\/shure-55sh-ii-e1601485394796.jpg\" alt=\"\" srcset=\"http:\/\/kommentatorenblog.de\/wp-content\/uploads\/2020\/09\/shure-55sh-ii-e1601485394796.jpg 415w, http:\/\/kommentatorenblog.de\/wp-content\/uploads\/2020\/09\/shure-55sh-ii-e1601485394796-142x300.jpg 142w\" sizes=\"auto, (max-width: 10px) 100vw, 10px\" \/> Christian Stra\u00dfburger<\/p>\n\n\n\n<p>Moderation: Kevin Gerwin<\/p>\n\n\n\n<p><span style=\"text-decoration: underline;\">Montag, 07. M\u00e4rz, ab 18.45 Uhr (Magenta Sport)<\/span><\/p>\n\n\n\n<p><strong><em><strong><em>TSV Havelse <strong><em>\u2013<\/em><\/strong> <\/em><\/strong>Viktoria Berlin (19.00 Uhr)<\/em><\/strong><\/p>\n\n\n\n<p><img loading=\"lazy\" decoding=\"async\" width=\"10\" height=\"21\" class=\"wp-image-3656\" style=\"width: 10px;\" src=\"http:\/\/kommentatorenblog.de\/wp-content\/uploads\/2020\/09\/shure-55sh-ii-e1601485394796.jpg\" alt=\"\" srcset=\"http:\/\/kommentatorenblog.de\/wp-content\/uploads\/2020\/09\/shure-55sh-ii-e1601485394796.jpg 415w, http:\/\/kommentatorenblog.de\/wp-content\/uploads\/2020\/09\/shure-55sh-ii-e1601485394796-142x300.jpg 142w\" sizes=\"auto, (max-width: 10px) 100vw, 10px\" \/> Andreas Mann<\/p>\n\n\n\n<p>Moderation: Michael Augustin<\/p>\n\n\n\n<hr class=\"wp-block-separator\"\/>\n\n\n\n<p><strong>Frauen- Bundesliga (Magenta Sport) <\/strong><\/p>\n\n\n\n<p><span style=\"text-decoration: underline;\">Freitag, 04, M\u00e4rz 2022, ab 19:00 Uhr (Magenta Sport\/Eurosport)<\/span><\/p>\n\n\n\n<p><strong><em>Bayer 04 Leverkusen <strong><em>\u2013<\/em><\/strong> SV Werder Bremen (19.15 Uhr)<\/em><\/strong><\/p>\n\n\n\n<p><img loading=\"lazy\" decoding=\"async\" width=\"10\" height=\"21\" class=\"wp-image-3656\" style=\"width: 10px;\" src=\"http:\/\/kommentatorenblog.de\/wp-content\/uploads\/2020\/09\/shure-55sh-ii-e1601485394796.jpg\" alt=\"\" srcset=\"http:\/\/kommentatorenblog.de\/wp-content\/uploads\/2020\/09\/shure-55sh-ii-e1601485394796.jpg 415w, http:\/\/kommentatorenblog.de\/wp-content\/uploads\/2020\/09\/shure-55sh-ii-e1601485394796-142x300.jpg 142w\" sizes=\"auto, (max-width: 10px) 100vw, 10px\" \/> Magenta Sport: Michael Seyberth<\/p>\n\n\n\n<p><img loading=\"lazy\" decoding=\"async\" width=\"10\" height=\"21\" class=\"wp-image-3656\" style=\"width: 10px;\" src=\"http:\/\/kommentatorenblog.de\/wp-content\/uploads\/2020\/09\/shure-55sh-ii-e1601485394796.jpg\" alt=\"\" srcset=\"http:\/\/kommentatorenblog.de\/wp-content\/uploads\/2020\/09\/shure-55sh-ii-e1601485394796.jpg 415w, http:\/\/kommentatorenblog.de\/wp-content\/uploads\/2020\/09\/shure-55sh-ii-e1601485394796-142x300.jpg 142w\" sizes=\"auto, (max-width: 10px) 100vw, 10px\" \/> Eurosport: ???<\/p>\n\n\n\n<p>Moderation: ???<\/p>\n\n\n\n<p><span style=\"text-decoration: underline;\">Samstag, 05. M\u00e4rz 2022, ab 12.45 Uhr (Magenta Sport)<\/span><\/p>\n\n\n\n<p><strong><em>Eintracht Frankfurt \u2013 TSG 1899 Hoffenheim (13.00 Uhr)<\/em><\/strong><\/p>\n\n\n\n<p><img loading=\"lazy\" decoding=\"async\" width=\"10\" height=\"21\" class=\"wp-image-3656\" style=\"width: 10px;\" src=\"http:\/\/kommentatorenblog.de\/wp-content\/uploads\/2020\/09\/shure-55sh-ii-e1601485394796.jpg\" alt=\"\" srcset=\"http:\/\/kommentatorenblog.de\/wp-content\/uploads\/2020\/09\/shure-55sh-ii-e1601485394796.jpg 415w, http:\/\/kommentatorenblog.de\/wp-content\/uploads\/2020\/09\/shure-55sh-ii-e1601485394796-142x300.jpg 142w\" sizes=\"auto, (max-width: 10px) 100vw, 10px\" \/> Magenta Sport: Martin Piller<\/p>\n\n\n\n<p><img loading=\"lazy\" decoding=\"async\" width=\"10\" height=\"21\" class=\"wp-image-3656\" style=\"width: 10px;\" src=\"http:\/\/kommentatorenblog.de\/wp-content\/uploads\/2020\/09\/shure-55sh-ii-e1601485394796.jpg\" alt=\"\" srcset=\"http:\/\/kommentatorenblog.de\/wp-content\/uploads\/2020\/09\/shure-55sh-ii-e1601485394796.jpg 415w, http:\/\/kommentatorenblog.de\/wp-content\/uploads\/2020\/09\/shure-55sh-ii-e1601485394796-142x300.jpg 142w\" sizes=\"auto, (max-width: 10px) 100vw, 10px\" \/> hessensschau.de: Patrick Stricker<\/p>\n\n\n\n<p><span style=\"text-decoration: underline;\">Sonntag, 06. M\u00e4rz 2022, ab 12.45 Uhr (Magenta Sport)<\/span><\/p>\n\n\n\n<p><strong><em>FC Carl Zeiss Jena \u2013 SC Sand(13.00 Uhr)<\/em><\/strong><\/p>\n\n\n\n<p><img loading=\"lazy\" decoding=\"async\" width=\"10\" height=\"21\" class=\"wp-image-3656\" style=\"width: 10px;\" src=\"http:\/\/kommentatorenblog.de\/wp-content\/uploads\/2020\/09\/shure-55sh-ii-e1601485394796.jpg\" alt=\"\" srcset=\"http:\/\/kommentatorenblog.de\/wp-content\/uploads\/2020\/09\/shure-55sh-ii-e1601485394796.jpg 415w, http:\/\/kommentatorenblog.de\/wp-content\/uploads\/2020\/09\/shure-55sh-ii-e1601485394796-142x300.jpg 142w\" sizes=\"auto, (max-width: 10px) 100vw, 10px\" \/> Oskar Heirler<\/p>\n\n\n\n<p><strong><em>VfL Wolfsburg \u2013 SC Freiburg (13.00 Uhr)<\/em><\/strong><\/p>\n\n\n\n<p><img loading=\"lazy\" decoding=\"async\" width=\"10\" height=\"21\" class=\"wp-image-3656\" style=\"width: 10px;\" src=\"http:\/\/kommentatorenblog.de\/wp-content\/uploads\/2020\/09\/shure-55sh-ii-e1601485394796.jpg\" alt=\"\" srcset=\"http:\/\/kommentatorenblog.de\/wp-content\/uploads\/2020\/09\/shure-55sh-ii-e1601485394796.jpg 415w, http:\/\/kommentatorenblog.de\/wp-content\/uploads\/2020\/09\/shure-55sh-ii-e1601485394796-142x300.jpg 142w\" sizes=\"auto, (max-width: 10px) 100vw, 10px\" \/> Simon K\u00f6pfer<\/p>\n\n\n\n<p><span style=\"text-decoration: underline;\">ab 15.45 Uhr (Magenta Sport)<\/span><\/p>\n\n\n\n<p><strong><em>FC Bayern M\u00fcnchen \u2013 1.FC K\u00f6ln <\/em><\/strong><strong><em>(16.00 U<\/em><\/strong><em><strong>hr)<\/strong><\/em><\/p>\n\n\n\n<p><img loading=\"lazy\" decoding=\"async\" width=\"10\" height=\"21\" class=\"wp-image-3656\" style=\"width: 10px;\" src=\"http:\/\/kommentatorenblog.de\/wp-content\/uploads\/2020\/09\/shure-55sh-ii-e1601485394796.jpg\" alt=\"\" srcset=\"http:\/\/kommentatorenblog.de\/wp-content\/uploads\/2020\/09\/shure-55sh-ii-e1601485394796.jpg 415w, http:\/\/kommentatorenblog.de\/wp-content\/uploads\/2020\/09\/shure-55sh-ii-e1601485394796-142x300.jpg 142w\" sizes=\"auto, (max-width: 10px) 100vw, 10px\" \/> Antonia Engelhardt<\/p>\n\n\n\n<p><strong><em>SGS Essen \u2013 Turbine Potsdam<\/em><\/strong><strong><em>(16.00 U<\/em><\/strong><em><strong>hr)<\/strong><\/em><\/p>\n\n\n\n<p><img loading=\"lazy\" decoding=\"async\" width=\"10\" height=\"21\" class=\"wp-image-3656\" style=\"width: 10px;\" src=\"http:\/\/kommentatorenblog.de\/wp-content\/uploads\/2020\/09\/shure-55sh-ii-e1601485394796.jpg\" alt=\"\" srcset=\"http:\/\/kommentatorenblog.de\/wp-content\/uploads\/2020\/09\/shure-55sh-ii-e1601485394796.jpg 415w, http:\/\/kommentatorenblog.de\/wp-content\/uploads\/2020\/09\/shure-55sh-ii-e1601485394796-142x300.jpg 142w\" sizes=\"auto, (max-width: 10px) 100vw, 10px\" \/> Michael Seyberth<\/p>\n\n\n\n<p>Moderation: Kamila Benschop<\/p>\n\n\n\n<hr class=\"wp-block-separator\"\/>\n\n\n\n<p><strong>Premier League, 26. Spieltag (Sky)<\/strong><\/p>\n\n\n\n<p><span style=\"text-decoration: underline;\">Samstag, 05. M\u00e4rz 2022, ab 13.20 Uhr<\/span><\/p>\n\n\n\n<p><strong><em>Leicester City \u2013&nbsp;Leeds United (13.30 Uhr) <\/em><\/strong><\/p>\n\n\n\n<p><img loading=\"lazy\" decoding=\"async\" width=\"10\" height=\"21\" class=\"wp-image-3656\" style=\"width: 10px;\" src=\"http:\/\/kommentatorenblog.de\/wp-content\/uploads\/2020\/09\/shure-55sh-ii-e1601485394796.jpg\" alt=\"\" srcset=\"http:\/\/kommentatorenblog.de\/wp-content\/uploads\/2020\/09\/shure-55sh-ii-e1601485394796.jpg 415w, http:\/\/kommentatorenblog.de\/wp-content\/uploads\/2020\/09\/shure-55sh-ii-e1601485394796-142x300.jpg 142w\" sizes=\"auto, (max-width: 10px) 100vw, 10px\" \/> Markus Gaupp<\/p>\n\n\n\n<p><span style=\"text-decoration: underline;\">ab 15.50 Uhr<\/span> <\/p>\n\n\n\n<p><strong><em>FC Burnley \u2013&nbsp;FC Chelsea<\/em><\/strong> <strong><em>(16.00 Uhr)<\/em><\/strong><\/p>\n\n\n\n<p><img loading=\"lazy\" decoding=\"async\" width=\"10\" height=\"21\" class=\"wp-image-3656\" style=\"width: 10px;\" src=\"http:\/\/kommentatorenblog.de\/wp-content\/uploads\/2020\/09\/shure-55sh-ii-e1601485394796.jpg\" alt=\"\" srcset=\"http:\/\/kommentatorenblog.de\/wp-content\/uploads\/2020\/09\/shure-55sh-ii-e1601485394796.jpg 415w, http:\/\/kommentatorenblog.de\/wp-content\/uploads\/2020\/09\/shure-55sh-ii-e1601485394796-142x300.jpg 142w\" sizes=\"auto, (max-width: 10px) 100vw, 10px\" \/> Joachim Hebel<\/p>\n\n\n\n<p><strong><em>Aston Villa \u2013&nbsp;FC Southampton<\/em><\/strong> <strong><em>(16.00 Uhr)<\/em><\/strong><\/p>\n\n\n\n<p><img loading=\"lazy\" decoding=\"async\" width=\"10\" height=\"21\" class=\"wp-image-3656\" style=\"width: 10px;\" src=\"http:\/\/kommentatorenblog.de\/wp-content\/uploads\/2020\/09\/shure-55sh-ii-e1601485394796.jpg\" alt=\"\" srcset=\"http:\/\/kommentatorenblog.de\/wp-content\/uploads\/2020\/09\/shure-55sh-ii-e1601485394796.jpg 415w, http:\/\/kommentatorenblog.de\/wp-content\/uploads\/2020\/09\/shure-55sh-ii-e1601485394796-142x300.jpg 142w\" sizes=\"auto, (max-width: 10px) 100vw, 10px\" \/> Uli Hebel<\/p>\n\n\n\n<p><span style=\"text-decoration: underline;\">ab 18.20 Uhr<\/span> <\/p>\n\n\n\n<p><em><strong>FC&nbsp;Liverpool \u2013&nbsp;West Ham United<\/strong><\/em> <strong><em>(18.30 Uhr)<\/em><\/strong><\/p>\n\n\n\n<p><img loading=\"lazy\" decoding=\"async\" width=\"10\" height=\"21\" class=\"wp-image-3656\" style=\"width: 10px;\" src=\"http:\/\/kommentatorenblog.de\/wp-content\/uploads\/2020\/09\/shure-55sh-ii-e1601485394796.jpg\" alt=\"\" srcset=\"http:\/\/kommentatorenblog.de\/wp-content\/uploads\/2020\/09\/shure-55sh-ii-e1601485394796.jpg 415w, http:\/\/kommentatorenblog.de\/wp-content\/uploads\/2020\/09\/shure-55sh-ii-e1601485394796-142x300.jpg 142w\" sizes=\"auto, (max-width: 10px) 100vw, 10px\" \/> Hannes Herrmann<\/p>\n\n\n\n<p><span style=\"text-decoration: underline;\">Sonntag, 06. M\u00e4rz 2022, ab 14.50 Uhr<\/span> <\/p>\n\n\n\n<p><strong><em>FC Watford \u2013&nbsp;FC Arsenal (15.00 Uhr)<\/em><\/strong><\/p>\n\n\n\n<p><img loading=\"lazy\" decoding=\"async\" width=\"10\" height=\"21\" class=\"wp-image-3656\" style=\"width: 10px;\" src=\"http:\/\/kommentatorenblog.de\/wp-content\/uploads\/2020\/09\/shure-55sh-ii-e1601485394796.jpg\" alt=\"\" srcset=\"http:\/\/kommentatorenblog.de\/wp-content\/uploads\/2020\/09\/shure-55sh-ii-e1601485394796.jpg 415w, http:\/\/kommentatorenblog.de\/wp-content\/uploads\/2020\/09\/shure-55sh-ii-e1601485394796-142x300.jpg 142w\" sizes=\"auto, (max-width: 10px) 100vw, 10px\" \/> Joachim Hebel<\/p>\n\n\n\n<p><span style=\"text-decoration: underline;\">ab 17.00 Uhr<\/span><\/p>\n\n\n\n<p><strong><em>Manchester City \u2013 Manchester United (17.30 Uhr)<\/em><\/strong><\/p>\n\n\n\n<p><img loading=\"lazy\" decoding=\"async\" width=\"10\" height=\"21\" class=\"wp-image-3656\" style=\"width: 10px;\" src=\"http:\/\/kommentatorenblog.de\/wp-content\/uploads\/2020\/09\/shure-55sh-ii-e1601485394796.jpg\" alt=\"\" srcset=\"http:\/\/kommentatorenblog.de\/wp-content\/uploads\/2020\/09\/shure-55sh-ii-e1601485394796.jpg 415w, http:\/\/kommentatorenblog.de\/wp-content\/uploads\/2020\/09\/shure-55sh-ii-e1601485394796-142x300.jpg 142w\" sizes=\"auto, (max-width: 10px) 100vw, 10px\" \/> Florian Schmidt-Sommerfeld, Experte: Mladen Petric<\/p>\n\n\n\n<p><span style=\"text-decoration: underline;\">Montag, 07. M\u00e4rz 2022, ab 20.50 Uhr<\/span> <\/p>\n\n\n\n<p><strong><em>Tottenham Hotspur \u2013 FC Everton (21.00 Uhr)<\/em><\/strong><\/p>\n\n\n\n<p><img loading=\"lazy\" decoding=\"async\" width=\"10\" height=\"21\" class=\"wp-image-3656\" style=\"width: 10px;\" src=\"http:\/\/kommentatorenblog.de\/wp-content\/uploads\/2020\/09\/shure-55sh-ii-e1601485394796.jpg\" alt=\"\" srcset=\"http:\/\/kommentatorenblog.de\/wp-content\/uploads\/2020\/09\/shure-55sh-ii-e1601485394796.jpg 415w, http:\/\/kommentatorenblog.de\/wp-content\/uploads\/2020\/09\/shure-55sh-ii-e1601485394796-142x300.jpg 142w\" sizes=\"auto, (max-width: 10px) 100vw, 10px\" \/> Hannes Herrmann<\/p>\n\n\n\n<hr class=\"wp-block-separator\"\/>\n\n\n\n<p><strong>La Liga, 27. Spieltag (DAZN)<\/strong><\/p>\n\n\n\n<p><span style=\"text-decoration: underline;\">Freitag, 04. M\u00e4rz 2022<\/span><\/p>\n\n\n\n<p><strong><em>Alaves  \u2013 FC Sevilla (21.00 Uhr)<\/em><\/strong><\/p>\n\n\n\n<p><img loading=\"lazy\" decoding=\"async\" width=\"10\" height=\"21\" class=\"wp-image-3656\" style=\"width: 10px;\" src=\"http:\/\/kommentatorenblog.de\/wp-content\/uploads\/2020\/09\/shure-55sh-ii-e1601485394796.jpg\" alt=\"\" srcset=\"http:\/\/kommentatorenblog.de\/wp-content\/uploads\/2020\/09\/shure-55sh-ii-e1601485394796.jpg 415w, http:\/\/kommentatorenblog.de\/wp-content\/uploads\/2020\/09\/shure-55sh-ii-e1601485394796-142x300.jpg 142w\" sizes=\"auto, (max-width: 10px) 100vw, 10px\" \/> Uwe Morawe<\/p>\n\n\n\n<p><span style=\"text-decoration: underline;\"><span style=\"text-decoration: underline;\">Samstag, 05. M\u00e4rz 2022<\/span><\/span><\/p>\n\n\n\n<p><strong><em>Real Madrid \u2013 Real Sociedad (21.00 Uhr)<\/em><\/strong><\/p>\n\n\n\n<p><img loading=\"lazy\" decoding=\"async\" width=\"10\" height=\"21\" class=\"wp-image-3656\" style=\"width: 10px;\" src=\"http:\/\/kommentatorenblog.de\/wp-content\/uploads\/2020\/09\/shure-55sh-ii-e1601485394796.jpg\" alt=\"\" srcset=\"http:\/\/kommentatorenblog.de\/wp-content\/uploads\/2020\/09\/shure-55sh-ii-e1601485394796.jpg 415w, http:\/\/kommentatorenblog.de\/wp-content\/uploads\/2020\/09\/shure-55sh-ii-e1601485394796-142x300.jpg 142w\" sizes=\"auto, (max-width: 10px) 100vw, 10px\" \/> Michael Born, Experte: Sascha Bigalke<\/p>\n\n\n\n<p><span style=\"text-decoration: underline;\">Sonntag, 06. M\u00e4rz 2022<\/span> <\/p>\n\n\n\n<p><strong><em>Elche  \u2013 FC Barcelona (16.15 Uhr)<\/em><\/strong><\/p>\n\n\n\n<p><img loading=\"lazy\" decoding=\"async\" width=\"10\" height=\"21\" class=\"wp-image-3656\" style=\"width: 10px;\" src=\"http:\/\/kommentatorenblog.de\/wp-content\/uploads\/2020\/09\/shure-55sh-ii-e1601485394796.jpg\" alt=\"\" srcset=\"http:\/\/kommentatorenblog.de\/wp-content\/uploads\/2020\/09\/shure-55sh-ii-e1601485394796.jpg 415w, http:\/\/kommentatorenblog.de\/wp-content\/uploads\/2020\/09\/shure-55sh-ii-e1601485394796-142x300.jpg 142w\" sizes=\"auto, (max-width: 10px) 100vw, 10px\" \/> Marcel Seufert<\/p>\n\n\n\n<p><strong><em>Betis Sevilla \u2013 Atletico Madrid (21.00 Uhr)<\/em><\/strong><\/p>\n\n\n\n<p><img loading=\"lazy\" decoding=\"async\" width=\"10\" height=\"21\" class=\"wp-image-3656\" style=\"width: 10px;\" src=\"http:\/\/kommentatorenblog.de\/wp-content\/uploads\/2020\/09\/shure-55sh-ii-e1601485394796.jpg\" alt=\"\" srcset=\"http:\/\/kommentatorenblog.de\/wp-content\/uploads\/2020\/09\/shure-55sh-ii-e1601485394796.jpg 415w, http:\/\/kommentatorenblog.de\/wp-content\/uploads\/2020\/09\/shure-55sh-ii-e1601485394796-142x300.jpg 142w\" sizes=\"auto, (max-width: 10px) 100vw, 10px\" \/> Nico Seepe<\/p>\n\n\n\n<hr class=\"wp-block-separator\"\/>\n\n\n\n<p><strong>Serie A, 28. Spieltag (DAZN) <\/strong><\/p>\n\n\n\n<p><span style=\"text-decoration: underline;\"><span style=\"text-decoration: underline;\">Freitag, 04, M\u00e4rz 2022<\/span><\/span><\/p>\n\n\n\n<p><strong><em>Inter Mailand \u2013 Salernitana (20.45 Uhr)<\/em><\/strong> <\/p>\n\n\n\n<p><img loading=\"lazy\" decoding=\"async\" width=\"10\" height=\"21\" class=\"wp-image-3656\" style=\"width: 10px;\" src=\"http:\/\/kommentatorenblog.de\/wp-content\/uploads\/2020\/09\/shure-55sh-ii-e1601485394796.jpg\" alt=\"\" srcset=\"http:\/\/kommentatorenblog.de\/wp-content\/uploads\/2020\/09\/shure-55sh-ii-e1601485394796.jpg 415w, http:\/\/kommentatorenblog.de\/wp-content\/uploads\/2020\/09\/shure-55sh-ii-e1601485394796-142x300.jpg 142w\" sizes=\"auto, (max-width: 10px) 100vw, 10px\" \/> Tobi Fischbeck<\/p>\n\n\n\n<p><span style=\"text-decoration: underline;\"><span style=\"text-decoration: underline;\">Samstag, 05. M\u00e4rz 2022<\/span><\/span><\/p>\n\n\n\n<p><strong><em>AS Rom \u2013 Atalanta Bergamo (18.00 Uhr)<\/em><\/strong><\/p>\n\n\n\n<p><img loading=\"lazy\" decoding=\"async\" width=\"10\" height=\"21\" class=\"wp-image-3656\" style=\"width: 10px;\" src=\"http:\/\/kommentatorenblog.de\/wp-content\/uploads\/2020\/09\/shure-55sh-ii-e1601485394796.jpg\" alt=\"\" srcset=\"http:\/\/kommentatorenblog.de\/wp-content\/uploads\/2020\/09\/shure-55sh-ii-e1601485394796.jpg 415w, http:\/\/kommentatorenblog.de\/wp-content\/uploads\/2020\/09\/shure-55sh-ii-e1601485394796-142x300.jpg 142w\" sizes=\"auto, (max-width: 10px) 100vw, 10px\" \/> Marco Hagemann, Experte: Ralph Gunesch<\/p>\n\n\n\n<p><span style=\"text-decoration: underline;\"><span style=\"text-decoration: underline;\">Sonntag, 06. M\u00e4rz 2022<\/span><\/span><\/p>\n\n\n\n<p><strong><em>Juventus Turin \u2013 Spezia Calcio (18.00 Uhr)<\/em><\/strong><\/p>\n\n\n\n<p><img loading=\"lazy\" decoding=\"async\" width=\"10\" height=\"21\" class=\"wp-image-3656\" style=\"width: 10px;\" src=\"http:\/\/kommentatorenblog.de\/wp-content\/uploads\/2020\/09\/shure-55sh-ii-e1601485394796.jpg\" alt=\"\" srcset=\"http:\/\/kommentatorenblog.de\/wp-content\/uploads\/2020\/09\/shure-55sh-ii-e1601485394796.jpg 415w, http:\/\/kommentatorenblog.de\/wp-content\/uploads\/2020\/09\/shure-55sh-ii-e1601485394796-142x300.jpg 142w\" sizes=\"auto, (max-width: 10px) 100vw, 10px\" \/> Benni Zander<\/p>\n\n\n\n<p><strong><em>SSC Neapel \u2013 AC Mailand (20.45 Uhr)<\/em><\/strong><\/p>\n\n\n\n<p><img loading=\"lazy\" decoding=\"async\" width=\"10\" height=\"21\" class=\"wp-image-3656\" style=\"width: 10px;\" src=\"http:\/\/kommentatorenblog.de\/wp-content\/uploads\/2020\/09\/shure-55sh-ii-e1601485394796.jpg\" alt=\"\" srcset=\"http:\/\/kommentatorenblog.de\/wp-content\/uploads\/2020\/09\/shure-55sh-ii-e1601485394796.jpg 415w, http:\/\/kommentatorenblog.de\/wp-content\/uploads\/2020\/09\/shure-55sh-ii-e1601485394796-142x300.jpg 142w\" sizes=\"auto, (max-width: 10px) 100vw, 10px\" \/> Carsten Fu\u00df, Experte: Christian Bernhard<\/p>\n\n\n\n<hr class=\"wp-block-separator\"\/>\n\n\n\n<p><strong>Ligue 1, 27. Spieltag (DAZN)<\/strong><\/p>\n\n\n\n<p><span style=\"text-decoration: underline;\">Freitag, 04. M\u00e4rz 2022<\/span><\/p>\n\n\n\n<p><strong><em>FC Lorient \u2013 Olympique Lyon (21.00 Uhr)<\/em><\/strong><\/p>\n\n\n\n<p><img loading=\"lazy\" decoding=\"async\" width=\"10\" height=\"21\" class=\"wp-image-3656\" style=\"width: 10px;\" src=\"http:\/\/kommentatorenblog.de\/wp-content\/uploads\/2020\/09\/shure-55sh-ii-e1601485394796.jpg\" alt=\"\" srcset=\"http:\/\/kommentatorenblog.de\/wp-content\/uploads\/2020\/09\/shure-55sh-ii-e1601485394796.jpg 415w, http:\/\/kommentatorenblog.de\/wp-content\/uploads\/2020\/09\/shure-55sh-ii-e1601485394796-142x300.jpg 142w\" sizes=\"auto, (max-width: 10px) 100vw, 10px\" \/> Martin Kern<\/p>\n\n\n\n<p><span style=\"text-decoration: underline;\"><span style=\"text-decoration: underline;\">Samstag, 05. M\u00e4rz 2022<\/span><\/span><\/p>\n\n\n\n<p><strong><em>Nizza \u2013 Paris Saint-Germain (21.00 Uhr)<\/em><\/strong><\/p>\n\n\n\n<p><img loading=\"lazy\" decoding=\"async\" width=\"10\" height=\"21\" class=\"wp-image-3656\" style=\"width: 10px;\" src=\"http:\/\/kommentatorenblog.de\/wp-content\/uploads\/2020\/09\/shure-55sh-ii-e1601485394796.jpg\" alt=\"\" srcset=\"http:\/\/kommentatorenblog.de\/wp-content\/uploads\/2020\/09\/shure-55sh-ii-e1601485394796.jpg 415w, http:\/\/kommentatorenblog.de\/wp-content\/uploads\/2020\/09\/shure-55sh-ii-e1601485394796-142x300.jpg 142w\" sizes=\"auto, (max-width: 10px) 100vw, 10px\" \/> Matthias Naebers, Experte: Alexis Menuge<\/p>\n\n\n\n<p><span style=\"text-decoration: underline;\"><span style=\"text-decoration: underline;\">Sonntag, 06. M\u00e4rz 2022<\/span><\/span><\/p>\n\n\n\n<p><strong><em><strong>Olympique Marseille<\/strong> \u2013 AS Monaco (20.45 Uhr)<\/em><\/strong><\/p>\n\n\n\n<p><img loading=\"lazy\" decoding=\"async\" width=\"10\" height=\"21\" class=\"wp-image-3656\" style=\"width: 10px;\" src=\"http:\/\/kommentatorenblog.de\/wp-content\/uploads\/2020\/09\/shure-55sh-ii-e1601485394796.jpg\" alt=\"\" srcset=\"http:\/\/kommentatorenblog.de\/wp-content\/uploads\/2020\/09\/shure-55sh-ii-e1601485394796.jpg 415w, http:\/\/kommentatorenblog.de\/wp-content\/uploads\/2020\/09\/shure-55sh-ii-e1601485394796-142x300.jpg 142w\" sizes=\"auto, (max-width: 10px) 100vw, 10px\" \/> Stefan Galler<\/p>\n\n\n\n<hr class=\"wp-block-separator\"\/>\n\n\n\n<p><strong>Internationaler Fussball (Sportdigital FUSSBALL) <\/strong><\/p>\n\n\n\n<p><span style=\"text-decoration: underline;\"><span style=\"text-decoration: underline;\"><span style=\"text-decoration: underline;\"><span style=\"text-decoration: underline;\">Freitag, 04, M\u00e4rz 2022<\/span><\/span><\/span><\/span><\/p>\n\n\n\n<p> <strong><em>Melbourne Victory <strong><em>\u2013 <\/em><\/strong>Macarthur FC (09.45 Uhr) (A-League (17. Spieltag))<\/em><\/strong><\/p>\n\n\n\n<p> <img loading=\"lazy\" decoding=\"async\" width=\"10\" height=\"21\" class=\"wp-image-3656\" style=\"width: 10px;\" src=\"http:\/\/kommentatorenblog.de\/wp-content\/uploads\/2020\/09\/shure-55sh-ii-e1601485394796.jpg\" alt=\"\" srcset=\"http:\/\/kommentatorenblog.de\/wp-content\/uploads\/2020\/09\/shure-55sh-ii-e1601485394796.jpg 415w, http:\/\/kommentatorenblog.de\/wp-content\/uploads\/2020\/09\/shure-55sh-ii-e1601485394796-142x300.jpg 142w\" sizes=\"auto, (max-width: 10px) 100vw, 10px\" \/> Ulf Kahmke<\/p>\n\n\n\n<p><strong><em>Sheffield United <strong><em><strong><em>\u2013 <\/em><\/strong><\/em><\/strong>Nottingham Forest (20.45 Uhr) (Sky Bet Championship (36. Spieltag)) <\/em><\/strong><\/p>\n\n\n\n<p> <img loading=\"lazy\" decoding=\"async\" width=\"10\" height=\"21\" class=\"wp-image-3656\" style=\"width: 10px;\" src=\"http:\/\/kommentatorenblog.de\/wp-content\/uploads\/2020\/09\/shure-55sh-ii-e1601485394796.jpg\" alt=\"\" srcset=\"http:\/\/kommentatorenblog.de\/wp-content\/uploads\/2020\/09\/shure-55sh-ii-e1601485394796.jpg 415w, http:\/\/kommentatorenblog.de\/wp-content\/uploads\/2020\/09\/shure-55sh-ii-e1601485394796-142x300.jpg 142w\" sizes=\"auto, (max-width: 10px) 100vw, 10px\" \/> J\u00f6rg Steiger<\/p>\n\n\n\n<p><span style=\"text-decoration: underline;\"><span style=\"text-decoration: underline;\">Samstag, 05. M\u00e4rz 2022<\/span><\/span><\/p>\n\n\n\n<p><strong><em> Western Sydney Wanderers <strong><em><strong><em><strong><em>\u2013 <\/em><\/strong><\/em><\/strong><\/em><\/strong>Sydney FC (09.45 Uhr)<\/em><\/strong> <em><strong>(A-League (17. Spieltag)) <\/strong><\/em> <\/p>\n\n\n\n<p> <img loading=\"lazy\" decoding=\"async\" width=\"10\" height=\"21\" class=\"wp-image-3656\" style=\"width: 10px;\" src=\"http:\/\/kommentatorenblog.de\/wp-content\/uploads\/2020\/09\/shure-55sh-ii-e1601485394796.jpg\" alt=\"\" srcset=\"http:\/\/kommentatorenblog.de\/wp-content\/uploads\/2020\/09\/shure-55sh-ii-e1601485394796.jpg 415w, http:\/\/kommentatorenblog.de\/wp-content\/uploads\/2020\/09\/shure-55sh-ii-e1601485394796-142x300.jpg 142w\" sizes=\"auto, (max-width: 10px) 100vw, 10px\" \/> Marcus Radefeld<\/p>\n\n\n\n<p>  <strong><em>FC Fulham <strong><em><strong><em><strong><em>\u2013 <\/em><\/strong><\/em><\/strong><\/em><\/strong>Blackburn Rovers (13.30 Uhr)<\/em><\/strong> <em><strong>(Sky Bet Championship (36. Spieltag) <\/strong><\/em> <\/p>\n\n\n\n<p> <img loading=\"lazy\" decoding=\"async\" width=\"10\" height=\"21\" class=\"wp-image-3656\" style=\"width: 10px;\" src=\"http:\/\/kommentatorenblog.de\/wp-content\/uploads\/2020\/09\/shure-55sh-ii-e1601485394796.jpg\" alt=\"\" srcset=\"http:\/\/kommentatorenblog.de\/wp-content\/uploads\/2020\/09\/shure-55sh-ii-e1601485394796.jpg 415w, http:\/\/kommentatorenblog.de\/wp-content\/uploads\/2020\/09\/shure-55sh-ii-e1601485394796-142x300.jpg 142w\" sizes=\"auto, (max-width: 10px) 100vw, 10px\" \/> Marvin Kirsch<\/p>\n\n\n\n<p><strong><em>Hull City \u2013 West Bromwich Albion (16.00 Uhr) (Sky Bet Championship (36. Spieltag)) <\/em><\/strong><\/p>\n\n\n\n<p> <img loading=\"lazy\" decoding=\"async\" width=\"10\" height=\"21\" class=\"wp-image-3656\" style=\"width: 10px;\" src=\"http:\/\/kommentatorenblog.de\/wp-content\/uploads\/2020\/09\/shure-55sh-ii-e1601485394796.jpg\" alt=\"\" srcset=\"http:\/\/kommentatorenblog.de\/wp-content\/uploads\/2020\/09\/shure-55sh-ii-e1601485394796.jpg 415w, http:\/\/kommentatorenblog.de\/wp-content\/uploads\/2020\/09\/shure-55sh-ii-e1601485394796-142x300.jpg 142w\" sizes=\"auto, (max-width: 10px) 100vw, 10px\" \/> Martin Hahn<\/p>\n\n\n\n<p> <strong><em><strong><em>Portimonense SC <strong><em><strong><em>\u2013 <\/em><\/strong><\/em><\/strong>Benfica Lissabon<\/em><\/strong>(19.00 Uhr)<\/em><\/strong> <strong><em>(Primeira Liga (25. Spieltag))<\/em><\/strong><\/p>\n\n\n\n<p> <img loading=\"lazy\" decoding=\"async\" width=\"10\" height=\"21\" class=\"wp-image-3656\" style=\"width: 10px;\" src=\"http:\/\/kommentatorenblog.de\/wp-content\/uploads\/2020\/09\/shure-55sh-ii-e1601485394796.jpg\" alt=\"\" srcset=\"http:\/\/kommentatorenblog.de\/wp-content\/uploads\/2020\/09\/shure-55sh-ii-e1601485394796.jpg 415w, http:\/\/kommentatorenblog.de\/wp-content\/uploads\/2020\/09\/shure-55sh-ii-e1601485394796-142x300.jpg 142w\" sizes=\"auto, (max-width: 10px) 100vw, 10px\" \/> Jonathan Dreier<\/p>\n\n\n\n<p> <strong><em><strong><em>Sporting Lissabon <strong><em><strong><em>\u2013 <\/em><\/strong><\/em><\/strong>FC Arouca<\/em><\/strong>(21.30 Uhr)<\/em><\/strong> <strong><em>(Primeira Liga (25. Spieltag))<\/em><\/strong><\/p>\n\n\n\n<p> <img loading=\"lazy\" decoding=\"async\" width=\"10\" height=\"21\" class=\"wp-image-3656\" style=\"width: 10px;\" src=\"http:\/\/kommentatorenblog.de\/wp-content\/uploads\/2020\/09\/shure-55sh-ii-e1601485394796.jpg\" alt=\"\" srcset=\"http:\/\/kommentatorenblog.de\/wp-content\/uploads\/2020\/09\/shure-55sh-ii-e1601485394796.jpg 415w, http:\/\/kommentatorenblog.de\/wp-content\/uploads\/2020\/09\/shure-55sh-ii-e1601485394796-142x300.jpg 142w\" sizes=\"auto, (max-width: 10px) 100vw, 10px\" \/> Karsten Linke<\/p>\n\n\n\n<p><span style=\"text-decoration: underline;\"><span style=\"text-decoration: underline;\"><span style=\"text-decoration: underline;\">Sonntag, 06. M\u00e4rz 2022<\/span><\/span><\/span><\/p>\n\n\n\n<p> <strong><em>Chicago Fire <strong><em><strong><em>\u2013 <\/em><\/strong><\/em><\/strong>Orlando City FC (00.08 Uhr)<\/em><\/strong> <strong><em>(MLS (2. Spieltag)) <\/em><\/strong><\/p>\n\n\n\n<p> <img loading=\"lazy\" decoding=\"async\" width=\"10\" height=\"21\" class=\"wp-image-3656\" style=\"width: 10px;\" src=\"http:\/\/kommentatorenblog.de\/wp-content\/uploads\/2020\/09\/shure-55sh-ii-e1601485394796.jpg\" alt=\"\" srcset=\"http:\/\/kommentatorenblog.de\/wp-content\/uploads\/2020\/09\/shure-55sh-ii-e1601485394796.jpg 415w, http:\/\/kommentatorenblog.de\/wp-content\/uploads\/2020\/09\/shure-55sh-ii-e1601485394796-142x300.jpg 142w\" sizes=\"auto, (max-width: 10px) 100vw, 10px\" \/> Ulf Kahmke<\/p>\n\n\n\n<p> <strong><em>Jeonbuk Hyundai Motors <strong><em><strong><em>\u2013 <\/em><\/strong><\/em><\/strong>Ulsan Hyundai FC (08:30 Uhr)<\/em><\/strong> <strong><em>(K League (4. Spieltag)) <\/em><\/strong><\/p>\n\n\n\n<p> <img loading=\"lazy\" decoding=\"async\" width=\"10\" height=\"21\" class=\"wp-image-3656\" style=\"width: 10px;\" src=\"http:\/\/kommentatorenblog.de\/wp-content\/uploads\/2020\/09\/shure-55sh-ii-e1601485394796.jpg\" alt=\"\" srcset=\"http:\/\/kommentatorenblog.de\/wp-content\/uploads\/2020\/09\/shure-55sh-ii-e1601485394796.jpg 415w, http:\/\/kommentatorenblog.de\/wp-content\/uploads\/2020\/09\/shure-55sh-ii-e1601485394796-142x300.jpg 142w\" sizes=\"auto, (max-width: 10px) 100vw, 10px\" \/> Ulf Kahmke<\/p>\n\n\n\n<p> <strong><em>PSV Eindhoven <strong><em><strong><em>\u2013 <\/em><\/strong><\/em><\/strong>SC Heracles Almelo (12.15Uhr)<\/em><\/strong> <strong><em>Eredivisie (25. Spieltag)<\/em><\/strong><\/p>\n\n\n\n<p> <img loading=\"lazy\" decoding=\"async\" width=\"10\" height=\"21\" class=\"wp-image-3656\" style=\"width: 10px;\" src=\"http:\/\/kommentatorenblog.de\/wp-content\/uploads\/2020\/09\/shure-55sh-ii-e1601485394796.jpg\" alt=\"\" srcset=\"http:\/\/kommentatorenblog.de\/wp-content\/uploads\/2020\/09\/shure-55sh-ii-e1601485394796.jpg 415w, http:\/\/kommentatorenblog.de\/wp-content\/uploads\/2020\/09\/shure-55sh-ii-e1601485394796-142x300.jpg 142w\" sizes=\"auto, (max-width: 10px) 100vw, 10px\" \/> Karsten Linke<\/p>\n\n\n\n<p> <strong><em>Ajax Amsterdam <strong><em><strong><em>\u2013 <\/em><\/strong><\/em><\/strong>RKC Waalwijk (16.45 Uhr) Eredivisie (25. Spieltag)<\/em><\/strong><\/p>\n\n\n\n<p> <img loading=\"lazy\" decoding=\"async\" width=\"10\" height=\"21\" class=\"wp-image-3656\" style=\"width: 10px;\" src=\"http:\/\/kommentatorenblog.de\/wp-content\/uploads\/2020\/09\/shure-55sh-ii-e1601485394796.jpg\" alt=\"\" srcset=\"http:\/\/kommentatorenblog.de\/wp-content\/uploads\/2020\/09\/shure-55sh-ii-e1601485394796.jpg 415w, http:\/\/kommentatorenblog.de\/wp-content\/uploads\/2020\/09\/shure-55sh-ii-e1601485394796-142x300.jpg 142w\" sizes=\"auto, (max-width: 10px) 100vw, 10px\" \/> Marcus Radefeld<\/p>\n\n\n\n<p> <strong><em>Slavia Prag <strong><em><strong><em>\u2013 <\/em><\/strong><\/em><\/strong>Sparta Prag (18.00 Uhr)<\/em><\/strong> <strong><em>(Fortuna Liga (24. Spieltag)) <\/em><\/strong> <\/p>\n\n\n\n<p><img loading=\"lazy\" decoding=\"async\" width=\"10\" height=\"21\" class=\"wp-image-3656\" style=\"width: 10px;\" src=\"http:\/\/kommentatorenblog.de\/wp-content\/uploads\/2020\/09\/shure-55sh-ii-e1601485394796.jpg\" alt=\"\" srcset=\"http:\/\/kommentatorenblog.de\/wp-content\/uploads\/2020\/09\/shure-55sh-ii-e1601485394796.jpg 415w, http:\/\/kommentatorenblog.de\/wp-content\/uploads\/2020\/09\/shure-55sh-ii-e1601485394796-142x300.jpg 142w\" sizes=\"auto, (max-width: 10px) 100vw, 10px\" \/> Jakob Vogel<\/p>\n\n\n\n<p><strong><em>Pacos de Ferreira <strong><em><strong><em>\u2013 <\/em><\/strong><\/em><\/strong>FC Porto (19.00 Uhr)<\/em><\/strong> <strong><em>(Primeira Liga (25. Spieltag))<\/em><\/strong><\/p>\n\n\n\n<p> <img loading=\"lazy\" decoding=\"async\" width=\"10\" height=\"21\" class=\"wp-image-3656\" style=\"width: 10px;\" src=\"http:\/\/kommentatorenblog.de\/wp-content\/uploads\/2020\/09\/shure-55sh-ii-e1601485394796.jpg\" alt=\"\" srcset=\"http:\/\/kommentatorenblog.de\/wp-content\/uploads\/2020\/09\/shure-55sh-ii-e1601485394796.jpg 415w, http:\/\/kommentatorenblog.de\/wp-content\/uploads\/2020\/09\/shure-55sh-ii-e1601485394796-142x300.jpg 142w\" sizes=\"auto, (max-width: 10px) 100vw, 10px\" \/> Karsten Linke<\/p>\n\n\n\n<p> <strong><em>Boca Juniors<\/em><\/strong> <strong><em>\u2013 CA Huracan (23.15 Uhr)<\/em><\/strong> <em><strong><strong><em>(Copa de la Liga Profesional (5. Spieltag))<\/em><\/strong> <\/strong><\/em><\/p>\n\n\n\n<p> <img loading=\"lazy\" decoding=\"async\" width=\"10\" height=\"21\" class=\"wp-image-3656\" style=\"width: 10px;\" src=\"http:\/\/kommentatorenblog.de\/wp-content\/uploads\/2020\/09\/shure-55sh-ii-e1601485394796.jpg\" alt=\"\" srcset=\"http:\/\/kommentatorenblog.de\/wp-content\/uploads\/2020\/09\/shure-55sh-ii-e1601485394796.jpg 415w, http:\/\/kommentatorenblog.de\/wp-content\/uploads\/2020\/09\/shure-55sh-ii-e1601485394796-142x300.jpg 142w\" sizes=\"auto, (max-width: 10px) 100vw, 10px\" \/> J\u00f6rg Steiger<\/p>\n\n\n\n<hr class=\"wp-block-separator\"\/>\n\n\n\n<p><strong>Die Analyse<\/strong><\/p>\n\n\n\n<p>Die Bundesliga startet an diesem Wochenende in Bielefeld. Die Arminia empf\u00e4ngt im &#8222;Thriller&#8220; im unteren Tabellensektor den FC Augsburg (Bevor sich \u00fcber ungew\u00f6hnliche Formulierungen gewundert wird: Begriffe wie &#8222;Abstiegskampf&#8220; oder &#8222;Kampf um Europa&#8220; werde ich in den n\u00e4chsten Wochen vermeiden). DAZN ist wenig \u00fcberraschend nur mit einer Field-Reporterin vor Ort. Ann-Sophie Kimmel ist an der Alm. Im Studio feiert Julia Simic ihr Deb\u00fct als Expertin in der Herren-Bundesliga. Am 21.Spieltag war Simic ja bereits in der &#8222;Der Spieltag&#8220; bei DAZN zu Gast und in der Gruppenphase der UEFA Women&#8217;s Champions League auch als Expertin f\u00fcr DAZN im Einsatz. An Ihrer Seite sitzt Jan L\u00fcdeke als Moderator bzw. Freddy Harder als Kommentator. <\/p>\n\n\n\n<p>Den Samstagnachmittag w\u00fcrde an diesem Wochenende als hochklassig titulieren. Sicherlich sticht hier die Begegnung zwischen den Bayern und Leverkusen heraus. Denn mit Blick auf die Tabelle ist das Duell des Tabellenf\u00fchrers gegen den Tabellendritten unabh\u00e4ngig von der Punktdifferenz ein Spitzenspiel. Sky schickt wenig \u00fcberraschend Kai Dittmann und Patrick Wasserziehr in die Allianz-Arena. Nicht minder interessant ist das Spiel zwischen Leipzig und Freiburg, beide sind mit 40 Punkten gleichauf und damit mitten im Rennen um den vierten Champions League Platz (auch wenn der SC dies wohl abstreiten w\u00fcrde). Roland Evers macht sich zum zweiten Mal in dieser Spielzeit auf den Weg nach Sachsen, wo ebenfalls Katharina Kleinfeldt. zugegen ist. Das Wort Krisenduell ist wohl keine verkehrte Bezeichnung f\u00fcr das Spiel von der Frankfurter Eintracht im Olympiastadion bei der Hertha. In die R\u00fcckrundentabelle belegen die beiden Teams neben dem VfB Stuttgart zwei der letzten drei R\u00e4nge. Hansi K\u00fcpper ist wie so h\u00e4ufig in dieser Saison in der Hauptstadt zu Gast, Einsatz Nummer sechs f\u00fcr ihn in K\u00f6penick oder Charlottenburg. Bei Wolfsburg gegen Union geht der Blick nach dem Winterwechsel auf Max Kruse, Torsten Kunde ist hier bereits das dritte Mal 2022 in der VW-Arena. Abgerundet wird der Nachmittag von Bochum gegen F\u00fcrth, beim Aufsteigerduell meldet sich wie bereits beim Pokalspiel unter Woche Marcus Lindemann. <\/p>\n\n\n\n<p>In der Konferenz k\u00fcmmern sich Frank Buschmann und Florian Schmidt-Sommerfeld um die Topspiele in M\u00fcnchen bzw. Leipzig. Oliver Seidler bei Wolfsburg gegen Union in Anbetracht wie oft er die beiden Teams schon kommentiert die Idealbesetzung. Es komplettieren Jonas Friedrich und Klaus Veltman. <\/p>\n\n\n\n<p><strong>Box, Box und nochmal Box<\/strong><\/p>\n\n\n\n<p>Am Sonntag geht es dann bei DAZN weiter, in der Box. Das Ausw\u00e4rtsspiel des Tabellenzweiten f\u00fchrt nur dazu, dass sich Alexander Schl\u00fcter auf den Weg nach Mainz machen darf. Jonas Hummels muss das Spiel seines Bruders Mats also genauso aus M\u00fcnchen verfolgen wie Kommentator Uli Hebel und Lukas Sch\u00f6nm\u00fcller als Moderator.<\/p>\n\n\n\n<p>Insgesamt l\u00e4sst sich bei DAZN dieses Wochenende ein sehr ern\u00fcchterndes Fazit ziehen, denn auch beim letzten Spiel schafft es nur einer, Daniel Herzog, ins Stadion, das restliche Team um Kommentator Michael Born und Experte Ralph Gunesch meldet sich aus M\u00fcnchen. Zumindest diese Woche hat hier der Preisanstieg nicht geholfen, da war die Stadionpr\u00e4senz schon besser.<\/p>\n\n\n\n<p><strong>Update<\/strong>: Mainz- BVB wurde aufgrund von Coronaf\u00e4llen auf den 16.03 um 18:30 Uhr verschoben<\/p>\n\n\n\n<p><strong>Bew\u00e4hrtes im Unterhaus<\/strong><\/p>\n\n\n\n<p>In Liga 2 geht es dann, wie \u00fcblich in der Box weiter: Klaus Veltman erh\u00e4lt am Freitag, vor seinem Bundesliga-Konferenzeinsatz noch ein 2.Liga Einzelspiel. Daneben werden an diesem Wochenende Sven Schr\u00f6ter, J\u00fcrgen Schmitz, Marcel Meinert und Martin Gro\u00df gleich doppelt \u00fcber die 2. Liga berichten. W\u00e4hrend die beiden erstgenannten je zwei Einzelspiele haben, k\u00fcmmern Meinert (Freitag) und Gro\u00df (Samstag) um die Konferenz und haben bekommen jeweils am darauffolgenden Tag ein Einzelspiel. Das Konferenz-Team wird am Sonntag durch Oliver Seidler vervollst\u00e4ndigt.<\/p>\n\n\n\n<p>Am Samstagabend geht es dann mit Sky und Sport1 ins Max- Morlock Stadion nach N\u00fcrnberg. Wie gewohnt meldet sich bei Sky das Duo Hempel\/ Mattuschka. Auch bei Sport1 gibt es bew\u00e4hrtes, Ruth Hoffmann moderiert mit Experte Markus Babbel und Markus H\u00f6hner darf, wie bereits letzte Woche, kommentieren<\/p>\n\n\n\n<p><strong>Premieren in Liga 3<\/strong><\/p>\n\n\n\n<p>In Liga 3 steht u.a. das Sachsen- Anhalt- Derby an, der MDR ist neben Magenta mit von der Partie. Daneben werden der SWR und der NDR die Begegnung Osnabr\u00fcck- Kaiserlautern \u00fcbertragen. Michael Augustin feiert dabei seinen 3. Liga-Premieren- Einsatz f\u00fcr den NDR im TV. Sonst im Radio in der Bundesligakonferenz und beim Schwimmen zu h\u00f6ren, und seit einiger Zeit auch bei Magenta in Liga 3 wird es nun das Deb\u00fct beim NDR. Auch beim SWR gibt es eine Premiere, Christina Graf wird erstmals eine 3. Liga- Partie f\u00fcr den SWR live kommentieren. Ansonsten hat Magenta sehr bekanntes Personal im Einsatz, wie Christian Stra\u00dfburger, Stefan Fuckert, &#8230;<\/p>\n\n\n\n<p><strong>Frauen &#8211; Bundesliga legt wieder los<\/strong><\/p>\n\n\n\n<p>Nach der L\u00e4nderspielpause und dem DFB- Pokal Viertelfinale geht es nun in der Liga bei den Frauen weiter. Neben der Partie am Freitag bei Eurosport wird auch das Spiel der Frankfurterinnen frei empfangbar sein und im Stream bei hessenschau.de laufen. Alle Spiele gibt es wie immer bei Magenta, dabei kommen in Seyberth, Piller, Engelhardt und Heirler bekannte Stimmen zum Einsatz.<\/p>\n\n\n\n<p><strong>International was los<\/strong><\/p>\n\n\n\n<p>Bei Sky gibt\u2019s es diese Woche wieder Premier League. Mit dabei die Hebel- Br\u00fcder, Joachim Hebel wird, ebenso wie Hannes Herrmann zwei Eins\u00e4tze an diesem Wochenende haben. Das Topspiel wird das Manchester- Derby zwischen City und United sein, welches wie gewohnt von Schmidt- Sommerfeld kommentiert wird. Unterst\u00fctzung erf\u00e4hrt dieser von Mladen Petric.<\/p>\n\n\n\n<p>DAZN hat die Ligen in Frankreich, Italien und Spanien im Angebot. Marco Hagemann kommentiert dabei AS Rom- Bergamo und wird von Ralph Gunesch unterst\u00fctzt. In Frankreich kommentiert Stefan Galler mal nicht PSG, sondern Marseille gegen Monaco.<\/p>\n\n\n\n<p>Weitere internationale Spiele gibt es dann, wie gewohnt, bei Sportdigital.<\/p>\n\n\n\n<p>Soweit zu den Ansetzungen der Spiele an diesem Wochenende. Bis dahin, habt alle ein sch\u00f6nes, friedliches und ruhiges Wochenende!<\/p>\n","protected":false},"excerpt":{"rendered":"<p>N\u00b4Abend allerseits, es sind momentan schwierige Zeiten und es gab von der ein oder anderen Person in den Kommentaren Kritik beziehungsweise Nachfragen zu der Thematik DAZN sowie den Verbindungen zu Leonard Blavatnik sowie dessen Verbindungen zum russischen Pr\u00e4sidenten. Im Folgenden versuchen wir ein bisschen Licht ins Dunkle zu bringen und m\u00f6chten euch den Aufbau von [&hellip;]<\/p>\n","protected":false},"author":11,"featured_media":0,"comment_status":"open","ping_status":"open","sticky":false,"template":"","format":"standard","meta":{"footnotes":""},"categories":[424],"tags":[34,292,49,216,645,21,131,35,615,171,13,89,61,295,104,25,405,123,347,69,507,58,315,86,93,59,491,676,31,205,9,70,276,43,112,503,572,121,67,95,649,700,130,223,114,88,634,369,191,113,293,45,98,415,498,22,371,134,394,154,28,27,152,87,402,105,149,107],"class_list":["post-12184","post","type-post","status-publish","format-standard","hentry","category-bundesliga-und-co","tag-alex-klich","tag-alex-kunz","tag-alex-schlueter","tag-andreas-mann","tag-antonia-engelhardt","tag-benni-zander","tag-carsten-fuss","tag-christian-strassburger","tag-christina-graf","tag-christoph-stadtler","tag-dazn","tag-florian-schmidt-sommerfeld","tag-frank-buschmann","tag-freddy-harder","tag-hannes-herrmann","tag-hansi-kuepper","tag-jakob-vogel","tag-jan-luedeke","tag-joachim-hebel","tag-jonas-friedrich","tag-jonathan-dreier","tag-joerg-steiger","tag-julian-engelhard","tag-juergen-schmitz","tag-kai-dittmann","tag-karsten-linke","tag-kevin-gerwin","tag-klaus-veltman","tag-lothar-matthaeus","tag-lukas-schoenmueller","tag-magenta-sport","tag-marcel-meinert","tag-marcel-seufert","tag-marco-hagemann","tag-marcus-lindemann","tag-marcus-radefeld","tag-mario-bast","tag-markus-gaupp","tag-markus-hoehner","tag-martin-gross","tag-martin-hahn","tag-martin-kern","tag-martin-piller","tag-matthias-naebers","tag-michael-born","tag-michael-leopold","tag-michael-seyberth","tag-nele-schenker","tag-nico-seepe","tag-oliver-seidler","tag-oskar-heirler","tag-roland-evers","tag-sebastian-hellmann","tag-simon-koepfer","tag-sina-braun","tag-sky","tag-soenke-sievers","tag-sportdigital-fussball","tag-stefan-fuckert","tag-stefan-galler","tag-stefan-hempel","tag-sven-schroeter","tag-tobi-fischbeck","tag-torsten-kunde","tag-ulf-kahmke","tag-uli-hebel","tag-uwe-morawe","tag-wolff-fuss"],"_links":{"self":[{"href":"http:\/\/kommentatorenblog.de\/index.php?rest_route=\/wp\/v2\/posts\/12184","targetHints":{"allow":["GET"]}}],"collection":[{"href":"http:\/\/kommentatorenblog.de\/index.php?rest_route=\/wp\/v2\/posts"}],"about":[{"href":"http:\/\/kommentatorenblog.de\/index.php?rest_route=\/wp\/v2\/types\/post"}],"author":[{"embeddable":true,"href":"http:\/\/kommentatorenblog.de\/index.php?rest_route=\/wp\/v2\/users\/11"}],"replies":[{"embeddable":true,"href":"http:\/\/kommentatorenblog.de\/index.php?rest_route=%2Fwp%2Fv2%2Fcomments&post=12184"}],"version-history":[{"count":25,"href":"http:\/\/kommentatorenblog.de\/index.php?rest_route=\/wp\/v2\/posts\/12184\/revisions"}],"predecessor-version":[{"id":12220,"href":"http:\/\/kommentatorenblog.de\/index.php?rest_route=\/wp\/v2\/posts\/12184\/revisions\/12220"}],"wp:attachment":[{"href":"http:\/\/kommentatorenblog.de\/index.php?rest_route=%2Fwp%2Fv2%2Fmedia&parent=12184"}],"wp:term":[{"taxonomy":"category","embeddable":true,"href":"http:\/\/kommentatorenblog.de\/index.php?rest_route=%2Fwp%2Fv2%2Fcategories&post=12184"},{"taxonomy":"post_tag","embeddable":true,"href":"http:\/\/kommentatorenblog.de\/index.php?rest_route=%2Fwp%2Fv2%2Ftags&post=12184"}],"curies":[{"name":"wp","href":"https:\/\/api.w.org\/{rel}","templated":true}]}}