{"id":12426,"date":"2022-04-04T21:03:46","date_gmt":"2022-04-04T19:03:46","guid":{"rendered":"http:\/\/kommentatorenblog.de\/?p=12426"},"modified":"2022-04-04T22:10:23","modified_gmt":"2022-04-04T20:10:23","slug":"1245-viertelfinals-beginnen","status":"publish","type":"post","link":"http:\/\/kommentatorenblog.de\/?p=12426","title":{"rendered":"1245 &#8211; Viertelfinals beginnen"},"content":{"rendered":"\n<p>N&#8217;Abend allerseits, <\/p>\n\n\n\n<p>nachdem letzte Woche die Frauen des FC Bayern und des VfL Wolfsburg im Champions League- Einsatz waren, spielen am Mittwoch die Herren des FC Bayern wieder Champions League. W\u00e4hrend es die Bayern Frauen gegen PSG knapp in der Verl\u00e4ngerung nicht schafften, bleibt zu hoffen, dass die M\u00e4nner des FC Bayern es ergebnistechnisch besser machen und einen Grundstein f\u00fcr den Halbfinaleinzug zu legen. Dort steht bei den Frauen unter anderem der VfL Wolfsburg, welcher sich gegen Arsenal London durchsetzte. Im Halbfinale warten dann auf die W\u00f6lfinnen die Champions League- Siegerin des letzten Jahres, der FC Barcelona, der im Viertelfinale gegen Real Madrid vor \u00fcber 90.000 Zuschauerinnen und Zuschauer gewann.<\/p>\n\n\n\n<p>F\u00fcr die Herren des FC Bayern geht es im Viertelfinale gegen den FC Villareal. Die Partie findet am Mittwoch statt, und wird deshalb bei DAZN zu sehen sein.<\/p>\n\n\n\n<p>Weitere deutsche Starter gibt es in der Champions League nicht mehr, daf\u00fcr sind aber noch zwei Teams in der Europa League vertreten: Eintracht Frankfurt und RB Leipzig. Dabei wird sowohl im Hinspiel als auch im R\u00fcckspiel Eintracht Frankfurt bei RTL zu sehen sein wird. Leipzig hat bei beiden Spielen die fr\u00fchere Ansto\u00dfzeit und wird deshalb nur bei RTL+ zu sehen sein. <\/p>\n\n\n\n<p>Jetzt aber zu den Ansetzungen der n\u00e4chsten Tage<\/p>\n\n\n\n<hr class=\"wp-block-separator\"\/>\n\n\n\n<p><strong>Die Ansetzungen vom 05. April  bis zum 07. April 2022<\/strong><\/p>\n\n\n\n<p><strong>Champions League, Viertelfinal. Hinspiele<\/strong><\/p>\n\n\n\n<p><span style=\"text-decoration: underline;\">Dienstag, 05. April 2022, ab 20.00 Uhr (PrimeVideo)<\/span><\/p>\n\n\n\n<p><em><strong>Benfica Lissabon <strong><em><span><b style=\"font-style: italic;\">\u2013<\/b><\/span><\/em><\/strong><\/strong><\/em> <em><strong>FC Liverpool (21.00 Uhr)<\/strong><\/em><\/p>\n\n\n\n<p><img loading=\"lazy\" decoding=\"async\" width=\"10\" height=\"21\" class=\"wp-image-3656\" style=\"width: 10px;\" src=\"http:\/\/kommentatorenblog.de\/wp-content\/uploads\/2020\/09\/shure-55sh-ii-e1601485394796.jpg\" alt=\"\" srcset=\"http:\/\/kommentatorenblog.de\/wp-content\/uploads\/2020\/09\/shure-55sh-ii-e1601485394796.jpg 415w, http:\/\/kommentatorenblog.de\/wp-content\/uploads\/2020\/09\/shure-55sh-ii-e1601485394796-142x300.jpg 142w\" sizes=\"auto, (max-width: 10px) 100vw, 10px\" \/> Jonas Friedrich Experte: Benedikt H\u00f6wedes<\/p>\n\n\n\n<p>Field-Reporter: Annika Zimmermann und Sebastian Benesch<\/p>\n\n\n\n<p>Moderation: Sebastian Hellmann, Experten: Matthias Sammer, Mario Gomez und Tabea Kemme, Schiedsrichter-Experte: Wolfgang Stark<\/p>\n\n\n\n<p><span style=\"text-decoration: underline;\">ab 20.30 Uhr (DAZN)<\/span><\/p>\n\n\n\n<p><em><strong>Manchester City <strong><em><span><b style=\"font-style: italic;\">\u2013<\/b><\/span><\/em><\/strong> Atletico Madrid (21.00 Uhr)<\/strong><\/em><\/p>\n\n\n\n<p><img loading=\"lazy\" decoding=\"async\" width=\"10\" height=\"21\" class=\"wp-image-3656\" style=\"width: 10px;\" src=\"http:\/\/kommentatorenblog.de\/wp-content\/uploads\/2020\/09\/shure-55sh-ii-e1601485394796.jpg\" alt=\"\" srcset=\"http:\/\/kommentatorenblog.de\/wp-content\/uploads\/2020\/09\/shure-55sh-ii-e1601485394796.jpg 415w, http:\/\/kommentatorenblog.de\/wp-content\/uploads\/2020\/09\/shure-55sh-ii-e1601485394796-142x300.jpg 142w\" sizes=\"auto, (max-width: 10px) 100vw, 10px\" \/> Michael Born, Experte: Ralph Gunesch<\/p>\n\n\n\n<p>Moderation: Tobi Wahnschaffe<\/p>\n\n\n\n<p><span style=\"text-decoration: underline;\">Mittwoch, 06. April 2022, ab 20.30 Uhr (DAZN)<\/span><\/p>\n\n\n\n<p><em><strong>FC Villareal <strong><em><span><b style=\"font-style: italic;\">\u2013<\/b><\/span><\/em><\/strong> FC Bayern M\u00fcnchen (21.00 Uhr)<\/strong><\/em><\/p>\n\n\n\n<p><img loading=\"lazy\" decoding=\"async\" width=\"10\" height=\"21\" class=\"wp-image-3656\" style=\"width: 10px;\" src=\"http:\/\/kommentatorenblog.de\/wp-content\/uploads\/2020\/09\/shure-55sh-ii-e1601485394796.jpg\" alt=\"\" srcset=\"http:\/\/kommentatorenblog.de\/wp-content\/uploads\/2020\/09\/shure-55sh-ii-e1601485394796.jpg 415w, http:\/\/kommentatorenblog.de\/wp-content\/uploads\/2020\/09\/shure-55sh-ii-e1601485394796-142x300.jpg 142w\" sizes=\"auto, (max-width: 10px) 100vw, 10px\" \/> Jan Platte, Experte: Sandro Wagner (Einzelspiel), Lukas Sch\u00f6nm\u00fcller (Konferenz)<\/p>\n\n\n\n<p>Moderation: Alex Schl\u00fcter, Field-Reporter: Max Siebald<\/p>\n\n\n\n<p><span style=\"text-decoration: underline;\">ab 20.50 Uhr (DAZN)<\/span><\/p>\n\n\n\n<p><em><strong>FC Chelsea  <strong><em><span><b style=\"font-style: italic;\">\u2013<\/b><\/span><\/em><\/strong> Real Madrid (21.00 Uhr)<\/strong><\/em><\/p>\n\n\n\n<p><img loading=\"lazy\" decoding=\"async\" width=\"10\" height=\"21\" class=\"wp-image-3656\" style=\"width: 10px;\" src=\"http:\/\/kommentatorenblog.de\/wp-content\/uploads\/2020\/09\/shure-55sh-ii-e1601485394796.jpg\" alt=\"\" srcset=\"http:\/\/kommentatorenblog.de\/wp-content\/uploads\/2020\/09\/shure-55sh-ii-e1601485394796.jpg 415w, http:\/\/kommentatorenblog.de\/wp-content\/uploads\/2020\/09\/shure-55sh-ii-e1601485394796-142x300.jpg 142w\" sizes=\"auto, (max-width: 10px) 100vw, 10px\" \/> Uli Hebel, Experte: Sebastian Knei\u00dfl (Einzelspiel) Michael Born (Konferenz)<\/p>\n\n\n\n<hr class=\"wp-block-separator\"\/>\n\n\n\n<p><strong>Europa League \/ Europa Conference League Zwischenrunde (RTL\/RTL+)<\/strong><\/p>\n\n\n\n<p><span style=\"text-decoration: underline;\">Donnerstag, <span style=\"text-decoration: underline;\">07. April 2022<\/span>, ab 17.30 Uhr (RTL+)<\/span><\/p>\n\n\n\n<p><strong>&#8222;Matchday&#8220; aus Leipzig<\/strong><\/p>\n\n\n\n<p>Moderation: Anna Kraft, Robby Hunke, Arnd Zeigler und Ansgar Brinkmann<\/p>\n\n\n\n<p><span style=\"text-decoration: underline;\">ab 18.30 Uhr (RTL+)<\/span><\/p>\n\n\n\n<p><em><strong>RB Leipzig \u2013 Atalanta Bergamo (18.45 Uhr)<\/strong><\/em><\/p>\n\n\n\n<p><img loading=\"lazy\" decoding=\"async\" width=\"10\" height=\"21\" class=\"wp-image-3656\" style=\"width: 10px;\" src=\"http:\/\/kommentatorenblog.de\/wp-content\/uploads\/2020\/09\/shure-55sh-ii-e1601485394796.jpg\" alt=\"\" srcset=\"http:\/\/kommentatorenblog.de\/wp-content\/uploads\/2020\/09\/shure-55sh-ii-e1601485394796.jpg 415w, http:\/\/kommentatorenblog.de\/wp-content\/uploads\/2020\/09\/shure-55sh-ii-e1601485394796-142x300.jpg 142w\" sizes=\"auto, (max-width: 10px) 100vw, 10px\" \/> Cornelius K\u00fcpper (Einzelspiel), Klaus Veltman (Konferenz)<\/p>\n\n\n\n<p>Interviews: Alexander Schropp<\/p>\n\n\n\n<p><em><strong>Feyenoord Rotterdam \u2013 Slavia Prag (18.45 Uhr)<\/strong><\/em><\/p>\n\n\n\n<p><img loading=\"lazy\" decoding=\"async\" width=\"10\" height=\"21\" class=\"wp-image-3656\" style=\"width: 10px;\" src=\"http:\/\/kommentatorenblog.de\/wp-content\/uploads\/2020\/09\/shure-55sh-ii-e1601485394796.jpg\" alt=\"\" srcset=\"http:\/\/kommentatorenblog.de\/wp-content\/uploads\/2020\/09\/shure-55sh-ii-e1601485394796.jpg 415w, http:\/\/kommentatorenblog.de\/wp-content\/uploads\/2020\/09\/shure-55sh-ii-e1601485394796-142x300.jpg 142w\" sizes=\"auto, (max-width: 10px) 100vw, 10px\" \/> Frederick Schulz (Einzelspiel), Alexander K\u00fcpper (Konferenz)<\/p>\n\n\n\n<p><span style=\"text-decoration: underline;\">ab 20.15 Uhr (RTL)<\/span><\/p>\n\n\n\n<p><strong><em><span><b style=\"font-style: italic;\">Eintracht Frankfurt \u2013 FC Barcelona <\/b><\/span>(21.00 Uhr)<\/em><\/strong><\/p>\n\n\n\n<p>RTL: <img loading=\"lazy\" decoding=\"async\" width=\"10\" height=\"21\" class=\"wp-image-3656\" style=\"width: 10px;\" src=\"http:\/\/kommentatorenblog.de\/wp-content\/uploads\/2020\/09\/shure-55sh-ii-e1601485394796.jpg\" alt=\"\" srcset=\"http:\/\/kommentatorenblog.de\/wp-content\/uploads\/2020\/09\/shure-55sh-ii-e1601485394796.jpg 415w, http:\/\/kommentatorenblog.de\/wp-content\/uploads\/2020\/09\/shure-55sh-ii-e1601485394796-142x300.jpg 142w\" sizes=\"auto, (max-width: 10px) 100vw, 10px\" \/> Marco Hagemann, Experte: Steffen Freund, Field-Reporter: Felix G\u00f6rner<\/p>\n\n\n\n<p>RTL+: <img loading=\"lazy\" decoding=\"async\" width=\"10\" height=\"21\" class=\"wp-image-3656\" style=\"width: 10px;\" src=\"http:\/\/kommentatorenblog.de\/wp-content\/uploads\/2020\/09\/shure-55sh-ii-e1601485394796.jpg\" alt=\"\" srcset=\"http:\/\/kommentatorenblog.de\/wp-content\/uploads\/2020\/09\/shure-55sh-ii-e1601485394796.jpg 415w, http:\/\/kommentatorenblog.de\/wp-content\/uploads\/2020\/09\/shure-55sh-ii-e1601485394796-142x300.jpg 142w\" sizes=\"auto, (max-width: 10px) 100vw, 10px\" \/> Oliver Seidler (Einzelspiel), Michael Born (Konferenz)<\/p>\n\n\n\n<p>Moderation (RTL): Laura Papendick, Experte: Karl-Heinz Riedle<\/p>\n\n\n\n<p><span style=\"text-decoration: underline;\">ab 20.40 Uhr (RTL+)<\/span><\/p>\n\n\n\n<p><em><strong>West Ham United \u2013 Olympique Lyon (21.00 Uhr)<\/strong><\/em><\/p>\n\n\n\n<p><img loading=\"lazy\" decoding=\"async\" width=\"10\" height=\"21\" class=\"wp-image-3656\" style=\"width: 10px;\" src=\"http:\/\/kommentatorenblog.de\/wp-content\/uploads\/2020\/09\/shure-55sh-ii-e1601485394796.jpg\" alt=\"\" srcset=\"http:\/\/kommentatorenblog.de\/wp-content\/uploads\/2020\/09\/shure-55sh-ii-e1601485394796.jpg 415w, http:\/\/kommentatorenblog.de\/wp-content\/uploads\/2020\/09\/shure-55sh-ii-e1601485394796-142x300.jpg 142w\" sizes=\"auto, (max-width: 10px) 100vw, 10px\" \/> Stefan Galler (Einzelspiel), Christian Stra\u00dfburger (Konferenz)<\/p>\n\n\n\n<p><em><strong>Leicester City \u2013 PSV Eindhoven (18.45 Uhr)<\/strong><\/em><\/p>\n\n\n\n<p><img loading=\"lazy\" decoding=\"async\" width=\"10\" height=\"21\" class=\"wp-image-3656\" style=\"width: 10px;\" src=\"http:\/\/kommentatorenblog.de\/wp-content\/uploads\/2020\/09\/shure-55sh-ii-e1601485394796.jpg\" alt=\"\" srcset=\"http:\/\/kommentatorenblog.de\/wp-content\/uploads\/2020\/09\/shure-55sh-ii-e1601485394796.jpg 415w, http:\/\/kommentatorenblog.de\/wp-content\/uploads\/2020\/09\/shure-55sh-ii-e1601485394796-142x300.jpg 142w\" sizes=\"auto, (max-width: 10px) 100vw, 10px\" \/> Alexander Klich (Einzelspiel), J\u00fcrgen Schmitz (Konferenz)<\/p>\n\n\n\n<p><em><strong>FK Bodo\/Glimt \u2013 AS Rom<\/strong><\/em> <em><strong>(21.00 Uhr)<\/strong><\/em><\/p>\n\n\n\n<p><img loading=\"lazy\" decoding=\"async\" width=\"10\" height=\"21\" class=\"wp-image-3656\" style=\"width: 10px;\" src=\"http:\/\/kommentatorenblog.de\/wp-content\/uploads\/2020\/09\/shure-55sh-ii-e1601485394796.jpg\" alt=\"\" srcset=\"http:\/\/kommentatorenblog.de\/wp-content\/uploads\/2020\/09\/shure-55sh-ii-e1601485394796.jpg 415w, http:\/\/kommentatorenblog.de\/wp-content\/uploads\/2020\/09\/shure-55sh-ii-e1601485394796-142x300.jpg 142w\" sizes=\"auto, (max-width: 10px) 100vw, 10px\" \/> Florian von Stackelberg (Einzelspiel), Timo Latsch (Konferenz)<\/p>\n\n\n\n<p><strong><em><span><b style=\"font-style: italic;\">Sporting Braga \u2013 Glasgow Rangers <\/b><\/span>(21.00 Uhr)<\/em><\/strong><\/p>\n\n\n\n<p><img loading=\"lazy\" decoding=\"async\" width=\"10\" height=\"21\" class=\"wp-image-3656\" style=\"width: 10px;\" src=\"http:\/\/kommentatorenblog.de\/wp-content\/uploads\/2020\/09\/shure-55sh-ii-e1601485394796.jpg\" alt=\"\" srcset=\"http:\/\/kommentatorenblog.de\/wp-content\/uploads\/2020\/09\/shure-55sh-ii-e1601485394796.jpg 415w, http:\/\/kommentatorenblog.de\/wp-content\/uploads\/2020\/09\/shure-55sh-ii-e1601485394796-142x300.jpg 142w\" sizes=\"auto, (max-width: 10px) 100vw, 10px\" \/> Christoph Stadtler (Einzelspiel)<\/p>\n\n\n\n<p><em><strong>Olympique Marseille \u2013 PAOK Saloniki<\/strong><\/em> <em><strong>(21.00 Uhr)<\/strong><\/em><\/p>\n\n\n\n<p><img loading=\"lazy\" decoding=\"async\" width=\"10\" height=\"21\" class=\"wp-image-3656\" style=\"width: 10px;\" src=\"http:\/\/kommentatorenblog.de\/wp-content\/uploads\/2020\/09\/shure-55sh-ii-e1601485394796.jpg\" alt=\"\" srcset=\"http:\/\/kommentatorenblog.de\/wp-content\/uploads\/2020\/09\/shure-55sh-ii-e1601485394796.jpg 415w, http:\/\/kommentatorenblog.de\/wp-content\/uploads\/2020\/09\/shure-55sh-ii-e1601485394796-142x300.jpg 142w\" sizes=\"auto, (max-width: 10px) 100vw, 10px\" \/> Heiko Wasser (Einzelspiel)<\/p>\n\n\n\n<hr class=\"wp-block-separator\"\/>\n\n\n\n<p><strong>Bundesliga Nachholspiel (Sky)<\/strong><\/p>\n\n\n\n<p><span style=\"text-decoration: underline;\">Mittwoch 06. April 2022, ab 18.15 Uhr<\/span><\/p>\n\n\n\n<p><em><strong>FC Augsburg \u2013 FSV Mainz 05<\/strong><\/em> <em><strong>(18.30 Uhr)<\/strong><\/em><\/p>\n\n\n\n<p><img loading=\"lazy\" decoding=\"async\" width=\"10\" height=\"21\" class=\"wp-image-3656\" style=\"width: 10px;\" src=\"http:\/\/kommentatorenblog.de\/wp-content\/uploads\/2020\/09\/shure-55sh-ii-e1601485394796.jpg\" alt=\"\" srcset=\"http:\/\/kommentatorenblog.de\/wp-content\/uploads\/2020\/09\/shure-55sh-ii-e1601485394796.jpg 415w, http:\/\/kommentatorenblog.de\/wp-content\/uploads\/2020\/09\/shure-55sh-ii-e1601485394796-142x300.jpg 142w\" sizes=\"auto, (max-width: 10px) 100vw, 10px\" \/> Marcel Meinert<\/p>\n\n\n\n<p>Moderator: Michael Leopold<\/p>\n\n\n\n<p><strong>2. Liga Nachholspiel (Sky)<\/strong><\/p>\n\n\n\n<p><span style=\"text-decoration: underline;\">Dienstag, 05. April 2022, ab 18.45 Uhr<\/span><\/p>\n\n\n\n<p><em><strong>Hamburger SV <strong><em><span><b style=\"font-style: italic;\">\u2013<\/b><\/span><\/em><\/strong> Erzgebirge Aue (18.30 Uhr)<\/strong><\/em><\/p>\n\n\n\n<p><img loading=\"lazy\" decoding=\"async\" width=\"10\" height=\"21\" class=\"wp-image-3656\" style=\"width: 10px;\" src=\"http:\/\/kommentatorenblog.de\/wp-content\/uploads\/2020\/09\/shure-55sh-ii-e1601485394796.jpg\" alt=\"\" srcset=\"http:\/\/kommentatorenblog.de\/wp-content\/uploads\/2020\/09\/shure-55sh-ii-e1601485394796.jpg 415w, http:\/\/kommentatorenblog.de\/wp-content\/uploads\/2020\/09\/shure-55sh-ii-e1601485394796-142x300.jpg 142w\" sizes=\"auto, (max-width: 10px) 100vw, 10px\" \/> Hannes Herrmann, Interviews: Sven T\u00f6llner<\/p>\n\n\n\n<hr class=\"wp-block-separator\"\/>\n\n\n\n<p><strong>3. Liga Nachholspiel (Magenta Sport)<\/strong><\/p>\n\n\n\n<p><span style=\"text-decoration: underline;\">Dienstag, 05. April 2022, ab 18.45 Uhr<\/span><\/p>\n\n\n\n<p><em><strong>Hallescher FC <strong><em><span><b style=\"font-style: italic;\">\u2013<\/b><\/span><\/em><\/strong> SC Freiburg II (19.00 Uhr)<\/strong><\/em><\/p>\n\n\n\n<p><img loading=\"lazy\" decoding=\"async\" width=\"10\" height=\"21\" class=\"wp-image-3656\" style=\"width: 10px;\" src=\"http:\/\/kommentatorenblog.de\/wp-content\/uploads\/2020\/09\/shure-55sh-ii-e1601485394796.jpg\" alt=\"\" srcset=\"http:\/\/kommentatorenblog.de\/wp-content\/uploads\/2020\/09\/shure-55sh-ii-e1601485394796.jpg 415w, http:\/\/kommentatorenblog.de\/wp-content\/uploads\/2020\/09\/shure-55sh-ii-e1601485394796-142x300.jpg 142w\" sizes=\"auto, (max-width: 10px) 100vw, 10px\" \/> Andreas Mann<\/p>\n\n\n\n<p>Moderation: Cedric Pick<\/p>\n\n\n\n<hr class=\"wp-block-separator\"\/>\n\n\n\n<p><strong>Die Analyse<\/strong><\/p>\n\n\n\n<p><strong>Ein Wechsel bei Prime<\/strong><\/p>\n\n\n\n<p>Los geht es am Dienstagabend bei Amazon Prime, da die Bayern erst am Mittwoch ihr Spiel haben, hat sich Amazon f\u00fcr das Hinspiel zwischen Benfica Lissabon und dem FC Liverpool entschieden. Dadurch wird das R\u00fcckspiel der M\u00fcnchner bei Amazon zu sehen.<\/p>\n\n\n\n<p>Nun aber zu der Begegnung in Lissabon: Aus dem Est\u00e1dio da Luz meldet sich Amazon mit seinem Team. Dabei gibt es in der Runde der Expertinnen und Experten im Vergleich zur letzten \u00dcbertragung einen Wechsel: Josephine Henning raus, Tabea Kemme rein. Henning bekommt nach ihrem Women`s Champions League Einsatz bei DAZN erstmal eine Pause bei Prime. Ansonsten bleibt die Runde gleich:<\/p>\n\n\n\n<p>Moderieren wird Sebastian Hellmann mit den Experten Gomez, Sammer und der bereits erw\u00e4hnten Kemme, sowie Schiri- Experte Wolfgang Stark. Auch auf der Kommentatoren- Position gibt es keine Ver\u00e4nderung, hier melden sich Jonas Friedrich und Benedikt H\u00f6wedes. Lediglich bei den Interviews gibt es im Vergleich zum letzten Spiel eine Erg\u00e4nzung: Annika Zimmermann erh\u00e4lt Unterst\u00fctzung von Sebastian Benesch beim Stimmenfang.<\/p>\n\n\n\n<p>DAZN meldet sich unterdessen am Dienstag mit der Partie ManCity gegen Atletico. Aus dem Space meldet sich dabei Moderator Tobi Wahnschaffe mit Experte Ralph Gunesch. Kommentieren wird das Spiel Michael Born.<\/p>\n\n\n\n<p><strong>DAZN in Villareal<\/strong><\/p>\n\n\n\n<p>Am Mittwoch spielt dann der letzte deutsche Teilnehmer: Der FC Bayern. F\u00fcr die M\u00fcnchner geht es im Hinspiel auf die Reise nach Villareal. Ebenfalls auf Reisen wird das gesamte DAZN- Team gehen, denn man wird komplett aus dem Stadion in Villareal senden. Die Stadion- Moderation \u00fcbernimmt Alexander Schl\u00fcter. An seiner Seite als Experte: Sandro Wagner, welche sp\u00e4ter dann das Spiel zusammen mit Jan Platte kommentieren wird. Die Interviews wird Max Siebald f\u00fchren, der kurzfristig f\u00fcr Daniel Herzog einspringt.<\/p>\n\n\n\n<p>Das zweite Spiel am Mittwoch, Chelsea- Real, \u00fcbernimmt Uli Hebel zusammen mit Sebastian Knei\u00dfl. Die beiden Mittwochspartien gibt es auch wieder in der einer Konferenz zu sehen. Diese wird von Jan L\u00fcdeke moderiert. Lukas Sch\u00f6nm\u00fcller \u00fcbernimmt den Kommentar der Bayern und Michael Born den von Chelsea gegen Real.<\/p>\n\n\n\n<p><strong>Alle Spiel bei RTL+<\/strong><\/p>\n\n\n\n<p>Am Donnerstag stehen dann die Viertelfinals in der Europa League und der Europa Conference League an. RTL \u00fcbertr\u00e4gt das Spiel der Eintracht gegen den FC Barcelona.<\/p>\n\n\n\n<p>Aus dem Frankfurter Stadion meldet sich ab 20:15 Uhr Laura Papendick mit Experte Karl- Heinz Riedle. Die Kommentierung f\u00fcr RTL aus dem Stadion \u00fcbernehmen, wenig \u00fcberraschend, Marco Hagemann und Steffen Freund. Daneben gibt es auch wieder die M\u00f6glichkeit das Spiel bei RTL+ mit einem anderen Kommentator, diesmal ist es Oliver Seidler, anzuh\u00f6ren. Dieser sitzt allerdings in K\u00f6ln.<\/p>\n\n\n\n<p>Die Interviews in Frankfurt wird Felix G\u00f6rner f\u00fchren.<\/p>\n\n\n\n<p>Das Leipziger Spiel wird nur bei RTL+ zu sehen sein. Als Kommentator, aus K\u00f6ln, fungiert Cornelius K\u00fcpper. RTL ist aber trotzdem mit einem Aufgebot in Leipzig: So wird Alexander Schropp die Interviews f\u00fchren, und auch die Viererkette um Anna Kraft, Robert Hunke, Arnd Zeigler und Ansgar Brinkmann meldet sich aus Leipzig.<\/p>\n\n\n\n<p>Die restlichen Spiele werden auch alle bei RTL+ aus K\u00f6ln kommentiert. Daf\u00fcr sind im Einsatz: Frederick Schulz, Florian von Stackelberg, Stefan Galler, Christoph Stadtler, Heiko Wasser und Alexander Klich. In der Konferenz \u00fcbernimmt Michael Born die Eintracht und Klaus Veltman RB. Dazu kommt am fr\u00fchen Abend noch Alexander K\u00fcpper und am sp\u00e4ten Abend sind Schmitz, Stra\u00dfburger und Timo Latsch im Einsatz. Letzterer d\u00fcrfte dabei sein Deb\u00fct bei RTL feiern. Nicht dabei ist daf\u00fcr (erstmals?) Christina Graf.<\/p>\n\n\n\n<p><strong>Nachholspiel in der Bundesliga<\/strong><\/p>\n\n\n\n<p>In Deutschland steht am Mittwoch zudem noch ein Nachholspiel in der Bundesliga an. Der FC Augsburg empf\u00e4ngt Mainz 05, aus dem Stadion in Augsburg melden sich Kommentator Marcel Meinert und Moderator Michael Leopold. Die Nachholpartie des HSVs gegen Aue wird Hannes Herrmann kommentieren, f\u00fcr die Interviews reist Sven T\u00f6llner ins Volksparkstadion.<\/p>\n\n\n\n<p>Auch die 3. Liga hat mit Halle gegen Freiburg II noch ein Nachholspiel zu bieten, hier kommentiert Andreas Mann.<\/p>\n\n\n\n<p>Das wars vom Fu\u00dfballangebot unter der Woche Bis dahin, habt eine sch\u00f6ne, friedliche Europapokalwoche, bleibt gesund und bis bald!<\/p>\n","protected":false},"excerpt":{"rendered":"<p>N&#8217;Abend allerseits, nachdem letzte Woche die Frauen des FC Bayern und des VfL Wolfsburg im Champions League- Einsatz waren, spielen am Mittwoch die Herren des FC Bayern wieder Champions League. W\u00e4hrend es die Bayern Frauen gegen PSG knapp in der Verl\u00e4ngerung nicht schafften, bleibt zu hoffen, dass die M\u00e4nner des FC Bayern es ergebnistechnisch besser [&hellip;]<\/p>\n","protected":false},"author":10,"featured_media":0,"comment_status":"open","ping_status":"open","sticky":false,"template":"","format":"standard","meta":{"footnotes":""},"categories":[425],"tags":[34,49,163,291,216,517,596,171,614,703,702,616,48,69,676,205,9,70,43,114,88,113,189,98,222,22,154,151,708,105],"class_list":["post-12426","post","type-post","status-publish","format-standard","hentry","category-champions-league-und-co","tag-alex-klich","tag-alex-schlueter","tag-alexander-kuepper","tag-amazon","tag-andreas-mann","tag-anna-kraft","tag-annika-zimmermann","tag-christoph-stadtler","tag-cornelius-kuepper","tag-florian-von-stackelberg","tag-frederick-schulz","tag-heiko-wasser","tag-jan-platte","tag-jonas-friedrich","tag-klaus-veltman","tag-lukas-schoenmueller","tag-magenta-sport","tag-marcel-meinert","tag-marco-hagemann","tag-michael-born","tag-michael-leopold","tag-oliver-seidler","tag-sebastian-benesch","tag-sebastian-hellmann","tag-sebastian-kneissl","tag-sky","tag-stefan-galler","tag-steffen-freund","tag-timo-latsch","tag-uli-hebel"],"_links":{"self":[{"href":"http:\/\/kommentatorenblog.de\/index.php?rest_route=\/wp\/v2\/posts\/12426","targetHints":{"allow":["GET"]}}],"collection":[{"href":"http:\/\/kommentatorenblog.de\/index.php?rest_route=\/wp\/v2\/posts"}],"about":[{"href":"http:\/\/kommentatorenblog.de\/index.php?rest_route=\/wp\/v2\/types\/post"}],"author":[{"embeddable":true,"href":"http:\/\/kommentatorenblog.de\/index.php?rest_route=\/wp\/v2\/users\/10"}],"replies":[{"embeddable":true,"href":"http:\/\/kommentatorenblog.de\/index.php?rest_route=%2Fwp%2Fv2%2Fcomments&post=12426"}],"version-history":[{"count":11,"href":"http:\/\/kommentatorenblog.de\/index.php?rest_route=\/wp\/v2\/posts\/12426\/revisions"}],"predecessor-version":[{"id":12467,"href":"http:\/\/kommentatorenblog.de\/index.php?rest_route=\/wp\/v2\/posts\/12426\/revisions\/12467"}],"wp:attachment":[{"href":"http:\/\/kommentatorenblog.de\/index.php?rest_route=%2Fwp%2Fv2%2Fmedia&parent=12426"}],"wp:term":[{"taxonomy":"category","embeddable":true,"href":"http:\/\/kommentatorenblog.de\/index.php?rest_route=%2Fwp%2Fv2%2Fcategories&post=12426"},{"taxonomy":"post_tag","embeddable":true,"href":"http:\/\/kommentatorenblog.de\/index.php?rest_route=%2Fwp%2Fv2%2Ftags&post=12426"}],"curies":[{"name":"wp","href":"https:\/\/api.w.org\/{rel}","templated":true}]}}