{"id":12643,"date":"2022-04-21T20:30:44","date_gmt":"2022-04-21T18:30:44","guid":{"rendered":"http:\/\/kommentatorenblog.de\/?p=12643"},"modified":"2023-02-24T16:35:07","modified_gmt":"2023-02-24T14:35:07","slug":"1250-play-offs-als-loesung-gegen-die-bayern-dominanz","status":"publish","type":"post","link":"http:\/\/kommentatorenblog.de\/?p=12643","title":{"rendered":"1250 &#8211; Play-offs als L\u00f6sung gegen die Bayern Dominanz?"},"content":{"rendered":"\n<p>N&#8217;Abend allerseits, <\/p>\n\n\n\n<p>Am Samstag steht er wieder an, der gr\u00f6\u00dftm\u00f6gliche Superlativ im deutschen Fu\u00dfball. Bayern M\u00fcnchen gegen Borussia Dortmund, genannt auch &#8222;DER KLASSIKER&#8220;. Und passend dazu m\u00f6chte ich mich heute damit besch\u00e4ftigen, ob Play-offs die L\u00f6sung f\u00fcr eine spannendare Bundesliga sind. Denn die Frage, die sich in den vergangenen Jahren immer wieder stellt: Wann gibt es mal wieder einen Verein, der dem FC Bayern wirklich Konkurrenz bieten kann? Mit der Frage hat sich auch die DFL besch\u00e4ftigt und denkt laut \u00fcber Bundesliga-Playoffs nach. Eine Idee, die verhei\u00dfungsvoll klingt, der Bundesliga wohl aber ihren Zauber nehmen w\u00fcrde, ohne ihr viel zu geben. W\u00e4re das Produkt Bundesliga ein uninteressanteres? <\/p>\n\n\n\n<p>Donata Hopfen&nbsp;\u00e4u\u00dferte die Idee bereits: Playoff-Spiele um die Deutsche Meisterschaft. Die Verhei\u00dfung ist offenkundig: Die&nbsp;Bundesliga&nbsp;soll ein besseres, spannenderes Produkt werden. Denn genau daran hakt es doch momentan. Die Meisterschaft ist gef\u00fchlt schon l\u00e4ngst entschieden bzw. der FC Bayern kann sie am Samstagabend entscheiden \u2014 und somit hie\u00dfe der Deutsche Meister zum 10. Mal in Folge: FC Bayern M\u00fcnchen. <\/p>\n\n\n\n<p>Dass sich nun als erster Klubverantwortliche ausgerechnet&nbsp;Oliver Kahn, der Vorstandsvorsitzende des FC Bayern, also dem Klub, dem der Weg zur Meisterschaft mit dieser Reform erschwert werden w\u00fcrde, wohlwollend \u00fcber diesen Vorsto\u00df \u00e4u\u00dfert, \u00fcberrascht. Aber was soll\u2019s. Diejenigen, denen man es am wenigsten zugetraut h\u00e4tte, zeigen sich grunds\u00e4tzlich reformbereit. Also,&nbsp;Playoffs&nbsp;einf\u00fchren und die Bundesliga ist gerettet, oder?<\/p>\n\n\n\n<h4 class=\"wp-block-heading\">Playoffs als Irrweg f\u00fcr die Bundesliga<\/h4>\n\n\n\n<p>So einfach ist es leider nicht, denn die Einf\u00fchrung von Playoffs k\u00f6nnte sich f\u00fcr die Bundesliga als Irrweg erweisen. Dazu ist ein genauer Blick n\u00f6tig. Zun\u00e4chst m\u00fcssen zwei Kritikpunkte auseinandergehalten werden, die gegenw\u00e4rtig st\u00e4ndig in einem Atemzug genannt werden. Die Bundesliga w\u00e4re spannender, wenn der FC Bayern M\u00fcnchen nicht jedes Jahr Deutscher Meister werden w\u00fcrde. Das Produkt w\u00e4re folglich ein besseres. So oder so \u00e4hnlich formuliert wird die Kritik an der Bundesliga vorgetragen. Das eine, die Serien-Meisterschaften des FC Bayern, bedingt in dieser Argumentation zwangsl\u00e4ufig das andere, die Spannung der Liga. Wenn eins dieser Probleme gel\u00f6st wird, l\u00f6st sich das andere folglich gleich mit auf.<\/p>\n\n\n\n<p>Diese Annahme ist allerdings nur im herk\u00f6mmlichen Bundesligaformat richtig. W\u00fcrde man aber ein Playoff-System einf\u00fchren, verliert sie seine G\u00fcltigkeit. Die beiden Kritikpunkte m\u00fcssten getrennt voneinander betrachtet werden. Auch wenn die Serien-Meisterschaften des FC Bayern durch Playoffs fraglos gebrochen werden w\u00fcrden, w\u00e4re die Bundesliga keine spannendere oder gar interessantere Liga.<\/p>\n\n\n\n<p>Denn ein Playoff-Format w\u00fcrde bedeuten, dass die Meisterschaft sich ausschlie\u00dflich in wenigen Spielen am Ende der Saison entscheidet. Was im Umkehrschluss bedeutet, dass alle Spiele, die vorher stattfinden w\u00fcrden, entwertet werden. Welche Motivation h\u00e4tte der FC Bayern M\u00fcnchen etwa, an den letzten 10 Spieltagen der Saison an seine Leistungsgrenze zu gehen, wenn er nach 24. Spieltagen 20 Punkte Vorsprung auf einen Nicht-Playoff-Platz hat? W\u00fcrden sie die Bundesliga-Spiele in dem eh schon v\u00f6llig \u00fcberladenen Spielplan nicht daf\u00fcr nutzen, sich f\u00fcr die anderen Wettbewerbe zu schonen? <\/p>\n\n\n\n<p>Werden Riesenstars wie bspw. Robert Lewandowski und Erling Haaland so dann nur selten in der Bundesliga zu bestaunen sein? Ja, und somit w\u00e4ren die Spiele schon um einen gro\u00dfen Teil uninteressanter und die Frage die sich stellt: wer schaut sich die B-Truppe vom FC Bayern gegen die B-Truppe von Borussia Dortmund am 31. Spieltag einer Bundesliga Saison an, in der eh schon beide sicher in den Play-offs stehen? Auf jeden Fall weniger Leute als jetzt. <\/p>\n\n\n\n<h4 class=\"wp-block-heading\">Ein warnender Blick in die NBA<\/h4>\n\n\n\n<p>Ein Blick in die USA und \u00fcber den Tellerrand des Fu\u00dfballs hinaus ist sicher lehrreich. Seit jeher wird der NBA-Champion in guter alter amerikanischer Tradition im Playoff-Format ermittelt. Inklusive spektakul\u00e4rer Finalspiele. Der Fokus auf die Playoffs hat allerdings zur Folge, dass die Spiele in der regul\u00e4ren Saison uninteressant werden. Jedes Jahr zeichnet sich dort das selbe Bild: Die ersten Spiele der Saison werden von den Fans sehnlich erwartet, die ersten Monate leidenschaftlich verfolgt \u2014 die Einschaltquoten sind hoch. Doch wenn die erste Euphorie verflogen ist und das Kr\u00e4fteverh\u00e4ltnis in groben Z\u00fcgen zu erkennen ist, sinkt das Interesse der Zuschauer stetig. Erst wenn die Playoffs starten, schwillt die Begeisterung wieder an. Nach Monaten voller g\u00e4hnender Langeweile.<\/p>\n\n\n\n<p>Einerseits h\u00e4ngt dies damit zusammen, dass die Stars in der regul\u00e4ren Saison oftmals geschont werden. Giannis Antetokounmpo, Europas bester Basketballer, absolvierte in der vergangenen Saison nur dreiviertel der Spiele; LeBron James, der schillerndste Basketballer der Welt, nur etwas mehr als die H\u00e4lfte der Spiele. Klar, auch wegen Verletzungen und nicht nur weil sie geschont wurden verpassten sie so viele Spiele. Fakt ist aber: Stars werden h\u00e4ufiger geschont, wenn die regul\u00e4re Saison weniger wert ist. Und andererseits ist die regul\u00e4re Saison weniger ansehnlich, weil die Intensit\u00e4t der Spiele manchmal mehr an ein Freiplatzwerfen als an die beste Basketball Liga der Welt erinnert. Gefahren, die auch der Bundesliga drohen w\u00fcrden. F\u00e4ndet ihr das sch\u00f6n? Zumal verliert die Bundesliga dann den Anschluss an die anderen europ\u00e4ischen Topligen, denn f\u00fcr viele Sportler w\u00e4re die Bundesliga dann nicht mehr interessant genug. <\/p>\n\n\n\n<h4 class=\"wp-block-heading\">Der Wert des unaufgeregten Zaubers<\/h4>\n\n\n\n<p>Mit all diesen m\u00f6glichen Kollateralsch\u00e4den im Kopf: Ist bei all den Schw\u00e4chen der Bundesliga nicht eine ihrer gr\u00f6\u00dften St\u00e4rken, dass jedes Spiel \u2014 vom ersten bis zum 34. Spieltag \u2014 gleich viel Wert ist? Und sie genau deswegen einen unaufgeregten Zauber in einer h\u00f6hepunkts\u00fcchtigen Zeit verspr\u00fcht. Als ein Begleiter f\u00fcr alle Fans \u2014 und zwar \u00fcber das gesamte Jahr hinweg.<\/p>\n\n\n\n<p>Schlussendlich muss sich jeder folgende Frage beantworten: Wollen wir wirklich 34. gleichwertige Spieltage gegen wenige Wochen Spektakel eintauschen? Zumal dieses Spektakel in eine Zeit fallen w\u00fcrde, in der es dem Fu\u00dfball nicht an H\u00f6hepunkten, Spektakel und Entscheidungsspielen fehlt. Denn genau in diese Zeit, am Ende jeder Saison, finden das DFB-Pokalfinale und das Champions-League-Finale bereits statt.<\/p>\n\n\n\n<p>Wie ist eure Meinung zu diesen Thema? W\u00fcrdet ihr ein Play-off System bef\u00fcrworten? Ich freue mich \u00fcber jede Meinung in den Kommentaren! <\/p>\n\n\n\n<p>Und nun kommen wir aber zu den Ansetzungen der n\u00e4chsten Tage, inklusive der des &#8222;Deutschen Klassikers&#8220;.<\/p>\n\n\n\n<p><strong><em>Die Ansetzungen vom 22. April bis zum 25. April 2022<\/em><\/strong><\/p>\n\n\n\n<p><strong>Bundesliga, 31. Spieltag <\/strong><\/p>\n\n\n\n<p><span style=\"text-decoration: underline;\">Freitag, 22. April 2022 ab 19.30 Uhr (DAZN)<\/span><\/p>\n\n\n\n<p><strong><em>VfL Wolfsburg &#8211; 1. FSV Mainz 05 (20.30 Uhr)<\/em><\/strong><\/p>\n\n\n\n<p><img loading=\"lazy\" decoding=\"async\" width=\"10\" height=\"21\" class=\"wp-image-3656\" style=\"width: 10px;\" src=\"http:\/\/kommentatorenblog.de\/wp-content\/uploads\/2020\/09\/shure-55sh-ii-e1601485394796.jpg\" alt=\"\" srcset=\"http:\/\/kommentatorenblog.de\/wp-content\/uploads\/2020\/09\/shure-55sh-ii-e1601485394796.jpg 415w, http:\/\/kommentatorenblog.de\/wp-content\/uploads\/2020\/09\/shure-55sh-ii-e1601485394796-142x300.jpg 142w\" sizes=\"auto, (max-width: 10px) 100vw, 10px\" \/> Uli Hebel, Experte: Sebastian Knei\u00dfl<\/p>\n\n\n\n<p>Field-Reporter: Alex Schl\u00fcter<\/p>\n\n\n\n<p>Moderation: Tobi Wahnschaffe<\/p>\n\n\n\n<p><span style=\"text-decoration: underline;\">Samstag, 23. April 2022, ab 14.00 Uhr (Sky)<\/span><\/p>\n\n\n\n<p><em><strong>SC Freiburg &#8211; Borussia M&#8217;gladbach (15.30 Uhr)<\/strong><\/em><\/p>\n\n\n\n<p><img loading=\"lazy\" decoding=\"async\" width=\"10\" height=\"21\" class=\"wp-image-3656\" style=\"width: 10px;\" src=\"http:\/\/kommentatorenblog.de\/wp-content\/uploads\/2020\/09\/shure-55sh-ii-e1601485394796.jpg\" alt=\"\" srcset=\"http:\/\/kommentatorenblog.de\/wp-content\/uploads\/2020\/09\/shure-55sh-ii-e1601485394796.jpg 415w, http:\/\/kommentatorenblog.de\/wp-content\/uploads\/2020\/09\/shure-55sh-ii-e1601485394796-142x300.jpg 142w\" sizes=\"auto, (max-width: 10px) 100vw, 10px\" \/> Jonas Friedrich (Einzelspiel), Roland Evers (Konferenz)<\/p>\n\n\n\n<p>Field-Reporter: Torben Hoffmann <\/p>\n\n\n\n<p><strong><em>1.FC K\u00f6ln &#8211; Arminia Bielefeld (15.30 Uhr)<\/em><\/strong><\/p>\n\n\n\n<p><img loading=\"lazy\" decoding=\"async\" width=\"10\" height=\"21\" class=\"wp-image-3656\" style=\"width: 10px;\" src=\"http:\/\/kommentatorenblog.de\/wp-content\/uploads\/2020\/09\/shure-55sh-ii-e1601485394796.jpg\" alt=\"\" srcset=\"http:\/\/kommentatorenblog.de\/wp-content\/uploads\/2020\/09\/shure-55sh-ii-e1601485394796.jpg 415w, http:\/\/kommentatorenblog.de\/wp-content\/uploads\/2020\/09\/shure-55sh-ii-e1601485394796-142x300.jpg 142w\" sizes=\"auto, (max-width: 10px) 100vw, 10px\" \/> Marcus Lindemann (Einzelspiel), Toni Tomic (Konferenz)<\/p>\n\n\n\n<p>Field-Reporter: <s>Ulli Potofski<\/s> Klaus Veltman<\/p>\n\n\n\n<p><em><strong>Eintracht Frankfurt &#8211; 1899 Hoffenheim (15.30 Uhr)<\/strong><\/em><\/p>\n\n\n\n<p><img loading=\"lazy\" decoding=\"async\" width=\"10\" height=\"21\" class=\"wp-image-3656\" style=\"width: 10px;\" src=\"http:\/\/kommentatorenblog.de\/wp-content\/uploads\/2020\/09\/shure-55sh-ii-e1601485394796.jpg\" alt=\"\" srcset=\"http:\/\/kommentatorenblog.de\/wp-content\/uploads\/2020\/09\/shure-55sh-ii-e1601485394796.jpg 415w, http:\/\/kommentatorenblog.de\/wp-content\/uploads\/2020\/09\/shure-55sh-ii-e1601485394796-142x300.jpg 142w\" sizes=\"auto, (max-width: 10px) 100vw, 10px\" \/> Martin Gro\u00df (Einzelspiel), Hansi K\u00fcpper (Konferenz)<\/p>\n\n\n\n<p>Field-Reporter: Riccardo Basile <\/p>\n\n\n\n<p><em><strong>SpVgg Greuther F\u00fcrth <\/strong><\/em><strong><em>&#8211; Bayer 04 Leverkusen (15.30 Uhr<\/em><\/strong>)<\/p>\n\n\n\n<p><img loading=\"lazy\" decoding=\"async\" width=\"10\" height=\"21\" class=\"wp-image-3656\" style=\"width: 10px;\" src=\"http:\/\/kommentatorenblog.de\/wp-content\/uploads\/2020\/09\/shure-55sh-ii-e1601485394796.jpg\" alt=\"\" srcset=\"http:\/\/kommentatorenblog.de\/wp-content\/uploads\/2020\/09\/shure-55sh-ii-e1601485394796.jpg 415w, http:\/\/kommentatorenblog.de\/wp-content\/uploads\/2020\/09\/shure-55sh-ii-e1601485394796-142x300.jpg 142w\" sizes=\"auto, (max-width: 10px) 100vw, 10px\" \/> J\u00fcrgen Schmitz (Einzelspiel), Torsten Kunde (Konferenz)<\/p>\n\n\n\n<p>Field-Reporter: Katharina Kleinfeldt <\/p>\n\n\n\n<p><em><strong>RB Leipzig <\/strong><\/em><strong><em>&#8211; 1. FC Union Berlin (15.30 Uhr<\/em><\/strong>)<\/p>\n\n\n\n<p><img loading=\"lazy\" decoding=\"async\" width=\"10\" height=\"21\" class=\"wp-image-3656\" style=\"width: 10px;\" src=\"http:\/\/kommentatorenblog.de\/wp-content\/uploads\/2020\/09\/shure-55sh-ii-e1601485394796.jpg\" alt=\"\" srcset=\"http:\/\/kommentatorenblog.de\/wp-content\/uploads\/2020\/09\/shure-55sh-ii-e1601485394796.jpg 415w, http:\/\/kommentatorenblog.de\/wp-content\/uploads\/2020\/09\/shure-55sh-ii-e1601485394796-142x300.jpg 142w\" sizes=\"auto, (max-width: 10px) 100vw, 10px\" \/> Kai Dittmann (Einzelspiel), Frank Buschmann (Konferenz)<\/p>\n\n\n\n<p>Field-Reporter: Martin Winkler <\/p>\n\n\n\n<p>Moderation: Michael Leopold, Experte: Didi Hamann <\/p>\n\n\n\n<p><span style=\"text-decoration: underline;\">ab 17.30 Uhr (Sky)<\/span><\/p>\n\n\n\n<p><em><strong>FC Bayern M\u00fcnchen &#8211; Borussia Dortmund (18.30 Uhr)<\/strong><\/em><\/p>\n\n\n\n<p><img loading=\"lazy\" decoding=\"async\" width=\"10\" height=\"21\" class=\"wp-image-3656\" style=\"width: 10px;\" src=\"http:\/\/kommentatorenblog.de\/wp-content\/uploads\/2020\/09\/shure-55sh-ii-e1601485394796.jpg\" alt=\"\" srcset=\"http:\/\/kommentatorenblog.de\/wp-content\/uploads\/2020\/09\/shure-55sh-ii-e1601485394796.jpg 415w, http:\/\/kommentatorenblog.de\/wp-content\/uploads\/2020\/09\/shure-55sh-ii-e1601485394796-142x300.jpg 142w\" sizes=\"auto, (max-width: 10px) 100vw, 10px\" \/> Wolff Fuss, Experte: Lothar Matth\u00e4us <\/p>\n\n\n\n<p><img loading=\"lazy\" decoding=\"async\" width=\"10\" height=\"21\" class=\"wp-image-3656\" style=\"width: 10px;\" src=\"http:\/\/kommentatorenblog.de\/wp-content\/uploads\/2020\/09\/shure-55sh-ii-e1601485394796.jpg\" alt=\"\" srcset=\"http:\/\/kommentatorenblog.de\/wp-content\/uploads\/2020\/09\/shure-55sh-ii-e1601485394796.jpg 415w, http:\/\/kommentatorenblog.de\/wp-content\/uploads\/2020\/09\/shure-55sh-ii-e1601485394796-142x300.jpg 142w\" sizes=\"auto, (max-width: 10px) 100vw, 10px\" \/> Tactical Feed: Jan Henkel, Experten: Manuel Baum und Achim Beierlorzer <\/p>\n\n\n\n<p>Field-Reporter: Patrick Wasserziehr <\/p>\n\n\n\n<p>Moderation: Sebastian Hellmann<\/p>\n\n\n\n<p>im Anschluss ab 21.30 Uhr: Glanzparade &#8211; Die Show mit Buschmann und Fuss<\/p>\n\n\n\n<p><span style=\"text-decoration: underline;\">Sonntag, 24. April 2022 ab 15.00 Uhr (DAZN)<\/span><\/p>\n\n\n\n<p><em><strong>VfL Bochum &#8211; FC Augsburg (15.30 Uhr)<\/strong><\/em><\/p>\n\n\n\n<p><img loading=\"lazy\" decoding=\"async\" width=\"10\" height=\"21\" class=\"wp-image-3656\" style=\"width: 10px;\" src=\"http:\/\/kommentatorenblog.de\/wp-content\/uploads\/2020\/09\/shure-55sh-ii-e1601485394796.jpg\" alt=\"\" srcset=\"http:\/\/kommentatorenblog.de\/wp-content\/uploads\/2020\/09\/shure-55sh-ii-e1601485394796.jpg 415w, http:\/\/kommentatorenblog.de\/wp-content\/uploads\/2020\/09\/shure-55sh-ii-e1601485394796-142x300.jpg 142w\" sizes=\"auto, (max-width: 10px) 100vw, 10px\" \/> Marco Hagemann, Experte: Benny Lauth<\/p>\n\n\n\n<p>Field-Reporterin: Ann-Sophie Kimmel<\/p>\n\n\n\n<p>Moderation: Lukas Sch\u00f6nm\u00fcller<\/p>\n\n\n\n<p><span style=\"text-decoration: underline;\">ab 16.30 Uhr <\/span><\/p>\n\n\n\n<p><em><strong>Hertha BSC &#8211; VfB Stuttgart (17.30 Uhr)<\/strong><\/em><\/p>\n\n\n\n<p><img loading=\"lazy\" decoding=\"async\" width=\"10\" height=\"21\" class=\"wp-image-3656\" style=\"width: 10px;\" src=\"http:\/\/kommentatorenblog.de\/wp-content\/uploads\/2020\/09\/shure-55sh-ii-e1601485394796.jpg\" alt=\"\" srcset=\"http:\/\/kommentatorenblog.de\/wp-content\/uploads\/2020\/09\/shure-55sh-ii-e1601485394796.jpg 415w, http:\/\/kommentatorenblog.de\/wp-content\/uploads\/2020\/09\/shure-55sh-ii-e1601485394796-142x300.jpg 142w\" sizes=\"auto, (max-width: 10px) 100vw, 10px\" \/> Jan Platte, Experte: Ralph Gunesch<\/p>\n\n\n\n<p>Field-Reporter: Max Siebald<\/p>\n\n\n\n<p>Moderation: Alex Schl\u00fcter<\/p>\n\n\n\n<p>im Anschluss ab 19.30 Uhr: Der Spieltag &#8211; Alle Highlights, alle Tore (mit Elmar Paulke) <\/p>\n\n\n\n<hr class=\"wp-block-separator\"\/>\n\n\n\n<p><strong>2. Bundesliga, 31. Spieltag<\/strong><\/p>\n\n\n\n<p><span style=\"text-decoration: underline;\">Freitag, 22. April 2022 ab 18.00 Uhr (Sky)<\/span><\/p>\n\n\n\n<p><strong><em>Konferenz: <\/em><\/strong>Roland Evers (Fokus auf F95-SGD) <\/p>\n\n\n\n<p><strong><em>Fortuna D\u00fcsseldorf &#8211; Dynamo Dresden (18.30 Uhr)<\/em><\/strong><\/p>\n\n\n\n<p><img loading=\"lazy\" decoding=\"async\" width=\"10\" height=\"21\" class=\"wp-image-3656\" style=\"width: 10px;\" src=\"http:\/\/kommentatorenblog.de\/wp-content\/uploads\/2020\/09\/shure-55sh-ii-e1601485394796.jpg\" alt=\"\" srcset=\"http:\/\/kommentatorenblog.de\/wp-content\/uploads\/2020\/09\/shure-55sh-ii-e1601485394796.jpg 415w, http:\/\/kommentatorenblog.de\/wp-content\/uploads\/2020\/09\/shure-55sh-ii-e1601485394796-142x300.jpg 142w\" sizes=\"auto, (max-width: 10px) 100vw, 10px\" \/> Klaus Veltman<\/p>\n\n\n\n<p>Field-Reporter: Marlon Irlbacher<\/p>\n\n\n\n<p><strong><em>Karlsruher SC &#8211; FC Ingolstadt (18.30 Uhr)<\/em><\/strong><\/p>\n\n\n\n<p><img loading=\"lazy\" decoding=\"async\" width=\"10\" height=\"21\" class=\"wp-image-3656\" style=\"width: 10px;\" src=\"http:\/\/kommentatorenblog.de\/wp-content\/uploads\/2020\/09\/shure-55sh-ii-e1601485394796.jpg\" alt=\"\" srcset=\"http:\/\/kommentatorenblog.de\/wp-content\/uploads\/2020\/09\/shure-55sh-ii-e1601485394796.jpg 415w, http:\/\/kommentatorenblog.de\/wp-content\/uploads\/2020\/09\/shure-55sh-ii-e1601485394796-142x300.jpg 142w\" sizes=\"auto, (max-width: 10px) 100vw, 10px\" \/> Joachim Hebel<\/p>\n\n\n\n<p>Interviews: Schalte <\/p>\n\n\n\n<p>Moderation: Hartmut von Kameke <\/p>\n\n\n\n<p><span style=\"text-decoration: underline;\">Samstag, 23. April 2022 ab 13.00 Uhr (Sky)<\/span><\/p>\n\n\n\n<p><strong><em>Konferenz: <\/em><\/strong>Markus Gaupp (Fokus auf S04-SVW) <\/p>\n\n\n\n<p><em><strong>FC Schalke 04 &#8211; SV Werder Bremen (13.30 Uhr)<\/strong><\/em><\/p>\n\n\n\n<p><img loading=\"lazy\" decoding=\"async\" width=\"10\" height=\"21\" class=\"wp-image-3656\" style=\"width: 10px;\" src=\"http:\/\/kommentatorenblog.de\/wp-content\/uploads\/2020\/09\/shure-55sh-ii-e1601485394796.jpg\" alt=\"\" srcset=\"http:\/\/kommentatorenblog.de\/wp-content\/uploads\/2020\/09\/shure-55sh-ii-e1601485394796.jpg 415w, http:\/\/kommentatorenblog.de\/wp-content\/uploads\/2020\/09\/shure-55sh-ii-e1601485394796-142x300.jpg 142w\" sizes=\"auto, (max-width: 10px) 100vw, 10px\" \/> Oliver Seidler<\/p>\n\n\n\n<p>Field-Reporter: Yannick Erkenbrecher <\/p>\n\n\n\n<p><strong><em>Holstein Kiel &#8211; 1. FC Heidenheim (13.30 Uhr)<\/em><\/strong><\/p>\n\n\n\n<p><img loading=\"lazy\" decoding=\"async\" width=\"10\" height=\"21\" class=\"wp-image-3656\" style=\"width: 10px;\" src=\"http:\/\/kommentatorenblog.de\/wp-content\/uploads\/2020\/09\/shure-55sh-ii-e1601485394796.jpg\" alt=\"\" srcset=\"http:\/\/kommentatorenblog.de\/wp-content\/uploads\/2020\/09\/shure-55sh-ii-e1601485394796.jpg 415w, http:\/\/kommentatorenblog.de\/wp-content\/uploads\/2020\/09\/shure-55sh-ii-e1601485394796-142x300.jpg 142w\" sizes=\"auto, (max-width: 10px) 100vw, 10px\" \/> Martin Weinberger<\/p>\n\n\n\n<p><strong><em>Jahn Regensburg &#8211; Hamburger SV (13.30 Uhr)<\/em><\/strong><\/p>\n\n\n\n<p><img loading=\"lazy\" decoding=\"async\" width=\"10\" height=\"21\" class=\"wp-image-3656\" style=\"width: 10px;\" src=\"http:\/\/kommentatorenblog.de\/wp-content\/uploads\/2020\/09\/shure-55sh-ii-e1601485394796.jpg\" alt=\"\" srcset=\"http:\/\/kommentatorenblog.de\/wp-content\/uploads\/2020\/09\/shure-55sh-ii-e1601485394796.jpg 415w, http:\/\/kommentatorenblog.de\/wp-content\/uploads\/2020\/09\/shure-55sh-ii-e1601485394796-142x300.jpg 142w\" sizes=\"auto, (max-width: 10px) 100vw, 10px\" \/> Jaron Steiner <\/p>\n\n\n\n<p>Interviews: Schalte <\/p>\n\n\n\n<p>Moderation (aus der Veltins Arena): Yannick Erkenbrecher<\/p>\n\n\n\n<p><span style=\"text-decoration: underline;\">ab 19.30 Uhr (SPORT1) bzw. ab 20.00 Uhr (Sky)<\/span><\/p>\n\n\n\n<p><strong><em>FC St. Pauli &#8211; SV Darmstadt 98 (20.30 Uhr)<\/em><\/strong><\/p>\n\n\n\n<p><img loading=\"lazy\" decoding=\"async\" width=\"10\" height=\"21\" class=\"wp-image-3656\" style=\"width: 10px;\" src=\"http:\/\/kommentatorenblog.de\/wp-content\/uploads\/2020\/09\/shure-55sh-ii-e1601485394796.jpg\" alt=\"\" srcset=\"http:\/\/kommentatorenblog.de\/wp-content\/uploads\/2020\/09\/shure-55sh-ii-e1601485394796.jpg 415w, http:\/\/kommentatorenblog.de\/wp-content\/uploads\/2020\/09\/shure-55sh-ii-e1601485394796-142x300.jpg 142w\" sizes=\"auto, (max-width: 10px) 100vw, 10px\" \/> Sky: Stefan Hempel, Experte: Torsten Mattuschka <\/p>\n\n\n\n<p><img loading=\"lazy\" decoding=\"async\" width=\"10\" height=\"21\" class=\"wp-image-3656\" style=\"width: 10px;\" src=\"http:\/\/kommentatorenblog.de\/wp-content\/uploads\/2020\/09\/shure-55sh-ii-e1601485394796.jpg\" alt=\"\" srcset=\"http:\/\/kommentatorenblog.de\/wp-content\/uploads\/2020\/09\/shure-55sh-ii-e1601485394796.jpg 415w, http:\/\/kommentatorenblog.de\/wp-content\/uploads\/2020\/09\/shure-55sh-ii-e1601485394796-142x300.jpg 142w\" sizes=\"auto, (max-width: 10px) 100vw, 10px\" \/> SPORT1: Markus H\u00f6hner, Experte: Martin Harnik <\/p>\n\n\n\n<p>Moderation (SPORT1): Jana Wosnitza, Field-Reporter: Fabian Greve<\/p>\n\n\n\n<p><span style=\"text-decoration: underline;\">Sonntag, 24. April 2022 ab 13.00 Uhr (Sky)<\/span><\/p>\n\n\n\n<p><strong><em>Konferenz: <\/em><\/strong>Oliver Seidler (Fokus auf FCN-SVS) <\/p>\n\n\n\n<p><strong><em>1.FC N\u00fcrnberg &#8211; SV Sandhausen (13.30 Uhr)<\/em><\/strong><\/p>\n\n\n\n<p><img loading=\"lazy\" decoding=\"async\" width=\"10\" height=\"21\" class=\"wp-image-3656\" style=\"width: 10px;\" src=\"http:\/\/kommentatorenblog.de\/wp-content\/uploads\/2020\/09\/shure-55sh-ii-e1601485394796.jpg\" alt=\"\" srcset=\"http:\/\/kommentatorenblog.de\/wp-content\/uploads\/2020\/09\/shure-55sh-ii-e1601485394796.jpg 415w, http:\/\/kommentatorenblog.de\/wp-content\/uploads\/2020\/09\/shure-55sh-ii-e1601485394796-142x300.jpg 142w\" sizes=\"auto, (max-width: 10px) 100vw, 10px\" \/> Torsten Kunde<\/p>\n\n\n\n<p>Field-Reporter: Hartmut von Kameke <\/p>\n\n\n\n<p><strong><em>SC Paderborn &#8211; Hannover 96 (13.30 Uhr)<\/em><\/strong><\/p>\n\n\n\n<p><img loading=\"lazy\" decoding=\"async\" width=\"10\" height=\"21\" class=\"wp-image-3656\" style=\"width: 10px;\" src=\"http:\/\/kommentatorenblog.de\/wp-content\/uploads\/2020\/09\/shure-55sh-ii-e1601485394796.jpg\" alt=\"\" srcset=\"http:\/\/kommentatorenblog.de\/wp-content\/uploads\/2020\/09\/shure-55sh-ii-e1601485394796.jpg 415w, http:\/\/kommentatorenblog.de\/wp-content\/uploads\/2020\/09\/shure-55sh-ii-e1601485394796-142x300.jpg 142w\" sizes=\"auto, (max-width: 10px) 100vw, 10px\" \/> Sven Schr\u00f6ter<\/p>\n\n\n\n<p>Interviews: Schalte <\/p>\n\n\n\n<p><em><strong>Erzgebirge Aue &#8211; FC Hansa Rostock (13.30 Uhr)<\/strong><\/em><\/p>\n\n\n\n<p><img loading=\"lazy\" decoding=\"async\" width=\"10\" height=\"21\" class=\"wp-image-3656\" style=\"width: 10px;\" src=\"http:\/\/kommentatorenblog.de\/wp-content\/uploads\/2020\/09\/shure-55sh-ii-e1601485394796.jpg\" alt=\"\" srcset=\"http:\/\/kommentatorenblog.de\/wp-content\/uploads\/2020\/09\/shure-55sh-ii-e1601485394796.jpg 415w, http:\/\/kommentatorenblog.de\/wp-content\/uploads\/2020\/09\/shure-55sh-ii-e1601485394796-142x300.jpg 142w\" sizes=\"auto, (max-width: 10px) 100vw, 10px\" \/> J\u00fcrgen Schmitz<\/p>\n\n\n\n<p>Interviews: Schalte <\/p>\n\n\n\n<p>Moderation: Nele Schenker <\/p>\n\n\n\n<hr class=\"wp-block-separator\"\/>\n\n\n\n<p><strong>3. Liga, 35. Spieltag<\/strong><\/p>\n\n\n\n<p><span style=\"text-decoration: underline;\">Freitag, 22. April 2022 ab 18.30 Uhr (Magenta)<\/span><\/p>\n\n\n\n<p><strong><em>SV Wehen Wiesbaden &#8211; 1. FC Kaiserslautern (19.00 Uhr)<\/em><\/strong><\/p>\n\n\n\n<p><img loading=\"lazy\" decoding=\"async\" width=\"10\" height=\"21\" class=\"wp-image-3656\" style=\"width: 10px;\" src=\"http:\/\/kommentatorenblog.de\/wp-content\/uploads\/2020\/09\/shure-55sh-ii-e1601485394796.jpg\" alt=\"\" srcset=\"http:\/\/kommentatorenblog.de\/wp-content\/uploads\/2020\/09\/shure-55sh-ii-e1601485394796.jpg 415w, http:\/\/kommentatorenblog.de\/wp-content\/uploads\/2020\/09\/shure-55sh-ii-e1601485394796-142x300.jpg 142w\" sizes=\"auto, (max-width: 10px) 100vw, 10px\" \/> Julian Engelhard<\/p>\n\n\n\n<p>Moderation: Thomas Wagner, Experte: Martin Lanig<\/p>\n\n\n\n<p><span style=\"text-decoration: underline;\">Samstag, 23. April 2022 ab 13.45 Uhr (Magenta\/ 3. Programme)<\/span><\/p>\n\n\n\n<p><span style=\"text-decoration: underline;\"><\/span><strong><em>Konferenz<\/em><\/strong><\/p>\n\n\n\n<p><img loading=\"lazy\" decoding=\"async\" width=\"10\" height=\"21\" class=\"wp-image-3656\" style=\"width: 10px;\" src=\"http:\/\/kommentatorenblog.de\/wp-content\/uploads\/2020\/09\/shure-55sh-ii-e1601485394796.jpg\" alt=\"\" srcset=\"http:\/\/kommentatorenblog.de\/wp-content\/uploads\/2020\/09\/shure-55sh-ii-e1601485394796.jpg 415w, http:\/\/kommentatorenblog.de\/wp-content\/uploads\/2020\/09\/shure-55sh-ii-e1601485394796-142x300.jpg 142w\" sizes=\"auto, (max-width: 10px) 100vw, 10px\" \/> Christian Stra\u00dfburger, Experte: Steven Ruprecht<\/p>\n\n\n\n<p><strong><em>W\u00fcrzburger Kickers &#8211; Viktoria Berlin (14.00 Uhr)<\/em><\/strong><\/p>\n\n\n\n<p><img loading=\"lazy\" decoding=\"async\" width=\"10\" height=\"21\" class=\"wp-image-3656\" style=\"width: 10px;\" src=\"http:\/\/kommentatorenblog.de\/wp-content\/uploads\/2020\/09\/shure-55sh-ii-e1601485394796.jpg\" alt=\"\" srcset=\"http:\/\/kommentatorenblog.de\/wp-content\/uploads\/2020\/09\/shure-55sh-ii-e1601485394796.jpg 415w, http:\/\/kommentatorenblog.de\/wp-content\/uploads\/2020\/09\/shure-55sh-ii-e1601485394796-142x300.jpg 142w\" sizes=\"auto, (max-width: 10px) 100vw, 10px\" \/> Magenta: Martin Piller<\/p>\n\n\n\n<p><img loading=\"lazy\" decoding=\"async\" width=\"10\" height=\"21\" class=\"wp-image-3656\" style=\"width: 10px;\" src=\"http:\/\/kommentatorenblog.de\/wp-content\/uploads\/2020\/09\/shure-55sh-ii-e1601485394796.jpg\" alt=\"\" srcset=\"http:\/\/kommentatorenblog.de\/wp-content\/uploads\/2020\/09\/shure-55sh-ii-e1601485394796.jpg 415w, http:\/\/kommentatorenblog.de\/wp-content\/uploads\/2020\/09\/shure-55sh-ii-e1601485394796-142x300.jpg 142w\" sizes=\"auto, (max-width: 10px) 100vw, 10px\" \/> BR: Florian Eckl<\/p>\n\n\n\n<p><img loading=\"lazy\" decoding=\"async\" width=\"10\" height=\"21\" class=\"wp-image-3656\" style=\"width: 10px;\" src=\"http:\/\/kommentatorenblog.de\/wp-content\/uploads\/2020\/09\/shure-55sh-ii-e1601485394796.jpg\" alt=\"\" srcset=\"http:\/\/kommentatorenblog.de\/wp-content\/uploads\/2020\/09\/shure-55sh-ii-e1601485394796.jpg 415w, http:\/\/kommentatorenblog.de\/wp-content\/uploads\/2020\/09\/shure-55sh-ii-e1601485394796-142x300.jpg 142w\" sizes=\"auto, (max-width: 10px) 100vw, 10px\" \/> rbb Berlin: Max Zobel<\/p>\n\n\n\n<p>Moderation (Magenta): Simon K\u00f6pfer<\/p>\n\n\n\n<p>Moderation (BR): Julia B\u00fcchler<\/p>\n\n\n\n<p>Moderation (rbb): Caroline Labes<\/p>\n\n\n\n<p><strong><em>VfL Osnabr\u00fcck &#8211; SV Waldhof Mannheim (14.00 Uhr)<\/em><\/strong><\/p>\n\n\n\n<p><img loading=\"lazy\" decoding=\"async\" width=\"10\" height=\"21\" class=\"wp-image-3656\" style=\"width: 10px;\" src=\"http:\/\/kommentatorenblog.de\/wp-content\/uploads\/2020\/09\/shure-55sh-ii-e1601485394796.jpg\" alt=\"\" srcset=\"http:\/\/kommentatorenblog.de\/wp-content\/uploads\/2020\/09\/shure-55sh-ii-e1601485394796.jpg 415w, http:\/\/kommentatorenblog.de\/wp-content\/uploads\/2020\/09\/shure-55sh-ii-e1601485394796-142x300.jpg 142w\" sizes=\"auto, (max-width: 10px) 100vw, 10px\" \/> Magenta: Gari Paubandt<\/p>\n\n\n\n<p><img loading=\"lazy\" decoding=\"async\" width=\"10\" height=\"21\" class=\"wp-image-3656\" style=\"width: 10px;\" src=\"http:\/\/kommentatorenblog.de\/wp-content\/uploads\/2020\/09\/shure-55sh-ii-e1601485394796.jpg\" alt=\"\" srcset=\"http:\/\/kommentatorenblog.de\/wp-content\/uploads\/2020\/09\/shure-55sh-ii-e1601485394796.jpg 415w, http:\/\/kommentatorenblog.de\/wp-content\/uploads\/2020\/09\/shure-55sh-ii-e1601485394796-142x300.jpg 142w\" sizes=\"auto, (max-width: 10px) 100vw, 10px\" \/> NDR: Patrick Halatsch<\/p>\n\n\n\n<p><img loading=\"lazy\" decoding=\"async\" width=\"10\" height=\"21\" class=\"wp-image-3656\" style=\"width: 10px;\" src=\"http:\/\/kommentatorenblog.de\/wp-content\/uploads\/2020\/09\/shure-55sh-ii-e1601485394796.jpg\" alt=\"\" srcset=\"http:\/\/kommentatorenblog.de\/wp-content\/uploads\/2020\/09\/shure-55sh-ii-e1601485394796.jpg 415w, http:\/\/kommentatorenblog.de\/wp-content\/uploads\/2020\/09\/shure-55sh-ii-e1601485394796-142x300.jpg 142w\" sizes=\"auto, (max-width: 10px) 100vw, 10px\" \/> SWR: tba<\/p>\n\n\n\n<p>Moderation (Magenta): Tobias Sch\u00e4fer <\/p>\n\n\n\n<p>Moderation (NDR): Sina Braun<\/p>\n\n\n\n<p>Moderation (SWR): tba<\/p>\n\n\n\n<p><strong><em>Borussia Dortmund II &#8211; Hallescher FC (14.00 Uhr)<\/em><\/strong><\/p>\n\n\n\n<p><img loading=\"lazy\" decoding=\"async\" width=\"10\" height=\"21\" class=\"wp-image-3656\" style=\"width: 10px;\" src=\"http:\/\/kommentatorenblog.de\/wp-content\/uploads\/2020\/09\/shure-55sh-ii-e1601485394796.jpg\" alt=\"\" srcset=\"http:\/\/kommentatorenblog.de\/wp-content\/uploads\/2020\/09\/shure-55sh-ii-e1601485394796.jpg 415w, http:\/\/kommentatorenblog.de\/wp-content\/uploads\/2020\/09\/shure-55sh-ii-e1601485394796-142x300.jpg 142w\" sizes=\"auto, (max-width: 10px) 100vw, 10px\" \/> Magenta: Mario Bast<\/p>\n\n\n\n<p><img loading=\"lazy\" decoding=\"async\" width=\"10\" height=\"21\" class=\"wp-image-3656\" style=\"width: 10px;\" src=\"http:\/\/kommentatorenblog.de\/wp-content\/uploads\/2020\/09\/shure-55sh-ii-e1601485394796.jpg\" alt=\"\" srcset=\"http:\/\/kommentatorenblog.de\/wp-content\/uploads\/2020\/09\/shure-55sh-ii-e1601485394796.jpg 415w, http:\/\/kommentatorenblog.de\/wp-content\/uploads\/2020\/09\/shure-55sh-ii-e1601485394796-142x300.jpg 142w\" sizes=\"auto, (max-width: 10px) 100vw, 10px\" \/> WDR: tba<\/p>\n\n\n\n<p><img loading=\"lazy\" decoding=\"async\" width=\"10\" height=\"21\" class=\"wp-image-3656\" style=\"width: 10px;\" src=\"http:\/\/kommentatorenblog.de\/wp-content\/uploads\/2020\/09\/shure-55sh-ii-e1601485394796.jpg\" alt=\"\" srcset=\"http:\/\/kommentatorenblog.de\/wp-content\/uploads\/2020\/09\/shure-55sh-ii-e1601485394796.jpg 415w, http:\/\/kommentatorenblog.de\/wp-content\/uploads\/2020\/09\/shure-55sh-ii-e1601485394796-142x300.jpg 142w\" sizes=\"auto, (max-width: 10px) 100vw, 10px\" \/> MDR: Stephan Weidling<\/p>\n\n\n\n<p>Moderation (Magenta): Cedric Pick<\/p>\n\n\n\n<p>Moderation (WDR): Lisa Tellers<\/p>\n\n\n\n<p>Moderation (MDR): Tom Scheunemann<\/p>\n\n\n\n<p><strong><em>1.FC Saarbr\u00fccken &#8211; SC Verl (14.00 Uhr)<\/em><\/strong><\/p>\n\n\n\n<p><img loading=\"lazy\" decoding=\"async\" width=\"10\" height=\"21\" class=\"wp-image-3656\" style=\"width: 10px;\" src=\"http:\/\/kommentatorenblog.de\/wp-content\/uploads\/2020\/09\/shure-55sh-ii-e1601485394796.jpg\" alt=\"\" srcset=\"http:\/\/kommentatorenblog.de\/wp-content\/uploads\/2020\/09\/shure-55sh-ii-e1601485394796.jpg 415w, http:\/\/kommentatorenblog.de\/wp-content\/uploads\/2020\/09\/shure-55sh-ii-e1601485394796-142x300.jpg 142w\" sizes=\"auto, (max-width: 10px) 100vw, 10px\" \/> S\u00f6nke Sievers<\/p>\n\n\n\n<p>Moderation: Kamila Benschop <\/p>\n\n\n\n<p><strong><em>TSV Havelse &#8211; SC Freiburg II (14.00 Uhr)<\/em><\/strong><\/p>\n\n\n\n<p><img loading=\"lazy\" decoding=\"async\" width=\"10\" height=\"21\" class=\"wp-image-3656\" style=\"width: 10px;\" src=\"http:\/\/kommentatorenblog.de\/wp-content\/uploads\/2020\/09\/shure-55sh-ii-e1601485394796.jpg\" alt=\"\" srcset=\"http:\/\/kommentatorenblog.de\/wp-content\/uploads\/2020\/09\/shure-55sh-ii-e1601485394796.jpg 415w, http:\/\/kommentatorenblog.de\/wp-content\/uploads\/2020\/09\/shure-55sh-ii-e1601485394796-142x300.jpg 142w\" sizes=\"auto, (max-width: 10px) 100vw, 10px\" \/> Edgar Mielke<\/p>\n\n\n\n<p>Moderation: Alexander K\u00fcpper <\/p>\n\n\n\n<p><span style=\"text-decoration: underline;\">Sonntag, 24. April 2022 ab 12.45 Uhr (Magenta)<\/span><\/p>\n\n\n\n<p><strong><em>MSV Duisburg &#8211; TSV 1860 M\u00fcnchen (13.00 Uhr)<\/em><\/strong><\/p>\n\n\n\n<p><img loading=\"lazy\" decoding=\"async\" width=\"10\" height=\"21\" class=\"wp-image-3656\" style=\"width: 10px;\" src=\"http:\/\/kommentatorenblog.de\/wp-content\/uploads\/2020\/09\/shure-55sh-ii-e1601485394796.jpg\" alt=\"\" srcset=\"http:\/\/kommentatorenblog.de\/wp-content\/uploads\/2020\/09\/shure-55sh-ii-e1601485394796.jpg 415w, http:\/\/kommentatorenblog.de\/wp-content\/uploads\/2020\/09\/shure-55sh-ii-e1601485394796-142x300.jpg 142w\" sizes=\"auto, (max-width: 10px) 100vw, 10px\" \/> Christian Stra\u00dfburger<\/p>\n\n\n\n<p>Moderation: Stefan Fuckert, Experte: Daniel Flottmann <\/p>\n\n\n\n<p><span style=\"text-decoration: underline;\">ab 13.45 Uhr (Magenta)<\/span><\/p>\n\n\n\n<p><strong><em>1. FC Magdeburg &#8211; FSV Zwickau (14.00 Uhr)<\/em><\/strong><\/p>\n\n\n\n<p><img loading=\"lazy\" decoding=\"async\" width=\"10\" height=\"21\" class=\"wp-image-3656\" style=\"width: 10px;\" src=\"http:\/\/kommentatorenblog.de\/wp-content\/uploads\/2020\/09\/shure-55sh-ii-e1601485394796.jpg\" alt=\"\" srcset=\"http:\/\/kommentatorenblog.de\/wp-content\/uploads\/2020\/09\/shure-55sh-ii-e1601485394796.jpg 415w, http:\/\/kommentatorenblog.de\/wp-content\/uploads\/2020\/09\/shure-55sh-ii-e1601485394796-142x300.jpg 142w\" sizes=\"auto, (max-width: 10px) 100vw, 10px\" \/> Andreas Mann<\/p>\n\n\n\n<p>Moderation: Anett Sattler <\/p>\n\n\n\n<p><span style=\"text-decoration: underline;\">Montag, 25. April 2022 ab 18.45 Uhr (Magenta)<\/span><\/p>\n\n\n\n<p><strong><em>Viktoria K\u00f6ln &#8211; SV Meppen (19.00 Uhr)<\/em><\/strong><\/p>\n\n\n\n<p><img loading=\"lazy\" decoding=\"async\" width=\"10\" height=\"21\" class=\"wp-image-3656\" style=\"width: 10px;\" src=\"http:\/\/kommentatorenblog.de\/wp-content\/uploads\/2020\/09\/shure-55sh-ii-e1601485394796.jpg\" alt=\"\" srcset=\"http:\/\/kommentatorenblog.de\/wp-content\/uploads\/2020\/09\/shure-55sh-ii-e1601485394796.jpg 415w, http:\/\/kommentatorenblog.de\/wp-content\/uploads\/2020\/09\/shure-55sh-ii-e1601485394796-142x300.jpg 142w\" sizes=\"auto, (max-width: 10px) 100vw, 10px\" \/> Markus H\u00f6hner<\/p>\n\n\n\n<p>Moderation: Kevin Gerwin <\/p>\n\n\n\n<hr class=\"wp-block-separator\"\/>\n\n\n\n<p><strong><mark style=\"background-color:rgba(0, 0, 0, 0)\" class=\"has-inline-color has-black-color\"><strong><strong><strong>Frauen-Bundesliga, 20. Spieltag<\/strong><\/strong><\/strong><\/mark><\/strong><\/p>\n\n\n\n<p><span style=\"text-decoration: underline;\">Freitag, 22. April 2022, ab 19.00 Uhr (Magenta Sport)<\/span><\/p>\n\n\n\n<p><strong><em>Carl Zeiss Jena \u2013 FC Bayern M\u00fcnchen (19.15 Uhr)<\/em><\/strong><\/p>\n\n\n\n<p><img loading=\"lazy\" decoding=\"async\" width=\"10\" height=\"21\" class=\"wp-image-3656\" style=\"width: 10px;\" src=\"http:\/\/kommentatorenblog.de\/wp-content\/uploads\/2020\/09\/shure-55sh-ii-e1601485394796.jpg\" alt=\"\" srcset=\"http:\/\/kommentatorenblog.de\/wp-content\/uploads\/2020\/09\/shure-55sh-ii-e1601485394796.jpg 415w, http:\/\/kommentatorenblog.de\/wp-content\/uploads\/2020\/09\/shure-55sh-ii-e1601485394796-142x300.jpg 142w\" sizes=\"auto, (max-width: 10px) 100vw, 10px\" \/> Magenta Sport: Simon K\u00f6pfer <\/p>\n\n\n\n<p><span style=\"text-decoration: underline;\">Samstag, 23. April 2022, ab 12.45 Uhr (Magenta Sport)\/ab 14 Uhr (Sportschau)<\/span><\/p>\n\n\n\n<p><strong><em>TSG Hoffenheim <strong><em>\u2013<\/em><\/strong> Turbine Potsdam (14.00 Uhr)<\/em><\/strong><\/p>\n\n\n\n<p><img loading=\"lazy\" decoding=\"async\" width=\"10\" height=\"21\" class=\"wp-image-3656\" style=\"width: 10px;\" src=\"http:\/\/kommentatorenblog.de\/wp-content\/uploads\/2020\/09\/shure-55sh-ii-e1601485394796.jpg\" alt=\"\" srcset=\"http:\/\/kommentatorenblog.de\/wp-content\/uploads\/2020\/09\/shure-55sh-ii-e1601485394796.jpg 415w, http:\/\/kommentatorenblog.de\/wp-content\/uploads\/2020\/09\/shure-55sh-ii-e1601485394796-142x300.jpg 142w\" sizes=\"auto, (max-width: 10px) 100vw, 10px\" \/> Magenta Sport: Antonia Engelhardt<\/p>\n\n\n\n<p><img loading=\"lazy\" decoding=\"async\" width=\"10\" height=\"21\" class=\"wp-image-3656\" style=\"width: 10px;\" src=\"http:\/\/kommentatorenblog.de\/wp-content\/uploads\/2020\/09\/shure-55sh-ii-e1601485394796.jpg\" alt=\"\" srcset=\"http:\/\/kommentatorenblog.de\/wp-content\/uploads\/2020\/09\/shure-55sh-ii-e1601485394796.jpg 415w, http:\/\/kommentatorenblog.de\/wp-content\/uploads\/2020\/09\/shure-55sh-ii-e1601485394796-142x300.jpg 142w\" sizes=\"auto, (max-width: 10px) 100vw, 10px\" \/> Sportschau (-Stream): Christina Graf<\/p>\n\n\n\n<p><span style=\"text-decoration: underline;\">Sonntag, 24. April 2022, ab 12.45 Uhr (Magenta Sport)<\/span><\/p>\n\n\n\n<p><strong><em>Eintracht Frankfurt <strong><em>\u2013<\/em><\/strong> Bayer 04 Leverkusen (13.00 Uhr)<\/em><\/strong><\/p>\n\n\n\n<p><img loading=\"lazy\" decoding=\"async\" width=\"10\" height=\"21\" class=\"wp-image-3656\" style=\"width: 10px;\" src=\"http:\/\/kommentatorenblog.de\/wp-content\/uploads\/2020\/09\/shure-55sh-ii-e1601485394796.jpg\" alt=\"\" srcset=\"http:\/\/kommentatorenblog.de\/wp-content\/uploads\/2020\/09\/shure-55sh-ii-e1601485394796.jpg 415w, http:\/\/kommentatorenblog.de\/wp-content\/uploads\/2020\/09\/shure-55sh-ii-e1601485394796-142x300.jpg 142w\" sizes=\"auto, (max-width: 10px) 100vw, 10px\" \/> Alexander Kunz<\/p>\n\n\n\n<p><span style=\"text-decoration: underline;\">ab 15.45 Uhr (Magenta Sport)<\/span><\/p>\n\n\n\n<p><strong><em>1.FC K\u00f6ln <strong><em>\u2013<\/em><\/strong> SV Werder Bremen (16.00 Uhr)<\/em><\/strong><\/p>\n\n\n\n<p><img loading=\"lazy\" decoding=\"async\" width=\"10\" height=\"21\" class=\"wp-image-3656\" style=\"width: 10px;\" src=\"http:\/\/kommentatorenblog.de\/wp-content\/uploads\/2020\/09\/shure-55sh-ii-e1601485394796.jpg\" alt=\"\" srcset=\"http:\/\/kommentatorenblog.de\/wp-content\/uploads\/2020\/09\/shure-55sh-ii-e1601485394796.jpg 415w, http:\/\/kommentatorenblog.de\/wp-content\/uploads\/2020\/09\/shure-55sh-ii-e1601485394796-142x300.jpg 142w\" sizes=\"auto, (max-width: 10px) 100vw, 10px\" \/> Michael Seyberth<\/p>\n\n\n\n<p><span style=\"text-decoration: underline;\">ab 17.45 Uhr (Magenta Spo<em>r<\/em>t\/Eurosport)<\/span><\/p>\n\n\n\n<p><strong><em>SC Freiburg <strong><em>\u2013<\/em><\/strong> SC Sand (18.00 Uhr)<\/em><\/strong><\/p>\n\n\n\n<p><img loading=\"lazy\" decoding=\"async\" width=\"10\" height=\"21\" class=\"wp-image-3656\" style=\"width: 10px;\" src=\"http:\/\/kommentatorenblog.de\/wp-content\/uploads\/2020\/09\/shure-55sh-ii-e1601485394796.jpg\" alt=\"\" srcset=\"http:\/\/kommentatorenblog.de\/wp-content\/uploads\/2020\/09\/shure-55sh-ii-e1601485394796.jpg 415w, http:\/\/kommentatorenblog.de\/wp-content\/uploads\/2020\/09\/shure-55sh-ii-e1601485394796-142x300.jpg 142w\" sizes=\"auto, (max-width: 10px) 100vw, 10px\" \/> Magenta: Oskar Heirler <\/p>\n\n\n\n<p><img loading=\"lazy\" decoding=\"async\" width=\"10\" height=\"21\" class=\"wp-image-3656\" style=\"width: 10px;\" src=\"http:\/\/kommentatorenblog.de\/wp-content\/uploads\/2020\/09\/shure-55sh-ii-e1601485394796.jpg\" alt=\"\" srcset=\"http:\/\/kommentatorenblog.de\/wp-content\/uploads\/2020\/09\/shure-55sh-ii-e1601485394796.jpg 415w, http:\/\/kommentatorenblog.de\/wp-content\/uploads\/2020\/09\/shure-55sh-ii-e1601485394796-142x300.jpg 142w\" sizes=\"auto, (max-width: 10px) 100vw, 10px\" \/> Eurosport: tba<\/p>\n\n\n\n<hr class=\"wp-block-separator\"\/>\n\n\n\n<p><strong>UEFA Women&#8217;s Champions League, Halbfinal-Hinspiel (DAZN)<\/strong><\/p>\n\n\n\n<p><span style=\"text-decoration: underline;\">Freitag, 22. April 2022, ab 18.30 Uhr<\/span><\/p>\n\n\n\n<p><em><strong>FC Barcelona &#8211; VfL Wolfsburg (18.45 Uhr)<\/strong><\/em><\/p>\n\n\n\n<p><img loading=\"lazy\" decoding=\"async\" width=\"10\" height=\"21\" class=\"wp-image-3656\" style=\"width: 10px;\" src=\"http:\/\/kommentatorenblog.de\/wp-content\/uploads\/2020\/09\/shure-55sh-ii-e1601485394796.jpg\" alt=\"\" srcset=\"http:\/\/kommentatorenblog.de\/wp-content\/uploads\/2020\/09\/shure-55sh-ii-e1601485394796.jpg 415w, http:\/\/kommentatorenblog.de\/wp-content\/uploads\/2020\/09\/shure-55sh-ii-e1601485394796-142x300.jpg 142w\" sizes=\"auto, (max-width: 10px) 100vw, 10px\" \/> Jan Platte, Expertin: Julia Simic<\/p>\n\n\n\n<p>Moderation: Lukas Sch\u00f6nm\u00fcller<\/p>\n\n\n\n<p>Field-Reporterin: Ann-Sophie Kimmel <\/p>\n\n\n\n<hr class=\"wp-block-separator\"\/>\n\n\n\n<p><strong>UEFA Youth League, Halbfinale (DAZN)<\/strong><\/p>\n\n\n\n<p><span style=\"text-decoration: underline;\">Freitag, 22. April 2022<\/span><\/p>\n\n\n\n<p><em><strong>Juventus Turin U19 &#8211; Benfica Lissabon U19 (14.00 Uhr)<\/strong><\/em><\/p>\n\n\n\n<p><img loading=\"lazy\" decoding=\"async\" width=\"10\" height=\"21\" class=\"wp-image-3656\" style=\"width: 10px;\" src=\"http:\/\/kommentatorenblog.de\/wp-content\/uploads\/2020\/09\/shure-55sh-ii-e1601485394796.jpg\" alt=\"\" srcset=\"http:\/\/kommentatorenblog.de\/wp-content\/uploads\/2020\/09\/shure-55sh-ii-e1601485394796.jpg 415w, http:\/\/kommentatorenblog.de\/wp-content\/uploads\/2020\/09\/shure-55sh-ii-e1601485394796-142x300.jpg 142w\" sizes=\"auto, (max-width: 10px) 100vw, 10px\" \/> Martin Kern<\/p>\n\n\n\n<p><em><strong>Atletico Madrid U19 &#8211; RB Salzburg U!9 (18.00 Uhr)<\/strong><\/em><\/p>\n\n\n\n<p><img loading=\"lazy\" decoding=\"async\" width=\"10\" height=\"21\" class=\"wp-image-3656\" style=\"width: 10px;\" src=\"http:\/\/kommentatorenblog.de\/wp-content\/uploads\/2020\/09\/shure-55sh-ii-e1601485394796.jpg\" alt=\"\" srcset=\"http:\/\/kommentatorenblog.de\/wp-content\/uploads\/2020\/09\/shure-55sh-ii-e1601485394796.jpg 415w, http:\/\/kommentatorenblog.de\/wp-content\/uploads\/2020\/09\/shure-55sh-ii-e1601485394796-142x300.jpg 142w\" sizes=\"auto, (max-width: 10px) 100vw, 10px\" \/> Fabi Pavlakovic  <em> <\/em><\/p>\n\n\n\n<p>+ Finale am Montag mit Kommentator Martin Kern <\/p>\n\n\n\n<hr class=\"wp-block-separator\"\/>\n\n\n\n<p><strong>Premier League, 34. Spieltag (Sky)<\/strong><\/p>\n\n\n\n<p><span style=\"text-decoration: underline;\">Samstag, 23. April 2022 ab 13.20 Uhr<\/span><\/p>\n\n\n\n<p><strong><em>FC Arsenal &#8211; Manchester United (13.30 Uhr)<\/em><\/strong><\/p>\n\n\n\n<p><img loading=\"lazy\" decoding=\"async\" width=\"10\" height=\"21\" class=\"wp-image-3656\" style=\"width: 10px;\" src=\"http:\/\/kommentatorenblog.de\/wp-content\/uploads\/2020\/09\/shure-55sh-ii-e1601485394796.jpg\" alt=\"\" srcset=\"http:\/\/kommentatorenblog.de\/wp-content\/uploads\/2020\/09\/shure-55sh-ii-e1601485394796.jpg 415w, http:\/\/kommentatorenblog.de\/wp-content\/uploads\/2020\/09\/shure-55sh-ii-e1601485394796-142x300.jpg 142w\" sizes=\"auto, (max-width: 10px) 100vw, 10px\" \/> Hannes Hermann <\/p>\n\n\n\n<p>Reporter vor Ort: Uli Hebel <\/p>\n\n\n\n<p><span style=\"text-decoration: underline;\">ab 15.50 Uhr<\/span><\/p>\n\n\n\n<p><strong><em>Manchester City &#8211; FC Watford (16.00 Uhr)<\/em><\/strong><\/p>\n\n\n\n<p><img loading=\"lazy\" decoding=\"async\" width=\"10\" height=\"21\" class=\"wp-image-3656\" style=\"width: 10px;\" src=\"http:\/\/kommentatorenblog.de\/wp-content\/uploads\/2020\/09\/shure-55sh-ii-e1601485394796.jpg\" alt=\"\" srcset=\"http:\/\/kommentatorenblog.de\/wp-content\/uploads\/2020\/09\/shure-55sh-ii-e1601485394796.jpg 415w, http:\/\/kommentatorenblog.de\/wp-content\/uploads\/2020\/09\/shure-55sh-ii-e1601485394796-142x300.jpg 142w\" sizes=\"auto, (max-width: 10px) 100vw, 10px\" \/> Sven Schr\u00f6ter<\/p>\n\n\n\n<p><strong><em>Norwich City &#8211; Newcastle United (16.00 Uhr)<\/em><\/strong><\/p>\n\n\n\n<p><img loading=\"lazy\" decoding=\"async\" width=\"10\" height=\"21\" class=\"wp-image-3656\" style=\"width: 10px;\" src=\"http:\/\/kommentatorenblog.de\/wp-content\/uploads\/2020\/09\/shure-55sh-ii-e1601485394796.jpg\" alt=\"\" srcset=\"http:\/\/kommentatorenblog.de\/wp-content\/uploads\/2020\/09\/shure-55sh-ii-e1601485394796.jpg 415w, http:\/\/kommentatorenblog.de\/wp-content\/uploads\/2020\/09\/shure-55sh-ii-e1601485394796-142x300.jpg 142w\" sizes=\"auto, (max-width: 10px) 100vw, 10px\" \/> Paul H\u00e4user<\/p>\n\n\n\n<p><span style=\"text-decoration: underline;\">ab 18.20 Uhr<\/span><\/p>\n\n\n\n<p><strong><em>FC Brentford &#8211; Tottenham Hotspur (18.20 Uhr)<\/em><\/strong><\/p>\n\n\n\n<p><img loading=\"lazy\" decoding=\"async\" width=\"10\" height=\"21\" class=\"wp-image-3656\" style=\"width: 10px;\" src=\"http:\/\/kommentatorenblog.de\/wp-content\/uploads\/2020\/09\/shure-55sh-ii-e1601485394796.jpg\" alt=\"\" srcset=\"http:\/\/kommentatorenblog.de\/wp-content\/uploads\/2020\/09\/shure-55sh-ii-e1601485394796.jpg 415w, http:\/\/kommentatorenblog.de\/wp-content\/uploads\/2020\/09\/shure-55sh-ii-e1601485394796-142x300.jpg 142w\" sizes=\"auto, (max-width: 10px) 100vw, 10px\" \/> Joachim Hebel <\/p>\n\n\n\n<p><span style=\"text-decoration: underline;\">Sonntag, 24. April 2022 ab 14.50 Uhr<\/span><\/p>\n\n\n\n<p><strong><em>FC Chelsea &#8211; West Ham United (15.00 Uhr)<\/em><\/strong><\/p>\n\n\n\n<p><img loading=\"lazy\" decoding=\"async\" width=\"10\" height=\"21\" class=\"wp-image-3656\" style=\"width: 10px;\" src=\"http:\/\/kommentatorenblog.de\/wp-content\/uploads\/2020\/09\/shure-55sh-ii-e1601485394796.jpg\" alt=\"\" srcset=\"http:\/\/kommentatorenblog.de\/wp-content\/uploads\/2020\/09\/shure-55sh-ii-e1601485394796.jpg 415w, http:\/\/kommentatorenblog.de\/wp-content\/uploads\/2020\/09\/shure-55sh-ii-e1601485394796-142x300.jpg 142w\" sizes=\"auto, (max-width: 10px) 100vw, 10px\" \/> Joachim Hebel<\/p>\n\n\n\n<p><strong><em>FC Burnley &#8211; Wolverhampton Wanderers (15.00 Uhr)<\/em><\/strong><\/p>\n\n\n\n<p><img loading=\"lazy\" decoding=\"async\" width=\"10\" height=\"21\" class=\"wp-image-3656\" style=\"width: 10px;\" src=\"http:\/\/kommentatorenblog.de\/wp-content\/uploads\/2020\/09\/shure-55sh-ii-e1601485394796.jpg\" alt=\"\" srcset=\"http:\/\/kommentatorenblog.de\/wp-content\/uploads\/2020\/09\/shure-55sh-ii-e1601485394796.jpg 415w, http:\/\/kommentatorenblog.de\/wp-content\/uploads\/2020\/09\/shure-55sh-ii-e1601485394796-142x300.jpg 142w\" sizes=\"auto, (max-width: 10px) 100vw, 10px\" \/> Hannes Herrmann <\/p>\n\n\n\n<p><span style=\"text-decoration: underline;\">ab 17.00 Uhr<\/span><\/p>\n\n\n\n<p><em style=\"\"><b>FC <\/b><\/em><strong><em>Liverpool &#8211; FC Everton (17.30 Uhr)<\/em><\/strong><\/p>\n\n\n\n<p><img loading=\"lazy\" decoding=\"async\" width=\"10\" height=\"21\" class=\"wp-image-3656\" style=\"width: 10px;\" src=\"http:\/\/kommentatorenblog.de\/wp-content\/uploads\/2020\/09\/shure-55sh-ii-e1601485394796.jpg\" alt=\"\" srcset=\"http:\/\/kommentatorenblog.de\/wp-content\/uploads\/2020\/09\/shure-55sh-ii-e1601485394796.jpg 415w, http:\/\/kommentatorenblog.de\/wp-content\/uploads\/2020\/09\/shure-55sh-ii-e1601485394796-142x300.jpg 142w\" sizes=\"auto, (max-width: 10px) 100vw, 10px\" \/> Florian Schmidt-Sommerfeld, Experten: Rene Adler &amp; Raphael Honigstein <\/p>\n\n\n\n<p><span style=\"text-decoration: underline;\">Montag, 25. April 2022 ab 20.50 Uhr<\/span><\/p>\n\n\n\n<p><strong><em>Crystal Palace &#8211; Leeds United (21.00 Uhr)<\/em><\/strong><\/p>\n\n\n\n<p><img loading=\"lazy\" decoding=\"async\" width=\"10\" height=\"21\" class=\"wp-image-3656\" style=\"width: 10px;\" src=\"http:\/\/kommentatorenblog.de\/wp-content\/uploads\/2020\/09\/shure-55sh-ii-e1601485394796.jpg\" alt=\"\" srcset=\"http:\/\/kommentatorenblog.de\/wp-content\/uploads\/2020\/09\/shure-55sh-ii-e1601485394796.jpg 415w, http:\/\/kommentatorenblog.de\/wp-content\/uploads\/2020\/09\/shure-55sh-ii-e1601485394796-142x300.jpg 142w\" sizes=\"auto, (max-width: 10px) 100vw, 10px\" \/> Marcel Meinert<\/p>\n\n\n\n<hr class=\"wp-block-separator\"\/>\n\n\n\n<p><strong>Copa del Rey, Finale (DAZN)<\/strong><\/p>\n\n\n\n<p><span style=\"text-decoration: underline;\">Samstag, 23. April 2022<\/span><\/p>\n\n\n\n<p><em><strong>Real Betis Sevilla &#8211; FC Valencia (22.00 Uhr)<\/strong><\/em><\/p>\n\n\n\n<p><img loading=\"lazy\" decoding=\"async\" width=\"10\" height=\"21\" class=\"wp-image-3656\" style=\"width: 10px;\" src=\"http:\/\/kommentatorenblog.de\/wp-content\/uploads\/2020\/09\/shure-55sh-ii-e1601485394796.jpg\" alt=\"\" srcset=\"http:\/\/kommentatorenblog.de\/wp-content\/uploads\/2020\/09\/shure-55sh-ii-e1601485394796.jpg 415w, http:\/\/kommentatorenblog.de\/wp-content\/uploads\/2020\/09\/shure-55sh-ii-e1601485394796-142x300.jpg 142w\" sizes=\"auto, (max-width: 10px) 100vw, 10px\" \/> David Ploch, Experte: Benny Lauth <\/p>\n\n\n\n<hr class=\"wp-block-separator\"\/>\n\n\n\n<p><strong>LaLiga, Nachholspiel 21. Spieltag (DAZN)<\/strong><\/p>\n\n\n\n<p><span style=\"text-decoration: underline;\">Sonntag, 24. April 2022<\/span><\/p>\n\n\n\n<p><strong><em>FC Barcelona &#8211; Rayo Vallecano (21.00 Uhr)<\/em><\/strong><\/p>\n\n\n\n<p><img loading=\"lazy\" decoding=\"async\" width=\"10\" height=\"21\" class=\"wp-image-3656\" style=\"width: 10px;\" src=\"http:\/\/kommentatorenblog.de\/wp-content\/uploads\/2020\/09\/shure-55sh-ii-e1601485394796.jpg\" alt=\"\" srcset=\"http:\/\/kommentatorenblog.de\/wp-content\/uploads\/2020\/09\/shure-55sh-ii-e1601485394796.jpg 415w, http:\/\/kommentatorenblog.de\/wp-content\/uploads\/2020\/09\/shure-55sh-ii-e1601485394796-142x300.jpg 142w\" sizes=\"auto, (max-width: 10px) 100vw, 10px\" \/> David Ploch<\/p>\n\n\n\n<hr class=\"wp-block-separator\"\/>\n\n\n\n<p><strong>Serie A, 34. Spieltag (DAZN)<\/strong><\/p>\n\n\n\n<p><span style=\"text-decoration: underline;\">Samstag, 23. April 2022 <\/span><\/p>\n\n\n\n<p><em><strong>Inter Mailand &#8211; AS Rom (18.00 Uhr)<\/strong><\/em><\/p>\n\n\n\n<p><img loading=\"lazy\" decoding=\"async\" width=\"10\" height=\"21\" class=\"wp-image-3656\" style=\"width: 10px;\" src=\"http:\/\/kommentatorenblog.de\/wp-content\/uploads\/2020\/09\/shure-55sh-ii-e1601485394796.jpg\" alt=\"\" srcset=\"http:\/\/kommentatorenblog.de\/wp-content\/uploads\/2020\/09\/shure-55sh-ii-e1601485394796.jpg 415w, http:\/\/kommentatorenblog.de\/wp-content\/uploads\/2020\/09\/shure-55sh-ii-e1601485394796-142x300.jpg 142w\" sizes=\"auto, (max-width: 10px) 100vw, 10px\" \/> Mario Rieker, Experte: Christian Bernhard <\/p>\n\n\n\n<p><span style=\"text-decoration: underline;\">Sonntag, 24. April 2022<\/span><\/p>\n\n\n\n<p><span><i style=\"font-weight: bold;\"><em><strong> <\/strong><\/em><\/i><strong><em>FC Empoli &#8211; SSC Neapel (15.00)<\/em><\/strong><\/span><\/p>\n\n\n\n<p><img loading=\"lazy\" decoding=\"async\" width=\"10\" height=\"21\" class=\"wp-image-3656\" style=\"width: 10px;\" src=\"http:\/\/kommentatorenblog.de\/wp-content\/uploads\/2020\/09\/shure-55sh-ii-e1601485394796.jpg\" alt=\"\" srcset=\"http:\/\/kommentatorenblog.de\/wp-content\/uploads\/2020\/09\/shure-55sh-ii-e1601485394796.jpg 415w, http:\/\/kommentatorenblog.de\/wp-content\/uploads\/2020\/09\/shure-55sh-ii-e1601485394796-142x300.jpg 142w\" sizes=\"auto, (max-width: 10px) 100vw, 10px\" \/> Christoph Stadtler <\/p>\n\n\n\n<p><em><strong>Lazio Rom &#8211; AC Mailand (20.45 Uhr)<\/strong><\/em><\/p>\n\n\n\n<p><img loading=\"lazy\" decoding=\"async\" width=\"10\" height=\"21\" class=\"wp-image-3656\" style=\"width: 10px;\" src=\"http:\/\/kommentatorenblog.de\/wp-content\/uploads\/2020\/09\/shure-55sh-ii-e1601485394796.jpg\" alt=\"\" srcset=\"http:\/\/kommentatorenblog.de\/wp-content\/uploads\/2020\/09\/shure-55sh-ii-e1601485394796.jpg 415w, http:\/\/kommentatorenblog.de\/wp-content\/uploads\/2020\/09\/shure-55sh-ii-e1601485394796-142x300.jpg 142w\" sizes=\"auto, (max-width: 10px) 100vw, 10px\" \/> Carsten Fu\u00df, Experte: Michael Hofmann <\/p>\n\n\n\n<p><span style=\"text-decoration: underline;\">Montag, 25. April 2022<\/span><\/p>\n\n\n\n<p><span><strong><em>Sassuolo Calcio<\/em><\/strong><strong><em> &#8211; Juventus Turin (20.45)<\/em><\/strong><\/span><\/p>\n\n\n\n<p><img loading=\"lazy\" decoding=\"async\" width=\"10\" height=\"21\" class=\"wp-image-3656\" style=\"width: 10px;\" src=\"http:\/\/kommentatorenblog.de\/wp-content\/uploads\/2020\/09\/shure-55sh-ii-e1601485394796.jpg\" alt=\"\" srcset=\"http:\/\/kommentatorenblog.de\/wp-content\/uploads\/2020\/09\/shure-55sh-ii-e1601485394796.jpg 415w, http:\/\/kommentatorenblog.de\/wp-content\/uploads\/2020\/09\/shure-55sh-ii-e1601485394796-142x300.jpg 142w\" sizes=\"auto, (max-width: 10px) 100vw, 10px\" \/> Freddie Schulz <\/p>\n\n\n\n<hr class=\"wp-block-separator\"\/>\n\n\n\n<p><strong>Ligue 1, 34. Spieltag (DAZN)<\/strong><\/p>\n\n\n\n<p><span style=\"text-decoration: underline;\">Samstag, 23. April 2022 <\/span><\/p>\n\n\n\n<p><em><strong>Paris Saint-Germain &#8211; RC Lens (21.00 Uhr)<\/strong><\/em><\/p>\n\n\n\n<p><img loading=\"lazy\" decoding=\"async\" width=\"10\" height=\"21\" class=\"wp-image-3656\" style=\"width: 10px;\" src=\"http:\/\/kommentatorenblog.de\/wp-content\/uploads\/2020\/09\/shure-55sh-ii-e1601485394796.jpg\" alt=\"\" srcset=\"http:\/\/kommentatorenblog.de\/wp-content\/uploads\/2020\/09\/shure-55sh-ii-e1601485394796.jpg 415w, http:\/\/kommentatorenblog.de\/wp-content\/uploads\/2020\/09\/shure-55sh-ii-e1601485394796-142x300.jpg 142w\" sizes=\"auto, (max-width: 10px) 100vw, 10px\" \/> Stefan Galler, Experte: Alexis Menuge <\/p>\n\n\n\n<p><span style=\"text-decoration: underline;\">Sonntag, 24. April 2022<\/span><\/p>\n\n\n\n<p><strong><em>Stade Reims &#8211; <b>Marseille<\/b> (20.45)<\/em><\/strong><\/p>\n\n\n\n<p><img loading=\"lazy\" decoding=\"async\" width=\"10\" height=\"21\" class=\"wp-image-3656\" style=\"width: 10px;\" src=\"http:\/\/kommentatorenblog.de\/wp-content\/uploads\/2020\/09\/shure-55sh-ii-e1601485394796.jpg\" alt=\"\" srcset=\"http:\/\/kommentatorenblog.de\/wp-content\/uploads\/2020\/09\/shure-55sh-ii-e1601485394796.jpg 415w, http:\/\/kommentatorenblog.de\/wp-content\/uploads\/2020\/09\/shure-55sh-ii-e1601485394796-142x300.jpg 142w\" sizes=\"auto, (max-width: 10px) 100vw, 10px\" \/> Guido H\u00fcsgen <\/p>\n\n\n\n<hr class=\"wp-block-separator\"\/>\n\n\n\n<p><strong>Internationaler Fu\u00dfball Sportdigital FUSSBALL<\/strong><\/p>\n\n\n\n<p><strong>Championship, 44. Spieltag<\/strong><\/p>\n\n\n\n<p><span style=\"text-decoration: underline;\">Freitag, 22. April 2022<\/span><\/p>\n\n\n\n<p><strong><em>Huddersfield Town &#8211; FC Barnsley (13.30 Uhr)<\/em><\/strong><\/p>\n\n\n\n<p><img loading=\"lazy\" decoding=\"async\" width=\"10\" height=\"21\" class=\"wp-image-3656\" style=\"width: 10px;\" src=\"http:\/\/kommentatorenblog.de\/wp-content\/uploads\/2020\/09\/shure-55sh-ii-e1601485394796.jpg\" alt=\"\" srcset=\"http:\/\/kommentatorenblog.de\/wp-content\/uploads\/2020\/09\/shure-55sh-ii-e1601485394796.jpg 415w, http:\/\/kommentatorenblog.de\/wp-content\/uploads\/2020\/09\/shure-55sh-ii-e1601485394796-142x300.jpg 142w\" sizes=\"auto, (max-width: 10px) 100vw, 10px\" \/> Marvin Kirsch<\/p>\n\n\n\n<p><span style=\"text-decoration: underline;\">Samstag, 23. April 2022<\/span><\/p>\n\n\n\n<p><em><strong>Luton Town <\/strong><\/em><i style=\"font-weight: bold;\">&#8211; <\/i><span><i style=\"font-weight: bold;\"><strong><em>FC Blackpool<\/em><\/strong><\/i><\/span><span><i style=\"font-weight: bold;\"><strong><em> (13.30 Uhr)<\/em><\/strong><\/i><\/span><\/p>\n\n\n\n<p><img loading=\"lazy\" decoding=\"async\" width=\"10\" height=\"21\" class=\"wp-image-3656\" style=\"width: 10px;\" src=\"http:\/\/kommentatorenblog.de\/wp-content\/uploads\/2020\/09\/shure-55sh-ii-e1601485394796.jpg\" alt=\"\" srcset=\"http:\/\/kommentatorenblog.de\/wp-content\/uploads\/2020\/09\/shure-55sh-ii-e1601485394796.jpg 415w, http:\/\/kommentatorenblog.de\/wp-content\/uploads\/2020\/09\/shure-55sh-ii-e1601485394796-142x300.jpg 142w\" sizes=\"auto, (max-width: 10px) 100vw, 10px\" \/> Arne Malsch <\/p>\n\n\n\n<p><em><strong>AFC Bournemouth &#8211; FC Fulham (16.00 Uhr)<\/strong><\/em><\/p>\n\n\n\n<p><img loading=\"lazy\" decoding=\"async\" width=\"10\" height=\"21\" class=\"wp-image-3656\" style=\"width: 10px;\" src=\"http:\/\/kommentatorenblog.de\/wp-content\/uploads\/2020\/09\/shure-55sh-ii-e1601485394796.jpg\" alt=\"\" srcset=\"http:\/\/kommentatorenblog.de\/wp-content\/uploads\/2020\/09\/shure-55sh-ii-e1601485394796.jpg 415w, http:\/\/kommentatorenblog.de\/wp-content\/uploads\/2020\/09\/shure-55sh-ii-e1601485394796-142x300.jpg 142w\" sizes=\"auto, (max-width: 10px) 100vw, 10px\" \/> Marcus Radefeld<\/p>\n\n\n\n<hr class=\"wp-block-separator\"\/>\n\n\n\n<p><strong>A-League, 25. bzw. 06. Spieltag <\/strong><\/p>\n\n\n\n<p><span style=\"text-decoration: underline;\">Freitag, 22. April 2022 <\/span><\/p>\n\n\n\n<p><strong><em>Macarthur FC &#8211; Melbourne Victory (11.45 Uhr)<\/em><\/strong><\/p>\n\n\n\n<p><img loading=\"lazy\" decoding=\"async\" width=\"10\" height=\"21\" class=\"wp-image-3656\" style=\"width: 10px;\" src=\"http:\/\/kommentatorenblog.de\/wp-content\/uploads\/2020\/09\/shure-55sh-ii-e1601485394796.jpg\" alt=\"\" srcset=\"http:\/\/kommentatorenblog.de\/wp-content\/uploads\/2020\/09\/shure-55sh-ii-e1601485394796.jpg 415w, http:\/\/kommentatorenblog.de\/wp-content\/uploads\/2020\/09\/shure-55sh-ii-e1601485394796-142x300.jpg 142w\" sizes=\"auto, (max-width: 10px) 100vw, 10px\" \/> Henrik Hinrichsen <\/p>\n\n\n\n<p><span style=\"text-decoration: underline;\">Sonntag, 24. April 2022 <\/span><\/p>\n\n\n\n<p><strong><em>Adelaide United &#8211; Perth Glory (09.05 Uhr)<\/em><\/strong><\/p>\n\n\n\n<p><img loading=\"lazy\" decoding=\"async\" width=\"10\" height=\"21\" class=\"wp-image-3656\" style=\"width: 10px;\" src=\"http:\/\/kommentatorenblog.de\/wp-content\/uploads\/2020\/09\/shure-55sh-ii-e1601485394796.jpg\" alt=\"\" srcset=\"http:\/\/kommentatorenblog.de\/wp-content\/uploads\/2020\/09\/shure-55sh-ii-e1601485394796.jpg 415w, http:\/\/kommentatorenblog.de\/wp-content\/uploads\/2020\/09\/shure-55sh-ii-e1601485394796-142x300.jpg 142w\" sizes=\"auto, (max-width: 10px) 100vw, 10px\" \/> Jakob Vogel <\/p>\n\n\n\n<hr class=\"wp-block-separator\"\/>\n\n\n\n<p><strong>Eredivisie, 30. Spieltag <\/strong><\/p>\n\n\n\n<p><span style=\"text-decoration: underline;\">Samstag, 23. April 2022<\/span><\/p>\n\n\n\n<p><em><strong>NEC Nijmegen &#8211; Ajax Amsterdam (16.30 Uhr)<\/strong><\/em><\/p>\n\n\n\n<p><img loading=\"lazy\" decoding=\"async\" width=\"10\" height=\"21\" class=\"wp-image-3656\" style=\"width: 10px;\" src=\"http:\/\/kommentatorenblog.de\/wp-content\/uploads\/2020\/09\/shure-55sh-ii-e1601485394796.jpg\" alt=\"\" srcset=\"http:\/\/kommentatorenblog.de\/wp-content\/uploads\/2020\/09\/shure-55sh-ii-e1601485394796.jpg 415w, http:\/\/kommentatorenblog.de\/wp-content\/uploads\/2020\/09\/shure-55sh-ii-e1601485394796-142x300.jpg 142w\" sizes=\"auto, (max-width: 10px) 100vw, 10px\" \/> Christian Blunck <\/p>\n\n\n\n<p><em><strong>SC Cambuur-Leeuwarden &#8211; PSV Eindhoven (16.30 Uhr)<\/strong><\/em><\/p>\n\n\n\n<p><img loading=\"lazy\" decoding=\"async\" width=\"10\" height=\"21\" class=\"wp-image-3656\" style=\"width: 10px;\" src=\"http:\/\/kommentatorenblog.de\/wp-content\/uploads\/2020\/09\/shure-55sh-ii-e1601485394796.jpg\" alt=\"\" srcset=\"http:\/\/kommentatorenblog.de\/wp-content\/uploads\/2020\/09\/shure-55sh-ii-e1601485394796.jpg 415w, http:\/\/kommentatorenblog.de\/wp-content\/uploads\/2020\/09\/shure-55sh-ii-e1601485394796-142x300.jpg 142w\" sizes=\"auto, (max-width: 10px) 100vw, 10px\" \/> Karsten Linke <\/p>\n\n\n\n<p><span style=\"text-decoration: underline;\">Sonntag, 24. April 2022 <\/span><\/p>\n\n\n\n<p><strong><em>Feyenoord Rotterdam &#8211; FC Utrecht (14.30Uhr)<\/em><\/strong><\/p>\n\n\n\n<p><img loading=\"lazy\" decoding=\"async\" width=\"10\" height=\"21\" class=\"wp-image-3656\" style=\"width: 10px;\" src=\"http:\/\/kommentatorenblog.de\/wp-content\/uploads\/2020\/09\/shure-55sh-ii-e1601485394796.jpg\" alt=\"\" srcset=\"http:\/\/kommentatorenblog.de\/wp-content\/uploads\/2020\/09\/shure-55sh-ii-e1601485394796.jpg 415w, http:\/\/kommentatorenblog.de\/wp-content\/uploads\/2020\/09\/shure-55sh-ii-e1601485394796-142x300.jpg 142w\" sizes=\"auto, (max-width: 10px) 100vw, 10px\" \/> Karsten Linke <\/p>\n\n\n\n<hr class=\"wp-block-separator\"\/>\n\n\n\n<p><strong>Primeira Liga, 31. Spieltag<\/strong><\/p>\n\n\n\n<p><span style=\"text-decoration: underline;\">Samstag, 23. April 2022<\/span><\/p>\n\n\n\n<p><em><strong>Benfica Lissabon &#8211; <\/strong><\/em><strong><em>FC Famalicao (19.00 Uhr)<\/em><\/strong><\/p>\n\n\n\n<p><img loading=\"lazy\" decoding=\"async\" width=\"10\" height=\"21\" class=\"wp-image-3656\" style=\"width: 10px;\" src=\"http:\/\/kommentatorenblog.de\/wp-content\/uploads\/2020\/09\/shure-55sh-ii-e1601485394796.jpg\" alt=\"\" srcset=\"http:\/\/kommentatorenblog.de\/wp-content\/uploads\/2020\/09\/shure-55sh-ii-e1601485394796.jpg 415w, http:\/\/kommentatorenblog.de\/wp-content\/uploads\/2020\/09\/shure-55sh-ii-e1601485394796-142x300.jpg 142w\" sizes=\"auto, (max-width: 10px) 100vw, 10px\" \/> J\u00f6rg Steiger<\/p>\n\n\n\n<p><span style=\"text-decoration: underline;\">Montag, 25. April 2022<\/span><\/p>\n\n\n\n<p><em><strong>Sporting Braga &#8211; FC Porto (19.00 Uhr)<\/strong><\/em><\/p>\n\n\n\n<p><img loading=\"lazy\" decoding=\"async\" width=\"10\" height=\"21\" class=\"wp-image-3656\" style=\"width: 10px;\" src=\"http:\/\/kommentatorenblog.de\/wp-content\/uploads\/2020\/09\/shure-55sh-ii-e1601485394796.jpg\" alt=\"\" srcset=\"http:\/\/kommentatorenblog.de\/wp-content\/uploads\/2020\/09\/shure-55sh-ii-e1601485394796.jpg 415w, http:\/\/kommentatorenblog.de\/wp-content\/uploads\/2020\/09\/shure-55sh-ii-e1601485394796-142x300.jpg 142w\" sizes=\"auto, (max-width: 10px) 100vw, 10px\" \/> Hannes Herrmann<\/p>\n\n\n\n<p><em><strong>Boavista Porto FC &#8211; Sporting Lissabon (21.30 Uhr)<\/strong><\/em><\/p>\n\n\n\n<p><img loading=\"lazy\" decoding=\"async\" width=\"10\" height=\"21\" class=\"wp-image-3656\" style=\"width: 10px;\" src=\"http:\/\/kommentatorenblog.de\/wp-content\/uploads\/2020\/09\/shure-55sh-ii-e1601485394796.jpg\" alt=\"\" srcset=\"http:\/\/kommentatorenblog.de\/wp-content\/uploads\/2020\/09\/shure-55sh-ii-e1601485394796.jpg 415w, http:\/\/kommentatorenblog.de\/wp-content\/uploads\/2020\/09\/shure-55sh-ii-e1601485394796-142x300.jpg 142w\" sizes=\"auto, (max-width: 10px) 100vw, 10px\" \/> tba <\/p>\n\n\n\n<hr class=\"wp-block-separator\"\/>\n\n\n\n<p><strong>Campionato Brasileiro, 3. Spieltag <\/strong><\/p>\n\n\n\n<p><span style=\"text-decoration: underline;\">Sonntag, 24. April 2022 <\/span><\/p>\n\n\n\n<p><strong><em>Palmeiras &#8211; Corinthians (00.00 Uhr)<\/em><\/strong><\/p>\n\n\n\n<p><img loading=\"lazy\" decoding=\"async\" width=\"10\" height=\"21\" class=\"wp-image-3656\" style=\"width: 10px;\" src=\"http:\/\/kommentatorenblog.de\/wp-content\/uploads\/2020\/09\/shure-55sh-ii-e1601485394796.jpg\" alt=\"\" srcset=\"http:\/\/kommentatorenblog.de\/wp-content\/uploads\/2020\/09\/shure-55sh-ii-e1601485394796.jpg 415w, http:\/\/kommentatorenblog.de\/wp-content\/uploads\/2020\/09\/shure-55sh-ii-e1601485394796-142x300.jpg 142w\" sizes=\"auto, (max-width: 10px) 100vw, 10px\" \/> Ulf Kahmke <\/p>\n\n\n\n<hr class=\"wp-block-separator\"\/>\n\n\n\n<p><strong>Ekstraklasa, 30. Spieltag <\/strong><\/p>\n\n\n\n<p><em><strong>Pogon Szczecin &#8211; Legia Warschau (17.30 Uhr)<\/strong><\/em><\/p>\n\n\n\n<p><img loading=\"lazy\" decoding=\"async\" width=\"10\" height=\"21\" class=\"wp-image-3656\" style=\"width: 10px;\" src=\"http:\/\/kommentatorenblog.de\/wp-content\/uploads\/2020\/09\/shure-55sh-ii-e1601485394796.jpg\" alt=\"\" srcset=\"http:\/\/kommentatorenblog.de\/wp-content\/uploads\/2020\/09\/shure-55sh-ii-e1601485394796.jpg 415w, http:\/\/kommentatorenblog.de\/wp-content\/uploads\/2020\/09\/shure-55sh-ii-e1601485394796-142x300.jpg 142w\" sizes=\"auto, (max-width: 10px) 100vw, 10px\" \/> Collin Nagel<\/p>\n\n\n\n<hr class=\"wp-block-separator\"\/>\n\n\n\n<p><strong>MLS, 9. Spieltag<\/strong><\/p>\n\n\n\n<p><span style=\"text-decoration: underline;\">Sonntag, 24. April 2022 <\/span><strong> <\/strong><\/p>\n\n\n\n<p><strong><em>Inter Miami &#8211; Atlanta United (19.25 Uhr)<\/em><\/strong><\/p>\n\n\n\n<p><img loading=\"lazy\" decoding=\"async\" width=\"10\" height=\"21\" class=\"wp-image-3656\" style=\"width: 10px;\" src=\"http:\/\/kommentatorenblog.de\/wp-content\/uploads\/2020\/09\/shure-55sh-ii-e1601485394796.jpg\" alt=\"\" srcset=\"http:\/\/kommentatorenblog.de\/wp-content\/uploads\/2020\/09\/shure-55sh-ii-e1601485394796.jpg 415w, http:\/\/kommentatorenblog.de\/wp-content\/uploads\/2020\/09\/shure-55sh-ii-e1601485394796-142x300.jpg 142w\" sizes=\"auto, (max-width: 10px) 100vw, 10px\" \/> Christian Blunck <\/p>\n\n\n\n<hr class=\"wp-block-separator\"\/>\n\n\n\n<p><strong>Copa de la Loga Profesional, 12. Spieltag <\/strong><\/p>\n\n\n\n<p><span style=\"text-decoration: underline;\">Montag, 25. April 2022 <\/span><\/p>\n\n\n\n<p><em><strong>CA River Plate &#8211; CA Tucuman (00.00 Uhr)<\/strong><\/em><\/p>\n\n\n\n<p><img loading=\"lazy\" decoding=\"async\" width=\"10\" height=\"21\" class=\"wp-image-3656\" style=\"width: 10px;\" src=\"http:\/\/kommentatorenblog.de\/wp-content\/uploads\/2020\/09\/shure-55sh-ii-e1601485394796.jpg\" alt=\"\" srcset=\"http:\/\/kommentatorenblog.de\/wp-content\/uploads\/2020\/09\/shure-55sh-ii-e1601485394796.jpg 415w, http:\/\/kommentatorenblog.de\/wp-content\/uploads\/2020\/09\/shure-55sh-ii-e1601485394796-142x300.jpg 142w\" sizes=\"auto, (max-width: 10px) 100vw, 10px\" \/> tba <\/p>\n\n\n\n<hr class=\"wp-block-separator\"\/>\n\n\n\n<p><strong>Die Analyse:<\/strong> <\/p>\n\n\n\n<p>Beginnen wollen wir die Analyse nat\u00fcrlich mit der Bundesliga. Er\u00f6ffnet wird der 31. Spieltag der Bundesliga am Freitagabend mit dem Duell Wolfsburg gegen Mainz 05. Letztes Wochenende gab es ja kein Freitagsspiel. Im Einsatz ist das Trio Wahnschaffe\/Knei\u00dfl\/Hebel aus M\u00fcnchen und Alex Schl\u00fcter als Reporter vor Ort. <\/p>\n\n\n\n<p>Weiter geht es mit dem Bundesliga Samstag. Ab 14.00 Uhr begr\u00fc\u00dft euch Michael Leopold gemeinsam mit Experte Didi Hamann zur Primetime des deutschen Fu\u00dfballs und stimmt euch auf die Spiele des Nachmittags ein. Unter anderem trifft der SC Freiburg auf die Borussia aus M\u00f6nchengladbach, kommentieren wird wie am vergangenen Wochenende Jonas Friedrich aus dem Europa-Park Stadion und Torben Hoffmann geht auf Stimmenfang. Au\u00dferdem empf\u00e4ngt RB Leipzig nach dem Halbfinale im DFB-Pokal gegen Union Berlin erneut die K\u00f6penicker, nun in der Liga. Kai Dittmann und Martin Winkler sind vor Ort. Eine gewohnte Reise gibt es f\u00fcr Marcus Lindemann und Ulli Potofski, die beiden sind nicht das erste Mal in K\u00f6ln zugegen. Ein Bundesligaspiel kommentieren darf auch mal wieder, Martin Gro\u00df. Sein letztes Spiel war am 28. Spieltag Freiburg-Bayern. Ihn verschl\u00e4gt es nach Frankfurt, begleitet wird er von Riccardo Basile. Und last but not least am Samstagnachmittag: F\u00fcrth empf\u00e4ngt Leverkusen und zudem auch J\u00fcrgen Schmitz und Katharina Kleinfeldt. <\/p>\n\n\n\n<p>Alle f\u00fcnf Spiele des Nachmittags gibt es nat\u00fcrlich auch in der Konferenz. Wie bereits vergangenes Wochenende sind Hansi K\u00fcpper und Torsten Kunde dabei. Ersterer vermeldet Tore aus Frankfurt und Kunde darf zum zweiten mal in dieser Saison die Konferenz zu einem Heimspiel von Greuther F\u00fcrth kommentieren. Zu den beiden dazu sto\u00dfen Roland Evers (SCF-BMG), der letztes Wochenende noch ein Einzelspiel kommentieren durfte, Frank Buschmann ist zur\u00fcck (RBL-FCU), hat seinen Urlaub beendet und nach knapp f\u00fcnf Monaten ohne Bundesliga ist auch Toni Tomic erstmals wieder in der Konferenz am Mikrofon und \u00fcbernimmt das Heimspiel des 1. FC K\u00f6ln. <\/p>\n\n\n\n<p>Und nun, kommen wir zum Knaller am Samstagabend:<\/p>\n\n\n\n<p>Der Klassiker steht an, und zwar in einer Konstellation, die es so bisher noch nicht gegeben hat. Erstmals kann der FC Bayern im direkten Duell gegen Borussia Dortmund die Meisterschaft klarmachen. Zudem w\u00e4re es der zehnte M\u00fcnchner Meistertitel in Folge. Sowohl f\u00fcr die Bayern als auch f\u00fcr den Dauerrivalen aus Dortmund wird dies Grund genug sein, am kommenden Samstagabend in der Allianz Arena alles in die Waagschale zu werfen. <\/p>\n\n\n\n<p>Zumal die aktuelle Saison weder den Vorstellungen des Spitzenreiters noch den des Zweitplatzierten entspricht. Das DFB-Pokal-Finale findet ohne die beiden Fu\u00dfballm\u00e4chte statt \u2013 in der Champions League sind ebenfalls beide raus. Umso bedeutender ist f\u00fcr Spieler und Fans das kommende Aufeinandertreffen zwischen dem aktuellen Meister und dem amtierenden Pokalsieger. Zudem geht es nat\u00fcrlich auch um Prestige. <\/p>\n\n\n\n<p>Ab 17.30 Uhr begr\u00fc\u00dfen Experte Lothar Matth\u00e4us, Moderator Sebastian Hellmann und Kommentator Wolff-Christoph Fuss euch aus der Allianz Arena. Field-Reporter ist, wie eigentlich auch zu erwarten, Patrick Wasserziehr. Neben der klassischen \u00dcbertragung bietet Sky die Partie auch im Tactical Feed, in einem \u201eMatchplan Spezial\u201c an. Hierbei bereitet Moderator Jan Henkel gemeinsam mit Achim Beierlorzer und Manuel Baum die Partie aus taktischer Perspektive auf und analysiert das Spielgeschehen w\u00e4hrend der 90 Minuten live.<\/p>\n\n\n\n<p>Au\u00dferdem wird auf Sky Sport Bundesliga 4 mit der Star Cam, einer automatisch schwenkbaren Kamera, das Duell der beiden Topst\u00fcrmer Robert Lewandowski und Erling Haaland in den Fokus genommen. Also viel los und viele Optionen f\u00fcr den Zuschauer beim &#8222;Deutschen Klassiker&#8220;. <\/p>\n\n\n\n<p>Der Sonntag geh\u00f6rt dann bekanntlich DAZN und dieses Wochenende auch dem Abstiegskampf. Um halb vier starten zwei Teams in den Sonntag rein die am letzten Samstag sehr entt\u00e4uscht waren. Bochum trifft auf Augsburg. Das Spiel kommt nat\u00fcrlich aus der Box, Lukas Sch\u00f6nm\u00fcller und Benny Lauth melden sich ab 15.00 Uhr, knapp eine halbe Stunde sp\u00e4ter \u00fcbernimmt dann Kommentator Marco Hagemann. Interviews in Bochum f\u00fchrt Ann-Sophie Kimmel. <\/p>\n\n\n\n<p>Zum Abschluss des 31. Spieltags gibt es dann noch das Duell des 15. gegen den 16. Hertha BSC gegen den VfB Stuttgart. Ich freue mich auf dieses Spiel, denn nicht nur die Konstellation dieser beiden Teams ist vielversprechend, weil spannend, ich freue mich auch weil die komplette DAZN-Crew sich aus dem Berliner Olympiastadion meldet. Alex Schl\u00fcter verzeichnet Einsatz Nr.2 an diesem Wochenende, Ralph Gunesch gibt seine Expertise ab, Max Siebald f\u00fchrt die Interviews und DAZNs Nr.1 Kommentator darf den Abstiegsknaller dann kommentieren. Jan Platte ist nat\u00fcrlich gemeint. <\/p>\n\n\n\n<p>2. Liga: Bremen gegen Schalke und St. Pauli gegen Darmstadt am Samstag, das h\u00f6rt sich doch gut an. <\/p>\n\n\n\n<p>Los geht es allerdings schon am Freitag, es stehen zwei nette Duelle auf dem Plan. Klaus Veltman und Joachim Hebel k\u00fcmmern sich um die Einzelspiele und Roland Evers um die Konferenz. Moderieren wird Hartmut von Kameke.<\/p>\n\n\n\n<p>Am Samstagmittag trifft dann der Tabellenf\u00fchrer FC Schalke 04 auf den Zweitplatzierten Werder Bremen. Ab 13.00 Uhr begr\u00fc\u00dft euch Yannick Erkenbrecher als Moderator aus der Veltins-Arena, kommentieren wird Oliver Seidler. Es ist das erste Mal in dieser Saison, dass ein Spiel der 2. Liga aus dem Stadion kommentiert wird, mit Ausnahme des Auftaktspiels und des Topspiels am Samstagabend. Die Spiele der Nordlichter Hamburger SV und Holstein Kiel m\u00f6chte ich nat\u00fcrlich nicht unterschlagen. Klaus Veltman bzw. Martin Weinberger kommentieren. Die Konferenz \u00fcbernimmt Markus Gaupp. <\/p>\n\n\n\n<p>Bei jenem Topspiel am Abend trifft dann der FC St. Pauli auf Darmstadt 98, ein eminent wichtiges Spiel im Aufstiegsrennen. Bei Sky gibt es nat\u00fcrlich Stefan Hempel und Torsten Mattuschka zu h\u00f6ren, bei SPORT1 hei\u00dft das Team Wosnitza\/H\u00f6hner\/Harnik\/Greve. Ihr merkt es schon, Ruth Hofmann ist ausnahmsweise nicht die Moderatorin des Topspiels am Samstagabend f\u00fcr SPORT1. <\/p>\n\n\n\n<p>Abgeschlossen wird der Spieltag dann am Sonntag mit drei weiteren Partien. Torsten Kunde und J\u00fcrgen Schmitz d\u00fcrfen nach ihrem Bundesliga-Einsatz am Tag zuvor auch noch ein 2. Liga Einzelspiel kommentieren. Die Konferenz wird Oliver Seidler mit Blick aufs N\u00fcrnberg Spiel \u00fcbernehmen. Ja, ihr fragt euch warum Seidler, da er ja tags zuvor noch auf Schalke kommentiert. Dass er dennoch nach M\u00fcnchen reisen &#8222;muss&#8220; liegt daran, da es eigentlich geplant war Schalke-Werder nicht aus dem Stadion zu \u00fcbertragen. Komplettiert werden die drei vom Einzelspielkommentator zu SCP-H96 Sven Schr\u00f6ter und Moderatorin Nele Schenker. <\/p>\n\n\n\n<p>In Liga 3 \u00fcbernimmt am Freitag Julian Engelhard die Partie von Wiesbaden gegen Aufstiegsaspirant Lautern. Am Samstag gibt es dann bei Magenta wieder eine Konferenz, kommentiert von Christian Stra\u00dfburger. Dieser wird in Steven Ruprecht von einem Experten begleitet, das d\u00fcrfte neu sein. Ansonsten kommen am Samstag bekannte Gesichter zum Einsatz, ehe am Sonntag Christian Stra\u00dfburger zu seinem zweiten Einsatz kommt. Die Partie am Montagabend \u00fcbernimmt Markus H\u00f6hner.<\/p>\n\n\n\n<p>In der Frauen-Bundesliga stehen an diesem Wochenende nur f\u00fcnf statt sechs Partien an. Der Grund ist aber nicht etwa Corona, sondern ein erfreulicher: Der VfL Wolfsburg bestreitet sein Hinspiel im Champions League Halbfinale. Dadurch, dass die W\u00f6lfinnen am Freitag spielen, musste das Ligaspiel gegen Essen verschoben werden. Dem Team von Tommy Stroot d\u00fcrfte es egal sein, so werden sie am Freitagabend im ausverkauften Camp Nou spielen. Das R\u00fcckspiel findet \u00fcbrigens erneut in der Volkswagen-Arena statt, hier waren vor gut zwei Wochen immerhin auch schon 10.000 Karten verkauft, vielleicht steigert sich ja die Anzahl der verkauften Tickets bis zum Spiel weiterhin. <\/p>\n\n\n\n<p>Nun aber zum Personal des Spiels, welches bei DAZN l\u00e4uft und auch kostenlos \u00fcber deren YouTube- Kanal zu sehen sein wird: Jan Platte kommentiert mit Expertin Julia Simic, die Moderation \u00fcbernimmt Lukas Sch\u00f6nm\u00fcller. Aus dem Camp Nou wird sich Ann- Sophie Kimmel f\u00fcr die Interviews melden.<\/p>\n\n\n\n<p>Die Bundesliga-Spiele gibt es unterdessen bei Magenta zu sehen. Die Partie von Schlusslicht Jena gegen Bayern \u00fcbernimmt Simon K\u00f6pfer<s>, zudem gibt es das Spiel auch noch bei Eurosport zu sehen.<\/s> Am Samstag darf dann Antonia Engelhardt ran, bevor am Sonntag weitere bekannte Stimmen aus der Frauen- Bundesliga ran d\u00fcrfen. Das S\u00fcdbaden- Derby im Freiburger Dreisamstadion wird am Sonntag erst um 18.00 Uhr angepfiffen, und wird neben Magenta (mit Reporter Oskar Heirler) auch von Eurosport \u00fcbertragen.<\/p>\n\n\n\n<p>Auch in den Dritten gibt es dieses Wochenende jede Menge Spiele zu sehen, insgesamt 7 \u00dcbertragungen. Die \u00dcbertragung aus der Frauen- Bundesliga (Hoffenheim-Turbine) gibt es im Stream bei sportschau.de und swr.de. Kommentatorin ist Christina Graf, es m\u00fcsste ihr 3. Spiel der TSG sein.<\/p>\n\n\n\n<p>Das Spiel der W\u00fcrzburger Kickers gegen Viktoria Berlin gibt es sowohl beim BR als auch beim RBB, dort allerdings nur auf dem Berlin-Kanal. Als Kommentator \u00fcbernimmt hier jetzt wieder Max Zobel. Des weiteren sind der NDR und SWR bei Osnabr\u00fcck-Waldhof und der WDR und MDR bei BVB II-Halle am Start.<\/p>\n\n\n\n<p>UEFA Youth League: am Freitag stehen dort zwei Spiele an. DAZN \u00fcbertragt und Martin Kern sowie Fabi Pavlakovic kommentieren. <\/p>\n\n\n\n<p>Premier League: Nachdem unter der Woche schon einige Premier League Spiele anstanden geht es am Wochenende sofort mit einigen interessanten Duellen weiter. Die Kommentatoren sind \u00fcblichen: Herrmann, Schr\u00f6ter, Jogi Hebel, Marcel Meinert, &#8222;Schmiso&#8220; und auch Paul H\u00e4user. <\/p>\n\n\n\n<p>Copa del Rey\/La Liga Nachholspiel: Ein etwas anderes Finale in der Copa del Rey steht an. Kein Real, kein Barca, kein Atletico und auch kein FC Sevilla. Real Betis trifft auf den FC Valencia. Es kommentiert nicht Jan Platte, der ja schon am Freitag und Sonntag im Einsatz ist, sondern David Ploch zusammen mit Benny Lauth. Ploch \u00fcbernimmt im \u00fcbrigen auch das Nachholspiel des FC Barcelona am Sonntag. <\/p>\n\n\n\n<p>Serie A: Es gibt vier Spiele die mit einem deutschen Kommentar versehen werden. Mario Rieker (mit Christian Bernhard), Christoph Stadtler, Carsten Fu\u00df (mit Michael Hofmann) und Freddie Schulz kommen zum Zug. <\/p>\n\n\n\n<p>Ligue 1: In Frankreichs h\u00f6chster Spielklasse wird nat\u00fcrlich das PSG-Spiel vom Duo Galler\/Menuge kommentiert. Au\u00dferdem \u00fcbernimmt Guido H\u00fcsgen den Kommentar zu Reims-Marseille. <\/p>\n\n\n\n<p>Sportdigital FUSSBALL bietet nat\u00fcrlich auch wieder Fu\u00dfball aus aller Welt an. 15 Spiele insgesamt von Freitag bis Montag. Das Personal sollte den Zusehenden durchaus bekannt sein. <\/p>\n\n\n\n<p>Sooooo, das wars auch schon wieder. Genie\u00dft das Wochenende und bleibt gesund! <\/p>\n","protected":false},"excerpt":{"rendered":"<p>N&#8217;Abend allerseits, Am Samstag steht er wieder an, der gr\u00f6\u00dftm\u00f6gliche Superlativ im deutschen Fu\u00dfball. Bayern M\u00fcnchen gegen Borussia Dortmund, genannt auch &#8222;DER KLASSIKER&#8220;. Und passend dazu m\u00f6chte ich mich heute damit besch\u00e4ftigen, ob Play-offs die L\u00f6sung f\u00fcr eine spannendare Bundesliga sind. Denn die Frage, die sich in den vergangenen Jahren immer wieder stellt: Wann gibt [&hellip;]<\/p>\n","protected":false},"author":7,"featured_media":0,"comment_status":"open","ping_status":"open","sticky":false,"template":"","format":"standard","meta":{"footnotes":""},"categories":[424],"tags":[721,49,603,163,153,216,46,404,645,263,166,725,131,256,164,57,35,615,171,421,652,165,30,119,592,356,318,89,61,331,32,155,104,25,211,726,405,543,48,723,347,69,58,605,655,315,86,93,489,59,585,491,676,31,205,488,70,43,112,503,572,243,121,67,722,95,403,700,416,130,71,320,581,279,724,330,88,634,369,113,293,94,606,108,340,84,584,45,98,222,415,498,371,394,154,28,524,673,27,33,341,252,602,24,245,87,346,402,105,289,107,196],"class_list":["post-12643","post","type-post","status-publish","format-standard","hentry","category-bundesliga-und-co","tag-achim-beierlorzer","tag-alex-schlueter","tag-alexander-kunz","tag-alexander-kuepper","tag-alexis-menuge","tag-andreas-mann","tag-anett-sattler","tag-ann-sophie-kimmel","tag-antonia-engelhardt","tag-arne-malsch","tag-benny-lauth","tag-caroline-labes","tag-carsten-fuss","tag-cedric-pick","tag-christian-bernhard","tag-christian-blunck","tag-christian-strassburger","tag-christina-graf","tag-christoph-stadtler","tag-collin-nagel","tag-daniel-flottmann","tag-david-ploch","tag-didi-hamann","tag-edgar-mielke","tag-fabian-greve","tag-fabian-pavlakovic","tag-flo-eckl","tag-florian-schmidt-sommerfeld","tag-frank-buschmann","tag-freddie-schulz","tag-gari-paubandt","tag-guido-huesgen","tag-hannes-herrmann","tag-hansi-kuepper","tag-hartmut-von-kameke","tag-henrik-hinrichsen","tag-jakob-vogel","tag-jan-henkel","tag-jan-platte","tag-jana-wosnitza","tag-joachim-hebel","tag-jonas-friedrich","tag-joerg-steiger","tag-julia-buechler","tag-julia-simic","tag-julian-engelhard","tag-juergen-schmitz","tag-kai-dittmann","tag-kamila-benschop","tag-karsten-linke","tag-katharina-kleinfeldt","tag-kevin-gerwin","tag-klaus-veltman","tag-lothar-matthaeus","tag-lukas-schoenmueller","tag-manuel-baum","tag-marcel-meinert","tag-marco-hagemann","tag-marcus-lindemann","tag-marcus-radefeld","tag-mario-bast","tag-mario-rieker","tag-markus-gaupp","tag-markus-hoehner","tag-marlon-irlbacher","tag-martin-gross","tag-martin-harnik","tag-martin-kern","tag-martin-lanig","tag-martin-piller","tag-martin-weinberger","tag-martin-winkler","tag-marvin-kirsch","tag-max-siebald","tag-max-zobel","tag-michael-hofmann","tag-michael-leopold","tag-michael-seyberth","tag-nele-schenker","tag-oliver-seidler","tag-oskar-heirler","tag-patrick-wasserziehr","tag-paul-haeuser","tag-ralph-gunesch","tag-raphael-honigstein","tag-rene-adler","tag-riccardo-basile","tag-roland-evers","tag-sebastian-hellmann","tag-sebastian-kneissl","tag-simon-koepfer","tag-sina-braun","tag-soenke-sievers","tag-stefan-fuckert","tag-stefan-galler","tag-stefan-hempel","tag-stephan-weidling","tag-steven-ruprecht","tag-sven-schroeter","tag-thomas-wagner","tag-timo-schmidtchen","tag-tobi-wahnschaffe","tag-tobias-schaefer","tag-toni-tomic","tag-torben-hoffmann","tag-torsten-kunde","tag-torsten-mattuschka","tag-ulf-kahmke","tag-uli-hebel","tag-ulli-potofski","tag-wolff-fuss","tag-yannick-erkenbrecher"],"_links":{"self":[{"href":"http:\/\/kommentatorenblog.de\/index.php?rest_route=\/wp\/v2\/posts\/12643","targetHints":{"allow":["GET"]}}],"collection":[{"href":"http:\/\/kommentatorenblog.de\/index.php?rest_route=\/wp\/v2\/posts"}],"about":[{"href":"http:\/\/kommentatorenblog.de\/index.php?rest_route=\/wp\/v2\/types\/post"}],"author":[{"embeddable":true,"href":"http:\/\/kommentatorenblog.de\/index.php?rest_route=\/wp\/v2\/users\/7"}],"replies":[{"embeddable":true,"href":"http:\/\/kommentatorenblog.de\/index.php?rest_route=%2Fwp%2Fv2%2Fcomments&post=12643"}],"version-history":[{"count":125,"href":"http:\/\/kommentatorenblog.de\/index.php?rest_route=\/wp\/v2\/posts\/12643\/revisions"}],"predecessor-version":[{"id":12804,"href":"http:\/\/kommentatorenblog.de\/index.php?rest_route=\/wp\/v2\/posts\/12643\/revisions\/12804"}],"wp:attachment":[{"href":"http:\/\/kommentatorenblog.de\/index.php?rest_route=%2Fwp%2Fv2%2Fmedia&parent=12643"}],"wp:term":[{"taxonomy":"category","embeddable":true,"href":"http:\/\/kommentatorenblog.de\/index.php?rest_route=%2Fwp%2Fv2%2Fcategories&post=12643"},{"taxonomy":"post_tag","embeddable":true,"href":"http:\/\/kommentatorenblog.de\/index.php?rest_route=%2Fwp%2Fv2%2Ftags&post=12643"}],"curies":[{"name":"wp","href":"https:\/\/api.w.org\/{rel}","templated":true}]}}