{"id":12900,"date":"2022-05-23T18:36:58","date_gmt":"2022-05-23T16:36:58","guid":{"rendered":"http:\/\/kommentatorenblog.de\/?p=12900"},"modified":"2022-05-23T19:49:21","modified_gmt":"2022-05-23T17:49:21","slug":"1259-die-entscheidung-naht","status":"publish","type":"post","link":"http:\/\/kommentatorenblog.de\/?p=12900","title":{"rendered":"1259 &#8211; Die Entscheidung naht"},"content":{"rendered":"\n<p>N\u00b4Abend allerseits,<\/p>\n\n\n\n<p>so langsam neigt sich die Saison 2021\/22 dem Ende entgegen, die meisten Entscheidungen sind bereits gefallen. Seit dem Wochenende kennen wir nun den DFB- Pokalsieger der M\u00e4nner: RB Leipzig, welcher sich in einem umk\u00e4mpften Spiel knapp im Elfmeterschie\u00dfen gegen den SC Freiburg durchsetzte. Zudem kennen wir jetzt auch den Champions League Sieger der Damen: Olympique Lyon. N\u00e4chsten Samstag finden dann die Finalspiele f\u00fcr das jeweils anderen Geschlechts statt. Um 16.45 Uhr machen die Frauen in K\u00f6ln bei der Partie Turbine Potsdam gegen den VfL Wolfsburg den Anfang, ehe dann ab 21.00 Uhr der Champions League Titel bei den Herren ausgespielt wird.<\/p>\n\n\n\n<p>Beim Thema auf und Abstieg aus den Ligen eins und zwei werden wir in dieser Woche auch schlauer sein, am Montag empf\u00e4ngt der HSV die Hertha und am Dienstag k\u00f6nnte Kaiserslautern in Dresden mit einem Sieg in die 2. Bundesliga zur\u00fcckkehren. Beide Spiele gib es wieder sowohl bei Sky und auch bei Sat1, die Ansetzungen und weitere Informationen findet ihr unten. Die Aufsteiger in die Frauen- Bundesliga sind unterdessen seit dem Wochenende bekannt: Sowohl dem SV Meppen als dem MSV Duisburg gelang der sofortige Wiederaufstieg.<\/p>\n\n\n\n<p><strong>EM der Frauen wartet<\/strong><\/p>\n\n\n\n<p>Anfang Juli steht dann bei den Frauen das Highlight der Saison an: Die Europameisterschaft in England. Am Mittwoch den 06.07 geht es los, und am 31.07 werden wir hier erfahren, wer den Titel gewonnen hat. Die 2.Liga der M\u00e4nner startet im \u00dcbrigen w\u00e4hrend der EM, am 15.07. <\/p>\n\n\n\n<p>Nun mal ein Blick auf die sportlichen Highlights in diesem Sommer, welche Abseits des Fu\u00dfballs noch so anstehen:<\/p>\n\n\n\n<p><strong>2 Mal Mini- Olympia in Deutschland<\/strong><\/p>\n\n\n\n<p>Ende Juni (24.-27.06) geht es dabei mit den Finals in Berlin los. Bei den Finals handelt es sich um diverse deutsche Meisterschaften, welche an einem Wochenende zusammen stattfinden und ausf\u00fchrlich von ARD und ZDF \u00fcbertragen werden. Bei der dritten Auflage werden in Berlin insgesamt 14 Sportarten dabei sein, darunter Schwimmen im SSE und Leichtathletik im Olympiastadion. Zeitgleich dazu gibt es auch noch (die kurzfristig angesetzten) Weltmeisterschaften im Schwimmen.<\/p>\n\n\n\n<p>Die Weltmeisterschaften in der Leichtathletik, wegen Corona auf 2022 verschoben, werden in diesem Jahr im Juli in Eugene stattfinden, aufgrund der Zeitverschiebung, finden die meisten Entscheidungen in der deutschen Nacht statt, \u00fcber die genauen \u00dcbertragungen ist uns noch nicht viel bekannt, allerdings hie\u00df es w\u00e4hrend der \u00dcbertragung des Mehrkampf- Meetings Ratingen, dass die ARD (und damit wohl auch das ZDF) umfassend in der Nacht \u00fcbertr\u00e4gt.<\/p>\n\n\n\n<p>Im August gibt es dann die Finals quasi in europ\u00e4ischer Ausgabe: Die European Championships (EC) in M\u00fcnchen. 50 Jahre nach den olympischen Spielen in M\u00fcnchen gibt es also eine Art Mini- Olympia, auch auf einigen der &#8222;alten&#8220; Wettkampfst\u00e4tten. So wird beispielsweise die Leichtathletik im Olympiastadion zu Gast sein. Weitere Sportarten sind Beachvolleyball, Radsport, Turnen, Kanu, Rudern, Tischtennis, Klettern und Triathlon. Parallel dazu gibt es auch noch die Schwimm EM in Rom, welche, ebenso wie die EC von ARD und ZDF \u00fcbertragen werden. Eventuell \u00fcbertr\u00e4gt hier auch Eurosport.<\/p>\n\n\n\n<p><strong>Tennis in Paris<\/strong><\/p>\n\n\n\n<p>Mit Blick auf weitere Sportarten sehen wir, dass im Tennis bereits ein Highlight l\u00e4uft: Die French Open haben am Sonntag mit dem Hauptfeld begonnen, live bei Eurosport zu sehen. Kurz nach den French Open steht dann nat\u00fcrlich auch wieder Wimbledon (Live bei Sky) vor der T\u00fcre, davor folgen aber gleich vier Rasenturniere in Deutschland, darunter die 500er Events in Halle (Herren) beziehungsweise Berlin (Damen). Im September gibt es dann die US Open, wieder bei Eurosport.<\/p>\n\n\n\n<p><strong>Tour de France bei M\u00e4nnern und Frauen<\/strong><\/p>\n\n\n\n<p>Im Juli steht im Radsport mit der Tour de France eine der drei gro\u00dfen Rundfahrten, und f\u00fcr viele, die Tour des Jahres, an. Gestartet wird dieses Jahr in Kopenhagen. Nach drei Tagen D\u00e4nemark geht es dann in Frankreich weiter, ehe dann am 24.07 das Finale in Paris ansteht. Die Tour wird wieder von Eurosport und auch der ARD \u00fcbertragen. Dabei steigt das Erste meist gegen 16.00 Uhr in die Berichterstattung ein (am Wochenende fr\u00fcher), davor \u00fcbertr\u00e4gt man bei one. Ende August steht dann auch die bedeutendste Rundfahrt in Deutschland, die Deutschland- Tour an, ARD und ZDF \u00fcbertragen hier im Wechsel.<\/p>\n\n\n\n<p><strong>Tour de France femmes kehrt zur\u00fcck<\/strong><\/p>\n\n\n\n<p>Bei den genannten Events handelt es sich um Veranstaltungen f\u00fcr M\u00e4nner, doch auch die Frauen auch einige Rennen vor sich. Ab Dienstag startet hier die Th\u00fcringen Rundfahrt, welche bis Sonntag gehen wird und vom MDR meist ab 15.15 Uhr \u00fcbertragen wird. Dazu gibt es ab diesem Jahr wieder eine Ausgabe der Tour de France der Frauen, welche am Schlusstag der M\u00e4nnerausgabe in Paris starten wird und dann \u00fcber acht Etappen in die Vogesen f\u00fchren wird. Eurosport hatte sich hier vor l\u00e4ngerer Zeit die TV- Rechte gesichert, vor kurzem zog dann die ARD nach, und sicherte sich Livestreaming- und Nachverwertungsrechte. Florian Na\u00df sagte w\u00e4hrend der \u00dcbertragung des Rennens Eschborn- Frankfurt, dass es \u00dcbertragungen bei one geben wird zudem gibt es Livestreams auf sportschau.de.<\/p>\n\n\n\n<p>Im Reiten steht am kommenden Sonntag wieder das deutsche Spring- und Dressurderby auf dem Programm, dazu folgen im Laufe des Sommers noch das CHIO in Aachen und die Weltmeisterschaften. Im Triathlon stehen die Ironman EMs in Hamburg (Frauen) und Frankfurt (M\u00e4nner) an. Hamburg wird zudem Ausrichter des Sprint- Triathlons sein, im Oktober geht es dann auf Hawaii bei der Langdistanz um den WM Titel f\u00fcr dieses Jahr.<\/p>\n\n\n\n<p>Und abschlie\u00dfend noch ein Blick zu den Basketballern: Dort haben die deutschen M\u00e4nner in diesem Sommer eine Heim- EM mit den Vorrundenspielen in K\u00f6ln. Die Spiele der Finalrunde werden dann in Berlin stattfinden. Aktuell liegen die Exklusivrechte noch bei Magenta, es ist aber gut vorstellbar, dass sich ein Free TV- Anbieter Sublizenzen sichert.<\/p>\n\n\n\n<p>Das war jetzt mal ein Auszug aus dem was noch diesen Sommer ansteht, welche Sportarten au\u00dferhalb des Fu\u00dfballs verfolgt ihr noch gerne und auf welches Event freut ihr euch?<\/p>\n\n\n\n<p>Nun geht aber der Blick auf die entscheidenden Spiele der n\u00e4chsten Tage.<\/p>\n\n\n\n<p><strong><em>Die Ansetzungen vom 23. Mai bis zum 26. Mai 2022<\/em><\/strong><\/p>\n\n\n\n<p><strong>Relegationsr\u00fcckspiel 1. und 2. Bundesliga<\/strong><\/p>\n\n\n\n<p><span style=\"text-decoration: underline;\"><span style=\"text-decoration: underline;\">Montag, 23. Mai 2022, <\/span> ab 19.30 Uhr (DAZN)<\/span><\/p>\n\n\n\n<p><strong><em>Hamburger SV \u2013 Hertha BSC Berlin<\/em><\/strong> <strong><em>(20.30 Uhr)<\/em><\/strong><\/p>\n\n\n\n<p style=\"font-size:18px\"><img loading=\"lazy\" decoding=\"async\" width=\"10\" height=\"21\" class=\"wp-image-3656\" style=\"width: 10px;\" src=\"http:\/\/kommentatorenblog.de\/wp-content\/uploads\/2020\/09\/shure-55sh-ii-e1601485394796.jpg\" alt=\"\" srcset=\"http:\/\/kommentatorenblog.de\/wp-content\/uploads\/2020\/09\/shure-55sh-ii-e1601485394796.jpg 415w, http:\/\/kommentatorenblog.de\/wp-content\/uploads\/2020\/09\/shure-55sh-ii-e1601485394796-142x300.jpg 142w\" sizes=\"auto, (max-width: 10px) 100vw, 10px\" \/> Sat 1: Wolff Fuss<\/p>\n\n\n\n<p style=\"font-size:18px\"><img loading=\"lazy\" decoding=\"async\" width=\"10\" height=\"21\" class=\"wp-image-3656\" style=\"width: 10px;\" src=\"http:\/\/kommentatorenblog.de\/wp-content\/uploads\/2020\/09\/shure-55sh-ii-e1601485394796.jpg\" alt=\"\" srcset=\"http:\/\/kommentatorenblog.de\/wp-content\/uploads\/2020\/09\/shure-55sh-ii-e1601485394796.jpg 415w, http:\/\/kommentatorenblog.de\/wp-content\/uploads\/2020\/09\/shure-55sh-ii-e1601485394796-142x300.jpg 142w\" sizes=\"auto, (max-width: 10px) 100vw, 10px\" \/> Sky: Oliver Seidler<\/p>\n\n\n\n<p>Moderation (Sat 1): Matthias Opdenh\u00f6vel, Experte Stefan Kuntz, Field- Reporter\/in: Andrea Kaiser, Matthias Killing<\/p>\n\n\n\n<p>Moderation (Sky): Yannick Erkenbrecher; Experte: Norbert Grudzinski;  Field- Reporter: Stefan Hempel<\/p>\n\n\n\n<p><strong>Relegationsr\u00fcckspiel 2. Bundesliga und 3. Liga<\/strong><\/p>\n\n\n\n<p><span style=\"text-decoration: underline;\"><span style=\"text-decoration: underline;\">Dienstag. 24. Mai 2022<\/span>, ab 19.30 Uhr (Sky)<\/span><\/p>\n\n\n\n<p><strong><em>Dynamo Dresden&nbsp;&#8211;&nbsp;1.FC Kaiserslautern<\/em><\/strong> <strong><em>(20.30 Uhr)<\/em><\/strong><\/p>\n\n\n\n<p style=\"font-size:18px\"><img loading=\"lazy\" decoding=\"async\" width=\"10\" height=\"21\" class=\"wp-image-3656\" style=\"width: 10px;\" src=\"http:\/\/kommentatorenblog.de\/wp-content\/uploads\/2020\/09\/shure-55sh-ii-e1601485394796.jpg\" alt=\"\" srcset=\"http:\/\/kommentatorenblog.de\/wp-content\/uploads\/2020\/09\/shure-55sh-ii-e1601485394796.jpg 415w, http:\/\/kommentatorenblog.de\/wp-content\/uploads\/2020\/09\/shure-55sh-ii-e1601485394796-142x300.jpg 142w\" sizes=\"auto, (max-width: 10px) 100vw, 10px\" \/> Sat 1: Wolff Fuss<\/p>\n\n\n\n<p><img loading=\"lazy\" decoding=\"async\" width=\"10\" height=\"21\" class=\"wp-image-3656\" style=\"width: 10px;\" src=\"http:\/\/kommentatorenblog.de\/wp-content\/uploads\/2020\/09\/shure-55sh-ii-e1601485394796.jpg\" alt=\"\" srcset=\"http:\/\/kommentatorenblog.de\/wp-content\/uploads\/2020\/09\/shure-55sh-ii-e1601485394796.jpg 415w, http:\/\/kommentatorenblog.de\/wp-content\/uploads\/2020\/09\/shure-55sh-ii-e1601485394796-142x300.jpg 142w\" sizes=\"auto, (max-width: 10px) 100vw, 10px\" \/> Sky: Stefan Hempel, Experte: Torsten Matuschka, Interviewer: Karsten Petrzika<\/p>\n\n\n\n<p>Moderation (Sat 1): Matthias Opdenh\u00f6vel, Experte Stefan Kuntz,<br><\/p>\n\n\n\n<hr class=\"wp-block-separator\"\/>\n\n\n\n<p><strong>Conference League- Finale<\/strong><\/p>\n\n\n\n<p><span style=\"text-decoration: underline;\"><span style=\"text-decoration: underline;\"><span style=\"text-decoration: underline;\">Mittwoch, 25. Mai 2022, <\/span><\/span>ab 20.15 (Nitro\/RTL+)<\/span> <\/p>\n\n\n\n<p><strong><em>AS Rom&nbsp;\u2013&nbsp;Feyenoord Rotterdam <\/em><\/strong><strong><em>(21.00 Uhr) <\/em><\/strong><\/p>\n\n\n\n<p><img loading=\"lazy\" decoding=\"async\" width=\"10\" height=\"21\" class=\"wp-image-3656\" style=\"width: 10px;\" src=\"http:\/\/kommentatorenblog.de\/wp-content\/uploads\/2020\/09\/shure-55sh-ii-e1601485394796.jpg\" alt=\"\" srcset=\"http:\/\/kommentatorenblog.de\/wp-content\/uploads\/2020\/09\/shure-55sh-ii-e1601485394796.jpg 415w, http:\/\/kommentatorenblog.de\/wp-content\/uploads\/2020\/09\/shure-55sh-ii-e1601485394796-142x300.jpg 142w\" sizes=\"auto, (max-width: 10px) 100vw, 10px\" \/> Nitro: Marco Hagemann, Experte: Steffen Freund<\/p>\n\n\n\n<p><img loading=\"lazy\" decoding=\"async\" width=\"10\" height=\"21\" class=\"wp-image-3656\" style=\"width: 10px;\" src=\"http:\/\/kommentatorenblog.de\/wp-content\/uploads\/2020\/09\/shure-55sh-ii-e1601485394796.jpg\" alt=\"\" srcset=\"http:\/\/kommentatorenblog.de\/wp-content\/uploads\/2020\/09\/shure-55sh-ii-e1601485394796.jpg 415w, http:\/\/kommentatorenblog.de\/wp-content\/uploads\/2020\/09\/shure-55sh-ii-e1601485394796-142x300.jpg 142w\" sizes=\"auto, (max-width: 10px) 100vw, 10px\" \/> RTL+: Cornelius K\u00fcpper<\/p>\n\n\n\n<p>Moderation (Nitro): Laura Papendick, Experte: Karl- Heinz Riedle<\/p>\n\n\n\n<p>Moderation (RTL+): Anna Kraft, Rober Hunke, Arnd Zeigler, Experte: Ansgar Brinkmann, Gast Thomas Keller; Reporter vor Ort: Christoph K\u00fcppers<\/p>\n\n\n\n<hr class=\"wp-block-separator\"\/>\n\n\n\n<p><strong>Internationaler Fu\u00dfball (sportdigital)<\/strong><\/p>\n\n\n\n<p><span style=\"text-decoration: underline;\">Dienstag, 24. Mai 2022, ab 15.50 Uhr<\/span> <\/p>\n\n\n\n<p>AFC Cup (3. Spieltag)<strong><em>Gokulam Kerala \u2013 Bashundhara Kings<\/em><\/strong> <strong><em>(12.55 Uhr)<\/em><\/strong><\/p>\n\n\n\n<p><img loading=\"lazy\" decoding=\"async\" width=\"10\" height=\"21\" class=\"wp-image-3656\" style=\"width: 10px;\" src=\"http:\/\/kommentatorenblog.de\/wp-content\/uploads\/2020\/09\/shure-55sh-ii-e1601485394796.jpg\" alt=\"\" srcset=\"http:\/\/kommentatorenblog.de\/wp-content\/uploads\/2020\/09\/shure-55sh-ii-e1601485394796.jpg 415w, http:\/\/kommentatorenblog.de\/wp-content\/uploads\/2020\/09\/shure-55sh-ii-e1601485394796-142x300.jpg 142w\" sizes=\"auto, (max-width: 10px) 100vw, 10px\" \/> Jakob Vogel<\/p>\n\n\n\n<p>AFC Cup (3. Spieltag) <strong><em>Dhofar Club&nbsp;\u2013&nbsp;Arabi SC (16.55 Uhr)<\/em><\/strong><\/p>\n\n\n\n<p><img loading=\"lazy\" decoding=\"async\" width=\"10\" height=\"21\" class=\"wp-image-3656\" style=\"width: 10px;\" src=\"http:\/\/kommentatorenblog.de\/wp-content\/uploads\/2020\/09\/shure-55sh-ii-e1601485394796.jpg\" alt=\"\" srcset=\"http:\/\/kommentatorenblog.de\/wp-content\/uploads\/2020\/09\/shure-55sh-ii-e1601485394796.jpg 415w, http:\/\/kommentatorenblog.de\/wp-content\/uploads\/2020\/09\/shure-55sh-ii-e1601485394796-142x300.jpg 142w\" sizes=\"auto, (max-width: 10px) 100vw, 10px\" \/> Henrik Hinrichsen<\/p>\n\n\n\n<p>AFC Cup (3.Spieltag) <em><strong>Jableh&nbsp;\u2013&nbsp;Kuwait SC<\/strong><\/em> <strong><em>(20.55 Uhr)<\/em><\/strong><\/p>\n\n\n\n<p><img loading=\"lazy\" decoding=\"async\" width=\"10\" height=\"21\" class=\"wp-image-3656\" style=\"width: 10px;\" src=\"http:\/\/kommentatorenblog.de\/wp-content\/uploads\/2020\/09\/shure-55sh-ii-e1601485394796.jpg\" alt=\"\" srcset=\"http:\/\/kommentatorenblog.de\/wp-content\/uploads\/2020\/09\/shure-55sh-ii-e1601485394796.jpg 415w, http:\/\/kommentatorenblog.de\/wp-content\/uploads\/2020\/09\/shure-55sh-ii-e1601485394796-142x300.jpg 142w\" sizes=\"auto, (max-width: 10px) 100vw, 10px\" \/> Manuel Meyer<\/p>\n\n\n\n<p><span style=\"text-decoration: underline;\">Donnerstag, 26. Mai 2022, <\/span><\/p>\n\n\n\n<p>Pokalfinale T\u00fcrkei <strong><em>Kayserispor \u2013 Sivasspor (19.30 Uhr)<\/em><\/strong><\/p>\n\n\n\n<p><img loading=\"lazy\" decoding=\"async\" width=\"10\" height=\"21\" class=\"wp-image-3656\" style=\"width: 10px;\" src=\"http:\/\/kommentatorenblog.de\/wp-content\/uploads\/2020\/09\/shure-55sh-ii-e1601485394796.jpg\" alt=\"\" srcset=\"http:\/\/kommentatorenblog.de\/wp-content\/uploads\/2020\/09\/shure-55sh-ii-e1601485394796.jpg 415w, http:\/\/kommentatorenblog.de\/wp-content\/uploads\/2020\/09\/shure-55sh-ii-e1601485394796-142x300.jpg 142w\" sizes=\"auto, (max-width: 10px) 100vw, 10px\" \/> Karsten Linke<\/p>\n\n\n\n<p>Libertadores (6. Spieltag)<strong><em>Libertad \u2013 The Strongest (23.55Uhr)<\/em><\/strong><\/p>\n\n\n\n<p><img loading=\"lazy\" decoding=\"async\" width=\"10\" height=\"21\" class=\"wp-image-3656\" style=\"width: 10px;\" src=\"http:\/\/kommentatorenblog.de\/wp-content\/uploads\/2020\/09\/shure-55sh-ii-e1601485394796.jpg\" alt=\"\" srcset=\"http:\/\/kommentatorenblog.de\/wp-content\/uploads\/2020\/09\/shure-55sh-ii-e1601485394796.jpg 415w, http:\/\/kommentatorenblog.de\/wp-content\/uploads\/2020\/09\/shure-55sh-ii-e1601485394796-142x300.jpg 142w\" sizes=\"auto, (max-width: 10px) 100vw, 10px\" \/> Ulf Kahmke<\/p>\n\n\n\n<hr class=\"wp-block-separator\"\/>\n\n\n\n<hr class=\"wp-block-separator\"\/>\n\n\n\n<p><strong>Die Analyse<\/strong><\/p>\n\n\n\n<p><strong>Gleiche Spiele, gleiche Teams bei Sat1<\/strong><\/p>\n\n\n\n<p>Die Fu\u00dfballwoche startet am Montag mit der Relegation um den Aufstieg beziehungsweise dem Verbleib in der Bundesliga, wenn der HSV die Hertha empf\u00e4ngt. Informationen zu dem Spiel findet ihr auch nochmal im Beitrag von Hannes, hier nochmal alles in K\u00fcrze: Sky wechselt sein Team einmal komplett durch, f\u00fcr Dittmann kommentiert Seidler, f\u00fcr Wasserziehr moderiert Erkenbrecher. Bei Sat1 gibt es keine Wechsel, sowohl Opdenh\u00f6vel und Fuss bleiben, mit Killing kommt ein weiterer Field- Reporter dazu.<\/p>\n\n\n\n<p>Die Sat1- Crew wird sich, wenig \u00fcberraschend auch nicht beim Relegationsspiel der 2. und 3. Liga \u00e4ndern. Auch hier \u00fcbernimmt Matthias Opdenh\u00f6vel zusammen mit Stefan Kuntz die Moderation aus dem Rudolf- Harbig Stadion in Dresden. Als Kommentator fungiert, wie gewohnt, Wolff Fuss. Auch beim Field-Reporter \u00e4ndert sich im Vergleich zum Relegations- Hinspiel nichts, diese Aufgabe \u00fcbernimmt erneut Sat1.<\/p>\n\n\n\n<p>Auch bei Sky gibt es gro\u00df keine Ver\u00e4nderungen, insgesamt kommt das Sky vor Ort- Team deutlich schlanker daher als das Team von SAT1. Als Kommentator und Experte fungieren, wie bereits die gesamte Saison bei den Topspielen, Stefan Hempel und Torsten Mattuschka. Nu dabei als Interviewer Karsten Petrzika.<\/p>\n\n\n\n<p><strong>Keine Ver\u00e4nderungen bei RTL<\/strong><\/p>\n\n\n\n<p>Am Mittwoch steht dann ein weiteres europ\u00e4isches Finale an, und zwar das, von der erstmals ausgetragenen Conference League. Hier kommt es zum Finale zwischen AS Rom und Rotterdam. Das Spiel gibt es live bei Nitro zu sehen, moderiert wird die Sendung von Laura Papendick. Das Kommentatoren- Duo bilden Hagemann\/ Freund, als das Stamm- Duo. Damit gibt es keinerlei Ver\u00e4nderungen im Vergleich zum EL- Finale. Ich h\u00e4tte mir tats\u00e4chlich mal jemand anderes als Kommentator vorstellen k\u00f6nnen, da es sich &#8222;nur&#8220; um das Conference League- Finale ohne deutsche Beteiligung handelt. Einer meiner Kandidaten ist der Kommentator von RTL+: Cornelius K\u00fcpper. RTL f\u00e4hrt also wieder zweigleisig. Das Nitro- Team meldet sich aus Tirana, das RTL+ Team um die Viererkette wird sich aus K\u00f6ln melden und sich dabei auch um den Effzeh k\u00fcmmern.<\/p>\n\n\n\n<p>Das wars f\u00fcr heute, viel Spa\u00df mit u.a. den Relegationsspielen . Am Donnerstag meldet sich dann Justin u.a. mit dem DFB- Pokal- Finale der Frauen und dem Champions League Finale der M\u00e4nner. Bis dahin habt eine ruhige, friedliche Woche!<\/p>\n","protected":false},"excerpt":{"rendered":"<p>N\u00b4Abend allerseits, so langsam neigt sich die Saison 2021\/22 dem Ende entgegen, die meisten Entscheidungen sind bereits gefallen. Seit dem Wochenende kennen wir nun den DFB- Pokalsieger der M\u00e4nner: RB Leipzig, welcher sich in einem umk\u00e4mpften Spiel knapp im Elfmeterschie\u00dfen gegen den SC Freiburg durchsetzte. Zudem kennen wir jetzt auch den Champions League Sieger der [&hellip;]<\/p>\n","protected":false},"author":10,"featured_media":0,"comment_status":"open","ping_status":"open","sticky":false,"template":"","format":"standard","meta":{"footnotes":""},"categories":[429],"tags":[583,517,668,614,91,75,43,730,101,41,113,306,22,134,28,549,151,346,107,196],"class_list":["post-12900","post","type-post","status-publish","format-standard","hentry","category-diverses","tag-andrea-kaiser","tag-anna-kraft","tag-christoph-kueppers","tag-cornelius-kuepper","tag-karsten-petrzika","tag-laura-papendick","tag-marco-hagemann","tag-matthias-killing","tag-matthias-opdenhoevel","tag-nitro","tag-oliver-seidler","tag-sat-1","tag-sky","tag-sportdigital-fussball","tag-stefan-hempel","tag-stefan-kuntz","tag-steffen-freund","tag-torsten-mattuschka","tag-wolff-fuss","tag-yannick-erkenbrecher"],"_links":{"self":[{"href":"http:\/\/kommentatorenblog.de\/index.php?rest_route=\/wp\/v2\/posts\/12900","targetHints":{"allow":["GET"]}}],"collection":[{"href":"http:\/\/kommentatorenblog.de\/index.php?rest_route=\/wp\/v2\/posts"}],"about":[{"href":"http:\/\/kommentatorenblog.de\/index.php?rest_route=\/wp\/v2\/types\/post"}],"author":[{"embeddable":true,"href":"http:\/\/kommentatorenblog.de\/index.php?rest_route=\/wp\/v2\/users\/10"}],"replies":[{"embeddable":true,"href":"http:\/\/kommentatorenblog.de\/index.php?rest_route=%2Fwp%2Fv2%2Fcomments&post=12900"}],"version-history":[{"count":24,"href":"http:\/\/kommentatorenblog.de\/index.php?rest_route=\/wp\/v2\/posts\/12900\/revisions"}],"predecessor-version":[{"id":13085,"href":"http:\/\/kommentatorenblog.de\/index.php?rest_route=\/wp\/v2\/posts\/12900\/revisions\/13085"}],"wp:attachment":[{"href":"http:\/\/kommentatorenblog.de\/index.php?rest_route=%2Fwp%2Fv2%2Fmedia&parent=12900"}],"wp:term":[{"taxonomy":"category","embeddable":true,"href":"http:\/\/kommentatorenblog.de\/index.php?rest_route=%2Fwp%2Fv2%2Fcategories&post=12900"},{"taxonomy":"post_tag","embeddable":true,"href":"http:\/\/kommentatorenblog.de\/index.php?rest_route=%2Fwp%2Fv2%2Ftags&post=12900"}],"curies":[{"name":"wp","href":"https:\/\/api.w.org\/{rel}","templated":true}]}}