{"id":12931,"date":"2022-05-12T21:19:03","date_gmt":"2022-05-12T19:19:03","guid":{"rendered":"http:\/\/kommentatorenblog.de\/?p=12931"},"modified":"2022-05-14T10:31:02","modified_gmt":"2022-05-14T08:31:02","slug":"1256-bilanz-ziehen","status":"publish","type":"post","link":"http:\/\/kommentatorenblog.de\/?p=12931","title":{"rendered":"1256 \u2013 Bilanz ziehen"},"content":{"rendered":"\n<p>N\u2019Abend allerseits,<\/p>\n\n\n\n<p>an dieser Stelle w\u00fcrde ich mich gerne als Autor vom Kommentatorenblog verabschieden. In den vergangenen Monaten musste ich bereits deutlich zur\u00fcckstecken, was die Frequenz der Eintr\u00e4ge betrifft. Und leider Gottes wird auf der Zielgeraden meines Studiums die freie Zeit nicht mehr. Daher habe ich f\u00fcr mich beschlossen, dass mit dem Abschluss dieser Bundesliga-Saison auch meine T\u00e4tigkeit in diesem Blog ein rundes Ende findet.&nbsp;<\/p>\n\n\n\n<p>Es hat mir Spa\u00df gemacht, auf dem Weg zur 2000 meinen \u201eBeitrag\u201c zu leisten. Und in den vergangenen knapp drei Jahren hier und da mal \u00fcber den Tellerrand unseres Tagesgesch\u00e4fts zu blicken und dabei Rechtevergaben, \u00dcbertragungsmodelle oder sportpolitische Themen in den Fokus zu r\u00fccken. Au\u00dferdem war es echt eine coole Zusammenarbeit mit den anderen Jungs. Ein Dank geht insbesondere raus an Leon, der mich damals mit ins Boot geholt hat. Aber auch an Nico, der den Blog seither mit sehr viel Eifer weiter betreibt.<\/p>\n\n\n\n<p>R\u00fcckblickend muss man auch sagen, dass die beiden das gerade in Zeiten, wo wir als regelm\u00e4\u00dfige Blogger nur zu dritt waren &#8211; und ich in der Tendenz auch eher wenige Eintr\u00e4ge \u00fcbernommen habe &#8211; das stark gewuppt haben. Umso sch\u00f6ner nat\u00fcrlich, dass es zuletzt im Blog einen solchen Zuwachs gab. Quantitativ sind wir jetzt n\u00e4mlich so gut aufgestellt, dass es hoffentlich gar nicht auff\u00e4llt, wenn ich mich zur\u00fcckziehe.<\/p>\n\n\n\n<p>Das soll es mit meinem kleinen Fazit auch schon gewesen sein &#8211; bevor ich in alte Muster verfalle und den Moment verpasse, mit dem Schreiben auch mal aufzuh\u00f6ren. Von Euch w\u00fcrde mich aber auch eine kleine Bilanz interessieren &#8211; und zwar zur Sportberichterstattung in der ablaufenden Saison. Was hat euch bei den TV-\u00dcbertragungen zur Bundesliga oder auch bei anderen Wettbewerben gut gefallen? Welcher Kommentator hat euch positiv \u00fcberrascht? Wer hat genervt? Packt eure Meinungen dazu gerne in die Kommentare.&nbsp;<\/p>\n\n\n\n<p>Unten findet ihr nat\u00fcrlich wie immer noch die Analyse. Ansonsten war\u2019s das von meiner Seite. Ich bedanke mich heute einmal mehr f\u00fcrs Mitlesen. Wir h\u00f6ren uns!<\/p>\n\n\n\n<p><strong><em>Die Ansetzungen vom 13. Mai bis zum 16. Mai 202<\/em><\/strong>2<\/p>\n\n\n\n<p><strong>Bundesliga, 34. Spieltag (Sky)<\/strong><\/p>\n\n\n\n<p><span style=\"text-decoration: underline;\">Samstag, 14. Mai 2022, ab 13.30 Uhr<\/span><\/p>\n\n\n\n<p><strong><em>VfL Wolfsburg <strong><em>\u2013<\/em><\/strong><\/em><\/strong> <strong><em>FC Bayern M\u00fcnchen (15.30 Uhr)<\/em><\/strong><\/p>\n\n\n\n<p class=\"has-normal-font-size\"><img loading=\"lazy\" decoding=\"async\" width=\"10\" height=\"21\" class=\"wp-image-3656\" style=\"width: 10px;\" src=\"http:\/\/kommentatorenblog.de\/wp-content\/uploads\/2020\/09\/shure-55sh-ii-e1601485394796.jpg\" alt=\"\" srcset=\"http:\/\/kommentatorenblog.de\/wp-content\/uploads\/2020\/09\/shure-55sh-ii-e1601485394796.jpg 415w, http:\/\/kommentatorenblog.de\/wp-content\/uploads\/2020\/09\/shure-55sh-ii-e1601485394796-142x300.jpg 142w\" sizes=\"auto, (max-width: 10px) 100vw, 10px\" \/> Roland Evers (Einzelspiel), Hansi K\u00fcpper (Konferenz) <\/p>\n\n\n\n<p>Field-Reporter: Jens Westen<\/p>\n\n\n\n<p><strong><em>Borussia M\u00f6nchengladbach \u2013 TSG Hoffenheim (15.30 Uhr)<\/em><\/strong><\/p>\n\n\n\n<p class=\"has-normal-font-size\"><img loading=\"lazy\" decoding=\"async\" width=\"10\" height=\"21\" class=\"wp-image-3656\" style=\"width: 10px;\" src=\"http:\/\/kommentatorenblog.de\/wp-content\/uploads\/2020\/09\/shure-55sh-ii-e1601485394796.jpg\" alt=\"\" srcset=\"http:\/\/kommentatorenblog.de\/wp-content\/uploads\/2020\/09\/shure-55sh-ii-e1601485394796.jpg 415w, http:\/\/kommentatorenblog.de\/wp-content\/uploads\/2020\/09\/shure-55sh-ii-e1601485394796-142x300.jpg 142w\" sizes=\"auto, (max-width: 10px) 100vw, 10px\" \/> Ulli Potofski (Einzelspiel), Marcel Meinert (Konferenz)<\/p>\n\n\n\n<p>Field-Reporterin: Katharina Kleinfeldt<\/p>\n\n\n\n<p><strong><em>VfB Stuttgart \u2013 1. FC K\u00f6ln&nbsp;&nbsp;(15.30 Uhr)<\/em><\/strong><\/p>\n\n\n\n<p class=\"has-normal-font-size\"><img loading=\"lazy\" decoding=\"async\" width=\"10\" height=\"21\" class=\"wp-image-3656\" style=\"width: 10px;\" src=\"http:\/\/kommentatorenblog.de\/wp-content\/uploads\/2020\/09\/shure-55sh-ii-e1601485394796.jpg\" alt=\"\" srcset=\"http:\/\/kommentatorenblog.de\/wp-content\/uploads\/2020\/09\/shure-55sh-ii-e1601485394796.jpg 415w, http:\/\/kommentatorenblog.de\/wp-content\/uploads\/2020\/09\/shure-55sh-ii-e1601485394796-142x300.jpg 142w\" sizes=\"auto, (max-width: 10px) 100vw, 10px\" \/>  Wolff Fuss (Einzelspiel), Kai Dittmann (Konferenz)<\/p>\n\n\n\n<p>Field-Reporter: Patrick Wasserziehr<\/p>\n\n\n\n<p><strong><em><strong><em>Arminia Bielefeld<\/em><\/strong> <strong><em><strong><em><strong><em>\u2013<\/em><\/strong>&nbsp;RB Leipzig<\/em><\/strong><\/em><\/strong> <strong><em>(15.30 Uhr)<\/em><\/strong><\/em><\/strong><\/p>\n\n\n\n<p class=\"has-normal-font-size\"><img loading=\"lazy\" decoding=\"async\" width=\"10\" height=\"21\" class=\"wp-image-3656\" style=\"width: 10px;\" src=\"http:\/\/kommentatorenblog.de\/wp-content\/uploads\/2020\/09\/shure-55sh-ii-e1601485394796.jpg\" alt=\"\" srcset=\"http:\/\/kommentatorenblog.de\/wp-content\/uploads\/2020\/09\/shure-55sh-ii-e1601485394796.jpg 415w, http:\/\/kommentatorenblog.de\/wp-content\/uploads\/2020\/09\/shure-55sh-ii-e1601485394796-142x300.jpg 142w\" sizes=\"auto, (max-width: 10px) 100vw, 10px\" \/> Oliver Seidler (Einzelspiel), Jonas Friedrich (Konferenz)<\/p>\n\n\n\n<p>Field-Reporter: Dirk gro\u00dfe Schlarmann<\/p>\n\n\n\n<p><strong><em><strong><em>Borussia Dortmund <strong><em>\u2013<\/em><\/strong>&nbsp;Hertha BSC<\/em><\/strong>&nbsp;(15.30 Uhr)<\/em><\/strong><\/p>\n\n\n\n<p class=\"has-normal-font-size\"><img loading=\"lazy\" decoding=\"async\" width=\"10\" height=\"21\" class=\"wp-image-3656\" style=\"width: 10px;\" src=\"http:\/\/kommentatorenblog.de\/wp-content\/uploads\/2020\/09\/shure-55sh-ii-e1601485394796.jpg\" alt=\"\" srcset=\"http:\/\/kommentatorenblog.de\/wp-content\/uploads\/2020\/09\/shure-55sh-ii-e1601485394796.jpg 415w, http:\/\/kommentatorenblog.de\/wp-content\/uploads\/2020\/09\/shure-55sh-ii-e1601485394796-142x300.jpg 142w\" sizes=\"auto, (max-width: 10px) 100vw, 10px\" \/> Marcus Lindemann (Einzelspiel), Toni Tomic (Konferenz)<\/p>\n\n\n\n<p>Field-Reporter: Michael Leopold<\/p>\n\n\n\n<p><strong><em><strong><em>1. FC Union Berlin <strong><em>\u2013<\/em><\/strong>&nbsp;VfL Bochum<\/em><\/strong><\/em><\/strong> <strong><em>(15.30 Uhr)<\/em><\/strong><\/p>\n\n\n\n<p class=\"has-normal-font-size\"><img loading=\"lazy\" decoding=\"async\" width=\"10\" height=\"21\" class=\"wp-image-3656\" style=\"width: 10px;\" src=\"http:\/\/kommentatorenblog.de\/wp-content\/uploads\/2020\/09\/shure-55sh-ii-e1601485394796.jpg\" alt=\"\" srcset=\"http:\/\/kommentatorenblog.de\/wp-content\/uploads\/2020\/09\/shure-55sh-ii-e1601485394796.jpg 415w, http:\/\/kommentatorenblog.de\/wp-content\/uploads\/2020\/09\/shure-55sh-ii-e1601485394796-142x300.jpg 142w\" sizes=\"auto, (max-width: 10px) 100vw, 10px\" \/> Torsten Kunde (Einzelspiel), Florian Schmidt-Sommerfeld (Konferenz) <\/p>\n\n\n\n<p>Field-Reporter: Karsten Petrzika<\/p>\n\n\n\n<p><strong><em> 1. FSV Mainz 05 <strong><em><strong><em>\u2013<\/em><\/strong><\/em><\/strong><\/em><\/strong> <strong><em><strong><em>Eintracht Frankfurt<\/em><\/strong> (15.30 Uhr)<\/em><\/strong><\/p>\n\n\n\n<p class=\"has-normal-font-size\"><img loading=\"lazy\" decoding=\"async\" width=\"10\" height=\"21\" class=\"wp-image-3656\" style=\"width: 10px;\" src=\"http:\/\/kommentatorenblog.de\/wp-content\/uploads\/2020\/09\/shure-55sh-ii-e1601485394796.jpg\" alt=\"\" srcset=\"http:\/\/kommentatorenblog.de\/wp-content\/uploads\/2020\/09\/shure-55sh-ii-e1601485394796.jpg 415w, http:\/\/kommentatorenblog.de\/wp-content\/uploads\/2020\/09\/shure-55sh-ii-e1601485394796-142x300.jpg 142w\" sizes=\"auto, (max-width: 10px) 100vw, 10px\" \/> Klaus Veltman (Einzelspiel), Markus G\u00f6tz (Konferenz) <\/p>\n\n\n\n<p>Field-Reporter: Stefan Hempel<\/p>\n\n\n\n<p><strong><em>Bayer 04 Leverkusen <strong><em>\u2013<\/em><\/strong>&nbsp;SC Freiburg (15.30 Uhr)<\/em><\/strong><\/p>\n\n\n\n<p class=\"has-normal-font-size\"><img loading=\"lazy\" decoding=\"async\" width=\"10\" height=\"21\" class=\"wp-image-3656\" style=\"width: 10px;\" src=\"http:\/\/kommentatorenblog.de\/wp-content\/uploads\/2020\/09\/shure-55sh-ii-e1601485394796.jpg\" alt=\"\" srcset=\"http:\/\/kommentatorenblog.de\/wp-content\/uploads\/2020\/09\/shure-55sh-ii-e1601485394796.jpg 415w, http:\/\/kommentatorenblog.de\/wp-content\/uploads\/2020\/09\/shure-55sh-ii-e1601485394796-142x300.jpg 142w\" sizes=\"auto, (max-width: 10px) 100vw, 10px\" \/>  Martin Gro\u00df (Einzelspiel), Frank Buschmann (Konferenz) <\/p>\n\n\n\n<p>Field-Reporter: Sebastian Hellmann, Experte: Lothar Matth\u00e4us<\/p>\n\n\n\n<p><strong><em>FC Augsburg <strong><em>\u2013<\/em><\/strong>&nbsp;SpVgg Greuther F\u00fcrth (15.30 Uhr)<\/em><\/strong><\/p>\n\n\n\n<p class=\"has-normal-font-size\"><img loading=\"lazy\" decoding=\"async\" width=\"10\" height=\"21\" class=\"wp-image-3656\" style=\"width: 10px;\" src=\"http:\/\/kommentatorenblog.de\/wp-content\/uploads\/2020\/09\/shure-55sh-ii-e1601485394796.jpg\" alt=\"\" srcset=\"http:\/\/kommentatorenblog.de\/wp-content\/uploads\/2020\/09\/shure-55sh-ii-e1601485394796.jpg 415w, http:\/\/kommentatorenblog.de\/wp-content\/uploads\/2020\/09\/shure-55sh-ii-e1601485394796-142x300.jpg 142w\" sizes=\"auto, (max-width: 10px) 100vw, 10px\" \/>  Markus Gaupp (Einzelspiel), Sven Schr\u00f6ter (Konferenz) <\/p>\n\n\n\n<p>Field-Reporterin: Viola Weiss<\/p>\n\n\n\n<p>Moderation: Britta Hofmann, Experten: Didi Hamann und Erik Meijer<\/p>\n\n\n\n<hr class=\"wp-block-separator\"\/>\n\n\n\n<p><strong>2<\/strong>. <strong>Bundesliga, 34. Spieltag<\/strong> <strong>(Sky)<\/strong><\/p>\n\n\n\n<p><span style=\"text-decoration: underline;\">Sonntag, 15. Mai 2022, ab 14.30 Uhr<\/span><\/p>\n\n\n\n<p><strong><em>SV Werder Bremen \u2013 SSV Jahn Regensburg (15.30 Uhr) <\/em><\/strong><\/p>\n\n\n\n<p><img loading=\"lazy\" decoding=\"async\" width=\"10\" height=\"21\" class=\"wp-image-3656\" style=\"width: 10px;\" src=\"http:\/\/kommentatorenblog.de\/wp-content\/uploads\/2020\/09\/shure-55sh-ii-e1601485394796.jpg\" alt=\"\" srcset=\"http:\/\/kommentatorenblog.de\/wp-content\/uploads\/2020\/09\/shure-55sh-ii-e1601485394796.jpg 415w, http:\/\/kommentatorenblog.de\/wp-content\/uploads\/2020\/09\/shure-55sh-ii-e1601485394796-142x300.jpg 142w\" sizes=\"auto, (max-width: 10px) 100vw, 10px\" \/> Oliver Seidler (Einzelspiel), Frank Buschmann (Konferenz) <\/p>\n\n\n\n<p>Field-Reporterin: Nele Schenker<\/p>\n\n\n\n<p><strong><em>FC Hansa Rostock \u2013 Hamburger SV (15.30 Uhr) <\/em><\/strong><\/p>\n\n\n\n<p><img loading=\"lazy\" decoding=\"async\" width=\"10\" height=\"21\" class=\"wp-image-3656\" style=\"width: 10px;\" src=\"http:\/\/kommentatorenblog.de\/wp-content\/uploads\/2020\/09\/shure-55sh-ii-e1601485394796.jpg\" alt=\"\" srcset=\"http:\/\/kommentatorenblog.de\/wp-content\/uploads\/2020\/09\/shure-55sh-ii-e1601485394796.jpg 415w, http:\/\/kommentatorenblog.de\/wp-content\/uploads\/2020\/09\/shure-55sh-ii-e1601485394796-142x300.jpg 142w\" sizes=\"auto, (max-width: 10px) 100vw, 10px\" \/> Torsten Kunde (Einzelspiel), Wolff Fuss (Konferenz) <\/p>\n\n\n\n<p>Field-Reporter: Sven T\u00f6llner<\/p>\n\n\n\n<p><strong><em> &nbsp;1. FC N\u00fcrnberg \u2013 FC Schalke 04 (15.30 Uhr) <\/em><\/strong><\/p>\n\n\n\n<p><img loading=\"lazy\" decoding=\"async\" width=\"10\" height=\"21\" class=\"wp-image-3656\" style=\"width: 10px;\" src=\"http:\/\/kommentatorenblog.de\/wp-content\/uploads\/2020\/09\/shure-55sh-ii-e1601485394796.jpg\" alt=\"\" srcset=\"http:\/\/kommentatorenblog.de\/wp-content\/uploads\/2020\/09\/shure-55sh-ii-e1601485394796.jpg 415w, http:\/\/kommentatorenblog.de\/wp-content\/uploads\/2020\/09\/shure-55sh-ii-e1601485394796-142x300.jpg 142w\" sizes=\"auto, (max-width: 10px) 100vw, 10px\" \/> Stefan Hempel (Einzelspiel), Marcel Meinert (Konferenz)<\/p>\n\n\n\n<p>Field-Reporter: Dirk gro\u00dfe Schlarmann <\/p>\n\n\n\n<p><strong><em>Hannover&nbsp;96&nbsp;\u2013&nbsp;FC Ingolstadt 04 (15.30 Uhr) <\/em><\/strong><\/p>\n\n\n\n<p><img loading=\"lazy\" decoding=\"async\" width=\"10\" height=\"21\" class=\"wp-image-3656\" style=\"width: 10px;\" src=\"http:\/\/kommentatorenblog.de\/wp-content\/uploads\/2020\/09\/shure-55sh-ii-e1601485394796.jpg\" alt=\"\" srcset=\"http:\/\/kommentatorenblog.de\/wp-content\/uploads\/2020\/09\/shure-55sh-ii-e1601485394796.jpg 415w, http:\/\/kommentatorenblog.de\/wp-content\/uploads\/2020\/09\/shure-55sh-ii-e1601485394796-142x300.jpg 142w\" sizes=\"auto, (max-width: 10px) 100vw, 10px\" \/> Flo Malburg (Einzelspiel), J\u00fcrgen Schmitz (Konferenz)<\/p>\n\n\n\n<p><strong><em>SV Sandhausen \u2013 Holstein Kiel  (15.30 Uhr) <\/em><\/strong><\/p>\n\n\n\n<p><img loading=\"lazy\" decoding=\"async\" width=\"10\" height=\"21\" class=\"wp-image-3656\" style=\"width: 10px;\" src=\"http:\/\/kommentatorenblog.de\/wp-content\/uploads\/2020\/09\/shure-55sh-ii-e1601485394796.jpg\" alt=\"\" srcset=\"http:\/\/kommentatorenblog.de\/wp-content\/uploads\/2020\/09\/shure-55sh-ii-e1601485394796.jpg 415w, http:\/\/kommentatorenblog.de\/wp-content\/uploads\/2020\/09\/shure-55sh-ii-e1601485394796-142x300.jpg 142w\" sizes=\"auto, (max-width: 10px) 100vw, 10px\" \/> Martin Weinberger (Einzelspiel), Markus Gaupp (Konferenz)<\/p>\n\n\n\n<p><strong><em>FC St. Pauli \u2013&nbsp;Fortuna D\u00fcsseldorf (15.30 Uhr) <\/em><\/strong><\/p>\n\n\n\n<p><img loading=\"lazy\" decoding=\"async\" width=\"10\" height=\"21\" class=\"wp-image-3656\" style=\"width: 10px;\" src=\"http:\/\/kommentatorenblog.de\/wp-content\/uploads\/2020\/09\/shure-55sh-ii-e1601485394796.jpg\" alt=\"\" srcset=\"http:\/\/kommentatorenblog.de\/wp-content\/uploads\/2020\/09\/shure-55sh-ii-e1601485394796.jpg 415w, http:\/\/kommentatorenblog.de\/wp-content\/uploads\/2020\/09\/shure-55sh-ii-e1601485394796-142x300.jpg 142w\" sizes=\"auto, (max-width: 10px) 100vw, 10px\" \/> Roland Evers (Einzelspiel), Hansi K\u00fcpper (Konferenz) <\/p>\n\n\n\n<p>Interviews: Schalte<\/p>\n\n\n\n<p><strong><em>Dynamo Dresden \u2013 Erzgebirge Aue&nbsp;(15.30 Uhr) <\/em><\/strong><\/p>\n\n\n\n<p><img loading=\"lazy\" decoding=\"async\" width=\"10\" height=\"21\" class=\"wp-image-3656\" style=\"width: 10px;\" src=\"http:\/\/kommentatorenblog.de\/wp-content\/uploads\/2020\/09\/shure-55sh-ii-e1601485394796.jpg\" alt=\"\" srcset=\"http:\/\/kommentatorenblog.de\/wp-content\/uploads\/2020\/09\/shure-55sh-ii-e1601485394796.jpg 415w, http:\/\/kommentatorenblog.de\/wp-content\/uploads\/2020\/09\/shure-55sh-ii-e1601485394796-142x300.jpg 142w\" sizes=\"auto, (max-width: 10px) 100vw, 10px\" \/> Heiko Mallwitz (Einzelspiel), Jaron Steiner (Konferenz)<\/p>\n\n\n\n<p><strong><em>1. FC Heidenheim \u2013 Karlsruher SC (15.30 Uhr) <\/em><\/strong><\/p>\n\n\n\n<p><img loading=\"lazy\" decoding=\"async\" width=\"10\" height=\"21\" class=\"wp-image-3656\" style=\"width: 10px;\" src=\"http:\/\/kommentatorenblog.de\/wp-content\/uploads\/2020\/09\/shure-55sh-ii-e1601485394796.jpg\" alt=\"\" srcset=\"http:\/\/kommentatorenblog.de\/wp-content\/uploads\/2020\/09\/shure-55sh-ii-e1601485394796.jpg 415w, http:\/\/kommentatorenblog.de\/wp-content\/uploads\/2020\/09\/shure-55sh-ii-e1601485394796-142x300.jpg 142w\" sizes=\"auto, (max-width: 10px) 100vw, 10px\" \/> Dominik M\u00fcller (Einzelspiel), Sven Schr\u00f6ter (Konferenz)<\/p>\n\n\n\n<p><strong><em>SV Darmstadt 98 \u2013 SC Paderborn 07 (15.30 Uhr) <\/em><\/strong><\/p>\n\n\n\n<p><img loading=\"lazy\" decoding=\"async\" width=\"10\" height=\"21\" class=\"wp-image-3656\" style=\"width: 10px;\" src=\"http:\/\/kommentatorenblog.de\/wp-content\/uploads\/2020\/09\/shure-55sh-ii-e1601485394796.jpg\" alt=\"\" srcset=\"http:\/\/kommentatorenblog.de\/wp-content\/uploads\/2020\/09\/shure-55sh-ii-e1601485394796.jpg 415w, http:\/\/kommentatorenblog.de\/wp-content\/uploads\/2020\/09\/shure-55sh-ii-e1601485394796-142x300.jpg 142w\" sizes=\"auto, (max-width: 10px) 100vw, 10px\" \/> Klaus Veltman (Einzelspiel), Jonas Friedrich (Konferenz) <\/p>\n\n\n\n<p>Field-Reporter: Hartmut von Kameke<\/p>\n\n\n\n<p>Moderation: Yannick Erkenbrecher, Experte: Torsten Mattuschka<\/p>\n\n\n\n<hr class=\"wp-block-separator\"\/>\n\n\n\n<p><strong>3. Liga, 38. Spieltag<\/strong><\/p>\n\n\n\n<p><span style=\"text-decoration: underline;\">Samstag, 14. Mai 2022, ab 13.15 Uhr (Magenta Sport)<\/span><\/p>\n\n\n\n<p><strong><em>Konferenz (13.30 Uhr)<\/em><\/strong><\/p>\n\n\n\n<p><img loading=\"lazy\" decoding=\"async\" width=\"10\" height=\"21\" class=\"wp-image-3656\" style=\"width: 10px;\" src=\"http:\/\/kommentatorenblog.de\/wp-content\/uploads\/2020\/09\/shure-55sh-ii-e1601485394796.jpg\" alt=\"\" srcset=\"http:\/\/kommentatorenblog.de\/wp-content\/uploads\/2020\/09\/shure-55sh-ii-e1601485394796.jpg 415w, http:\/\/kommentatorenblog.de\/wp-content\/uploads\/2020\/09\/shure-55sh-ii-e1601485394796-142x300.jpg 142w\" sizes=\"auto, (max-width: 10px) 100vw, 10px\" \/> Alex Klich &amp; Steven Ruprecht<\/p>\n\n\n\n<p><strong><em>VfL Osnabr\u00fcck \u2013 1. FC Magdeburg (13.30 Uhr)<\/em><\/strong><\/p>\n\n\n\n<p><img loading=\"lazy\" decoding=\"async\" width=\"10\" height=\"21\" class=\"wp-image-3656\" style=\"width: 10px;\" src=\"http:\/\/kommentatorenblog.de\/wp-content\/uploads\/2020\/09\/shure-55sh-ii-e1601485394796.jpg\" alt=\"\" srcset=\"http:\/\/kommentatorenblog.de\/wp-content\/uploads\/2020\/09\/shure-55sh-ii-e1601485394796.jpg 415w, http:\/\/kommentatorenblog.de\/wp-content\/uploads\/2020\/09\/shure-55sh-ii-e1601485394796-142x300.jpg 142w\" sizes=\"auto, (max-width: 10px) 100vw, 10px\" \/> Markus H\u00f6hner<\/p>\n\n\n\n<p>Moderation: Tobi Sch\u00e4fer<\/p>\n\n\n\n<p><strong><em>FC Viktoria Berlin \u2013 SV Meppen (13.30 Uhr)<\/em><\/strong><\/p>\n\n\n\n<p><img loading=\"lazy\" decoding=\"async\" width=\"10\" height=\"21\" class=\"wp-image-3656\" style=\"width: 10px;\" src=\"http:\/\/kommentatorenblog.de\/wp-content\/uploads\/2020\/09\/shure-55sh-ii-e1601485394796.jpg\" alt=\"\" srcset=\"http:\/\/kommentatorenblog.de\/wp-content\/uploads\/2020\/09\/shure-55sh-ii-e1601485394796.jpg 415w, http:\/\/kommentatorenblog.de\/wp-content\/uploads\/2020\/09\/shure-55sh-ii-e1601485394796-142x300.jpg 142w\" sizes=\"auto, (max-width: 10px) 100vw, 10px\" \/> Lenny Leonhardt<\/p>\n\n\n\n<p>Moderation: Anett Sattler<\/p>\n\n\n\n<p><strong><em>FSV Zwickau \u2013 FC W\u00fcrzburger Kickers (13.30 Uhr)<\/em><\/strong><\/p>\n\n\n\n<p><img loading=\"lazy\" decoding=\"async\" width=\"10\" height=\"21\" class=\"wp-image-3656\" style=\"width: 10px;\" src=\"http:\/\/kommentatorenblog.de\/wp-content\/uploads\/2020\/09\/shure-55sh-ii-e1601485394796.jpg\" alt=\"\" srcset=\"http:\/\/kommentatorenblog.de\/wp-content\/uploads\/2020\/09\/shure-55sh-ii-e1601485394796.jpg 415w, http:\/\/kommentatorenblog.de\/wp-content\/uploads\/2020\/09\/shure-55sh-ii-e1601485394796-142x300.jpg 142w\" sizes=\"auto, (max-width: 10px) 100vw, 10px\" \/> Martin Piller<\/p>\n\n\n\n<p>Moderation: Alex K\u00fcpper<\/p>\n\n\n\n<p><em><strong>Hallescher FC \u2013 SV Wehen Wiesbaden (13.30 Uhr)<\/strong><\/em><\/p>\n\n\n\n<p><img loading=\"lazy\" decoding=\"async\" width=\"10\" height=\"21\" class=\"wp-image-3656\" style=\"width: 10px;\" src=\"http:\/\/kommentatorenblog.de\/wp-content\/uploads\/2020\/09\/shure-55sh-ii-e1601485394796.jpg\" alt=\"\" srcset=\"http:\/\/kommentatorenblog.de\/wp-content\/uploads\/2020\/09\/shure-55sh-ii-e1601485394796.jpg 415w, http:\/\/kommentatorenblog.de\/wp-content\/uploads\/2020\/09\/shure-55sh-ii-e1601485394796-142x300.jpg 142w\" sizes=\"auto, (max-width: 10px) 100vw, 10px\" \/> Andreas Mann<\/p>\n\n\n\n<p>Moderation: Stefanie Blochwitz<\/p>\n\n\n\n<p><strong><em>SC Verl \u2013 MSV Duisburg (13.30 Uhr)<\/em><\/strong><\/p>\n\n\n\n<p><img loading=\"lazy\" decoding=\"async\" width=\"10\" height=\"21\" class=\"wp-image-3656\" style=\"width: 10px;\" src=\"http:\/\/kommentatorenblog.de\/wp-content\/uploads\/2020\/09\/shure-55sh-ii-e1601485394796.jpg\" alt=\"\" srcset=\"http:\/\/kommentatorenblog.de\/wp-content\/uploads\/2020\/09\/shure-55sh-ii-e1601485394796.jpg 415w, http:\/\/kommentatorenblog.de\/wp-content\/uploads\/2020\/09\/shure-55sh-ii-e1601485394796-142x300.jpg 142w\" sizes=\"auto, (max-width: 10px) 100vw, 10px\" \/> Gari Paubandt<\/p>\n\n\n\n<p>Moderation: Thomas Wagner<\/p>\n\n\n\n<p><strong><em>SV Waldhof Mannheim 07 \u2013 TSV Havelse (13.30 Uhr)<\/em><\/strong><\/p>\n\n\n\n<p><img loading=\"lazy\" decoding=\"async\" width=\"10\" height=\"21\" class=\"wp-image-3656\" style=\"width: 10px;\" src=\"http:\/\/kommentatorenblog.de\/wp-content\/uploads\/2020\/09\/shure-55sh-ii-e1601485394796.jpg\" alt=\"\" srcset=\"http:\/\/kommentatorenblog.de\/wp-content\/uploads\/2020\/09\/shure-55sh-ii-e1601485394796.jpg 415w, http:\/\/kommentatorenblog.de\/wp-content\/uploads\/2020\/09\/shure-55sh-ii-e1601485394796-142x300.jpg 142w\" sizes=\"auto, (max-width: 10px) 100vw, 10px\" \/> Stefan Fuckert<\/p>\n\n\n\n<p>Moderation: Kamila Benschop<\/p>\n\n\n\n<p><strong><em>SC Freiburg II \u2013 1. FC Saarbr\u00fccken (13.30 Uhr)<\/em><\/strong><\/p>\n\n\n\n<p><img loading=\"lazy\" decoding=\"async\" width=\"10\" height=\"21\" class=\"wp-image-3656\" style=\"width: 10px;\" src=\"http:\/\/kommentatorenblog.de\/wp-content\/uploads\/2020\/09\/shure-55sh-ii-e1601485394796.jpg\" alt=\"\" srcset=\"http:\/\/kommentatorenblog.de\/wp-content\/uploads\/2020\/09\/shure-55sh-ii-e1601485394796.jpg 415w, http:\/\/kommentatorenblog.de\/wp-content\/uploads\/2020\/09\/shure-55sh-ii-e1601485394796-142x300.jpg 142w\" sizes=\"auto, (max-width: 10px) 100vw, 10px\" \/> Mario Bast<\/p>\n\n\n\n<p>Moderation: Kevin Gerwin<\/p>\n\n\n\n<p><strong><em>1860 M\u00fcnchen \u2013 Borussia Dortmund II (13.30 Uhr)<\/em><\/strong><\/p>\n\n\n\n<p><img loading=\"lazy\" decoding=\"async\" width=\"10\" height=\"21\" class=\"wp-image-3656\" style=\"width: 10px;\" src=\"http:\/\/kommentatorenblog.de\/wp-content\/uploads\/2020\/09\/shure-55sh-ii-e1601485394796.jpg\" alt=\"\" srcset=\"http:\/\/kommentatorenblog.de\/wp-content\/uploads\/2020\/09\/shure-55sh-ii-e1601485394796.jpg 415w, http:\/\/kommentatorenblog.de\/wp-content\/uploads\/2020\/09\/shure-55sh-ii-e1601485394796-142x300.jpg 142w\" sizes=\"auto, (max-width: 10px) 100vw, 10px\" \/> Franz B\u00fcchner<\/p>\n\n\n\n<p>Moderation: Simon K\u00f6pfer<\/p>\n\n\n\n<p><span style=\"text-decoration: underline;\">ab 13.15 Uhr (Magenta Sport)\/ab 13.30 Uhr (NDR, MDR, WDR, BR)<\/span><\/p>\n\n\n\n<p><strong><em>Eintracht Braunschweig \u2013 FC Viktoria K\u00f6ln (13.30 Uhr)<\/em><\/strong><\/p>\n\n\n\n<p><img loading=\"lazy\" decoding=\"async\" width=\"10\" height=\"21\" class=\"wp-image-3656\" style=\"width: 10px;\" src=\"http:\/\/kommentatorenblog.de\/wp-content\/uploads\/2020\/09\/shure-55sh-ii-e1601485394796.jpg\" alt=\"\" srcset=\"http:\/\/kommentatorenblog.de\/wp-content\/uploads\/2020\/09\/shure-55sh-ii-e1601485394796.jpg 415w, http:\/\/kommentatorenblog.de\/wp-content\/uploads\/2020\/09\/shure-55sh-ii-e1601485394796-142x300.jpg 142w\" sizes=\"auto, (max-width: 10px) 100vw, 10px\" \/> Magenta Sport: Julian Engelhard<\/p>\n\n\n\n<p><img loading=\"lazy\" decoding=\"async\" width=\"10\" height=\"21\" class=\"wp-image-3656\" style=\"width: 10px;\" src=\"http:\/\/kommentatorenblog.de\/wp-content\/uploads\/2020\/09\/shure-55sh-ii-e1601485394796.jpg\" alt=\"\" srcset=\"http:\/\/kommentatorenblog.de\/wp-content\/uploads\/2020\/09\/shure-55sh-ii-e1601485394796.jpg 415w, http:\/\/kommentatorenblog.de\/wp-content\/uploads\/2020\/09\/shure-55sh-ii-e1601485394796-142x300.jpg 142w\" sizes=\"auto, (max-width: 10px) 100vw, 10px\" \/> NDR: Patrick Halatsch<\/p>\n\n\n\n<p><img loading=\"lazy\" decoding=\"async\" width=\"10\" height=\"21\" class=\"wp-image-3656\" style=\"width: 10px;\" src=\"http:\/\/kommentatorenblog.de\/wp-content\/uploads\/2020\/09\/shure-55sh-ii-e1601485394796.jpg\" alt=\"\" srcset=\"http:\/\/kommentatorenblog.de\/wp-content\/uploads\/2020\/09\/shure-55sh-ii-e1601485394796.jpg 415w, http:\/\/kommentatorenblog.de\/wp-content\/uploads\/2020\/09\/shure-55sh-ii-e1601485394796-142x300.jpg 142w\" sizes=\"auto, (max-width: 10px) 100vw, 10px\" \/> WDR: tba<\/p>\n\n\n\n<p>Moderation (Magenta Sport): Christian Stra\u00dfburger<\/p>\n\n\n\n<p>Moderation (NDR): Ben Wozny<\/p>\n\n\n\n<p>Moderation (WDR): tba<\/p>\n\n\n\n<p><strong><em>1860 M\u00fcnchen \u2013 Borussia Dortmund II (13.30 Uhr)<\/em><\/strong><\/p>\n\n\n\n<p><img loading=\"lazy\" decoding=\"async\" width=\"10\" height=\"21\" class=\"wp-image-3656\" style=\"width: 10px;\" src=\"http:\/\/kommentatorenblog.de\/wp-content\/uploads\/2020\/09\/shure-55sh-ii-e1601485394796.jpg\" alt=\"\" srcset=\"http:\/\/kommentatorenblog.de\/wp-content\/uploads\/2020\/09\/shure-55sh-ii-e1601485394796.jpg 415w, http:\/\/kommentatorenblog.de\/wp-content\/uploads\/2020\/09\/shure-55sh-ii-e1601485394796-142x300.jpg 142w\" sizes=\"auto, (max-width: 10px) 100vw, 10px\" \/> Magenta Sport: Franz B\u00fcchner<\/p>\n\n\n\n<p><img loading=\"lazy\" decoding=\"async\" width=\"10\" height=\"21\" class=\"wp-image-3656\" style=\"width: 10px;\" src=\"http:\/\/kommentatorenblog.de\/wp-content\/uploads\/2020\/09\/shure-55sh-ii-e1601485394796.jpg\" alt=\"\" srcset=\"http:\/\/kommentatorenblog.de\/wp-content\/uploads\/2020\/09\/shure-55sh-ii-e1601485394796.jpg 415w, http:\/\/kommentatorenblog.de\/wp-content\/uploads\/2020\/09\/shure-55sh-ii-e1601485394796-142x300.jpg 142w\" sizes=\"auto, (max-width: 10px) 100vw, 10px\" \/> BR: tba<\/p>\n\n\n\n<p>Moderation (Magenta Sport): Simon K\u00f6pfer<\/p>\n\n\n\n<p>Moderation (BR): tba<\/p>\n\n\n\n<p><strong><em>VfL Osnabr\u00fcck \u2013 1. FC Magdeburg (13.30 Uhr)<\/em><\/strong><\/p>\n\n\n\n<p><img loading=\"lazy\" decoding=\"async\" width=\"10\" height=\"21\" class=\"wp-image-3656\" style=\"width: 10px;\" src=\"http:\/\/kommentatorenblog.de\/wp-content\/uploads\/2020\/09\/shure-55sh-ii-e1601485394796.jpg\" alt=\"\" srcset=\"http:\/\/kommentatorenblog.de\/wp-content\/uploads\/2020\/09\/shure-55sh-ii-e1601485394796.jpg 415w, http:\/\/kommentatorenblog.de\/wp-content\/uploads\/2020\/09\/shure-55sh-ii-e1601485394796-142x300.jpg 142w\" sizes=\"auto, (max-width: 10px) 100vw, 10px\" \/> Magenta Sport: Markus H\u00f6hner<\/p>\n\n\n\n<p><img loading=\"lazy\" decoding=\"async\" width=\"10\" height=\"21\" class=\"wp-image-3656\" style=\"width: 10px;\" src=\"http:\/\/kommentatorenblog.de\/wp-content\/uploads\/2020\/09\/shure-55sh-ii-e1601485394796.jpg\" alt=\"\" srcset=\"http:\/\/kommentatorenblog.de\/wp-content\/uploads\/2020\/09\/shure-55sh-ii-e1601485394796.jpg 415w, http:\/\/kommentatorenblog.de\/wp-content\/uploads\/2020\/09\/shure-55sh-ii-e1601485394796-142x300.jpg 142w\" sizes=\"auto, (max-width: 10px) 100vw, 10px\" \/> MDR: tba<\/p>\n\n\n\n<p>Moderation (Magenta Sport): Tobi Sch\u00e4fer<\/p>\n\n\n\n<p>Moderation (MDR): tba<\/p>\n\n\n\n<hr class=\"wp-block-separator\"\/>\n\n\n\n<p><strong>Frauen-Bundesliga, 22. Spieltag<\/strong><\/p>\n\n\n\n<p><span style=\"text-decoration: underline;\">Sonntag, 15. Mai 2022 (Magenta Sport)<\/span><\/p>\n\n\n\n<p><strong><em>SGS Essen \u2013 FC Carl Zeiss Jena (14.00 Uhr)<\/em><\/strong><\/p>\n\n\n\n<p><img loading=\"lazy\" decoding=\"async\" width=\"10\" height=\"21\" class=\"wp-image-3656\" style=\"width: 10px;\" src=\"http:\/\/kommentatorenblog.de\/wp-content\/uploads\/2020\/09\/shure-55sh-ii-e1601485394796.jpg\" alt=\"\" srcset=\"http:\/\/kommentatorenblog.de\/wp-content\/uploads\/2020\/09\/shure-55sh-ii-e1601485394796.jpg 415w, http:\/\/kommentatorenblog.de\/wp-content\/uploads\/2020\/09\/shure-55sh-ii-e1601485394796-142x300.jpg 142w\" sizes=\"auto, (max-width: 10px) 100vw, 10px\" \/> Christian Gl\u00fcck<\/p>\n\n\n\n<p><strong><em> 1. FC K\u00f6ln \u2013 SC Freiburg (14.00 Uhr)<\/em><\/strong><\/p>\n\n\n\n<p><img loading=\"lazy\" decoding=\"async\" width=\"10\" height=\"21\" class=\"wp-image-3656\" style=\"width: 10px;\" src=\"http:\/\/kommentatorenblog.de\/wp-content\/uploads\/2020\/09\/shure-55sh-ii-e1601485394796.jpg\" alt=\"\" srcset=\"http:\/\/kommentatorenblog.de\/wp-content\/uploads\/2020\/09\/shure-55sh-ii-e1601485394796.jpg 415w, http:\/\/kommentatorenblog.de\/wp-content\/uploads\/2020\/09\/shure-55sh-ii-e1601485394796-142x300.jpg 142w\" sizes=\"auto, (max-width: 10px) 100vw, 10px\" \/> Martin Piller<\/p>\n\n\n\n<p><strong><em>Eintracht Frankfurt \u2013 SV Werder Bremen (14.00 Uhr)<\/em><\/strong><\/p>\n\n\n\n<p><img loading=\"lazy\" decoding=\"async\" width=\"10\" height=\"21\" class=\"wp-image-3656\" style=\"width: 10px;\" src=\"http:\/\/kommentatorenblog.de\/wp-content\/uploads\/2020\/09\/shure-55sh-ii-e1601485394796.jpg\" alt=\"\" srcset=\"http:\/\/kommentatorenblog.de\/wp-content\/uploads\/2020\/09\/shure-55sh-ii-e1601485394796.jpg 415w, http:\/\/kommentatorenblog.de\/wp-content\/uploads\/2020\/09\/shure-55sh-ii-e1601485394796-142x300.jpg 142w\" sizes=\"auto, (max-width: 10px) 100vw, 10px\" \/> Antonia Engelhardt<\/p>\n\n\n\n<p><strong><em>FC Bayern M\u00fcnchen \u2013 1. FFC Turbine Potsdam (14.00 Uhr)<\/em><\/strong><\/p>\n\n\n\n<p><img loading=\"lazy\" decoding=\"async\" width=\"10\" height=\"21\" class=\"wp-image-3656\" style=\"width: 10px;\" src=\"http:\/\/kommentatorenblog.de\/wp-content\/uploads\/2020\/09\/shure-55sh-ii-e1601485394796.jpg\" alt=\"\" srcset=\"http:\/\/kommentatorenblog.de\/wp-content\/uploads\/2020\/09\/shure-55sh-ii-e1601485394796.jpg 415w, http:\/\/kommentatorenblog.de\/wp-content\/uploads\/2020\/09\/shure-55sh-ii-e1601485394796-142x300.jpg 142w\" sizes=\"auto, (max-width: 10px) 100vw, 10px\" \/> Michael&nbsp;Seyberth<\/p>\n\n\n\n<p><strong><em>TSG Hoffenheim \u2013 SC Sand (14.00 Uhr)<\/em><\/strong><\/p>\n\n\n\n<p><img loading=\"lazy\" decoding=\"async\" width=\"10\" height=\"21\" class=\"wp-image-3656\" style=\"width: 10px;\" src=\"http:\/\/kommentatorenblog.de\/wp-content\/uploads\/2020\/09\/shure-55sh-ii-e1601485394796.jpg\" alt=\"\" srcset=\"http:\/\/kommentatorenblog.de\/wp-content\/uploads\/2020\/09\/shure-55sh-ii-e1601485394796.jpg 415w, http:\/\/kommentatorenblog.de\/wp-content\/uploads\/2020\/09\/shure-55sh-ii-e1601485394796-142x300.jpg 142w\" sizes=\"auto, (max-width: 10px) 100vw, 10px\" \/> Oskar Heirler<\/p>\n\n\n\n<p><strong><em>VfL Wolfsburg \u2013 Bayer 04 Leverkusen (14.00 Uhr)<\/em><\/strong><\/p>\n\n\n\n<p><img loading=\"lazy\" decoding=\"async\" width=\"10\" height=\"21\" class=\"wp-image-3656\" style=\"width: 10px;\" src=\"http:\/\/kommentatorenblog.de\/wp-content\/uploads\/2020\/09\/shure-55sh-ii-e1601485394796.jpg\" alt=\"\" srcset=\"http:\/\/kommentatorenblog.de\/wp-content\/uploads\/2020\/09\/shure-55sh-ii-e1601485394796.jpg 415w, http:\/\/kommentatorenblog.de\/wp-content\/uploads\/2020\/09\/shure-55sh-ii-e1601485394796-142x300.jpg 142w\" sizes=\"auto, (max-width: 10px) 100vw, 10px\" \/> Magenta: Alex Kunz<\/p>\n\n\n\n<p><img loading=\"lazy\" decoding=\"async\" width=\"10\" height=\"21\" class=\"wp-image-3656\" style=\"width: 10px;\" src=\"http:\/\/kommentatorenblog.de\/wp-content\/uploads\/2020\/09\/shure-55sh-ii-e1601485394796.jpg\" alt=\"\" srcset=\"http:\/\/kommentatorenblog.de\/wp-content\/uploads\/2020\/09\/shure-55sh-ii-e1601485394796.jpg 415w, http:\/\/kommentatorenblog.de\/wp-content\/uploads\/2020\/09\/shure-55sh-ii-e1601485394796-142x300.jpg 142w\" sizes=\"auto, (max-width: 10px) 100vw, 10px\" \/> NDR: Patrick Halatsch<\/p>\n\n\n\n<p>Moderation (Magenta): Cedric Pick<\/p>\n\n\n\n<p>Moderation (NDR): Ina Kast<\/p>\n\n\n\n<hr class=\"wp-block-separator\"\/>\n\n\n\n<p><strong>FA Cup, Finale (DAZN)<\/strong><\/p>\n\n\n\n<p><span style=\"text-decoration: underline;\">Samstag, 14. Mai 2022, ab 17.25 Uhr<\/span><\/p>\n\n\n\n<p><strong><em>FC Chelsea <b>\u2013<\/b> FC Liverpool (17.45 Uhr)<\/em><\/strong><\/p>\n\n\n\n<p><img loading=\"lazy\" decoding=\"async\" width=\"10\" height=\"21\" class=\"wp-image-3656\" style=\"width: 10px;\" src=\"http:\/\/kommentatorenblog.de\/wp-content\/uploads\/2020\/09\/shure-55sh-ii-e1601485394796.jpg\" alt=\"\" srcset=\"http:\/\/kommentatorenblog.de\/wp-content\/uploads\/2020\/09\/shure-55sh-ii-e1601485394796.jpg 415w, http:\/\/kommentatorenblog.de\/wp-content\/uploads\/2020\/09\/shure-55sh-ii-e1601485394796-142x300.jpg 142w\" sizes=\"auto, (max-width: 10px) 100vw, 10px\" \/> Uli Hebel, Experte: Sebastian Knei\u00dfl<\/p>\n\n\n\n<p>Moderation: Tobi Wahnschaffe<\/p>\n\n\n\n<hr class=\"wp-block-separator\"\/>\n\n\n\n<p><strong>Premier League, 37. Spieltag (Sky)<\/strong><\/p>\n\n\n\n<p><span style=\"text-decoration: underline;\">Sonntag, 15. Mai 2022, ab 12.50 Uhr<\/span><\/p>\n\n\n\n<p><em style=\"\"><b>Tottenham Hotspur \u2013&nbsp;FC Burnley<\/b><\/em><strong><em> (13.00 Uhr)<\/em><\/strong><\/p>\n\n\n\n<p><img loading=\"lazy\" decoding=\"async\" width=\"10\" height=\"21\" class=\"wp-image-3656\" style=\"width: 10px;\" src=\"http:\/\/kommentatorenblog.de\/wp-content\/uploads\/2020\/09\/shure-55sh-ii-e1601485394796.jpg\" alt=\"\" srcset=\"http:\/\/kommentatorenblog.de\/wp-content\/uploads\/2020\/09\/shure-55sh-ii-e1601485394796.jpg 415w, http:\/\/kommentatorenblog.de\/wp-content\/uploads\/2020\/09\/shure-55sh-ii-e1601485394796-142x300.jpg 142w\" sizes=\"auto, (max-width: 10px) 100vw, 10px\" \/> Hannes Herrmann<\/p>\n\n\n\n<p><span style=\"text-decoration: underline;\">ab 14.30 Uhr<\/span><\/p>\n\n\n\n<p><em style=\"\"><b>West Ham United \u2013&nbsp;Manchester City<\/b><\/em><strong><em> (15.00 Uhr)<\/em><\/strong><\/p>\n\n\n\n<p><img loading=\"lazy\" decoding=\"async\" width=\"10\" height=\"21\" class=\"wp-image-3656\" style=\"width: 10px;\" src=\"http:\/\/kommentatorenblog.de\/wp-content\/uploads\/2020\/09\/shure-55sh-ii-e1601485394796.jpg\" alt=\"\" srcset=\"http:\/\/kommentatorenblog.de\/wp-content\/uploads\/2020\/09\/shure-55sh-ii-e1601485394796.jpg 415w, http:\/\/kommentatorenblog.de\/wp-content\/uploads\/2020\/09\/shure-55sh-ii-e1601485394796-142x300.jpg 142w\" sizes=\"auto, (max-width: 10px) 100vw, 10px\" \/> Florian Schmidt-Sommerfeld, Experte: Ren\u00e9 Adler<\/p>\n\n\n\n<p>Field-Reporter: Raphael Honigstein<\/p>\n\n\n\n<p><span style=\"text-decoration: underline;\">ab 17.20 Uhr<\/span><\/p>\n\n\n\n<p><strong><em>FC Everton <b>\u2013&nbsp;<\/b>FC Brentford (17.30 Uhr)<\/em><\/strong><\/p>\n\n\n\n<p><img loading=\"lazy\" decoding=\"async\" width=\"10\" height=\"21\" class=\"wp-image-3656\" style=\"width: 10px;\" src=\"http:\/\/kommentatorenblog.de\/wp-content\/uploads\/2020\/09\/shure-55sh-ii-e1601485394796.jpg\" alt=\"\" srcset=\"http:\/\/kommentatorenblog.de\/wp-content\/uploads\/2020\/09\/shure-55sh-ii-e1601485394796.jpg 415w, http:\/\/kommentatorenblog.de\/wp-content\/uploads\/2020\/09\/shure-55sh-ii-e1601485394796-142x300.jpg 142w\" sizes=\"auto, (max-width: 10px) 100vw, 10px\" \/> Toni Tomic<\/p>\n\n\n\n<p><span style=\"text-decoration: underline;\">Montag, 16. Mai 2022, ab 20.50 Uhr<\/span><\/p>\n\n\n\n<p><strong><em>Newcastle United \u2013 FC Arsenal (17.00 Uhr)<\/em><\/strong><\/p>\n\n\n\n<p><img loading=\"lazy\" decoding=\"async\" width=\"10\" height=\"21\" class=\"wp-image-3656\" style=\"width: 10px;\" src=\"http:\/\/kommentatorenblog.de\/wp-content\/uploads\/2020\/09\/shure-55sh-ii-e1601485394796.jpg\" alt=\"\" srcset=\"http:\/\/kommentatorenblog.de\/wp-content\/uploads\/2020\/09\/shure-55sh-ii-e1601485394796.jpg 415w, http:\/\/kommentatorenblog.de\/wp-content\/uploads\/2020\/09\/shure-55sh-ii-e1601485394796-142x300.jpg 142w\" sizes=\"auto, (max-width: 10px) 100vw, 10px\" \/> Joachim Hebel<\/p>\n\n\n\n<hr class=\"wp-block-separator\"\/>\n\n\n\n<p><strong>La Liga, 37. Spieltag (DAZN)<\/strong><\/p>\n\n\n\n<p><span style=\"text-decoration: underline;\">Sonntag, 15. Mai 2022<\/span><\/p>\n\n\n\n<p><strong><em>Atl\u00e9tico Madrid \u2013 FC Sevilla (18.30 Uhr)<\/em><\/strong><\/p>\n\n\n\n<p><img loading=\"lazy\" decoding=\"async\" width=\"10\" height=\"21\" class=\"wp-image-3656\" style=\"width: 10px;\" src=\"http:\/\/kommentatorenblog.de\/wp-content\/uploads\/2020\/09\/shure-55sh-ii-e1601485394796.jpg\" alt=\"\" srcset=\"http:\/\/kommentatorenblog.de\/wp-content\/uploads\/2020\/09\/shure-55sh-ii-e1601485394796.jpg 415w, http:\/\/kommentatorenblog.de\/wp-content\/uploads\/2020\/09\/shure-55sh-ii-e1601485394796-142x300.jpg 142w\" sizes=\"auto, (max-width: 10px) 100vw, 10px\" \/> David Ploch, Experte: Sebastian Knei\u00dfl<\/p>\n\n\n\n<p><strong><em>FC Getafe \u2013 FC Barcelona (18.30 Uhr)<\/em><\/strong><\/p>\n\n\n\n<p><img loading=\"lazy\" decoding=\"async\" width=\"10\" height=\"21\" class=\"wp-image-3656\" style=\"width: 10px;\" src=\"http:\/\/kommentatorenblog.de\/wp-content\/uploads\/2020\/09\/shure-55sh-ii-e1601485394796.jpg\" alt=\"\" srcset=\"http:\/\/kommentatorenblog.de\/wp-content\/uploads\/2020\/09\/shure-55sh-ii-e1601485394796.jpg 415w, http:\/\/kommentatorenblog.de\/wp-content\/uploads\/2020\/09\/shure-55sh-ii-e1601485394796-142x300.jpg 142w\" sizes=\"auto, (max-width: 10px) 100vw, 10px\" \/> Nico Seepe, Experte: Maximilian Nicu<\/p>\n\n\n\n<p><strong><em>CF Cadiz \u2013 Real Madrid (18.30 Uhr)<\/em><\/strong><\/p>\n\n\n\n<p><img loading=\"lazy\" decoding=\"async\" width=\"10\" height=\"21\" class=\"wp-image-3656\" style=\"width: 10px;\" src=\"http:\/\/kommentatorenblog.de\/wp-content\/uploads\/2020\/09\/shure-55sh-ii-e1601485394796.jpg\" alt=\"\" srcset=\"http:\/\/kommentatorenblog.de\/wp-content\/uploads\/2020\/09\/shure-55sh-ii-e1601485394796.jpg 415w, http:\/\/kommentatorenblog.de\/wp-content\/uploads\/2020\/09\/shure-55sh-ii-e1601485394796-142x300.jpg 142w\" sizes=\"auto, (max-width: 10px) 100vw, 10px\" \/> Uwe Morawe<\/p>\n\n\n\n<p><strong><em>Real Betis \u2013 FC Granada (18.30 Uhr)<\/em><\/strong><\/p>\n\n\n\n<p><img loading=\"lazy\" decoding=\"async\" width=\"10\" height=\"21\" class=\"wp-image-3656\" style=\"width: 10px;\" src=\"http:\/\/kommentatorenblog.de\/wp-content\/uploads\/2020\/09\/shure-55sh-ii-e1601485394796.jpg\" alt=\"\" srcset=\"http:\/\/kommentatorenblog.de\/wp-content\/uploads\/2020\/09\/shure-55sh-ii-e1601485394796.jpg 415w, http:\/\/kommentatorenblog.de\/wp-content\/uploads\/2020\/09\/shure-55sh-ii-e1601485394796-142x300.jpg 142w\" sizes=\"auto, (max-width: 10px) 100vw, 10px\" \/> Christoph Stadtler<\/p>\n\n\n\n<p><strong><em>FC Villarreal \u2013 Real Sociedad (18.30 Uhr)<\/em><\/strong><\/p>\n\n\n\n<p><img loading=\"lazy\" decoding=\"async\" width=\"10\" height=\"21\" class=\"wp-image-3656\" style=\"width: 10px;\" src=\"http:\/\/kommentatorenblog.de\/wp-content\/uploads\/2020\/09\/shure-55sh-ii-e1601485394796.jpg\" alt=\"\" srcset=\"http:\/\/kommentatorenblog.de\/wp-content\/uploads\/2020\/09\/shure-55sh-ii-e1601485394796.jpg 415w, http:\/\/kommentatorenblog.de\/wp-content\/uploads\/2020\/09\/shure-55sh-ii-e1601485394796-142x300.jpg 142w\" sizes=\"auto, (max-width: 10px) 100vw, 10px\" \/> Julian Engelhard<\/p>\n\n\n\n<hr class=\"wp-block-separator\"\/>\n\n\n\n<p><strong>Serie A, 37. Spieltag (DAZN)<\/strong><\/p>\n\n\n\n<p><span style=\"text-decoration: underline;\">Samstag, 14. Mai 2022<\/span><\/p>\n\n\n\n<p><strong><em>AS Rom \u2013 FC Venedig (20.45 Uhr)<\/em><\/strong><\/p>\n\n\n\n<p><img loading=\"lazy\" decoding=\"async\" width=\"10\" height=\"21\" class=\"wp-image-3656\" style=\"width: 10px;\" src=\"http:\/\/kommentatorenblog.de\/wp-content\/uploads\/2020\/09\/shure-55sh-ii-e1601485394796.jpg\" alt=\"\" srcset=\"http:\/\/kommentatorenblog.de\/wp-content\/uploads\/2020\/09\/shure-55sh-ii-e1601485394796.jpg 415w, http:\/\/kommentatorenblog.de\/wp-content\/uploads\/2020\/09\/shure-55sh-ii-e1601485394796-142x300.jpg 142w\" sizes=\"auto, (max-width: 10px) 100vw, 10px\" \/> Ruben Zimmermann<\/p>\n\n\n\n<p><span style=\"text-decoration: underline;\">Sonntag, 15. Mai 2022<\/span><\/p>\n\n\n\n<p><strong><em>SSC Neapel \u2013 CFC Genua (15.00 Uhr)<\/em><\/strong><\/p>\n\n\n\n<p><img loading=\"lazy\" decoding=\"async\" width=\"10\" height=\"21\" class=\"wp-image-3656\" style=\"width: 10px;\" src=\"http:\/\/kommentatorenblog.de\/wp-content\/uploads\/2020\/09\/shure-55sh-ii-e1601485394796.jpg\" alt=\"\" srcset=\"http:\/\/kommentatorenblog.de\/wp-content\/uploads\/2020\/09\/shure-55sh-ii-e1601485394796.jpg 415w, http:\/\/kommentatorenblog.de\/wp-content\/uploads\/2020\/09\/shure-55sh-ii-e1601485394796-142x300.jpg 142w\" sizes=\"auto, (max-width: 10px) 100vw, 10px\" \/> Ruben Zimmermann<\/p>\n\n\n\n<p><strong><em>AC Mailand \u2013 Atalanta Bergamo (18.00 Uhr)<\/em><\/strong><\/p>\n\n\n\n<p><img loading=\"lazy\" decoding=\"async\" width=\"10\" height=\"21\" class=\"wp-image-3656\" style=\"width: 10px;\" src=\"http:\/\/kommentatorenblog.de\/wp-content\/uploads\/2020\/09\/shure-55sh-ii-e1601485394796.jpg\" alt=\"\" srcset=\"http:\/\/kommentatorenblog.de\/wp-content\/uploads\/2020\/09\/shure-55sh-ii-e1601485394796.jpg 415w, http:\/\/kommentatorenblog.de\/wp-content\/uploads\/2020\/09\/shure-55sh-ii-e1601485394796-142x300.jpg 142w\" sizes=\"auto, (max-width: 10px) 100vw, 10px\" \/> Carsten Fu\u00df, Experte: Christian Bernhard<\/p>\n\n\n\n<p><strong><em>US Cagliari \u2013 Inter Mailand (20.45 Uhr)<\/em><\/strong><\/p>\n\n\n\n<p><img loading=\"lazy\" decoding=\"async\" width=\"10\" height=\"21\" class=\"wp-image-3656\" style=\"width: 10px;\" src=\"http:\/\/kommentatorenblog.de\/wp-content\/uploads\/2020\/09\/shure-55sh-ii-e1601485394796.jpg\" alt=\"\" srcset=\"http:\/\/kommentatorenblog.de\/wp-content\/uploads\/2020\/09\/shure-55sh-ii-e1601485394796.jpg 415w, http:\/\/kommentatorenblog.de\/wp-content\/uploads\/2020\/09\/shure-55sh-ii-e1601485394796-142x300.jpg 142w\" sizes=\"auto, (max-width: 10px) 100vw, 10px\" \/> Mario Rieker<\/p>\n\n\n\n<p><span style=\"text-decoration: underline;\">Montag, 14. Mai 2022<\/span><\/p>\n\n\n\n<p><strong><em>Juventus Turin \u2013 Lazio Rom (20.45 Uhr)<\/em><\/strong><\/p>\n\n\n\n<p><img loading=\"lazy\" decoding=\"async\" width=\"10\" height=\"21\" class=\"wp-image-3656\" style=\"width: 10px;\" src=\"http:\/\/kommentatorenblog.de\/wp-content\/uploads\/2020\/09\/shure-55sh-ii-e1601485394796.jpg\" alt=\"\" srcset=\"http:\/\/kommentatorenblog.de\/wp-content\/uploads\/2020\/09\/shure-55sh-ii-e1601485394796.jpg 415w, http:\/\/kommentatorenblog.de\/wp-content\/uploads\/2020\/09\/shure-55sh-ii-e1601485394796-142x300.jpg 142w\" sizes=\"auto, (max-width: 10px) 100vw, 10px\" \/> Mario Rieker, Experte: Christian Bernhard<\/p>\n\n\n\n<hr class=\"wp-block-separator\"\/>\n\n\n\n<p><strong>Ligue 1, 37. Spieltag (DAZN)<\/strong><\/p>\n\n\n\n<p><span style=\"text-decoration: underline;\">Samstag, 14. Mai 2022<\/span><\/p>\n\n\n\n<p><strong><em>HSC Montpellier \u2013 PSG (20.45 Uhr)<\/em><\/strong><\/p>\n\n\n\n<p><img loading=\"lazy\" decoding=\"async\" width=\"10\" height=\"21\" class=\"wp-image-3656\" style=\"width: 10px;\" src=\"http:\/\/kommentatorenblog.de\/wp-content\/uploads\/2020\/09\/shure-55sh-ii-e1601485394796.jpg\" alt=\"\" srcset=\"http:\/\/kommentatorenblog.de\/wp-content\/uploads\/2020\/09\/shure-55sh-ii-e1601485394796.jpg 415w, http:\/\/kommentatorenblog.de\/wp-content\/uploads\/2020\/09\/shure-55sh-ii-e1601485394796-142x300.jpg 142w\" sizes=\"auto, (max-width: 10px) 100vw, 10px\" \/> Tobi Fischbeck<\/p>\n\n\n\n<p><strong><em>Girondins Bordeaux \u2013 FC Lorient (21.00 Uhr)<\/em><\/strong><\/p>\n\n\n\n<p><img loading=\"lazy\" decoding=\"async\" width=\"10\" height=\"21\" class=\"wp-image-3656\" style=\"width: 10px;\" src=\"http:\/\/kommentatorenblog.de\/wp-content\/uploads\/2020\/09\/shure-55sh-ii-e1601485394796.jpg\" alt=\"\" srcset=\"http:\/\/kommentatorenblog.de\/wp-content\/uploads\/2020\/09\/shure-55sh-ii-e1601485394796.jpg 415w, http:\/\/kommentatorenblog.de\/wp-content\/uploads\/2020\/09\/shure-55sh-ii-e1601485394796-142x300.jpg 142w\" sizes=\"auto, (max-width: 10px) 100vw, 10px\" \/> Claus M\u00fcller<\/p>\n\n\n\n<p><strong><em>Stade Rennes \u2013 Olympique Marseille (21.00 Uhr)<\/em><\/strong><\/p>\n\n\n\n<p><img loading=\"lazy\" decoding=\"async\" width=\"10\" height=\"21\" class=\"wp-image-3656\" style=\"width: 10px;\" src=\"http:\/\/kommentatorenblog.de\/wp-content\/uploads\/2020\/09\/shure-55sh-ii-e1601485394796.jpg\" alt=\"\" srcset=\"http:\/\/kommentatorenblog.de\/wp-content\/uploads\/2020\/09\/shure-55sh-ii-e1601485394796.jpg 415w, http:\/\/kommentatorenblog.de\/wp-content\/uploads\/2020\/09\/shure-55sh-ii-e1601485394796-142x300.jpg 142w\" sizes=\"auto, (max-width: 10px) 100vw, 10px\" \/> Matthias Naebers, Experte: Alexis Menuge<\/p>\n\n\n\n<p><strong><em>AS St. Etienne \u2013 Stade Reims (21.00 Uhr)<\/em><\/strong><\/p>\n\n\n\n<p><img loading=\"lazy\" decoding=\"async\" width=\"10\" height=\"21\" class=\"wp-image-3656\" style=\"width: 10px;\" src=\"http:\/\/kommentatorenblog.de\/wp-content\/uploads\/2020\/09\/shure-55sh-ii-e1601485394796.jpg\" alt=\"\" srcset=\"http:\/\/kommentatorenblog.de\/wp-content\/uploads\/2020\/09\/shure-55sh-ii-e1601485394796.jpg 415w, http:\/\/kommentatorenblog.de\/wp-content\/uploads\/2020\/09\/shure-55sh-ii-e1601485394796-142x300.jpg 142w\" sizes=\"auto, (max-width: 10px) 100vw, 10px\" \/> Marcel Seufert<\/p>\n\n\n\n<p><span style=\"text-decoration: underline;\">Sonntag, 15. Mai 2022<\/span><\/p>\n\n\n\n<hr class=\"wp-block-separator\"\/>\n\n\n\n<p><strong>Internationaler Fussball (Sportdigital FUSSBALL)<\/strong><\/p>\n\n\n\n<p><span style=\"text-decoration: underline;\">Freitag, 13. Mai 2022<\/span><\/p>\n\n\n\n<p>Sky Bet Championship, Playoff-Halbfinale, Hinspiel: <strong><em>Luton Town \u2013 Huddersfield Town (20.45 Uhr)<\/em><\/strong><\/p>\n\n\n\n<p><img loading=\"lazy\" decoding=\"async\" width=\"10\" height=\"21\" class=\"wp-image-3656\" style=\"width: 10px;\" src=\"http:\/\/kommentatorenblog.de\/wp-content\/uploads\/2020\/09\/shure-55sh-ii-e1601485394796.jpg\" alt=\"\" srcset=\"http:\/\/kommentatorenblog.de\/wp-content\/uploads\/2020\/09\/shure-55sh-ii-e1601485394796.jpg 415w, http:\/\/kommentatorenblog.de\/wp-content\/uploads\/2020\/09\/shure-55sh-ii-e1601485394796-142x300.jpg 142w\" sizes=\"auto, (max-width: 10px) 100vw, 10px\" \/> Jonathan Dreier<\/p>\n\n\n\n<p><span style=\"text-decoration: underline;\">Samstag, 15. Mai 2022<\/span><\/p>\n\n\n\n<p>J. League, 13. Spieltag: <strong><em>Kawasaki Frontale \u2013 Avispa Fukuoka (9.03 Uhr)<\/em><\/strong><\/p>\n\n\n\n<p><img loading=\"lazy\" decoding=\"async\" width=\"10\" height=\"21\" class=\"wp-image-3656\" style=\"width: 10px;\" src=\"http:\/\/kommentatorenblog.de\/wp-content\/uploads\/2020\/09\/shure-55sh-ii-e1601485394796.jpg\" alt=\"\" srcset=\"http:\/\/kommentatorenblog.de\/wp-content\/uploads\/2020\/09\/shure-55sh-ii-e1601485394796.jpg 415w, http:\/\/kommentatorenblog.de\/wp-content\/uploads\/2020\/09\/shure-55sh-ii-e1601485394796-142x300.jpg 142w\" sizes=\"auto, (max-width: 10px) 100vw, 10px\" \/> Ulf Kahmke<\/p>\n\n\n\n<p>A-League, Elimination Final: <strong><em>Western United FC <strong><em>\u2013<\/em><\/strong> Wellington Phoenix (11.45 Uhr)<\/em><\/strong><\/p>\n\n\n\n<p><img loading=\"lazy\" decoding=\"async\" width=\"10\" height=\"21\" class=\"wp-image-3656\" style=\"width: 10px;\" src=\"http:\/\/kommentatorenblog.de\/wp-content\/uploads\/2020\/09\/shure-55sh-ii-e1601485394796.jpg\" alt=\"\" srcset=\"http:\/\/kommentatorenblog.de\/wp-content\/uploads\/2020\/09\/shure-55sh-ii-e1601485394796.jpg 415w, http:\/\/kommentatorenblog.de\/wp-content\/uploads\/2020\/09\/shure-55sh-ii-e1601485394796-142x300.jpg 142w\" sizes=\"auto, (max-width: 10px) 100vw, 10px\" \/> Ulf Kahmke<\/p>\n\n\n\n<p>Sky Bet Championship, Playoff-Halbfinale, Hinspiel: <strong><em>Sheffield United <strong><em>\u2013<\/em><\/strong> Nottingham Forest (16.00 Uhr)<\/em><\/strong><\/p>\n\n\n\n<p><img loading=\"lazy\" decoding=\"async\" width=\"10\" height=\"21\" class=\"wp-image-3656\" style=\"width: 10px;\" src=\"http:\/\/kommentatorenblog.de\/wp-content\/uploads\/2020\/09\/shure-55sh-ii-e1601485394796.jpg\" alt=\"\" srcset=\"http:\/\/kommentatorenblog.de\/wp-content\/uploads\/2020\/09\/shure-55sh-ii-e1601485394796.jpg 415w, http:\/\/kommentatorenblog.de\/wp-content\/uploads\/2020\/09\/shure-55sh-ii-e1601485394796-142x300.jpg 142w\" sizes=\"auto, (max-width: 10px) 100vw, 10px\" \/> Arne Malsch<\/p>\n\n\n\n<p>Ekstraklasa, 33. Spieltag: <strong><em>Zaglebie Lubin <strong><em>\u2013<\/em><\/strong> Rakow Czestochowa (17.30 Uhr)<\/em><\/strong><\/p>\n\n\n\n<p><img loading=\"lazy\" decoding=\"async\" width=\"10\" height=\"21\" class=\"wp-image-3656\" style=\"width: 10px;\" src=\"http:\/\/kommentatorenblog.de\/wp-content\/uploads\/2020\/09\/shure-55sh-ii-e1601485394796.jpg\" alt=\"\" srcset=\"http:\/\/kommentatorenblog.de\/wp-content\/uploads\/2020\/09\/shure-55sh-ii-e1601485394796.jpg 415w, http:\/\/kommentatorenblog.de\/wp-content\/uploads\/2020\/09\/shure-55sh-ii-e1601485394796-142x300.jpg 142w\" sizes=\"auto, (max-width: 10px) 100vw, 10px\" \/> J\u00f6rg Steiger<\/p>\n\n\n\n<p>Primeira Liga, 34. Spieltag: <strong><em>FC Porto <strong><em>\u2013<\/em><\/strong> GD Estoril Praia (19.00 Uhr)<\/em><\/strong><\/p>\n\n\n\n<p><img loading=\"lazy\" decoding=\"async\" width=\"10\" height=\"21\" class=\"wp-image-3656\" style=\"width: 10px;\" src=\"http:\/\/kommentatorenblog.de\/wp-content\/uploads\/2020\/09\/shure-55sh-ii-e1601485394796.jpg\" alt=\"\" srcset=\"http:\/\/kommentatorenblog.de\/wp-content\/uploads\/2020\/09\/shure-55sh-ii-e1601485394796.jpg 415w, http:\/\/kommentatorenblog.de\/wp-content\/uploads\/2020\/09\/shure-55sh-ii-e1601485394796-142x300.jpg 142w\" sizes=\"auto, (max-width: 10px) 100vw, 10px\" \/> Karsten Linke <\/p>\n\n\n\n<p>Primeira Liga, 34. Spieltag: <strong><em>Sporting Lissabon <strong><em>\u2013<\/em><\/strong> CD Santa Clara (21.30 Uhr)<\/em><\/strong><\/p>\n\n\n\n<p><img loading=\"lazy\" decoding=\"async\" width=\"10\" height=\"21\" class=\"wp-image-3656\" style=\"width: 10px;\" src=\"http:\/\/kommentatorenblog.de\/wp-content\/uploads\/2020\/09\/shure-55sh-ii-e1601485394796.jpg\" alt=\"\" srcset=\"http:\/\/kommentatorenblog.de\/wp-content\/uploads\/2020\/09\/shure-55sh-ii-e1601485394796.jpg 415w, http:\/\/kommentatorenblog.de\/wp-content\/uploads\/2020\/09\/shure-55sh-ii-e1601485394796-142x300.jpg 142w\" sizes=\"auto, (max-width: 10px) 100vw, 10px\" \/> Marvin Kirsch<\/p>\n\n\n\n<p>Copa de la Liga Profesional, Halbfinale: <strong><em>Boca Juniors \u2013 Racing Club (22.00 Uhr)<\/em><\/strong><\/p>\n\n\n\n<p><img loading=\"lazy\" decoding=\"async\" width=\"10\" height=\"21\" class=\"wp-image-3656\" style=\"width: 10px;\" src=\"http:\/\/kommentatorenblog.de\/wp-content\/uploads\/2020\/09\/shure-55sh-ii-e1601485394796.jpg\" alt=\"\" srcset=\"http:\/\/kommentatorenblog.de\/wp-content\/uploads\/2020\/09\/shure-55sh-ii-e1601485394796.jpg 415w, http:\/\/kommentatorenblog.de\/wp-content\/uploads\/2020\/09\/shure-55sh-ii-e1601485394796-142x300.jpg 142w\" sizes=\"auto, (max-width: 10px) 100vw, 10px\" \/> Christian Blunck<\/p>\n\n\n\n<p><span style=\"text-decoration: underline;\">Sonntag, 15. Mai 2022<\/span><\/p>\n\n\n\n<p>Campeonato Brasileiro, 6. Spieltag: <strong><em>Internacional \u2013 Corinthians (00.00 Uhr)<\/em><\/strong><\/p>\n\n\n\n<p><img loading=\"lazy\" decoding=\"async\" width=\"10\" height=\"21\" class=\"wp-image-3656\" style=\"width: 10px;\" src=\"http:\/\/kommentatorenblog.de\/wp-content\/uploads\/2020\/09\/shure-55sh-ii-e1601485394796.jpg\" alt=\"\" srcset=\"http:\/\/kommentatorenblog.de\/wp-content\/uploads\/2020\/09\/shure-55sh-ii-e1601485394796.jpg 415w, http:\/\/kommentatorenblog.de\/wp-content\/uploads\/2020\/09\/shure-55sh-ii-e1601485394796-142x300.jpg 142w\" sizes=\"auto, (max-width: 10px) 100vw, 10px\" \/> Marcus Radefeld<\/p>\n\n\n\n<p>A-League, Elimination Final: <strong><em>Adelaide United <strong><em>\u2013<\/em><\/strong> Central Coast Mariners (8.05 Uhr)<\/em><\/strong><\/p>\n\n\n\n<p><img loading=\"lazy\" decoding=\"async\" width=\"10\" height=\"21\" class=\"wp-image-3656\" style=\"width: 10px;\" src=\"http:\/\/kommentatorenblog.de\/wp-content\/uploads\/2020\/09\/shure-55sh-ii-e1601485394796.jpg\" alt=\"\" srcset=\"http:\/\/kommentatorenblog.de\/wp-content\/uploads\/2020\/09\/shure-55sh-ii-e1601485394796.jpg 415w, http:\/\/kommentatorenblog.de\/wp-content\/uploads\/2020\/09\/shure-55sh-ii-e1601485394796-142x300.jpg 142w\" sizes=\"auto, (max-width: 10px) 100vw, 10px\" \/> Christian Blunck<\/p>\n\n\n\n<p>K League, 12. Spieltag: <strong><em>FC Seoul <strong><em>\u2013<\/em><\/strong> Pohang Steelers (12.00 Uhr)<\/em><\/strong><\/p>\n\n\n\n<p><img loading=\"lazy\" decoding=\"async\" width=\"10\" height=\"21\" class=\"wp-image-3656\" style=\"width: 10px;\" src=\"http:\/\/kommentatorenblog.de\/wp-content\/uploads\/2020\/09\/shure-55sh-ii-e1601485394796.jpg\" alt=\"\" srcset=\"http:\/\/kommentatorenblog.de\/wp-content\/uploads\/2020\/09\/shure-55sh-ii-e1601485394796.jpg 415w, http:\/\/kommentatorenblog.de\/wp-content\/uploads\/2020\/09\/shure-55sh-ii-e1601485394796-142x300.jpg 142w\" sizes=\"auto, (max-width: 10px) 100vw, 10px\" \/> J\u00f6rg Steiger<\/p>\n\n\n\n<p>Eredivisie, 34. Spieltag: <strong><em>Vitesse Arnheim <strong><em>\u2013<\/em><\/strong> Ajax Amsterdam (14.30 Uhr)<\/em><\/strong><\/p>\n\n\n\n<p><img loading=\"lazy\" decoding=\"async\" width=\"10\" height=\"21\" class=\"wp-image-3656\" style=\"width: 10px;\" src=\"http:\/\/kommentatorenblog.de\/wp-content\/uploads\/2020\/09\/shure-55sh-ii-e1601485394796.jpg\" alt=\"\" srcset=\"http:\/\/kommentatorenblog.de\/wp-content\/uploads\/2020\/09\/shure-55sh-ii-e1601485394796.jpg 415w, http:\/\/kommentatorenblog.de\/wp-content\/uploads\/2020\/09\/shure-55sh-ii-e1601485394796-142x300.jpg 142w\" sizes=\"auto, (max-width: 10px) 100vw, 10px\" \/> Karsten Linke<\/p>\n\n\n\n<p>Fortuna Liga, . Spieltag: <strong><em>Viktoria Pilsen <strong><em>\u2013<\/em><\/strong> Banik Ostrau (17.00 Uhr)<\/em><\/strong><\/p>\n\n\n\n<p><img loading=\"lazy\" decoding=\"async\" width=\"10\" height=\"21\" class=\"wp-image-3656\" style=\"width: 10px;\" src=\"http:\/\/kommentatorenblog.de\/wp-content\/uploads\/2020\/09\/shure-55sh-ii-e1601485394796.jpg\" alt=\"\" srcset=\"http:\/\/kommentatorenblog.de\/wp-content\/uploads\/2020\/09\/shure-55sh-ii-e1601485394796.jpg 415w, http:\/\/kommentatorenblog.de\/wp-content\/uploads\/2020\/09\/shure-55sh-ii-e1601485394796-142x300.jpg 142w\" sizes=\"auto, (max-width: 10px) 100vw, 10px\" \/> Jakob Vogel<\/p>\n\n\n\n<p>MLS, 11. Spieltag: <strong><em>Atlanta United \u2013 New England Revolution (19.55 Uhr)<\/em><\/strong><\/p>\n\n\n\n<p><img loading=\"lazy\" decoding=\"async\" width=\"10\" height=\"21\" class=\"wp-image-3656\" style=\"width: 10px;\" src=\"http:\/\/kommentatorenblog.de\/wp-content\/uploads\/2020\/09\/shure-55sh-ii-e1601485394796.jpg\" alt=\"\" srcset=\"http:\/\/kommentatorenblog.de\/wp-content\/uploads\/2020\/09\/shure-55sh-ii-e1601485394796.jpg 415w, http:\/\/kommentatorenblog.de\/wp-content\/uploads\/2020\/09\/shure-55sh-ii-e1601485394796-142x300.jpg 142w\" sizes=\"auto, (max-width: 10px) 100vw, 10px\" \/> Marcus Radefeld<\/p>\n\n\n\n<p><span style=\"text-decoration: underline;\">Montag, 15. Mai 2022<\/span><\/p>\n\n\n\n<p>Sky Bet Championship, Playoff-Halbfinale, R\u00fcckspiel:<strong><em> Huddersfield Town <strong><em>\u2013<\/em><\/strong> Luton Town (20.45 Uhr)<\/em><\/strong><\/p>\n\n\n\n<p> <img loading=\"lazy\" decoding=\"async\" width=\"10\" height=\"21\" class=\"wp-image-3656\" style=\"width: 10px;\" src=\"http:\/\/kommentatorenblog.de\/wp-content\/uploads\/2020\/09\/shure-55sh-ii-e1601485394796.jpg\" alt=\"\" srcset=\"http:\/\/kommentatorenblog.de\/wp-content\/uploads\/2020\/09\/shure-55sh-ii-e1601485394796.jpg 415w, http:\/\/kommentatorenblog.de\/wp-content\/uploads\/2020\/09\/shure-55sh-ii-e1601485394796-142x300.jpg 142w\" sizes=\"auto, (max-width: 10px) 100vw, 10px\" \/> Jonathan Dreier<\/p>\n\n\n\n<p><span style=\"text-decoration: underline;\">Dienstag, 17. Mai 2022<\/span><\/p>\n\n\n\n<p>Sky Bet Championship, Playoff-Halbfinale, R\u00fcckspiel: <strong><em>Nottingham Forest \u2013 Sheffield United (20.45 Uhr)<\/em><\/strong><\/p>\n\n\n\n<p><img loading=\"lazy\" decoding=\"async\" width=\"10\" height=\"21\" class=\"wp-image-3656\" style=\"width: 10px;\" src=\"http:\/\/kommentatorenblog.de\/wp-content\/uploads\/2020\/09\/shure-55sh-ii-e1601485394796.jpg\" alt=\"\" srcset=\"http:\/\/kommentatorenblog.de\/wp-content\/uploads\/2020\/09\/shure-55sh-ii-e1601485394796.jpg 415w, http:\/\/kommentatorenblog.de\/wp-content\/uploads\/2020\/09\/shure-55sh-ii-e1601485394796-142x300.jpg 142w\" sizes=\"auto, (max-width: 10px) 100vw, 10px\" \/> Arne Malsch<\/p>\n\n\n\n<hr class=\"wp-block-separator\"\/>\n\n\n\n<p><strong>Die Analyse<\/strong><\/p>\n\n\n\n<p><strong>Fernduell um den Abstieg<\/strong><\/p>\n\n\n\n<p>Wie immer h\u00e4lt der letzte Bundesliga-Spieltag ein paar Besonderheiten bereit. Sky startet seine Vorberichterstattung stolze zwei Stunden vorher, um den letzten Showdown einzul\u00e4uten. In diesem Jahr darf Field-Reporter Ulli Potofski ans Kommentatoren-Mikrofon, wenn Borussia M\u00f6nchengladbach die TSG Hoffenheim empf\u00e4ngt. W\u00e4hrend es in diesem Spiel um nichts mehr geht, kl\u00e4ren der VfB Stuttgart und Hertha BSC noch im Fernduell, wer in die Relegation muss. In der Mercedes-Benz-Arena sitzt kein Geringerer als Wolff Fuss, das Gastspiel der Hauptst\u00e4dter bei Borussia Dortmund begleitet Marcus Lindemann. Auch Arminia Bielefeld hat noch theoretische Chancen, die Klasse zu halten. Doch RB Leipzig ist der Gegner. Oliver Seidler reist an die Alm.<\/p>\n\n\n\n<p><strong>Gro\u00dfes Spiel f\u00fcr Martin Gro\u00df<\/strong><\/p>\n\n\n\n<p>Sollte RB seine Pflicht nicht erf\u00fcllen, k\u00f6nnte der SC Freiburg profitieren, der sich am Samstag bei Bayer Leverkusen behaupten will. Das nominelle Spitzenspiel an diesem Spieltag \u00fcbernimmt Martin Gro\u00df. Field-Reporter in der Bay Arena ist Sebastian Hellmann, der in gewohnter Manier Lothar Matth\u00e4us an seiner Seite hat. Die Ansetzung \u00fcberrascht wenig, am letzten Spieltag der vergangenen Saison ging Hellmann in K\u00f6ln auf Stimmenfang.<\/p>\n\n\n\n<p><strong>F\u00fcr viele geht es nur noch um die Ehre<\/strong><\/p>\n\n\n\n<p>Ein Auge auf das Spitzenspiel hat auch Union Berlin, das seinerseits gerne am SC Freiburg vorbeiziehen w\u00fcrde. Doch das kann nur mit einem Sieg \u00fcber den VfL Bochum gelingen, wie Torsten Kunde wei\u00df. In den \u00fcbrigen Spielen geht es um die Ehre, Spielpraxis und einen w\u00fcrdigen Saisonausklang. Insbesondere die SpVgg Greuther F\u00fcrth, die trotz stellenweise erfrischenden Fu\u00dfballs abgeschlagen auf dem letzten Tabellenplatz steht, will sich beim FC Augsburg sicherlich noch einmal beweisen. Markus Gaupp ist mit von der Partie. Klaus Veltman zieht es nach Mainz, das Eintracht Frankfurt vor dessen Europa-League-Finale herausfordert. Nicht zuletzt reist Serienmeister Bayern nach Wolfsburg &#8211; genau wie Roland Evers.<\/p>\n\n\n\n<p><strong>Richtige Konferenz am letzten Spieltag<\/strong><\/p>\n\n\n\n<p>In der 2. Bundesliga gibt es &#8211; genau wie in der Vorsaison &#8211; am letzten Spieltag eine richtige Konferenz, sprich 18 Kommentatoren f\u00fcr neun Begegnungen. Im Fokus sind logischerweise die Spiele, in denen es um den Aufstieg und die Relegation geht. Das spiegelt sich auch im Sky-Personal wider, insbesondere nat\u00fcrlich in der Konferenz. Vom SV Werder Bremen, der eigenm\u00e4chtig gegen Regensburg den Wiederaufstieg perfekt machen kann, berichtet Oliver Seidler 90 Minuten, in der Konferenz ist Frank Buschmann zu h\u00f6ren. Das Heimspiel der Lilien gegen Paderborn bekommt Klaus Veltman. Die Torschreie stammen von Jonas Friedrich. Zu guter Letzt ist das Ausw\u00e4rtsspiel des HSV bei Aufsteiger Hansa Rostock eine Sache f\u00fcr Torsten Kunde. Parallel ist Wolff Fuss in der Konferenz f\u00fcr die Hamburger angesetzt. Live von vor Ort berichtet lediglich Stefan Hempel, der es mit den Fan-Freunden N\u00fcrnberg und Schalke zu tun bekommt. Im Konferenzkanal schaltet sich Marcel Meinert ein.<\/p>\n\n\n\n<p><strong>Abstiegskampf in der 3. Liga<\/strong><\/p>\n\n\n\n<p>In der 3. Liga ist in Sachen Aufstieg alles gekl\u00e4rt. Der 1.FC Kaiserslautern erwartet nach dem verpatzten direkten Aufstieg Dynamo Dresden in der Relegation. Eine Generalprobe f\u00fcr den neuen Coach Dirk Schuster gibt es nicht, da die Roten Teufel auf T\u00fcrkg\u00fcc\u00fc M\u00fcnchen getroffen w\u00e4ren, das sich bekanntlich vom Spielbetrieb zur\u00fcckgezogen hat. Spannend wird es dagegen unten. Aufsteiger Viktoria Berlin versucht gegen den SV Meppen noch einmal alles, um die Klasse zu halten. Lenny Leonhardt nimmt sich der Partie in Lichterfelde an. Parallel messen sich der SC Verl und der MSV Duisburg im NRW-Duell. W\u00e4hrend sich die Zebras bereits letzte Woche retten konnten, muss Verl noch bangen. Gari Pauandt \u00fcbernimmt f\u00fcr Magenta Sport.&nbsp;<\/p>\n\n\n\n<p><strong>\u201ePartystimmung\u201c im \u00d6RR<\/strong><\/p>\n\n\n\n<p>Die \u00d6ffentlich-Rechtlichen konzentrieren sich auf die Aufstiegsfeiern. Eintracht Braunschweig ist bereits durch und bekommt sein Bonus-Spiel gegen Viktoria K\u00f6ln. Sowohl der NDR als auch der WDR haben das Spiel im Programm. Magdeburg, das schon l\u00e4ngst als Meister feststeht, gastiert beim VfL Osnabr\u00fcck, der MDR begleitet die letzte Ausw\u00e4rtsreise des FCM. 1860 M\u00fcnchen gegen Dortmunds Zweite \u00fcbertr\u00e4gt Magenta ebenfalls nicht exklusiv. Auch der BR ist mit seinem Team vor Ort.<\/p>\n\n\n\n<p><strong>Frauenfu\u00dfball verspricht Spannung<\/strong><\/p>\n\n\n\n<p>Auch in der Frauenfu\u00dfball-Bundesliga ist die Meisterfrage schon beantwortet. Daf\u00fcr ist es im Kampf um die Champions-League-Qualifikation denkbar eng. Der 1.FFC Turbine Potsdam will ins internationale Gesch\u00e4ft, doch muss dazu erstmal gegen den Tabellenzweiten aus M\u00fcnchen bestehen. Michael Seyberth kommentiert dieses Topspiel. Sollte Potsdam Federn lassen, k\u00f6nnte Eintracht Frankfurt noch vorbeiziehen, das den SV Werder Bremen empf\u00e4ngt.&nbsp; Antonia Engelhardt meldet sich zu Wort, anders als Seyberth aber nicht aus dem Stadion. Vor Ort in Hoffenheim ist noch Oskar Heirler. Die TSG hat ebenfalls noch rechnerische Chancen auf die Champions League und empf\u00e4ngt den SC Sand, der seinerseits nur bei einem Sieg die Klasse halten kann. Anderenfalls feiert die SGS Essen den Klassenerhalt. Das ist zumindest nicht unwahrscheinlich, denn der Revierklub spielt gegen den abgeschlagenen FC Carl Zeiss Jena. Christian Gl\u00fcck ist Kommentator.<\/p>\n\n\n\n<p><strong>Uli Hebel kommentiert FA-Cup-Finale<\/strong><\/p>\n\n\n\n<p>Im internationalen Fu\u00dfball sticht abseits des Liga-Betriebs nat\u00fcrlich das FA-Cup-Finale heraus. Chelsea und der FC Liverpool treffen sich am Samstagnachmittag zum Kr\u00e4ftemessen. F\u00fcr DAZN kommentiert das Duo um Uli Hebel und Seb Knei\u00dfl. In der Premier League selbst hat Sky vier Partien im Angebot. Das Match of the week &#8211; wie immer von Schmiso kommentiert &#8211; findet am Sonntag um 15 Uhr statt. West Ham, das gerne wieder in die Europa League w\u00fcrde, fordert Manchester City heraus. Ren\u00e9 Adler wird als Experte fungieren.<\/p>\n\n\n\n<p><strong>Titelrennen in Italien<\/strong><\/p>\n\n\n\n<p>Auch in den \u00fcbrigen Top-Ligen ist der letzte Spieltag noch nicht erreicht. Nichtsdestotrotz ist der Kampf um die Meisterschaft in Italien besonders spannend. Der AC Mailand hat vor seinem letzten Heimspiel der Saison (gegen Atalanta) zwei Punkte Vorsprung vor Inter. Geballte Expertise kommt von den Herren Carsten Fu\u00df und Christian Bernhard. Die Nerazzurri bekommen es ein paar Stunden sp\u00e4ter mit Cagliari zu tun, Mario Rieker hat das Geschehen im Blick.<\/p>\n\n\n\n<p><strong>Quartett will in die Premier League<\/strong><\/p>\n\n\n\n<p>Wie immer hat auch Sportdigital.FUSSBALL einige Kracher im Angebot. Allen voran w\u00e4ren da die Playoff-Halbfinals um den Einzug in die Premier League zu nennen. Luton Town, Huddersfield, Sheffield United und Nottingham Forest sind dort noch im Rennen. Jonathan Dreier und Arne Malsch sind bei den Halbfinals von Freitag bis Dienstag im Einsatz.<\/p>\n\n\n\n<p>Damit sind wir am Ende angelangt. Genie\u00dft den letzten Spieltag und bleibt sportlich!<\/p>\n","protected":false},"excerpt":{"rendered":"<p>N\u2019Abend allerseits, an dieser Stelle w\u00fcrde ich mich gerne als Autor vom Kommentatorenblog verabschieden. In den vergangenen Monaten musste ich bereits deutlich zur\u00fcckstecken, was die Frequenz der Eintr\u00e4ge betrifft. Und leider Gottes wird auf der Zielgeraden meines Studiums die freie Zeit nicht mehr. Daher habe ich f\u00fcr mich beschlossen, dass mit dem Abschluss dieser Bundesliga-Saison [&hellip;]<\/p>\n","protected":false},"author":2,"featured_media":0,"comment_status":"open","ping_status":"open","sticky":false,"template":"","format":"standard","meta":{"footnotes":""},"categories":[424],"tags":[20,10,645,263,178,60,131,54,164,728,13,221,89,61,182,32,69,507,676,122,294,158,9,70,112,243,121,95,17,634,15,113,293,23,84,45,222,127,22,134,28,87,105,289,18,107],"class_list":["post-12931","post","type-post","status-publish","format-standard","hentry","category-bundesliga-und-co","tag-2-bundesliga","tag-3-liga","tag-antonia-engelhardt","tag-arne-malsch","tag-br","tag-bundesliga","tag-carsten-fuss","tag-championship","tag-christian-bernhard","tag-christian-glueck","tag-dazn","tag-fa-cup","tag-florian-schmidt-sommerfeld","tag-frank-buschmann","tag-frauen-bundesliga","tag-gari-paubandt","tag-jonas-friedrich","tag-jonathan-dreier","tag-klaus-veltman","tag-laliga","tag-lenny-leonhardt","tag-ligue-1","tag-magenta-sport","tag-marcel-meinert","tag-marcus-lindemann","tag-mario-rieker","tag-markus-gaupp","tag-martin-gross","tag-mdr","tag-michael-seyberth","tag-ndr","tag-oliver-seidler","tag-oskar-heirler","tag-premier-league","tag-rene-adler","tag-roland-evers","tag-sebastian-kneissl","tag-serie-a","tag-sky","tag-sportdigital-fussball","tag-stefan-hempel","tag-torsten-kunde","tag-uli-hebel","tag-ulli-potofski","tag-wdr","tag-wolff-fuss"],"_links":{"self":[{"href":"http:\/\/kommentatorenblog.de\/index.php?rest_route=\/wp\/v2\/posts\/12931","targetHints":{"allow":["GET"]}}],"collection":[{"href":"http:\/\/kommentatorenblog.de\/index.php?rest_route=\/wp\/v2\/posts"}],"about":[{"href":"http:\/\/kommentatorenblog.de\/index.php?rest_route=\/wp\/v2\/types\/post"}],"author":[{"embeddable":true,"href":"http:\/\/kommentatorenblog.de\/index.php?rest_route=\/wp\/v2\/users\/2"}],"replies":[{"embeddable":true,"href":"http:\/\/kommentatorenblog.de\/index.php?rest_route=%2Fwp%2Fv2%2Fcomments&post=12931"}],"version-history":[{"count":26,"href":"http:\/\/kommentatorenblog.de\/index.php?rest_route=\/wp\/v2\/posts\/12931\/revisions"}],"predecessor-version":[{"id":12972,"href":"http:\/\/kommentatorenblog.de\/index.php?rest_route=\/wp\/v2\/posts\/12931\/revisions\/12972"}],"wp:attachment":[{"href":"http:\/\/kommentatorenblog.de\/index.php?rest_route=%2Fwp%2Fv2%2Fmedia&parent=12931"}],"wp:term":[{"taxonomy":"category","embeddable":true,"href":"http:\/\/kommentatorenblog.de\/index.php?rest_route=%2Fwp%2Fv2%2Fcategories&post=12931"},{"taxonomy":"post_tag","embeddable":true,"href":"http:\/\/kommentatorenblog.de\/index.php?rest_route=%2Fwp%2Fv2%2Ftags&post=12931"}],"curies":[{"name":"wp","href":"https:\/\/api.w.org\/{rel}","templated":true}]}}