{"id":13086,"date":"2022-05-26T19:30:08","date_gmt":"2022-05-26T17:30:08","guid":{"rendered":"http:\/\/kommentatorenblog.de\/?p=13086"},"modified":"2022-06-01T21:15:33","modified_gmt":"2022-06-01T19:15:33","slug":"1260-liverpool-oder-real-hauptsache-finale","status":"publish","type":"post","link":"http:\/\/kommentatorenblog.de\/?p=13086","title":{"rendered":"1260 &#8211; Liverpool oder Real? Hauptsache Finale!"},"content":{"rendered":"\n<p><em><a href=\"#update\" data-type=\"internal\" data-id=\"#update\">ZUM UPDATE VOM 30. MAI<\/a><\/em><\/p>\n\n\n\n<hr class=\"wp-block-separator\"\/>\n\n\n\n<p>N&#8217;Abend allerseits,<\/p>\n\n\n\n<p>am Samstag ist es soweit, das Champions League Finale 2022 steht an. Austragungsort ist das Stade de France im Pariser Stadtteil Saint-Denis. 2016 fand dort auch schon das Finale der Europameisterschaft statt. Wie ich finde, ein w\u00fcrdiger Austragungsort f\u00fcr so ein gro\u00dfes Spiel. Zumal bietet das Stadion ja \u00fcber 80.000 Pl\u00e4tze f\u00fcr die Zusehenden. Und wer nicht vor Ort ist, wird im TV allerbestens versorgt, da das Finale ja auch im Free-TV beim ZDF zu sehen ist. Neben dem ZDF \u00fcbertr\u00e4gt nat\u00fcrlich auch DAZN. Es ist das vierte Endspiel das der Streaming-Dienst \u00fcbertragen wird. 2019 waren sie ja auch schon beim Triumpf Liverpools in Madrid dabei. <\/p>\n\n\n\n<p>Und wenn wir schon dabei sind \u00fcber die \u00dcbertragung zu sprechen, m\u00f6chte ich kurz auf die vergangene CL-Saison im TV zur\u00fcckblicken. Es war ja in dieser Saison etwas besonderes. Erstmals seit langer Zeit war Sky nicht einer der \u00fcbertragenden Sender. Wer in dieser Saison die Champions League genie\u00dfen wollte kam an DAZN nicht vorbei. Und im Prinzip war ich auch sehr zufrieden mit deren \u00dcbertragungen. Die einzigen Kritikpunkte meinerseits sind erstens, die seltene Pr\u00e4senz vor Ort und zweitens, die Bild- und Streamingqualit\u00e4t. Zu Punkt eins: Ja, ich verstehe es wenn DAZN Spiele nicht deutscher Teams aus der Box kommentieren l\u00e4sst, aber ich finde es schade wenn Spiele wie die vom VfL Wolfsburg immer aus der Box kommen, teilweise ohne Vorberichterstattung. Und in der K.O.-Phase wurden auch nur drei von 20 Spielen, die DAZN live \u00fcbertrug, mit kompletter Crew aus dem Stadion gesendet. Und zweimal davon waren es Spiele des FC Bayern. Das zu diesem Punkt. Ich hoffe, dass sich das in der kommenden Saison ins positive verbessern wird. Das ist genauso das Stichwort f\u00fcr die Bild- und Streamingqualit\u00e4t. Meiner Meinung nach w\u00e4re es sch\u00f6n, wenn DAZN mit einer h\u00f6heren Aufl\u00f6sung senden w\u00fcrde und leider leider hatte ich h\u00e4ufig in dieser Saison das Problem, dass Streams mitten w\u00e4hrend des Spiels abschmierten. Zu meiner Verteidigung muss ich sagen, dass Spiele die Prime Video \u00fcbertragen hatte immer zu 100% fl\u00fcssig liefen, da unser Internet eigentlich ein sehr gutes ist. Aber wie auch immer. Und ja, mit dem Personal, vor allem mit den Kommentatoren, bei DAZN bin ich wirklich sehr sehr zufrieden und gut fande ich auch, dass sie alle Spiele immer als Einzelspiel und in der Konferenz angeboten haben. Klar, mit Au\u00dfnahme des Prime Video Spiels am Dienstag. <\/p>\n\n\n\n<p>Und genau mit Prime Video m\u00f6chte ich fortfahren. Es war eine unfassbar gute Premierensaison des US-Konzerns. Auch ich f\u00e4nde es bl\u00f6d, dass dienstags die Konferenz ohne das Prime Spiel auskommen musste, aber die \u00dcbertragungen waren 1a. Klar wei\u00df ich, dass finanzielle Mittel in sehr gro\u00dfen Ma\u00dfen zur Verf\u00fcgung standen. Das Team der \u00dcbertragungen hat mir sehr gefallen. Bei Moderator Sebastian Hellmann angefangen, \u00fcber die Expertenrunde rund um Matthias Sammer, der sowieso mein Lieblingsexperte im TV ist, bis zum Kommentatoren-Duo Friedrich\/H\u00f6wedes, richtig stark. <\/p>\n\n\n\n<p>Jetzt zum Finale st\u00f6\u00dft dann noch das ZDF dazu. <\/p>\n\n\n\n<p>Final jetzt die Frage an euch: Wie haben euch DAZN sowie Prime Video in dieser Saison gefallen? Gerne damit in die Kommentare. <\/p>\n\n\n\n<p>Abschlie\u00dfend m\u00f6chte ich noch sportlich auf die Champions League Saison zur\u00fcckblicken, mit Schwerpunkt auf die beiden Finalisten. Aus deutscher Sicht kann man \u00fcberhaupt nicht zufrieden sein: 3x Aus in der Gruppenphase und die Bayern fliegen bereits im Viertelfinale gegen Villarreal raus. Bei allem Respekt f\u00fcr die Spanier, die eine sensationelle Saison International spielten, muss der FC Bayern nach 180 Minuten die Mannschaft sein die im Halbfinale steht, allein aufgrund der individuellen Qualit\u00e4t. Hoffentlich k\u00f6nnen wir n\u00e4chste Saison gr\u00f6\u00dferes der deutschen Mannschaften erwarten. Sind dann ja f\u00fcnf Teilnehmer aus Deutschland dabei. Nun aber zu den beiden Finalisten: Liverpool und J\u00fcrgen Klopp gewannen zehn von zw\u00f6lf Partien, einzig beim Achtelfinal-R\u00fcckspiel gegen Inter und Viertelfinal-R\u00fcckspiel gegen Benfica gab es eine Niederlage bzw. ein Remis. Aber klar, Liverpool ist ein hochverdienter Finalteilnehmer. Sechs von sechs Spielen in der sogenannten &#8222;Todesgruppe&#8220; zu gewinnen ist nicht ohne, genauso wie die Siege nach zwei Spielen gegen Inter Mailand und Benfica Lissabon. Man k\u00f6nnte meinen das sind doch einfache Gegner, aber man muss es dann auch erstmal schaffen sie zu bew\u00e4ltigen. Im Halbfinale bezwangen sie dann noch die \u00dcberraschungsmannschaft aus Villarreal nach einem sehr dramatischen R\u00fcckspiel. Letztendlich war dies aber hochverdient, weil die Reds drei von vier Halbzeiten dominant waren. Fazit: Liverpool ist hochverdient einer von zwei Finalisten. Und der zweite Finalist? Das ist Real Madrid, dessen Fans eine unfassbare CL-Saison erleben durften, vor allem die K.O.-Phase war \u00fcberw\u00e4ltigend. Die Heimspiele im Estadio Santiago Bernab\u00e9u waren magisch. Wollen wir aber chronologisch beginnen: Die Gruppenphase war relativ entspannt f\u00fcr die K\u00f6niglichen. Es gab lediglich den Ausrutscher gegen CL-Neuling Sheriff Tiraspol. Sprich 15 von 18 m\u00f6glichen Punkten geholt. In der K.O.-Phase wurde es dann aber v\u00f6llig irre. Gro\u00dfe Gegner, gro\u00dfe Spiele. Paris Saint-Germain zu Beginn, darauffolgend im Viertelfinale der Titelverteidiger mit dem FC Chelsea und im Halbfinale ging es gegen den Englischen Meister Manchester City und Pep Guardiola. Allesamt spektakul\u00e4re Begegnungen. Gegen PSG drehten die Madrilenen nach einem zwischenzeitlichen 0:2 R\u00fcckstand in der vierten Halbzeit des Achtelfinals richtig auf und Karim Benzema erzielte ganze drei Treffer. Magisch. Und wenn wir schon bei Hattricks von Karim Benzema sind m\u00fcssen wir beim Viertelfinal-Hinspiel an der Stamford Bridge weitermachen. Wieder drei Tore des Franzosen. Im R\u00fcckspiel f\u00fchrte Chelsea dann zwischenzeitlich 3:0 und es drohte nach einem souver\u00e4nen Hinspiel eine Blamage im R\u00fcckspiel zu geben. Einer hatte aber was dagegen: der Au\u00dfenrist von Luka Modric, mehr muss ich eigentlich nicht mehr sagen. Es folgte dann noch, na klar, ein Treffer von Benzema und Real stand im Halbfinale. In diesem ging es dann v\u00f6llig verr\u00fcckt zu: Im Hinspiel ein furioses 4:3 f\u00fcr Manchester City, das dann nur noch von der Nachspielzeit des R\u00fcckspiels getoppt werden konnte. Alles in allem eine bockstarke Champions League Saison von den K\u00f6niglichen mit drei riesigen Comebacks. La remontada hoch drei. Insgesamt ist es auch ein w\u00fcrdiges Finale zwischen Klopp und Ancelotti. Ich finde man kann dieses Spiel nicht tippen, man sollte es einfach auf sich zukommen lassen und es von A bis Z genie\u00dfen. <\/p>\n\n\n\n<p>Jetzt hab ich sehr viel vorab geschrieben, nat\u00fcrlich kommen wir jetzt aber zu den Ansetzungen der n\u00e4chsten Tage und ihr werdet sehen, nicht nur in Paris gibt es ein interessantes Finale zu schauen. <\/p>\n\n\n\n<hr class=\"wp-block-separator\"\/>\n\n\n\n<p id=\"update\"><strong>+++ UPDATE: Die Ansetzungen vom 31. Mai bis zum 02. Juni 2022<\/strong><\/p>\n\n\n\n<hr class=\"wp-block-separator\"\/>\n\n\n\n<p><strong>WM-Qualifikation, Playoff-Halbfinale Weg A (DAZN)<\/strong><\/p>\n\n\n\n<p><span style=\"text-decoration: underline;\"><span style=\"text-decoration: underline;\">Mittwoch, 01. Juni 2022<\/span><\/span><\/p>\n\n\n\n<p><strong><em>Schottland \u2013\u00a0Ukraine (20.45 Uhr) <\/em><\/strong><br><img loading=\"lazy\" decoding=\"async\" width=\"10\" height=\"21\" class=\"wp-image-3656\" style=\"width: 10px;\" src=\"http:\/\/kommentatorenblog.de\/wp-content\/uploads\/2020\/09\/shure-55sh-ii-e1601485394796.jpg\" alt=\"\" srcset=\"http:\/\/kommentatorenblog.de\/wp-content\/uploads\/2020\/09\/shure-55sh-ii-e1601485394796.jpg 415w, http:\/\/kommentatorenblog.de\/wp-content\/uploads\/2020\/09\/shure-55sh-ii-e1601485394796-142x300.jpg 142w\" sizes=\"auto, (max-width: 10px) 100vw, 10px\" \/> Flo Hauser, Experte: <s>Max Nicu<\/s> Michael Hofmann<\/p>\n\n\n\n<hr class=\"wp-block-separator\"\/>\n\n\n\n<p><strong>UEFA Nations League, 1. Spieltag (DAZN)<\/strong><\/p>\n\n\n\n<p><span style=\"text-decoration: underline;\"><span style=\"text-decoration: underline;\">Mittwoch, 01. Juni 2022<\/span><\/span><\/p>\n\n\n\n<p><strong><em>Polen \u2013&nbsp;Wales (18.00 Uhr) <\/em><\/strong><br><img loading=\"lazy\" decoding=\"async\" width=\"10\" height=\"21\" class=\"wp-image-3656\" style=\"width: 10px;\" src=\"http:\/\/kommentatorenblog.de\/wp-content\/uploads\/2020\/09\/shure-55sh-ii-e1601485394796.jpg\" alt=\"\" srcset=\"http:\/\/kommentatorenblog.de\/wp-content\/uploads\/2020\/09\/shure-55sh-ii-e1601485394796.jpg 415w, http:\/\/kommentatorenblog.de\/wp-content\/uploads\/2020\/09\/shure-55sh-ii-e1601485394796-142x300.jpg 142w\" sizes=\"auto, (max-width: 10px) 100vw, 10px\" \/> Oliver Forster<\/p>\n\n\n\n<p><span style=\"text-decoration: underline;\"><span style=\"text-decoration: underline;\">Donnerstag, 02. Juni 2022<\/span><\/span><\/p>\n\n\n\n<p><strong><em>Spanien \u2013&nbsp;Portugal (20.45 Uhr) <\/em><\/strong><br><img loading=\"lazy\" decoding=\"async\" width=\"10\" height=\"21\" class=\"wp-image-3656\" style=\"width: 10px;\" src=\"http:\/\/kommentatorenblog.de\/wp-content\/uploads\/2020\/09\/shure-55sh-ii-e1601485394796.jpg\" alt=\"\" srcset=\"http:\/\/kommentatorenblog.de\/wp-content\/uploads\/2020\/09\/shure-55sh-ii-e1601485394796.jpg 415w, http:\/\/kommentatorenblog.de\/wp-content\/uploads\/2020\/09\/shure-55sh-ii-e1601485394796-142x300.jpg 142w\" sizes=\"auto, (max-width: 10px) 100vw, 10px\" \/> David Ploch, Experte: Benny Lauth<\/p>\n\n\n\n<hr class=\"wp-block-separator\"\/>\n\n\n\n<p><strong>Finalissima (DAZN)<\/strong><\/p>\n\n\n\n<p><span style=\"text-decoration: underline;\"><span style=\"text-decoration: underline;\">Mittwoch, 01. Juni 2022<\/span><\/span><\/p>\n\n\n\n<p><strong><em>Italien \u2013&nbsp;Argentinien (20.45 Uhr) <\/em><\/strong><br><img loading=\"lazy\" decoding=\"async\" width=\"10\" height=\"21\" class=\"wp-image-3656\" style=\"width: 10px;\" src=\"http:\/\/kommentatorenblog.de\/wp-content\/uploads\/2020\/09\/shure-55sh-ii-e1601485394796.jpg\" alt=\"\" srcset=\"http:\/\/kommentatorenblog.de\/wp-content\/uploads\/2020\/09\/shure-55sh-ii-e1601485394796.jpg 415w, http:\/\/kommentatorenblog.de\/wp-content\/uploads\/2020\/09\/shure-55sh-ii-e1601485394796-142x300.jpg 142w\" sizes=\"auto, (max-width: 10px) 100vw, 10px\" \/> Mario Rieker, Experte: Christian Bernhard<\/p>\n\n\n\n<hr class=\"wp-block-separator\"\/>\n\n\n\n<p><strong>AFC U23 Asien-Cup, 1. Spieltag (Sportdigital Fu\u00dfball)<\/strong><\/p>\n\n\n\n<p><span style=\"text-decoration: underline;\"><span style=\"text-decoration: underline;\">Mittwoch, 01. Juni 2022<\/span><\/span><\/p>\n\n\n\n<p><strong><em>Australien \u2013&nbsp;Kuwait (15.00 Uhr) <\/em><\/strong><br><img loading=\"lazy\" decoding=\"async\" width=\"10\" height=\"21\" class=\"wp-image-3656\" style=\"width: 10px;\" src=\"http:\/\/kommentatorenblog.de\/wp-content\/uploads\/2020\/09\/shure-55sh-ii-e1601485394796.jpg\" alt=\"\" srcset=\"http:\/\/kommentatorenblog.de\/wp-content\/uploads\/2020\/09\/shure-55sh-ii-e1601485394796.jpg 415w, http:\/\/kommentatorenblog.de\/wp-content\/uploads\/2020\/09\/shure-55sh-ii-e1601485394796-142x300.jpg 142w\" sizes=\"auto, (max-width: 10px) 100vw, 10px\" \/> Jakob Vogel<\/p>\n\n\n\n<p><strong><em>Usbekistan \u2013&nbsp;Turkmenistan (17.30 Uhr) <\/em><\/strong><br><img loading=\"lazy\" decoding=\"async\" width=\"10\" height=\"21\" class=\"wp-image-3656\" style=\"width: 10px;\" src=\"http:\/\/kommentatorenblog.de\/wp-content\/uploads\/2020\/09\/shure-55sh-ii-e1601485394796.jpg\" alt=\"\" srcset=\"http:\/\/kommentatorenblog.de\/wp-content\/uploads\/2020\/09\/shure-55sh-ii-e1601485394796.jpg 415w, http:\/\/kommentatorenblog.de\/wp-content\/uploads\/2020\/09\/shure-55sh-ii-e1601485394796-142x300.jpg 142w\" sizes=\"auto, (max-width: 10px) 100vw, 10px\" \/> Henrik Hinrichsen<\/p>\n\n\n\n<p><strong><em>Jordanien \u2013&nbsp;Irak (19.00 Uhr) <\/em><\/strong><br><img loading=\"lazy\" decoding=\"async\" width=\"10\" height=\"21\" class=\"wp-image-3656\" style=\"width: 10px;\" src=\"http:\/\/kommentatorenblog.de\/wp-content\/uploads\/2020\/09\/shure-55sh-ii-e1601485394796.jpg\" alt=\"\" srcset=\"http:\/\/kommentatorenblog.de\/wp-content\/uploads\/2020\/09\/shure-55sh-ii-e1601485394796.jpg 415w, http:\/\/kommentatorenblog.de\/wp-content\/uploads\/2020\/09\/shure-55sh-ii-e1601485394796-142x300.jpg 142w\" sizes=\"auto, (max-width: 10px) 100vw, 10px\" \/> Manuel Meyer<\/p>\n\n\n\n<p><span style=\"text-decoration: underline;\"><span style=\"text-decoration: underline;\">Donnerstag, 02. Juni 2022<\/span><\/span><\/p>\n\n\n\n<p><strong><em>S\u00fcdkorea \u2013&nbsp;Malaysia (15.00 Uhr) <\/em><\/strong><br><img loading=\"lazy\" decoding=\"async\" width=\"10\" height=\"21\" class=\"wp-image-3656\" style=\"width: 10px;\" src=\"http:\/\/kommentatorenblog.de\/wp-content\/uploads\/2020\/09\/shure-55sh-ii-e1601485394796.jpg\" alt=\"\" srcset=\"http:\/\/kommentatorenblog.de\/wp-content\/uploads\/2020\/09\/shure-55sh-ii-e1601485394796.jpg 415w, http:\/\/kommentatorenblog.de\/wp-content\/uploads\/2020\/09\/shure-55sh-ii-e1601485394796-142x300.jpg 142w\" sizes=\"auto, (max-width: 10px) 100vw, 10px\" \/> Moritz Knorr<\/p>\n\n\n\n<p><strong><em>Thailand \u2013&nbsp;Vietnam (17.00 Uhr) <\/em><\/strong><br><img loading=\"lazy\" decoding=\"async\" width=\"10\" height=\"21\" class=\"wp-image-3656\" style=\"width: 10px;\" src=\"http:\/\/kommentatorenblog.de\/wp-content\/uploads\/2020\/09\/shure-55sh-ii-e1601485394796.jpg\" alt=\"\" srcset=\"http:\/\/kommentatorenblog.de\/wp-content\/uploads\/2020\/09\/shure-55sh-ii-e1601485394796.jpg 415w, http:\/\/kommentatorenblog.de\/wp-content\/uploads\/2020\/09\/shure-55sh-ii-e1601485394796-142x300.jpg 142w\" sizes=\"auto, (max-width: 10px) 100vw, 10px\" \/> Manuel Meyer<\/p>\n\n\n\n<hr class=\"wp-block-separator\"\/>\n\n\n\n<div style=\"height:50px\" aria-hidden=\"true\" class=\"wp-block-spacer\"><\/div>\n\n\n\n<hr class=\"wp-block-separator\"\/>\n\n\n\n<p><strong><em>Die Ansetzungen vom 27. Mai bis zum 30. Mai 2022<\/em><\/strong><\/p>\n\n\n\n<p><strong>UEFA Champions League Finale 2022 <\/strong><\/p>\n\n\n\n<p><span style=\"text-decoration: underline;\"><span style=\"text-decoration: underline;\">Samstag, 28. Mai 2022, <\/span> ab 19.30 Uhr (DAZN) bzw. 19.20 Uhr (ZDF)<\/span><\/p>\n\n\n\n<p><strong><em>FC Liverpool \u2013 Real Madrid (21.00 Uhr)<\/em><\/strong><\/p>\n\n\n\n<p><img loading=\"lazy\" decoding=\"async\" width=\"10\" height=\"21\" class=\"wp-image-3656\" style=\"width: 10px;\" src=\"http:\/\/kommentatorenblog.de\/wp-content\/uploads\/2020\/09\/shure-55sh-ii-e1601485394796.jpg\" alt=\"\" srcset=\"http:\/\/kommentatorenblog.de\/wp-content\/uploads\/2020\/09\/shure-55sh-ii-e1601485394796.jpg 415w, http:\/\/kommentatorenblog.de\/wp-content\/uploads\/2020\/09\/shure-55sh-ii-e1601485394796-142x300.jpg 142w\" sizes=\"auto, (max-width: 10px) 100vw, 10px\" \/> DAZN: Jan Platte <\/p>\n\n\n\n<p><img loading=\"lazy\" decoding=\"async\" width=\"10\" height=\"21\" class=\"wp-image-3656\" style=\"width: 10px;\" src=\"http:\/\/kommentatorenblog.de\/wp-content\/uploads\/2020\/09\/shure-55sh-ii-e1601485394796.jpg\" alt=\"\" srcset=\"http:\/\/kommentatorenblog.de\/wp-content\/uploads\/2020\/09\/shure-55sh-ii-e1601485394796.jpg 415w, http:\/\/kommentatorenblog.de\/wp-content\/uploads\/2020\/09\/shure-55sh-ii-e1601485394796-142x300.jpg 142w\" sizes=\"auto, (max-width: 10px) 100vw, 10px\" \/> ZDF: B\u00e9la R\u00e9thy <\/p>\n\n\n\n<p>Moderation (DAZN): Laura Wontorra &amp; Alex Schl\u00fcter, Experten: Sandro Wagner &amp; Sami Khedira <\/p>\n\n\n\n<p>Moderation (ZDF): Jochen Breyer, Experten: Per Mertesacker &amp; Christoph Kramer, Field-Reporter\/in: Claudia Neumann &amp; Nils Kaben<\/p>\n\n\n\n<hr class=\"wp-block-separator\"\/>\n\n\n\n<p><strong>DFB-Pokal Finale der Frauen 2022 in K\u00f6ln <\/strong><\/p>\n\n\n\n<p><span style=\"text-decoration: underline;\"><span style=\"text-decoration: underline;\">Samstag. 28. Mai 2022<\/span>, ab 16.00 Uhr (Sky) bzw. 16.30 ARD)<\/span><\/p>\n\n\n\n<p><strong><em>VfL Wolfsburg&nbsp;<strong><em>\u2013<\/em><\/strong>&nbsp;1. FFC Turbine Potsdam<\/em><\/strong> <strong><em>(16.45 Uhr)<\/em><\/strong><\/p>\n\n\n\n<p><img loading=\"lazy\" decoding=\"async\" width=\"10\" height=\"21\" class=\"wp-image-3656\" style=\"width: 10px;\" src=\"http:\/\/kommentatorenblog.de\/wp-content\/uploads\/2020\/09\/shure-55sh-ii-e1601485394796.jpg\" alt=\"\" srcset=\"http:\/\/kommentatorenblog.de\/wp-content\/uploads\/2020\/09\/shure-55sh-ii-e1601485394796.jpg 415w, http:\/\/kommentatorenblog.de\/wp-content\/uploads\/2020\/09\/shure-55sh-ii-e1601485394796-142x300.jpg 142w\" sizes=\"auto, (max-width: 10px) 100vw, 10px\" \/> Sky: Hannes Herrmann, Co-Kommentatorin: Tabea Kemme <\/p>\n\n\n\n<p><img loading=\"lazy\" decoding=\"async\" width=\"10\" height=\"21\" class=\"wp-image-3656\" style=\"width: 10px;\" src=\"http:\/\/kommentatorenblog.de\/wp-content\/uploads\/2020\/09\/shure-55sh-ii-e1601485394796.jpg\" alt=\"\" srcset=\"http:\/\/kommentatorenblog.de\/wp-content\/uploads\/2020\/09\/shure-55sh-ii-e1601485394796.jpg 415w, http:\/\/kommentatorenblog.de\/wp-content\/uploads\/2020\/09\/shure-55sh-ii-e1601485394796-142x300.jpg 142w\" sizes=\"auto, (max-width: 10px) 100vw, 10px\" \/> ARD: Stephanie Baczyk<\/p>\n\n\n\n<p>Moderation (Sky): Nele Schenker, Expertin: Julia Simic <\/p>\n\n\n\n<p>Moderation (ARD): Claus Lufen, Expertin: Nia K\u00fcnzer <\/p>\n\n\n\n<hr class=\"wp-block-separator\"\/>\n\n\n\n<p><strong>Aufstiegsspiele zur 3. Liga, Play-offs<\/strong> <\/p>\n\n\n\n<p><span style=\"text-decoration: underline;\"><span style=\"text-decoration: underline;\"><span style=\"text-decoration: underline;\">Samstag, 28. Mai 2022, ab 13.45 Uhr (Magenta Sport\/rbb-NDR-Stream)<\/span><\/span><\/span><\/p>\n\n\n\n<p><strong><em>BFC Dynamo&nbsp;\u2013&nbsp;VfB Oldenburg (14.00 Uhr) <\/em><\/strong><\/p>\n\n\n\n<p><img loading=\"lazy\" decoding=\"async\" width=\"10\" height=\"21\" class=\"wp-image-3656\" style=\"width: 10px;\" src=\"http:\/\/kommentatorenblog.de\/wp-content\/uploads\/2020\/09\/shure-55sh-ii-e1601485394796.jpg\" alt=\"\" srcset=\"http:\/\/kommentatorenblog.de\/wp-content\/uploads\/2020\/09\/shure-55sh-ii-e1601485394796.jpg 415w, http:\/\/kommentatorenblog.de\/wp-content\/uploads\/2020\/09\/shure-55sh-ii-e1601485394796-142x300.jpg 142w\" sizes=\"auto, (max-width: 10px) 100vw, 10px\" \/> Magenta Sport: Gari Paubandt<\/p>\n\n\n\n<p><img loading=\"lazy\" decoding=\"async\" width=\"10\" height=\"21\" class=\"wp-image-3656\" style=\"width: 10px;\" src=\"http:\/\/kommentatorenblog.de\/wp-content\/uploads\/2020\/09\/shure-55sh-ii-e1601485394796.jpg\" alt=\"\" srcset=\"http:\/\/kommentatorenblog.de\/wp-content\/uploads\/2020\/09\/shure-55sh-ii-e1601485394796.jpg 415w, http:\/\/kommentatorenblog.de\/wp-content\/uploads\/2020\/09\/shure-55sh-ii-e1601485394796-142x300.jpg 142w\" sizes=\"auto, (max-width: 10px) 100vw, 10px\" \/> rbb\/NDR-Livestream: Christian Dexne<\/p>\n\n\n\n<p>Moderation (Magenta Sport): Anett Sattler <\/p>\n\n\n\n<p>Moderation (rbb\/NDR-Livestream): Uri Zahavi<\/p>\n\n\n\n<hr class=\"wp-block-separator\"\/>\n\n\n\n<p><strong>Championship Playoff Finale <\/strong>(DAZN\/Sportdigital) <\/p>\n\n\n\n<p><span style=\"text-decoration: underline;\"><span style=\"text-decoration: underline;\"><span style=\"text-decoration: underline;\">Sonntag, 29. Mai 2022<\/span><\/span><\/span> <\/p>\n\n\n\n<p><strong><em>Huddersfield Town&nbsp;\u2013&nbsp;Nottingham Forest (17.30 Uhr) <\/em><\/strong><\/p>\n\n\n\n<p><img loading=\"lazy\" decoding=\"async\" width=\"10\" height=\"21\" class=\"wp-image-3656\" style=\"width: 10px;\" src=\"http:\/\/kommentatorenblog.de\/wp-content\/uploads\/2020\/09\/shure-55sh-ii-e1601485394796.jpg\" alt=\"\" srcset=\"http:\/\/kommentatorenblog.de\/wp-content\/uploads\/2020\/09\/shure-55sh-ii-e1601485394796.jpg 415w, http:\/\/kommentatorenblog.de\/wp-content\/uploads\/2020\/09\/shure-55sh-ii-e1601485394796-142x300.jpg 142w\" sizes=\"auto, (max-width: 10px) 100vw, 10px\" \/> DAZN: Uli Hebel, Experte: Sebastian Knei\u00dfl <\/p>\n\n\n\n<p><img loading=\"lazy\" decoding=\"async\" width=\"10\" height=\"21\" class=\"wp-image-3656\" style=\"width: 10px;\" src=\"http:\/\/kommentatorenblog.de\/wp-content\/uploads\/2020\/09\/shure-55sh-ii-e1601485394796.jpg\" alt=\"\" srcset=\"http:\/\/kommentatorenblog.de\/wp-content\/uploads\/2020\/09\/shure-55sh-ii-e1601485394796.jpg 415w, http:\/\/kommentatorenblog.de\/wp-content\/uploads\/2020\/09\/shure-55sh-ii-e1601485394796-142x300.jpg 142w\" sizes=\"auto, (max-width: 10px) 100vw, 10px\" \/> Sportdigital: Arne Malsch<\/p>\n\n\n\n<hr class=\"wp-block-separator\"\/>\n\n\n\n<p><strong>League Two Playoff Finale (DAZN) <\/strong><\/p>\n\n\n\n<p><span style=\"text-decoration: underline;\"><span style=\"text-decoration: underline;\"><span style=\"text-decoration: underline;\">Samstag, 28. Mai 2022<\/span><\/span><\/span> <\/p>\n\n\n\n<p><strong><em>Mansfield&nbsp;\u2013&nbsp;Port Vale (17.00 Uhr) <\/em><\/strong><\/p>\n\n\n\n<p><img loading=\"lazy\" decoding=\"async\" width=\"10\" height=\"21\" class=\"wp-image-3656\" style=\"width: 10px;\" src=\"http:\/\/kommentatorenblog.de\/wp-content\/uploads\/2020\/09\/shure-55sh-ii-e1601485394796.jpg\" alt=\"\" srcset=\"http:\/\/kommentatorenblog.de\/wp-content\/uploads\/2020\/09\/shure-55sh-ii-e1601485394796.jpg 415w, http:\/\/kommentatorenblog.de\/wp-content\/uploads\/2020\/09\/shure-55sh-ii-e1601485394796-142x300.jpg 142w\" sizes=\"auto, (max-width: 10px) 100vw, 10px\" \/> Uli Hebel<\/p>\n\n\n\n<hr class=\"wp-block-separator\"\/>\n\n\n\n<p><strong>Relegation Ligue 1\/2 (DAZN) <\/strong><\/p>\n\n\n\n<p><span style=\"text-decoration: underline;\"><span style=\"text-decoration: underline;\"><span style=\"text-decoration: underline;\">Sonntag, 29. Mai 2022<\/span><\/span><\/span> <\/p>\n\n\n\n<p><strong><em>AS St. Etienne&nbsp;\u2013&nbsp;AJ Auxerre (19.00 Uhr) <\/em><\/strong><\/p>\n\n\n\n<p><img loading=\"lazy\" decoding=\"async\" width=\"10\" height=\"21\" class=\"wp-image-3656\" style=\"width: 10px;\" src=\"http:\/\/kommentatorenblog.de\/wp-content\/uploads\/2020\/09\/shure-55sh-ii-e1601485394796.jpg\" alt=\"\" srcset=\"http:\/\/kommentatorenblog.de\/wp-content\/uploads\/2020\/09\/shure-55sh-ii-e1601485394796.jpg 415w, http:\/\/kommentatorenblog.de\/wp-content\/uploads\/2020\/09\/shure-55sh-ii-e1601485394796-142x300.jpg 142w\" sizes=\"auto, (max-width: 10px) 100vw, 10px\" \/> Chris Putz <\/p>\n\n\n\n<hr class=\"wp-block-separator\"\/>\n\n\n\n<p><strong>Internationaler Fu\u00dfball (Sportdigital)<\/strong><\/p>\n\n\n\n<p><strong>CONMEBOL Libertadores (Gruppenphase, 06. Spieltag) <\/strong><\/p>\n\n\n\n<p><span style=\"text-decoration: underline;\">Freitag, 27. Mai 2022<\/span><\/p>\n\n\n\n<p><strong><em>Libertad \u2013 The Strongest<\/em><\/strong> <strong><em>(00.00 Uhr)<\/em><\/strong><\/p>\n\n\n\n<p><img loading=\"lazy\" decoding=\"async\" width=\"10\" height=\"21\" class=\"wp-image-3656\" style=\"width: 10px;\" src=\"http:\/\/kommentatorenblog.de\/wp-content\/uploads\/2020\/09\/shure-55sh-ii-e1601485394796.jpg\" alt=\"\" srcset=\"http:\/\/kommentatorenblog.de\/wp-content\/uploads\/2020\/09\/shure-55sh-ii-e1601485394796.jpg 415w, http:\/\/kommentatorenblog.de\/wp-content\/uploads\/2020\/09\/shure-55sh-ii-e1601485394796-142x300.jpg 142w\" sizes=\"auto, (max-width: 10px) 100vw, 10px\" \/> Ulf Kahmke <\/p>\n\n\n\n<p><strong><em>Boca Juniors&nbsp;\u2013&nbsp;Deportivo Cali (02.00 Uhr)<\/em><\/strong><\/p>\n\n\n\n<p><img loading=\"lazy\" decoding=\"async\" width=\"10\" height=\"21\" class=\"wp-image-3656\" style=\"width: 10px;\" src=\"http:\/\/kommentatorenblog.de\/wp-content\/uploads\/2020\/09\/shure-55sh-ii-e1601485394796.jpg\" alt=\"\" srcset=\"http:\/\/kommentatorenblog.de\/wp-content\/uploads\/2020\/09\/shure-55sh-ii-e1601485394796.jpg 415w, http:\/\/kommentatorenblog.de\/wp-content\/uploads\/2020\/09\/shure-55sh-ii-e1601485394796-142x300.jpg 142w\" sizes=\"auto, (max-width: 10px) 100vw, 10px\" \/> Christian Blunck<\/p>\n\n\n\n<hr class=\"wp-block-separator\"\/>\n\n\n\n<p><strong>A-League (Grand Final)<\/strong><\/p>\n\n\n\n<p><span style=\"text-decoration: underline;\">Samstag, 28. Mai 2022<\/span><\/p>\n\n\n\n<p><strong><em>Melbourne City \u2013 Western United<\/em><\/strong> <strong><em>(11.45 Uhr)<\/em><\/strong><\/p>\n\n\n\n<p><img loading=\"lazy\" decoding=\"async\" width=\"10\" height=\"21\" class=\"wp-image-3656\" style=\"width: 10px;\" src=\"http:\/\/kommentatorenblog.de\/wp-content\/uploads\/2020\/09\/shure-55sh-ii-e1601485394796.jpg\" alt=\"\" srcset=\"http:\/\/kommentatorenblog.de\/wp-content\/uploads\/2020\/09\/shure-55sh-ii-e1601485394796.jpg 415w, http:\/\/kommentatorenblog.de\/wp-content\/uploads\/2020\/09\/shure-55sh-ii-e1601485394796-142x300.jpg 142w\" sizes=\"auto, (max-width: 10px) 100vw, 10px\" \/> Christian Blunck <\/p>\n\n\n\n<hr class=\"wp-block-separator\"\/>\n\n\n\n<p><strong>Campeonato Brasileiro (08. Spieltag)<\/strong><\/p>\n\n\n\n<p><span style=\"text-decoration: underline;\">Samstag, 28. Mai 2022<\/span><\/p>\n\n\n\n<p><strong><em>Goias EC \u2013 Red Bull Bragantino<\/em><\/strong> <strong><em>(21.30 Uhr)<\/em><\/strong><\/p>\n\n\n\n<p><img loading=\"lazy\" decoding=\"async\" width=\"10\" height=\"21\" class=\"wp-image-3656\" style=\"width: 10px;\" src=\"http:\/\/kommentatorenblog.de\/wp-content\/uploads\/2020\/09\/shure-55sh-ii-e1601485394796.jpg\" alt=\"\" srcset=\"http:\/\/kommentatorenblog.de\/wp-content\/uploads\/2020\/09\/shure-55sh-ii-e1601485394796.jpg 415w, http:\/\/kommentatorenblog.de\/wp-content\/uploads\/2020\/09\/shure-55sh-ii-e1601485394796-142x300.jpg 142w\" sizes=\"auto, (max-width: 10px) 100vw, 10px\" \/> Ulf Kahmke<\/p>\n\n\n\n<p><span style=\"text-decoration: underline;\">Sonntag, 29. Mai 2022<\/span><\/p>\n\n\n\n<p><strong><em>Santos FC \u2013 Palmeiras (21.00 Uhr)<\/em><\/strong><\/p>\n\n\n\n<p><img loading=\"lazy\" decoding=\"async\" width=\"10\" height=\"21\" class=\"wp-image-3656\" style=\"width: 10px;\" src=\"http:\/\/kommentatorenblog.de\/wp-content\/uploads\/2020\/09\/shure-55sh-ii-e1601485394796.jpg\" alt=\"\" srcset=\"http:\/\/kommentatorenblog.de\/wp-content\/uploads\/2020\/09\/shure-55sh-ii-e1601485394796.jpg 415w, http:\/\/kommentatorenblog.de\/wp-content\/uploads\/2020\/09\/shure-55sh-ii-e1601485394796-142x300.jpg 142w\" sizes=\"auto, (max-width: 10px) 100vw, 10px\" \/> J\u00f6rg Steiger<\/p>\n\n\n\n<p><strong><em>Fluminense \u2013 Flamengo (23.00 Uhr)<\/em><\/strong><\/p>\n\n\n\n<p><img loading=\"lazy\" decoding=\"async\" width=\"10\" height=\"21\" class=\"wp-image-3656\" style=\"width: 10px;\" src=\"http:\/\/kommentatorenblog.de\/wp-content\/uploads\/2020\/09\/shure-55sh-ii-e1601485394796.jpg\" alt=\"\" srcset=\"http:\/\/kommentatorenblog.de\/wp-content\/uploads\/2020\/09\/shure-55sh-ii-e1601485394796.jpg 415w, http:\/\/kommentatorenblog.de\/wp-content\/uploads\/2020\/09\/shure-55sh-ii-e1601485394796-142x300.jpg 142w\" sizes=\"auto, (max-width: 10px) 100vw, 10px\" \/> Henrik Hinrichsen<\/p>\n\n\n\n<hr class=\"wp-block-separator\"\/>\n\n\n\n<p><strong>J. League (16. Spieltag) <\/strong><\/p>\n\n\n\n<p><span style=\"text-decoration: underline;\">Sonntag, 29. Mai 2022<\/span><\/p>\n\n\n\n<p><strong><em>Jubilo Iwata \u2013 Yokohama F-Marinos<\/em><\/strong> <strong><em>(09.03 Uhr)<\/em><\/strong><\/p>\n\n\n\n<p><img loading=\"lazy\" decoding=\"async\" width=\"10\" height=\"21\" class=\"wp-image-3656\" style=\"width: 10px;\" src=\"http:\/\/kommentatorenblog.de\/wp-content\/uploads\/2020\/09\/shure-55sh-ii-e1601485394796.jpg\" alt=\"\" srcset=\"http:\/\/kommentatorenblog.de\/wp-content\/uploads\/2020\/09\/shure-55sh-ii-e1601485394796.jpg 415w, http:\/\/kommentatorenblog.de\/wp-content\/uploads\/2020\/09\/shure-55sh-ii-e1601485394796-142x300.jpg 142w\" sizes=\"auto, (max-width: 10px) 100vw, 10px\" \/> Marcus Radefeld<\/p>\n\n\n\n<hr class=\"wp-block-separator\"\/>\n\n\n\n<p><strong>Eredivisie (EL-Playoffs, Final-R\u00fcckspiel)<\/strong><\/p>\n\n\n\n<p><span style=\"text-decoration: underline;\">Sonntag, 29. Mai 2022<\/span><\/p>\n\n\n\n<p><strong><em>AZ Alkmaar \u2013 Vitesse Arnheim<\/em><\/strong> <strong><em>(14.30 Uhr)<\/em><\/strong><\/p>\n\n\n\n<p><img loading=\"lazy\" decoding=\"async\" width=\"10\" height=\"21\" class=\"wp-image-3656\" style=\"width: 10px;\" src=\"http:\/\/kommentatorenblog.de\/wp-content\/uploads\/2020\/09\/shure-55sh-ii-e1601485394796.jpg\" alt=\"\" srcset=\"http:\/\/kommentatorenblog.de\/wp-content\/uploads\/2020\/09\/shure-55sh-ii-e1601485394796.jpg 415w, http:\/\/kommentatorenblog.de\/wp-content\/uploads\/2020\/09\/shure-55sh-ii-e1601485394796-142x300.jpg 142w\" sizes=\"auto, (max-width: 10px) 100vw, 10px\" \/> Karsten Linke <\/p>\n\n\n\n<hr class=\"wp-block-separator\"\/>\n\n\n\n<p><strong>Die Analyse<\/strong><\/p>\n\n\n\n<p>Im Vorwort habe ich schon \u00fcber das diesj\u00e4hrige Champions League Finale geschrieben, jetzt wollen wir auf die \u00dcbertragungen von jenem Finale blicken: <\/p>\n\n\n\n<p>Neben DAZN darf ja bekannterweise auch das ZDF das Finale \u00fcbertragen. In den vorherigen Jahren durften sie das nur, wenn eine deutsche Mannschaft im Finale stand. Stichwort: FC Bayern gegen PSG 2020 in Lissabon. Ab 19.20 Uhr begr\u00fc\u00dft Moderator Jochen Breyer die Zusehenden des ZDF zusammen mit den Experten Per Mertesacker und Christoph Kramer. Erstgenannter wird sp\u00e4ter auch als Co-Kommentator fungieren. Das Spiel f\u00fcrs zweite deutsche Fernsehen darf B\u00e9la R\u00e9thy kommentieren. Es wird sein letztes Champions League Finale sein. Im \u00fcbrigen kommentierte er auch das Duell dieser beiden Teams im Champions League Finale 2018 in Kiew. Die Interviews werden Claudia Neumann und Nils Kaben f\u00fchren. <\/p>\n\n\n\n<p>DAZN bietet den Zuschauern am Freitag bereits einen Countdown zum Finale an. 24,5 Stunden sp\u00e4ter, um 19.30 Uhr, geht DAZN dann mit einer Doppelmoderation auf Sendung. Laura Wontorra und Alex Schl\u00fcter werden zusammen mit zwei Experten auf Sendung gehen. Sandro Wagner und erstmals Sami Khedira, der ehemalige Spieler von Real Madrid, sind jene Experten. Wagner wird sp\u00e4ter das Spiel auch als Co-Kommentator begleiten, zusammen mit Chefkommentator Jan Platte. Und das wars auch schon mit dem DAZN-Team. Einen expliziten Field-Reporter wird es nicht geben. Wontorra und Schl\u00fcter werden diese Rolle mit \u00fcbernehmen. <\/p>\n\n\n\n<p>Fazit: Wie ich finde stellen beide Sender sehr gute Teams auf! Im \u00fcbrigen: beide Sender \u00fcbertragen mit voller Kapelle aus dem Stadion. Alles andere w\u00e4re auch fast schon frech gewesen \ud83d\ude09 <\/p>\n\n\n\n<p>Wie gegen Ende des Vorworts schon erw\u00e4hnt gibt es auch noch ein weiteres Finale an diesem Wochenende zu sehen: n\u00e4mlich das DFB-Pokal Finale der Frauen in K\u00f6ln. Die ARD sowie Sky \u00fcbertragen das Spiel. Erstgenannter Sender ab 16.30 Uhr und Sky schon eine halbe Stunde fr\u00fcher. Die TV-Teams weisen keine \u00dcberraschungen auf. Beim ersten deutschen Fernsehen kommentiert Stephanie Baczyk und beim M\u00fcnchener Sender Hannes Herrmann zusammen mit Tabea Kemme. Das Personal, das sich um Vor- sowie Nachberichterstattung k\u00fcmmert ist auch kein \u00fcberraschendes. <\/p>\n\n\n\n<p>Was gibt es noch zu schauen an diesem Wochenende? Neben einigen Spielen die Sportdigital auf dem Plan stehen hat gibt es noch Aufstiegsplayoffs in England, Frankreich sowie auch in Deutschland. Uli Hebel k\u00fcmmert sich nat\u00fcrlich um die Duelle auf der Insel, Chris Putz sich um die Frankreichs und zu guter Letzt Magenta Sport und der rbb um Dynamo Berlin und den VfL Oldenburg. <\/p>\n\n\n\n<p>Das war es auch schon f\u00fcr heute, wenig Spiele, viel Text, aber was solls. Anregungen gerne in die Kommentare, genauso wie eure Entscheidung, wo ihr das Endspiel um den Henkelpott verfolgen werdet. <\/p>\n\n\n\n<p>Ich w\u00fcnsch ein sch\u00f6nes sportliches Wochenende, bleibt gesund und bis bald! <\/p>\n\n\n\n<p>Alles Gute im \u00fcbrigen an alle V\u00e4ter dieser Welt! \ud83d\ude09 <\/p>\n","protected":false},"excerpt":{"rendered":"<p>N&#8217;Abend allerseits, am Samstag ist es soweit, das Champions League Finale 2022 steht an. Austragungsort ist das Stade de France im Pariser Stadtteil Saint-Denis. 2016 fand dort auch schon das Finale der Europameisterschaft statt. Wie ich finde, ein w\u00fcrdiger Austragungsort f\u00fcr so ein gro\u00dfes Spiel. Zumal bietet das Stadion ja \u00fcber 80.000 Pl\u00e4tze f\u00fcr die Zusehenden. <\/p>\n","protected":false},"author":7,"featured_media":0,"comment_status":"open","ping_status":"open","sticky":false,"template":"","format":"standard","meta":{"footnotes":""},"categories":[425],"tags":[49,46,263,499,57,535,544,36,636,32,104,726,48,39,58,655,59,44,503,369,637,733,161,732,350,222,620,639,402,105,734],"class_list":["post-13086","post","type-post","status-publish","format-standard","hentry","category-champions-league-und-co","tag-alex-schlueter","tag-anett-sattler","tag-arne-malsch","tag-chris-putz","tag-christian-blunck","tag-christian-dexne","tag-christoph-kramer","tag-claudia-neumann","tag-claus-lufen","tag-gari-paubandt","tag-hannes-herrmann","tag-henrik-hinrichsen","tag-jan-platte","tag-jochen-breyer","tag-joerg-steiger","tag-julia-simic","tag-karsten-linke","tag-laura-wontorra","tag-marcus-radefeld","tag-nele-schenker","tag-nia-kuenzer","tag-nils-kaben","tag-per-mertesacker","tag-sami-khedira","tag-sandro-wagner","tag-sebastian-kneissl","tag-stephanie-baczyk","tag-tabea-kemme","tag-ulf-kahmke","tag-uli-hebel","tag-uri-zahavi"],"_links":{"self":[{"href":"http:\/\/kommentatorenblog.de\/index.php?rest_route=\/wp\/v2\/posts\/13086","targetHints":{"allow":["GET"]}}],"collection":[{"href":"http:\/\/kommentatorenblog.de\/index.php?rest_route=\/wp\/v2\/posts"}],"about":[{"href":"http:\/\/kommentatorenblog.de\/index.php?rest_route=\/wp\/v2\/types\/post"}],"author":[{"embeddable":true,"href":"http:\/\/kommentatorenblog.de\/index.php?rest_route=\/wp\/v2\/users\/7"}],"replies":[{"embeddable":true,"href":"http:\/\/kommentatorenblog.de\/index.php?rest_route=%2Fwp%2Fv2%2Fcomments&post=13086"}],"version-history":[{"count":45,"href":"http:\/\/kommentatorenblog.de\/index.php?rest_route=\/wp\/v2\/posts\/13086\/revisions"}],"predecessor-version":[{"id":13144,"href":"http:\/\/kommentatorenblog.de\/index.php?rest_route=\/wp\/v2\/posts\/13086\/revisions\/13144"}],"wp:attachment":[{"href":"http:\/\/kommentatorenblog.de\/index.php?rest_route=%2Fwp%2Fv2%2Fmedia&parent=13086"}],"wp:term":[{"taxonomy":"category","embeddable":true,"href":"http:\/\/kommentatorenblog.de\/index.php?rest_route=%2Fwp%2Fv2%2Fcategories&post=13086"},{"taxonomy":"post_tag","embeddable":true,"href":"http:\/\/kommentatorenblog.de\/index.php?rest_route=%2Fwp%2Fv2%2Ftags&post=13086"}],"curies":[{"name":"wp","href":"https:\/\/api.w.org\/{rel}","templated":true}]}}