{"id":1312,"date":"2020-02-03T15:48:33","date_gmt":"2020-02-03T14:48:33","guid":{"rendered":"http:\/\/kommentatorenblog.de\/?p=1312"},"modified":"2021-02-28T22:13:51","modified_gmt":"2021-02-28T21:13:51","slug":"pokalwettbewerbe-so-verschieden","status":"publish","type":"post","link":"http:\/\/kommentatorenblog.de\/?p=1312","title":{"rendered":"1053 &#8211; Pokalwettbewerbe &#8211; so verschieden!"},"content":{"rendered":"\n<p>N\u00b4Abend allerseits!<\/p>\n\n\n\n<p>Diese Woche stehen die Achtelfinals im DFB-Pokal an. Hierzulande genie\u00dft der Verbandspokal eine vergleichsweise hohe Relevanz. Ja, auch die Top-Teams wie Bayern, Dortmund &amp; Co rotieren im Pokal. In Spanien oder England hat man teilweise das Gef\u00fchl, dass die nationalen Pokalwettbewerbe nicht mehr so ernst genommen werden. Liverpool tauscht ja quasi immer die ganze Mannschaft aus. Nicht zuletzt unterst\u00fctzen die <a href=\"https:\/\/www.t-online.de\/sport\/fussball\/international\/id_87226372\/nach-fa-cup-blamage-klopp-verweigert-pokalspiel-wir-haben-winterpause-.html\">Aussagen von J\u00fcrgen Klopp<\/a> nach dem ersten Spiel gegen den Drittligisten Shrewsbury meine These. Ich empfehle f\u00fcr mehr Informationen den Podcast <a href=\"https:\/\/klick.podigee.io\/\">KLICK &amp; RUSH &amp; FUMS<\/a>.<\/p>\n\n\n\n<p>Wie steht ihr zum DFB-Pokal. Was denkt ihr \u00fcber die &#8222;st\u00e4rkere Rotationsmaschine&#8220; in England? Haut in die Tasten und ab in die Kommentare damit!<\/p>\n\n\n\n<p>Auf den Kommentatorenpositionen bei Sky, ARD, Sport1 und DAZN gibt\u00b4s (zum Gl\u00fcck) nicht so viel Rotation. Hier die Ansetzungen!<\/p>\n\n\n\n<p><strong><em>Die Ansetzungen vom 04. Februar 2020 bis zum 06. Februar 2020<\/em><\/strong><\/p>\n\n\n\n<p><strong><em>DFB-Pokal, Achtelfinale<\/em><\/strong><\/p>\n\n\n\n<p><span style=\"text-decoration: underline;\">Dienstag, 04. Februar 2020 ab 17.30 Uhr (Sport1)\/ 18.00 Uhr (Sky)<\/span><\/p>\n\n\n\n<p><strong><em>Eintracht Frankfurt&nbsp;\u2013&nbsp;RB Leipzig (18.30 Uhr)<\/em><\/strong><\/p>\n\n\n\n<p>Sky: Marcus Lindemann (Einzelspiel), Roland Evers (Konferenz)<\/p>\n\n\n\n<p>Sport1: Markus H\u00f6hner<\/p>\n\n\n\n<p>Moderation (Sport1): Laura Papendick, Experte: Stefan Effenberg, Field-Reporter:  Jochen Stutzky  <\/p>\n\n\n\n<p><strong><em>1.FC Kaiserslautern \u2013 Fortuna D\u00fcsseldorf (18.30 Uhr)<\/em><\/strong><\/p>\n\n\n\n<p>Sky: Toni Tomic (Einzelspiel), J\u00f6rg Dahlmann (Konferenz)<\/p>\n\n\n\n<p><span style=\"text-decoration: underline;\">ab 20.15 Uhr (ARD)\/ 20.30 Uhr (Sky)<\/span><\/p>\n\n\n\n<p><strong><em>SV Werder Bremen&nbsp;\u2013&nbsp;Borussia Dortmund (20.45 Uhr)<\/em><\/strong><\/p>\n\n\n\n<p>Sky: Kai Dittmann (Einzelspiel), Frank Buschmann (Konferenz), Field-Reporter: Patrick Wasserziehr <\/p>\n\n\n\n<p>ARD: Gerd Gottlob, Field-Reporter: Janna Betten und J\u00fcrgen Bergener Moderation (ARD): Alex Bommes, Experte: Thomas Broich<\/p>\n\n\n\n<p><strong><em>FC Schalke 04 \u2013&nbsp;Hertha BSC <\/em><\/strong><strong><em>(20.45 Uhr)<\/em><\/strong><\/p>\n\n\n\n<p>Sky: Jonas Friedrich (Einzelspiel), Hansi K\u00fcpper (Konferenz), Field-Reporter: Dirk Gro\u00dfe Schlarmann <\/p>\n\n\n\n<p>Moderation (Sky): Sebastian Hellmann <\/p>\n\n\n\n<p><span style=\"text-decoration: underline;\">Mittwoch, 05. Februar 2020, ab 18.00 Uhr (Sky)<\/span><\/p>\n\n\n\n<p><strong><em>Bayer 04 Leverkusen \u2013&nbsp;VfB Stuttgart <\/em><\/strong><strong><em>(18.30 Uhr)<\/em><\/strong><\/p>\n\n\n\n<p>Sky: Martin Gro\u00df (Einzelspiel), Florian Schmidt-Sommerfeld (Konferenz)<\/p>\n\n\n\n<p><strong><em>SC Verl \u2013&nbsp;1. FC Union Berlin <\/em><\/strong><strong><em>(18.30 Uhr)<\/em><\/strong><\/p>\n\n\n\n<p>Sky: Michael Born (Einzelspiel), Holger Pfandt (Konferenz)<\/p>\n\n\n\n<p><span style=\"text-decoration: underline;\">ab 20.15 Uhr (ARD)\/ 20.30 Uhr (Sky)<\/span><\/p>\n\n\n\n<p><strong><em>FC Bayern M\u00fcnchen&nbsp;\u2013&nbsp;TSG 1899 Hoffenheim (20.45 Uhr)<\/em><\/strong><\/p>\n\n\n\n<p>Sky: Wolff Fuss (Einzelspiel), Hansi K\u00fcpper (Konferenz),  Field-Reporter: Michael Leopold <\/p>\n\n\n\n<p>ARD: Florian Na\u00df, Field-Reporter: Markus Othmer und Julia Scharf, Moderation (ARD): Matthias Opdenh\u00f6vel, Experte: Thomas Broich<\/p>\n\n\n\n<p><strong><em>1.FC Saarbr\u00fccken \u2013&nbsp;Karlsruher SC <\/em><\/strong><strong><em>(20.45 Uhr)<\/em><\/strong><\/p>\n\n\n\n<p>Sky: Klaus Veltmann (Einzelspiel), J\u00f6rg Dahlmann (Konferenz)<\/p>\n\n\n\n<p>Moderation (Sky): Jessica Libbertz <\/p>\n\n\n\n<p><strong><em>Fu\u00dfball International<\/em><\/strong><\/p>\n\n\n\n<p><span style=\"text-decoration: underline;\">Dienstag, 04. Februar 2020<\/span><\/p>\n\n\n\n<p>FA Cup, 1\/16-Finale; R\u00fcckspiel: <strong><em>FC Liverpool \u2013 Shrewsbury Town (20.45 Uhr)<\/em><\/strong><\/p>\n\n\n\n<p>DAZN: tba<\/p>\n\n\n\n<p>Copa del Rey, Viertelfinale: <strong><em>Granada CF \u2013 FC Valencia (21.00 Uhr)<\/em><\/strong><\/p>\n\n\n\n<p>DAZN: Andreas Renner <\/p>\n\n\n\n<p>Ligue 1, 23. Spieltag: <strong><em>Nantes \u2013 Paris Saint-Germain (21.05 Uhr)<\/em><\/strong><\/p>\n\n\n\n<p>DAZN: David Ploch, Experte: Alexis Menuge <\/p>\n\n\n\n<p>FA Cup, 1\/16-Finale; R\u00fcckspiel: <strong><em>Oxford United \u2013 Newcastle United (21.05 Uhr)<\/em><\/strong><\/p>\n\n\n\n<p>DAZN: Flo Hauser <\/p>\n\n\n\n<p><span style=\"text-decoration: underline;\">Mittwoch, 05. Februar 2020<\/span><\/p>\n\n\n\n<p>FA Cup, 1\/16-Finale; R\u00fcckspiel: <strong><em>Tottenham Hotspur \u2013 FC Southampton (20.45 Uhr)<\/em><\/strong><\/p>\n\n\n\n<p>DAZN: Uli Hebel<\/p>\n\n\n\n<p>Copa del Rey, Viertelfinale: <strong><em>Mirand\u00e9s \u2013 Villareal (21.00 Uhr)<\/em><\/strong><\/p>\n\n\n\n<p>DAZN: Guido H\u00fcsgen <\/p>\n\n\n\n<p>Ligue 1, 23. Spieltag: <strong><em>AS St. Etienne \u2013 Olympique Marseille (21.05 Uhr)<\/em><\/strong><\/p>\n\n\n\n<p>DAZN: Martin Sedlaczek<\/p>\n\n\n\n<p><span style=\"text-decoration: underline;\">Donnerstag, 06. Februar <\/span><\/p>\n\n\n\n<p>Copa del Rey, Viertelfinale: <strong><em>Real Madrid \u2013 Real Sociedad (19.00 Uhr)<\/em><\/strong><\/p>\n\n\n\n<p>DAZN: Uli Hebel, Experte: Ralph Gunesch<\/p>\n\n\n<p>Copa del Rey, Viertelfinale: <strong><em>Athletic Bilbao \u2013 FC Barcelona (21.00 Uhr)<\/em><\/strong><\/p>\n<p><!-- \/wp:paragraph --> <!-- wp:paragraph --><\/p>\n<p>DAZN: Jan Platte, Experte: Jonas Hummels<\/p>\n<p>Moderation (DAZN): Tobi Wahnschaffe&nbsp;<\/p>\n<p><strong>Die Analyse<\/strong><\/p>\n<p><strong>Dienstag zwei Spiele im Free-TV<\/strong><\/p>\n<p>Die Pokalwoche startet am Dienstagabend in Frankfurt. <strong>Sky<\/strong> schickt Marcus Lindemann ins Rennen. Im Free-TV bei<strong> Sport1<\/strong> gibt\u00b4s keine \u00dcberraschungen beim Personal. Alles wie bei Uerdingen-Dortmund und Bochum-Bayern. Beide Spiele hatte der Fernsehsender aus Ismaning in den Runden zuvor \u00fcbertragen. In Bochum durfte zus\u00e4tzlich noch Peter Neururer seine Expertise zum Spiel geben &#8211; ein einmaliges Intermezzo aufgrund seiner Vergangenheit an der Castroper Stra\u00dfe.<strong>&nbsp;Toni Tomic<\/strong>, der sich heute Abend aus Bochum meldet, macht vor der R\u00fcckkehr in den S\u00fcden der Republik noch Halt in Kaiserslautern.&nbsp;<\/p>\n<p>Das Free-TV-Spiel zur sp\u00e4teren Ansto\u00dfzeit ist Werder Bremen gegen Borussia Dortmund &#8211; live in der <strong>ARD<\/strong>. Das ist ein Heimspiel f\u00fcr <strong>Gerd Gottlob.<\/strong> Der NDR-Sportchef l\u00e4sst sich den Kommentar zu dieser Partie nicht nehmen. <strong>Bommes<\/strong> moderiert wie so oft Dienstags, um Mittwoch in Herten aus der Untertagebar den Sportschau Club wieder moderieren zu k\u00f6nnen &#8211; diesmal wohl wieder live. Experte an beiden Tagen ist <strong>Thomas Broich<\/strong>. Der ehemalige Torsch\u00fctzenk\u00f6nig der australischen A-League kann sich an dieser Stelle quasi bei Christoph Metzelder bedanken bzw. bei der Au\u00dfendarstellung seiner Person. Interviews f\u00fcr die ARD f\u00fchren Jana Betten (Bremen) und J\u00fcrgen Bergener (Dortmund). F\u00fcr <strong>Sky<\/strong> macht sich <strong>Dittmann<\/strong> an die Weser. <strong>Buschmann<\/strong> kommentiert in der Konferenz.&nbsp;<\/p>\n<p>Und wer wirklich noch Lust f\u00fcr eine zweite Runde zwischen Schalke und der Hertha entwickeln kann, der ist bei Sky genau richtig. <strong>Jonas Friedrich<\/strong> fliegt wohl von M\u00fcnchen in den Westen.&nbsp;<\/p>\n<p><strong>Kleine \u00dcberraschung bei der ARD, R\u00fcckkehr von Fuss<\/strong><\/p>\n<p>Der &#8222;deutsche&#8220; Mittwoch startet mit Born und Gro\u00df im Einzelspiel und Pfand und Schmiso in der Konferenz &#8211; nichts spektakul\u00e4res bei <strong>Sky<\/strong>. Das zweite Livespiel der <strong>ARD<\/strong> ist das Heimspiel der Bayern gegen Hoffenheim. Etwas \u00fcberraschend kommentiert <strong>Florian Na\u00df<\/strong>. <strong>Steffen Simon<\/strong> \u00fcbernimmt ja mittlerweile kaum noch Spiele. Der weitere Kandidat <strong>Tom Bartels<\/strong> darf am Dienstag &#8222;nur&#8220; f\u00fcr die Sportschauzusammenfassung nach Gelsenkirchen. Am Wochenende steht ja ohnehin auch der Skisprung-Weltcup in Willingen auf dem Programm. Vielleicht wurde Bartels deswegen auch nicht f\u00fcr den Live-Kommentar eingeteilt. Bei<strong> Sky<\/strong> kehrt <strong>Wolff Fuss<\/strong> nach seinem Miami-Ausflug zum SuperBowl zur\u00fcck ans Mikro. <strong>K\u00fcpper<\/strong> kommt bei den Bayern zu seinem zweiten Konferenzeinsatz beim Pokal.<strong> Dahlmann<\/strong>, der tags zuvor Lautern gegen die Fortuna in der Konferenz kommentiert, betreut das Parallelspiel zwischen Saarbr\u00fccken und Karlsruhe.&nbsp;<\/p>\n<p><strong>Die Pokalspiele stehen auch hier im Vordergrund<\/strong><\/p>\n<p>Im Internationalen Fu\u00dfball gibt\u00b4s wenig \u00dcberraschungen. Uli Hebel darf f\u00fcr DAZN zweimal ans Mikro &#8211; Mittwoch England, Donnerstag Spanien. Barcelona kommentiert wie so h\u00e4ufig das Duo Platte\/Hummels. Tobi Wahnschaffe moderiert hier. Klingt nach einem eingespielten Team. Dar\u00fcber hinaus bleibt abzuwarten, ob DAZN wirklich nicht das Liverpoolspiel \u00fcbertr\u00e4gt. Wir bleiben da dran!<\/p>\n<p>Sch\u00f6ne Fu\u00dfballwoche!<\/p>\n<p><!-- \/wp:paragraph --><\/p>\n<p><!--EndFragment--><\/p>\n<p><!--EndFragment--><\/p>\n<p><!-- wp:paragraph --><\/p>\n<p><!-- \/wp:paragraph --><\/p>","protected":false},"excerpt":{"rendered":"<p>N\u00b4Abend allerseits! Diese Woche stehen die Achtelfinals im DFB-Pokal an. Hierzulande genie\u00dft der Verbandspokal eine vergleichsweise hohe Relevanz. Ja, auch die Top-Teams wie Bayern, Dortmund &amp; Co rotieren im Pokal. In Spanien oder England hat man teilweise das Gef\u00fchl, dass die nationalen Pokalwettbewerbe nicht mehr so ernst genommen werden. Liverpool tauscht ja quasi immer die [&hellip;]<\/p>\n","protected":false},"author":3,"featured_media":0,"comment_status":"open","ping_status":"open","sticky":false,"template":"","format":"standard","meta":{"footnotes":""},"categories":[504],"tags":[246,19,178,13,65,221,99,61,249,188,74,26,248,93,159,75,158,67,250,101,88,15,98,22,66,247,107],"class_list":["post-1312","post","type-post","status-publish","format-standard","hentry","category-dfb-pokal-co","tag-alexander-bommes","tag-ard","tag-br","tag-dazn","tag-dfb-pokal","tag-fa-cup","tag-florian-nass","tag-frank-buschmann","tag-jana-betten","tag-jessica-libbertz","tag-jochen-stutzky","tag-joerg-dahlmann","tag-julia-scharf","tag-kai-dittmann","tag-la-liga","tag-laura-papendick","tag-ligue-1","tag-markus-hoehner","tag-markus-othmer","tag-matthias-opdenhoevel","tag-michael-leopold","tag-ndr","tag-sebastian-hellmann","tag-sky","tag-sport1","tag-thomas-broich","tag-wolff-fuss"],"_links":{"self":[{"href":"http:\/\/kommentatorenblog.de\/index.php?rest_route=\/wp\/v2\/posts\/1312","targetHints":{"allow":["GET"]}}],"collection":[{"href":"http:\/\/kommentatorenblog.de\/index.php?rest_route=\/wp\/v2\/posts"}],"about":[{"href":"http:\/\/kommentatorenblog.de\/index.php?rest_route=\/wp\/v2\/types\/post"}],"author":[{"embeddable":true,"href":"http:\/\/kommentatorenblog.de\/index.php?rest_route=\/wp\/v2\/users\/3"}],"replies":[{"embeddable":true,"href":"http:\/\/kommentatorenblog.de\/index.php?rest_route=%2Fwp%2Fv2%2Fcomments&post=1312"}],"version-history":[{"count":43,"href":"http:\/\/kommentatorenblog.de\/index.php?rest_route=\/wp\/v2\/posts\/1312\/revisions"}],"predecessor-version":[{"id":1362,"href":"http:\/\/kommentatorenblog.de\/index.php?rest_route=\/wp\/v2\/posts\/1312\/revisions\/1362"}],"wp:attachment":[{"href":"http:\/\/kommentatorenblog.de\/index.php?rest_route=%2Fwp%2Fv2%2Fmedia&parent=1312"}],"wp:term":[{"taxonomy":"category","embeddable":true,"href":"http:\/\/kommentatorenblog.de\/index.php?rest_route=%2Fwp%2Fv2%2Fcategories&post=1312"},{"taxonomy":"post_tag","embeddable":true,"href":"http:\/\/kommentatorenblog.de\/index.php?rest_route=%2Fwp%2Fv2%2Ftags&post=1312"}],"curies":[{"name":"wp","href":"https:\/\/api.w.org\/{rel}","templated":true}]}}