{"id":13351,"date":"2022-07-28T20:41:56","date_gmt":"2022-07-28T18:41:56","guid":{"rendered":"https:\/\/kommentatorenblog.de\/?p=13351"},"modified":"2022-08-01T11:06:11","modified_gmt":"2022-08-01T09:06:11","slug":"1270-der-em-finaler-und-des-pokals-erster-tanz","status":"publish","type":"post","link":"http:\/\/kommentatorenblog.de\/?p=13351","title":{"rendered":"1270 &#8211; Der EM finaler und des Pokals erster Tanz"},"content":{"rendered":"\n<p>N&#8217;Abend allerseits,<\/p>\n\n\n\n<p>Update: Die Spiele unter der Woche werden unten Erg\u00e4nzt. <span style=\"text-decoration: underline;\"> <\/span><\/p>\n\n\n\n<p>FINALE! Nach f\u00fcnf gro\u00dfartigen und &#8211; nicht nur den bemerkenswerten TV-Einschaltquoten nach &#8211; die Nation begeisternden Auftritten steht das DFB-Team im Finale der Europameisterschaft der Frauen. Gratulation dazu an das gesamte Team &#8211; und sehr gerne noch kr\u00f6nen: Am Sonntag (Achtung 18 Uhr!) geht&#8217;s im Wembley-Stadion vor 90.000 Zuschauer:innen im Traumfinale gegen die Gastgeberinnen. Wer f\u00fcr&#8217;s TV dabei ist, seht ihr unten in den Ansetzungen. <\/p>\n\n\n\n<p>Aus aktuellem Anlass kommen wir vor den ungef\u00e4hr 2 Kilometer langen Ansetzungen rund um DFB-Pokal &amp; Co noch schnell zur Bundesliga. Denn Sky lud am Dienstag zur Pressekonferenz zum Saisonauftakt und wir vom KommBlog waren dabei. <\/p>\n\n\n\n<p><strong>Kemme, Khedira und Simic neue Expert:innen<\/strong><\/p>\n\n\n\n<p>Mit &#8222;fu\u00dfballerischer Spitzenqualit\u00e4t und Vielfalt&#8220; beschrieb Sky-Fu\u00dfballchef Mario Nauen gegen\u00fcber Moderatorin Britta Hofmann und den online zugeschalteten Pressevertreter:innen das Sky Programm. Ein schon bekannt gegebenes neues Fu\u00dfballrecht hat Sky, und mit Christian Stra\u00dfburger ist auch der einzige Neuzugang auf dem Kommentatorenposten schon bekannt &#8211; aber der Unterf\u00f6hringer Bezahlsender hatte dennoch einiges anzuk\u00fcndigen: Erik Meijer wechselt vom Sonntag auf den Samstag und unterst\u00fctzt Didi Hamann als Experten an der Seite von Britta Hofmann\/Michael Leopold &#8211; insbesondere nat\u00fcrlich am Analysescreen. Den ebenfalls bei der Pressekonferenz vertretenen Hamann schien diese Erg\u00e4nzung zu freuen. In dem Zuge wird &#8222;Alle Spiele, alle Tore&#8220; im Anschluss an die Konferenz von 60 auf 75 Minuten verl\u00e4ngert. Im parallel zu ASAT laufenden Vorbericht zum jeweiligen Topspiel um 18:30 Uhr gibt es ebenfalls Expertinnen-Zuwachs: Gemeinsam mit Lothar Matth\u00e4us und Sebastian Hellmann analysiert k\u00fcnftig Julia Simic im Wechsel mit Tabea Kemme. Au\u00dferdem sollen diese Saison alle Topspiele um 18:30 Uhr beginnend mit dem Supercup \u00fcber die linearen Kan\u00e4le mit Dolby Atmos laufen. <\/p>\n\n\n\n<p>Experten-Zuwachs gibt es indes auch beim Konkurrenten DAZN: Weltmeister Sami Khedira wird wie Vize-Weltmeister Michael Ballack das Team des Streamingdienstes prominent verst\u00e4rken. In der zugeh\u00f6rigen Pressemitteilung schreibt DAZN, dass neben Ballack und Khedira das &#8222;bew\u00e4hrte Expertenteam um Sandro Wagner und Seb Knei\u00dfl an Bord&#8220; bleibt. Scheint also, als w\u00fcrden sich die Freitags- und Sonntagseins\u00e4tze um dieses Quartett konzentrieren.<\/p>\n\n\n\n<p><strong>Studio-Umz\u00fcge und Match of the Week der Women&#8217;s Super League<\/strong><\/p>\n\n\n\n<p>Zur\u00fcck zu Sky. Erik Meijers Wechsel auf den Samstag r\u00fchrt bekannterma\u00dfen daher, dass die Sonntags-Show nicht in dem Ma\u00dfe fortgesetzt wird. \u00dcbrig bleibt die Highlight-Strecke der Sonntagsspiele, die fortan im Wechsel mit Manuel Baum und Mirko Slomka als Experten besetzt wird. Der Sonntag wird zudem beginnend mit der \u00dcbertragung der 2. Bundesliga als eine Sendestrecke aus dem gro\u00dfen Studio A pr\u00e4sentiert. Auch &#8222;Deine Vorschau&#8220; am Freitag darf umziehen und kommt fortan aus dem Studio B. Zudem soll auch das Match of the Week der Premier League neu eingebettet werden. Das Pendant in der neu erworbenen FA Women&#8217;s Super League will Sky ebenfalls mit deutschem Kommentar und einer Expertin besetzen, wenn auch der Sendeplatz dieses MOTW \u00fcbers Wochenende flexibel bleiben soll.<\/p>\n\n\n\n<p>Allgemein liege der &#8222;Fokus bei Sky auf Frauensport&#8220;, wie Britta Hofmann erkl\u00e4rte. &#8222;Wir wollen in dem Bereich Vorreiter sein&#8220;, formulierte Mario Nauen das Ziel. Relativ offen kommunizierte man das Interesse an den TV-Rechten f\u00fcr die Frauen-Bundesliga ab kommender Saison. Die Suche nach Kommentatorinnen f\u00fcr Sky l\u00e4uft bereits.<\/p>\n\n\n\n<p>Mitten in einer solchen Suche ist \u00fcbrigens auch Mitbewerber DAZN, der am Sonntag die erste Folge seines medial aufbereiteten Kommentator:innen-Castings auf die Plattform stellen will. Unter den f\u00fcnf Finalist:innen sind zwei Frauen.<\/p>\n\n\n\n<p>Bei der Saisonauftakts-PK von Sky gaben anschlie\u00dfend Didi Hamann und Tabea Kemme noch ihre Einsch\u00e4tzungen zur neuen Saison ab. Nachdem die 2. Bundesliga ja schon gestartet ist, geht der &#8222;Saisonauftakt bei Sky&#8220; nun nahtlos in den DFB-Pokal \u00fcber. Ende August wird man \u00fcbrigens mit der Begegnung Kiel-Bochum auch wieder ein Spiel des Wettbewerbs der Frauen zeigen.<br>Einstweilen aber zu den Ansetzungen f\u00fcr die kommenden vier Tage:<\/p>\n\n\n\n<h4 class=\"wp-block-heading\">Die Ansetzungen vom 29. Juli 2022 bis 01. August 2022:<\/h4>\n\n\n\n<hr class=\"wp-block-separator is-style-default\"\/>\n\n\n\n<p><strong>UEFA Frauen-EM 2022, Finale (ARD\/DAZN)<\/strong><\/p>\n\n\n\n<p><u>Sonntag, 31. Juli 2022, <\/u><span style=\"text-decoration: underline;\">ab 17.<span style=\"text-decoration: underline;\">05<\/span><\/span><span style=\"text-decoration: underline;\"><span style=\"text-decoration: underline;\"> Uhr (ARD), ab 17.40 Uhr (DAZN)<\/span><\/span><\/p>\n\n\n\n<p><strong style=\"font-style: italic;\">England\/Schweden <strong><em><span><b style=\"font-style: italic;\">\u2013<\/b><\/span><\/em><\/strong><\/strong> <em><strong>Deutschland\/Frankreich (18.00 Uhr)<\/strong><\/em> <\/p>\n\n\n\n<p><img loading=\"lazy\" decoding=\"async\" width=\"10\" height=\"21\" class=\"wp-image-3656\" style=\"width: 10px;\" src=\"http:\/\/kommentatorenblog.de\/wp-content\/uploads\/2020\/09\/shure-55sh-ii-e1601485394796.jpg\" alt=\"\" srcset=\"http:\/\/kommentatorenblog.de\/wp-content\/uploads\/2020\/09\/shure-55sh-ii-e1601485394796.jpg 415w, http:\/\/kommentatorenblog.de\/wp-content\/uploads\/2020\/09\/shure-55sh-ii-e1601485394796-142x300.jpg 142w\" sizes=\"auto, (max-width: 10px) 100vw, 10px\" \/> ARD: Bernd Schmelzer<br>Moderation (ARD): Claus Lufen, Expertin: Nia K\u00fcnzer<\/p>\n\n\n\n<p><img loading=\"lazy\" decoding=\"async\" width=\"10\" height=\"21\" class=\"wp-image-3656\" style=\"width: 10px;\" src=\"http:\/\/kommentatorenblog.de\/wp-content\/uploads\/2020\/09\/shure-55sh-ii-e1601485394796.jpg\" alt=\"\" srcset=\"http:\/\/kommentatorenblog.de\/wp-content\/uploads\/2020\/09\/shure-55sh-ii-e1601485394796.jpg 415w, http:\/\/kommentatorenblog.de\/wp-content\/uploads\/2020\/09\/shure-55sh-ii-e1601485394796-142x300.jpg 142w\" sizes=\"auto, (max-width: 10px) 100vw, 10px\" \/> DAZN: Jan Platte, Expertin: Turid Knaak<\/p>\n\n\n\n<hr class=\"wp-block-separator is-style-default\"\/>\n\n\n\n<p><strong>DFL-Supercup (Sat.1\/Sky)<\/strong><\/p>\n\n\n\n<p><span style=\"text-decoration: underline;\">Samstag, 30. Juli 2022, <span style=\"text-decoration: underline;\">ab 19.00 Uhr (Sat.1), ab 20.00 Uhr (Sky)<\/span><\/span><\/p>\n\n\n\n<p><strong style=\"font-style: italic;\">RB Leipzig <strong><em><span><b style=\"font-style: italic;\">\u2013<\/b><\/span><\/em><\/strong><\/strong> <em><strong>FC Bayern M\u00fcnchen (20.30 Uhr)<\/strong><\/em> <\/p>\n\n\n\n<p><img loading=\"lazy\" decoding=\"async\" width=\"10\" height=\"21\" class=\"wp-image-3656\" style=\"width: 10px;\" src=\"http:\/\/kommentatorenblog.de\/wp-content\/uploads\/2020\/09\/shure-55sh-ii-e1601485394796.jpg\" alt=\"\" srcset=\"http:\/\/kommentatorenblog.de\/wp-content\/uploads\/2020\/09\/shure-55sh-ii-e1601485394796.jpg 415w, http:\/\/kommentatorenblog.de\/wp-content\/uploads\/2020\/09\/shure-55sh-ii-e1601485394796-142x300.jpg 142w\" sizes=\"auto, (max-width: 10px) 100vw, 10px\" \/> Sat.1: Wolff Fuss<br>Field-Reporter (Sat.1): Matthias Killing<br>Moderation (Sat.1): Matthias Opdenh\u00f6vel, Experte: Ralf Rangnick<\/p>\n\n\n\n<p><img loading=\"lazy\" decoding=\"async\" width=\"10\" height=\"21\" class=\"wp-image-3656\" style=\"width: 10px;\" src=\"http:\/\/kommentatorenblog.de\/wp-content\/uploads\/2020\/09\/shure-55sh-ii-e1601485394796.jpg\" alt=\"\" srcset=\"http:\/\/kommentatorenblog.de\/wp-content\/uploads\/2020\/09\/shure-55sh-ii-e1601485394796.jpg 415w, http:\/\/kommentatorenblog.de\/wp-content\/uploads\/2020\/09\/shure-55sh-ii-e1601485394796-142x300.jpg 142w\" sizes=\"auto, (max-width: 10px) 100vw, 10px\" \/> Sky: Kai Dittmann<br>Field-Reporterin (Sky): Nele Schenker<br>Moderation (Sky): Patrick Wasserziehr<\/p>\n\n\n\n<hr class=\"wp-block-separator is-style-default\"\/>\n\n\n\n<p><strong>DFB-Pokal, 1. Runde (Sky\/ARD\/ZDF)<\/strong><\/p>\n\n\n\n<p><span style=\"text-decoration: underline;\">Freitag, 29. Juli 2022, <span style=\"text-decoration: underline;\">ab 17.30 Uhr (Sky)<\/span><\/span><\/p>\n\n\n\n<p><strong style=\"font-style: italic;\">Dynamo Dresden <strong><em><span><b style=\"font-style: italic;\">\u2013<\/b><\/span><\/em><\/strong><\/strong> <em><strong>VfB Stuttgart (18.01 Uhr)<\/strong><\/em> <br><img loading=\"lazy\" decoding=\"async\" width=\"10\" height=\"21\" class=\"wp-image-3656\" style=\"width: 10px;\" src=\"http:\/\/kommentatorenblog.de\/wp-content\/uploads\/2020\/09\/shure-55sh-ii-e1601485394796.jpg\" alt=\"\" srcset=\"http:\/\/kommentatorenblog.de\/wp-content\/uploads\/2020\/09\/shure-55sh-ii-e1601485394796.jpg 415w, http:\/\/kommentatorenblog.de\/wp-content\/uploads\/2020\/09\/shure-55sh-ii-e1601485394796-142x300.jpg 142w\" sizes=\"auto, (max-width: 10px) 100vw, 10px\" \/> Kai Dittmann (Einzelspiel), Martin Gro\u00df (Konferenz)<br>Field-Reporter: Patrick Wasserziehr<\/p>\n\n\n\n<p><strong style=\"font-style: italic;\">TSG Neustrelitz <strong><em><span><b style=\"font-style: italic;\">\u2013<\/b><\/span><\/em><\/strong><\/strong> <em><strong>Karlsruher SC (18.01 Uhr)<\/strong><\/em> <br><img loading=\"lazy\" decoding=\"async\" width=\"10\" height=\"21\" class=\"wp-image-3656\" style=\"width: 10px;\" src=\"http:\/\/kommentatorenblog.de\/wp-content\/uploads\/2020\/09\/shure-55sh-ii-e1601485394796.jpg\" alt=\"\" srcset=\"http:\/\/kommentatorenblog.de\/wp-content\/uploads\/2020\/09\/shure-55sh-ii-e1601485394796.jpg 415w, http:\/\/kommentatorenblog.de\/wp-content\/uploads\/2020\/09\/shure-55sh-ii-e1601485394796-142x300.jpg 142w\" sizes=\"auto, (max-width: 10px) 100vw, 10px\" \/> Thomas Wagner (Einzelspiel), Torsten Kunde (Konferenz)<br>Interviews: Schalte<\/p>\n\n\n\n<p><strong style=\"font-style: italic;\">1. FC Kaan-Marienborn 07 <strong><em><span><b style=\"font-style: italic;\">\u2013<\/b><\/span><\/em><\/strong><\/strong> <em><strong>1. FC N\u00fcrnberg (18.01 Uhr)<\/strong><\/em> <br><img loading=\"lazy\" decoding=\"async\" width=\"10\" height=\"21\" class=\"wp-image-3656\" style=\"width: 10px;\" src=\"http:\/\/kommentatorenblog.de\/wp-content\/uploads\/2020\/09\/shure-55sh-ii-e1601485394796.jpg\" alt=\"\" srcset=\"http:\/\/kommentatorenblog.de\/wp-content\/uploads\/2020\/09\/shure-55sh-ii-e1601485394796.jpg 415w, http:\/\/kommentatorenblog.de\/wp-content\/uploads\/2020\/09\/shure-55sh-ii-e1601485394796-142x300.jpg 142w\" sizes=\"auto, (max-width: 10px) 100vw, 10px\" \/> Klaus Veltman (Einzelspiel), Roland Evers (Konferenz)<br>Interviews: Schalte<\/p>\n\n\n\n<p><span style=\"text-decoration: underline;\">ab 20.15 Uhr (ZDF) bzw. ab 20.30 Uhr (Sky)<\/span><\/p>\n\n\n\n<p><strong style=\"font-style: italic;\">TSV 1860 M\u00fcnchen <strong><em><span><b style=\"font-style: italic;\">\u2013<\/b><\/span><\/em><\/strong><\/strong> <em><strong>Borussia Dortmund (20.46 Uhr)<\/strong><\/em> <\/p>\n\n\n\n<p><img loading=\"lazy\" decoding=\"async\" width=\"10\" height=\"21\" class=\"wp-image-3656\" style=\"width: 10px;\" src=\"http:\/\/kommentatorenblog.de\/wp-content\/uploads\/2020\/09\/shure-55sh-ii-e1601485394796.jpg\" alt=\"\" srcset=\"http:\/\/kommentatorenblog.de\/wp-content\/uploads\/2020\/09\/shure-55sh-ii-e1601485394796.jpg 415w, http:\/\/kommentatorenblog.de\/wp-content\/uploads\/2020\/09\/shure-55sh-ii-e1601485394796-142x300.jpg 142w\" sizes=\"auto, (max-width: 10px) 100vw, 10px\" \/> ZDF: B\u00e9la R\u00e9thy, Experte: Hanno Balitsch<br>Field-Reporter:in (ZDF): Franziska M\u00fcllers, Lars Ruthemann<br>Moderation (ZDF): Katrin M\u00fcller-Hohenstein, Experten: Stefan Schneider, Sven Bender<\/p>\n\n\n\n<p><img loading=\"lazy\" decoding=\"async\" width=\"10\" height=\"21\" class=\"wp-image-3656\" style=\"width: 10px;\" src=\"http:\/\/kommentatorenblog.de\/wp-content\/uploads\/2020\/09\/shure-55sh-ii-e1601485394796.jpg\" alt=\"\" srcset=\"http:\/\/kommentatorenblog.de\/wp-content\/uploads\/2020\/09\/shure-55sh-ii-e1601485394796.jpg 415w, http:\/\/kommentatorenblog.de\/wp-content\/uploads\/2020\/09\/shure-55sh-ii-e1601485394796-142x300.jpg 142w\" sizes=\"auto, (max-width: 10px) 100vw, 10px\" \/> Sky: Wolff Fuss<br>Field-Reporter (Sky): Michael Leopold<\/p>\n\n\n\n<p>Moderation (Sky): Nele Schenker<\/p>\n\n\n\n<p><span style=\"text-decoration: underline;\">Samstag, 30. Juli 2022, <span style=\"text-decoration: underline;\">ab 12.30 Uhr (Sky)<\/span><\/span><\/p>\n\n\n\n<p><strong style=\"font-style: italic;\">FC Viktoria 1889 Berlin <strong><em><span><b style=\"font-style: italic;\">\u2013<\/b><\/span><\/em><\/strong><\/strong> <em><strong>VfL Bochum (13.01 Uhr)<\/strong><\/em> <br><img loading=\"lazy\" decoding=\"async\" width=\"10\" height=\"21\" class=\"wp-image-3656\" style=\"width: 10px;\" src=\"http:\/\/kommentatorenblog.de\/wp-content\/uploads\/2020\/09\/shure-55sh-ii-e1601485394796.jpg\" alt=\"\" srcset=\"http:\/\/kommentatorenblog.de\/wp-content\/uploads\/2020\/09\/shure-55sh-ii-e1601485394796.jpg 415w, http:\/\/kommentatorenblog.de\/wp-content\/uploads\/2020\/09\/shure-55sh-ii-e1601485394796-142x300.jpg 142w\" sizes=\"auto, (max-width: 10px) 100vw, 10px\" \/> Karsten Petrzika (Einzelspiel), Markus Gaupp (Konferenz)<br>Field-Reporter: Jens Westen<\/p>\n\n\n\n<p><strong style=\"font-style: italic;\">SV 19 Straelen <strong><em><span><b style=\"font-style: italic;\">\u2013<\/b><\/span><\/em><\/strong><\/strong> <em><strong>FC St. Pauli (13.01 Uhr)<\/strong><\/em> <br><img loading=\"lazy\" decoding=\"async\" width=\"10\" height=\"21\" class=\"wp-image-3656\" style=\"width: 10px;\" src=\"http:\/\/kommentatorenblog.de\/wp-content\/uploads\/2020\/09\/shure-55sh-ii-e1601485394796.jpg\" alt=\"\" srcset=\"http:\/\/kommentatorenblog.de\/wp-content\/uploads\/2020\/09\/shure-55sh-ii-e1601485394796.jpg 415w, http:\/\/kommentatorenblog.de\/wp-content\/uploads\/2020\/09\/shure-55sh-ii-e1601485394796-142x300.jpg 142w\" sizes=\"auto, (max-width: 10px) 100vw, 10px\" \/> Thomas Wagner (Einzelspiel), Klaus Veltman (Konferenz)<br>Interviews: Schalte<\/p>\n\n\n\n<p><span style=\"text-decoration: underline;\">ab 14.30 Uhr<\/span><\/p>\n\n\n\n<p><strong style=\"font-style: italic;\">SV Elversberg <strong><em><span><b style=\"font-style: italic;\">\u2013<\/b><\/span><\/em><\/strong><\/strong> <em><strong>Bayer 04 Leverkusen (15.31 Uhr)<\/strong><\/em> <br><img loading=\"lazy\" decoding=\"async\" width=\"10\" height=\"21\" class=\"wp-image-3656\" style=\"width: 10px;\" src=\"http:\/\/kommentatorenblog.de\/wp-content\/uploads\/2020\/09\/shure-55sh-ii-e1601485394796.jpg\" alt=\"\" srcset=\"http:\/\/kommentatorenblog.de\/wp-content\/uploads\/2020\/09\/shure-55sh-ii-e1601485394796.jpg 415w, http:\/\/kommentatorenblog.de\/wp-content\/uploads\/2020\/09\/shure-55sh-ii-e1601485394796-142x300.jpg 142w\" sizes=\"auto, (max-width: 10px) 100vw, 10px\" \/> Marcus Lindemann (Einzelspiel), Frank Buschmann (Konferenz)<br>Field-Reporter: Dirk gro\u00dfe Schlarmann<\/p>\n\n\n\n<p><strong style=\"font-style: italic;\">Jahn Regensburg <strong><em><span><b style=\"font-style: italic;\">\u2013<\/b><\/span><\/em><\/strong><\/strong> <em><strong>1. FC K\u00f6ln (15.31 Uhr)<\/strong><\/em> <br><img loading=\"lazy\" decoding=\"async\" width=\"10\" height=\"21\" class=\"wp-image-3656\" style=\"width: 10px;\" src=\"http:\/\/kommentatorenblog.de\/wp-content\/uploads\/2020\/09\/shure-55sh-ii-e1601485394796.jpg\" alt=\"\" srcset=\"http:\/\/kommentatorenblog.de\/wp-content\/uploads\/2020\/09\/shure-55sh-ii-e1601485394796.jpg 415w, http:\/\/kommentatorenblog.de\/wp-content\/uploads\/2020\/09\/shure-55sh-ii-e1601485394796-142x300.jpg 142w\" sizes=\"auto, (max-width: 10px) 100vw, 10px\" \/> Roland Evers (Einzelspiel), Martin Gro\u00df (Konferenz)<br>Field-Reporterin: Katharina Kleinfeldt<\/p>\n\n\n\n<p><strong style=\"font-style: italic;\">SpVgg Oberfranken Bayreuth <strong><em><span><b style=\"font-style: italic;\">\u2013<\/b><\/span><\/em><\/strong><\/strong> <em><strong>Hamburger SV (15.31 Uhr)<\/strong><\/em> <br><img loading=\"lazy\" decoding=\"async\" width=\"10\" height=\"21\" class=\"wp-image-3656\" style=\"width: 10px;\" src=\"http:\/\/kommentatorenblog.de\/wp-content\/uploads\/2020\/09\/shure-55sh-ii-e1601485394796.jpg\" alt=\"\" srcset=\"http:\/\/kommentatorenblog.de\/wp-content\/uploads\/2020\/09\/shure-55sh-ii-e1601485394796.jpg 415w, http:\/\/kommentatorenblog.de\/wp-content\/uploads\/2020\/09\/shure-55sh-ii-e1601485394796-142x300.jpg 142w\" sizes=\"auto, (max-width: 10px) 100vw, 10px\" \/> Stefan Hempel (Einzelspiel), Marcel Meinert (Konferenz)<br>Field-Reporter: Christian Akber-Sade<\/p>\n\n\n\n<p><strong style=\"font-style: italic;\">FV Illertissen <strong><em><span><b style=\"font-style: italic;\">\u2013<\/b><\/span><\/em><\/strong><\/strong> <em><strong>1. FC Heidenheim (15.31 Uhr)<\/strong><\/em> <br><img loading=\"lazy\" decoding=\"async\" width=\"10\" height=\"21\" class=\"wp-image-3656\" style=\"width: 10px;\" src=\"http:\/\/kommentatorenblog.de\/wp-content\/uploads\/2020\/09\/shure-55sh-ii-e1601485394796.jpg\" alt=\"\" srcset=\"http:\/\/kommentatorenblog.de\/wp-content\/uploads\/2020\/09\/shure-55sh-ii-e1601485394796.jpg 415w, http:\/\/kommentatorenblog.de\/wp-content\/uploads\/2020\/09\/shure-55sh-ii-e1601485394796-142x300.jpg 142w\" sizes=\"auto, (max-width: 10px) 100vw, 10px\" \/> Meikel Sch\u00fcler (Einzelspiel), Heiko Mallwitz (Konferenz)<br>Interviews: Schalte<\/p>\n\n\n\n<p><strong style=\"font-style: italic;\">VfB L\u00fcbeck <strong><em><span><b style=\"font-style: italic;\">\u2013<\/b><\/span><\/em><\/strong><\/strong> <em><strong>Hansa Rostock (15.31 Uhr)<\/strong><\/em> <br><img loading=\"lazy\" decoding=\"async\" width=\"10\" height=\"21\" class=\"wp-image-3656\" style=\"width: 10px;\" src=\"http:\/\/kommentatorenblog.de\/wp-content\/uploads\/2020\/09\/shure-55sh-ii-e1601485394796.jpg\" alt=\"\" srcset=\"http:\/\/kommentatorenblog.de\/wp-content\/uploads\/2020\/09\/shure-55sh-ii-e1601485394796.jpg 415w, http:\/\/kommentatorenblog.de\/wp-content\/uploads\/2020\/09\/shure-55sh-ii-e1601485394796-142x300.jpg 142w\" sizes=\"auto, (max-width: 10px) 100vw, 10px\" \/> Christian Stra\u00dfburger (Einzelspiel), Markus G\u00f6tz (Konferenz)<br>Interviews: Schalte<\/p>\n\n\n\n<p><strong style=\"font-style: italic;\">FC Einheit Wernigerode <strong><em><span><b style=\"font-style: italic;\">\u2013<\/b><\/span><\/em><\/strong><\/strong> <em><strong>SC Paderborn 07 (15.31 Uhr)<\/strong><\/em> <br><img loading=\"lazy\" decoding=\"async\" width=\"10\" height=\"21\" class=\"wp-image-3656\" style=\"width: 10px;\" src=\"http:\/\/kommentatorenblog.de\/wp-content\/uploads\/2020\/09\/shure-55sh-ii-e1601485394796.jpg\" alt=\"\" srcset=\"http:\/\/kommentatorenblog.de\/wp-content\/uploads\/2020\/09\/shure-55sh-ii-e1601485394796.jpg 415w, http:\/\/kommentatorenblog.de\/wp-content\/uploads\/2020\/09\/shure-55sh-ii-e1601485394796-142x300.jpg 142w\" sizes=\"auto, (max-width: 10px) 100vw, 10px\" \/> Martin Weinberger (Einzelspiel), Sven Schr\u00f6ter (Konferenz)<br>Interviews: Schalte<\/p>\n\n\n\n<p><span style=\"text-decoration: underline;\">ab 17.30 Uhr (Sky)<\/span><\/p>\n\n\n\n<p><strong style=\"font-style: italic;\">Stuttgarter Kickers <strong><em><span><b style=\"font-style: italic;\">\u2013<\/b><\/span><\/em><\/strong><\/strong> <em><strong>SpVgg Greuther F\u00fcrth (18.01 Uhr)<\/strong><\/em> <br><img loading=\"lazy\" decoding=\"async\" width=\"10\" height=\"21\" class=\"wp-image-3656\" style=\"width: 10px;\" src=\"http:\/\/kommentatorenblog.de\/wp-content\/uploads\/2020\/09\/shure-55sh-ii-e1601485394796.jpg\" alt=\"\" srcset=\"http:\/\/kommentatorenblog.de\/wp-content\/uploads\/2020\/09\/shure-55sh-ii-e1601485394796.jpg 415w, http:\/\/kommentatorenblog.de\/wp-content\/uploads\/2020\/09\/shure-55sh-ii-e1601485394796-142x300.jpg 142w\" sizes=\"auto, (max-width: 10px) 100vw, 10px\" \/> Toni Tomic (Einzelspiel), Joachim Hebel (Konferenz)<br>Interviews: Schalte<\/p>\n\n\n\n<p><strong style=\"font-style: italic;\">Kickers Offenbach <strong><em><span><b style=\"font-style: italic;\">\u2013<\/b><\/span><\/em><\/strong><\/strong> <em><strong>Fortuna D\u00fcsseldorf (18.01 Uhr)<\/strong><\/em> <br><img loading=\"lazy\" decoding=\"async\" width=\"10\" height=\"21\" class=\"wp-image-3656\" style=\"width: 10px;\" src=\"http:\/\/kommentatorenblog.de\/wp-content\/uploads\/2020\/09\/shure-55sh-ii-e1601485394796.jpg\" alt=\"\" srcset=\"http:\/\/kommentatorenblog.de\/wp-content\/uploads\/2020\/09\/shure-55sh-ii-e1601485394796.jpg 415w, http:\/\/kommentatorenblog.de\/wp-content\/uploads\/2020\/09\/shure-55sh-ii-e1601485394796-142x300.jpg 142w\" sizes=\"auto, (max-width: 10px) 100vw, 10px\" \/> Torsten Kunde (Einzelspiel), Hannes Herrmann (Konferenz)<br>Interviews: Schalte<\/p>\n\n\n\n<p><strong style=\"font-style: italic;\">FC Carl Zeiss Jena <strong><em><span><b style=\"font-style: italic;\">\u2013<\/b><\/span><\/em><\/strong><\/strong> <em><strong>VfL Wolfsburg (18.01 Uhr)<\/strong><\/em> <br><img loading=\"lazy\" decoding=\"async\" width=\"10\" height=\"21\" class=\"wp-image-3656\" style=\"width: 10px;\" src=\"http:\/\/kommentatorenblog.de\/wp-content\/uploads\/2020\/09\/shure-55sh-ii-e1601485394796.jpg\" alt=\"\" srcset=\"http:\/\/kommentatorenblog.de\/wp-content\/uploads\/2020\/09\/shure-55sh-ii-e1601485394796.jpg 415w, http:\/\/kommentatorenblog.de\/wp-content\/uploads\/2020\/09\/shure-55sh-ii-e1601485394796-142x300.jpg 142w\" sizes=\"auto, (max-width: 10px) 100vw, 10px\" \/> Hansi K\u00fcpper (Einzelspiel), Jonas Friedrich (Konferenz)<br>Field-Reporter: Philipp Hinze<\/p>\n\n\n\n<p>Moderation: Britta Hofmann<br>Moderation ASAT: Hartmut von Kameke<\/p>\n\n\n\n<p><span style=\"text-decoration: underline;\">Sonntag, 31. Juli 2022, <span style=\"text-decoration: underline;\">ab 12.30 Uhr (Sky)<\/span><\/span><\/p>\n\n\n\n<p><strong style=\"font-style: italic;\">BSV Rehden <strong><em><span><b style=\"font-style: italic;\">\u2013<\/b><\/span><\/em><\/strong><\/strong> <em><strong>SV Sandhausen (13.01 Uhr)<\/strong><\/em> <br><img loading=\"lazy\" decoding=\"async\" width=\"10\" height=\"21\" class=\"wp-image-3656\" style=\"width: 10px;\" src=\"http:\/\/kommentatorenblog.de\/wp-content\/uploads\/2020\/09\/shure-55sh-ii-e1601485394796.jpg\" alt=\"\" srcset=\"http:\/\/kommentatorenblog.de\/wp-content\/uploads\/2020\/09\/shure-55sh-ii-e1601485394796.jpg 415w, http:\/\/kommentatorenblog.de\/wp-content\/uploads\/2020\/09\/shure-55sh-ii-e1601485394796-142x300.jpg 142w\" sizes=\"auto, (max-width: 10px) 100vw, 10px\" \/> Dominik M\u00fcller (Einzelspiel), Joachim Hebel (Konferenz)<br>Interviews: Schalte<\/p>\n\n\n\n<p><strong style=\"font-style: italic;\">Bremer SV <strong><em><span><b style=\"font-style: italic;\">\u2013<\/b><\/span><\/em><\/strong><\/strong> <em><strong>FC Schalke 04 (13.01 Uhr)<\/strong><\/em> <br><img loading=\"lazy\" decoding=\"async\" width=\"10\" height=\"21\" class=\"wp-image-3656\" style=\"width: 10px;\" src=\"http:\/\/kommentatorenblog.de\/wp-content\/uploads\/2020\/09\/shure-55sh-ii-e1601485394796.jpg\" alt=\"\" srcset=\"http:\/\/kommentatorenblog.de\/wp-content\/uploads\/2020\/09\/shure-55sh-ii-e1601485394796.jpg 415w, http:\/\/kommentatorenblog.de\/wp-content\/uploads\/2020\/09\/shure-55sh-ii-e1601485394796-142x300.jpg 142w\" sizes=\"auto, (max-width: 10px) 100vw, 10px\" \/> Hansi K\u00fcpper (Einzelspiel), Martin Gro\u00df (Konferenz)<br>Field-Reporter: Jens Westen<\/p>\n\n\n\n<p><span style=\"text-decoration: underline;\">ab 14.30 Uhr (Sky)<\/span><\/p>\n\n\n\n<p><strong style=\"font-style: italic;\">1. FC Kaiserslautern <strong><em><span><b style=\"font-style: italic;\">\u2013<\/b><\/span><\/em><\/strong><\/strong> <em><strong>SC Freiburg (15.31 Uhr)<\/strong><\/em> <br><img loading=\"lazy\" decoding=\"async\" width=\"10\" height=\"21\" class=\"wp-image-3656\" style=\"width: 10px;\" src=\"http:\/\/kommentatorenblog.de\/wp-content\/uploads\/2020\/09\/shure-55sh-ii-e1601485394796.jpg\" alt=\"\" srcset=\"http:\/\/kommentatorenblog.de\/wp-content\/uploads\/2020\/09\/shure-55sh-ii-e1601485394796.jpg 415w, http:\/\/kommentatorenblog.de\/wp-content\/uploads\/2020\/09\/shure-55sh-ii-e1601485394796-142x300.jpg 142w\" sizes=\"auto, (max-width: 10px) 100vw, 10px\" \/> Marcus Lindemann (Einzelspiel), Frank Buschmann (Konferenz)<br>Field-Reporterin: Britta Hofmann<\/p>\n\n\n\n<p><strong style=\"font-style: italic;\">SV Oberachern <strong><em><span><b style=\"font-style: italic;\">\u2013<\/b><\/span><\/em><\/strong><\/strong> <em><strong>Borussia M\u00f6nchengladbach (15.31 Uhr)<\/strong><\/em> <br><img loading=\"lazy\" decoding=\"async\" width=\"10\" height=\"21\" class=\"wp-image-3656\" style=\"width: 10px;\" src=\"http:\/\/kommentatorenblog.de\/wp-content\/uploads\/2020\/09\/shure-55sh-ii-e1601485394796.jpg\" alt=\"\" srcset=\"http:\/\/kommentatorenblog.de\/wp-content\/uploads\/2020\/09\/shure-55sh-ii-e1601485394796.jpg 415w, http:\/\/kommentatorenblog.de\/wp-content\/uploads\/2020\/09\/shure-55sh-ii-e1601485394796-142x300.jpg 142w\" sizes=\"auto, (max-width: 10px) 100vw, 10px\" \/> Klaus Veltman (Einzelspiel), Markus G\u00f6tz (Konferenz)<br>Field-Reporter: Klaus Veltman<\/p>\n\n\n\n<p><strong style=\"font-style: italic;\">FV Engers <strong><em><span><b style=\"font-style: italic;\">\u2013<\/b><\/span><\/em><\/strong><\/strong> <em><strong>Arminia Bielefeld (15.31 Uhr)<\/strong><\/em> <br><img loading=\"lazy\" decoding=\"async\" width=\"10\" height=\"21\" class=\"wp-image-3656\" style=\"width: 10px;\" src=\"http:\/\/kommentatorenblog.de\/wp-content\/uploads\/2020\/09\/shure-55sh-ii-e1601485394796.jpg\" alt=\"\" srcset=\"http:\/\/kommentatorenblog.de\/wp-content\/uploads\/2020\/09\/shure-55sh-ii-e1601485394796.jpg 415w, http:\/\/kommentatorenblog.de\/wp-content\/uploads\/2020\/09\/shure-55sh-ii-e1601485394796-142x300.jpg 142w\" sizes=\"auto, (max-width: 10px) 100vw, 10px\" \/> Timo Schmidtchen (Einzelspiel), Heiko Mallwitz (Konferenz)<br>Interviews: Schalte<\/p>\n\n\n\n<p><strong style=\"font-style: italic;\">TSV Schott Mainz <strong><em><span><b style=\"font-style: italic;\">\u2013<\/b><\/span><\/em><\/strong><\/strong> <em><strong>Hannover 96 (15.31 Uhr)<\/strong><\/em> <br><img loading=\"lazy\" decoding=\"async\" width=\"10\" height=\"21\" class=\"wp-image-3656\" style=\"width: 10px;\" src=\"http:\/\/kommentatorenblog.de\/wp-content\/uploads\/2020\/09\/shure-55sh-ii-e1601485394796.jpg\" alt=\"\" srcset=\"http:\/\/kommentatorenblog.de\/wp-content\/uploads\/2020\/09\/shure-55sh-ii-e1601485394796.jpg 415w, http:\/\/kommentatorenblog.de\/wp-content\/uploads\/2020\/09\/shure-55sh-ii-e1601485394796-142x300.jpg 142w\" sizes=\"auto, (max-width: 10px) 100vw, 10px\" \/> Philipp Langosz (Einzelspiel), Marcel Meinert (Konferenz)<br>Interviews: Schalte<\/p>\n\n\n\n<p><strong style=\"font-style: italic;\">SV R\u00f6dinghausen <strong><em><span><b style=\"font-style: italic;\">\u2013<\/b><\/span><\/em><\/strong><\/strong> <em><strong>TSG Hoffenheim (15.31 Uhr)<\/strong><\/em> <br><img loading=\"lazy\" decoding=\"async\" width=\"10\" height=\"21\" class=\"wp-image-3656\" style=\"width: 10px;\" src=\"http:\/\/kommentatorenblog.de\/wp-content\/uploads\/2020\/09\/shure-55sh-ii-e1601485394796.jpg\" alt=\"\" srcset=\"http:\/\/kommentatorenblog.de\/wp-content\/uploads\/2020\/09\/shure-55sh-ii-e1601485394796.jpg 415w, http:\/\/kommentatorenblog.de\/wp-content\/uploads\/2020\/09\/shure-55sh-ii-e1601485394796-142x300.jpg 142w\" sizes=\"auto, (max-width: 10px) 100vw, 10px\" \/> Florian Malburg (Einzelspiel), Florian Schmidt-Sommerfeld (Konferenz)<br>Field-Reporter: Marcus J\u00fcrgensen<\/p>\n\n\n\n<p><strong style=\"font-style: italic;\">Blau-Wei\u00df Lohne <strong><em><span><b style=\"font-style: italic;\">\u2013<\/b><\/span><\/em><\/strong><\/strong> <em><strong>FC Augsburg (15.31 Uhr)<\/strong><\/em> <br><img loading=\"lazy\" decoding=\"async\" width=\"10\" height=\"21\" class=\"wp-image-3656\" style=\"width: 10px;\" src=\"http:\/\/kommentatorenblog.de\/wp-content\/uploads\/2020\/09\/shure-55sh-ii-e1601485394796.jpg\" alt=\"\" srcset=\"http:\/\/kommentatorenblog.de\/wp-content\/uploads\/2020\/09\/shure-55sh-ii-e1601485394796.jpg 415w, http:\/\/kommentatorenblog.de\/wp-content\/uploads\/2020\/09\/shure-55sh-ii-e1601485394796-142x300.jpg 142w\" sizes=\"auto, (max-width: 10px) 100vw, 10px\" \/> Christian Stra\u00dfburger (Einzelspiel), Roland Evers (Konferenz)<br>Interviews: Schalte<\/p>\n\n\n\n<p><span style=\"text-decoration: underline;\">ab 17.30 Uhr<\/span><\/p>\n\n\n\n<p><strong style=\"font-style: italic;\">Eintracht Braunschweig <strong><em><span><b style=\"font-style: italic;\">\u2013<\/b><\/span><\/em><\/strong><\/strong> <em><strong>Hertha BSC (18.01 Uhr)<\/strong><\/em> <br><img loading=\"lazy\" decoding=\"async\" width=\"10\" height=\"21\" class=\"wp-image-3656\" style=\"width: 10px;\" src=\"http:\/\/kommentatorenblog.de\/wp-content\/uploads\/2020\/09\/shure-55sh-ii-e1601485394796.jpg\" alt=\"\" srcset=\"http:\/\/kommentatorenblog.de\/wp-content\/uploads\/2020\/09\/shure-55sh-ii-e1601485394796.jpg 415w, http:\/\/kommentatorenblog.de\/wp-content\/uploads\/2020\/09\/shure-55sh-ii-e1601485394796-142x300.jpg 142w\" sizes=\"auto, (max-width: 10px) 100vw, 10px\" \/> Torsten Kunde (Einzelspiel), Jonas Friedrich (Konferenz)<br>Field-Reporter: Patrick Wasserziehr<\/p>\n\n\n\n<p><strong style=\"font-style: italic;\">SV Waldhof Mannheim <strong><em><span><b style=\"font-style: italic;\">\u2013<\/b><\/span><\/em><\/strong><\/strong> <em><strong>Holstein Kiel (18.01 Uhr)<\/strong><\/em> <br><img loading=\"lazy\" decoding=\"async\" width=\"10\" height=\"21\" class=\"wp-image-3656\" style=\"width: 10px;\" src=\"http:\/\/kommentatorenblog.de\/wp-content\/uploads\/2020\/09\/shure-55sh-ii-e1601485394796.jpg\" alt=\"\" srcset=\"http:\/\/kommentatorenblog.de\/wp-content\/uploads\/2020\/09\/shure-55sh-ii-e1601485394796.jpg 415w, http:\/\/kommentatorenblog.de\/wp-content\/uploads\/2020\/09\/shure-55sh-ii-e1601485394796-142x300.jpg 142w\" sizes=\"auto, (max-width: 10px) 100vw, 10px\" \/> Ulli Potofski (Einzelspiel), Hannes Herrmann (Konferenz)<br>Interviews: Schalte<\/p>\n\n\n\n<p><strong style=\"font-style: italic;\">Erzgebirge Aue <strong><em><span><b style=\"font-style: italic;\">\u2013<\/b><\/span><\/em><\/strong><\/strong> <em><strong>1. FSV Mainz 05 (18.01 Uhr)<\/strong><\/em> <br><img loading=\"lazy\" decoding=\"async\" width=\"10\" height=\"21\" class=\"wp-image-3656\" style=\"width: 10px;\" src=\"http:\/\/kommentatorenblog.de\/wp-content\/uploads\/2020\/09\/shure-55sh-ii-e1601485394796.jpg\" alt=\"\" srcset=\"http:\/\/kommentatorenblog.de\/wp-content\/uploads\/2020\/09\/shure-55sh-ii-e1601485394796.jpg 415w, http:\/\/kommentatorenblog.de\/wp-content\/uploads\/2020\/09\/shure-55sh-ii-e1601485394796-142x300.jpg 142w\" sizes=\"auto, (max-width: 10px) 100vw, 10px\" \/> Stefan Hempel (Einzelspiel), Sven Schr\u00f6ter (Konferenz)<br>Interviews: Schalte<\/p>\n\n\n\n<p>Moderation: Michael Leopold<br>Moderation ASAT: Katharina Kleinfeldt<\/p>\n\n\n\n<p><span style=\"text-decoration: underline;\">Montag, 01. August 2022, <span style=\"text-decoration: underline;\">ab 17.30 Uhr (Sky)<\/span><\/span><\/p>\n\n\n\n<p><strong style=\"font-style: italic;\">Chemnitzer FC <strong><em><span><b style=\"font-style: italic;\">\u2013<\/b><\/span><\/em><\/strong><\/strong> <em><strong>1. FC Union Berlin (18.01 Uhr)<\/strong><\/em> <br><img loading=\"lazy\" decoding=\"async\" width=\"10\" height=\"21\" class=\"wp-image-3656\" style=\"width: 10px;\" src=\"http:\/\/kommentatorenblog.de\/wp-content\/uploads\/2020\/09\/shure-55sh-ii-e1601485394796.jpg\" alt=\"\" srcset=\"http:\/\/kommentatorenblog.de\/wp-content\/uploads\/2020\/09\/shure-55sh-ii-e1601485394796.jpg 415w, http:\/\/kommentatorenblog.de\/wp-content\/uploads\/2020\/09\/shure-55sh-ii-e1601485394796-142x300.jpg 142w\" sizes=\"auto, (max-width: 10px) 100vw, 10px\" \/> Toni Tomic (Einzelspiel), Kai Dittmann (Konferenz)<br>Field-Reporter: Philipp Hinze<\/p>\n\n\n\n<p><strong style=\"font-style: italic;\">FC Ingolstadt <strong><em><span><b style=\"font-style: italic;\">\u2013<\/b><\/span><\/em><\/strong><\/strong> <em><strong>SV Darmstadt 98 (18.01 Uhr)<\/strong><\/em> <br><img loading=\"lazy\" decoding=\"async\" width=\"10\" height=\"21\" class=\"wp-image-3656\" style=\"width: 10px;\" src=\"http:\/\/kommentatorenblog.de\/wp-content\/uploads\/2020\/09\/shure-55sh-ii-e1601485394796.jpg\" alt=\"\" srcset=\"http:\/\/kommentatorenblog.de\/wp-content\/uploads\/2020\/09\/shure-55sh-ii-e1601485394796.jpg 415w, http:\/\/kommentatorenblog.de\/wp-content\/uploads\/2020\/09\/shure-55sh-ii-e1601485394796-142x300.jpg 142w\" sizes=\"auto, (max-width: 10px) 100vw, 10px\" \/> Ulli Potofski (Einzelspiel), Markus Gaupp (Konferenz)<br>Interviews: Schalte<\/p>\n\n\n\n<p><strong style=\"font-style: italic;\">Energie Cottbus <strong><em><span><b style=\"font-style: italic;\">\u2013<\/b><\/span><\/em><\/strong><\/strong> <em><strong>Werder Bremen (18.01 Uhr)<\/strong><\/em> <br><img loading=\"lazy\" decoding=\"async\" width=\"10\" height=\"21\" class=\"wp-image-3656\" style=\"width: 10px;\" src=\"http:\/\/kommentatorenblog.de\/wp-content\/uploads\/2020\/09\/shure-55sh-ii-e1601485394796.jpg\" alt=\"\" srcset=\"http:\/\/kommentatorenblog.de\/wp-content\/uploads\/2020\/09\/shure-55sh-ii-e1601485394796.jpg 415w, http:\/\/kommentatorenblog.de\/wp-content\/uploads\/2020\/09\/shure-55sh-ii-e1601485394796-142x300.jpg 142w\" sizes=\"auto, (max-width: 10px) 100vw, 10px\" \/> Hannes Herrmann (Einzelspiel), Florian Schmidt-Sommerfeld (Konferenz)<br>Field-Reporter: Sven T\u00f6llner<\/p>\n\n\n\n<p><span style=\"text-decoration: underline;\">ab 20.15 Uhr (ARD), ab 20.30 Uhr (Sky)<\/span><\/p>\n\n\n\n<p><strong style=\"font-style: italic;\">1. FC Magdeburg <strong><em><span><b style=\"font-style: italic;\">\u2013<\/b><\/span><\/em><\/strong><\/strong> <em><strong>Eintracht Frankfurt (20.46 Uhr)<\/strong><\/em> <\/p>\n\n\n\n<p><img loading=\"lazy\" decoding=\"async\" width=\"10\" height=\"21\" class=\"wp-image-3656\" style=\"width: 10px;\" src=\"http:\/\/kommentatorenblog.de\/wp-content\/uploads\/2020\/09\/shure-55sh-ii-e1601485394796.jpg\" alt=\"\" srcset=\"http:\/\/kommentatorenblog.de\/wp-content\/uploads\/2020\/09\/shure-55sh-ii-e1601485394796.jpg 415w, http:\/\/kommentatorenblog.de\/wp-content\/uploads\/2020\/09\/shure-55sh-ii-e1601485394796-142x300.jpg 142w\" sizes=\"auto, (max-width: 10px) 100vw, 10px\" \/> ARD: Florian Na\u00df<br>Field-Reporterin (ARD): Stephanie M\u00fcller-Spirra<br>Moderation (ARD): Alexander Bommes, Experte: Thomas Broich<\/p>\n\n\n\n<p><img loading=\"lazy\" decoding=\"async\" width=\"10\" height=\"21\" class=\"wp-image-3656\" style=\"width: 10px;\" src=\"http:\/\/kommentatorenblog.de\/wp-content\/uploads\/2020\/09\/shure-55sh-ii-e1601485394796.jpg\" alt=\"\" srcset=\"http:\/\/kommentatorenblog.de\/wp-content\/uploads\/2020\/09\/shure-55sh-ii-e1601485394796.jpg 415w, http:\/\/kommentatorenblog.de\/wp-content\/uploads\/2020\/09\/shure-55sh-ii-e1601485394796-142x300.jpg 142w\" sizes=\"auto, (max-width: 10px) 100vw, 10px\" \/> Sky: Wolff Fuss (Einzelspiel)<br>Field-Reporter (Sky): Stefan Hempel<\/p>\n\n\n\n<p>Moderation (Sky): Yannick Erkenbrecher<\/p>\n\n\n\n<hr class=\"wp-block-separator is-style-default\"\/>\n\n\n\n<p><strong>FA Community Shield (ENG), Supercup (DAZN)<\/strong><\/p>\n\n\n\n<p><span style=\"text-decoration: underline;\">Samstag, 30. Juli 2022, <span style=\"text-decoration: underline;\">ab 17.40 Uhr<\/span><\/span><\/p>\n\n\n\n<p><strong style=\"font-style: italic;\">FC Liverpool <strong><em><span><b style=\"font-style: italic;\">\u2013<\/b><\/span><\/em><\/strong><\/strong> <em><strong>Manchester City (18.00 Uhr)<\/strong><\/em> <br><img loading=\"lazy\" decoding=\"async\" width=\"10\" height=\"21\" class=\"wp-image-3656\" style=\"width: 10px;\" src=\"http:\/\/kommentatorenblog.de\/wp-content\/uploads\/2020\/09\/shure-55sh-ii-e1601485394796.jpg\" alt=\"\" srcset=\"http:\/\/kommentatorenblog.de\/wp-content\/uploads\/2020\/09\/shure-55sh-ii-e1601485394796.jpg 415w, http:\/\/kommentatorenblog.de\/wp-content\/uploads\/2020\/09\/shure-55sh-ii-e1601485394796-142x300.jpg 142w\" sizes=\"auto, (max-width: 10px) 100vw, 10px\" \/> Uli Hebel, Experten: Sascha Bigalke, Tobias Escher<br>Moderation: Tobi Wahnschaffe<\/p>\n\n\n\n<hr class=\"wp-block-separator is-style-default\"\/>\n\n\n\n<p><strong>EFL Championship (ENG), 1. Spieltag (Sportdigital FUSSBALL)<\/strong><\/p>\n\n\n\n<p><span style=\"text-decoration: underline;\">Freitag, 29. Juli 2022<\/span><\/p>\n\n\n\n<p><strong style=\"font-style: italic;\">Huddersfield Town <strong><em><span><b style=\"font-style: italic;\">\u2013<\/b><\/span><\/em><\/strong><\/strong> <em><strong>FC Burnley (21.00 Uhr)<\/strong><\/em> <br><img loading=\"lazy\" decoding=\"async\" width=\"10\" height=\"21\" class=\"wp-image-3656\" style=\"width: 10px;\" src=\"http:\/\/kommentatorenblog.de\/wp-content\/uploads\/2020\/09\/shure-55sh-ii-e1601485394796.jpg\" alt=\"\" srcset=\"http:\/\/kommentatorenblog.de\/wp-content\/uploads\/2020\/09\/shure-55sh-ii-e1601485394796.jpg 415w, http:\/\/kommentatorenblog.de\/wp-content\/uploads\/2020\/09\/shure-55sh-ii-e1601485394796-142x300.jpg 142w\" sizes=\"auto, (max-width: 10px) 100vw, 10px\" \/> tba<\/p>\n\n\n\n<p><span style=\"text-decoration: underline;\">Montag, 01. August 2022<\/span><\/p>\n\n\n\n<p><strong style=\"font-style: italic;\">FC Watford <strong><em><span><b style=\"font-style: italic;\">\u2013<\/b><\/span><\/em><\/strong><\/strong> <em><strong>Sheffield United (21.00 Uhr)<\/strong><\/em> <br><img loading=\"lazy\" decoding=\"async\" width=\"10\" height=\"21\" class=\"wp-image-3656\" style=\"width: 10px;\" src=\"http:\/\/kommentatorenblog.de\/wp-content\/uploads\/2020\/09\/shure-55sh-ii-e1601485394796.jpg\" alt=\"\" srcset=\"http:\/\/kommentatorenblog.de\/wp-content\/uploads\/2020\/09\/shure-55sh-ii-e1601485394796.jpg 415w, http:\/\/kommentatorenblog.de\/wp-content\/uploads\/2020\/09\/shure-55sh-ii-e1601485394796-142x300.jpg 142w\" sizes=\"auto, (max-width: 10px) 100vw, 10px\" \/> tba<\/p>\n\n\n\n<hr class=\"wp-block-separator is-style-default\"\/>\n\n\n\n<p><strong>Troph\u00e9e des Champions (FRA), Supercup (DAZN)<\/strong><\/p>\n\n\n\n<p><span style=\"text-decoration: underline;\">Sonntag, 31. Juli 2022<\/span><\/p>\n\n\n\n<p><strong style=\"font-style: italic;\"><em>Paris Saint-Germian<\/em> <strong><em><span><b style=\"font-style: italic;\">\u2013<\/b><\/span><\/em><\/strong><\/strong> <em><strong><em>FC Nantes<\/em> (20.00 Uhr)<\/strong><\/em> <br><img loading=\"lazy\" decoding=\"async\" width=\"10\" height=\"21\" class=\"wp-image-3656\" style=\"width: 10px;\" src=\"http:\/\/kommentatorenblog.de\/wp-content\/uploads\/2020\/09\/shure-55sh-ii-e1601485394796.jpg\" alt=\"\" srcset=\"http:\/\/kommentatorenblog.de\/wp-content\/uploads\/2020\/09\/shure-55sh-ii-e1601485394796.jpg 415w, http:\/\/kommentatorenblog.de\/wp-content\/uploads\/2020\/09\/shure-55sh-ii-e1601485394796-142x300.jpg 142w\" sizes=\"auto, (max-width: 10px) 100vw, 10px\" \/> Stefan Galler, Experte: Alexis Menuge<\/p>\n\n\n\n<hr class=\"wp-block-separator is-style-default\"\/>\n\n\n\n<p><strong>Johan Cruijff Schaal (NED), Supercup (Sportdigital FUSSBALL)<\/strong><\/p>\n\n\n\n<p><span style=\"text-decoration: underline;\">Samstag, 30. Juli 2022<\/span><\/p>\n\n\n\n<p><strong style=\"font-style: italic;\"><em>Ajax Amsterdam<\/em> <strong><em><span><b style=\"font-style: italic;\">\u2013<\/b><\/span><\/em><\/strong><\/strong> <em><strong><em>PSV Eindhoven<\/em> (20.00 Uhr)<\/strong><\/em> <br><img loading=\"lazy\" decoding=\"async\" width=\"10\" height=\"21\" class=\"wp-image-3656\" style=\"width: 10px;\" src=\"http:\/\/kommentatorenblog.de\/wp-content\/uploads\/2020\/09\/shure-55sh-ii-e1601485394796.jpg\" alt=\"\" srcset=\"http:\/\/kommentatorenblog.de\/wp-content\/uploads\/2020\/09\/shure-55sh-ii-e1601485394796.jpg 415w, http:\/\/kommentatorenblog.de\/wp-content\/uploads\/2020\/09\/shure-55sh-ii-e1601485394796-142x300.jpg 142w\" sizes=\"auto, (max-width: 10px) 100vw, 10px\" \/> Karsten Linke<\/p>\n\n\n\n<hr class=\"wp-block-separator is-style-default\"\/>\n\n\n\n<p><strong>Division 1A (BEL), 2. Spieltag (Sport1+)<\/strong><\/p>\n\n\n\n<p><span style=\"text-decoration: underline;\">Samstag, 30. Juli 2022<\/span><\/p>\n\n\n\n<p><strong style=\"font-style: italic;\"><em>Cercle Br\u00fcgge<\/em> <strong><em><span><b style=\"font-style: italic;\">\u2013<\/b><\/span><\/em><\/strong><\/strong> <em><strong><em>RSC Anderlecht<\/em> (16.00 Uhr)<\/strong><\/em> <br><img loading=\"lazy\" decoding=\"async\" width=\"10\" height=\"21\" class=\"wp-image-3656\" style=\"width: 10px;\" src=\"http:\/\/kommentatorenblog.de\/wp-content\/uploads\/2020\/09\/shure-55sh-ii-e1601485394796.jpg\" alt=\"\" srcset=\"http:\/\/kommentatorenblog.de\/wp-content\/uploads\/2020\/09\/shure-55sh-ii-e1601485394796.jpg 415w, http:\/\/kommentatorenblog.de\/wp-content\/uploads\/2020\/09\/shure-55sh-ii-e1601485394796-142x300.jpg 142w\" sizes=\"auto, (max-width: 10px) 100vw, 10px\" \/> Rudi Br\u00fcckner<\/p>\n\n\n\n<p><span style=\"text-decoration: underline;\">Sonntag, 31. Juli 2022<\/span><\/p>\n\n\n\n<p><strong style=\"font-style: italic;\"><em>KRC Genk<\/em> <strong><em><span><b style=\"font-style: italic;\">\u2013<\/b><\/span><\/em><\/strong><\/strong> <em><strong><em>Standard L\u00fcttich<\/em> (13.30 Uhr)<\/strong><\/em> <br><img loading=\"lazy\" decoding=\"async\" width=\"10\" height=\"21\" class=\"wp-image-3656\" style=\"width: 10px;\" src=\"http:\/\/kommentatorenblog.de\/wp-content\/uploads\/2020\/09\/shure-55sh-ii-e1601485394796.jpg\" alt=\"\" srcset=\"http:\/\/kommentatorenblog.de\/wp-content\/uploads\/2020\/09\/shure-55sh-ii-e1601485394796.jpg 415w, http:\/\/kommentatorenblog.de\/wp-content\/uploads\/2020\/09\/shure-55sh-ii-e1601485394796-142x300.jpg 142w\" sizes=\"auto, (max-width: 10px) 100vw, 10px\" \/> Hajo Wolff<\/p>\n\n\n\n<hr class=\"wp-block-separator is-style-default\"\/>\n\n\n\n<p><strong>Fortuna Liga (CZE), 1. Spieltag (Sportdigital FUSSBALL)<\/strong><\/p>\n\n\n\n<p><span style=\"text-decoration: underline;\">Sonntag, 31. Juli 2022<\/span><\/p>\n\n\n\n<p><strong style=\"font-style: italic;\"><em>FC Hradec Kr\u00e1lov\u00e9<\/em> <strong><em><span><b style=\"font-style: italic;\">\u2013<\/b><\/span><\/em><\/strong><\/strong> <em><strong><em>Slavia Prag<\/em> (19.00 Uhr)<\/strong><\/em> <br><img loading=\"lazy\" decoding=\"async\" width=\"10\" height=\"21\" class=\"wp-image-3656\" style=\"width: 10px;\" src=\"http:\/\/kommentatorenblog.de\/wp-content\/uploads\/2020\/09\/shure-55sh-ii-e1601485394796.jpg\" alt=\"\" srcset=\"http:\/\/kommentatorenblog.de\/wp-content\/uploads\/2020\/09\/shure-55sh-ii-e1601485394796.jpg 415w, http:\/\/kommentatorenblog.de\/wp-content\/uploads\/2020\/09\/shure-55sh-ii-e1601485394796-142x300.jpg 142w\" sizes=\"auto, (max-width: 10px) 100vw, 10px\" \/> Marcus Radefeld<\/p>\n\n\n\n<p><strong style=\"font-style: italic;\"><em>Sparta Prag<\/em> <strong><em><span><b style=\"font-style: italic;\">\u2013<\/b><\/span><\/em><\/strong><\/strong> <em><strong><em>Slovan Liberec<\/em> (19.00 Uhr)<\/strong><\/em> <br><img loading=\"lazy\" decoding=\"async\" width=\"10\" height=\"21\" class=\"wp-image-3656\" style=\"width: 10px;\" src=\"http:\/\/kommentatorenblog.de\/wp-content\/uploads\/2020\/09\/shure-55sh-ii-e1601485394796.jpg\" alt=\"\" srcset=\"http:\/\/kommentatorenblog.de\/wp-content\/uploads\/2020\/09\/shure-55sh-ii-e1601485394796.jpg 415w, http:\/\/kommentatorenblog.de\/wp-content\/uploads\/2020\/09\/shure-55sh-ii-e1601485394796-142x300.jpg 142w\" sizes=\"auto, (max-width: 10px) 100vw, 10px\" \/> Ulf Kahmke<\/p>\n\n\n\n<hr class=\"wp-block-separator is-style-default\"\/>\n\n\n\n<p><strong>Ekstraklasa (POL), 3. Spieltag (Sportdigital FUSSBALL)<\/strong><\/p>\n\n\n\n<p><span style=\"text-decoration: underline;\">Samstag, 30. Juli 2022<\/span><\/p>\n\n\n\n<p><strong style=\"font-style: italic;\"><em><strong>Radomiak Radom<\/strong><\/em> <strong><em><span><b style=\"font-style: italic;\">\u2013<\/b><\/span><\/em><\/strong><\/strong> <em><strong><em><strong>G\u00f3rnik Zabrze<\/strong><\/em> (17.30 Uhr)<\/strong><\/em> <br><img loading=\"lazy\" decoding=\"async\" width=\"10\" height=\"21\" class=\"wp-image-3656\" style=\"width: 10px;\" src=\"http:\/\/kommentatorenblog.de\/wp-content\/uploads\/2020\/09\/shure-55sh-ii-e1601485394796.jpg\" alt=\"\" srcset=\"http:\/\/kommentatorenblog.de\/wp-content\/uploads\/2020\/09\/shure-55sh-ii-e1601485394796.jpg 415w, http:\/\/kommentatorenblog.de\/wp-content\/uploads\/2020\/09\/shure-55sh-ii-e1601485394796-142x300.jpg 142w\" sizes=\"auto, (max-width: 10px) 100vw, 10px\" \/> Ulf Kahmke<\/p>\n\n\n\n<hr class=\"wp-block-separator is-style-default\"\/>\n\n\n\n<p><strong>Campeonato Brasileiro (BRA), 20. Spieltag (Sportdigital FUSSBALL)<\/strong><\/p>\n\n\n\n<p><span style=\"text-decoration: underline;\">Sonntag, 31. Juli 2022<\/span><\/p>\n\n\n\n<p><strong style=\"font-style: italic;\">Corinthians <strong>S\u00e3o Paulo<\/strong> <strong><em><span><b style=\"font-style: italic;\">\u2013<\/b><\/span><\/em><\/strong><\/strong> <em><strong>Botafogo FR (00.00 Uhr)<\/strong><\/em> <br><img loading=\"lazy\" decoding=\"async\" width=\"10\" height=\"21\" class=\"wp-image-3656\" style=\"width: 10px;\" src=\"http:\/\/kommentatorenblog.de\/wp-content\/uploads\/2020\/09\/shure-55sh-ii-e1601485394796.jpg\" alt=\"\" srcset=\"http:\/\/kommentatorenblog.de\/wp-content\/uploads\/2020\/09\/shure-55sh-ii-e1601485394796.jpg 415w, http:\/\/kommentatorenblog.de\/wp-content\/uploads\/2020\/09\/shure-55sh-ii-e1601485394796-142x300.jpg 142w\" sizes=\"auto, (max-width: 10px) 100vw, 10px\" \/> Marcus Radefeld<\/p>\n\n\n\n<p><strong style=\"font-style: italic;\"><strong>Internacional Porto Alegre<\/strong> <strong><em><span><b style=\"font-style: italic;\">\u2013<\/b><\/span><\/em><\/strong><\/strong> <em><strong><strong>Atl\u00e9tico Mineiro<\/strong> (21.00 Uhr)<\/strong><\/em> <br><img loading=\"lazy\" decoding=\"async\" width=\"10\" height=\"21\" class=\"wp-image-3656\" style=\"width: 10px;\" src=\"http:\/\/kommentatorenblog.de\/wp-content\/uploads\/2020\/09\/shure-55sh-ii-e1601485394796.jpg\" alt=\"\" srcset=\"http:\/\/kommentatorenblog.de\/wp-content\/uploads\/2020\/09\/shure-55sh-ii-e1601485394796.jpg 415w, http:\/\/kommentatorenblog.de\/wp-content\/uploads\/2020\/09\/shure-55sh-ii-e1601485394796-142x300.jpg 142w\" sizes=\"auto, (max-width: 10px) 100vw, 10px\" \/> Karsten Linke<\/p>\n\n\n\n<hr class=\"wp-block-separator is-style-default\"\/>\n\n\n\n<p><strong>Liga Profesional (ARG), 11. Spieltag (Sportdigital FUSSBALL)<\/strong><\/p>\n\n\n\n<p><span style=\"text-decoration: underline;\">Sonntag, 31. Juli 2022<\/span><\/p>\n\n\n\n<p><strong style=\"font-style: italic;\">Club Atl\u00e9tico Patronato <strong><em><span><b style=\"font-style: italic;\">\u2013<\/b><\/span><\/em><\/strong><\/strong> <em><strong>Boca Juniors (23.00 Uhr)<\/strong><\/em> <br><img loading=\"lazy\" decoding=\"async\" width=\"10\" height=\"21\" class=\"wp-image-3656\" style=\"width: 10px;\" src=\"http:\/\/kommentatorenblog.de\/wp-content\/uploads\/2020\/09\/shure-55sh-ii-e1601485394796.jpg\" alt=\"\" srcset=\"http:\/\/kommentatorenblog.de\/wp-content\/uploads\/2020\/09\/shure-55sh-ii-e1601485394796.jpg 415w, http:\/\/kommentatorenblog.de\/wp-content\/uploads\/2020\/09\/shure-55sh-ii-e1601485394796-142x300.jpg 142w\" sizes=\"auto, (max-width: 10px) 100vw, 10px\" \/> Marcus Radefeld<\/p>\n\n\n\n<hr class=\"wp-block-separator is-style-default\"\/>\n\n\n\n<p><strong>J. League (JPN), 23. Spieltag (Sportdigital FUSSBALL)<\/strong><\/p>\n\n\n\n<p><span style=\"text-decoration: underline;\">Samstag, 30. Juli 2022<\/span><\/p>\n\n\n\n<p><strong style=\"font-style: italic;\">Yokohama F. Marinos <strong><em><span><b style=\"font-style: italic;\">\u2013<\/b><\/span><\/em><\/strong><\/strong> <em><strong>Kashima Antlers (12.00 Uhr)<\/strong><\/em> <br><img loading=\"lazy\" decoding=\"async\" width=\"10\" height=\"21\" class=\"wp-image-3656\" style=\"width: 10px;\" src=\"http:\/\/kommentatorenblog.de\/wp-content\/uploads\/2020\/09\/shure-55sh-ii-e1601485394796.jpg\" alt=\"\" srcset=\"http:\/\/kommentatorenblog.de\/wp-content\/uploads\/2020\/09\/shure-55sh-ii-e1601485394796.jpg 415w, http:\/\/kommentatorenblog.de\/wp-content\/uploads\/2020\/09\/shure-55sh-ii-e1601485394796-142x300.jpg 142w\" sizes=\"auto, (max-width: 10px) 100vw, 10px\" \/> Marcus Radefeld<\/p>\n\n\n\n<hr class=\"wp-block-separator is-style-default\"\/>\n\n\n\n<p><strong>UEFA Champions League 3. Qualifikationsrunde Hinspiel (Sportdigitalfussball)<\/strong><\/p>\n\n\n\n<p><span style=\"text-decoration: underline;\">Dienstag, 2. August 2022 ab 19.50 Uhr<\/span><\/p>\n\n\n\n<p><em><strong>AS Monaco \u2013 PSV Eindhoven (20.00 Uhr)<\/strong><\/em><\/p>\n\n\n\n<p><img loading=\"lazy\" decoding=\"async\" width=\"10\" height=\"21\" class=\"wp-image-3656\" style=\"width: 10px;\" src=\"http:\/\/kommentatorenblog.de\/wp-content\/uploads\/2020\/09\/shure-55sh-ii-e1601485394796.jpg\" alt=\"\" srcset=\"http:\/\/kommentatorenblog.de\/wp-content\/uploads\/2020\/09\/shure-55sh-ii-e1601485394796.jpg 415w, http:\/\/kommentatorenblog.de\/wp-content\/uploads\/2020\/09\/shure-55sh-ii-e1601485394796-142x300.jpg 142w\" sizes=\"auto, (max-width: 10px) 100vw, 10px\" \/> Jonathan Dreier <\/p>\n\n\n\n<hr class=\"wp-block-separator is-style-default\"\/>\n\n\n\n<p><strong>Conmebol Libertadores (Viertelfinale Hinspiel)<\/strong><\/p>\n\n\n\n<p><span style=\"text-decoration: underline;\">Donnerstag, 4. August 2022 (Sportdigitalfussball)<\/span><\/p>\n\n\n\n<p><em><strong>Atletico Mineiro \u2013 Palmeiras (02.25 Uhr)<\/strong><\/em><\/p>\n\n\n\n<p><img loading=\"lazy\" decoding=\"async\" width=\"10\" height=\"21\" class=\"wp-image-3656\" style=\"width: 10px;\" src=\"http:\/\/kommentatorenblog.de\/wp-content\/uploads\/2020\/09\/shure-55sh-ii-e1601485394796.jpg\" alt=\"\" srcset=\"http:\/\/kommentatorenblog.de\/wp-content\/uploads\/2020\/09\/shure-55sh-ii-e1601485394796.jpg 415w, http:\/\/kommentatorenblog.de\/wp-content\/uploads\/2020\/09\/shure-55sh-ii-e1601485394796-142x300.jpg 142w\" sizes=\"auto, (max-width: 10px) 100vw, 10px\" \/> Karsten Linke <\/p>\n\n\n\n<hr class=\"wp-block-separator is-style-default\"\/>\n\n\n\n<p><code>ANALYSE<\/code><\/p>\n\n\n\n<p>Im Galopp durch die Wettbewerbe. Bei der Frauen-EM gibt&#8217;s nichts Auff\u00e4lliges: Bei der ARD \u00fcbernehmen wie gewohnt Claus Lufen und Nia K\u00fcnzer Vor- und Nachlauf sowie die Pausenanalyse. Der Beginn des Vorlaufs wurde mit dem Final-Einzug des deutschen Teams \u00fcbrigens schon auf 17:05 Uhr vorgezogen (urspr\u00fcnglich war 17:30 Uhr geplant). Kommentieren wird Bernd Schmelzer, das klang ja schon in den Kommentaren hier im Blog durch. Gewohntes auch bei DAZN, da Jan Platte kommentiert und zu einer neuen Runde wieder eine neue Expertin kommt. F\u00fcrs Finale konnte der Streamingdienst Turid Knaak gewinnen.<\/p>\n\n\n\n<p><strong>\u00d6sterreichischer statt t\u00fcrkischem Nationaltrainer<\/strong><\/p>\n\n\n\n<p>Einen Tag zuvor steht der Supercup bei Sky und in Sat.1 an. Hier wird Stefan Kuntz nicht mit dabei sein. An seiner Stelle gibt mit Ralf Rangnick ein anderer Nationaltrainer &#8211; n\u00e4mlich der \u00f6sterreichische &#8211; seine Expertise an der Seite des gewohnten Moderators Opdenh\u00f6vel und Kommentators Fuss ab. Der M\u00fcnchner FreeTV-Sender hat zudem angek\u00fcndigt, dass neben Rangnick auch Hansi Flick, Lothar Matth\u00e4us und Claudio Pizarro vorbeischauen werden. Die Interviews mit den Spielern f\u00fchrt Matthias Killing.<br>Weil Wolff Fuss f\u00fcr Sat.1 im Einsatz ist, \u00fcbernimmt Kai Dittmann das Aufeinandertreffen von Bayern und RB aus Leipzig f\u00fcr Sky. Patrick Wasserziehr f\u00fchrt durch die Sendung, Field-Reporterin ist Nele Schenker.<\/p>\n\n\n\n<p><strong>Zwei Sky-Spiele aus dem Stadion, Ex-L\u00f6wen-&amp;-BVB-Profi bei KMH<\/strong><\/p>\n\n\n\n<p>Am Tag zuvor ist Schenker auch schon im Einsatz, da sie durch den ersten von vier Pokaltagen bei Sky f\u00fchren wird. An diesem Abend werden zwei der vier Spiele f\u00fcr Sky aus dem Stadion kommentiert. Kai Dittmann und Wolff Fuss melden sich aus Dresden bzw. aus Giesing. Begleitet werden sie von Patrick Wasserziehr bzw. Michael Leopold, die die Interviews f\u00fchren werden. Von der Gr\u00fcnwalder Stra\u00dfe wird sich ab 20:15 Uhr auch das ZDF on Air schalten, um im Free-TV vom Gastspiel des BVB bei den L\u00f6wen zu berichten. Bel\u00e1 R\u00e9thy wird eines seiner letzten Vereinsspiele als ZDF-Kommentator begleiten und hat dabei Hanno Balitsch als Co-Kommentator an seiner Seite. Zu Katrin M\u00fcller-Hohenstein gesellt sich indes mit Sven Bender ein Ex-Profi, der einst f\u00fcr beide Vereine die Fu\u00dfballschuhe schn\u00fcrte. Auch Ex-Stadionsprecher Stefan Schneider ist angek\u00fcndigt. Franziska M\u00fcllers und Lars Ruthemann sprechen mit den Protagonisten.<br>Die anderen beiden Spiele des fr\u00fchen Abends laufen wie Dresden-Stuttgart dagegen exklusiv bei Sky und werden von Thomas Wagner sowie Klaus Veltman im Einzelfeed aus der Box in M\u00fcnchen begleitet. Da auch keine Fielder vor Ort sein werden, gibt es zumindest die technische M\u00f6glichkeit, f\u00fcr Interviews nach Siegen bzw. Neustrelitz zu schalten. <br>Am gesamten Wochenende auch echte Konferenzen geben. Den Auftakt in den Freitag machen Gro\u00df, Kunde und Evers.<\/p>\n\n\n\n<p><strong>Vier von elf Samstags-Spielen aus dem Stadion<\/strong><\/p>\n\n\n\n<p>Am Tag darauf sind fast alle Sky-Leute erneut im Einsatz. Fuss, Dittmann, Wasserziehr und Schenker sind ja beim Supercup, Thomas Wagner begleitet mit Straelen-St.Pauli erneut ein Einzelspiel aus der Box, Klaus Veltman \u00fcbernimmt dieses Spiel in der fr\u00fchen Konferenz, Martin Gro\u00df meldet sich in der mittleren Konferenz mit der Partie Regensburg-K\u00f6ln, die Roland Evers im Einzelspiel aus dem Regensburger Stadion begleitet und Torsten Kunde macht aus der Box die Fortuna bei den Offenbacher Kickers. Einzig Michael Leopold hat Pause und bereitet sich auf seinen Moderationseinsatz am Sonntag vor; am Samstag \u00fcbernimmt Britta Hofmann aus dem Studio. Hofmann wird angesichts der langen Sendestrecke zu &#8222;Alle Spiele, alle Tore&#8220; dann von Hartmut von Kameke abgel\u00f6st.<br>Bleiben neben erneut Eingesetzten noch einige Posten offen im elf Spiele umfassenden Samstag. Die fr\u00fche Konferenz mit Veltman komplettiert Markus Gaupp mit Viktoria Berlin-VfL Bochum. Dieses Spiel begleitet Sky aus dem Stadion mit Karsten Petrzika und Jens Westen.<br>In der Gruppe der 15:30-Uhr-Spiele werden zwei Spiele aus dem Stadion kommentiert: Elversberg-Leverkusen mit Marcus Lindemann und eben Regensburg-K\u00f6ln mit Evers. Zu diesem Spielen reisen dann auch die Field-Reporter:innen Dirk gro\u00dfe Schlarmann bzw. Katharina Kleinfeldt. In Bayreuth ist mit Christian Akber-Sade ein weiterer Fielder im Einsatz, kommentiert wird das Spiel jedoch aus der Box von Stefan Hempel. Aus M\u00fcnchen melden sich ebenfalls Meikel Sch\u00fcler, Christian Stra\u00dfburger und Martin Weinberger f\u00fcr die weiteren Einzelspiele um diese Uhrzeit. Die Konferenz ist um diese Uhrzeit dann mit Frank Buschmann, Martin Gro\u00df, Markus G\u00f6tz, Marcel Meinert, Heiko Mallwitz und Sven Schr\u00f6ter besetzt.<br>Falls einer der Herren wegen Verl\u00e4ngerung oder Elfmeterschie\u00dfen l\u00e4nger braucht, bekommt er m\u00f6glicherweise noch Jogi Hebel, Hannes Herrmann und Jonas Friedrich zu tun, da diese drei mit ihrem ersten Pokaleinsatz diese Saison die sp\u00e4te Konferenz schmei\u00dfen.<br>Hansi K\u00fcpper meldet sich aus dem Jenaer Stadion, gemeinsam mit dem Sky Sport News-Reporter Philipp Hinze als Field-Reporter. Die beiden weiteren Spiele begleiten Toni Tomic und Torsten Kunde aus der Box. <\/p>\n\n\n\n<p><strong>Lindemann und K\u00fcpper zum zweiten Mal aus dem Stadion, <\/strong><br><strong>Timo Schmidtchen im Kommentar<\/strong><\/p>\n\n\n\n<p>Die Konferenzen am folgenden Tag \u00fcbernehmen dann vom Wochenende schon bekannte Gesichter: Hebel, Gro\u00df, Buschmann, G\u00f6tz, Mallwitz, Meinert, Evers, Friedrich, Herrmann und Schr\u00f6ter verzeichnen ihre Eins\u00e4tze 2 bzw. 3 in dieser Runde. Einzig Schmiso kommt neu dazu. <\/p>\n\n\n\n<p>Auch am Sonntag kommen wieder vier der elf Spiele aus dem Stadion. Hansi K\u00fcpper darf dabei das zweite Mal Stadionluft schnuppern und meldet sich aus dem Marschweg-Stadion in Oldenburg. Dieses Mal begleitet ihn Jens Westen f\u00fcr Interviews. Auch das Gladbacher Gastspiel im Freiburger Dreisamstadion (Gegner ist aber Oberachern) sendet Sky von dort und wir finden Klaus Veltman in der Doppelrolle als Kommentator und Fieldreporter. <br>Gleiche Zeit, anderes Bundesland, ist f\u00fcr Marcus Lindemann der zweite Stadioneinsatz f\u00e4llig. Er meldet sich mit Freiburgs schwieriger Mission auf dem Betzenberg und Britta Hofmann f\u00fchrt dort wie schon in der ersten Runde im letzten Jahr die Interviews.<br>Das vierte Stadionspiel bekommt Torsten Kunde aus Braunschweig. <\/p>\n\n\n\n<p>Die restlichen Spiele, zum Beispiel die Kommentare von Christian Stra\u00dfburger und Stefan Hempel, kommen aus der Box. Auch Dominik M\u00fcller, Florian Malburg, Philipp Langosz und Timo Schmidtchens sind erneut in der ersten Pokalrunde im Einsatz. Das ist zwar nicht Schmidtchens erste Ansetzung als Kommentator, allerdings hat sich seine Prominenz unter Sky-Zuschauer:innen seit dem letzten Saisonstart sicherlich deutlich erh\u00f6ht. Man munkelt, er sei inzwischen sogar bei Instagram.<br>Auch Ulli Potofski h\u00f6ren wir mal wieder am Kommentatorenmikrofon, wie auch am Folgetag aus der Box.<br>Moderiert wird der Sonntag von Michael Leopold, zu ASAT l\u00f6st ihn Katharina Kleinfeldt ab.<\/p>\n\n\n\n<p><strong>Europa League-Sieger und Drittligameister mit Florian Na\u00df oder Wolff Fuss<\/strong><\/p>\n\n\n\n<p>Am fr\u00fchen Montagabend melden sich einzig Kommentator Toni Tomic und Fielder Philipp Hinze sowie Fielder Sven T\u00f6llner aus dem Stadion. Hannes Herrmann kommentiert nach zwei Konferenzeins\u00e4tzen auch im Einzelfeed aus der Box. Die Konferenz ist mit Dittmann, Schmiso und Gaupp prominent besetzt.<\/p>\n\n\n\n<p>Nach zwei Kommentaren aus der Box finden wir Stefan Hempel am Montag am Magdeburger Spielfeldrand wieder. F\u00fcr Wolff Fuss folgt der dritte Stadioneinsatz in vier Tagen. Das Gastspiel des Europa-League-Siegers beim Drittligameister wird zudem auch im Free-TV im Ersten gezeigt. Die ARD hat ja in dieser Saison neben dem ZDF erneut die Rechte f\u00fcr Pokalspiele. Florian Na\u00df ist in diesem Sommer offenbar im Dauer-Einsatz und \u00fcbernimmt nach sehr viel Radsport nun auch diese Partie f\u00fcr die Sportschau. Field-Reporterin ist Stephanie M\u00fcller-Spirra. Thomas Broich ist wie schon beim Drittligastart Experte, Alexander Bommes moderiert. F\u00fcr Sky moderiert diesen Abend \u00fcbrigens Yannick Erkenbrecher aus M\u00fcnchen.<\/p>\n\n\n\n<p>Ende August stehen dann noch die beiden Nachz\u00fcgler-Partien von Leipzig und Bayern an, die voraussichtlich Olli Seidler und Wolff Fuss \u00fcbernehmen werden. <\/p>\n\n\n\n<p><strong>Weitere Supercups am Wochenende bei DAZN und Sportdigital &#8211; <\/strong><br><strong>Marcus Radefeld im Dauereinsatz<\/strong><\/p>\n\n\n\n<p>Ansonsten sind wie in Deutschland auch andernorts die Supercups an diesem Wochenende dran. Den in England spielen nat\u00fcrlich Liverpool und ManCity aus, dieses Jahr im Stadion von Leicester &#8211; das Wembley ist ja aus gutem Grund anders belegt :). F\u00fcr DAZN begleitet nat\u00fcrlich Uli Hebel die Partie, Tobi Wahnschaffe moderiert und gleich zwei Experten, Ex-Profi Bigalke und Journalist Tobias Escher, sind dabei.<br>Auch den franz\u00f6sischen Supercup hat der Streamingdienst auf der Plattform. Meister PSG und Pokalsieger Nantes werden die Partie bestreiten. Das Kommentatorenduo Galler und Menuge ist eigentlich intuitiv.<br>Die niederl\u00e4ndische Johan Cruijff Schaal wird bei Sportdigital FUSSBALL unter den Augen von Karsten Linke am Samstagabend ausgespielt.<\/p>\n\n\n\n<p>Auch sonst hat Sportdigital FUSSBALL viel Fu\u00dfball aus Europa, Asien und insbesondere S\u00fcdamerika zu bieten. Marcus Radefeld ist dabei vier Mal binnen 36 Stunden im Einsatz!<\/p>\n\n\n\n<p>Sport1+ hat zwei Spiele des Saisonauftakts der mittlerweile aufgrund eines Sponsorings offiziell anders hei\u00dfenden Division 1A in Belgien mit deutscher Vertonung im Programm. Rudi Br\u00fcckner und Hajo Wolff kommentieren. Die beiden schottischen Spiele senden die Ismaninger wie gewohnt im Originalton.<\/p>\n\n\n\n<p>Viel los an diesem Wochenende. Ich w\u00fcnsche ein sch\u00f6nes und hinsichtlich der EM ein erfolgreiches!<\/p>\n","protected":false},"excerpt":{"rendered":"<p>N&#8217;Abend allerseits, Update: Die Spiele unter der Woche werden unten Erg\u00e4nzt. FINALE! Nach f\u00fcnf gro\u00dfartigen und &#8211; nicht nur den bemerkenswerten TV-Einschaltquoten nach &#8211; die Nation begeisternden Auftritten steht das DFB-Team im Finale der Europameisterschaft der Frauen. Gratulation dazu an das gesamte Team &#8211; und sehr gerne noch kr\u00f6nen: Am Sonntag (Achtung 18 Uhr!) geht&#8217;s [&hellip;]<\/p>\n","protected":false},"author":12,"featured_media":0,"comment_status":"open","ping_status":"open","sticky":false,"template":"","format":"standard","meta":{"footnotes":""},"categories":[504],"tags":[246,153,19,47,582,73,382,35,636,13,392,580,308,99,89,61,830,104,540,792,25,211,92,48,213,347,69,93,59,91,585,50,676,741,70,112,503,121,126,95,71,730,101,88,785,369,637,94,831,579,493,45,316,361,306,22,434,134,154,28,575,763,27,102,247,33,341,252,24,87,829,402,105,289,107,196,37],"class_list":["post-13351","post","type-post","status-publish","format-standard","hentry","category-dfb-pokal-co","tag-alexander-bommes","tag-alexis-menuge","tag-ard","tag-bela-rethy","tag-bernd-schmelzer","tag-britta-hofmann","tag-christian-akber-sade","tag-christian-strassburger","tag-claus-lufen","tag-dazn","tag-dirk-grosse-schlarmann","tag-dominik-mueller","tag-florian-malburg","tag-florian-nass","tag-florian-schmidt-sommerfeld","tag-frank-buschmann","tag-franziska-muellers","tag-hannes-herrmann","tag-hanno-balitsch","tag-hans-joachim-wolff","tag-hansi-kuepper","tag-hartmut-von-kameke","tag-heiko-mallwitz","tag-jan-platte","tag-jens-westen","tag-joachim-hebel","tag-jonas-friedrich","tag-kai-dittmann","tag-karsten-linke","tag-karsten-petrzika","tag-katharina-kleinfeldt","tag-katrin-mueller-hohenstein","tag-klaus-veltman","tag-lars-ruthemann","tag-marcel-meinert","tag-marcus-lindemann","tag-marcus-radefeld","tag-markus-gaupp","tag-markus-goetz","tag-martin-gross","tag-martin-weinberger","tag-matthias-killing","tag-matthias-opdenhoevel","tag-michael-leopold","tag-michael-schueler","tag-nele-schenker","tag-nia-kuenzer","tag-patrick-wasserziehr","tag-philipp-hinze","tag-philipp-langosz","tag-ralf-rangnick","tag-roland-evers","tag-rudi-brueckner","tag-sascha-bigalke","tag-sat-1","tag-sky","tag-sport1-2","tag-sportdigital-fussball","tag-stefan-galler","tag-stefan-hempel","tag-stephanie-mueller-spirra","tag-sven-roland","tag-sven-schroeter","tag-sven-toellner","tag-thomas-broich","tag-thomas-wagner","tag-timo-schmidtchen","tag-tobi-wahnschaffe","tag-toni-tomic","tag-torsten-kunde","tag-turid-knaak","tag-ulf-kahmke","tag-uli-hebel","tag-ulli-potofski","tag-wolff-fuss","tag-yannick-erkenbrecher","tag-zdf"],"_links":{"self":[{"href":"http:\/\/kommentatorenblog.de\/index.php?rest_route=\/wp\/v2\/posts\/13351","targetHints":{"allow":["GET"]}}],"collection":[{"href":"http:\/\/kommentatorenblog.de\/index.php?rest_route=\/wp\/v2\/posts"}],"about":[{"href":"http:\/\/kommentatorenblog.de\/index.php?rest_route=\/wp\/v2\/types\/post"}],"author":[{"embeddable":true,"href":"http:\/\/kommentatorenblog.de\/index.php?rest_route=\/wp\/v2\/users\/12"}],"replies":[{"embeddable":true,"href":"http:\/\/kommentatorenblog.de\/index.php?rest_route=%2Fwp%2Fv2%2Fcomments&post=13351"}],"version-history":[{"count":38,"href":"http:\/\/kommentatorenblog.de\/index.php?rest_route=\/wp\/v2\/posts\/13351\/revisions"}],"predecessor-version":[{"id":13462,"href":"http:\/\/kommentatorenblog.de\/index.php?rest_route=\/wp\/v2\/posts\/13351\/revisions\/13462"}],"wp:attachment":[{"href":"http:\/\/kommentatorenblog.de\/index.php?rest_route=%2Fwp%2Fv2%2Fmedia&parent=13351"}],"wp:term":[{"taxonomy":"category","embeddable":true,"href":"http:\/\/kommentatorenblog.de\/index.php?rest_route=%2Fwp%2Fv2%2Fcategories&post=13351"},{"taxonomy":"post_tag","embeddable":true,"href":"http:\/\/kommentatorenblog.de\/index.php?rest_route=%2Fwp%2Fv2%2Ftags&post=13351"}],"curies":[{"name":"wp","href":"https:\/\/api.w.org\/{rel}","templated":true}]}}