{"id":13552,"date":"2022-08-15T17:40:09","date_gmt":"2022-08-15T15:40:09","guid":{"rendered":"http:\/\/kommentatorenblog.de\/?p=13552"},"modified":"2022-08-17T15:23:19","modified_gmt":"2022-08-17T13:23:19","slug":"1274-die-woche-der-champions","status":"publish","type":"post","link":"http:\/\/kommentatorenblog.de\/?p=13552","title":{"rendered":"1274 \u2013 Die Woche der Champions"},"content":{"rendered":"\n<p>N&#8217;Abend allerseits!<\/p>\n\n\n\n<p>Nicht nur f\u00fcr Fu\u00dfballfans wird in dieser Woche einiges geboten, auf dem Programm stehen zudem seit Donnerstag die European Championships in M\u00fcnchen.<\/p>\n\n\n\n<p>Dieses Event b\u00fcndelt die Europameisterschaften von 9 olympischen Sportarten  im Zeitraum vom 11. bis zum 21. August. Dadurch soll mehr Spannung bei den ZuseherInnen entstehen und derFokus auf die Sportarten verst\u00e4rkt werden. Folgende Sportarten sind dabei: Beachvolleyball, Kanu-Rennsport, Klettern, Leichtathletik, Radsport, Rudern, Tischtennis, Triathlon und Turnen. Im Bahnrad gab es schon einige Erfolge, aber auch einen Massensturz. Also bisher war schon jede Menge los. <\/p>\n\n\n\n<p>4.700 AthletInnen treten an, es gibt 177 Medaillenentscheidungen und es ist das gr\u00f6\u00dfte Sportereignis in Deutschland seit der WM 2006. <\/p>\n\n\n\n<p>ARD und ZDF \u00fcbertragen das Event im Wechsel sehr umfangreich sowohl im TV als auch mit entsprechenden Livestreams. Eurosport \u00fcbertr\u00e4gt die Radwettbewerbe und t\u00e4glich eine einst\u00fcndige Zusammenfassung. F\u00fcr Discovery sitzt Gerhard Leinauer am Mikrofon.<\/p>\n\n\n\n<hr class=\"wp-block-separator\"\/>\n\n\n\n<p><strong>ARD:<\/strong><\/p>\n\n\n\n<p>Die Federf\u00fchrung hat nat\u00fcrlich der BR. Die ARD berichtet rund 60 Stunden Live im Ersten, dar\u00fcberhinaus 300 Stunden in 6 verschiedenen Streams auf sportschau.de und nat\u00fcrlich wird auch im Radio berichtet<\/p>\n\n\n\n<p>Die ReporterInnen berichten von allen Wettbewerben live vor Ort. Der Fokus liegt dabei freilich auf den deutschen Athletinnen und Athleten. Moderiert wird das Ganze von Esther Sedlaczek aus dem Olympiapark in M\u00fcnchen. Als Experten stehen ihr Frank Busemann und Julius Brink zur Seite.<\/p>\n\n\n\n<p>Busemann und Brink sind an allen Tagen live mit dabei, nicht nur bei Leichtathletik und Beachvolleyball. Bei den Ruderwettbewerben wird Hannes Ocik als Experte dazu sto\u00dfen, ebenso wie Florian Hamb\u00fcchen beim Turnen. <\/p>\n\n\n\n<p>Die Leichtathletikwettk\u00e4mpfe werden von Claus Lufen begleitet. Auf speziellen Wunsch von Fred;-) hier<\/p>\n\n\n\n<hr class=\"wp-block-separator\"\/>\n\n\n\n<p> <em>Das Team im \u00dcberblick (ARD):<\/em><\/p>\n\n\n\n<p>Moderation TV: Esther Sedlaczek; Experten: Frank Busemann und Julius Brink <\/p>\n\n\n\n<p>Moderation Leichtathletik: Claus Lufen <\/p>\n\n\n\n<p>Interviewer im Olympiapark: Markus Othmer<\/p>\n\n\n\n<p>Interviewerinnen (Sonstige Sportst\u00e4tten): Juliane M\u00f6cklinghoff, Janna Betten und Julia B\u00fcchler<\/p>\n\n\n\n<p>Reporter (TV)<\/p>\n\n\n\n<p>Leichtathletik: <\/p>\n\n\n\n<p>Ralf Scholt, Willi Hark und Tim Tonder <\/p>\n\n\n\n<p>Tischtennis: Christian Adolph <\/p>\n\n\n\n<p>Turnen: Philipp Sohmer <\/p>\n\n\n\n<p>Triathlon: Dirk Froberg <\/p>\n\n\n\n<p>Radsport: Florian Na\u00df (Bahn + Stra\u00dfe und Mountainbike); Jan Wiecken (BMX)<\/p>\n\n\n\n<p>Beachvolleyball: Claus Lufen <\/p>\n\n\n\n<p>Klettern: Tobias Barnerssoi <\/p>\n\n\n\n<p>Rudern \/ Kanu: J\u00f6rg Klawitter <\/p>\n\n\n\n<p>Im H\u00f6rfunk moderieren Julia Metzner und philipp Nagel. Livereportagen kommen von:<\/p>\n\n\n\n<p>J. J. Rieck, Volker Hirth, Mathias Arians, Florian Winkler, Tabea Kunze, Holger Gerska, Edgar Endres, Patricia Gabor, Jan Didjurgeit und Guido Ringel <\/p>\n\n\n\n<hr class=\"wp-block-separator\"\/>\n\n\n\n<p><em>Das Team im \u00dcberblick (ZDF)<\/em>:<\/p>\n\n\n\n<p>Teamchef: Thomas Fuhrmann <\/p>\n\n\n\n<p>Programmchef: Achim Hammer <\/p>\n\n\n\n<p>Moderation: <\/p>\n\n\n\n<p>Kathrin M\u00fcller-Hohenstein (Studio), Norbert K\u00f6nig (Leichtathletik), Katja Streeso (Turnen)<\/p>\n\n\n\n<p>J\u00f6rg Polus (Rudern\/Kanu), Florian Zschiedrich (Radsport) und <\/p>\n\n\n\n<p>Lena Kesting (Schwimmen)<\/p>\n\n\n\n<p>Reporter: <\/p>\n\n\n\n<p>Leichtathletik (Livestream): <\/p>\n\n\n\n<p>Peter Leissl, Marc Windgassen und Fabian Meseberg<\/p>\n\n\n\n<p>Experte: Daniel Unger (Triathlon)<\/p>\n\n\n\n<p>Turnen: Alexander Ruda; Experte: Ronny Ziesmer  <\/p>\n\n\n\n<p>Klettern: Julius Hilfenhaus; Experte: Ludwig Korb <\/p>\n\n\n\n<p>Bahnrad: Michael Kr\u00e4mer; Expertin: Kristina Vogel <\/p>\n\n\n\n<p>Rad (Stra\u00dfe \/ Mountainbike \/ BMX): Michael Pfeffer  <\/p>\n\n\n\n<p>Rudern\/Kanu: Norbert Galeske; Experte: Ronald Raue (Kanu) <\/p>\n\n\n\n<p>Beachvolleyball: Martin Schneider; Experte: Jonas Reckermann  <\/p>\n\n\n\n<p>Schwimmen: Volker Grube, Eike Papsdorf (Wasserspringen und Synchronschwimmen)<\/p>\n\n\n\n<p>und Andreas K\u00fcrten (Freiwasser); Experte: Christian Keller <\/p>\n\n\n\n<p>Tischtennis: Michael Kreutz <\/p>\n\n\n\n<hr class=\"wp-block-separator\"\/>\n\n\n\n<p><strong>Zum Fu\u00dfball:<\/strong><\/p>\n\n\n\n<p>Nat\u00fcrlich wird unter der Woche auch gekickt. Nachdem uns Sportdigital ja in den vergangenen Wochen schon einige Qualispiele gezeigt hat, kommen jetzt auch so langsam die Rechteinhaber der Champions League und Europa League aus den Startl\u00f6chern. <\/p>\n\n\n\n<p>Amazon vermeldet, dass sich die CL-\u00dcbertragungen nur geringf\u00fcgig \u00e4ndern werden. Weiterhin wird Moderator Sebastian Hellmann mit einer wechselnden Experten-Crew die Spiele Analysieren. Zur Stammbesetzung geh\u00f6ren: Matthias Sammer, Mario Gomez, Patrick Owomoyela, Kim Kulig, Josephine Henning und Tabea Kemme. Dazu wird es, \u00fcber die Spielzeit verteilt, weitere G\u00e4ste geben.  <\/p>\n\n\n\n<p>Kommentator bleibt nach wie vor Jonas Friedrich, H\u00f6wedes unterst\u00fctzt als Experte. Am Spielfeldrand gehen Annika Zimmermann und Sebastian Benesch auf Stimmenfang. <\/p>\n\n\n\n<p>Jan Krebs wird als Au\u00dfenreporter nach dem Topspiel live von einer anderen Spielst\u00e4tte     berichten. <\/p>\n\n\n\n<p>Annika Zimmermann wird eine Preview-Show moderieren, die jeweils am Montagabend vor dem Spiel auf Prime abrufbar sein wird. <\/p>\n\n\n\n<p>Die Highlight-Show nach dem Topspiel, die aus dem Studio in K\u00f6ln kommt, wird k\u00fcnftig von Moderatorin und Podcast-Host Lena Cassel moderiert.<\/p>\n\n\n\n<p>Also wieder volle Kapelle beim Kr\u00f6sus aus den USA! <\/p>\n\n\n\n<p>Aber auch DAZN hat angek\u00fcndigt, ab sofort mehr Spiele der Champions League aus dem Stadion zu produzieren. Zudem bietet man weiterhin eine Konferenz an, bei der wir freilich auf das Amazonspiel am Dienstag verzichten m\u00fcssen. <\/p>\n\n\n\n<p>F\u00fcr die Playoffs gibt es schonmal keine Konferenz, Amazon \u00fcbertr\u00e4gt die Rangers und n\u00e4chste Woche Kiew. Aber mehr dazu jetzt in den Ansetzungen<\/p>\n\n\n\n<p>*Momentan noch einige Fragezeichen bei den Ansetzungen. Anfragen sind raus, einige sind auf Urlaub, andere haben noch nicht geantwortet. Ich bleibe dran und erg\u00e4nze. .<\/p>\n\n\n\n<hr class=\"wp-block-separator\"\/>\n\n\n\n<p><strong><em>Die Ansetzungen vom 16. August 2022 bis zum 18. August 2022 <\/em><\/strong><\/p>\n\n\n\n<hr class=\"wp-block-separator\"\/>\n\n\n\n<p><strong>UEFA Champions League Playoff-Hinspiele <\/strong><\/p>\n\n\n\n<p>Dienstag, 16. August 2022 <span style=\"text-decoration: underline;\">ab 20.30 Uhr (Prime Video exklusives Einzelspiel)<\/span><\/p>\n\n\n\n<p><em><strong>Glasgow Rangers \u2013 PSV Eindhoven (21.00 Uhr)<\/strong><\/em><\/p>\n\n\n\n<p><img loading=\"lazy\" decoding=\"async\" width=\"10\" height=\"21\" class=\"wp-image-3656\" style=\"width: 10px;\" src=\"http:\/\/kommentatorenblog.de\/wp-content\/uploads\/2020\/09\/shure-55sh-ii-e1601485394796.jpg\" alt=\"\" srcset=\"http:\/\/kommentatorenblog.de\/wp-content\/uploads\/2020\/09\/shure-55sh-ii-e1601485394796.jpg 415w, http:\/\/kommentatorenblog.de\/wp-content\/uploads\/2020\/09\/shure-55sh-ii-e1601485394796-142x300.jpg 142w\" sizes=\"auto, (max-width: 10px) 100vw, 10px\" \/> Jonas Friedrich; Experte: Benedikt H\u00f6wedes <\/p>\n\n\n\n<p>Moderation: Sebastian Hellmann;<\/p>\n\n\n\n<p>ExpertInnen: Patrick Owomoyela und Josephine Henning <\/p>\n\n\n\n<p><span style=\"text-decoration: underline;\">ab 21.00 Uhr (DAZN)<\/span><\/p>\n\n\n\n<p><em><strong>Bod\u00f6\/Glimt \u2013 Dinamo Zagreb <\/strong><\/em><\/p>\n\n\n\n<p><img loading=\"lazy\" decoding=\"async\" width=\"10\" height=\"21\" class=\"wp-image-3656\" style=\"width: 10px;\" src=\"http:\/\/kommentatorenblog.de\/wp-content\/uploads\/2020\/09\/shure-55sh-ii-e1601485394796.jpg\" alt=\"\" srcset=\"http:\/\/kommentatorenblog.de\/wp-content\/uploads\/2020\/09\/shure-55sh-ii-e1601485394796.jpg 415w, http:\/\/kommentatorenblog.de\/wp-content\/uploads\/2020\/09\/shure-55sh-ii-e1601485394796-142x300.jpg 142w\" sizes=\"auto, (max-width: 10px) 100vw, 10px\" \/> Chris Putz <\/p>\n\n\n\n<p><em><strong>FC Kopenhagen \u2013 Trabzonspor <\/strong><\/em><\/p>\n\n\n\n<p><img loading=\"lazy\" decoding=\"async\" width=\"10\" height=\"21\" class=\"wp-image-3656\" style=\"width: 10px;\" src=\"http:\/\/kommentatorenblog.de\/wp-content\/uploads\/2020\/09\/shure-55sh-ii-e1601485394796.jpg\" alt=\"\" srcset=\"http:\/\/kommentatorenblog.de\/wp-content\/uploads\/2020\/09\/shure-55sh-ii-e1601485394796.jpg 415w, http:\/\/kommentatorenblog.de\/wp-content\/uploads\/2020\/09\/shure-55sh-ii-e1601485394796-142x300.jpg 142w\" sizes=\"auto, (max-width: 10px) 100vw, 10px\" \/> Tom Kirsten <\/p>\n\n\n\n<p><span style=\"text-decoration: underline;\">Mittwoch, 17. August ab 18.45 Uhr (DAZN)<\/span><\/p>\n\n\n\n<p><em><strong>Qarabag \u2013 Viktoria Pilsen <\/strong><\/em><\/p>\n\n\n\n<p><img loading=\"lazy\" decoding=\"async\" width=\"10\" height=\"21\" class=\"wp-image-3656\" style=\"width: 10px;\" src=\"http:\/\/kommentatorenblog.de\/wp-content\/uploads\/2020\/09\/shure-55sh-ii-e1601485394796.jpg\" alt=\"\" srcset=\"http:\/\/kommentatorenblog.de\/wp-content\/uploads\/2020\/09\/shure-55sh-ii-e1601485394796.jpg 415w, http:\/\/kommentatorenblog.de\/wp-content\/uploads\/2020\/09\/shure-55sh-ii-e1601485394796-142x300.jpg 142w\" sizes=\"auto, (max-width: 10px) 100vw, 10px\" \/> Martin Kern<\/p>\n\n\n\n<p><span style=\"text-decoration: underline;\">ab 21.00 Uhr <\/span><\/p>\n\n\n\n<p><em><strong>Maccabi Haifa \u2013 Roter Stern Belgrad <\/strong><\/em><\/p>\n\n\n\n<p><img loading=\"lazy\" decoding=\"async\" width=\"10\" height=\"21\" class=\"wp-image-3656\" style=\"width: 10px;\" src=\"http:\/\/kommentatorenblog.de\/wp-content\/uploads\/2020\/09\/shure-55sh-ii-e1601485394796.jpg\" alt=\"\" srcset=\"http:\/\/kommentatorenblog.de\/wp-content\/uploads\/2020\/09\/shure-55sh-ii-e1601485394796.jpg 415w, http:\/\/kommentatorenblog.de\/wp-content\/uploads\/2020\/09\/shure-55sh-ii-e1601485394796-142x300.jpg 142w\" sizes=\"auto, (max-width: 10px) 100vw, 10px\" \/> Mario Rieker  <\/p>\n\n\n\n<p><em><strong>Dynamo Kiew \u2013 Benfica Lissabon <\/strong><\/em><\/p>\n\n\n\n<p><img loading=\"lazy\" decoding=\"async\" width=\"10\" height=\"21\" class=\"wp-image-3656\" style=\"width: 10px;\" src=\"http:\/\/kommentatorenblog.de\/wp-content\/uploads\/2020\/09\/shure-55sh-ii-e1601485394796.jpg\" alt=\"\" srcset=\"http:\/\/kommentatorenblog.de\/wp-content\/uploads\/2020\/09\/shure-55sh-ii-e1601485394796.jpg 415w, http:\/\/kommentatorenblog.de\/wp-content\/uploads\/2020\/09\/shure-55sh-ii-e1601485394796-142x300.jpg 142w\" sizes=\"auto, (max-width: 10px) 100vw, 10px\" \/> Max Gross  <\/p>\n\n\n\n<hr class=\"wp-block-separator\"\/>\n\n\n\n<p><strong>Europa-Conference-League<\/strong> Playoff-Hinspiel<\/p>\n\n\n\n<p><span style=\"text-decoration: underline;\">Donnerstag, 18. August ab 20.15 Uhr (RTL)<\/span><\/p>\n\n\n\n<p><em><strong>1.. FC K\u00f6ln \u2013 Feh\u00e9rv\u00e1r FC (20.30 Uhr)<\/strong><\/em><\/p>\n\n\n\n<p><img loading=\"lazy\" decoding=\"async\" width=\"10\" height=\"21\" class=\"wp-image-3656\" style=\"width: 10px;\" src=\"http:\/\/kommentatorenblog.de\/wp-content\/uploads\/2020\/09\/shure-55sh-ii-e1601485394796.jpg\" alt=\"\" srcset=\"http:\/\/kommentatorenblog.de\/wp-content\/uploads\/2020\/09\/shure-55sh-ii-e1601485394796.jpg 415w, http:\/\/kommentatorenblog.de\/wp-content\/uploads\/2020\/09\/shure-55sh-ii-e1601485394796-142x300.jpg 142w\" sizes=\"auto, (max-width: 10px) 100vw, 10px\" \/> Cornelius K\u00fcpper, Experte: Patrick Helmes<br>Moderation: Laura Papendick<\/p>\n\n\n\n<hr class=\"wp-block-separator\"\/>\n\n\n\n<p><strong>Amos Women&#8217;s Frensh Cup<\/strong><\/p>\n\n\n\n<p><span style=\"text-decoration: underline;\">Dienstag, 16. August ab 17.50 Uhr (Sky Sport Mix, Sky Sport News und Livestream auf sky.de)<\/span><\/p>\n\n\n\n<p><em><strong>FC Barcelona \u2013 FC Bayern M\u00fcnchen (18.00 Uhr)<\/strong><\/em><\/p>\n\n\n\n<p><img loading=\"lazy\" decoding=\"async\" width=\"10\" height=\"21\" class=\"wp-image-3656\" style=\"width: 10px;\" src=\"http:\/\/kommentatorenblog.de\/wp-content\/uploads\/2020\/09\/shure-55sh-ii-e1601485394796.jpg\" alt=\"\" srcset=\"http:\/\/kommentatorenblog.de\/wp-content\/uploads\/2020\/09\/shure-55sh-ii-e1601485394796.jpg 415w, http:\/\/kommentatorenblog.de\/wp-content\/uploads\/2020\/09\/shure-55sh-ii-e1601485394796-142x300.jpg 142w\" sizes=\"auto, (max-width: 10px) 100vw, 10px\" \/> Dominik M\u00fcller, Expertin: Julia Simic<\/p>\n\n\n\n<p><span style=\"text-decoration: underline;\">ab 20.50 Uhr (Sky Sport Mix)<\/span><\/p>\n\n\n\n<p><em><strong>Paris St. Germain \u2013 Manchester United (21.00 Uhr)<\/strong><\/em><\/p>\n\n\n\n<p><img loading=\"lazy\" decoding=\"async\" width=\"10\" height=\"21\" class=\"wp-image-3656\" style=\"width: 10px;\" src=\"http:\/\/kommentatorenblog.de\/wp-content\/uploads\/2020\/09\/shure-55sh-ii-e1601485394796.jpg\" alt=\"\" srcset=\"http:\/\/kommentatorenblog.de\/wp-content\/uploads\/2020\/09\/shure-55sh-ii-e1601485394796.jpg 415w, http:\/\/kommentatorenblog.de\/wp-content\/uploads\/2020\/09\/shure-55sh-ii-e1601485394796-142x300.jpg 142w\" sizes=\"auto, (max-width: 10px) 100vw, 10px\" \/> Marcel Meinert<\/p>\n\n\n\n<hr class=\"wp-block-separator\"\/>\n\n\n\n<p><strong>Internationaler Fu\u00dfbal (SportdigitalFUSSBALL)<\/strong><\/p>\n\n\n\n<p><strong>Championship (4. Spieltag)<\/strong><\/p>\n\n\n\n<p><span style=\"text-decoration: underline;\">Dienstag, 16. August 2022 ab 21.00 Uhr<\/span><\/p>\n\n\n\n<p><em><strong>Queens Park Rangers \u2013 FC Blackpool <\/strong><\/em><\/p>\n\n\n\n<p><img loading=\"lazy\" decoding=\"async\" width=\"10\" height=\"21\" class=\"wp-image-3656\" style=\"width: 10px;\" src=\"http:\/\/kommentatorenblog.de\/wp-content\/uploads\/2020\/09\/shure-55sh-ii-e1601485394796.jpg\" alt=\"\" srcset=\"http:\/\/kommentatorenblog.de\/wp-content\/uploads\/2020\/09\/shure-55sh-ii-e1601485394796.jpg 415w, http:\/\/kommentatorenblog.de\/wp-content\/uploads\/2020\/09\/shure-55sh-ii-e1601485394796-142x300.jpg 142w\" sizes=\"auto, (max-width: 10px) 100vw, 10px\" \/> Arne Malsch <\/p>\n\n\n\n<p><span style=\"text-decoration: underline;\">Mittwoch, 17. August 2022 ab 21.00 Uhr  <\/span><\/p>\n\n\n\n<p><em><strong>Sheffield United <\/strong>\u2013 AFC Sunderland <\/em><\/p>\n\n\n\n<p><img loading=\"lazy\" decoding=\"async\" width=\"10\" height=\"21\" class=\"wp-image-3656\" style=\"width: 10px;\" src=\"http:\/\/kommentatorenblog.de\/wp-content\/uploads\/2020\/09\/shure-55sh-ii-e1601485394796.jpg\" alt=\"\" srcset=\"http:\/\/kommentatorenblog.de\/wp-content\/uploads\/2020\/09\/shure-55sh-ii-e1601485394796.jpg 415w, http:\/\/kommentatorenblog.de\/wp-content\/uploads\/2020\/09\/shure-55sh-ii-e1601485394796-142x300.jpg 142w\" sizes=\"auto, (max-width: 10px) 100vw, 10px\" \/> Ulf Kahmke<\/p>\n\n\n\n<hr class=\"wp-block-separator\"\/>\n\n\n\n<p><strong>Copa do Brasil (Viertelfinale, R\u00fcckspiel)<\/strong><\/p>\n\n\n\n<p><span style=\"text-decoration: underline;\">Donnerstag, 18. August 2022 ab 02.30 Uhr<\/span><\/p>\n\n\n\n<p><em><strong>Athletico Paranaense \u2013 Flamengo <\/strong><\/em><img loading=\"lazy\" decoding=\"async\" width=\"10\" height=\"21\" class=\"wp-image-3656\" style=\"width: 10px;\" src=\"http:\/\/kommentatorenblog.de\/wp-content\/uploads\/2020\/09\/shure-55sh-ii-e1601485394796.jpg\" alt=\"\" srcset=\"http:\/\/kommentatorenblog.de\/wp-content\/uploads\/2020\/09\/shure-55sh-ii-e1601485394796.jpg 415w, http:\/\/kommentatorenblog.de\/wp-content\/uploads\/2020\/09\/shure-55sh-ii-e1601485394796-142x300.jpg 142w\" sizes=\"auto, (max-width: 10px) 100vw, 10px\" \/><\/p>\n\n\n\n<p><img loading=\"lazy\" decoding=\"async\" width=\"10\" height=\"21\" class=\"wp-image-3656\" style=\"width: 10px;\" src=\"http:\/\/kommentatorenblog.de\/wp-content\/uploads\/2020\/09\/shure-55sh-ii-e1601485394796.jpg\" alt=\"\" srcset=\"http:\/\/kommentatorenblog.de\/wp-content\/uploads\/2020\/09\/shure-55sh-ii-e1601485394796.jpg 415w, http:\/\/kommentatorenblog.de\/wp-content\/uploads\/2020\/09\/shure-55sh-ii-e1601485394796-142x300.jpg 142w\" sizes=\"auto, (max-width: 10px) 100vw, 10px\" \/><span style=\"text-decoration: underline;\">, Karsten Linke<\/span><\/p>\n\n\n\n<hr class=\"wp-block-separator\"\/>\n\n\n\n<p><strong>AFC Cup (Zonenfinale) <\/strong><\/p>\n\n\n\n<p><span style=\"text-decoration: underline;\">Mittwoch, 17. August 2022 ab 12.30 Uhr<\/span><\/p>\n\n\n\n<p><em><strong>FC Khujand \u2013 PFC Sogdiana <\/strong><\/em><\/p>\n\n\n\n<p><img loading=\"lazy\" decoding=\"async\" width=\"10\" height=\"21\" class=\"wp-image-3656\" style=\"width: 10px;\" src=\"http:\/\/kommentatorenblog.de\/wp-content\/uploads\/2020\/09\/shure-55sh-ii-e1601485394796.jpg\" alt=\"\" srcset=\"http:\/\/kommentatorenblog.de\/wp-content\/uploads\/2020\/09\/shure-55sh-ii-e1601485394796.jpg 415w, http:\/\/kommentatorenblog.de\/wp-content\/uploads\/2020\/09\/shure-55sh-ii-e1601485394796-142x300.jpg 142w\" sizes=\"auto, (max-width: 10px) 100vw, 10px\" \/> tbd <\/p>\n\n\n\n<hr class=\"wp-block-separator\"\/>\n\n\n\n<p><span style=\"text-decoration: underline;\"> <\/span><img loading=\"lazy\" decoding=\"async\" width=\"10\" height=\"21\" class=\"wp-image-3656\" style=\"width: 10px;\" src=\"http:\/\/kommentatorenblog.de\/wp-content\/uploads\/2020\/09\/shure-55sh-ii-e1601485394796.jpg\" alt=\"\" srcset=\"http:\/\/kommentatorenblog.de\/wp-content\/uploads\/2020\/09\/shure-55sh-ii-e1601485394796.jpg 415w, http:\/\/kommentatorenblog.de\/wp-content\/uploads\/2020\/09\/shure-55sh-ii-e1601485394796-142x300.jpg 142w\" sizes=\"auto, (max-width: 10px) 100vw, 10px\" \/> <\/p>\n\n\n\n<p><strong><em>Die Analyse: <\/em><\/strong><\/p>\n\n\n\n<p>Amazon spendiert zum Auftakt der Saison gleich mal einen 30 Minuten Vorlauf. Die ExpertInnen und Hellmann melden sich aus dem Studio in K\u00f6ln. <\/p>\n\n\n\n<p>Wenig \u00fcberraschend laufen die Playoffs bei DAZN noch auf Sparflamme, jeweils 2 Spiele Dienstag und Mittwoch Parallel, aber keine Konferenz. Tom Kirsten und Chris Putz \u00fcbernehmen den Dienstag.<\/p>\n\n\n\n<p>Das Fr\u00fche Spiel am Mittwoch \u00fcbernimmt ebenfalls Kirsten, Max Gross und Mario Rieker komplettieren die CL-Vorhut am sp\u00e4ten Mittwochabend.<\/p>\n\n\n\n<p>Sky Sport Austria zeigt an beiden Tagen eine Konferenz sowie das fr\u00fche Spiel im Einzel, kommt aber vollst\u00e4ndig mit \u00f6sterreichischen Kommentatoren aus. <\/p>\n\n\n\n<p>Nichts Neues bei Sportdigital: <\/p>\n\n\n\n<p>Weiterhin kein Florian Obst bei der Championship zu h\u00f6ren, daf\u00fcr Kahmke, Linke und Malsch. <\/p>\n\n\n\n<p>Euch eine sch\u00f6ne Woche mit Olympiafeeling und Champions League Vorfreude! <\/p>\n","protected":false},"excerpt":{"rendered":"<p>N&#8217;Abend allerseits! Nicht nur f\u00fcr Fu\u00dfballfans wird in dieser Woche einiges geboten, auf dem Programm stehen zudem seit Donnerstag die European Championships in M\u00fcnchen. Dieses Event b\u00fcndelt die Europameisterschaften von 9 olympischen Sportarten im Zeitraum vom 11. bis zum 21. August. Dadurch soll mehr Spannung bei den ZuseherInnen entstehen und derFokus auf die Sportarten verst\u00e4rkt [&hellip;]<\/p>\n","protected":false},"author":13,"featured_media":0,"comment_status":"open","ping_status":"open","sticky":false,"template":"","format":"standard","meta":{"footnotes":""},"categories":[425],"tags":[19,263,337,499,636,13,797,97,99,501,774,69,675,605,59,50,38,800,709,588,290,138,98,22,134,200,402,502,37],"class_list":["post-13552","post","type-post","status-publish","format-standard","hentry","category-champions-league-und-co","tag-ard","tag-arne-malsch","tag-benedikt-hoewedes","tag-chris-putz","tag-claus-lufen","tag-dazn","tag-eike-papsdorf","tag-esther-sedlaczek","tag-florian-nass","tag-florian-winkler","tag-janna-betten","tag-jonas-friedrich","tag-josephine-henning","tag-julia-buechler","tag-karsten-linke","tag-katrin-mueller-hohenstein","tag-martin-schneider","tag-michael-pfeffer","tag-norbert-galeske","tag-patrick-owomoyela","tag-primevideo","tag-rtl","tag-sebastian-hellmann","tag-sky","tag-sportdigital-fussball","tag-tom-kirsten","tag-ulf-kahmke","tag-wilfried-hark","tag-zdf"],"_links":{"self":[{"href":"http:\/\/kommentatorenblog.de\/index.php?rest_route=\/wp\/v2\/posts\/13552","targetHints":{"allow":["GET"]}}],"collection":[{"href":"http:\/\/kommentatorenblog.de\/index.php?rest_route=\/wp\/v2\/posts"}],"about":[{"href":"http:\/\/kommentatorenblog.de\/index.php?rest_route=\/wp\/v2\/types\/post"}],"author":[{"embeddable":true,"href":"http:\/\/kommentatorenblog.de\/index.php?rest_route=\/wp\/v2\/users\/13"}],"replies":[{"embeddable":true,"href":"http:\/\/kommentatorenblog.de\/index.php?rest_route=%2Fwp%2Fv2%2Fcomments&post=13552"}],"version-history":[{"count":14,"href":"http:\/\/kommentatorenblog.de\/index.php?rest_route=\/wp\/v2\/posts\/13552\/revisions"}],"predecessor-version":[{"id":13573,"href":"http:\/\/kommentatorenblog.de\/index.php?rest_route=\/wp\/v2\/posts\/13552\/revisions\/13573"}],"wp:attachment":[{"href":"http:\/\/kommentatorenblog.de\/index.php?rest_route=%2Fwp%2Fv2%2Fmedia&parent=13552"}],"wp:term":[{"taxonomy":"category","embeddable":true,"href":"http:\/\/kommentatorenblog.de\/index.php?rest_route=%2Fwp%2Fv2%2Fcategories&post=13552"},{"taxonomy":"post_tag","embeddable":true,"href":"http:\/\/kommentatorenblog.de\/index.php?rest_route=%2Fwp%2Fv2%2Ftags&post=13552"}],"curies":[{"name":"wp","href":"https:\/\/api.w.org\/{rel}","templated":true}]}}