{"id":13589,"date":"2022-08-24T15:48:36","date_gmt":"2022-08-24T13:48:36","guid":{"rendered":"https:\/\/kommentatorenblog.de\/?p=13589"},"modified":"2022-08-29T21:22:20","modified_gmt":"2022-08-29T19:22:20","slug":"__trashed-2","status":"publish","type":"post","link":"http:\/\/kommentatorenblog.de\/?p=13589","title":{"rendered":"1277 &#8211; Auslosung der Champions League"},"content":{"rendered":"\n<p>N&#8217;Abend allerseits,<\/p>\n\n\n\n<p>die Lost\u00f6pfe sind vollst\u00e4ndig gef\u00fcllt und drei Kommentatoren(teams) aus dem deutschen Sportfernsehen (&amp;-streaming) sind bereit f\u00fcr die heutige Auslosung der Champions League-Gruppenphase. Die T\u00f6pfe sind schnell besprochen: Als Gruppenk\u00f6pfe gesetzt sind die Landesmeister aus Europas sieben Topligen (Real ist zus\u00e4tzlich als CL-Sieger) sowie der Europa League-Sieger Eintracht Frankfurt. Die folgenden Lost\u00f6pfe sind nach Leistung in der j\u00fcngeren Vergangenheit besetzt. So finden wir Liverpool, Barcelona, Atl\u00e9tico oder Leipzig in Topf 2. Dortmund steht eins tiefer im dritten Lostopf, gemeinsam mit z.B. Inter, Donezk, Salzburg oder Benfica. Auch Leverkusen hat es in diesen Topf geschafft. Topf 4 bilden Teams wie Kopenhagen, Br\u00fcgge, Zagreb oder die beiden Glasgow-Clubs.<\/p>\n\n\n\n<p>Teams aus dem gleichen Land k\u00f6nnen nicht aufeinandertreffen. M\u00f6glicherweise gibt es weitere Einschr\u00e4nkungen (z.B. aus politischen Gr\u00fcnden). Diese will die UEFA im Vorfeld der Auslosung bekanntgeben. <\/p>\n\n\n\n<p>Au\u00dferdem nimmt die UEFA sogenannte Paarungen vor. Gepaarte Clubs aus dem gleichen Land werden so in die Gruppen zugeteilt, dass ihre Gruppenspiele an verschiedenen Tagen stattfinden (das eine Team also dienstags spielt wenn das andere am Mittwoch dran ist). Diese Einteilung wurde anhand von TV-Interessen vorgenommen. <\/p>\n\n\n\n<p>So sollen Real Madrid und Barcelona an zwei unterschiedlichen Tagen spielen (entsprechend werden dies auch Atl\u00e9tico und Sevilla m\u00fcssen), auch Bayern und Dortmund k\u00f6nnen nicht am gleichen Tag spielen. Ebenfalls gepaart sind Frankfurt und Leipzig, beim f\u00fcnften deutschen Starter Leverkusen ist es dagegen egal, wann sie spielen.<br>Bei den italienischen Clubs werden Juventus und Inter an zwei unterschiedlichen Tagen spielen (entsprechend auch Napoli und Milan). In England teilt man ManCity und Liverpool auf (dadurch auch Chelsea und Tottenham gepaart), in Frankreich Paris und Marseille. Ebenfalls gepaart sind Porto und Benfica sowie die Rangers und Celtic aus Glasgow.<\/p>\n\n\n\n<p>Weil das Ganze bei der Auslosung unter Umst\u00e4nden kompliziert werden kann, stehen uns gl\u00fccklicherweise auf drei unterschiedlichen Kan\u00e4len fachkundige Begleiter zur Seite:<\/p>\n\n\n\n<hr class=\"wp-block-separator is-style-default\"\/>\n\n\n\n<h4 class=\"wp-block-heading\">Auslosung der Gruppenphase der UEFA Champions League<\/h4>\n\n\n\n<p><span style=\"text-decoration: underline;\">Donnerstag, 25. August 2022, 18.00 Uhr<\/span><\/p>\n\n\n\n<p><strong style=\"font-style: italic;\">Sky Sport News <\/strong><em>(ab 17.30 Uhr)<\/em><br><img loading=\"lazy\" decoding=\"async\" width=\"10\" height=\"21\" class=\"wp-image-3656\" style=\"width: 10px;\" src=\"http:\/\/kommentatorenblog.de\/wp-content\/uploads\/2020\/09\/shure-55sh-ii-e1601485394796.jpg\" alt=\"\" srcset=\"http:\/\/kommentatorenblog.de\/wp-content\/uploads\/2020\/09\/shure-55sh-ii-e1601485394796.jpg 415w, http:\/\/kommentatorenblog.de\/wp-content\/uploads\/2020\/09\/shure-55sh-ii-e1601485394796-142x300.jpg 142w\" sizes=\"auto, (max-width: 10px) 100vw, 10px\" \/> Gregor Teicher, Gast: Kai Dittmann<\/p>\n\n\n\n<p><strong style=\"font-style: italic;\">Prime Video <\/strong><em>(ab 18.00 Uhr)<\/em><br><img loading=\"lazy\" decoding=\"async\" width=\"10\" height=\"21\" class=\"wp-image-3656\" style=\"width: 10px;\" src=\"http:\/\/kommentatorenblog.de\/wp-content\/uploads\/2020\/09\/shure-55sh-ii-e1601485394796.jpg\" alt=\"\" srcset=\"http:\/\/kommentatorenblog.de\/wp-content\/uploads\/2020\/09\/shure-55sh-ii-e1601485394796.jpg 415w, http:\/\/kommentatorenblog.de\/wp-content\/uploads\/2020\/09\/shure-55sh-ii-e1601485394796-142x300.jpg 142w\" sizes=\"auto, (max-width: 10px) 100vw, 10px\" \/> Jonas Friedrich<\/p>\n\n\n\n<p><strong style=\"font-style: italic;\">DAZ<\/strong><em><strong style=\"font-style: italic;\">N<\/strong> (ab 18.00 Uhr)<\/em><br><img loading=\"lazy\" decoding=\"async\" width=\"10\" height=\"21\" class=\"wp-image-3656\" style=\"width: 10px;\" src=\"http:\/\/kommentatorenblog.de\/wp-content\/uploads\/2020\/09\/shure-55sh-ii-e1601485394796.jpg\" alt=\"\" srcset=\"http:\/\/kommentatorenblog.de\/wp-content\/uploads\/2020\/09\/shure-55sh-ii-e1601485394796.jpg 415w, http:\/\/kommentatorenblog.de\/wp-content\/uploads\/2020\/09\/shure-55sh-ii-e1601485394796-142x300.jpg 142w\" sizes=\"auto, (max-width: 10px) 100vw, 10px\" \/> Christoph Stadtler, Experte: Sebastian Knei\u00dfl<\/p>\n\n\n\n<hr class=\"wp-block-separator is-style-default\"\/>\n\n\n\n<p>Gespielt werden die sechs Gruppenspieltage im September (6.\/7. und 13.\/14.), im Oktober (4.\/5., 11.\/12. und 25.\/26.) und enden mit dem letzten Spieltag bereits am 1.\/2. November.  Grund daf\u00fcr ist nat\u00fcrlich die wenig sp\u00e4ter startende WM in Katar. Schon am 7. November steht dann die Achtelfinalauslosung an, die K.O.-Runde startet dann im Februar.<\/p>\n\n\n\n<p>Bei der Show am heutigen Donnerstagabend werden auch wieder Fu\u00dfballer:innen und Trainer:innen als Europas Beste der vergangenen Saison ausgezeichnet. Unter den 12 verbleibenden Nominierten f\u00fcr die vier Auszeichnungen sind noch drei Deutsche. <br>Lena Oberdorfer (VfL Wolfsburg) ist gemeinsam mit Alexia Putellas (Barcelona\/Spanien) sowie Beth Mead (Arsenal\/England) noch nominiert f\u00fcr die Auszeichnung zur UEFA Spielerin der Saison 2022. Alex Popp wurde \u00fcbrigens Vierte, Lina Magull Zehnte.<br>Nat\u00fcrlich ist auch Bundestrainerin Martina Voss-Tecklenburg noch im Rennen f\u00fcr Europas Trainerin des Jahres. Weitere Nominierte daf\u00fcr: Englands Europameister-Erainerin Sarina Wiegmann (Niederlande) und Lyon Champions-League-Sieger-Trainerin Sonia Bompastor (Frankreich). W\u00f6lfinnen-Trainer Tommy Stroot wurde F\u00fcnfter.<br>Dritter Deutscher in der Verlosung ist J\u00fcrgen Klopp (FC Liverpool) bei der Wahl zum Trainer des Jahres. Mit ihm bewerben sich daf\u00fcr Pep Guardiola (ManCity) und Carlo Ancelotti (Real Madrid). Frankfurts Trainer Oliver Glasner wurde Vierter.<br>Bleibt noch Europas Fu\u00dfballer des Jahres. Hier sind die Teamkollegen Thibaut Courtois und Karim Benzema vom CL-Sieger gemeinsam mit Courtois&#8216; Landsmann Kevin De Bruyne von ManCity noch im Rennen.<\/p>\n\n\n\n<p>Am Freitag werden dann noch die Europa League sowie die Europa Conference League ausgelost &#8211; ebenfalls in Istanbul. Wieder begleitet Sky Sport News das Geschehen. Gregor Teicher hat daf\u00fcr dann ab 12:30 Uhr Florian Schmidt-Sommerfeld zu Gast.<\/p>\n\n\n\n<p>Dann ist auch klar, gegen wen der SC Freiburg in seiner f\u00fcnften Europapokalsaison antreten darf. Einstweilen steht aber erst das Duell mit dem VfL Bochum an, womit wir bei den Ansetzungen f\u00fcr dieses Wochenende w\u00e4ren:<\/p>\n\n\n\n<hr class=\"wp-block-separator is-style-default\"\/>\n\n\n\n<h5 class=\"wp-block-heading\">Die Ansetzungen vom 26. August 2022 bis 29. August 2022:<\/h5>\n\n\n\n<hr class=\"wp-block-separator is-style-default\"\/>\n\n\n\n<p><strong>Bundesliga, 4. Spieltag (Sky\/DAZN)<\/strong><\/p>\n\n\n\n<p><u>Freitag, 26. August 2022, <\/u><span style=\"text-decoration: underline;\"><span style=\"text-decoration: underline;\">ab 19.45 Uhr (DAZN)<\/span><\/span><\/p>\n\n\n\n<p><strong style=\"font-style: italic;\">Sport-Club Freiburg <strong><em><span><b style=\"font-style: italic;\">\u2013<\/b><\/span><\/em><\/strong><\/strong> <em><strong>VfL Bochum 1848 (20.30 Uhr)<\/strong><\/em> <br><img loading=\"lazy\" decoding=\"async\" width=\"10\" height=\"21\" class=\"wp-image-3656\" style=\"width: 10px;\" src=\"http:\/\/kommentatorenblog.de\/wp-content\/uploads\/2020\/09\/shure-55sh-ii-e1601485394796.jpg\" alt=\"\" srcset=\"http:\/\/kommentatorenblog.de\/wp-content\/uploads\/2020\/09\/shure-55sh-ii-e1601485394796.jpg 415w, http:\/\/kommentatorenblog.de\/wp-content\/uploads\/2020\/09\/shure-55sh-ii-e1601485394796-142x300.jpg 142w\" sizes=\"auto, (max-width: 10px) 100vw, 10px\" \/> Jan Platte, Experte: Sebastian Knei\u00dfl<br>Moderation: Alex Schl\u00fcter<\/p>\n\n\n\n<p><u>Samstag, 27. August 2022, <\/u><span style=\"text-decoration: underline;\"><span style=\"text-decoration: underline;\">ab 14.00 Uhr (Sky)<\/span><\/span><\/p>\n\n\n\n<p><strong style=\"font-style: italic;\">Hertha BSC <strong><em><span><b style=\"font-style: italic;\">\u2013<\/b><\/span><\/em><\/strong><\/strong> <em><strong>Borussia Dortmund (15.30 Uhr)<\/strong><\/em> <br><img loading=\"lazy\" decoding=\"async\" width=\"10\" height=\"21\" class=\"wp-image-3656\" style=\"width: 10px;\" src=\"http:\/\/kommentatorenblog.de\/wp-content\/uploads\/2020\/09\/shure-55sh-ii-e1601485394796.jpg\" alt=\"\" srcset=\"http:\/\/kommentatorenblog.de\/wp-content\/uploads\/2020\/09\/shure-55sh-ii-e1601485394796.jpg 415w, http:\/\/kommentatorenblog.de\/wp-content\/uploads\/2020\/09\/shure-55sh-ii-e1601485394796-142x300.jpg 142w\" sizes=\"auto, (max-width: 10px) 100vw, 10px\" \/> Oliver Seidler, Konferenz: Kai Dittmann<br>Field-Reporter: Karsten Petrzika<\/p>\n\n\n\n<p><strong style=\"font-style: italic;\">FC Schalke 04 <strong><em><span><b style=\"font-style: italic;\">\u2013<\/b><\/span><\/em><\/strong><\/strong> <em><strong>1. FC Union Berlin (15.30 Uhr)<\/strong><\/em> <br><img loading=\"lazy\" decoding=\"async\" width=\"10\" height=\"21\" class=\"wp-image-3656\" style=\"width: 10px;\" src=\"http:\/\/kommentatorenblog.de\/wp-content\/uploads\/2020\/09\/shure-55sh-ii-e1601485394796.jpg\" alt=\"\" srcset=\"http:\/\/kommentatorenblog.de\/wp-content\/uploads\/2020\/09\/shure-55sh-ii-e1601485394796.jpg 415w, http:\/\/kommentatorenblog.de\/wp-content\/uploads\/2020\/09\/shure-55sh-ii-e1601485394796-142x300.jpg 142w\" sizes=\"auto, (max-width: 10px) 100vw, 10px\" \/> Hansi K\u00fcpper, Konferenz: Florian Schmidt-Sommerfeld<br>Field-Reporter: Dirk gro\u00dfe Schlarmann<\/p>\n\n\n\n<p><strong style=\"font-style: italic;\">RB Leipzig <strong><em><span><b style=\"font-style: italic;\">\u2013<\/b><\/span><\/em><\/strong><\/strong> <em><strong>VfL Wolfsburg (15.30 Uhr)<\/strong><\/em> <br><img loading=\"lazy\" decoding=\"async\" width=\"10\" height=\"21\" class=\"wp-image-3656\" style=\"width: 10px;\" src=\"http:\/\/kommentatorenblog.de\/wp-content\/uploads\/2020\/09\/shure-55sh-ii-e1601485394796.jpg\" alt=\"\" srcset=\"http:\/\/kommentatorenblog.de\/wp-content\/uploads\/2020\/09\/shure-55sh-ii-e1601485394796.jpg 415w, http:\/\/kommentatorenblog.de\/wp-content\/uploads\/2020\/09\/shure-55sh-ii-e1601485394796-142x300.jpg 142w\" sizes=\"auto, (max-width: 10px) 100vw, 10px\" \/> Torsten Kunde, Konferenz: Frank Buschmann<br>Field-Reporter: Michael Leopold<\/p>\n\n\n\n<p><strong><em>1. FSV Mainz 05<\/em> <strong><em><span><b style=\"font-style: italic;\">\u2013<\/b><\/span><\/em><\/strong><\/strong> <em><strong>Bayer 04 Leverkusen (15.30 Uhr)<\/strong><\/em> <br><img loading=\"lazy\" decoding=\"async\" width=\"10\" height=\"21\" class=\"wp-image-3656\" style=\"width: 10px;\" src=\"http:\/\/kommentatorenblog.de\/wp-content\/uploads\/2020\/09\/shure-55sh-ii-e1601485394796.jpg\" alt=\"\" srcset=\"http:\/\/kommentatorenblog.de\/wp-content\/uploads\/2020\/09\/shure-55sh-ii-e1601485394796.jpg 415w, http:\/\/kommentatorenblog.de\/wp-content\/uploads\/2020\/09\/shure-55sh-ii-e1601485394796-142x300.jpg 142w\" sizes=\"auto, (max-width: 10px) 100vw, 10px\" \/> Marcus Lindemann, Konferenz: Jonas Friedrich<br>Field-Reporter: Jens Westen<\/p>\n\n\n\n<p><strong><em>TSG Hoffenheim<\/em> <strong><em><span><b style=\"font-style: italic;\">\u2013<\/b><\/span><\/em><\/strong><\/strong> <em><strong>FC Augsburg (15.30 Uhr)<\/strong><\/em> <br><img loading=\"lazy\" decoding=\"async\" width=\"10\" height=\"21\" class=\"wp-image-3656\" style=\"width: 10px;\" src=\"http:\/\/kommentatorenblog.de\/wp-content\/uploads\/2020\/09\/shure-55sh-ii-e1601485394796.jpg\" alt=\"\" srcset=\"http:\/\/kommentatorenblog.de\/wp-content\/uploads\/2020\/09\/shure-55sh-ii-e1601485394796.jpg 415w, http:\/\/kommentatorenblog.de\/wp-content\/uploads\/2020\/09\/shure-55sh-ii-e1601485394796-142x300.jpg 142w\" sizes=\"auto, (max-width: 10px) 100vw, 10px\" \/> Klaus Veltman, Konferenz: Martin Gro\u00df<br>Field-Reporter: Riccardo Basile<\/p>\n\n\n\n<p>Moderation: Britta Hofmann, Experten: Dietmar Hamann und Erik Meijer<\/p>\n\n\n\n<p><span style=\"text-decoration: underline;\"><span style=\"text-decoration: underline;\">ab 17.30 Uhr (Sky)<\/span><\/span><\/p>\n\n\n\n<p><strong><em>FC Bayern M\u00fcnchen<\/em> <strong><em><span><b style=\"font-style: italic;\">\u2013<\/b><\/span><\/em><\/strong><\/strong> <em><strong>Borussia M\u00f6nchengladbach (18.30 Uhr)<\/strong><\/em> <br><img loading=\"lazy\" decoding=\"async\" width=\"10\" height=\"21\" class=\"wp-image-3656\" style=\"width: 10px;\" src=\"http:\/\/kommentatorenblog.de\/wp-content\/uploads\/2020\/09\/shure-55sh-ii-e1601485394796.jpg\" alt=\"\" srcset=\"http:\/\/kommentatorenblog.de\/wp-content\/uploads\/2020\/09\/shure-55sh-ii-e1601485394796.jpg 415w, http:\/\/kommentatorenblog.de\/wp-content\/uploads\/2020\/09\/shure-55sh-ii-e1601485394796-142x300.jpg 142w\" sizes=\"auto, (max-width: 10px) 100vw, 10px\" \/> Wolff Fuss<br>Field-Reporter: Patrick Wasserziehr<br>Moderation: Sebastian Hellmann, Expert:innen: Julia Simic und Lothar Matth\u00e4us<\/p>\n\n\n\n<p><u>Sonntag, 28. August 2022, <\/u><span style=\"text-decoration: underline;\"><span style=\"text-decoration: underline;\">ab 14.45 Uhr (DAZN)<\/span><\/span><\/p>\n\n\n\n<p><strong style=\"font-style: italic;\">1. FC K\u00f6ln <strong><em><span><b style=\"font-style: italic;\">\u2013<\/b><\/span><\/em><\/strong><\/strong> <em><strong>VfB Stuttgart (15.30 Uhr)<\/strong><\/em> <br><img loading=\"lazy\" decoding=\"async\" width=\"10\" height=\"21\" class=\"wp-image-3656\" style=\"width: 10px;\" src=\"http:\/\/kommentatorenblog.de\/wp-content\/uploads\/2020\/09\/shure-55sh-ii-e1601485394796.jpg\" alt=\"\" srcset=\"http:\/\/kommentatorenblog.de\/wp-content\/uploads\/2020\/09\/shure-55sh-ii-e1601485394796.jpg 415w, http:\/\/kommentatorenblog.de\/wp-content\/uploads\/2020\/09\/shure-55sh-ii-e1601485394796-142x300.jpg 142w\" sizes=\"auto, (max-width: 10px) 100vw, 10px\" \/> Mario Rieker, Experte: Benny Lauth<br>Moderation: Tobi Wahnschaffe<\/p>\n\n\n\n<p><span style=\"text-decoration: underline;\"><span style=\"text-decoration: underline;\">ab 16.45 Uhr (DAZN)<\/span><\/span><\/p>\n\n\n\n<p><strong style=\"font-style: italic;\">SV Werder Bremen <strong><em><span><b style=\"font-style: italic;\">\u2013<\/b><\/span><\/em><\/strong><\/strong> <em><strong>Eintracht Frankfurt (17.30 Uhr)<\/strong><\/em> <br><img loading=\"lazy\" decoding=\"async\" width=\"10\" height=\"21\" class=\"wp-image-3656\" style=\"width: 10px;\" src=\"http:\/\/kommentatorenblog.de\/wp-content\/uploads\/2020\/09\/shure-55sh-ii-e1601485394796.jpg\" alt=\"\" srcset=\"http:\/\/kommentatorenblog.de\/wp-content\/uploads\/2020\/09\/shure-55sh-ii-e1601485394796.jpg 415w, http:\/\/kommentatorenblog.de\/wp-content\/uploads\/2020\/09\/shure-55sh-ii-e1601485394796-142x300.jpg 142w\" sizes=\"auto, (max-width: 10px) 100vw, 10px\" \/> Uli Hebel, Experte: Tim Borowski<br>Moderation: Laura Wontorra, Field-Reporterin: Ann-Sophie Kimmel<\/p>\n\n\n\n<hr class=\"wp-block-separator is-style-default\"\/>\n\n\n\n<p><strong>2. Bundesliga, 6. Spieltag (Sky\/Sport1)<\/strong><\/p>\n\n\n\n<p><u>Freitag, 26. August 2022, <\/u><span style=\"text-decoration: underline;\"><span style=\"text-decoration: underline;\">ab 18.00 Uhr (Sky)<\/span><\/span><\/p>\n\n\n\n<p><strong><em>Konferenz: <\/em><\/strong><img loading=\"lazy\" decoding=\"async\" width=\"10\" height=\"21\" class=\"wp-image-3656\" style=\"width: 10px;\" src=\"http:\/\/kommentatorenblog.de\/wp-content\/uploads\/2020\/09\/shure-55sh-ii-e1601485394796.jpg\" alt=\"\" srcset=\"http:\/\/kommentatorenblog.de\/wp-content\/uploads\/2020\/09\/shure-55sh-ii-e1601485394796.jpg 415w, http:\/\/kommentatorenblog.de\/wp-content\/uploads\/2020\/09\/shure-55sh-ii-e1601485394796-142x300.jpg 142w\" sizes=\"auto, (max-width: 10px) 100vw, 10px\" \/> Hannes Herrmann (Fokus auf DSC-EBS)<\/p>\n\n\n\n<p><strong style=\"font-style: italic;\">DSC Arminia Bielefeld <strong><em><span><b style=\"font-style: italic;\">\u2013<\/b><\/span><\/em><\/strong><\/strong> <em><strong>Eintracht Braunschweiz (18.30 Uhr)<\/strong><\/em> <br><img loading=\"lazy\" decoding=\"async\" width=\"10\" height=\"21\" class=\"wp-image-3656\" style=\"width: 10px;\" src=\"http:\/\/kommentatorenblog.de\/wp-content\/uploads\/2020\/09\/shure-55sh-ii-e1601485394796.jpg\" alt=\"\" srcset=\"http:\/\/kommentatorenblog.de\/wp-content\/uploads\/2020\/09\/shure-55sh-ii-e1601485394796.jpg 415w, http:\/\/kommentatorenblog.de\/wp-content\/uploads\/2020\/09\/shure-55sh-ii-e1601485394796-142x300.jpg 142w\" sizes=\"auto, (max-width: 10px) 100vw, 10px\" \/> Markus Gaupp<br>Field-Reporter: Dirk gro\u00dfe Schlarmann<\/p>\n\n\n\n<p><strong style=\"font-style: italic;\">Fortuna D\u00fcsseldorf <strong><em><span><b style=\"font-style: italic;\">\u2013<\/b><\/span><\/em><\/strong><\/strong> <em><strong>SSV Jahn Regensburg (18.30 Uhr)<\/strong><\/em> <br><img loading=\"lazy\" decoding=\"async\" width=\"10\" height=\"21\" class=\"wp-image-3656\" style=\"width: 10px;\" src=\"http:\/\/kommentatorenblog.de\/wp-content\/uploads\/2020\/09\/shure-55sh-ii-e1601485394796.jpg\" alt=\"\" srcset=\"http:\/\/kommentatorenblog.de\/wp-content\/uploads\/2020\/09\/shure-55sh-ii-e1601485394796.jpg 415w, http:\/\/kommentatorenblog.de\/wp-content\/uploads\/2020\/09\/shure-55sh-ii-e1601485394796-142x300.jpg 142w\" sizes=\"auto, (max-width: 10px) 100vw, 10px\" \/> Christian Stra\u00dfburger<br>Interviews: Schalte<\/p>\n\n\n\n<p>Moderation: Katharina Kleinfeldt<\/p>\n\n\n\n<p><u>Samstag, 27. August 2022, <\/u><span style=\"text-decoration: underline;\"><span style=\"text-decoration: underline;\">ab 12.30 Uhr (Sky)<\/span><\/span><\/p>\n\n\n\n<p><strong><em>Konferenz: <\/em><\/strong><img loading=\"lazy\" decoding=\"async\" width=\"10\" height=\"21\" class=\"wp-image-3656\" style=\"width: 10px;\" src=\"http:\/\/kommentatorenblog.de\/wp-content\/uploads\/2020\/09\/shure-55sh-ii-e1601485394796.jpg\" alt=\"\" srcset=\"http:\/\/kommentatorenblog.de\/wp-content\/uploads\/2020\/09\/shure-55sh-ii-e1601485394796.jpg 415w, http:\/\/kommentatorenblog.de\/wp-content\/uploads\/2020\/09\/shure-55sh-ii-e1601485394796-142x300.jpg 142w\" sizes=\"auto, (max-width: 10px) 100vw, 10px\" \/> Markus G\u00f6tz (Fokus auf STP-SCP)<\/p>\n\n\n\n<p><strong style=\"font-style: italic;\">FC St. Pauli <strong><em><span><b style=\"font-style: italic;\">\u2013<\/b><\/span><\/em><\/strong><\/strong> <em><strong>SC Paderborn 07 (13.00 Uhr)<\/strong><\/em> <br><img loading=\"lazy\" decoding=\"async\" width=\"10\" height=\"21\" class=\"wp-image-3656\" style=\"width: 10px;\" src=\"http:\/\/kommentatorenblog.de\/wp-content\/uploads\/2020\/09\/shure-55sh-ii-e1601485394796.jpg\" alt=\"\" srcset=\"http:\/\/kommentatorenblog.de\/wp-content\/uploads\/2020\/09\/shure-55sh-ii-e1601485394796.jpg 415w, http:\/\/kommentatorenblog.de\/wp-content\/uploads\/2020\/09\/shure-55sh-ii-e1601485394796-142x300.jpg 142w\" sizes=\"auto, (max-width: 10px) 100vw, 10px\" \/> Christian Stra\u00dfburger<br>Field-Reporter: Sven T\u00f6llner<\/p>\n\n\n\n<p><strong style=\"font-style: italic;\">SV Darmstadt 98 <strong><em><span><b style=\"font-style: italic;\">\u2013<\/b><\/span><\/em><\/strong><\/strong> <em><strong>1. FC Heidenheim 1846 (13.00 Uhr)<\/strong><\/em> <br><img loading=\"lazy\" decoding=\"async\" width=\"10\" height=\"21\" class=\"wp-image-3656\" style=\"width: 10px;\" src=\"http:\/\/kommentatorenblog.de\/wp-content\/uploads\/2020\/09\/shure-55sh-ii-e1601485394796.jpg\" alt=\"\" srcset=\"http:\/\/kommentatorenblog.de\/wp-content\/uploads\/2020\/09\/shure-55sh-ii-e1601485394796.jpg 415w, http:\/\/kommentatorenblog.de\/wp-content\/uploads\/2020\/09\/shure-55sh-ii-e1601485394796-142x300.jpg 142w\" sizes=\"auto, (max-width: 10px) 100vw, 10px\" \/> Ulli Potofski<br>Interviews: Schalte<\/p>\n\n\n\n<p><strong style=\"font-style: italic;\">Karlsruher SC <strong><em><span><b style=\"font-style: italic;\">\u2013<\/b><\/span><\/em><\/strong><\/strong> <em><strong>F.C. Hansa Rostock (13.00 Uhr)<\/strong><\/em> <br><img loading=\"lazy\" decoding=\"async\" width=\"10\" height=\"21\" class=\"wp-image-3656\" style=\"width: 10px;\" src=\"http:\/\/kommentatorenblog.de\/wp-content\/uploads\/2020\/09\/shure-55sh-ii-e1601485394796.jpg\" alt=\"\" srcset=\"http:\/\/kommentatorenblog.de\/wp-content\/uploads\/2020\/09\/shure-55sh-ii-e1601485394796.jpg 415w, http:\/\/kommentatorenblog.de\/wp-content\/uploads\/2020\/09\/shure-55sh-ii-e1601485394796-142x300.jpg 142w\" sizes=\"auto, (max-width: 10px) 100vw, 10px\" \/> J\u00fcrgen Schmitz<\/p>\n\n\n\n<p>Moderation: Katharina Kleinfeldt<\/p>\n\n\n\n<p><span style=\"text-decoration: underline;\"><span style=\"text-decoration: underline;\">ab 19.30 Uhr (Sport1) bzw. ab 20.00 Uhr (Sky)<\/span><\/span><\/p>\n\n\n\n<p><strong style=\"font-style: italic;\">1<\/strong><strong><em>. FC N\u00fcrnberg<\/em><\/strong><strong style=\"font-style: italic;\"> <strong><em><span><b style=\"font-style: italic;\">\u2013<\/b><\/span><\/em><\/strong><\/strong> <em><strong>Hamburger SV (20.30 Uhr)<\/strong><\/em> <\/p>\n\n\n\n<p>Sport1: <img loading=\"lazy\" decoding=\"async\" width=\"10\" height=\"21\" class=\"wp-image-3656\" style=\"width: 10px;\" src=\"http:\/\/kommentatorenblog.de\/wp-content\/uploads\/2020\/09\/shure-55sh-ii-e1601485394796.jpg\" alt=\"\" srcset=\"http:\/\/kommentatorenblog.de\/wp-content\/uploads\/2020\/09\/shure-55sh-ii-e1601485394796.jpg 415w, http:\/\/kommentatorenblog.de\/wp-content\/uploads\/2020\/09\/shure-55sh-ii-e1601485394796-142x300.jpg 142w\" sizes=\"auto, (max-width: 10px) 100vw, 10px\" \/> Oliver Forster, Experte: Markus Babbel<br>Moderation (Sport1): Ruth Hofmann, Field-Reporter: Jochen Stutzky<\/p>\n\n\n\n<p>Sky: <img loading=\"lazy\" decoding=\"async\" width=\"10\" height=\"21\" class=\"wp-image-3656\" style=\"width: 10px;\" src=\"http:\/\/kommentatorenblog.de\/wp-content\/uploads\/2020\/09\/shure-55sh-ii-e1601485394796.jpg\" alt=\"\" srcset=\"http:\/\/kommentatorenblog.de\/wp-content\/uploads\/2020\/09\/shure-55sh-ii-e1601485394796.jpg 415w, http:\/\/kommentatorenblog.de\/wp-content\/uploads\/2020\/09\/shure-55sh-ii-e1601485394796-142x300.jpg 142w\" sizes=\"auto, (max-width: 10px) 100vw, 10px\" \/> Stefan Hempel, Experte: Torsten Mattuschka<\/p>\n\n\n\n<hr class=\"wp-block-separator is-style-default\"\/>\n\n\n\n<p><u>Sonntag, 28. August 2022, <\/u><span style=\"text-decoration: underline;\"><span style=\"text-decoration: underline;\">ab 13.00 Uhr (Sky)<\/span><\/span><\/p>\n\n\n\n<p><strong><em>Konferenz: <\/em><\/strong><img loading=\"lazy\" decoding=\"async\" width=\"10\" height=\"21\" class=\"wp-image-3656\" style=\"width: 10px;\" src=\"http:\/\/kommentatorenblog.de\/wp-content\/uploads\/2020\/09\/shure-55sh-ii-e1601485394796.jpg\" alt=\"\" srcset=\"http:\/\/kommentatorenblog.de\/wp-content\/uploads\/2020\/09\/shure-55sh-ii-e1601485394796.jpg 415w, http:\/\/kommentatorenblog.de\/wp-content\/uploads\/2020\/09\/shure-55sh-ii-e1601485394796-142x300.jpg 142w\" sizes=\"auto, (max-width: 10px) 100vw, 10px\" \/> Hannes Herrmann (Fokus auf H96-SGF)<\/p>\n\n\n\n<p><strong style=\"font-style: italic;\">Hannover 96 <strong><em><span><b style=\"font-style: italic;\">\u2013<\/b><\/span><\/em><\/strong><\/strong> <em><strong>SpVgg Greuther F\u00fcrth (13.30 Uhr)<\/strong><\/em> <br><img loading=\"lazy\" decoding=\"async\" width=\"10\" height=\"21\" class=\"wp-image-3656\" style=\"width: 10px;\" src=\"http:\/\/kommentatorenblog.de\/wp-content\/uploads\/2020\/09\/shure-55sh-ii-e1601485394796.jpg\" alt=\"\" srcset=\"http:\/\/kommentatorenblog.de\/wp-content\/uploads\/2020\/09\/shure-55sh-ii-e1601485394796.jpg 415w, http:\/\/kommentatorenblog.de\/wp-content\/uploads\/2020\/09\/shure-55sh-ii-e1601485394796-142x300.jpg 142w\" sizes=\"auto, (max-width: 10px) 100vw, 10px\" \/> Oliver Seidler<br>Field-Reporter: Marcus J\u00fcrgensen<\/p>\n\n\n\n<p><em><strong>1. FC Kaiserslautern<\/strong><\/em><strong style=\"font-style: italic;\"> <strong><em><span><b style=\"font-style: italic;\">\u2013<\/b><\/span><\/em><\/strong><\/strong> <em><strong>1. FC Magdeburg (13.30 Uhr)<\/strong><\/em> <br><img loading=\"lazy\" decoding=\"async\" width=\"10\" height=\"21\" class=\"wp-image-3656\" style=\"width: 10px;\" src=\"http:\/\/kommentatorenblog.de\/wp-content\/uploads\/2020\/09\/shure-55sh-ii-e1601485394796.jpg\" alt=\"\" srcset=\"http:\/\/kommentatorenblog.de\/wp-content\/uploads\/2020\/09\/shure-55sh-ii-e1601485394796.jpg 415w, http:\/\/kommentatorenblog.de\/wp-content\/uploads\/2020\/09\/shure-55sh-ii-e1601485394796-142x300.jpg 142w\" sizes=\"auto, (max-width: 10px) 100vw, 10px\" \/> Christian Stra\u00dfburger<br>Interviews: Schalte<\/p>\n\n\n\n<p><strong style=\"font-style: italic;\">Holstein Kiel <strong><em><span><b style=\"font-style: italic;\">\u2013<\/b><\/span><\/em><\/strong><\/strong> <em><strong>SV Sandhausen (13.30 Uhr)<\/strong><\/em> <br><img loading=\"lazy\" decoding=\"async\" width=\"10\" height=\"21\" class=\"wp-image-3656\" style=\"width: 10px;\" src=\"http:\/\/kommentatorenblog.de\/wp-content\/uploads\/2020\/09\/shure-55sh-ii-e1601485394796.jpg\" alt=\"\" srcset=\"http:\/\/kommentatorenblog.de\/wp-content\/uploads\/2020\/09\/shure-55sh-ii-e1601485394796.jpg 415w, http:\/\/kommentatorenblog.de\/wp-content\/uploads\/2020\/09\/shure-55sh-ii-e1601485394796-142x300.jpg 142w\" sizes=\"auto, (max-width: 10px) 100vw, 10px\" \/> Sven Schr\u00f6ter<\/p>\n\n\n\n<p>Moderation: Nele Schenker<\/p>\n\n\n\n<hr class=\"wp-block-separator is-style-default\"\/>\n\n\n\n<p><strong>3. Liga, 6. Spieltag (Magenta Sport\/BR\/SWR\/SR\/MDR)<\/strong><\/p>\n\n\n\n<p><u>Freitag, 26. August 2022, <\/u><span style=\"text-decoration: underline;\"><span style=\"text-decoration: underline;\">ab 18.30 Uhr (Magenta)<\/span><\/span><\/p>\n\n\n\n<p><strong style=\"font-style: italic;\">Hallescher FC <strong><em><span><b style=\"font-style: italic;\">\u2013<\/b><\/span><\/em><\/strong><\/strong> <em><strong>SV Meppen (19.00 Uhr)<\/strong><\/em> <br><img loading=\"lazy\" decoding=\"async\" width=\"10\" height=\"21\" class=\"wp-image-3656\" style=\"width: 10px;\" src=\"http:\/\/kommentatorenblog.de\/wp-content\/uploads\/2020\/09\/shure-55sh-ii-e1601485394796.jpg\" alt=\"\" srcset=\"http:\/\/kommentatorenblog.de\/wp-content\/uploads\/2020\/09\/shure-55sh-ii-e1601485394796.jpg 415w, http:\/\/kommentatorenblog.de\/wp-content\/uploads\/2020\/09\/shure-55sh-ii-e1601485394796-142x300.jpg 142w\" sizes=\"auto, (max-width: 10px) 100vw, 10px\" \/> Lenny Leonhardt<br>Moderation: Anett Sattler, Experte: Martin Lanig<\/p>\n\n\n\n<p><u>Samstag, 27. August 2022, <\/u><span style=\"text-decoration: underline;\"><span style=\"text-decoration: underline;\">ab 13.45 Uhr (Magenta)<\/span><\/span><\/p>\n\n\n\n<p><strong><em>Konferenz: <\/em><\/strong><img loading=\"lazy\" decoding=\"async\" width=\"10\" height=\"21\" class=\"wp-image-3656\" style=\"width: 10px;\" src=\"http:\/\/kommentatorenblog.de\/wp-content\/uploads\/2020\/09\/shure-55sh-ii-e1601485394796.jpg\" alt=\"\" srcset=\"http:\/\/kommentatorenblog.de\/wp-content\/uploads\/2020\/09\/shure-55sh-ii-e1601485394796.jpg 415w, http:\/\/kommentatorenblog.de\/wp-content\/uploads\/2020\/09\/shure-55sh-ii-e1601485394796-142x300.jpg 142w\" sizes=\"auto, (max-width: 10px) 100vw, 10px\" \/> Alexander Klich, Experte: Steven Ruprecht (14 Uhr)<\/p>\n\n\n\n<p><strong style=\"font-style: italic;\">VfL Osnabr\u00fcck <strong><em><span><b style=\"font-style: italic;\">\u2013<\/b><\/span><\/em><\/strong><\/strong> <em><strong>1. FC Saarbr\u00fccken (14.00 Uhr)<\/strong><\/em> <br><img loading=\"lazy\" decoding=\"async\" width=\"10\" height=\"21\" class=\"wp-image-3656\" style=\"width: 10px;\" src=\"http:\/\/kommentatorenblog.de\/wp-content\/uploads\/2020\/09\/shure-55sh-ii-e1601485394796.jpg\" alt=\"\" srcset=\"http:\/\/kommentatorenblog.de\/wp-content\/uploads\/2020\/09\/shure-55sh-ii-e1601485394796.jpg 415w, http:\/\/kommentatorenblog.de\/wp-content\/uploads\/2020\/09\/shure-55sh-ii-e1601485394796-142x300.jpg 142w\" sizes=\"auto, (max-width: 10px) 100vw, 10px\" \/> Julian Engelhard<br>Moderation: Thomas Wagner<\/p>\n\n\n\n<p><strong style=\"font-style: italic;\">FC Ingolstadt <strong><em><span><b style=\"font-style: italic;\">\u2013<\/b><\/span><\/em><\/strong><\/strong> <em><strong>SV Wehen Wiesbaden (14.00 Uhr)<\/strong><\/em> <br><img loading=\"lazy\" decoding=\"async\" width=\"10\" height=\"21\" class=\"wp-image-3656\" style=\"width: 10px;\" src=\"http:\/\/kommentatorenblog.de\/wp-content\/uploads\/2020\/09\/shure-55sh-ii-e1601485394796.jpg\" alt=\"\" srcset=\"http:\/\/kommentatorenblog.de\/wp-content\/uploads\/2020\/09\/shure-55sh-ii-e1601485394796.jpg 415w, http:\/\/kommentatorenblog.de\/wp-content\/uploads\/2020\/09\/shure-55sh-ii-e1601485394796-142x300.jpg 142w\" sizes=\"auto, (max-width: 10px) 100vw, 10px\" \/> Franz B\u00fcchner<br>Moderation: Simon K\u00f6pfer<\/p>\n\n\n\n<p><strong style=\"font-style: italic;\">SpVgg Oberfranken Bayreuth <strong><em><span><b style=\"font-style: italic;\">\u2013<\/b><\/span><\/em><\/strong><\/strong> <em><strong>Rot-Weiss Essen (14.00 Uhr)<\/strong><\/em> <br><img loading=\"lazy\" decoding=\"async\" width=\"10\" height=\"21\" class=\"wp-image-3656\" style=\"width: 10px;\" src=\"http:\/\/kommentatorenblog.de\/wp-content\/uploads\/2020\/09\/shure-55sh-ii-e1601485394796.jpg\" alt=\"\" srcset=\"http:\/\/kommentatorenblog.de\/wp-content\/uploads\/2020\/09\/shure-55sh-ii-e1601485394796.jpg 415w, http:\/\/kommentatorenblog.de\/wp-content\/uploads\/2020\/09\/shure-55sh-ii-e1601485394796-142x300.jpg 142w\" sizes=\"auto, (max-width: 10px) 100vw, 10px\" \/> Martin Piller<br>Moderation: Stefanie Blochwitz<\/p>\n\n\n\n<p><span style=\"text-decoration: underline;\"><span style=\"text-decoration: underline;\">ab 13.45 Uhr (Magenta)<\/span> bzw. ab 14.00 Uhr (BR)<\/span><\/p>\n\n\n\n<p><strong style=\"font-style: italic;\">FC Viktoria K\u00f6ln <strong><em><span><b style=\"font-style: italic;\">\u2013<\/b><\/span><\/em><\/strong><\/strong> <em><strong>TSV 1860 M\u00fcnchen (14.00 Uhr)<\/strong><\/em> <\/p>\n\n\n\n<p>Magenta: <img loading=\"lazy\" decoding=\"async\" width=\"10\" height=\"21\" class=\"wp-image-3656\" style=\"width: 10px;\" src=\"http:\/\/kommentatorenblog.de\/wp-content\/uploads\/2020\/09\/shure-55sh-ii-e1601485394796.jpg\" alt=\"\" srcset=\"http:\/\/kommentatorenblog.de\/wp-content\/uploads\/2020\/09\/shure-55sh-ii-e1601485394796.jpg 415w, http:\/\/kommentatorenblog.de\/wp-content\/uploads\/2020\/09\/shure-55sh-ii-e1601485394796-142x300.jpg 142w\" sizes=\"auto, (max-width: 10px) 100vw, 10px\" \/> Markus H\u00f6hner<br>Moderation (Magenta): Tobi Sch\u00e4fer<\/p>\n\n\n\n<p>BR: <img loading=\"lazy\" decoding=\"async\" width=\"10\" height=\"21\" class=\"wp-image-3656\" style=\"width: 10px;\" src=\"http:\/\/kommentatorenblog.de\/wp-content\/uploads\/2020\/09\/shure-55sh-ii-e1601485394796.jpg\" alt=\"\" srcset=\"http:\/\/kommentatorenblog.de\/wp-content\/uploads\/2020\/09\/shure-55sh-ii-e1601485394796.jpg 415w, http:\/\/kommentatorenblog.de\/wp-content\/uploads\/2020\/09\/shure-55sh-ii-e1601485394796-142x300.jpg 142w\" sizes=\"auto, (max-width: 10px) 100vw, 10px\" \/> Florian Eckl<br>Moderation (BR): Julia Scharf<\/p>\n\n\n\n<p><span style=\"text-decoration: underline;\"><span style=\"text-decoration: underline;\">ab 13.45 Uhr (Magenta)<\/span> bzw. ab 13.58 Uhr (SWR\/SR)<\/span><\/p>\n\n\n\n<p><strong style=\"font-style: italic;\">SV Elversberg <strong><em><span><b style=\"font-style: italic;\">\u2013<\/b><\/span><\/em><\/strong><\/strong> <em><strong>SV Waldhof Mannheim (14.00 Uhr)<\/strong><\/em> <\/p>\n\n\n\n<p>Magenta: <img loading=\"lazy\" decoding=\"async\" width=\"10\" height=\"21\" class=\"wp-image-3656\" style=\"width: 10px;\" src=\"http:\/\/kommentatorenblog.de\/wp-content\/uploads\/2020\/09\/shure-55sh-ii-e1601485394796.jpg\" alt=\"\" srcset=\"http:\/\/kommentatorenblog.de\/wp-content\/uploads\/2020\/09\/shure-55sh-ii-e1601485394796.jpg 415w, http:\/\/kommentatorenblog.de\/wp-content\/uploads\/2020\/09\/shure-55sh-ii-e1601485394796-142x300.jpg 142w\" sizes=\"auto, (max-width: 10px) 100vw, 10px\" \/> Philip Konrad<br>Moderation (Magenta): Kevin Gerwin<\/p>\n\n\n\n<p>SWR: <img loading=\"lazy\" decoding=\"async\" width=\"10\" height=\"21\" class=\"wp-image-3656\" style=\"width: 10px;\" src=\"http:\/\/kommentatorenblog.de\/wp-content\/uploads\/2020\/09\/shure-55sh-ii-e1601485394796.jpg\" alt=\"\" srcset=\"http:\/\/kommentatorenblog.de\/wp-content\/uploads\/2020\/09\/shure-55sh-ii-e1601485394796.jpg 415w, http:\/\/kommentatorenblog.de\/wp-content\/uploads\/2020\/09\/shure-55sh-ii-e1601485394796-142x300.jpg 142w\" sizes=\"auto, (max-width: 10px) 100vw, 10px\" \/> Sven Roland<br>Moderation (SWR): Thomas Braml, Experte: Lukas Kohler<\/p>\n\n\n\n<p><span style=\"text-decoration: underline;\"><span style=\"text-decoration: underline;\">ab 13.45 Uhr (Magenta)<\/span> bzw. ab 14.00 Uhr (MDR)<\/span><\/p>\n\n\n\n<p><strong style=\"font-style: italic;\">SV Verl <strong><em><span><b style=\"font-style: italic;\">\u2013<\/b><\/span><\/em><\/strong><\/strong> <em><strong>FSV Zwickau (14.00 Uhr)<\/strong><\/em> <\/p>\n\n\n\n<p>Magenta: <img loading=\"lazy\" decoding=\"async\" width=\"10\" height=\"21\" class=\"wp-image-3656\" style=\"width: 10px;\" src=\"http:\/\/kommentatorenblog.de\/wp-content\/uploads\/2020\/09\/shure-55sh-ii-e1601485394796.jpg\" alt=\"\" srcset=\"http:\/\/kommentatorenblog.de\/wp-content\/uploads\/2020\/09\/shure-55sh-ii-e1601485394796.jpg 415w, http:\/\/kommentatorenblog.de\/wp-content\/uploads\/2020\/09\/shure-55sh-ii-e1601485394796-142x300.jpg 142w\" sizes=\"auto, (max-width: 10px) 100vw, 10px\" \/> Mike M\u00fcnkel<br>Moderation (Magenta): Michael Augustin<\/p>\n\n\n\n<p>MDR: <img loading=\"lazy\" decoding=\"async\" width=\"10\" height=\"21\" class=\"wp-image-3656\" style=\"width: 10px;\" src=\"http:\/\/kommentatorenblog.de\/wp-content\/uploads\/2020\/09\/shure-55sh-ii-e1601485394796.jpg\" alt=\"\" srcset=\"http:\/\/kommentatorenblog.de\/wp-content\/uploads\/2020\/09\/shure-55sh-ii-e1601485394796.jpg 415w, http:\/\/kommentatorenblog.de\/wp-content\/uploads\/2020\/09\/shure-55sh-ii-e1601485394796-142x300.jpg 142w\" sizes=\"auto, (max-width: 10px) 100vw, 10px\" \/> Markus Herwig, Experte: Lutz Lindemann<br>Moderation (MDR): Ren\u00e9 Kindermann<\/p>\n\n\n\n<p><u>Sonntag, 28. August 2022, <\/u><span style=\"text-decoration: underline;\"><span style=\"text-decoration: underline;\">ab 12.45 Uhr (Magenta)<\/span><\/span><\/p>\n\n\n\n<p><strong style=\"font-style: italic;\">Borussia Dortmund II <strong><em><span><b style=\"font-style: italic;\">\u2013<\/b><\/span><\/em><\/strong><\/strong> <em><strong>SC Freiburg II (13.00 Uhr)<\/strong><\/em> <br><img loading=\"lazy\" decoding=\"async\" width=\"10\" height=\"21\" class=\"wp-image-3656\" style=\"width: 10px;\" src=\"http:\/\/kommentatorenblog.de\/wp-content\/uploads\/2020\/09\/shure-55sh-ii-e1601485394796.jpg\" alt=\"\" srcset=\"http:\/\/kommentatorenblog.de\/wp-content\/uploads\/2020\/09\/shure-55sh-ii-e1601485394796.jpg 415w, http:\/\/kommentatorenblog.de\/wp-content\/uploads\/2020\/09\/shure-55sh-ii-e1601485394796-142x300.jpg 142w\" sizes=\"auto, (max-width: 10px) 100vw, 10px\" \/> Stefan Fuckert<br>Moderation: Konstantin Klostermann<\/p>\n\n\n\n<p><span style=\"text-decoration: underline;\"><span style=\"text-decoration: underline;\">ab 13.45 Uhr (Magenta)<\/span><\/span><\/p>\n\n\n\n<p><strong style=\"font-style: italic;\">FC Erzgebirge Aue <strong><em><span><b style=\"font-style: italic;\">\u2013<\/b><\/span><\/em><\/strong><\/strong> <em><strong>SG Dynamo Dresden (14.00 Uhr)<\/strong><\/em> <br><img loading=\"lazy\" decoding=\"async\" width=\"10\" height=\"21\" class=\"wp-image-3656\" style=\"width: 10px;\" src=\"http:\/\/kommentatorenblog.de\/wp-content\/uploads\/2020\/09\/shure-55sh-ii-e1601485394796.jpg\" alt=\"\" srcset=\"http:\/\/kommentatorenblog.de\/wp-content\/uploads\/2020\/09\/shure-55sh-ii-e1601485394796.jpg 415w, http:\/\/kommentatorenblog.de\/wp-content\/uploads\/2020\/09\/shure-55sh-ii-e1601485394796-142x300.jpg 142w\" sizes=\"auto, (max-width: 10px) 100vw, 10px\" \/> Andreas Mann<br>Moderation: Anett Sattler, Experte: Rudi Bommer<\/p>\n\n\n\n<p><u>Montag, 29. August 2022, <\/u><span style=\"text-decoration: underline;\"><span style=\"text-decoration: underline;\">ab 18.45 Uhr (Magenta)<\/span><\/span><\/p>\n\n\n\n<p><strong style=\"font-style: italic;\">MSV Duisburg <strong><em><span><b style=\"font-style: italic;\">\u2013<\/b><\/span><\/em><\/strong><\/strong> <em><strong>VfB Oldenburg (19.00 Uhr)<\/strong><\/em> <br><img loading=\"lazy\" decoding=\"async\" width=\"10\" height=\"21\" class=\"wp-image-3656\" style=\"width: 10px;\" src=\"http:\/\/kommentatorenblog.de\/wp-content\/uploads\/2020\/09\/shure-55sh-ii-e1601485394796.jpg\" alt=\"\" srcset=\"http:\/\/kommentatorenblog.de\/wp-content\/uploads\/2020\/09\/shure-55sh-ii-e1601485394796.jpg 415w, http:\/\/kommentatorenblog.de\/wp-content\/uploads\/2020\/09\/shure-55sh-ii-e1601485394796-142x300.jpg 142w\" sizes=\"auto, (max-width: 10px) 100vw, 10px\" \/> Christian Stra\u00dfburger<br>Moderation: Thomas Wagner<\/p>\n\n\n\n<hr class=\"wp-block-separator is-style-default\"\/>\n\n\n\n<p><strong>Premier League (ENG), 4. Spieltag (Sky)<\/strong><\/p>\n\n\n\n<p><u>Samstag, 27. August 2022, <\/u><span style=\"text-decoration: underline;\"><span style=\"text-decoration: underline;\">ab 13.20 Uhr<\/span><\/span><\/p>\n\n\n\n<p><strong style=\"font-style: italic;\">FC Southampton <strong><em><span><b style=\"font-style: italic;\">\u2013<\/b><\/span><\/em><\/strong><\/strong> <em><strong>Manchester United (13.30 Uhr)<\/strong><\/em> <br><img loading=\"lazy\" decoding=\"async\" width=\"10\" height=\"21\" class=\"wp-image-3656\" style=\"width: 10px;\" src=\"http:\/\/kommentatorenblog.de\/wp-content\/uploads\/2020\/09\/shure-55sh-ii-e1601485394796.jpg\" alt=\"\" srcset=\"http:\/\/kommentatorenblog.de\/wp-content\/uploads\/2020\/09\/shure-55sh-ii-e1601485394796.jpg 415w, http:\/\/kommentatorenblog.de\/wp-content\/uploads\/2020\/09\/shure-55sh-ii-e1601485394796-142x300.jpg 142w\" sizes=\"auto, (max-width: 10px) 100vw, 10px\" \/> Uli Hebel<\/p>\n\n\n\n<p><span style=\"text-decoration: underline;\"><span style=\"text-decoration: underline;\">ab 15.50 Uhr<\/span><\/span><\/p>\n\n\n\n<p><strong style=\"font-style: italic;\">FC Liverpool <strong><em><span><b style=\"font-style: italic;\">\u2013<\/b><\/span><\/em><\/strong><\/strong> <em><strong>AFC Bournemouth (16.00 Uhr)<\/strong><\/em> <br><img loading=\"lazy\" decoding=\"async\" width=\"10\" height=\"21\" class=\"wp-image-3656\" style=\"width: 10px;\" src=\"http:\/\/kommentatorenblog.de\/wp-content\/uploads\/2020\/09\/shure-55sh-ii-e1601485394796.jpg\" alt=\"\" srcset=\"http:\/\/kommentatorenblog.de\/wp-content\/uploads\/2020\/09\/shure-55sh-ii-e1601485394796.jpg 415w, http:\/\/kommentatorenblog.de\/wp-content\/uploads\/2020\/09\/shure-55sh-ii-e1601485394796-142x300.jpg 142w\" sizes=\"auto, (max-width: 10px) 100vw, 10px\" \/> Joachim Hebel<\/p>\n\n\n\n<p><strong style=\"font-style: italic;\">FC Chelsea <strong><em><span><b style=\"font-style: italic;\">\u2013<\/b><\/span><\/em><\/strong><\/strong> <em><strong>Leicester City (16.00 Uhr)<\/strong><\/em> <br><img loading=\"lazy\" decoding=\"async\" width=\"10\" height=\"21\" class=\"wp-image-3656\" style=\"width: 10px;\" src=\"http:\/\/kommentatorenblog.de\/wp-content\/uploads\/2020\/09\/shure-55sh-ii-e1601485394796.jpg\" alt=\"\" srcset=\"http:\/\/kommentatorenblog.de\/wp-content\/uploads\/2020\/09\/shure-55sh-ii-e1601485394796.jpg 415w, http:\/\/kommentatorenblog.de\/wp-content\/uploads\/2020\/09\/shure-55sh-ii-e1601485394796-142x300.jpg 142w\" sizes=\"auto, (max-width: 10px) 100vw, 10px\" \/> Sven Schr\u00f6ter<\/p>\n\n\n\n<p><strong style=\"font-style: italic;\">Manchester City <strong><em><span><b style=\"font-style: italic;\">\u2013<\/b><\/span><\/em><\/strong><\/strong> <em><strong>Crystal Palace (16.00 Uhr)<\/strong><\/em> <br><img loading=\"lazy\" decoding=\"async\" width=\"10\" height=\"21\" class=\"wp-image-3656\" style=\"width: 10px;\" src=\"http:\/\/kommentatorenblog.de\/wp-content\/uploads\/2020\/09\/shure-55sh-ii-e1601485394796.jpg\" alt=\"\" srcset=\"http:\/\/kommentatorenblog.de\/wp-content\/uploads\/2020\/09\/shure-55sh-ii-e1601485394796.jpg 415w, http:\/\/kommentatorenblog.de\/wp-content\/uploads\/2020\/09\/shure-55sh-ii-e1601485394796-142x300.jpg 142w\" sizes=\"auto, (max-width: 10px) 100vw, 10px\" \/> Roland Evers<\/p>\n\n\n\n<p><span style=\"text-decoration: underline;\"><span style=\"text-decoration: underline;\">ab 18.20 Uhr<\/span><\/span><\/p>\n\n\n\n<p><strong style=\"font-style: italic;\">FC Arsenal <strong><em><span><b style=\"font-style: italic;\">\u2013<\/b><\/span><\/em><\/strong><\/strong> <em><strong>FC Fulham (18.30 Uhr)<\/strong><\/em> <br><img loading=\"lazy\" decoding=\"async\" width=\"10\" height=\"21\" class=\"wp-image-3656\" style=\"width: 10px;\" src=\"http:\/\/kommentatorenblog.de\/wp-content\/uploads\/2020\/09\/shure-55sh-ii-e1601485394796.jpg\" alt=\"\" srcset=\"http:\/\/kommentatorenblog.de\/wp-content\/uploads\/2020\/09\/shure-55sh-ii-e1601485394796.jpg 415w, http:\/\/kommentatorenblog.de\/wp-content\/uploads\/2020\/09\/shure-55sh-ii-e1601485394796-142x300.jpg 142w\" sizes=\"auto, (max-width: 10px) 100vw, 10px\" \/> Hannes Herrmann<\/p>\n\n\n\n<p><span style=\"text-decoration: underline;\"><span style=\"text-decoration: underline;\"><em><strong>re-live<\/strong><\/em> ab 21.00 Uhr<\/span><\/span><\/p>\n\n\n\n<p><strong style=\"font-style: italic;\">FC Brentford <strong><em><span><b style=\"font-style: italic;\">\u2013<\/b><\/span><\/em><\/strong><\/strong> <em><strong>FC Everton (16.00 Uhr, Ausstrahlung ab 21.00 Uhr)<\/strong><\/em> <br><img loading=\"lazy\" decoding=\"async\" width=\"10\" height=\"21\" class=\"wp-image-3656\" style=\"width: 10px;\" src=\"http:\/\/kommentatorenblog.de\/wp-content\/uploads\/2020\/09\/shure-55sh-ii-e1601485394796.jpg\" alt=\"\" srcset=\"http:\/\/kommentatorenblog.de\/wp-content\/uploads\/2020\/09\/shure-55sh-ii-e1601485394796.jpg 415w, http:\/\/kommentatorenblog.de\/wp-content\/uploads\/2020\/09\/shure-55sh-ii-e1601485394796-142x300.jpg 142w\" sizes=\"auto, (max-width: 10px) 100vw, 10px\" \/> Florian Malburg<\/p>\n\n\n\n<p><strong style=\"font-style: italic;\">Brighton &amp; Hove Albion <strong><em><span><b style=\"font-style: italic;\">\u2013<\/b><\/span><\/em><\/strong><\/strong> <em><strong>Leeds United (16.00 Uhr, Ausstrahlung ab 23.30 Uhr)<\/strong><\/em> <br><img loading=\"lazy\" decoding=\"async\" width=\"10\" height=\"21\" class=\"wp-image-3656\" style=\"width: 10px;\" src=\"http:\/\/kommentatorenblog.de\/wp-content\/uploads\/2020\/09\/shure-55sh-ii-e1601485394796.jpg\" alt=\"\" srcset=\"http:\/\/kommentatorenblog.de\/wp-content\/uploads\/2020\/09\/shure-55sh-ii-e1601485394796.jpg 415w, http:\/\/kommentatorenblog.de\/wp-content\/uploads\/2020\/09\/shure-55sh-ii-e1601485394796-142x300.jpg 142w\" sizes=\"auto, (max-width: 10px) 100vw, 10px\" \/> Timo Sch\u00e4fers<\/p>\n\n\n\n<p><u>Sonntag, 28. August 2022, <\/u><span style=\"text-decoration: underline;\"><span style=\"text-decoration: underline;\">ab 14.50 Uhr<\/span><\/span><\/p>\n\n\n\n<p><strong style=\"font-style: italic;\">Wolverhampton Wanderers <strong><em><span><b style=\"font-style: italic;\">\u2013<\/b><\/span><\/em><\/strong><\/strong> <em><strong>Newcastle United (15.00 Uhr)<\/strong><\/em> <br><img loading=\"lazy\" decoding=\"async\" width=\"10\" height=\"21\" class=\"wp-image-3656\" style=\"width: 10px;\" src=\"http:\/\/kommentatorenblog.de\/wp-content\/uploads\/2020\/09\/shure-55sh-ii-e1601485394796.jpg\" alt=\"\" srcset=\"http:\/\/kommentatorenblog.de\/wp-content\/uploads\/2020\/09\/shure-55sh-ii-e1601485394796.jpg 415w, http:\/\/kommentatorenblog.de\/wp-content\/uploads\/2020\/09\/shure-55sh-ii-e1601485394796-142x300.jpg 142w\" sizes=\"auto, (max-width: 10px) 100vw, 10px\" \/> Joachim Hebel<\/p>\n\n\n\n<p><strong style=\"font-style: italic;\">Aston Villa <strong><em><span><b style=\"font-style: italic;\">\u2013<\/b><\/span><\/em><\/strong><\/strong> <em><strong>West Ham United (15.00 Uhr)<\/strong><\/em> <br><img loading=\"lazy\" decoding=\"async\" width=\"10\" height=\"21\" class=\"wp-image-3656\" style=\"width: 10px;\" src=\"http:\/\/kommentatorenblog.de\/wp-content\/uploads\/2020\/09\/shure-55sh-ii-e1601485394796.jpg\" alt=\"\" srcset=\"http:\/\/kommentatorenblog.de\/wp-content\/uploads\/2020\/09\/shure-55sh-ii-e1601485394796.jpg 415w, http:\/\/kommentatorenblog.de\/wp-content\/uploads\/2020\/09\/shure-55sh-ii-e1601485394796-142x300.jpg 142w\" sizes=\"auto, (max-width: 10px) 100vw, 10px\" \/> Thomas Wagner<\/p>\n\n\n\n<p><span style=\"text-decoration: underline;\"><span style=\"text-decoration: underline;\">ab 17.00 Uhr<\/span><\/span><\/p>\n\n\n\n<p><strong style=\"font-style: italic;\">Nottingham Forest <strong><em><span><b style=\"font-style: italic;\">\u2013<\/b><\/span><\/em><\/strong><\/strong> <em><strong>Tottenham Hotspur (17.30 Uhr)<\/strong><\/em> <br><img loading=\"lazy\" decoding=\"async\" width=\"10\" height=\"21\" class=\"wp-image-3656\" style=\"width: 10px;\" src=\"http:\/\/kommentatorenblog.de\/wp-content\/uploads\/2020\/09\/shure-55sh-ii-e1601485394796.jpg\" alt=\"\" srcset=\"http:\/\/kommentatorenblog.de\/wp-content\/uploads\/2020\/09\/shure-55sh-ii-e1601485394796.jpg 415w, http:\/\/kommentatorenblog.de\/wp-content\/uploads\/2020\/09\/shure-55sh-ii-e1601485394796-142x300.jpg 142w\" sizes=\"auto, (max-width: 10px) 100vw, 10px\" \/> Florian Schmidt-Sommerfeld, Experte: Mladen Petri\u0107<br>Field-Reporter: Raphael Honigstein<\/p>\n\n\n\n<hr class=\"wp-block-separator is-style-default\"\/>\n\n\n\n<p><strong>EFL Championship (ENG), 6. Spieltag (Sportdigital FUSSBALL)<\/strong><\/p>\n\n\n\n<p><u>Freitag, 26. August 2022<\/u><\/p>\n\n\n\n<p><strong style=\"font-style: italic;\">Luton Town <strong><em><span><b style=\"font-style: italic;\">\u2013<\/b><\/span><\/em><\/strong><\/strong> <em><strong>Sheffield United (21.00 Uhr)<\/strong><\/em> <br><img loading=\"lazy\" decoding=\"async\" width=\"10\" height=\"21\" class=\"wp-image-3656\" style=\"width: 10px;\" src=\"http:\/\/kommentatorenblog.de\/wp-content\/uploads\/2020\/09\/shure-55sh-ii-e1601485394796.jpg\" alt=\"\" srcset=\"http:\/\/kommentatorenblog.de\/wp-content\/uploads\/2020\/09\/shure-55sh-ii-e1601485394796.jpg 415w, http:\/\/kommentatorenblog.de\/wp-content\/uploads\/2020\/09\/shure-55sh-ii-e1601485394796-142x300.jpg 142w\" sizes=\"auto, (max-width: 10px) 100vw, 10px\" \/> Arne Malsch<\/p>\n\n\n\n<p><u>Samstag, 27. August 2022, ab ca. 14 Uhr<\/u><\/p>\n\n\n\n<p><strong style=\"font-style: italic;\">AFC Sunderland <strong><em><span><b style=\"font-style: italic;\">\u2013<\/b><\/span><\/em><\/strong><\/strong> <em><strong>Norwich City (13.30 Uhr)<\/strong><\/em> <br><img loading=\"lazy\" decoding=\"async\" width=\"10\" height=\"21\" class=\"wp-image-3656\" style=\"width: 10px;\" src=\"http:\/\/kommentatorenblog.de\/wp-content\/uploads\/2020\/09\/shure-55sh-ii-e1601485394796.jpg\" alt=\"\" srcset=\"http:\/\/kommentatorenblog.de\/wp-content\/uploads\/2020\/09\/shure-55sh-ii-e1601485394796.jpg 415w, http:\/\/kommentatorenblog.de\/wp-content\/uploads\/2020\/09\/shure-55sh-ii-e1601485394796-142x300.jpg 142w\" sizes=\"auto, (max-width: 10px) 100vw, 10px\" \/> Moritz Knorr<\/p>\n\n\n\n<p><strong style=\"font-style: italic;\">Huddersfield Town <strong><em><span><b style=\"font-style: italic;\">\u2013<\/b><\/span><\/em><\/strong><\/strong> <em><strong>West Bromwich Albion (16.00 Uhr)<\/strong><\/em> <br><img loading=\"lazy\" decoding=\"async\" width=\"10\" height=\"21\" class=\"wp-image-3656\" style=\"width: 10px;\" src=\"http:\/\/kommentatorenblog.de\/wp-content\/uploads\/2020\/09\/shure-55sh-ii-e1601485394796.jpg\" alt=\"\" srcset=\"http:\/\/kommentatorenblog.de\/wp-content\/uploads\/2020\/09\/shure-55sh-ii-e1601485394796.jpg 415w, http:\/\/kommentatorenblog.de\/wp-content\/uploads\/2020\/09\/shure-55sh-ii-e1601485394796-142x300.jpg 142w\" sizes=\"auto, (max-width: 10px) 100vw, 10px\" \/> Christian Blunck<\/p>\n\n\n\n<hr class=\"wp-block-separator is-style-default\"\/>\n\n\n\n<p><strong>LaLiga (ESP), 3. Spieltag (DAZN)<\/strong><\/p>\n\n\n\n<p><u>Freitag, 26. August 2022<\/u><\/p>\n\n\n\n<p><strong style=\"font-style: italic;\">Real Betis <strong><em><span><b style=\"font-style: italic;\">\u2013<\/b><\/span><\/em><\/strong><\/strong> <em><strong>CA Osasuna (22.00 Uhr)<\/strong><\/em> <br><img loading=\"lazy\" decoding=\"async\" width=\"10\" height=\"21\" class=\"wp-image-3656\" style=\"width: 10px;\" src=\"http:\/\/kommentatorenblog.de\/wp-content\/uploads\/2020\/09\/shure-55sh-ii-e1601485394796.jpg\" alt=\"\" srcset=\"http:\/\/kommentatorenblog.de\/wp-content\/uploads\/2020\/09\/shure-55sh-ii-e1601485394796.jpg 415w, http:\/\/kommentatorenblog.de\/wp-content\/uploads\/2020\/09\/shure-55sh-ii-e1601485394796-142x300.jpg 142w\" sizes=\"auto, (max-width: 10px) 100vw, 10px\" \/> Michael Brandes<\/p>\n\n\n\n<p><u>Samstag, 27. August 2022<\/u><\/p>\n\n\n\n<p><strong style=\"font-style: italic;\">UD Almer\u00eda <strong><em><span><b style=\"font-style: italic;\">\u2013<\/b><\/span><\/em><\/strong><\/strong> <em><strong>FC Sevilla (22.00 Uhr)<\/strong><\/em> <br><img loading=\"lazy\" decoding=\"async\" width=\"10\" height=\"21\" class=\"wp-image-3656\" style=\"width: 10px;\" src=\"http:\/\/kommentatorenblog.de\/wp-content\/uploads\/2020\/09\/shure-55sh-ii-e1601485394796.jpg\" alt=\"\" srcset=\"http:\/\/kommentatorenblog.de\/wp-content\/uploads\/2020\/09\/shure-55sh-ii-e1601485394796.jpg 415w, http:\/\/kommentatorenblog.de\/wp-content\/uploads\/2020\/09\/shure-55sh-ii-e1601485394796-142x300.jpg 142w\" sizes=\"auto, (max-width: 10px) 100vw, 10px\" \/> Michael Born<\/p>\n\n\n\n<p><u>Sonntag, 28. August 2022<\/u><\/p>\n\n\n\n<p><strong style=\"font-style: italic;\">FC Barcelona <strong><em><span><b style=\"font-style: italic;\">\u2013<\/b><\/span><\/em><\/strong><\/strong> <em><strong>Real Valladolid (19.30 Uhr)<\/strong><\/em> <br><img loading=\"lazy\" decoding=\"async\" width=\"10\" height=\"21\" class=\"wp-image-3656\" style=\"width: 10px;\" src=\"http:\/\/kommentatorenblog.de\/wp-content\/uploads\/2020\/09\/shure-55sh-ii-e1601485394796.jpg\" alt=\"\" srcset=\"http:\/\/kommentatorenblog.de\/wp-content\/uploads\/2020\/09\/shure-55sh-ii-e1601485394796.jpg 415w, http:\/\/kommentatorenblog.de\/wp-content\/uploads\/2020\/09\/shure-55sh-ii-e1601485394796-142x300.jpg 142w\" sizes=\"auto, (max-width: 10px) 100vw, 10px\" \/> Uwe Morawe, Experte: Michael Hofmann<\/p>\n\n\n\n<p><strong style=\"font-style: italic;\">Espanyol Barcelona <strong><em><span><b style=\"font-style: italic;\">\u2013<\/b><\/span><\/em><\/strong><\/strong> <em><strong>Real Madrid (22.00 Uhr)<\/strong><\/em> <br><img loading=\"lazy\" decoding=\"async\" width=\"10\" height=\"21\" class=\"wp-image-3656\" style=\"width: 10px;\" src=\"http:\/\/kommentatorenblog.de\/wp-content\/uploads\/2020\/09\/shure-55sh-ii-e1601485394796.jpg\" alt=\"\" srcset=\"http:\/\/kommentatorenblog.de\/wp-content\/uploads\/2020\/09\/shure-55sh-ii-e1601485394796.jpg 415w, http:\/\/kommentatorenblog.de\/wp-content\/uploads\/2020\/09\/shure-55sh-ii-e1601485394796-142x300.jpg 142w\" sizes=\"auto, (max-width: 10px) 100vw, 10px\" \/> Flo Hauser, Experte: Max Nicu<\/p>\n\n\n\n<p><u>Montag, 29. August 2022<\/u><\/p>\n\n\n\n<p><strong style=\"font-style: italic;\">FC Valencia <strong><em><span><b style=\"font-style: italic;\">\u2013<\/b><\/span><\/em><\/strong><\/strong> <em><strong>Atl\u00e9tico Madrid (22.00 Uhr)<\/strong><\/em> <br><img loading=\"lazy\" decoding=\"async\" width=\"10\" height=\"21\" class=\"wp-image-3656\" style=\"width: 10px;\" src=\"http:\/\/kommentatorenblog.de\/wp-content\/uploads\/2020\/09\/shure-55sh-ii-e1601485394796.jpg\" alt=\"\" srcset=\"http:\/\/kommentatorenblog.de\/wp-content\/uploads\/2020\/09\/shure-55sh-ii-e1601485394796.jpg 415w, http:\/\/kommentatorenblog.de\/wp-content\/uploads\/2020\/09\/shure-55sh-ii-e1601485394796-142x300.jpg 142w\" sizes=\"auto, (max-width: 10px) 100vw, 10px\" \/> Michael Born<\/p>\n\n\n\n<hr class=\"wp-block-separator is-style-default\"\/>\n\n\n\n<p><strong>Serie A (ITA), 3. Spieltag (DAZN)<\/strong><\/p>\n\n\n\n<p><u>Freitag, 26. August 2022<\/u><\/p>\n\n\n\n<p><strong style=\"font-style: italic;\">Lazio Rom <strong><em><span><b style=\"font-style: italic;\">\u2013<\/b><\/span><\/em><\/strong><\/strong> <em><strong>Inter Mailand (20.45 Uhr)<\/strong><\/em> <br><img loading=\"lazy\" decoding=\"async\" width=\"10\" height=\"21\" class=\"wp-image-3656\" style=\"width: 10px;\" src=\"http:\/\/kommentatorenblog.de\/wp-content\/uploads\/2020\/09\/shure-55sh-ii-e1601485394796.jpg\" alt=\"\" srcset=\"http:\/\/kommentatorenblog.de\/wp-content\/uploads\/2020\/09\/shure-55sh-ii-e1601485394796.jpg 415w, http:\/\/kommentatorenblog.de\/wp-content\/uploads\/2020\/09\/shure-55sh-ii-e1601485394796-142x300.jpg 142w\" sizes=\"auto, (max-width: 10px) 100vw, 10px\" \/> Carsten Fu\u00df, Experte: Sascha Bigalke<\/p>\n\n\n\n<p><u>Samstag, 27. August 2022<\/u><\/p>\n\n\n\n<p><strong style=\"font-style: italic;\">Juventus Turin <strong><em><span><b style=\"font-style: italic;\">\u2013<\/b><\/span><\/em><\/strong><\/strong> <em><strong>AS Rom (18.30 Uhr)<\/strong><\/em> <br><img loading=\"lazy\" decoding=\"async\" width=\"10\" height=\"21\" class=\"wp-image-3656\" style=\"width: 10px;\" src=\"http:\/\/kommentatorenblog.de\/wp-content\/uploads\/2020\/09\/shure-55sh-ii-e1601485394796.jpg\" alt=\"\" srcset=\"http:\/\/kommentatorenblog.de\/wp-content\/uploads\/2020\/09\/shure-55sh-ii-e1601485394796.jpg 415w, http:\/\/kommentatorenblog.de\/wp-content\/uploads\/2020\/09\/shure-55sh-ii-e1601485394796-142x300.jpg 142w\" sizes=\"auto, (max-width: 10px) 100vw, 10px\" \/> Uwe Morawe, Experte: Christian Bernhard<\/p>\n\n\n\n<p><strong style=\"font-style: italic;\">AC Mailand <strong><em><span><b style=\"font-style: italic;\">\u2013<\/b><\/span><\/em><\/strong><\/strong> <em><strong>FC Bologna (20.45 Uhr)<\/strong><\/em> <br><img loading=\"lazy\" decoding=\"async\" width=\"10\" height=\"21\" class=\"wp-image-3656\" style=\"width: 10px;\" src=\"http:\/\/kommentatorenblog.de\/wp-content\/uploads\/2020\/09\/shure-55sh-ii-e1601485394796.jpg\" alt=\"\" srcset=\"http:\/\/kommentatorenblog.de\/wp-content\/uploads\/2020\/09\/shure-55sh-ii-e1601485394796.jpg 415w, http:\/\/kommentatorenblog.de\/wp-content\/uploads\/2020\/09\/shure-55sh-ii-e1601485394796-142x300.jpg 142w\" sizes=\"auto, (max-width: 10px) 100vw, 10px\" \/> Matthias Naebers<\/p>\n\n\n\n<hr class=\"wp-block-separator is-style-default\"\/>\n\n\n\n<p><strong>Ligue 1 (FRA), 4. Spieltag (DAZN)<\/strong><\/p>\n\n\n\n<p><u>Sonntag, 28. August 2022<\/u><\/p>\n\n\n\n<p><strong style=\"font-style: italic;\">OGC Nizza <strong><em><span><b style=\"font-style: italic;\">\u2013<\/b><\/span><\/em><\/strong><\/strong> <em><strong>Olympique Marseille (15.00 Uhr)<\/strong><\/em> <br><img loading=\"lazy\" decoding=\"async\" width=\"10\" height=\"21\" class=\"wp-image-3656\" style=\"width: 10px;\" src=\"http:\/\/kommentatorenblog.de\/wp-content\/uploads\/2020\/09\/shure-55sh-ii-e1601485394796.jpg\" alt=\"\" srcset=\"http:\/\/kommentatorenblog.de\/wp-content\/uploads\/2020\/09\/shure-55sh-ii-e1601485394796.jpg 415w, http:\/\/kommentatorenblog.de\/wp-content\/uploads\/2020\/09\/shure-55sh-ii-e1601485394796-142x300.jpg 142w\" sizes=\"auto, (max-width: 10px) 100vw, 10px\" \/> Claus M\u00fcller<\/p>\n\n\n\n<p><strong style=\"font-style: italic;\">Paris Saint-Germain <strong><em><span><b style=\"font-style: italic;\">\u2013<\/b><\/span><\/em><\/strong><\/strong> <em><strong>AS Monaco (20.45 Uhr)<\/strong><\/em> <br><img loading=\"lazy\" decoding=\"async\" width=\"10\" height=\"21\" class=\"wp-image-3656\" style=\"width: 10px;\" src=\"http:\/\/kommentatorenblog.de\/wp-content\/uploads\/2020\/09\/shure-55sh-ii-e1601485394796.jpg\" alt=\"\" srcset=\"http:\/\/kommentatorenblog.de\/wp-content\/uploads\/2020\/09\/shure-55sh-ii-e1601485394796.jpg 415w, http:\/\/kommentatorenblog.de\/wp-content\/uploads\/2020\/09\/shure-55sh-ii-e1601485394796-142x300.jpg 142w\" sizes=\"auto, (max-width: 10px) 100vw, 10px\" \/> Chris Putz, Experte: Alexis Menuge<\/p>\n\n\n\n<hr class=\"wp-block-separator is-style-default\"\/>\n\n\n\n<p><strong>Primeira Liga (POR), 4. Spieltag (Sportdigital FUSSBALL)<\/strong><\/p>\n\n\n\n<p><u>Samstag, 27. August 2022<\/u><\/p>\n\n\n\n<p><strong style=\"font-style: italic;\">Boavista Porto FC <strong><em><span><b style=\"font-style: italic;\">\u2013<\/b><\/span><\/em><\/strong><\/strong> <em><strong>Benfica Lissabon (19.00 Uhr)<\/strong><\/em> <br><img loading=\"lazy\" decoding=\"async\" width=\"10\" height=\"21\" class=\"wp-image-3656\" style=\"width: 10px;\" src=\"http:\/\/kommentatorenblog.de\/wp-content\/uploads\/2020\/09\/shure-55sh-ii-e1601485394796.jpg\" alt=\"\" srcset=\"http:\/\/kommentatorenblog.de\/wp-content\/uploads\/2020\/09\/shure-55sh-ii-e1601485394796.jpg 415w, http:\/\/kommentatorenblog.de\/wp-content\/uploads\/2020\/09\/shure-55sh-ii-e1601485394796-142x300.jpg 142w\" sizes=\"auto, (max-width: 10px) 100vw, 10px\" \/> J\u00f6rg Steiger<\/p>\n\n\n\n<p><strong style=\"font-style: italic;\">Sporting Lissabon <strong><em><span><b style=\"font-style: italic;\">\u2013<\/b><\/span><\/em><\/strong><\/strong> <em><strong>GD Chaves (21.30 Uhr)<\/strong><\/em> <br><img loading=\"lazy\" decoding=\"async\" width=\"10\" height=\"21\" class=\"wp-image-3656\" style=\"width: 10px;\" src=\"http:\/\/kommentatorenblog.de\/wp-content\/uploads\/2020\/09\/shure-55sh-ii-e1601485394796.jpg\" alt=\"\" srcset=\"http:\/\/kommentatorenblog.de\/wp-content\/uploads\/2020\/09\/shure-55sh-ii-e1601485394796.jpg 415w, http:\/\/kommentatorenblog.de\/wp-content\/uploads\/2020\/09\/shure-55sh-ii-e1601485394796-142x300.jpg 142w\" sizes=\"auto, (max-width: 10px) 100vw, 10px\" \/> Karsten Linke<\/p>\n\n\n\n<p><u>Sonntag, 28. August 2022<\/u><\/p>\n\n\n\n<p><strong style=\"font-style: italic;\">FC Rio Ave <strong><em><span><b style=\"font-style: italic;\">\u2013<\/b><\/span><\/em><\/strong><\/strong> <em><strong>FC Porto (21.30 Uhr)<\/strong><\/em> <br><img loading=\"lazy\" decoding=\"async\" width=\"10\" height=\"21\" class=\"wp-image-3656\" style=\"width: 10px;\" src=\"http:\/\/kommentatorenblog.de\/wp-content\/uploads\/2020\/09\/shure-55sh-ii-e1601485394796.jpg\" alt=\"\" srcset=\"http:\/\/kommentatorenblog.de\/wp-content\/uploads\/2020\/09\/shure-55sh-ii-e1601485394796.jpg 415w, http:\/\/kommentatorenblog.de\/wp-content\/uploads\/2020\/09\/shure-55sh-ii-e1601485394796-142x300.jpg 142w\" sizes=\"auto, (max-width: 10px) 100vw, 10px\" \/> Christian Blunck<\/p>\n\n\n\n<hr class=\"wp-block-separator is-style-default\"\/>\n\n\n\n<p><strong>Eredivisie (NED), 4. Spieltag (Sportdigital FUSSBALL)<\/strong><\/p>\n\n\n\n<p><u>Sonntag, 28. August 2022<\/u><\/p>\n\n\n\n<p><strong style=\"font-style: italic;\">FC Utrecht <strong><em><span><b style=\"font-style: italic;\">\u2013<\/b><\/span><\/em><\/strong><\/strong> <em><strong>Ajax Amsterdam (12.15 Uhr)<\/strong><\/em> <br><img loading=\"lazy\" decoding=\"async\" width=\"10\" height=\"21\" class=\"wp-image-3656\" style=\"width: 10px;\" src=\"http:\/\/kommentatorenblog.de\/wp-content\/uploads\/2020\/09\/shure-55sh-ii-e1601485394796.jpg\" alt=\"\" srcset=\"http:\/\/kommentatorenblog.de\/wp-content\/uploads\/2020\/09\/shure-55sh-ii-e1601485394796.jpg 415w, http:\/\/kommentatorenblog.de\/wp-content\/uploads\/2020\/09\/shure-55sh-ii-e1601485394796-142x300.jpg 142w\" sizes=\"auto, (max-width: 10px) 100vw, 10px\" \/> Karsten Linke<\/p>\n\n\n\n<p><strong style=\"font-style: italic;\">Excelsior Rotterdam <strong><em><span><b style=\"font-style: italic;\">\u2013<\/b><\/span><\/em><\/strong><\/strong> <em><strong>PSV Eindhoven (14.30 Uhr)<\/strong><\/em> <br><img loading=\"lazy\" decoding=\"async\" width=\"10\" height=\"21\" class=\"wp-image-3656\" style=\"width: 10px;\" src=\"http:\/\/kommentatorenblog.de\/wp-content\/uploads\/2020\/09\/shure-55sh-ii-e1601485394796.jpg\" alt=\"\" srcset=\"http:\/\/kommentatorenblog.de\/wp-content\/uploads\/2020\/09\/shure-55sh-ii-e1601485394796.jpg 415w, http:\/\/kommentatorenblog.de\/wp-content\/uploads\/2020\/09\/shure-55sh-ii-e1601485394796-142x300.jpg 142w\" sizes=\"auto, (max-width: 10px) 100vw, 10px\" \/> Marvin Kirsch<\/p>\n\n\n\n<hr class=\"wp-block-separator is-style-default\"\/>\n\n\n\n<p><strong>Fu\u00dfball-Bundesliga (AUT), Grunddurchgang 6. Spieltag (Sky Austria)<\/strong><\/p>\n\n\n\n<p><u>Samstag, 27. August 2022, ab 16.00 Uhr<\/u><\/p>\n\n\n\n<p>Moderation: J\u00f6rg K\u00fcnne, Experte: Walter Kogler<\/p>\n\n\n\n<p><strong style=\"font-style: italic;\">SC Austria Lustenau <strong><em><span><b style=\"font-style: italic;\">\u2013<\/b><\/span><\/em><\/strong><\/strong> <em><strong>FC Salzburg (17.00 Uhr)<\/strong><\/em> <br><img loading=\"lazy\" decoding=\"async\" width=\"10\" height=\"21\" class=\"wp-image-3656\" style=\"width: 10px;\" src=\"http:\/\/kommentatorenblog.de\/wp-content\/uploads\/2020\/09\/shure-55sh-ii-e1601485394796.jpg\" alt=\"\" srcset=\"http:\/\/kommentatorenblog.de\/wp-content\/uploads\/2020\/09\/shure-55sh-ii-e1601485394796.jpg 415w, http:\/\/kommentatorenblog.de\/wp-content\/uploads\/2020\/09\/shure-55sh-ii-e1601485394796-142x300.jpg 142w\" sizes=\"auto, (max-width: 10px) 100vw, 10px\" \/> Charly Leitner, Konferenz: Gerfried Pr\u00f6ll<\/p>\n\n\n\n<p><strong style=\"font-style: italic;\">TSV Hartberg <strong><em><span><b style=\"font-style: italic;\">\u2013<\/b><\/span><\/em><\/strong><\/strong> <em><strong>SV Ried (17.00 Uhr)<\/strong><\/em> <br><img loading=\"lazy\" decoding=\"async\" width=\"10\" height=\"21\" class=\"wp-image-3656\" style=\"width: 10px;\" src=\"http:\/\/kommentatorenblog.de\/wp-content\/uploads\/2020\/09\/shure-55sh-ii-e1601485394796.jpg\" alt=\"\" srcset=\"http:\/\/kommentatorenblog.de\/wp-content\/uploads\/2020\/09\/shure-55sh-ii-e1601485394796.jpg 415w, http:\/\/kommentatorenblog.de\/wp-content\/uploads\/2020\/09\/shure-55sh-ii-e1601485394796-142x300.jpg 142w\" sizes=\"auto, (max-width: 10px) 100vw, 10px\" \/> Philipp Paternina, Konferenz: Erich Auer<\/p>\n\n\n\n<p><u>ab 19.00 Uhr<\/u><\/p>\n\n\n\n<p><strong style=\"font-style: italic;\">Linzer ASK <strong><em><span><b style=\"font-style: italic;\">\u2013<\/b><\/span><\/em><\/strong><\/strong> <em><strong>SCR Altach (19.30 Uhr)<\/strong><\/em> <br><img loading=\"lazy\" decoding=\"async\" width=\"10\" height=\"21\" class=\"wp-image-3656\" style=\"width: 10px;\" src=\"http:\/\/kommentatorenblog.de\/wp-content\/uploads\/2020\/09\/shure-55sh-ii-e1601485394796.jpg\" alt=\"\" srcset=\"http:\/\/kommentatorenblog.de\/wp-content\/uploads\/2020\/09\/shure-55sh-ii-e1601485394796.jpg 415w, http:\/\/kommentatorenblog.de\/wp-content\/uploads\/2020\/09\/shure-55sh-ii-e1601485394796-142x300.jpg 142w\" sizes=\"auto, (max-width: 10px) 100vw, 10px\" \/> Gerhard Krabath<\/p>\n\n\n\n<p><u>Sonntag, 28. August 2022, ab 16.00 Uhr<\/u><\/p>\n\n\n\n<p><strong style=\"font-style: italic;\">SK Austria Klagenfurt <strong><em><span><b style=\"font-style: italic;\">\u2013<\/b><\/span><\/em><\/strong><\/strong> <em><strong>FK Austria Wien (17.00 Uhr)<\/strong><\/em> <br><img loading=\"lazy\" decoding=\"async\" width=\"10\" height=\"21\" class=\"wp-image-3656\" style=\"width: 10px;\" src=\"http:\/\/kommentatorenblog.de\/wp-content\/uploads\/2020\/09\/shure-55sh-ii-e1601485394796.jpg\" alt=\"\" srcset=\"http:\/\/kommentatorenblog.de\/wp-content\/uploads\/2020\/09\/shure-55sh-ii-e1601485394796.jpg 415w, http:\/\/kommentatorenblog.de\/wp-content\/uploads\/2020\/09\/shure-55sh-ii-e1601485394796-142x300.jpg 142w\" sizes=\"auto, (max-width: 10px) 100vw, 10px\" \/> Dieter Danko, Konferenz: David Eder<\/p>\n\n\n\n<p><strong style=\"font-style: italic;\">SK Rapid Wien <strong><em><span><b style=\"font-style: italic;\">\u2013<\/b><\/span><\/em><\/strong><\/strong> <em><strong>SK Sturm Graz (17.00 Uhr)<\/strong><\/em> <br><img loading=\"lazy\" decoding=\"async\" width=\"10\" height=\"21\" class=\"wp-image-3656\" style=\"width: 10px;\" src=\"http:\/\/kommentatorenblog.de\/wp-content\/uploads\/2020\/09\/shure-55sh-ii-e1601485394796.jpg\" alt=\"\" srcset=\"http:\/\/kommentatorenblog.de\/wp-content\/uploads\/2020\/09\/shure-55sh-ii-e1601485394796.jpg 415w, http:\/\/kommentatorenblog.de\/wp-content\/uploads\/2020\/09\/shure-55sh-ii-e1601485394796-142x300.jpg 142w\" sizes=\"auto, (max-width: 10px) 100vw, 10px\" \/> Martin Konrad, Konferenz: Otto Rosenauer<\/p>\n\n\n\n<p><strong style=\"font-style: italic;\">WSG Tirol <strong><em><span><b style=\"font-style: italic;\">\u2013<\/b><\/span><\/em><\/strong><\/strong> <em><strong>Wolfsberger AC (17.00 Uhr)<\/strong><\/em> <br><img loading=\"lazy\" decoding=\"async\" width=\"10\" height=\"21\" class=\"wp-image-3656\" style=\"width: 10px;\" src=\"http:\/\/kommentatorenblog.de\/wp-content\/uploads\/2020\/09\/shure-55sh-ii-e1601485394796.jpg\" alt=\"\" srcset=\"http:\/\/kommentatorenblog.de\/wp-content\/uploads\/2020\/09\/shure-55sh-ii-e1601485394796.jpg 415w, http:\/\/kommentatorenblog.de\/wp-content\/uploads\/2020\/09\/shure-55sh-ii-e1601485394796-142x300.jpg 142w\" sizes=\"auto, (max-width: 10px) 100vw, 10px\" \/> Charly Leitner, Konferenz: Guido Friedrich<\/p>\n\n\n\n<p>Moderation: Constanze Weiss, Experte: Peter St\u00f6ger<\/p>\n\n\n\n<hr class=\"wp-block-separator is-style-default\"\/>\n\n\n\n<p><strong>Division 1A (BEL), 6. Spieltag (Sport1+)<\/strong><\/p>\n\n\n\n<p><u>Sonntag, 28. August 2022<\/u><\/p>\n\n\n\n<p><strong style=\"font-style: italic;\">KAA Gent <strong><em><span><b style=\"font-style: italic;\">\u2013<\/b><\/span><\/em><\/strong><\/strong> <em><strong>Royal Antwerpen (13.30 Uhr)<\/strong><\/em> <br><img loading=\"lazy\" decoding=\"async\" width=\"10\" height=\"21\" class=\"wp-image-3656\" style=\"width: 10px;\" src=\"http:\/\/kommentatorenblog.de\/wp-content\/uploads\/2020\/09\/shure-55sh-ii-e1601485394796.jpg\" alt=\"\" srcset=\"http:\/\/kommentatorenblog.de\/wp-content\/uploads\/2020\/09\/shure-55sh-ii-e1601485394796.jpg 415w, http:\/\/kommentatorenblog.de\/wp-content\/uploads\/2020\/09\/shure-55sh-ii-e1601485394796-142x300.jpg 142w\" sizes=\"auto, (max-width: 10px) 100vw, 10px\" \/> Tobias Fischbeck<\/p>\n\n\n\n<p><strong style=\"font-style: italic;\">Royale Union Saint-Gilloise <strong><em><span><b style=\"font-style: italic;\">\u2013<\/b><\/span><\/em><\/strong><\/strong> <em><strong>RSC Anderlecht (18.30 Uhr)<\/strong><\/em> <br><img loading=\"lazy\" decoding=\"async\" width=\"10\" height=\"21\" class=\"wp-image-3656\" style=\"width: 10px;\" src=\"http:\/\/kommentatorenblog.de\/wp-content\/uploads\/2020\/09\/shure-55sh-ii-e1601485394796.jpg\" alt=\"\" srcset=\"http:\/\/kommentatorenblog.de\/wp-content\/uploads\/2020\/09\/shure-55sh-ii-e1601485394796.jpg 415w, http:\/\/kommentatorenblog.de\/wp-content\/uploads\/2020\/09\/shure-55sh-ii-e1601485394796-142x300.jpg 142w\" sizes=\"auto, (max-width: 10px) 100vw, 10px\" \/> Hajo Wolff<\/p>\n\n\n\n<hr class=\"wp-block-separator is-style-default\"\/>\n\n\n\n<p><strong>Ekstraklasa (POL), 7. Spieltag (Sportdigital FUSSBALL)<\/strong><\/p>\n\n\n\n<p><u>Freitag, 26. August 2022<\/u><\/p>\n\n\n\n<p><strong style=\"font-style: italic;\">G\u00f3rnik Zabrze <strong><em><span><b style=\"font-style: italic;\">\u2013<\/b><\/span><\/em><\/strong><\/strong> <em><strong>Jagiellonia Bia\u0142ystok (18.00 Uhr)<\/strong><\/em> <br><img loading=\"lazy\" decoding=\"async\" width=\"10\" height=\"21\" class=\"wp-image-3656\" style=\"width: 10px;\" src=\"http:\/\/kommentatorenblog.de\/wp-content\/uploads\/2020\/09\/shure-55sh-ii-e1601485394796.jpg\" alt=\"\" srcset=\"http:\/\/kommentatorenblog.de\/wp-content\/uploads\/2020\/09\/shure-55sh-ii-e1601485394796.jpg 415w, http:\/\/kommentatorenblog.de\/wp-content\/uploads\/2020\/09\/shure-55sh-ii-e1601485394796-142x300.jpg 142w\" sizes=\"auto, (max-width: 10px) 100vw, 10px\" \/> Marcus Radefeld<\/p>\n\n\n\n<p><u>Sonntag, 28. August 2022<\/u><\/p>\n\n\n\n<p><strong style=\"font-style: italic;\"><strong>Lech Pozna\u0144<\/strong> <strong><em><span><b style=\"font-style: italic;\">\u2013<\/b><\/span><\/em><\/strong><\/strong> <em><strong><strong>Piast Gliwice<\/strong> (17.30 Uhr)<\/strong><\/em> <br><img loading=\"lazy\" decoding=\"async\" width=\"10\" height=\"21\" class=\"wp-image-3656\" style=\"width: 10px;\" src=\"http:\/\/kommentatorenblog.de\/wp-content\/uploads\/2020\/09\/shure-55sh-ii-e1601485394796.jpg\" alt=\"\" srcset=\"http:\/\/kommentatorenblog.de\/wp-content\/uploads\/2020\/09\/shure-55sh-ii-e1601485394796.jpg 415w, http:\/\/kommentatorenblog.de\/wp-content\/uploads\/2020\/09\/shure-55sh-ii-e1601485394796-142x300.jpg 142w\" sizes=\"auto, (max-width: 10px) 100vw, 10px\" \/> Jakob Vogel<\/p>\n\n\n\n<hr class=\"wp-block-separator is-style-default\"\/>\n\n\n\n<p><strong><strong>Campeonato Brasileiro<\/strong> (BRA), 24. Spieltag (Sportdigital FUSSBALL)<\/strong><\/p>\n\n\n\n<p><u>Sonntag, 28. August 2022<\/u><\/p>\n\n\n\n<p><strong style=\"font-style: italic;\">Fluminense Rio de Janeiro <strong><em><span><b style=\"font-style: italic;\">\u2013<\/b><\/span><\/em><\/strong><\/strong> <em><strong>Palmeiras S\u00e3o Paulo (00.00 Uhr)<\/strong><\/em> <br><img loading=\"lazy\" decoding=\"async\" width=\"10\" height=\"21\" class=\"wp-image-3656\" style=\"width: 10px;\" src=\"http:\/\/kommentatorenblog.de\/wp-content\/uploads\/2020\/09\/shure-55sh-ii-e1601485394796.jpg\" alt=\"\" srcset=\"http:\/\/kommentatorenblog.de\/wp-content\/uploads\/2020\/09\/shure-55sh-ii-e1601485394796.jpg 415w, http:\/\/kommentatorenblog.de\/wp-content\/uploads\/2020\/09\/shure-55sh-ii-e1601485394796-142x300.jpg 142w\" sizes=\"auto, (max-width: 10px) 100vw, 10px\" \/> Ulf Kahmke<\/p>\n\n\n\n<hr class=\"wp-block-separator is-style-default\"\/>\n\n\n\n<p><strong><strong>Liga Profesional<\/strong> (ARG), 16. Spieltag (Sportdigital FUSSBALL)<\/strong><\/p>\n\n\n\n<p><u>Sonntag, 28. August 2022<\/u><\/p>\n\n\n\n<p><strong style=\"font-style: italic;\">Boca Juniors <strong><em><span><b style=\"font-style: italic;\">\u2013<\/b><\/span><\/em><\/strong><\/strong> <em><strong>Atl\u00e9tico Tucum\u00e1n (23.30 Uhr)<\/strong><\/em> <br><img loading=\"lazy\" decoding=\"async\" width=\"10\" height=\"21\" class=\"wp-image-3656\" style=\"width: 10px;\" src=\"http:\/\/kommentatorenblog.de\/wp-content\/uploads\/2020\/09\/shure-55sh-ii-e1601485394796.jpg\" alt=\"\" srcset=\"http:\/\/kommentatorenblog.de\/wp-content\/uploads\/2020\/09\/shure-55sh-ii-e1601485394796.jpg 415w, http:\/\/kommentatorenblog.de\/wp-content\/uploads\/2020\/09\/shure-55sh-ii-e1601485394796-142x300.jpg 142w\" sizes=\"auto, (max-width: 10px) 100vw, 10px\" \/> Ulf Kahmke<\/p>\n\n\n\n<hr class=\"wp-block-separator is-style-default\"\/>\n\n\n\n<p><strong>Major League Soccer (USA), 27. Spieltag (Sportdigital FUSSBALL)<\/strong><\/p>\n\n\n\n<p><u>Samstag, 27. August 2022<\/u><\/p>\n\n\n\n<p><strong style=\"font-style: italic;\">Austin FC <strong><em><span><b style=\"font-style: italic;\">\u2013<\/b><\/span><\/em><\/strong><\/strong> <em><strong>Los Angeles FC (02.18 Uhr)<\/strong><\/em> <br><img loading=\"lazy\" decoding=\"async\" width=\"10\" height=\"21\" class=\"wp-image-3656\" style=\"width: 10px;\" src=\"http:\/\/kommentatorenblog.de\/wp-content\/uploads\/2020\/09\/shure-55sh-ii-e1601485394796.jpg\" alt=\"\" srcset=\"http:\/\/kommentatorenblog.de\/wp-content\/uploads\/2020\/09\/shure-55sh-ii-e1601485394796.jpg 415w, http:\/\/kommentatorenblog.de\/wp-content\/uploads\/2020\/09\/shure-55sh-ii-e1601485394796-142x300.jpg 142w\" sizes=\"auto, (max-width: 10px) 100vw, 10px\" \/> Karsten Linke<\/p>\n\n\n\n<hr class=\"wp-block-separator is-style-default\"\/>\n\n\n\n<p><strong>K League (KOR), 23. Spieltag (Sportdigital FUSSBALL)<\/strong><\/p>\n\n\n\n<p><u>Samstag, 27. August 2022<\/u><\/p>\n\n\n\n<p><strong style=\"font-style: italic;\">Jeju United <strong><em><span><b style=\"font-style: italic;\">\u2013<\/b><\/span><\/em><\/strong><\/strong> <em><strong>Ulsan FC (12.00 Uhr)<\/strong><\/em> <br><img loading=\"lazy\" decoding=\"async\" width=\"10\" height=\"21\" class=\"wp-image-3656\" style=\"width: 10px;\" src=\"http:\/\/kommentatorenblog.de\/wp-content\/uploads\/2020\/09\/shure-55sh-ii-e1601485394796.jpg\" alt=\"\" srcset=\"http:\/\/kommentatorenblog.de\/wp-content\/uploads\/2020\/09\/shure-55sh-ii-e1601485394796.jpg 415w, http:\/\/kommentatorenblog.de\/wp-content\/uploads\/2020\/09\/shure-55sh-ii-e1601485394796-142x300.jpg 142w\" sizes=\"auto, (max-width: 10px) 100vw, 10px\" \/> Marcus Radefeld<\/p>\n\n\n\n<hr class=\"wp-block-separator is-style-default\"\/>\n\n\n\n<p><code><strong>ANALYSE<\/strong><\/code><\/p>\n\n\n\n<p><strong>Prominentest besetzte Konferenz<\/strong><\/p>\n\n\n\n<p>Als Aush\u00e4ngeschild der Bundesliga ist die Sky-Konferenz Spieltag f\u00fcr Spieltag gut besetzt. Doch an diesem 4. Spieltag ist die Zusammensetzung des Quintetts doch au\u00dfergew\u00f6hnlich prominent. Zu den fr\u00fcheren Topspiel-Kommentatoren Kai Dittmann, Martin Gro\u00df und Frank Buschmann gesellen sich der Champions-League-Kommentator von Prime Video, Jonas Friedrich, sowie der Mann f\u00fcr die Premier-League-Topspiele, Florian Schmidt-Sommerfeld (bisher bei jeder Konferenz dieser Saison im Einsatz). Um 15:30 Uhr sind schlie\u00dflich auch u.a. mit Dortmund, Schalke, Leipzig und der Hertha echte Quotenbringer zeitgleich auf dem Rasen.<\/p>\n\n\n\n<p>F\u00fcr Oliver Seidler geht es dagegen nach seinem Konferenz-Einsatz in der vergangenen Woche zum zweiten Mal in dieser Saison ins Stadion &#8211; und dann gleich ins Berliner Olympiastadion, wo die Hertha den BVB empf\u00e4ngt. Karsten Petrzika wartet dort dann am Spielfeldrand f\u00fcr die Interviews auf. F\u00fcr Petrzika ist es der erste Saisoneinsatz im Oberhaus.<br>Etwas weiter s\u00fcdwestlich ist zeitgleich Michael Leopold an seinem Studio-freien Samstag im Leipziger Zentralstadion ebenfalls als Fieldreporter zugange. Britta Hofmann \u00fcbernimmt diese Woche mit Hamann und Meijer aus Studio A in Unterf\u00f6hring. Das Spiel aus Leipzig kommentiert Torsten Kunde &#8211; f\u00fcr ihn steht damit schon zum dritten Mal in dieser Saison der VfL Wolfsburg auf dem Programm.<\/p>\n\n\n\n<p>Was Torsten Kunde f\u00fcr die Wolfsburger ist, ist Marcus Lindemann f\u00fcr Bayer Leverkusen &#8211; ebenfalls zum dritten Mal in dieser Spielzeit \u00fcbernimmt Lindemann die Werkself am Mikrofon. Beim Gastspiel des Vorletzten bei Mainz 05 wird Jens Westen kritische Fragen stellen. Drittes Bundesliga-Einzelspiel f\u00fcr Hansi K\u00fcpper in Folge! Er besucht dieses Mal die Arena AufSchalke. Schalke-Experte Dirk gro\u00dfe Schlarmann f\u00fchrt die Interviews. F\u00fcr Klaus Veltman geht&#8217;s am Samstag nach drei Konferenzeins\u00e4tzen mal wieder ins Stadion. Sinsheim-S\u00fcd ist das Ziel seiner Reise, auf die auch Riccardo Basile zu seinem dritten Saisoneinsatz als Fieldreporter mitkommen wird.<\/p>\n\n\n\n<p>Das Topspiel \u00fcbernimmt die gewohnte Crew, was bedeutet dass Julia Simic erneut Teil des Sky-Teams ist. F\u00fcr die H\u00e4lfte der Spiele war ja Tabea Kemme angek\u00fcndigt. Das erste Sky-Spiel der Bayern ist zugleich das zweite Topspiel diese Saison f\u00fcr Patrick Wasserziehr als Fieldreporter.<\/p>\n\n\n\n<p><strong>Zweimal ohne Fielder im Stadion<\/strong><\/p>\n\n\n\n<p>Seit dieser Saison kommen bei DAZN ja alle Bundesliga-Spiele &#8211; aus meiner Sicht sehr hochwertig produziert (vor allem im Vergleich zur letzten Saison) &#8211; aus dem Stadion. An diesem Wochenende kommt die Crew dabei bei zwei Spielen jeweils ohne Field-Reporter:in aus. Das war auch schon am 2. Spieltag bei Mainz-Union der Fall und betrifft nun das Freitags- sowie das erste Sonntagsspiel. Somit sind hier die Duos Schl\u00fcter\/Knei\u00dfl bzw. Wahnschaffe\/Lauth im Mooswaldstadion bzw. im M\u00fcngersdorfer Stadion auch f\u00fcr die Fragen zust\u00e4ndig. F\u00fcr Alex Schl\u00fcter ist es der sechste Einsatz am 4. Spieltag dieser noch jungen Bundesliga-Saison. <br>Der erste Saison-Einsatz in einem Bundesliga-Stadion auf der Kommentatorenposition wird dagegen die Partie K\u00f6ln-Stuttgart f\u00fcr Mario Rieker sein, nachdem er bei gleicher Heimmannschaft am 1. Spieltag schon als Fielder im Einsatz war. DAZN-Experte Lauth gesellt sich zu ihm. Das Freitagsspiel des Tabellenletzten beim Europa-League-Teilnehmer Freiburg \u00fcbernimmt &#8211; erstmals in dieser Saison &#8211; das Duo Platte\/Knei\u00dfl.<br>Bliebe noch \u00fcber das zweite Sonntagsspiel zu sprechen. Hier gibt&#8217;s mit Ann-Sophie Kimmel eine Field-Reporterin, w\u00e4hrend Laura Wontorra das Match aus dem Weserstadion pr\u00e4sentiert. Interessant hier die Expertenbesetzung, wo man mit Tim Borowski einen Ex-Bremer f\u00fcr diese Partie gewinnen konnte. Er war ja auch vergangenes Wochenende bei &#8222;Mein Spieltag&#8220; zu Gast. Gemeinsam mit ihm wird Kommentator Uli Hebel die 90 Minuten begleiten. F\u00fcr Uli Hebel steht damit nach seinem Samstags-Premier-League-Einsatz bei Sky eine Reise quer durch die Republik bis an die Franz-B\u00f6hmert-Stra\u00dfe 1 an.<\/p>\n\n\n\n<p><strong>Liga 2\/Liga 3: Christian Stra\u00dfburger mit Einsatz-Quadrupel<\/strong><\/p>\n\n\n\n<p>Zwei 2. Bundesliga-Sendetage pr\u00e4sentiert an diesem Wochenende Katharina Kleinfeldt aus Studio B von Sky. Zweimal mit dabei ist Christian Stra\u00dfburger, der jeweils Einzelspiele aus der Box begleitet. Auch am Sonntag meldet sich &#8222;Strassi&#8220; mit der Begegnung der beiden Aufsteiger. Und am Montag wird er wieder im Einsatz sein &#8211; dann allerdings f\u00fcr Magenta Sport gemeinsam mit Thomas Wagner aus dem Wedaustadion.  <\/p>\n\n\n\n<p>Ebenfalls mit Mehrfach-Einsatz bedacht ist Hannes Herrmann: Freitag und Sonntag \u00fcbernimmt er die Konferenz im Unterhaus, am Samstag finden wir ihn beim Tabellenf\u00fchrer der Premier League. Die Zweitliga-Konferenz am Samstag \u00fcbernimmt Markus G\u00f6tz.<br>Ansonsten verzeichnen Markus Gaupp, J\u00fcrgen Schmitz sowie Sven Schr\u00f6ter Eins\u00e4tze in Liga 2 und auch Ulli Potofski meldet sich mal wieder mit einem Livespiel. Oliver Seidler reist nach seinem Berlin-Einsatz zur\u00fcck nach Unterf\u00f6hring, um am Sonntag Hannover-F\u00fcrth aus der Box zu kommentieren. <\/p>\n\n\n\n<p>Beim Samstagabendspiel ist f\u00fcr Sport1 Markus Babbel mal wieder im Einsatz und begleitet das Gastspiel seines Ex-Arbeitsgebers in N\u00fcrnberg an der Seite von Oliver Forster bzw. Ruth Hofmann. Tusche kehrt in die 2-Mann-Sky-Crew zur\u00fcck. <\/p>\n\n\n\n<p>In der 3. Liga gibt es bei Magenta nur einen Doppeleinsatz: Anett Sattler meldet sich aus Halle sowie zwei Tage sp\u00e4ter aus dem Erzgebirgstadion. Ansonsten viel bekanntes Personal.<\/p>\n\n\n\n<p><strong>Michael Born erneut in LaLiga &#8211; irres Wochenende f\u00fcr Karsten Linke <\/strong><\/p>\n\n\n\n<p>Um die Premier League k\u00fcmmern sich bei Sky die \u00fcblichen Verd\u00e4chtigen: 3x Hebel, Herrmann, Evers, Schr\u00f6ter, Wagner und Schmiso. Toni Tomic h\u00f6ren wir dagegen dieses Wochenende nicht. Seinen ersten Sky-Einsatz d\u00fcrfte meines Wissens Timo Sch\u00e4fers, der fr\u00fchere Co-Stadionsprecher von Paderborn, haben. Ihn h\u00f6ren wir im Re-Live von Brighton-Leeds. Die zweite zeitversetzte Ausstrahlung \u00fcbernimmt Flo Malburg.<\/p>\n\n\n\n<p>In Spanien sind die Partien von Barca und Real mit Doppelkommentar besetzt; Michi Hofmann und Max Nicu melden sich an der Seite von Uwe Morawe bzw. Flo Hauser. Neben Michael Brandes (erster Saisoneinsatz 22\/23) kommentiert Michael Born gleich zwei LaLiga-Spiele, bereits am vergangenen Spieltag war er dort ja im Einsatz.<\/p>\n\n\n\n<p>Uwe Morawe h\u00f6ren wir \u00fcbrigens schon einen Tag vor seinem Barca-Einsatz, dort dann allerdings im Duo mit Christian Bernhard beim Gastspiel Jos\u00e9 Mourinhos in Turin. Carsten Fu\u00df und Sascha Bigalke \u00fcbernehmen den Vize-Meister bei Mourinhos Stadtrivalen. <\/p>\n\n\n\n<p>Dar\u00fcber hinaus hat DAZN zwei Ligue 1-Spiele auf der Plattform, Sportdigital zeigt drei aus Portugal. Eins davon \u00fcbernimmt Karsten Linke an seinem einsatzreichen Wochenende: Samstagnacht (02:18 Uhr) MLS, Samstagabend Liga Portugal, Sonntagmittag Eredevisie &#8211; macht drei Eins\u00e4tze binnen 34 Stunden!<\/p>\n\n\n\n<p>Ansonsten hat Sportdigital die gewohnten Ligen aus Europa und S\u00fcdamerika im Programm, Christian Blunck, Marcus Radefeld und Ulf Kahmke sind dabei doppelt im Einsatz. F\u00fcr Sport1+ kommentieren Tobi Fischbeck und Hajo Wolff die erste Liga aus Belgien.<\/p>\n\n\n\n<p>In den Ansetzungen habe ich auch mal die Ansetzungen der \u00f6sterreichischen Bundesliga, die ja auch in Deutschland via Sky Austria zu sehen ist, aufgef\u00fchrt. <\/p>\n\n\n\n<p>Egal was ihr an diesem Sportwochenende schaut &#8211; habt ein spannendes!<\/p>\n","protected":false},"excerpt":{"rendered":"<p>N&#8217;Abend allerseits, die Lost\u00f6pfe sind vollst\u00e4ndig gef\u00fcllt und drei Kommentatoren(teams) aus dem deutschen Sportfernsehen (&amp;-streaming) sind bereit f\u00fcr die heutige Auslosung der Champions League-Gruppenphase. Die T\u00f6pfe sind schnell besprochen: Als Gruppenk\u00f6pfe gesetzt sind die Landesmeister aus Europas sieben Topligen (Real ist zus\u00e4tzlich als CL-Sieger) sowie der Europa League-Sieger Eintracht Frankfurt. Die folgenden Lost\u00f6pfe sind nach [&hellip;]<\/p>\n","protected":false},"author":12,"featured_media":0,"comment_status":"open","ping_status":"open","sticky":false,"template":"","format":"standard","meta":{"footnotes":""},"categories":[424],"tags":[232,49,153,216,46,404,263,166,178,73,131,841,499,164,57,35,171,234,850,846,13,30,845,392,843,82,318,132,308,89,61,120,842,844,835,849,832,104,25,405,48,213,347,74,69,376,58,248,655,315,86,93,59,91,585,491,676,378,44,294,31,837,526,9,494,112,503,243,587,121,126,118,67,95,847,416,130,581,223,438,17,383,114,742,330,88,409,83,715,369,183,113,848,94,851,690,199,290,340,525,584,45,233,76,361,98,222,415,22,375,336,66,434,134,344,394,28,135,673,763,27,102,16,643,33,836,838,152,395,252,87,346,402,105,289,149,840,107],"class_list":["post-13589","post","type-post","status-publish","format-standard","hentry","category-bundesliga-und-co","tag-alexander-klich","tag-alex-schlueter","tag-alexis-menuge","tag-andreas-mann","tag-anett-sattler","tag-ann-sophie-kimmel","tag-arne-malsch","tag-benny-lauth","tag-br","tag-britta-hofmann","tag-carsten-fuss","tag-charly-leitner","tag-chris-putz","tag-christian-bernhard","tag-christian-blunck","tag-christian-strassburger","tag-christoph-stadtler","tag-claus-mueller","tag-constanze-weiss","tag-david-eder","tag-dazn","tag-didi-hamann","tag-dieter-danko","tag-dirk-grosse-schlarmann","tag-erich-auer","tag-erik-meijer","tag-flo-eckl","tag-flo-hauser","tag-florian-malburg","tag-florian-schmidt-sommerfeld","tag-frank-buschmann","tag-franz-buechner","tag-gerfried-proell","tag-gerhard-krabath","tag-gregor-teicher","tag-guido-friedrich","tag-hajo-wolff","tag-hannes-herrmann","tag-hansi-kuepper","tag-jakob-vogel","tag-jan-platte","tag-jens-westen","tag-joachim-hebel","tag-jochen-stutzky","tag-jonas-friedrich","tag-joerg-kuenne","tag-joerg-steiger","tag-julia-scharf","tag-julia-simic","tag-julian-engelhard","tag-juergen-schmitz","tag-kai-dittmann","tag-karsten-linke","tag-karsten-petrzika","tag-katharina-kleinfeldt","tag-kevin-gerwin","tag-klaus-veltman","tag-konstantin-klostermann","tag-laura-wontorra","tag-lenny-leonhardt","tag-lothar-matthaeus","tag-lukas-kohler","tag-lutz-lindemann","tag-magenta-sport","tag-marcus-juergensen","tag-marcus-lindemann","tag-marcus-radefeld","tag-mario-rieker","tag-markus-babbel","tag-markus-gaupp","tag-markus-goetz","tag-markus-herwig","tag-markus-hoehner","tag-martin-gross","tag-martin-konrad","tag-martin-lanig","tag-martin-piller","tag-marvin-kirsch","tag-matthias-naebers","tag-max-nicu","tag-mdr","tag-michael-augustin","tag-michael-born","tag-michael-brandes","tag-michael-hofmann","tag-michael-leopold","tag-mike-muenkel","tag-mladen-petric","tag-moritz-knorr","tag-nele-schenker","tag-oliver-forster","tag-oliver-seidler","tag-otto-rosenauer","tag-patrick-wasserziehr","tag-peter-stoeger","tag-philip-konrad","tag-philipp-paternina","tag-primevideo","tag-raphael-honigstein","tag-rene-kindermann","tag-riccardo-basile","tag-roland-evers","tag-rudi-bommer","tag-ruth-hofmann","tag-sascha-bigalke","tag-sebastian-hellmann","tag-sebastian-kneissl","tag-simon-koepfer","tag-sky","tag-sky-sport-austria","tag-sky-sport-news","tag-sport1","tag-sport1-2","tag-sportdigital-fussball","tag-sr","tag-stefan-fuckert","tag-stefan-hempel","tag-stefanie-blochwitz","tag-steven-ruprecht","tag-sven-roland","tag-sven-schroeter","tag-sven-toellner","tag-swr","tag-thomas-braml","tag-thomas-wagner","tag-tim-borowski","tag-timo-schaefers","tag-tobi-fischbeck","tag-tobi-schaefer","tag-tobi-wahnschaffe","tag-torsten-kunde","tag-torsten-mattuschka","tag-ulf-kahmke","tag-uli-hebel","tag-ulli-potofski","tag-uwe-morawe","tag-walter-kogler","tag-wolff-fuss"],"_links":{"self":[{"href":"http:\/\/kommentatorenblog.de\/index.php?rest_route=\/wp\/v2\/posts\/13589","targetHints":{"allow":["GET"]}}],"collection":[{"href":"http:\/\/kommentatorenblog.de\/index.php?rest_route=\/wp\/v2\/posts"}],"about":[{"href":"http:\/\/kommentatorenblog.de\/index.php?rest_route=\/wp\/v2\/types\/post"}],"author":[{"embeddable":true,"href":"http:\/\/kommentatorenblog.de\/index.php?rest_route=\/wp\/v2\/users\/12"}],"replies":[{"embeddable":true,"href":"http:\/\/kommentatorenblog.de\/index.php?rest_route=%2Fwp%2Fv2%2Fcomments&post=13589"}],"version-history":[{"count":29,"href":"http:\/\/kommentatorenblog.de\/index.php?rest_route=\/wp\/v2\/posts\/13589\/revisions"}],"predecessor-version":[{"id":13654,"href":"http:\/\/kommentatorenblog.de\/index.php?rest_route=\/wp\/v2\/posts\/13589\/revisions\/13654"}],"wp:attachment":[{"href":"http:\/\/kommentatorenblog.de\/index.php?rest_route=%2Fwp%2Fv2%2Fmedia&parent=13589"}],"wp:term":[{"taxonomy":"category","embeddable":true,"href":"http:\/\/kommentatorenblog.de\/index.php?rest_route=%2Fwp%2Fv2%2Fcategories&post=13589"},{"taxonomy":"post_tag","embeddable":true,"href":"http:\/\/kommentatorenblog.de\/index.php?rest_route=%2Fwp%2Fv2%2Ftags&post=13589"}],"curies":[{"name":"wp","href":"https:\/\/api.w.org\/{rel}","templated":true}]}}