{"id":13945,"date":"2022-10-24T20:00:52","date_gmt":"2022-10-24T18:00:52","guid":{"rendered":"http:\/\/kommentatorenblog.de\/?p=13945"},"modified":"2022-10-26T21:20:53","modified_gmt":"2022-10-26T19:20:53","slug":"1292-neue-rechte-mehr-geld","status":"publish","type":"post","link":"http:\/\/kommentatorenblog.de\/?p=13945","title":{"rendered":"1292 &#8211; Neue Rechte &#8211; mehr Geld"},"content":{"rendered":"\n<p>Hallo zusammen,<\/p>\n\n\n\n<p>wie ihr vielleicht mitbekommen habt, wurden vor kurzem die Rechte in der 3. Liga sowie der Bundesliga der Frauen und der L\u00e4nderspiele der Frauen vergeben. Erstmals erfolgte die Vergabe dabei in getrennten Paketen.<\/p>\n\n\n\n<p>Im Folgenden findet ihr eine \u00dcbersicht \u00fcber die Rechtesituation ab der kommenden Saison:<\/p>\n\n\n\n<p><strong>Bundesliga der Frauen<\/strong><\/p>\n\n\n\n<p>Wie in Liga 3 gab es auch bei der Bundesliga drei unterschiedliche Szenarien mit mit jeweils drei unterschiedlichen Paketen. Die Szenarien unterschieden sich dabei, wie viele Free- TV- Spiele es gibt, und wie viele Pay- TV- Anbieter.  Am Ende wurde sich f\u00fcr das 3. Szenario entschieden, welches die folgenden drei Pakete umfasste:<\/p>\n\n\n\n<p><em>Live A 3 &#8211; Pay TV &#8211;  Magenta Sport und DAZN<\/em> <\/p>\n\n\n\n<p>Es wird also zwei Pay- TV- Anbeter geben, die jeweils <strong>alle<\/strong> Spiele der Bundesliga im Pay- TV zeigen d\u00fcrfen. Neben Magenta Sport, dem aktuellen Rechteinhaber, hat sich auch DAZN dazu entschieden, ab n\u00e4chster Saison die Bundesliga der Frauen zu zeigen. Daneben haben beide Sender auch Highlight- Rechte.<\/p>\n\n\n\n<p><em>Live B 3 &#8211; Free TV &#8211; ARD und ZDF <\/em><\/p>\n\n\n\n<p>Das Paket B 3 umfasst 10 Livespiele im Free TV, dieses Paket wurde von Sport A, der Sportrechteagentur von ARD und ZDF, f\u00fcr die beiden Sender, erworben. Damit d\u00fcrfte dann auch das ZDF in die Liveberichterstattung der Bundesliga einsteigen. Bei den 10 Spielen handelt es sich laut Paket um 3-4 Topspiele, darunter die Saisoner\u00f6ffnung. Auch bei den anderen 6-7 Spielen haben die beiden Sender das Erstwahlrecht der Partie.<\/p>\n\n\n\n<p><em>Live C 3 &#8211; Free TV &#8211; Sport1<\/em><\/p>\n\n\n\n<p>Das dritte Paket umfasst insgesamt 22 Spiele, also ein Spiel pro Spieltag, welches frei empfangbar sein wird und bei Sport1 laufen wird. Das Spiel wird Montagabends stattfinden, die genaue Uhrzeit wird dabei noch von Sport1 festgelegt, wird aber zwischen 18 und 19.30 Uhr liegen. Bei 12 der 22 Spiele hat Sport1 die Erstwahlrecht, bei den restlichen die Zweitwahl (hinter dem Paket B3): Ebenso wie im Paket B 3 d\u00fcrfen Highlights der eigenen Spiele gezeigt werden. Das Montagsspiel ist neu bei den Frauen und wurde, nach dem Aus des Montagsspiels in der 3. Liga als neue Vermarktungschance gesehen. Damit wird der Spieltag in der relativ kleinen Liga (eine Vergr\u00f6\u00dferung wurde bei der Vergabe- PK f\u00fcr die Zukunft in Betracht gezogen) auf vier Tage ausgedehnt.<\/p>\n\n\n\n<p>Einige Spielerinnen \u00fcbten jedoch an dem neuen Termin Kritik, da viele von ihnen (besonders die Nicht-Bayern\/Wolfsburg\/Frankfurt- Spielerinnen) unter der Woche noch einem Beruf neben dem Fu\u00dfball haben und m\u00fcssten sich deshalb f\u00fcr diese Spiele freinehmen.<\/p>\n\n\n\n<p><em>Main Highlights &#8211; Free und Pay TV &#8211; ARD und ZDF<\/em><\/p>\n\n\n\n<p>ARD und ZDF d\u00fcrfen neben den Livespielen zudem Zusammenfassungen (mit einem Umfang von bis zu 18min) von jedem Spiel direkt nach Abpfiff zeigen. Die Ausspielwege umfassen dabei die lineare sowie non-lineare Verwertung.<\/p>\n\n\n\n<p><em>Basic Highlights &#8211; Free und Pay TV &#8211; DAZN und Sky<\/em><\/p>\n\n\n\n<p>Daneben haben sich auch DAZN und Sky Highlight- Rechte gesichert, einziger Unterschied, die Zusammenfassungen d\u00fcrfen &#8222;nur&#8220; einen Umfang von 6 min haben.<\/p>\n\n\n\n<p><strong>Das TV- Geld<\/strong><\/p>\n\n\n\n<p>Durch den neuen Vertrag erl\u00f6st die Liga einen neuen H\u00f6chstwert, der im Vergleich zum M\u00e4nnerfu\u00dfball wie nichts erscheint, im Vergleich zum aktuellen Vertrag aber ein deutlicher Fortschritt ist. Pro Saison werden 5,175 mio \u20ac erl\u00f6st, dass ist das 16 fache des aktuellen Erl\u00f6ses. Da die Frage aufkam, die Produktionskosten werden von den Medienpartnern getragen, die Produktionshoheit liegt aber beim DFB. Zudem steht noch die Vermarktung der internationalen Rechte aus,  welche demn\u00e4chst erfolgen soll.<\/p>\n\n\n\n<p><strong>L\u00e4nderspiele- Frauen &#8211; ARD und ZDF<\/strong><\/p>\n\n\n\n<p>Ebenfalls vergeben wurden die TV- Rechte der DFB- Damen ab Anfang 2023. Hier gab es keine Ausschreibung, sondern eine  direkte Verhandlung mit verschiedenen TV- Sendern. Herauskam, dass der Rechteinhaber weiterhin Sport A hei\u00dft und die Spiele somit weiter bei ARD und ZDF laufen werden. Der Vertrag umfasst dabei die Qualifikations- und Freundschaftsspiele der Nationalmannschaft, und zwar Heim- wie Ausw\u00e4rtsspiele.<\/p>\n\n\n\n<p>Dabei wurde vertraglich festgelegt, dass j\u00e4hrlich mindestens zwei Spiele zur Primetime \u00fcbertragen werden. Au\u00dferdem sei es geplant, dass die restlichen (Heim-)Spiele nicht vor 18 Uhr stattfinden sollen. Die Ausw\u00e4rtsspiele k\u00f6nnten hiervon ausgenommen sein, da DFB und ARD\/ZDF hier nicht unbedingt Einfluss auf die Ansto\u00dfzeiten haben d\u00fcrften.<\/p>\n\n\n\n<p><strong>3. Liga &#8211; verschwunden im Pay TV?<\/strong><\/p>\n\n\n\n<p>Wie bereits erw\u00e4hnt gab es auch in der 3. Liga eine Ausschreibung der TV- Rechte, auch hier setzte sich das 3. Szenario durch:<br><em>Live A 3 &#8211; Pay TV &#8211; Magenta Sport<\/em><\/p>\n\n\n\n<p>Wie bereits in der vorherigen Periode hat sich Magenta die Recht f\u00fcr alle Pay TV- Spiele gesichert, dazu kommen alle Konferenz- Spiele (eigentlich w\u00e4ren die Pay TV- Spiele des Pakets B 3 ausgenommen, aber das hat auch Magenta erworben) sowie die Highlight- Rechte aller Spiele<\/p>\n\n\n\n<p><em>Live B 3 &#8211; Free oder Pay TV &#8211; Magenta Sport<\/em><\/p>\n\n\n\n<p>Das Paket umfasst 114 Spiele, die Freitag, Samstags und\/ oder Sonntags stattfinden k\u00f6nnen, dazu kommen auch die Aufstiegsspiele. Dieses Paket wurde, wie bereits angeklungen, ebenfalls von Magenta Sport erworben. Dabei stellt sich die Frage, warum man dieses Paket auch noch erworben hat, wenn man doch durch das Paket A 3 schon alle Spiele zeigen darf? Gr\u00fcnde k\u00f6nnten sein, dass man durch das Paket B 3 zus\u00e4tzlich das Erst-, Zweit, und Viertwahlrecht der Spiele sowie die genauen Ansto\u00dfzeiten festlegen kann.<\/p>\n\n\n\n<p>Zur Folge hat das, dass Stand jetzt, die 3. Liga nahezu komplett ins Pay TV wandert ( wenn Magenta kein Free TV- Angebot startet), da mindestens 10 Spiele frei empfangbar sein m\u00fcssen. Ob es weitere Spiele (wie aktuell in den Dritten) frei empfangbar geben wird, muss sich zeigen, denn die Telekom hat nat\u00fcrlich noch die M\u00f6glichkeiten, Sublizenzen zu verteilen. Die ARD hat damit also ihre Live- Rechte an der dritten Liga verloren, aber angek\u00fcndigt, mit der Telekom Gespr\u00e4che \u00fcber eine m\u00f6gliche Sublizenzierung zu f\u00fchren.<\/p>\n\n\n\n<p><em>Highlight- Rechte &#8211; ARD &amp; ZDF sowie DAZN &amp; Sky<\/em><\/p>\n\n\n\n<p>Die Highlight- Rechte der 3. Liga wurden genau in den selben Paketen an die selben Sender wie bei der Bundesliga der Frauen vergeben. Sport A sichert sich das Paket mit den 18 min (vorwiegend f\u00fcr die<em> Sportschau<\/em> und die <em>Dritten<\/em>). DAZN und Sky sich jeweils die sechsmin\u00fctigen Zusammenfassungen.<\/p>\n\n\n\n<p><strong>Das TV- Geld<\/strong><\/p>\n\n\n\n<p>Auch in der 3. Liga gab es eine erhebliche Steigerung der TV- Gelder, was mit Blick auf die aktuelle wirtschaftliche Situation, kein Montagsspiel und nur noch ein Livesender, doch etwas \u00fcberraschend war: So werden nun rund 26 mio \u20ac pro Saison anstelle von 15,65 mio in der aktuellen Spielzeit erl\u00f6st. Eine Steigerung von 67%. Internationale Rechte wurden auch hier noch nicht vergeben, dies soll aber ebenfalls noch erfolgen.<\/p>\n\n\n\n<hr class=\"wp-block-separator\"\/>\n\n\n\n<p><strong><em>Die Ansetzungen vom 25. Oktober bis zum 27. Oktober 202<\/em>2<\/strong><\/p>\n\n\n\n<p><strong>Champions League Gruppenphase, 05. Spieltag<\/strong><\/p>\n\n\n\n<p><span style=\"text-decoration: underline;\">Dienstag, 25. Oktober 2022, ab 18.15 Uhr (DAZN)<\/span><\/p>\n\n\n\n<p><em><strong>RB Salzburg \u2013 FC Chelsea (18.45 Uhr)<\/strong><\/em><\/p>\n\n\n\n<p><img loading=\"lazy\" decoding=\"async\" width=\"10\" height=\"21\" class=\"wp-image-3656\" style=\"width: 10px;\" src=\"http:\/\/kommentatorenblog.de\/wp-content\/uploads\/2020\/09\/shure-55sh-ii-e1601485394796.jpg\" alt=\"\" srcset=\"http:\/\/kommentatorenblog.de\/wp-content\/uploads\/2020\/09\/shure-55sh-ii-e1601485394796.jpg 415w, http:\/\/kommentatorenblog.de\/wp-content\/uploads\/2020\/09\/shure-55sh-ii-e1601485394796-142x300.jpg 142w\" sizes=\"auto, (max-width: 10px) 100vw, 10px\" \/> Max Gross, Experte: Sascha Bigalke (Einzelspiel), Nico Seepe (Konferenz)<\/p>\n\n\n\n<p><em><strong>FC Sevilla \u2013 FC Kopenhagen (18.45 Uhr)<\/strong><\/em><\/p>\n\n\n\n<p><img loading=\"lazy\" decoding=\"async\" width=\"10\" height=\"21\" class=\"wp-image-3656\" style=\"width: 10px;\" src=\"http:\/\/kommentatorenblog.de\/wp-content\/uploads\/2020\/09\/shure-55sh-ii-e1601485394796.jpg\" alt=\"\" srcset=\"http:\/\/kommentatorenblog.de\/wp-content\/uploads\/2020\/09\/shure-55sh-ii-e1601485394796.jpg 415w, http:\/\/kommentatorenblog.de\/wp-content\/uploads\/2020\/09\/shure-55sh-ii-e1601485394796-142x300.jpg 142w\" sizes=\"auto, (max-width: 10px) 100vw, 10px\" \/> Guido H\u00fcsgen (Einzelspiel), Oliver Forster (Konferenz)<\/p>\n\n\n\n<p><span style=\"text-decoration: underline;\">ab 20.00 Uhr (PrimeVideo &#8211; exklusives Einzelspiel)<\/span><\/p>\n\n\n\n<p><em><strong>Borussia Dortmund \u2013 Manchester City (21.00 Uhr)<\/strong><\/em><\/p>\n\n\n\n<p><img loading=\"lazy\" decoding=\"async\" width=\"10\" height=\"21\" class=\"wp-image-3656\" style=\"width: 10px;\" src=\"http:\/\/kommentatorenblog.de\/wp-content\/uploads\/2020\/09\/shure-55sh-ii-e1601485394796.jpg\" alt=\"\" srcset=\"http:\/\/kommentatorenblog.de\/wp-content\/uploads\/2020\/09\/shure-55sh-ii-e1601485394796.jpg 415w, http:\/\/kommentatorenblog.de\/wp-content\/uploads\/2020\/09\/shure-55sh-ii-e1601485394796-142x300.jpg 142w\" sizes=\"auto, (max-width: 10px) 100vw, 10px\" \/> Jonas Friedrich, Experte: Benedikt H\u00f6wedes<\/p>\n\n\n\n<p>Field-Reporter: Annika Zimmermann, Sebastian Benesch<\/p>\n\n\n\n<p>Moderation (Stadion): Sebastian Hellmann, Expertin und Experten: Josephine Henning, Matthias Sammer &amp; Marcel Schmelzer  Schiedsrichter-Experte: Wolfgang Stark<\/p>\n\n\n\n<p><span style=\"text-decoration: underline;\">ab 20.15Uhr (DAZN)<\/span> <\/p>\n\n\n\n<p><strong><em>RB Leipzig \u2013 Real Madrid (21.00 Uhr)<\/em><\/strong><\/p>\n\n\n\n<p><img loading=\"lazy\" decoding=\"async\" width=\"10\" height=\"21\" class=\"wp-image-3656\" style=\"width: 10px;\" src=\"http:\/\/kommentatorenblog.de\/wp-content\/uploads\/2020\/09\/shure-55sh-ii-e1601485394796.jpg\" alt=\"\" srcset=\"http:\/\/kommentatorenblog.de\/wp-content\/uploads\/2020\/09\/shure-55sh-ii-e1601485394796.jpg 415w, http:\/\/kommentatorenblog.de\/wp-content\/uploads\/2020\/09\/shure-55sh-ii-e1601485394796-142x300.jpg 142w\" sizes=\"auto, (max-width: 10px) 100vw, 10px\" \/>  Experte: Uli Hebel (Einzelspiel), Michael Born (Konferenz), <\/p>\n\n\n\n<p>Moderation: Alex Schl\u00fcter, Experte: Michael Ballack, Field Reporter: Daniel Herzog<\/p>\n\n\n\n<p><strong><em>Paris Saint- Germain \u2013 Maccabi Haifa (21.00 Uhr)<\/em><\/strong><\/p>\n\n\n\n<p><img loading=\"lazy\" decoding=\"async\" width=\"10\" height=\"21\" class=\"wp-image-3656\" style=\"width: 10px;\" src=\"http:\/\/kommentatorenblog.de\/wp-content\/uploads\/2020\/09\/shure-55sh-ii-e1601485394796.jpg\" alt=\"\" srcset=\"http:\/\/kommentatorenblog.de\/wp-content\/uploads\/2020\/09\/shure-55sh-ii-e1601485394796.jpg 415w, http:\/\/kommentatorenblog.de\/wp-content\/uploads\/2020\/09\/shure-55sh-ii-e1601485394796-142x300.jpg 142w\" sizes=\"auto, (max-width: 10px) 100vw, 10px\" \/> Stefan Galler (Einzelspiel), Franz B\u00fcchner (Konferenz)<\/p>\n\n\n\n<p><strong><em>Dinamo Zagreb \u2013 AC Mailand (21.00 Uhr)<\/em><\/strong><\/p>\n\n\n\n<p><img loading=\"lazy\" decoding=\"async\" width=\"10\" height=\"21\" class=\"wp-image-3656\" style=\"width: 10px;\" src=\"http:\/\/kommentatorenblog.de\/wp-content\/uploads\/2020\/09\/shure-55sh-ii-e1601485394796.jpg\" alt=\"\" srcset=\"http:\/\/kommentatorenblog.de\/wp-content\/uploads\/2020\/09\/shure-55sh-ii-e1601485394796.jpg 415w, http:\/\/kommentatorenblog.de\/wp-content\/uploads\/2020\/09\/shure-55sh-ii-e1601485394796-142x300.jpg 142w\" sizes=\"auto, (max-width: 10px) 100vw, 10px\" \/> Chris Putz (Einzelspiel), Marcel Seufert (Konferenz)<\/p>\n\n\n\n<p><strong><em>Benfica Lissabon \u2013 Juventus Turin (21.00 Uhr)<\/em><\/strong><\/p>\n\n\n\n<p><img loading=\"lazy\" decoding=\"async\" width=\"10\" height=\"21\" class=\"wp-image-3656\" style=\"width: 10px;\" src=\"http:\/\/kommentatorenblog.de\/wp-content\/uploads\/2020\/09\/shure-55sh-ii-e1601485394796.jpg\" alt=\"\" srcset=\"http:\/\/kommentatorenblog.de\/wp-content\/uploads\/2020\/09\/shure-55sh-ii-e1601485394796.jpg 415w, http:\/\/kommentatorenblog.de\/wp-content\/uploads\/2020\/09\/shure-55sh-ii-e1601485394796-142x300.jpg 142w\" sizes=\"auto, (max-width: 10px) 100vw, 10px\" \/> Carsten Fu\u00df (Einzelspiel), Mario Rieker (Konferenz)<\/p>\n\n\n\n<p><strong><em>Celtic Glasgow \u2013 S<em style=\"\"><b>cha<\/b><\/em><strong><em>chtor Donezk<\/em><\/strong> (21.00 Uhr)<\/em><\/strong><\/p>\n\n\n\n<p><img loading=\"lazy\" decoding=\"async\" width=\"10\" height=\"21\" class=\"wp-image-3656\" style=\"width: 10px;\" src=\"http:\/\/kommentatorenblog.de\/wp-content\/uploads\/2020\/09\/shure-55sh-ii-e1601485394796.jpg\" alt=\"\" srcset=\"http:\/\/kommentatorenblog.de\/wp-content\/uploads\/2020\/09\/shure-55sh-ii-e1601485394796.jpg 415w, http:\/\/kommentatorenblog.de\/wp-content\/uploads\/2020\/09\/shure-55sh-ii-e1601485394796-142x300.jpg 142w\" sizes=\"auto, (max-width: 10px) 100vw, 10px\" \/> Andreas Renner (Einzelspiel), Christoph Stadtler (Konferenz)<\/p>\n\n\n\n<p>Moderation (DAZN): Tobi Wahnschaffe<\/p>\n\n\n\n<p><span style=\"text-decoration: underline;\">Mittwoch, 26. Oktober 2022, ab 18.15 Uhr (DAZN)<\/span><\/p>\n\n\n\n<p><strong><em>Inter Mailand \u2013 Viktoria Pilsen (18.45Uhr)<\/em><\/strong><\/p>\n\n\n\n<p><img loading=\"lazy\" decoding=\"async\" width=\"10\" height=\"21\" class=\"wp-image-3656\" style=\"width: 10px;\" src=\"http:\/\/kommentatorenblog.de\/wp-content\/uploads\/2020\/09\/shure-55sh-ii-e1601485394796.jpg\" alt=\"\" srcset=\"http:\/\/kommentatorenblog.de\/wp-content\/uploads\/2020\/09\/shure-55sh-ii-e1601485394796.jpg 415w, http:\/\/kommentatorenblog.de\/wp-content\/uploads\/2020\/09\/shure-55sh-ii-e1601485394796-142x300.jpg 142w\" sizes=\"auto, (max-width: 10px) 100vw, 10px\" \/> Andreas Renner (Einzelspiel), Freddie Schulz (Konferenz),<\/p>\n\n\n\n<p><em style=\"\"><b>FC Br\u00fcgge<\/b><\/em><strong><em> \u2013 FC Porto (18.45 Uhr) <\/em><\/strong><\/p>\n\n\n\n<p><img loading=\"lazy\" decoding=\"async\" width=\"10\" height=\"21\" class=\"wp-image-3656\" style=\"width: 10px;\" src=\"http:\/\/kommentatorenblog.de\/wp-content\/uploads\/2020\/09\/shure-55sh-ii-e1601485394796.jpg\" alt=\"\" srcset=\"http:\/\/kommentatorenblog.de\/wp-content\/uploads\/2020\/09\/shure-55sh-ii-e1601485394796.jpg 415w, http:\/\/kommentatorenblog.de\/wp-content\/uploads\/2020\/09\/shure-55sh-ii-e1601485394796-142x300.jpg 142w\" sizes=\"auto, (max-width: 10px) 100vw, 10px\" \/> Tobi Fischbeck ??? (Einzelspiel), Tobi Fischbeck (Konferenz)<\/p>\n\n\n\n<p><span style=\"text-decoration: underline;\">ab 20.15 Uhr (DAZN)<\/span> <\/p>\n\n\n\n<p><strong><em><em><strong>FC Barcelona \u2013 <\/strong><\/em>FC Bayern M\u00fcnchen (21.00 Uhr)<\/em><\/strong><\/p>\n\n\n\n<p><img loading=\"lazy\" decoding=\"async\" width=\"10\" height=\"21\" class=\"wp-image-3656\" style=\"width: 10px;\" src=\"http:\/\/kommentatorenblog.de\/wp-content\/uploads\/2020\/09\/shure-55sh-ii-e1601485394796.jpg\" alt=\"\" srcset=\"http:\/\/kommentatorenblog.de\/wp-content\/uploads\/2020\/09\/shure-55sh-ii-e1601485394796.jpg 415w, http:\/\/kommentatorenblog.de\/wp-content\/uploads\/2020\/09\/shure-55sh-ii-e1601485394796-142x300.jpg 142w\" sizes=\"auto, (max-width: 10px) 100vw, 10px\" \/> Jan Platte(Einzelspiel), Lukas Sch\u00f6nm\u00fcller (Konferenz), Marcel Seufert (deutsche Konferenz)<\/p>\n\n\n\n<p>Moderation: Laura Wontorra, Experte: Sandro Wagner , Field-Reporter: Max Siebald<\/p>\n\n\n\n<p><span style=\"text-decoration: underline;\">ab 20.45 Uhr (DAZN)<\/span> <\/p>\n\n\n\n<p><strong><em><em><strong>SG Eintracht Frankfurt \u2013 <\/strong><\/em>Olympique Marseille (21.00 Uhr)<\/em><\/strong><\/p>\n\n\n\n<p><img loading=\"lazy\" decoding=\"async\" width=\"10\" height=\"21\" class=\"wp-image-3656\" style=\"width: 10px;\" src=\"http:\/\/kommentatorenblog.de\/wp-content\/uploads\/2020\/09\/shure-55sh-ii-e1601485394796.jpg\" alt=\"\" srcset=\"http:\/\/kommentatorenblog.de\/wp-content\/uploads\/2020\/09\/shure-55sh-ii-e1601485394796.jpg 415w, http:\/\/kommentatorenblog.de\/wp-content\/uploads\/2020\/09\/shure-55sh-ii-e1601485394796-142x300.jpg 142w\" sizes=\"auto, (max-width: 10px) 100vw, 10px\" \/> Marco Hagemann, Experte: Seb Knei\u00dfl (Einzelspiel), Flo Hauser (Konferenz), Adrian Geiler (deutsche Konferenz)<\/p>\n\n\n\n<p>Field-Reporter: Daniel Herzog<\/p>\n\n\n\n<p><strong><em>Atletico Madrid \u2013 Bayer 04 Leverkusen (21.00 Uhr)<\/em><\/strong><\/p>\n\n\n\n<p><img loading=\"lazy\" decoding=\"async\" width=\"10\" height=\"21\" class=\"wp-image-3656\" style=\"width: 10px;\" src=\"http:\/\/kommentatorenblog.de\/wp-content\/uploads\/2020\/09\/shure-55sh-ii-e1601485394796.jpg\" alt=\"\" srcset=\"http:\/\/kommentatorenblog.de\/wp-content\/uploads\/2020\/09\/shure-55sh-ii-e1601485394796.jpg 415w, http:\/\/kommentatorenblog.de\/wp-content\/uploads\/2020\/09\/shure-55sh-ii-e1601485394796-142x300.jpg 142w\" sizes=\"auto, (max-width: 10px) 100vw, 10px\" \/> Michael Born Experte: Benny Lauth (Einzelspiel), Uli Hebel (Konferenz), Freddy Harder (deutsche Konferenz)<\/p>\n\n\n\n<p>Interviewer: Andres Veredas.<\/p>\n\n\n\n<p><span style=\"text-decoration: underline;\">ab 21.00 Uhr (DAZN)<\/span> <\/p>\n\n\n\n<p><strong><em><strong><em>Ajax Amsterdam \u2013 <\/em><\/strong>FC Liverpool (21.00 Uhr)<\/em><\/strong><\/p>\n\n\n\n<p><img loading=\"lazy\" decoding=\"async\" width=\"10\" height=\"21\" class=\"wp-image-3656\" style=\"width: 10px;\" src=\"http:\/\/kommentatorenblog.de\/wp-content\/uploads\/2020\/09\/shure-55sh-ii-e1601485394796.jpg\" alt=\"\" srcset=\"http:\/\/kommentatorenblog.de\/wp-content\/uploads\/2020\/09\/shure-55sh-ii-e1601485394796.jpg 415w, http:\/\/kommentatorenblog.de\/wp-content\/uploads\/2020\/09\/shure-55sh-ii-e1601485394796-142x300.jpg 142w\" sizes=\"auto, (max-width: 10px) 100vw, 10px\" \/> Jogi Hebel (Einzelspiel), Tom Kirsten (Konferenz)<\/p>\n\n\n\n<p><strong><em>Tottenham Hotspur \u2013 Sporting Lissabon (21.00 Uhr)<\/em><\/strong><\/p>\n\n\n\n<p><img loading=\"lazy\" decoding=\"async\" width=\"10\" height=\"21\" class=\"wp-image-3656\" style=\"width: 10px;\" src=\"http:\/\/kommentatorenblog.de\/wp-content\/uploads\/2020\/09\/shure-55sh-ii-e1601485394796.jpg\" alt=\"\" srcset=\"http:\/\/kommentatorenblog.de\/wp-content\/uploads\/2020\/09\/shure-55sh-ii-e1601485394796.jpg 415w, http:\/\/kommentatorenblog.de\/wp-content\/uploads\/2020\/09\/shure-55sh-ii-e1601485394796-142x300.jpg 142w\" sizes=\"auto, (max-width: 10px) 100vw, 10px\" \/> Ruben Zimmermann (Einzelspiel),Christoph Stadtler (Konferenz)<\/p>\n\n\n\n<p><strong><em>SSC Neapel <strong><em>\u2013 Glasgow Rangers<\/em><\/strong> (21.00 Uhr)<\/em><\/strong><\/p>\n\n\n\n<p><img loading=\"lazy\" decoding=\"async\" width=\"10\" height=\"21\" class=\"wp-image-3656\" style=\"width: 10px;\" src=\"http:\/\/kommentatorenblog.de\/wp-content\/uploads\/2020\/09\/shure-55sh-ii-e1601485394796.jpg\" alt=\"\" srcset=\"http:\/\/kommentatorenblog.de\/wp-content\/uploads\/2020\/09\/shure-55sh-ii-e1601485394796.jpg 415w, http:\/\/kommentatorenblog.de\/wp-content\/uploads\/2020\/09\/shure-55sh-ii-e1601485394796-142x300.jpg 142w\" sizes=\"auto, (max-width: 10px) 100vw, 10px\" \/> Uwe Morawe (Einzelspiel), Mario Rieker (Konferenz)<\/p>\n\n\n\n<p>Moderation: Jan L\u00fcdeke (Konferenz)<\/p>\n\n\n\n<p><strong>Champions League Frauen, Gruppenphase, 02. Spieltag<\/strong><\/p>\n\n\n\n<p><span style=\"text-decoration: underline;\">Mittwoch, 26. Oktober 2022, ab 21.00 Uhr (DAZN)<\/span><\/p>\n\n\n\n<p><em><strong>St P\u00f6lten \u2013 AS Rom (18.45 Uhr)<\/strong><\/em><\/p>\n\n\n\n<p><img loading=\"lazy\" decoding=\"async\" width=\"10\" height=\"21\" class=\"wp-image-3656\" style=\"width: 10px;\" src=\"http:\/\/kommentatorenblog.de\/wp-content\/uploads\/2020\/09\/shure-55sh-ii-e1601485394796.jpg\" alt=\"\" srcset=\"http:\/\/kommentatorenblog.de\/wp-content\/uploads\/2020\/09\/shure-55sh-ii-e1601485394796.jpg 415w, http:\/\/kommentatorenblog.de\/wp-content\/uploads\/2020\/09\/shure-55sh-ii-e1601485394796-142x300.jpg 142w\" sizes=\"auto, (max-width: 10px) 100vw, 10px\" \/> Guido H\u00fcsgen<\/p>\n\n\n\n<p><em><strong>Slavia Prag \u2013 VfL Wolfsburg (21.00 Uhr)<\/strong><\/em><\/p>\n\n\n\n<p><img loading=\"lazy\" decoding=\"async\" width=\"10\" height=\"21\" class=\"wp-image-3656\" style=\"width: 10px;\" src=\"http:\/\/kommentatorenblog.de\/wp-content\/uploads\/2020\/09\/shure-55sh-ii-e1601485394796.jpg\" alt=\"\" srcset=\"http:\/\/kommentatorenblog.de\/wp-content\/uploads\/2020\/09\/shure-55sh-ii-e1601485394796.jpg 415w, http:\/\/kommentatorenblog.de\/wp-content\/uploads\/2020\/09\/shure-55sh-ii-e1601485394796-142x300.jpg 142w\" sizes=\"auto, (max-width: 10px) 100vw, 10px\" \/> Michael Seyberth, Expertin Navina Omilade<\/p>\n\n\n\n<p><span style=\"text-decoration: underline;\">Donnerstag, 27. Oktober 2022, ab 21.00 Uhr (DAZN)<\/span><\/p>\n\n\n\n<p><em><strong>Benfica Lissabon \u2013 FC Bayern M\u00fcnchen (21.00 Uhr)<\/strong><\/em><\/p>\n\n\n\n<p><img loading=\"lazy\" decoding=\"async\" width=\"10\" height=\"21\" class=\"wp-image-3656\" style=\"width: 10px;\" src=\"http:\/\/kommentatorenblog.de\/wp-content\/uploads\/2020\/09\/shure-55sh-ii-e1601485394796.jpg\" alt=\"\" srcset=\"http:\/\/kommentatorenblog.de\/wp-content\/uploads\/2020\/09\/shure-55sh-ii-e1601485394796.jpg 415w, http:\/\/kommentatorenblog.de\/wp-content\/uploads\/2020\/09\/shure-55sh-ii-e1601485394796-142x300.jpg 142w\" sizes=\"auto, (max-width: 10px) 100vw, 10px\" \/> Christoph Fetzer<\/p>\n\n\n\n<p><em><strong>FC Arsenal \u2013 FC Z\u00fcrich (21.00 Uhr)<\/strong><\/em><\/p>\n\n\n\n<p><img loading=\"lazy\" decoding=\"async\" width=\"10\" height=\"21\" class=\"wp-image-3656\" style=\"width: 10px;\" src=\"http:\/\/kommentatorenblog.de\/wp-content\/uploads\/2020\/09\/shure-55sh-ii-e1601485394796.jpg\" alt=\"\" srcset=\"http:\/\/kommentatorenblog.de\/wp-content\/uploads\/2020\/09\/shure-55sh-ii-e1601485394796.jpg 415w, http:\/\/kommentatorenblog.de\/wp-content\/uploads\/2020\/09\/shure-55sh-ii-e1601485394796-142x300.jpg 142w\" sizes=\"auto, (max-width: 10px) 100vw, 10px\" \/> Michael Seyberth<\/p>\n\n\n\n<hr class=\"wp-block-separator\"\/>\n\n\n\n<p><strong>Europa League\/Europa Conference League Gruppenphase, 02. Spieltag (RTL)<\/strong><\/p>\n\n\n\n<p><span style=\"text-decoration: underline;\">Donnerstag, 27. Oktober 2022, ab 17.30 Uhr (RTL+)<\/span><\/p>\n\n\n\n<p><em><strong>Union Berlin <\/strong><\/em><strong><em>\u2013<\/em><\/strong>&nbsp;<strong><em><strong><em>SC Braga (18.45<\/em><\/strong> Uhr)<\/em><\/strong><\/p>\n\n\n\n<p><img loading=\"lazy\" decoding=\"async\" width=\"10\" height=\"21\" class=\"wp-image-3656\" style=\"width: 10px;\" src=\"http:\/\/kommentatorenblog.de\/wp-content\/uploads\/2020\/09\/shure-55sh-ii-e1601485394796.jpg\" alt=\"\" srcset=\"http:\/\/kommentatorenblog.de\/wp-content\/uploads\/2020\/09\/shure-55sh-ii-e1601485394796.jpg 415w, http:\/\/kommentatorenblog.de\/wp-content\/uploads\/2020\/09\/shure-55sh-ii-e1601485394796-142x300.jpg 142w\" sizes=\"auto, (max-width: 10px) 100vw, 10px\" \/>  Freddie Schulz (Einzelspiel), Michael Born (Konferenz)<\/p>\n\n\n\n<p>Field- Reporter: Christoph K\u00fcppers<\/p>\n\n\n\n<p><strong><em>Slovacko \u2013&nbsp;1.FC K\u00f6ln (18.45 Uhr)<\/em><\/strong><\/p>\n\n\n\n<p><img loading=\"lazy\" decoding=\"async\" width=\"10\" height=\"21\" class=\"wp-image-3656\" style=\"width: 10px;\" src=\"http:\/\/kommentatorenblog.de\/wp-content\/uploads\/2020\/09\/shure-55sh-ii-e1601485394796.jpg\" alt=\"\" srcset=\"http:\/\/kommentatorenblog.de\/wp-content\/uploads\/2020\/09\/shure-55sh-ii-e1601485394796.jpg 415w, http:\/\/kommentatorenblog.de\/wp-content\/uploads\/2020\/09\/shure-55sh-ii-e1601485394796-142x300.jpg 142w\" sizes=\"auto, (max-width: 10px) 100vw, 10px\" \/>  Robert Hunke, Experte: Patrick Helmes (Einzelspiel), Christoph Stadtler (Konferenz)<\/p>\n\n\n\n<p>Field- Reporterin: Jessica Matyschok<\/p>\n\n\n\n<p><strong><em>PSV Eindhoven <strong><em>\u2013<\/em><\/strong> FC Aresenal (18.45 Uhr)<\/em><\/strong><\/p>\n\n\n\n<p><img loading=\"lazy\" decoding=\"async\" width=\"10\" height=\"21\" class=\"wp-image-3656\" style=\"width: 10px;\" src=\"http:\/\/kommentatorenblog.de\/wp-content\/uploads\/2020\/09\/shure-55sh-ii-e1601485394796.jpg\" alt=\"\" srcset=\"http:\/\/kommentatorenblog.de\/wp-content\/uploads\/2020\/09\/shure-55sh-ii-e1601485394796.jpg 415w, http:\/\/kommentatorenblog.de\/wp-content\/uploads\/2020\/09\/shure-55sh-ii-e1601485394796-142x300.jpg 142w\" sizes=\"auto, (max-width: 10px) 100vw, 10px\" \/> Julian Engelhard (Einzelspiel), Christina Graf (Konferenz)<\/p>\n\n\n\n<p><strong><em>Fenerbahce Istanbul \u2013 Stade Rennes (18.45 Uhr)<\/em><\/strong><\/p>\n\n\n\n<p><img loading=\"lazy\" decoding=\"async\" width=\"10\" height=\"21\" class=\"wp-image-3656\" style=\"width: 10px;\" src=\"http:\/\/kommentatorenblog.de\/wp-content\/uploads\/2020\/09\/shure-55sh-ii-e1601485394796.jpg\" alt=\"\" srcset=\"http:\/\/kommentatorenblog.de\/wp-content\/uploads\/2020\/09\/shure-55sh-ii-e1601485394796.jpg 415w, http:\/\/kommentatorenblog.de\/wp-content\/uploads\/2020\/09\/shure-55sh-ii-e1601485394796-142x300.jpg 142w\" sizes=\"auto, (max-width: 10px) 100vw, 10px\" \/>Stefan Galler (Einzelspiel), J\u00fcrgen Schmitz (Konferenz)<\/p>\n\n\n\n<p><strong><em>OGC Nizza \u2013 Partizan Belgrad&nbsp; (18.45 Uhr)<\/em><\/strong><\/p>\n\n\n\n<p><img loading=\"lazy\" decoding=\"async\" width=\"10\" height=\"21\" class=\"wp-image-3656\" style=\"width: 10px;\" src=\"http:\/\/kommentatorenblog.de\/wp-content\/uploads\/2020\/09\/shure-55sh-ii-e1601485394796.jpg\" alt=\"\" srcset=\"http:\/\/kommentatorenblog.de\/wp-content\/uploads\/2020\/09\/shure-55sh-ii-e1601485394796.jpg 415w, http:\/\/kommentatorenblog.de\/wp-content\/uploads\/2020\/09\/shure-55sh-ii-e1601485394796-142x300.jpg 142w\" sizes=\"auto, (max-width: 10px) 100vw, 10px\" \/> Timo Latsch(Konferenz)<\/p>\n\n\n\n<p><strong><em>Malm\u00f6 FF \u2013 Union Saint-Gilloise (18.45 Uhr)<\/em><\/strong><\/p>\n\n\n\n<p><img loading=\"lazy\" decoding=\"async\" width=\"10\" height=\"21\" class=\"wp-image-3656\" style=\"width: 10px;\" src=\"http:\/\/kommentatorenblog.de\/wp-content\/uploads\/2020\/09\/shure-55sh-ii-e1601485394796.jpg\" alt=\"\" srcset=\"http:\/\/kommentatorenblog.de\/wp-content\/uploads\/2020\/09\/shure-55sh-ii-e1601485394796.jpg 415w, http:\/\/kommentatorenblog.de\/wp-content\/uploads\/2020\/09\/shure-55sh-ii-e1601485394796-142x300.jpg 142w\" sizes=\"auto, (max-width: 10px) 100vw, 10px\" \/> Alexander Klich (Konferenz)<\/p>\n\n\n\n<p><span style=\"text-decoration: underline;\">ab 20.15 Uhr (RTL) bzw. ab 20.40 Uhr (RTL+)<\/span><\/p>\n\n\n\n<p><em><strong>SC Freiburg <\/strong><\/em><strong><em>\u2013<\/em><\/strong>&nbsp;<strong><em><strong><em><em><strong>Olympiakos Pir\u00e4us<\/strong><\/em> (21.00<\/em><\/strong> Uhr)<\/em><\/strong><\/p>\n\n\n\n<p>RTL: <img loading=\"lazy\" decoding=\"async\" width=\"10\" height=\"21\" class=\"wp-image-3656\" style=\"width: 10px;\" src=\"http:\/\/kommentatorenblog.de\/wp-content\/uploads\/2020\/09\/shure-55sh-ii-e1601485394796.jpg\" alt=\"\" srcset=\"http:\/\/kommentatorenblog.de\/wp-content\/uploads\/2020\/09\/shure-55sh-ii-e1601485394796.jpg 415w, http:\/\/kommentatorenblog.de\/wp-content\/uploads\/2020\/09\/shure-55sh-ii-e1601485394796-142x300.jpg 142w\" sizes=\"auto, (max-width: 10px) 100vw, 10px\" \/> Marco Hagemann, Experte: Steffen Freund, Field-Reporter: Jonas Gerdes<\/p>\n\n\n\n<p>RTL+ <img loading=\"lazy\" decoding=\"async\" width=\"10\" height=\"21\" class=\"wp-image-3656\" style=\"width: 10px;\" src=\"http:\/\/kommentatorenblog.de\/wp-content\/uploads\/2020\/09\/shure-55sh-ii-e1601485394796.jpg\" alt=\"\" srcset=\"http:\/\/kommentatorenblog.de\/wp-content\/uploads\/2020\/09\/shure-55sh-ii-e1601485394796.jpg 415w, http:\/\/kommentatorenblog.de\/wp-content\/uploads\/2020\/09\/shure-55sh-ii-e1601485394796-142x300.jpg 142w\" sizes=\"auto, (max-width: 10px) 100vw, 10px\" \/> Cornelius K\u00fcpper (Einzelspiel), Klaus Veltman (Konferenz)<\/p>\n\n\n\n<p>Moderation (RTL): Laura Papendick , Experte: Lothar Matth\u00e4us &amp; Karl- Heinz Riedle<\/p>\n\n\n\n<p><span style=\"text-decoration: underline;\">ab 21.00 Uhr (RTL+)<\/span><\/p>\n\n\n\n<p><strong><em>Manchester United \u2013 FC Sheriff Tiraspol (21.00 Uhr)<\/em><\/strong><\/p>\n\n\n\n<p><img loading=\"lazy\" decoding=\"async\" width=\"10\" height=\"21\" class=\"wp-image-3656\" style=\"width: 10px;\" src=\"http:\/\/kommentatorenblog.de\/wp-content\/uploads\/2020\/09\/shure-55sh-ii-e1601485394796.jpg\" alt=\"\" srcset=\"http:\/\/kommentatorenblog.de\/wp-content\/uploads\/2020\/09\/shure-55sh-ii-e1601485394796.jpg 415w, http:\/\/kommentatorenblog.de\/wp-content\/uploads\/2020\/09\/shure-55sh-ii-e1601485394796-142x300.jpg 142w\" sizes=\"auto, (max-width: 10px) 100vw, 10px\" \/> Oliver Seidler (Einzelspiel), Heiko Wasser (Konferenz)<\/p>\n\n\n\n<p><strong><em>Roter Stern Belgrad \u2013 Trabzonspor AS (21.00 Uhr)<\/em><\/strong><\/p>\n\n\n\n<p><img loading=\"lazy\" decoding=\"async\" width=\"10\" height=\"21\" class=\"wp-image-3656\" style=\"width: 10px;\" src=\"http:\/\/kommentatorenblog.de\/wp-content\/uploads\/2020\/09\/shure-55sh-ii-e1601485394796.jpg\" alt=\"\" srcset=\"http:\/\/kommentatorenblog.de\/wp-content\/uploads\/2020\/09\/shure-55sh-ii-e1601485394796.jpg 415w, http:\/\/kommentatorenblog.de\/wp-content\/uploads\/2020\/09\/shure-55sh-ii-e1601485394796-142x300.jpg 142w\" sizes=\"auto, (max-width: 10px) 100vw, 10px\" \/> Florian von Stackelberg (Einzelspiel), Philip Konrad (Konferenz)<\/p>\n\n\n\n<p><strong><em>HJK Helsinki \u2013 AS Rom (21.00 Uhr)<\/em><\/strong><\/p>\n\n\n\n<p><img loading=\"lazy\" decoding=\"async\" width=\"10\" height=\"21\" class=\"wp-image-3656\" style=\"width: 10px;\" src=\"http:\/\/kommentatorenblog.de\/wp-content\/uploads\/2020\/09\/shure-55sh-ii-e1601485394796.jpg\" alt=\"\" srcset=\"http:\/\/kommentatorenblog.de\/wp-content\/uploads\/2020\/09\/shure-55sh-ii-e1601485394796.jpg 415w, http:\/\/kommentatorenblog.de\/wp-content\/uploads\/2020\/09\/shure-55sh-ii-e1601485394796-142x300.jpg 142w\" sizes=\"auto, (max-width: 10px) 100vw, 10px\" \/> Tim Hemmrich (Einzelspiel)<\/p>\n\n\n\n<p><strong><em>FC Nantes \u2013 Qarabag Agdam (21.00 Uhr)<\/em><\/strong><\/p>\n\n\n\n<p><img loading=\"lazy\" decoding=\"async\" width=\"10\" height=\"21\" class=\"wp-image-3656\" style=\"width: 10px;\" src=\"http:\/\/kommentatorenblog.de\/wp-content\/uploads\/2020\/09\/shure-55sh-ii-e1601485394796.jpg\" alt=\"\" srcset=\"http:\/\/kommentatorenblog.de\/wp-content\/uploads\/2020\/09\/shure-55sh-ii-e1601485394796.jpg 415w, http:\/\/kommentatorenblog.de\/wp-content\/uploads\/2020\/09\/shure-55sh-ii-e1601485394796-142x300.jpg 142w\" sizes=\"auto, (max-width: 10px) 100vw, 10px\" \/> Alexander K\u00fcpper (Konferenz)<\/p>\n\n\n\n<p>Moderation(RTL+): Anna Kraft, Arnd Zeigler und Ansgar Brinkmann<\/p>\n\n\n\n<p><strong>Youth League (DAZN)<\/strong><\/p>\n\n\n\n<p><span style=\"text-decoration: underline;\">Dienstag, 25. Oktober 2022, ab 16.00 Uhr<\/span><\/p>\n\n\n\n<p><em><strong>BVB U19 <\/strong><\/em><strong><em>\u2013<\/em><\/strong>&nbsp;<strong><em><strong><em>Manchester City U19 (16.00<\/em><\/strong> Uhr)<\/em><\/strong><\/p>\n\n\n\n<p><img loading=\"lazy\" decoding=\"async\" width=\"10\" height=\"21\" class=\"wp-image-3656\" style=\"width: 10px;\" src=\"http:\/\/kommentatorenblog.de\/wp-content\/uploads\/2020\/09\/shure-55sh-ii-e1601485394796.jpg\" alt=\"\" srcset=\"http:\/\/kommentatorenblog.de\/wp-content\/uploads\/2020\/09\/shure-55sh-ii-e1601485394796.jpg 415w, http:\/\/kommentatorenblog.de\/wp-content\/uploads\/2020\/09\/shure-55sh-ii-e1601485394796-142x300.jpg 142w\" sizes=\"auto, (max-width: 10px) 100vw, 10px\" \/> Martin Kern<\/p>\n\n\n\n<p><span style=\"text-decoration: underline;\">Mittwoch, 26. Oktober 2022, ab 14.00 Uhr<\/span><\/p>\n\n\n\n<p><strong><em>Barcelona U19 \u2013&nbsp;FC Bayern U19 (14.00 Uhr)<\/em><\/strong><\/p>\n\n\n\n<p><img loading=\"lazy\" decoding=\"async\" width=\"10\" height=\"21\" class=\"wp-image-3656\" style=\"width: 10px;\" src=\"http:\/\/kommentatorenblog.de\/wp-content\/uploads\/2020\/09\/shure-55sh-ii-e1601485394796.jpg\" alt=\"\" srcset=\"http:\/\/kommentatorenblog.de\/wp-content\/uploads\/2020\/09\/shure-55sh-ii-e1601485394796.jpg 415w, http:\/\/kommentatorenblog.de\/wp-content\/uploads\/2020\/09\/shure-55sh-ii-e1601485394796-142x300.jpg 142w\" sizes=\"auto, (max-width: 10px) 100vw, 10px\" \/>  Fabi Pavlakovic<\/p>\n\n\n\n<p><strong>Internationaler Fu\u00dfball (sportdigital Fu\u00dfball)<\/strong><\/p>\n\n\n\n<p><span style=\"text-decoration: underline;\">Dienstag, 25. Oktober 2022, <\/span><\/p>\n\n\n\n<p><em><strong>FC Burnley \u2013 Norwich City (21.00 Uhr)<\/strong><\/em><\/p>\n\n\n\n<p><img loading=\"lazy\" decoding=\"async\" width=\"10\" height=\"21\" class=\"wp-image-3656\" style=\"width: 10px;\" src=\"http:\/\/kommentatorenblog.de\/wp-content\/uploads\/2020\/09\/shure-55sh-ii-e1601485394796.jpg\" alt=\"\" srcset=\"http:\/\/kommentatorenblog.de\/wp-content\/uploads\/2020\/09\/shure-55sh-ii-e1601485394796.jpg 415w, http:\/\/kommentatorenblog.de\/wp-content\/uploads\/2020\/09\/shure-55sh-ii-e1601485394796-142x300.jpg 142w\" sizes=\"auto, (max-width: 10px) 100vw, 10px\" \/> Marvin Kirsch<\/p>\n\n\n\n<p><span style=\"text-decoration: underline;\">Mittwoch, 26. Oktober 2022<\/span><\/p>\n\n\n\n<p><em><strong>Athletico Paranaense <em><strong>\u2013<\/strong><\/em><\/strong><\/em> <em><strong>Palmeiras (02.45 Uhr)<\/strong><\/em><\/p>\n\n\n\n<p><img loading=\"lazy\" decoding=\"async\" width=\"10\" height=\"21\" class=\"wp-image-3656\" style=\"width: 10px;\" src=\"http:\/\/kommentatorenblog.de\/wp-content\/uploads\/2020\/09\/shure-55sh-ii-e1601485394796.jpg\" alt=\"\" srcset=\"http:\/\/kommentatorenblog.de\/wp-content\/uploads\/2020\/09\/shure-55sh-ii-e1601485394796.jpg 415w, http:\/\/kommentatorenblog.de\/wp-content\/uploads\/2020\/09\/shure-55sh-ii-e1601485394796-142x300.jpg 142w\" sizes=\"auto, (max-width: 10px) 100vw, 10px\" \/> Arne Malsch<\/p>\n\n\n\n<hr class=\"wp-block-separator\"\/>\n\n\n\n<hr class=\"wp-block-separator\"\/>\n\n\n\n<p><strong>Die Analyse<\/strong><\/p>\n\n\n\n<p><strong>Prime wieder beim BVB<\/strong><\/p>\n\n\n\n<p>Einmal Prime, einmal DAZN, das ist die Aufteilung der deutschen Champions League- Partien am Dienstag.<\/p>\n\n\n\n<p>Prime k\u00fcmmert sich dabei um den BVB. Wie bereits am vierten Spieltag spielt der BVB daheim, f\u00fcr Prime bedeutet das, dass sich das Personal nur minimal \u00e4ndert. Hellmann und Friedrich bleiben Moderator und Kommentator, auch die m\u00e4nnlichen Experten bleiben gleich, lediglich Expertin Kulig kommt diese Woche nicht zum Einsatz. F\u00fcr sie \u00fcbernimmt Josephine Henning. Auf Stimmenfang gehen wieder Annika Zimmermann und Sebastian Benesch.<\/p>\n\n\n\n<p>DAZN hat das Duell von RB Leipzig gegen die K\u00f6niglichen im Angebot. Die Vorberichte starten ab 20.15 Uhr, dann melden sich Alex Schl\u00fcter und Michael Ballack aus dem Leipziger Stadion. Kommentiert wird die Partie im Einzelspiel von Uli Hebel. Michael Born \u00fcbernimmt die Partie in der Konferenz.<\/p>\n\n\n\n<p><strong>Deutsche dreier Konferenz am Mittwoch<\/strong><\/p>\n\n\n\n<p>Am Mittwoch hat DAZN dann alle drei deutschen Partien im Angebot. Da alle drei Partien um 21.00 Uhr angepfiffen werden, werden die drei Spiele neben der \u201enormalen\u201c Konferenz auch wieder in einer deutschen Konferenz zu sehen sein. Die \u00dcbertragung des Einzelspiels von Bayern im Camp Noo beginnt, wie die Leipzig- Partie am Dienstag, um 20.15 Uhr. Die Moderation \u00fcbernimmt Laura Wontorra, Experte ist Ex- Bayern- Spieler Sandro Wagner. Kommentator im Einzelspiel ist Jan Platte.<\/p>\n\n\n\n<p>In der Konferenz kommen mit Sch\u00f6nm\u00fcller (\u201enormale\u201c) und Seufert (deutsche) zwei Kommentatoren zum Einsatz, die auch f\u00fcr den BR arbeiten, besonders Seufert begleitet die Bayern hier des \u00d6fteren im Radio.<\/p>\n\n\n\n<p>Die Partien von Eintracht und Bayer starten mit weniger Vorlauf ab 20.45 Uhr,  <s>mit den<\/s> <s>Kommentatoren in den jeweiligen Stadien<\/s> jeweiligen  (nicht Kommentatoren, sorry!). Bei den beiden Spielen sind nur die Field- Reporter (nicht die Kommentatoren, sorry daf\u00fcr) im Stadion. Bei Bayer bleiben weiterhin Michael Born und Benny Lauth die Kommentatoren im Einzelspiel. Die Eintracht \u00fcbernehmen Marco Hagemann im Einzelspiel und Uli Hebel in der Konferenz. Damit tauschen die beiden, im Vergleich zum 4. Spieltag, einmal die Rollen.<\/p>\n\n\n\n<p>Auch die weiteren Spiele am Dienstag und Mittwoch werden im Einzelspiel und der Konferenz \u00fcbertragen. Dabei kommen Marcel Seufert (einmal &#8222;normale, einmal deutsche), Mario Rieker und Christoph Stadtler an beiden Tagen zu Konferenz- Eins\u00e4tzen. Andreas Renner \u00fcbernimmt dagegen zwei Einzelspiele. Tobi Fischbeck ist am Mittwoch aktuell bei Br\u00fcgge &#8211; Porto sowohl in der Konferenz und im Einzelspiel als Kommentator gelistet, sofern wir wissen, wo er schlussendlich zum Einsatz kommt, werden wir das aktualisieren.<\/p>\n\n\n\n<p><strong>Wolfsburgerinnen und M\u00fcnchnerinnen auf Reise<\/strong><\/p>\n\n\n\n<p>Neben den M\u00e4nnern spielen auch die Frauen am Mittwoch und Donnerstag Champions League, hier steht aber erst der zweite Spieltag an. Nachdem Bundesliga- Duell Wolfsburg- Bayern am Sonntag geht es f\u00fcr beide Teams nun auf Europareise. F\u00fcr die W\u00f6lfinnen geht es bereits am Mittwoch los, dann steht das Gastspiel in Prag an. Die Bayern haben einen Tag mehr Pause und treten dann am Donnerstag in Lissabon bei Benfica an.<\/p>\n\n\n\n<p>Das Personal f\u00fcr die Partien reichen wir euch nach.<\/p>\n\n\n\n<p><em>Update:<\/em> <s>Nico Seepe<\/s>Michael Seyberth wird die Partie der W\u00f6lfinnen kommentieren und erh\u00e4lt dabei Unterst\u00fctzung von EM- Expertin Omilade.<\/p>\n\n\n\n<p>Die Bayern \u00fcbernimmt am Donnerstag Christoph Fetzer<s>, zusammen mit Expertin Josephine Henning.  F\u00fcr Henning ist es damit der zweite CL- Einsatz der Woche, nachdem sie am Dienstag noch f\u00fcr Prime bei den BVB- M\u00e4nnern im Einsatz war<\/s>. <em>Update<\/em>: Fetzer wird die Partie alleine, ohne Expertin Henning kommentieren. Seyberth \u00fcbernimmt am Donnerstag zudem die Partie von Arsenal gegen Z\u00fcrich.<\/p>\n\n\n\n<p><strong>Der Sportclub bei RTL<\/strong><\/p>\n\n\n\n<p>Donnerstags steht bekanntlich die Europa und \u2013 Conference League an. Hier kommt dann Michael Born in der Konferenz f\u00fcr das Union- Spiel zu seinem dritten Einsatz innerhalb von drei Tagen. Das K\u00f6ln- Spiel in der Konferenz \u00fcbernimmt Christoph Stadtler. Das ganze Spiel vom 1.FC K\u00f6ln \u00fcbernehmen, wie bereits die vorherigen Male, Robert Hunke, zusammen mit Experte Patrick Helmes. Neben den beiden deutschen Spielen gibt es bei RTL+ noch zwei weitere Einzel- und vier Konferenzpartien, und damit mehr als zur sp\u00e4ten Ansto\u00dfzeit um 21.00 Uhr. Dann geht es f\u00fcr die RTL- Crew ins Breisgau zum SC Freiburg, welcher sich bereits f\u00fcr die K.O.-Phase qualifiziert hat.<\/p>\n\n\n\n<p>Wenig \u00fcberraschend kommentieren Marco Hagemann und Steffen Freund das Spiel f\u00fcr RTL. Bei RTL+ habt ihr noch die M\u00f6glichkeit Cornelius K\u00fcpper, oder in der Konferenz Klaus Veltman zu h\u00f6ren. Die Moderation f\u00fcr RTL aus dem Europa Park- Stadion \u00fcbernimmt Laura Papendick mit den beiden Experten Matth\u00e4us und Riedle. Im Gegensatz zur letzter Woche hat RTL nur einen Field- Reporter beim Free TV- Spiel im Einsatz: Jonas Gerdes. Die Interviews bei Union Berlin \u00fcbernimmt wieder Christoph K\u00fcppers, den Weg nach Tschechien zum Spiel des Effzehs tritt Jessica Matyschok an.<\/p>\n\n\n\n<p>Dazu hat Sportdigital noch zwei internationale Partien im Einsatz, das war es von dieser englischen Woche, am Donnerstag geht es dann weiter mit der Bundesliga.<\/p>\n\n\n\n<p><\/p>\n\n\n\n<p><\/p>\n","protected":false},"excerpt":{"rendered":"<p>Hallo zusammen, wie ihr vielleicht mitbekommen habt, wurden vor kurzem die Rechte in der 3. Liga sowie der Bundesliga der Frauen und der L\u00e4nderspiele der Frauen vergeben. Erstmals erfolgte die Vergabe dabei in getrennten Paketen. Im Folgenden findet ihr eine \u00dcbersicht \u00fcber die Rechtesituation ab der kommenden Saison: Bundesliga der Frauen Wie in Liga 3 [&hellip;]<\/p>\n","protected":false},"author":10,"featured_media":0,"comment_status":"open","ping_status":"open","sticky":false,"template":"","format":"standard","meta":{"footnotes":""},"categories":[425],"tags":[598,232,49,163,377,517,263,337,166,131,499,615,171,614,13,870,132,703,331,295,155,869,123,48,69,675,315,676,75,44,205,868,276,43,243,700,581,608,283,114,191,183,113,690,853,350,98,222,22,134,854,708,152,252,200,105,149],"class_list":["post-13945","post","type-post","status-publish","format-standard","hentry","category-champions-league-und-co","tag-adrian-geiler","tag-alexander-klich","tag-alex-schlueter","tag-alexander-kuepper","tag-andreas-renner","tag-anna-kraft","tag-arne-malsch","tag-benedikt-hoewedes","tag-benny-lauth","tag-carsten-fuss","tag-chris-putz","tag-christina-graf","tag-christoph-stadtler","tag-cornelius-kuepper","tag-dazn","tag-fabi-pavlakovic","tag-flo-hauser","tag-florian-von-stackelberg","tag-freddie-schulz","tag-freddy-harder","tag-guido-huesgen","tag-heiko-wasser-2","tag-jan-luedeke","tag-jan-platte","tag-jonas-friedrich","tag-josephine-henning","tag-julian-engelhard","tag-klaus-veltman","tag-laura-papendick","tag-laura-wontorra","tag-lukas-schoenmueller","tag-marcel-schmelzer","tag-marcel-seufert","tag-marco-hagemann","tag-mario-rieker","tag-martin-kern","tag-marvin-kirsch","tag-matthias-sammer","tag-max-gross","tag-michael-born","tag-nico-seepe","tag-oliver-forster","tag-oliver-seidler","tag-philip-konrad","tag-robert-hunke","tag-sandro-wagner","tag-sebastian-hellmann","tag-sebastian-kneissl","tag-sky","tag-sportdigital-fussball","tag-tim-hemmrich","tag-timo-latsch","tag-tobi-fischbeck","tag-tobi-wahnschaffe","tag-tom-kirsten","tag-uli-hebel","tag-uwe-morawe"],"_links":{"self":[{"href":"http:\/\/kommentatorenblog.de\/index.php?rest_route=\/wp\/v2\/posts\/13945","targetHints":{"allow":["GET"]}}],"collection":[{"href":"http:\/\/kommentatorenblog.de\/index.php?rest_route=\/wp\/v2\/posts"}],"about":[{"href":"http:\/\/kommentatorenblog.de\/index.php?rest_route=\/wp\/v2\/types\/post"}],"author":[{"embeddable":true,"href":"http:\/\/kommentatorenblog.de\/index.php?rest_route=\/wp\/v2\/users\/10"}],"replies":[{"embeddable":true,"href":"http:\/\/kommentatorenblog.de\/index.php?rest_route=%2Fwp%2Fv2%2Fcomments&post=13945"}],"version-history":[{"count":24,"href":"http:\/\/kommentatorenblog.de\/index.php?rest_route=\/wp\/v2\/posts\/13945\/revisions"}],"predecessor-version":[{"id":14069,"href":"http:\/\/kommentatorenblog.de\/index.php?rest_route=\/wp\/v2\/posts\/13945\/revisions\/14069"}],"wp:attachment":[{"href":"http:\/\/kommentatorenblog.de\/index.php?rest_route=%2Fwp%2Fv2%2Fmedia&parent=13945"}],"wp:term":[{"taxonomy":"category","embeddable":true,"href":"http:\/\/kommentatorenblog.de\/index.php?rest_route=%2Fwp%2Fv2%2Fcategories&post=13945"},{"taxonomy":"post_tag","embeddable":true,"href":"http:\/\/kommentatorenblog.de\/index.php?rest_route=%2Fwp%2Fv2%2Ftags&post=13945"}],"curies":[{"name":"wp","href":"https:\/\/api.w.org\/{rel}","templated":true}]}}