{"id":14189,"date":"2022-11-10T22:05:45","date_gmt":"2022-11-10T20:05:45","guid":{"rendered":"http:\/\/kommentatorenblog.de\/?p=14189"},"modified":"2022-11-12T15:44:40","modified_gmt":"2022-11-12T13:44:40","slug":"1297-ein-viel-zu-frueher-jahresabschluss","status":"publish","type":"post","link":"http:\/\/kommentatorenblog.de\/?p=14189","title":{"rendered":"1297 &#8211; Ein viel zu fr\u00fcher Jahresabschluss"},"content":{"rendered":"\n<p>N&#8217;Abend allerseits,<\/p>\n\n\n\n<p>der Titel sagt vermutlich schon recht viel \u00fcber meine &#8222;Gef\u00fchlswelt&#8220; aus. Der letzte Bundesligaspieltag im Kalender steht an und das dies knapp 40 Tage fr\u00fcher als sonst. Schade eigentlich, einerseits, weil sie f\u00fcr den Schwachsinn &#8211; namentlich Winter WM in Katar &#8211; gestoppt wird und andererseits, weil die momentane Saison aus meiner Sicht sehr viel Spa\u00df macht. Nur mal ein paar Zahlen, es gab erst f\u00fcnfmal in bisher 126 Spielen ein 0-0 (das letzte 0-0 ist zudem auch schon fast wieder zwei Monate her). Zudem sind 405 Tore in der bisherigen Saison ein eindeutiges Zeichen. Ca. 3,21 Tore im Spiel gab es in diesem Jahrtausend noch nie in der Bundesliga &#8211; ja ich bin mir dar\u00fcber bewusst, dass die Saison noch 20 Spieltag auf dem Buckel hat \ud83d\ude09 <\/p>\n\n\n\n<p>Doch auch neben dargelegten Fakten, auch sonst empfinde ich die Saison als sehr packend, viele enge Spiele und dazu, um mal noch mal den Bogen zum Namen dieses Blogs zu schaffen, tolle \u00dcbertragungen. Der Bundesligafreitag und Sonntag konnte in dieser Saison in neue Sph\u00e4ren vordringen. DAZN berichtet bekannterma\u00dfen bei allen Spielen mit Moderator, Experte und Kommentator aus dem Stadion und das macht einfach richtig Spa\u00df zuzuschauen. Und auch bei Sky gabs neben der immer schon tollen Konferenz tolle Additionen, sowohl am Nachmittag als auch am Abend gibts zwei Experten bzw. beim Topspiel Expertinnen und Experten. Das bringt einfach deutlich belebtere Sendungen mit sich und Erik Meijer macht mir pers\u00f6nlich auch immer Spa\u00df.<\/p>\n\n\n\n<p>Jetzt aber steht also der letzte Tanz in diesem Jahr an und f\u00fcr mich ist dies als deutlich gr\u00f6\u00dferer Sympathisant und Fan des Vereinsfussballs im Vergleich zu Spielen der Nationalmannschaften einfach sehr schade. Meine Vorfreude auf die WM h\u00e4lt sich aufgrund des Gastgebers auch in Grenzen, Lust habe ich tats\u00e4chlich nur auf die \u00dcbertragungen, rein qualitativ ist es einfach sehr gut, was ARD, ZDF und ganz besonders Magenta TV anzubieten haben. Von daher, ja, ich werde die WM verfolgen, um verschiedene Arten der Berichterstattung zu verfolgen und zu sehen. <\/p>\n\n\n\n<p>Empfehlen will ich hier jetzt einfach noch zwei Dokumentationen von <a href=\"https:\/\/www.youtube.com\/watch?v=_gJNTIXClPU\">Magenta TV<\/a> und dem <a href=\"https:\/\/www.zdf.de\/dokumentation\/zdfzeit\/zdfzeit-geheimsache-katar-100.html\">ZDF<\/a>. Abrunden m\u00f6chte ich dieses Vorwort aber mit dem wichtigsten Statement der Woche von Sky Moderator Thomas Fleischmann: Ein Riesen Lob und vollste Unterst\u00fctzung f\u00fcr dieses so wichtige Statement!<\/p>\n\n\n\n<figure class=\"wp-block-embed is-type-rich is-provider-twitter wp-block-embed-twitter\"><div class=\"wp-block-embed__wrapper\">\nhttps:\/\/twitter.com\/SkySportNews\/status\/1590346689919213568?ref_src=twsrc%5Etfw\n<\/div><\/figure>\n\n\n\n<hr class=\"wp-block-separator is-style-default\"\/>\n\n\n\n<p><strong>Die Ansetzungen vom 11. November 2022 bis 14. November 2022<\/strong><\/p>\n\n\n\n<hr class=\"wp-block-separator\"\/>\n\n\n\n<p><strong>Bundesliga, 15. Spieltag<\/strong><\/p>\n\n\n\n<p><u>Freitag, 11. November 2022, ab 19.00 Uhr (SAT.1) <\/u><span style=\"text-decoration: underline;\"><span style=\"text-decoration: underline;\">ab 19.45 Uhr (DAZN)<\/span><\/span><\/p>\n\n\n\n<p><em><strong style=\"font-style: italic;\">Borussia M\u00f6nchengladbach <strong><span><b style=\"font-style: italic;\">\u2013<\/b><\/span><\/strong><\/strong> <strong>Borussia Dortmund (20.30 Uhr)<\/strong> <\/em><\/p>\n\n\n\n<p>SAT.1: <img loading=\"lazy\" decoding=\"async\" width=\"10\" height=\"21\" class=\"wp-image-3656\" style=\"width: 10px;\" src=\"http:\/\/kommentatorenblog.de\/wp-content\/uploads\/2020\/09\/shure-55sh-ii-e1601485394796.jpg\" alt=\"\" srcset=\"http:\/\/kommentatorenblog.de\/wp-content\/uploads\/2020\/09\/shure-55sh-ii-e1601485394796.jpg 415w, http:\/\/kommentatorenblog.de\/wp-content\/uploads\/2020\/09\/shure-55sh-ii-e1601485394796-142x300.jpg 142w\" sizes=\"auto, (max-width: 10px) 100vw, 10px\" \/> Wolff Fuss, Experte: Sven Bender<\/p>\n\n\n\n<p>DAZN: <img loading=\"lazy\" decoding=\"async\" width=\"10\" height=\"21\" class=\"wp-image-3656\" style=\"width: 10px;\" src=\"http:\/\/kommentatorenblog.de\/wp-content\/uploads\/2020\/09\/shure-55sh-ii-e1601485394796.jpg\" alt=\"\" srcset=\"http:\/\/kommentatorenblog.de\/wp-content\/uploads\/2020\/09\/shure-55sh-ii-e1601485394796.jpg 415w, http:\/\/kommentatorenblog.de\/wp-content\/uploads\/2020\/09\/shure-55sh-ii-e1601485394796-142x300.jpg 142w\" sizes=\"auto, (max-width: 10px) 100vw, 10px\" \/> Jan Platte, Experte: Benny Lauth<\/p>\n\n\n\n<p>Moderation (SAT.1): Matthias Opdenh\u00f6vel, Field-Reporterin: Andrea Kaiser<\/p>\n\n\n\n<p>Moderation (DAZN): Alex Schl\u00fcter, Field-Reporter: Daniel Herzog<\/p>\n\n\n\n<p><u>Samstag, 12. November 2022, <\/u><span style=\"text-decoration: underline;\"><span style=\"text-decoration: underline;\">ab 14.00 Uhr (Sky)<\/span><\/span><\/p>\n\n\n\n<p><em><strong style=\"font-style: italic;\">SV Werder Bremen <em><strong style=\"font-style: italic;\"><strong><span><b style=\"font-style: italic;\">\u2013<\/b><\/span><\/strong><\/strong><\/em><\/strong><\/em> <em><strong style=\"font-style: italic;\">RB Leipzig<\/strong><strong> (15.30 Uhr)<\/strong><\/em> <\/p>\n\n\n\n<p><img loading=\"lazy\" decoding=\"async\" width=\"10\" height=\"21\" class=\"wp-image-3656\" style=\"width: 10px;\" src=\"http:\/\/kommentatorenblog.de\/wp-content\/uploads\/2020\/09\/shure-55sh-ii-e1601485394796.jpg\" alt=\"\" srcset=\"http:\/\/kommentatorenblog.de\/wp-content\/uploads\/2020\/09\/shure-55sh-ii-e1601485394796.jpg 415w, http:\/\/kommentatorenblog.de\/wp-content\/uploads\/2020\/09\/shure-55sh-ii-e1601485394796-142x300.jpg 142w\" sizes=\"auto, (max-width: 10px) 100vw, 10px\" \/> Marcus Lindemann (Einzelspiel), Frank Buschmann (Konferenz)<\/p>\n\n\n\n<p>Field-Reporter: Ulli Potofski<\/p>\n\n\n\n<p><em><strong style=\"font-style: italic;\">Hertha BSC <em><strong style=\"font-style: italic;\"><strong><span><b style=\"font-style: italic;\">\u2013<\/b><\/span><\/strong><\/strong><\/em> 1. FC K\u00f6ln<\/strong><strong> (15.30 Uhr)<\/strong><\/em> <\/p>\n\n\n\n<p><img loading=\"lazy\" decoding=\"async\" width=\"10\" height=\"21\" class=\"wp-image-3656\" style=\"width: 10px;\" src=\"http:\/\/kommentatorenblog.de\/wp-content\/uploads\/2020\/09\/shure-55sh-ii-e1601485394796.jpg\" alt=\"\" srcset=\"http:\/\/kommentatorenblog.de\/wp-content\/uploads\/2020\/09\/shure-55sh-ii-e1601485394796.jpg 415w, http:\/\/kommentatorenblog.de\/wp-content\/uploads\/2020\/09\/shure-55sh-ii-e1601485394796-142x300.jpg 142w\" sizes=\"auto, (max-width: 10px) 100vw, 10px\" \/> Hansi K\u00fcpper (Einzelspiel), Jonas Friedrich (Konferenz)<\/p>\n\n\n\n<p>Field-Reporter: Oliver Seidler<\/p>\n\n\n\n<p><em><strong style=\"font-style: italic;\">Bayer 04 Leverkusen <em><strong style=\"font-style: italic;\"><strong><span><b style=\"font-style: italic;\">\u2013<\/b><\/span><\/strong><\/strong><\/em> VfB Stuttgart<\/strong><strong> (15.30 Uhr)<\/strong><\/em> <\/p>\n\n\n\n<p><img loading=\"lazy\" decoding=\"async\" width=\"10\" height=\"21\" class=\"wp-image-3656\" style=\"width: 10px;\" src=\"http:\/\/kommentatorenblog.de\/wp-content\/uploads\/2020\/09\/shure-55sh-ii-e1601485394796.jpg\" alt=\"\" srcset=\"http:\/\/kommentatorenblog.de\/wp-content\/uploads\/2020\/09\/shure-55sh-ii-e1601485394796.jpg 415w, http:\/\/kommentatorenblog.de\/wp-content\/uploads\/2020\/09\/shure-55sh-ii-e1601485394796-142x300.jpg 142w\" sizes=\"auto, (max-width: 10px) 100vw, 10px\" \/> Martin Gro\u00df (Einzelspiel), Kai Dittmann (Konferenz)<\/p>\n\n\n\n<p>Field-Reporter: Riccardo Basile<\/p>\n\n\n\n<p><em><strong style=\"font-style: italic;\">TSG 1899 Hoffenheim <em><strong style=\"font-style: italic;\"><strong><span><b style=\"font-style: italic;\">\u2013<\/b><\/span><\/strong><\/strong><\/em> VfL Wolfsburg<\/strong><strong> (15.30 Uhr)<\/strong><\/em> <\/p>\n\n\n\n<p><img loading=\"lazy\" decoding=\"async\" width=\"10\" height=\"21\" class=\"wp-image-3656\" style=\"width: 10px;\" src=\"http:\/\/kommentatorenblog.de\/wp-content\/uploads\/2020\/09\/shure-55sh-ii-e1601485394796.jpg\" alt=\"\" srcset=\"http:\/\/kommentatorenblog.de\/wp-content\/uploads\/2020\/09\/shure-55sh-ii-e1601485394796.jpg 415w, http:\/\/kommentatorenblog.de\/wp-content\/uploads\/2020\/09\/shure-55sh-ii-e1601485394796-142x300.jpg 142w\" sizes=\"auto, (max-width: 10px) 100vw, 10px\" \/> Klaus Veltman (Einzelspiel), Marcel Meinert (Konferenz)<\/p>\n\n\n\n<p>Field-Reporter: Jens Westen<\/p>\n\n\n\n<p><em><strong style=\"font-style: italic;\">FC Augsburg <em><strong style=\"font-style: italic;\"><strong><span><b style=\"font-style: italic;\">\u2013<\/b><\/span><\/strong><\/strong><\/em> VfL Bochum<\/strong><strong> (15.30 Uhr)<\/strong><\/em> <\/p>\n\n\n\n<p><img loading=\"lazy\" decoding=\"async\" width=\"10\" height=\"21\" class=\"wp-image-3656\" style=\"width: 10px;\" src=\"http:\/\/kommentatorenblog.de\/wp-content\/uploads\/2020\/09\/shure-55sh-ii-e1601485394796.jpg\" alt=\"\" srcset=\"http:\/\/kommentatorenblog.de\/wp-content\/uploads\/2020\/09\/shure-55sh-ii-e1601485394796.jpg 415w, http:\/\/kommentatorenblog.de\/wp-content\/uploads\/2020\/09\/shure-55sh-ii-e1601485394796-142x300.jpg 142w\" sizes=\"auto, (max-width: 10px) 100vw, 10px\" \/> Roland Evers (Einzelspiel), Florian Schmidt-Sommerfeld (Konferenz)<\/p>\n\n\n\n<p>Field-Reporter: Katharina Kleinfeldt<\/p>\n\n\n\n<p>Moderation: Michael Leopold, Experten: Didi Hamann und Erik Meijer<\/p>\n\n\n\n<p><span style=\"text-decoration: underline;\"><span style=\"text-decoration: underline;\">ab 17.30 Uhr (Sky)<\/span><\/span><\/p>\n\n\n\n<p><strong><em>FC Schalke 04<\/em> <strong><em><span><b style=\"font-style: italic;\">\u2013<\/b><\/span><\/em><\/strong><\/strong> <em><strong>FC Bayern M\u00fcnchen (18.30 Uhr)<\/strong><\/em> <\/p>\n\n\n\n<p><img loading=\"lazy\" decoding=\"async\" width=\"10\" height=\"21\" class=\"wp-image-3656\" style=\"width: 10px;\" src=\"http:\/\/kommentatorenblog.de\/wp-content\/uploads\/2020\/09\/shure-55sh-ii-e1601485394796.jpg\" alt=\"\" srcset=\"http:\/\/kommentatorenblog.de\/wp-content\/uploads\/2020\/09\/shure-55sh-ii-e1601485394796.jpg 415w, http:\/\/kommentatorenblog.de\/wp-content\/uploads\/2020\/09\/shure-55sh-ii-e1601485394796-142x300.jpg 142w\" sizes=\"auto, (max-width: 10px) 100vw, 10px\" \/> Wolff Fuss<\/p>\n\n\n\n<p>Field-Reporter: Patrick Wasserziehr<\/p>\n\n\n\n<p>Moderation: Sebastian Hellmann, Expertinnen und Experten: Julia Simic und Lothar Matth\u00e4us<\/p>\n\n\n\n<p><u>Sonntag, 13. November 2022, <\/u><span style=\"text-decoration: underline;\"><span style=\"text-decoration: underline;\">ab 14.45 Uhr (DAZN)<\/span><\/span><\/p>\n\n\n\n<p><strong style=\"font-style: italic;\">1.FSV Mainz 05 <strong><em><span><b style=\"font-style: italic;\">\u2013<\/b><\/span><\/em><\/strong><\/strong> <em><strong>Eintracht Frankfurt (15.30 Uhr)<\/strong><\/em> <\/p>\n\n\n\n<p><img loading=\"lazy\" decoding=\"async\" width=\"10\" height=\"21\" class=\"wp-image-3656\" style=\"width: 10px;\" src=\"http:\/\/kommentatorenblog.de\/wp-content\/uploads\/2020\/09\/shure-55sh-ii-e1601485394796.jpg\" alt=\"\" srcset=\"http:\/\/kommentatorenblog.de\/wp-content\/uploads\/2020\/09\/shure-55sh-ii-e1601485394796.jpg 415w, http:\/\/kommentatorenblog.de\/wp-content\/uploads\/2020\/09\/shure-55sh-ii-e1601485394796-142x300.jpg 142w\" sizes=\"auto, (max-width: 10px) 100vw, 10px\" \/> Michael Born, Experte: Sebastian Knei\u00dfl<\/p>\n\n\n\n<p>Moderation: Max Siebald<\/p>\n\n\n\n<p><span style=\"text-decoration: underline;\"><span style=\"text-decoration: underline;\">ab 16.45 Uhr (DAZN)<\/span><\/span><\/p>\n\n\n\n<p><strong style=\"font-style: italic;\"><em>SC Freiburg<\/em> <strong><em><span><b style=\"font-style: italic;\">\u2013<\/b><\/span><\/em><\/strong><\/strong> <em><strong>1.FC Union Berlin (17.30 Uhr)<\/strong><\/em> <\/p>\n\n\n\n<p><img loading=\"lazy\" decoding=\"async\" width=\"10\" height=\"21\" class=\"wp-image-3656\" style=\"width: 10px;\" src=\"http:\/\/kommentatorenblog.de\/wp-content\/uploads\/2020\/09\/shure-55sh-ii-e1601485394796.jpg\" alt=\"\" srcset=\"http:\/\/kommentatorenblog.de\/wp-content\/uploads\/2020\/09\/shure-55sh-ii-e1601485394796.jpg 415w, http:\/\/kommentatorenblog.de\/wp-content\/uploads\/2020\/09\/shure-55sh-ii-e1601485394796-142x300.jpg 142w\" sizes=\"auto, (max-width: 10px) 100vw, 10px\" \/> Freddy Harder, Experte: Sascha Bigalke<\/p>\n\n\n\n<p>Moderation: Tobi Wahnschaffe, Field-Reporter: Tom Kirsten<\/p>\n\n\n\n<hr class=\"wp-block-separator is-style-default\"\/>\n\n\n\n<p><strong>2. Bundesliga, 17. Spieltag<\/strong><\/p>\n\n\n\n<p><u>Freitag, 11. November 2022, <\/u><span style=\"text-decoration: underline;\"><span style=\"text-decoration: underline;\">ab 18.00 Uhr (Sky)<\/span><\/span><\/p>\n\n\n\n<p><strong><em>Konferenz: <\/em><\/strong><img loading=\"lazy\" decoding=\"async\" width=\"10\" height=\"21\" class=\"wp-image-3656\" style=\"width: 10px;\" src=\"http:\/\/kommentatorenblog.de\/wp-content\/uploads\/2020\/09\/shure-55sh-ii-e1601485394796.jpg\" alt=\"\" srcset=\"http:\/\/kommentatorenblog.de\/wp-content\/uploads\/2020\/09\/shure-55sh-ii-e1601485394796.jpg 415w, http:\/\/kommentatorenblog.de\/wp-content\/uploads\/2020\/09\/shure-55sh-ii-e1601485394796-142x300.jpg 142w\" sizes=\"auto, (max-width: 10px) 100vw, 10px\" \/> Hannes Herrmann (Fokus auf F95-FCK)<\/p>\n\n\n\n<p><strong style=\"font-style: italic;\">Fortuna D\u00fcsseldorf &#8211; 1. FC Kaiserslautern<\/strong><em><strong> (18.30 Uhr)<\/strong><\/em> <\/p>\n\n\n\n<p><img loading=\"lazy\" decoding=\"async\" width=\"10\" height=\"21\" class=\"wp-image-3656\" style=\"width: 10px;\" src=\"http:\/\/kommentatorenblog.de\/wp-content\/uploads\/2020\/09\/shure-55sh-ii-e1601485394796.jpg\" alt=\"\" srcset=\"http:\/\/kommentatorenblog.de\/wp-content\/uploads\/2020\/09\/shure-55sh-ii-e1601485394796.jpg 415w, http:\/\/kommentatorenblog.de\/wp-content\/uploads\/2020\/09\/shure-55sh-ii-e1601485394796-142x300.jpg 142w\" sizes=\"auto, (max-width: 10px) 100vw, 10px\" \/> Oliver Seidler, Field-Reporter: Marlon Irlbacher<\/p>\n\n\n\n<p><strong style=\"font-style: italic;\">Holstein Kiel &#8211; Hannover 96<\/strong><em><strong> (18.30 Uhr)<\/strong><\/em> <\/p>\n\n\n\n<p><img loading=\"lazy\" decoding=\"async\" width=\"10\" height=\"21\" class=\"wp-image-3656\" style=\"width: 10px;\" src=\"http:\/\/kommentatorenblog.de\/wp-content\/uploads\/2020\/09\/shure-55sh-ii-e1601485394796.jpg\" alt=\"\" srcset=\"http:\/\/kommentatorenblog.de\/wp-content\/uploads\/2020\/09\/shure-55sh-ii-e1601485394796.jpg 415w, http:\/\/kommentatorenblog.de\/wp-content\/uploads\/2020\/09\/shure-55sh-ii-e1601485394796-142x300.jpg 142w\" sizes=\"auto, (max-width: 10px) 100vw, 10px\" \/> J\u00fcrgen Schmitz, Interviews: Schalte<\/p>\n\n\n\n<p>Moderation: Katharina Kleinfeldt<\/p>\n\n\n\n<p><u>Samstag, 12. November 2022, <\/u><span style=\"text-decoration: underline;\"><span style=\"text-decoration: underline;\">ab 12.30 Uhr (Sky)<\/span><\/span><\/p>\n\n\n\n<p><strong><em>Konferenz: <\/em><\/strong><img loading=\"lazy\" decoding=\"async\" width=\"10\" height=\"21\" class=\"wp-image-3656\" style=\"width: 10px;\" src=\"http:\/\/kommentatorenblog.de\/wp-content\/uploads\/2020\/09\/shure-55sh-ii-e1601485394796.jpg\" alt=\"\" srcset=\"http:\/\/kommentatorenblog.de\/wp-content\/uploads\/2020\/09\/shure-55sh-ii-e1601485394796.jpg 415w, http:\/\/kommentatorenblog.de\/wp-content\/uploads\/2020\/09\/shure-55sh-ii-e1601485394796-142x300.jpg 142w\" sizes=\"auto, (max-width: 10px) 100vw, 10px\" \/> Markus Gaupp (Fokus auf HSV-SVS)<\/p>\n\n\n\n<p><strong style=\"font-style: italic;\"><em>Hamburger SV \u2013 SV Sandhausen<\/em><\/strong><em><strong> (13.00 Uhr)<\/strong><\/em> <\/p>\n\n\n\n<p><img loading=\"lazy\" decoding=\"async\" width=\"10\" height=\"21\" class=\"wp-image-3656\" style=\"width: 10px;\" src=\"http:\/\/kommentatorenblog.de\/wp-content\/uploads\/2020\/09\/shure-55sh-ii-e1601485394796.jpg\" alt=\"\" srcset=\"http:\/\/kommentatorenblog.de\/wp-content\/uploads\/2020\/09\/shure-55sh-ii-e1601485394796.jpg 415w, http:\/\/kommentatorenblog.de\/wp-content\/uploads\/2020\/09\/shure-55sh-ii-e1601485394796-142x300.jpg 142w\" sizes=\"auto, (max-width: 10px) 100vw, 10px\" \/> J\u00fcrgen Schmitz, Field-Reporter: Marcus J\u00fcrgensen<\/p>\n\n\n\n<p><strong style=\"font-style: italic;\"><em>Karlsruher SC \u2013 FC St.Pauli<\/em><\/strong><em><strong> (13.00 Uhr)<\/strong><\/em> <\/p>\n\n\n\n<p><img loading=\"lazy\" decoding=\"async\" width=\"10\" height=\"21\" class=\"wp-image-3656\" style=\"width: 10px;\" src=\"http:\/\/kommentatorenblog.de\/wp-content\/uploads\/2020\/09\/shure-55sh-ii-e1601485394796.jpg\" alt=\"\" srcset=\"http:\/\/kommentatorenblog.de\/wp-content\/uploads\/2020\/09\/shure-55sh-ii-e1601485394796.jpg 415w, http:\/\/kommentatorenblog.de\/wp-content\/uploads\/2020\/09\/shure-55sh-ii-e1601485394796-142x300.jpg 142w\" sizes=\"auto, (max-width: 10px) 100vw, 10px\" \/> Markus G\u00f6tz, Interviews: Schalte<\/p>\n\n\n\n<p><strong style=\"font-style: italic;\"><em>1.FC Heidenheim \u2013 SSV Jahn Regensburg<\/em><\/strong><em><strong> (13.00 Uhr)<\/strong><\/em> <\/p>\n\n\n\n<p><img loading=\"lazy\" decoding=\"async\" width=\"10\" height=\"21\" class=\"wp-image-3656\" style=\"width: 10px;\" src=\"http:\/\/kommentatorenblog.de\/wp-content\/uploads\/2020\/09\/shure-55sh-ii-e1601485394796.jpg\" alt=\"\" srcset=\"http:\/\/kommentatorenblog.de\/wp-content\/uploads\/2020\/09\/shure-55sh-ii-e1601485394796.jpg 415w, http:\/\/kommentatorenblog.de\/wp-content\/uploads\/2020\/09\/shure-55sh-ii-e1601485394796-142x300.jpg 142w\" sizes=\"auto, (max-width: 10px) 100vw, 10px\" \/> Torsten Kunde<\/p>\n\n\n\n<p>Moderation: Hartmut von Kameke<\/p>\n\n\n\n<p><span style=\"text-decoration: underline;\"><span style=\"text-decoration: underline;\">ab 19.30 Uhr (Sport1) bzw. ab 20.00 Uhr (Sky)<\/span><\/span><\/p>\n\n\n\n<p><strong><em><b style=\"font-style: italic;\">Eintracht Braunschweig <\/b><span style=\"\"><b style=\"font-style: italic; font-weight: bold;\">\u2013<\/b><\/span> Hansa Rostock (20.30 Uhr) <\/em><\/strong><\/p>\n\n\n\n<p>Sport1: <img loading=\"lazy\" decoding=\"async\" width=\"10\" height=\"21\" class=\"wp-image-3656\" style=\"width: 10px;\" src=\"http:\/\/kommentatorenblog.de\/wp-content\/uploads\/2020\/09\/shure-55sh-ii-e1601485394796.jpg\" alt=\"\" srcset=\"http:\/\/kommentatorenblog.de\/wp-content\/uploads\/2020\/09\/shure-55sh-ii-e1601485394796.jpg 415w, http:\/\/kommentatorenblog.de\/wp-content\/uploads\/2020\/09\/shure-55sh-ii-e1601485394796-142x300.jpg 142w\" sizes=\"auto, (max-width: 10px) 100vw, 10px\" \/> Oliver Forster, Experte: Felix Kroos<\/p>\n\n\n\n<p>Moderation (Sport1): Ruth Hofmann, Field-Reporter: Niclas L\u00f6wendorf<\/p>\n\n\n\n<p>Sky: <img loading=\"lazy\" decoding=\"async\" width=\"10\" height=\"21\" class=\"wp-image-3656\" style=\"width: 10px;\" src=\"http:\/\/kommentatorenblog.de\/wp-content\/uploads\/2020\/09\/shure-55sh-ii-e1601485394796.jpg\" alt=\"\" srcset=\"http:\/\/kommentatorenblog.de\/wp-content\/uploads\/2020\/09\/shure-55sh-ii-e1601485394796.jpg 415w, http:\/\/kommentatorenblog.de\/wp-content\/uploads\/2020\/09\/shure-55sh-ii-e1601485394796-142x300.jpg 142w\" sizes=\"auto, (max-width: 10px) 100vw, 10px\" \/> Stefan Hempel, Experte: Torsten Mattuschka<\/p>\n\n\n\n<p><u>Sonntag, 13. November 2022, <\/u><span style=\"text-decoration: underline;\"><span style=\"text-decoration: underline;\">ab 13.00 Uhr (Sky)<\/span><\/span><\/p>\n\n\n\n<p><strong><em>Konferenz: <\/em><\/strong><img loading=\"lazy\" decoding=\"async\" width=\"10\" height=\"21\" class=\"wp-image-3656\" style=\"width: 10px;\" src=\"http:\/\/kommentatorenblog.de\/wp-content\/uploads\/2020\/09\/shure-55sh-ii-e1601485394796.jpg\" alt=\"\" srcset=\"http:\/\/kommentatorenblog.de\/wp-content\/uploads\/2020\/09\/shure-55sh-ii-e1601485394796.jpg 415w, http:\/\/kommentatorenblog.de\/wp-content\/uploads\/2020\/09\/shure-55sh-ii-e1601485394796-142x300.jpg 142w\" sizes=\"auto, (max-width: 10px) 100vw, 10px\" \/> Markus Gaupp (Fokus auf FCN-SCP)<\/p>\n\n\n\n<p><strong style=\"font-style: italic;\"><em><strong>1. FC&nbsp;N\u00fcrnberg \u2013&nbsp;SC Paderborn<\/strong><\/em><\/strong> <em><strong>(13.30 Uhr)<\/strong><\/em><\/p>\n\n\n\n<p><img loading=\"lazy\" decoding=\"async\" width=\"10\" height=\"21\" class=\"wp-image-3656\" style=\"width: 10px;\" src=\"http:\/\/kommentatorenblog.de\/wp-content\/uploads\/2020\/09\/shure-55sh-ii-e1601485394796.jpg\" alt=\"\" srcset=\"http:\/\/kommentatorenblog.de\/wp-content\/uploads\/2020\/09\/shure-55sh-ii-e1601485394796.jpg 415w, http:\/\/kommentatorenblog.de\/wp-content\/uploads\/2020\/09\/shure-55sh-ii-e1601485394796-142x300.jpg 142w\" sizes=\"auto, (max-width: 10px) 100vw, 10px\" \/> Torsten Kunde, Field-Reporter: Christian Akber-Sade<\/p>\n\n\n\n<p><strong style=\"font-style: italic;\"><em><strong>SV Darmstadt 98 \u2013 SpVgg Greuther F\u00fcrth<\/strong><\/em><\/strong> <em><strong>(13.30 Uhr)<\/strong><\/em><\/p>\n\n\n\n<p><img loading=\"lazy\" decoding=\"async\" width=\"10\" height=\"21\" class=\"wp-image-3656\" style=\"width: 10px;\" src=\"http:\/\/kommentatorenblog.de\/wp-content\/uploads\/2020\/09\/shure-55sh-ii-e1601485394796.jpg\" alt=\"\" srcset=\"http:\/\/kommentatorenblog.de\/wp-content\/uploads\/2020\/09\/shure-55sh-ii-e1601485394796.jpg 415w, http:\/\/kommentatorenblog.de\/wp-content\/uploads\/2020\/09\/shure-55sh-ii-e1601485394796-142x300.jpg 142w\" sizes=\"auto, (max-width: 10px) 100vw, 10px\" \/> Joachim Hebel<\/p>\n\n\n\n<p><strong style=\"font-style: italic;\"><em><strong>Arminia Bielefeld \u2013&nbsp;1.FC Magdeburg<\/strong><\/em><\/strong> <em><strong>(13.30 Uhr)<\/strong><\/em><\/p>\n\n\n\n<p><img loading=\"lazy\" decoding=\"async\" width=\"10\" height=\"21\" class=\"wp-image-3656\" style=\"width: 10px;\" src=\"http:\/\/kommentatorenblog.de\/wp-content\/uploads\/2020\/09\/shure-55sh-ii-e1601485394796.jpg\" alt=\"\" srcset=\"http:\/\/kommentatorenblog.de\/wp-content\/uploads\/2020\/09\/shure-55sh-ii-e1601485394796.jpg 415w, http:\/\/kommentatorenblog.de\/wp-content\/uploads\/2020\/09\/shure-55sh-ii-e1601485394796-142x300.jpg 142w\" sizes=\"auto, (max-width: 10px) 100vw, 10px\" \/> Sven Schr\u00f6ter, Interviews: Schalte<\/p>\n\n\n\n<p>Moderation: Yannick Erkenbrecher<\/p>\n\n\n\n<hr class=\"wp-block-separator is-style-default\"\/>\n\n\n\n<p><strong>3. Liga, 17. Spieltag<\/strong><\/p>\n\n\n\n<p><u>Freitag, 11. November 2022, <\/u><span style=\"text-decoration: underline;\"><span style=\"text-decoration: underline;\">ab 18.30 Uhr (Magenta Sport)<\/span><\/span><\/p>\n\n\n\n<p><em><strong style=\"font-style: italic;\">Borussia Dortmund II <strong><span><b style=\"font-style: italic;\">\u2013<\/b><\/span><\/strong><\/strong> <strong><strong style=\"font-style: italic;\">FC Erzgebirge Aue<\/strong> (19.00 Uhr)<\/strong> <\/em><\/p>\n\n\n\n<p><img loading=\"lazy\" decoding=\"async\" width=\"10\" height=\"21\" class=\"wp-image-3656\" style=\"width: 10px;\" src=\"http:\/\/kommentatorenblog.de\/wp-content\/uploads\/2020\/09\/shure-55sh-ii-e1601485394796.jpg\" alt=\"\" srcset=\"http:\/\/kommentatorenblog.de\/wp-content\/uploads\/2020\/09\/shure-55sh-ii-e1601485394796.jpg 415w, http:\/\/kommentatorenblog.de\/wp-content\/uploads\/2020\/09\/shure-55sh-ii-e1601485394796-142x300.jpg 142w\" sizes=\"auto, (max-width: 10px) 100vw, 10px\" \/> Philip Konrad<\/p>\n\n\n\n<p>Moderation: Gari Paubandt, Experte: Daniel Flottmann<\/p>\n\n\n\n<p><u>Samstag, 12. November 2022, <\/u><span style=\"text-decoration: underline;\"><span style=\"text-decoration: underline;\">ab 13.45 Uhr (Magenta Sport)<\/span><\/span><\/p>\n\n\n\n<p><strong><em>Konferenz (14.00Uhr)<\/em><\/strong><\/p>\n\n\n\n<p><img loading=\"lazy\" decoding=\"async\" width=\"10\" height=\"21\" class=\"wp-image-3656\" style=\"width: 10px;\" src=\"http:\/\/kommentatorenblog.de\/wp-content\/uploads\/2020\/09\/shure-55sh-ii-e1601485394796.jpg\" alt=\"\" srcset=\"http:\/\/kommentatorenblog.de\/wp-content\/uploads\/2020\/09\/shure-55sh-ii-e1601485394796.jpg 415w, http:\/\/kommentatorenblog.de\/wp-content\/uploads\/2020\/09\/shure-55sh-ii-e1601485394796-142x300.jpg 142w\" sizes=\"auto, (max-width: 10px) 100vw, 10px\" \/> Christian Stra\u00dfburger, Experte: Steven Ruprecht<\/p>\n\n\n\n<p><strong style=\"font-style: italic;\"><em><strong>Hallescher FC<\/strong><\/em> <strong><em><span><b style=\"font-style: italic;\">\u2013<\/b><\/span><\/em><\/strong><\/strong> <em><strong>1.FC Saarbr\u00fccken (14.00 Uhr)<\/strong><\/em> <\/p>\n\n\n\n<p><img loading=\"lazy\" decoding=\"async\" width=\"10\" height=\"21\" class=\"wp-image-3656\" style=\"width: 10px;\" src=\"http:\/\/kommentatorenblog.de\/wp-content\/uploads\/2020\/09\/shure-55sh-ii-e1601485394796.jpg\" alt=\"\" srcset=\"http:\/\/kommentatorenblog.de\/wp-content\/uploads\/2020\/09\/shure-55sh-ii-e1601485394796.jpg 415w, http:\/\/kommentatorenblog.de\/wp-content\/uploads\/2020\/09\/shure-55sh-ii-e1601485394796-142x300.jpg 142w\" sizes=\"auto, (max-width: 10px) 100vw, 10px\" \/> Martin Piller<\/p>\n\n\n\n<p>Moderation: Alexander K\u00fcpper<\/p>\n\n\n\n<p><strong style=\"font-style: italic;\"><em><strong>MSV Duisburg<\/strong><\/em> <strong><em><span><b style=\"font-style: italic;\">\u2013<\/b><\/span><\/em><\/strong><\/strong> <em><strong>FC Ingolstadt 04 (14.00 Uhr)<\/strong><\/em> <\/p>\n\n\n\n<p><img loading=\"lazy\" decoding=\"async\" width=\"10\" height=\"21\" class=\"wp-image-3656\" style=\"width: 10px;\" src=\"http:\/\/kommentatorenblog.de\/wp-content\/uploads\/2020\/09\/shure-55sh-ii-e1601485394796.jpg\" alt=\"\" srcset=\"http:\/\/kommentatorenblog.de\/wp-content\/uploads\/2020\/09\/shure-55sh-ii-e1601485394796.jpg 415w, http:\/\/kommentatorenblog.de\/wp-content\/uploads\/2020\/09\/shure-55sh-ii-e1601485394796-142x300.jpg 142w\" sizes=\"auto, (max-width: 10px) 100vw, 10px\" \/> Markus H\u00f6hner<\/p>\n\n\n\n<p>Moderation: Tobi Sch\u00e4fer<\/p>\n\n\n\n<p><strong style=\"font-style: italic;\"><em>SC Verl<\/em> <strong><em><span><b style=\"font-style: italic;\">\u2013<\/b><\/span><\/em><\/strong><\/strong> <em><strong>SV Wehen Wiesbaden (14.00 Uhr)<\/strong><\/em> <\/p>\n\n\n\n<p><img loading=\"lazy\" decoding=\"async\" width=\"10\" height=\"21\" class=\"wp-image-3656\" style=\"width: 10px;\" src=\"http:\/\/kommentatorenblog.de\/wp-content\/uploads\/2020\/09\/shure-55sh-ii-e1601485394796.jpg\" alt=\"\" srcset=\"http:\/\/kommentatorenblog.de\/wp-content\/uploads\/2020\/09\/shure-55sh-ii-e1601485394796.jpg 415w, http:\/\/kommentatorenblog.de\/wp-content\/uploads\/2020\/09\/shure-55sh-ii-e1601485394796-142x300.jpg 142w\" sizes=\"auto, (max-width: 10px) 100vw, 10px\" \/> Mike M\u00fcnkel<\/p>\n\n\n\n<p>Moderation: Michael Augustin<\/p>\n\n\n\n<p><strong style=\"font-style: italic;\"><em><strong>SV Elversberg<\/strong><\/em> <strong><em><span><b style=\"font-style: italic;\">\u2013<\/b><\/span><\/em><\/strong><\/strong> <em><strong>SC Freiburg II (14.00 Uhr)<\/strong><\/em> <\/p>\n\n\n\n<p><img loading=\"lazy\" decoding=\"async\" width=\"10\" height=\"21\" class=\"wp-image-3656\" style=\"width: 10px;\" src=\"http:\/\/kommentatorenblog.de\/wp-content\/uploads\/2020\/09\/shure-55sh-ii-e1601485394796.jpg\" alt=\"\" srcset=\"http:\/\/kommentatorenblog.de\/wp-content\/uploads\/2020\/09\/shure-55sh-ii-e1601485394796.jpg 415w, http:\/\/kommentatorenblog.de\/wp-content\/uploads\/2020\/09\/shure-55sh-ii-e1601485394796-142x300.jpg 142w\" sizes=\"auto, (max-width: 10px) 100vw, 10px\" \/> Mario Bast<\/p>\n\n\n\n<p>Moderation: Kevin Gerwin<\/p>\n\n\n\n<p><span style=\"text-decoration: underline;\"><span style=\"text-decoration: underline;\">ab 13.45 Uhr (Magenta Sport)<\/span> bzw. ab 14.00 Uhr (BR\/SWR)<\/span><\/p>\n\n\n\n<p><em><strong>Dynamo Dresden <span><b style=\"font-style: italic;\">\u2013<\/b><\/span> FSV Zwickau (14.00 Uhr) <\/strong><\/em><\/p>\n\n\n\n<p>Magenta Sport: <img loading=\"lazy\" decoding=\"async\" width=\"10\" height=\"21\" class=\"wp-image-3656\" style=\"width: 10px;\" src=\"http:\/\/kommentatorenblog.de\/wp-content\/uploads\/2020\/09\/shure-55sh-ii-e1601485394796.jpg\" alt=\"\" srcset=\"http:\/\/kommentatorenblog.de\/wp-content\/uploads\/2020\/09\/shure-55sh-ii-e1601485394796.jpg 415w, http:\/\/kommentatorenblog.de\/wp-content\/uploads\/2020\/09\/shure-55sh-ii-e1601485394796-142x300.jpg 142w\" sizes=\"auto, (max-width: 10px) 100vw, 10px\" \/> Lenny Leonhardt<\/p>\n\n\n\n<p>MDR: <img loading=\"lazy\" decoding=\"async\" width=\"10\" height=\"21\" class=\"wp-image-3656\" style=\"width: 10px;\" src=\"http:\/\/kommentatorenblog.de\/wp-content\/uploads\/2020\/09\/shure-55sh-ii-e1601485394796.jpg\" alt=\"\" srcset=\"http:\/\/kommentatorenblog.de\/wp-content\/uploads\/2020\/09\/shure-55sh-ii-e1601485394796.jpg 415w, http:\/\/kommentatorenblog.de\/wp-content\/uploads\/2020\/09\/shure-55sh-ii-e1601485394796-142x300.jpg 142w\" sizes=\"auto, (max-width: 10px) 100vw, 10px\" \/> <\/p>\n\n\n\n<p>Moderation (Magenta Sport): Stefanie Blochwitz<\/p>\n\n\n\n<p>Moderation (MDR): <\/p>\n\n\n\n<p><em><strong style=\"font-style: italic;\">SV Meppen <strong><span><b style=\"font-style: italic;\">\u2013<\/b><\/span><\/strong><\/strong> <strong>VfL Osnabr\u00fcck (14.00 Uhr)<\/strong> <\/em><\/p>\n\n\n\n<p>Magenta Sport: <img loading=\"lazy\" decoding=\"async\" width=\"10\" height=\"21\" class=\"wp-image-3656\" style=\"width: 10px;\" src=\"http:\/\/kommentatorenblog.de\/wp-content\/uploads\/2020\/09\/shure-55sh-ii-e1601485394796.jpg\" alt=\"\" srcset=\"http:\/\/kommentatorenblog.de\/wp-content\/uploads\/2020\/09\/shure-55sh-ii-e1601485394796.jpg 415w, http:\/\/kommentatorenblog.de\/wp-content\/uploads\/2020\/09\/shure-55sh-ii-e1601485394796-142x300.jpg 142w\" sizes=\"auto, (max-width: 10px) 100vw, 10px\" \/> Julian Engelhard<\/p>\n\n\n\n<p>NDR: <img loading=\"lazy\" decoding=\"async\" width=\"10\" height=\"21\" class=\"wp-image-3656\" style=\"width: 10px;\" src=\"http:\/\/kommentatorenblog.de\/wp-content\/uploads\/2020\/09\/shure-55sh-ii-e1601485394796.jpg\" alt=\"\" srcset=\"http:\/\/kommentatorenblog.de\/wp-content\/uploads\/2020\/09\/shure-55sh-ii-e1601485394796.jpg 415w, http:\/\/kommentatorenblog.de\/wp-content\/uploads\/2020\/09\/shure-55sh-ii-e1601485394796-142x300.jpg 142w\" sizes=\"auto, (max-width: 10px) 100vw, 10px\" \/> <\/p>\n\n\n\n<p>Moderation (Magenta Sport): Kamila Benschop<\/p>\n\n\n\n<p>Moderation (NDR): <\/p>\n\n\n\n<p><u>Sonntag, 13. November 2022, <\/u><span style=\"text-decoration: underline;\"><span style=\"text-decoration: underline;\">ab 12.45 Uhr (Magenta Sport)<\/span><\/span><\/p>\n\n\n\n<p><strong><em>VfB Oldenburg <span><b style=\"font-style: italic;\">\u2013<\/b><\/span> SV Waldhof Mannheim (13.00 Uhr) <\/em><\/strong><\/p>\n\n\n\n<p><img loading=\"lazy\" decoding=\"async\" width=\"10\" height=\"21\" class=\"wp-image-3656\" style=\"width: 10px;\" src=\"http:\/\/kommentatorenblog.de\/wp-content\/uploads\/2020\/09\/shure-55sh-ii-e1601485394796.jpg\" alt=\"\" srcset=\"http:\/\/kommentatorenblog.de\/wp-content\/uploads\/2020\/09\/shure-55sh-ii-e1601485394796.jpg 415w, http:\/\/kommentatorenblog.de\/wp-content\/uploads\/2020\/09\/shure-55sh-ii-e1601485394796-142x300.jpg 142w\" sizes=\"auto, (max-width: 10px) 100vw, 10px\" \/> Michael Augustin<\/p>\n\n\n\n<p>Moderation: Holger Speckhahn<\/p>\n\n\n\n<p><span style=\"text-decoration: underline;\"><span style=\"text-decoration: underline;\">ab 13.45 Uhr (Magenta Sport)<\/span><\/span><\/p>\n\n\n\n<p><em><strong>FC Viktoria K\u00f6ln <span><b style=\"font-style: italic;\">\u2013<\/b><\/span> SpVgg Bayreuth (14.00 Uhr) <\/strong><\/em><\/p>\n\n\n\n<p><img loading=\"lazy\" decoding=\"async\" width=\"10\" height=\"21\" class=\"wp-image-3656\" style=\"width: 10px;\" src=\"http:\/\/kommentatorenblog.de\/wp-content\/uploads\/2020\/09\/shure-55sh-ii-e1601485394796.jpg\" alt=\"\" srcset=\"http:\/\/kommentatorenblog.de\/wp-content\/uploads\/2020\/09\/shure-55sh-ii-e1601485394796.jpg 415w, http:\/\/kommentatorenblog.de\/wp-content\/uploads\/2020\/09\/shure-55sh-ii-e1601485394796-142x300.jpg 142w\" sizes=\"auto, (max-width: 10px) 100vw, 10px\" \/> Christian Stra\u00dfburger<\/p>\n\n\n\n<p>Moderation: Konstantin Klostermann<\/p>\n\n\n\n<p><u>Montag, 14. November 2022, <\/u><span style=\"text-decoration: underline;\"><span style=\"text-decoration: underline;\">ab 18.30 Uhr (Magenta Sport)<\/span><\/span><\/p>\n\n\n\n<p><em><strong>TSV 1860 M\u00fcnchen <span><b style=\"font-style: italic;\">\u2013<\/b><\/span> RW Essen (19.00 Uhr) <\/strong><\/em><\/p>\n\n\n\n<p><img loading=\"lazy\" decoding=\"async\" width=\"10\" height=\"21\" class=\"wp-image-3656\" style=\"width: 10px;\" src=\"http:\/\/kommentatorenblog.de\/wp-content\/uploads\/2020\/09\/shure-55sh-ii-e1601485394796.jpg\" alt=\"\" srcset=\"http:\/\/kommentatorenblog.de\/wp-content\/uploads\/2020\/09\/shure-55sh-ii-e1601485394796.jpg 415w, http:\/\/kommentatorenblog.de\/wp-content\/uploads\/2020\/09\/shure-55sh-ii-e1601485394796-142x300.jpg 142w\" sizes=\"auto, (max-width: 10px) 100vw, 10px\" \/> Franz B\u00fcchner<\/p>\n\n\n\n<p>Moderation: Sascha Bandermann, Experte: Sascha M\u00f6lders<\/p>\n\n\n\n<hr class=\"wp-block-separator is-style-default\"\/>\n\n\n\n<p><strong>Premier League, 16.Spieltag (Sky)<\/strong><\/p>\n\n\n\n<p><u>Samstag, 12. November 2022, <\/u><span style=\"text-decoration: underline;\"><span style=\"text-decoration: underline;\">ab 13.20 Uhr<\/span><\/span><\/p>\n\n\n\n<p><em><strong style=\"font-style: italic;\">Manchester City \u2013&nbsp;FC Brentford<\/strong><strong> (13.30 Uhr)<\/strong> <\/em><\/p>\n\n\n\n<p><img loading=\"lazy\" decoding=\"async\" width=\"10\" height=\"21\" class=\"wp-image-3656\" style=\"width: 10px;\" src=\"http:\/\/kommentatorenblog.de\/wp-content\/uploads\/2020\/09\/shure-55sh-ii-e1601485394796.jpg\" alt=\"\" srcset=\"http:\/\/kommentatorenblog.de\/wp-content\/uploads\/2020\/09\/shure-55sh-ii-e1601485394796.jpg 415w, http:\/\/kommentatorenblog.de\/wp-content\/uploads\/2020\/09\/shure-55sh-ii-e1601485394796-142x300.jpg 142w\" sizes=\"auto, (max-width: 10px) 100vw, 10px\" \/> Hannes Herrmann<\/p>\n\n\n\n<p><span style=\"text-decoration: underline;\"><span style=\"text-decoration: underline;\">ab 15.50 Uhr<\/span><\/span><\/p>\n\n\n\n<p><strong><em>FC Liverpool \u2013&nbsp;FC Southampton (16.00 Uhr) <\/em><\/strong><\/p>\n\n\n\n<p><img loading=\"lazy\" decoding=\"async\" width=\"10\" height=\"21\" class=\"wp-image-3656\" style=\"width: 10px;\" src=\"http:\/\/kommentatorenblog.de\/wp-content\/uploads\/2020\/09\/shure-55sh-ii-e1601485394796.jpg\" alt=\"\" srcset=\"http:\/\/kommentatorenblog.de\/wp-content\/uploads\/2020\/09\/shure-55sh-ii-e1601485394796.jpg 415w, http:\/\/kommentatorenblog.de\/wp-content\/uploads\/2020\/09\/shure-55sh-ii-e1601485394796-142x300.jpg 142w\" sizes=\"auto, (max-width: 10px) 100vw, 10px\" \/> Uli Hebel<\/p>\n\n\n\n<p><em><strong style=\"font-style: italic;\">Tottenham Hotspur \u2013 Leeds United<\/strong> <strong>(16.00 Uhr)<\/strong> <\/em><\/p>\n\n\n\n<p><img loading=\"lazy\" decoding=\"async\" width=\"10\" height=\"21\" class=\"wp-image-3656\" style=\"width: 10px;\" src=\"http:\/\/kommentatorenblog.de\/wp-content\/uploads\/2020\/09\/shure-55sh-ii-e1601485394796.jpg\" alt=\"\" srcset=\"http:\/\/kommentatorenblog.de\/wp-content\/uploads\/2020\/09\/shure-55sh-ii-e1601485394796.jpg 415w, http:\/\/kommentatorenblog.de\/wp-content\/uploads\/2020\/09\/shure-55sh-ii-e1601485394796-142x300.jpg 142w\" sizes=\"auto, (max-width: 10px) 100vw, 10px\" \/> Sven Schr\u00f6ter<\/p>\n\n\n\n<p><em><strong>West Ham United \u2013 Leicester City (16.00 Uhr) <\/strong><\/em><\/p>\n\n\n\n<p><img loading=\"lazy\" decoding=\"async\" width=\"10\" height=\"21\" class=\"wp-image-3656\" style=\"width: 10px;\" src=\"http:\/\/kommentatorenblog.de\/wp-content\/uploads\/2020\/09\/shure-55sh-ii-e1601485394796.jpg\" alt=\"\" srcset=\"http:\/\/kommentatorenblog.de\/wp-content\/uploads\/2020\/09\/shure-55sh-ii-e1601485394796.jpg 415w, http:\/\/kommentatorenblog.de\/wp-content\/uploads\/2020\/09\/shure-55sh-ii-e1601485394796-142x300.jpg 142w\" sizes=\"auto, (max-width: 10px) 100vw, 10px\" \/> Dominik M\u00fcller<\/p>\n\n\n\n<p><span style=\"text-decoration: underline;\"><span style=\"text-decoration: underline;\">ab 18.20 Uhr<\/span><\/span><\/p>\n\n\n\n<p><strong style=\"font-style: italic;\"><em><strong>Newcastle United \u2013 FC Chelsea<\/strong><\/em><\/strong><em><strong> (18.30 Uhr)<\/strong><\/em> <\/p>\n\n\n\n<p><img loading=\"lazy\" decoding=\"async\" width=\"10\" height=\"21\" class=\"wp-image-3656\" style=\"width: 10px;\" src=\"http:\/\/kommentatorenblog.de\/wp-content\/uploads\/2020\/09\/shure-55sh-ii-e1601485394796.jpg\" alt=\"\" srcset=\"http:\/\/kommentatorenblog.de\/wp-content\/uploads\/2020\/09\/shure-55sh-ii-e1601485394796.jpg 415w, http:\/\/kommentatorenblog.de\/wp-content\/uploads\/2020\/09\/shure-55sh-ii-e1601485394796-142x300.jpg 142w\" sizes=\"auto, (max-width: 10px) 100vw, 10px\" \/> Markus Gaupp<\/p>\n\n\n\n<p><span style=\"text-decoration: underline;\"><span style=\"text-decoration: underline;\">ab 20.35 Uhr<\/span><\/span><\/p>\n\n\n\n<p><strong style=\"font-style: italic;\"><em><strong>Wolverhampton Wanderers \u2013 FC Arsenal<\/strong><\/em><\/strong><em><strong> (20.45 Uhr)<\/strong><\/em> <\/p>\n\n\n\n<p><img loading=\"lazy\" decoding=\"async\" width=\"10\" height=\"21\" class=\"wp-image-3656\" style=\"width: 10px;\" src=\"http:\/\/kommentatorenblog.de\/wp-content\/uploads\/2020\/09\/shure-55sh-ii-e1601485394796.jpg\" alt=\"\" srcset=\"http:\/\/kommentatorenblog.de\/wp-content\/uploads\/2020\/09\/shure-55sh-ii-e1601485394796.jpg 415w, http:\/\/kommentatorenblog.de\/wp-content\/uploads\/2020\/09\/shure-55sh-ii-e1601485394796-142x300.jpg 142w\" sizes=\"auto, (max-width: 10px) 100vw, 10px\" \/> Joachim Hebel<\/p>\n\n\n\n<p><span style=\"text-decoration: underline;\"><span style=\"text-decoration: underline;\">Sonntag, 13. November <\/span>2022, ab 14.50 Uhr<\/span><\/p>\n\n\n\n<p><strong style=\"font-style: italic;\">Brighton &amp; Hove Albion \u2013 Aston Villa<\/strong><em><strong> (15.00 Uhr)<\/strong><\/em> <\/p>\n\n\n\n<p><img loading=\"lazy\" decoding=\"async\" width=\"10\" height=\"21\" class=\"wp-image-3656\" style=\"width: 10px;\" src=\"http:\/\/kommentatorenblog.de\/wp-content\/uploads\/2020\/09\/shure-55sh-ii-e1601485394796.jpg\" alt=\"\" srcset=\"http:\/\/kommentatorenblog.de\/wp-content\/uploads\/2020\/09\/shure-55sh-ii-e1601485394796.jpg 415w, http:\/\/kommentatorenblog.de\/wp-content\/uploads\/2020\/09\/shure-55sh-ii-e1601485394796-142x300.jpg 142w\" sizes=\"auto, (max-width: 10px) 100vw, 10px\" \/> Florian Malburg<\/p>\n\n\n\n<p><span style=\"text-decoration: underline;\">ab 17.00 Uhr<\/span><\/p>\n\n\n\n<p><strong style=\"font-style: italic;\">FC Fulham \u2013 Manchester United<\/strong><em><strong> <\/strong><\/em><em><strong>(17.30 Uhr)<\/strong><\/em> <\/p>\n\n\n\n<p><img loading=\"lazy\" decoding=\"async\" width=\"10\" height=\"21\" class=\"wp-image-3656\" style=\"width: 10px;\" src=\"http:\/\/kommentatorenblog.de\/wp-content\/uploads\/2020\/09\/shure-55sh-ii-e1601485394796.jpg\" alt=\"\" srcset=\"http:\/\/kommentatorenblog.de\/wp-content\/uploads\/2020\/09\/shure-55sh-ii-e1601485394796.jpg 415w, http:\/\/kommentatorenblog.de\/wp-content\/uploads\/2020\/09\/shure-55sh-ii-e1601485394796-142x300.jpg 142w\" sizes=\"auto, (max-width: 10px) 100vw, 10px\" \/> Florian Schmidt-Sommerfeld, Experte: Dennis Aogo<\/p>\n\n\n\n<p>Field-Reporter: Raphael Honigstein<\/p>\n\n\n\n<hr class=\"wp-block-separator\"\/>\n\n\n\n<p><strong>Serie A, 15. Spieltag (DAZN)<\/strong><\/p>\n\n\n\n<p><span style=\"text-decoration: underline;\">Samstag, 12. November 2022<\/span><\/p>\n\n\n\n<p><em><strong style=\"font-style: italic;\">SSC Neapel \u2013 Udinese Calcio <\/strong><strong>(15.00 Uhr)<\/strong> <\/em><\/p>\n\n\n\n<p><img loading=\"lazy\" decoding=\"async\" width=\"10\" height=\"21\" class=\"wp-image-3656\" style=\"width: 10px;\" src=\"http:\/\/kommentatorenblog.de\/wp-content\/uploads\/2020\/09\/shure-55sh-ii-e1601485394796.jpg\" alt=\"\" srcset=\"http:\/\/kommentatorenblog.de\/wp-content\/uploads\/2020\/09\/shure-55sh-ii-e1601485394796.jpg 415w, http:\/\/kommentatorenblog.de\/wp-content\/uploads\/2020\/09\/shure-55sh-ii-e1601485394796-142x300.jpg 142w\" sizes=\"auto, (max-width: 10px) 100vw, 10px\" \/> Marcel Seufert<\/p>\n\n\n\n<p><span style=\"text-decoration: underline;\">Sonntag, 13. November 2022<\/span><\/p>\n\n\n\n<p><em><strong style=\"font-style: italic;\">Atalanta Bergamo \u2013 Inter Mailand <\/strong><strong>(12.30 Uhr)<\/strong> <\/em><\/p>\n\n\n\n<p><img loading=\"lazy\" decoding=\"async\" width=\"10\" height=\"21\" class=\"wp-image-3656\" style=\"width: 10px;\" src=\"http:\/\/kommentatorenblog.de\/wp-content\/uploads\/2020\/09\/shure-55sh-ii-e1601485394796.jpg\" alt=\"\" srcset=\"http:\/\/kommentatorenblog.de\/wp-content\/uploads\/2020\/09\/shure-55sh-ii-e1601485394796.jpg 415w, http:\/\/kommentatorenblog.de\/wp-content\/uploads\/2020\/09\/shure-55sh-ii-e1601485394796-142x300.jpg 142w\" sizes=\"auto, (max-width: 10px) 100vw, 10px\" \/> Tobi Fischbeck, Experte: Michael Hofmann<\/p>\n\n\n\n<p><em><strong style=\"font-style: italic;\">AS Rom \u2013 FC Turin <\/strong><strong>(15.00 Uhr)<\/strong> <\/em><\/p>\n\n\n\n<p><img loading=\"lazy\" decoding=\"async\" width=\"10\" height=\"21\" class=\"wp-image-3656\" style=\"width: 10px;\" src=\"http:\/\/kommentatorenblog.de\/wp-content\/uploads\/2020\/09\/shure-55sh-ii-e1601485394796.jpg\" alt=\"\" srcset=\"http:\/\/kommentatorenblog.de\/wp-content\/uploads\/2020\/09\/shure-55sh-ii-e1601485394796.jpg 415w, http:\/\/kommentatorenblog.de\/wp-content\/uploads\/2020\/09\/shure-55sh-ii-e1601485394796-142x300.jpg 142w\" sizes=\"auto, (max-width: 10px) 100vw, 10px\" \/> Claus M\u00fcller<\/p>\n\n\n\n<p><em><strong style=\"font-style: italic;\">AC Mailand \u2013 AC Florenz <\/strong><strong>(18.00 Uhr)<\/strong> <\/em><\/p>\n\n\n\n<p><img loading=\"lazy\" decoding=\"async\" width=\"10\" height=\"21\" class=\"wp-image-3656\" style=\"width: 10px;\" src=\"http:\/\/kommentatorenblog.de\/wp-content\/uploads\/2020\/09\/shure-55sh-ii-e1601485394796.jpg\" alt=\"\" srcset=\"http:\/\/kommentatorenblog.de\/wp-content\/uploads\/2020\/09\/shure-55sh-ii-e1601485394796.jpg 415w, http:\/\/kommentatorenblog.de\/wp-content\/uploads\/2020\/09\/shure-55sh-ii-e1601485394796-142x300.jpg 142w\" sizes=\"auto, (max-width: 10px) 100vw, 10px\" \/> Michael Seyberth<\/p>\n\n\n\n<p><em><strong style=\"font-style: italic;\">Juventus Turin \u2013 Lazio Rom <\/strong><strong>(20.45 Uhr)<\/strong> <\/em><\/p>\n\n\n\n<p><img loading=\"lazy\" decoding=\"async\" width=\"10\" height=\"21\" class=\"wp-image-3656\" style=\"width: 10px;\" src=\"http:\/\/kommentatorenblog.de\/wp-content\/uploads\/2020\/09\/shure-55sh-ii-e1601485394796.jpg\" alt=\"\" srcset=\"http:\/\/kommentatorenblog.de\/wp-content\/uploads\/2020\/09\/shure-55sh-ii-e1601485394796.jpg 415w, http:\/\/kommentatorenblog.de\/wp-content\/uploads\/2020\/09\/shure-55sh-ii-e1601485394796-142x300.jpg 142w\" sizes=\"auto, (max-width: 10px) 100vw, 10px\" \/> Carsten Fu\u00df, Experte: Christian Bernhard<\/p>\n\n\n\n<hr class=\"wp-block-separator\"\/>\n\n\n\n<p><strong>Ligue 1, 15. Spieltag (DAZN)<\/strong><\/p>\n\n\n\n<p><span style=\"text-decoration: underline;\">Freitag, 11. November 2022<\/span><\/p>\n\n\n\n<p><em><strong style=\"font-style: italic;\">Olympique Lyon \u2013 OGC Nizza<\/strong><strong> <\/strong><strong>(21.00 Uhr)<\/strong> <\/em><\/p>\n\n\n\n<p><img loading=\"lazy\" decoding=\"async\" width=\"10\" height=\"21\" class=\"wp-image-3656\" style=\"width: 10px;\" src=\"http:\/\/kommentatorenblog.de\/wp-content\/uploads\/2020\/09\/shure-55sh-ii-e1601485394796.jpg\" alt=\"\" srcset=\"http:\/\/kommentatorenblog.de\/wp-content\/uploads\/2020\/09\/shure-55sh-ii-e1601485394796.jpg 415w, http:\/\/kommentatorenblog.de\/wp-content\/uploads\/2020\/09\/shure-55sh-ii-e1601485394796-142x300.jpg 142w\" sizes=\"auto, (max-width: 10px) 100vw, 10px\" \/> Stefan Galler<\/p>\n\n\n\n<p><span style=\"text-decoration: underline;\">Sonntag, 13. November 2022<\/span><\/p>\n\n\n\n<p><strong style=\"font-style: italic;\">Paris Saint-Germain \u2013 Auxerre <\/strong><em><strong>(13.00 Uhr)<\/strong><\/em> <\/p>\n\n\n\n<p><img loading=\"lazy\" decoding=\"async\" width=\"10\" height=\"21\" class=\"wp-image-3656\" style=\"width: 10px;\" src=\"http:\/\/kommentatorenblog.de\/wp-content\/uploads\/2020\/09\/shure-55sh-ii-e1601485394796.jpg\" alt=\"\" srcset=\"http:\/\/kommentatorenblog.de\/wp-content\/uploads\/2020\/09\/shure-55sh-ii-e1601485394796.jpg 415w, http:\/\/kommentatorenblog.de\/wp-content\/uploads\/2020\/09\/shure-55sh-ii-e1601485394796-142x300.jpg 142w\" sizes=\"auto, (max-width: 10px) 100vw, 10px\" \/> Guido H\u00fcsgen, Experte: Alexis Menuge<\/p>\n\n\n\n<p><em><strong style=\"font-style: italic;\">AS Monaco \u2013 Olympique Marseille <\/strong><strong>(20.45 Uhr)<\/strong> <\/em><\/p>\n\n\n\n<p><img loading=\"lazy\" decoding=\"async\" width=\"10\" height=\"21\" class=\"wp-image-3656\" style=\"width: 10px;\" src=\"http:\/\/kommentatorenblog.de\/wp-content\/uploads\/2020\/09\/shure-55sh-ii-e1601485394796.jpg\" alt=\"\" srcset=\"http:\/\/kommentatorenblog.de\/wp-content\/uploads\/2020\/09\/shure-55sh-ii-e1601485394796.jpg 415w, http:\/\/kommentatorenblog.de\/wp-content\/uploads\/2020\/09\/shure-55sh-ii-e1601485394796-142x300.jpg 142w\" sizes=\"auto, (max-width: 10px) 100vw, 10px\" \/> Michi Brandes<\/p>\n\n\n\n<hr class=\"wp-block-separator\"\/>\n\n\n\n<p><strong>Sky Bet Championship, 21. Spieltag (Sportdigital FUSSBALL)<\/strong><\/p>\n\n\n\n<p><span style=\"text-decoration: underline;\">Freitag, 11. November 2022<\/span><\/p>\n\n\n\n<p><strong style=\"font-style: italic;\"><em>Birmingham City<\/em> \u2013 AFC Sunderland <\/strong><em><strong>(16.00 Uhr)<\/strong><\/em> <\/p>\n\n\n\n<p><img loading=\"lazy\" decoding=\"async\" width=\"10\" height=\"21\" class=\"wp-image-3656\" style=\"width: 10px;\" src=\"http:\/\/kommentatorenblog.de\/wp-content\/uploads\/2020\/09\/shure-55sh-ii-e1601485394796.jpg\" alt=\"\" srcset=\"http:\/\/kommentatorenblog.de\/wp-content\/uploads\/2020\/09\/shure-55sh-ii-e1601485394796.jpg 415w, http:\/\/kommentatorenblog.de\/wp-content\/uploads\/2020\/09\/shure-55sh-ii-e1601485394796-142x300.jpg 142w\" sizes=\"auto, (max-width: 10px) 100vw, 10px\" \/> Moritz Knorr<\/p>\n\n\n\n<p><span style=\"text-decoration: underline;\">Samstag, 12. November 2022<\/span><\/p>\n\n\n\n<p><strong style=\"font-style: italic;\"><em>Hull City<\/em> \u2013 FC Reading <\/strong><em><strong>(16.00 Uhr)<\/strong><\/em> <\/p>\n\n\n\n<p><img loading=\"lazy\" decoding=\"async\" width=\"10\" height=\"21\" class=\"wp-image-3656\" style=\"width: 10px;\" src=\"http:\/\/kommentatorenblog.de\/wp-content\/uploads\/2020\/09\/shure-55sh-ii-e1601485394796.jpg\" alt=\"\" srcset=\"http:\/\/kommentatorenblog.de\/wp-content\/uploads\/2020\/09\/shure-55sh-ii-e1601485394796.jpg 415w, http:\/\/kommentatorenblog.de\/wp-content\/uploads\/2020\/09\/shure-55sh-ii-e1601485394796-142x300.jpg 142w\" sizes=\"auto, (max-width: 10px) 100vw, 10px\" \/> Christian Blunck<\/p>\n\n\n\n<p><span style=\"text-decoration: underline;\">Sonntag, 13. November 2022<\/span><\/p>\n\n\n\n<p><strong style=\"font-style: italic;\"><em>FC Burnley<\/em> \u2013 Blackburn Rovers <\/strong><em><strong>(13.30 Uhr)<\/strong><\/em> <\/p>\n\n\n\n<p><img loading=\"lazy\" decoding=\"async\" width=\"10\" height=\"21\" class=\"wp-image-3656\" style=\"width: 10px;\" src=\"http:\/\/kommentatorenblog.de\/wp-content\/uploads\/2020\/09\/shure-55sh-ii-e1601485394796.jpg\" alt=\"\" srcset=\"http:\/\/kommentatorenblog.de\/wp-content\/uploads\/2020\/09\/shure-55sh-ii-e1601485394796.jpg 415w, http:\/\/kommentatorenblog.de\/wp-content\/uploads\/2020\/09\/shure-55sh-ii-e1601485394796-142x300.jpg 142w\" sizes=\"auto, (max-width: 10px) 100vw, 10px\" \/> Jakob Vogel<\/p>\n\n\n\n<hr class=\"wp-block-separator\"\/>\n\n\n\n<p><strong>Eredivisie, 14. Spieltag (Sportdigital FUSSBALL)<\/strong><\/p>\n\n\n\n<p><span style=\"text-decoration: underline;\">Samstag, 12. November 2022<\/span><\/p>\n\n\n\n<p><strong style=\"font-style: italic;\"><em>FC Emmen <\/em>\u2013 Ajax Amsterdam <\/strong><em><strong>(18.45 Uhr)<\/strong><\/em> <\/p>\n\n\n\n<p><img loading=\"lazy\" decoding=\"async\" width=\"10\" height=\"21\" class=\"wp-image-3656\" style=\"width: 10px;\" src=\"http:\/\/kommentatorenblog.de\/wp-content\/uploads\/2020\/09\/shure-55sh-ii-e1601485394796.jpg\" alt=\"\" srcset=\"http:\/\/kommentatorenblog.de\/wp-content\/uploads\/2020\/09\/shure-55sh-ii-e1601485394796.jpg 415w, http:\/\/kommentatorenblog.de\/wp-content\/uploads\/2020\/09\/shure-55sh-ii-e1601485394796-142x300.jpg 142w\" sizes=\"auto, (max-width: 10px) 100vw, 10px\" \/> Marvin Kirsch<\/p>\n\n\n\n<p><strong style=\"font-style: italic;\"><em>PSV Eindhoven<\/em> \u2013 AZ Alkmaar <\/strong><em><strong>(21.00 Uhr)<\/strong><\/em> <\/p>\n\n\n\n<p><img loading=\"lazy\" decoding=\"async\" width=\"10\" height=\"21\" class=\"wp-image-3656\" style=\"width: 10px;\" src=\"http:\/\/kommentatorenblog.de\/wp-content\/uploads\/2020\/09\/shure-55sh-ii-e1601485394796.jpg\" alt=\"\" srcset=\"http:\/\/kommentatorenblog.de\/wp-content\/uploads\/2020\/09\/shure-55sh-ii-e1601485394796.jpg 415w, http:\/\/kommentatorenblog.de\/wp-content\/uploads\/2020\/09\/shure-55sh-ii-e1601485394796-142x300.jpg 142w\" sizes=\"auto, (max-width: 10px) 100vw, 10px\" \/> Karsten Linke<\/p>\n\n\n\n<p><span style=\"text-decoration: underline;\">Sonntag, 13. November 2022<\/span><\/p>\n\n\n\n<p><strong style=\"font-style: italic;\"><em>Feyenoord Rotterdam <\/em>\u2013 Excelsior Rotterdam <\/strong><em><strong>(16.45 Uhr)<\/strong><\/em> <\/p>\n\n\n\n<p><img loading=\"lazy\" decoding=\"async\" width=\"10\" height=\"21\" class=\"wp-image-3656\" style=\"width: 10px;\" src=\"http:\/\/kommentatorenblog.de\/wp-content\/uploads\/2020\/09\/shure-55sh-ii-e1601485394796.jpg\" alt=\"\" srcset=\"http:\/\/kommentatorenblog.de\/wp-content\/uploads\/2020\/09\/shure-55sh-ii-e1601485394796.jpg 415w, http:\/\/kommentatorenblog.de\/wp-content\/uploads\/2020\/09\/shure-55sh-ii-e1601485394796-142x300.jpg 142w\" sizes=\"auto, (max-width: 10px) 100vw, 10px\" \/> Christian Blunck<\/p>\n\n\n\n<hr class=\"wp-block-separator\"\/>\n\n\n\n<p><strong>Primeira Liga, 13. Spieltag (Sportdigital FUSSBALL)<\/strong><\/p>\n\n\n\n<p><span style=\"text-decoration: underline;\">Sonntag, 13. November 2022<\/span><\/p>\n\n\n\n<p><strong style=\"font-style: italic;\"><em>Benfica Lissabon<\/em> \u2013 FC Gil Vicente <\/strong><em><strong>(19.00 Uhr)<\/strong><\/em> <\/p>\n\n\n\n<p><img loading=\"lazy\" decoding=\"async\" width=\"10\" height=\"21\" class=\"wp-image-3656\" style=\"width: 10px;\" src=\"http:\/\/kommentatorenblog.de\/wp-content\/uploads\/2020\/09\/shure-55sh-ii-e1601485394796.jpg\" alt=\"\" srcset=\"http:\/\/kommentatorenblog.de\/wp-content\/uploads\/2020\/09\/shure-55sh-ii-e1601485394796.jpg 415w, http:\/\/kommentatorenblog.de\/wp-content\/uploads\/2020\/09\/shure-55sh-ii-e1601485394796-142x300.jpg 142w\" sizes=\"auto, (max-width: 10px) 100vw, 10px\" \/> Karsten Linke<\/p>\n\n\n\n<p><strong style=\"font-style: italic;\"><em>FC Famalicao<\/em> \u2013 Sporting Lissabon <\/strong><em><strong>(21.30 Uhr)<\/strong><\/em> <\/p>\n\n\n\n<p><img loading=\"lazy\" decoding=\"async\" width=\"10\" height=\"21\" class=\"wp-image-3656\" style=\"width: 10px;\" src=\"http:\/\/kommentatorenblog.de\/wp-content\/uploads\/2020\/09\/shure-55sh-ii-e1601485394796.jpg\" alt=\"\" srcset=\"http:\/\/kommentatorenblog.de\/wp-content\/uploads\/2020\/09\/shure-55sh-ii-e1601485394796.jpg 415w, http:\/\/kommentatorenblog.de\/wp-content\/uploads\/2020\/09\/shure-55sh-ii-e1601485394796-142x300.jpg 142w\" sizes=\"auto, (max-width: 10px) 100vw, 10px\" \/> J\u00f6rg Steiger<\/p>\n\n\n\n<hr class=\"wp-block-separator\"\/>\n\n\n\n<p><strong>A-League, 6. Spieltag (Sportdigital FUSSBALL)<\/strong><\/p>\n\n\n\n<p><span style=\"text-decoration: underline;\">Freitag, 11. November 2022<\/span><\/p>\n\n\n\n<p><strong style=\"font-style: italic;\"><em>Adelaide United<\/em> \u2013 Melbourne Victory <\/strong><em><strong>(09.45 Uhr)<\/strong><\/em> <\/p>\n\n\n\n<p><img loading=\"lazy\" decoding=\"async\" width=\"10\" height=\"21\" class=\"wp-image-3656\" style=\"width: 10px;\" src=\"http:\/\/kommentatorenblog.de\/wp-content\/uploads\/2020\/09\/shure-55sh-ii-e1601485394796.jpg\" alt=\"\" srcset=\"http:\/\/kommentatorenblog.de\/wp-content\/uploads\/2020\/09\/shure-55sh-ii-e1601485394796.jpg 415w, http:\/\/kommentatorenblog.de\/wp-content\/uploads\/2020\/09\/shure-55sh-ii-e1601485394796-142x300.jpg 142w\" sizes=\"auto, (max-width: 10px) 100vw, 10px\" \/> Henrik Hinrichsen<\/p>\n\n\n\n<p><span style=\"text-decoration: underline;\">Samstag, 12. November 2022<\/span><\/p>\n\n\n\n<p><strong style=\"font-style: italic;\"><em>FC Sydney<\/em> \u2013 Western Sydney Wanderers <\/strong><em><strong>(09.45 Uhr)<\/strong><\/em> <\/p>\n\n\n\n<p><img loading=\"lazy\" decoding=\"async\" width=\"10\" height=\"21\" class=\"wp-image-3656\" style=\"width: 10px;\" src=\"http:\/\/kommentatorenblog.de\/wp-content\/uploads\/2020\/09\/shure-55sh-ii-e1601485394796.jpg\" alt=\"\" srcset=\"http:\/\/kommentatorenblog.de\/wp-content\/uploads\/2020\/09\/shure-55sh-ii-e1601485394796.jpg 415w, http:\/\/kommentatorenblog.de\/wp-content\/uploads\/2020\/09\/shure-55sh-ii-e1601485394796-142x300.jpg 142w\" sizes=\"auto, (max-width: 10px) 100vw, 10px\" \/> Marcus Radefeld<\/p>\n\n\n\n<p><span style=\"text-decoration: underline;\">Sonntag, 13. November 2022<\/span><\/p>\n\n\n\n<p><strong style=\"font-style: italic;\"><em>FC Burnley<\/em> \u2013 Blackburn Rovers <\/strong><em><strong>(13.30 Uhr)<\/strong><\/em> <\/p>\n\n\n\n<p><img loading=\"lazy\" decoding=\"async\" width=\"10\" height=\"21\" class=\"wp-image-3656\" style=\"width: 10px;\" src=\"http:\/\/kommentatorenblog.de\/wp-content\/uploads\/2020\/09\/shure-55sh-ii-e1601485394796.jpg\" alt=\"\" srcset=\"http:\/\/kommentatorenblog.de\/wp-content\/uploads\/2020\/09\/shure-55sh-ii-e1601485394796.jpg 415w, http:\/\/kommentatorenblog.de\/wp-content\/uploads\/2020\/09\/shure-55sh-ii-e1601485394796-142x300.jpg 142w\" sizes=\"auto, (max-width: 10px) 100vw, 10px\" \/> Jakob Vogel<\/p>\n\n\n\n<hr class=\"wp-block-separator\"\/>\n\n\n\n<p><strong>Die Analyse<\/strong><\/p>\n\n\n\n<p><strong>Borussenduell mit Fuss und Platte<\/strong><\/p>\n\n\n\n<p>Der letzte Bundesligaspieltag dieses Jahr startet mit dem Borussenduell, neben DAZN ist beim letzten Freitagsspiel des Jahres nat\u00fcrlich auch SAT.1 dabei. Beim Privatsender &#8211; und auch bei DAZN &#8211; steht neben dem Bundesligaduell aber ja auch noch ein anderes Event am Wochenende im Football an, mehr dazu kann und sollte ich aufgrund meiner Ahnungslosigkeit im Thema Football aber besser nicht sagen \ud83d\ude00 <\/p>\n\n\n\n<p>Bei SAT.1 wird im Vergleich zu Dienstag einmal rotiert, Wolff Fuss, Matthias Opdenh\u00f6vel und Andrea Kaiser bleiben, einzig f\u00fcr Markus Babbel r\u00fcckt der ehemalige Dortmunder Sven Bender rein. Bei DAZN wiederum gibts mit Alex Schl\u00fcter und Jan Platte das Toppersonal auf der Moderations- und Kommentatorenposition. Der Experte Benny Lauth kommt hier zu Beginn etwas \u00fcberraschend, ich pers\u00f6nlich freue mich aber sehr, ein sehr angenehmer Experte &#8211; wie ich finde. Field-Reporter ist Daniel Herzog.<\/p>\n\n\n\n<p><strong>Eine sch\u00f6ne letzte Konferenz<\/strong><\/p>\n\n\n\n<p>Der Samstagnachmittag kommt mal wieder ohne Bayern und Dortmund aus, unter anderem sind daf\u00fcr aber wie so oft sind daf\u00fcr Leverkusen, Stuttgart, Augsburg (jeweils zum 10.Mal) und der VfL Wolfsburg (zum 11.Mal) dabei.<\/p>\n\n\n\n<p>Vom Personal sticht dabei Leverkusen gegen Stuttgart heraus. Martin Gro\u00df meldet sich aus der Bay-Arena. Hier h\u00e4tte man auch Marcus Lindemann erwarten k\u00f6nnen, diesen verschl\u00e4gt es allerdings nach Bremen, wo RB Leipzig zu Gast ist. Beim Spiel Hoffenheim gegen Wolfsburg spielen recht kontr\u00e4re Saisonverl\u00e4ufe gegeneinander, zu Beginn war die TSG sehr gut und der VfL eher schlecht drauf. Seit einigen Wochen hat sich das Blatt allerdings gewendet &#8211; mit Blick auf die W\u00f6lfe nat\u00fcrlich zu meiner Freude \ud83d\ude09 . Mit dabei ist Klaus Veltman, der ja bereits letzten Samstag in Sinsheim war, w\u00e4hrend Jens Westen doch etwas \u00fcberrascht. Die G\u00e4ste kennt der Nordmann aber sehr gut. Hertha und K\u00f6ln haben nach bisher zwei Niederlagen in der englischen Woche was gut zu machen. Hansi K\u00fcpper meldet sich aus dem Olympiastadion und schaut, welchem der Teams dies gelingt. Ein Spiel haben wir noch, der VfL Bochum hat Zuhause die Kurve gekriegt, w\u00fcrde aber gerne etwas am Umstand \u00e4ndern, ohne Ausw\u00e4rtspunkt in die Winterpause zu gehen. Ob dies in Augsburg gelingt verfolgen Roland Evers und Katharina Kleinfeldt aus der WWK-Arena.<\/p>\n\n\n\n<p>In der letzten Konferenz des Jahres gibts nochmal ein richtig sch\u00f6nes Quintett. Wie so oft sind Frank Buschmann und Florian Schmidt-Sommerfeld mit dabei. Buschi, der unter der Woche ja kurzfristig ausgefallen war, \u00fcbernimmt die Bremer gegen Leipzig und Schmiso die Augsburger gegen die Bochumer. Kai Dittmann und Jonas Friedrich blicken nach Leverkusen bzw. Berlin und komplettiert wird die Runde von Marcel Meinert &#8211; f\u00fcr ihn hei\u00dft es TSG gegen VfL. Das Team in Unterf\u00f6hring bin ich euch noch schuldig, Michael Leopold, Didi Hamann und Erik Meijer sind mit dabei.<\/p>\n\n\n\n<p><strong>Letzter gegen Erster<\/strong><\/p>\n\n\n\n<p>Das Topspielteam freut sich auf die Veltins Arena, der Tabellenletzte empf\u00e4ngt den Tabellenf\u00fchrer. F\u00fcr Wolff Fuss ist die Anreise nicht aus Gladbach nicht so weit und auch Patrick Wasserziehr macht vor seiner letzten Sky90 Sendung 2022 noch einen Halt in der Veltins Arena. Am Tisch bekommen Sebastian Hellmann und Lothar Matth\u00e4us auch wieder Unterst\u00fctzung. Julia Simic kehrt, nachdem sie in den letzten Wochen als Co-Trainerin der U-17 Deutschlands gefragt war, wieder zur\u00fcck an den Tisch.<\/p>\n\n\n\n<p><strong>Die jungen Wilden machen den Deckel drauf<\/strong><\/p>\n\n\n\n<p>Am Sonntag wartet dann zur fr\u00fchen Ansto\u00dfzeit das Rhein-Main-Duell zwischen Mainz und Frankfurt, Derby soll man es ja nicht nennen. Max Siebald meldet sich als Moderator mit Seb Knei\u00dfl vom Spielfeldrand, kommentieren wird dann Michael Born. Der Deckel auf das Bundesligajahr 2022 machen dann die \u00dcberraschungsteams Freiburg und Union Berlin. Tobi Wahnschaffe meldet sich aus dem Europa Park Stadion, als Experte ist wie in der Vorwoche Sascha Bigalke im Breisgau. Kommentieren wird Freddy Harder und Tom Kirsten geht auf Stimmenfang, man k\u00f6nnte also sagen, dass die jungen Wilden den Deckel drauf machen. <\/p>\n\n\n\n<p><strong>Hinrundenabschluss in Liga zwei<\/strong><\/p>\n\n\n\n<p>In der 2.Bundesliga wird nicht nur das Jahr, sondern auch die Hinrunde abgeschlossen. In den Konferenzen gibt es Hannes Herrmann, Oliver Seidler und Markus Gaupp. Seidler verzeichnet im \u00dcbrigen wie auch Torsten Kunde und J\u00fcrgen Schmitz einen Doppeleinsatz im Unterhaus. Das letzte Topspiel kommt aus Niedersachsen, neben den Rostockern sind auch die Teams von Sport 1 und Sky zu Gast in Braunschweig.<\/p>\n\n\n\n<p><strong>Jahresabschluss in Giesings H\u00f6hen<\/strong><\/p>\n\n\n\n<p>In der 3.Liga k\u00fcmmert sich Christian Stra\u00dfburger, der in dieser Woche mal nur f\u00fcr Magenta Sport im Einsatz ist, um die Konferenz. In dieser sind auch unter anderem die beiden saarl\u00e4ndischen Teams zu sehen. Die SV Elversberg empf\u00e4ngt im Topspiel als Tabellenf\u00fchrer den direkten Verfolger aus Freiburg. Mario Bast und Kevin Gerwin melden sich von der Kaiserlinde. Der FC Saarbr\u00fccken reist als Tabellenvierter und mit 13 Punkten aus den letzten f\u00fcnf Spielen nach Halle, Martin Piller und Alex K\u00fcpper \u00fcbernehmen. Ansonsten verabschiedet sich die 3.Liga mit einem sehr netten Duell in die Winterpause, 1860 M\u00fcnchen empf\u00e4ngt RW Essen. Das Spiel am Montagabend bekommt eine halbe Stunde Vorlauf und dem Moderator Sascha Bandermann steht die &#8222;Wampe von Giesing&#8220;, wie Sascha M\u00f6lders zu 60er Zeiten genannt wurde, zur Seite. Kommentieren wird dann Franz B\u00fcchner.<\/p>\n\n\n\n<p><strong>Und was im Internationalen Fussball so los?<\/strong><\/p>\n\n\n\n<p>In La Liga ist schon Feierabend, daf\u00fcr wird aber in England, Italien und Frankreich noch flei\u00dfig gekickt.<\/p>\n\n\n\n<p>In der Premier League gibts am Samstag gleich vier unterschiedliche Ansto\u00dfzeiten und insgesamt sechs Livespiele auf Sky, nat\u00fcrlich kommen die Hebels und Hannes Herrmann zu ihrem Einsatz und auch Sven Schr\u00f6ter und Markus Gaupp sind oft gesehen. Das Match of the Week am Sonntag \u00fcbernimmt Schmiso diesmal mit Dennis Aogo, Raphael Honigstein meldet sich vom Craven Cottage. In der Premier League ist dies ja noch nicht der Jahresabschluss, der Boxing Day steht ja noch an. <\/p>\n\n\n\n<p>In der Serie A und Ligue 1 sind die gewohnten Herren unterwegs, Carsten Fu\u00df und Christian Bernhard \u00fcbernehmen das Topspiel und Frankreich ist Alexis Menuge nat\u00fcrlich bei PSG mit dabei. Diesmal allerdings an der Seite von Guido H\u00fcsgen und nicht von Stefan Galler.<\/p>\n\n\n\n<p>Bei Sportdigital FUSSBALL sind Karsten Linke und Christian Blunck doppelt im Einsatz, Blunck k\u00fcmmert sich unter anderem um das Rotterdamer Stadtderby.<\/p>\n\n\n\n<p>F\u00fcr heute soll es das gewesen sein, am Montag schaut Jonas nochmal auf alles zur WM und ich melde mich n\u00e4chste Woche mit den Ansetzungen des 1.Spieltags der WM in Katar. F\u00fcr alle Leser, die nicht an der WM und deren Ansetzungen interessiert sind (ich kann\/k\u00f6nnte es gut nachvollziehen), bedanke ich mich, f\u00fcrs Regelm\u00e4\u00dfige vorbeischauen im Jahr 2022. Bis dahin, habt ein sch\u00f6nes letztes Wochenende im Vereinsfussball.<\/p>\n","protected":false},"excerpt":{"rendered":"<p>N&#8217;Abend allerseits, der Titel sagt vermutlich schon recht viel \u00fcber meine &#8222;Gef\u00fchlswelt&#8220; aus. Der letzte Bundesligaspieltag im Kalender steht an und das dies knapp 40 Tage fr\u00fcher als sonst. Schade eigentlich, einerseits, weil sie f\u00fcr den Schwachsinn &#8211; namentlich Winter WM in Katar &#8211; gestoppt wird und andererseits, weil die momentane Saison aus meiner Sicht [&hellip;]<\/p>\n","protected":false},"author":5,"featured_media":0,"comment_status":"open","ping_status":"open","sticky":false,"template":"","format":"standard","meta":{"footnotes":""},"categories":[424],"tags":[49,163,153,583,166,131,382,164,57,35,234,652,212,13,338,30,580,82,695,308,89,61,120,295,32,155,104,25,211,726,352,405,48,213,347,69,58,655,315,86,93,489,59,585,491,676,378,294,31,9,70,276,494,112,503,572,121,126,67,722,95,130,581,101,279,383,114,330,88,634,878,409,715,877,183,113,94,690,340,584,45,76,12,361,533,306,98,222,22,66,134,154,28,135,673,876,27,152,395,252,200,245,87,346,105,289,107,196],"class_list":["post-14189","post","type-post","status-publish","format-standard","hentry","category-bundesliga-und-co","tag-alex-schlueter","tag-alexander-kuepper","tag-alexis-menuge","tag-andrea-kaiser","tag-benny-lauth","tag-carsten-fuss","tag-christian-akber-sade","tag-christian-bernhard","tag-christian-blunck","tag-christian-strassburger","tag-claus-mueller","tag-daniel-flottmann","tag-daniel-herzog","tag-dazn","tag-dennis-aogo","tag-didi-hamann","tag-dominik-mueller","tag-erik-meijer","tag-felix-kroos","tag-florian-malburg","tag-florian-schmidt-sommerfeld","tag-frank-buschmann","tag-franz-buechner","tag-freddy-harder","tag-gari-paubandt","tag-guido-huesgen","tag-hannes-herrmann","tag-hansi-kuepper","tag-hartmut-von-kameke","tag-henrik-hinrichsen","tag-holger-speckhahn","tag-jakob-vogel","tag-jan-platte","tag-jens-westen","tag-joachim-hebel","tag-jonas-friedrich","tag-joerg-steiger","tag-julia-simic","tag-julian-engelhard","tag-juergen-schmitz","tag-kai-dittmann","tag-kamila-benschop","tag-karsten-linke","tag-katharina-kleinfeldt","tag-kevin-gerwin","tag-klaus-veltman","tag-konstantin-klostermann","tag-lenny-leonhardt","tag-lothar-matthaeus","tag-magenta-sport","tag-marcel-meinert","tag-marcel-seufert","tag-marcus-juergensen","tag-marcus-lindemann","tag-marcus-radefeld","tag-mario-bast","tag-markus-gaupp","tag-markus-goetz","tag-markus-hoehner","tag-marlon-irlbacher","tag-martin-gross","tag-martin-piller","tag-marvin-kirsch","tag-matthias-opdenhoevel","tag-max-siebald","tag-michael-augustin","tag-michael-born","tag-michael-hofmann","tag-michael-leopold","tag-michael-seyberth","tag-michi-brandes","tag-mike-muenkel","tag-moritz-knorr","tag-niclas-loewendorf","tag-oliver-forster","tag-oliver-seidler","tag-patrick-wasserziehr","tag-philip-konrad","tag-raphael-honigstein","tag-riccardo-basile","tag-roland-evers","tag-ruth-hofmann","tag-sascha-bandermann","tag-sascha-bigalke","tag-sascha-moelders","tag-sat-1","tag-sebastian-hellmann","tag-sebastian-kneissl","tag-sky","tag-sport1","tag-sportdigital-fussball","tag-stefan-galler","tag-stefan-hempel","tag-stefanie-blochwitz","tag-steven-ruprecht","tag-sven-bender","tag-sven-schroeter","tag-tobi-fischbeck","tag-tobi-schaefer","tag-tobi-wahnschaffe","tag-tom-kirsten","tag-torben-hoffmann","tag-torsten-kunde","tag-torsten-mattuschka","tag-uli-hebel","tag-ulli-potofski","tag-wolff-fuss","tag-yannick-erkenbrecher"],"_links":{"self":[{"href":"http:\/\/kommentatorenblog.de\/index.php?rest_route=\/wp\/v2\/posts\/14189","targetHints":{"allow":["GET"]}}],"collection":[{"href":"http:\/\/kommentatorenblog.de\/index.php?rest_route=\/wp\/v2\/posts"}],"about":[{"href":"http:\/\/kommentatorenblog.de\/index.php?rest_route=\/wp\/v2\/types\/post"}],"author":[{"embeddable":true,"href":"http:\/\/kommentatorenblog.de\/index.php?rest_route=\/wp\/v2\/users\/5"}],"replies":[{"embeddable":true,"href":"http:\/\/kommentatorenblog.de\/index.php?rest_route=%2Fwp%2Fv2%2Fcomments&post=14189"}],"version-history":[{"count":10,"href":"http:\/\/kommentatorenblog.de\/index.php?rest_route=\/wp\/v2\/posts\/14189\/revisions"}],"predecessor-version":[{"id":14208,"href":"http:\/\/kommentatorenblog.de\/index.php?rest_route=\/wp\/v2\/posts\/14189\/revisions\/14208"}],"wp:attachment":[{"href":"http:\/\/kommentatorenblog.de\/index.php?rest_route=%2Fwp%2Fv2%2Fmedia&parent=14189"}],"wp:term":[{"taxonomy":"category","embeddable":true,"href":"http:\/\/kommentatorenblog.de\/index.php?rest_route=%2Fwp%2Fv2%2Fcategories&post=14189"},{"taxonomy":"post_tag","embeddable":true,"href":"http:\/\/kommentatorenblog.de\/index.php?rest_route=%2Fwp%2Fv2%2Ftags&post=14189"}],"curies":[{"name":"wp","href":"https:\/\/api.w.org\/{rel}","templated":true}]}}