{"id":14576,"date":"2023-02-13T22:56:03","date_gmt":"2023-02-13T20:56:03","guid":{"rendered":"http:\/\/kommentatorenblog.de\/?p=14576"},"modified":"2023-02-13T22:56:04","modified_gmt":"2023-02-13T20:56:04","slug":"1318-endlich-wieder-europapokal","status":"publish","type":"post","link":"http:\/\/kommentatorenblog.de\/?p=14576","title":{"rendered":"1318 &#8211; Endlich wieder Europapokal"},"content":{"rendered":"\n<p>N&#8217;Abend allerseits,<\/p>\n\n\n\n<p>der Superbowl ist gelaufen, aber es steht gleich das n\u00e4chste tolle Sportereignis an. Der Europapokal ist zur\u00fcck aus der dreimonatigen Pause. Vier Achtelfinalhinspiele stehen bereits in dieser Woche an und vier weitere kommen dann n\u00e4chste Woche. Aus deutscher Sicht ist nat\u00fcrlich noch einiges geboten. Vier Teams sind noch im Rennen, weshalb es an allen acht Achtelfinaltagen in den n\u00e4chsten Wochen deutsche Beteiligung geben wird. Somit werden also auch sowohl Prime als auch DAZN je vier Spiele mit deutscher Beteiligung \u00fcbertragen, wobei beide Anbieter je ein Spiel pro Team zeigen. Bei Bayern und Frankfurt gibts die Hinspiele auf Prime bzw. die R\u00fcckspiele auf DAZN und beim BVB und RB Leipzig genau andersrum. Wie sieht es bei euch aus? Wie gro\u00df ist eure Vorfreude auf den Europapokal? Lasst es uns gerne im Kommentarbereich wissen.<\/p>\n\n\n\n<p>Jetzt aber erstmal der Sprung in die Ansetzungen. Die Analyse inkl. der Infos, welche Spiele aus dem Stadion bzw. der Box kommentiert werden, gibt es dann im Anschluss!<\/p>\n\n\n\n<hr class=\"wp-block-separator\"\/>\n\n\n\n<p><strong>Die Ansetzungen vom 14. Februar bis zum 16. Februar 2022<\/strong><\/p>\n\n\n\n<p><strong>Champions League, Achtelfinal-Hinspiele Teil 1 <\/strong><\/p>\n\n\n\n<p><span style=\"text-decoration: underline;\">Dienstag, 14. Februar 2023, ab 20.00 Uhr PrimeVideo)<\/span><\/p>\n\n\n\n<p><em><strong>Paris Saint-Germain &#8211; FC Bayern M\u00fcnchen (21.00 Uhr)<\/strong><\/em><\/p>\n\n\n\n<p><img loading=\"lazy\" decoding=\"async\" width=\"10\" height=\"21\" class=\"wp-image-3656\" style=\"width: 10px;\" src=\"http:\/\/kommentatorenblog.de\/wp-content\/uploads\/2020\/09\/shure-55sh-ii-e1601485394796.jpg\" alt=\"\" srcset=\"http:\/\/kommentatorenblog.de\/wp-content\/uploads\/2020\/09\/shure-55sh-ii-e1601485394796.jpg 415w, http:\/\/kommentatorenblog.de\/wp-content\/uploads\/2020\/09\/shure-55sh-ii-e1601485394796-142x300.jpg 142w\" sizes=\"auto, (max-width: 10px) 100vw, 10px\" \/> Jonas Friedrich Experte: Benedikt H\u00f6wedes<\/p>\n\n\n\n<p>Field-Reporter: Annika Zimmermann und Sebastian Benesch<\/p>\n\n\n\n<p>Moderation (Stadion): Sebastian Hellmann, Experten: Mario Gomez, Matthias Sammer und Josephine Henning, Schiedsrichterexperte: Wolfgang Stark<\/p>\n\n\n\n<p>Experte (Highlight-Show): Patrick Owomoyela <\/p>\n\n\n\n<p><span style=\"text-decoration: underline;\">ab 20.50 Uhr (DAZN)<\/span><\/p>\n\n\n\n<p><em><strong>AC Mailand &#8211; Tottenham Hotspur (21.00 Uhr)<\/strong><\/em><\/p>\n\n\n\n<p><img loading=\"lazy\" decoding=\"async\" width=\"10\" height=\"21\" class=\"wp-image-3656\" style=\"width: 10px;\" src=\"http:\/\/kommentatorenblog.de\/wp-content\/uploads\/2020\/09\/shure-55sh-ii-e1601485394796.jpg\" alt=\"\" srcset=\"http:\/\/kommentatorenblog.de\/wp-content\/uploads\/2020\/09\/shure-55sh-ii-e1601485394796.jpg 415w, http:\/\/kommentatorenblog.de\/wp-content\/uploads\/2020\/09\/shure-55sh-ii-e1601485394796-142x300.jpg 142w\" sizes=\"auto, (max-width: 10px) 100vw, 10px\" \/> Jan Platte, Experte: Sebastian Knei\u00dfl <\/p>\n\n\n\n<p><span style=\"text-decoration: underline;\">Mittwoch, 15. Februar 2023, ab 20.15 Uhr (DAZN)<\/span><\/p>\n\n\n\n<p><em><strong>Borussia Dortmund &#8211; FC Chelsea (21.00 Uhr)<\/strong><\/em><\/p>\n\n\n\n<p><img loading=\"lazy\" decoding=\"async\" width=\"10\" height=\"21\" class=\"wp-image-3656\" style=\"width: 10px;\" src=\"http:\/\/kommentatorenblog.de\/wp-content\/uploads\/2020\/09\/shure-55sh-ii-e1601485394796.jpg\" alt=\"\" srcset=\"http:\/\/kommentatorenblog.de\/wp-content\/uploads\/2020\/09\/shure-55sh-ii-e1601485394796.jpg 415w, http:\/\/kommentatorenblog.de\/wp-content\/uploads\/2020\/09\/shure-55sh-ii-e1601485394796-142x300.jpg 142w\" sizes=\"auto, (max-width: 10px) 100vw, 10px\" \/> Uli Hebel Experte: Michael Ballack (Einzelspiel), Marco Hagemann (Konferenz)<\/p>\n\n\n\n<p>Moderation: Laura Wontorra, Field-Reporter: Daniel Herzog<\/p>\n\n\n\n<p><span style=\"text-decoration: underline;\">ab 20.50 Uhr (DAZN)<\/span><\/p>\n\n\n\n<p><em><strong>FC Br\u00fcgge &#8211; Benfica Lissabon (21.00 Uhr)<\/strong><\/em><\/p>\n\n\n\n<p><img loading=\"lazy\" decoding=\"async\" width=\"10\" height=\"21\" class=\"wp-image-3656\" style=\"width: 10px;\" src=\"http:\/\/kommentatorenblog.de\/wp-content\/uploads\/2020\/09\/shure-55sh-ii-e1601485394796.jpg\" alt=\"\" srcset=\"http:\/\/kommentatorenblog.de\/wp-content\/uploads\/2020\/09\/shure-55sh-ii-e1601485394796.jpg 415w, http:\/\/kommentatorenblog.de\/wp-content\/uploads\/2020\/09\/shure-55sh-ii-e1601485394796-142x300.jpg 142w\" sizes=\"auto, (max-width: 10px) 100vw, 10px\" \/> Michael Born, Experte: Benny Lauth (Einzelspiel), Max Siebald (Konferenz)<\/p>\n\n\n\n<hr class=\"wp-block-separator\"\/>\n\n\n\n<p><strong>Europa League \/ Europa Conference League Zwischenrunde (RTL\/RTL+)<\/strong><\/p>\n\n\n\n<p><span style=\"text-decoration: underline;\">Donnerstag, 16. Februar 2023, ab 18.15 Uhr (RTL+)<\/span><\/p>\n\n\n\n<p><em><strong>Ajax Amsterdam \u2013 1. FC Union Berlin (18.45 Uhr)<\/strong><\/em><\/p>\n\n\n\n<p><img loading=\"lazy\" decoding=\"async\" width=\"10\" height=\"21\" class=\"wp-image-3656\" style=\"width: 10px;\" src=\"http:\/\/kommentatorenblog.de\/wp-content\/uploads\/2020\/09\/shure-55sh-ii-e1601485394796.jpg\" alt=\"\" srcset=\"http:\/\/kommentatorenblog.de\/wp-content\/uploads\/2020\/09\/shure-55sh-ii-e1601485394796.jpg 415w, http:\/\/kommentatorenblog.de\/wp-content\/uploads\/2020\/09\/shure-55sh-ii-e1601485394796-142x300.jpg 142w\" sizes=\"auto, (max-width: 10px) 100vw, 10px\" \/> Christina Graf, Experte: Felix Kroos (Einzelspiel), Cornelius K\u00fcpper (Konferenz)<\/p>\n\n\n\n<p>Field-Reporter: Christoph K\u00fcppers<\/p>\n\n\n\n<p><em><strong>FC Barcelona \u2013 Manchester United (18.45 Uhr)<\/strong><\/em><\/p>\n\n\n\n<p><img loading=\"lazy\" decoding=\"async\" width=\"10\" height=\"21\" class=\"wp-image-3656\" style=\"width: 10px;\" src=\"http:\/\/kommentatorenblog.de\/wp-content\/uploads\/2020\/09\/shure-55sh-ii-e1601485394796.jpg\" alt=\"\" srcset=\"http:\/\/kommentatorenblog.de\/wp-content\/uploads\/2020\/09\/shure-55sh-ii-e1601485394796.jpg 415w, http:\/\/kommentatorenblog.de\/wp-content\/uploads\/2020\/09\/shure-55sh-ii-e1601485394796-142x300.jpg 142w\" sizes=\"auto, (max-width: 10px) 100vw, 10px\" \/> Oliver Seidler (Einzelspiel), Christian Stra\u00dfburger (Konferenz)<\/p>\n\n\n\n<p><em><strong>FC Salzburg \u2013 AS Rom (18.45 Uhr)<\/strong><\/em><\/p>\n\n\n\n<p><img loading=\"lazy\" decoding=\"async\" width=\"10\" height=\"21\" class=\"wp-image-3656\" style=\"width: 10px;\" src=\"http:\/\/kommentatorenblog.de\/wp-content\/uploads\/2020\/09\/shure-55sh-ii-e1601485394796.jpg\" alt=\"\" srcset=\"http:\/\/kommentatorenblog.de\/wp-content\/uploads\/2020\/09\/shure-55sh-ii-e1601485394796.jpg 415w, http:\/\/kommentatorenblog.de\/wp-content\/uploads\/2020\/09\/shure-55sh-ii-e1601485394796-142x300.jpg 142w\" sizes=\"auto, (max-width: 10px) 100vw, 10px\" \/> Michael Born (Einzelspiel), Alex K\u00fcpper (Konferenz)<\/p>\n\n\n\n<p><em><strong>Trabzonspor AS \u2013 FC Basel (18.45 Uhr)<\/strong><\/em><\/p>\n\n\n\n<p><img loading=\"lazy\" decoding=\"async\" width=\"10\" height=\"21\" class=\"wp-image-3656\" style=\"width: 10px;\" src=\"http:\/\/kommentatorenblog.de\/wp-content\/uploads\/2020\/09\/shure-55sh-ii-e1601485394796.jpg\" alt=\"\" srcset=\"http:\/\/kommentatorenblog.de\/wp-content\/uploads\/2020\/09\/shure-55sh-ii-e1601485394796.jpg 415w, http:\/\/kommentatorenblog.de\/wp-content\/uploads\/2020\/09\/shure-55sh-ii-e1601485394796-142x300.jpg 142w\" sizes=\"auto, (max-width: 10px) 100vw, 10px\" \/> Florian von Stackelberg (Einzelspiel), Alex Klich (Konferenz)<\/p>\n\n\n\n<p><span style=\"text-decoration: underline;\">ab 20.15 Uhr (RTL\/RTL+)<\/span><\/p>\n\n\n\n<p><em><strong><span><b style=\"font-style: italic;\">Bayer 04 Leverkusen \u2013 AS Monaco <\/b><\/span>(21.00 Uhr)<\/strong><\/em><\/p>\n\n\n\n<p>RTL: <img loading=\"lazy\" decoding=\"async\" width=\"10\" height=\"21\" class=\"wp-image-3656\" style=\"width: 10px;\" src=\"http:\/\/kommentatorenblog.de\/wp-content\/uploads\/2020\/09\/shure-55sh-ii-e1601485394796.jpg\" alt=\"\" srcset=\"http:\/\/kommentatorenblog.de\/wp-content\/uploads\/2020\/09\/shure-55sh-ii-e1601485394796.jpg 415w, http:\/\/kommentatorenblog.de\/wp-content\/uploads\/2020\/09\/shure-55sh-ii-e1601485394796-142x300.jpg 142w\" sizes=\"auto, (max-width: 10px) 100vw, 10px\" \/> Marco Hagemann, Experte: Steffen Freund<\/p>\n\n\n\n<p>RTL+: <img loading=\"lazy\" decoding=\"async\" width=\"10\" height=\"21\" class=\"wp-image-3656\" style=\"width: 10px;\" src=\"http:\/\/kommentatorenblog.de\/wp-content\/uploads\/2020\/09\/shure-55sh-ii-e1601485394796.jpg\" alt=\"\" srcset=\"http:\/\/kommentatorenblog.de\/wp-content\/uploads\/2020\/09\/shure-55sh-ii-e1601485394796.jpg 415w, http:\/\/kommentatorenblog.de\/wp-content\/uploads\/2020\/09\/shure-55sh-ii-e1601485394796-142x300.jpg 142w\" sizes=\"auto, (max-width: 10px) 100vw, 10px\" \/> Robby Hunke, Experte: Patrick Helmes (Einzelspiel), Klaus Veltman (Konferenz)<\/p>\n\n\n\n<p>Field-Reporter: Thomas Wagner, Felix G\u00f6rner und Jonas Hoffmeister<\/p>\n\n\n\n<p>Moderation (RTL): Laura Papendick, Experten: Lothar Matth\u00e4us und Karl-Heinz Riedle<\/p>\n\n\n\n<p><span style=\"text-decoration: underline;\">ab 20.40 Uhr (RTL+)<\/span><\/p>\n\n\n\n<p><em><strong>Juventus Turin \u2013 FC Nantes (21.00 Uhr)<\/strong><\/em><\/p>\n\n\n\n<p><img loading=\"lazy\" decoding=\"async\" width=\"10\" height=\"21\" class=\"wp-image-3656\" style=\"width: 10px;\" src=\"http:\/\/kommentatorenblog.de\/wp-content\/uploads\/2020\/09\/shure-55sh-ii-e1601485394796.jpg\" alt=\"\" srcset=\"http:\/\/kommentatorenblog.de\/wp-content\/uploads\/2020\/09\/shure-55sh-ii-e1601485394796.jpg 415w, http:\/\/kommentatorenblog.de\/wp-content\/uploads\/2020\/09\/shure-55sh-ii-e1601485394796-142x300.jpg 142w\" sizes=\"auto, (max-width: 10px) 100vw, 10px\" \/> Stefan Galler (Einzelspiel), Philip Konrad (Konferenz)<\/p>\n\n\n\n<p><em><strong>Sporting Lissabon \u2013 FC Midtjylland (21.00 Uhr)<\/strong><\/em><\/p>\n\n\n\n<p><img loading=\"lazy\" decoding=\"async\" width=\"10\" height=\"21\" class=\"wp-image-3656\" style=\"width: 10px;\" src=\"http:\/\/kommentatorenblog.de\/wp-content\/uploads\/2020\/09\/shure-55sh-ii-e1601485394796.jpg\" alt=\"\" srcset=\"http:\/\/kommentatorenblog.de\/wp-content\/uploads\/2020\/09\/shure-55sh-ii-e1601485394796.jpg 415w, http:\/\/kommentatorenblog.de\/wp-content\/uploads\/2020\/09\/shure-55sh-ii-e1601485394796-142x300.jpg 142w\" sizes=\"auto, (max-width: 10px) 100vw, 10px\" \/> Frederick Schulz (Einzelspiel), J\u00fcrgen Schmitz (Konferenz)<\/p>\n\n\n\n<p><em><strong>FC Sevilla \u2013 PSV Eindhoven (21.00 Uhr)<\/strong><\/em><\/p>\n\n\n\n<p><img loading=\"lazy\" decoding=\"async\" width=\"10\" height=\"21\" class=\"wp-image-3656\" style=\"width: 10px;\" src=\"http:\/\/kommentatorenblog.de\/wp-content\/uploads\/2020\/09\/shure-55sh-ii-e1601485394796.jpg\" alt=\"\" srcset=\"http:\/\/kommentatorenblog.de\/wp-content\/uploads\/2020\/09\/shure-55sh-ii-e1601485394796.jpg 415w, http:\/\/kommentatorenblog.de\/wp-content\/uploads\/2020\/09\/shure-55sh-ii-e1601485394796-142x300.jpg 142w\" sizes=\"auto, (max-width: 10px) 100vw, 10px\" \/> Christoph Stadtler (Einzelspiel), Heiko Wasser (Konferenz)<\/p>\n\n\n\n<p>Moderation: Anna Kraft, Arnd Zeigler und Ansgar Brinkmann <\/p>\n\n\n\n<hr class=\"wp-block-separator\"\/>\n\n\n\n<p><strong>Premier League, Nachholspiel (Sky)<\/strong><\/p>\n\n\n\n<p><span style=\"text-decoration: underline;\">Mittwoch 15. Februar 2023, ab 20.00 Uhr<\/span><\/p>\n\n\n\n<p><em><strong>FC Arsenal \u2013 Manchester City (20.30 Uhr)<\/strong><\/em><\/p>\n\n\n\n<p><img loading=\"lazy\" decoding=\"async\" width=\"10\" height=\"21\" class=\"wp-image-3656\" style=\"width: 10px;\" src=\"http:\/\/kommentatorenblog.de\/wp-content\/uploads\/2020\/09\/shure-55sh-ii-e1601485394796.jpg\" alt=\"\" srcset=\"http:\/\/kommentatorenblog.de\/wp-content\/uploads\/2020\/09\/shure-55sh-ii-e1601485394796.jpg 415w, http:\/\/kommentatorenblog.de\/wp-content\/uploads\/2020\/09\/shure-55sh-ii-e1601485394796-142x300.jpg 142w\" sizes=\"auto, (max-width: 10px) 100vw, 10px\" \/> Florian Schmidt-Sommerfeld, Experte: Ren\u00e9 Adler<\/p>\n\n\n\n<p>Field-Reporter: Sven T\u00f6llner<\/p>\n\n\n\n<hr class=\"wp-block-separator\"\/>\n\n\n\n<p><strong>La Liga, Nachholspiel (DAZN)<\/strong><\/p>\n\n\n\n<p><span style=\"text-decoration: underline;\">Mittwoch 15. Februar 2023<\/span><\/p>\n\n\n\n<p><em><strong>Real Madrid \u2013 FC Elche (21.00 Uhr)<\/strong><\/em><\/p>\n\n\n\n<p><img loading=\"lazy\" decoding=\"async\" width=\"10\" height=\"21\" class=\"wp-image-3656\" style=\"width: 10px;\" src=\"http:\/\/kommentatorenblog.de\/wp-content\/uploads\/2020\/09\/shure-55sh-ii-e1601485394796.jpg\" alt=\"\" srcset=\"http:\/\/kommentatorenblog.de\/wp-content\/uploads\/2020\/09\/shure-55sh-ii-e1601485394796.jpg 415w, http:\/\/kommentatorenblog.de\/wp-content\/uploads\/2020\/09\/shure-55sh-ii-e1601485394796-142x300.jpg 142w\" sizes=\"auto, (max-width: 10px) 100vw, 10px\" \/> Julian Engelhard<\/p>\n\n\n\n<hr class=\"wp-block-separator\"\/>\n\n\n\n<p><strong>Internationaler Fu\u00dfball (Sportdigital FUSSBALL)<\/strong><\/p>\n\n\n\n<p>Folgt am Dienstag<\/p>\n\n\n\n<hr class=\"wp-block-separator\"\/>\n\n\n\n<p><strong>Die Analyse<\/strong><\/p>\n\n\n\n<p>Den Auftakt in die KO-Phase macht die Wiederauflage des Finals von 2020. Paris Saint-Germain gegen die Bayern gibt es live auf PrimeVideo. F\u00fcr Prime ist es der erste &#8222;Auslandseinsatz&#8220; in dieser Saison, nachdem in der Gruppenphase nur Heimspiele der deutschen Teams gezeigt wurden. Sebastian Hellmann meldet sich ab 20Uhr aus dem Prinzenpark und hat nat\u00fcrlich auch im Jahr 2023 prominente Unterst\u00fctzung. Josephine Henning, Mario Gomez und auch Matthias Sammer sind mit dabei, zudem steht f\u00fcr die Highlight-Show Patrick Owomoyela auch noch in Paris zur Verf\u00fcgung. Field-Reporter sind mit Annika Zimmermann und Sebastian Benesch gleich zwei mit dabei, kommentieren wird das \u00fcbliche Duo Friedrich und H\u00f6wedes. <\/p>\n\n\n\n<p>Bei DAZN gibts parallel Milan gegen die Spurs. Jan Platte und Sebastian Knei\u00dfl melden sich kurz vor Anpfiff aus der Box und begleiten durch die 90 Minuten.<\/p>\n\n\n\n<p><\/p>\n\n\n\n<p>Am Mittwoch steht dann nat\u00fcrlich wieder DAZN im Mittelpunkt. Nach dem Meister steigt nun auch wieder der Vizemeister ein, der BVB empf\u00e4ngt die Shopping-Queen aus London. Laura Wontorra und Michael Ballack melden sich ab 20.15Uhr aus dem Signal-Iduna-Park und stimmen auf die Begegnung ein, nat\u00fcrlich geht aber auch noch Daniel Herzog auf Stimmenfang. Kommentieren wird dann Uli Hebel gemeinsam mit Michael Ballack, ein Duo, das wir schon einige Male in dieser Saison hatten.<\/p>\n\n\n\n<p>Alternativ kann man die Begegnung aber nat\u00fcrlich auch in der Konferenz beobachten. Marco Hagemann meldet sich mit Max Siebald aus dieser. Siebald k\u00fcmmert sich um Br\u00fcgge gegen Benfica, was es alternativ auch als Einzelspiel mit Michael Born und Benny Lauth geben w\u00fcrde.<\/p>\n\n\n\n<p>Am Mittwoch stehen aber auch noch zwei Nachholspiele in der Premier League und in der La Liga an. Der volle Blick dabei geht aber nat\u00fcrlich auf das Gipfeltreffen zwischen Arsenal und Man City. Erster gegen Zweiter gibts nat\u00fcrlich mit Vorberichterstattung und Field-Reporter. Sven T\u00f6llner meldet sich aus dem Emirates und Schmiso \u00fcbernimmt mit Ren\u00e9 Adler den Rest.<\/p>\n\n\n\n<p>In der Europa (Conference) League steht die Zwischenrunde an. Die Dritten der Champions bzw. Europa League Gruppen treffen auf die Zweiten der Europa bzw. Conference League Gruppen. Aus deutscher Sicht gibt es hierbei mit Leverkusen und Union zwei Teams zu sehen.<\/p>\n\n\n\n<p>Das Gastspiel der Unioner in Amsterdam um 18.45Uhr gibt es hierbei exklusiv auf RTL+. Ab 20.15Uhr startet der Vorlauf auf die fr\u00fchen Spiele mit Anna Kraft, Arnd Zeigler und Ansgar Brinkmann, RTL k\u00fcndigte aber auch eine gr\u00f6\u00dfere Einbindung der Konferenzkommentatoren an. Der Kommentar des Einzelspiels von Union bei Ajax kommt leider nur aus der Box, Christina Graf und Felix Kroos melden sich aus dieser. F\u00fcr Interviews in der niederl\u00e4ndischen Hauptstadt ist Christoph K\u00fcppers. Ansonsten steht nat\u00fcrlich noch eine Partie mit Barcelona gegen Manchester United an, die auch locker als Champions League Finale durchgehen w\u00fcrde (zumindest von den Namen). Oliver Seidler kommentiert. In den weiteren Einzelspielen der Fr\u00fchschicht kommen Michael Born und Florian von Stackelberg zum Einsatz. In der Konferenz \u00fcbernimmt Corni K\u00fcpper Union und Christian Stra\u00dfburger das nominelle Topspiel. Es komplettieren Alex K\u00fcpper und Alex Klich.<\/p>\n\n\n\n<p>Zur sp\u00e4ten Ansto\u00dfzeit gibt es dann auch ein Spiel im Free-TV und zwar die Partie von Leverkusen gegen Monaco und Kevin Volland. Laura Papendick, Lothar Matth\u00e4us und Kalle Riedle melden sich ab 20.15 Uhr aus der Bay Arena. Zudem schickt RTL gleich drei Field-Reporter ins Rennen. Thomas Wagner, Felix G\u00f6rner und Jonas Hoffmeister gehen auf Stimmenfang. Kommentieren werden dann auf Marco Hagemann und Steffen Freund aus dem Stadion f\u00fcr RTL bzw. Robby Hunke und Patrick Helmes aus der Box f\u00fcr RTL+. Das Duo Hunke und Helmes bleibt also einem Team aus dem Rheinland treu. Fehlt nur noch der Konferenzkommentator, Klaus Veltman \u00fcbernimmt &#8211; wie er selbst sagen w\u00fcrde &#8211; die Chose. <\/p>\n\n\n\n<p>Bis dahin, habt einen sch\u00f6nen Valentinstag &#8211; ob alleine oder nicht und genie\u00dft die Woche. Ich verabschiede mich jetzt erstmal nach vier Beitr\u00e4gen in Folge in eine kleine Beitragspause, ab Donnerstag stehen dann gl\u00fccklicherweise wieder meine Mitblogger zur Verf\u00fcgung!<\/p>\n","protected":false},"excerpt":{"rendered":"<p>N&#8217;Abend allerseits, der Superbowl ist gelaufen, aber es steht gleich das n\u00e4chste tolle Sportereignis an. Der Europapokal ist zur\u00fcck aus der dreimonatigen Pause. Vier Achtelfinalhinspiele stehen bereits in dieser Woche an und vier weitere kommen dann n\u00e4chste Woche. Aus deutscher Sicht ist nat\u00fcrlich noch einiges geboten. Vier Teams sind noch im Rennen, weshalb es an [&hellip;]<\/p>\n","protected":false},"author":5,"featured_media":0,"comment_status":"open","ping_status":"open","sticky":false,"template":"","format":"standard","meta":{"footnotes":""},"categories":[425],"tags":[],"class_list":["post-14576","post","type-post","status-publish","format-standard","hentry","category-champions-league-und-co"],"_links":{"self":[{"href":"http:\/\/kommentatorenblog.de\/index.php?rest_route=\/wp\/v2\/posts\/14576","targetHints":{"allow":["GET"]}}],"collection":[{"href":"http:\/\/kommentatorenblog.de\/index.php?rest_route=\/wp\/v2\/posts"}],"about":[{"href":"http:\/\/kommentatorenblog.de\/index.php?rest_route=\/wp\/v2\/types\/post"}],"author":[{"embeddable":true,"href":"http:\/\/kommentatorenblog.de\/index.php?rest_route=\/wp\/v2\/users\/5"}],"replies":[{"embeddable":true,"href":"http:\/\/kommentatorenblog.de\/index.php?rest_route=%2Fwp%2Fv2%2Fcomments&post=14576"}],"version-history":[{"count":3,"href":"http:\/\/kommentatorenblog.de\/index.php?rest_route=\/wp\/v2\/posts\/14576\/revisions"}],"predecessor-version":[{"id":14579,"href":"http:\/\/kommentatorenblog.de\/index.php?rest_route=\/wp\/v2\/posts\/14576\/revisions\/14579"}],"wp:attachment":[{"href":"http:\/\/kommentatorenblog.de\/index.php?rest_route=%2Fwp%2Fv2%2Fmedia&parent=14576"}],"wp:term":[{"taxonomy":"category","embeddable":true,"href":"http:\/\/kommentatorenblog.de\/index.php?rest_route=%2Fwp%2Fv2%2Fcategories&post=14576"},{"taxonomy":"post_tag","embeddable":true,"href":"http:\/\/kommentatorenblog.de\/index.php?rest_route=%2Fwp%2Fv2%2Ftags&post=14576"}],"curies":[{"name":"wp","href":"https:\/\/api.w.org\/{rel}","templated":true}]}}