{"id":14614,"date":"2023-02-20T18:14:20","date_gmt":"2023-02-20T16:14:20","guid":{"rendered":"http:\/\/kommentatorenblog.de\/?p=14614"},"modified":"2023-02-24T16:33:02","modified_gmt":"2023-02-24T14:33:02","slug":"1320-europapokal-die-zweite","status":"publish","type":"post","link":"http:\/\/kommentatorenblog.de\/?p=14614","title":{"rendered":"1320 \u2013 Europapokal die Zweite"},"content":{"rendered":"\n<p>N&#8217;Abend allerseits! <\/p>\n\n\n\n<p>Nachdem Nico jetzt mal etwas durchatmen kann, werde ich die n\u00e4chsten Tage \u00fcbernehmen und euch mit dem Wichtigsten, n\u00e4mlich den Ansetzungen versorgen. Die Frankfurter Eintracht hat mit wenig Kraftaufwand gegen die Bremer gewonnen und ganz Frankfurt schaut neben Fasching, Karneval oder wie es auch immer im Rhein-Main-Gebiet genannt wird, nat\u00fcrlich auch auf die Achtelfinalpartie gegen den Primus aus der Serie A. Napoli hat in dieser Saison lediglich 2 Spiele verloren, einmal gegen Mailand und einmal im Ausw\u00e4rtsspiel beim FC Liverpool. Es wird also ein dickes Brett zu bohren sein gegen die Italiener Glasner Res\u00fcmiert in der SZ bei Frank Hellmann, dass die Italiener atypisch italienisch spielen. Ein Aggressives Gegenpressing zeichne Napoli aus und im Videostudium hat sich gezeigt, dass alles darauf ankommen wird, kompakt in der Defensive zu stehen und Napolis Torj\u00e4ger Victor Osimhen aus dem Spiel zu nehmen. Dann, so hofft Glasner, ergeben sich immer wieder Momente f\u00fcr die Eintracht. <\/p>\n\n\n\n<p>Ob und wie das gelingt zeigt Prime Video im exklusiven Einzelspiel. Die Entscheidung d\u00fcrfte schwer fallen an diesem Dienstag, da DAZN Liverpool &#8211; Real \u00fcbertr\u00e4gt, mit Sicherheit auch ein Spiel, von dem wir viel erwarten k\u00f6nnen. <\/p>\n\n\n\n<p>Ich mach&#8217;s mir einfach und schaue die Konferenz auf Sky Austria. Noch habe ich dieses Privileg, alle Spiele in der Konferenz sehen zu k\u00f6nnen. Mit der neuen Rechteperiode wird sich dies auch \u00e4ndern, denn Canal Plus wird, \u00e4hnlich dem Amazonmodell, ein exklusives Einzelspiel bekommen. Generell finde ich diese Aufsplittungen immer etwas ung\u00fcnstig, da ich ein absoluter Konferenz-Fan bin. Zudem ist es nat\u00fcrlich immer auch eine Kostenfrage. <\/p>\n\n\n\n<p>Aber dieses Thema ist ein weites Feld und die Meinungen sind wahrscheinlich ebenso vielf\u00e4ltig wie die \u00fcbertragenden Sender am Markt. <\/p>\n\n\n\n<p>Euch jedenfalls einen, zwei oder sogar drei sch\u00f6ne gute Fu\u00dfballabende unter der Woche, bei denen Klaus Veltman nat\u00fcrlich nicht fehlen wird!   <\/p>\n\n\n\n<p> <strong>Die Ansetzungen vom 21. Februar bis zum 23. Februar 2022<\/strong><\/p>\n\n\n\n<p><strong>Champions League, Achtelfinal-Hinspiele Teil 2 <\/strong><\/p>\n\n\n\n<p><span style=\"text-decoration: underline;\">Dienstag, 21. Februar 2023, ab 20.00 Uhr PrimeVideo)<\/span><\/p>\n\n\n\n<p><strong><em>Eintracht Frankfurt \u2013 SSC Neapel (21.00 Uhr)<\/em><\/strong><\/p>\n\n\n\n<p><img loading=\"lazy\" decoding=\"async\" width=\"10\" height=\"21\" class=\"wp-image-3656\" style=\"width: 10px;\" src=\"http:\/\/kommentatorenblog.de\/wp-content\/uploads\/2020\/09\/shure-55sh-ii-e1601485394796.jpg\" alt=\"\" srcset=\"http:\/\/kommentatorenblog.de\/wp-content\/uploads\/2020\/09\/shure-55sh-ii-e1601485394796.jpg 415w, http:\/\/kommentatorenblog.de\/wp-content\/uploads\/2020\/09\/shure-55sh-ii-e1601485394796-142x300.jpg 142w\" sizes=\"auto, (max-width: 10px) 100vw, 10px\" \/> Jonas Friedrich Experte: Benedikt H\u00f6wedes<\/p>\n\n\n\n<p>Field-Reporter: Annika Zimmermann und Sebastian Benesch<\/p>\n\n\n\n<p>Moderation (Stadion): Sebastian Hellmann, Experten: Matthias Sammer, Patrick Owomoyela und Kim Kulig  , Schiedsrichterexperte: Wolfgang Stark<\/p>\n\n\n\n<p>Experten (Highlight-Show): Patrick Owomoyela  und Benedikt H\u00f6wedes <\/p>\n\n\n\n<p><span style=\"text-decoration: underline;\">ab 20.30 Uhr (DAZN)<\/span><\/p>\n\n\n\n<p><em><strong>FC Liverpool \u2013 Real Madrid (21.00 Uhr)<\/strong><\/em><\/p>\n\n\n\n<p><img loading=\"lazy\" decoding=\"async\" width=\"10\" height=\"21\" class=\"wp-image-3656\" style=\"width: 10px;\" src=\"http:\/\/kommentatorenblog.de\/wp-content\/uploads\/2020\/09\/shure-55sh-ii-e1601485394796.jpg\" alt=\"\" srcset=\"http:\/\/kommentatorenblog.de\/wp-content\/uploads\/2020\/09\/shure-55sh-ii-e1601485394796.jpg 415w, http:\/\/kommentatorenblog.de\/wp-content\/uploads\/2020\/09\/shure-55sh-ii-e1601485394796-142x300.jpg 142w\" sizes=\"auto, (max-width: 10px) 100vw, 10px\" \/> Lukas Sch\u00f6nm\u00fcller; Experte: Sebastian Knei\u00dfl<\/p>\n\n\n\n<p>Field-Reporter: Daniel Herzog <\/p>\n\n\n\n<p>Moderation: Tobi Wahnschaffe   <\/p>\n\n\n\n<p><span style=\"text-decoration: underline;\">Mittwoch, 22. Februar 2023, ab 20.15 Uhr (DAZN)<\/span><\/p>\n\n\n\n<p><em><strong>RB Leipzig \u2013 Manchester City (21.00 Uhr)<\/strong><\/em><\/p>\n\n\n\n<p><img loading=\"lazy\" decoding=\"async\" width=\"10\" height=\"21\" class=\"wp-image-3656\" style=\"width: 10px;\" src=\"http:\/\/kommentatorenblog.de\/wp-content\/uploads\/2020\/09\/shure-55sh-ii-e1601485394796.jpg\" alt=\"\" srcset=\"http:\/\/kommentatorenblog.de\/wp-content\/uploads\/2020\/09\/shure-55sh-ii-e1601485394796.jpg 415w, http:\/\/kommentatorenblog.de\/wp-content\/uploads\/2020\/09\/shure-55sh-ii-e1601485394796-142x300.jpg 142w\" sizes=\"auto, (max-width: 10px) 100vw, 10px\" \/> Uli Hebel Experte: Sandro Wagner (Einzelspiel), Jan Platte (Konferenz)<\/p>\n\n\n\n<p>Moderation: Alex Schl\u00fcter, Field-Reporter: Max Siebald <\/p>\n\n\n\n<p><em><strong>Inter Mailand \u2013 FC Porto (21.00 Uhr)<\/strong><\/em><\/p>\n\n\n\n<p><img loading=\"lazy\" decoding=\"async\" width=\"10\" height=\"21\" class=\"wp-image-3656\" style=\"width: 10px;\" src=\"http:\/\/kommentatorenblog.de\/wp-content\/uploads\/2020\/09\/shure-55sh-ii-e1601485394796.jpg\" alt=\"\" srcset=\"http:\/\/kommentatorenblog.de\/wp-content\/uploads\/2020\/09\/shure-55sh-ii-e1601485394796.jpg 415w, http:\/\/kommentatorenblog.de\/wp-content\/uploads\/2020\/09\/shure-55sh-ii-e1601485394796-142x300.jpg 142w\" sizes=\"auto, (max-width: 10px) 100vw, 10px\" \/> Michael Born, Experte: Benny Lauth (Einzelspiel), Marco Hagemann (Konferenz)<\/p>\n\n\n\n<hr class=\"wp-block-separator\"\/>\n\n\n\n<p><strong>Europa League \/ Europa Conference League Zwischenrunde (RTL\/RTL+)<\/strong><\/p>\n\n\n\n<p><span style=\"text-decoration: underline;\">Donnerstag, 23. Februar 2023, ab 18.15 Uhr (RTL+)<\/span><\/p>\n\n\n\n<p><em><strong>AS Monaco \u2013 Bayer 04 Leverkusen (18.45 Uhr)<\/strong><\/em><\/p>\n\n\n\n<p><img loading=\"lazy\" decoding=\"async\" width=\"10\" height=\"21\" class=\"wp-image-3656\" style=\"width: 10px;\" src=\"http:\/\/kommentatorenblog.de\/wp-content\/uploads\/2020\/09\/shure-55sh-ii-e1601485394796.jpg\" alt=\"\" srcset=\"http:\/\/kommentatorenblog.de\/wp-content\/uploads\/2020\/09\/shure-55sh-ii-e1601485394796.jpg 415w, http:\/\/kommentatorenblog.de\/wp-content\/uploads\/2020\/09\/shure-55sh-ii-e1601485394796-142x300.jpg 142w\" sizes=\"auto, (max-width: 10px) 100vw, 10px\" \/> Michael Born, Experte: Patrick Helmes (Einzelspiel), Klaus Veltman (Konferenz)<\/p>\n\n\n\n<p>Field-Reporter: Thomas Wagner<\/p>\n\n\n\n<p><em><strong>FC Nantes \u2013 Juventus Turin (18.45 Uhr)<\/strong><\/em><\/p>\n\n\n\n<p><img loading=\"lazy\" decoding=\"async\" width=\"10\" height=\"21\" class=\"wp-image-3656\" style=\"width: 10px;\" src=\"http:\/\/kommentatorenblog.de\/wp-content\/uploads\/2020\/09\/shure-55sh-ii-e1601485394796.jpg\" alt=\"\" srcset=\"http:\/\/kommentatorenblog.de\/wp-content\/uploads\/2020\/09\/shure-55sh-ii-e1601485394796.jpg 415w, http:\/\/kommentatorenblog.de\/wp-content\/uploads\/2020\/09\/shure-55sh-ii-e1601485394796-142x300.jpg 142w\" sizes=\"auto, (max-width: 10px) 100vw, 10px\" \/> Stefan Galler (Einzelspiel), Philip Konrad (Konferenz)<\/p>\n\n\n\n<p><em><strong><em><strong>FC Midtjylland<\/strong><\/em> \u2013 Sporting Lissabon (18.45 Uhr)<\/strong><\/em><\/p>\n\n\n\n<p><img loading=\"lazy\" decoding=\"async\" width=\"10\" height=\"21\" class=\"wp-image-3656\" style=\"width: 10px;\" src=\"http:\/\/kommentatorenblog.de\/wp-content\/uploads\/2020\/09\/shure-55sh-ii-e1601485394796.jpg\" alt=\"\" srcset=\"http:\/\/kommentatorenblog.de\/wp-content\/uploads\/2020\/09\/shure-55sh-ii-e1601485394796.jpg 415w, http:\/\/kommentatorenblog.de\/wp-content\/uploads\/2020\/09\/shure-55sh-ii-e1601485394796-142x300.jpg 142w\" sizes=\"auto, (max-width: 10px) 100vw, 10px\" \/> Frederick Schulz (Einzelspiel), J\u00fcrgen Schmitz (Konferenz)<\/p>\n\n\n\n<p><em><strong>PSV Eindhoven \u2013 Sevilla FC  (18.45 Uhr)<\/strong><\/em><\/p>\n\n\n\n<p><img loading=\"lazy\" decoding=\"async\" width=\"10\" height=\"21\" class=\"wp-image-3656\" style=\"width: 10px;\" src=\"http:\/\/kommentatorenblog.de\/wp-content\/uploads\/2020\/09\/shure-55sh-ii-e1601485394796.jpg\" alt=\"\" srcset=\"http:\/\/kommentatorenblog.de\/wp-content\/uploads\/2020\/09\/shure-55sh-ii-e1601485394796.jpg 415w, http:\/\/kommentatorenblog.de\/wp-content\/uploads\/2020\/09\/shure-55sh-ii-e1601485394796-142x300.jpg 142w\" sizes=\"auto, (max-width: 10px) 100vw, 10px\" \/> Christoph Stadtler (Einzelspiel), Heiko Wasser (Konferenz)<\/p>\n\n\n\n<p><span style=\"text-decoration: underline;\">ab 20.15 Uhr (RTL\/RTL+)<\/span><\/p>\n\n\n\n<p><strong><em>1. FC Union Berlin \u2013 Ajax Amsterdam<span><b style=\"font-style: italic;\"> <\/b><\/span>(21.00 Uhr)<\/em><\/strong><\/p>\n\n\n\n<p>RTL: <img loading=\"lazy\" decoding=\"async\" width=\"10\" height=\"21\" class=\"wp-image-3656\" style=\"width: 10px;\" src=\"http:\/\/kommentatorenblog.de\/wp-content\/uploads\/2020\/09\/shure-55sh-ii-e1601485394796.jpg\" alt=\"\" srcset=\"http:\/\/kommentatorenblog.de\/wp-content\/uploads\/2020\/09\/shure-55sh-ii-e1601485394796.jpg 415w, http:\/\/kommentatorenblog.de\/wp-content\/uploads\/2020\/09\/shure-55sh-ii-e1601485394796-142x300.jpg 142w\" sizes=\"auto, (max-width: 10px) 100vw, 10px\" \/> Marco Hagemann, Experte: Steffen Freund<\/p>\n\n\n\n<p>RTL+: Christina Graf, Experte: Felix Kroos (Einzelspiel); Cornelius K\u00fcpper (Konferenz)<\/p>\n\n\n\n<p>Moderation (RTL): Laura Papendick, Experten: Lothar Matth\u00e4us und Karl-Heinz Riedle<\/p>\n\n\n\n<p>Field-Reporter: Christoph K\u00fcppers und Stefan Fuckert<\/p>\n\n\n\n<p><span style=\"text-decoration: underline;\">ab 20.40 Uhr (RTL+)<\/span><\/p>\n\n\n\n<p><em><strong>Manchester United \u2013 FC Barcelona (21.00 Uhr)<\/strong><\/em><\/p>\n\n\n\n<p><img loading=\"lazy\" decoding=\"async\" width=\"10\" height=\"21\" class=\"wp-image-3656\" style=\"width: 10px;\" src=\"http:\/\/kommentatorenblog.de\/wp-content\/uploads\/2020\/09\/shure-55sh-ii-e1601485394796.jpg\" alt=\"\" srcset=\"http:\/\/kommentatorenblog.de\/wp-content\/uploads\/2020\/09\/shure-55sh-ii-e1601485394796.jpg 415w, http:\/\/kommentatorenblog.de\/wp-content\/uploads\/2020\/09\/shure-55sh-ii-e1601485394796-142x300.jpg 142w\" sizes=\"auto, (max-width: 10px) 100vw, 10px\" \/> Oliver Seidler (Einzelspiel), Christian Stra\u00dfburger (Konferenz)<\/p>\n\n\n\n<p>Field-Reporter: Felix G\u00f6rner<\/p>\n\n\n\n<p>&#8222;GenZ&#8220;-Stream: <img loading=\"lazy\" decoding=\"async\" width=\"10\" height=\"21\" class=\"wp-image-3656\" style=\"width: 10px;\" src=\"http:\/\/kommentatorenblog.de\/wp-content\/uploads\/2020\/09\/shure-55sh-ii-e1601485394796.jpg\" alt=\"\" srcset=\"http:\/\/kommentatorenblog.de\/wp-content\/uploads\/2020\/09\/shure-55sh-ii-e1601485394796.jpg 415w, http:\/\/kommentatorenblog.de\/wp-content\/uploads\/2020\/09\/shure-55sh-ii-e1601485394796-142x300.jpg 142w\" sizes=\"auto, (max-width: 10px) 100vw, 10px\" \/> Robby Hunke und Elias Nerlich <\/p>\n\n\n\n<p><em><strong>AS Rom \u2013 FC Salzburg  (21.00 Uhr)<\/strong><\/em><\/p>\n\n\n\n<p><img loading=\"lazy\" decoding=\"async\" width=\"10\" height=\"21\" class=\"wp-image-3656\" style=\"width: 10px;\" src=\"http:\/\/kommentatorenblog.de\/wp-content\/uploads\/2020\/09\/shure-55sh-ii-e1601485394796.jpg\" alt=\"\" srcset=\"http:\/\/kommentatorenblog.de\/wp-content\/uploads\/2020\/09\/shure-55sh-ii-e1601485394796.jpg 415w, http:\/\/kommentatorenblog.de\/wp-content\/uploads\/2020\/09\/shure-55sh-ii-e1601485394796-142x300.jpg 142w\" sizes=\"auto, (max-width: 10px) 100vw, 10px\" \/> Rene Langhoff (Einzelspiel), Alex K\u00fcpper (Konferenz)<\/p>\n\n\n\n<p><em><strong>FC Basel \u2013 Trabzonspor AS (<\/strong><\/em><strong><em>21.00 Uhr)<\/em><\/strong><\/p>\n\n\n\n<p><img loading=\"lazy\" decoding=\"async\" width=\"10\" height=\"21\" class=\"wp-image-3656\" style=\"width: 10px;\" src=\"http:\/\/kommentatorenblog.de\/wp-content\/uploads\/2020\/09\/shure-55sh-ii-e1601485394796.jpg\" alt=\"\" srcset=\"http:\/\/kommentatorenblog.de\/wp-content\/uploads\/2020\/09\/shure-55sh-ii-e1601485394796.jpg 415w, http:\/\/kommentatorenblog.de\/wp-content\/uploads\/2020\/09\/shure-55sh-ii-e1601485394796-142x300.jpg 142w\" sizes=\"auto, (max-width: 10px) 100vw, 10px\" \/> Florian von Stackelberg (Einzelspiel); Alex Klich (Konferenz)<\/p>\n\n\n\n<p>Moderation: Anna Kraft, Arnd Zeigler und Ansgar Brinkmann <\/p>\n\n\n\n<hr class=\"wp-block-separator\"\/>\n\n\n\n<p><strong>CL\/EL\/ECL (Skysport Austria))<\/strong><\/p>\n\n\n\n<p><span style=\"text-decoration: underline;\">Dienstag 21. Februar 2023, ab 20.00 Uhr<\/span><\/p>\n\n\n\n<p><em><strong>FC Liverpool \u2013 Real Madrid (21.00 Uhr)<\/strong><\/em><\/p>\n\n\n\n<p><img loading=\"lazy\" decoding=\"async\" width=\"10\" height=\"21\" class=\"wp-image-3656\" style=\"width: 10px;\" src=\"http:\/\/kommentatorenblog.de\/wp-content\/uploads\/2020\/09\/shure-55sh-ii-e1601485394796.jpg\" alt=\"\" srcset=\"http:\/\/kommentatorenblog.de\/wp-content\/uploads\/2020\/09\/shure-55sh-ii-e1601485394796.jpg 415w, http:\/\/kommentatorenblog.de\/wp-content\/uploads\/2020\/09\/shure-55sh-ii-e1601485394796-142x300.jpg 142w\" sizes=\"auto, (max-width: 10px) 100vw, 10px\" \/> Philipp Paternina (Einzelspiel); David Eder (Konferenz)<\/p>\n\n\n\n<p><em><strong>Eintracht Frankfurt \u2013 SSC Neapel (21.00 Uhr)<\/strong><\/em><\/p>\n\n\n\n<p><img loading=\"lazy\" decoding=\"async\" width=\"10\" height=\"21\" class=\"wp-image-3656\" style=\"width: 10px;\" src=\"http:\/\/kommentatorenblog.de\/wp-content\/uploads\/2020\/09\/shure-55sh-ii-e1601485394796.jpg\" alt=\"\" srcset=\"http:\/\/kommentatorenblog.de\/wp-content\/uploads\/2020\/09\/shure-55sh-ii-e1601485394796.jpg 415w, http:\/\/kommentatorenblog.de\/wp-content\/uploads\/2020\/09\/shure-55sh-ii-e1601485394796-142x300.jpg 142w\" sizes=\"auto, (max-width: 10px) 100vw, 10px\" \/> Otto Rosenauer (Einzelspiel); Charly Leitner (Konferenz)<\/p>\n\n\n\n<p>Moderation: Martin Konrad; Experten: Didi Haman und Marc Janko <\/p>\n\n\n\n<p><span style=\"text-decoration: underline;\">Mittwoch, 22 Februar 2023 ab 20.00 Uhr:<\/span><\/p>\n\n\n\n<p><em><strong>RB Leipzig \u2013 Manchester City (21.00 Uhr)<\/strong><\/em><\/p>\n\n\n\n<p><img loading=\"lazy\" decoding=\"async\" width=\"10\" height=\"21\" class=\"wp-image-3656\" style=\"width: 10px;\" src=\"http:\/\/kommentatorenblog.de\/wp-content\/uploads\/2020\/09\/shure-55sh-ii-e1601485394796.jpg\" alt=\"\" srcset=\"http:\/\/kommentatorenblog.de\/wp-content\/uploads\/2020\/09\/shure-55sh-ii-e1601485394796.jpg 415w, http:\/\/kommentatorenblog.de\/wp-content\/uploads\/2020\/09\/shure-55sh-ii-e1601485394796-142x300.jpg 142w\" sizes=\"auto, (max-width: 10px) 100vw, 10px\" \/> Martin Konrad (Einzelspiel); Gerfried Pr\u00f6ll (Konferenz) <\/p>\n\n\n\n<p><strong><em>Inter Mailand \u2013 FC Porto (21.00 Uhr)<\/em><\/strong><\/p>\n\n\n\n<p> Phillip Lautischer (Einzelspiel);  Guido Friedrich (Konferenz)<\/p>\n\n\n\n<p>Moderation: Constanze Weiss; Experten: Christian Ilzer und Andreas Herzog <\/p>\n\n\n\n<p><span style=\"text-decoration: underline;\">Donnerstag, 23. Februar 2023 (EL\/ECL Konferenz Teil I):<\/span><\/p>\n\n\n\n<p><em><strong>AS Monaco \u2013 Bayer 04 Leverkusen <\/strong><\/em><\/p>\n\n\n\n<p><img loading=\"lazy\" decoding=\"async\" width=\"10\" height=\"21\" class=\"wp-image-3656\" style=\"width: 10px;\" src=\"http:\/\/kommentatorenblog.de\/wp-content\/uploads\/2020\/09\/shure-55sh-ii-e1601485394796.jpg\" alt=\"\" srcset=\"http:\/\/kommentatorenblog.de\/wp-content\/uploads\/2020\/09\/shure-55sh-ii-e1601485394796.jpg 415w, http:\/\/kommentatorenblog.de\/wp-content\/uploads\/2020\/09\/shure-55sh-ii-e1601485394796-142x300.jpg 142w\" sizes=\"auto, (max-width: 10px) 100vw, 10px\" \/> Charly Leitner <\/p>\n\n\n\n<p><em><strong>FC Nantes \u2013 Juventus Turin <\/strong><\/em><\/p>\n\n\n\n<p><img loading=\"lazy\" decoding=\"async\" width=\"10\" height=\"21\" class=\"wp-image-3656\" style=\"width: 10px;\" src=\"http:\/\/kommentatorenblog.de\/wp-content\/uploads\/2020\/09\/shure-55sh-ii-e1601485394796.jpg\" alt=\"\" srcset=\"http:\/\/kommentatorenblog.de\/wp-content\/uploads\/2020\/09\/shure-55sh-ii-e1601485394796.jpg 415w, http:\/\/kommentatorenblog.de\/wp-content\/uploads\/2020\/09\/shure-55sh-ii-e1601485394796-142x300.jpg 142w\" sizes=\"auto, (max-width: 10px) 100vw, 10px\" \/> Gerfried Pr\u00f6ll <\/p>\n\n\n\n<p><em><strong>PSV Eindhoven \u2013 FC Sevilla <\/strong><\/em><\/p>\n\n\n\n<p><img loading=\"lazy\" decoding=\"async\" width=\"10\" height=\"21\" class=\"wp-image-3656\" style=\"width: 10px;\" src=\"http:\/\/kommentatorenblog.de\/wp-content\/uploads\/2020\/09\/shure-55sh-ii-e1601485394796.jpg\" alt=\"\" srcset=\"http:\/\/kommentatorenblog.de\/wp-content\/uploads\/2020\/09\/shure-55sh-ii-e1601485394796.jpg 415w, http:\/\/kommentatorenblog.de\/wp-content\/uploads\/2020\/09\/shure-55sh-ii-e1601485394796-142x300.jpg 142w\" sizes=\"auto, (max-width: 10px) 100vw, 10px\" \/> Marcel Meinert <\/p>\n\n\n\n<p><em><strong>FC Midtjylland \u2013 Sporting Lissabon <\/strong><\/em><\/p>\n\n\n\n<p><img loading=\"lazy\" decoding=\"async\" width=\"10\" height=\"21\" class=\"wp-image-3656\" style=\"width: 10px;\" src=\"http:\/\/kommentatorenblog.de\/wp-content\/uploads\/2020\/09\/shure-55sh-ii-e1601485394796.jpg\" alt=\"\" srcset=\"http:\/\/kommentatorenblog.de\/wp-content\/uploads\/2020\/09\/shure-55sh-ii-e1601485394796.jpg 415w, http:\/\/kommentatorenblog.de\/wp-content\/uploads\/2020\/09\/shure-55sh-ii-e1601485394796-142x300.jpg 142w\" sizes=\"auto, (max-width: 10px) 100vw, 10px\" \/> Stefan Hempel<\/p>\n\n\n\n<p><span style=\"text-decoration: underline;\">Teil II:<\/span><\/p>\n\n\n\n<p><em><strong>AS Rom \u2013 FC Salzburg <\/strong><\/em><\/p>\n\n\n\n<p><img loading=\"lazy\" decoding=\"async\" width=\"10\" height=\"21\" class=\"wp-image-3656\" style=\"width: 10px;\" src=\"http:\/\/kommentatorenblog.de\/wp-content\/uploads\/2020\/09\/shure-55sh-ii-e1601485394796.jpg\" alt=\"\" srcset=\"http:\/\/kommentatorenblog.de\/wp-content\/uploads\/2020\/09\/shure-55sh-ii-e1601485394796.jpg 415w, http:\/\/kommentatorenblog.de\/wp-content\/uploads\/2020\/09\/shure-55sh-ii-e1601485394796-142x300.jpg 142w\" sizes=\"auto, (max-width: 10px) 100vw, 10px\" \/> Guido Friedrich  <\/p>\n\n\n\n<p><strong><em>Manchester United \u2013 FC Barcelona <\/em><\/strong><\/p>\n\n\n\n<p><img loading=\"lazy\" decoding=\"async\" width=\"10\" height=\"21\" class=\"wp-image-3656\" style=\"width: 10px;\" src=\"http:\/\/kommentatorenblog.de\/wp-content\/uploads\/2020\/09\/shure-55sh-ii-e1601485394796.jpg\" alt=\"\" srcset=\"http:\/\/kommentatorenblog.de\/wp-content\/uploads\/2020\/09\/shure-55sh-ii-e1601485394796.jpg 415w, http:\/\/kommentatorenblog.de\/wp-content\/uploads\/2020\/09\/shure-55sh-ii-e1601485394796-142x300.jpg 142w\" sizes=\"auto, (max-width: 10px) 100vw, 10px\" \/> Johannes Hofer <\/p>\n\n\n\n<p><strong><em>Union Berlin \u2013 Ajax Amsterdam <\/em><\/strong><\/p>\n\n\n\n<p><img loading=\"lazy\" decoding=\"async\" width=\"10\" height=\"21\" class=\"wp-image-3656\" style=\"width: 10px;\" src=\"http:\/\/kommentatorenblog.de\/wp-content\/uploads\/2020\/09\/shure-55sh-ii-e1601485394796.jpg\" alt=\"\" srcset=\"http:\/\/kommentatorenblog.de\/wp-content\/uploads\/2020\/09\/shure-55sh-ii-e1601485394796.jpg 415w, http:\/\/kommentatorenblog.de\/wp-content\/uploads\/2020\/09\/shure-55sh-ii-e1601485394796-142x300.jpg 142w\" sizes=\"auto, (max-width: 10px) 100vw, 10px\" \/> Phillip Lautischer <\/p>\n\n\n\n<p><em><strong>Stade Rennes \u2013 Schachtar Donezk<\/strong><\/em><\/p>\n\n\n\n<p><img loading=\"lazy\" decoding=\"async\" width=\"10\" height=\"21\" class=\"wp-image-3656\" style=\"width: 10px;\" src=\"http:\/\/kommentatorenblog.de\/wp-content\/uploads\/2020\/09\/shure-55sh-ii-e1601485394796.jpg\" alt=\"\" srcset=\"http:\/\/kommentatorenblog.de\/wp-content\/uploads\/2020\/09\/shure-55sh-ii-e1601485394796.jpg 415w, http:\/\/kommentatorenblog.de\/wp-content\/uploads\/2020\/09\/shure-55sh-ii-e1601485394796-142x300.jpg 142w\" sizes=\"auto, (max-width: 10px) 100vw, 10px\" \/> Hansi K\u00fcpper <\/p>\n\n\n\n<p>Moderation: Johannes Brandl; Experte: Fredl Tatar <em><strong> <\/strong><\/em> <\/p>\n\n\n\n<p><\/p>\n\n\n\n<hr class=\"wp-block-separator\"\/>\n\n\n\n<p><img loading=\"lazy\" decoding=\"async\" width=\"10\" height=\"21\" class=\"wp-image-3656\" style=\"width: 10px;\" src=\"http:\/\/kommentatorenblog.de\/wp-content\/uploads\/2020\/09\/shure-55sh-ii-e1601485394796.jpg\" alt=\"\" srcset=\"http:\/\/kommentatorenblog.de\/wp-content\/uploads\/2020\/09\/shure-55sh-ii-e1601485394796.jpg 415w, http:\/\/kommentatorenblog.de\/wp-content\/uploads\/2020\/09\/shure-55sh-ii-e1601485394796-142x300.jpg 142w\" sizes=\"auto, (max-width: 10px) 100vw, 10px\" \/><\/p>\n\n\n\n<hr class=\"wp-block-separator\"\/>\n\n\n\n<p><strong>Die Analyse<\/strong><\/p>\n\n\n\n<p>Wir starten den Spieltag mal wieder mit einem Heimspiel f\u00fcr Prime Video. Sebastian Hellmann und Expertenteam melden sich aus Frankfurt, den Kommentar \u00fcbernehmen wie gehabt Friedrich und H\u00f6wedes. Letzterer wird im Nachgang auch noch f\u00fcr die Highlightshow seine Einsch\u00e4tzungen abgeben. F\u00fcr Henning r\u00fcckt Kim Kulig ins Expertenteam, Owo \u00fcbernimmt f\u00fcr Gomez. <\/p>\n\n\n\n<p>DAZN hat an diesem Spieltag alle Sendevarianten f\u00fcr uns im Programm. Am Dienstag gibt&#8217;s die Neuauflage des Finals von 2022. Daniel Herzog wird in Liverpool vor Ort die Stimmen einsammeln, Wahnschaffe, Sch\u00f6nm\u00fcller und Knei\u00dfl werden im Studio sein. Das attraktive Spiel bekommt neben einem Moderator auch noch einen 30 min\u00fctigen Vorlauf spendiert. <\/p>\n\n\n\n<p>Am Mittwoch ist man dann mit voller Kapelle in Leipzig zu Gast. Auf der Kommentatorenposition \u00e4ndert sich mit Uli Hebel nichts, dagegen sind Sandro Wagner, Alex Schl\u00fcter und Max Siebald neu mit dabei. Parallel \u00fcbernimmt Jan Platte das Spiel in der Konferenz. Sein Konferenzpartner wird Marco Hagemann bei Inter vs. Porto sein. Das Einzelspiel \u00fcbernimmt, wie auch vergangene Woche das Mittwochs-Einzelspiel, das Duo Born und Lauth. <\/p>\n\n\n\n<p>In der Europa League ist beim Spiel der Bayerelf gegen die Monegassen  lediglich Thomas Wagner im Stadion, der Rest kommt aus K\u00f6ln. Michael Born und Patrick Helmes \u00fcbernehmen das Einzel, Klaus Veltman die Konferenz.<\/p>\n\n\n\n<p>F\u00fcr die RTL-Crew geht&#8217;s unterdessen an die alte F\u00f6rsterei, K\u00fcppers und Fuckert sammeln die Stimmen ein. Hagemann und Freund kommentieren wie gehabt aus dem Stadion und f\u00fcr RTL+ \u00fcbernimmt Christina Graf zusammen mit Felix Kroos das Einzelspiel aus der Box und Cornelius K\u00fcpper die Konferenz. Somit sind am Donnerstag alle 3 aus der K\u00fcpperfamilie im Einsatz, Vater Hansi sieht f\u00fcr Skysport Austria die Partie zwischen Rennes und Donezk, welche er auch schon vorige Woche kommentiert hat.  <\/p>\n\n\n\n<p>Zudem gibt es das Spiel zwischen Manchester United und dem FC Barca gleich 3 mal. Einzeln mit Oliver Seidler, in der Konferenz mit Christian Stra\u00dfburger und in einem so genannten GenZ-Stream mit Robby Hunke und Elias Nerlich, der wohl ein Social-Media-Star auf Twitch ist. Da bin ich allerdings aufgrund meines Alters \u00fcberhaupt nicht bewandert, schaut einfach mal rein und sagt mir, wie&#8217;s war!<\/p>\n\n\n\n<p>Aus deutscher Sicht sind zudem die bekannten Skystimmen Hempel, Meinert und Hansi K\u00fcpper f\u00fcr Skysport Austria im Einsatz, auch Didi Haman wird am Dienstag seinen Weg ins Studio nach M\u00fcnchen finden.Habt egal mit Welchem Stream, mit welcher TV-\u00dcbertragung, ob ihr Narren und N\u00e4rrinnen seit oder wie ich das Spektakel tunlichst meidet, einen super Start in diese Europapokalwoche!   <\/p>\n","protected":false},"excerpt":{"rendered":"<p>N&#8217;Abend allerseits! Nachdem Nico jetzt mal etwas durchatmen kann, werde ich die n\u00e4chsten Tage \u00fcbernehmen und euch mit dem Wichtigsten, n\u00e4mlich den Ansetzungen versorgen. Die Frankfurter Eintracht hat mit wenig Kraftaufwand gegen die Bremer gewonnen und ganz Frankfurt schaut neben Fasching, Karneval oder wie es auch immer im Rhein-Main-Gebiet genannt wird, nat\u00fcrlich auch auf die [&hellip;]<\/p>\n","protected":false},"author":13,"featured_media":0,"comment_status":"open","ping_status":"open","sticky":false,"template":"","format":"standard","meta":{"footnotes":""},"categories":[425],"tags":[34,577,49,517,689,617,337,166,35,615,668,171,614,212,13,30,695,703,702,25,869,48,69,86,612,609,53,75,31,205,70,43,608,279,114,113,588,690,199,874,162,138,656,350,189,98,222,394,154,28,151,33,252,105,640],"class_list":["post-14614","post","type-post","status-publish","format-standard","hentry","category-champions-league-und-co","tag-alex-klich","tag-alex-kuepper","tag-alex-schlueter","tag-anna-kraft","tag-ansgar-brinkmann","tag-arnd-zeigler","tag-benedikt-hoewedes","tag-benny-lauth","tag-christian-strassburger","tag-christina-graf","tag-christoph-kueppers","tag-christoph-stadtler","tag-cornelius-kuepper","tag-daniel-herzog","tag-dazn","tag-didi-hamann","tag-felix-kroos","tag-florian-von-stackelberg","tag-frederick-schulz","tag-hansi-kuepper","tag-heiko-wasser-2","tag-jan-platte","tag-jonas-friedrich","tag-juergen-schmitz","tag-karl-heinz-riedle","tag-kim-kulig","tag-klaus-veltmann","tag-laura-papendick","tag-lothar-matthaeus","tag-lukas-schoenmueller","tag-marcel-meinert","tag-marco-hagemann","tag-matthias-sammer","tag-max-siebald","tag-michael-born","tag-oliver-seidler","tag-patrick-owomoyela","tag-philip-konrad","tag-philipp-paternina","tag-rene-langhoff","tag-robby-hunke","tag-rtl","tag-rtl-2","tag-sandro-wagner","tag-sebastian-benesch","tag-sebastian-hellmann","tag-sebastian-kneissl","tag-stefan-fuckert","tag-stefan-galler","tag-stefan-hempel","tag-steffen-freund","tag-thomas-wagner","tag-tobi-wahnschaffe","tag-uli-hebel","tag-wolfgang-stark"],"_links":{"self":[{"href":"http:\/\/kommentatorenblog.de\/index.php?rest_route=\/wp\/v2\/posts\/14614","targetHints":{"allow":["GET"]}}],"collection":[{"href":"http:\/\/kommentatorenblog.de\/index.php?rest_route=\/wp\/v2\/posts"}],"about":[{"href":"http:\/\/kommentatorenblog.de\/index.php?rest_route=\/wp\/v2\/types\/post"}],"author":[{"embeddable":true,"href":"http:\/\/kommentatorenblog.de\/index.php?rest_route=\/wp\/v2\/users\/13"}],"replies":[{"embeddable":true,"href":"http:\/\/kommentatorenblog.de\/index.php?rest_route=%2Fwp%2Fv2%2Fcomments&post=14614"}],"version-history":[{"count":8,"href":"http:\/\/kommentatorenblog.de\/index.php?rest_route=\/wp\/v2\/posts\/14614\/revisions"}],"predecessor-version":[{"id":14644,"href":"http:\/\/kommentatorenblog.de\/index.php?rest_route=\/wp\/v2\/posts\/14614\/revisions\/14644"}],"wp:attachment":[{"href":"http:\/\/kommentatorenblog.de\/index.php?rest_route=%2Fwp%2Fv2%2Fmedia&parent=14614"}],"wp:term":[{"taxonomy":"category","embeddable":true,"href":"http:\/\/kommentatorenblog.de\/index.php?rest_route=%2Fwp%2Fv2%2Fcategories&post=14614"},{"taxonomy":"post_tag","embeddable":true,"href":"http:\/\/kommentatorenblog.de\/index.php?rest_route=%2Fwp%2Fv2%2Ftags&post=14614"}],"curies":[{"name":"wp","href":"https:\/\/api.w.org\/{rel}","templated":true}]}}