{"id":14626,"date":"2023-02-23T18:40:31","date_gmt":"2023-02-23T16:40:31","guid":{"rendered":"http:\/\/kommentatorenblog.de\/?p=14626"},"modified":"2023-02-24T16:32:49","modified_gmt":"2023-02-24T14:32:49","slug":"1321-3-punkte-spiele","status":"publish","type":"post","link":"http:\/\/kommentatorenblog.de\/?p=14626","title":{"rendered":"1321 \u2013 6-Punkte-Spiele"},"content":{"rendered":"\n<p><strong>N&#8217;Abend Allerseits!<\/strong><\/p>\n\n\n\n<p>Die Achtelfinalhinspiele sind gelaufen, zumindest in der Champions League, und abgesehen vom erwartet schweren Spiel der Eintracht gegen Napoli war es doch recht ansehnlich und erfolgreich f\u00fcr die deutschen Teams. Na gut, Paris gegen Bayern war jetzt kein Augenschmaus und vor allem mit Blick auf die gro\u00dfen Namen in beiden Teams h\u00e4tte man sich von diesem Spiel eigentlich etwas mehr erwartet, aber wenn das Ergebnis (aus deutscher Sicht nat\u00fcrlich) stimmt, vers\u00f6hnt das schon etwas. Vor allem der BVB hat sich den Sieg wirklich erk\u00e4mpft und f\u00fcr reichlich Spannung in der Schlussphase gesorgt. <\/p>\n\n\n\n<p>In der Bundesliga geht es am Wochenende hoffentlich nicht minder  spannend weiter, stehen doch ein paar 6-Punkte-Spiele, sowohl oben als auch im Keller, an. DAZN hat sich daher auch entschlossen, zumindest das Spiel der Bayern gegen Union mit 45-Minuten Vorberichterstattung zu senden. Zudem ist man komplett vor Ort, was beispielsweise beim Freitagsspiel nicht der Fall sein wird. Ihr seht es in den Ansetzungen. <\/p>\n\n\n\n<p>Ansonsten muss das Vorwort heute krankheitsbedingt etwas k\u00fcrzer ausfallen. Ich hoffe, ihr seid alle gesund und habt ein spannendes Fu\u00dfballwochenende!<\/p>\n\n\n\n<p>Bevor ich mir einen Tee Reinpfeife, m\u00f6chte ich mich aber noch bedanken. Zum einen bei Christian, der hier in den Kommentaren immer die UKW- und Netcastansetzungen raushaut, wir hatten ja schon geschrieben, warum wir das nicht machen k\u00f6nnen. Au\u00dferdem bei allen, die so flei\u00dfig in die Kommentare schreiben und diskutieren! Danke f\u00fcrs Lesen und dabei sein! <\/p>\n\n\n\n<hr class=\"wp-block-separator\"\/>\n\n\n\n<p><strong><em>Die Ansetzungen vom 24. Februar 2023 bis zum 27. Februar 2023<\/em><\/strong><\/p>\n\n\n\n<hr class=\"wp-block-separator\"\/>\n\n\n\n<p><strong>Bundesliga, 22. Spieltag <\/strong><\/p>\n\n\n\n<p><span style=\"text-decoration: underline;\">Freitag, 24. Februar 2023 ab 20.00Uhr (DAZN)<\/span><\/p>\n\n\n\n<p><strong><em>1. FSV Mainz 05 \u2013 Borussia M\u00f6nchengladbach (20.30 Uhr)<\/em><\/strong><\/p>\n\n\n\n<p><img loading=\"lazy\" decoding=\"async\" width=\"10\" height=\"21\" class=\"wp-image-3656\" style=\"width: 10px;\" src=\"http:\/\/kommentatorenblog.de\/wp-content\/uploads\/2020\/09\/shure-55sh-ii-e1601485394796.jpg\" alt=\"\" srcset=\"http:\/\/kommentatorenblog.de\/wp-content\/uploads\/2020\/09\/shure-55sh-ii-e1601485394796.jpg 415w, http:\/\/kommentatorenblog.de\/wp-content\/uploads\/2020\/09\/shure-55sh-ii-e1601485394796-142x300.jpg 142w\" sizes=\"auto, (max-width: 10px) 100vw, 10px\" \/> Lukas Sch\u00f6nm\u00fcller, Experte: Benny Lauth<\/p>\n\n\n\n<p>Moderation: Christina Rann; Experte: Sascha Bigalke<\/p>\n\n\n\n<p><span style=\"text-decoration: underline;\">Samstag, 25. Februar 2023 ab 14.00 Uhr (Sky)<\/span><\/p>\n\n\n\n<p><strong><em>Hertha BSC \u2013 FC Augsburg (15.30 Uhr)<\/em><\/strong><\/p>\n\n\n\n<p><img loading=\"lazy\" decoding=\"async\" width=\"10\" height=\"21\" class=\"wp-image-3656\" style=\"width: 10px;\" src=\"http:\/\/kommentatorenblog.de\/wp-content\/uploads\/2020\/09\/shure-55sh-ii-e1601485394796.jpg\" alt=\"\" srcset=\"http:\/\/kommentatorenblog.de\/wp-content\/uploads\/2020\/09\/shure-55sh-ii-e1601485394796.jpg 415w, http:\/\/kommentatorenblog.de\/wp-content\/uploads\/2020\/09\/shure-55sh-ii-e1601485394796-142x300.jpg 142w\" sizes=\"auto, (max-width: 10px) 100vw, 10px\" \/> Torsten Kunde (Einzelspiel), Jonas Friedrich (Konferenz)<\/p>\n\n\n\n<p>Field-Reporter: Karsten Petrzika<\/p>\n\n\n\n<p><strong><em>TSG 1899 Hoffenheim \u2013 Borussia Dortmund (15.30 Uhr)<\/em><\/strong><\/p>\n\n\n\n<p><img loading=\"lazy\" decoding=\"async\" width=\"10\" height=\"21\" class=\"wp-image-3656\" style=\"width: 10px;\" src=\"http:\/\/kommentatorenblog.de\/wp-content\/uploads\/2020\/09\/shure-55sh-ii-e1601485394796.jpg\" alt=\"\" srcset=\"http:\/\/kommentatorenblog.de\/wp-content\/uploads\/2020\/09\/shure-55sh-ii-e1601485394796.jpg 415w, http:\/\/kommentatorenblog.de\/wp-content\/uploads\/2020\/09\/shure-55sh-ii-e1601485394796-142x300.jpg 142w\" sizes=\"auto, (max-width: 10px) 100vw, 10px\" \/> Hannes Herrmann (Einzelspiel), Kai Dittmann (Konferenz)<\/p>\n\n\n\n<p>Field-Reporter: Alexander Bonengel <\/p>\n\n\n\n<p><strong><em>1. FC K\u00f6ln \u2013 VfL Wolfsburg (15.30 Uhr)<\/em><\/strong><\/p>\n\n\n\n<p><img loading=\"lazy\" decoding=\"async\" width=\"10\" height=\"21\" class=\"wp-image-3656\" style=\"width: 10px;\" src=\"http:\/\/kommentatorenblog.de\/wp-content\/uploads\/2020\/09\/shure-55sh-ii-e1601485394796.jpg\" alt=\"\" srcset=\"http:\/\/kommentatorenblog.de\/wp-content\/uploads\/2020\/09\/shure-55sh-ii-e1601485394796.jpg 415w, http:\/\/kommentatorenblog.de\/wp-content\/uploads\/2020\/09\/shure-55sh-ii-e1601485394796-142x300.jpg 142w\" sizes=\"auto, (max-width: 10px) 100vw, 10px\" \/> Hansi K\u00fcpper (Einzelspiel), Martin Gro\u00df (Konferenz)<\/p>\n\n\n\n<p>Field-Reporter: Ulli Potofski <\/p>\n\n\n\n<p><strong><em>RB Leipzig \u2013 Eintracht Frankfurt (15.30 Uhr)<\/em><\/strong><\/p>\n\n\n\n<p><img loading=\"lazy\" decoding=\"async\" width=\"10\" height=\"21\" class=\"wp-image-3656\" style=\"width: 10px;\" src=\"http:\/\/kommentatorenblog.de\/wp-content\/uploads\/2020\/09\/shure-55sh-ii-e1601485394796.jpg\" alt=\"\" srcset=\"http:\/\/kommentatorenblog.de\/wp-content\/uploads\/2020\/09\/shure-55sh-ii-e1601485394796.jpg 415w, http:\/\/kommentatorenblog.de\/wp-content\/uploads\/2020\/09\/shure-55sh-ii-e1601485394796-142x300.jpg 142w\" sizes=\"auto, (max-width: 10px) 100vw, 10px\" \/> Oliver Seidler (Einzelspiel), Frank Buschmann (Konferenz)<\/p>\n\n\n\n<p>Field-Reporter: Riccardo Basile<\/p>\n\n\n\n<p><strong><em>SV Werder Bremen \u2013 VfL Bochum (15.30 Uhr)<\/em><\/strong><\/p>\n\n\n\n<p><img loading=\"lazy\" decoding=\"async\" width=\"10\" height=\"21\" class=\"wp-image-3656\" style=\"width: 10px;\" src=\"http:\/\/kommentatorenblog.de\/wp-content\/uploads\/2020\/09\/shure-55sh-ii-e1601485394796.jpg\" alt=\"\" srcset=\"http:\/\/kommentatorenblog.de\/wp-content\/uploads\/2020\/09\/shure-55sh-ii-e1601485394796.jpg 415w, http:\/\/kommentatorenblog.de\/wp-content\/uploads\/2020\/09\/shure-55sh-ii-e1601485394796-142x300.jpg 142w\" sizes=\"auto, (max-width: 10px) 100vw, 10px\" \/> Marcus Lindemann (Einzelspiel), Florian Schmidt-Sommerfeld (Konferenz)<\/p>\n\n\n\n<p>Field-Reporter: Jens Westen <\/p>\n\n\n\n<p>Moderation: Michael Leopold, Experten: Didi Hamann und Erik Meijer<\/p>\n\n\n\n<p><span style=\"text-decoration: underline;\">ab 17.30 Uhr<\/span><\/p>\n\n\n\n<p><em><strong>FC Schalke 04 \u2013 VfB Stuttgart (18.30 Uhr)<\/strong><\/em><\/p>\n\n\n\n<p><img loading=\"lazy\" decoding=\"async\" width=\"10\" height=\"21\" class=\"wp-image-3656\" style=\"width: 10px;\" src=\"http:\/\/kommentatorenblog.de\/wp-content\/uploads\/2020\/09\/shure-55sh-ii-e1601485394796.jpg\" alt=\"\" srcset=\"http:\/\/kommentatorenblog.de\/wp-content\/uploads\/2020\/09\/shure-55sh-ii-e1601485394796.jpg 415w, http:\/\/kommentatorenblog.de\/wp-content\/uploads\/2020\/09\/shure-55sh-ii-e1601485394796-142x300.jpg 142w\" sizes=\"auto, (max-width: 10px) 100vw, 10px\" \/> Wolff Fuss<img loading=\"lazy\" decoding=\"async\" width=\"10\" height=\"21\" class=\"wp-image-3656\" style=\"width: 10px;\" src=\"http:\/\/kommentatorenblog.de\/wp-content\/uploads\/2020\/09\/shure-55sh-ii-e1601485394796.jpg\" alt=\"\" srcset=\"http:\/\/kommentatorenblog.de\/wp-content\/uploads\/2020\/09\/shure-55sh-ii-e1601485394796.jpg 415w, http:\/\/kommentatorenblog.de\/wp-content\/uploads\/2020\/09\/shure-55sh-ii-e1601485394796-142x300.jpg 142w\" sizes=\"auto, (max-width: 10px) 100vw, 10px\" \/><\/p>\n\n\n\n<p>Field-Reporter: Patrick Wasserziehr<\/p>\n\n\n\n<p>Moderation: Sebastian Hellmann, Experten: Lothar Matth\u00e4us und Julia Simic<\/p>\n\n\n\n<p><span style=\"text-decoration: underline;\">Sonntag, 26. Februar 2023 ab 15.00 Uhr (DAZN)<\/span><\/p>\n\n\n\n<p><strong><em>SC Freiburg \u2013 Bayer 04 Leverkusen (15.30 Uhr)<\/em><\/strong><\/p>\n\n\n\n<p><img loading=\"lazy\" decoding=\"async\" width=\"10\" height=\"21\" class=\"wp-image-3656\" style=\"width: 10px;\" src=\"http:\/\/kommentatorenblog.de\/wp-content\/uploads\/2020\/09\/shure-55sh-ii-e1601485394796.jpg\" alt=\"\" srcset=\"http:\/\/kommentatorenblog.de\/wp-content\/uploads\/2020\/09\/shure-55sh-ii-e1601485394796.jpg 415w, http:\/\/kommentatorenblog.de\/wp-content\/uploads\/2020\/09\/shure-55sh-ii-e1601485394796-142x300.jpg 142w\" sizes=\"auto, (max-width: 10px) 100vw, 10px\" \/> Jan Platte, Experte: Sebastian Knei\u00dfl<\/p>\n\n\n\n<p>Moderation: Daniel Herzog<\/p>\n\n\n\n<p><span style=\"text-decoration: underline;\">ab 16.45 Uhr<\/span><\/p>\n\n\n\n<p><em><strong>FC Bayern M\u00fcnchen \u2013 1. FC Union Berlin (17.30 Uhr<\/strong><\/em><strong><em>)<\/em><\/strong><\/p>\n\n\n\n<p><img loading=\"lazy\" decoding=\"async\" width=\"10\" height=\"21\" class=\"wp-image-3656\" style=\"width: 10px;\" src=\"http:\/\/kommentatorenblog.de\/wp-content\/uploads\/2020\/09\/shure-55sh-ii-e1601485394796.jpg\" alt=\"\" srcset=\"http:\/\/kommentatorenblog.de\/wp-content\/uploads\/2020\/09\/shure-55sh-ii-e1601485394796.jpg 415w, http:\/\/kommentatorenblog.de\/wp-content\/uploads\/2020\/09\/shure-55sh-ii-e1601485394796-142x300.jpg 142w\" sizes=\"auto, (max-width: 10px) 100vw, 10px\" \/> Uli Hebel, Experte: Sandro Wagner<\/p>\n\n\n\n<p>Field-Reporter: Marco Hagemann<\/p>\n\n\n\n<p>Moderation: Laura Wontorra<\/p>\n\n\n\n<hr class=\"wp-block-separator\"\/>\n\n\n\n<p><strong>2. Bundesliga, 22. Spieltag <\/strong><\/p>\n\n\n\n<p><span style=\"text-decoration: underline;\">Freitag, 24. Februar 2023 ab 18.00 Uhr (Sky)<\/span><\/p>\n\n\n\n<p><strong><em>Konferenz: <img loading=\"lazy\" decoding=\"async\" width=\"10\" height=\"21\" class=\"wp-image-3656\" style=\"width: 10px;\" src=\"http:\/\/kommentatorenblog.de\/wp-content\/uploads\/2020\/09\/shure-55sh-ii-e1601485394796.jpg\" alt=\"\" srcset=\"http:\/\/kommentatorenblog.de\/wp-content\/uploads\/2020\/09\/shure-55sh-ii-e1601485394796.jpg 415w, http:\/\/kommentatorenblog.de\/wp-content\/uploads\/2020\/09\/shure-55sh-ii-e1601485394796-142x300.jpg 142w\" sizes=\"auto, (max-width: 10px) 100vw, 10px\" \/><\/em><\/strong> <\/p>\n\n\n\n<p><strong><em>Fortuna D\u00fcsseldorf \u2013 Eintracht Braunschweig (18.30 Uhr)<\/em><\/strong><\/p>\n\n\n\n<p>Joachim Hebel, Field-Reporter: Jesco von Eichmann<\/p>\n\n\n\n<p><strong><em>Karlsruher SC \u2013 SSV Jahn Regensburg (18.30 Uhr)<\/em><\/strong><\/p>\n\n\n\n<p><img loading=\"lazy\" decoding=\"async\" width=\"10\" height=\"21\" class=\"wp-image-3656\" style=\"width: 10px;\" src=\"http:\/\/kommentatorenblog.de\/wp-content\/uploads\/2020\/09\/shure-55sh-ii-e1601485394796.jpg\" alt=\"\" srcset=\"http:\/\/kommentatorenblog.de\/wp-content\/uploads\/2020\/09\/shure-55sh-ii-e1601485394796.jpg 415w, http:\/\/kommentatorenblog.de\/wp-content\/uploads\/2020\/09\/shure-55sh-ii-e1601485394796-142x300.jpg 142w\" sizes=\"auto, (max-width: 10px) 100vw, 10px\" \/> J\u00fcrgen Schmitz, Interviews: Schalte<\/p>\n\n\n\n<p>Moderation: Yannick Erkenbrecher <\/p>\n\n\n\n<p><span style=\"text-decoration: underline;\">Samstag, 25. Februar 2023 ab 12.30 Uhr (Sky)<\/span><\/p>\n\n\n\n<p><em><strong>Konferenz: <\/strong><\/em><img loading=\"lazy\" decoding=\"async\" width=\"10\" height=\"21\" class=\"wp-image-3656\" style=\"width: 10px;\" src=\"http:\/\/kommentatorenblog.de\/wp-content\/uploads\/2020\/09\/shure-55sh-ii-e1601485394796.jpg\" alt=\"\" srcset=\"http:\/\/kommentatorenblog.de\/wp-content\/uploads\/2020\/09\/shure-55sh-ii-e1601485394796.jpg 415w, http:\/\/kommentatorenblog.de\/wp-content\/uploads\/2020\/09\/shure-55sh-ii-e1601485394796-142x300.jpg 142w\" sizes=\"auto, (max-width: 10px) 100vw, 10px\" \/> <\/p>\n\n\n\n<p><strong><em>1. FC N\u00fcrnberg \u2013 SV Sandhausen (13.00 Uhr)<\/em><\/strong><\/p>\n\n\n\n<p><img loading=\"lazy\" decoding=\"async\" width=\"10\" height=\"21\" class=\"wp-image-3656\" style=\"width: 10px;\" src=\"http:\/\/kommentatorenblog.de\/wp-content\/uploads\/2020\/09\/shure-55sh-ii-e1601485394796.jpg\" alt=\"\" srcset=\"http:\/\/kommentatorenblog.de\/wp-content\/uploads\/2020\/09\/shure-55sh-ii-e1601485394796.jpg 415w, http:\/\/kommentatorenblog.de\/wp-content\/uploads\/2020\/09\/shure-55sh-ii-e1601485394796-142x300.jpg 142w\" sizes=\"auto, (max-width: 10px) 100vw, 10px\" \/> Martin Weinberger, Interviews: Schalte<\/p>\n\n\n\n<p><strong><em>1.. FC Kaiserslautern \u2013 SpVgg. Greuther F\u00fcrth  (13.00 Uhr) <\/em><\/strong><\/p>\n\n\n\n<p><img loading=\"lazy\" decoding=\"async\" width=\"10\" height=\"21\" class=\"wp-image-3656\" style=\"width: 10px;\" src=\"http:\/\/kommentatorenblog.de\/wp-content\/uploads\/2020\/09\/shure-55sh-ii-e1601485394796.jpg\" alt=\"\" srcset=\"http:\/\/kommentatorenblog.de\/wp-content\/uploads\/2020\/09\/shure-55sh-ii-e1601485394796.jpg 415w, http:\/\/kommentatorenblog.de\/wp-content\/uploads\/2020\/09\/shure-55sh-ii-e1601485394796-142x300.jpg 142w\" sizes=\"auto, (max-width: 10px) 100vw, 10px\" \/> Markus G\u00f6tz, Interviews: Schalte<\/p>\n\n\n\n<p><em><strong>Holstein Kiel \u2013 SC Paderborn 07 (13.00 Uhr)<\/strong><\/em><\/p>\n\n\n\n<p><img loading=\"lazy\" decoding=\"async\" width=\"10\" height=\"21\" class=\"wp-image-3656\" style=\"width: 10px;\" src=\"http:\/\/kommentatorenblog.de\/wp-content\/uploads\/2020\/09\/shure-55sh-ii-e1601485394796.jpg\" alt=\"\" srcset=\"http:\/\/kommentatorenblog.de\/wp-content\/uploads\/2020\/09\/shure-55sh-ii-e1601485394796.jpg 415w, http:\/\/kommentatorenblog.de\/wp-content\/uploads\/2020\/09\/shure-55sh-ii-e1601485394796-142x300.jpg 142w\" sizes=\"auto, (max-width: 10px) 100vw, 10px\" \/> J\u00fcrgen Schmitz<\/p>\n\n\n\n<p>Moderation: Nele Schenker<\/p>\n\n\n\n<p><span style=\"text-decoration: underline;\">ab 19.45Uhr (SPORT1) bzw. 20.00 Uhr (Sky<\/span>) <\/p>\n\n\n\n<p><strong><em>SV Darmstadt 98 \u2013 Hamburger SV (20.30 Uhr)<\/em><\/strong><\/p>\n\n\n\n<p>Sky: <img loading=\"lazy\" decoding=\"async\" width=\"10\" height=\"21\" class=\"wp-image-3656\" style=\"width: 10px;\" src=\"http:\/\/kommentatorenblog.de\/wp-content\/uploads\/2020\/09\/shure-55sh-ii-e1601485394796.jpg\" alt=\"\" srcset=\"http:\/\/kommentatorenblog.de\/wp-content\/uploads\/2020\/09\/shure-55sh-ii-e1601485394796.jpg 415w, http:\/\/kommentatorenblog.de\/wp-content\/uploads\/2020\/09\/shure-55sh-ii-e1601485394796-142x300.jpg 142w\" sizes=\"auto, (max-width: 10px) 100vw, 10px\" \/> Stefan Hempel, Experte: Torsten Mattuschka <\/p>\n\n\n\n<p>SPORT1: <img loading=\"lazy\" decoding=\"async\" width=\"10\" height=\"21\" class=\"wp-image-3656\" style=\"width: 10px;\" src=\"http:\/\/kommentatorenblog.de\/wp-content\/uploads\/2020\/09\/shure-55sh-ii-e1601485394796.jpg\" alt=\"\" srcset=\"http:\/\/kommentatorenblog.de\/wp-content\/uploads\/2020\/09\/shure-55sh-ii-e1601485394796.jpg 415w, http:\/\/kommentatorenblog.de\/wp-content\/uploads\/2020\/09\/shure-55sh-ii-e1601485394796-142x300.jpg 142w\" sizes=\"auto, (max-width: 10px) 100vw, 10px\" \/> Markus H\u00f6hner<\/p>\n\n\n\n<p>Moderation (SPORT1) Ruth Hofmann, Experte: Martin Harnik<\/p>\n\n\n\n<p>Field-Reporter (SPORT1): Jochen Stutzky<\/p>\n\n\n\n<p><span style=\"text-decoration: underline;\">Sonntag, 26. Februar 2023 ab 13.00 Uhr<\/span><\/p>\n\n\n\n<p><em><strong>Konferenz: <\/strong><\/em><img loading=\"lazy\" decoding=\"async\" width=\"10\" height=\"21\" class=\"wp-image-3656\" style=\"width: 10px;\" src=\"http:\/\/kommentatorenblog.de\/wp-content\/uploads\/2020\/09\/shure-55sh-ii-e1601485394796.jpg\" alt=\"\" srcset=\"http:\/\/kommentatorenblog.de\/wp-content\/uploads\/2020\/09\/shure-55sh-ii-e1601485394796.jpg 415w, http:\/\/kommentatorenblog.de\/wp-content\/uploads\/2020\/09\/shure-55sh-ii-e1601485394796-142x300.jpg 142w\" sizes=\"auto, (max-width: 10px) 100vw, 10px\" \/> <\/p>\n\n\n\n<p><em><strong>FC St. Pauli \u2013 FC Hansa Rostock (13.30 Uhr)<\/strong><\/em><\/p>\n\n\n\n<p><img loading=\"lazy\" decoding=\"async\" width=\"10\" height=\"21\" class=\"wp-image-3656\" style=\"width: 10px;\" src=\"http:\/\/kommentatorenblog.de\/wp-content\/uploads\/2020\/09\/shure-55sh-ii-e1601485394796.jpg\" alt=\"\" srcset=\"http:\/\/kommentatorenblog.de\/wp-content\/uploads\/2020\/09\/shure-55sh-ii-e1601485394796.jpg 415w, http:\/\/kommentatorenblog.de\/wp-content\/uploads\/2020\/09\/shure-55sh-ii-e1601485394796-142x300.jpg 142w\" sizes=\"auto, (max-width: 10px) 100vw, 10px\" \/> Martin Gro\u00df, Field-Reporter: Marcus J\u00fcrgensen <\/p>\n\n\n\n<p><strong><em>Arminia Bielefeld \u2013 1. FC Heidenheim (13.30 Uhr)<\/em><\/strong><\/p>\n\n\n\n<p><img loading=\"lazy\" decoding=\"async\" width=\"10\" height=\"21\" class=\"wp-image-3656\" style=\"width: 10px;\" src=\"http:\/\/kommentatorenblog.de\/wp-content\/uploads\/2020\/09\/shure-55sh-ii-e1601485394796.jpg\" alt=\"\" srcset=\"http:\/\/kommentatorenblog.de\/wp-content\/uploads\/2020\/09\/shure-55sh-ii-e1601485394796.jpg 415w, http:\/\/kommentatorenblog.de\/wp-content\/uploads\/2020\/09\/shure-55sh-ii-e1601485394796-142x300.jpg 142w\" sizes=\"auto, (max-width: 10px) 100vw, 10px\" \/> Klaus Veltman, Interviews: Schalte<\/p>\n\n\n\n<p><strong><em>Hannover 96 \u2013 1. FC Magdeburg (13.30 Uhr)<\/em><\/strong><\/p>\n\n\n\n<p><img loading=\"lazy\" decoding=\"async\" width=\"10\" height=\"21\" class=\"wp-image-3656\" style=\"width: 10px;\" src=\"http:\/\/kommentatorenblog.de\/wp-content\/uploads\/2020\/09\/shure-55sh-ii-e1601485394796.jpg\" alt=\"\" srcset=\"http:\/\/kommentatorenblog.de\/wp-content\/uploads\/2020\/09\/shure-55sh-ii-e1601485394796.jpg 415w, http:\/\/kommentatorenblog.de\/wp-content\/uploads\/2020\/09\/shure-55sh-ii-e1601485394796-142x300.jpg 142w\" sizes=\"auto, (max-width: 10px) 100vw, 10px\" \/> Joachim Hebel<\/p>\n\n\n\n<p>Moderation: Hartmut von Kameke<\/p>\n\n\n\n<hr class=\"wp-block-separator\"\/>\n\n\n\n<p><strong>Frauen Bundesliga (Magenta Sport)<\/strong><\/p>\n\n\n\n<p><span style=\"text-decoration: underline;\">Samstag, 25. Februar 2023 ab 12.45 Uhr<\/span><strong>(Nachholspiel)<\/strong><\/p>\n\n\n\n<p><em><strong>FFC Turbine Potsdam<\/strong><\/em> \u2013 FC Bayern M\u00fcnchen <\/p>\n\n\n\n<p><img loading=\"lazy\" decoding=\"async\" width=\"10\" height=\"21\" class=\"wp-image-3656\" style=\"width: 10px;\" src=\"http:\/\/kommentatorenblog.de\/wp-content\/uploads\/2020\/09\/shure-55sh-ii-e1601485394796.jpg\" alt=\"\" srcset=\"http:\/\/kommentatorenblog.de\/wp-content\/uploads\/2020\/09\/shure-55sh-ii-e1601485394796.jpg 415w, http:\/\/kommentatorenblog.de\/wp-content\/uploads\/2020\/09\/shure-55sh-ii-e1601485394796-142x300.jpg 142w\" sizes=\"auto, (max-width: 10px) 100vw, 10px\" \/> Alex Kunz<img loading=\"lazy\" decoding=\"async\" width=\"10\" height=\"21\" class=\"wp-image-3656\" style=\"width: 10px;\" src=\"http:\/\/kommentatorenblog.de\/wp-content\/uploads\/2020\/09\/shure-55sh-ii-e1601485394796.jpg\" alt=\"\" srcset=\"http:\/\/kommentatorenblog.de\/wp-content\/uploads\/2020\/09\/shure-55sh-ii-e1601485394796.jpg 415w, http:\/\/kommentatorenblog.de\/wp-content\/uploads\/2020\/09\/shure-55sh-ii-e1601485394796-142x300.jpg 142w\" sizes=\"auto, (max-width: 10px) 100vw, 10px\" \/><\/p>\n\n\n\n<hr class=\"wp-block-separator\"\/>\n\n\n\n<p><strong>3. Liga, 23. Spieltag<\/strong><\/p>\n\n\n\n<p><span style=\"text-decoration: underline;\">Freitag, 24. Februar 2023 ab 18.30 Uhr (Magenta Sport)<\/span><\/p>\n\n\n\n<p><strong><em>Hallescher FC \u2013 TSV 1860 M\u00fcnchen (19.00 Uhr)<\/em><\/strong><\/p>\n\n\n\n<p><img loading=\"lazy\" decoding=\"async\" width=\"10\" height=\"21\" class=\"wp-image-3656\" style=\"width: 10px;\" src=\"http:\/\/kommentatorenblog.de\/wp-content\/uploads\/2020\/09\/shure-55sh-ii-e1601485394796.jpg\" alt=\"\" srcset=\"http:\/\/kommentatorenblog.de\/wp-content\/uploads\/2020\/09\/shure-55sh-ii-e1601485394796.jpg 415w, http:\/\/kommentatorenblog.de\/wp-content\/uploads\/2020\/09\/shure-55sh-ii-e1601485394796-142x300.jpg 142w\" sizes=\"auto, (max-width: 10px) 100vw, 10px\" \/> Lenny Leonhardt <\/p>\n\n\n\n<p>Moderation: Anett Sattler, Experte: Martin Lanig<\/p>\n\n\n\n<p><span style=\"text-decoration: underline;\">Samstag, 25. Februar 2023 ab 13.45 Uhr (Magenta Sport)<\/span><\/p>\n\n\n\n<p><em><strong>Konferenz: <img loading=\"lazy\" decoding=\"async\" width=\"10\" height=\"21\" class=\"wp-image-3656\" style=\"width: 10px;\" src=\"http:\/\/kommentatorenblog.de\/wp-content\/uploads\/2020\/09\/shure-55sh-ii-e1601485394796.jpg\" alt=\"\" srcset=\"http:\/\/kommentatorenblog.de\/wp-content\/uploads\/2020\/09\/shure-55sh-ii-e1601485394796.jpg 415w, http:\/\/kommentatorenblog.de\/wp-content\/uploads\/2020\/09\/shure-55sh-ii-e1601485394796-142x300.jpg 142w\" sizes=\"auto, (max-width: 10px) 100vw, 10px\" \/><\/strong><\/em> Sascha Bandermann, Experte: Steven Ruprecht<\/p>\n\n\n\n<p><strong><em>SpVgg. Bayreuth \u2013 FSV Zwickau<\/em> (14.00 Uhr)<\/strong><\/p>\n\n\n\n<p><img loading=\"lazy\" decoding=\"async\" width=\"10\" height=\"21\" class=\"wp-image-3656\" style=\"width: 10px;\" src=\"http:\/\/kommentatorenblog.de\/wp-content\/uploads\/2020\/09\/shure-55sh-ii-e1601485394796.jpg\" alt=\"\" srcset=\"http:\/\/kommentatorenblog.de\/wp-content\/uploads\/2020\/09\/shure-55sh-ii-e1601485394796.jpg 415w, http:\/\/kommentatorenblog.de\/wp-content\/uploads\/2020\/09\/shure-55sh-ii-e1601485394796-142x300.jpg 142w\" sizes=\"auto, (max-width: 10px) 100vw, 10px\" \/> Oskar Heirler<\/p>\n\n\n\n<p>Moderation: Stefanie Blochwitz<\/p>\n\n\n\n<p><strong><em>Borussia Dortmund II \u2013 SV Waldhof Mannheim (14.00 Uhr)<\/em><\/strong><\/p>\n\n\n\n<p><img loading=\"lazy\" decoding=\"async\" width=\"10\" height=\"21\" class=\"wp-image-3656\" style=\"width: 10px;\" src=\"http:\/\/kommentatorenblog.de\/wp-content\/uploads\/2020\/09\/shure-55sh-ii-e1601485394796.jpg\" alt=\"\" srcset=\"http:\/\/kommentatorenblog.de\/wp-content\/uploads\/2020\/09\/shure-55sh-ii-e1601485394796.jpg 415w, http:\/\/kommentatorenblog.de\/wp-content\/uploads\/2020\/09\/shure-55sh-ii-e1601485394796-142x300.jpg 142w\" sizes=\"auto, (max-width: 10px) 100vw, 10px\" \/> Stefan Fuckert<\/p>\n\n\n\n<p>Moderation: Cedric Pick<\/p>\n\n\n\n<p><strong><em>FC Ingolstadt 04 \u2013 Rot-Weiss Essen (14.00 Uhr)<\/em><\/strong><\/p>\n\n\n\n<p><img loading=\"lazy\" decoding=\"async\" width=\"10\" height=\"21\" class=\"wp-image-3656\" style=\"width: 10px;\" src=\"http:\/\/kommentatorenblog.de\/wp-content\/uploads\/2020\/09\/shure-55sh-ii-e1601485394796.jpg\" alt=\"\" srcset=\"http:\/\/kommentatorenblog.de\/wp-content\/uploads\/2020\/09\/shure-55sh-ii-e1601485394796.jpg 415w, http:\/\/kommentatorenblog.de\/wp-content\/uploads\/2020\/09\/shure-55sh-ii-e1601485394796-142x300.jpg 142w\" sizes=\"auto, (max-width: 10px) 100vw, 10px\" \/> Alex Klich<\/p>\n\n\n\n<p>Moderation: Alex K\u00fcpper<\/p>\n\n\n\n<p><strong><em>MSV Duisburg \u2013 SV Meppen (14.00 Uhr)<\/em><\/strong><\/p>\n\n\n\n<p><img loading=\"lazy\" decoding=\"async\" width=\"10\" height=\"21\" class=\"wp-image-3656\" style=\"width: 10px;\" src=\"http:\/\/kommentatorenblog.de\/wp-content\/uploads\/2020\/09\/shure-55sh-ii-e1601485394796.jpg\" alt=\"\" srcset=\"http:\/\/kommentatorenblog.de\/wp-content\/uploads\/2020\/09\/shure-55sh-ii-e1601485394796.jpg 415w, http:\/\/kommentatorenblog.de\/wp-content\/uploads\/2020\/09\/shure-55sh-ii-e1601485394796-142x300.jpg 142w\" sizes=\"auto, (max-width: 10px) 100vw, 10px\" \/> Philip Konrad<\/p>\n\n\n\n<p>Moderation: Thomas Wagner<\/p>\n\n\n\n<p><strong><em>VfL Osnabr\u00fcck \u2013 SV Wehen Wiesbaden (14.00 Uhr)<\/em><\/strong><\/p>\n\n\n\n<p> <img loading=\"lazy\" decoding=\"async\" width=\"10\" height=\"21\" class=\"wp-image-3656\" style=\"width: 10px;\" src=\"http:\/\/kommentatorenblog.de\/wp-content\/uploads\/2020\/09\/shure-55sh-ii-e1601485394796.jpg\" alt=\"\" srcset=\"http:\/\/kommentatorenblog.de\/wp-content\/uploads\/2020\/09\/shure-55sh-ii-e1601485394796.jpg 415w, http:\/\/kommentatorenblog.de\/wp-content\/uploads\/2020\/09\/shure-55sh-ii-e1601485394796-142x300.jpg 142w\" sizes=\"auto, (max-width: 10px) 100vw, 10px\" \/> Julian Engelhard<\/p>\n\n\n\n<p>Moderation: Holger Speckhahn  <\/p>\n\n\n\n<p><em><strong>SC Verl \u2013 VfB Oldenburg (14.00 Uhr)<\/strong><\/em><\/p>\n\n\n\n<p> <img loading=\"lazy\" decoding=\"async\" width=\"10\" height=\"21\" class=\"wp-image-3656\" style=\"width: 10px;\" src=\"http:\/\/kommentatorenblog.de\/wp-content\/uploads\/2020\/09\/shure-55sh-ii-e1601485394796.jpg\" alt=\"\" srcset=\"http:\/\/kommentatorenblog.de\/wp-content\/uploads\/2020\/09\/shure-55sh-ii-e1601485394796.jpg 415w, http:\/\/kommentatorenblog.de\/wp-content\/uploads\/2020\/09\/shure-55sh-ii-e1601485394796-142x300.jpg 142w\" sizes=\"auto, (max-width: 10px) 100vw, 10px\" \/> Gari Paubandt<\/p>\n\n\n\n<p>Moderation: Michael Augustin <\/p>\n\n\n\n<p><span style=\"text-decoration: underline;\">Sonntag, 26. Februar 2023 ab 12.45 Uhr (Magenta)<\/span><\/p>\n\n\n\n<p><em><strong>SV Elversberg 07 \u2013 SG Dynamo Dresden (13.00 Uhr)<\/strong><\/em><\/p>\n\n\n\n<p><img loading=\"lazy\" decoding=\"async\" width=\"10\" height=\"21\" class=\"wp-image-3656\" style=\"width: 10px;\" src=\"http:\/\/kommentatorenblog.de\/wp-content\/uploads\/2020\/09\/shure-55sh-ii-e1601485394796.jpg\" alt=\"\" srcset=\"http:\/\/kommentatorenblog.de\/wp-content\/uploads\/2020\/09\/shure-55sh-ii-e1601485394796.jpg 415w, http:\/\/kommentatorenblog.de\/wp-content\/uploads\/2020\/09\/shure-55sh-ii-e1601485394796-142x300.jpg 142w\" sizes=\"auto, (max-width: 10px) 100vw, 10px\" \/> Mario Bast<\/p>\n\n\n\n<p>Moderation: Kevin Gerwin <\/p>\n\n\n\n<p><span style=\"text-decoration: underline;\">ab 13.45 Uhr<\/span><\/p>\n\n\n\n<p><em><strong>FC Erzgebirge Aue \u2013 1. FC Saarbr\u00fccken (14.00 Uhr)<\/strong><\/em><\/p>\n\n\n\n<p><img loading=\"lazy\" decoding=\"async\" width=\"10\" height=\"21\" class=\"wp-image-3656\" style=\"width: 10px;\" src=\"http:\/\/kommentatorenblog.de\/wp-content\/uploads\/2020\/09\/shure-55sh-ii-e1601485394796.jpg\" alt=\"\" srcset=\"http:\/\/kommentatorenblog.de\/wp-content\/uploads\/2020\/09\/shure-55sh-ii-e1601485394796.jpg 415w, http:\/\/kommentatorenblog.de\/wp-content\/uploads\/2020\/09\/shure-55sh-ii-e1601485394796-142x300.jpg 142w\" sizes=\"auto, (max-width: 10px) 100vw, 10px\" \/> Andreas Mann <\/p>\n\n\n\n<p>Moderation: Stefanie Blochwitz<\/p>\n\n\n\n<p><span style=\"text-decoration: underline;\">Montag, 27. Februar 2023 ab 18.30 Uhr<\/span><\/p>\n\n\n\n<p><strong><em>FC Viktoria K\u00f6ln \u2013 SC Freiburg II (19.00 Uhr)<\/em><\/strong><\/p>\n\n\n\n<p><img loading=\"lazy\" decoding=\"async\" width=\"10\" height=\"21\" class=\"wp-image-3656\" style=\"width: 10px;\" src=\"http:\/\/kommentatorenblog.de\/wp-content\/uploads\/2020\/09\/shure-55sh-ii-e1601485394796.jpg\" alt=\"\" srcset=\"http:\/\/kommentatorenblog.de\/wp-content\/uploads\/2020\/09\/shure-55sh-ii-e1601485394796.jpg 415w, http:\/\/kommentatorenblog.de\/wp-content\/uploads\/2020\/09\/shure-55sh-ii-e1601485394796-142x300.jpg 142w\" sizes=\"auto, (max-width: 10px) 100vw, 10px\" \/> Julian Engelhard<\/p>\n\n\n\n<p>Moderation: Kamila Benschop<\/p>\n\n\n\n<hr class=\"wp-block-separator\"\/>\n\n\n\n<p><strong>Premier League, 25. Spieltag (Sky)<\/strong><\/p>\n\n\n\n<p><span style=\"text-decoration: underline;\">Freitag, 24. Februar 2023 ab 20.50 Uhr <\/span><\/p>\n\n\n\n<p><em><strong>FC <\/strong><\/em><strong><em>Fulham \u2013 Wolverhampton Wanderers (21.00 Uhr)<\/em><\/strong><\/p>\n\n\n\n<p><img loading=\"lazy\" decoding=\"async\" width=\"10\" height=\"21\" class=\"wp-image-3656\" style=\"width: 10px;\" src=\"http:\/\/kommentatorenblog.de\/wp-content\/uploads\/2020\/09\/shure-55sh-ii-e1601485394796.jpg\" alt=\"\" srcset=\"http:\/\/kommentatorenblog.de\/wp-content\/uploads\/2020\/09\/shure-55sh-ii-e1601485394796.jpg 415w, http:\/\/kommentatorenblog.de\/wp-content\/uploads\/2020\/09\/shure-55sh-ii-e1601485394796-142x300.jpg 142w\" sizes=\"auto, (max-width: 10px) 100vw, 10px\" \/> Sven Schr\u00f6ter<\/p>\n\n\n\n<hr class=\"wp-block-separator\"\/>\n\n\n\n<p><span style=\"text-decoration: underline;\">Samstag, 25. Februar 2023 ab 15.50 Uhr<\/span><\/p>\n\n\n\n<p><strong><em>Leicester City \u2013 FC Arsenal (16.00 Uhr)<\/em><\/strong><\/p>\n\n\n\n<p><img loading=\"lazy\" decoding=\"async\" width=\"10\" height=\"21\" class=\"wp-image-3656\" style=\"width: 10px;\" src=\"http:\/\/kommentatorenblog.de\/wp-content\/uploads\/2020\/09\/shure-55sh-ii-e1601485394796.jpg\" alt=\"\" srcset=\"http:\/\/kommentatorenblog.de\/wp-content\/uploads\/2020\/09\/shure-55sh-ii-e1601485394796.jpg 415w, http:\/\/kommentatorenblog.de\/wp-content\/uploads\/2020\/09\/shure-55sh-ii-e1601485394796-142x300.jpg 142w\" sizes=\"auto, (max-width: 10px) 100vw, 10px\" \/> Joachim Hebel <\/p>\n\n\n\n<p><em><strong>FC Everton \u2013 Aston Villa (16.00 Uhr)<\/strong><\/em><\/p>\n\n\n\n<p><img loading=\"lazy\" decoding=\"async\" width=\"10\" height=\"21\" class=\"wp-image-3656\" style=\"width: 10px;\" src=\"http:\/\/kommentatorenblog.de\/wp-content\/uploads\/2020\/09\/shure-55sh-ii-e1601485394796.jpg\" alt=\"\" srcset=\"http:\/\/kommentatorenblog.de\/wp-content\/uploads\/2020\/09\/shure-55sh-ii-e1601485394796.jpg 415w, http:\/\/kommentatorenblog.de\/wp-content\/uploads\/2020\/09\/shure-55sh-ii-e1601485394796-142x300.jpg 142w\" sizes=\"auto, (max-width: 10px) 100vw, 10px\" \/> Marcel Meinert<\/p>\n\n\n\n<p><span style=\"text-decoration: underline;\">ab 18.00Uhr<\/span><\/p>\n\n\n\n<p><em><strong>AFC Bournemouth \u2013 Manchester City (18.30 Uhr)<\/strong><\/em><\/p>\n\n\n\n<p><img loading=\"lazy\" decoding=\"async\" width=\"10\" height=\"21\" class=\"wp-image-3656\" style=\"width: 10px;\" src=\"http:\/\/kommentatorenblog.de\/wp-content\/uploads\/2020\/09\/shure-55sh-ii-e1601485394796.jpg\" alt=\"\" srcset=\"http:\/\/kommentatorenblog.de\/wp-content\/uploads\/2020\/09\/shure-55sh-ii-e1601485394796.jpg 415w, http:\/\/kommentatorenblog.de\/wp-content\/uploads\/2020\/09\/shure-55sh-ii-e1601485394796-142x300.jpg 142w\" sizes=\"auto, (max-width: 10px) 100vw, 10px\" \/> Sven Schr\u00f6ter<\/p>\n\n\n\n<p><span style=\"text-decoration: underline;\">ab 20.35 Uhr<\/span><\/p>\n\n\n\n<p><em><strong>Crystal Palace \u2013 FC Liverpool (20.45 Uhr)<\/strong><\/em><\/p>\n\n\n\n<p><img loading=\"lazy\" decoding=\"async\" width=\"10\" height=\"21\" class=\"wp-image-3656\" style=\"width: 10px;\" src=\"http:\/\/kommentatorenblog.de\/wp-content\/uploads\/2020\/09\/shure-55sh-ii-e1601485394796.jpg\" alt=\"\" srcset=\"http:\/\/kommentatorenblog.de\/wp-content\/uploads\/2020\/09\/shure-55sh-ii-e1601485394796.jpg 415w, http:\/\/kommentatorenblog.de\/wp-content\/uploads\/2020\/09\/shure-55sh-ii-e1601485394796-142x300.jpg 142w\" sizes=\"auto, (max-width: 10px) 100vw, 10px\" \/> Florian Malburg<\/p>\n\n\n\n<hr class=\"wp-block-separator\"\/>\n\n\n\n<p><span style=\"text-decoration: underline;\">Sonntag, 26. Februar 2023, ab 14.00 Uhr<\/span><\/p>\n\n\n\n<p><em><strong>Tottenham Hotspur \u2013 FC Chelsea  (14.30 Uhr)<\/strong><\/em><\/p>\n\n\n\n<p><img loading=\"lazy\" decoding=\"async\" width=\"10\" height=\"21\" class=\"wp-image-3656\" style=\"width: 10px;\" src=\"http:\/\/kommentatorenblog.de\/wp-content\/uploads\/2020\/09\/shure-55sh-ii-e1601485394796.jpg\" alt=\"\" srcset=\"http:\/\/kommentatorenblog.de\/wp-content\/uploads\/2020\/09\/shure-55sh-ii-e1601485394796.jpg 415w, http:\/\/kommentatorenblog.de\/wp-content\/uploads\/2020\/09\/shure-55sh-ii-e1601485394796-142x300.jpg 142w\" sizes=\"auto, (max-width: 10px) 100vw, 10px\" \/> Florian Schmidt-Sommerfeld; Experte: Mladen Petric <\/p>\n\n\n\n<p>Field-Reporter: Raphael Honigstein <\/p>\n\n\n\n<hr class=\"wp-block-separator\"\/>\n\n\n\n<p><strong>Internationaler Fu\u00dfball (DAZN)<\/strong><\/p>\n\n\n\n<hr class=\"wp-block-separator\"\/>\n\n\n\n<p><strong>LaLiga, 23. Spieltag <\/strong><\/p>\n\n\n\n<p><span style=\"text-decoration: underline;\">Samstag, 25. Februar 2023 <\/span><\/p>\n\n\n\n<p><em><strong>Real Madrid \u2013 Atletico Madrid (18.30 Uhr)<\/strong><\/em><\/p>\n\n\n\n<p><img loading=\"lazy\" decoding=\"async\" width=\"10\" height=\"21\" class=\"wp-image-3656\" style=\"width: 10px;\" src=\"http:\/\/kommentatorenblog.de\/wp-content\/uploads\/2020\/09\/shure-55sh-ii-e1601485394796.jpg\" alt=\"\" srcset=\"http:\/\/kommentatorenblog.de\/wp-content\/uploads\/2020\/09\/shure-55sh-ii-e1601485394796.jpg 415w, http:\/\/kommentatorenblog.de\/wp-content\/uploads\/2020\/09\/shure-55sh-ii-e1601485394796-142x300.jpg 142w\" sizes=\"auto, (max-width: 10px) 100vw, 10px\" \/> Lukas Sch\u00f6nm\u00fcller; Experte: Michael Hofmann<\/p>\n\n\n\n<p><em><strong>FC Valencia \u2013 Real Sociedad (21.00 Uhr)<\/strong><\/em><\/p>\n\n\n\n<p><img loading=\"lazy\" decoding=\"async\" width=\"10\" height=\"21\" class=\"wp-image-3656\" style=\"width: 10px;\" src=\"http:\/\/kommentatorenblog.de\/wp-content\/uploads\/2020\/09\/shure-55sh-ii-e1601485394796.jpg\" alt=\"\" srcset=\"http:\/\/kommentatorenblog.de\/wp-content\/uploads\/2020\/09\/shure-55sh-ii-e1601485394796.jpg 415w, http:\/\/kommentatorenblog.de\/wp-content\/uploads\/2020\/09\/shure-55sh-ii-e1601485394796-142x300.jpg 142w\" sizes=\"auto, (max-width: 10px) 100vw, 10px\" \/> Julian Engelhard<\/p>\n\n\n\n<hr class=\"wp-block-separator\"\/>\n\n\n\n<p><span style=\"text-decoration: underline;\">Sonntag, 26. Februar 2023<\/span><\/p>\n\n\n\n<p><em><strong>Almeria \u2013 FC Barcelona (18.30 Uhr)<\/strong><\/em><\/p>\n\n\n\n<p><img loading=\"lazy\" decoding=\"async\" width=\"10\" height=\"21\" class=\"wp-image-3656\" style=\"width: 10px;\" src=\"http:\/\/kommentatorenblog.de\/wp-content\/uploads\/2020\/09\/shure-55sh-ii-e1601485394796.jpg\" alt=\"\" srcset=\"http:\/\/kommentatorenblog.de\/wp-content\/uploads\/2020\/09\/shure-55sh-ii-e1601485394796.jpg 415w, http:\/\/kommentatorenblog.de\/wp-content\/uploads\/2020\/09\/shure-55sh-ii-e1601485394796-142x300.jpg 142w\" sizes=\"auto, (max-width: 10px) 100vw, 10px\" \/> Uwe Morawe<\/p>\n\n\n\n<hr class=\"wp-block-separator\"\/>\n\n\n\n<p><strong>Serie A, 24. Spieltag <\/strong><\/p>\n\n\n\n<p><span style=\"text-decoration: underline;\">Samstag, 25. Februar 2023 <\/span><\/p>\n\n\n\n<p><strong><em>Empoli \u2013 SSC Neapel (18.00 Uhr)<\/em><\/strong><\/p>\n\n\n\n<p><img loading=\"lazy\" decoding=\"async\" width=\"10\" height=\"21\" class=\"wp-image-3656\" style=\"width: 10px;\" src=\"http:\/\/kommentatorenblog.de\/wp-content\/uploads\/2020\/09\/shure-55sh-ii-e1601485394796.jpg\" alt=\"\" srcset=\"http:\/\/kommentatorenblog.de\/wp-content\/uploads\/2020\/09\/shure-55sh-ii-e1601485394796.jpg 415w, http:\/\/kommentatorenblog.de\/wp-content\/uploads\/2020\/09\/shure-55sh-ii-e1601485394796-142x300.jpg 142w\" sizes=\"auto, (max-width: 10px) 100vw, 10px\" \/> Claus M\u00fcller<\/p>\n\n\n\n<hr class=\"wp-block-separator\"\/>\n\n\n\n<p><span style=\"text-decoration: underline;\">Sonntag, 26. Februar 2023 <\/span><\/p>\n\n\n\n<p><em><strong>Bologna \u2013 Inter Mailand (12.30 Uhr)<\/strong><\/em><\/p>\n\n\n\n<p><img loading=\"lazy\" decoding=\"async\" width=\"10\" height=\"21\" class=\"wp-image-3656\" style=\"width: 10px;\" src=\"http:\/\/kommentatorenblog.de\/wp-content\/uploads\/2020\/09\/shure-55sh-ii-e1601485394796.jpg\" alt=\"\" srcset=\"http:\/\/kommentatorenblog.de\/wp-content\/uploads\/2020\/09\/shure-55sh-ii-e1601485394796.jpg 415w, http:\/\/kommentatorenblog.de\/wp-content\/uploads\/2020\/09\/shure-55sh-ii-e1601485394796-142x300.jpg 142w\" sizes=\"auto, (max-width: 10px) 100vw, 10px\" \/> Carsten Fu\u00df<\/p>\n\n\n\n<p><strong><em>AC Mailand \u2013 Atalanta Bergamo (20.45 Uhr)<\/em><\/strong><\/p>\n\n\n\n<p><img loading=\"lazy\" decoding=\"async\" width=\"10\" height=\"21\" class=\"wp-image-3656\" style=\"width: 10px;\" src=\"http:\/\/kommentatorenblog.de\/wp-content\/uploads\/2020\/09\/shure-55sh-ii-e1601485394796.jpg\" alt=\"\" srcset=\"http:\/\/kommentatorenblog.de\/wp-content\/uploads\/2020\/09\/shure-55sh-ii-e1601485394796.jpg 415w, http:\/\/kommentatorenblog.de\/wp-content\/uploads\/2020\/09\/shure-55sh-ii-e1601485394796-142x300.jpg 142w\" sizes=\"auto, (max-width: 10px) 100vw, 10px\" \/> Benni Zander; Experte: Christian Bernhard<\/p>\n\n\n\n<hr class=\"wp-block-separator\"\/>\n\n\n\n<p><strong>Ligue 1, 25. Spieltag <\/strong><\/p>\n\n\n\n<p><span style=\"text-decoration: underline;\">Sonntag, 26. Februar 2023 <\/span><\/p>\n\n\n\n<p><em><strong>AS Monaco \u2013 OGC Nizza (17.05 Uhr)<\/strong><\/em><\/p>\n\n\n\n<p><img loading=\"lazy\" decoding=\"async\" width=\"10\" height=\"21\" class=\"wp-image-3656\" style=\"width: 10px;\" src=\"http:\/\/kommentatorenblog.de\/wp-content\/uploads\/2020\/09\/shure-55sh-ii-e1601485394796.jpg\" alt=\"\" srcset=\"http:\/\/kommentatorenblog.de\/wp-content\/uploads\/2020\/09\/shure-55sh-ii-e1601485394796.jpg 415w, http:\/\/kommentatorenblog.de\/wp-content\/uploads\/2020\/09\/shure-55sh-ii-e1601485394796-142x300.jpg 142w\" sizes=\"auto, (max-width: 10px) 100vw, 10px\" \/> Matthias Naebers <\/p>\n\n\n\n<p><em><strong>Marseille \u2013 Paris SG (20.45 Uhr)<\/strong><\/em><\/p>\n\n\n\n<p><img loading=\"lazy\" decoding=\"async\" width=\"10\" height=\"21\" class=\"wp-image-3656\" style=\"width: 10px;\" src=\"http:\/\/kommentatorenblog.de\/wp-content\/uploads\/2020\/09\/shure-55sh-ii-e1601485394796.jpg\" alt=\"\" srcset=\"http:\/\/kommentatorenblog.de\/wp-content\/uploads\/2020\/09\/shure-55sh-ii-e1601485394796.jpg 415w, http:\/\/kommentatorenblog.de\/wp-content\/uploads\/2020\/09\/shure-55sh-ii-e1601485394796-142x300.jpg 142w\" sizes=\"auto, (max-width: 10px) 100vw, 10px\" \/> Stefan Galler; Experte: Alexis Menuge<\/p>\n\n\n\n<hr class=\"wp-block-separator\"\/>\n\n\n\n<p><strong>Carabao Cup (Finale)<\/strong><\/p>\n\n\n\n<p><span style=\"text-decoration: underline;\">Sonntag, 26. Februar 2023 <\/span><\/p>\n\n\n\n<p><em><strong>Manchester United \u2013 Newcastle United (17.30 Uhr)<\/strong><\/em><\/p>\n\n\n\n<p><img loading=\"lazy\" decoding=\"async\" width=\"10\" height=\"21\" class=\"wp-image-3656\" style=\"width: 10px;\" src=\"http:\/\/kommentatorenblog.de\/wp-content\/uploads\/2020\/09\/shure-55sh-ii-e1601485394796.jpg\" alt=\"\" srcset=\"http:\/\/kommentatorenblog.de\/wp-content\/uploads\/2020\/09\/shure-55sh-ii-e1601485394796.jpg 415w, http:\/\/kommentatorenblog.de\/wp-content\/uploads\/2020\/09\/shure-55sh-ii-e1601485394796-142x300.jpg 142w\" sizes=\"auto, (max-width: 10px) 100vw, 10px\" \/> Max Gross; Experte: Ralph Gunesch   <\/p>\n\n\n\n<hr class=\"wp-block-separator\"\/>\n\n\n\n<p><img loading=\"lazy\" decoding=\"async\" width=\"10\" height=\"21\" class=\"wp-image-3656\" style=\"width: 10px;\" src=\"http:\/\/kommentatorenblog.de\/wp-content\/uploads\/2020\/09\/shure-55sh-ii-e1601485394796.jpg\" alt=\"\" srcset=\"http:\/\/kommentatorenblog.de\/wp-content\/uploads\/2020\/09\/shure-55sh-ii-e1601485394796.jpg 415w, http:\/\/kommentatorenblog.de\/wp-content\/uploads\/2020\/09\/shure-55sh-ii-e1601485394796-142x300.jpg 142w\" sizes=\"auto, (max-width: 10px) 100vw, 10px\" \/><\/p>\n\n\n\n<hr class=\"wp-block-separator\"\/>\n\n\n\n<p><strong>Internationaler Fu\u00dfball Sportdigital<\/strong><\/p>\n\n\n\n<hr class=\"wp-block-separator\"\/>\n\n\n\n<p><strong><em>Ekstraklasa, 22. Spieltag <\/em><\/strong><\/p>\n\n\n\n<p><span style=\"text-decoration: underline;\">Freitag, 24. Februar 2022 <\/span><\/p>\n\n\n\n<p><em><strong>Legia Warschau \u2013 Widzew Lotz (20.30 Uhr)<\/strong><\/em><\/p>\n\n\n\n<p><img loading=\"lazy\" decoding=\"async\" width=\"10\" height=\"21\" class=\"wp-image-3656\" style=\"width: 10px;\" src=\"http:\/\/kommentatorenblog.de\/wp-content\/uploads\/2020\/09\/shure-55sh-ii-e1601485394796.jpg\" alt=\"\" srcset=\"http:\/\/kommentatorenblog.de\/wp-content\/uploads\/2020\/09\/shure-55sh-ii-e1601485394796.jpg 415w, http:\/\/kommentatorenblog.de\/wp-content\/uploads\/2020\/09\/shure-55sh-ii-e1601485394796-142x300.jpg 142w\" sizes=\"auto, (max-width: 10px) 100vw, 10px\" \/> Ulf Kahmke<\/p>\n\n\n\n<hr class=\"wp-block-separator\"\/>\n\n\n\n<p>Saudi Arabian Pro League, 18. Spieltag <\/p>\n\n\n\n<p><span style=\"text-decoration: underline;\">Samstag, 25. Februar 2023 <\/span><\/p>\n\n\n\n<p><strong><em>Damac FC \u2013 Al-Nassr FC (16.30 Uhr)<\/em><\/strong><\/p>\n\n\n\n<p><img loading=\"lazy\" decoding=\"async\" width=\"10\" height=\"21\" class=\"wp-image-3656\" style=\"width: 10px;\" src=\"http:\/\/kommentatorenblog.de\/wp-content\/uploads\/2020\/09\/shure-55sh-ii-e1601485394796.jpg\" alt=\"\" srcset=\"http:\/\/kommentatorenblog.de\/wp-content\/uploads\/2020\/09\/shure-55sh-ii-e1601485394796.jpg 415w, http:\/\/kommentatorenblog.de\/wp-content\/uploads\/2020\/09\/shure-55sh-ii-e1601485394796-142x300.jpg 142w\" sizes=\"auto, (max-width: 10px) 100vw, 10px\" \/> Jonathan Dreier<\/p>\n\n\n\n<hr class=\"wp-block-separator\"\/>\n\n\n\n<p><strong>Carabao Cup (Finale)<\/strong><\/p>\n\n\n\n<p><span style=\"text-decoration: underline;\">Sonntag, 26. Februar 2023 <\/span><\/p>\n\n\n\n<p><em><strong>Manchester United \u2013 Newcastle United (17.30 Uhr) <\/strong><\/em><\/p>\n\n\n\n<p><img loading=\"lazy\" decoding=\"async\" width=\"10\" height=\"21\" class=\"wp-image-3656\" style=\"width: 10px;\" src=\"http:\/\/kommentatorenblog.de\/wp-content\/uploads\/2020\/09\/shure-55sh-ii-e1601485394796.jpg\" alt=\"\" srcset=\"http:\/\/kommentatorenblog.de\/wp-content\/uploads\/2020\/09\/shure-55sh-ii-e1601485394796.jpg 415w, http:\/\/kommentatorenblog.de\/wp-content\/uploads\/2020\/09\/shure-55sh-ii-e1601485394796-142x300.jpg 142w\" sizes=\"auto, (max-width: 10px) 100vw, 10px\" \/> Karsten Linke<\/p>\n\n\n\n<hr class=\"wp-block-separator\"\/>\n\n\n\n<p><strong>A-League, 18. Spieltag <\/strong><\/p>\n\n\n\n<p><span style=\"text-decoration: underline;\">Samstag, 25. Februar 2023 <\/span><\/p>\n\n\n\n<p><em><strong>Melbourne City \u2013 Sydney FC (07.00 Uhr)<\/strong><\/em><\/p>\n\n\n\n<p><img loading=\"lazy\" decoding=\"async\" width=\"10\" height=\"21\" class=\"wp-image-3656\" style=\"width: 10px;\" src=\"http:\/\/kommentatorenblog.de\/wp-content\/uploads\/2020\/09\/shure-55sh-ii-e1601485394796.jpg\" alt=\"\" srcset=\"http:\/\/kommentatorenblog.de\/wp-content\/uploads\/2020\/09\/shure-55sh-ii-e1601485394796.jpg 415w, http:\/\/kommentatorenblog.de\/wp-content\/uploads\/2020\/09\/shure-55sh-ii-e1601485394796-142x300.jpg 142w\" sizes=\"auto, (max-width: 10px) 100vw, 10px\" \/> Henrik Hinrichsen <\/p>\n\n\n\n<p><em><strong>Western Sydney Wanderers \u2013 Macarthur FC (09.45 Uhr)<\/strong><\/em><\/p>\n\n\n\n<p><img loading=\"lazy\" decoding=\"async\" width=\"10\" height=\"21\" class=\"wp-image-3656\" style=\"width: 10px;\" src=\"http:\/\/kommentatorenblog.de\/wp-content\/uploads\/2020\/09\/shure-55sh-ii-e1601485394796.jpg\" alt=\"\" srcset=\"http:\/\/kommentatorenblog.de\/wp-content\/uploads\/2020\/09\/shure-55sh-ii-e1601485394796.jpg 415w, http:\/\/kommentatorenblog.de\/wp-content\/uploads\/2020\/09\/shure-55sh-ii-e1601485394796-142x300.jpg 142w\" sizes=\"auto, (max-width: 10px) 100vw, 10px\" \/> Ulf Kahmke<\/p>\n\n\n\n<hr class=\"wp-block-separator\"\/>\n\n\n\n<p><strong>Liga Profesional, 5. Spieltag <\/strong><\/p>\n\n\n\n<p><span style=\"text-decoration: underline;\">Sonntag, 26. Februar 2023 <\/span><\/p>\n\n\n\n<p><strong><em>CA River Plate \u2013 Arsenal de Sarandi (23.15 Uhr)<\/em><\/strong><\/p>\n\n\n\n<p><img loading=\"lazy\" decoding=\"async\" width=\"10\" height=\"21\" class=\"wp-image-3656\" style=\"width: 10px;\" src=\"http:\/\/kommentatorenblog.de\/wp-content\/uploads\/2020\/09\/shure-55sh-ii-e1601485394796.jpg\" alt=\"\" srcset=\"http:\/\/kommentatorenblog.de\/wp-content\/uploads\/2020\/09\/shure-55sh-ii-e1601485394796.jpg 415w, http:\/\/kommentatorenblog.de\/wp-content\/uploads\/2020\/09\/shure-55sh-ii-e1601485394796-142x300.jpg 142w\" sizes=\"auto, (max-width: 10px) 100vw, 10px\" \/> J\u00f6rg Steiger<\/p>\n\n\n\n<hr class=\"wp-block-separator\"\/>\n\n\n\n<p><strong>Eredivisie, 23. Spieltag <\/strong><\/p>\n\n\n\n<p><span style=\"text-decoration: underline;\">Sonntag, 26. Februar 2023 <\/span><\/p>\n\n\n\n<p><strong><em>Fortuna Sittard \u2013 Feyenoord Rotterdam (12.15 Uhr)<\/em><\/strong><\/p>\n\n\n\n<p><img loading=\"lazy\" decoding=\"async\" width=\"10\" height=\"21\" class=\"wp-image-3656\" style=\"width: 10px;\" src=\"http:\/\/kommentatorenblog.de\/wp-content\/uploads\/2020\/09\/shure-55sh-ii-e1601485394796.jpg\" alt=\"\" srcset=\"http:\/\/kommentatorenblog.de\/wp-content\/uploads\/2020\/09\/shure-55sh-ii-e1601485394796.jpg 415w, http:\/\/kommentatorenblog.de\/wp-content\/uploads\/2020\/09\/shure-55sh-ii-e1601485394796-142x300.jpg 142w\" sizes=\"auto, (max-width: 10px) 100vw, 10px\" \/> Jakob Vogel <\/p>\n\n\n\n<p><em><strong>Vitesse Arnheim \u2013 Ajax Amsterdam (14.30 Uhr)<\/strong><\/em><\/p>\n\n\n\n<p><img loading=\"lazy\" decoding=\"async\" width=\"10\" height=\"21\" class=\"wp-image-3656\" style=\"width: 10px;\" src=\"http:\/\/kommentatorenblog.de\/wp-content\/uploads\/2020\/09\/shure-55sh-ii-e1601485394796.jpg\" alt=\"\" srcset=\"http:\/\/kommentatorenblog.de\/wp-content\/uploads\/2020\/09\/shure-55sh-ii-e1601485394796.jpg 415w, http:\/\/kommentatorenblog.de\/wp-content\/uploads\/2020\/09\/shure-55sh-ii-e1601485394796-142x300.jpg 142w\" sizes=\"auto, (max-width: 10px) 100vw, 10px\" \/> Christian Blunck<\/p>\n\n\n\n<hr class=\"wp-block-separator\"\/>\n\n\n\n<p> <strong>EFL Championship, 34. Spieltag <\/strong><\/p>\n\n\n\n<p><span style=\"text-decoration: underline;\">Samstag, 25. Februar 2023 <\/span><\/p>\n\n\n\n<p><strong><em>Coventry City \u2013 AFC Sunderland (13.30 Uhr)<\/em><\/strong><\/p>\n\n\n\n<p><img loading=\"lazy\" decoding=\"async\" width=\"10\" height=\"21\" class=\"wp-image-3656\" style=\"width: 10px;\" src=\"http:\/\/kommentatorenblog.de\/wp-content\/uploads\/2020\/09\/shure-55sh-ii-e1601485394796.jpg\" alt=\"\" srcset=\"http:\/\/kommentatorenblog.de\/wp-content\/uploads\/2020\/09\/shure-55sh-ii-e1601485394796.jpg 415w, http:\/\/kommentatorenblog.de\/wp-content\/uploads\/2020\/09\/shure-55sh-ii-e1601485394796-142x300.jpg 142w\" sizes=\"auto, (max-width: 10px) 100vw, 10px\" \/> Martin Hahn<\/p>\n\n\n\n<hr class=\"wp-block-separator\"\/>\n\n\n\n<p><strong>Primeira Liga, 22. Spieltag <\/strong><\/p>\n\n\n\n<p><span style=\"text-decoration: underline;\">Samstag, 25. Februar 2023 <\/span><\/p>\n\n\n\n<p><strong><em>FC Vizela \u2013 Benfica Lissabon (21.30 Uhr)<\/em><\/strong><\/p>\n\n\n\n<p><img loading=\"lazy\" decoding=\"async\" width=\"10\" height=\"21\" class=\"wp-image-3656\" style=\"width: 10px;\" src=\"http:\/\/kommentatorenblog.de\/wp-content\/uploads\/2020\/09\/shure-55sh-ii-e1601485394796.jpg\" alt=\"\" srcset=\"http:\/\/kommentatorenblog.de\/wp-content\/uploads\/2020\/09\/shure-55sh-ii-e1601485394796.jpg 415w, http:\/\/kommentatorenblog.de\/wp-content\/uploads\/2020\/09\/shure-55sh-ii-e1601485394796-142x300.jpg 142w\" sizes=\"auto, (max-width: 10px) 100vw, 10px\" \/> Karsten Linke <\/p>\n\n\n\n<p><span style=\"text-decoration: underline;\">Sonntag, 26. Februar 2023 <\/span><\/p>\n\n\n\n<p><em><strong>FC Porto \u2013 FC Gil Vicente (21.30 Uhr)<\/strong><\/em><\/p>\n\n\n\n<p><img loading=\"lazy\" decoding=\"async\" width=\"10\" height=\"21\" class=\"wp-image-3656\" style=\"width: 10px;\" src=\"http:\/\/kommentatorenblog.de\/wp-content\/uploads\/2020\/09\/shure-55sh-ii-e1601485394796.jpg\" alt=\"\" srcset=\"http:\/\/kommentatorenblog.de\/wp-content\/uploads\/2020\/09\/shure-55sh-ii-e1601485394796.jpg 415w, http:\/\/kommentatorenblog.de\/wp-content\/uploads\/2020\/09\/shure-55sh-ii-e1601485394796-142x300.jpg 142w\" sizes=\"auto, (max-width: 10px) 100vw, 10px\" \/> Marvin Kirsch <\/p>\n\n\n\n<p><span style=\"text-decoration: underline;\">Montag, 27. Februar 2023 <\/span><\/p>\n\n\n\n<p><strong><em>Sporting Lissabon \u2013 GD Estoril Praia (20.00 Uhr)<\/em><\/strong><\/p>\n\n\n\n<p><img loading=\"lazy\" decoding=\"async\" width=\"10\" height=\"21\" class=\"wp-image-3656\" style=\"width: 10px;\" src=\"http:\/\/kommentatorenblog.de\/wp-content\/uploads\/2020\/09\/shure-55sh-ii-e1601485394796.jpg\" alt=\"\" srcset=\"http:\/\/kommentatorenblog.de\/wp-content\/uploads\/2020\/09\/shure-55sh-ii-e1601485394796.jpg 415w, http:\/\/kommentatorenblog.de\/wp-content\/uploads\/2020\/09\/shure-55sh-ii-e1601485394796-142x300.jpg 142w\" sizes=\"auto, (max-width: 10px) 100vw, 10px\" \/> Arne Malsch <strong><em> <\/em><\/strong><\/p>\n\n\n\n<hr class=\"wp-block-separator\"\/>\n\n\n\n<p><strong>Die Analyse <\/strong><\/p>\n\n\n\n<p>Wie immer startet DAZN am Freitag in den Bundesligaspieltag. Mittlerweile mit dem gewohnten Bild, zwei Experten, einer im Stadion, einer mit Kommentator in der Box und einem Moderator. Ich pers\u00f6nlich bin nicht begeistert und finde es nicht nachvollziehbar, dass DAZN die Berichterstattung und somit auch die Qualit\u00e4t der \u00dcbertragungen zur\u00fcckf\u00e4hrt. Christina Rann, Sascha Bigalke, Lukas Sch\u00f6nm\u00fcller und Benny Lauth sind jedenfalls mit von der Partie.<\/p>\n\n\n\n<p>Am Samstag greift Sky dann mal ins oberste Kommentatorenregal, um die Bundesligakonferenz zu best\u00fccken. Diese liest sich mit Friedrich, Dittmann, Buschmann, Gro\u00df und SchmiSo richtig gut. <\/p>\n\n\n\n<p>Ansonsten kommt Hannes Herrmann in Hoffenheim erneut zu einem Einzelspieleinsatz in Liga 1, Torsten Kunde meldet sich aus Berlin. Hansi K\u00fcpper und Ulli Potofski melden sich aus K\u00f6ln. Oliver Seidler reist nach Leipzig, Jens Westen bleibt im Norden und st\u00e4mmt die \u00dcbertragung mit Marcus Lindemann in Bremen. <\/p>\n\n\n\n<p>Das Topspiel kommt diese Woche aus der Veltinsarena und ist &#8230; na ja, ein Topspiel im Abstiegskampf. Im Vergleich zur Vorwoche \u00e4ndert sich beim Team nur die Expertin, f\u00fcr Tabea Kemme rotiert Julia Simic ins Topspielteam. <\/p>\n\n\n\n<p>Am Sonntag k\u00fcmmert sich Jan Platte mit Sep Knei\u00dfl um die Freiburger, Daniel Herzi Herzog geht auf Stimmenfang. Uli Hebel, der immer mehr zum Topkommentator bei DAZN avanciert, kriegt das eigentliche Topspiel des Spieltags und schaut sich mit Sandro Wagner Bayern vs. Union an. Laura Wontorra moderiert das Ganze. <\/p>\n\n\n\n<p>In der 2. Bundesliga gibt es keine gro\u00dfen \u00dcberraschungen. Einzig das Martin Weinberger die N\u00fcrnberger zu sehen kriegt, bei denen Dieter Hecking ob der schlechten Leistungen wieder auf der Trainerbank sitzt, \u00fcberrascht ein bisschen. <\/p>\n\n\n\n<p>Magenta hat wie immer Liga 3 f\u00fcr euch, es Kommentieren und moderieren die \u00fcblichen Verd\u00e4chtigen. Zudem gibt es noch ein Nachholspiel aus der Bundesliga der Frauen, Alex Kunz kommentiert.<\/p>\n\n\n\n<p>Sven Schr\u00f6ter ist bei Sky in der Premier League im Doppeleinsatz, das Match of the Week gibt es am Sonntag schon etwas fr\u00fcher als gewohnt. Mladen Petric wird an der Seite von Florian Schmidt-Sommerfeld seine Expertise abgeben. <\/p>\n\n\n\n<p>Was gibt&#8217;s sonst noch zu sehen: LaLIGA mit dem Stadtderby, Lukas Sch\u00f6nm\u00fcller kommt hier zum zweiten Mal an diesem Wochenende zum Zug. Claus M\u00fcller kommentiert das Spiel der Eintrachtbezwinger in der Serie A und in Frankreich ist mit Galler und Menuge bei PSG alles wie gehabt. <\/p>\n\n\n\n<p>Sportdigital Fussball hat ebenfalls einen bunten Strau\u00df an internationalen Partien im Programm. Neben CR7 \u00fcbertr\u00e4gt man auch das Carabao Cup Finale. Hier habt ihr sogar die Wahl, Karsten Linke oder Ralph Gunesch und Max Gross auf DAZN! <\/p>\n\n\n\n<p>Sollte eigentlich f\u00fcr jede und jeden etwas dabei sein! <\/p>\n","protected":false},"excerpt":{"rendered":"<p>N&#8217;Abend Allerseits! Die Achtelfinalhinspiele sind gelaufen, zumindest in der Champions League, und abgesehen vom erwartet schweren Spiel der Eintracht gegen Napoli war es doch recht ansehnlich und erfolgreich f\u00fcr die deutschen Teams. Na gut, Paris gegen Bayern war jetzt kein Augenschmaus und vor allem mit Blick auf die gro\u00dfen Namen in beiden Teams h\u00e4tte man [&hellip;]<\/p>\n","protected":false},"author":13,"featured_media":0,"comment_status":"open","ping_status":"open","sticky":false,"template":"","format":"standard","meta":{"footnotes":""},"categories":[424],"tags":[20,232,292,577,414,153,216,46,263,21,166,60,131,256,164,57,35,234,212,13,30,82,308,89,61,182,32,104,25,211,726,352,405,48,213,267,347,74,69,507,58,655,315,86,93,489,59,91,491,53,44,294,31,205,9,70,43,494,112,572,126,67,95,649,416,71,581,223,283,383,330,88,83,369,113,293,94,690,108,340,584,76,350,12,361,98,222,22,66,134,394,154,28,135,673,27,33,87,346,402,105,289,149,107,196],"class_list":["post-14626","post","type-post","status-publish","format-standard","hentry","category-bundesliga-und-co","tag-2-bundesliga","tag-alexander-klich","tag-alex-kunz","tag-alex-kuepper","tag-alexander-bonengel","tag-alexis-menuge","tag-andreas-mann","tag-anett-sattler","tag-arne-malsch","tag-benni-zander","tag-benny-lauth","tag-bundesliga","tag-carsten-fuss","tag-cedric-pick","tag-christian-bernhard","tag-christian-blunck","tag-christian-strassburger","tag-claus-mueller","tag-daniel-herzog","tag-dazn","tag-didi-hamann","tag-erik-meijer","tag-florian-malburg","tag-florian-schmidt-sommerfeld","tag-frank-buschmann","tag-frauen-bundesliga","tag-gari-paubandt","tag-hannes-herrmann","tag-hansi-kuepper","tag-hartmut-von-kameke","tag-henrik-hinrichsen","tag-holger-speckhahn","tag-jakob-vogel","tag-jan-platte","tag-jens-westen","tag-jesco-von-eichmann","tag-joachim-hebel","tag-jochen-stutzky","tag-jonas-friedrich","tag-jonathan-dreier","tag-joerg-steiger","tag-julia-simic","tag-julian-engelhard","tag-juergen-schmitz","tag-kai-dittmann","tag-kamila-benschop","tag-karsten-linke","tag-karsten-petrzika","tag-kevin-gerwin","tag-klaus-veltmann","tag-laura-wontorra","tag-lenny-leonhardt","tag-lothar-matthaeus","tag-lukas-schoenmueller","tag-magenta-sport","tag-marcel-meinert","tag-marco-hagemann","tag-marcus-juergensen","tag-marcus-lindemann","tag-mario-bast","tag-markus-goetz","tag-markus-hoehner","tag-martin-gross","tag-martin-hahn","tag-martin-lanig","tag-martin-weinberger","tag-marvin-kirsch","tag-matthias-naebers","tag-max-gross","tag-michael-augustin","tag-michael-hofmann","tag-michael-leopold","tag-mladen-petric","tag-nele-schenker","tag-oliver-seidler","tag-oskar-heirler","tag-patrick-wasserziehr","tag-philip-konrad","tag-ralph-gunesch","tag-raphael-honigstein","tag-riccardo-basile","tag-ruth-hofmann","tag-sandro-wagner","tag-sascha-bandermann","tag-sascha-bigalke","tag-sebastian-hellmann","tag-sebastian-kneissl","tag-sky","tag-sport1","tag-sportdigital-fussball","tag-stefan-fuckert","tag-stefan-galler","tag-stefan-hempel","tag-stefanie-blochwitz","tag-steven-ruprecht","tag-sven-schroeter","tag-thomas-wagner","tag-torsten-kunde","tag-torsten-mattuschka","tag-ulf-kahmke","tag-uli-hebel","tag-ulli-potofski","tag-uwe-morawe","tag-wolff-fuss","tag-yannick-erkenbrecher"],"_links":{"self":[{"href":"http:\/\/kommentatorenblog.de\/index.php?rest_route=\/wp\/v2\/posts\/14626","targetHints":{"allow":["GET"]}}],"collection":[{"href":"http:\/\/kommentatorenblog.de\/index.php?rest_route=\/wp\/v2\/posts"}],"about":[{"href":"http:\/\/kommentatorenblog.de\/index.php?rest_route=\/wp\/v2\/types\/post"}],"author":[{"embeddable":true,"href":"http:\/\/kommentatorenblog.de\/index.php?rest_route=\/wp\/v2\/users\/13"}],"replies":[{"embeddable":true,"href":"http:\/\/kommentatorenblog.de\/index.php?rest_route=%2Fwp%2Fv2%2Fcomments&post=14626"}],"version-history":[{"count":19,"href":"http:\/\/kommentatorenblog.de\/index.php?rest_route=\/wp\/v2\/posts\/14626\/revisions"}],"predecessor-version":[{"id":14655,"href":"http:\/\/kommentatorenblog.de\/index.php?rest_route=\/wp\/v2\/posts\/14626\/revisions\/14655"}],"wp:attachment":[{"href":"http:\/\/kommentatorenblog.de\/index.php?rest_route=%2Fwp%2Fv2%2Fmedia&parent=14626"}],"wp:term":[{"taxonomy":"category","embeddable":true,"href":"http:\/\/kommentatorenblog.de\/index.php?rest_route=%2Fwp%2Fv2%2Fcategories&post=14626"},{"taxonomy":"post_tag","embeddable":true,"href":"http:\/\/kommentatorenblog.de\/index.php?rest_route=%2Fwp%2Fv2%2Ftags&post=14626"}],"curies":[{"name":"wp","href":"https:\/\/api.w.org\/{rel}","templated":true}]}}