{"id":14635,"date":"2023-02-28T01:04:11","date_gmt":"2023-02-27T23:04:11","guid":{"rendered":"https:\/\/kommentatorenblog.de\/?p=14635"},"modified":"2023-03-01T20:33:59","modified_gmt":"2023-03-01T18:33:59","slug":"1322-die-formel-1-zurueck-auf-der-strecke","status":"publish","type":"post","link":"http:\/\/kommentatorenblog.de\/?p=14635","title":{"rendered":"1322 &#8211; Die Formel 1 zur\u00fcck auf der Strecke"},"content":{"rendered":"\n<p>N&#8217;Abend allerseits,<\/p>\n\n\n\n<p>vergangenes Wochenende fanden die Testtage der Formel 1 in Bahrain statt, was bedeutet dass die prominenteste Motorsportklasse kurz vor ihrem Saisonstart steht: Das erste Rennwochenende findet am kommendes Wochenende ebenfalls in Sachir in Bahrain statt. \u00dcbertragungstechnisch ist am Persischen Golf &#8211; wie die ganze Saison \u00fcber &#8211; der Pay-TV-Sender Sky dabei. Die Unterf\u00f6hringer bleiben ja bekanntlich die Heimat der Formel 1 bis 2027. Nur im Free-TV muss ein neuer Partner gefunden werden, da vier Rennen pro Saison frei empfangbar sein m\u00fcssen. RTL, das sich daf\u00fcr bisher die Sublizenz von Sky gesichert hatte, hat sich gegen eine Verl\u00e4ngerung des Deals entschieden. Damit wird dieses Jahr erstmals seit 1991 kein Formel-1-Rennen mehr bei RTL laufen. <br>Dem Vernehmen nach gestaltet sich die Suche nach einem neuen Sublizenznehmer f\u00fcr die vier Free-TV-Rennen f\u00fcr Sky auch schwierig; eine Woche vor Saisonstart konnte noch nichts verk\u00fcndet werden. Nach dpa-Recherchen scheiden die \u00d6ffentlich-Rechtlichen aus und auch das Interesse von ProSieben, immerhin schon DTM-Heimat im TV, scheint dem Bericht zufolge wenig vorhanden. Weitere Interessenten f\u00fcr das Free-TV scheinen nicht in Sicht. Alternativ k\u00f6nnte sich Sky deshalb dazu entscheiden, vier Rennen frei empfangbar \u00fcber skysport.de oder \u00fcber YouTube zu zeigen. Einnahmen aus Sublizenzen entfielen dann aber.<\/p>\n\n\n\n<p>Deutlich klarer als die Free-TV-Zukunft sind die Planungen f\u00fcr die Sky-\u00dcbertragungen: Als Erg\u00e4nzung zum altbekannten Personal konnte man Nico Rosberg als Experten f\u00fcr die gesamte Sky-Gruppe an f\u00fcnf Rennwochenenden zur\u00fcckgewinnen. Ralf Schumacher und Timo Glock bleiben dar\u00fcber hinaus erhalten:<\/p>\n\n\n\n<p><em><strong>Formel 1, Saison 2023 (Sky)<\/strong><\/em><br><img loading=\"lazy\" decoding=\"async\" width=\"10\" height=\"21\" class=\"wp-image-3656\" style=\"width: 10px;\" src=\"http:\/\/kommentatorenblog.de\/wp-content\/uploads\/2020\/09\/shure-55sh-ii-e1601485394796.jpg\" alt=\"\" srcset=\"http:\/\/kommentatorenblog.de\/wp-content\/uploads\/2020\/09\/shure-55sh-ii-e1601485394796.jpg 415w, http:\/\/kommentatorenblog.de\/wp-content\/uploads\/2020\/09\/shure-55sh-ii-e1601485394796-142x300.jpg 142w\" sizes=\"auto, (max-width: 10px) 100vw, 10px\" \/> Sascha Roos<br>Experten: Ralf Schumacher, Timo Glock, Nico Rosberg<br>Analyst: Leo Lackner<br>Moderation: Peter Hardenacke, Reporterin: Sandra Baumgartner<\/p>\n\n\n\n<p>Am technischen und sportlichen Reglement \u00e4ndert sich in der Formel 1 im Vergleich zur vergangenen Saison wenig, mit Katar und Las Vegas kehren aber zwei Standorte zur\u00fcck in den Rennkalender (wobei in Las Vegas erstmals auf dem neuen Stadtkurs gefahren wird). <\/p>\n\n\n\n<p>Deutliche Ver\u00e4nderungen gab es hingegen im Grid: Gleich sechs Cockpits wurden neu besetzt. Altmeister Fernando Alonso \u00fcbernimmt nach Sebastian Vettels Karriereende den freien Platz bei Aston Martin und hinterl\u00e4sst eine L\u00fccke bei Alpine, die der Franzose Pierre Gasly mit seinem Wechsel von AlphaTauri zum franz\u00f6sischen Rennstall f\u00fcllt. AlphaTauri besetzt sein freies Cockpit nach dem Gasly-Abgang mit Nyck De Vries. <br>Unabh\u00e4ngig von dieser Kettenreaktion trennten sich McLaren von Daniel Ricciardo, Haas von Mick Schumacher und Williams von Nicholas Latifi. An ihre Stellen r\u00fccken Oscar Piastri (McLaren), Logan Sargeant (Williams) und der nun einzige deutsche im Grid, Nico H\u00fclkenberg (Haas). <br>Die Topteams RedBull, Mercedes und Ferrari bleiben auf ihren Fahrer-Positionen mit Verstappen\/Perez, Hamilton\/Russel und Leclerc\/Sainz unver\u00e4ndert. <\/p>\n\n\n\n<hr class=\"wp-block-separator is-style-default\"\/>\n\n\n\n<p>Nun zur\u00fcck von der Strecke ins Stadion (bzw. in die Kommentatoren-Box), womit wir zu Kommentatoren-Ansetzungen f\u00fcr die kommenden Tage w\u00e4ren, wo unter anderem eine Pokalkonferenz bei Sky ansteht:<\/p>\n\n\n\n<p><strong>Die Ansetzungen vom 28. Februar 2023 bis 02. M\u00e4rz 2023:<\/strong><\/p>\n\n\n\n<hr class=\"wp-block-separator is-style-default\"\/>\n\n\n\n<p><strong>Frauen-DFB-Pokal (GER), Viertelfinale (Sky\/ARD-Stream)<\/strong><\/p>\n\n\n\n<p><u>Dienstag, 28. Februar 2023, ab 17.30 Uhr (Sky)<\/u><\/p>\n\n\n\n<p><strong style=\"font-style: italic;\">Die Konferenz<\/strong><em><strong> (18.00 Uhr)<\/strong><\/em> <br><img loading=\"lazy\" decoding=\"async\" width=\"10\" height=\"21\" class=\"wp-image-3656\" style=\"width: 10px;\" src=\"http:\/\/kommentatorenblog.de\/wp-content\/uploads\/2020\/09\/shure-55sh-ii-e1601485394796.jpg\" alt=\"\" srcset=\"http:\/\/kommentatorenblog.de\/wp-content\/uploads\/2020\/09\/shure-55sh-ii-e1601485394796.jpg 415w, http:\/\/kommentatorenblog.de\/wp-content\/uploads\/2020\/09\/shure-55sh-ii-e1601485394796-142x300.jpg 142w\" sizes=\"auto, (max-width: 10px) 100vw, 10px\" \/> Hannes Herrmann, Expertin: Verena Schweers<\/p>\n\n\n\n<p><strong style=\"font-style: italic;\">1. FC K\u00f6ln <strong><em><span><b style=\"font-style: italic;\">\u2013<\/b><\/span><\/em><\/strong><\/strong> <em><strong>VfL Wolfsburg (18.00 Uhr)<\/strong><\/em> <br><img loading=\"lazy\" decoding=\"async\" width=\"10\" height=\"21\" class=\"wp-image-3656\" style=\"width: 10px;\" src=\"http:\/\/kommentatorenblog.de\/wp-content\/uploads\/2020\/09\/shure-55sh-ii-e1601485394796.jpg\" alt=\"\" srcset=\"http:\/\/kommentatorenblog.de\/wp-content\/uploads\/2020\/09\/shure-55sh-ii-e1601485394796.jpg 415w, http:\/\/kommentatorenblog.de\/wp-content\/uploads\/2020\/09\/shure-55sh-ii-e1601485394796-142x300.jpg 142w\" sizes=\"auto, (max-width: 10px) 100vw, 10px\" \/> Sven Schr\u00f6ter<br>Field-Reporter: Martin Gro\u00df<\/p>\n\n\n\n<p><strong style=\"font-style: italic;\">RB Leipzig <strong><em><span><b style=\"font-style: italic;\">\u2013<\/b><\/span><\/em><\/strong><\/strong> <em><strong>SGS Essen (18.00 Uhr)<\/strong><\/em> <br><img loading=\"lazy\" decoding=\"async\" width=\"10\" height=\"21\" class=\"wp-image-3656\" style=\"width: 10px;\" src=\"http:\/\/kommentatorenblog.de\/wp-content\/uploads\/2020\/09\/shure-55sh-ii-e1601485394796.jpg\" alt=\"\" srcset=\"http:\/\/kommentatorenblog.de\/wp-content\/uploads\/2020\/09\/shure-55sh-ii-e1601485394796.jpg 415w, http:\/\/kommentatorenblog.de\/wp-content\/uploads\/2020\/09\/shure-55sh-ii-e1601485394796-142x300.jpg 142w\" sizes=\"auto, (max-width: 10px) 100vw, 10px\" \/> Florian Malburg<br>Field-Reporter: J\u00fcrgen M\u00fcller<\/p>\n\n\n\n<p><strong style=\"font-style: italic;\">FC Carl Zeiss Jena <strong><em><span><b style=\"font-style: italic;\">\u2013<\/b><\/span><\/em><\/strong><\/strong> <em><strong>SC Freiburg (18.00 Uhr)<\/strong><\/em> <br><img loading=\"lazy\" decoding=\"async\" width=\"10\" height=\"21\" class=\"wp-image-3656\" style=\"width: 10px;\" src=\"http:\/\/kommentatorenblog.de\/wp-content\/uploads\/2020\/09\/shure-55sh-ii-e1601485394796.jpg\" alt=\"\" srcset=\"http:\/\/kommentatorenblog.de\/wp-content\/uploads\/2020\/09\/shure-55sh-ii-e1601485394796.jpg 415w, http:\/\/kommentatorenblog.de\/wp-content\/uploads\/2020\/09\/shure-55sh-ii-e1601485394796-142x300.jpg 142w\" sizes=\"auto, (max-width: 10px) 100vw, 10px\" \/> Dominik M\u00fcller<br>Field-Reporterin: Katharina Kleinfeldt<\/p>\n\n\n\n<p><u>ab 20.15 Uhr (Sky\/ARD-Stream)<\/u><\/p>\n\n\n\n<p><strong style=\"font-style: italic;\">TSG Hoffenheim <strong><em><span><b style=\"font-style: italic;\">\u2013<\/b><\/span><\/em><\/strong><\/strong> <em><strong>FC Bayern M\u00fcnchen (20.30 Uhr)<\/strong><\/em> <\/p>\n\n\n\n<p><img loading=\"lazy\" decoding=\"async\" width=\"10\" height=\"21\" class=\"wp-image-3656\" style=\"width: 10px;\" src=\"http:\/\/kommentatorenblog.de\/wp-content\/uploads\/2020\/09\/shure-55sh-ii-e1601485394796.jpg\" alt=\"\" srcset=\"http:\/\/kommentatorenblog.de\/wp-content\/uploads\/2020\/09\/shure-55sh-ii-e1601485394796.jpg 415w, http:\/\/kommentatorenblog.de\/wp-content\/uploads\/2020\/09\/shure-55sh-ii-e1601485394796-142x300.jpg 142w\" sizes=\"auto, (max-width: 10px) 100vw, 10px\" \/> <em>Sky:<\/em> Marcel Meinert<\/p>\n\n\n\n<p><img loading=\"lazy\" decoding=\"async\" width=\"10\" height=\"21\" class=\"wp-image-3656\" style=\"width: 10px;\" src=\"http:\/\/kommentatorenblog.de\/wp-content\/uploads\/2020\/09\/shure-55sh-ii-e1601485394796.jpg\" alt=\"\" srcset=\"http:\/\/kommentatorenblog.de\/wp-content\/uploads\/2020\/09\/shure-55sh-ii-e1601485394796.jpg 415w, http:\/\/kommentatorenblog.de\/wp-content\/uploads\/2020\/09\/shure-55sh-ii-e1601485394796-142x300.jpg 142w\" sizes=\"auto, (max-width: 10px) 100vw, 10px\" \/> <em>ARD-Stream:<\/em> Christina Graf<\/p>\n\n\n\n<p>Moderation (<em>Pokalabend Sky<\/em>): Nele Schenker, Expertin: Julia Simic<\/p>\n\n\n\n<hr class=\"wp-block-separator is-style-default\"\/>\n\n\n\n<p><strong>Frauen-Bundesliga (GER), Nachholspiel vom 12. Spieltag (Magenta Sport)<\/strong><\/p>\n\n\n\n<p><u>Mittwoch, 01. M\u00e4rz 2023, ab 19.15 Uhr<\/u><\/p>\n\n\n\n<p><strong style=\"font-style: italic;\"><strong style=\"font-style: italic;\">1. FFC Turbine Potsdam <strong><em><span><b style=\"font-style: italic;\">\u2013<\/b><\/span><\/em><\/strong><\/strong> <em><strong>SV Werder Bremen <\/strong><\/em><\/strong><em><strong>(19.30 Uhr)<\/strong><\/em> <br><img loading=\"lazy\" decoding=\"async\" width=\"10\" height=\"21\" class=\"wp-image-3656\" style=\"width: 10px;\" src=\"http:\/\/kommentatorenblog.de\/wp-content\/uploads\/2020\/09\/shure-55sh-ii-e1601485394796.jpg\" alt=\"\" srcset=\"http:\/\/kommentatorenblog.de\/wp-content\/uploads\/2020\/09\/shure-55sh-ii-e1601485394796.jpg 415w, http:\/\/kommentatorenblog.de\/wp-content\/uploads\/2020\/09\/shure-55sh-ii-e1601485394796-142x300.jpg 142w\" sizes=\"auto, (max-width: 10px) 100vw, 10px\" \/> Oskar Heirler<\/p>\n\n\n\n<hr class=\"wp-block-separator is-style-default\"\/>\n\n\n\n<p><strong>UEFA Youth League, Achtelfinale (DAZN)<\/strong><\/p>\n\n\n\n<p><u>Dienstag, 28. Februar 2023<\/u><\/p>\n\n\n\n<p><strong style=\"font-style: italic;\"><strong style=\"font-style: italic;\">Borussia Dortmund U19 <strong><em><span><b style=\"font-style: italic;\">\u2013<\/b><\/span><\/em><\/strong><\/strong> <em><strong>Paris Saint-Germain U19 <\/strong><\/em><\/strong><em><strong>(16.00 Uhr)<\/strong><\/em> <br><img loading=\"lazy\" decoding=\"async\" width=\"10\" height=\"21\" class=\"wp-image-3656\" style=\"width: 10px;\" src=\"http:\/\/kommentatorenblog.de\/wp-content\/uploads\/2020\/09\/shure-55sh-ii-e1601485394796.jpg\" alt=\"\" srcset=\"http:\/\/kommentatorenblog.de\/wp-content\/uploads\/2020\/09\/shure-55sh-ii-e1601485394796.jpg 415w, http:\/\/kommentatorenblog.de\/wp-content\/uploads\/2020\/09\/shure-55sh-ii-e1601485394796-142x300.jpg 142w\" sizes=\"auto, (max-width: 10px) 100vw, 10px\" \/> Marcel Seufert<\/p>\n\n\n\n<p><u>Mittwoch, 01. M\u00e4rz 2023<\/u><\/p>\n\n\n\n<p><strong style=\"font-style: italic;\"><strong style=\"font-style: italic;\">Real Madrid U19 <strong><em><span><b style=\"font-style: italic;\">\u2013<\/b><\/span><\/em><\/strong><\/strong> <em><strong>FC Salzburg U19 <\/strong><\/em><\/strong><em><strong>(14.00 Uhr)<\/strong><\/em> <br><img loading=\"lazy\" decoding=\"async\" width=\"10\" height=\"21\" class=\"wp-image-3656\" style=\"width: 10px;\" src=\"http:\/\/kommentatorenblog.de\/wp-content\/uploads\/2020\/09\/shure-55sh-ii-e1601485394796.jpg\" alt=\"\" srcset=\"http:\/\/kommentatorenblog.de\/wp-content\/uploads\/2020\/09\/shure-55sh-ii-e1601485394796.jpg 415w, http:\/\/kommentatorenblog.de\/wp-content\/uploads\/2020\/09\/shure-55sh-ii-e1601485394796-142x300.jpg 142w\" sizes=\"auto, (max-width: 10px) 100vw, 10px\" \/> Nico Seepe<\/p>\n\n\n\n<hr class=\"wp-block-separator is-style-default\"\/>\n\n\n\n<p><strong>FA Cup (ENG), Achtelfinale (DAZN)<\/strong><\/p>\n\n\n\n<p><u>Dienstag, 28. Februar 2023<\/u><\/p>\n\n\n\n<p><strong style=\"font-style: italic;\"><strong style=\"font-style: italic;\">Stoke City <strong><em><span><b style=\"font-style: italic;\">\u2013<\/b><\/span><\/em><\/strong><\/strong> <em><strong>Brighton &amp; Hove Albion <\/strong><\/em><\/strong><em><strong>(20.15 Uhr)<\/strong><\/em> <br><img loading=\"lazy\" decoding=\"async\" width=\"10\" height=\"21\" class=\"wp-image-3656\" style=\"width: 10px;\" src=\"http:\/\/kommentatorenblog.de\/wp-content\/uploads\/2020\/09\/shure-55sh-ii-e1601485394796.jpg\" alt=\"\" srcset=\"http:\/\/kommentatorenblog.de\/wp-content\/uploads\/2020\/09\/shure-55sh-ii-e1601485394796.jpg 415w, http:\/\/kommentatorenblog.de\/wp-content\/uploads\/2020\/09\/shure-55sh-ii-e1601485394796-142x300.jpg 142w\" sizes=\"auto, (max-width: 10px) 100vw, 10px\" \/> <em>Konferenz: <\/em>Freddy Harder<\/p>\n\n\n\n<p><strong style=\"font-style: italic;\"><strong style=\"font-style: italic;\">Leicester City <strong><em><span><b style=\"font-style: italic;\">\u2013<\/b><\/span><\/em><\/strong><\/strong> <em><strong>Blackburn Rovers <\/strong><\/em><\/strong><em><strong>(20.30 Uhr)<\/strong><\/em> <br><img loading=\"lazy\" decoding=\"async\" width=\"10\" height=\"21\" class=\"wp-image-3656\" style=\"width: 10px;\" src=\"http:\/\/kommentatorenblog.de\/wp-content\/uploads\/2020\/09\/shure-55sh-ii-e1601485394796.jpg\" alt=\"\" srcset=\"http:\/\/kommentatorenblog.de\/wp-content\/uploads\/2020\/09\/shure-55sh-ii-e1601485394796.jpg 415w, http:\/\/kommentatorenblog.de\/wp-content\/uploads\/2020\/09\/shure-55sh-ii-e1601485394796-142x300.jpg 142w\" sizes=\"auto, (max-width: 10px) 100vw, 10px\" \/> <em>Konferenz: <\/em>Max Siebald<\/p>\n\n\n\n<p><strong style=\"font-style: italic;\"><strong style=\"font-style: italic;\">FC Fulham <strong><em><span><b style=\"font-style: italic;\">\u2013<\/b><\/span><\/em><\/strong><\/strong> <em><strong>Leeds United <\/strong><\/em><\/strong><em><strong>(20.45 Uhr)<\/strong><\/em> <br><img loading=\"lazy\" decoding=\"async\" width=\"10\" height=\"21\" class=\"wp-image-3656\" style=\"width: 10px;\" src=\"http:\/\/kommentatorenblog.de\/wp-content\/uploads\/2020\/09\/shure-55sh-ii-e1601485394796.jpg\" alt=\"\" srcset=\"http:\/\/kommentatorenblog.de\/wp-content\/uploads\/2020\/09\/shure-55sh-ii-e1601485394796.jpg 415w, http:\/\/kommentatorenblog.de\/wp-content\/uploads\/2020\/09\/shure-55sh-ii-e1601485394796-142x300.jpg 142w\" sizes=\"auto, (max-width: 10px) 100vw, 10px\" \/> <em>Konferenz: <\/em>Tom Kirsten<\/p>\n\n\n\n<p><strong style=\"font-style: italic;\"><strong style=\"font-style: italic;\">Bristol City <strong><em><span><b style=\"font-style: italic;\">\u2013<\/b><\/span><\/em><\/strong><\/strong> <em><strong>Manchester City <\/strong><\/em><\/strong><em><strong>(21.00 Uhr)<\/strong><\/em> <br><img loading=\"lazy\" decoding=\"async\" width=\"10\" height=\"21\" class=\"wp-image-3656\" style=\"width: 10px;\" src=\"http:\/\/kommentatorenblog.de\/wp-content\/uploads\/2020\/09\/shure-55sh-ii-e1601485394796.jpg\" alt=\"\" srcset=\"http:\/\/kommentatorenblog.de\/wp-content\/uploads\/2020\/09\/shure-55sh-ii-e1601485394796.jpg 415w, http:\/\/kommentatorenblog.de\/wp-content\/uploads\/2020\/09\/shure-55sh-ii-e1601485394796-142x300.jpg 142w\" sizes=\"auto, (max-width: 10px) 100vw, 10px\" \/> <em>Konferenz: <\/em>Uli Hebel<\/p>\n\n\n\n<p><u>Mittwoch, 01. M\u00e4rz 2023<\/u><\/p>\n\n\n\n<p><strong style=\"font-style: italic;\"><strong style=\"font-style: italic;\">FC Southampton <strong><em><span><b style=\"font-style: italic;\">\u2013<\/b><\/span><\/em><\/strong><\/strong> <em><strong>Grimsby Town <\/strong><\/em><\/strong><em><strong>(20.15 Uhr)<\/strong><\/em> <br><img loading=\"lazy\" decoding=\"async\" width=\"10\" height=\"21\" class=\"wp-image-3656\" style=\"width: 10px;\" src=\"http:\/\/kommentatorenblog.de\/wp-content\/uploads\/2020\/09\/shure-55sh-ii-e1601485394796.jpg\" alt=\"\" srcset=\"http:\/\/kommentatorenblog.de\/wp-content\/uploads\/2020\/09\/shure-55sh-ii-e1601485394796.jpg 415w, http:\/\/kommentatorenblog.de\/wp-content\/uploads\/2020\/09\/shure-55sh-ii-e1601485394796-142x300.jpg 142w\" sizes=\"auto, (max-width: 10px) 100vw, 10px\" \/> <em>Konferenz: <\/em>Chris Putz<\/p>\n\n\n\n<p><strong style=\"font-style: italic;\"><strong style=\"font-style: italic;\">FC Burnley <strong><em><span><b style=\"font-style: italic;\">\u2013<\/b><\/span><\/em><\/strong><\/strong> <em><strong>Fleetwood Town <\/strong><\/em><\/strong><em><strong>(20.30 Uhr)<\/strong><\/em> <br><img loading=\"lazy\" decoding=\"async\" width=\"10\" height=\"21\" class=\"wp-image-3656\" style=\"width: 10px;\" src=\"http:\/\/kommentatorenblog.de\/wp-content\/uploads\/2020\/09\/shure-55sh-ii-e1601485394796.jpg\" alt=\"\" srcset=\"http:\/\/kommentatorenblog.de\/wp-content\/uploads\/2020\/09\/shure-55sh-ii-e1601485394796.jpg 415w, http:\/\/kommentatorenblog.de\/wp-content\/uploads\/2020\/09\/shure-55sh-ii-e1601485394796-142x300.jpg 142w\" sizes=\"auto, (max-width: 10px) 100vw, 10px\" \/> <em>Konferenz: <\/em>Uwe Morawe<\/p>\n\n\n\n<p><strong style=\"font-style: italic;\"><strong style=\"font-style: italic;\">Manchester United <strong><em><span><b style=\"font-style: italic;\">\u2013<\/b><\/span><\/em><\/strong><\/strong> <em><strong>West Ham United <\/strong><\/em><\/strong><em><strong>(20.45 Uhr)<\/strong><\/em> <br><img loading=\"lazy\" decoding=\"async\" width=\"10\" height=\"21\" class=\"wp-image-3656\" style=\"width: 10px;\" src=\"http:\/\/kommentatorenblog.de\/wp-content\/uploads\/2020\/09\/shure-55sh-ii-e1601485394796.jpg\" alt=\"\" srcset=\"http:\/\/kommentatorenblog.de\/wp-content\/uploads\/2020\/09\/shure-55sh-ii-e1601485394796.jpg 415w, http:\/\/kommentatorenblog.de\/wp-content\/uploads\/2020\/09\/shure-55sh-ii-e1601485394796-142x300.jpg 142w\" sizes=\"auto, (max-width: 10px) 100vw, 10px\" \/> <em>Konferenz: <\/em>Marco Hagemann<\/p>\n\n\n\n<p><strong style=\"font-style: italic;\"><strong style=\"font-style: italic;\">Sheffield United <strong><em><span><b style=\"font-style: italic;\">\u2013<\/b><\/span><\/em><\/strong><\/strong> <em><strong>Tottenham Hotspur <\/strong><\/em><\/strong><em><strong>(20.55 Uhr)<\/strong><\/em> <br><img loading=\"lazy\" decoding=\"async\" width=\"10\" height=\"21\" class=\"wp-image-3656\" style=\"width: 10px;\" src=\"http:\/\/kommentatorenblog.de\/wp-content\/uploads\/2020\/09\/shure-55sh-ii-e1601485394796.jpg\" alt=\"\" srcset=\"http:\/\/kommentatorenblog.de\/wp-content\/uploads\/2020\/09\/shure-55sh-ii-e1601485394796.jpg 415w, http:\/\/kommentatorenblog.de\/wp-content\/uploads\/2020\/09\/shure-55sh-ii-e1601485394796-142x300.jpg 142w\" sizes=\"auto, (max-width: 10px) 100vw, 10px\" \/> <em>Konferenz: <\/em>Adrian Geiler<\/p>\n\n\n\n<hr class=\"wp-block-separator is-style-default\"\/>\n\n\n\n<p><strong>Premier League (ENG), Nachholspiele (Sky)<\/strong><\/p>\n\n\n\n<p><u>Mittwoch, 01. M\u00e4rz 2023, ab 20.15 Uhr<\/u><\/p>\n\n\n\n<p><strong style=\"font-style: italic;\"><strong style=\"font-style: italic;\">Die Konferenz: <\/strong><\/strong><img loading=\"lazy\" decoding=\"async\" width=\"10\" height=\"21\" class=\"wp-image-3656\" style=\"width: 10px;\" src=\"http:\/\/kommentatorenblog.de\/wp-content\/uploads\/2020\/09\/shure-55sh-ii-e1601485394796.jpg\" alt=\"\" srcset=\"http:\/\/kommentatorenblog.de\/wp-content\/uploads\/2020\/09\/shure-55sh-ii-e1601485394796.jpg 415w, http:\/\/kommentatorenblog.de\/wp-content\/uploads\/2020\/09\/shure-55sh-ii-e1601485394796-142x300.jpg 142w\" sizes=\"auto, (max-width: 10px) 100vw, 10px\" \/> Toni Tomic<\/p>\n\n\n\n<p><strong style=\"font-style: italic;\"><strong style=\"font-style: italic;\">FC Arsenal <strong><em><span><b style=\"font-style: italic;\">\u2013<\/b><\/span><\/em><\/strong><\/strong> <em><strong>FC Everton <\/strong><\/em><\/strong><em><strong>(20.45 Uhr)<\/strong><\/em> <br><img loading=\"lazy\" decoding=\"async\" width=\"10\" height=\"21\" class=\"wp-image-3656\" style=\"width: 10px;\" src=\"http:\/\/kommentatorenblog.de\/wp-content\/uploads\/2020\/09\/shure-55sh-ii-e1601485394796.jpg\" alt=\"\" srcset=\"http:\/\/kommentatorenblog.de\/wp-content\/uploads\/2020\/09\/shure-55sh-ii-e1601485394796.jpg 415w, http:\/\/kommentatorenblog.de\/wp-content\/uploads\/2020\/09\/shure-55sh-ii-e1601485394796-142x300.jpg 142w\" sizes=\"auto, (max-width: 10px) 100vw, 10px\" \/> Wolff Fuss<\/p>\n\n\n\n<p><strong style=\"font-style: italic;\"><strong style=\"font-style: italic;\">FC Liverpool <strong><em><span><b style=\"font-style: italic;\">\u2013<\/b><\/span><\/em><\/strong><\/strong> <em><strong>Wolverhampton Wanderers <\/strong><\/em><\/strong><em><strong>(21.00 Uhr)<\/strong><\/em> <br><img loading=\"lazy\" decoding=\"async\" width=\"10\" height=\"21\" class=\"wp-image-3656\" style=\"width: 10px;\" src=\"http:\/\/kommentatorenblog.de\/wp-content\/uploads\/2020\/09\/shure-55sh-ii-e1601485394796.jpg\" alt=\"\" srcset=\"http:\/\/kommentatorenblog.de\/wp-content\/uploads\/2020\/09\/shure-55sh-ii-e1601485394796.jpg 415w, http:\/\/kommentatorenblog.de\/wp-content\/uploads\/2020\/09\/shure-55sh-ii-e1601485394796-142x300.jpg 142w\" sizes=\"auto, (max-width: 10px) 100vw, 10px\" \/> Hannes Herrmann<\/p>\n\n\n\n<hr class=\"wp-block-separator is-style-default\"\/>\n\n\n\n<p><strong>Copa del Rey (ESP), Halbfinale, Hinspiel (Sportdigital Fu\u00dfball)<\/strong><\/p>\n\n\n\n<p><u>Mittwoch, 01. M\u00e4rz 2023, ab 20.50 Uhr<\/u><\/p>\n\n\n\n<p><strong style=\"font-style: italic;\"><strong style=\"font-style: italic;\">CA Osasuna <strong><em><span><b style=\"font-style: italic;\">\u2013<\/b><\/span><\/em><\/strong><\/strong> <em><strong>Athletic Bilbao <\/strong><\/em><\/strong><em><strong>(21.00 Uhr)<\/strong><\/em> <br><img loading=\"lazy\" decoding=\"async\" width=\"10\" height=\"21\" class=\"wp-image-3656\" style=\"width: 10px;\" src=\"http:\/\/kommentatorenblog.de\/wp-content\/uploads\/2020\/09\/shure-55sh-ii-e1601485394796.jpg\" alt=\"\" srcset=\"http:\/\/kommentatorenblog.de\/wp-content\/uploads\/2020\/09\/shure-55sh-ii-e1601485394796.jpg 415w, http:\/\/kommentatorenblog.de\/wp-content\/uploads\/2020\/09\/shure-55sh-ii-e1601485394796-142x300.jpg 142w\" sizes=\"auto, (max-width: 10px) 100vw, 10px\" \/> Jonathan Dreier<\/p>\n\n\n\n<p><u>Donnerstag, 02. M\u00e4rz 2023, ab 20.45 Uhr<\/u><\/p>\n\n\n\n<p><strong style=\"font-style: italic;\"><strong style=\"font-style: italic;\">Real Madrid <strong><em><span><b style=\"font-style: italic;\">\u2013<\/b><\/span><\/em><\/strong><\/strong> <em><strong>FC Barcelona <\/strong><\/em><\/strong><em><strong>(21.00 Uhr)<\/strong><\/em> <br><img loading=\"lazy\" decoding=\"async\" width=\"10\" height=\"21\" class=\"wp-image-3656\" style=\"width: 10px;\" src=\"http:\/\/kommentatorenblog.de\/wp-content\/uploads\/2020\/09\/shure-55sh-ii-e1601485394796.jpg\" alt=\"\" srcset=\"http:\/\/kommentatorenblog.de\/wp-content\/uploads\/2020\/09\/shure-55sh-ii-e1601485394796.jpg 415w, http:\/\/kommentatorenblog.de\/wp-content\/uploads\/2020\/09\/shure-55sh-ii-e1601485394796-142x300.jpg 142w\" sizes=\"auto, (max-width: 10px) 100vw, 10px\" \/> Karsten Linke<\/p>\n\n\n\n<hr class=\"wp-block-separator is-style-default\"\/>\n\n\n\n<p><strong>Serie A (ITA), 24. Spieltag (DAZN)<\/strong><\/p>\n\n\n\n<p><u>Dienstag, 28. Februar 2023<\/u><\/p>\n\n\n\n<p><strong style=\"font-style: italic;\"><strong style=\"font-style: italic;\">US Cremonese <strong><em><span><b style=\"font-style: italic;\">\u2013<\/b><\/span><\/em><\/strong><\/strong> <em><strong>AS Rom <\/strong><\/em><\/strong><em><strong>(18.30 Uhr)<\/strong><\/em> <br><img loading=\"lazy\" decoding=\"async\" width=\"10\" height=\"21\" class=\"wp-image-3656\" style=\"width: 10px;\" src=\"http:\/\/kommentatorenblog.de\/wp-content\/uploads\/2020\/09\/shure-55sh-ii-e1601485394796.jpg\" alt=\"\" srcset=\"http:\/\/kommentatorenblog.de\/wp-content\/uploads\/2020\/09\/shure-55sh-ii-e1601485394796.jpg 415w, http:\/\/kommentatorenblog.de\/wp-content\/uploads\/2020\/09\/shure-55sh-ii-e1601485394796-142x300.jpg 142w\" sizes=\"auto, (max-width: 10px) 100vw, 10px\" \/> Fabi Pavlakovic<\/p>\n\n\n\n<p><strong style=\"font-style: italic;\"><strong style=\"font-style: italic;\">Juventus Turin <strong><em><span><b style=\"font-style: italic;\">\u2013<\/b><\/span><\/em><\/strong><\/strong> <em><strong>FC Turin <\/strong><\/em><\/strong><em><strong>(20.45 Uhr)<\/strong><\/em> <br><img loading=\"lazy\" decoding=\"async\" width=\"10\" height=\"21\" class=\"wp-image-3656\" style=\"width: 10px;\" src=\"http:\/\/kommentatorenblog.de\/wp-content\/uploads\/2020\/09\/shure-55sh-ii-e1601485394796.jpg\" alt=\"\" srcset=\"http:\/\/kommentatorenblog.de\/wp-content\/uploads\/2020\/09\/shure-55sh-ii-e1601485394796.jpg 415w, http:\/\/kommentatorenblog.de\/wp-content\/uploads\/2020\/09\/shure-55sh-ii-e1601485394796-142x300.jpg 142w\" sizes=\"auto, (max-width: 10px) 100vw, 10px\" \/> Mario Rieker, Experte: Christian Bernhard<\/p>\n\n\n\n<hr class=\"wp-block-separator is-style-default\"\/>\n\n\n\n<p><strong>Coupe de France (FRA), Viertelfinale (Magenta Sport)<\/strong><\/p>\n\n\n\n<p><u>Dienstag, 28. Februar 2023, ab 21.00 Uhr<\/u><\/p>\n\n\n\n<p><strong style=\"font-style: italic;\"><strong style=\"font-style: italic;\">Olympique Lyon <strong><em><span><b style=\"font-style: italic;\">\u2013<\/b><\/span><\/em><\/strong><\/strong> <em><strong>Grenoble Foot 38 <\/strong><\/em><\/strong><em><strong>(21.10 Uhr)<\/strong><\/em> <br><img loading=\"lazy\" decoding=\"async\" width=\"10\" height=\"21\" class=\"wp-image-3656\" style=\"width: 10px;\" src=\"http:\/\/kommentatorenblog.de\/wp-content\/uploads\/2020\/09\/shure-55sh-ii-e1601485394796.jpg\" alt=\"\" srcset=\"http:\/\/kommentatorenblog.de\/wp-content\/uploads\/2020\/09\/shure-55sh-ii-e1601485394796.jpg 415w, http:\/\/kommentatorenblog.de\/wp-content\/uploads\/2020\/09\/shure-55sh-ii-e1601485394796-142x300.jpg 142w\" sizes=\"auto, (max-width: 10px) 100vw, 10px\" \/> Alexander Klich, Experte: Alexis Menuge<\/p>\n\n\n\n<p><u>Mittwoch, 01. M\u00e4rz 2023, ab 20.50 Uhr<\/u><\/p>\n\n\n\n<p><strong style=\"font-style: italic;\"><strong style=\"font-style: italic;\">Olympique Marseille <strong><em><span><b style=\"font-style: italic;\">\u2013<\/b><\/span><\/em><\/strong><\/strong> <em><strong>FC Annecy <\/strong><\/em><\/strong><em><strong>(21.00 Uhr)<\/strong><\/em> <br><img loading=\"lazy\" decoding=\"async\" width=\"10\" height=\"21\" class=\"wp-image-3656\" style=\"width: 10px;\" src=\"http:\/\/kommentatorenblog.de\/wp-content\/uploads\/2020\/09\/shure-55sh-ii-e1601485394796.jpg\" alt=\"\" srcset=\"http:\/\/kommentatorenblog.de\/wp-content\/uploads\/2020\/09\/shure-55sh-ii-e1601485394796.jpg 415w, http:\/\/kommentatorenblog.de\/wp-content\/uploads\/2020\/09\/shure-55sh-ii-e1601485394796-142x300.jpg 142w\" sizes=\"auto, (max-width: 10px) 100vw, 10px\" \/> Jan Platte, Experte: Alexis Menuge<\/p>\n\n\n\n<hr class=\"wp-block-separator is-style-default\"\/>\n\n\n\n<p><strong>KNVB Beker (NED), Viertelfinale (Sportdigital Fu\u00dfball)<\/strong><\/p>\n\n\n\n<p><u>Dienstag, 28. Februar 2023, ab 19.50 Uhr<\/u><\/p>\n\n\n\n<p><strong style=\"font-style: italic;\"><strong style=\"font-style: italic;\">FC Utrecht <strong><em><span><b style=\"font-style: italic;\">\u2013<\/b><\/span><\/em><\/strong><\/strong> <em><strong>SV Spakenburg <\/strong><\/em><\/strong><em><strong>(20.00 Uhr)<\/strong><\/em> <br><img loading=\"lazy\" decoding=\"async\" width=\"10\" height=\"21\" class=\"wp-image-3656\" style=\"width: 10px;\" src=\"http:\/\/kommentatorenblog.de\/wp-content\/uploads\/2020\/09\/shure-55sh-ii-e1601485394796.jpg\" alt=\"\" srcset=\"http:\/\/kommentatorenblog.de\/wp-content\/uploads\/2020\/09\/shure-55sh-ii-e1601485394796.jpg 415w, http:\/\/kommentatorenblog.de\/wp-content\/uploads\/2020\/09\/shure-55sh-ii-e1601485394796-142x300.jpg 142w\" sizes=\"auto, (max-width: 10px) 100vw, 10px\" \/> Christian Blunck<\/p>\n\n\n\n<p><u>Mittwoch, 01. M\u00e4rz 2023, im Stream<\/u><\/p>\n\n\n\n<p><strong style=\"font-style: italic;\"><strong style=\"font-style: italic;\">SC Heerenveen <strong><em><span><b style=\"font-style: italic;\">\u2013<\/b><\/span><\/em><\/strong><\/strong> <em><strong>Feyenoord Rotterdam <\/strong><\/em><\/strong><em><strong>(20.00 Uhr)<\/strong><\/em> <br><img loading=\"lazy\" decoding=\"async\" width=\"10\" height=\"21\" class=\"wp-image-3656\" style=\"width: 10px;\" src=\"http:\/\/kommentatorenblog.de\/wp-content\/uploads\/2020\/09\/shure-55sh-ii-e1601485394796.jpg\" alt=\"\" srcset=\"http:\/\/kommentatorenblog.de\/wp-content\/uploads\/2020\/09\/shure-55sh-ii-e1601485394796.jpg 415w, http:\/\/kommentatorenblog.de\/wp-content\/uploads\/2020\/09\/shure-55sh-ii-e1601485394796-142x300.jpg 142w\" sizes=\"auto, (max-width: 10px) 100vw, 10px\" \/> Moritz Knorr<\/p>\n\n\n\n<p><u>Donnerstag, 02. M\u00e4rz 2023, ab 18.30 Uhr<\/u><\/p>\n\n\n\n<p><strong style=\"font-style: italic;\"><strong style=\"font-style: italic;\">PSV Eindhoven <strong><em><span><b style=\"font-style: italic;\">\u2013<\/b><\/span><\/em><\/strong><\/strong> <em><strong>ADO Den Haag <\/strong><\/em><\/strong><em><strong>(18.45 Uhr)<\/strong><\/em> <br><img loading=\"lazy\" decoding=\"async\" width=\"10\" height=\"21\" class=\"wp-image-3656\" style=\"width: 10px;\" src=\"http:\/\/kommentatorenblog.de\/wp-content\/uploads\/2020\/09\/shure-55sh-ii-e1601485394796.jpg\" alt=\"\" srcset=\"http:\/\/kommentatorenblog.de\/wp-content\/uploads\/2020\/09\/shure-55sh-ii-e1601485394796.jpg 415w, http:\/\/kommentatorenblog.de\/wp-content\/uploads\/2020\/09\/shure-55sh-ii-e1601485394796-142x300.jpg 142w\" sizes=\"auto, (max-width: 10px) 100vw, 10px\" \/> Jakob Vogel<\/p>\n\n\n\n<p><u>im Stream<\/u><\/p>\n\n\n\n<p><strong style=\"font-style: italic;\"><strong style=\"font-style: italic;\">De Graafschap <strong><em><span><b style=\"font-style: italic;\">\u2013<\/b><\/span><\/em><\/strong><\/strong> Ajax Amsterdam<em><strong> <\/strong><\/em><\/strong><em><strong>(21.00 Uhr)<\/strong><\/em> <br><img loading=\"lazy\" decoding=\"async\" width=\"10\" height=\"21\" class=\"wp-image-3656\" style=\"width: 10px;\" src=\"http:\/\/kommentatorenblog.de\/wp-content\/uploads\/2020\/09\/shure-55sh-ii-e1601485394796.jpg\" alt=\"\" srcset=\"http:\/\/kommentatorenblog.de\/wp-content\/uploads\/2020\/09\/shure-55sh-ii-e1601485394796.jpg 415w, http:\/\/kommentatorenblog.de\/wp-content\/uploads\/2020\/09\/shure-55sh-ii-e1601485394796-142x300.jpg 142w\" sizes=\"auto, (max-width: 10px) 100vw, 10px\" \/> J\u00f6rg Steiger<\/p>\n\n\n\n<hr class=\"wp-block-separator is-style-default\"\/>\n\n\n\n<p><strong>Coupe de Belgique (BEL), Halbfinal-R\u00fcckspiel (Sport1+)<\/strong><\/p>\n\n\n\n<p><u>Donnerstag, 02. M\u00e4rz 2023, Einstieg ab 21.10 Uhr<\/u><\/p>\n\n\n\n<p><strong style=\"font-style: italic;\"><strong style=\"font-style: italic;\">Royale Antwerpen <strong><em><span><b style=\"font-style: italic;\">\u2013<\/b><\/span><\/em><\/strong><\/strong> <em><strong>Royale Union Saint-Gilloise <\/strong><\/em><\/strong><em><strong>(20.45 Uhr, Agg. 0:1)<\/strong><\/em> <br><img loading=\"lazy\" decoding=\"async\" width=\"10\" height=\"21\" class=\"wp-image-3656\" style=\"width: 10px;\" src=\"http:\/\/kommentatorenblog.de\/wp-content\/uploads\/2020\/09\/shure-55sh-ii-e1601485394796.jpg\" alt=\"\" srcset=\"http:\/\/kommentatorenblog.de\/wp-content\/uploads\/2020\/09\/shure-55sh-ii-e1601485394796.jpg 415w, http:\/\/kommentatorenblog.de\/wp-content\/uploads\/2020\/09\/shure-55sh-ii-e1601485394796-142x300.jpg 142w\" sizes=\"auto, (max-width: 10px) 100vw, 10px\" \/> Hajo Wolff<\/p>\n\n\n\n<hr class=\"wp-block-separator is-style-default\"\/>\n\n\n\n<hr class=\"wp-block-separator is-style-default\"\/>\n\n\n\n<p><strong><code>ANALYSE<\/code><\/strong><\/p>\n\n\n\n<p><strong>Gro\u00dfer Pokalabend mit Konferenzpremiere bei Sky<\/strong><\/p>\n\n\n\n<p>Dienstagabend ist gro\u00dfer Pokalabend bei Sky. Der Unterf\u00f6hringer Bezahlsender \u00fcbertr\u00e4gt alle vier Viertelfinalpartien des DFB-Pokals der Frauen live, drei davon exklusiv. Ab 17:30 Uhr melden sich Nele Schenker und Julia Simic aus Sinsheim mit den Vorberichten, ehe dann zun\u00e4chst die drei Partien mit Anpfiff um 18 Uhr im Programm sind, sowohl als Einzelspiele als auch &#8211; und das ist neu im deutschen Frauenfu\u00dfball &#8211; als Konferenz. Durch die Konferenz auf Sky Sport Mix f\u00fchren Hannes Herrmann und Expertin Verena Schweers. Die Einzelspiele \u00fcbernehmen Sven Schr\u00f6ter und Fielder Martin Gro\u00df in K\u00f6ln, Flo Malburg und J\u00fcrgen M\u00fcller in Leipzig und Dominik M\u00fcller und Katharina Kleinfeldt in Jena jeweils auf den Einzelfeeds auf Sky Sport 2-4. <\/p>\n\n\n\n<p>Das Abendspiel \u00fcbernehmen dann ab 20:15 Uhr wieder Schenker und Simic gemeinsam mit Kommentator Marcel Meinert das Topspiel Hoffenheim-Bayern auf dem Mix-Kanal. Dieses Spiel wird dann auch im Free-Stream der Sportschau gezeigt, zu finden unter sportschau.de oder bei YouTube. F\u00fcrs Erste \u00fcbernimmt Christina Graf den Kommentar im Stream.<\/p>\n\n\n\n<p>Im Frauenfu\u00dfball steht zudem ein weiteres Nachholspiel der Tabellenletzten Turbine Potsdam an, die Werder Bremen zu Gast haben. Das Spiel gibt es wie gewohnt bei Magenta Sport. Oskar Heirler begleitet das Geschehen.<\/p>\n\n\n\n<p><strong>DAZN, Sportdigital, Magenta Sport und Sport1+ haben auch Pokal im Programm<\/strong><\/p>\n\n\n\n<p>Auch international stehen indes Pokalabende an: In England geht &#8211; nachdem gestern bereits der Titel im Ligapokal vergeben wurde &#8211; der altehrw\u00fcrdige FA Cup ins Achtelfinale. DAZN zeigt alle acht Partien an Dienstag und Mittwoch in zwei Konferenzen. Da die Spiele jeweils um 15 Minuten versetzt angepfiffen werden, d\u00fcrften die Herren Harder und Hebel bzw. Putz und Geiler am Anfang sowie am Ende der jeweiligen Konferenzen l\u00e4ngere Einzelphasen ihrer Spiele begleiten. Max Siebald und Tom Kirsten komplettieren am Dienstag sowie Uwe Morawe und Marco Hagemann (mit dem Topspiel Man United &#8211; West Ham) am Tag darauf.<\/p>\n\n\n\n<p>Eine Runde weiter sind bereits die Niederl\u00e4nder mit ihrem Pokalwettbewerb, dem KNVB Beker. Sportdigital Fu\u00dfball hat alle vier Viertelfinals im Programm; Christian Blunck, Moritz Knorr, Jakob Vogel und J\u00f6rg Steiger \u00fcbernehmen. Achtung: Zwei Partien werden allerdings nicht linear \u00fcber den Sender, sondern nur im Stream gezeigt. <br>Grund daf\u00fcr sind weitere Pokalspiele bei Sportdigital, die die linearen Pl\u00e4tze in Anspruch nehmen: Die spanische Copa del Rey mit ihren Halbfinal-Hinspielen. Die erste Partie kommentiert Jonathan Dreier und zum Cl\u00e1sico am Donnerstagabend meldet sich Karsten Linke f\u00fcr den Hamburger Sender.<\/p>\n\n\n\n<p>Auch in Belgien steht das Halbfinale des Pokals an, hier allerdings bereits das R\u00fcckspiel. Nach einem 1:0 im Hinspiel \u00fcbernimmt Hajo Wolff auch wieder das R\u00fcckspiel von Union-Europa League-Gegner Saint-Gilloise gegen Royale Antwerpen.<\/p>\n\n\n\n<p>Pokalwoche auch in Frankreich: Magenta Sport zeigt alle vier Viertelfinalpartien des Coupe de France, zwei davon allerdings nur im englischen Kommentar. Die anderen beiden deutschen Ansetzungen reichen wir nach sobald bekannt.<\/p>\n\n\n\n<p>Ansonsten zieht sich in Italien der Ligaspieltag noch bis zum morgigen Dienstag und wird mit dem Derby della Mole beschlossen. Nach zuletzt Benni Zander und Adrian Geiler meldet sich um 20:45 Uhr an der Seite von Christian Bernhard Mario Rieker als Kommentator.<\/p>\n\n\n\n<p>Habt eine sch\u00f6ne Pokalwoche!<\/p>\n","protected":false},"excerpt":{"rendered":"<p>N&#8217;Abend allerseits, vergangenes Wochenende fanden die Testtage der Formel 1 in Bahrain statt, was bedeutet dass die prominenteste Motorsportklasse kurz vor ihrem Saisonstart steht: Das erste Rennwochenende findet am kommendes Wochenende ebenfalls in Sachir in Bahrain statt. \u00dcbertragungstechnisch ist am Persischen Golf &#8211; wie die ganze Saison \u00fcber &#8211; der Pay-TV-Sender Sky dabei. Die Unterf\u00f6hringer [&hellip;]<\/p>\n","protected":false},"author":12,"featured_media":0,"comment_status":"open","ping_status":"open","sticky":false,"template":"","format":"standard","meta":{"footnotes":""},"categories":[504],"tags":[],"class_list":["post-14635","post","type-post","status-publish","format-standard","hentry","category-dfb-pokal-co"],"_links":{"self":[{"href":"http:\/\/kommentatorenblog.de\/index.php?rest_route=\/wp\/v2\/posts\/14635","targetHints":{"allow":["GET"]}}],"collection":[{"href":"http:\/\/kommentatorenblog.de\/index.php?rest_route=\/wp\/v2\/posts"}],"about":[{"href":"http:\/\/kommentatorenblog.de\/index.php?rest_route=\/wp\/v2\/types\/post"}],"author":[{"embeddable":true,"href":"http:\/\/kommentatorenblog.de\/index.php?rest_route=\/wp\/v2\/users\/12"}],"replies":[{"embeddable":true,"href":"http:\/\/kommentatorenblog.de\/index.php?rest_route=%2Fwp%2Fv2%2Fcomments&post=14635"}],"version-history":[{"count":10,"href":"http:\/\/kommentatorenblog.de\/index.php?rest_route=\/wp\/v2\/posts\/14635\/revisions"}],"predecessor-version":[{"id":14674,"href":"http:\/\/kommentatorenblog.de\/index.php?rest_route=\/wp\/v2\/posts\/14635\/revisions\/14674"}],"wp:attachment":[{"href":"http:\/\/kommentatorenblog.de\/index.php?rest_route=%2Fwp%2Fv2%2Fmedia&parent=14635"}],"wp:term":[{"taxonomy":"category","embeddable":true,"href":"http:\/\/kommentatorenblog.de\/index.php?rest_route=%2Fwp%2Fv2%2Fcategories&post=14635"},{"taxonomy":"post_tag","embeddable":true,"href":"http:\/\/kommentatorenblog.de\/index.php?rest_route=%2Fwp%2Fv2%2Ftags&post=14635"}],"curies":[{"name":"wp","href":"https:\/\/api.w.org\/{rel}","templated":true}]}}