{"id":14695,"date":"2023-03-06T19:37:11","date_gmt":"2023-03-06T17:37:11","guid":{"rendered":"http:\/\/kommentatorenblog.de\/?p=14695"},"modified":"2023-03-06T19:37:13","modified_gmt":"2023-03-06T17:37:13","slug":"1324-grosse-chance-fuer-den-deutschen-fussball","status":"publish","type":"post","link":"http:\/\/kommentatorenblog.de\/?p=14695","title":{"rendered":"1324 &#8211; Gro\u00dfe Chance f\u00fcr den deutschen Fussball"},"content":{"rendered":"\n<p>N&#8217;Abend allerseits,<\/p>\n\n\n\n<p>der Europapokal startet in eine neue Woche. W\u00e4hrend in der Champions League in den kommenden beiden Wochen die Achtelfinal-R\u00fcckspiele anstehen, werden in der Europa League und Europa Conference League in dieser Woche die Achtelfinal-Hinspiele und in der n\u00e4chsten Woche die Achtelfinal-R\u00fcckspiele absolviert. Bedeutet also (bei 16 Teams\/Wettbewerb) noch 48 Teams, die in den Europapokal-Wettbewerben aktiv sind. Spitzenreiter sind hierbei England, Deutschland und Italien mit je sieben Teams, auf Platz zwei folgt Spanien mit noch f\u00fcnf Teilnehmern, auf Platz drei Belgien mit vier Teilnehmern, Portugal und die T\u00fcrkei tragen drei Teilnehmer bei, Frankreich und die Niederlande liegen bei nur entt\u00e4uschenden zwei Teilnehmern und die Ukraine, Zypern die Schweiz, Schweden, Ungarn, Polen, Slowakei, Moldawien haben jeweils noch einen Teilnehmer. <\/p>\n\n\n\n<p>F\u00fcr die in den letzten Jahren so oft gescholtenen Vertreter aus der Bundesliga ist dies eine durchaus positive Nachricht. Von den vier Vertretern der Champions League haben mit den Bayern und dem BVB gleich zwei Teams ihre Hinspiele gewonnen und auch RB hat nach dem Unentschieden im Hinspiel gegen Man City eine gute Ausgangslage. Einzig die Eintracht aus Frankfurt hat nach der 0-2 Heimniederlage gegen Neapel eine schlechte Ausgangslage. In der Europa League w\u00fcrde ich Leverkusen und Union die Favoritenrolle zuschreiben und auch den SC Freiburg sehe ich gegen Juventus Turin nicht als chancenlos an. <\/p>\n\n\n\n<p>Ich sehe es also als durchaus realistisch an, dass auch im Viertelfinale der Anteil an deutschen Teams nicht wahnsinnig gering sein wird. Ich w\u00fcrde an dieser Stelle mal auf f\u00fcnf Teams tippen. Zum Vergleich, letztes Jahr lag diese Zahl bei drei Teams, 20\/21 bei zwei Teams, 19\/20 bei drei Teams usw. Ihr seht also, der deutsche Vereinsfussball steht vor einer gro\u00dfen Chance, viele Punkte in der F\u00fcnfjahreswertung zu sammeln (bereits jetzt ist die Anzahl an Punkten in der F\u00fcnfjahreswertung sch\u00f6n h\u00f6her als in den Saisons 2018\/19 und 2020\/21). <\/p>\n\n\n\n<p>So viel also zu meinem Blick auf den Europapokal und die deutschen Chancen. Was sagt ihr? Blickt ihr dieser Europapokal (aus deutscher Sicht) auch positiv entgegen oder seid ihr Skeptischer? Lasst es mich gerne in den Kommentaren wissen. Jetzt aber erstmal der Sprung in die Ansetzungen!<\/p>\n\n\n\n<hr class=\"wp-block-separator\"\/>\n\n\n\n<p><strong>Die Ansetzungen vom 07. M\u00e4rz bis zum 09. M\u00e4rz 2023<\/strong><\/p>\n\n\n\n<p><strong>Champions League, Achtelfinal-R\u00fcckspiele Teil 1 <\/strong><\/p>\n\n\n\n<p><span style=\"text-decoration: underline;\">Dienstag, 07. M\u00e4rz 2023, ab 20.00 Uhr PrimeVideo)<\/span><\/p>\n\n\n\n<p><em><strong>FC Chelsea <em><strong>\u2013<\/strong><\/em> Borussia Dortmund (21.00 Uhr)<\/strong><\/em><\/p>\n\n\n\n<p><img loading=\"lazy\" decoding=\"async\" width=\"10\" height=\"21\" class=\"wp-image-3656\" style=\"width: 10px;\" src=\"http:\/\/kommentatorenblog.de\/wp-content\/uploads\/2020\/09\/shure-55sh-ii-e1601485394796.jpg\" alt=\"\" srcset=\"http:\/\/kommentatorenblog.de\/wp-content\/uploads\/2020\/09\/shure-55sh-ii-e1601485394796.jpg 415w, http:\/\/kommentatorenblog.de\/wp-content\/uploads\/2020\/09\/shure-55sh-ii-e1601485394796-142x300.jpg 142w\" sizes=\"auto, (max-width: 10px) 100vw, 10px\" \/> Jonas Friedrich Experte: Benedikt H\u00f6wedes<\/p>\n\n\n\n<p>Field-Reporter: Annika Zimmermann und Sebastian Benesch<\/p>\n\n\n\n<p>Moderation (Stadion): Sebastian Hellmann, Experten: Matthias Sammer, Mario Gomez und Tabea Kemme, Schiedsrichter-Experte: Wolfgang Stark<\/p>\n\n\n\n<p>Experte (Highlight-Show): Patrick Owomoyela<\/p>\n\n\n\n<p><span style=\"text-decoration: underline;\">ab 20.50 Uhr (DAZN)<\/span><\/p>\n\n\n\n<p><em><strong>Benfica Lissabon <em><strong>\u2013<\/strong><\/em> FC Club Br\u00fcgge (21.00 Uhr)<\/strong><\/em><\/p>\n\n\n\n<p><img loading=\"lazy\" decoding=\"async\" width=\"10\" height=\"21\" class=\"wp-image-3656\" style=\"width: 10px;\" src=\"http:\/\/kommentatorenblog.de\/wp-content\/uploads\/2020\/09\/shure-55sh-ii-e1601485394796.jpg\" alt=\"\" srcset=\"http:\/\/kommentatorenblog.de\/wp-content\/uploads\/2020\/09\/shure-55sh-ii-e1601485394796.jpg 415w, http:\/\/kommentatorenblog.de\/wp-content\/uploads\/2020\/09\/shure-55sh-ii-e1601485394796-142x300.jpg 142w\" sizes=\"auto, (max-width: 10px) 100vw, 10px\" \/> Max Siebald, Experte: Benny Lauth<\/p>\n\n\n\n<p><span style=\"text-decoration: underline;\">Mittwoch, 08. M\u00e4rz 2023, ab 20.00 Uhr (DAZN)<\/span><\/p>\n\n\n\n<p><em><strong>FC Bayern M\u00fcnchen <em><strong>\u2013<\/strong><\/em> Paris Saint-Germain (21.00 Uhr)<\/strong><\/em><\/p>\n\n\n\n<p><img loading=\"lazy\" decoding=\"async\" width=\"10\" height=\"21\" class=\"wp-image-3656\" style=\"width: 10px;\" src=\"http:\/\/kommentatorenblog.de\/wp-content\/uploads\/2020\/09\/shure-55sh-ii-e1601485394796.jpg\" alt=\"\" srcset=\"http:\/\/kommentatorenblog.de\/wp-content\/uploads\/2020\/09\/shure-55sh-ii-e1601485394796.jpg 415w, http:\/\/kommentatorenblog.de\/wp-content\/uploads\/2020\/09\/shure-55sh-ii-e1601485394796-142x300.jpg 142w\" sizes=\"auto, (max-width: 10px) 100vw, 10px\" \/> Jan Platte, Experte: Sandro Wagner (Einzelspiel), Max Gross (Konferenz)<\/p>\n\n\n\n<p>Moderation: Alex Schl\u00fcter, Field-Reporter: Daniel Herzog<\/p>\n\n\n\n<p><span style=\"text-decoration: underline;\">ab 20.50 Uhr (DAZN)<\/span><\/p>\n\n\n\n<p><em><strong>Tottenham Hotspur <em><strong>\u2013<\/strong><\/em> AC Mailand (21.00 Uhr)<\/strong><\/em><\/p>\n\n\n\n<p><img loading=\"lazy\" decoding=\"async\" width=\"10\" height=\"21\" class=\"wp-image-3656\" style=\"width: 10px;\" src=\"http:\/\/kommentatorenblog.de\/wp-content\/uploads\/2020\/09\/shure-55sh-ii-e1601485394796.jpg\" alt=\"\" srcset=\"http:\/\/kommentatorenblog.de\/wp-content\/uploads\/2020\/09\/shure-55sh-ii-e1601485394796.jpg 415w, http:\/\/kommentatorenblog.de\/wp-content\/uploads\/2020\/09\/shure-55sh-ii-e1601485394796-142x300.jpg 142w\" sizes=\"auto, (max-width: 10px) 100vw, 10px\" \/> Uli Hebel, Experte: Sebastian Knei\u00dfl (Einzelspiel), Lukas Sch\u00f6nm\u00fcller (Konferenz)<\/p>\n\n\n\n<hr class=\"wp-block-separator\"\/>\n\n\n\n<p><strong>Europa League \/ Europa Conference League, Achtelfinale-Hinspiele (RTL\/RTL+)<\/strong><\/p>\n\n\n\n<p><span style=\"text-decoration: underline;\">Donnerstag, 09. M\u00e4rz 2023, ab 18.15 Uhr (RTL+)<\/span><\/p>\n\n\n\n<p><em><strong>Bayer 04 Leverkusen \u2013 Ferencvaros Budapest (18.45 Uhr)<\/strong><\/em><\/p>\n\n\n\n<p><img loading=\"lazy\" decoding=\"async\" width=\"10\" height=\"21\" class=\"wp-image-3656\" style=\"width: 10px;\" src=\"http:\/\/kommentatorenblog.de\/wp-content\/uploads\/2020\/09\/shure-55sh-ii-e1601485394796.jpg\" alt=\"\" srcset=\"http:\/\/kommentatorenblog.de\/wp-content\/uploads\/2020\/09\/shure-55sh-ii-e1601485394796.jpg 415w, http:\/\/kommentatorenblog.de\/wp-content\/uploads\/2020\/09\/shure-55sh-ii-e1601485394796-142x300.jpg 142w\" sizes=\"auto, (max-width: 10px) 100vw, 10px\" \/> Michael Born, Experte: Patrick Helmes (Einzelspiel), Klaus Veltman (Konferenz)<\/p>\n\n\n\n<p>Field-Reporter: Thomas Wagner<\/p>\n\n\n\n<p><em><strong>1. FC Union Berlin \u2013 Union Saint-Gilloise (18.45 Uhr)<\/strong><\/em><\/p>\n\n\n\n<p><img loading=\"lazy\" decoding=\"async\" width=\"10\" height=\"21\" class=\"wp-image-3656\" style=\"width: 10px;\" src=\"http:\/\/kommentatorenblog.de\/wp-content\/uploads\/2020\/09\/shure-55sh-ii-e1601485394796.jpg\" alt=\"\" srcset=\"http:\/\/kommentatorenblog.de\/wp-content\/uploads\/2020\/09\/shure-55sh-ii-e1601485394796.jpg 415w, http:\/\/kommentatorenblog.de\/wp-content\/uploads\/2020\/09\/shure-55sh-ii-e1601485394796-142x300.jpg 142w\" sizes=\"auto, (max-width: 10px) 100vw, 10px\" \/> Christina Graf, Experte: Felix Kross (Einzelspiel), Heiko Wasser (Konferenz)<\/p>\n\n\n\n<p>Field-Reporter: Christoph K\u00fcppers<\/p>\n\n\n\n<p><em><strong>Sporting Lissabon \u2013 FC Arsenal (18.45 Uhr)<\/strong><\/em><\/p>\n\n\n\n<p><img loading=\"lazy\" decoding=\"async\" width=\"10\" height=\"21\" class=\"wp-image-3656\" style=\"width: 10px;\" src=\"http:\/\/kommentatorenblog.de\/wp-content\/uploads\/2020\/09\/shure-55sh-ii-e1601485394796.jpg\" alt=\"\" srcset=\"http:\/\/kommentatorenblog.de\/wp-content\/uploads\/2020\/09\/shure-55sh-ii-e1601485394796.jpg 415w, http:\/\/kommentatorenblog.de\/wp-content\/uploads\/2020\/09\/shure-55sh-ii-e1601485394796-142x300.jpg 142w\" sizes=\"auto, (max-width: 10px) 100vw, 10px\" \/> Christoph Stadtler (Einzelspiel), J\u00fcrgen Schmitz (Konferenz)<\/p>\n\n\n\n<p><em><strong>AS Rom \u2013 Real Sociedad (18.45 Uhr)<\/strong><\/em><\/p>\n\n\n\n<p><img loading=\"lazy\" decoding=\"async\" width=\"10\" height=\"21\" class=\"wp-image-3656\" style=\"width: 10px;\" src=\"http:\/\/kommentatorenblog.de\/wp-content\/uploads\/2020\/09\/shure-55sh-ii-e1601485394796.jpg\" alt=\"\" srcset=\"http:\/\/kommentatorenblog.de\/wp-content\/uploads\/2020\/09\/shure-55sh-ii-e1601485394796.jpg 415w, http:\/\/kommentatorenblog.de\/wp-content\/uploads\/2020\/09\/shure-55sh-ii-e1601485394796-142x300.jpg 142w\" sizes=\"auto, (max-width: 10px) 100vw, 10px\" \/> Tim Hemmrich (Einzelspiel), Philip Konrad (Konferenz)<\/p>\n\n\n\n<p><span style=\"text-decoration: underline;\">ab 20.15 Uhr (RTL\/RTL+)<\/span><\/p>\n\n\n\n<p><em><strong><span><b style=\"font-style: italic;\">Juventus Turin \u2013 SC Freiburg <\/b><\/span>(21.00 Uhr)<\/strong><\/em><\/p>\n\n\n\n<p>RTL: <img loading=\"lazy\" decoding=\"async\" width=\"10\" height=\"21\" class=\"wp-image-3656\" style=\"width: 10px;\" src=\"http:\/\/kommentatorenblog.de\/wp-content\/uploads\/2020\/09\/shure-55sh-ii-e1601485394796.jpg\" alt=\"\" srcset=\"http:\/\/kommentatorenblog.de\/wp-content\/uploads\/2020\/09\/shure-55sh-ii-e1601485394796.jpg 415w, http:\/\/kommentatorenblog.de\/wp-content\/uploads\/2020\/09\/shure-55sh-ii-e1601485394796-142x300.jpg 142w\" sizes=\"auto, (max-width: 10px) 100vw, 10px\" \/> Marco Hagemann, Experte: Steffen Freund<\/p>\n\n\n\n<p>RTL+: <img loading=\"lazy\" decoding=\"async\" width=\"10\" height=\"21\" class=\"wp-image-3656\" style=\"width: 10px;\" src=\"http:\/\/kommentatorenblog.de\/wp-content\/uploads\/2020\/09\/shure-55sh-ii-e1601485394796.jpg\" alt=\"\" srcset=\"http:\/\/kommentatorenblog.de\/wp-content\/uploads\/2020\/09\/shure-55sh-ii-e1601485394796.jpg 415w, http:\/\/kommentatorenblog.de\/wp-content\/uploads\/2020\/09\/shure-55sh-ii-e1601485394796-142x300.jpg 142w\" sizes=\"auto, (max-width: 10px) 100vw, 10px\" \/> Robby Hunke (Einzelspiel), Cornelius K\u00fcpper (Konferenz)<\/p>\n\n\n\n<p>Field-Reporter: Felix G\u00f6rner und Marcel Klein<\/p>\n\n\n\n<p>Moderation (RTL): Laura Papendick, Experten: Lothar Matth\u00e4us und Karl-Heinz Riedle<\/p>\n\n\n\n<p><span style=\"text-decoration: underline;\">ab 20.40 Uhr (RTL+)<\/span><\/p>\n\n\n\n<p><em><strong>FC Sevilla \u2013 Fenerbahce Istanbul (21.00 Uhr)<\/strong><\/em><\/p>\n\n\n\n<p><img loading=\"lazy\" decoding=\"async\" width=\"10\" height=\"21\" class=\"wp-image-3656\" style=\"width: 10px;\" src=\"http:\/\/kommentatorenblog.de\/wp-content\/uploads\/2020\/09\/shure-55sh-ii-e1601485394796.jpg\" alt=\"\" srcset=\"http:\/\/kommentatorenblog.de\/wp-content\/uploads\/2020\/09\/shure-55sh-ii-e1601485394796.jpg 415w, http:\/\/kommentatorenblog.de\/wp-content\/uploads\/2020\/09\/shure-55sh-ii-e1601485394796-142x300.jpg 142w\" sizes=\"auto, (max-width: 10px) 100vw, 10px\" \/> Stefan Galler (Einzelspiel), Alex Klich (Konferenz)<\/p>\n\n\n\n<p><em><strong>Manchester United \u2013 Real Betis Sevilla (21.00 Uhr)<\/strong><\/em><\/p>\n\n\n\n<p><img loading=\"lazy\" decoding=\"async\" width=\"10\" height=\"21\" class=\"wp-image-3656\" style=\"width: 10px;\" src=\"http:\/\/kommentatorenblog.de\/wp-content\/uploads\/2020\/09\/shure-55sh-ii-e1601485394796.jpg\" alt=\"\" srcset=\"http:\/\/kommentatorenblog.de\/wp-content\/uploads\/2020\/09\/shure-55sh-ii-e1601485394796.jpg 415w, http:\/\/kommentatorenblog.de\/wp-content\/uploads\/2020\/09\/shure-55sh-ii-e1601485394796-142x300.jpg 142w\" sizes=\"auto, (max-width: 10px) 100vw, 10px\" \/> Oliver Seidler (Einzelspiel), Christian Stra\u00dfburger (Konferenz)<\/p>\n\n\n\n<p><em><strong>Schachtar Donetsk \u2013 Feyenoord Rotterdam (21.00 Uhr)<\/strong><\/em><\/p>\n\n\n\n<p><img loading=\"lazy\" decoding=\"async\" width=\"10\" height=\"21\" class=\"wp-image-3656\" style=\"width: 10px;\" src=\"http:\/\/kommentatorenblog.de\/wp-content\/uploads\/2020\/09\/shure-55sh-ii-e1601485394796.jpg\" alt=\"\" srcset=\"http:\/\/kommentatorenblog.de\/wp-content\/uploads\/2020\/09\/shure-55sh-ii-e1601485394796.jpg 415w, http:\/\/kommentatorenblog.de\/wp-content\/uploads\/2020\/09\/shure-55sh-ii-e1601485394796-142x300.jpg 142w\" sizes=\"auto, (max-width: 10px) 100vw, 10px\" \/> Julian Engelhard (Einzelspiel), Stefan Fuckert (Konferenz)<\/p>\n\n\n\n<p>Moderation: Anna Kraft, Arnd Zeigler und Ansgar Brinkmann <\/p>\n\n\n\n<hr class=\"wp-block-separator\"\/>\n\n\n\n<p><strong>Internationaler Fussball (Sportdigital FUSSBALL)<\/strong><\/p>\n\n\n\n<hr class=\"wp-block-separator\"\/>\n\n\n\n<p><strong>Die Analyse<\/strong><\/p>\n\n\n\n<p><strong>Prime \u00fcbernimmt den BVB<\/strong><\/p>\n\n\n\n<p>Die R\u00fcckspiele der Achtelfinals der Champions League starten am Dienstag. PrimeVideo startet hierbei mit der Partie Chelsea gegen Dortmund. Ab 20Uhr meldet sich Sebastian Hellmann mit seiner Runde aus der Stamford Bridge. Diese Runde ist hochkar\u00e4tig besetzt. Einmal mit Tabea Kemme, die ja bereits am Samstag gemeinsam mit Hellmann in Stuttgart war, au\u00dferdem Mario Gomez und wie immer Matthias Sammer. Kommentieren wird nat\u00fcrlich das Duo Friedrich &amp; H\u00f6wedes, w\u00e4hrend Annika Zimmermann &amp; Sebastian Benesch auf Stimmenfang gehen. Ansonsten ist auch Patrick Owomoyela wieder mit dabei f\u00fcr die Highlight-Show und Wolfgang Stark schaut aus K\u00f6ln auf die Schiedsrichterentscheidungen. Parallel gibt&#8217;s auf DAZN Benfica gegen Br\u00fcgge. Wie bereits im Hinspiel \u00fcbernimmt das Duo Michael Born und Benny Lauth.<\/p>\n\n\n\n<p><strong>DAZN mit einer Stunde Vorbericht aus M\u00fcnchen<\/strong><\/p>\n\n\n\n<p>Der Mittwoch l\u00e4uft dann nat\u00fcrlich exklusiv auf DAZN. Im Mittelpunkt steht hier nat\u00fcrlich das R\u00fcckspiel von Bayern gegen Paris. Der Vorlauf startet daher sogar bereits am 20Uhr aus der Allianz-Arena. Alex Schl\u00fcter und Sandro Wagner melden sich vom Spielfeldrand, wo auch Daniel Herzog auf Stimmenfang geht. Teil der Vorberichterstattung sind hierbei u.a. Interviews mit den Trainern, Oliver Kahn und Nationalspielerin Lina Magull. Kommentieren wird dann wenig \u00fcberraschend Jan Platte. Im Parallelspiel gibt&#8217;s dann Tottenham gegen Milan. Experte bleibt wie bereits beim Hinspiel Sebastian Knei\u00dfl, der Kommentator, wechselt allerdings von Jan Platte auf Uli Hebel. In der Konferenz komplettiert das Champions League Personal das Duo Max Gross und Lukas Sch\u00f6nm\u00fcller.<\/p>\n\n\n\n<p><strong>Born, Graf, Hagemann und Hunke bei den deutschen Teams<\/strong><\/p>\n\n\n\n<p>In der Europa League meldet sich ab 18.15Uhr das gewohnte Trio Kraft, Zeigler und Brinkmann. Hierbei wird sicherlich auch nach Leverkusen und K\u00f6penick geschaltet, wo Thomas Wagner bzw. Christoph K\u00fcppers auf Stimmenfang gehen. Zu sehen sind die beiden Spiele exklusiv auf RTL+ und werden daher leider auch nur aus K\u00f6ln kommentiert. Die Duos bleiben hierbei den Teams treu. Michael Born und Patrick Helmes k\u00fcmmern sich um die Werkself &#8211; das Duo kommentierte ja bereits den Leverkusener Sieg in Monaco &#8211; und Christina Graf und Felix Kroos bleiben Union Berlin in dieser Saison treu. In der Konferenz \u00fcbernimmt Klaus Veltman die Werkself und Heiko Wasser k\u00fcmmert sich um Union Berlin. Komplettiert wird das Quartett von J\u00fcrgen Schmitz und Philip Konrad. <\/p>\n\n\n\n<p>Zur sp\u00e4ten Ansto\u00dfzeit steigt dann nat\u00fcrlich auch die FreeTV-Crew ein. Laura Papendick, Lothar Matth\u00e4us und Kalle Riedle melden sich ab 20.15Uhr aus Turin mit dem Partie der Freiburger bei Juve. Ebenso mit dabei sind die Field-Reporter Felix G\u00f6rner und Marcel Klein. Kommentieren werden im FreeTV nat\u00fcrlich Marco Hagemann &amp; Steffen Freund und bei RTL+ Robby Hunke. In den weiteren Einzelspielen bleibt Oliver Seidler Manchester United treu, ebenso kommen Stefan Galler und Julian Engelhard zum Einsatz. In der Konferenz springt Corni K\u00fcpper von Union Berlin zum SC Freiburg, ebenso mit dabei sind Christian Stra\u00dfburger, Stefan Fuckert und Alex Klich. <\/p>\n\n\n\n<p>Bis dahin, habt eine sch\u00f6ne Woche!<\/p>\n","protected":false},"excerpt":{"rendered":"<p>N&#8217;Abend allerseits, der Europapokal startet in eine neue Woche. W\u00e4hrend in der Champions League in den kommenden beiden Wochen die Achtelfinal-R\u00fcckspiele anstehen, werden in der Europa League und Europa Conference League in dieser Woche die Achtelfinal-Hinspiele und in der n\u00e4chsten Woche die Achtelfinal-R\u00fcckspiele absolviert. Bedeutet also (bei 16 Teams\/Wettbewerb) noch 48 Teams, die in den [&hellip;]<\/p>\n","protected":false},"author":5,"featured_media":0,"comment_status":"open","ping_status":"open","sticky":false,"template":"","format":"standard","meta":{"footnotes":""},"categories":[425],"tags":[34,49,517,596,689,617,337,166,35,615,668,171,614,212,13,611,695,869,48,69,315,86,612,676,75,31,205,904,43,521,608,283,279,113,903,588,690,290,162,138,656,350,189,98,222,394,154,151,639,33,854,105,640],"class_list":["post-14695","post","type-post","status-publish","format-standard","hentry","category-champions-league-und-co","tag-alex-klich","tag-alex-schlueter","tag-anna-kraft","tag-annika-zimmermann","tag-ansgar-brinkmann","tag-arnd-zeigler","tag-benedikt-hoewedes","tag-benny-lauth","tag-christian-strassburger","tag-christina-graf","tag-christoph-kueppers","tag-christoph-stadtler","tag-cornelius-kuepper","tag-daniel-herzog","tag-dazn","tag-felix-goerner","tag-felix-kroos","tag-heiko-wasser-2","tag-jan-platte","tag-jonas-friedrich","tag-julian-engelhard","tag-juergen-schmitz","tag-karl-heinz-riedle","tag-klaus-veltman","tag-laura-papendick","tag-lothar-matthaeus","tag-lukas-schoenmueller","tag-marcel-klein","tag-marco-hagemann","tag-mario-gomez","tag-matthias-sammer","tag-max-gross","tag-max-siebald","tag-oliver-seidler","tag-patrick-helmes","tag-patrick-owomoyela","tag-philip-konrad","tag-primevideo","tag-robby-hunke","tag-rtl","tag-rtl-2","tag-sandro-wagner","tag-sebastian-benesch","tag-sebastian-hellmann","tag-sebastian-kneissl","tag-stefan-fuckert","tag-stefan-galler","tag-steffen-freund","tag-tabea-kemme","tag-thomas-wagner","tag-tim-hemmrich","tag-uli-hebel","tag-wolfgang-stark"],"_links":{"self":[{"href":"http:\/\/kommentatorenblog.de\/index.php?rest_route=\/wp\/v2\/posts\/14695","targetHints":{"allow":["GET"]}}],"collection":[{"href":"http:\/\/kommentatorenblog.de\/index.php?rest_route=\/wp\/v2\/posts"}],"about":[{"href":"http:\/\/kommentatorenblog.de\/index.php?rest_route=\/wp\/v2\/types\/post"}],"author":[{"embeddable":true,"href":"http:\/\/kommentatorenblog.de\/index.php?rest_route=\/wp\/v2\/users\/5"}],"replies":[{"embeddable":true,"href":"http:\/\/kommentatorenblog.de\/index.php?rest_route=%2Fwp%2Fv2%2Fcomments&post=14695"}],"version-history":[{"count":5,"href":"http:\/\/kommentatorenblog.de\/index.php?rest_route=\/wp\/v2\/posts\/14695\/revisions"}],"predecessor-version":[{"id":14701,"href":"http:\/\/kommentatorenblog.de\/index.php?rest_route=\/wp\/v2\/posts\/14695\/revisions\/14701"}],"wp:attachment":[{"href":"http:\/\/kommentatorenblog.de\/index.php?rest_route=%2Fwp%2Fv2%2Fmedia&parent=14695"}],"wp:term":[{"taxonomy":"category","embeddable":true,"href":"http:\/\/kommentatorenblog.de\/index.php?rest_route=%2Fwp%2Fv2%2Fcategories&post=14695"},{"taxonomy":"post_tag","embeddable":true,"href":"http:\/\/kommentatorenblog.de\/index.php?rest_route=%2Fwp%2Fv2%2Ftags&post=14695"}],"curies":[{"name":"wp","href":"https:\/\/api.w.org\/{rel}","templated":true}]}}