{"id":14886,"date":"2023-04-17T21:24:58","date_gmt":"2023-04-17T19:24:58","guid":{"rendered":"https:\/\/kommentatorenblog.de\/?p=14886"},"modified":"2023-04-18T13:24:12","modified_gmt":"2023-04-18T11:24:12","slug":"1334-spiele-fuer-die-fuenfjahreswertung","status":"publish","type":"post","link":"http:\/\/kommentatorenblog.de\/?p=14886","title":{"rendered":"1334 &#8211; Spiele f\u00fcr die F\u00fcnfjahreswertung"},"content":{"rendered":"\n<p>N&#8217;Abend allerseits,<\/p>\n\n\n\n<p>die Bayern stehen inmitten ihrer gr\u00f6\u00dften Vereinskrise der letzten Jahre am Mittwoch vor einer nahezu unl\u00f6sbaren Aufgabe in der Champions League im Viertelfinal-R\u00fcckspiel gegen Manchester City. <\/p>\n\n\n\n<p>Der sehr wahrscheinliche Halbfinal-Einzug der Skyblues verdeutlicht einmal mehr die Spitzenposition der Engl\u00e4nder im europ\u00e4ischen Vereinsfu\u00dfball, niedergeschrieben in der F\u00fcnfjahreswertung. Dort f\u00fchrt England aktuell mit 106,998 Punkten vor Spanien und Deutschland. Das Streichergebnis wird durch die aktuelle Saison m\u00f6glicherweise sogar wieder ausgeglichen. Streichergebnis deshalb, weil die letzte Saison der F\u00fcnfjahreswertung (also die Spielzeit 2018\/19) durch die aktuellste ersetzt wird. <\/p>\n\n\n\n<p>Und genau da liegt das Problem Deutschlands: Es f\u00e4llt eine Saison weg, in der man 2,572 Punkte Vorsprung auf die Italiener hatte &#8211; und stattdessen wird die aktuelle Spielzeit mit 2,285 Punkten weniger auf dem Konto wie die Italiener eingespeist. Und zus\u00e4tzlich sieht es ja derzeit nach dem Halbfinaleinzug zwei italienischer Vereine aus. Der dritte Platz w\u00e4re also futsch, Italien zieht vorbei und England sowie Spanien (auch wenn die ein sehr gutes Ergebnis verlieren) sind sowieso enteilt. <\/p>\n\n\n\n<p>Das hat zwar noch keine Auswirkungen, erst ab dem f\u00fcnften Platz in der F\u00fcnfjahreswertung w\u00fcrden unter anderem zwei direkte Champions League-Pl\u00e4tze verloren gehen. Frankreich ist aber mit 61,164 Z\u00e4hlern gut 20,000 Punkte hinter Deutschland und belegt in der aktuellen Saisonwertung nur Platz 7. Auf Rang 5 hinter den vier Topligen ist derweil Belgien zu finden.<\/p>\n\n\n\n<p>Gutes Stichwort, um auf das letzte deutsche Team mit guten Chancen auf den Halbfinal-Einzug zu kommen: Bayer Leverkusen trifft am Donnerstagabend in Belgien auf Saint-Gilloise, zu sehen wie das Hinspiel bei RTL+ und im Free-TV bei RTL. Und damit zu dem, was diese Woche ansteht:<\/p>\n\n\n\n<p><strong>Die Ansetzungen vom 18. April 2023 bis 20. April 2023:<\/strong><\/p>\n\n\n\n<hr class=\"wp-block-separator is-style-default\"\/>\n\n\n\n<p><strong>UEFA Champions League, Viertelfinal-R\u00fcckspiele (DAZN\/Prime Video)<\/strong><\/p>\n\n\n\n<p><u>Dienstag, 18<\/u><u>. April 2023, ab 20.00 Uhr (Prime Video)<\/u><\/p>\n\n\n\n<p><strong style=\"font-style: italic;\">FC Chelsea <strong><em><span><b style=\"font-style: italic;\">\u2013<\/b><\/span><\/em><\/strong><\/strong> <em><strong>Real Madrid (21.00 Uhr, Agg. 0:2)<\/strong><\/em> <br><img loading=\"lazy\" decoding=\"async\" width=\"10\" height=\"21\" class=\"wp-image-3656\" style=\"width: 10px;\" src=\"http:\/\/kommentatorenblog.de\/wp-content\/uploads\/2020\/09\/shure-55sh-ii-e1601485394796.jpg\" alt=\"\" srcset=\"http:\/\/kommentatorenblog.de\/wp-content\/uploads\/2020\/09\/shure-55sh-ii-e1601485394796.jpg 415w, http:\/\/kommentatorenblog.de\/wp-content\/uploads\/2020\/09\/shure-55sh-ii-e1601485394796-142x300.jpg 142w\" sizes=\"auto, (max-width: 10px) 100vw, 10px\" \/> Jonas Friedrich, Experte: Benedikt H\u00f6wedes<br>Field-Reporter:innen: Annika Zimmermann und Sebastian Benesch<br>Moderation: Sebastian Hellmann, Expert:innen: Tabea Kemme, Matthias Sammer und Mario G\u00f3mez<\/p>\n\n\n\n<p><u>ab 20.50 Uhr (DAZN)<\/u><\/p>\n\n\n\n<p><strong style=\"font-style: italic;\">SSC Neapel <strong><em><span><b style=\"font-style: italic;\">\u2013<\/b><\/span><\/em><\/strong><\/strong> <em><strong>AC Mailand (21.00 Uhr, Agg. 0:1)<\/strong><\/em> <br><img loading=\"lazy\" decoding=\"async\" width=\"10\" height=\"21\" class=\"wp-image-3656\" style=\"width: 10px;\" src=\"http:\/\/kommentatorenblog.de\/wp-content\/uploads\/2020\/09\/shure-55sh-ii-e1601485394796.jpg\" alt=\"\" srcset=\"http:\/\/kommentatorenblog.de\/wp-content\/uploads\/2020\/09\/shure-55sh-ii-e1601485394796.jpg 415w, http:\/\/kommentatorenblog.de\/wp-content\/uploads\/2020\/09\/shure-55sh-ii-e1601485394796-142x300.jpg 142w\" sizes=\"auto, (max-width: 10px) 100vw, 10px\" \/> Mario Rieker, Experte: Jonas Hummels <\/p>\n\n\n\n<p><u>Mittwoch, 19<\/u><u>. April 2023, ab 20.00 Uhr (DAZN)<\/u><\/p>\n\n\n\n<p><strong style=\"font-style: italic;\">FC Bayern M\u00fcnchen <strong><em><span><b style=\"font-style: italic;\">\u2013<\/b><\/span><\/em><\/strong><\/strong> <em><strong>Manchester City (21.00 Uhr, Agg. 0:3)<\/strong><\/em> <br><img loading=\"lazy\" decoding=\"async\" width=\"10\" height=\"21\" class=\"wp-image-3656\" style=\"width: 10px;\" src=\"http:\/\/kommentatorenblog.de\/wp-content\/uploads\/2020\/09\/shure-55sh-ii-e1601485394796.jpg\" alt=\"\" srcset=\"http:\/\/kommentatorenblog.de\/wp-content\/uploads\/2020\/09\/shure-55sh-ii-e1601485394796.jpg 415w, http:\/\/kommentatorenblog.de\/wp-content\/uploads\/2020\/09\/shure-55sh-ii-e1601485394796-142x300.jpg 142w\" sizes=\"auto, (max-width: 10px) 100vw, 10px\" \/> Jan Platte, Experte: Michael Ballack (Einzelspiel), Lukas Sch\u00f6nm\u00fcller (Konferenz)<br>Moderation: Laura Wontorra, Field-Reporter: Max Siebald<\/p>\n\n\n\n<p><u>ab 20.50 Uhr (DAZN)<\/u><\/p>\n\n\n\n<p><strong style=\"font-style: italic;\">Inter Mailand <strong><em><span><b style=\"font-style: italic;\">\u2013<\/b><\/span><\/em><\/strong><\/strong> <em><strong>Benfica Lissabon (21.00 Uhr, Agg. 2:0)<\/strong><\/em> <br><img loading=\"lazy\" decoding=\"async\" width=\"10\" height=\"21\" class=\"wp-image-3656\" style=\"width: 10px;\" src=\"http:\/\/kommentatorenblog.de\/wp-content\/uploads\/2020\/09\/shure-55sh-ii-e1601485394796.jpg\" alt=\"\" srcset=\"http:\/\/kommentatorenblog.de\/wp-content\/uploads\/2020\/09\/shure-55sh-ii-e1601485394796.jpg 415w, http:\/\/kommentatorenblog.de\/wp-content\/uploads\/2020\/09\/shure-55sh-ii-e1601485394796-142x300.jpg 142w\" sizes=\"auto, (max-width: 10px) 100vw, 10px\" \/> Marco Hagemann, Experte: Seb Knei\u00dfl (Einzelspiel), Max Gross (Konferenz)<\/p>\n\n\n\n<hr class=\"wp-block-separator is-style-default\"\/>\n\n\n\n<p><strong>UEFA Europa League \/ Europa Conference League, Viertelfinal-R\u00fcckspiele (RTL+\/RTL)<\/strong><\/p>\n\n\n\n<p><u>Donnerstag, 20<\/u><u>. April 2023, ab 18.15 Uhr (RTL+)<\/u><\/p>\n\n\n\n<p><em>ECL: <\/em><strong style=\"font-style: italic;\">AC Florenz <strong><em><span><b style=\"font-style: italic;\">\u2013<\/b><\/span><\/em><\/strong><\/strong> <em><strong>Lech Posen (18.45 Uhr, Agg. 4:1)<\/strong><\/em> <br><img loading=\"lazy\" decoding=\"async\" width=\"10\" height=\"21\" class=\"wp-image-3656\" style=\"width: 10px;\" src=\"http:\/\/kommentatorenblog.de\/wp-content\/uploads\/2020\/09\/shure-55sh-ii-e1601485394796.jpg\" alt=\"\" srcset=\"http:\/\/kommentatorenblog.de\/wp-content\/uploads\/2020\/09\/shure-55sh-ii-e1601485394796.jpg 415w, http:\/\/kommentatorenblog.de\/wp-content\/uploads\/2020\/09\/shure-55sh-ii-e1601485394796-142x300.jpg 142w\" sizes=\"auto, (max-width: 10px) 100vw, 10px\" \/> Julian Engelhard (Einzelspiel), Christoph Stadtler (Konferenz)<\/p>\n\n\n\n<p><em>ECL: <\/em><strong style=\"font-style: italic;\">AZ Alkmaar<\/strong><strong style=\"font-style: italic;\"> <strong><em><span><b style=\"font-style: italic;\">\u2013<\/b><\/span><\/em><\/strong><\/strong> <em><strong>RSC Anderlecht (18.45 Uhr, Agg. 0:2)<\/strong><\/em> <br><img loading=\"lazy\" decoding=\"async\" width=\"10\" height=\"21\" class=\"wp-image-3656\" style=\"width: 10px;\" src=\"http:\/\/kommentatorenblog.de\/wp-content\/uploads\/2020\/09\/shure-55sh-ii-e1601485394796.jpg\" alt=\"\" srcset=\"http:\/\/kommentatorenblog.de\/wp-content\/uploads\/2020\/09\/shure-55sh-ii-e1601485394796.jpg 415w, http:\/\/kommentatorenblog.de\/wp-content\/uploads\/2020\/09\/shure-55sh-ii-e1601485394796-142x300.jpg 142w\" sizes=\"auto, (max-width: 10px) 100vw, 10px\" \/> Frederick Schulz (Einzelspiel), Klaus Veltman (Konferenz)<\/p>\n\n\n\n<p><u>ab 20.15 Uhr (RTL\/RTL+)<\/u><\/p>\n\n\n\n<p><em>EL: <\/em><strong style=\"font-style: italic;\">Union Saint-Gilloise <strong><em><span><b style=\"font-style: italic;\">\u2013<\/b><\/span><\/em><\/strong><\/strong> <em><strong>Bayer 04 Leverkusen (21.00 Uhr, Agg. 1:1)<\/strong><\/em><\/p>\n\n\n\n<p> <img loading=\"lazy\" decoding=\"async\" width=\"10\" height=\"21\" class=\"wp-image-3656\" style=\"width: 10px;\" src=\"http:\/\/kommentatorenblog.de\/wp-content\/uploads\/2020\/09\/shure-55sh-ii-e1601485394796.jpg\" alt=\"\" srcset=\"http:\/\/kommentatorenblog.de\/wp-content\/uploads\/2020\/09\/shure-55sh-ii-e1601485394796.jpg 415w, http:\/\/kommentatorenblog.de\/wp-content\/uploads\/2020\/09\/shure-55sh-ii-e1601485394796-142x300.jpg 142w\" sizes=\"auto, (max-width: 10px) 100vw, 10px\" \/> <em>RTL: <\/em>Marco Hagemann, Experte: Steffen Freund<\/p>\n\n\n\n<p> <img loading=\"lazy\" decoding=\"async\" width=\"10\" height=\"21\" class=\"wp-image-3656\" style=\"width: 10px;\" src=\"http:\/\/kommentatorenblog.de\/wp-content\/uploads\/2020\/09\/shure-55sh-ii-e1601485394796.jpg\" alt=\"\" srcset=\"http:\/\/kommentatorenblog.de\/wp-content\/uploads\/2020\/09\/shure-55sh-ii-e1601485394796.jpg 415w, http:\/\/kommentatorenblog.de\/wp-content\/uploads\/2020\/09\/shure-55sh-ii-e1601485394796-142x300.jpg 142w\" sizes=\"auto, (max-width: 10px) 100vw, 10px\" \/> <em>RTL+: <\/em>Robby Hunke, Experte: Patrick Helmes (Einzelspiel), Cornelius K\u00fcpper (Konferenz)<\/p>\n\n\n\n<p>Field-Reporter: Jonas Gerdes<\/p>\n\n\n\n<p>Moderation (RTL): Laura Papendick, Experten: Lothar Matth\u00e4us und Karl-Heinz Riedle<\/p>\n\n\n\n<p><u>ab 20.40 Uhr (RTL+)<\/u><\/p>\n\n\n\n<p><em>EL: <\/em><strong style=\"font-style: italic;\">FC Sevilla <strong><em><span><b style=\"font-style: italic;\">\u2013<\/b><\/span><\/em><\/strong><\/strong> <em><strong>Manchester United (21.00 Uhr, Agg. 2:2)<\/strong><\/em> <br><img loading=\"lazy\" decoding=\"async\" width=\"10\" height=\"21\" class=\"wp-image-3656\" style=\"width: 10px;\" src=\"http:\/\/kommentatorenblog.de\/wp-content\/uploads\/2020\/09\/shure-55sh-ii-e1601485394796.jpg\" alt=\"\" srcset=\"http:\/\/kommentatorenblog.de\/wp-content\/uploads\/2020\/09\/shure-55sh-ii-e1601485394796.jpg 415w, http:\/\/kommentatorenblog.de\/wp-content\/uploads\/2020\/09\/shure-55sh-ii-e1601485394796-142x300.jpg 142w\" sizes=\"auto, (max-width: 10px) 100vw, 10px\" \/> Oliver Seidler, Experte: Felix Kroos (Einzelspiel), Christian Stra\u00dfburger (Konferenz)<br>Field-Reporter: Christoph K\u00fcppers<\/p>\n\n\n\n<p><em>EL: <\/em><strong style=\"font-style: italic;\">AS Rom <strong><em><span><b style=\"font-style: italic;\">\u2013<\/b><\/span><\/em><\/strong><\/strong> <em><strong>Feyenoord Rotterdam (21.00 Uhr, Agg. 0:1)<\/strong><\/em> <br><img loading=\"lazy\" decoding=\"async\" width=\"10\" height=\"21\" class=\"wp-image-3656\" style=\"width: 10px;\" src=\"http:\/\/kommentatorenblog.de\/wp-content\/uploads\/2020\/09\/shure-55sh-ii-e1601485394796.jpg\" alt=\"\" srcset=\"http:\/\/kommentatorenblog.de\/wp-content\/uploads\/2020\/09\/shure-55sh-ii-e1601485394796.jpg 415w, http:\/\/kommentatorenblog.de\/wp-content\/uploads\/2020\/09\/shure-55sh-ii-e1601485394796-142x300.jpg 142w\" sizes=\"auto, (max-width: 10px) 100vw, 10px\" \/> Stefan Galler (Einzelspiel), Stefan Fuckert (Konferenz)<br>Field-Reporter: Felix G\u00f6rner<\/p>\n\n\n\n<p><em>EL: <\/em><strong style=\"font-style: italic;\">Sporting Lissabon<\/strong><strong style=\"font-style: italic;\"> <strong><em><span><b style=\"font-style: italic;\">\u2013<\/b><\/span><\/em><\/strong><\/strong> <em><strong>Juventus Turin (21.00 Uhr, Agg. 0:1)<\/strong><\/em> <br><img loading=\"lazy\" decoding=\"async\" width=\"10\" height=\"21\" class=\"wp-image-3656\" style=\"width: 10px;\" src=\"http:\/\/kommentatorenblog.de\/wp-content\/uploads\/2020\/09\/shure-55sh-ii-e1601485394796.jpg\" alt=\"\" srcset=\"http:\/\/kommentatorenblog.de\/wp-content\/uploads\/2020\/09\/shure-55sh-ii-e1601485394796.jpg 415w, http:\/\/kommentatorenblog.de\/wp-content\/uploads\/2020\/09\/shure-55sh-ii-e1601485394796-142x300.jpg 142w\" sizes=\"auto, (max-width: 10px) 100vw, 10px\" \/> Michael Born (Einzelspiel), J\u00fcrgen Schmitz (Konferenz)<\/p>\n\n\n\n<p><em>ECL: <\/em><strong style=\"font-style: italic;\">West Ham United<\/strong><strong style=\"font-style: italic;\"> <strong><em><span><b style=\"font-style: italic;\">\u2013<\/b><\/span><\/em><\/strong><\/strong> <em><strong>KAA Gent (21.00 Uhr, Agg. 1:1)<\/strong><\/em> <br><img loading=\"lazy\" decoding=\"async\" width=\"10\" height=\"21\" class=\"wp-image-3656\" style=\"width: 10px;\" src=\"http:\/\/kommentatorenblog.de\/wp-content\/uploads\/2020\/09\/shure-55sh-ii-e1601485394796.jpg\" alt=\"\" srcset=\"http:\/\/kommentatorenblog.de\/wp-content\/uploads\/2020\/09\/shure-55sh-ii-e1601485394796.jpg 415w, http:\/\/kommentatorenblog.de\/wp-content\/uploads\/2020\/09\/shure-55sh-ii-e1601485394796-142x300.jpg 142w\" sizes=\"auto, (max-width: 10px) 100vw, 10px\" \/> Alexander Klich (Einzelspiel), Alexander K\u00fcpper (Konferenz)<\/p>\n\n\n\n<p><em>ECL: <\/em><strong style=\"font-style: italic;\">OGC Nizza<\/strong><strong style=\"font-style: italic;\"> <strong><em><span><b style=\"font-style: italic;\">\u2013<\/b><\/span><\/em><\/strong><\/strong> <em><strong>FC Basel (21.00 Uhr, Agg. 2:2)<\/strong><\/em> <br><img loading=\"lazy\" decoding=\"async\" width=\"10\" height=\"21\" class=\"wp-image-3656\" style=\"width: 10px;\" src=\"http:\/\/kommentatorenblog.de\/wp-content\/uploads\/2020\/09\/shure-55sh-ii-e1601485394796.jpg\" alt=\"\" srcset=\"http:\/\/kommentatorenblog.de\/wp-content\/uploads\/2020\/09\/shure-55sh-ii-e1601485394796.jpg 415w, http:\/\/kommentatorenblog.de\/wp-content\/uploads\/2020\/09\/shure-55sh-ii-e1601485394796-142x300.jpg 142w\" sizes=\"auto, (max-width: 10px) 100vw, 10px\" \/> Philip Konrad (Einzelspiel), Florian von Stackelberg (Konferenz)<\/p>\n\n\n\n<p>Moderation (RTL+): Anna Kraft, Arnd Zeigler und Ansgar Brinkmann<\/p>\n\n\n\n<hr class=\"wp-block-separator is-style-default\"\/>\n\n\n\n<p><strong>Frauen-Bundesliga (GER), 18. Spieltag (Magenta Sport)<\/strong><\/p>\n\n\n\n<p><u>Mittwoch, 19<\/u><u>. April 2023, ab 18.45 Uhr<\/u><\/p>\n\n\n\n<p><strong style=\"font-style: italic;\">MSV Duisburg <strong><em><span><b style=\"font-style: italic;\">\u2013<\/b><\/span><\/em><\/strong><\/strong> <em><strong>VfL Wolfsburg (19.00 Uhr)<\/strong><\/em> <br><img loading=\"lazy\" decoding=\"async\" width=\"10\" height=\"21\" class=\"wp-image-3656\" style=\"width: 10px;\" src=\"http:\/\/kommentatorenblog.de\/wp-content\/uploads\/2020\/09\/shure-55sh-ii-e1601485394796.jpg\" alt=\"\" srcset=\"http:\/\/kommentatorenblog.de\/wp-content\/uploads\/2020\/09\/shure-55sh-ii-e1601485394796.jpg 415w, http:\/\/kommentatorenblog.de\/wp-content\/uploads\/2020\/09\/shure-55sh-ii-e1601485394796-142x300.jpg 142w\" sizes=\"auto, (max-width: 10px) 100vw, 10px\" \/> Simon K\u00f6pfer<\/p>\n\n\n\n<hr class=\"wp-block-separator is-style-default\"\/>\n\n\n\n<p><strong>Women&#8217;s Super League (ENG), 18. Spieltag (Sky)<\/strong><\/p>\n\n\n\n<p><u>Mittwoch, 19<\/u><u>. April 2023, ab 20.05 Uhr<\/u><\/p>\n\n\n\n<p><strong style=\"font-style: italic;\">Manchester United <strong><em><span><b style=\"font-style: italic;\">\u2013<\/b><\/span><\/em><\/strong><\/strong> <em><strong>FC Arsenal (20.15 Uhr)<\/strong><\/em> <br><img loading=\"lazy\" decoding=\"async\" width=\"10\" height=\"21\" class=\"wp-image-3656\" style=\"width: 10px;\" src=\"http:\/\/kommentatorenblog.de\/wp-content\/uploads\/2020\/09\/shure-55sh-ii-e1601485394796.jpg\" alt=\"\" srcset=\"http:\/\/kommentatorenblog.de\/wp-content\/uploads\/2020\/09\/shure-55sh-ii-e1601485394796.jpg 415w, http:\/\/kommentatorenblog.de\/wp-content\/uploads\/2020\/09\/shure-55sh-ii-e1601485394796-142x300.jpg 142w\" sizes=\"auto, (max-width: 10px) 100vw, 10px\" \/> Florian Malburg<\/p>\n\n\n\n<hr class=\"wp-block-separator is-style-default\"\/>\n\n\n\n<p><strong>EFL Championship (ENG), 43. Spieltag (Sportdigital Fu\u00dfball)<\/strong><\/p>\n\n\n\n<p><u>Mittwoch, 19<\/u><u>. April 2023<\/u><\/p>\n\n\n\n<p><strong style=\"font-style: italic;\">FC Middlesbrough <strong><em><span><b style=\"font-style: italic;\">\u2013<\/b><\/span><\/em><\/strong><\/strong> <em><strong>Hull City (21.00 Uhr)<\/strong><\/em> <br><img loading=\"lazy\" decoding=\"async\" width=\"10\" height=\"21\" class=\"wp-image-3656\" style=\"width: 10px;\" src=\"http:\/\/kommentatorenblog.de\/wp-content\/uploads\/2020\/09\/shure-55sh-ii-e1601485394796.jpg\" alt=\"\" srcset=\"http:\/\/kommentatorenblog.de\/wp-content\/uploads\/2020\/09\/shure-55sh-ii-e1601485394796.jpg 415w, http:\/\/kommentatorenblog.de\/wp-content\/uploads\/2020\/09\/shure-55sh-ii-e1601485394796-142x300.jpg 142w\" sizes=\"auto, (max-width: 10px) 100vw, 10px\" \/> Arne Malsch<\/p>\n\n\n\n<hr class=\"wp-block-separator is-style-default\"\/>\n\n\n\n<p><strong>Saudi Professional League (KSA), 25. Spieltag (Sportdigital Fu\u00dfball)<\/strong><\/p>\n\n\n\n<p><u>Dienstag, 18<\/u><u>. April 2023<\/u><\/p>\n\n\n\n<p><strong style=\"font-style: italic;\">Al-Hilal FC <strong><em><span><b style=\"font-style: italic;\">\u2013<\/b><\/span><\/em><\/strong><\/strong> <em><strong>Al-Nassr FC (21.00 Uhr)<\/strong><\/em> <br><img loading=\"lazy\" decoding=\"async\" width=\"10\" height=\"21\" class=\"wp-image-3656\" style=\"width: 10px;\" src=\"http:\/\/kommentatorenblog.de\/wp-content\/uploads\/2020\/09\/shure-55sh-ii-e1601485394796.jpg\" alt=\"\" srcset=\"http:\/\/kommentatorenblog.de\/wp-content\/uploads\/2020\/09\/shure-55sh-ii-e1601485394796.jpg 415w, http:\/\/kommentatorenblog.de\/wp-content\/uploads\/2020\/09\/shure-55sh-ii-e1601485394796-142x300.jpg 142w\" sizes=\"auto, (max-width: 10px) 100vw, 10px\" \/> Moritz Knorr<\/p>\n\n\n\n<hr class=\"wp-block-separator is-style-default\"\/>\n\n\n\n<p><strong><code>ANALYSE<\/code><\/strong><\/p>\n\n\n\n<p><strong>Andere Paarung, fast gleiches Personal bei Prime Video &#8211; Rieker wieder zum DAZN-Dienstag<\/strong><\/p>\n\n\n\n<p>Das Topspiel am Dienstag ist diese Woche logischerweise ein anderes, doch wird beim Gastspiel des Titelverteidigers an der Stamford Bridge f\u00fcr Prime Video nahezu das gleiche Personal vor Ort sein wie vergangene Woche in Manchester. Einzig Expertin Tabea Kemme rotiert f\u00fcr Josephine Henning ins Host-Quartett um Sebastian Hellmann, Matthias Sammer und Mario G\u00f3mez. Kommentieren werden wie gewohnt Jonas Friedrich und Benni H\u00f6wedes. Annika Zimmermann und Sebastian Benesch gehen auf Stimmenfang. <\/p>\n\n\n\n<p>Vergangene Woche konnte Amazon noch einen Streamingrekord beim Spiel ManCity-Bayern &#8211; mehr als vier Millionen Haushalte waren dabei &#8211; vermelden, diese Woche wird dieser wohl nicht gebrochen. Das liegt einerseits an der fehlenden Beteiligung deutscher Teams und andererseits an der vermeintlichen Klarheit der Ausgangslage: Die K\u00f6nige der K\u00f6nigsklasse reisen mit einem 2:0-Vorsprung zum taumelnden FC Chelsea. <\/p>\n\n\n\n<p>Mehr Spannung verspricht die Ausgangslage zeitgleich beim italienischen Duell: Milan kommen mit einem 1:0 in der Hinterhand ins Stadio Diego Armando Maradona. Kommentieren wird Mario Rieker, der damit erneut beim CL-Dienstag f\u00fcr DAZN zum Einsatz kommt. Vergangene Woche ersetzte er ja kurzfristig Marco Hagemann beim Spiel des anderen Clubs aus Mailand. Jonas Hummels ersetzt Experte Sandro Wagner im Vergleich zum Hinspiel <\/p>\n\n\n\n<p><strong>Platte, Ballack, Siebald und Wontorra in der Allianz Arena<\/strong><\/p>\n\n\n\n<p>Hagemann \u00fcbernimmt daf\u00fcr diese Woche das Spiel Inter-Benfica, Experte an seiner Seite ist der schon in der vergangenen Woche im Einsatz gewesene Seb Knei\u00dfl. Hagemann hatte ja auch schon am Wochenende das Match von Inter kommentiert.<\/p>\n\n\n\n<p>Der Fokus bei DAZN liegt am Mittwoch aber freilich auf dem anderen Match: Ab 20 Uhr beginnt die \u00dcbertragung mit Laura Wontorra, Fielder Max Siebald, Experte Michael Ballack und Jan Platte aus der Allianz Arena. Das Quartett wird f\u00fcr den Streamingdienst das hoffentliche &#8222;4:0-Wunder von M\u00fcnchen&#8220; begleiten.<\/p>\n\n\n\n<p>Weil das Konferenz-Duo der vergangenen Woche &#8211; Siebald und Platte &#8211; geschlossen in M\u00fcnchen-Freimann anzutreffen ist, ist die dritte Streamingoption des Abends &#8211; die Konferenz &#8211; komplett neu besetzt: Lukas Sch\u00f6nm\u00fcller \u00fcbernimmt die Bayern, Max Gross das Parallelspiel.<\/p>\n\n\n\n<p><strong>Wenige Ver\u00e4nderungen bei RTL in der Europa (Conference) League<\/strong><\/p>\n\n\n\n<p>Beim anderen deutschen Club, der dieser Tage noch unterwegs ist &#8211; und bei dem der Halbfinaleinzug gl\u00fccklicherweise noch entscheidend wahrscheinlicher ist -, schickt die RTL-Gruppe nahezu das gleiche Personal ins Rennen: Hagemann\/Freund kommentieren im Free-TV, Hunke\/Helmes im Bezahl-Stream. Laura Papendick, Lothar Matth\u00e4us und Karl-Heinz Riedle begleiten den Abend aus Belgien f\u00fcr den K\u00f6lner Privatsender. Aucht RTL+-Konferenzkommentator Cornelius K\u00fcpper ist erneut bei dieser Partie im Einsatz. Einzig die beiden Fielder von vergangener Woche &#8211; Christoph K\u00fcppers und Felix G\u00f6rner &#8211; sind anderweitig im Einsatz: K\u00fcppers in Sevilla und G\u00f6rner in Rom. Nach Belgien reist Jonas Gerdes f\u00fcr die Interviews.<\/p>\n\n\n\n<p>Auch die weiteren drei Europa League-Viertelfinals (alle um 21 Uhr) sind gleich besetzt: Oliver Seidler und Felix Kroos \u00fcbernehmen erneut die 90 Minuten (oder mehr) beim Topspiel Sevilla-United, Christian Stra\u00dfburger ist wieder in der Konferenz zu finden. Mit Michael Born\/J\u00fcrgen Schmitz und Stefan Galler\/Stefan Fuckert sind die beiden weiteren Einzel-\/Konferenzpl\u00e4tze ebenfalls genauso besetzt wie vergangene Woche.<\/p>\n\n\n\n<p>Zur sp\u00e4ten Konferenz gesellen sich Alexander K\u00fcpper (wie vergangene Woche in der ECL bei Gent-West Ham) und Florian von Stackelberg. Letzterer tauscht mit Philip Konrad Einzelfeed gegen Konferenzplatz bei Nizza-Basel. Im Einzelfeed aus dem Osten Londons ist diese Woche Alex Klich zu h\u00f6ren. Vergangene Woche \u00fcbernahm noch Rene Langhoff diese Paarung.<\/p>\n\n\n\n<p>Bleibt noch die fr\u00fche Konferenz mit zwei Duellen aus der Conference League. Hier h\u00f6ren wir Klaus Veltman und Christoph Stadtler. Veltman bekommt erneut das Match Alkmaar-Anderlecht, Stadtler ersetzt Christina Graf bei Florenz-Posen. Die Einzelpaarungen \u00fcbernehmen wie bei den Hinspielen dieser Duelle Julian Engelhard und Frederick Schulz. <\/p>\n\n\n\n<p>Ansonsten stehen noch jeweils ein Match des 18. Spieltags der Frauen-Ligen in Deutschland und England an. Simon K\u00f6pfer kommentiert f\u00fcr Magenta das Gastspiel der Tabellenzweiten in Duisburg und Flo Malburg \u00fcbernimmt f\u00fcr Sky das Spitzenspiel zum Restart der Women&#8217;s Super League.<\/p>\n\n\n\n<p>Habt ne sch\u00f6ne internationale Woche! Am Donnerstag meldet sich Tim mit den Ansetzungen zum Liga-Alltag und hoffentlich zwei deutschen Halbfinalisten im Gep\u00e4ck. Wir lesen uns dann kommenden Montag mit allen Ansetzungen die dann so anstehen (englische Woche in England und Spanien, italienisches Pokalhalbfinale).<\/p>\n","protected":false},"excerpt":{"rendered":"<p>N&#8217;Abend allerseits, die Bayern stehen inmitten ihrer gr\u00f6\u00dften Vereinskrise der letzten Jahre am Mittwoch vor einer nahezu unl\u00f6sbaren Aufgabe in der Champions League im Viertelfinal-R\u00fcckspiel gegen Manchester City. Der sehr wahrscheinliche Halbfinal-Einzug der Skyblues verdeutlicht einmal mehr die Spitzenposition der Engl\u00e4nder im europ\u00e4ischen Vereinsfu\u00dfball, niedergeschrieben in der F\u00fcnfjahreswertung. Dort f\u00fchrt England aktuell mit 106,998 Punkten [&hellip;]<\/p>\n","protected":false},"author":12,"featured_media":0,"comment_status":"open","ping_status":"open","sticky":false,"template":"","format":"standard","meta":{"footnotes":""},"categories":[425],"tags":[],"class_list":["post-14886","post","type-post","status-publish","format-standard","hentry","category-champions-league-und-co"],"_links":{"self":[{"href":"http:\/\/kommentatorenblog.de\/index.php?rest_route=\/wp\/v2\/posts\/14886","targetHints":{"allow":["GET"]}}],"collection":[{"href":"http:\/\/kommentatorenblog.de\/index.php?rest_route=\/wp\/v2\/posts"}],"about":[{"href":"http:\/\/kommentatorenblog.de\/index.php?rest_route=\/wp\/v2\/types\/post"}],"author":[{"embeddable":true,"href":"http:\/\/kommentatorenblog.de\/index.php?rest_route=\/wp\/v2\/users\/12"}],"replies":[{"embeddable":true,"href":"http:\/\/kommentatorenblog.de\/index.php?rest_route=%2Fwp%2Fv2%2Fcomments&post=14886"}],"version-history":[{"count":10,"href":"http:\/\/kommentatorenblog.de\/index.php?rest_route=\/wp\/v2\/posts\/14886\/revisions"}],"predecessor-version":[{"id":14903,"href":"http:\/\/kommentatorenblog.de\/index.php?rest_route=\/wp\/v2\/posts\/14886\/revisions\/14903"}],"wp:attachment":[{"href":"http:\/\/kommentatorenblog.de\/index.php?rest_route=%2Fwp%2Fv2%2Fmedia&parent=14886"}],"wp:term":[{"taxonomy":"category","embeddable":true,"href":"http:\/\/kommentatorenblog.de\/index.php?rest_route=%2Fwp%2Fv2%2Fcategories&post=14886"},{"taxonomy":"post_tag","embeddable":true,"href":"http:\/\/kommentatorenblog.de\/index.php?rest_route=%2Fwp%2Fv2%2Ftags&post=14886"}],"curies":[{"name":"wp","href":"https:\/\/api.w.org\/{rel}","templated":true}]}}