{"id":14905,"date":"2023-04-20T20:49:19","date_gmt":"2023-04-20T18:49:19","guid":{"rendered":"http:\/\/kommentatorenblog.de\/?p=14905"},"modified":"2023-06-26T13:29:52","modified_gmt":"2023-06-26T11:29:52","slug":"1335-derbyzeit-in-hamburg","status":"publish","type":"post","link":"http:\/\/kommentatorenblog.de\/?p=14905","title":{"rendered":"1335 \u2013 Derbyzeit in Hamburg"},"content":{"rendered":"\n<p>N&#8217;Abend Allerseits,<\/p>\n\n\n\n<p>Nach dem wenig \u00fcberraschenden Aus der Bayern in der Champions League, wo mir die DAZN-\u00dcbertragung \u00fcbrigens sehr gut gefallen hat, haben an diesem Wochenende die Frauen des VfL Wolfsburg die M\u00f6glichkeit, ins Finale der Champions League einzuziehen. DAZN \u00fcbertr\u00e4gt frei empfangbar. <\/p>\n\n\n\n<p>Womit wir auch schon beim Stichwort w\u00e4ren. Am Freitag steht das Hamburger Derby zwischen dem HSV und dem FC St. Pauli an. Sky \u00fcbertr\u00e4gt das Spiel wie gewohnt und auch unter dem #gro\u00dfeFreiheit (den Kalauer kann man jetzt finden, wie man will) auf YouTube, in der Skysport-App und auf sky.de <\/p>\n\n\n\n<p>Eigentlich war Yannick Erkenbrecher f\u00fcr die \u00dcbertragung auf Sky vorgesehen, dieser f\u00e4llt krankheitsbedingt sowohl Freitag als auch Samstag aus. Schauen wir mal, wer \u00fcbernimmt. <\/p>\n\n\n\n<p>Die \u00dcbertragung auf YouTube st\u00e4mmen SchmiSo, Tusche und Qualle (einigen vielleicht noch bekannt von den letzten Sky next Generation \u00dcbertragungen). Martin Gro\u00df und Lasogga k\u00fcmmern sich um die \u00dcbertragung auf Sky. Alles dazu in den Ansetzungen.<\/p>\n\n\n\n<p>Das Spiel, in dem der FC St. Pauli dem HSV nochmal gef\u00e4hrlich nah kommen kann ist Grund genug, einmal n\u00e4her auf dieses Derby zu schauen.<\/p>\n\n\n\n<p>Das erste Derby fand am 28. September 1924 statt und endete 1:1. In den Anfangsjahren trafen die beiden Teams haupts\u00e4chlich bei regionalen Wettbewerben und in Freundschaftsspielen aufeinander. Mit der Gr\u00fcndung der B Bundesliga trennten sich die Wege f\u00fcr eine l\u00e4ngere Zeit, der HSV war ja bekanntlich Ligadino und Gr\u00fcndungsmitglied, St. Pauli fristete sein Dasein in den unteren Ligen. <\/p>\n\n\n\n<p>Die meisten Tore in einem Derby fielen am 13. September 1977 als der HSV Pauli mit 8:2 besiegte. Der h\u00f6chste Sieg des FC St. Pauli ist noch gar nicht so lange her, zu dieser Zeit habe ich in Hamburg gewohnt und erinnere mich noch gut an den 6. Februar 2011, St. Pauli siegte klar mit 4:0. In der Hinrunde 22\/23 konnte St. Pauli den HSV 3:0 schlagen, damit rettete die Mannschaft eine nicht gerade berauschende Hinrunde. <\/p>\n\n\n\n<p>In der R\u00fcckrunde sieht es f\u00fcr Pauli deutlich besser aus. Sie gewannen zuletzt 10 Spiele in Folge und stellten damit den Vereinsrekord ein. Aus den letzten 7 Spielen bekam man nur 4 Gegentore und der HSV ist aktuell nicht wirklich in Topform. Hoffnung macht den Rothosen einzig die Offensive, 14 Tore in den letzten 7 Spielen. Wir k\u00f6nnen gespannt sein, was am Freitag passiert. Ich werd&#8217;s mir leider nicht ansehen k\u00f6nnen, aber es gibt ja ASAT. <\/p>\n\n\n\n<p>Ansonsten gibt es jede Menge zu schauen. Einen Pokalwettbewerb mit Ronaldo, jede Menge Internationales auf DAZN usw. <\/p>\n\n\n\n<p>Die Dritten bei Liga 3 trage ich noch nach. Die ARD versteht es immer besonders gut, ihre Infos vor mir zu verstecken. <\/p>\n\n\n\n<hr class=\"wp-block-separator\"\/>\n\n\n\n<p><strong><em>Die Ansetzungen vom 21. April 2023 bis zum 24. April 2023<\/em><\/strong><\/p>\n\n\n\n<hr class=\"wp-block-separator\"\/>\n\n\n\n<p><strong>Bundesliga, 29. Spieltag <\/strong><\/p>\n\n\n\n<p><span style=\"text-decoration: underline;\">Freitag, 21. April 2023 ab 20.00 Uhr (DAZN)<\/span><\/p>\n\n\n\n<p><em><strong>FC Augsburg \u2013 VfB Stuttgart (20.30 Uhr)<\/strong><\/em><\/p>\n\n\n\n<p><img loading=\"lazy\" decoding=\"async\" width=\"10\" height=\"21\" class=\"wp-image-3656\" style=\"width: 10px;\" src=\"http:\/\/kommentatorenblog.de\/wp-content\/uploads\/2020\/09\/shure-55sh-ii-e1601485394796.jpg\" alt=\"\" srcset=\"http:\/\/kommentatorenblog.de\/wp-content\/uploads\/2020\/09\/shure-55sh-ii-e1601485394796.jpg 415w, http:\/\/kommentatorenblog.de\/wp-content\/uploads\/2020\/09\/shure-55sh-ii-e1601485394796-142x300.jpg 142w\" sizes=\"auto, (max-width: 10px) 100vw, 10px\" \/> Marco Hagemann, Experte: Sebastian Knei\u00dfl<\/p>\n\n\n\n<p>Moderation: Freddy Harder;  Field-Reporter: Tom Kirsten <\/p>\n\n\n\n<p><span style=\"text-decoration: underline;\">Samstag, 22. April 2023 ab 14.00 Uhr (Sky)<\/span><\/p>\n\n\n\n<p><strong><em>1. FSV Mainz 05 \u2013 FC Bayern M\u00fcnchen (15.30 Uhr)<\/em><\/strong><\/p>\n\n\n\n<p><img loading=\"lazy\" decoding=\"async\" width=\"10\" height=\"21\" class=\"wp-image-3656\" style=\"width: 10px;\" src=\"http:\/\/kommentatorenblog.de\/wp-content\/uploads\/2020\/09\/shure-55sh-ii-e1601485394796.jpg\" alt=\"\" srcset=\"http:\/\/kommentatorenblog.de\/wp-content\/uploads\/2020\/09\/shure-55sh-ii-e1601485394796.jpg 415w, http:\/\/kommentatorenblog.de\/wp-content\/uploads\/2020\/09\/shure-55sh-ii-e1601485394796-142x300.jpg 142w\" sizes=\"auto, (max-width: 10px) 100vw, 10px\" \/> Klaus Veltman (Einzelspiel), Frank Buschmann (Konferenz)<\/p>\n\n\n\n<p>Field-Reporterin: Britta Hofmann<\/p>\n\n\n\n<p><strong><em>Hertha BSC \u2013 SV Werder Bremen (15.30 Uhr)<\/em><\/strong><\/p>\n\n\n\n<p>Torsten Kunde (Einzelspiel), Florian Schmidt-Sommerfeld (Konferenz)<\/p>\n\n\n\n<p>Field-Reporter: Jens Westen<\/p>\n\n\n\n<p><strong><em>TSG 1899 Hoffenheim \u2013 1. FC K\u00f6ln<\/em><\/strong> <strong><em>(15.30 Uhr)<\/em><\/strong><\/p>\n\n\n\n<p><img loading=\"lazy\" decoding=\"async\" width=\"10\" height=\"21\" class=\"wp-image-3656\" style=\"width: 10px;\" src=\"http:\/\/kommentatorenblog.de\/wp-content\/uploads\/2020\/09\/shure-55sh-ii-e1601485394796.jpg\" alt=\"\" srcset=\"http:\/\/kommentatorenblog.de\/wp-content\/uploads\/2020\/09\/shure-55sh-ii-e1601485394796.jpg 415w, http:\/\/kommentatorenblog.de\/wp-content\/uploads\/2020\/09\/shure-55sh-ii-e1601485394796-142x300.jpg 142w\" sizes=\"auto, (max-width: 10px) 100vw, 10px\" \/> J\u00fcrgen Schmitz (Einzelspiel), Jonas Friedrich (Konferenz)<\/p>\n\n\n\n<p>Field-Reporter: Ulli Potofski<\/p>\n\n\n\n<p><strong><em>VfL Bochum \u2013 VfL Wolfsburg (15.30 Uhr)<\/em><\/strong><\/p>\n\n\n\n<p><img loading=\"lazy\" decoding=\"async\" width=\"10\" height=\"21\" class=\"wp-image-3656\" style=\"width: 10px;\" src=\"http:\/\/kommentatorenblog.de\/wp-content\/uploads\/2020\/09\/shure-55sh-ii-e1601485394796.jpg\" alt=\"\" srcset=\"http:\/\/kommentatorenblog.de\/wp-content\/uploads\/2020\/09\/shure-55sh-ii-e1601485394796.jpg 415w, http:\/\/kommentatorenblog.de\/wp-content\/uploads\/2020\/09\/shure-55sh-ii-e1601485394796-142x300.jpg 142w\" sizes=\"auto, (max-width: 10px) 100vw, 10px\" \/> Marcus Lindemann (Einzelspiel), Kai Dittmann (Konferenz)<\/p>\n\n\n\n<p>Field-Reporter: Dirk Gro\u00dfe-Schlarmann  <\/p>\n\n\n\n<p>Moderation: Michael Leopold, Experten: Didi Hamann und Erik Meijer<\/p>\n\n\n\n<p><span style=\"text-decoration: underline;\">ab 17.30 Uhr (Sky)<\/span><\/p>\n\n\n\n<p><em><strong>Borussia Dortmund \u2013 Eintracht Frankfurt (18.30 Uhr)<\/strong><\/em><\/p>\n\n\n\n<p><img loading=\"lazy\" decoding=\"async\" width=\"10\" height=\"21\" class=\"wp-image-3656\" style=\"width: 10px;\" src=\"http:\/\/kommentatorenblog.de\/wp-content\/uploads\/2020\/09\/shure-55sh-ii-e1601485394796.jpg\" alt=\"\" srcset=\"http:\/\/kommentatorenblog.de\/wp-content\/uploads\/2020\/09\/shure-55sh-ii-e1601485394796.jpg 415w, http:\/\/kommentatorenblog.de\/wp-content\/uploads\/2020\/09\/shure-55sh-ii-e1601485394796-142x300.jpg 142w\" sizes=\"auto, (max-width: 10px) 100vw, 10px\" \/> Wolff Fuss<\/p>\n\n\n\n<p>Field-Reporter: Yannick Erkenbrecher (?) <\/p>\n\n\n\n<p>Moderation: Sebastian Hellmann, Experten: Lothar Matth\u00e4us und Tabea Kemme<\/p>\n\n\n\n<p><span style=\"text-decoration: underline;\">Sonntag, 23. April 2023, ab 14.45 Uhr (DAZN)<\/span><\/p>\n\n\n\n<p><strong><em>SC Freiburg \u2013 FC Schalke 04 15.30 Uhr)<\/em><\/strong><\/p>\n\n\n\n<p><img loading=\"lazy\" decoding=\"async\" width=\"10\" height=\"21\" class=\"wp-image-3656\" style=\"width: 10px;\" src=\"http:\/\/kommentatorenblog.de\/wp-content\/uploads\/2020\/09\/shure-55sh-ii-e1601485394796.jpg\" alt=\"\" srcset=\"http:\/\/kommentatorenblog.de\/wp-content\/uploads\/2020\/09\/shure-55sh-ii-e1601485394796.jpg 415w, http:\/\/kommentatorenblog.de\/wp-content\/uploads\/2020\/09\/shure-55sh-ii-e1601485394796-142x300.jpg 142w\" sizes=\"auto, (max-width: 10px) 100vw, 10px\" \/> Mario Rieker, Experte: Sebastian Knei\u00dfl<\/p>\n\n\n\n<p>Moderation: Daniel Herzog,<\/p>\n\n\n\n<p><span style=\"text-decoration: underline;\">ab 17.00 Uhr (DAZN)<\/span><\/p>\n\n\n\n<p><em><strong>Bayer 04 Leverkusen \u2013 RB Leipzig (17.30 Uhr<\/strong><\/em><strong><em>)<\/em><\/strong><\/p>\n\n\n\n<p>Lukas Sch\u00f6nm\u00fcller , Experte: Jonas Hummels <\/p>\n\n\n\n<p>Moderation: Max Siebald<\/p>\n\n\n\n<p><span style=\"text-decoration: underline;\">ab 19.00 Uhr (DAZN)<\/span><\/p>\n\n\n\n<p><strong><em>Borussia M\u00f6nchengladbach \u2013 1. FC Union Berlin <\/em>(19.30 Uhr)<\/strong><\/p>\n\n\n\n<p><img loading=\"lazy\" decoding=\"async\" width=\"10\" height=\"21\" class=\"wp-image-3656\" style=\"width: 10px;\" src=\"http:\/\/kommentatorenblog.de\/wp-content\/uploads\/2020\/09\/shure-55sh-ii-e1601485394796.jpg\" alt=\"\" srcset=\"http:\/\/kommentatorenblog.de\/wp-content\/uploads\/2020\/09\/shure-55sh-ii-e1601485394796.jpg 415w, http:\/\/kommentatorenblog.de\/wp-content\/uploads\/2020\/09\/shure-55sh-ii-e1601485394796-142x300.jpg 142w\" sizes=\"auto, (max-width: 10px) 100vw, 10px\" \/> Michael Born; Experte: Benny Lauth<\/p>\n\n\n\n<p>Moderation: Tobi Wahnschaffe, Field-Reporter: Benni Zander<\/p>\n\n\n\n<hr class=\"wp-block-separator\"\/>\n\n\n\n<p><strong>2. Bundesliga, 28. Spieltag <\/strong><\/p>\n\n\n\n<p><span style=\"text-decoration: underline;\">Freitag, 21. April 2023 ab 18.00 Uhr (Sky)<\/span><\/p>\n\n\n\n<p><strong><em>Konferenz: <img loading=\"lazy\" decoding=\"async\" width=\"10\" height=\"21\" class=\"wp-image-3656\" style=\"width: 10px;\" src=\"http:\/\/kommentatorenblog.de\/wp-content\/uploads\/2020\/09\/shure-55sh-ii-e1601485394796.jpg\" alt=\"\" srcset=\"http:\/\/kommentatorenblog.de\/wp-content\/uploads\/2020\/09\/shure-55sh-ii-e1601485394796.jpg 415w, http:\/\/kommentatorenblog.de\/wp-content\/uploads\/2020\/09\/shure-55sh-ii-e1601485394796-142x300.jpg 142w\" sizes=\"auto, (max-width: 10px) 100vw, 10px\" \/><\/em><\/strong> <\/p>\n\n\n\n<p><strong><em>Hamburger SV \u2013 FC St. Pauli (18.30 Uhr)<\/em><\/strong><\/p>\n\n\n\n<p><img loading=\"lazy\" decoding=\"async\" width=\"10\" height=\"21\" class=\"wp-image-3656\" style=\"width: 10px;\" src=\"http:\/\/kommentatorenblog.de\/wp-content\/uploads\/2020\/09\/shure-55sh-ii-e1601485394796.jpg\" alt=\"\" srcset=\"http:\/\/kommentatorenblog.de\/wp-content\/uploads\/2020\/09\/shure-55sh-ii-e1601485394796.jpg 415w, http:\/\/kommentatorenblog.de\/wp-content\/uploads\/2020\/09\/shure-55sh-ii-e1601485394796-142x300.jpg 142w\" sizes=\"auto, (max-width: 10px) 100vw, 10px\" \/> Martin Gro\u00df und  Pierre-Michel Lasogga<\/p>\n\n\n\n<p> Field-Reporter: Yannick Erkenbrecher (?); Experte: S\u00f6ren Gonther<\/p>\n\n\n\n<p><strong>SkySport-App\/sky.de\/YouTube: <\/strong> Florian Schmidt-Sommerfeld und Pascal (Qualle) Martin <\/p>\n\n\n\n<p>Experte: Torsten Mattuschka <\/p>\n\n\n\n<p><strong><em>SV Darmstadt 98 \u2013 Karlsruher SC (18.30 Uhr)<\/em><\/strong><\/p>\n\n\n\n<p><img loading=\"lazy\" decoding=\"async\" width=\"10\" height=\"21\" class=\"wp-image-3656\" style=\"width: 10px;\" src=\"http:\/\/kommentatorenblog.de\/wp-content\/uploads\/2020\/09\/shure-55sh-ii-e1601485394796.jpg\" alt=\"\" srcset=\"http:\/\/kommentatorenblog.de\/wp-content\/uploads\/2020\/09\/shure-55sh-ii-e1601485394796.jpg 415w, http:\/\/kommentatorenblog.de\/wp-content\/uploads\/2020\/09\/shure-55sh-ii-e1601485394796-142x300.jpg 142w\" sizes=\"auto, (max-width: 10px) 100vw, 10px\" \/> Hansi K\u00fcpper, Interviews: Schalte<\/p>\n\n\n\n<p>Moderation: Yannick Erkenbrecher (?) <\/p>\n\n\n\n<p><span style=\"text-decoration: underline;\">Samstag, 15. April 2023 ab 12.30 Uhr (Sky)<\/span><\/p>\n\n\n\n<p><em><strong>Konferenz: <\/strong><\/em><img loading=\"lazy\" decoding=\"async\" width=\"10\" height=\"21\" class=\"wp-image-3656\" style=\"width: 10px;\" src=\"http:\/\/kommentatorenblog.de\/wp-content\/uploads\/2020\/09\/shure-55sh-ii-e1601485394796.jpg\" alt=\"\" srcset=\"http:\/\/kommentatorenblog.de\/wp-content\/uploads\/2020\/09\/shure-55sh-ii-e1601485394796.jpg 415w, http:\/\/kommentatorenblog.de\/wp-content\/uploads\/2020\/09\/shure-55sh-ii-e1601485394796-142x300.jpg 142w\" sizes=\"auto, (max-width: 10px) 100vw, 10px\" \/> <\/p>\n\n\n\n<p><em>1. FC N\u00fcrnberg \u2013 Fortuna D\u00fcsseldorf &nbsp;&nbsp;(13.00 Uhr)<\/em><\/p>\n\n\n\n<p><img loading=\"lazy\" decoding=\"async\" width=\"10\" height=\"21\" class=\"wp-image-3656\" style=\"width: 10px;\" src=\"http:\/\/kommentatorenblog.de\/wp-content\/uploads\/2020\/09\/shure-55sh-ii-e1601485394796.jpg\" alt=\"\" srcset=\"http:\/\/kommentatorenblog.de\/wp-content\/uploads\/2020\/09\/shure-55sh-ii-e1601485394796.jpg 415w, http:\/\/kommentatorenblog.de\/wp-content\/uploads\/2020\/09\/shure-55sh-ii-e1601485394796-142x300.jpg 142w\" sizes=\"auto, (max-width: 10px) 100vw, 10px\" \/> Oliver Seidler, Interviews: Schalte<\/p>\n\n\n\n<p><strong><em>Arminia Bielefeld \u2013 Hannover 96&nbsp;(13.00 Uhr)<\/em><\/strong><\/p>\n\n\n\n<p><img loading=\"lazy\" decoding=\"async\" width=\"10\" height=\"21\" class=\"wp-image-3656\" style=\"width: 10px;\" src=\"http:\/\/kommentatorenblog.de\/wp-content\/uploads\/2020\/09\/shure-55sh-ii-e1601485394796.jpg\" alt=\"\" srcset=\"http:\/\/kommentatorenblog.de\/wp-content\/uploads\/2020\/09\/shure-55sh-ii-e1601485394796.jpg 415w, http:\/\/kommentatorenblog.de\/wp-content\/uploads\/2020\/09\/shure-55sh-ii-e1601485394796-142x300.jpg 142w\" sizes=\"auto, (max-width: 10px) 100vw, 10px\" \/> Hansi K\u00fcpper<\/p>\n\n\n\n<p><strong><em>FC Hansa Rostock \u2013 Spvgg. Greuther F\u00fcrth&nbsp;(13.00 Uhr)<\/em><\/strong><\/p>\n\n\n\n<p><img loading=\"lazy\" decoding=\"async\" width=\"10\" height=\"21\" class=\"wp-image-3656\" style=\"width: 10px;\" src=\"http:\/\/kommentatorenblog.de\/wp-content\/uploads\/2020\/09\/shure-55sh-ii-e1601485394796.jpg\" alt=\"\" srcset=\"http:\/\/kommentatorenblog.de\/wp-content\/uploads\/2020\/09\/shure-55sh-ii-e1601485394796.jpg 415w, http:\/\/kommentatorenblog.de\/wp-content\/uploads\/2020\/09\/shure-55sh-ii-e1601485394796-142x300.jpg 142w\" sizes=\"auto, (max-width: 10px) 100vw, 10px\" \/> Timo Sch\u00e4fers, Interviews: Schalte<\/p>\n\n\n\n<p>Moderation: Nele Schenker<\/p>\n\n\n\n<p><span style=\"text-decoration: underline;\">ab 19.45Uhr (SPORT1) bzw. 20.00 Uhr (Sky<\/span>) <\/p>\n\n\n\n<p><strong><em>Eintracht Braunschweig \u2013 1. FC Magdeburg (20.30 Uhr)<\/em><\/strong><\/p>\n\n\n\n<p>Sky: <img loading=\"lazy\" decoding=\"async\" width=\"10\" height=\"21\" class=\"wp-image-3656\" style=\"width: 10px;\" src=\"http:\/\/kommentatorenblog.de\/wp-content\/uploads\/2020\/09\/shure-55sh-ii-e1601485394796.jpg\" alt=\"\" srcset=\"http:\/\/kommentatorenblog.de\/wp-content\/uploads\/2020\/09\/shure-55sh-ii-e1601485394796.jpg 415w, http:\/\/kommentatorenblog.de\/wp-content\/uploads\/2020\/09\/shure-55sh-ii-e1601485394796-142x300.jpg 142w\" sizes=\"auto, (max-width: 10px) 100vw, 10px\" \/> Stefan Hempel, Experte: Torsten Mattuschka <\/p>\n\n\n\n<p>SPORT1: <img loading=\"lazy\" decoding=\"async\" width=\"10\" height=\"21\" class=\"wp-image-3656\" style=\"width: 10px;\" src=\"http:\/\/kommentatorenblog.de\/wp-content\/uploads\/2020\/09\/shure-55sh-ii-e1601485394796.jpg\" alt=\"\" srcset=\"http:\/\/kommentatorenblog.de\/wp-content\/uploads\/2020\/09\/shure-55sh-ii-e1601485394796.jpg 415w, http:\/\/kommentatorenblog.de\/wp-content\/uploads\/2020\/09\/shure-55sh-ii-e1601485394796-142x300.jpg 142w\" sizes=\"auto, (max-width: 10px) 100vw, 10px\" \/> Markus H\u00f6hner<\/p>\n\n\n\n<p>Moderation (SPORT1): Jana Wosnitza, Experte: Felix Kroos<\/p>\n\n\n\n<p>Field-Reporter (SPORT1): Fabian Greve<\/p>\n\n\n\n<p><span style=\"text-decoration: underline;\">Sonntag, 16. April 2023, ab 13.00 Uhr (Sky)<\/span><\/p>\n\n\n\n<p><em><strong>Konferenz: <\/strong><\/em><img loading=\"lazy\" decoding=\"async\" width=\"10\" height=\"21\" class=\"wp-image-3656\" style=\"width: 10px;\" src=\"http:\/\/kommentatorenblog.de\/wp-content\/uploads\/2020\/09\/shure-55sh-ii-e1601485394796.jpg\" alt=\"\" srcset=\"http:\/\/kommentatorenblog.de\/wp-content\/uploads\/2020\/09\/shure-55sh-ii-e1601485394796.jpg 415w, http:\/\/kommentatorenblog.de\/wp-content\/uploads\/2020\/09\/shure-55sh-ii-e1601485394796-142x300.jpg 142w\" sizes=\"auto, (max-width: 10px) 100vw, 10px\" \/> <\/p>\n\n\n\n<p><em><strong>SSV Jahn Regensburg \u2013 1. FC Kaiserslautern (13.30 Uhr)<\/strong><\/em><\/p>\n\n\n\n<p><img loading=\"lazy\" decoding=\"async\" width=\"10\" height=\"21\" class=\"wp-image-3656\" style=\"width: 10px;\" src=\"http:\/\/kommentatorenblog.de\/wp-content\/uploads\/2020\/09\/shure-55sh-ii-e1601485394796.jpg\" alt=\"\" srcset=\"http:\/\/kommentatorenblog.de\/wp-content\/uploads\/2020\/09\/shure-55sh-ii-e1601485394796.jpg 415w, http:\/\/kommentatorenblog.de\/wp-content\/uploads\/2020\/09\/shure-55sh-ii-e1601485394796-142x300.jpg 142w\" sizes=\"auto, (max-width: 10px) 100vw, 10px\" \/> Christian Stra\u00dfburger , Field-Reporterin: Nele Schenker<\/p>\n\n\n\n<p><em><strong>1. FC Heidenheim \u2013 Holstein Kiel  (13.30 Uhr)<\/strong><\/em><\/p>\n\n\n\n<p><img loading=\"lazy\" decoding=\"async\" width=\"10\" height=\"21\" class=\"wp-image-3656\" style=\"width: 10px;\" src=\"http:\/\/kommentatorenblog.de\/wp-content\/uploads\/2020\/09\/shure-55sh-ii-e1601485394796.jpg\" alt=\"\" srcset=\"http:\/\/kommentatorenblog.de\/wp-content\/uploads\/2020\/09\/shure-55sh-ii-e1601485394796.jpg 415w, http:\/\/kommentatorenblog.de\/wp-content\/uploads\/2020\/09\/shure-55sh-ii-e1601485394796-142x300.jpg 142w\" sizes=\"auto, (max-width: 10px) 100vw, 10px\" \/> Hannes Herrmann, Interviews: Schalte<\/p>\n\n\n\n<p><em><strong>SV Sandhausen \u2013 SC Paderborn 07 (13.30 Uhr)<\/strong><\/em><\/p>\n\n\n\n<p>Roland Evers, <\/p>\n\n\n\n<p>Moderation: Hartmut von Kameke <\/p>\n\n\n\n<hr class=\"wp-block-separator\"\/>\n\n\n\n<p><strong><strong><strong><strong>Bundesliga Frauen 18. Spieltag<\/strong><\/strong><\/strong><\/strong><\/p>\n\n\n\n<p><span style=\"text-decoration: underline;\">Freitag, 21. April 2023 ab 19.00 Uhr (Magenta\/Eurosport)<\/span><\/p>\n\n\n\n<p><strong><em>Bayer 04 Leverkusen \u2013 TSG Hoffenheim (19.15 Uhr)<\/em><\/strong><\/p>\n\n\n\n<p><img loading=\"lazy\" decoding=\"async\" width=\"10\" height=\"21\" class=\"wp-image-3656\" style=\"width: 10px;\" src=\"http:\/\/kommentatorenblog.de\/wp-content\/uploads\/2020\/09\/shure-55sh-ii-e1601485394796.jpg\" alt=\"\" srcset=\"http:\/\/kommentatorenblog.de\/wp-content\/uploads\/2020\/09\/shure-55sh-ii-e1601485394796.jpg 415w, http:\/\/kommentatorenblog.de\/wp-content\/uploads\/2020\/09\/shure-55sh-ii-e1601485394796-142x300.jpg 142w\" sizes=\"auto, (max-width: 10px) 100vw, 10px\" \/> Magenta: Michael Seyberth <\/p>\n\n\n\n<p><img loading=\"lazy\" decoding=\"async\" width=\"10\" height=\"21\" class=\"wp-image-3656\" style=\"width: 10px;\" src=\"http:\/\/kommentatorenblog.de\/wp-content\/uploads\/2020\/09\/shure-55sh-ii-e1601485394796.jpg\" alt=\"\" srcset=\"http:\/\/kommentatorenblog.de\/wp-content\/uploads\/2020\/09\/shure-55sh-ii-e1601485394796.jpg 415w, http:\/\/kommentatorenblog.de\/wp-content\/uploads\/2020\/09\/shure-55sh-ii-e1601485394796-142x300.jpg 142w\" sizes=\"auto, (max-width: 10px) 100vw, 10px\" \/> Eurosport: Markus Theil <\/p>\n\n\n\n<p><strong>Samstag, 22. April 2023 <\/strong> ab 12.45 Uhr (Magenta)<\/p>\n\n\n\n<p><strong><em>FC Bayern M\u00fcnchen \u2013 SC Freiburg (13.00 Uhr)<\/em><\/strong><\/p>\n\n\n\n<p><img loading=\"lazy\" decoding=\"async\" width=\"10\" height=\"21\" class=\"wp-image-3656\" style=\"width: 10px;\" src=\"http:\/\/kommentatorenblog.de\/wp-content\/uploads\/2020\/09\/shure-55sh-ii-e1601485394796.jpg\" alt=\"\" srcset=\"http:\/\/kommentatorenblog.de\/wp-content\/uploads\/2020\/09\/shure-55sh-ii-e1601485394796.jpg 415w, http:\/\/kommentatorenblog.de\/wp-content\/uploads\/2020\/09\/shure-55sh-ii-e1601485394796-142x300.jpg 142w\" sizes=\"auto, (max-width: 10px) 100vw, 10px\" \/> Martin Piller <\/p>\n\n\n\n<p><span style=\"text-decoration: underline;\">Sonntag, 23. April 2023, ab 12.45 Uhr (Magenta)<\/span><\/p>\n\n\n\n<p><strong><em>1. FC K\u00f6ln \u2013 Eintracht Frankfurt (13.00 Uhr)<\/em><\/strong><\/p>\n\n\n\n<p><img loading=\"lazy\" decoding=\"async\" width=\"10\" height=\"21\" class=\"wp-image-3656\" style=\"width: 10px;\" src=\"http:\/\/kommentatorenblog.de\/wp-content\/uploads\/2020\/09\/shure-55sh-ii-e1601485394796.jpg\" alt=\"\" srcset=\"http:\/\/kommentatorenblog.de\/wp-content\/uploads\/2020\/09\/shure-55sh-ii-e1601485394796.jpg 415w, http:\/\/kommentatorenblog.de\/wp-content\/uploads\/2020\/09\/shure-55sh-ii-e1601485394796-142x300.jpg 142w\" sizes=\"auto, (max-width: 10px) 100vw, 10px\" \/> Michael Seyberth<\/p>\n\n\n\n<p>Moderation: Cedric Pick , Expertin: Kathrin Lehmann<\/p>\n\n\n\n<p><em><strong>1. FFC Turbine Potsdam \u2013 SGS Essen (13.00 Uhr) <\/strong><\/em><\/p>\n\n\n\n<p><img loading=\"lazy\" decoding=\"async\" width=\"10\" height=\"21\" class=\"wp-image-3656\" style=\"width: 10px;\" src=\"http:\/\/kommentatorenblog.de\/wp-content\/uploads\/2020\/09\/shure-55sh-ii-e1601485394796.jpg\" alt=\"\" srcset=\"http:\/\/kommentatorenblog.de\/wp-content\/uploads\/2020\/09\/shure-55sh-ii-e1601485394796.jpg 415w, http:\/\/kommentatorenblog.de\/wp-content\/uploads\/2020\/09\/shure-55sh-ii-e1601485394796-142x300.jpg 142w\" sizes=\"auto, (max-width: 10px) 100vw, 10px\" \/> Oskar Heirler<\/p>\n\n\n\n<p><span style=\"text-decoration: underline;\">ab 15.45 Uhr <\/span><\/p>\n\n\n\n<p><strong><em>SV Werder Bremen \u2013 SV Meppen (16.00 Uhr)<\/em><\/strong><\/p>\n\n\n\n<p><img loading=\"lazy\" decoding=\"async\" width=\"10\" height=\"21\" class=\"wp-image-3656\" style=\"width: 10px;\" src=\"http:\/\/kommentatorenblog.de\/wp-content\/uploads\/2020\/09\/shure-55sh-ii-e1601485394796.jpg\" alt=\"\" srcset=\"http:\/\/kommentatorenblog.de\/wp-content\/uploads\/2020\/09\/shure-55sh-ii-e1601485394796.jpg 415w, http:\/\/kommentatorenblog.de\/wp-content\/uploads\/2020\/09\/shure-55sh-ii-e1601485394796-142x300.jpg 142w\" sizes=\"auto, (max-width: 10px) 100vw, 10px\" \/> Alex Kunz  <\/p>\n\n\n\n<hr class=\"wp-block-separator\"\/>\n\n\n\n<p><strong>3. Liga, 33. Spieltag<\/strong><\/p>\n\n\n\n<p><span style=\"text-decoration: underline;\">Freitag, 21. April 2023 ab 18.30 Uhr (Magenta Sport)<\/span><\/p>\n\n\n\n<p><strong>Hallescher FC \u2013 <em>VfL Osnabr\u00fcck<\/em> (19.00 Uhr)<\/strong><\/p>\n\n\n\n<p><img loading=\"lazy\" decoding=\"async\" width=\"10\" height=\"21\" class=\"wp-image-3656\" style=\"width: 10px;\" src=\"http:\/\/kommentatorenblog.de\/wp-content\/uploads\/2020\/09\/shure-55sh-ii-e1601485394796.jpg\" alt=\"\" srcset=\"http:\/\/kommentatorenblog.de\/wp-content\/uploads\/2020\/09\/shure-55sh-ii-e1601485394796.jpg 415w, http:\/\/kommentatorenblog.de\/wp-content\/uploads\/2020\/09\/shure-55sh-ii-e1601485394796-142x300.jpg 142w\" sizes=\"auto, (max-width: 10px) 100vw, 10px\" \/> Lenny Leonhardt <\/p>\n\n\n\n<p>Moderation: Stefanie Blochwitz, Experte: Rudi Bommer<\/p>\n\n\n\n<p><span style=\"text-decoration: underline;\">Samstag, 22. April 2023 ab 13.45 Uhr (Magenta Sport)<\/span><\/p>\n\n\n\n<p><em><strong>Konferenz: <img loading=\"lazy\" decoding=\"async\" width=\"10\" height=\"21\" class=\"wp-image-3656\" style=\"width: 10px;\" src=\"http:\/\/kommentatorenblog.de\/wp-content\/uploads\/2020\/09\/shure-55sh-ii-e1601485394796.jpg\" alt=\"\" srcset=\"http:\/\/kommentatorenblog.de\/wp-content\/uploads\/2020\/09\/shure-55sh-ii-e1601485394796.jpg 415w, http:\/\/kommentatorenblog.de\/wp-content\/uploads\/2020\/09\/shure-55sh-ii-e1601485394796-142x300.jpg 142w\" sizes=\"auto, (max-width: 10px) 100vw, 10px\" \/><\/strong><\/em> Alex Klich, Experte: Steven Ruprecht<\/p>\n\n\n\n<p><strong><em>SG Dynamo Dresden \u2013 SV Waldhof Mannheim <\/em>(14.00 Uhr)<\/strong><\/p>\n\n\n\n<p><img loading=\"lazy\" decoding=\"async\" width=\"10\" height=\"21\" class=\"wp-image-3656\" style=\"width: 10px;\" src=\"http:\/\/kommentatorenblog.de\/wp-content\/uploads\/2020\/09\/shure-55sh-ii-e1601485394796.jpg\" alt=\"\" srcset=\"http:\/\/kommentatorenblog.de\/wp-content\/uploads\/2020\/09\/shure-55sh-ii-e1601485394796.jpg 415w, http:\/\/kommentatorenblog.de\/wp-content\/uploads\/2020\/09\/shure-55sh-ii-e1601485394796-142x300.jpg 142w\" sizes=\"auto, (max-width: 10px) 100vw, 10px\" \/> Andreas Mann<\/p>\n\n\n\n<p>Moderation: Anett Sattler<\/p>\n\n\n\n<p><strong><em>FC Viktoria K\u00f6ln \u2013 FC Ingolstadt 04<\/em> (14.00 Uhr)<\/strong><\/p>\n\n\n\n<p><img loading=\"lazy\" decoding=\"async\" width=\"10\" height=\"21\" class=\"wp-image-3656\" style=\"width: 10px;\" src=\"http:\/\/kommentatorenblog.de\/wp-content\/uploads\/2020\/09\/shure-55sh-ii-e1601485394796.jpg\" alt=\"\" srcset=\"http:\/\/kommentatorenblog.de\/wp-content\/uploads\/2020\/09\/shure-55sh-ii-e1601485394796.jpg 415w, http:\/\/kommentatorenblog.de\/wp-content\/uploads\/2020\/09\/shure-55sh-ii-e1601485394796-142x300.jpg 142w\" sizes=\"auto, (max-width: 10px) 100vw, 10px\" \/> Julian Engelhard <\/p>\n\n\n\n<p>Moderation: Kamila Benschop<\/p>\n\n\n\n<p><strong><em>MSV Duisburg \u2013 SV Wehen Wiesbaden <\/em>(14.00 Uhr)<\/strong><\/p>\n\n\n\n<p><img loading=\"lazy\" decoding=\"async\" width=\"10\" height=\"21\" class=\"wp-image-3656\" style=\"width: 10px;\" src=\"http:\/\/kommentatorenblog.de\/wp-content\/uploads\/2020\/09\/shure-55sh-ii-e1601485394796.jpg\" alt=\"\" srcset=\"http:\/\/kommentatorenblog.de\/wp-content\/uploads\/2020\/09\/shure-55sh-ii-e1601485394796.jpg 415w, http:\/\/kommentatorenblog.de\/wp-content\/uploads\/2020\/09\/shure-55sh-ii-e1601485394796-142x300.jpg 142w\" sizes=\"auto, (max-width: 10px) 100vw, 10px\" \/> Philip Konrad <\/p>\n\n\n\n<p>Moderation: Tobi Sch\u00e4fer<\/p>\n\n\n\n<p><strong><em>SV Elversberg 07 \u2013 FC Erzgebirge Aue (14.00 Uhr)<\/em><\/strong><\/p>\n\n\n\n<p>Magenta Sport: <img loading=\"lazy\" decoding=\"async\" width=\"10\" height=\"21\" class=\"wp-image-3656\" style=\"width: 10px;\" src=\"http:\/\/kommentatorenblog.de\/wp-content\/uploads\/2020\/09\/shure-55sh-ii-e1601485394796.jpg\" alt=\"\" srcset=\"http:\/\/kommentatorenblog.de\/wp-content\/uploads\/2020\/09\/shure-55sh-ii-e1601485394796.jpg 415w, http:\/\/kommentatorenblog.de\/wp-content\/uploads\/2020\/09\/shure-55sh-ii-e1601485394796-142x300.jpg 142w\" sizes=\"auto, (max-width: 10px) 100vw, 10px\" \/> Mario BastBR: <img loading=\"lazy\" decoding=\"async\" width=\"10\" height=\"21\" class=\"wp-image-3656\" style=\"width: 10px;\" src=\"http:\/\/kommentatorenblog.de\/wp-content\/uploads\/2020\/09\/shure-55sh-ii-e1601485394796.jpg\" alt=\"\" srcset=\"http:\/\/kommentatorenblog.de\/wp-content\/uploads\/2020\/09\/shure-55sh-ii-e1601485394796.jpg 415w, http:\/\/kommentatorenblog.de\/wp-content\/uploads\/2020\/09\/shure-55sh-ii-e1601485394796-142x300.jpg 142w\" sizes=\"auto, (max-width: 10px) 100vw, 10px\" \/> <\/p>\n\n\n\n<p>Moderation (Magenta Sport): Thomas Wagner<\/p>\n\n\n\n<p>Moderation (BR): <\/p>\n\n\n\n<p><strong><em>TSV 1860 M\u00fcnchen \u2013 Spvgg. Bayreuth  (14.00 Uhr)<\/em><\/strong><\/p>\n\n\n\n<p>Magenta Sport: <img loading=\"lazy\" decoding=\"async\" width=\"10\" height=\"21\" class=\"wp-image-3656\" style=\"width: 10px;\" src=\"http:\/\/kommentatorenblog.de\/wp-content\/uploads\/2020\/09\/shure-55sh-ii-e1601485394796.jpg\" alt=\"\" srcset=\"http:\/\/kommentatorenblog.de\/wp-content\/uploads\/2020\/09\/shure-55sh-ii-e1601485394796.jpg 415w, http:\/\/kommentatorenblog.de\/wp-content\/uploads\/2020\/09\/shure-55sh-ii-e1601485394796-142x300.jpg 142w\" sizes=\"auto, (max-width: 10px) 100vw, 10px\" \/> Oskar Heirler <\/p>\n\n\n\n<p><strong><em>VfB Oldenburg \u2013 SC Freiburg II <\/em>(14.00 Uhr)<\/strong><\/p>\n\n\n\n<p>Magenta Sport: <img loading=\"lazy\" decoding=\"async\" width=\"10\" height=\"21\" class=\"wp-image-3656\" style=\"width: 10px;\" src=\"http:\/\/kommentatorenblog.de\/wp-content\/uploads\/2020\/09\/shure-55sh-ii-e1601485394796.jpg\" alt=\"\" srcset=\"http:\/\/kommentatorenblog.de\/wp-content\/uploads\/2020\/09\/shure-55sh-ii-e1601485394796.jpg 415w, http:\/\/kommentatorenblog.de\/wp-content\/uploads\/2020\/09\/shure-55sh-ii-e1601485394796-142x300.jpg 142w\" sizes=\"auto, (max-width: 10px) 100vw, 10px\" \/> Michael Augustin : <img loading=\"lazy\" decoding=\"async\" width=\"10\" height=\"21\" class=\"wp-image-3656\" style=\"width: 10px;\" src=\"http:\/\/kommentatorenblog.de\/wp-content\/uploads\/2020\/09\/shure-55sh-ii-e1601485394796.jpg\" alt=\"\" srcset=\"http:\/\/kommentatorenblog.de\/wp-content\/uploads\/2020\/09\/shure-55sh-ii-e1601485394796.jpg 415w, http:\/\/kommentatorenblog.de\/wp-content\/uploads\/2020\/09\/shure-55sh-ii-e1601485394796-142x300.jpg 142w\" sizes=\"auto, (max-width: 10px) 100vw, 10px\" \/> <\/p>\n\n\n\n<p>Moderation (Magenta Sport): Holger Speckhahn<\/p>\n\n\n\n<p> <span style=\"text-decoration: underline;\">Sonntag, 23. April 2023, ab 12.45 Uhr (Magenta Sport)<\/span><\/p>\n\n\n\n<p><em><strong>SV Meppen \u2013 1. FC Saarbr\u00fccken (13.00 Uhr)<\/strong><\/em><\/p>\n\n\n\n<p><img loading=\"lazy\" decoding=\"async\" width=\"10\" height=\"21\" class=\"wp-image-3656\" style=\"width: 10px;\" src=\"http:\/\/kommentatorenblog.de\/wp-content\/uploads\/2020\/09\/shure-55sh-ii-e1601485394796.jpg\" alt=\"\" srcset=\"http:\/\/kommentatorenblog.de\/wp-content\/uploads\/2020\/09\/shure-55sh-ii-e1601485394796.jpg 415w, http:\/\/kommentatorenblog.de\/wp-content\/uploads\/2020\/09\/shure-55sh-ii-e1601485394796-142x300.jpg 142w\" sizes=\"auto, (max-width: 10px) 100vw, 10px\" \/> Mike M\u00fcnkel <\/p>\n\n\n\n<p>Moderation: Kamila Benschop <\/p>\n\n\n\n<p><span style=\"text-decoration: underline;\">ab 13.45 Uhr (Magenta Sport)<\/span><\/p>\n\n\n\n<p><em><strong>FSV Zwickau \u2013 Rot-Weiss Essen (14.00 Uhr)<\/strong><\/em><\/p>\n\n\n\n<p><img loading=\"lazy\" decoding=\"async\" width=\"10\" height=\"21\" class=\"wp-image-3656\" style=\"width: 10px;\" src=\"http:\/\/kommentatorenblog.de\/wp-content\/uploads\/2020\/09\/shure-55sh-ii-e1601485394796.jpg\" alt=\"\" srcset=\"http:\/\/kommentatorenblog.de\/wp-content\/uploads\/2020\/09\/shure-55sh-ii-e1601485394796.jpg 415w, http:\/\/kommentatorenblog.de\/wp-content\/uploads\/2020\/09\/shure-55sh-ii-e1601485394796-142x300.jpg 142w\" sizes=\"auto, (max-width: 10px) 100vw, 10px\" \/> Lenny Leonhardt<\/p>\n\n\n\n<p>Moderation: Anett Sattler<\/p>\n\n\n\n<p><span style=\"text-decoration: underline;\">Montag, 24. April 2023, ab 18.45 Uhr (Magenta Sport)<\/span><\/p>\n\n\n\n<p><strong><em>SC Verl \u2013 Borussia Dortmund II (19.00 Uhr)<\/em><\/strong><\/p>\n\n\n\n<p><img loading=\"lazy\" decoding=\"async\" width=\"10\" height=\"21\" class=\"wp-image-3656\" style=\"width: 10px;\" src=\"http:\/\/kommentatorenblog.de\/wp-content\/uploads\/2020\/09\/shure-55sh-ii-e1601485394796.jpg\" alt=\"\" srcset=\"http:\/\/kommentatorenblog.de\/wp-content\/uploads\/2020\/09\/shure-55sh-ii-e1601485394796.jpg 415w, http:\/\/kommentatorenblog.de\/wp-content\/uploads\/2020\/09\/shure-55sh-ii-e1601485394796-142x300.jpg 142w\" sizes=\"auto, (max-width: 10px) 100vw, 10px\" \/> Markus H\u00f6hner <\/p>\n\n\n\n<p>Moderation: Cedric Pick <\/p>\n\n\n\n<hr class=\"wp-block-separator\"\/>\n\n\n\n<p><strong>Premier League, 32. Spieltag (Sky)<\/strong><\/p>\n\n\n\n<p><span style=\"text-decoration: underline;\">Freitag, 21. April 2023 ab 20.50 Uhr<\/span><\/p>\n\n\n\n<p><em><strong>FC Arsenal \u2013 FC Southampton 21.00 Uhr)<\/strong><\/em><\/p>\n\n\n\n<p><img loading=\"lazy\" decoding=\"async\" width=\"10\" height=\"21\" class=\"wp-image-3656\" style=\"width: 10px;\" src=\"http:\/\/kommentatorenblog.de\/wp-content\/uploads\/2020\/09\/shure-55sh-ii-e1601485394796.jpg\" alt=\"\" srcset=\"http:\/\/kommentatorenblog.de\/wp-content\/uploads\/2020\/09\/shure-55sh-ii-e1601485394796.jpg 415w, http:\/\/kommentatorenblog.de\/wp-content\/uploads\/2020\/09\/shure-55sh-ii-e1601485394796-142x300.jpg 142w\" sizes=\"auto, (max-width: 10px) 100vw, 10px\" \/> Joachim Hebel<\/p>\n\n\n\n<p><strong>Samstag, 22. April 2023 ab 13.20 Uhr:<\/strong> <\/p>\n\n\n\n<p><span style=\"text-decoration: underline;\"> <\/span><em><strong>FC Fulham \u2013 Leeds United (13.30 Uhr) <\/strong><\/em><\/p>\n\n\n\n<p> Hannes Herrmann<\/p>\n\n\n\n<p><span style=\"text-decoration: underline;\">ab 15.50 Uhr<\/span><\/p>\n\n\n\n<p><strong><em>FC Liverpool \u2013 Nottingham Forest (16.00 Uhr)<\/em><\/strong><\/p>\n\n\n\n<p><img loading=\"lazy\" decoding=\"async\" width=\"10\" height=\"21\" class=\"wp-image-3656\" style=\"width: 10px;\" src=\"http:\/\/kommentatorenblog.de\/wp-content\/uploads\/2020\/09\/shure-55sh-ii-e1601485394796.jpg\" alt=\"\" srcset=\"http:\/\/kommentatorenblog.de\/wp-content\/uploads\/2020\/09\/shure-55sh-ii-e1601485394796.jpg 415w, http:\/\/kommentatorenblog.de\/wp-content\/uploads\/2020\/09\/shure-55sh-ii-e1601485394796-142x300.jpg 142w\" sizes=\"auto, (max-width: 10px) 100vw, 10px\" \/> Toni Tomic <\/p>\n\n\n\n<p><em><strong>FC Brentford \u2013 Aston Villa 16.00 Uhr)<\/strong><\/em><\/p>\n\n\n\n<p><img loading=\"lazy\" decoding=\"async\" width=\"10\" height=\"21\" class=\"wp-image-3656\" style=\"width: 10px;\" src=\"http:\/\/kommentatorenblog.de\/wp-content\/uploads\/2020\/09\/shure-55sh-ii-e1601485394796.jpg\" alt=\"\" srcset=\"http:\/\/kommentatorenblog.de\/wp-content\/uploads\/2020\/09\/shure-55sh-ii-e1601485394796.jpg 415w, http:\/\/kommentatorenblog.de\/wp-content\/uploads\/2020\/09\/shure-55sh-ii-e1601485394796-142x300.jpg 142w\" sizes=\"auto, (max-width: 10px) 100vw, 10px\" \/> Uli Hebel<img loading=\"lazy\" decoding=\"async\" width=\"10\" height=\"21\" class=\"wp-image-3656\" style=\"width: 10px;\" src=\"http:\/\/kommentatorenblog.de\/wp-content\/uploads\/2020\/09\/shure-55sh-ii-e1601485394796.jpg\" alt=\"\" srcset=\"http:\/\/kommentatorenblog.de\/wp-content\/uploads\/2020\/09\/shure-55sh-ii-e1601485394796.jpg 415w, http:\/\/kommentatorenblog.de\/wp-content\/uploads\/2020\/09\/shure-55sh-ii-e1601485394796-142x300.jpg 142w\" sizes=\"auto, (max-width: 10px) 100vw, 10px\" \/><\/p>\n\n\n\n<p><span style=\"text-decoration: underline;\">Sonntag, 23. April 2023, ab 14.50 Uhr<\/span><\/p>\n\n\n\n<p><em><strong>Newcastle United \u2013 Tottenham Hotspur<\/strong><\/em> <em><strong>(15.00 Uhr)<\/strong><\/em><\/p>\n\n\n\n<p>Toni Tomic<\/p>\n\n\n\n<p><em><strong>AFC Bournemouth<\/strong><\/em> \u2013 West Ham United (15.00 Uhr) <\/p>\n\n\n\n<p> Timo Schmidtchen <img loading=\"lazy\" decoding=\"async\" width=\"10\" height=\"21\" class=\"wp-image-3656\" style=\"width: 10px;\" src=\"http:\/\/kommentatorenblog.de\/wp-content\/uploads\/2020\/09\/shure-55sh-ii-e1601485394796.jpg\" alt=\"\" srcset=\"http:\/\/kommentatorenblog.de\/wp-content\/uploads\/2020\/09\/shure-55sh-ii-e1601485394796.jpg 415w, http:\/\/kommentatorenblog.de\/wp-content\/uploads\/2020\/09\/shure-55sh-ii-e1601485394796-142x300.jpg 142w\" sizes=\"auto, (max-width: 10px) 100vw, 10px\" \/><\/p>\n\n\n\n<hr class=\"wp-block-separator\"\/>\n\n\n\n<p><strong>Internationaler Fu\u00dfball (DAZN)<\/strong><\/p>\n\n\n\n<hr class=\"wp-block-separator\"\/>\n\n\n\n<p><strong>UEFA Women&#8217;s Champions League (Halbfinals)<\/strong><\/p>\n\n\n\n<p><strong>Samstag, 22. April 2023 <\/strong><\/p>\n\n\n\n<p><em><strong>Chelsea \u2013 Barcelona (13.30 Uhr<\/strong><\/em>)<\/p>\n\n\n\n<p> Nico Seepe <\/p>\n\n\n\n<p><strong>Sonntag, 23. April 2023 <\/strong><\/p>\n\n\n\n<p><em><strong>VfL Wolfsburg \u2013 FC Arsenal (15.30 Uhr)<\/strong><\/em><\/p>\n\n\n\n<p> Jan Platte; Expertin: Josephine Henning <\/p>\n\n\n\n<p><strong>LaLiga, 30. Spieltag <\/strong><\/p>\n\n\n\n<p><span style=\"text-decoration: underline;\">Samstag, 22. April 2023<\/span><\/p>\n\n\n\n<p><em><strong> Real Sociedad \u2013 Rayo Vallecano(18.30 Uhr)<\/strong><\/em><\/p>\n\n\n\n<p><img loading=\"lazy\" decoding=\"async\" width=\"10\" height=\"21\" class=\"wp-image-3656\" style=\"width: 10px;\" src=\"http:\/\/kommentatorenblog.de\/wp-content\/uploads\/2020\/09\/shure-55sh-ii-e1601485394796.jpg\" alt=\"\" srcset=\"http:\/\/kommentatorenblog.de\/wp-content\/uploads\/2020\/09\/shure-55sh-ii-e1601485394796.jpg 415w, http:\/\/kommentatorenblog.de\/wp-content\/uploads\/2020\/09\/shure-55sh-ii-e1601485394796-142x300.jpg 142w\" sizes=\"auto, (max-width: 10px) 100vw, 10px\" \/> Matthias Naebers<\/p>\n\n\n\n<p><em><strong>Real Madrid \u2013 Celta Vigo(21.00 Uhr)<\/strong><\/em><\/p>\n\n\n\n<p><img loading=\"lazy\" decoding=\"async\" width=\"10\" height=\"21\" class=\"wp-image-3656\" style=\"width: 10px;\" src=\"http:\/\/kommentatorenblog.de\/wp-content\/uploads\/2020\/09\/shure-55sh-ii-e1601485394796.jpg\" alt=\"\" srcset=\"http:\/\/kommentatorenblog.de\/wp-content\/uploads\/2020\/09\/shure-55sh-ii-e1601485394796.jpg 415w, http:\/\/kommentatorenblog.de\/wp-content\/uploads\/2020\/09\/shure-55sh-ii-e1601485394796-142x300.jpg 142w\" sizes=\"auto, (max-width: 10px) 100vw, 10px\" \/> Julian Engelhard <\/p>\n\n\n\n<p><span style=\"text-decoration: underline;\">Sonntag, 23. April 2023<\/span><\/p>\n\n\n\n<p><em><strong> FC Barcelona \u2013 Atletico Madrid (16.15 Uhr)<\/strong><\/em><\/p>\n\n\n\n<p><img loading=\"lazy\" decoding=\"async\" width=\"10\" height=\"21\" class=\"wp-image-3656\" style=\"width: 10px;\" src=\"http:\/\/kommentatorenblog.de\/wp-content\/uploads\/2020\/09\/shure-55sh-ii-e1601485394796.jpg\" alt=\"\" srcset=\"http:\/\/kommentatorenblog.de\/wp-content\/uploads\/2020\/09\/shure-55sh-ii-e1601485394796.jpg 415w, http:\/\/kommentatorenblog.de\/wp-content\/uploads\/2020\/09\/shure-55sh-ii-e1601485394796-142x300.jpg 142w\" sizes=\"auto, (max-width: 10px) 100vw, 10px\" \/> Uli Hebel; Experte: Michi Hofmann <img loading=\"lazy\" decoding=\"async\" width=\"10\" height=\"21\" class=\"wp-image-3656\" style=\"width: 10px;\" src=\"http:\/\/kommentatorenblog.de\/wp-content\/uploads\/2020\/09\/shure-55sh-ii-e1601485394796.jpg\" alt=\"\" srcset=\"http:\/\/kommentatorenblog.de\/wp-content\/uploads\/2020\/09\/shure-55sh-ii-e1601485394796.jpg 415w, http:\/\/kommentatorenblog.de\/wp-content\/uploads\/2020\/09\/shure-55sh-ii-e1601485394796-142x300.jpg 142w\" sizes=\"auto, (max-width: 10px) 100vw, 10px\" \/><\/p>\n\n\n\n<p><em><strong> FC Sevilla \u2013 Villarreal (21.00 Uhr)<\/strong><\/em><\/p>\n\n\n\n<p>David Ploch<\/p>\n\n\n\n<hr class=\"wp-block-separator\"\/>\n\n\n\n<p><strong>Serie A, 31.<\/strong> Spieltag<img loading=\"lazy\" decoding=\"async\" width=\"10\" height=\"21\" class=\"wp-image-3656\" style=\"width: 10px;\" src=\"http:\/\/kommentatorenblog.de\/wp-content\/uploads\/2020\/09\/shure-55sh-ii-e1601485394796.jpg\" alt=\"\" srcset=\"http:\/\/kommentatorenblog.de\/wp-content\/uploads\/2020\/09\/shure-55sh-ii-e1601485394796.jpg 415w, http:\/\/kommentatorenblog.de\/wp-content\/uploads\/2020\/09\/shure-55sh-ii-e1601485394796-142x300.jpg 142w\" sizes=\"auto, (max-width: 10px) 100vw, 10px\" \/><\/p>\n\n\n\n<p><span style=\"text-decoration: underline;\">Sonntag, 23. April 2023<\/span><\/p>\n\n\n\n<p><em><strong>Empoli \u2013 Inter Mailand  (12.30 Uhr)<\/strong><\/em><\/p>\n\n\n\n<p><img loading=\"lazy\" decoding=\"async\" width=\"10\" height=\"21\" class=\"wp-image-3656\" style=\"width: 10px;\" src=\"http:\/\/kommentatorenblog.de\/wp-content\/uploads\/2020\/09\/shure-55sh-ii-e1601485394796.jpg\" alt=\"\" srcset=\"http:\/\/kommentatorenblog.de\/wp-content\/uploads\/2020\/09\/shure-55sh-ii-e1601485394796.jpg 415w, http:\/\/kommentatorenblog.de\/wp-content\/uploads\/2020\/09\/shure-55sh-ii-e1601485394796-142x300.jpg 142w\" sizes=\"auto, (max-width: 10px) 100vw, 10px\" \/> Uwe Morawe<\/p>\n\n\n\n<p><em><strong>AC Mailand \u2013 US Lecce (18.00 Uhr)<\/strong><\/em><\/p>\n\n\n\n<p><img loading=\"lazy\" decoding=\"async\" width=\"10\" height=\"21\" class=\"wp-image-3656\" style=\"width: 10px;\" src=\"http:\/\/kommentatorenblog.de\/wp-content\/uploads\/2020\/09\/shure-55sh-ii-e1601485394796.jpg\" alt=\"\" srcset=\"http:\/\/kommentatorenblog.de\/wp-content\/uploads\/2020\/09\/shure-55sh-ii-e1601485394796.jpg 415w, http:\/\/kommentatorenblog.de\/wp-content\/uploads\/2020\/09\/shure-55sh-ii-e1601485394796-142x300.jpg 142w\" sizes=\"auto, (max-width: 10px) 100vw, 10px\" \/> Tobi Fischbeck<\/p>\n\n\n\n<p><strong><em>Juventus \u2013 Neapel (20.45 Uhr)<\/em><\/strong><\/p>\n\n\n\n<p> Carsten Fu\u00df; Experte: Christian Bernhard<\/p>\n\n\n\n<p><strong>Montag, 24. April 2023 <\/strong><\/p>\n\n\n\n<p><em><strong>Atalanta Bergamo \u2013 AS Rom<\/strong><\/em> (20.45 Uhr)<\/p>\n\n\n\n<p> <img loading=\"lazy\" decoding=\"async\" width=\"10\" height=\"21\" class=\"wp-image-3656\" style=\"width: 10px;\" src=\"http:\/\/kommentatorenblog.de\/wp-content\/uploads\/2020\/09\/shure-55sh-ii-e1601485394796.jpg\" alt=\"\" srcset=\"http:\/\/kommentatorenblog.de\/wp-content\/uploads\/2020\/09\/shure-55sh-ii-e1601485394796.jpg 415w, http:\/\/kommentatorenblog.de\/wp-content\/uploads\/2020\/09\/shure-55sh-ii-e1601485394796-142x300.jpg 142w\" sizes=\"auto, (max-width: 10px) 100vw, 10px\" \/>Flo Hauser; Experte: Max Nicu <\/p>\n\n\n\n<hr class=\"wp-block-separator\"\/>\n\n\n\n<p><strong>Ligue 1, 32. Spieltag <\/strong><\/p>\n\n\n\n<p><span style=\"text-decoration: underline;\">Freitag, 21 April 2023<\/span><\/p>\n\n\n\n<p>Angers \u2013 <em><strong>Paris Saint-Germain \u2013  (21.00 Uhr)<\/strong><\/em><\/p>\n\n\n\n<p><img loading=\"lazy\" decoding=\"async\" width=\"10\" height=\"21\" class=\"wp-image-3656\" style=\"width: 10px;\" src=\"http:\/\/kommentatorenblog.de\/wp-content\/uploads\/2020\/09\/shure-55sh-ii-e1601485394796.jpg\" alt=\"\" srcset=\"http:\/\/kommentatorenblog.de\/wp-content\/uploads\/2020\/09\/shure-55sh-ii-e1601485394796.jpg 415w, http:\/\/kommentatorenblog.de\/wp-content\/uploads\/2020\/09\/shure-55sh-ii-e1601485394796-142x300.jpg 142w\" sizes=\"auto, (max-width: 10px) 100vw, 10px\" \/> Marcel Seufert, <\/p>\n\n\n\n<p><span style=\"text-decoration: underline;\">Samstag, 22. April  2023<\/span><\/p>\n\n\n\n<p>Lens \u2013<em> <strong>AS Monaco \u2013  (21.00 Uhr)<\/strong><\/em><\/p>\n\n\n\n<p><img loading=\"lazy\" decoding=\"async\" width=\"10\" height=\"21\" class=\"wp-image-3656\" style=\"width: 10px;\" src=\"http:\/\/kommentatorenblog.de\/wp-content\/uploads\/2020\/09\/shure-55sh-ii-e1601485394796.jpg\" alt=\"\" srcset=\"http:\/\/kommentatorenblog.de\/wp-content\/uploads\/2020\/09\/shure-55sh-ii-e1601485394796.jpg 415w, http:\/\/kommentatorenblog.de\/wp-content\/uploads\/2020\/09\/shure-55sh-ii-e1601485394796-142x300.jpg 142w\" sizes=\"auto, (max-width: 10px) 100vw, 10px\" \/> Stefan Galler<\/p>\n\n\n\n<p><strong>Sonntag, 23. April 2023 <\/strong><\/p>\n\n\n\n<p><strong><em>Lyon \u2013 Marseille (20.45 Uhr)<\/em><\/strong><\/p>\n\n\n\n<p><img loading=\"lazy\" decoding=\"async\" width=\"10\" height=\"21\" class=\"wp-image-3656\" style=\"width: 10px;\" src=\"http:\/\/kommentatorenblog.de\/wp-content\/uploads\/2020\/09\/shure-55sh-ii-e1601485394796.jpg\" alt=\"\" srcset=\"http:\/\/kommentatorenblog.de\/wp-content\/uploads\/2020\/09\/shure-55sh-ii-e1601485394796.jpg 415w, http:\/\/kommentatorenblog.de\/wp-content\/uploads\/2020\/09\/shure-55sh-ii-e1601485394796-142x300.jpg 142w\" sizes=\"auto, (max-width: 10px) 100vw, 10px\" \/> Manuel Angstenberger<\/p>\n\n\n\n<p><strong>FA Cup (Halbfinals)<\/strong><\/p>\n\n\n\n<p><strong>Samstag, 22. April 2023 <\/strong><\/p>\n\n\n\n<p><em><strong>Manchester City \u2013 Sheffield United (17.45 Uhr)<\/strong><\/em><\/p>\n\n\n\n<p><img loading=\"lazy\" decoding=\"async\" width=\"10\" height=\"21\" class=\"wp-image-3656\" style=\"width: 10px;\" src=\"http:\/\/kommentatorenblog.de\/wp-content\/uploads\/2020\/09\/shure-55sh-ii-e1601485394796.jpg\" alt=\"\" srcset=\"http:\/\/kommentatorenblog.de\/wp-content\/uploads\/2020\/09\/shure-55sh-ii-e1601485394796.jpg 415w, http:\/\/kommentatorenblog.de\/wp-content\/uploads\/2020\/09\/shure-55sh-ii-e1601485394796-142x300.jpg 142w\" sizes=\"auto, (max-width: 10px) 100vw, 10px\" \/> Max Gross<\/p>\n\n\n\n<p><strong>Sonntag, 23. April 2023 <\/strong><\/p>\n\n\n\n<p><em><strong>Brighton \u2013 Manchester United (17.30 Uhr)<\/strong><\/em><\/p>\n\n\n\n<p><img loading=\"lazy\" decoding=\"async\" width=\"10\" height=\"21\" class=\"wp-image-3656\" style=\"width: 10px;\" src=\"http:\/\/kommentatorenblog.de\/wp-content\/uploads\/2020\/09\/shure-55sh-ii-e1601485394796.jpg\" alt=\"\" srcset=\"http:\/\/kommentatorenblog.de\/wp-content\/uploads\/2020\/09\/shure-55sh-ii-e1601485394796.jpg 415w, http:\/\/kommentatorenblog.de\/wp-content\/uploads\/2020\/09\/shure-55sh-ii-e1601485394796-142x300.jpg 142w\" sizes=\"auto, (max-width: 10px) 100vw, 10px\" \/> Marco Hagemann <\/p>\n\n\n\n<hr class=\"wp-block-separator\"\/>\n\n\n\n<p><strong>Internationaler Fussball (Sportdigital FUSSBALL)<\/strong><\/p>\n\n\n\n<hr class=\"wp-block-separator\"\/>\n\n\n\n<p><strong>EFL Championship, 44. Spieltag <\/strong><\/p>\n\n\n\n<p><span style=\"text-decoration: underline;\">Samstag, 22. April 2023<\/span><\/p>\n\n\n\n<p>Wigan Athletic \u2013 FC Millwall<strong><em> (16.00 Uhr) <\/em><\/strong><\/p>\n\n\n\n<p><img loading=\"lazy\" decoding=\"async\" width=\"10\" height=\"21\" class=\"wp-image-3656\" style=\"width: 10px;\" src=\"http:\/\/kommentatorenblog.de\/wp-content\/uploads\/2020\/09\/shure-55sh-ii-e1601485394796.jpg\" alt=\"\" srcset=\"http:\/\/kommentatorenblog.de\/wp-content\/uploads\/2020\/09\/shure-55sh-ii-e1601485394796.jpg 415w, http:\/\/kommentatorenblog.de\/wp-content\/uploads\/2020\/09\/shure-55sh-ii-e1601485394796-142x300.jpg 142w\" sizes=\"auto, (max-width: 10px) 100vw, 10px\" \/> Karsten Linke<\/p>\n\n\n\n<p><em><strong>Preston North End \u2013 Blackburn Rovers (18.30 Uhr)<\/strong><\/em><\/p>\n\n\n\n<p><img loading=\"lazy\" decoding=\"async\" width=\"10\" height=\"21\" class=\"wp-image-3656\" style=\"width: 10px;\" src=\"http:\/\/kommentatorenblog.de\/wp-content\/uploads\/2020\/09\/shure-55sh-ii-e1601485394796.jpg\" alt=\"\" srcset=\"http:\/\/kommentatorenblog.de\/wp-content\/uploads\/2020\/09\/shure-55sh-ii-e1601485394796.jpg 415w, http:\/\/kommentatorenblog.de\/wp-content\/uploads\/2020\/09\/shure-55sh-ii-e1601485394796-142x300.jpg 142w\" sizes=\"auto, (max-width: 10px) 100vw, 10px\" \/> Christian Blunck<\/p>\n\n\n\n<p><strong>Montag, 24. April 2023<\/strong><\/p>\n\n\n\n<p><strong><em>Luton Town \u2013 FC Middlesbrough (21.00 Uhr) <\/em><\/strong><\/p>\n\n\n\n<p><img loading=\"lazy\" decoding=\"async\" width=\"10\" height=\"21\" class=\"wp-image-3656\" style=\"width: 10px;\" src=\"http:\/\/kommentatorenblog.de\/wp-content\/uploads\/2020\/09\/shure-55sh-ii-e1601485394796.jpg\" alt=\"\" srcset=\"http:\/\/kommentatorenblog.de\/wp-content\/uploads\/2020\/09\/shure-55sh-ii-e1601485394796.jpg 415w, http:\/\/kommentatorenblog.de\/wp-content\/uploads\/2020\/09\/shure-55sh-ii-e1601485394796-142x300.jpg 142w\" sizes=\"auto, (max-width: 10px) 100vw, 10px\" \/>Arne Malsch<strong> <\/strong><\/p>\n\n\n\n<p><img loading=\"lazy\" decoding=\"async\" width=\"10\" height=\"21\" class=\"wp-image-3656\" style=\"width: 10px;\" src=\"http:\/\/kommentatorenblog.de\/wp-content\/uploads\/2020\/09\/shure-55sh-ii-e1601485394796.jpg\" alt=\"\" srcset=\"http:\/\/kommentatorenblog.de\/wp-content\/uploads\/2020\/09\/shure-55sh-ii-e1601485394796.jpg 415w, http:\/\/kommentatorenblog.de\/wp-content\/uploads\/2020\/09\/shure-55sh-ii-e1601485394796-142x300.jpg 142w\" sizes=\"auto, (max-width: 10px) 100vw, 10px\" \/><\/p>\n\n\n\n<hr class=\"wp-block-separator is-style-default\"\/>\n\n\n\n<p><strong>Eredivisie, 30. Spieltag <\/strong><\/p>\n\n\n\n<p><span style=\"text-decoration: underline;\">Sonntag, 23. April 2023<\/span><\/p>\n\n\n\n<p><em><strong>FC Twente Enschede \u2013 Sparta Rotterdam (12.15 Uhr)<\/strong><\/em><\/p>\n\n\n\n<p><img loading=\"lazy\" decoding=\"async\" width=\"10\" height=\"21\" class=\"wp-image-3656\" style=\"width: 10px;\" src=\"http:\/\/kommentatorenblog.de\/wp-content\/uploads\/2020\/09\/shure-55sh-ii-e1601485394796.jpg\" alt=\"\" srcset=\"http:\/\/kommentatorenblog.de\/wp-content\/uploads\/2020\/09\/shure-55sh-ii-e1601485394796.jpg 415w, http:\/\/kommentatorenblog.de\/wp-content\/uploads\/2020\/09\/shure-55sh-ii-e1601485394796-142x300.jpg 142w\" sizes=\"auto, (max-width: 10px) 100vw, 10px\" \/> Ulf Kahmke<img loading=\"lazy\" decoding=\"async\" width=\"10\" height=\"21\" class=\"wp-image-3656\" style=\"width: 10px;\" src=\"http:\/\/kommentatorenblog.de\/wp-content\/uploads\/2020\/09\/shure-55sh-ii-e1601485394796.jpg\" alt=\"\" srcset=\"http:\/\/kommentatorenblog.de\/wp-content\/uploads\/2020\/09\/shure-55sh-ii-e1601485394796.jpg 415w, http:\/\/kommentatorenblog.de\/wp-content\/uploads\/2020\/09\/shure-55sh-ii-e1601485394796-142x300.jpg 142w\" sizes=\"auto, (max-width: 10px) 100vw, 10px\" \/><\/p>\n\n\n\n<p><em><strong>PSV Eindhoven \u2013 Ajax Amsterdam (14.30 Uhr)<\/strong><\/em><\/p>\n\n\n\n<p><img loading=\"lazy\" decoding=\"async\" width=\"10\" height=\"21\" class=\"wp-image-3656\" style=\"width: 10px;\" src=\"http:\/\/kommentatorenblog.de\/wp-content\/uploads\/2020\/09\/shure-55sh-ii-e1601485394796.jpg\" alt=\"\" srcset=\"http:\/\/kommentatorenblog.de\/wp-content\/uploads\/2020\/09\/shure-55sh-ii-e1601485394796.jpg 415w, http:\/\/kommentatorenblog.de\/wp-content\/uploads\/2020\/09\/shure-55sh-ii-e1601485394796-142x300.jpg 142w\" sizes=\"auto, (max-width: 10px) 100vw, 10px\" \/> Karsten Linke <\/p>\n\n\n\n<p><em><strong>Feyenoord Rotterdam \u2013 FC Utrecht (16.45 Uhr)<\/strong><\/em><\/p>\n\n\n\n<p><img loading=\"lazy\" decoding=\"async\" width=\"10\" height=\"21\" class=\"wp-image-3656\" style=\"width: 10px;\" src=\"http:\/\/kommentatorenblog.de\/wp-content\/uploads\/2020\/09\/shure-55sh-ii-e1601485394796.jpg\" alt=\"\" srcset=\"http:\/\/kommentatorenblog.de\/wp-content\/uploads\/2020\/09\/shure-55sh-ii-e1601485394796.jpg 415w, http:\/\/kommentatorenblog.de\/wp-content\/uploads\/2020\/09\/shure-55sh-ii-e1601485394796-142x300.jpg 142w\" sizes=\"auto, (max-width: 10px) 100vw, 10px\" \/> Marvin Kirsch <\/p>\n\n\n\n<hr class=\"wp-block-separator is-style-default\"\/>\n\n\n\n<p><strong>Primeira Liga, 29. Spieltag <\/strong><\/p>\n\n\n\n<p><span style=\"text-decoration: underline;\">Samstag, 22. April 2023<\/span><\/p>\n\n\n\n<p><em><strong>Pacos de Ferreira \u2013 FC Porto (21.30 Uhr)<\/strong><\/em><\/p>\n\n\n\n<p><img loading=\"lazy\" decoding=\"async\" width=\"10\" height=\"21\" class=\"wp-image-3656\" style=\"width: 10px;\" src=\"http:\/\/kommentatorenblog.de\/wp-content\/uploads\/2020\/09\/shure-55sh-ii-e1601485394796.jpg\" alt=\"\" srcset=\"http:\/\/kommentatorenblog.de\/wp-content\/uploads\/2020\/09\/shure-55sh-ii-e1601485394796.jpg 415w, http:\/\/kommentatorenblog.de\/wp-content\/uploads\/2020\/09\/shure-55sh-ii-e1601485394796-142x300.jpg 142w\" sizes=\"auto, (max-width: 10px) 100vw, 10px\" \/> J\u00f6rg Steiger<\/p>\n\n\n\n<p><span style=\"text-decoration: underline;\">Sonntag, 23. April 2023<\/span><\/p>\n\n\n\n<p><em><strong>Benfica Lissabon \u2013 GD Estoril (19.00 Uhr)<\/strong><\/em><\/p>\n\n\n\n<p><img loading=\"lazy\" decoding=\"async\" width=\"10\" height=\"21\" class=\"wp-image-3656\" style=\"width: 10px;\" src=\"http:\/\/kommentatorenblog.de\/wp-content\/uploads\/2020\/09\/shure-55sh-ii-e1601485394796.jpg\" alt=\"\" srcset=\"http:\/\/kommentatorenblog.de\/wp-content\/uploads\/2020\/09\/shure-55sh-ii-e1601485394796.jpg 415w, http:\/\/kommentatorenblog.de\/wp-content\/uploads\/2020\/09\/shure-55sh-ii-e1601485394796-142x300.jpg 142w\" sizes=\"auto, (max-width: 10px) 100vw, 10px\" \/> Jonathan Dreier <\/p>\n\n\n\n<hr class=\"wp-block-separator is-style-default\"\/>\n\n\n\n<p><strong>Saudi Arabian Kings Cup (Halbfinale) <\/strong><\/p>\n\n\n\n<p><span style=\"text-decoration: underline;\">Montag, 24. April 2023<\/span><\/p>\n\n\n\n<p><em><strong>Al-Nassr FC \u2013 Al-Wehda (20.00 Uhr)<\/strong><\/em><\/p>\n\n\n\n<p><img loading=\"lazy\" decoding=\"async\" width=\"10\" height=\"21\" class=\"wp-image-3656\" style=\"width: 10px;\" src=\"http:\/\/kommentatorenblog.de\/wp-content\/uploads\/2020\/09\/shure-55sh-ii-e1601485394796.jpg\" alt=\"\" srcset=\"http:\/\/kommentatorenblog.de\/wp-content\/uploads\/2020\/09\/shure-55sh-ii-e1601485394796.jpg 415w, http:\/\/kommentatorenblog.de\/wp-content\/uploads\/2020\/09\/shure-55sh-ii-e1601485394796-142x300.jpg 142w\" sizes=\"auto, (max-width: 10px) 100vw, 10px\" \/> Henrik Hinrichsen<\/p>\n\n\n\n<hr class=\"wp-block-separator is-style-default\"\/>\n\n\n\n<p><strong>Campeonato Brasileiro, 2. Spieltag <\/strong><\/p>\n\n\n\n<p><span style=\"text-decoration: underline;\">Samstag, 22. April 2023<\/span><\/p>\n\n\n\n<p><em><strong>FC Sao Paolo \u2013 America Mineiro (23.30 Uhr)<\/strong><\/em><\/p>\n\n\n\n<p><img loading=\"lazy\" decoding=\"async\" width=\"10\" height=\"21\" class=\"wp-image-3656\" style=\"width: 10px;\" src=\"http:\/\/kommentatorenblog.de\/wp-content\/uploads\/2020\/09\/shure-55sh-ii-e1601485394796.jpg\" alt=\"\" srcset=\"http:\/\/kommentatorenblog.de\/wp-content\/uploads\/2020\/09\/shure-55sh-ii-e1601485394796.jpg 415w, http:\/\/kommentatorenblog.de\/wp-content\/uploads\/2020\/09\/shure-55sh-ii-e1601485394796-142x300.jpg 142w\" sizes=\"auto, (max-width: 10px) 100vw, 10px\" \/> Moritz Knorr<\/p>\n\n\n\n<p><span style=\"text-decoration: underline;\">Sonntag, 23. April 2023<\/span><\/p>\n\n\n\n<p><em><strong>Wasco da Gama \u2013 Palmeiras (21.00 Uhr)<\/strong><\/em><\/p>\n\n\n\n<p><img loading=\"lazy\" decoding=\"async\" width=\"10\" height=\"21\" class=\"wp-image-3656\" style=\"width: 10px;\" src=\"http:\/\/kommentatorenblog.de\/wp-content\/uploads\/2020\/09\/shure-55sh-ii-e1601485394796.jpg\" alt=\"\" srcset=\"http:\/\/kommentatorenblog.de\/wp-content\/uploads\/2020\/09\/shure-55sh-ii-e1601485394796.jpg 415w, http:\/\/kommentatorenblog.de\/wp-content\/uploads\/2020\/09\/shure-55sh-ii-e1601485394796-142x300.jpg 142w\" sizes=\"auto, (max-width: 10px) 100vw, 10px\" \/> Christian Blunck<\/p>\n\n\n\n<hr class=\"wp-block-separator is-style-default\"\/>\n\n\n\n<p><strong>A-League, 25. Spieltag <\/strong><\/p>\n\n\n\n<p><span style=\"text-decoration: underline;\">Samstag, 22. April 2023<\/span><\/p>\n\n\n\n<p><em><strong>Western United FC \u2013 Melbourne City (11.45 Uhr)<\/strong><\/em><\/p>\n\n\n\n<p><img loading=\"lazy\" decoding=\"async\" width=\"10\" height=\"21\" class=\"wp-image-3656\" style=\"width: 10px;\" src=\"http:\/\/kommentatorenblog.de\/wp-content\/uploads\/2020\/09\/shure-55sh-ii-e1601485394796.jpg\" alt=\"\" srcset=\"http:\/\/kommentatorenblog.de\/wp-content\/uploads\/2020\/09\/shure-55sh-ii-e1601485394796.jpg 415w, http:\/\/kommentatorenblog.de\/wp-content\/uploads\/2020\/09\/shure-55sh-ii-e1601485394796-142x300.jpg 142w\" sizes=\"auto, (max-width: 10px) 100vw, 10px\" \/> Marvin Kirsch<\/p>\n\n\n\n<hr class=\"wp-block-separator\"\/>\n\n\n\n<p><strong>J. League 9. Spieltag <\/strong><\/p>\n\n\n\n<p><strong>Sonntag, 23. April 2023 <\/strong><\/p>\n\n\n\n<p><em><strong>Kawasaki Frontale \u2013 Urawa Red Diamonds (09.03 Uhr)<\/strong><\/em><\/p>\n\n\n\n<p><img loading=\"lazy\" decoding=\"async\" width=\"10\" height=\"21\" class=\"wp-image-3656\" style=\"width: 10px;\" src=\"http:\/\/kommentatorenblog.de\/wp-content\/uploads\/2020\/09\/shure-55sh-ii-e1601485394796.jpg\" alt=\"\" srcset=\"http:\/\/kommentatorenblog.de\/wp-content\/uploads\/2020\/09\/shure-55sh-ii-e1601485394796.jpg 415w, http:\/\/kommentatorenblog.de\/wp-content\/uploads\/2020\/09\/shure-55sh-ii-e1601485394796-142x300.jpg 142w\" sizes=\"auto, (max-width: 10px) 100vw, 10px\" \/> Ulf Kahmke<\/p>\n\n\n\n<hr class=\"wp-block-separator\"\/>\n\n\n\n<p><strong>Ekstraklasa, 29. Spieltag <\/strong><\/p>\n\n\n\n<p><em><strong>Warta Posen \u2013<\/strong> Legia Warschau (20.30 Uhr)<\/em><\/p>\n\n\n\n<p><img loading=\"lazy\" decoding=\"async\" width=\"10\" height=\"21\" class=\"wp-image-3656\" style=\"width: 10px;\" src=\"http:\/\/kommentatorenblog.de\/wp-content\/uploads\/2020\/09\/shure-55sh-ii-e1601485394796.jpg\" alt=\"\" srcset=\"http:\/\/kommentatorenblog.de\/wp-content\/uploads\/2020\/09\/shure-55sh-ii-e1601485394796.jpg 415w, http:\/\/kommentatorenblog.de\/wp-content\/uploads\/2020\/09\/shure-55sh-ii-e1601485394796-142x300.jpg 142w\" sizes=\"auto, (max-width: 10px) 100vw, 10px\" \/> Marcus Radefeld<\/p>\n\n\n\n<hr class=\"wp-block-separator\"\/>\n\n\n\n<p><strong>Bundesliga (\u00d6sterreich), 26 Runde (Sky)<\/strong><\/p>\n\n\n\n<p><span style=\"text-decoration: underline;\">Freitag, 21. April 2023 ab 19.00 Uhr<\/span><\/p>\n\n\n\n<p><em><strong>Wolfsberger AC \u2013 TSV Hartberg (19.30 Uhr) [Q]<\/strong><\/em><\/p>\n\n\n\n<p><img loading=\"lazy\" decoding=\"async\" width=\"10\" height=\"21\" class=\"wp-image-3656\" style=\"width: 10px;\" src=\"http:\/\/kommentatorenblog.de\/wp-content\/uploads\/2020\/09\/shure-55sh-ii-e1601485394796.jpg\" alt=\"\" srcset=\"http:\/\/kommentatorenblog.de\/wp-content\/uploads\/2020\/09\/shure-55sh-ii-e1601485394796.jpg 415w, http:\/\/kommentatorenblog.de\/wp-content\/uploads\/2020\/09\/shure-55sh-ii-e1601485394796-142x300.jpg 142w\" sizes=\"auto, (max-width: 10px) 100vw, 10px\" \/> Philipp Paternina<\/p>\n\n\n\n<p><span style=\"text-decoration: underline;\">Samstag, 22. April 2023 ab 16.15 Uhr<\/span><\/p>\n\n\n\n<p><strong><em>SCR Altach \u2013 SV Ried (17.00 Uhr) [Q]<\/em><\/strong><\/p>\n\n\n\n<p><img loading=\"lazy\" decoding=\"async\" width=\"10\" height=\"21\" class=\"wp-image-3656\" style=\"width: 10px;\" src=\"http:\/\/kommentatorenblog.de\/wp-content\/uploads\/2020\/09\/shure-55sh-ii-e1601485394796.jpg\" alt=\"\" srcset=\"http:\/\/kommentatorenblog.de\/wp-content\/uploads\/2020\/09\/shure-55sh-ii-e1601485394796.jpg 415w, http:\/\/kommentatorenblog.de\/wp-content\/uploads\/2020\/09\/shure-55sh-ii-e1601485394796-142x300.jpg 142w\" sizes=\"auto, (max-width: 10px) 100vw, 10px\" \/> Charly Leitner (Konferenz)<\/p>\n\n\n\n<p><em><strong>W<\/strong><\/em><strong><em>SG Tirol \u2013 Austria Lustenau (17.00 Uhr<\/em><\/strong>) [Q]<\/p>\n\n\n\n<p><img loading=\"lazy\" decoding=\"async\" width=\"10\" height=\"21\" class=\"wp-image-3656\" style=\"width: 10px;\" src=\"http:\/\/kommentatorenblog.de\/wp-content\/uploads\/2020\/09\/shure-55sh-ii-e1601485394796.jpg\" alt=\"\" srcset=\"http:\/\/kommentatorenblog.de\/wp-content\/uploads\/2020\/09\/shure-55sh-ii-e1601485394796.jpg 415w, http:\/\/kommentatorenblog.de\/wp-content\/uploads\/2020\/09\/shure-55sh-ii-e1601485394796-142x300.jpg 142w\" sizes=\"auto, (max-width: 10px) 100vw, 10px\" \/> Gerhard Krabath (Konferenz)<\/p>\n\n\n\n<p>Moderation: Constanze Weiss; Experte: tba <\/p>\n\n\n\n<p><span style=\"text-decoration: underline;\">Sonntag, 23. April 2023 ab 13.30 Uhr <\/span><\/p>\n\n\n\n<p><em><strong>Linzer AK \u2013 SK Rapid Wien (14.30 Uhr) [M]<\/strong><\/em><\/p>\n\n\n\n<p><img loading=\"lazy\" decoding=\"async\" width=\"10\" height=\"21\" class=\"wp-image-3656\" style=\"width: 10px;\" src=\"http:\/\/kommentatorenblog.de\/wp-content\/uploads\/2020\/09\/shure-55sh-ii-e1601485394796.jpg\" alt=\"\" srcset=\"http:\/\/kommentatorenblog.de\/wp-content\/uploads\/2020\/09\/shure-55sh-ii-e1601485394796.jpg 415w, http:\/\/kommentatorenblog.de\/wp-content\/uploads\/2020\/09\/shure-55sh-ii-e1601485394796-142x300.jpg 142w\" sizes=\"auto, (max-width: 10px) 100vw, 10px\" \/> Philipp Paternina (Konferenz)<\/p>\n\n\n\n<p><em><strong>FK Austria Wien \u2013 SK Austria Klagenfurt (14.30 Uhr) [M]<\/strong><\/em><\/p>\n\n\n\n<p><img loading=\"lazy\" decoding=\"async\" width=\"10\" height=\"21\" class=\"wp-image-3656\" style=\"width: 10px;\" src=\"http:\/\/kommentatorenblog.de\/wp-content\/uploads\/2020\/09\/shure-55sh-ii-e1601485394796.jpg\" alt=\"\" srcset=\"http:\/\/kommentatorenblog.de\/wp-content\/uploads\/2020\/09\/shure-55sh-ii-e1601485394796.jpg 415w, http:\/\/kommentatorenblog.de\/wp-content\/uploads\/2020\/09\/shure-55sh-ii-e1601485394796-142x300.jpg 142w\" sizes=\"auto, (max-width: 10px) 100vw, 10px\" \/> Martin Konrad (Konferenz)<\/p>\n\n\n\n<p>Moderation: Michi Ganh\u00f6r; Experte: tba <\/p>\n\n\n\n<p><span style=\"text-decoration: underline;\">ab 16.55 Uhr <\/span><\/p>\n\n\n\n<p><em><strong>SK Sturm Graz \u2013 FC Salzburg (17.00 Uhr) [M]<\/strong><\/em><\/p>\n\n\n\n<p><img loading=\"lazy\" decoding=\"async\" width=\"10\" height=\"21\" class=\"wp-image-3656\" style=\"width: 10px;\" src=\"http:\/\/kommentatorenblog.de\/wp-content\/uploads\/2020\/09\/shure-55sh-ii-e1601485394796.jpg\" alt=\"\" srcset=\"http:\/\/kommentatorenblog.de\/wp-content\/uploads\/2020\/09\/shure-55sh-ii-e1601485394796.jpg 415w, http:\/\/kommentatorenblog.de\/wp-content\/uploads\/2020\/09\/shure-55sh-ii-e1601485394796-142x300.jpg 142w\" sizes=\"auto, (max-width: 10px) 100vw, 10px\" \/> David Eder<img loading=\"lazy\" decoding=\"async\" width=\"10\" height=\"21\" class=\"wp-image-3656\" style=\"width: 10px;\" src=\"http:\/\/kommentatorenblog.de\/wp-content\/uploads\/2020\/09\/shure-55sh-ii-e1601485394796.jpg\" alt=\"\" srcset=\"http:\/\/kommentatorenblog.de\/wp-content\/uploads\/2020\/09\/shure-55sh-ii-e1601485394796.jpg 415w, http:\/\/kommentatorenblog.de\/wp-content\/uploads\/2020\/09\/shure-55sh-ii-e1601485394796-142x300.jpg 142w\" sizes=\"auto, (max-width: 10px) 100vw, 10px\" \/> <em><strong> <\/strong><\/em>  <\/p>\n\n\n\n<hr class=\"wp-block-separator\"\/>\n\n\n\n<p><strong>Die Analyse<\/strong><\/p>\n\n\n\n<p>Veltman bekommt die Bayern: Schon erw\u00e4hnenswert, dass der sch\u00f6ne gute Fu\u00dfballnachmittag von Klaus Veltman in Mainz eingel\u00e4utet wird. Sein Pendant in der Konferenz wird Buschi sein. Dazu SchmiSo, Friedrich und Dittmann, also top besetzt w\u00fcrde ich sagen. <\/p>\n\n\n\n<p>Ansonsten f\u00e4llt vielleicht noch J\u00fcrgen Schmitz in Hoffenheim auf, er bekommt nicht oft Einzelspiele in der Bundesliga. Und in Bochum gibt es ein Wiedersehen mit Marcus Lindemann. <\/p>\n\n\n\n<p>Nachdem Britta Hofmann in der letzten Woche im Studio war begr\u00fc\u00dft uns Leo, Hofmann sammelt die Stimmen der Mainzer und Bayern. <\/p>\n\n\n\n<p>Ins Topspiel rotiert Tabea Kemme f\u00fcr Julia Simic, wer Erkenbrechers Part \u00fcbernimmt wird sich zeigen.<\/p>\n\n\n\n<p>Das Duo Born &amp; Lauth bleibt sich treu und schlie\u00dft den Spieltag vom Spiel Gladbach gegen Union ab. Ansonsten die \u00fcblichen Stimmen und Gesichter beim Streamingdienst aus M\u00fcnchen.<\/p>\n\n\n\n<p>Wo wir schon bei Gesichtern sind, bei DAZN wird ab Sommer eines fehlen. Johannes kam grad noch mit der Info, dass Sandro Wagner den Streamingdienst verlassen wird und nur noch f\u00fcrs ZDF als Experte fungieren wird. Infos dazu: https:\/\/www.dwdl.de\/nachrichten\/92646\/daznexperte_sandro_wagner_wechselt_exklusiv_zum_zdf\/ <\/p>\n\n\n\n<p>In Liga 2 liegt der Fokus wie gesagt auf dem Derby. Au\u00dferdem \u00fcbernimmt Jana Wosnitza f\u00fcr Ruth Hofmann und wird sich sputen m\u00fcssen, wenn sie am Sonntag zum DoPa-Countdown p\u00fcnktlich im Hilton sein will.<\/p>\n\n\n\n<p>Damit soll es das gewesen sein. Ich w\u00fcnsche euch ein fantastisches Wochenende!  . <\/p>\n\n\n\n<p>Nachtrag: Topspiel ist ge\u00e4ndert, \u00f6sterreichische Liga erg\u00e4nzt. Allerdings nur um die Konferenzkommentatoren, da Sky diese Woche ein paar Probleme bei der Programmierung des TV-Guides zu haben scheint. Weder Ansto\u00dfzeiten noch Kommentatoren stimmen wirklich \u00fcberein, aber es ist sehr wahrscheinlich, dass zumindest die beiden Konferenzen genau so aussehen werden. Was mich angeht, so werde ich am Sonntag live vor Ort verfolgen, ob Sturm Graz die Tabellenf\u00fchrung erobern kann und freue mich schon darauf, genau so wie auf das Cup-Finale, ein Derby gegen Rapid in Klagenfurt. <\/p>\n","protected":false},"excerpt":{"rendered":"<p>N&#8217;Abend Allerseits, Nach dem wenig \u00fcberraschenden Aus der Bayern in der Champions League, wo mir die DAZN-\u00dcbertragung \u00fcbrigens sehr gut gefallen hat, haben an diesem Wochenende die Frauen des VfL Wolfsburg die M\u00f6glichkeit, ins Finale der Champions League einzuziehen. DAZN \u00fcbertr\u00e4gt frei empfangbar. Womit wir auch schon beim Stichwort w\u00e4ren. Am Freitag steht das Hamburger [&hellip;]<\/p>\n","protected":false},"author":13,"featured_media":0,"comment_status":"open","ping_status":"open","sticky":false,"template":"","format":"standard","meta":{"footnotes":""},"categories":[424],"tags":[292,21,166,73,35,212,165,13,30,392,82,592,89,61,295,104,25,211,48,723,213,347,69,169,507,675,315,86,93,489,53,294,31,205,9,276,43,112,503,572,243,67,239,95,130,223,283,438,279,383,114,88,634,369,113,293,884,45,222,22,66,134,154,28,135,673,639,33,838,341,395,252,200,87,346,402,105,289,107],"class_list":["post-14905","post","type-post","status-publish","format-standard","hentry","category-bundesliga-und-co","tag-alex-kunz","tag-benni-zander","tag-benny-lauth","tag-britta-hofmann","tag-christian-strassburger","tag-daniel-herzog","tag-david-ploch","tag-dazn","tag-didi-hamann","tag-dirk-grosse-schlarmann","tag-erik-meijer","tag-fabian-greve","tag-florian-schmidt-sommerfeld","tag-frank-buschmann","tag-freddy-harder","tag-hannes-herrmann","tag-hansi-kuepper","tag-hartmut-von-kameke","tag-jan-platte","tag-jana-wosnitza","tag-jens-westen","tag-joachim-hebel","tag-jonas-friedrich","tag-jonas-hummels","tag-jonathan-dreier","tag-josephine-henning","tag-julian-engelhard","tag-juergen-schmitz","tag-kai-dittmann","tag-kamila-benschop","tag-klaus-veltmann","tag-lenny-leonhardt","tag-lothar-matthaeus","tag-lukas-schoenmueller","tag-magenta-sport","tag-marcel-seufert","tag-marco-hagemann","tag-marcus-lindemann","tag-marcus-radefeld","tag-mario-bast","tag-mario-rieker","tag-markus-hoehner","tag-markus-theil","tag-martin-gross","tag-martin-piller","tag-matthias-naebers","tag-max-gross","tag-max-nicu","tag-max-siebald","tag-michael-augustin","tag-michael-born","tag-michael-leopold","tag-michael-seyberth","tag-nele-schenker","tag-oliver-seidler","tag-oskar-heirler","tag-pierre-michel-lasogga","tag-roland-evers","tag-sebastian-kneissl","tag-sky","tag-sport1","tag-sportdigital-fussball","tag-stefan-galler","tag-stefan-hempel","tag-stefanie-blochwitz","tag-steven-ruprecht","tag-tabea-kemme","tag-thomas-wagner","tag-timo-schaefers","tag-timo-schmidtchen","tag-tobi-schaefer","tag-tobi-wahnschaffe","tag-tom-kirsten","tag-torsten-kunde","tag-torsten-mattuschka","tag-ulf-kahmke","tag-uli-hebel","tag-ulli-potofski","tag-wolff-fuss"],"_links":{"self":[{"href":"http:\/\/kommentatorenblog.de\/index.php?rest_route=\/wp\/v2\/posts\/14905","targetHints":{"allow":["GET"]}}],"collection":[{"href":"http:\/\/kommentatorenblog.de\/index.php?rest_route=\/wp\/v2\/posts"}],"about":[{"href":"http:\/\/kommentatorenblog.de\/index.php?rest_route=\/wp\/v2\/types\/post"}],"author":[{"embeddable":true,"href":"http:\/\/kommentatorenblog.de\/index.php?rest_route=\/wp\/v2\/users\/13"}],"replies":[{"embeddable":true,"href":"http:\/\/kommentatorenblog.de\/index.php?rest_route=%2Fwp%2Fv2%2Fcomments&post=14905"}],"version-history":[{"count":19,"href":"http:\/\/kommentatorenblog.de\/index.php?rest_route=\/wp\/v2\/posts\/14905\/revisions"}],"predecessor-version":[{"id":14930,"href":"http:\/\/kommentatorenblog.de\/index.php?rest_route=\/wp\/v2\/posts\/14905\/revisions\/14930"}],"wp:attachment":[{"href":"http:\/\/kommentatorenblog.de\/index.php?rest_route=%2Fwp%2Fv2%2Fmedia&parent=14905"}],"wp:term":[{"taxonomy":"category","embeddable":true,"href":"http:\/\/kommentatorenblog.de\/index.php?rest_route=%2Fwp%2Fv2%2Fcategories&post=14905"},{"taxonomy":"post_tag","embeddable":true,"href":"http:\/\/kommentatorenblog.de\/index.php?rest_route=%2Fwp%2Fv2%2Ftags&post=14905"}],"curies":[{"name":"wp","href":"https:\/\/api.w.org\/{rel}","templated":true}]}}