{"id":14931,"date":"2023-04-24T21:37:45","date_gmt":"2023-04-24T19:37:45","guid":{"rendered":"https:\/\/kommentatorenblog.de\/?p=14931"},"modified":"2023-04-25T18:18:10","modified_gmt":"2023-04-25T16:18:10","slug":"1336-spiel-des-jahres-in-der-premier-league","status":"publish","type":"post","link":"http:\/\/kommentatorenblog.de\/?p=14931","title":{"rendered":"1336 &#8211; Spiel des Jahres in der Premier League"},"content":{"rendered":"\n<p>N&#8217;Abend allerseits,<\/p>\n\n\n\n<p>das vergangene Wochenende hat die Alarmglocken f\u00fcr einen spannenden und v\u00f6llig offenen Meisterschaftskampf nochmal deutlich lauter schrillen lassen: Bayern ist nun wieder einen Punkt hinter Borussia Dortmund. Damit ist die Ausgangssituation im Vergleich zu vor dem Trainerwechsel an der S\u00e4bener Stra\u00dfe wiederhergestellt &#8211; mit dem kleinen Unterschied dass die &#8222;beste Mannschaft Europas&#8220; (Sadio Man\u00e9 im M\u00e4rz) nun auf desastr\u00f6se Weise nicht mehr in Pokal und Champions League vertreten ist. Aber lassen wir das.<br>Die Vorzeichen deuten also an, dass die Bundesliga dieses Jahr einen anderen Meister als die Bayern haben k\u00f6nnte. Der eine Punkt Vorsprung und das aus meiner Sicht ein My einfachere Restprogramm des BVB sprechen daf\u00fcr. Die Erfahrung dagegen. Und wenn Union Berlin am Samstag nicht ausgerechnet gegen Leverkusen ran m\u00fcsste, k\u00f6nnte man die mit einer gewissen Romantik auch noch ins Gespr\u00e4ch bringen..<\/p>\n\n\n\n<p>Diese Serienmeisterproblematik hat die Premier League bekannterma\u00dfen nicht: W\u00e4hrend in der Bundesliga die Bayern zehn Mal in Folge den Titel holten, gab es auf der Insel f\u00fcnf verschiedene Meister. Und dennoch ist eine gewisse Dominanz der finanziell stark gespritzten Citizens nicht von der Hand zu weisen. Das h\u00e4tte in dieser Saison noch deutlich deutlicher sein k\u00f6nnen, vor allem weil der Rivale der vergangenen Jahre &#8211; der FC Liverpool &#8211; stark ins taumeln geraten ist. H\u00e4tte, denn da ist der FC Arsenal wieder da &#8211; mit ihrem Erfolgstrainer Arteta die Story der Saison. <br>Doch zuletzt ist der aktuelle Tabellenf\u00fchrer etwas ins Straucheln geraten, der einst komfortable Vorsprung auf ManCity ist dahin. Zwar hat Arsenal noch f\u00fcnf Punkte mehr auf dem Konto, City allerdings zwei Saisonspiele weniger. Mit zwei Siegen in den noch kommenden Nachholspielen w\u00e4re die Guardiola-Elf also um einen Punkt vorbeigezogen. Grund genug f\u00fcr Arsenal beim direkten Aufeinandertreffen am Mittwoch mit einem Sieg alles wieder in die eigene Hand zu bekommen. <\/p>\n\n\n\n<p>Ein m\u00f6glicherweise meisterschaftsentscheidendes Spiel steht also an, das Sky nat\u00fcrlich als Match of the Week zeigt. Dieses Mal &#8211; das sei vorweggegriffen &#8211; mit einem XXL-Vorlauf von einer Stunde und dem Experten Ralf Rangnick an der Seite von Schmiso:<\/p>\n\n\n\n<p><strong>Die Ansetzungen vom 25. April 2023 bis 27. April 2023:<\/strong><\/p>\n\n\n\n<hr class=\"wp-block-separator is-style-default\"\/>\n\n\n\n<p><strong>UEFA Women&#8217;s Champions League, Halbfinal-R\u00fcckspiel (DAZN)<\/strong><\/p>\n\n\n\n<p><u>Donnerstag, 27<\/u><u>. April 2023<\/u><\/p>\n\n\n\n<p><strong style=\"font-style: italic;\">FC Barcelona <strong><em><span><b style=\"font-style: italic;\">\u2013<\/b><\/span><\/em><\/strong><\/strong> <em><strong>FC Chelsea (18.45 Uhr, Agg.: 1-0)<\/strong><\/em> <br><img loading=\"lazy\" decoding=\"async\" width=\"10\" height=\"21\" class=\"wp-image-3656\" style=\"width: 10px;\" src=\"http:\/\/kommentatorenblog.de\/wp-content\/uploads\/2020\/09\/shure-55sh-ii-e1601485394796.jpg\" alt=\"\" srcset=\"http:\/\/kommentatorenblog.de\/wp-content\/uploads\/2020\/09\/shure-55sh-ii-e1601485394796.jpg 415w, http:\/\/kommentatorenblog.de\/wp-content\/uploads\/2020\/09\/shure-55sh-ii-e1601485394796-142x300.jpg 142w\" sizes=\"auto, (max-width: 10px) 100vw, 10px\" \/> Christoph Fetzer<\/p>\n\n\n\n<hr class=\"wp-block-separator is-style-default\"\/>\n\n\n\n<p><strong>3. Liga (GER), Nachholspiel 30. Spieltag (Magenta Sport)<\/strong><\/p>\n\n\n\n<p><u>Dienstag, 25<\/u><u>. April 2023, ab 18.45 Uhr<\/u><\/p>\n\n\n\n<p><strong style=\"font-style: italic;\">MSV Duisburg <strong><em><span><b style=\"font-style: italic;\">\u2013<\/b><\/span><\/em><\/strong><\/strong> <em><strong>SV Elversberg (19.00 Uhr)<\/strong><\/em> <br><img loading=\"lazy\" decoding=\"async\" width=\"10\" height=\"21\" class=\"wp-image-3656\" style=\"width: 10px;\" src=\"http:\/\/kommentatorenblog.de\/wp-content\/uploads\/2020\/09\/shure-55sh-ii-e1601485394796.jpg\" alt=\"\" srcset=\"http:\/\/kommentatorenblog.de\/wp-content\/uploads\/2020\/09\/shure-55sh-ii-e1601485394796.jpg 415w, http:\/\/kommentatorenblog.de\/wp-content\/uploads\/2020\/09\/shure-55sh-ii-e1601485394796-142x300.jpg 142w\" sizes=\"auto, (max-width: 10px) 100vw, 10px\" \/> Markus H\u00f6hner<br>Moderation: Konstantin Klostermann<\/p>\n\n\n\n<hr class=\"wp-block-separator is-style-default\"\/>\n\n\n\n<p><strong>Premier League (ENG), 33. Spieltag (Sky)<\/strong><\/p>\n\n\n\n<p><u>Dienstag, 25<\/u><u>. April 2023, ab 20.20 Uhr<\/u><\/p>\n\n\n\n<p><strong style=\"font-style: italic;\">Wolverhampton Wanderers <strong><em><span><b style=\"font-style: italic;\">\u2013<\/b><\/span><\/em><\/strong><\/strong> <em><strong>Crystal Palace (20.30 Uhr)<\/strong><\/em> <br><img loading=\"lazy\" decoding=\"async\" width=\"10\" height=\"21\" class=\"wp-image-3656\" style=\"width: 10px;\" src=\"http:\/\/kommentatorenblog.de\/wp-content\/uploads\/2020\/09\/shure-55sh-ii-e1601485394796.jpg\" alt=\"\" srcset=\"http:\/\/kommentatorenblog.de\/wp-content\/uploads\/2020\/09\/shure-55sh-ii-e1601485394796.jpg 415w, http:\/\/kommentatorenblog.de\/wp-content\/uploads\/2020\/09\/shure-55sh-ii-e1601485394796-142x300.jpg 142w\" sizes=\"auto, (max-width: 10px) 100vw, 10px\" \/> Sven Schr\u00f6ter<\/p>\n\n\n\n<p><u>ab 20.35 Uhr<\/u><\/p>\n\n\n\n<p><strong style=\"font-style: italic;\">Aston Villa <strong><em><span><b style=\"font-style: italic;\">\u2013<\/b><\/span><\/em><\/strong><\/strong> <em><strong>FC Fulham (20.45 Uhr)<\/strong><\/em> <br><img loading=\"lazy\" decoding=\"async\" width=\"10\" height=\"21\" class=\"wp-image-3656\" style=\"width: 10px;\" src=\"http:\/\/kommentatorenblog.de\/wp-content\/uploads\/2020\/09\/shure-55sh-ii-e1601485394796.jpg\" alt=\"\" srcset=\"http:\/\/kommentatorenblog.de\/wp-content\/uploads\/2020\/09\/shure-55sh-ii-e1601485394796.jpg 415w, http:\/\/kommentatorenblog.de\/wp-content\/uploads\/2020\/09\/shure-55sh-ii-e1601485394796-142x300.jpg 142w\" sizes=\"auto, (max-width: 10px) 100vw, 10px\" \/> Hannes Herrmann<\/p>\n\n\n\n<p><u>ab 20.50 Uhr<\/u><\/p>\n\n\n\n<p><strong style=\"font-style: italic;\">Leeds United <strong><em><span><b style=\"font-style: italic;\">\u2013<\/b><\/span><\/em><\/strong><\/strong> <em><strong>Leicester City (21.00 Uhr)<\/strong><\/em> <br><img loading=\"lazy\" decoding=\"async\" width=\"10\" height=\"21\" class=\"wp-image-3656\" style=\"width: 10px;\" src=\"http:\/\/kommentatorenblog.de\/wp-content\/uploads\/2020\/09\/shure-55sh-ii-e1601485394796.jpg\" alt=\"\" srcset=\"http:\/\/kommentatorenblog.de\/wp-content\/uploads\/2020\/09\/shure-55sh-ii-e1601485394796.jpg 415w, http:\/\/kommentatorenblog.de\/wp-content\/uploads\/2020\/09\/shure-55sh-ii-e1601485394796-142x300.jpg 142w\" sizes=\"auto, (max-width: 10px) 100vw, 10px\" \/> Marcel Meinert<\/p>\n\n\n\n<p><u>Mittwoch, 26<\/u><u>. April 2023, ab 20.00 Uhr<\/u><\/p>\n\n\n\n<p><strong style=\"font-style: italic;\">Manchester City <strong><em><span><b style=\"font-style: italic;\">\u2013<\/b><\/span><\/em><\/strong><\/strong> <em><strong>FC Arsenal (21.00 Uhr)<\/strong><\/em> <br><img loading=\"lazy\" decoding=\"async\" width=\"10\" height=\"21\" class=\"wp-image-3656\" style=\"width: 10px;\" src=\"http:\/\/kommentatorenblog.de\/wp-content\/uploads\/2020\/09\/shure-55sh-ii-e1601485394796.jpg\" alt=\"\" srcset=\"http:\/\/kommentatorenblog.de\/wp-content\/uploads\/2020\/09\/shure-55sh-ii-e1601485394796.jpg 415w, http:\/\/kommentatorenblog.de\/wp-content\/uploads\/2020\/09\/shure-55sh-ii-e1601485394796-142x300.jpg 142w\" sizes=\"auto, (max-width: 10px) 100vw, 10px\" \/> Florian Schmidt-Sommerfeld, Experte: Ralf Rangnick<br>Field-Reporter: Raphael Honigstein<\/p>\n\n\n\n<p><u>ab 20.20 Uhr<\/u><\/p>\n\n\n\n<p><strong style=\"font-style: italic;\">Nottingham Forest <strong><em><span><b style=\"font-style: italic;\">\u2013<\/b><\/span><\/em><\/strong><\/strong> <em><strong>Brighton &amp; Hove Albion (20.30 Uhr)<\/strong><\/em> <br><img loading=\"lazy\" decoding=\"async\" width=\"10\" height=\"21\" class=\"wp-image-3656\" style=\"width: 10px;\" src=\"http:\/\/kommentatorenblog.de\/wp-content\/uploads\/2020\/09\/shure-55sh-ii-e1601485394796.jpg\" alt=\"\" srcset=\"http:\/\/kommentatorenblog.de\/wp-content\/uploads\/2020\/09\/shure-55sh-ii-e1601485394796.jpg 415w, http:\/\/kommentatorenblog.de\/wp-content\/uploads\/2020\/09\/shure-55sh-ii-e1601485394796-142x300.jpg 142w\" sizes=\"auto, (max-width: 10px) 100vw, 10px\" \/> Sven Schr\u00f6ter<\/p>\n\n\n\n<p><u>ab 20.35 Uhr<\/u><\/p>\n\n\n\n<p><strong style=\"font-style: italic;\">West Ham United <strong><em><span><b style=\"font-style: italic;\">\u2013<\/b><\/span><\/em><\/strong><\/strong> <em><strong>FC Liverpool (20.45 Uhr)<\/strong><\/em> <br><img loading=\"lazy\" decoding=\"async\" width=\"10\" height=\"21\" class=\"wp-image-3656\" style=\"width: 10px;\" src=\"http:\/\/kommentatorenblog.de\/wp-content\/uploads\/2020\/09\/shure-55sh-ii-e1601485394796.jpg\" alt=\"\" srcset=\"http:\/\/kommentatorenblog.de\/wp-content\/uploads\/2020\/09\/shure-55sh-ii-e1601485394796.jpg 415w, http:\/\/kommentatorenblog.de\/wp-content\/uploads\/2020\/09\/shure-55sh-ii-e1601485394796-142x300.jpg 142w\" sizes=\"auto, (max-width: 10px) 100vw, 10px\" \/> Joachim Hebel<\/p>\n\n\n\n<p><strong style=\"font-style: italic;\">FC Chelsea <strong><em><span><b style=\"font-style: italic;\">\u2013<\/b><\/span><\/em><\/strong><\/strong> <em><strong>FC Brentford (20.45 Uhr)<\/strong><\/em> <br><img loading=\"lazy\" decoding=\"async\" width=\"10\" height=\"21\" class=\"wp-image-3656\" style=\"width: 10px;\" src=\"http:\/\/kommentatorenblog.de\/wp-content\/uploads\/2020\/09\/shure-55sh-ii-e1601485394796.jpg\" alt=\"\" srcset=\"http:\/\/kommentatorenblog.de\/wp-content\/uploads\/2020\/09\/shure-55sh-ii-e1601485394796.jpg 415w, http:\/\/kommentatorenblog.de\/wp-content\/uploads\/2020\/09\/shure-55sh-ii-e1601485394796-142x300.jpg 142w\" sizes=\"auto, (max-width: 10px) 100vw, 10px\" \/> Uli Hebel<\/p>\n\n\n\n<p><u>Donnerstag, 27<\/u><u>. April 2023, ab 20.35 Uhr<\/u><\/p>\n\n\n\n<p><strong style=\"font-style: italic;\">FC Everton <strong><em><span><b style=\"font-style: italic;\">\u2013<\/b><\/span><\/em><\/strong><\/strong> <em><strong>Newcastle United (20.45 Uhr)<\/strong><\/em> <br><img loading=\"lazy\" decoding=\"async\" width=\"10\" height=\"21\" class=\"wp-image-3656\" style=\"width: 10px;\" src=\"http:\/\/kommentatorenblog.de\/wp-content\/uploads\/2020\/09\/shure-55sh-ii-e1601485394796.jpg\" alt=\"\" srcset=\"http:\/\/kommentatorenblog.de\/wp-content\/uploads\/2020\/09\/shure-55sh-ii-e1601485394796.jpg 415w, http:\/\/kommentatorenblog.de\/wp-content\/uploads\/2020\/09\/shure-55sh-ii-e1601485394796-142x300.jpg 142w\" sizes=\"auto, (max-width: 10px) 100vw, 10px\" \/> Markus Gaupp<\/p>\n\n\n\n<p><strong style=\"font-style: italic;\">FC Southampton <strong><em><span><b style=\"font-style: italic;\">\u2013<\/b><\/span><\/em><\/strong><\/strong> <em><strong>AFC Bournemouth (20.45 Uhr)<\/strong><\/em> <br><img loading=\"lazy\" decoding=\"async\" width=\"10\" height=\"21\" class=\"wp-image-3656\" style=\"width: 10px;\" src=\"http:\/\/kommentatorenblog.de\/wp-content\/uploads\/2020\/09\/shure-55sh-ii-e1601485394796.jpg\" alt=\"\" srcset=\"http:\/\/kommentatorenblog.de\/wp-content\/uploads\/2020\/09\/shure-55sh-ii-e1601485394796.jpg 415w, http:\/\/kommentatorenblog.de\/wp-content\/uploads\/2020\/09\/shure-55sh-ii-e1601485394796-142x300.jpg 142w\" sizes=\"auto, (max-width: 10px) 100vw, 10px\" \/> Timo Schmidtchen<\/p>\n\n\n\n<p><u>ab 21.05 Uhr<\/u><\/p>\n\n\n\n<p><strong style=\"font-style: italic;\">Tottenham Hotspur <strong><em><span><b style=\"font-style: italic;\">\u2013<\/b><\/span><\/em><\/strong><\/strong> <em><strong>Manchester United (21.15 Uhr)<\/strong><\/em> <br><img loading=\"lazy\" decoding=\"async\" width=\"10\" height=\"21\" class=\"wp-image-3656\" style=\"width: 10px;\" src=\"http:\/\/kommentatorenblog.de\/wp-content\/uploads\/2020\/09\/shure-55sh-ii-e1601485394796.jpg\" alt=\"\" srcset=\"http:\/\/kommentatorenblog.de\/wp-content\/uploads\/2020\/09\/shure-55sh-ii-e1601485394796.jpg 415w, http:\/\/kommentatorenblog.de\/wp-content\/uploads\/2020\/09\/shure-55sh-ii-e1601485394796-142x300.jpg 142w\" sizes=\"auto, (max-width: 10px) 100vw, 10px\" \/> Hannes Herrmann<\/p>\n\n\n\n<hr class=\"wp-block-separator is-style-default\"\/>\n\n\n\n<p><strong>EFL Championship (ENG), Nachholspiele 38. Spieltag (Sportdigital FUSSBALL)<\/strong><\/p>\n\n\n\n<p><u>Dienstag, 25<\/u><u>. April 2023, ab 20.50 Uhr<\/u><\/p>\n\n\n\n<p><strong style=\"font-style: italic;\">Blackburn Rovers <strong><em><span><b style=\"font-style: italic;\">\u2013<\/b><\/span><\/em><\/strong><\/strong> <em><strong>FC Burnley (21.00 Uhr)<\/strong><\/em> <br><img loading=\"lazy\" decoding=\"async\" width=\"10\" height=\"21\" class=\"wp-image-3656\" style=\"width: 10px;\" src=\"http:\/\/kommentatorenblog.de\/wp-content\/uploads\/2020\/09\/shure-55sh-ii-e1601485394796.jpg\" alt=\"\" srcset=\"http:\/\/kommentatorenblog.de\/wp-content\/uploads\/2020\/09\/shure-55sh-ii-e1601485394796.jpg 415w, http:\/\/kommentatorenblog.de\/wp-content\/uploads\/2020\/09\/shure-55sh-ii-e1601485394796-142x300.jpg 142w\" sizes=\"auto, (max-width: 10px) 100vw, 10px\" \/> Martin Hahn<\/p>\n\n\n\n<p><u>Mittwoch, 26<\/u><u>. April 2023<\/u><\/p>\n\n\n\n<p><strong style=\"font-style: italic;\">Sheffield United <strong><em><span><b style=\"font-style: italic;\">\u2013<\/b><\/span><\/em><\/strong><\/strong> <em><strong>West Bromwich Albion (21.00 Uhr)<\/strong><\/em> <br><img loading=\"lazy\" decoding=\"async\" width=\"10\" height=\"21\" class=\"wp-image-3656\" style=\"width: 10px;\" src=\"http:\/\/kommentatorenblog.de\/wp-content\/uploads\/2020\/09\/shure-55sh-ii-e1601485394796.jpg\" alt=\"\" srcset=\"http:\/\/kommentatorenblog.de\/wp-content\/uploads\/2020\/09\/shure-55sh-ii-e1601485394796.jpg 415w, http:\/\/kommentatorenblog.de\/wp-content\/uploads\/2020\/09\/shure-55sh-ii-e1601485394796-142x300.jpg 142w\" sizes=\"auto, (max-width: 10px) 100vw, 10px\" \/> Marvin Kirsch<\/p>\n\n\n\n<hr class=\"wp-block-separator is-style-default\"\/>\n\n\n\n<p><strong>LaLiga (ESP), 31. Spieltag (DAZN)<\/strong><\/p>\n\n\n\n<p><u>Dienstag, 25<\/u><u>. April 2023<\/u><\/p>\n\n\n\n<p><strong style=\"font-style: italic;\">FC Girona <strong><em><span><b style=\"font-style: italic;\">\u2013<\/b><\/span><\/em><\/strong><\/strong> <em><strong>Real Madrid (19.30 Uhr)<\/strong><\/em> <br><img loading=\"lazy\" decoding=\"async\" width=\"10\" height=\"21\" class=\"wp-image-3656\" style=\"width: 10px;\" src=\"http:\/\/kommentatorenblog.de\/wp-content\/uploads\/2020\/09\/shure-55sh-ii-e1601485394796.jpg\" alt=\"\" srcset=\"http:\/\/kommentatorenblog.de\/wp-content\/uploads\/2020\/09\/shure-55sh-ii-e1601485394796.jpg 415w, http:\/\/kommentatorenblog.de\/wp-content\/uploads\/2020\/09\/shure-55sh-ii-e1601485394796-142x300.jpg 142w\" sizes=\"auto, (max-width: 10px) 100vw, 10px\" \/> Marco Hagemann<\/p>\n\n\n\n<p><strong style=\"font-style: italic;\">Real Betis <strong><em><span><b style=\"font-style: italic;\">\u2013<\/b><\/span><\/em><\/strong><\/strong> <em><strong>Real Sociedad (22.00 Uhr)<\/strong><\/em> <br><img loading=\"lazy\" decoding=\"async\" width=\"10\" height=\"21\" class=\"wp-image-3656\" style=\"width: 10px;\" src=\"http:\/\/kommentatorenblog.de\/wp-content\/uploads\/2020\/09\/shure-55sh-ii-e1601485394796.jpg\" alt=\"\" srcset=\"http:\/\/kommentatorenblog.de\/wp-content\/uploads\/2020\/09\/shure-55sh-ii-e1601485394796.jpg 415w, http:\/\/kommentatorenblog.de\/wp-content\/uploads\/2020\/09\/shure-55sh-ii-e1601485394796-142x300.jpg 142w\" sizes=\"auto, (max-width: 10px) 100vw, 10px\" \/> Uwe Morawe<\/p>\n\n\n\n<p><u>Mittwoch, 26<\/u><u>. April 2023<\/u><\/p>\n\n\n\n<p><strong style=\"font-style: italic;\">Atl\u00e9tico Madrid <strong><em><span><b style=\"font-style: italic;\">\u2013<\/b><\/span><\/em><\/strong><\/strong> <em><strong>RCD Mallorca (19.30 Uhr)<\/strong><\/em> <br><img loading=\"lazy\" decoding=\"async\" width=\"10\" height=\"21\" class=\"wp-image-3656\" style=\"width: 10px;\" src=\"http:\/\/kommentatorenblog.de\/wp-content\/uploads\/2020\/09\/shure-55sh-ii-e1601485394796.jpg\" alt=\"\" srcset=\"http:\/\/kommentatorenblog.de\/wp-content\/uploads\/2020\/09\/shure-55sh-ii-e1601485394796.jpg 415w, http:\/\/kommentatorenblog.de\/wp-content\/uploads\/2020\/09\/shure-55sh-ii-e1601485394796-142x300.jpg 142w\" sizes=\"auto, (max-width: 10px) 100vw, 10px\" \/> Matthias Naebers<\/p>\n\n\n\n<p><strong style=\"font-style: italic;\">Rayo Vallecano <strong><em><span><b style=\"font-style: italic;\">\u2013<\/b><\/span><\/em><\/strong><\/strong> <em><strong>FC Barcelona (22.00 Uhr)<\/strong><\/em> <br><img loading=\"lazy\" decoding=\"async\" width=\"10\" height=\"21\" class=\"wp-image-3656\" style=\"width: 10px;\" src=\"http:\/\/kommentatorenblog.de\/wp-content\/uploads\/2020\/09\/shure-55sh-ii-e1601485394796.jpg\" alt=\"\" srcset=\"http:\/\/kommentatorenblog.de\/wp-content\/uploads\/2020\/09\/shure-55sh-ii-e1601485394796.jpg 415w, http:\/\/kommentatorenblog.de\/wp-content\/uploads\/2020\/09\/shure-55sh-ii-e1601485394796-142x300.jpg 142w\" sizes=\"auto, (max-width: 10px) 100vw, 10px\" \/> Jan Platte<\/p>\n\n\n\n<p><u>Donnerstag, 27<\/u><u>. April 2023<\/u><\/p>\n\n\n\n<p><strong style=\"font-style: italic;\">FC Villarreal <strong><em><span><b style=\"font-style: italic;\">\u2013<\/b><\/span><\/em><\/strong><\/strong> <em><strong>Espanyol Barcelona (19.30 Uhr)<\/strong><\/em> <br><img loading=\"lazy\" decoding=\"async\" width=\"10\" height=\"21\" class=\"wp-image-3656\" style=\"width: 10px;\" src=\"http:\/\/kommentatorenblog.de\/wp-content\/uploads\/2020\/09\/shure-55sh-ii-e1601485394796.jpg\" alt=\"\" srcset=\"http:\/\/kommentatorenblog.de\/wp-content\/uploads\/2020\/09\/shure-55sh-ii-e1601485394796.jpg 415w, http:\/\/kommentatorenblog.de\/wp-content\/uploads\/2020\/09\/shure-55sh-ii-e1601485394796-142x300.jpg 142w\" sizes=\"auto, (max-width: 10px) 100vw, 10px\" \/> Oliver Forster<\/p>\n\n\n\n<hr class=\"wp-block-separator is-style-default\"\/>\n\n\n\n<p><strong>Coppa Italia (ITA), Halbfinal-R\u00fcckspiele (DAZN)<\/strong><\/p>\n\n\n\n<p><u>Mittwoch, 26<\/u><u>. April 2023<\/u><\/p>\n\n\n\n<p><strong style=\"font-style: italic;\">Inter Mailand <strong><em><span><b style=\"font-style: italic;\">\u2013<\/b><\/span><\/em><\/strong><\/strong> <em><strong>Juventus Turin (21.00 Uhr, Agg.: 1-1)<\/strong><\/em> <br><img loading=\"lazy\" decoding=\"async\" width=\"10\" height=\"21\" class=\"wp-image-3656\" style=\"width: 10px;\" src=\"http:\/\/kommentatorenblog.de\/wp-content\/uploads\/2020\/09\/shure-55sh-ii-e1601485394796.jpg\" alt=\"\" srcset=\"http:\/\/kommentatorenblog.de\/wp-content\/uploads\/2020\/09\/shure-55sh-ii-e1601485394796.jpg 415w, http:\/\/kommentatorenblog.de\/wp-content\/uploads\/2020\/09\/shure-55sh-ii-e1601485394796-142x300.jpg 142w\" sizes=\"auto, (max-width: 10px) 100vw, 10px\" \/> Mario Rieker, Experte: Christian Bernhard<\/p>\n\n\n\n<p><u>Donnerstag, 27<\/u><u>. April 2023<\/u><\/p>\n\n\n\n<p><strong style=\"font-style: italic;\">AC Florenz <strong><em><span><b style=\"font-style: italic;\">\u2013<\/b><\/span><\/em><\/strong><\/strong> <em><strong>US Cremonese (21.00 Uhr, Agg.: 2-0)<\/strong><\/em> <br><img loading=\"lazy\" decoding=\"async\" width=\"10\" height=\"21\" class=\"wp-image-3656\" style=\"width: 10px;\" src=\"http:\/\/kommentatorenblog.de\/wp-content\/uploads\/2020\/09\/shure-55sh-ii-e1601485394796.jpg\" alt=\"\" srcset=\"http:\/\/kommentatorenblog.de\/wp-content\/uploads\/2020\/09\/shure-55sh-ii-e1601485394796.jpg 415w, http:\/\/kommentatorenblog.de\/wp-content\/uploads\/2020\/09\/shure-55sh-ii-e1601485394796-142x300.jpg 142w\" sizes=\"auto, (max-width: 10px) 100vw, 10px\" \/> Oliver Fa\u00dfnacht<\/p>\n\n\n\n<hr class=\"wp-block-separator is-style-default\"\/>\n\n\n\n<p><strong>Bundesliga (AUT), 27. Runde (Sky)<\/strong><\/p>\n\n\n\n<p><u>Mittwoch, 26<\/u><u>. April 2023, ab 18.00 Uhr<\/u><\/p>\n\n\n\n<p><em>MG: <\/em><strong style=\"font-style: italic;\">SK Sturm Graz<\/strong><strong style=\"font-style: italic;\"> <strong><em><span><b style=\"font-style: italic;\">\u2013<\/b><\/span><\/em><\/strong><\/strong> <em><strong>FK Austria Wien (18.30 Uhr)<\/strong><\/em> <br><img loading=\"lazy\" decoding=\"async\" width=\"10\" height=\"21\" class=\"wp-image-3656\" style=\"width: 10px;\" src=\"http:\/\/kommentatorenblog.de\/wp-content\/uploads\/2020\/09\/shure-55sh-ii-e1601485394796.jpg\" alt=\"\" srcset=\"http:\/\/kommentatorenblog.de\/wp-content\/uploads\/2020\/09\/shure-55sh-ii-e1601485394796.jpg 415w, http:\/\/kommentatorenblog.de\/wp-content\/uploads\/2020\/09\/shure-55sh-ii-e1601485394796-142x300.jpg 142w\" sizes=\"auto, (max-width: 10px) 100vw, 10px\" \/> Martin Konrad<\/p>\n\n\n\n<p><u>ab 20.00 Uhr<\/u><\/p>\n\n\n\n<p><em>MG: <\/em><strong style=\"font-style: italic;\">SK Rapid Wien <strong><em><span><b style=\"font-style: italic;\">\u2013<\/b><\/span><\/em><\/strong><\/strong> <em><strong>FC Salzburg (20.30 Uhr)<\/strong><\/em> <br><img loading=\"lazy\" decoding=\"async\" width=\"10\" height=\"21\" class=\"wp-image-3656\" style=\"width: 10px;\" src=\"http:\/\/kommentatorenblog.de\/wp-content\/uploads\/2020\/09\/shure-55sh-ii-e1601485394796.jpg\" alt=\"\" srcset=\"http:\/\/kommentatorenblog.de\/wp-content\/uploads\/2020\/09\/shure-55sh-ii-e1601485394796.jpg 415w, http:\/\/kommentatorenblog.de\/wp-content\/uploads\/2020\/09\/shure-55sh-ii-e1601485394796-142x300.jpg 142w\" sizes=\"auto, (max-width: 10px) 100vw, 10px\" \/> Otto Rosenauer<\/p>\n\n\n\n<p>Moderation: J\u00f6rg K\u00fcnne, Experte: Andreas Herzog<\/p>\n\n\n\n<hr class=\"wp-block-separator is-style-default\"\/>\n\n\n\n<p><strong><strong><strong>1.&nbsp;\u010cesk\u00e1 Fotbalov\u00e1 Liga<\/strong>&nbsp;(CZE), 29. Spieltag (Sportdigital Fu\u00dfball)<\/strong><\/strong><\/p>\n\n\n\n<p><u>Mittwoch, 26<\/u><u>. April 2023, ab 19.15 Uhr<\/u><\/p>\n\n\n\n<p><strong style=\"font-style: italic;\">Sparta Prag <strong><em><span><b style=\"font-style: italic;\">\u2013<\/b><\/span><\/em><\/strong><\/strong> <em><strong>FC Viktoria Pilsen (19.30 Uhr)<\/strong><\/em> <br><img loading=\"lazy\" decoding=\"async\" width=\"10\" height=\"21\" class=\"wp-image-3656\" style=\"width: 10px;\" src=\"http:\/\/kommentatorenblog.de\/wp-content\/uploads\/2020\/09\/shure-55sh-ii-e1601485394796.jpg\" alt=\"\" srcset=\"http:\/\/kommentatorenblog.de\/wp-content\/uploads\/2020\/09\/shure-55sh-ii-e1601485394796.jpg 415w, http:\/\/kommentatorenblog.de\/wp-content\/uploads\/2020\/09\/shure-55sh-ii-e1601485394796-142x300.jpg 142w\" sizes=\"auto, (max-width: 10px) 100vw, 10px\" \/> Jakob Vogel<\/p>\n\n\n\n<hr class=\"wp-block-separator is-style-default\"\/>\n\n\n\n<p><strong><code>ANALYSE<\/code><\/strong><\/p>\n\n\n\n<p><strong>Rangnick zu Gast beim Match of the Week\/Year<\/strong><\/p>\n\n\n\n<p>Die anstehenden Tage stehen ganz im Zeichen der Premier League: von Dienstag bis Donnerstag steht der komplette 33. Spieltag an, Sky zeigt alle 10 Spiele komplett live und mit deutschem Kommentar. Sven Schr\u00f6ter und Hannes Herrmann kommen dabei zweimal zum Einsatz, die Hebels jeweils einmal, ebenso wie Marcel Meinert, Markus Gaupp und Timo Schmidtchen. Hannes Herrmann kommentiert unter anderem das brisante Duell um die Champions League Pl\u00e4tze zwischen Tottenham und ManUnited.<\/p>\n\n\n\n<p>Das zehnte und herausstechende Spiel an diesem Spieltag begleitet Sky als Match of the Week (bzw. Year) mit Schmiso und Ralf Rangnick im Studio sowie wie gewohnt Raphael Honigstein im Stadion.<\/p>\n\n\n\n<p>Auch Sportdigital hat englischen Fu\u00dfball im Programm und zeigt die Partien des schon feststehenden Aufsteigers Burnley sowie des ersten Verfolgers Sheffield United, kommentiert von Marvin Kirsch.<\/p>\n\n\n\n<p><strong>Hagemann bei Real, Platte bei Barca, Rieker beim Derby d&#8217;Italia<\/strong><\/p>\n\n\n\n<p>Auch in LaLiga steht ein Spieltag an, DAZN zeigt auch satte 5 der 10 Partien mit deutschem Kommentar. Jan Platte und Marco Hagemann nehmen sich dabei am Mittwoch bzw. Dienstag die beiden Spitzenteams aus Barcelona bzw. Madrid vor. <\/p>\n\n\n\n<p>Unterdessen stehen in Italien die R\u00fcckspiele des Pokalhalbfinals an. Die AC Florenz geht dabei mit einem satten 2:0-Vorsprung ins Heimspiel gegen Cremonese und Oliver Fa\u00dfnacht begleitet, ob es die Fiorentina am Donnerstag ins Finale schafft. <br>Mit einer spannenden 1:1-Konstellation findet das Derby d&#8217;Italia im zweiten Halbfinale seinen zweiten Spannungsbogen am Tag davor im San Siro. Wie im Hinspiel ist dabei Christian Bernhard als Experte mit dabei, der Kommentator f\u00fcrs R\u00fcckspiel ist dann allerdings Mario Rieker und nicht Carsten Fu\u00df wie beim Hinspiel.<\/p>\n\n\n\n<p><strong>Halbfinal-R\u00fcckspiel Nummer 1 in der Frauen-CL<\/strong><\/p>\n\n\n\n<p>Auch wenn sich die W\u00f6lfinnen nach ihrem leider verspielten 2:0 noch bis zum 1. Mai gedulden m\u00fcssen, ehe in London das R\u00fcckspiel ansteht, geht es dieser Tage schon zum R\u00fcckspiel des anderen Halbfinals in der Frauen-CL: Barca empf\u00e4ngt mit einem 1:0 in der Hinterhand die Damen des FC Chelsea. Christoph Fetzer kommentiert f\u00fcr DAZN. Das Hinspiel hatte Nico Seepe \u00fcbernommen.<\/p>\n\n\n\n<p>Bei den M\u00e4nnern steht am Mittwoch bei Sky Austria (auch in Deutschland zu sehen) noch der gro\u00dfe Wienerische Spitzenspieltag an: Die Austria ist zu Gast beim Tabellenzweiten Sturm, Martin Konrad kommentiert. Im Anschluss empf\u00e4ngt Rapid die Serienmeister aus Salzburg unter den Augen von Otto Rosenauer<\/p>\n\n\n\n<p>In Tschechien steht dann w\u00e4hrenddessen das Duell Zweiter gegen Dritter an: Das mit dem Tabellenf\u00fchrer Slavia Prag punktgleiche Sparta Prag empf\u00e4ngt den aktuellen Dritten und amtierenden Meister Viktoria Pilsen. Jakob Vogel kommentiert die Partie f\u00fcr Sportdigital.<\/p>\n\n\n\n<p>Habt damit eine sch\u00f6ne Fu\u00dfballwoche &#8211; insbesondere der Mittwoch hat ja einiges zu bieten..<\/p>\n","protected":false},"excerpt":{"rendered":"<p>N&#8217;Abend allerseits, das vergangene Wochenende hat die Alarmglocken f\u00fcr einen spannenden und v\u00f6llig offenen Meisterschaftskampf nochmal deutlich lauter schrillen lassen: Bayern ist nun wieder einen Punkt hinter Borussia Dortmund. Damit ist die Ausgangssituation im Vergleich zu vor dem Trainerwechsel an der S\u00e4bener Stra\u00dfe wiederhergestellt &#8211; mit dem kleinen Unterschied dass die &#8222;beste Mannschaft Europas&#8220; (Sadio [&hellip;]<\/p>\n","protected":false},"author":12,"featured_media":0,"comment_status":"open","ping_status":"open","sticky":false,"template":"","format":"standard","meta":{"footnotes":""},"categories":[429],"tags":[],"class_list":["post-14931","post","type-post","status-publish","format-standard","hentry","category-diverses"],"_links":{"self":[{"href":"http:\/\/kommentatorenblog.de\/index.php?rest_route=\/wp\/v2\/posts\/14931","targetHints":{"allow":["GET"]}}],"collection":[{"href":"http:\/\/kommentatorenblog.de\/index.php?rest_route=\/wp\/v2\/posts"}],"about":[{"href":"http:\/\/kommentatorenblog.de\/index.php?rest_route=\/wp\/v2\/types\/post"}],"author":[{"embeddable":true,"href":"http:\/\/kommentatorenblog.de\/index.php?rest_route=\/wp\/v2\/users\/12"}],"replies":[{"embeddable":true,"href":"http:\/\/kommentatorenblog.de\/index.php?rest_route=%2Fwp%2Fv2%2Fcomments&post=14931"}],"version-history":[{"count":6,"href":"http:\/\/kommentatorenblog.de\/index.php?rest_route=\/wp\/v2\/posts\/14931\/revisions"}],"predecessor-version":[{"id":14946,"href":"http:\/\/kommentatorenblog.de\/index.php?rest_route=\/wp\/v2\/posts\/14931\/revisions\/14946"}],"wp:attachment":[{"href":"http:\/\/kommentatorenblog.de\/index.php?rest_route=%2Fwp%2Fv2%2Fmedia&parent=14931"}],"wp:term":[{"taxonomy":"category","embeddable":true,"href":"http:\/\/kommentatorenblog.de\/index.php?rest_route=%2Fwp%2Fv2%2Fcategories&post=14931"},{"taxonomy":"post_tag","embeddable":true,"href":"http:\/\/kommentatorenblog.de\/index.php?rest_route=%2Fwp%2Fv2%2Ftags&post=14931"}],"curies":[{"name":"wp","href":"https:\/\/api.w.org\/{rel}","templated":true}]}}