{"id":14940,"date":"2023-04-24T22:07:46","date_gmt":"2023-04-24T20:07:46","guid":{"rendered":"http:\/\/kommentatorenblog.de\/?p=14940"},"modified":"2023-04-24T22:07:47","modified_gmt":"2023-04-24T20:07:47","slug":"nachruf-ernst-huberty","status":"publish","type":"post","link":"http:\/\/kommentatorenblog.de\/?p=14940","title":{"rendered":"Nachruf: Ernst Huberty"},"content":{"rendered":"\n<p>Seit 2008 blicken wir in diesem Blog nunmehr auf aktuelle Kommentatorenansetzungen im Fussball. Im selben Jahr war der Name Ernst Huberty in Beitrag zw\u00f6lf &#8222;Irgendwie nicht viel los!&#8220; wohl ein einziges Mal zu h\u00f6ren. Frederik, der Gr\u00fcnder dieses Blogs, analysierte die Ansetzung damals wie folgt: <\/p>\n\n\n\n<p>Eine viel gr\u00f6\u00dfere \u00dcberraschung gibt es beim Tag der Legenden. Gerd Gottlob ist das mit Sicherheit nicht, aber der Mann, der neben ihm Sitz ist Ernst Huberty \u2013 ein wahre Reporterlegende! \u201cMister Sportschau\u201d ist mittlerweile 81 Jahre alt und moderierte die Sportschau von 1961 bis 1982.<\/p>\n\n\n\n<p>Ich war damals vier Jahre alt und habe in meinem Leben leider keine einzige Live\u00fcbertragung von Ernst Huberty h\u00f6ren und verfolgen k\u00f6nnen. Nichtsdestotrotz ist der Name einer solchen Ikone des Sportjournalismus wohl jedem bekannt, der sich mit diesem besch\u00e4ftigt. Ich selbst kann sagen, dass &#8222;Mr. Sportschau&#8220; neben Heribert Fa\u00dfbender, die f\u00fcr mich, ohne sie jemals im TV gesehen zu haben, mit gr\u00f6\u00dften ihrer Zunft sind und waren. Huberty war bspw. der erste Moderator der wohl gr\u00f6\u00dften Sportsendung dieses Landes: Der Sportschau. Auch ihm haben wir es zu verdanken, dass die mediale Berichterstattung vom Fussball die Tragweite hat, die sie inzwischen hat.<\/p>\n\n\n\n<p>Ich halte es in Anbetracht dessen, dass ich Ernst Huberty nie erleben konnte, f\u00fcr vermessen, in Erinnerungen zu schwelgen, die nicht die meinen sind. Allerdings hat mich die Nachricht seines Todes heute Abend ein St\u00fcck weit betroffen gemacht, da ein Urvater der Sportberichterstattung im Alter von 96 Jahren von uns gegangen ist. <\/p>\n\n\n\n<p>Der gesamte Kommentatorenblog trauert um Ernst Huberty, dankt f\u00fcr seinen Einsatz in der Sportberichterstattung und spricht Familie und Freunden unser Mitgef\u00fchl aus. <\/p>\n\n\n\n<p>Ruhe in Frieden!<\/p>\n","protected":false},"excerpt":{"rendered":"<p>Seit 2008 blicken wir in diesem Blog nunmehr auf aktuelle Kommentatorenansetzungen im Fussball. Im selben Jahr war der Name Ernst Huberty in Beitrag zw\u00f6lf &#8222;Irgendwie nicht viel los!&#8220; wohl ein einziges Mal zu h\u00f6ren. Frederik, der Gr\u00fcnder dieses Blogs, analysierte die Ansetzung damals wie folgt: Eine viel gr\u00f6\u00dfere \u00dcberraschung gibt es beim Tag der Legenden. [&hellip;]<\/p>\n","protected":false},"author":5,"featured_media":0,"comment_status":"open","ping_status":"open","sticky":false,"template":"","format":"standard","meta":{"footnotes":""},"categories":[1],"tags":[],"class_list":["post-14940","post","type-post","status-publish","format-standard","hentry","category-uncategorized"],"_links":{"self":[{"href":"http:\/\/kommentatorenblog.de\/index.php?rest_route=\/wp\/v2\/posts\/14940","targetHints":{"allow":["GET"]}}],"collection":[{"href":"http:\/\/kommentatorenblog.de\/index.php?rest_route=\/wp\/v2\/posts"}],"about":[{"href":"http:\/\/kommentatorenblog.de\/index.php?rest_route=\/wp\/v2\/types\/post"}],"author":[{"embeddable":true,"href":"http:\/\/kommentatorenblog.de\/index.php?rest_route=\/wp\/v2\/users\/5"}],"replies":[{"embeddable":true,"href":"http:\/\/kommentatorenblog.de\/index.php?rest_route=%2Fwp%2Fv2%2Fcomments&post=14940"}],"version-history":[{"count":2,"href":"http:\/\/kommentatorenblog.de\/index.php?rest_route=\/wp\/v2\/posts\/14940\/revisions"}],"predecessor-version":[{"id":14942,"href":"http:\/\/kommentatorenblog.de\/index.php?rest_route=\/wp\/v2\/posts\/14940\/revisions\/14942"}],"wp:attachment":[{"href":"http:\/\/kommentatorenblog.de\/index.php?rest_route=%2Fwp%2Fv2%2Fmedia&parent=14940"}],"wp:term":[{"taxonomy":"category","embeddable":true,"href":"http:\/\/kommentatorenblog.de\/index.php?rest_route=%2Fwp%2Fv2%2Fcategories&post=14940"},{"taxonomy":"post_tag","embeddable":true,"href":"http:\/\/kommentatorenblog.de\/index.php?rest_route=%2Fwp%2Fv2%2Ftags&post=14940"}],"curies":[{"name":"wp","href":"https:\/\/api.w.org\/{rel}","templated":true}]}}