{"id":14972,"date":"2023-05-01T15:05:15","date_gmt":"2023-05-01T13:05:15","guid":{"rendered":"http:\/\/kommentatorenblog.de\/?p=14972"},"modified":"2023-05-01T15:05:17","modified_gmt":"2023-05-01T13:05:17","slug":"1338-pokal-revanche","status":"publish","type":"post","link":"http:\/\/kommentatorenblog.de\/?p=14972","title":{"rendered":"1338 &#8211; Pokal- Revanche?"},"content":{"rendered":"\n<p>Hallo zusammen,<\/p>\n\n\n\n<p>die Bundesliga der M\u00e4nner biegt auf die Zielgerade ein, und der FC Bayern hat vier Spieltage vor Schluss die Tabellenf\u00fchrung wieder vom BVB \u00fcbernommen. Allerdings betr\u00e4gt der Vorsprung nur ein P\u00fcnktchen, Spannung ist also noch garantiert.<\/p>\n\n\n\n<p>Nicht minder spannend ist es in der Bundesliga der Frauen. Auch hier hei\u00dft der Tabellenerste FC Bayern und hat ebenfalls vier Spieltage vor Schluss nur einen Punkt Vorsprung auf die Verfolgerinnen aus Wolfsburg. Im Gegensatz zu den M\u00e4nnern haben die Bayern- Frauen aber aktuell das schlechtere Torverh\u00e4ltnis als der Tabellenzweite.<\/p>\n\n\n\n<p>F\u00fcr die Wolfsburgerinnen geht es, wie ihr bereits im vorherigen Beitrag gelesen habt, zudem noch um den Einzug in das Champions League- Finale, gespielt wird Montagabend in London gegen Arsenal, im Hinspiel trennte man sich 2:2. Die Partie gibt es kostenlos auf dem DAZN YouTube- Kanal zu sehen, sowie zu h\u00f6ren bei sportschau.de (Reporter: Mats Nickelsen und Thorsten Iffland).<\/p>\n\n\n\n<p>Dienstag und Mittwoch geht es dann mit K.O.- Spielen weiter, und zwar im DFB- Pokal Halbfinale der M\u00e4nner. Los geht es am Dienstag in Freiburg, wenn der Sportclub RB Leipzig begr\u00fc\u00dft und damit auch zur Neuauflage des Finals von 2022 empf\u00e4ngt. Vielleicht gelingt den Freiburgern ja die Revanche f\u00fcr die bittere Pokal- Niederlage als man 2:4 im Elfmeterschie\u00dfen verlor. Die Frauen des SC Freiburg haben schon mal vorgemacht, wie es gehen k\u00f6nnte, sie trafen ebenfalls auf RB Leipzig und besiegten diese (wenn auch knapp) mit 1:0. Im Finale (am 18.05 live im <em>Ersten <\/em>und bei <em>Sky<\/em>) wartet dann der VfL Wolfsburg.<\/p>\n\n\n\n<p>Das zweite Halbfinale bestreiten dann am Mittwoch der VfB Stuttgart und Eintracht Frankfurt. W\u00e4hrend der VfB in der Liga gegen den Abstieg k\u00e4mpft, hofft die Eintracht noch auf Europa. Daf\u00fcr gibt es ja bekanntlich zwei Wege: Top 6 in der Liga oder Sieg im DFB- Pokal. Aktuell liegen sie auf Platz 9, mit f\u00fcnf Punkten R\u00fcckstand auf Platz sechs. Zu Platz 7, der reichen k\u00f6nnte, wenn Freiburg oder RB (sofern sie ihre aktuelle Platzierung ann\u00e4hernd halten) den Pokal holen w\u00fcrden, sind es dagegen nur 3 Punkte.<\/p>\n\n\n\n<p>Wo es die Pokalpartien zu sehen gibt, erfahrt ihr in den Ansetzungen unten:<\/p>\n\n\n\n<p><strong>Die Ansetzungen vom 01. Mai 2023 bis 04. Mai 2023:<\/strong><\/p>\n\n\n\n<hr class=\"wp-block-separator is-style-default\"\/>\n\n\n\n<p><strong>UEFA Women&#8217;s Champions League, Halbfinal-R\u00fcckspiel (DAZN &amp; DAZN YouTube(@DAZNUWCL<\/strong>)<strong>)<\/strong><\/p>\n\n\n\n<p><u>Montag, 01. Mai 2023<\/u><\/p>\n\n\n\n<p><em><strong>Arsenal \u2013 VfL Wolfsburg (18.45 Uhr<\/strong><\/em>)<\/p>\n\n\n\n<p> Jan Platte; Expertin: Almuth Schult  <\/p>\n\n\n\n<hr class=\"wp-block-separator is-style-default\"\/>\n\n\n\n<p><strong>DFB- Pokal Halbfinale der M\u00e4nner (Sky und ARD\/ZDF)<\/strong><\/p>\n\n\n\n<p><u>Dienstag, 02. Mai<\/u><u> 2023, ab 20.15 Uhr (Sky und ZDF)<\/u><\/p>\n\n\n\n<p><strong style=\"font-style: italic;\">SC Freiburg <strong><em><span><b style=\"font-style: italic;\">\u2013<\/b><\/span><\/em><\/strong><\/strong> <em><strong>RB Leipzig (20.45 Uhr)<\/strong><\/em> <br><img loading=\"lazy\" decoding=\"async\" width=\"10\" height=\"21\" class=\"wp-image-3656\" style=\"width: 10px;\" src=\"http:\/\/kommentatorenblog.de\/wp-content\/uploads\/2020\/09\/shure-55sh-ii-e1601485394796.jpg\" alt=\"\" srcset=\"http:\/\/kommentatorenblog.de\/wp-content\/uploads\/2020\/09\/shure-55sh-ii-e1601485394796.jpg 415w, http:\/\/kommentatorenblog.de\/wp-content\/uploads\/2020\/09\/shure-55sh-ii-e1601485394796-142x300.jpg 142w\" sizes=\"auto, (max-width: 10px) 100vw, 10px\" \/> Sky: Kai Dittmann<\/p>\n\n\n\n<p><img loading=\"lazy\" decoding=\"async\" width=\"10\" height=\"21\" class=\"wp-image-3656\" style=\"width: 10px;\" src=\"http:\/\/kommentatorenblog.de\/wp-content\/uploads\/2020\/09\/shure-55sh-ii-e1601485394796.jpg\" alt=\"\" srcset=\"http:\/\/kommentatorenblog.de\/wp-content\/uploads\/2020\/09\/shure-55sh-ii-e1601485394796.jpg 415w, http:\/\/kommentatorenblog.de\/wp-content\/uploads\/2020\/09\/shure-55sh-ii-e1601485394796-142x300.jpg 142w\" sizes=\"auto, (max-width: 10px) 100vw, 10px\" \/> ZDF: Claudia Neumann, Experte: Hanno Balitsch<\/p>\n\n\n\n<p>Moderation (Sky): Michael Leopold, Field- Reporter: Yannick Erkenbrecher<\/p>\n\n\n\n<p>Moderation (ZDF): Sven Voss, Field- Reporter\/in: Florian Zschiedrich, Eike Papsdorf<\/p>\n\n\n\n<p><u>Mittwoch, 03. Mai<\/u><u> 2023, ab 20.15 Uhr (Sky und ARD)<\/u><\/p>\n\n\n\n<p><strong style=\"font-style: italic;\">VfB Stuttgart <strong><em><span><b style=\"font-style: italic;\">\u2013<\/b><\/span><\/em><\/strong><\/strong> <em><strong>Eintracht Frankfurt (20.45 Uhr)<\/strong><\/em> <br><img loading=\"lazy\" decoding=\"async\" width=\"10\" height=\"21\" class=\"wp-image-3656\" style=\"width: 10px;\" src=\"http:\/\/kommentatorenblog.de\/wp-content\/uploads\/2020\/09\/shure-55sh-ii-e1601485394796.jpg\" alt=\"\" srcset=\"http:\/\/kommentatorenblog.de\/wp-content\/uploads\/2020\/09\/shure-55sh-ii-e1601485394796.jpg 415w, http:\/\/kommentatorenblog.de\/wp-content\/uploads\/2020\/09\/shure-55sh-ii-e1601485394796-142x300.jpg 142w\" sizes=\"auto, (max-width: 10px) 100vw, 10px\" \/> Sky: Wolff Fuss<\/p>\n\n\n\n<p><img loading=\"lazy\" decoding=\"async\" width=\"10\" height=\"21\" class=\"wp-image-3656\" style=\"width: 10px;\" src=\"http:\/\/kommentatorenblog.de\/wp-content\/uploads\/2020\/09\/shure-55sh-ii-e1601485394796.jpg\" alt=\"\" srcset=\"http:\/\/kommentatorenblog.de\/wp-content\/uploads\/2020\/09\/shure-55sh-ii-e1601485394796.jpg 415w, http:\/\/kommentatorenblog.de\/wp-content\/uploads\/2020\/09\/shure-55sh-ii-e1601485394796-142x300.jpg 142w\" sizes=\"auto, (max-width: 10px) 100vw, 10px\" \/> ARD: Tom Bartels, <\/p>\n\n\n\n<p>Moderation (Sky): Patrick Wasserziehr, Field- Reporterin: Nele Schenker<\/p>\n\n\n\n<p>Moderation (ARD): Esther Sedlaczek, Experte: Bastian Schweinsteiger Field- Reporterin: Lea Wagner<\/p>\n\n\n\n<hr class=\"wp-block-separator is-style-default\"\/>\n\n\n\n<p><strong>Premier League (ENG), 34. Spieltag &amp; Nachholspiele (Sky)<\/strong><\/p>\n\n\n\n<p><u>Dienstag, 02. Mai <\/u><u>2023, ab 20.50 Uhr<\/u><\/p>\n\n\n\n<p><strong style=\"font-style: italic;\">FC Arsenal \u2013 FC Chelsea<\/strong><em><strong> (21.00 Uhr)<\/strong><\/em> <br><img loading=\"lazy\" decoding=\"async\" width=\"10\" height=\"21\" class=\"wp-image-3656\" style=\"width: 10px;\" src=\"http:\/\/kommentatorenblog.de\/wp-content\/uploads\/2020\/09\/shure-55sh-ii-e1601485394796.jpg\" alt=\"\" srcset=\"http:\/\/kommentatorenblog.de\/wp-content\/uploads\/2020\/09\/shure-55sh-ii-e1601485394796.jpg 415w, http:\/\/kommentatorenblog.de\/wp-content\/uploads\/2020\/09\/shure-55sh-ii-e1601485394796-142x300.jpg 142w\" sizes=\"auto, (max-width: 10px) 100vw, 10px\" \/> Florian Schmidt- Sommerfeld, Field- Reporter: Raphael Honigstein<\/p>\n\n\n\n<p><u>Mittwoch, 03. Mai <\/u><u>2023, ab 20.50 Uhr<\/u><\/p>\n\n\n\n<p><strong style=\"font-style: italic;\">Manchester City \u2013 West Ham United<\/strong><em><strong> (21.00 Uhr)<\/strong><\/em> <br><img loading=\"lazy\" decoding=\"async\" width=\"10\" height=\"21\" class=\"wp-image-3656\" style=\"width: 10px;\" src=\"http:\/\/kommentatorenblog.de\/wp-content\/uploads\/2020\/09\/shure-55sh-ii-e1601485394796.jpg\" alt=\"\" srcset=\"http:\/\/kommentatorenblog.de\/wp-content\/uploads\/2020\/09\/shure-55sh-ii-e1601485394796.jpg 415w, http:\/\/kommentatorenblog.de\/wp-content\/uploads\/2020\/09\/shure-55sh-ii-e1601485394796-142x300.jpg 142w\" sizes=\"auto, (max-width: 10px) 100vw, 10px\" \/> Uli Hebel<\/p>\n\n\n\n<p><strong style=\"font-style: italic;\">FC Liverpool \u2013 FC Fulham<\/strong><em><strong> (21.00 Uhr)<\/strong><\/em> <br><img loading=\"lazy\" decoding=\"async\" width=\"10\" height=\"21\" class=\"wp-image-3656\" style=\"width: 10px;\" src=\"http:\/\/kommentatorenblog.de\/wp-content\/uploads\/2020\/09\/shure-55sh-ii-e1601485394796.jpg\" alt=\"\" srcset=\"http:\/\/kommentatorenblog.de\/wp-content\/uploads\/2020\/09\/shure-55sh-ii-e1601485394796.jpg 415w, http:\/\/kommentatorenblog.de\/wp-content\/uploads\/2020\/09\/shure-55sh-ii-e1601485394796-142x300.jpg 142w\" sizes=\"auto, (max-width: 10px) 100vw, 10px\" \/> Joachim Hebel<\/p>\n\n\n\n<p><u>Donnerstag, 04. Mai<\/u><u> 2023, ab 20.50 Uhr<\/u><\/p>\n\n\n\n<p><strong style=\"font-style: italic;\">Brighton &amp; Hove Albion \u2013 Manchester United<\/strong><em><strong> (21.00 Uhr)<\/strong><\/em> <br><img loading=\"lazy\" decoding=\"async\" width=\"10\" height=\"21\" class=\"wp-image-3656\" style=\"width: 10px;\" src=\"http:\/\/kommentatorenblog.de\/wp-content\/uploads\/2020\/09\/shure-55sh-ii-e1601485394796.jpg\" alt=\"\" srcset=\"http:\/\/kommentatorenblog.de\/wp-content\/uploads\/2020\/09\/shure-55sh-ii-e1601485394796.jpg 415w, http:\/\/kommentatorenblog.de\/wp-content\/uploads\/2020\/09\/shure-55sh-ii-e1601485394796-142x300.jpg 142w\" sizes=\"auto, (max-width: 10px) 100vw, 10px\" \/> Toni Tomic<\/p>\n\n\n\n<hr class=\"wp-block-separator is-style-default\"\/>\n\n\n\n<hr class=\"wp-block-separator is-style-default\"\/>\n\n\n\n<p><strong>LaLiga (ESP) (DAZN)<\/strong><\/p>\n\n\n\n<p><u>Dienstag, 02. Mai <\/u><u>2023<\/u><\/p>\n\n\n\n<p><strong style=\"font-style: italic;\">FC Barcelona <strong><em><span><b style=\"font-style: italic;\">\u2013<\/b><\/span><\/em><\/strong><\/strong> <em><strong>Osasuna (19.30 Uhr)<\/strong><\/em> <br><img loading=\"lazy\" decoding=\"async\" width=\"10\" height=\"21\" class=\"wp-image-3656\" style=\"width: 10px;\" src=\"http:\/\/kommentatorenblog.de\/wp-content\/uploads\/2020\/09\/shure-55sh-ii-e1601485394796.jpg\" alt=\"\" srcset=\"http:\/\/kommentatorenblog.de\/wp-content\/uploads\/2020\/09\/shure-55sh-ii-e1601485394796.jpg 415w, http:\/\/kommentatorenblog.de\/wp-content\/uploads\/2020\/09\/shure-55sh-ii-e1601485394796-142x300.jpg 142w\" sizes=\"auto, (max-width: 10px) 100vw, 10px\" \/> Marco Hagemann<\/p>\n\n\n\n<p><strong style=\"font-style: italic;\">Real <em><strong>Sociedad<\/strong><\/em> <strong><em><span><b style=\"font-style: italic;\">\u2013<\/b><\/span><\/em><\/strong><\/strong> <em><strong>Real Madrid (22.00 Uhr)<\/strong><\/em> <br><img loading=\"lazy\" decoding=\"async\" width=\"10\" height=\"21\" class=\"wp-image-3656\" style=\"width: 10px;\" src=\"http:\/\/kommentatorenblog.de\/wp-content\/uploads\/2020\/09\/shure-55sh-ii-e1601485394796.jpg\" alt=\"\" srcset=\"http:\/\/kommentatorenblog.de\/wp-content\/uploads\/2020\/09\/shure-55sh-ii-e1601485394796.jpg 415w, http:\/\/kommentatorenblog.de\/wp-content\/uploads\/2020\/09\/shure-55sh-ii-e1601485394796-142x300.jpg 142w\" sizes=\"auto, (max-width: 10px) 100vw, 10px\" \/> Jan Platte, Experte: Benny Lauth<\/p>\n\n\n\n<p><u>Mittwoch, 03. Mai<\/u><u> 2023<\/u><\/p>\n\n\n\n<p><strong style=\"font-style: italic;\">Atl\u00e9tico Madrid <strong><em><span><b style=\"font-style: italic;\">\u2013<\/b><\/span><\/em><\/strong><\/strong> <em><strong>Cadiz (22.00Uhr)<\/strong><\/em> <br><img loading=\"lazy\" decoding=\"async\" width=\"10\" height=\"21\" class=\"wp-image-3656\" style=\"width: 10px;\" src=\"http:\/\/kommentatorenblog.de\/wp-content\/uploads\/2020\/09\/shure-55sh-ii-e1601485394796.jpg\" alt=\"\" srcset=\"http:\/\/kommentatorenblog.de\/wp-content\/uploads\/2020\/09\/shure-55sh-ii-e1601485394796.jpg 415w, http:\/\/kommentatorenblog.de\/wp-content\/uploads\/2020\/09\/shure-55sh-ii-e1601485394796-142x300.jpg 142w\" sizes=\"auto, (max-width: 10px) 100vw, 10px\" \/> Michael Seyberth<\/p>\n\n\n\n<p><u>Donnerstag, 04. Mai<\/u><u> 2023<\/u><\/p>\n\n\n\n<p><strong style=\"font-style: italic;\">Atletic Bilbao <strong><em><span><b style=\"font-style: italic;\">\u2013<\/b><\/span><\/em><\/strong><\/strong> <em><strong>Real Betis (19.30 Uhr)<\/strong><\/em> <br><img loading=\"lazy\" decoding=\"async\" width=\"10\" height=\"21\" class=\"wp-image-3656\" style=\"width: 10px;\" src=\"http:\/\/kommentatorenblog.de\/wp-content\/uploads\/2020\/09\/shure-55sh-ii-e1601485394796.jpg\" alt=\"\" srcset=\"http:\/\/kommentatorenblog.de\/wp-content\/uploads\/2020\/09\/shure-55sh-ii-e1601485394796.jpg 415w, http:\/\/kommentatorenblog.de\/wp-content\/uploads\/2020\/09\/shure-55sh-ii-e1601485394796-142x300.jpg 142w\" sizes=\"auto, (max-width: 10px) 100vw, 10px\" \/> David Ploch<\/p>\n\n\n\n<hr class=\"wp-block-separator is-style-default\"\/>\n\n\n\n<p><strong>Serie A (DAZN)<\/strong><\/p>\n\n\n\n<p><u>Mittwoch, 03. Mai<\/u><u> 2023<\/u><\/p>\n\n\n\n<p><strong style=\"font-style: italic;\">Juventus Turin  <strong><em><span><b style=\"font-style: italic;\">\u2013<\/b><\/span><\/em><\/strong><\/strong> <em><strong>Lecce (18.00 Uhr)<\/strong><\/em> <br><img loading=\"lazy\" decoding=\"async\" width=\"10\" height=\"21\" class=\"wp-image-3656\" style=\"width: 10px;\" src=\"http:\/\/kommentatorenblog.de\/wp-content\/uploads\/2020\/09\/shure-55sh-ii-e1601485394796.jpg\" alt=\"\" srcset=\"http:\/\/kommentatorenblog.de\/wp-content\/uploads\/2020\/09\/shure-55sh-ii-e1601485394796.jpg 415w, http:\/\/kommentatorenblog.de\/wp-content\/uploads\/2020\/09\/shure-55sh-ii-e1601485394796-142x300.jpg 142w\" sizes=\"auto, (max-width: 10px) 100vw, 10px\" \/> Ruben Zimmermann<\/p>\n\n\n\n<p><strong style=\"font-style: italic;\">Hellas Verona <strong><em><span><b style=\"font-style: italic;\">\u2013<\/b><\/span><\/em><\/strong><\/strong> <em><strong>Inter Mailand (21.00 Uhr)<\/strong><\/em> <br><img loading=\"lazy\" decoding=\"async\" width=\"10\" height=\"21\" class=\"wp-image-3656\" style=\"width: 10px;\" src=\"http:\/\/kommentatorenblog.de\/wp-content\/uploads\/2020\/09\/shure-55sh-ii-e1601485394796.jpg\" alt=\"\" srcset=\"http:\/\/kommentatorenblog.de\/wp-content\/uploads\/2020\/09\/shure-55sh-ii-e1601485394796.jpg 415w, http:\/\/kommentatorenblog.de\/wp-content\/uploads\/2020\/09\/shure-55sh-ii-e1601485394796-142x300.jpg 142w\" sizes=\"auto, (max-width: 10px) 100vw, 10px\" \/> Mario Rieker<\/p>\n\n\n\n<p><strong style=\"font-style: italic;\">Monza <strong><em><span><b style=\"font-style: italic;\">\u2013<\/b><\/span><\/em><\/strong><\/strong> <em><strong>AS Rom (21.00 Uhr)<\/strong><\/em> <br><img loading=\"lazy\" decoding=\"async\" width=\"10\" height=\"21\" class=\"wp-image-3656\" style=\"width: 10px;\" src=\"http:\/\/kommentatorenblog.de\/wp-content\/uploads\/2020\/09\/shure-55sh-ii-e1601485394796.jpg\" alt=\"\" srcset=\"http:\/\/kommentatorenblog.de\/wp-content\/uploads\/2020\/09\/shure-55sh-ii-e1601485394796.jpg 415w, http:\/\/kommentatorenblog.de\/wp-content\/uploads\/2020\/09\/shure-55sh-ii-e1601485394796-142x300.jpg 142w\" sizes=\"auto, (max-width: 10px) 100vw, 10px\" \/> Manuel Angstenberger<\/p>\n\n\n\n<p><strong style=\"font-style: italic;\">AC Mailand <strong><em><span><b style=\"font-style: italic;\">\u2013<\/b><\/span><\/em><\/strong><\/strong> <em><strong>Cremonese (21.00 Uhr)<\/strong><\/em> <br><img loading=\"lazy\" decoding=\"async\" width=\"10\" height=\"21\" class=\"wp-image-3656\" style=\"width: 10px;\" src=\"http:\/\/kommentatorenblog.de\/wp-content\/uploads\/2020\/09\/shure-55sh-ii-e1601485394796.jpg\" alt=\"\" srcset=\"http:\/\/kommentatorenblog.de\/wp-content\/uploads\/2020\/09\/shure-55sh-ii-e1601485394796.jpg 415w, http:\/\/kommentatorenblog.de\/wp-content\/uploads\/2020\/09\/shure-55sh-ii-e1601485394796-142x300.jpg 142w\" sizes=\"auto, (max-width: 10px) 100vw, 10px\" \/> Simon Sterzer<\/p>\n\n\n\n<p><u>Donnerstag, 04. Mai <\/u><u>2023<\/u><\/p>\n\n\n\n<p><strong style=\"font-style: italic;\">Udinese <strong><em><span><b style=\"font-style: italic;\">\u2013<\/b><\/span><\/em><\/strong><\/strong> <em><strong>SSC Neapel (20.45 Uhr)<\/strong><\/em> <br><img loading=\"lazy\" decoding=\"async\" width=\"10\" height=\"21\" class=\"wp-image-3656\" style=\"width: 10px;\" src=\"http:\/\/kommentatorenblog.de\/wp-content\/uploads\/2020\/09\/shure-55sh-ii-e1601485394796.jpg\" alt=\"\" srcset=\"http:\/\/kommentatorenblog.de\/wp-content\/uploads\/2020\/09\/shure-55sh-ii-e1601485394796.jpg 415w, http:\/\/kommentatorenblog.de\/wp-content\/uploads\/2020\/09\/shure-55sh-ii-e1601485394796-142x300.jpg 142w\" sizes=\"auto, (max-width: 10px) 100vw, 10px\" \/> Carsten Fu\u00df<\/p>\n\n\n\n<hr class=\"wp-block-separator is-style-default\"\/>\n\n\n\n<p><strong>EFL Championship (ENG), Nachholspiele 44. Spieltag (Sportdigital FUSSBALL)<\/strong><\/p>\n\n\n\n<p><u>Donnerstag, 04. Mai<\/u><u> 2023, ab 20.45 Uhr<\/u><\/p>\n\n\n\n<p><strong style=\"font-style: italic;\">Huddersfield Town &#8211; Sheffield United<\/strong><em><strong> (21.00 Uhr)<\/strong><\/em> <br><img loading=\"lazy\" decoding=\"async\" width=\"10\" height=\"21\" class=\"wp-image-3656\" style=\"width: 10px;\" src=\"http:\/\/kommentatorenblog.de\/wp-content\/uploads\/2020\/09\/shure-55sh-ii-e1601485394796.jpg\" alt=\"\" srcset=\"http:\/\/kommentatorenblog.de\/wp-content\/uploads\/2020\/09\/shure-55sh-ii-e1601485394796.jpg 415w, http:\/\/kommentatorenblog.de\/wp-content\/uploads\/2020\/09\/shure-55sh-ii-e1601485394796-142x300.jpg 142w\" sizes=\"auto, (max-width: 10px) 100vw, 10px\" \/> &nbsp;Jonathan Dreier<\/p>\n\n\n\n<hr class=\"wp-block-separator is-style-default\"\/>\n\n\n\n<p><strong><code>ANALYSE<\/code><\/strong><\/p>\n\n\n\n<p>Wie bereits erw\u00e4hnt, startet die Fu\u00dfball- Woche mit der WCL- Begegnung des VfL Wolfsburgs bei Arsenal London. Kommentator wird Jan Platte sein, er \u00fcbernahm bereits das Hinspiel sowie davor ein paar Spiele der W\u00f6lfinnen. Expertin an seiner Seite soll Almuth Schult sein, im Hinspiel war dies noch Josephine Henning. Das zweite Halbfinal- R\u00fcckspiel fand bereits in der letzten Woche statt, Sieger und im Finale: der FC Barcelona.<\/p>\n\n\n\n<p><strong>Halbfinal- Kracher<\/strong><\/p>\n\n\n\n<p>Am Dienstag steht dann das erste Halbfinale im DFB- Pokal der M\u00e4nner an: Freiburg- Leipzig, die Neuauflage des letztj\u00e4hrigen Finals. Zu sehen gibt es die Partie bei Sky und ZDF, welche auch beide das Finale \u00fcbertragen werden. F\u00fcr Sky werden Kai Dittmann als Kommentator und Michael Leopold als Moderator das Spiel begleiten, beide waren schon beim Freiburger- Viertelfinale im Einsatz, neu im Team ist Yannick Erkenbrecher. Das ZDF dagegen hat sich entschieden, die nahezu komplette Crew vom Leipziger- Viertelfinale einzusetzen. So \u00fcbernimmt Claudia Neumann das zweite DFB- Pokalspiel in Folge als Kommentatorin, ebenso Sven Voss, der nun vermehrt als Moderator im M\u00e4nnerfu\u00dfball zum Einsatz kommt. Auch auf der Interview- Position gibt es im Vergleich zum Leipziger- Viertelfinale keine Ver\u00e4nderung, nur Hanno Balitsch rutscht als Experte neu ins Team f\u00fcr Per Mertesacker.<\/p>\n\n\n\n<p>Am Dienstag geht es dann bei Sky und der ARD mit dem zweiten Halbfinale weiter. Bei diesem Duell setzt wiederum Sky seine komplette Crew von der Viertelfinal Partie RB- BVB ein, Fuss kommentiert, Wasserziehr moderiert und Schenker wird die Interviews f\u00fchren. Bei der ARD gibt es im Vergleich zur Viertelfinal- \u00dcbertragung gro\u00dfe Ver\u00e4nderungen und lediglich Experte Schweinsteiger bleibt gleich. Moderieren wird die \u00dcbertragung Esther Sedlaczek, kommentieren wird SWR- Mann Tom Bartels. Dies \u00fcberrascht ebenso wenig, wie der Einsatz von Lea Wagner (ebenfalls SWR) als Field- Reporterin.<\/p>\n\n\n\n<p>F\u00fcr die ARD ist dieser Wettbewerb, zumindest bei den M\u00e4nnern, was die Live- \u00dcbertragungen angeht, beendet, das Finale der Frauen wird allerdings im Ersten \u00fcbertragen. Dazu scheint es in der ARD am 16.06 seit l\u00e4ngerer Zeit (abgesehen von der WM) eine \u00dcbertragung eines M\u00e4nner- L\u00e4nderspiels geben (<a href=\"https:\/\/www.dfb.de\/maenner-nationalmannschaft\/spiele-termine\/termine\/\">Termine&nbsp;::&nbsp;Spiele &amp; Termine&nbsp;::&nbsp;M\u00e4nner-Nationalmannschaft&nbsp;::&nbsp;M\u00e4nner-Nationalmannschaften&nbsp;::&nbsp;Teams&nbsp;::&nbsp;DFB &#8211; Deutscher Fu\u00dfball-Bund e.V.<\/a>).<\/p>\n\n\n\n<p>In der Premier League steht unterdessen am Dienstagabend das Stadtderby zwischen dem FC Arsenal und dem FC Chelsea an, kommentieren wird Schmidt- Sommerfeld. Dar\u00fcber hinaus finden am Mittwoch zwei Nachholspiele von ManCity bzw. Liverpool statt, welche von den Hebel- Br\u00fcdern \u00fcbernommen werden. Ein weiteres Nachholspiel am Donnerstag \u00fcbernimmt Toni Tomic.<\/p>\n\n\n\n<p>In La Liga haben sowohl der FC Barcelona und Real Madrid am Dienstag ein Ligaspiel zu absolvieren hier \u00fcbernehmen Marco Hagemann und Jan Platte. Hagemann kommentierte bereits letzten Dienstag ein Spiel von Barca.<\/p>\n\n\n\n<p><strong>Entscheidung in der Meisterschaft?<\/strong><\/p>\n\n\n\n<p>In der Serie A hat der SSC Neapel am Donnerstag die M\u00f6glichkeit, den Meistertitel klarzumachen, DAZN zeigt die Partie live, kommentieren wird Carsten Fu\u00df. Bereits am Mittwoch wird es vier weitere Spiele geben, darunter der beiden Mail\u00e4nder Teams.<\/p>\n\n\n\n<p>Dazu gibt es noch ein Spiel aus der 2. englischen Liga, hier \u00fcbernimmt Jonathan Dreier f\u00fcr sportdigital.<\/p>\n\n\n\n<p>Das soll es an dieser Stelle gewesen sein, eine sch\u00f6ne (Pokal-) Woche.<\/p>\n\n\n\n<p><\/p>\n","protected":false},"excerpt":{"rendered":"<p>Hallo zusammen, die Bundesliga der M\u00e4nner biegt auf die Zielgerade ein, und der FC Bayern hat vier Spieltage vor Schluss die Tabellenf\u00fchrung wieder vom BVB \u00fcbernommen. Allerdings betr\u00e4gt der Vorsprung nur ein P\u00fcnktchen, Spannung ist also noch garantiert. Nicht minder spannend ist es in der Bundesliga der Frauen. Auch hier hei\u00dft der Tabellenerste FC Bayern [&hellip;]<\/p>\n","protected":false},"author":10,"featured_media":0,"comment_status":"open","ping_status":"open","sticky":false,"template":"","format":"standard","meta":{"footnotes":""},"categories":[425,504],"tags":[548,19,131,36,165,13,797,97,89,908,540,48,347,507,93,909,834,43,243,88,634,369,301,696,22,134,710,273,24,105,107,196,37],"class_list":["post-14972","post","type-post","status-publish","format-standard","hentry","category-champions-league-und-co","category-dfb-pokal-co","tag-almuth-schult","tag-ard","tag-carsten-fuss","tag-claudia-neumann","tag-david-ploch","tag-dazn","tag-eike-papsdorf","tag-esther-sedlaczek","tag-florian-schmidt-sommerfeld","tag-florian-zschiedrich","tag-hanno-balitsch","tag-jan-platte","tag-joachim-hebel","tag-jonathan-dreier","tag-kai-dittmann","tag-lea-wagner","tag-manuel-angstenberger","tag-marco-hagemann","tag-mario-rieker","tag-michael-leopold","tag-michael-seyberth","tag-nele-schenker","tag-ruben-zimmermann","tag-simon-sterzer","tag-sky","tag-sportdigital-fussball","tag-sven-voss","tag-tom-bartels","tag-toni-tomic","tag-uli-hebel","tag-wolff-fuss","tag-yannick-erkenbrecher","tag-zdf"],"_links":{"self":[{"href":"http:\/\/kommentatorenblog.de\/index.php?rest_route=\/wp\/v2\/posts\/14972","targetHints":{"allow":["GET"]}}],"collection":[{"href":"http:\/\/kommentatorenblog.de\/index.php?rest_route=\/wp\/v2\/posts"}],"about":[{"href":"http:\/\/kommentatorenblog.de\/index.php?rest_route=\/wp\/v2\/types\/post"}],"author":[{"embeddable":true,"href":"http:\/\/kommentatorenblog.de\/index.php?rest_route=\/wp\/v2\/users\/10"}],"replies":[{"embeddable":true,"href":"http:\/\/kommentatorenblog.de\/index.php?rest_route=%2Fwp%2Fv2%2Fcomments&post=14972"}],"version-history":[{"count":6,"href":"http:\/\/kommentatorenblog.de\/index.php?rest_route=\/wp\/v2\/posts\/14972\/revisions"}],"predecessor-version":[{"id":14978,"href":"http:\/\/kommentatorenblog.de\/index.php?rest_route=\/wp\/v2\/posts\/14972\/revisions\/14978"}],"wp:attachment":[{"href":"http:\/\/kommentatorenblog.de\/index.php?rest_route=%2Fwp%2Fv2%2Fmedia&parent=14972"}],"wp:term":[{"taxonomy":"category","embeddable":true,"href":"http:\/\/kommentatorenblog.de\/index.php?rest_route=%2Fwp%2Fv2%2Fcategories&post=14972"},{"taxonomy":"post_tag","embeddable":true,"href":"http:\/\/kommentatorenblog.de\/index.php?rest_route=%2Fwp%2Fv2%2Ftags&post=14972"}],"curies":[{"name":"wp","href":"https:\/\/api.w.org\/{rel}","templated":true}]}}