{"id":15033,"date":"2023-05-15T18:46:06","date_gmt":"2023-05-15T16:46:06","guid":{"rendered":"http:\/\/kommentatorenblog.de\/?p=15033"},"modified":"2023-05-16T10:49:16","modified_gmt":"2023-05-16T08:49:16","slug":"1342-pokalfinale-und-halbfinals","status":"publish","type":"post","link":"http:\/\/kommentatorenblog.de\/?p=15033","title":{"rendered":"1342 &#8211; Pokalfinale und Halbfinals"},"content":{"rendered":"\n<p>Hallo zusammen, <\/p>\n\n\n\n<p>Diese Woche bietet einige Entscheidungen. Nicht nur stehen die R\u00fcckspiele der Europapokal- Halbfinals und damit auch die Entscheidung wer in der Champions, Europa und Conference- League Finale der M\u00e4nner einziehen wird an. Sondern auch das DFB- Pokalfinale der Frauen in K\u00f6ln findet diese Woche, genauer gesagt am Donnerstag, Christi Himmelfahrt, statt. Dann trifft der Dauer- Pokalfinalist und auch Dauergewinner VfL Wolfsburg auf den SC Freiburg. Wolfsburg ist mit neun Pokalsiegen, zusammen mit dem 1.FFC Frankfurt (heute Eintracht Frankfurt) Rekordpokalsieger und gewann von den neun Titel acht am St\u00fcck und damit seit 2014\/15 alle Endspiele im DFB- Pokal. Trotz der Titeldominanz waren die Ergebnisse des \u00d6fteren knapp, so ging es gegen die SGS Essen und die Bayern ins Elfmeterschie\u00dfen, gegen Frankfurt reichte es in der Verl\u00e4ngerung. Auch gegen den diesj\u00e4hrigen Gegner, Freiburg, spielte man schon, und gewann 2019 ebenfalls knapp mit 1:0. Die Meisterschaft d\u00fcrfte f\u00fcr die W\u00f6lfinnen nun futsch sein, allerdings steht man neben dem Pokalfinale auch im CL- Finale (live bei <em>DAZN<\/em> und wohl auch im <em>ZDF<\/em>) und hat damit noch die M\u00f6glichkeit aufs Double.<\/p>\n\n\n\n<p>Gew\u00e4nnen die Freiburgerinnen, w\u00e4re es deren erster Pokaltitel. Im Halbfinale spielten die Freiburgerinnen ja bei RB Leipzig, hatten also die gleiche Halbfinal- Partie wie die M\u00e4nner. Da es die Herren nicht ins Finale schafften, kann es diese Parallele nun nicht geben, daf\u00fcr kommt es bereits am Freitag erneut zum aufeinandertreffen Wolfsburg- Freiburg, dann aber in der M\u00e4nner- Bundesliga. <\/p>\n\n\n\n<p>Ein anderer M\u00e4nner- Bundesligist ist ebenfalls am Donnerstag im Einsatz und folgt quasi auf die Pokalpartie der Frauen: Bayer Leverkusen. Im Halbfinal- R\u00fcckspiel der Europa League ist der AS Rom zu Gast. Nach der bitteren 1:0- Niederlage in Rom gilt es nun alle Kr\u00e4fte zu mobilisieren um doch noch in das Finale einzuziehen. Letztmalig stand man 2001\/02 in einem internationalen Finale, n\u00e4mlich in der Champions League, hier verlor man mit 2:1 gegen Real Madrid. Ein Europa League- Finale erreichte man noch nie, daf\u00fcr aber das Finale des Vorg\u00e4ngerwettbewerbs, dem UEFA- Pokal im Jahr 1987\/88, als man gegen Espanyol Barcelona gewann. Der noch amtierende Europa League- Sieger kommt ja ebenfalls aus Deutschland und hei\u00dft Eintracht Frankfurt.<\/p>\n\n\n\n<p>Nun aber die Ansetzungen vom 16. bis 18. Mai<\/p>\n\n\n\n<p><strong>DFB- Pokalfinale der Frauen (ARD &amp; Sky)<\/strong><\/p>\n\n\n\n<p><u>Donnerstag, 18. Mai 2023, ab 16.00 Uhr (Sky), ab 16.30 Uhr (ARD)<\/u><\/p>\n\n\n\n<p><strong style=\"font-style: italic;\">VfL Wolfsburg <strong><em><span><b style=\"font-style: italic;\">\u2013<\/b><\/span><\/em><\/strong><\/strong> <em><strong>SC Freiburg (16.45 Uhr)<\/strong><\/em><\/p>\n\n\n\n<p> <img loading=\"lazy\" decoding=\"async\" width=\"10\" height=\"21\" class=\"wp-image-3656\" style=\"width: 10px;\" src=\"http:\/\/kommentatorenblog.de\/wp-content\/uploads\/2020\/09\/shure-55sh-ii-e1601485394796.jpg\" alt=\"\" srcset=\"http:\/\/kommentatorenblog.de\/wp-content\/uploads\/2020\/09\/shure-55sh-ii-e1601485394796.jpg 415w, http:\/\/kommentatorenblog.de\/wp-content\/uploads\/2020\/09\/shure-55sh-ii-e1601485394796-142x300.jpg 142w\" sizes=\"auto, (max-width: 10px) 100vw, 10px\" \/> ARD: Stephanie Baczyk<\/p>\n\n\n\n<p> <img loading=\"lazy\" decoding=\"async\" width=\"10\" height=\"21\" class=\"wp-image-3656\" style=\"width: 10px;\" src=\"http:\/\/kommentatorenblog.de\/wp-content\/uploads\/2020\/09\/shure-55sh-ii-e1601485394796.jpg\" alt=\"\" srcset=\"http:\/\/kommentatorenblog.de\/wp-content\/uploads\/2020\/09\/shure-55sh-ii-e1601485394796.jpg 415w, http:\/\/kommentatorenblog.de\/wp-content\/uploads\/2020\/09\/shure-55sh-ii-e1601485394796-142x300.jpg 142w\" sizes=\"auto, (max-width: 10px) 100vw, 10px\" \/> Sky: Hannes Herrmann, Expertin: Verena Schweers<\/p>\n\n\n\n<p>Moderation (ARD): Claus Lufen, Expertin: Nia K\u00fcnzer, Field- Reporter: Patrick Halatsch<\/p>\n\n\n\n<p>Moderation (Sky): Nele Schenker, Expertin: Julia Simic, Field- Reporter: Martin Gro\u00df<\/p>\n\n\n\n<p><strong>UEFA Europa League \/ Europa Conference League, Halbfinal- R\u00fcckspiel (RTL+\/RTL)<\/strong><\/p>\n\n\n\n<p><u>Donnerstag, 18<\/u><u>. Mai 2023, ab 20.15 Uhr (RTL\/RTL+)<\/u><\/p>\n\n\n\n<p><em>EL: <\/em><strong style=\"font-style: italic;\"><em><strong>Bayer 04 Leverkusen<\/strong><\/em> <strong><em><span><b style=\"font-style: italic;\">\u2013<\/b><\/span><\/em><\/strong><\/strong> <em><strong>AS Rom (21.00 Uhr)<\/strong><\/em><\/p>\n\n\n\n<p> <img loading=\"lazy\" decoding=\"async\" width=\"10\" height=\"21\" class=\"wp-image-3656\" style=\"width: 10px;\" src=\"http:\/\/kommentatorenblog.de\/wp-content\/uploads\/2020\/09\/shure-55sh-ii-e1601485394796.jpg\" alt=\"\" srcset=\"http:\/\/kommentatorenblog.de\/wp-content\/uploads\/2020\/09\/shure-55sh-ii-e1601485394796.jpg 415w, http:\/\/kommentatorenblog.de\/wp-content\/uploads\/2020\/09\/shure-55sh-ii-e1601485394796-142x300.jpg 142w\" sizes=\"auto, (max-width: 10px) 100vw, 10px\" \/> <em>RTL: <\/em>Marco Hagemann, Experte: Steffen Freund<\/p>\n\n\n\n<p> <img loading=\"lazy\" decoding=\"async\" width=\"10\" height=\"21\" class=\"wp-image-3656\" style=\"width: 10px;\" src=\"http:\/\/kommentatorenblog.de\/wp-content\/uploads\/2020\/09\/shure-55sh-ii-e1601485394796.jpg\" alt=\"\" srcset=\"http:\/\/kommentatorenblog.de\/wp-content\/uploads\/2020\/09\/shure-55sh-ii-e1601485394796.jpg 415w, http:\/\/kommentatorenblog.de\/wp-content\/uploads\/2020\/09\/shure-55sh-ii-e1601485394796-142x300.jpg 142w\" sizes=\"auto, (max-width: 10px) 100vw, 10px\" \/> <em>RTL+: <\/em>Michael Born, Experte: Patrick Helmes (Einzelspiel), Cornelius K\u00fcpper (Konferenz)<\/p>\n\n\n\n<p><img loading=\"lazy\" decoding=\"async\" width=\"10\" height=\"21\" class=\"wp-image-3656\" style=\"width: 10px;\" src=\"http:\/\/kommentatorenblog.de\/wp-content\/uploads\/2020\/09\/shure-55sh-ii-e1601485394796.jpg\" alt=\"\" srcset=\"http:\/\/kommentatorenblog.de\/wp-content\/uploads\/2020\/09\/shure-55sh-ii-e1601485394796.jpg 415w, http:\/\/kommentatorenblog.de\/wp-content\/uploads\/2020\/09\/shure-55sh-ii-e1601485394796-142x300.jpg 142w\" sizes=\"auto, (max-width: 10px) 100vw, 10px\" \/> <em>RTL+ &#8222;Twitch meets UEL&#8220;: <\/em>Robert Hunke &amp; Elias Nerlich<\/p>\n\n\n\n<p>Moderation (RTL): Laura Papendick, Experten: Lothar Matth\u00e4us und Karl-Heinz Riedle<\/p>\n\n\n\n<p>Field- Reporter: Thomas Wagner, Christoph K\u00fcppers<\/p>\n\n\n\n<p><strong>UEFA Champions League, Halbfinal-R\u00fcckspiele (Prime Video\/DAZN)<\/strong><\/p>\n\n\n\n<p><u>Dienstag, 1<\/u>6<u>. Mai 2023, ab 20.00 Uhr (Prime Video)<\/u><\/p>\n\n\n\n<p><strong style=\"font-style: italic;\"><em><strong>Inter Mailand<\/strong><\/em> <strong><em><span><b style=\"font-style: italic;\">\u2013<\/b><\/span><\/em><\/strong><\/strong> <em><strong><em><strong>AC Mailand<\/strong><\/em> (21.00 Uhr)<\/strong><\/em> <br><img loading=\"lazy\" decoding=\"async\" width=\"10\" height=\"21\" class=\"wp-image-3656\" style=\"width: 10px;\" src=\"http:\/\/kommentatorenblog.de\/wp-content\/uploads\/2020\/09\/shure-55sh-ii-e1601485394796.jpg\" alt=\"\" srcset=\"http:\/\/kommentatorenblog.de\/wp-content\/uploads\/2020\/09\/shure-55sh-ii-e1601485394796.jpg 415w, http:\/\/kommentatorenblog.de\/wp-content\/uploads\/2020\/09\/shure-55sh-ii-e1601485394796-142x300.jpg 142w\" sizes=\"auto, (max-width: 10px) 100vw, 10px\" \/> Jonas Friedrich, Experte: Benedikt H\u00f6wedes<br>Field-Reporter:innen: Annika Zimmermann und Sebastian Benesch<br>Moderation: Sebastian Hellmann, Expert:innen: Tabea Kemme Matthias Sammer und Mario G\u00f3mez; Schiedsrichter- Experte: Wolfgang Stark<\/p>\n\n\n\n<p><u>Mittwoch, 17<\/u><u>. Mai 2023, ab 20.15 Uhr (DAZN)<\/u><\/p>\n\n\n\n<p><strong style=\"font-style: italic;\"><em><strong><em><strong>Manchester City<\/strong><\/em><\/strong><\/em> <strong><em><span><b style=\"font-style: italic;\">\u2013<\/b><\/span><\/em><\/strong><\/strong> <em><strong><strong style=\"font-style: italic;\"><em><strong>Real Madrid<\/strong><\/em><\/strong> (21.00 Uhr)<\/strong><\/em> <br><img loading=\"lazy\" decoding=\"async\" width=\"10\" height=\"21\" class=\"wp-image-3656\" style=\"width: 10px;\" src=\"http:\/\/kommentatorenblog.de\/wp-content\/uploads\/2020\/09\/shure-55sh-ii-e1601485394796.jpg\" alt=\"\" srcset=\"http:\/\/kommentatorenblog.de\/wp-content\/uploads\/2020\/09\/shure-55sh-ii-e1601485394796.jpg 415w, http:\/\/kommentatorenblog.de\/wp-content\/uploads\/2020\/09\/shure-55sh-ii-e1601485394796-142x300.jpg 142w\" sizes=\"auto, (max-width: 10px) 100vw, 10px\" \/> Jan Platte, Experte: Sandro Wagner<br>Field-Reporterin: Daniel Herzog<br>Moderation: Alex Schl\u00fcter<\/p>\n\n\n\n<hr class=\"wp-block-separator is-style-default\"\/>\n\n\n\n<p><strong>UEFA Europa League \/ Europa Conference League, Halbfinal-R\u00fcckspiele (RTL+)<\/strong><\/p>\n\n\n\n<p><u>Donnerstag, 18<\/u><u>. Mai 2023, ab 20.15 Uhr (RTL+)<\/u><\/p>\n\n\n\n<p><em>EL: <\/em><strong style=\"font-style: italic;\">FC Sevilla <strong><em><span><b style=\"font-style: italic;\">\u2013<\/b><\/span><\/em><\/strong><\/strong> <em><strong><em><strong><strong style=\"font-style: italic;\">Juventus Turin<\/strong><\/strong><\/em> (21.00 Uhr)<\/strong><\/em> <br><img loading=\"lazy\" decoding=\"async\" width=\"10\" height=\"21\" class=\"wp-image-3656\" style=\"width: 10px;\" src=\"http:\/\/kommentatorenblog.de\/wp-content\/uploads\/2020\/09\/shure-55sh-ii-e1601485394796.jpg\" alt=\"\" srcset=\"http:\/\/kommentatorenblog.de\/wp-content\/uploads\/2020\/09\/shure-55sh-ii-e1601485394796.jpg 415w, http:\/\/kommentatorenblog.de\/wp-content\/uploads\/2020\/09\/shure-55sh-ii-e1601485394796-142x300.jpg 142w\" sizes=\"auto, (max-width: 10px) 100vw, 10px\" \/> Oliver Seidler, Experte: Felix Kroos (Einzelspiel),J\u00fcrgen Schmitz (Konferenz)<\/p>\n\n\n\n<p>Field- Reporter: Jonas Gerdes<\/p>\n\n\n\n<p><em>ECL: <\/em><strong style=\"font-style: italic;\">AZ Alkmar<\/strong><strong style=\"font-style: italic;\"> <strong><em><span><b style=\"font-style: italic;\">\u2013<\/b><\/span><\/em><\/strong><\/strong> <em><strong><strong style=\"font-style: italic;\">West Ham United <\/strong>(21.00 Uhr)<\/strong><\/em> <br><img loading=\"lazy\" decoding=\"async\" width=\"10\" height=\"21\" class=\"wp-image-3656\" style=\"width: 10px;\" src=\"http:\/\/kommentatorenblog.de\/wp-content\/uploads\/2020\/09\/shure-55sh-ii-e1601485394796.jpg\" alt=\"\" srcset=\"http:\/\/kommentatorenblog.de\/wp-content\/uploads\/2020\/09\/shure-55sh-ii-e1601485394796.jpg 415w, http:\/\/kommentatorenblog.de\/wp-content\/uploads\/2020\/09\/shure-55sh-ii-e1601485394796-142x300.jpg 142w\" sizes=\"auto, (max-width: 10px) 100vw, 10px\" \/> Florian von Stackelberg (Einzelspiel), Klaus Veltman (Konferenz)<\/p>\n\n\n\n<p><em>ECL: <\/em><strong style=\"font-style: italic;\">FC Basel<\/strong><strong style=\"font-style: italic;\"> <strong><em><span><b style=\"font-style: italic;\">\u2013<\/b><\/span><\/em><\/strong><\/strong> <em><strong><strong style=\"font-style: italic;\">AC Florenz<\/strong> (21.00 Uhr)<\/strong><\/em> <br><img loading=\"lazy\" decoding=\"async\" width=\"10\" height=\"21\" class=\"wp-image-3656\" style=\"width: 10px;\" src=\"http:\/\/kommentatorenblog.de\/wp-content\/uploads\/2020\/09\/shure-55sh-ii-e1601485394796.jpg\" alt=\"\" srcset=\"http:\/\/kommentatorenblog.de\/wp-content\/uploads\/2020\/09\/shure-55sh-ii-e1601485394796.jpg 415w, http:\/\/kommentatorenblog.de\/wp-content\/uploads\/2020\/09\/shure-55sh-ii-e1601485394796-142x300.jpg 142w\" sizes=\"auto, (max-width: 10px) 100vw, 10px\" \/> Philip Konrad (Einzelspiel), Alexander K\u00fcpper(Konferenz)<\/p>\n\n\n\n<p>Moderation (RTL+): Anna Kraft, Arnd Zeigler und Ansgar Brinkmann<\/p>\n\n\n\n<hr class=\"wp-block-separator is-style-default\"\/>\n\n\n\n<p><strong>Women\u00b4s Super League (Sky)<\/strong><\/p>\n\n\n\n<p><u>Mittwoch, 17<\/u><u>. Mai 2023, ab 19.05 Uhr<\/u><\/p>\n\n\n\n<p><strong style=\"font-style: italic;\">FC Everton <strong style=\"font-style: italic;\"><strong><em><span><b style=\"font-style: italic;\">\u2013<\/b><\/span><\/em><\/strong><\/strong> FC Arsenal<\/strong><em><strong> (19.15 Uhr)<\/strong><\/em> <br><img loading=\"lazy\" decoding=\"async\" width=\"10\" height=\"21\" class=\"wp-image-3656\" style=\"width: 10px;\" src=\"http:\/\/kommentatorenblog.de\/wp-content\/uploads\/2020\/09\/shure-55sh-ii-e1601485394796.jpg\" alt=\"\" srcset=\"http:\/\/kommentatorenblog.de\/wp-content\/uploads\/2020\/09\/shure-55sh-ii-e1601485394796.jpg 415w, http:\/\/kommentatorenblog.de\/wp-content\/uploads\/2020\/09\/shure-55sh-ii-e1601485394796-142x300.jpg 142w\" sizes=\"auto, (max-width: 10px) 100vw, 10px\" \/> ???<\/p>\n\n\n\n<p><strong style=\"font-style: italic;\">West Ham United <strong style=\"font-style: italic;\"><strong style=\"font-style: italic;\"><strong><em><span><b style=\"font-style: italic;\">\u2013<\/b><\/span><\/em><\/strong><\/strong> <\/strong>FC Chelsea<\/strong><em><strong> (21.15 Uhr)<\/strong><\/em> <br><img loading=\"lazy\" decoding=\"async\" width=\"10\" height=\"21\" class=\"wp-image-3656\" style=\"width: 10px;\" src=\"http:\/\/kommentatorenblog.de\/wp-content\/uploads\/2020\/09\/shure-55sh-ii-e1601485394796.jpg\" alt=\"\" srcset=\"http:\/\/kommentatorenblog.de\/wp-content\/uploads\/2020\/09\/shure-55sh-ii-e1601485394796.jpg 415w, http:\/\/kommentatorenblog.de\/wp-content\/uploads\/2020\/09\/shure-55sh-ii-e1601485394796-142x300.jpg 142w\" sizes=\"auto, (max-width: 10px) 100vw, 10px\" \/> <\/p>\n\n\n\n<p><strong>EFL Championship, Halbfinal- R\u00fcckspiel (DAZN\/sportdigital Fu\u00dfball)<\/strong><\/p>\n\n\n\n<p><u>Dienstag 16<\/u><u>. Mai 2023, ab 21.00 Uhr<\/u><\/p>\n\n\n\n<p><strong style=\"font-style: italic;\">Luton Town &#8211; AFC Sunderland<\/strong><em><strong> (21.00 Uhr)<\/strong><\/em> <br><img loading=\"lazy\" decoding=\"async\" width=\"10\" height=\"21\" class=\"wp-image-3656\" style=\"width: 10px;\" src=\"http:\/\/kommentatorenblog.de\/wp-content\/uploads\/2020\/09\/shure-55sh-ii-e1601485394796.jpg\" alt=\"\" srcset=\"http:\/\/kommentatorenblog.de\/wp-content\/uploads\/2020\/09\/shure-55sh-ii-e1601485394796.jpg 415w, http:\/\/kommentatorenblog.de\/wp-content\/uploads\/2020\/09\/shure-55sh-ii-e1601485394796-142x300.jpg 142w\" sizes=\"auto, (max-width: 10px) 100vw, 10px\" \/> DAZN: Marco Hagemann,<\/p>\n\n\n\n<p><img loading=\"lazy\" decoding=\"async\" width=\"10\" height=\"21\" class=\"wp-image-3656\" style=\"width: 10px;\" src=\"http:\/\/kommentatorenblog.de\/wp-content\/uploads\/2020\/09\/shure-55sh-ii-e1601485394796.jpg\" alt=\"\" srcset=\"http:\/\/kommentatorenblog.de\/wp-content\/uploads\/2020\/09\/shure-55sh-ii-e1601485394796.jpg 415w, http:\/\/kommentatorenblog.de\/wp-content\/uploads\/2020\/09\/shure-55sh-ii-e1601485394796-142x300.jpg 142w\" sizes=\"auto, (max-width: 10px) 100vw, 10px\" \/> sportdigital: Martin Hahn<\/p>\n\n\n\n<p><u>Mittwoch, 17<\/u><u>. Mai 2023, ab 21.00 Uhr<\/u><\/p>\n\n\n\n<p><strong style=\"font-style: italic;\">Middlesbrough <strong style=\"font-style: italic;\"><strong><em><span><b style=\"font-style: italic;\">\u2013<\/b><\/span><\/em><\/strong><\/strong> Coventry<\/strong><em><strong> (21.00 Uhr)<\/strong><\/em> <br><img loading=\"lazy\" decoding=\"async\" width=\"10\" height=\"21\" class=\"wp-image-3656\" style=\"width: 10px;\" src=\"http:\/\/kommentatorenblog.de\/wp-content\/uploads\/2020\/09\/shure-55sh-ii-e1601485394796.jpg\" alt=\"\" srcset=\"http:\/\/kommentatorenblog.de\/wp-content\/uploads\/2020\/09\/shure-55sh-ii-e1601485394796.jpg 415w, http:\/\/kommentatorenblog.de\/wp-content\/uploads\/2020\/09\/shure-55sh-ii-e1601485394796-142x300.jpg 142w\" sizes=\"auto, (max-width: 10px) 100vw, 10px\" \/> Freddy Harder<\/p>\n\n\n\n<p><img loading=\"lazy\" decoding=\"async\" width=\"10\" height=\"21\" class=\"wp-image-3656\" style=\"width: 10px;\" src=\"http:\/\/kommentatorenblog.de\/wp-content\/uploads\/2020\/09\/shure-55sh-ii-e1601485394796.jpg\" alt=\"\" srcset=\"http:\/\/kommentatorenblog.de\/wp-content\/uploads\/2020\/09\/shure-55sh-ii-e1601485394796.jpg 415w, http:\/\/kommentatorenblog.de\/wp-content\/uploads\/2020\/09\/shure-55sh-ii-e1601485394796-142x300.jpg 142w\" sizes=\"auto, (max-width: 10px) 100vw, 10px\" \/> sportdigital: Jonathan Dreiner<\/p>\n\n\n\n<p><strong>EFL League One (DAZN)<\/strong><\/p>\n\n\n\n<p><u>Donnerstag, 18<\/u><u>. Mai 2023, ab 21.00 Uhr<\/u><\/p>\n\n\n\n<p><strong style=\"font-style: italic;\">Sheffield Wed <strong style=\"font-style: italic;\"><strong style=\"font-style: italic;\"><strong><em><span><b style=\"font-style: italic;\">\u2013<\/b><\/span><\/em><\/strong><\/strong> <\/strong>Peterborough<\/strong><em><strong> (21.00 Uhr)<\/strong><\/em> <br><img loading=\"lazy\" decoding=\"async\" width=\"10\" height=\"21\" class=\"wp-image-3656\" style=\"width: 10px;\" src=\"http:\/\/kommentatorenblog.de\/wp-content\/uploads\/2020\/09\/shure-55sh-ii-e1601485394796.jpg\" alt=\"\" srcset=\"http:\/\/kommentatorenblog.de\/wp-content\/uploads\/2020\/09\/shure-55sh-ii-e1601485394796.jpg 415w, http:\/\/kommentatorenblog.de\/wp-content\/uploads\/2020\/09\/shure-55sh-ii-e1601485394796-142x300.jpg 142w\" sizes=\"auto, (max-width: 10px) 100vw, 10px\" \/> DAZN: Uli Hebel<\/p>\n\n\n\n<p><img loading=\"lazy\" decoding=\"async\" width=\"10\" height=\"21\" class=\"wp-image-3656\" style=\"width: 10px;\" src=\"http:\/\/kommentatorenblog.de\/wp-content\/uploads\/2020\/09\/shure-55sh-ii-e1601485394796.jpg\" alt=\"\" srcset=\"http:\/\/kommentatorenblog.de\/wp-content\/uploads\/2020\/09\/shure-55sh-ii-e1601485394796.jpg 415w, http:\/\/kommentatorenblog.de\/wp-content\/uploads\/2020\/09\/shure-55sh-ii-e1601485394796-142x300.jpg 142w\" sizes=\"auto, (max-width: 10px) 100vw, 10px\" \/> sportdigital: Karsten Linke<\/p>\n\n\n\n<p><strong>Eredivisie (32. Spieltag) (sportdigital Fu\u00dfball)<\/strong><\/p>\n\n\n\n<p><u>Dienstag, 16<\/u><u>. Mai 2023, ab 16.00 Uhr<\/u><\/p>\n\n\n\n<p><strong style=\"font-style: italic;\">FC Groningen <strong style=\"font-style: italic;\"><strong style=\"font-style: italic;\"><strong style=\"font-style: italic;\"><strong><em><span><b style=\"font-style: italic;\">\u2013<\/b><\/span><\/em><\/strong><\/strong> <\/strong><\/strong>Ajax Amsterdam&nbsp;<\/strong><em><strong> (16.00Uhr)<\/strong><\/em> <br><img loading=\"lazy\" decoding=\"async\" width=\"10\" height=\"21\" class=\"wp-image-3656\" style=\"width: 10px;\" src=\"http:\/\/kommentatorenblog.de\/wp-content\/uploads\/2020\/09\/shure-55sh-ii-e1601485394796.jpg\" alt=\"\" srcset=\"http:\/\/kommentatorenblog.de\/wp-content\/uploads\/2020\/09\/shure-55sh-ii-e1601485394796.jpg 415w, http:\/\/kommentatorenblog.de\/wp-content\/uploads\/2020\/09\/shure-55sh-ii-e1601485394796-142x300.jpg 142w\" sizes=\"auto, (max-width: 10px) 100vw, 10px\" \/> &nbsp;Karsten Linke<\/p>\n\n\n\n<hr class=\"wp-block-separator is-style-default\"\/>\n\n\n\n<hr class=\"wp-block-separator is-style-default\"\/>\n\n\n\n<p><strong><code>ANALYSE<\/code><\/strong><\/p>\n\n\n\n<p>Heute blicken wir zuerst einmal auf die Partien am Donnerstag, da diese aus deutscher Sicht am meisten zu bieten haben.<\/p>\n\n\n\n<p>Los geht es am Nachmittag ab 16.00 Uhr (Sky) bzw. 16.30 Uhr (ARD) mit dem DFB- Pokalfinale der Frauen aus K\u00f6ln. Dann treffen, wie bereits oben erw\u00e4hnt der VfL Wolfsburg und der SC Freiburg aufeinander. In der ARD werden wenig \u00fcberraschend Claus Lufen und Expertin Nia K\u00fcnzer die Moderation und Analyse \u00fcbernehmen, die beiden sind ein eingespieltes Team und haben auch in den letzten Jahren das Finale begleitet. Wie im letzten Jahr wird auch dieses Jahr Stephanie Baczyk das Finale im Ersten kommentieren. Das \u00fcberrascht etwas, da sie sich in den letzten Jahren immer j\u00e4hrlich mit Bernd Schmelzer mit der Final- Kommentierung abwechselte. Nun aber erhielt sie erneut den Vorzug vor Schmelzer sowie Christina Graf (die auch keinen RTL+- Einsatz am Donnerstag hat, vielleicht beim ARD- H\u00f6rfunk zum Einsatz kommt) und feiert damit aufgrund der Babypause ihren ersten Liveeinsatz im Ersten seit dem Pokalfinale im Vorjahr bzw. den Finals. F\u00fcr die Sportschau und den ARD- H\u00f6rfunk ist sie bereits seit Anfang des Jahres wieder im Einsatz.<\/p>\n\n\n\n<p>Bei Sky wird, wie auch in den Vorjahren und in dieser Pokalsaison allgemein, Hannes Herrmann die Kommentatoren- Position einnehmen. Genauso wenig \u00fcberrascht dann auch, dass bei Sky Nele Schenker die \u00dcbertragung moderieren wird, was sie auch bei den vorangegangen Pokal- \u00dcbertragungen gemacht hat.<\/p>\n\n\n\n<p><strong>Bayer bei RTL (+)<\/strong><\/p>\n\n\n\n<p>RTL zeigt nat\u00fcrlich auch wieder die Partie von Bayer Leverkusen im Free TV. Personaltechnisch wird es hierbei keine \u00dcberraschungen geben, so \u00fcbernehmen Marco Hagemann und Steffen Freund erneut den Kommentar, w\u00e4hrend sich Laura Papendick um die Moderation und die Analyse mit den Experten Riedle und Matth\u00e4us k\u00fcmmert.<\/p>\n\n\n\n<p>RTL+ zeigt die Partie von Bayer nat\u00fcrlich auch wieder mit eigenem Kommentar. Anstelle von Hunke im Hinspiel \u00fcbernimmt nun Michael Born die Kommentatoren- Rolle im normalen RTL+- Stream. Experte bleibt Patrick Helmes. In der Konferenz \u00fcbernimmt erneut Cornelius K\u00fcpper die Werkself und auch Robert Hunke erh\u00e4lt bei dieser Partie einen Einsatz als Kommentator. Er wird zusammen mit dem Twitch- Stream Elias Nerlich die Partie in einem zus\u00e4tzlichen Stream bei RTL+ kommentieren, wo die beiden dann wieder Bild- im- Bild zu sehen sein werden.<\/p>\n\n\n\n<p>Damit gibt es also (f\u00fcr alle mit RTL+- Abo) die M\u00f6glichkeit zwischen vier Kommentatoren, drei mit Co- Kommentator sowie, und zwei unterschiedlichen Experten- Duos zu w\u00e4hlen.<\/p>\n\n\n\n<p><strong>Prime und DAZN aus den Stadien<\/strong><\/p>\n\n\n\n<p>Nun der Blick auf den Dienstag, wenn es zum R\u00fcckspiel im Mail\u00e4nder- Stadtduell um das Champions League- Finale kommt. Durch den 2:0- Erfolg im Hinspiel geht nat\u00fcrlich Inter als Favorit ins Spiel, ob sie es schaffen, den Einzug ins CL- Finale klarzumachen, kommentiert euch Jonas Friedrich zusammen mit Benedikt H\u00f6wedes bei Prime. Die beiden sind nat\u00fcrlich auch im Halbfinal- R\u00fcckspiel im Einsatz, ebenso wie Moderator Hellmann. In der Expertenrunde gibt es im Vergleich zu letzten Dienstag eine Ver\u00e4nderung f\u00fcr Josephine Henning rutscht ihre ehemalige Teamkollegin Tabea Kemme ins Team. Interviews werden wieder Annika Zimmermann und Sebastian Benesch f\u00fchren<\/p>\n\n\n\n<p>Am Mittwoch empf\u00e4ngt ManCity dann Real Madrid zum R\u00fcckspiel. DAZN bietet dabei ein Topteam auf, wechselt aber stark durch im Vergleich zum Mail\u00e4nder- Stadtduell. So kommentiert anstelle von Marco Hagemann diesmal Jan Platte und anstelle von Laura Wontorra kommt Alex Schl\u00fcter zum Einsatz, und wird die \u00dcbertragung moderieren. Experte bleibt dagegen Sandro Wagner. Die komplette DAZN- Crew, inklusive Fielder Herzog meldet sich dabei aus dem Stadion in Manchester.<\/p>\n\n\n\n<p>Das Finale gibt es dann sowohl bei DAZN als auch im Free TV beim ZDF (Kommentatorin Claudia Neumann) zu sehen.<\/p>\n\n\n\n<p>Nun zu den weiteren drei Spielen bei RTL+. Hier hebt sich vor allem die Partie Sevilla- Juve hervor, wo man mit Jonas Gerdes nicht nur einen Interviewer entsendet, sondern mit Felix Kroos an der Seite von Oliver Seidler auch noch einen Experten einsetzt. Beide waren im \u00dcbrigen schon beim Hinspiel im Einsatz. Neu dagegen ist J\u00fcrgen Schmitz, der diese Partie in der Konferenz \u00fcbernehmen wird. Bei den beiden Partien in der Conference League gibt es eine Mischung aus neuem Personal und Kommentatoren, die auch schon im Hinspiel im Einsatz waren. Letzteres gilt f\u00fcr Konrad beim Spiel des FC Basel und Klaus Veltman bei Alkmar- West Ham in der Konferenz. Neu dagegen sind Alexander K\u00fcpper, der damit in einer Konferenz mit seinem Bruder im Einsatz sein wird, sowie von Stackelberg beim Einzelspiel Alkmar- West Ham.<\/p>\n\n\n\n<p><strong>Blick auf die Insel und U 17 EM<\/strong><\/p>\n\n\n\n<p>Abschlie\u00dfend noch der Blick auf die Insel zur EFL Championship, welche von Dienstag bis Donnerstag bei DAZN und sportdigital \u00fcbertragen und jeweils mit eigenem Kommentar besetzt wird, besonders DAZN setzt mit Uli Hebel und Marco Hagemann dabei auf sehr bekanntes Personal. Zudem noch der Hinweis auf die aktuell laufende U17 EM der Frauen, welche bei uefa.tv l\u00e4uft. Das n\u00e4chste Spiel der deutschen Mannschaft ist am Mittwoch um 16.00 Uhr.<\/p>\n\n\n\n<p>Damit allen eine sch\u00f6ne Woche!<\/p>\n","protected":false},"excerpt":{"rendered":"<p>Hallo zusammen, Diese Woche bietet einige Entscheidungen. Nicht nur stehen die R\u00fcckspiele der Europapokal- Halbfinals und damit auch die Entscheidung wer in der Champions, Europa und Conference- League Finale der M\u00e4nner einziehen wird an. Sondern auch das DFB- Pokalfinale der Frauen in K\u00f6ln findet diese Woche, genauer gesagt am Donnerstag, Christi Himmelfahrt, statt. Dann trifft [&hellip;]<\/p>\n","protected":false},"author":10,"featured_media":0,"comment_status":"open","ping_status":"open","sticky":false,"template":"","format":"standard","meta":{"footnotes":""},"categories":[425,504],"tags":[49,163,517,596,337,668,636,212,13,695,703,295,104,48,507,86,612,59,676,75,31,43,521,649,608,114,369,637,113,903,690,853,350,189,98,22,134,151,620,639,33,105,640],"class_list":["post-15033","post","type-post","status-publish","format-standard","hentry","category-champions-league-und-co","category-dfb-pokal-co","tag-alex-schlueter","tag-alexander-kuepper","tag-anna-kraft","tag-annika-zimmermann","tag-benedikt-hoewedes","tag-christoph-kueppers","tag-claus-lufen","tag-daniel-herzog","tag-dazn","tag-felix-kroos","tag-florian-von-stackelberg","tag-freddy-harder","tag-hannes-herrmann","tag-jan-platte","tag-jonathan-dreier","tag-juergen-schmitz","tag-karl-heinz-riedle","tag-karsten-linke","tag-klaus-veltman","tag-laura-papendick","tag-lothar-matthaeus","tag-marco-hagemann","tag-mario-gomez","tag-martin-hahn","tag-matthias-sammer","tag-michael-born","tag-nele-schenker","tag-nia-kuenzer","tag-oliver-seidler","tag-patrick-helmes","tag-philip-konrad","tag-robert-hunke","tag-sandro-wagner","tag-sebastian-benesch","tag-sebastian-hellmann","tag-sky","tag-sportdigital-fussball","tag-steffen-freund","tag-stephanie-baczyk","tag-tabea-kemme","tag-thomas-wagner","tag-uli-hebel","tag-wolfgang-stark"],"_links":{"self":[{"href":"http:\/\/kommentatorenblog.de\/index.php?rest_route=\/wp\/v2\/posts\/15033","targetHints":{"allow":["GET"]}}],"collection":[{"href":"http:\/\/kommentatorenblog.de\/index.php?rest_route=\/wp\/v2\/posts"}],"about":[{"href":"http:\/\/kommentatorenblog.de\/index.php?rest_route=\/wp\/v2\/types\/post"}],"author":[{"embeddable":true,"href":"http:\/\/kommentatorenblog.de\/index.php?rest_route=\/wp\/v2\/users\/10"}],"replies":[{"embeddable":true,"href":"http:\/\/kommentatorenblog.de\/index.php?rest_route=%2Fwp%2Fv2%2Fcomments&post=15033"}],"version-history":[{"count":16,"href":"http:\/\/kommentatorenblog.de\/index.php?rest_route=\/wp\/v2\/posts\/15033\/revisions"}],"predecessor-version":[{"id":15484,"href":"http:\/\/kommentatorenblog.de\/index.php?rest_route=\/wp\/v2\/posts\/15033\/revisions\/15484"}],"wp:attachment":[{"href":"http:\/\/kommentatorenblog.de\/index.php?rest_route=%2Fwp%2Fv2%2Fmedia&parent=15033"}],"wp:term":[{"taxonomy":"category","embeddable":true,"href":"http:\/\/kommentatorenblog.de\/index.php?rest_route=%2Fwp%2Fv2%2Fcategories&post=15033"},{"taxonomy":"post_tag","embeddable":true,"href":"http:\/\/kommentatorenblog.de\/index.php?rest_route=%2Fwp%2Fv2%2Ftags&post=15033"}],"curies":[{"name":"wp","href":"https:\/\/api.w.org\/{rel}","templated":true}]}}