{"id":15188,"date":"2023-06-09T13:30:36","date_gmt":"2023-06-09T11:30:36","guid":{"rendered":"http:\/\/kommentatorenblog.de\/?p=15188"},"modified":"2023-06-26T13:29:17","modified_gmt":"2023-06-26T11:29:17","slug":"1347-wir-machen-den-deckel-drauf","status":"publish","type":"post","link":"http:\/\/kommentatorenblog.de\/?p=15188","title":{"rendered":"1347 &#8211; Wir machen den Deckel drauf"},"content":{"rendered":"\n<p><strong>Update<\/strong><\/p>\n\n\n\n<p><strong>Testspiel (ARD)<\/strong><\/p>\n\n\n\n<p><u>Freitag, 12. Juni <\/u><u>2023, ab 20.15 Uhr (ARD)<\/u><\/p>\n\n\n\n<p><strong style=\"font-style: italic;\">Polen <strong><em><b style=\"font-style: italic;\">\u2013<\/b><\/em><\/strong><\/strong> <em><strong>Deutschland (20.45 Uhr)<\/strong><\/em> <\/p>\n\n\n\n<p><img loading=\"lazy\" decoding=\"async\" width=\"10\" height=\"21\" class=\"wp-image-3656\" style=\"width: 10px;\" src=\"http:\/\/kommentatorenblog.de\/wp-content\/uploads\/2020\/09\/shure-55sh-ii-e1601485394796.jpg\" alt=\"\" srcset=\"http:\/\/kommentatorenblog.de\/wp-content\/uploads\/2020\/09\/shure-55sh-ii-e1601485394796.jpg 415w, http:\/\/kommentatorenblog.de\/wp-content\/uploads\/2020\/09\/shure-55sh-ii-e1601485394796-142x300.jpg 142w\" sizes=\"auto, (max-width: 10px) 100vw, 10px\" \/> Tom Bartels<\/p>\n\n\n\n<p>Moderation:  Esther Sedlaczek, Experte: Bastian Schweinsteiger, Field- Reporterin: ?Julia Scharf?<\/p>\n\n\n\n<p>Am Freitagabend steht dann u.a. das L\u00e4nderspiel der deutschen Fu\u00dfball- Nationalmannschaft der Herren in Polen an. Nach l\u00e4ngerer Zeit l\u00e4uft damit dann auch wieder ein M\u00e4nner- L\u00e4nderspiel im Ersten, nachdem sich in der j\u00fcngeren Vergangenheit RTL und das ZDF die Spiele teilten. Als Interviewerin k\u00f6nnte Julia Scharf im Einsatz sein, die Moderation \u00fcbernimmt Esther Sedlaczek. <\/p>\n\n\n\n<p><u>Montag, 12. Juni <\/u><u>2023, ab 17.35 Uhr (ZDF)<\/u><\/p>\n\n\n\n<p><strong style=\"font-style: italic;\">Deutschland <strong><em><b style=\"font-style: italic;\">\u2013<\/b><\/em><\/strong><\/strong> <em><strong>Ukraine (18.00 Uhr)<\/strong><\/em> <\/p>\n\n\n\n<p><img loading=\"lazy\" decoding=\"async\" width=\"10\" height=\"21\" class=\"wp-image-3656\" style=\"width: 10px;\" src=\"http:\/\/kommentatorenblog.de\/wp-content\/uploads\/2020\/09\/shure-55sh-ii-e1601485394796.jpg\" alt=\"\" srcset=\"http:\/\/kommentatorenblog.de\/wp-content\/uploads\/2020\/09\/shure-55sh-ii-e1601485394796.jpg 415w, http:\/\/kommentatorenblog.de\/wp-content\/uploads\/2020\/09\/shure-55sh-ii-e1601485394796-142x300.jpg 142w\" sizes=\"auto, (max-width: 10px) 100vw, 10px\" \/> ZDF: Oliver Schmidt<\/p>\n\n\n\n<p>Moderation (ZDF): Katrin M\u00fcller- Hohenstein, Experten: Sandro Wagner, Field- Reporter: Boris B\u00fcchler &amp; Alexander Ruda<\/p>\n\n\n\n<p><strong>UEFA Nations League, Habfinale (DAZN &amp; RTL)<\/strong><\/p>\n\n\n\n<p><u>Mittwoch, 14. Juni <\/u><u>2023, ab 20.45 Uhr (DAZN) <\/u><\/p>\n\n\n\n<p><strong style=\"font-style: italic;\">Niederlande <strong><em><b style=\"font-style: italic;\">\u2013<\/b><\/em><\/strong><\/strong> <em><strong>Kroatien (20.45 Uhr)<\/strong><\/em> <\/p>\n\n\n\n<p><img loading=\"lazy\" decoding=\"async\" width=\"10\" height=\"21\" class=\"wp-image-3656\" style=\"width: 10px;\" src=\"http:\/\/kommentatorenblog.de\/wp-content\/uploads\/2020\/09\/shure-55sh-ii-e1601485394796.jpg\" alt=\"\" srcset=\"http:\/\/kommentatorenblog.de\/wp-content\/uploads\/2020\/09\/shure-55sh-ii-e1601485394796.jpg 415w, http:\/\/kommentatorenblog.de\/wp-content\/uploads\/2020\/09\/shure-55sh-ii-e1601485394796-142x300.jpg 142w\" sizes=\"auto, (max-width: 10px) 100vw, 10px\" \/> David Ploch, Experte: Max Nicu<\/p>\n\n\n\n<p><u>Donnerstag, 15. Juni <\/u><u>2023, ab 20.45 Uhr (DAZN) bzw. 20.15 Uhr (RTL)<\/u><\/p>\n\n\n\n<p><strong style=\"font-style: italic;\">Spanien <strong><em><b style=\"font-style: italic;\">\u2013<\/b><\/em><\/strong><\/strong> <em><strong>Italien (20.45 Uhr)<\/strong><\/em> <\/p>\n\n\n\n<p><img loading=\"lazy\" decoding=\"async\" width=\"10\" height=\"21\" class=\"wp-image-3656\" style=\"width: 10px;\" src=\"http:\/\/kommentatorenblog.de\/wp-content\/uploads\/2020\/09\/shure-55sh-ii-e1601485394796.jpg\" alt=\"\" srcset=\"http:\/\/kommentatorenblog.de\/wp-content\/uploads\/2020\/09\/shure-55sh-ii-e1601485394796.jpg 415w, http:\/\/kommentatorenblog.de\/wp-content\/uploads\/2020\/09\/shure-55sh-ii-e1601485394796-142x300.jpg 142w\" sizes=\"auto, (max-width: 10px) 100vw, 10px\" \/> DAZN: Nico Seepe,  Experte: Christian Bernhard<\/p>\n\n\n\n<p><img loading=\"lazy\" decoding=\"async\" width=\"10\" height=\"21\" class=\"wp-image-3656\" style=\"width: 10px;\" src=\"http:\/\/kommentatorenblog.de\/wp-content\/uploads\/2020\/09\/shure-55sh-ii-e1601485394796.jpg\" alt=\"\" srcset=\"http:\/\/kommentatorenblog.de\/wp-content\/uploads\/2020\/09\/shure-55sh-ii-e1601485394796.jpg 415w, http:\/\/kommentatorenblog.de\/wp-content\/uploads\/2020\/09\/shure-55sh-ii-e1601485394796-142x300.jpg 142w\" sizes=\"auto, (max-width: 10px) 100vw, 10px\" \/> RTL: Marco Hagemann, Experte: Steffen Freund<\/p>\n\n\n\n<p>Moderation (RTL): Florian K\u00f6nig, Experte: Lothar Matth\u00e4us<\/p>\n\n\n\n<p><strong>Liga Profesional (20. Spieltag)<\/strong> (Sportdigital)<\/p>\n\n\n\n<p><u>Dienstag, 12. Juni <\/u><u>2023, ab 21.55 Uhr<\/u><\/p>\n\n\n\n<p><strong style=\"font-style: italic;\">CA San Lorenzo &#8211; CA Central Cordoba<\/strong><em><strong> (22.00 Uhr)<\/strong><\/em> <\/p>\n\n\n\n<p><img loading=\"lazy\" decoding=\"async\" width=\"10\" height=\"21\" class=\"wp-image-3656\" style=\"width: 10px;\" src=\"http:\/\/kommentatorenblog.de\/wp-content\/uploads\/2020\/09\/shure-55sh-ii-e1601485394796.jpg\" alt=\"\" srcset=\"http:\/\/kommentatorenblog.de\/wp-content\/uploads\/2020\/09\/shure-55sh-ii-e1601485394796.jpg 415w, http:\/\/kommentatorenblog.de\/wp-content\/uploads\/2020\/09\/shure-55sh-ii-e1601485394796-142x300.jpg 142w\" sizes=\"auto, (max-width: 10px) 100vw, 10px\" \/> Moritz Knorr<\/p>\n\n\n\n<p>Am, Achtung, fr\u00fchen Montagabend ab 18.00 Uhr steht das L\u00e4nderspiel der deutschen Fu\u00dfballnationalmannschaft der M\u00e4nner gegen die Ukraine an. Es wird das 1000. in der Geschichte des DFBs sein. Das ZDF \u00fcbertr\u00e4gt und rotiert sein Team im Vergleich zum CL- Finale komplett durch. Wie beim DFB- Pokalfinale kommen M\u00fcller- Hohenstein und Schmidt zum Einsatz, sowie als Experte der, mit Unterhaching, frisch aufgestiegene Sandro Wagner. Dazu gibt es die Nations Leeague- Halbfinals, eins exklusiv bei DAZN, das andere, wie auch dann das Finale, sowohl bei DAZN als auch bei RTL.<\/p>\n\n\n\n<p>N&#8217;Abend allerseits,<\/p>\n\n\n\n<p>am Wochenende ist es also tats\u00e4chlich soweit. Eine unfassbar lange Saison wird beendet. Im vergangenen Juli sind wir gestartet und durch die WM im Winter geht sie nun eben erst jetzt zu Ende. Selbstverst\u00e4ndlich steht aber nat\u00fcrlich auch in den n\u00e4chsten Wochen noch Fu\u00dfball an. Die U21-EM und nat\u00fcrlich auch Weltmeisterschaft &#8211; auch wenn wir leider immer noch nicht wissen, ob diese in Deutschland zu sehen sein wird. Hier liefern wir euch nat\u00fcrlich auch in den n\u00e4chsten Wochen Ansetzungen liefern. Es wird aber doch etwas ruhiger hier, da auch wir froh sind ein bisschen durchatmen wollen (lange dauerts ja nicht mehr, bis dann die Saison 23\/24 startet. <\/p>\n\n\n\n<p>Aber auch Abseits des Fu\u00dfballs tut sich momentan eine Menge im Sport. Aus Sicht vom Kommentatorenblog stechen nat\u00fcrlich die Bekanntgabe der Teams von dem NFL-Team von RTL und das Personal von DYN heraus. Bei RTL wurde das Team ja bei einer gro\u00dfen Veranstaltung im Frankfurter Deutsche Bank Park ver\u00f6ffentlicht, w\u00e4hrend das DYN Team im Rahmen des SPOBIS publik wurde. Aus zeitlichen Gr\u00fcnden werde ich jetzt nicht die Namen Namen durchgehen k\u00f6nnen, aber hier findet ihr die Teams von <a rel=\"noreferrer noopener\" href=\"https:\/\/www.spox.com\/de\/sport\/ussport\/nfl\/2303\/Artikel\/bei-rtl-kommentatoren-experten-und-moderatoren-beim-tv-sender.html\" target=\"_blank\">RTL <\/a>und <a rel=\"noreferrer noopener\" href=\"https:\/\/dynmedia.com\/on-air-team\" target=\"_blank\">DYN<\/a>. <\/p>\n\n\n\n<p>Jetzt aber die Ansetzungen vom Wochenende!<\/p>\n\n\n\n<hr class=\"wp-block-separator\"\/>\n\n\n\n<p><strong>UEFA Champions League, Finale (DAZN &amp; ZDF)<\/strong><\/p>\n\n\n\n<p><u>Samstag, 10. Juni <\/u><u>2023, ab 20.00 Uhr (DAZN) bzw. 20.25 Uhr (ZDF)<\/u><\/p>\n\n\n\n<p><strong style=\"font-style: italic;\">Manchester City <strong><em><b style=\"font-style: italic;\">\u2013<\/b><\/em><\/strong><\/strong> <em><strong>Inter Mailand (21.00 Uhr)<\/strong><\/em> <\/p>\n\n\n\n<p><img loading=\"lazy\" decoding=\"async\" width=\"10\" height=\"21\" class=\"wp-image-3656\" style=\"width: 10px;\" src=\"http:\/\/kommentatorenblog.de\/wp-content\/uploads\/2020\/09\/shure-55sh-ii-e1601485394796.jpg\" alt=\"\" srcset=\"http:\/\/kommentatorenblog.de\/wp-content\/uploads\/2020\/09\/shure-55sh-ii-e1601485394796.jpg 415w, http:\/\/kommentatorenblog.de\/wp-content\/uploads\/2020\/09\/shure-55sh-ii-e1601485394796-142x300.jpg 142w\" sizes=\"auto, (max-width: 10px) 100vw, 10px\" \/> DAZN: Uli Hebel, Experte: Michael Ballack<\/p>\n\n\n\n<p><img loading=\"lazy\" decoding=\"async\" width=\"10\" height=\"21\" class=\"wp-image-3656\" style=\"width: 10px;\" src=\"http:\/\/kommentatorenblog.de\/wp-content\/uploads\/2020\/09\/shure-55sh-ii-e1601485394796.jpg\" alt=\"\" srcset=\"http:\/\/kommentatorenblog.de\/wp-content\/uploads\/2020\/09\/shure-55sh-ii-e1601485394796.jpg 415w, http:\/\/kommentatorenblog.de\/wp-content\/uploads\/2020\/09\/shure-55sh-ii-e1601485394796-142x300.jpg 142w\" sizes=\"auto, (max-width: 10px) 100vw, 10px\" \/> ZDF: Claudia Neumann<\/p>\n\n\n\n<p>Moderation (DAZN): Laura Wontorra, Experte: Sebastian Knei\u00dfl, Field-Reporter: Alex Schl\u00fcter<\/p>\n\n\n\n<p>Moderation (ZDF): Jochen Breyer, Experten: Per Mertesacker und Christoph Kramer, Field- Reporter: Eike Papsdorf und Nils Kaben<\/p>\n\n\n\n<hr class=\"wp-block-separator\"\/>\n\n\n\n<p><strong>Aufstiegsspiel 3.Liga, R\u00fcckspiel<\/strong><\/p>\n\n\n\n<p><span style=\"text-decoration: underline;\">Sonntag, 11. Juni 2023, ab 12.45 Uhr (Magenta Sport\/BR\/BBR)<\/span><\/p>\n\n\n\n<p><strong><em>SpVgg Unterhaching <span><b style=\"font-style: italic;\">\u2013<\/b><\/span> Energie Cottbus (13.00Uhr)<\/em><\/strong><\/p>\n\n\n\n<p><img loading=\"lazy\" decoding=\"async\" width=\"10\" height=\"21\" class=\"wp-image-3656\" style=\"width: 10px;\" src=\"http:\/\/kommentatorenblog.de\/wp-content\/uploads\/2020\/09\/shure-55sh-ii-e1601485394796.jpg\" alt=\"\" srcset=\"http:\/\/kommentatorenblog.de\/wp-content\/uploads\/2020\/09\/shure-55sh-ii-e1601485394796.jpg 415w, http:\/\/kommentatorenblog.de\/wp-content\/uploads\/2020\/09\/shure-55sh-ii-e1601485394796-142x300.jpg 142w\" sizes=\"auto, (max-width: 10px) 100vw, 10px\" \/> Magenta Sport: Alex Klich<\/p>\n\n\n\n<p><img loading=\"lazy\" decoding=\"async\" width=\"10\" height=\"21\" class=\"wp-image-3656\" style=\"width: 10px;\" src=\"http:\/\/kommentatorenblog.de\/wp-content\/uploads\/2020\/09\/shure-55sh-ii-e1601485394796.jpg\" alt=\"\" srcset=\"http:\/\/kommentatorenblog.de\/wp-content\/uploads\/2020\/09\/shure-55sh-ii-e1601485394796.jpg 415w, http:\/\/kommentatorenblog.de\/wp-content\/uploads\/2020\/09\/shure-55sh-ii-e1601485394796-142x300.jpg 142w\" sizes=\"auto, (max-width: 10px) 100vw, 10px\" \/> BR: Florian Eckl<\/p>\n\n\n\n<p><img loading=\"lazy\" decoding=\"async\" width=\"10\" height=\"21\" class=\"wp-image-3656\" style=\"width: 10px;\" src=\"http:\/\/kommentatorenblog.de\/wp-content\/uploads\/2020\/09\/shure-55sh-ii-e1601485394796.jpg\" alt=\"\" srcset=\"http:\/\/kommentatorenblog.de\/wp-content\/uploads\/2020\/09\/shure-55sh-ii-e1601485394796.jpg 415w, http:\/\/kommentatorenblog.de\/wp-content\/uploads\/2020\/09\/shure-55sh-ii-e1601485394796-142x300.jpg 142w\" sizes=\"auto, (max-width: 10px) 100vw, 10px\" \/> BBR: Christian Dexne<\/p>\n\n\n\n<p>Moderation (Magenta Sport): Alexander K\u00fcpper<\/p>\n\n\n\n<p>Moderation (BR): Markus Othmer, Experte: Gerhard Tremmel<\/p>\n\n\n\n<p>Moderation (BBR): Dietmar Teige<\/p>\n\n\n\n<hr class=\"wp-block-separator\"\/>\n\n\n\n<p class=\"has-black-color has-text-color\"><strong>Serie A, Entscheidungsspiel um Klassenerhalt (DAZN)<\/strong><\/p>\n\n\n\n<p><span style=\"text-decoration: underline;\">Sonntag, 11. Juni 2023<\/span><\/p>\n\n\n\n<p><strong><em>Spezia Calcio <strong><strong><em><span><b style=\"font-style: italic;\">\u2013<\/b><\/span><\/em><\/strong><\/strong><\/em><\/strong> <strong><em>Hellas Verona<\/em><\/strong><em><strong> (20.45 Uhr)<\/strong><\/em><\/p>\n\n\n\n<p><img loading=\"lazy\" decoding=\"async\" width=\"10\" height=\"21\" class=\"wp-image-3656\" style=\"width: 10px;\" src=\"http:\/\/kommentatorenblog.de\/wp-content\/uploads\/2020\/09\/shure-55sh-ii-e1601485394796.jpg\" alt=\"\" srcset=\"http:\/\/kommentatorenblog.de\/wp-content\/uploads\/2020\/09\/shure-55sh-ii-e1601485394796.jpg 415w, http:\/\/kommentatorenblog.de\/wp-content\/uploads\/2020\/09\/shure-55sh-ii-e1601485394796-142x300.jpg 142w\" sizes=\"auto, (max-width: 10px) 100vw, 10px\" \/> Mario Rieker, Experte: Christian Bernhard<\/p>\n\n\n\n<hr class=\"wp-block-separator\"\/>\n\n\n\n<p class=\"has-black-color has-text-color\"><strong>Liga Profesional, 20. Spieltag (Sportdigital FUSSBALL)<\/strong><\/p>\n\n\n\n<p><span style=\"text-decoration: underline;\">Sonntag, 11. Juni 2023<\/span><\/p>\n\n\n\n<p><strong><em>Boca Juniors <strong><em><strong><strong><em><span><b style=\"font-style: italic;\">\u2013<\/b><\/span><\/em><\/strong><\/strong><\/em><\/strong> CA Lanus<\/em><\/strong><em><strong> (01.00 Uhr)<\/strong><\/em><\/p>\n\n\n\n<p><img loading=\"lazy\" decoding=\"async\" width=\"10\" height=\"21\" class=\"wp-image-3656\" style=\"width: 10px;\" src=\"http:\/\/kommentatorenblog.de\/wp-content\/uploads\/2020\/09\/shure-55sh-ii-e1601485394796.jpg\" alt=\"\" srcset=\"http:\/\/kommentatorenblog.de\/wp-content\/uploads\/2020\/09\/shure-55sh-ii-e1601485394796.jpg 415w, http:\/\/kommentatorenblog.de\/wp-content\/uploads\/2020\/09\/shure-55sh-ii-e1601485394796-142x300.jpg 142w\" sizes=\"auto, (max-width: 10px) 100vw, 10px\" \/> J\u00f6rg Steiger<\/p>\n\n\n\n<p><span style=\"text-decoration: underline;\">Montag, 12. Juni 2023<\/span><\/p>\n\n\n\n<p><strong><em>CA San Lorenzo <strong><em><strong><strong><em><span><b style=\"font-style: italic;\">\u2013<\/b><\/span><\/em><\/strong><\/strong><\/em><\/strong> CA Central Cordoba<\/em><\/strong><em><strong> (22.00 Uhr)<\/strong><\/em><\/p>\n\n\n\n<p><img loading=\"lazy\" decoding=\"async\" width=\"10\" height=\"21\" class=\"wp-image-3656\" style=\"width: 10px;\" src=\"http:\/\/kommentatorenblog.de\/wp-content\/uploads\/2020\/09\/shure-55sh-ii-e1601485394796.jpg\" alt=\"\" srcset=\"http:\/\/kommentatorenblog.de\/wp-content\/uploads\/2020\/09\/shure-55sh-ii-e1601485394796.jpg 415w, http:\/\/kommentatorenblog.de\/wp-content\/uploads\/2020\/09\/shure-55sh-ii-e1601485394796-142x300.jpg 142w\" sizes=\"auto, (max-width: 10px) 100vw, 10px\" \/> Moritz Knorr<\/p>\n\n\n\n<hr class=\"wp-block-separator\"\/>\n\n\n\n<p class=\"has-black-color has-text-color\"><strong><strong>Eredivisie, Conference-League-Playoff-Finale, R\u00fcckspiel<\/strong> (Sportdigital FUSSBALL)<\/strong><\/p>\n\n\n\n<p><span style=\"text-decoration: underline;\">Sonntag, 11. Juni 2023<\/span><\/p>\n\n\n\n<p><strong><em>FC Twente Enschede <strong><em><strong><strong><em><span><b style=\"font-style: italic;\">\u2013<\/b><\/span><\/em><\/strong><\/strong><\/em><\/strong> Sparta Rotterdam<\/em><\/strong><em><strong> (14.30 Uhr)<\/strong><\/em><\/p>\n\n\n\n<p><img loading=\"lazy\" decoding=\"async\" width=\"10\" height=\"21\" class=\"wp-image-3656\" style=\"width: 10px;\" src=\"http:\/\/kommentatorenblog.de\/wp-content\/uploads\/2020\/09\/shure-55sh-ii-e1601485394796.jpg\" alt=\"\" srcset=\"http:\/\/kommentatorenblog.de\/wp-content\/uploads\/2020\/09\/shure-55sh-ii-e1601485394796.jpg 415w, http:\/\/kommentatorenblog.de\/wp-content\/uploads\/2020\/09\/shure-55sh-ii-e1601485394796-142x300.jpg 142w\" sizes=\"auto, (max-width: 10px) 100vw, 10px\" \/> Marvin Kirsch<\/p>\n\n\n\n<hr class=\"wp-block-separator\"\/>\n\n\n\n<p class=\"has-black-color has-text-color\"><strong><strong>J. League, 16.Spieltag<\/strong> (Sportdigital FUSSBALL)<\/strong><\/p>\n\n\n\n<p><span style=\"text-decoration: underline;\">Sonntag, 11. Juni 2023<\/span><\/p>\n\n\n\n<p><strong><em>Kawasaki Frontale <strong><em><strong><strong><em><span><b style=\"font-style: italic;\">\u2013<\/b><\/span><\/em><\/strong><\/strong><\/em><\/strong> Sanfrecce Hiroshima<\/em><\/strong><em><strong> (12.03 Uhr)<\/strong><\/em><\/p>\n\n\n\n<p><img loading=\"lazy\" decoding=\"async\" width=\"10\" height=\"21\" class=\"wp-image-3656\" style=\"width: 10px;\" src=\"http:\/\/kommentatorenblog.de\/wp-content\/uploads\/2020\/09\/shure-55sh-ii-e1601485394796.jpg\" alt=\"\" srcset=\"http:\/\/kommentatorenblog.de\/wp-content\/uploads\/2020\/09\/shure-55sh-ii-e1601485394796.jpg 415w, http:\/\/kommentatorenblog.de\/wp-content\/uploads\/2020\/09\/shure-55sh-ii-e1601485394796-142x300.jpg 142w\" sizes=\"auto, (max-width: 10px) 100vw, 10px\" \/> Ulf Kahmke<\/p>\n\n\n\n<hr class=\"wp-block-separator\"\/>\n\n\n\n<p class=\"has-black-color has-text-color\"><strong>Campeonato Brasileiro, 10. Spieltag (Sportdigital FUSSBALL)<\/strong><\/p>\n\n\n\n<p><span style=\"text-decoration: underline;\">Samstag, 10. Juni 2023<\/span><\/p>\n\n\n\n<p><strong><em>Coritiba FC <strong><em><strong><strong><em><span><b style=\"font-style: italic;\">\u2013<\/b><\/span><\/em><\/strong><\/strong><\/em><\/strong> Santos FC (21.00 Uhr)<\/em><\/strong><\/p>\n\n\n\n<p><img loading=\"lazy\" decoding=\"async\" width=\"10\" height=\"21\" class=\"wp-image-3656\" style=\"width: 10px;\" src=\"http:\/\/kommentatorenblog.de\/wp-content\/uploads\/2020\/09\/shure-55sh-ii-e1601485394796.jpg\" alt=\"\" srcset=\"http:\/\/kommentatorenblog.de\/wp-content\/uploads\/2020\/09\/shure-55sh-ii-e1601485394796.jpg 415w, http:\/\/kommentatorenblog.de\/wp-content\/uploads\/2020\/09\/shure-55sh-ii-e1601485394796-142x300.jpg 142w\" sizes=\"auto, (max-width: 10px) 100vw, 10px\" \/> Christian Blunck<\/p>\n\n\n\n<p><span style=\"text-decoration: underline;\">Sonntag, 11. Juni 2023<\/span><\/p>\n\n\n\n<p><strong><em>FC Sao Paulo <strong><em><strong><strong><em><span><b style=\"font-style: italic;\">\u2013<\/b><\/span><\/em><\/strong><\/strong><\/em><\/strong> Palmeiras<\/em><\/strong><em><strong> (21.00 Uhr)<\/strong><\/em><\/p>\n\n\n\n<p><img loading=\"lazy\" decoding=\"async\" width=\"10\" height=\"21\" class=\"wp-image-3656\" style=\"width: 10px;\" src=\"http:\/\/kommentatorenblog.de\/wp-content\/uploads\/2020\/09\/shure-55sh-ii-e1601485394796.jpg\" alt=\"\" srcset=\"http:\/\/kommentatorenblog.de\/wp-content\/uploads\/2020\/09\/shure-55sh-ii-e1601485394796.jpg 415w, http:\/\/kommentatorenblog.de\/wp-content\/uploads\/2020\/09\/shure-55sh-ii-e1601485394796-142x300.jpg 142w\" sizes=\"auto, (max-width: 10px) 100vw, 10px\" \/> Martin Hahn<\/p>\n\n\n\n<p><strong><em>Flamengo <strong><em><strong><strong><em><span><b style=\"font-style: italic;\">\u2013<\/b><\/span><\/em><\/strong><\/strong><\/em><\/strong> Gremio<\/em><\/strong><em><strong> (23.30 Uhr)<\/strong><\/em><\/p>\n\n\n\n<p><img loading=\"lazy\" decoding=\"async\" width=\"10\" height=\"21\" class=\"wp-image-3656\" style=\"width: 10px;\" src=\"http:\/\/kommentatorenblog.de\/wp-content\/uploads\/2020\/09\/shure-55sh-ii-e1601485394796.jpg\" alt=\"\" srcset=\"http:\/\/kommentatorenblog.de\/wp-content\/uploads\/2020\/09\/shure-55sh-ii-e1601485394796.jpg 415w, http:\/\/kommentatorenblog.de\/wp-content\/uploads\/2020\/09\/shure-55sh-ii-e1601485394796-142x300.jpg 142w\" sizes=\"auto, (max-width: 10px) 100vw, 10px\" \/> Christian Blunck<\/p>\n\n\n\n<hr class=\"wp-block-separator\"\/>\n\n\n\n<p><strong>Die Analyse<\/strong><\/p>\n\n\n\n<p>Am Samstag steht das Finale der UEFA Champions League an. Manchester City trifft in Istanbul auf Inter Mailand. \u00dcbertragen wird die Begegnung nat\u00fcrlich auf DAZN und auch ZDF hat ja in dieser Rechteperiode Rechte f\u00fcr das Finale. Starten wir aber mit dem Personal von DAZN. Ab 20Uhr melden sich die Duos Laura Wontorra &amp; Sebastian Knei\u00dfl und Alex Schl\u00fcter &amp; Michael Ballack aus M\u00fcnchen bzw. Istanbul. F\u00fcr Laura Wontorra m\u00fcsste es zum Ende ihres zweiten Jahres bei DAZN der erste Einsatz aus dem Studio sein. Kommentieren wird dann Uli Hebel. Freut mich sehr f\u00fcr Uli Hebel, der f\u00fcr mich einer der besten am Mikro ist. Im ZDF kommt die komplette \u00dcbertragung aus Istanbul. Jochen Breyer meldet sich mit Per Mertesacker und Christoph Kramer aus der Arena. Kommentieren wird dann &#8211; wie bereits letzte Woche von Jonas angek\u00fcndigt &#8211; Claudia Neumann. Auf Stimmenfang gehen Eike Papsdorf und Nils Kaben. Ein Gl\u00fcck, dass nicht Toni Kroos im Finale steht \ud83d\ude09<\/p>\n\n\n\n<p>Am Sonntag geht es dann um den letzten Platz in der 3.Liga. Cottbus ist zu Gast bei Unterhaching, wobei der Gastgeber nach dem Erfolg im Hinspiel im Vorteil ist. Ob es das Team Sandro Wagner in die 3.Liga schafft, gibts bei Magenta Sport im Pay-TV und im BR\/BBR im FreeTV zu sehen. <\/p>\n\n\n\n<p>Ansonsten gibt es in der Serie A ein Entscheidungsspiel um den Klassenerhalt\/Abstieg. Mario Rieker und Christian Bernhard \u00fcbernehmen.<\/p>\n\n\n\n<p>Bis dahin, habt ein sch\u00f6nes Wochenende!<\/p>\n","protected":false},"excerpt":{"rendered":"<p>Update Testspiel (ARD) Freitag, 12. Juni 2023, ab 20.15 Uhr (ARD) Polen \u2013 Deutschland (20.45 Uhr) Tom Bartels Moderation: Esther Sedlaczek, Experte: Bastian Schweinsteiger, Field- Reporterin: ?Julia Scharf? Am Freitagabend steht dann u.a. das L\u00e4nderspiel der deutschen Fu\u00dfball- Nationalmannschaft der Herren in Polen an. Nach l\u00e4ngerer Zeit l\u00e4uft damit dann auch wieder ein M\u00e4nner- L\u00e4nderspiel [&hellip;]<\/p>\n","protected":false},"author":5,"featured_media":0,"comment_status":"open","ping_status":"open","sticky":false,"template":"","format":"standard","meta":{"footnotes":""},"categories":[425],"tags":[],"class_list":["post-15188","post","type-post","status-publish","format-standard","hentry","category-champions-league-und-co"],"_links":{"self":[{"href":"http:\/\/kommentatorenblog.de\/index.php?rest_route=\/wp\/v2\/posts\/15188","targetHints":{"allow":["GET"]}}],"collection":[{"href":"http:\/\/kommentatorenblog.de\/index.php?rest_route=\/wp\/v2\/posts"}],"about":[{"href":"http:\/\/kommentatorenblog.de\/index.php?rest_route=\/wp\/v2\/types\/post"}],"author":[{"embeddable":true,"href":"http:\/\/kommentatorenblog.de\/index.php?rest_route=\/wp\/v2\/users\/5"}],"replies":[{"embeddable":true,"href":"http:\/\/kommentatorenblog.de\/index.php?rest_route=%2Fwp%2Fv2%2Fcomments&post=15188"}],"version-history":[{"count":4,"href":"http:\/\/kommentatorenblog.de\/index.php?rest_route=\/wp\/v2\/posts\/15188\/revisions"}],"predecessor-version":[{"id":15200,"href":"http:\/\/kommentatorenblog.de\/index.php?rest_route=\/wp\/v2\/posts\/15188\/revisions\/15200"}],"wp:attachment":[{"href":"http:\/\/kommentatorenblog.de\/index.php?rest_route=%2Fwp%2Fv2%2Fmedia&parent=15188"}],"wp:term":[{"taxonomy":"category","embeddable":true,"href":"http:\/\/kommentatorenblog.de\/index.php?rest_route=%2Fwp%2Fv2%2Fcategories&post=15188"},{"taxonomy":"post_tag","embeddable":true,"href":"http:\/\/kommentatorenblog.de\/index.php?rest_route=%2Fwp%2Fv2%2Ftags&post=15188"}],"curies":[{"name":"wp","href":"https:\/\/api.w.org\/{rel}","templated":true}]}}