{"id":15206,"date":"2023-06-19T20:40:56","date_gmt":"2023-06-19T18:40:56","guid":{"rendered":"http:\/\/kommentatorenblog.de\/?p=15206"},"modified":"2023-07-11T18:46:36","modified_gmt":"2023-07-11T16:46:36","slug":"1349-u21-em-auftakt","status":"publish","type":"post","link":"http:\/\/kommentatorenblog.de\/?p=15206","title":{"rendered":"1349 &#8211; U21- EM- Auftakt"},"content":{"rendered":"\n<p>N&#8217;Abend allerseits,<\/p>\n\n\n\n<p><em>den n\u00e4chsten Beitrag gibt es am Dienstag den 18.07 zum Start der Fu\u00dfball- WM 2023 wieder<\/em><\/p>\n\n\n\n<p><strong>Testspiel (ARD)<\/strong><\/p>\n\n\n\n<p><u>Freitag, 07. Juli <\/u><u>2023, ab 20.15 Uhr<\/u><\/p>\n\n\n\n<p><strong style=\"font-style: italic;\">Deutschland  <strong><em><b style=\"font-style: italic;\">\u2013<\/b><\/em><\/strong><\/strong> <em><strong>Sambia (20.30 Uhr)<\/strong><\/em> <\/p>\n\n\n\n<p><img loading=\"lazy\" decoding=\"async\" width=\"10\" height=\"21\" class=\"wp-image-3656\" style=\"width: 10px;\" src=\"http:\/\/kommentatorenblog.de\/wp-content\/uploads\/2020\/09\/shure-55sh-ii-e1601485394796.jpg\" alt=\"\" srcset=\"http:\/\/kommentatorenblog.de\/wp-content\/uploads\/2020\/09\/shure-55sh-ii-e1601485394796.jpg 415w, http:\/\/kommentatorenblog.de\/wp-content\/uploads\/2020\/09\/shure-55sh-ii-e1601485394796-142x300.jpg 142w\" sizes=\"auto, (max-width: 10px) 100vw, 10px\" \/> Stephanie Baczyk<\/p>\n\n\n\n<p>Moderation: Claus Lufen oder Julia Scharf, Expertin: Nia K\u00fcnzer<\/p>\n\n\n\n<p><strong>U 21- EM, Vorrunde (Sat1)<\/strong><\/p>\n\n\n\n<p><u>Mittwoch, 28 Juni <\/u><u>2023, ab 17.30 Uhr<\/u><\/p>\n\n\n\n<p><strong style=\"font-style: italic;\">Deutschland  <strong><em><b style=\"font-style: italic;\">\u2013<\/b><\/em><\/strong><\/strong> <em><strong>England (18.00 Uhr)<\/strong><\/em> <\/p>\n\n\n\n<p><img loading=\"lazy\" decoding=\"async\" width=\"10\" height=\"21\" class=\"wp-image-3656\" style=\"width: 10px;\" src=\"http:\/\/kommentatorenblog.de\/wp-content\/uploads\/2020\/09\/shure-55sh-ii-e1601485394796.jpg\" alt=\"\" srcset=\"http:\/\/kommentatorenblog.de\/wp-content\/uploads\/2020\/09\/shure-55sh-ii-e1601485394796.jpg 415w, http:\/\/kommentatorenblog.de\/wp-content\/uploads\/2020\/09\/shure-55sh-ii-e1601485394796-142x300.jpg 142w\" sizes=\"auto, (max-width: 10px) 100vw, 10px\" \/> Uwe Morawe<\/p>\n\n\n\n<p>Moderation: Matthias Opdenh\u00f6vel, Experte: Markus Babbel, Field-Reporter Max Zielke.<\/p>\n\n\n\n<p><em>Die restlichen Ansetzungen findet ihr in den Kommentaren. <\/em><\/p>\n\n\n\n<p>da am Mittwoch die U21- EM in Rum\u00e4nien und Georgien startet, umfasst dieser Beitrag die Ansetzungen bis inklusive Montag. Da noch nicht alle Ansetzungen bekannt sind, wird der Beitrag im Laufe der Woche aktualisiert.<\/p>\n\n\n\n<p>Alle Spiele der U 21- EM wird es live bei ran Fu\u00dfball zu sehen geben. Genauer bedeutet dies, dass alle deutschen Spiele bei Sat1 laufen werden. Dar\u00fcber hinaus sind hier \u00dcbertragungen in der K.O.- Phase geplant. Alle weiteren Spiele gibt es dann entweder bei ProSieben Maxx oder im Stream auf ran.de zu sehen. Die genaue Aufteilung der n\u00e4chsten Tage seht ihr dann (soweit uns bisher bekannt) unten in den Ansetzungen<\/p>\n\n\n\n<p><strong><em>U 21- EM Team bei Sat1 und ProSieben Maxx<\/em><\/strong><\/p>\n\n\n\n<p><em>Moderation:<\/em> Matthias Opdenh\u00f6vel (Sat1), Christian D\u00fcren (ProSieben Maxx)<\/p>\n\n\n\n<p><em>Kommentatoren:<\/em> Matthias Stach, Uwe Morawe (Sat1), Franz B\u00fcchner, Florian Hauser, Jan L\u00fcdeke (ProSieben Maxx)<\/p>\n\n\n\n<p><em>Expertenteam:<\/em> Rene Adler, Markus Babbel, Rachel Rinast<\/p>\n\n\n\n<p><strong><em>WM der Frauen in Australien &amp; Neuseeland<\/em><\/strong><\/p>\n\n\n\n<p>Ein weiteres Fu\u00dfball- Gro\u00dfereignis wirft nat\u00fcrlich auch schon seine Schatten voraus, die WM der Frauen, welche Mitte Juli starten wird. W\u00e4hrend das ZDF noch in Feinplanungen ist, ist bei der ARD schon mehr bekannt. Moderieren werden Claus Lufen und Nia K\u00fcnzer man aus einem Studio in Hamburg (beim Federf\u00fchrenden NDR). Wenig \u00fcberraschend aufgrund kurzer Planungszeit und gro\u00dfer Distanz zwischen den Spielorten. Als Kommentatorinnen und Kommentatoren werden im Ersten laut Programmvorschau Bernd Schmelzer, Christina Graf, Jan Neumann und Stephanie Baczyk im Einsatz sein. Ein erster Blick in die Programmvorschau, zeigt, dass einige Spiele im Ersten zu sehen sein werden. Alles weitere erfahrt ihr dann im Vorlauf zur WM hier.<\/p>\n\n\n\n<p>Abschlie\u00dfend noch ein Wort von Nico, der bei Screentime Sport zu Gast war:<\/p>\n\n\n\n<p><strong><em>Screentime Sport- Podcast<\/em><\/strong><\/p>\n\n\n\n<p><em>In der vergangenen Woche hatte ich das gro\u00dfe Vergn\u00fcgen beim Podcast Screentime Sport zu Gast sein d\u00fcrfen. Sprechen durfte ich \u00fcber den Kommentatorenblog selbst, meinen pers\u00f6nlichen Werdegang, aber auch \u00fcber die abgelaufene Saison aus \u00dcbertragungsperspektive blicken. H\u00f6rt gerne mal <a rel=\"noreferrer noopener\" href=\"https:\/\/meinsportpodcast.de\/mixed-sport\/screentime-sport-der-sport-tv-kritik-podcast\/\" target=\"_blank\">rein. <\/a>In dem Podcast selbst sprechen <a rel=\"noreferrer noopener\" href=\"https:\/\/twitter.com\/mrdadihd\" target=\"_blank\">David B\u00fccker<\/a> und <a rel=\"noreferrer noopener\" href=\"https:\/\/twitter.com\/storms_luca\" target=\"_blank\">Luca Storms<\/a> \u00fcber Sport\u00fcbertragungen im allgemeinen und was ihnen dabei auff\u00e4llt. Schaltet also sehr gerne in den Podcast rein, dort werdet ihr auch \u00fcber den Fu\u00dfball hinaus top informiert, was so TV-technisch los ist. <\/em><\/p>\n\n\n\n<p><strong>Die Ansetzungen vom 20. bis 26. Juni 2023<\/strong><\/p>\n\n\n\n<hr class=\"wp-block-separator\"\/>\n\n\n\n<p><strong>L\u00e4nderspiel &#8211; Herren, Testspiel (RTL)<\/strong><\/p>\n\n\n\n<p><u>Dienstag, 20. Juni 2023, ab 20.15 Uhr<\/u><\/p>\n\n\n\n<p><strong style=\"font-style: italic;\">Deutschland <strong><em><b style=\"font-style: italic;\">\u2013<\/b><\/em><\/strong><\/strong> <em><strong>Kolumbien (20.45 Uhr)<\/strong><\/em> <\/p>\n\n\n\n<p><img loading=\"lazy\" decoding=\"async\" width=\"10\" height=\"21\" class=\"wp-image-3656\" style=\"width: 10px;\" src=\"http:\/\/kommentatorenblog.de\/wp-content\/uploads\/2020\/09\/shure-55sh-ii-e1601485394796.jpg\" alt=\"\" srcset=\"http:\/\/kommentatorenblog.de\/wp-content\/uploads\/2020\/09\/shure-55sh-ii-e1601485394796.jpg 415w, http:\/\/kommentatorenblog.de\/wp-content\/uploads\/2020\/09\/shure-55sh-ii-e1601485394796-142x300.jpg 142w\" sizes=\"auto, (max-width: 10px) 100vw, 10px\" \/> Marco Hagemann, Experte: Steffen Freund<\/p>\n\n\n\n<p>Moderation: Florian K\u00f6nig &amp; Monica Lierhaus, Experte: Lothar Matth\u00e4us<\/p>\n\n\n\n<p><strong>L\u00e4nderspiel &#8211; Damen, Testspiel (ZDF)<\/strong><\/p>\n\n\n\n<p><u>Samstag, 24. Juni 2023, ab 17.55 Uhr<\/u><\/p>\n\n\n\n<p><strong style=\"font-style: italic;\">Deutschland <strong><em><b style=\"font-style: italic;\">\u2013<\/b><\/em><\/strong><\/strong> <em><strong>Vietnam (18.00 Uhr)<\/strong><\/em> <\/p>\n\n\n\n<p><img loading=\"lazy\" decoding=\"async\" width=\"10\" height=\"21\" class=\"wp-image-3656\" style=\"width: 10px;\" src=\"http:\/\/kommentatorenblog.de\/wp-content\/uploads\/2020\/09\/shure-55sh-ii-e1601485394796.jpg\" alt=\"\" srcset=\"http:\/\/kommentatorenblog.de\/wp-content\/uploads\/2020\/09\/shure-55sh-ii-e1601485394796.jpg 415w, http:\/\/kommentatorenblog.de\/wp-content\/uploads\/2020\/09\/shure-55sh-ii-e1601485394796-142x300.jpg 142w\" sizes=\"auto, (max-width: 10px) 100vw, 10px\" \/> Norbert Galeske<\/p>\n\n\n\n<p>Moderation: Sven Voss Expertin: Kathrin Lehmann, Field- Reporterin Lena Kesting<\/p>\n\n\n\n<hr class=\"wp-block-separator\"\/>\n\n\n\n<p><strong>UEFA EM- Qualifikation (DAZN)<\/strong><\/p>\n\n\n\n<p><u>Dienstag, 20. Juni 2023, ab 20.45 Uhr (DAZN)<\/u><\/p>\n\n\n\n<p><strong style=\"font-style: italic;\">\u00d6sterreich <strong><em><b style=\"font-style: italic;\">\u2013<\/b><\/em><\/strong><\/strong> <em><strong>Schweden (20.45 Uhr)<\/strong><\/em> <\/p>\n\n\n\n<p><img loading=\"lazy\" decoding=\"async\" width=\"10\" height=\"21\" class=\"wp-image-3656\" style=\"width: 10px;\" src=\"http:\/\/kommentatorenblog.de\/wp-content\/uploads\/2020\/09\/shure-55sh-ii-e1601485394796.jpg\" alt=\"\" srcset=\"http:\/\/kommentatorenblog.de\/wp-content\/uploads\/2020\/09\/shure-55sh-ii-e1601485394796.jpg 415w, http:\/\/kommentatorenblog.de\/wp-content\/uploads\/2020\/09\/shure-55sh-ii-e1601485394796-142x300.jpg 142w\" sizes=\"auto, (max-width: 10px) 100vw, 10px\" \/> Max Gross<\/p>\n\n\n\n<p><strong style=\"font-style: italic;\">Estland <strong><em><b style=\"font-style: italic;\">\u2013<\/b><\/em><\/strong><\/strong> <em><strong>Belgien (20.45 Uhr)<\/strong><\/em> <\/p>\n\n\n\n<p><img loading=\"lazy\" decoding=\"async\" width=\"10\" height=\"21\" class=\"wp-image-3656\" style=\"width: 10px;\" src=\"http:\/\/kommentatorenblog.de\/wp-content\/uploads\/2020\/09\/shure-55sh-ii-e1601485394796.jpg\" alt=\"\" srcset=\"http:\/\/kommentatorenblog.de\/wp-content\/uploads\/2020\/09\/shure-55sh-ii-e1601485394796.jpg 415w, http:\/\/kommentatorenblog.de\/wp-content\/uploads\/2020\/09\/shure-55sh-ii-e1601485394796-142x300.jpg 142w\" sizes=\"auto, (max-width: 10px) 100vw, 10px\" \/> Michael Born<\/p>\n\n\n\n<p><strong style=\"font-style: italic;\">Island <strong><em><b style=\"font-style: italic;\">\u2013<\/b><\/em><\/strong><\/strong> <em><strong>Portugal (20.45 Uhr)<\/strong><\/em> <\/p>\n\n\n\n<p><img loading=\"lazy\" decoding=\"async\" width=\"10\" height=\"21\" class=\"wp-image-3656\" style=\"width: 10px;\" src=\"http:\/\/kommentatorenblog.de\/wp-content\/uploads\/2020\/09\/shure-55sh-ii-e1601485394796.jpg\" alt=\"\" srcset=\"http:\/\/kommentatorenblog.de\/wp-content\/uploads\/2020\/09\/shure-55sh-ii-e1601485394796.jpg 415w, http:\/\/kommentatorenblog.de\/wp-content\/uploads\/2020\/09\/shure-55sh-ii-e1601485394796-142x300.jpg 142w\" sizes=\"auto, (max-width: 10px) 100vw, 10px\" \/> Matthias Naebers<\/p>\n\n\n\n<hr class=\"wp-block-separator\"\/>\n\n\n\n<hr class=\"wp-block-separator\"\/>\n\n\n\n<p><strong>U 21- EM, Vorrunde (Sat1)<\/strong><\/p>\n\n\n\n<p><u>Donnerstag, 22 Juni <\/u><u>2023, ab 17.25 Uhr<\/u><\/p>\n\n\n\n<p><strong style=\"font-style: italic;\">Deutschland  <strong><em><b style=\"font-style: italic;\">\u2013<\/b><\/em><\/strong><\/strong> <em><strong>Israel (18.00 Uhr)<\/strong><\/em> <\/p>\n\n\n\n<p><img loading=\"lazy\" decoding=\"async\" width=\"10\" height=\"21\" class=\"wp-image-3656\" style=\"width: 10px;\" src=\"http:\/\/kommentatorenblog.de\/wp-content\/uploads\/2020\/09\/shure-55sh-ii-e1601485394796.jpg\" alt=\"\" srcset=\"http:\/\/kommentatorenblog.de\/wp-content\/uploads\/2020\/09\/shure-55sh-ii-e1601485394796.jpg 415w, http:\/\/kommentatorenblog.de\/wp-content\/uploads\/2020\/09\/shure-55sh-ii-e1601485394796-142x300.jpg 142w\" sizes=\"auto, (max-width: 10px) 100vw, 10px\" \/> Uwe Morawe<\/p>\n\n\n\n<p>Moderation: Matthias Opdenh\u00f6vel, Experte: Markus Babbel<\/p>\n\n\n\n<p><u>Sonntag, 25. Juni <\/u><u>2023, ab 17.25 Uhr<\/u><\/p>\n\n\n\n<p><strong style=\"font-style: italic;\">Tschechien  <strong><em><b style=\"font-style: italic;\">\u2013<\/b><\/em><\/strong><\/strong> <em><strong>Deutschland (18.00 Uhr)<\/strong><\/em> <\/p>\n\n\n\n<p><img loading=\"lazy\" decoding=\"async\" width=\"10\" height=\"21\" class=\"wp-image-3656\" style=\"width: 10px;\" src=\"http:\/\/kommentatorenblog.de\/wp-content\/uploads\/2020\/09\/shure-55sh-ii-e1601485394796.jpg\" alt=\"\" srcset=\"http:\/\/kommentatorenblog.de\/wp-content\/uploads\/2020\/09\/shure-55sh-ii-e1601485394796.jpg 415w, http:\/\/kommentatorenblog.de\/wp-content\/uploads\/2020\/09\/shure-55sh-ii-e1601485394796-142x300.jpg 142w\" sizes=\"auto, (max-width: 10px) 100vw, 10px\" \/> Uwe Morawe<\/p>\n\n\n\n<p>Moderation: Matthias Opdenh\u00f6vel, Experte: Markus Babbel, Field-Reporter: Max Zielke<\/p>\n\n\n\n<p><strong>U 21- EM, Vorrunde (Pro Sieben MAXX\/ran.de)<\/strong><\/p>\n\n\n\n<p><u>Mittwoch, 21. Juni <\/u><u>2023, ab 17.30 Uhr (Pro Sieben MAXX)<\/u><\/p>\n\n\n\n<p><strong style=\"font-style: italic;\">Georgien <strong><em><b style=\"font-style: italic;\">\u2013<\/b><\/em><\/strong><\/strong> <em><strong>Portugal (18.00 Uhr)<\/strong><\/em> <\/p>\n\n\n\n<p><img loading=\"lazy\" decoding=\"async\" width=\"10\" height=\"21\" class=\"wp-image-3656\" style=\"width: 10px;\" src=\"http:\/\/kommentatorenblog.de\/wp-content\/uploads\/2020\/09\/shure-55sh-ii-e1601485394796.jpg\" alt=\"\" srcset=\"http:\/\/kommentatorenblog.de\/wp-content\/uploads\/2020\/09\/shure-55sh-ii-e1601485394796.jpg 415w, http:\/\/kommentatorenblog.de\/wp-content\/uploads\/2020\/09\/shure-55sh-ii-e1601485394796-142x300.jpg 142w\" sizes=\"auto, (max-width: 10px) 100vw, 10px\" \/> Franz B\u00fcchner, Expertin: Rachel Rinast<\/p>\n\n\n\n<p>Moderation: Max Zielke<\/p>\n\n\n\n<p><u>Mittwoch, 21. Juni 2023, ab 17.40 Uhr (ran.de)<\/u><\/p>\n\n\n\n<p><strong style=\"font-style: italic;\">Ukraine  <strong><em><b style=\"font-style: italic;\">\u2013<\/b><\/em><\/strong><\/strong> <em><strong>Kroatien (18.00 Uhr)<\/strong><\/em> <\/p>\n\n\n\n<p><img loading=\"lazy\" decoding=\"async\" width=\"10\" height=\"21\" class=\"wp-image-3656\" style=\"width: 10px;\" src=\"http:\/\/kommentatorenblog.de\/wp-content\/uploads\/2020\/09\/shure-55sh-ii-e1601485394796.jpg\" alt=\"\" srcset=\"http:\/\/kommentatorenblog.de\/wp-content\/uploads\/2020\/09\/shure-55sh-ii-e1601485394796.jpg 415w, http:\/\/kommentatorenblog.de\/wp-content\/uploads\/2020\/09\/shure-55sh-ii-e1601485394796-142x300.jpg 142w\" sizes=\"auto, (max-width: 10px) 100vw, 10px\" \/> Engl. Originalkommentar<\/p>\n\n\n\n<p><strong style=\"font-style: italic;\">Belgien <strong><em><b style=\"font-style: italic;\">\u2013<\/b><\/em><\/strong><\/strong> <em><strong>Niederlande (18.00 Uhr)<\/strong><\/em> <\/p>\n\n\n\n<p><img loading=\"lazy\" decoding=\"async\" width=\"10\" height=\"21\" class=\"wp-image-3656\" style=\"width: 10px;\" src=\"http:\/\/kommentatorenblog.de\/wp-content\/uploads\/2020\/09\/shure-55sh-ii-e1601485394796.jpg\" alt=\"\" srcset=\"http:\/\/kommentatorenblog.de\/wp-content\/uploads\/2020\/09\/shure-55sh-ii-e1601485394796.jpg 415w, http:\/\/kommentatorenblog.de\/wp-content\/uploads\/2020\/09\/shure-55sh-ii-e1601485394796-142x300.jpg 142w\" sizes=\"auto, (max-width: 10px) 100vw, 10px\" \/> Jan L\u00fcdeke<\/p>\n\n\n\n<p><u>Mittwoch, 21. Juni <\/u><u>2023, ab 20.35 Uhr (Pro Sieben MAXX)<\/u><\/p>\n\n\n\n<p><strong style=\"font-style: italic;\">Rum\u00e4nien <strong><em><b style=\"font-style: italic;\">\u2013<\/b><\/em><\/strong><\/strong> <em><strong>Spanien (20.45 Uhr)<\/strong><\/em> <\/p>\n\n\n\n<p><img loading=\"lazy\" decoding=\"async\" width=\"10\" height=\"21\" class=\"wp-image-3656\" style=\"width: 10px;\" src=\"http:\/\/kommentatorenblog.de\/wp-content\/uploads\/2020\/09\/shure-55sh-ii-e1601485394796.jpg\" alt=\"\" srcset=\"http:\/\/kommentatorenblog.de\/wp-content\/uploads\/2020\/09\/shure-55sh-ii-e1601485394796.jpg 415w, http:\/\/kommentatorenblog.de\/wp-content\/uploads\/2020\/09\/shure-55sh-ii-e1601485394796-142x300.jpg 142w\" sizes=\"auto, (max-width: 10px) 100vw, 10px\" \/> Florian Hauser, Experte: Max Nicu<\/p>\n\n\n\n<p><u>Donnerstag, 22. Juni 2023, ab 17.40 Uhr (ran.de)<\/u><\/p>\n\n\n\n<p><strong style=\"font-style: italic;\">Tschechien  <strong><em><b style=\"font-style: italic;\">\u2013<\/b><\/em><\/strong><\/strong> <em><strong>England (18.00 Uhr)<\/strong><\/em> <\/p>\n\n\n\n<p><img loading=\"lazy\" decoding=\"async\" width=\"10\" height=\"21\" class=\"wp-image-3656\" style=\"width: 10px;\" src=\"http:\/\/kommentatorenblog.de\/wp-content\/uploads\/2020\/09\/shure-55sh-ii-e1601485394796.jpg\" alt=\"\" srcset=\"http:\/\/kommentatorenblog.de\/wp-content\/uploads\/2020\/09\/shure-55sh-ii-e1601485394796.jpg 415w, http:\/\/kommentatorenblog.de\/wp-content\/uploads\/2020\/09\/shure-55sh-ii-e1601485394796-142x300.jpg 142w\" sizes=\"auto, (max-width: 10px) 100vw, 10px\" \/> Engl. Originalkommentar<\/p>\n\n\n\n<p><strong style=\"font-style: italic;\">Norwegen <strong><em><b style=\"font-style: italic;\">\u2013<\/b><\/em><\/strong><\/strong> <em><strong>Schweiz (18.00 Uhr)<\/strong><\/em> <\/p>\n\n\n\n<p><img loading=\"lazy\" decoding=\"async\" width=\"10\" height=\"21\" class=\"wp-image-3656\" style=\"width: 10px;\" src=\"http:\/\/kommentatorenblog.de\/wp-content\/uploads\/2020\/09\/shure-55sh-ii-e1601485394796.jpg\" alt=\"\" srcset=\"http:\/\/kommentatorenblog.de\/wp-content\/uploads\/2020\/09\/shure-55sh-ii-e1601485394796.jpg 415w, http:\/\/kommentatorenblog.de\/wp-content\/uploads\/2020\/09\/shure-55sh-ii-e1601485394796-142x300.jpg 142w\" sizes=\"auto, (max-width: 10px) 100vw, 10px\" \/> Engl. Originalkommentar<\/p>\n\n\n\n<p><u>Donnerstag, 22. Juni <\/u><u>2023, ab 20.15 Uhr (Pro Sieben MAXX)<\/u><\/p>\n\n\n\n<p><strong style=\"font-style: italic;\">Frankreich <strong><em><b style=\"font-style: italic;\">\u2013<\/b><\/em><\/strong><\/strong> <em><strong>Italien (20.45 Uhr)<\/strong><\/em> <\/p>\n\n\n\n<p><img loading=\"lazy\" decoding=\"async\" width=\"10\" height=\"21\" class=\"wp-image-3656\" style=\"width: 10px;\" src=\"http:\/\/kommentatorenblog.de\/wp-content\/uploads\/2020\/09\/shure-55sh-ii-e1601485394796.jpg\" alt=\"\" srcset=\"http:\/\/kommentatorenblog.de\/wp-content\/uploads\/2020\/09\/shure-55sh-ii-e1601485394796.jpg 415w, http:\/\/kommentatorenblog.de\/wp-content\/uploads\/2020\/09\/shure-55sh-ii-e1601485394796-142x300.jpg 142w\" sizes=\"auto, (max-width: 10px) 100vw, 10px\" \/> Franz B\u00fcchner<\/p>\n\n\n\n<p>Moderation: Christian D\u00fcren, Experte: Ren\u00e9 Adler<\/p>\n\n\n\n<p><u>Samstag, 24. Juni 2023, ab 17.45 Uhr <u>(Pro Sieben MAXX)<\/u><\/u><\/p>\n\n\n\n<p><strong style=\"font-style: italic;\">Portugal <strong><em><b style=\"font-style: italic;\">\u2013<\/b><\/em><\/strong><\/strong> <em><strong>Niederlande (18.00 Uhr)<\/strong><\/em> <\/p>\n\n\n\n<p><img loading=\"lazy\" decoding=\"async\" width=\"10\" height=\"21\" class=\"wp-image-3656\" style=\"width: 10px;\" src=\"http:\/\/kommentatorenblog.de\/wp-content\/uploads\/2020\/09\/shure-55sh-ii-e1601485394796.jpg\" alt=\"\" srcset=\"http:\/\/kommentatorenblog.de\/wp-content\/uploads\/2020\/09\/shure-55sh-ii-e1601485394796.jpg 415w, http:\/\/kommentatorenblog.de\/wp-content\/uploads\/2020\/09\/shure-55sh-ii-e1601485394796-142x300.jpg 142w\" sizes=\"auto, (max-width: 10px) 100vw, 10px\" \/> &nbsp;Florian Hauser<\/p>\n\n\n\n<p><u>Samstag, 24. Juni 2023, ab 17.45 Uhr (ran.de)<\/u><\/p>\n\n\n\n<p><strong style=\"font-style: italic;\">Georgien  <strong><em><b style=\"font-style: italic;\">\u2013<\/b><\/em><\/strong><\/strong> <em><strong>Belgien (18.00 Uhr)<\/strong><\/em> <\/p>\n\n\n\n<p><img loading=\"lazy\" decoding=\"async\" width=\"10\" height=\"21\" class=\"wp-image-3656\" style=\"width: 10px;\" src=\"http:\/\/kommentatorenblog.de\/wp-content\/uploads\/2020\/09\/shure-55sh-ii-e1601485394796.jpg\" alt=\"\" srcset=\"http:\/\/kommentatorenblog.de\/wp-content\/uploads\/2020\/09\/shure-55sh-ii-e1601485394796.jpg 415w, http:\/\/kommentatorenblog.de\/wp-content\/uploads\/2020\/09\/shure-55sh-ii-e1601485394796-142x300.jpg 142w\" sizes=\"auto, (max-width: 10px) 100vw, 10px\" \/> Engl. Originalkommentar<\/p>\n\n\n\n<p><strong style=\"font-style: italic;\">Rum\u00e4nien <strong><em><b style=\"font-style: italic;\">\u2013<\/b><\/em><\/strong><\/strong> <em><strong>Ukraine (18.00 Uhr)<\/strong><\/em> <\/p>\n\n\n\n<p><img loading=\"lazy\" decoding=\"async\" width=\"10\" height=\"21\" class=\"wp-image-3656\" style=\"width: 10px;\" src=\"http:\/\/kommentatorenblog.de\/wp-content\/uploads\/2020\/09\/shure-55sh-ii-e1601485394796.jpg\" alt=\"\" srcset=\"http:\/\/kommentatorenblog.de\/wp-content\/uploads\/2020\/09\/shure-55sh-ii-e1601485394796.jpg 415w, http:\/\/kommentatorenblog.de\/wp-content\/uploads\/2020\/09\/shure-55sh-ii-e1601485394796-142x300.jpg 142w\" sizes=\"auto, (max-width: 10px) 100vw, 10px\" \/> Engl. Originalkommentar<\/p>\n\n\n\n<p><u>Samstag, 24. Juni 2023, ab 20.05 Uhr<u> (Pro Sieben MAXX)<\/u><\/u><\/p>\n\n\n\n<p><strong style=\"font-style: italic;\">Spanien <strong><em><b style=\"font-style: italic;\">\u2013<\/b><\/em><\/strong><\/strong> <em><strong>Kroatien (20.45 Uhr)<\/strong><\/em> <\/p>\n\n\n\n<p><img loading=\"lazy\" decoding=\"async\" width=\"10\" height=\"21\" class=\"wp-image-3656\" style=\"width: 10px;\" src=\"http:\/\/kommentatorenblog.de\/wp-content\/uploads\/2020\/09\/shure-55sh-ii-e1601485394796.jpg\" alt=\"\" srcset=\"http:\/\/kommentatorenblog.de\/wp-content\/uploads\/2020\/09\/shure-55sh-ii-e1601485394796.jpg 415w, http:\/\/kommentatorenblog.de\/wp-content\/uploads\/2020\/09\/shure-55sh-ii-e1601485394796-142x300.jpg 142w\" sizes=\"auto, (max-width: 10px) 100vw, 10px\" \/> Jan L\u00fcdeke<\/p>\n\n\n\n<p><u>Sonntag, 25. Juni 2023, ab 20.15 Uhr<u> (Pro Sieben MAXX)<\/u><\/u> <\/p>\n\n\n\n<p><strong style=\"font-style: italic;\">Norwegen <strong><em><b style=\"font-style: italic;\">\u2013<\/b><\/em><\/strong><\/strong> <em><strong>Frankreich (20.45 Uhr)<\/strong><\/em> <\/p>\n\n\n\n<p><img loading=\"lazy\" decoding=\"async\" width=\"10\" height=\"21\" class=\"wp-image-3656\" style=\"width: 10px;\" src=\"http:\/\/kommentatorenblog.de\/wp-content\/uploads\/2020\/09\/shure-55sh-ii-e1601485394796.jpg\" alt=\"\" srcset=\"http:\/\/kommentatorenblog.de\/wp-content\/uploads\/2020\/09\/shure-55sh-ii-e1601485394796.jpg 415w, http:\/\/kommentatorenblog.de\/wp-content\/uploads\/2020\/09\/shure-55sh-ii-e1601485394796-142x300.jpg 142w\" sizes=\"auto, (max-width: 10px) 100vw, 10px\" \/> Franz B\u00fcchner<\/p>\n\n\n\n<p>Moderation: Christian D\u00fcren, Experte: Ren\u00e9 Adler<\/p>\n\n\n\n<hr class=\"wp-block-separator\"\/>\n\n\n\n<p><strong>Internationaler Fu\u00dfball<\/strong><\/p>\n\n\n\n<p><strong>Campeonato Brasileiro, 11. Spieltag (Sportdigital FUSSBALL)<\/strong><\/p>\n\n\n\n<p><u>Donnerstag, 22. Juni 2023, ab 0.55 Uhr<\/u><\/p>\n\n\n\n<p><strong style=\"font-style: italic;\">Santos FC <strong style=\"font-style: italic;\"><strong><em><b style=\"font-style: italic;\">\u2013<\/b><\/em><\/strong><\/strong> Corinthians<\/strong><em><strong> (01.00 Uhr)<\/strong><\/em> <\/p>\n\n\n\n<p><img loading=\"lazy\" decoding=\"async\" width=\"10\" height=\"21\" class=\"wp-image-3656\" style=\"width: 10px;\" src=\"http:\/\/kommentatorenblog.de\/wp-content\/uploads\/2020\/09\/shure-55sh-ii-e1601485394796.jpg\" alt=\"\" srcset=\"http:\/\/kommentatorenblog.de\/wp-content\/uploads\/2020\/09\/shure-55sh-ii-e1601485394796.jpg 415w, http:\/\/kommentatorenblog.de\/wp-content\/uploads\/2020\/09\/shure-55sh-ii-e1601485394796-142x300.jpg 142w\" sizes=\"auto, (max-width: 10px) 100vw, 10px\" \/> Arne Malsch<\/p>\n\n\n\n<p><u>Samstag, 24. Juni 2023, ab 20.55 Uhr<\/u><\/p>\n\n\n\n<p><strong style=\"font-style: italic;\">Athletico Paranaense <strong style=\"font-style: italic;\"><strong style=\"font-style: italic;\"><strong><em><b style=\"font-style: italic;\">\u2013<\/b><\/em><\/strong><\/strong> <\/strong>Corinthians<\/strong><em><strong> (21.00 Uhr)<\/strong><\/em> <\/p>\n\n\n\n<p><img loading=\"lazy\" decoding=\"async\" width=\"10\" height=\"21\" class=\"wp-image-3656\" style=\"width: 10px;\" src=\"http:\/\/kommentatorenblog.de\/wp-content\/uploads\/2020\/09\/shure-55sh-ii-e1601485394796.jpg\" alt=\"\" srcset=\"http:\/\/kommentatorenblog.de\/wp-content\/uploads\/2020\/09\/shure-55sh-ii-e1601485394796.jpg 415w, http:\/\/kommentatorenblog.de\/wp-content\/uploads\/2020\/09\/shure-55sh-ii-e1601485394796-142x300.jpg 142w\" sizes=\"auto, (max-width: 10px) 100vw, 10px\" \/> J\u00f6rg Steiger<\/p>\n\n\n\n<p><strong style=\"font-style: italic;\">Fluminense <strong style=\"font-style: italic;\"><strong style=\"font-style: italic;\"><strong style=\"font-style: italic;\"><strong><em><b style=\"font-style: italic;\">\u2013<\/b><\/em><\/strong><\/strong> <\/strong><\/strong>EC Bahia<\/strong><em><strong> (23.30 Uhr)<\/strong><\/em> <\/p>\n\n\n\n<p><img loading=\"lazy\" decoding=\"async\" width=\"10\" height=\"21\" class=\"wp-image-3656\" style=\"width: 10px;\" src=\"http:\/\/kommentatorenblog.de\/wp-content\/uploads\/2020\/09\/shure-55sh-ii-e1601485394796.jpg\" alt=\"\" srcset=\"http:\/\/kommentatorenblog.de\/wp-content\/uploads\/2020\/09\/shure-55sh-ii-e1601485394796.jpg 415w, http:\/\/kommentatorenblog.de\/wp-content\/uploads\/2020\/09\/shure-55sh-ii-e1601485394796-142x300.jpg 142w\" sizes=\"auto, (max-width: 10px) 100vw, 10px\" \/> Christian Blunck<\/p>\n\n\n\n<p><strong>Liga Profesional, 21. Spieltag (Sportdigital FUSSBALL)<\/strong><\/p>\n\n\n\n<p><u>Freitag, 23. Juni 2023, ab 0.30 Uhr<\/u><\/p>\n\n\n\n<p><strong style=\"font-style: italic;\">CA River Plate <strong style=\"font-style: italic;\"><strong style=\"font-style: italic;\"><strong><em><b style=\"font-style: italic;\">\u2013<\/b><\/em><\/strong><\/strong> <\/strong>Instituto AC Cordoba<\/strong><em><strong> (00.45 Uhr)<\/strong><\/em> <\/p>\n\n\n\n<p><img loading=\"lazy\" decoding=\"async\" width=\"10\" height=\"21\" class=\"wp-image-3656\" style=\"width: 10px;\" src=\"http:\/\/kommentatorenblog.de\/wp-content\/uploads\/2020\/09\/shure-55sh-ii-e1601485394796.jpg\" alt=\"\" srcset=\"http:\/\/kommentatorenblog.de\/wp-content\/uploads\/2020\/09\/shure-55sh-ii-e1601485394796.jpg 415w, http:\/\/kommentatorenblog.de\/wp-content\/uploads\/2020\/09\/shure-55sh-ii-e1601485394796-142x300.jpg 142w\" sizes=\"auto, (max-width: 10px) 100vw, 10px\" \/> Marvin Kirsch<\/p>\n\n\n\n<p><strong>J. League, 18. Spieltag (Sportdigital FUSSBALL)<\/strong><\/p>\n\n\n\n<p><u>Samstag, 24. Juni 2023, ab 12.30 Uhr<\/u><\/p>\n\n\n\n<p><strong style=\"font-style: italic;\">Urawa Red Diamonds <strong style=\"font-style: italic;\"><strong style=\"font-style: italic;\"><strong style=\"font-style: italic;\"><strong><em><b style=\"font-style: italic;\">\u2013<\/b><\/em><\/strong><\/strong> <\/strong><\/strong>Kawasaki Frontale<\/strong> <em><strong>(12.33 Uhr)<\/strong><\/em> <\/p>\n\n\n\n<p><img loading=\"lazy\" decoding=\"async\" width=\"10\" height=\"21\" class=\"wp-image-3656\" style=\"width: 10px;\" src=\"http:\/\/kommentatorenblog.de\/wp-content\/uploads\/2020\/09\/shure-55sh-ii-e1601485394796.jpg\" alt=\"\" srcset=\"http:\/\/kommentatorenblog.de\/wp-content\/uploads\/2020\/09\/shure-55sh-ii-e1601485394796.jpg 415w, http:\/\/kommentatorenblog.de\/wp-content\/uploads\/2020\/09\/shure-55sh-ii-e1601485394796-142x300.jpg 142w\" sizes=\"auto, (max-width: 10px) 100vw, 10px\" \/> Henrik Hinrichsen<\/p>\n\n\n\n<p><strong>Gold Cup, Vorrunde (Sportdigital FUSSBALL)<\/strong><\/p>\n\n\n\n<p><u>Sonntag, 25. Juni 2023, ab 03.30 Uhr<\/u><\/p>\n\n\n\n<p><strong style=\"font-style: italic;\">USA <strong style=\"font-style: italic;\"><strong style=\"font-style: italic;\"><strong style=\"font-style: italic;\"><strong><em><b style=\"font-style: italic;\">\u2013<\/b><\/em><\/strong><\/strong> <\/strong><\/strong>Jamaika<\/strong><em><strong> (03.30 Uhr)<\/strong><\/em> <\/p>\n\n\n\n<p><img loading=\"lazy\" decoding=\"async\" width=\"10\" height=\"21\" class=\"wp-image-3656\" style=\"width: 10px;\" src=\"http:\/\/kommentatorenblog.de\/wp-content\/uploads\/2020\/09\/shure-55sh-ii-e1601485394796.jpg\" alt=\"\" srcset=\"http:\/\/kommentatorenblog.de\/wp-content\/uploads\/2020\/09\/shure-55sh-ii-e1601485394796.jpg 415w, http:\/\/kommentatorenblog.de\/wp-content\/uploads\/2020\/09\/shure-55sh-ii-e1601485394796-142x300.jpg 142w\" sizes=\"auto, (max-width: 10px) 100vw, 10px\" \/> Karsten Linke<\/p>\n\n\n\n<p><strong style=\"font-style: italic;\">Trinidad und Tobago <strong style=\"font-style: italic;\"><strong style=\"font-style: italic;\"><strong style=\"font-style: italic;\"><strong style=\"font-style: italic;\"><strong><em><b style=\"font-style: italic;\">\u2013<\/b><\/em><\/strong><\/strong> <\/strong><\/strong><\/strong>St. Kitts und Nevis<\/strong><em><strong> (21.30 Uhr)<\/strong><\/em> <\/p>\n\n\n\n<p><img loading=\"lazy\" decoding=\"async\" width=\"10\" height=\"21\" class=\"wp-image-3656\" style=\"width: 10px;\" src=\"http:\/\/kommentatorenblog.de\/wp-content\/uploads\/2020\/09\/shure-55sh-ii-e1601485394796.jpg\" alt=\"\" srcset=\"http:\/\/kommentatorenblog.de\/wp-content\/uploads\/2020\/09\/shure-55sh-ii-e1601485394796.jpg 415w, http:\/\/kommentatorenblog.de\/wp-content\/uploads\/2020\/09\/shure-55sh-ii-e1601485394796-142x300.jpg 142w\" sizes=\"auto, (max-width: 10px) 100vw, 10px\" \/>&nbsp;Ulf Kahmke<\/p>\n\n\n\n<p><u>Montag, 26. Juni 2023<\/u><\/p>\n\n\n\n<p><strong style=\"font-style: italic;\">Haiti <strong style=\"font-style: italic;\"><strong style=\"font-style: italic;\"><strong style=\"font-style: italic;\"><strong style=\"font-style: italic;\"><strong style=\"font-style: italic;\"><strong><em><b style=\"font-style: italic;\">\u2013<\/b><\/em><\/strong><\/strong> <\/strong><\/strong><\/strong><\/strong>Katar<\/strong><em><strong> (00.00 Uhr)<\/strong><\/em> <\/p>\n\n\n\n<p><img loading=\"lazy\" decoding=\"async\" width=\"10\" height=\"21\" class=\"wp-image-3656\" style=\"width: 10px;\" src=\"http:\/\/kommentatorenblog.de\/wp-content\/uploads\/2020\/09\/shure-55sh-ii-e1601485394796.jpg\" alt=\"\" srcset=\"http:\/\/kommentatorenblog.de\/wp-content\/uploads\/2020\/09\/shure-55sh-ii-e1601485394796.jpg 415w, http:\/\/kommentatorenblog.de\/wp-content\/uploads\/2020\/09\/shure-55sh-ii-e1601485394796-142x300.jpg 142w\" sizes=\"auto, (max-width: 10px) 100vw, 10px\" \/> Arne Malsch<\/p>\n\n\n\n<p><strong style=\"font-style: italic;\">Mexiko &#8211; Honduras<\/strong><em><strong> (02.00 Uhr)<\/strong><\/em> <\/p>\n\n\n\n<p><img loading=\"lazy\" decoding=\"async\" width=\"10\" height=\"21\" class=\"wp-image-3656\" style=\"width: 10px;\" src=\"http:\/\/kommentatorenblog.de\/wp-content\/uploads\/2020\/09\/shure-55sh-ii-e1601485394796.jpg\" alt=\"\" srcset=\"http:\/\/kommentatorenblog.de\/wp-content\/uploads\/2020\/09\/shure-55sh-ii-e1601485394796.jpg 415w, http:\/\/kommentatorenblog.de\/wp-content\/uploads\/2020\/09\/shure-55sh-ii-e1601485394796-142x300.jpg 142w\" sizes=\"auto, (max-width: 10px) 100vw, 10px\" \/> Jakob Vogel<\/p>\n\n\n\n<p><strong>Analyse<\/strong><\/p>\n\n\n\n<p>Am Dienstag geht es weiter mit der Qualifikation f\u00fcr die Heim- EM 2024. Dadurch wird Deutschland erneut ein Testspiel bestreiten. Gegner auf Schalke wird Kolumbien sein. Nachdem die beiden vorherigen Spiele im Zweiten und Ersten liefen. \u00fcbertragt nun RTL live. Personaltechnisch wird es dabei wenig \u00dcberraschendes geben, Marco Hagemann kommentiert wie gewohnt mit Steffen Freund. Allerdings erh\u00e4lt Florian K\u00f6nig Unterst\u00fctzung durch Monica Lierhaus.<\/p>\n\n\n\n<p><strong>Special Olympics &#8211; \u00dcbertragung<\/strong><\/p>\n\n\n\n<p>Da Monica Lierhaus auch Teil der RTL- Berichterstattung \u00fcber die Special Olympics sein wird, an dieser Stelle, wie bereits auch von Nico, der Hinweis auf die \u00dcbertragung und Berichterstattung dieses Events. Nahezu jedes gro\u00dfe deutsche Medienhaus ist Teil der Berichterstattung, dazu geh\u00f6rt neben RTL, ProSiebenSat1, Sky, DAZN, Bild, die Telekom, welche meist  Zusammenfassungen und Berichten in Magazinsendungen zeigen. Sportdeutschland.tv bietet dar\u00fcber hinaus viele Livestreams an,  ARD und ZDF berichten abwechselnd live und in Zusammenfassungen. Eine genauere \u00dcbersicht findet ihr hier:https:\/\/www.berlin2023.org\/de\/medien\/live.<\/p>\n\n\n\n<p>Neben den Herren werden die DFB- Frauen in dieser Woche ebenfalls ein Testspiel austragen, allerdings erst am Samstag, dann live im ZDF ab kurz vor 18 Uhr. Die \u00dcbertragung des Spiels ist Teil eines langen Sporttages (Tennis, Special Olympics, Leichtathletik) im Zweiten. Moderieren wird dann Sven Voss, Kommentator ist Norbert Galeske.<\/p>\n\n\n\n<p>Das Spiel wird eine Vorbereitung auf die anstehende WM sein, nicht nur f\u00fcr das DFB- Team, sondern wohl auch f\u00fcr das ZDF- Team, welches am Samstag im Einsatz ist.<\/p>\n\n\n\n<p><strong>U21- EM live<\/strong><\/p>\n\n\n\n<p>Ab Mittwoch starten dann unterdessen noch die U21 EM. Wie bereits oben erw\u00e4hnt werden alle Spiele live \u00fcbertragen. Den Anfang macht am Mittwoch ProSieben Maxx mit Kommentator Franz B\u00fcchner, ehe dann am Donnerstag die erste Partie des DFB- Teams ansteht, hier \u00fcbernimmt Matthias Opdenh\u00f6vel die Moderation. Kommentator, zumindest der ersten beiden deutschen Spiele, wird dann Uwe Morawe sein.<\/p>\n\n\n\n<p>Sobald uns weitere Informationen zu den Ansetzungen der U 21- EM vorliegen, werden wir diese dann erg\u00e4nzen bzw den Beitrag aktualisieren. Damit allen eine sch\u00f6ne Woche.<\/p>\n","protected":false},"excerpt":{"rendered":"<p>N&#8217;Abend allerseits, den n\u00e4chsten Beitrag gibt es am Dienstag den 18.07 zum Start der Fu\u00dfball- WM 2023 wieder Testspiel (ARD) Freitag, 07. Juli 2023, ab 20.15 Uhr Deutschland \u2013 Sambia (20.30 Uhr) Stephanie Baczyk Moderation: Claus Lufen oder Julia Scharf, Expertin: Nia K\u00fcnzer U 21- EM, Vorrunde (Sat1) Mittwoch, 28 Juni 2023, ab 17.30 Uhr [&hellip;]<\/p>\n","protected":false},"author":10,"featured_media":0,"comment_status":"open","ping_status":"open","sticky":false,"template":"","format":"standard","meta":{"footnotes":""},"categories":[426],"tags":[263,177,13,932,148,120,933,123,58,737,31,43,581,931,101,283,449,114,930,709,917,138,134,151,710,929,37],"class_list":["post-15206","post","type-post","status-publish","format-standard","hentry","category-laenderspiele","tag-arne-malsch","tag-christian-dueren","tag-dazn","tag-florian-hauser","tag-florian-koenig","tag-franz-buechner","tag-henrik-hiinrichsen","tag-jan-luedeke","tag-joerg-steiger","tag-kathrin-lehmann","tag-lothar-matthaeus","tag-marco-hagemann","tag-marvin-kirsch","tag-matthias-naerbers","tag-matthias-opdenhoevel","tag-max-gross","tag-max-zielke","tag-michael-born","tag-monica-liehrhaus","tag-norbert-galeske","tag-rene-adler-2","tag-rtl","tag-sportdigital-fussball","tag-steffen-freund","tag-sven-voss","tag-uwe-moeawe","tag-zdf"],"_links":{"self":[{"href":"http:\/\/kommentatorenblog.de\/index.php?rest_route=\/wp\/v2\/posts\/15206","targetHints":{"allow":["GET"]}}],"collection":[{"href":"http:\/\/kommentatorenblog.de\/index.php?rest_route=\/wp\/v2\/posts"}],"about":[{"href":"http:\/\/kommentatorenblog.de\/index.php?rest_route=\/wp\/v2\/types\/post"}],"author":[{"embeddable":true,"href":"http:\/\/kommentatorenblog.de\/index.php?rest_route=\/wp\/v2\/users\/10"}],"replies":[{"embeddable":true,"href":"http:\/\/kommentatorenblog.de\/index.php?rest_route=%2Fwp%2Fv2%2Fcomments&post=15206"}],"version-history":[{"count":23,"href":"http:\/\/kommentatorenblog.de\/index.php?rest_route=\/wp\/v2\/posts\/15206\/revisions"}],"predecessor-version":[{"id":15247,"href":"http:\/\/kommentatorenblog.de\/index.php?rest_route=\/wp\/v2\/posts\/15206\/revisions\/15247"}],"wp:attachment":[{"href":"http:\/\/kommentatorenblog.de\/index.php?rest_route=%2Fwp%2Fv2%2Fmedia&parent=15206"}],"wp:term":[{"taxonomy":"category","embeddable":true,"href":"http:\/\/kommentatorenblog.de\/index.php?rest_route=%2Fwp%2Fv2%2Fcategories&post=15206"},{"taxonomy":"post_tag","embeddable":true,"href":"http:\/\/kommentatorenblog.de\/index.php?rest_route=%2Fwp%2Fv2%2Ftags&post=15206"}],"curies":[{"name":"wp","href":"https:\/\/api.w.org\/{rel}","templated":true}]}}