{"id":15302,"date":"2023-08-10T19:41:04","date_gmt":"2023-08-10T17:41:04","guid":{"rendered":"http:\/\/kommentatorenblog.de\/?p=15302"},"modified":"2023-08-11T21:39:00","modified_gmt":"2023-08-11T19:39:00","slug":"1354-grosskampftag-und-wm-viertelfinals","status":"publish","type":"post","link":"http:\/\/kommentatorenblog.de\/?p=15302","title":{"rendered":"1354 &#8211; Gro\u00dfkampftag und WM-Viertelfinals"},"content":{"rendered":"\n<p>N&#8217;Abend allerseits,<\/p>\n\n\n\n<p>sp\u00e4testens mit diesem Wochenende ist nun auch f\u00fcr alle Fans eines Bundesligisten der Start in die neue Spielzeit 2023\/24 sp\u00fcrbar. Eine Zeit, in der auch die \u00fcbertragenden Anbieter regelm\u00e4\u00dfig Neues zu verk\u00fcnden haben. K\u00fcrzlich hat sich DAZN die Rechte an der zumindest mal streitbaren Saudi Arabian Pro League gesichert, Sportdigital die Re-Live-Rechte aller Manchester City-Spiele. Sky hat am Dienstag zur gro\u00dfen Saisonauftakts-Pressekonferenz aus dem gro\u00dfen Studio A in Unterf\u00f6hring geladen, bei der auch wir dankenswerterweise online bzw. live vor Ort dabei sein durften. <br>Rechtem\u00e4\u00dfig gibt es von dort aber wenig zu vermelden. Die Highlight-Rechte an der 3. Liga (auch bei DAZN) und der Frauen-Bundesliga als neues Angebot waren schon klar. Auch personell und \u00fcbertragungstechnisch gab es die gr\u00f6\u00dften Ver\u00e4nderungen schon zum Zweitligastart, als Thomas Wagner als Neuzugang f\u00fcr die zu Sport1 gewechselte Katharina Kleinfeldt den Auftakt in die Stadionmoderation der 2. Bundesliga bei Sky gegeben hat. <br>Im Oberhaus \u00e4ndert sich dagegen nichts: Britta Hofmann und Michael Leopold wechseln sich in der Moderation des Nachmittags ab, an deren Seite sind weiterhin Didi Hamann und Erik Meijer, zum Topspiel melden sich weiterhin Hellmann, Matth\u00e4us, Simic\/Kemme sowie Wolff Fuss. Einzig die Rolle des Schiedsrichter-Experten bleibt nach Alex Feuerherdts Abgang zum DFB nach unseren Infos erstmal offen.<\/p>\n\n\n\n<p>Sendungsm\u00e4\u00dfig neu ist das Format &#8222;Guten Morgen, Fans&#8220;. Eine Art Fr\u00fchst\u00fccksfernsehen, die den langen Bundesligasamstag noch weiter nach vorne ausdehnen wird und am Sonntag einen Rundumblick in die Welt des sendereigenen Sportangebots geben soll. Kurz bevor die PM dazu versendet wurde, durften wir vor Ort auch einen Blick ins neue Studio werfen. Es sei an der Stelle verraten, dass der orangene K\u00fchlschrank aktuell ungef\u00fcllt ist! W\u00e4hrend uns noch unklar ist, welche Stadt die Skyline im Hintergrund darstellen soll, k\u00f6nnen wir schon vermelden, dass Viola Weiss und Andi Lengenfelder die erste Ausgabe moderieren werden. Auch die k\u00fcnftigen Sendungen werden von SSN-Moderator:innen \u00fcbernommen.<\/p>\n\n\n\n<p>Das neue Fr\u00fchst\u00fccksstudio ist \u00fcbrigens anstelle des vormaligen Champions Corner- und Glanzparade-Sets gebaut worden. Da es sonst vor Ort nur noch das bekannte Premier League- und (vormalige) Zweitligastudio sowie das gro\u00dfe Studio A (Bundesliga) gibt, bleibt abzuwarten, wo sich die genannten Formate k\u00fcnftig ansiedeln werden. Dazu sicherlich mehr, wenn die entsprechenden Wettbewerbe starten. Jetzt steht erstmal eines der Saisonhighlights an: Die Erste Pokalrunde! <\/p>\n\n\n\n<p><strong>Die Ansetzungen vom 11. Juli 2022 bis 14. August 2023:<\/strong><\/p>\n\n\n\n<hr class=\"wp-block-separator is-style-default\"\/>\n\n\n\n<p><strong>FIFA Women&#8217;s World Cup 2023 (ARD\/ZDF)<\/strong><\/p>\n\n\n\n<p><span style=\"text-decoration: underline;\">Freitag, 11. August 2023, <span style=\"text-decoration: underline;\">ab 02.50 Uhr (sportschau.de)<\/span><\/span><\/p>\n\n\n\n<p><strong style=\"font-style: italic;\"><em><strong>Spanien<\/strong><\/em> <strong><em><span><b style=\"font-style: italic;\">\u2013<\/b><\/span><\/em><\/strong><\/strong> <em><strong>Niederlande (03.00 Uhr)<\/strong><\/em> <br><img loading=\"lazy\" decoding=\"async\" width=\"10\" height=\"21\" class=\"wp-image-3656\" style=\"width: 10px;\" src=\"http:\/\/kommentatorenblog.de\/wp-content\/uploads\/2020\/09\/shure-55sh-ii-e1601485394796.jpg\" alt=\"\" srcset=\"http:\/\/kommentatorenblog.de\/wp-content\/uploads\/2020\/09\/shure-55sh-ii-e1601485394796.jpg 415w, http:\/\/kommentatorenblog.de\/wp-content\/uploads\/2020\/09\/shure-55sh-ii-e1601485394796-142x300.jpg 142w\" sizes=\"auto, (max-width: 10px) 100vw, 10px\" \/> Jan Neumann<\/p>\n\n\n\n<p><span style=\"text-decoration: underline;\"><span style=\"text-decoration: underline;\">ab 09.05 Uhr (ARD)<\/span><\/span><\/p>\n\n\n\n<p><strong style=\"font-style: italic;\"><em><strong>Japan<\/strong><\/em> <strong><em><span><b style=\"font-style: italic;\">\u2013<\/b><\/span><\/em><\/strong><\/strong> <em><strong>Schweden (09.30 Uhr)<\/strong><\/em> <br><img loading=\"lazy\" decoding=\"async\" width=\"10\" height=\"21\" class=\"wp-image-3656\" style=\"width: 10px;\" src=\"http:\/\/kommentatorenblog.de\/wp-content\/uploads\/2020\/09\/shure-55sh-ii-e1601485394796.jpg\" alt=\"\" srcset=\"http:\/\/kommentatorenblog.de\/wp-content\/uploads\/2020\/09\/shure-55sh-ii-e1601485394796.jpg 415w, http:\/\/kommentatorenblog.de\/wp-content\/uploads\/2020\/09\/shure-55sh-ii-e1601485394796-142x300.jpg 142w\" sizes=\"auto, (max-width: 10px) 100vw, 10px\" \/> Bernd Schmelzer<\/p>\n\n\n\n<p>Moderation: Claus Lufen, Expertin: Nia K\u00fcnzer<\/p>\n\n\n\n<p><span style=\"text-decoration: underline;\">Samstag, 12. August 2023, <span style=\"text-decoration: underline;\">ab 08.<\/span><\/span>3<span style=\"text-decoration: underline;\"><span style=\"text-decoration: underline;\">0 Uhr (ZDF)<\/span><\/span><\/p>\n\n\n\n<p><strong style=\"font-style: italic;\"><em><strong>Australien<\/strong><\/em> <strong><em><span><b style=\"font-style: italic;\">\u2013<\/b><\/span><\/em><\/strong><\/strong> <em><strong>Frankreich (09.00 Uhr)<\/strong><\/em> <br><img loading=\"lazy\" decoding=\"async\" width=\"10\" height=\"21\" class=\"wp-image-3656\" style=\"width: 10px;\" src=\"http:\/\/kommentatorenblog.de\/wp-content\/uploads\/2020\/09\/shure-55sh-ii-e1601485394796.jpg\" alt=\"\" srcset=\"http:\/\/kommentatorenblog.de\/wp-content\/uploads\/2020\/09\/shure-55sh-ii-e1601485394796.jpg 415w, http:\/\/kommentatorenblog.de\/wp-content\/uploads\/2020\/09\/shure-55sh-ii-e1601485394796-142x300.jpg 142w\" sizes=\"auto, (max-width: 10px) 100vw, 10px\" \/> Claudia Neumann<\/p>\n\n\n\n<p><span style=\"text-decoration: underline;\"><span style=\"text-decoration: underline;\">ab 12.00 Uhr (ZDF)<\/span><\/span><\/p>\n\n\n\n<p><strong style=\"font-style: italic;\"><em><strong>England<\/strong><\/em> <strong><em><span><b style=\"font-style: italic;\">\u2013<\/b><\/span><\/em><\/strong><\/strong> <em><strong>Kolumbien (12.30 Uhr)<\/strong><\/em> <br><img loading=\"lazy\" decoding=\"async\" width=\"10\" height=\"21\" class=\"wp-image-3656\" style=\"width: 10px;\" src=\"http:\/\/kommentatorenblog.de\/wp-content\/uploads\/2020\/09\/shure-55sh-ii-e1601485394796.jpg\" alt=\"\" srcset=\"http:\/\/kommentatorenblog.de\/wp-content\/uploads\/2020\/09\/shure-55sh-ii-e1601485394796.jpg 415w, http:\/\/kommentatorenblog.de\/wp-content\/uploads\/2020\/09\/shure-55sh-ii-e1601485394796-142x300.jpg 142w\" sizes=\"auto, (max-width: 10px) 100vw, 10px\" \/> Norbert Galeske<\/p>\n\n\n\n<p>Moderation: Sven Voss, Expertin: Kathrin Lehmann<\/p>\n\n\n\n<hr class=\"wp-block-separator is-style-default\"\/>\n\n\n\n<p><strong>DFL-Supercup 2023 (GER), (Sat.1\/Sky)<\/strong><\/p>\n\n\n\n<p><span style=\"text-decoration: underline;\">Samstag, 12. August 2023, <span style=\"text-decoration: underline;\">ab 19.30 Uhr (Sat.1), ab 20.00 Uhr (Sky)<\/span><\/span><\/p>\n\n\n\n<p><strong style=\"font-style: italic;\"><em><strong>FC Bayern M\u00fcnchen<\/strong><\/em> <strong><em><span><b style=\"font-style: italic;\">\u2013<\/b><\/span><\/em><\/strong><\/strong> <em><strong>RB Leipzig (20.45 Uhr)<\/strong><\/em> <\/p>\n\n\n\n<p><img loading=\"lazy\" decoding=\"async\" width=\"10\" height=\"21\" class=\"wp-image-3656\" style=\"width: 10px;\" src=\"http:\/\/kommentatorenblog.de\/wp-content\/uploads\/2020\/09\/shure-55sh-ii-e1601485394796.jpg\" alt=\"\" srcset=\"http:\/\/kommentatorenblog.de\/wp-content\/uploads\/2020\/09\/shure-55sh-ii-e1601485394796.jpg 415w, http:\/\/kommentatorenblog.de\/wp-content\/uploads\/2020\/09\/shure-55sh-ii-e1601485394796-142x300.jpg 142w\" sizes=\"auto, (max-width: 10px) 100vw, 10px\" \/> Sat.1: Wolff Fuss<br>Field-Reporter (Sat.1): Andrea Kaiser<br>Moderation (Sat.1): Matthias Opdenh\u00f6vel, Experte: Stefan Kuntz<\/p>\n\n\n\n<p><img loading=\"lazy\" decoding=\"async\" width=\"10\" height=\"21\" class=\"wp-image-3656\" style=\"width: 10px;\" src=\"http:\/\/kommentatorenblog.de\/wp-content\/uploads\/2020\/09\/shure-55sh-ii-e1601485394796.jpg\" alt=\"\" srcset=\"http:\/\/kommentatorenblog.de\/wp-content\/uploads\/2020\/09\/shure-55sh-ii-e1601485394796.jpg 415w, http:\/\/kommentatorenblog.de\/wp-content\/uploads\/2020\/09\/shure-55sh-ii-e1601485394796-142x300.jpg 142w\" sizes=\"auto, (max-width: 10px) 100vw, 10px\" \/> Sky: Kai Dittmann<br>Field-Reporter (Sky): Torben Hoffmann<br>Moderation (Sky): Britta Hofmann<\/p>\n\n\n\n<hr class=\"wp-block-separator is-style-default\"\/>\n\n\n\n<p><strong>DFB-Pokal (GER), 1. Runde (Sky\/ARD\/ZDF)<\/strong><\/p>\n\n\n\n<p><span style=\"text-decoration: underline;\">Freitag, 11. August 2023, <span style=\"text-decoration: underline;\">ab 17.30 Uhr (Sky)<\/span><\/span><\/p>\n\n\n\n<p><em><strong style=\"font-style: italic;\">TuS Bersenbr\u00fcck <strong><span><b style=\"font-style: italic;\">\u2013<\/b><\/span><\/strong><\/strong> <strong>Borussia M\u00f6nchengladbach (18.00 Uhr)<\/strong> <\/em><br><img loading=\"lazy\" decoding=\"async\" width=\"10\" height=\"21\" class=\"wp-image-3656\" style=\"width: 10px;\" src=\"http:\/\/kommentatorenblog.de\/wp-content\/uploads\/2020\/09\/shure-55sh-ii-e1601485394796.jpg\" alt=\"\" srcset=\"http:\/\/kommentatorenblog.de\/wp-content\/uploads\/2020\/09\/shure-55sh-ii-e1601485394796.jpg 415w, http:\/\/kommentatorenblog.de\/wp-content\/uploads\/2020\/09\/shure-55sh-ii-e1601485394796-142x300.jpg 142w\" sizes=\"auto, (max-width: 10px) 100vw, 10px\" \/> Oliver Seidler (Einzelspiel aus dem Stadion), Roland Everd (Konferenz)<br>Field-Reporter: Marcus J\u00fcrgensen<\/p>\n\n\n\n<hr class=\"wp-block-separator\"\/>\n\n\n\n<p><em><strong style=\"font-style: italic;\">1. FC Saarbr\u00fccken <strong><span><b style=\"font-style: italic;\">\u2013<\/b><\/span><\/strong><\/strong> <strong>Karlsruher SC (18.00 Uhr)<\/strong> <\/em><br><img loading=\"lazy\" decoding=\"async\" width=\"10\" height=\"21\" class=\"wp-image-3656\" style=\"width: 10px;\" src=\"http:\/\/kommentatorenblog.de\/wp-content\/uploads\/2020\/09\/shure-55sh-ii-e1601485394796.jpg\" alt=\"\" srcset=\"http:\/\/kommentatorenblog.de\/wp-content\/uploads\/2020\/09\/shure-55sh-ii-e1601485394796.jpg 415w, http:\/\/kommentatorenblog.de\/wp-content\/uploads\/2020\/09\/shure-55sh-ii-e1601485394796-142x300.jpg 142w\" sizes=\"auto, (max-width: 10px) 100vw, 10px\" \/> Karsten Petrzika (Einzelspiel), Hansi K\u00fcpper (Konferenz)<br>Field-Reporter: Dirk gro\u00dfe Schlarmann<\/p>\n\n\n\n<p><em><strong style=\"font-style: italic;\">SV Sandhausen <strong><span><b style=\"font-style: italic;\">\u2013<\/b><\/span><\/strong><\/strong> <strong>Hannover 96 (18.00 Uhr)<\/strong> <\/em><br><img loading=\"lazy\" decoding=\"async\" width=\"10\" height=\"21\" class=\"wp-image-3656\" style=\"width: 10px;\" src=\"http:\/\/kommentatorenblog.de\/wp-content\/uploads\/2020\/09\/shure-55sh-ii-e1601485394796.jpg\" alt=\"\" srcset=\"http:\/\/kommentatorenblog.de\/wp-content\/uploads\/2020\/09\/shure-55sh-ii-e1601485394796.jpg 415w, http:\/\/kommentatorenblog.de\/wp-content\/uploads\/2020\/09\/shure-55sh-ii-e1601485394796-142x300.jpg 142w\" sizes=\"auto, (max-width: 10px) 100vw, 10px\" \/> Florian Malburg (Einzelspiel), Marcel Meinert (Konferenz)<\/p>\n\n\n\n<p><span style=\"text-decoration: underline;\">ab 20.15 Uhr (ZDF) bzw. ab 20.30 Uhr (Sky)<\/span><\/p>\n\n\n\n<p><strong style=\"font-style: italic;\">Eintracht Braunschweig <strong><em><span><b style=\"font-style: italic;\">\u2013<\/b><\/span><\/em><\/strong><\/strong> <em><strong>FC Schalke 04 (20.45 Uhr)<\/strong><\/em> <\/p>\n\n\n\n<p><img loading=\"lazy\" decoding=\"async\" width=\"10\" height=\"21\" class=\"wp-image-3656\" style=\"width: 10px;\" src=\"http:\/\/kommentatorenblog.de\/wp-content\/uploads\/2020\/09\/shure-55sh-ii-e1601485394796.jpg\" alt=\"\" srcset=\"http:\/\/kommentatorenblog.de\/wp-content\/uploads\/2020\/09\/shure-55sh-ii-e1601485394796.jpg 415w, http:\/\/kommentatorenblog.de\/wp-content\/uploads\/2020\/09\/shure-55sh-ii-e1601485394796-142x300.jpg 142w\" sizes=\"auto, (max-width: 10px) 100vw, 10px\" \/> ZDF: Martin Schneider<br>Field-Reporter:innen (ZDF): Mareile Scheidemann und Alexander Ruda<br>Moderation (ZDF): Jochen Breyer, Experte: Ren\u00e9 Adler<\/p>\n\n\n\n<p><img loading=\"lazy\" decoding=\"async\" width=\"10\" height=\"21\" class=\"wp-image-3656\" style=\"width: 10px;\" src=\"http:\/\/kommentatorenblog.de\/wp-content\/uploads\/2020\/09\/shure-55sh-ii-e1601485394796.jpg\" alt=\"\" srcset=\"http:\/\/kommentatorenblog.de\/wp-content\/uploads\/2020\/09\/shure-55sh-ii-e1601485394796.jpg 415w, http:\/\/kommentatorenblog.de\/wp-content\/uploads\/2020\/09\/shure-55sh-ii-e1601485394796-142x300.jpg 142w\" sizes=\"auto, (max-width: 10px) 100vw, 10px\" \/> Sky: Kai Dittmann (Einzelspiel aus dem Stadion), Sven Schr\u00f6ter (ZSFG)<br>Field-Reporter (Sky): Patrick Wasserziehr<\/p>\n\n\n\n<p>Moderation (Sky): Nele Schenker<\/p>\n\n\n\n<p><span style=\"text-decoration: underline;\">Samstag, 12. August 2023, <span style=\"text-decoration: underline;\">ab 12.30 Uhr (Sky)<\/span><\/span><\/p>\n\n\n\n<p><strong style=\"font-style: italic;\">TSG Balingen 1848 <strong><em><span><b style=\"font-style: italic;\">\u2013<\/b><\/span><\/em><\/strong><\/strong> <em><strong>VfB Stuttgart (13.00 Uhr)<\/strong><\/em> <br><img loading=\"lazy\" decoding=\"async\" width=\"10\" height=\"21\" class=\"wp-image-3656\" style=\"width: 10px;\" src=\"http:\/\/kommentatorenblog.de\/wp-content\/uploads\/2020\/09\/shure-55sh-ii-e1601485394796.jpg\" alt=\"\" srcset=\"http:\/\/kommentatorenblog.de\/wp-content\/uploads\/2020\/09\/shure-55sh-ii-e1601485394796.jpg 415w, http:\/\/kommentatorenblog.de\/wp-content\/uploads\/2020\/09\/shure-55sh-ii-e1601485394796-142x300.jpg 142w\" sizes=\"auto, (max-width: 10px) 100vw, 10px\" \/> Roland Evers (Einzelspiel aus dem Stadion), Florian Schmidt-Sommerfeld (Konferenz)<br>Field-Reporter: Dennis Bayer<\/p>\n\n\n\n<hr class=\"wp-block-separator\"\/>\n\n\n\n<p><strong style=\"font-style: italic;\">FC Carl Zeiss Jena <strong><em><span><b style=\"font-style: italic;\">\u2013<\/b><\/span><\/em><\/strong><\/strong> <em><strong>Hertha BSC (13.00 Uhr)<\/strong><\/em> <br><img loading=\"lazy\" decoding=\"async\" width=\"10\" height=\"21\" class=\"wp-image-3656\" style=\"width: 10px;\" src=\"http:\/\/kommentatorenblog.de\/wp-content\/uploads\/2020\/09\/shure-55sh-ii-e1601485394796.jpg\" alt=\"\" srcset=\"http:\/\/kommentatorenblog.de\/wp-content\/uploads\/2020\/09\/shure-55sh-ii-e1601485394796.jpg 415w, http:\/\/kommentatorenblog.de\/wp-content\/uploads\/2020\/09\/shure-55sh-ii-e1601485394796-142x300.jpg 142w\" sizes=\"auto, (max-width: 10px) 100vw, 10px\" \/> Stefan Hempel (Einzelspiel), Christian Stra\u00dfburger (Konferenz)<\/p>\n\n\n\n<p><span style=\"text-decoration: underline;\">ab 14.30 Uhr<\/span><\/p>\n\n\n\n<p><strong style=\"font-style: italic;\">TSV Schott Mainz <strong><em><span><b style=\"font-style: italic;\">\u2013<\/b><\/span><\/em><\/strong><\/strong> <em><strong>Borussia Dortmund (15.30 Uhr)<\/strong><\/em> <br><img loading=\"lazy\" decoding=\"async\" width=\"10\" height=\"21\" class=\"wp-image-3656\" style=\"width: 10px;\" src=\"http:\/\/kommentatorenblog.de\/wp-content\/uploads\/2020\/09\/shure-55sh-ii-e1601485394796.jpg\" alt=\"\" srcset=\"http:\/\/kommentatorenblog.de\/wp-content\/uploads\/2020\/09\/shure-55sh-ii-e1601485394796.jpg 415w, http:\/\/kommentatorenblog.de\/wp-content\/uploads\/2020\/09\/shure-55sh-ii-e1601485394796-142x300.jpg 142w\" sizes=\"auto, (max-width: 10px) 100vw, 10px\" \/> Martin Gro\u00df (Einzelspiel aus dem Stadion), Frank Buschmann (Konferenz)<br>Field-Reporter: Jens Westen<\/p>\n\n\n\n<p><strong style=\"font-style: italic;\">FC Viktoria K\u00f6ln <strong><em><span><b style=\"font-style: italic;\">\u2013<\/b><\/span><\/em><\/strong><\/strong> <em><strong>SV Werder Bremen (15.30 Uhr)<\/strong><\/em> <br><img loading=\"lazy\" decoding=\"async\" width=\"10\" height=\"21\" class=\"wp-image-3656\" style=\"width: 10px;\" src=\"http:\/\/kommentatorenblog.de\/wp-content\/uploads\/2020\/09\/shure-55sh-ii-e1601485394796.jpg\" alt=\"\" srcset=\"http:\/\/kommentatorenblog.de\/wp-content\/uploads\/2020\/09\/shure-55sh-ii-e1601485394796.jpg 415w, http:\/\/kommentatorenblog.de\/wp-content\/uploads\/2020\/09\/shure-55sh-ii-e1601485394796-142x300.jpg 142w\" sizes=\"auto, (max-width: 10px) 100vw, 10px\" \/> Marcus Lindemann (Einzelspiel aus dem Stadion), Markus G\u00f6tz (Konferenz)<br>Field-Reporter: Ulli Potofski<\/p>\n\n\n\n<hr class=\"wp-block-separator\"\/>\n\n\n\n<p><strong style=\"font-style: italic;\">FC Teutonia Ottensen <strong><em><span><b style=\"font-style: italic;\">\u2013<\/b><\/span><\/em><\/strong><\/strong> <em><strong>Bayer 04 Leverkusen (15.30 Uhr)<\/strong><\/em> <br><img loading=\"lazy\" decoding=\"async\" width=\"10\" height=\"21\" class=\"wp-image-3656\" style=\"width: 10px;\" src=\"http:\/\/kommentatorenblog.de\/wp-content\/uploads\/2020\/09\/shure-55sh-ii-e1601485394796.jpg\" alt=\"\" srcset=\"http:\/\/kommentatorenblog.de\/wp-content\/uploads\/2020\/09\/shure-55sh-ii-e1601485394796.jpg 415w, http:\/\/kommentatorenblog.de\/wp-content\/uploads\/2020\/09\/shure-55sh-ii-e1601485394796-142x300.jpg 142w\" sizes=\"auto, (max-width: 10px) 100vw, 10px\" \/> Philipp Langosz (Einzelspiel), Torsten Kunde (Konferenz)<br>Field-Reporter: Marcus J\u00fcrgensen<\/p>\n\n\n\n<p><strong style=\"font-style: italic;\">SV Atlas Delmenhorst <strong><em><span><b style=\"font-style: italic;\">\u2013<\/b><\/span><\/em><\/strong><\/strong> <em><strong>FC St.Pauli (15.30 Uhr)<\/strong><\/em> <br><img loading=\"lazy\" decoding=\"async\" width=\"10\" height=\"21\" class=\"wp-image-3656\" style=\"width: 10px;\" src=\"http:\/\/kommentatorenblog.de\/wp-content\/uploads\/2020\/09\/shure-55sh-ii-e1601485394796.jpg\" alt=\"\" srcset=\"http:\/\/kommentatorenblog.de\/wp-content\/uploads\/2020\/09\/shure-55sh-ii-e1601485394796.jpg 415w, http:\/\/kommentatorenblog.de\/wp-content\/uploads\/2020\/09\/shure-55sh-ii-e1601485394796-142x300.jpg 142w\" sizes=\"auto, (max-width: 10px) 100vw, 10px\" \/> Thomas Wagner (Einzelspiel), Karsten Petrzika (Konferenz)<\/p>\n\n\n\n<p><strong style=\"font-style: italic;\">FC Oberneuland <strong><em><span><b style=\"font-style: italic;\">\u2013<\/b><\/span><\/em><\/strong><\/strong> <em><strong>1. FC N\u00fcrnberg (15.30 Uhr)<\/strong><\/em> <br><img loading=\"lazy\" decoding=\"async\" width=\"10\" height=\"21\" class=\"wp-image-3656\" style=\"width: 10px;\" src=\"http:\/\/kommentatorenblog.de\/wp-content\/uploads\/2020\/09\/shure-55sh-ii-e1601485394796.jpg\" alt=\"\" srcset=\"http:\/\/kommentatorenblog.de\/wp-content\/uploads\/2020\/09\/shure-55sh-ii-e1601485394796.jpg 415w, http:\/\/kommentatorenblog.de\/wp-content\/uploads\/2020\/09\/shure-55sh-ii-e1601485394796-142x300.jpg 142w\" sizes=\"auto, (max-width: 10px) 100vw, 10px\" \/> Timo Schmidtchen (Einzelspiel), Markus Gaupp (Konferenz)<\/p>\n\n\n\n<p><strong style=\"font-style: italic;\">FC G\u00fctersloh <strong><em><span><b style=\"font-style: italic;\">\u2013<\/b><\/span><\/em><\/strong><\/strong> <em><strong>Holstein Kiel (15.30 Uhr)<\/strong><\/em> <br><img loading=\"lazy\" decoding=\"async\" width=\"10\" height=\"21\" class=\"wp-image-3656\" style=\"width: 10px;\" src=\"http:\/\/kommentatorenblog.de\/wp-content\/uploads\/2020\/09\/shure-55sh-ii-e1601485394796.jpg\" alt=\"\" srcset=\"http:\/\/kommentatorenblog.de\/wp-content\/uploads\/2020\/09\/shure-55sh-ii-e1601485394796.jpg 415w, http:\/\/kommentatorenblog.de\/wp-content\/uploads\/2020\/09\/shure-55sh-ii-e1601485394796-142x300.jpg 142w\" sizes=\"auto, (max-width: 10px) 100vw, 10px\" \/> Martin Weinberger (Einzelspiel), Marcel Meinert (Konferenz)<\/p>\n\n\n\n<p><span style=\"text-decoration: underline;\">ab 17.30 Uhr (Sky)<\/span><\/p>\n\n\n\n<p><strong style=\"font-style: italic;\">SV Elversberg 07 <strong><em><span><b style=\"font-style: italic;\">\u2013<\/b><\/span><\/em><\/strong><\/strong> <em><strong>1. FSV Mainz 05 (18.00 Uhr)<\/strong><\/em> <br><img loading=\"lazy\" decoding=\"async\" width=\"10\" height=\"21\" class=\"wp-image-3656\" style=\"width: 10px;\" src=\"http:\/\/kommentatorenblog.de\/wp-content\/uploads\/2020\/09\/shure-55sh-ii-e1601485394796.jpg\" alt=\"\" srcset=\"http:\/\/kommentatorenblog.de\/wp-content\/uploads\/2020\/09\/shure-55sh-ii-e1601485394796.jpg 415w, http:\/\/kommentatorenblog.de\/wp-content\/uploads\/2020\/09\/shure-55sh-ii-e1601485394796-142x300.jpg 142w\" sizes=\"auto, (max-width: 10px) 100vw, 10px\" \/> Klaus Veltman (Einzelspiel aus dem Stadion), Hansi K\u00fcpper (Konferenz)<\/p>\n\n\n\n<hr class=\"wp-block-separator\"\/>\n\n\n\n<p><strong style=\"font-style: italic;\">DSC Arminia Bielefeld <strong><em><span><b style=\"font-style: italic;\">\u2013<\/b><\/span><\/em><\/strong><\/strong> <em><strong>VfL Bochum (18.00 Uhr)<\/strong><\/em> <br><img loading=\"lazy\" decoding=\"async\" width=\"10\" height=\"21\" class=\"wp-image-3656\" style=\"width: 10px;\" src=\"http:\/\/kommentatorenblog.de\/wp-content\/uploads\/2020\/09\/shure-55sh-ii-e1601485394796.jpg\" alt=\"\" srcset=\"http:\/\/kommentatorenblog.de\/wp-content\/uploads\/2020\/09\/shure-55sh-ii-e1601485394796.jpg 415w, http:\/\/kommentatorenblog.de\/wp-content\/uploads\/2020\/09\/shure-55sh-ii-e1601485394796-142x300.jpg 142w\" sizes=\"auto, (max-width: 10px) 100vw, 10px\" \/> Joachim Hebel (Einzelspiel), Toni Tomic (Konferenz)<\/p>\n\n\n\n<p><strong style=\"font-style: italic;\">Hallescher FC <strong><em><span><b style=\"font-style: italic;\">\u2013<\/b><\/span><\/em><\/strong><\/strong> <em><strong>SpVgg Greuther F\u00fcrth (18.00 Uhr)<\/strong><\/em> <br><img loading=\"lazy\" decoding=\"async\" width=\"10\" height=\"21\" class=\"wp-image-3656\" style=\"width: 10px;\" src=\"http:\/\/kommentatorenblog.de\/wp-content\/uploads\/2020\/09\/shure-55sh-ii-e1601485394796.jpg\" alt=\"\" srcset=\"http:\/\/kommentatorenblog.de\/wp-content\/uploads\/2020\/09\/shure-55sh-ii-e1601485394796.jpg 415w, http:\/\/kommentatorenblog.de\/wp-content\/uploads\/2020\/09\/shure-55sh-ii-e1601485394796-142x300.jpg 142w\" sizes=\"auto, (max-width: 10px) 100vw, 10px\" \/> Jaron Steiner (Einzelspiel), Heiko Mallwitz (Konferenz)<\/p>\n\n\n\n<p>Moderation: Michael Leopold<\/p>\n\n\n\n<p>Moderation ASAT: Hartmut von Kameke<\/p>\n\n\n\n<p><span style=\"text-decoration: underline;\">Sonntag, 13. August 2023, <span style=\"text-decoration: underline;\">ab 12.30 Uhr (Sky)<\/span><\/span><\/p>\n\n\n\n<p><strong style=\"font-style: italic;\">Rot-Weiss Essen <strong><em><span><b style=\"font-style: italic;\">\u2013<\/b><\/span><\/em><\/strong><\/strong> <em><strong>Hamburger SV (13.00 Uhr)<\/strong><\/em> <br><img loading=\"lazy\" decoding=\"async\" width=\"10\" height=\"21\" class=\"wp-image-3656\" style=\"width: 10px;\" src=\"http:\/\/kommentatorenblog.de\/wp-content\/uploads\/2020\/09\/shure-55sh-ii-e1601485394796.jpg\" alt=\"\" srcset=\"http:\/\/kommentatorenblog.de\/wp-content\/uploads\/2020\/09\/shure-55sh-ii-e1601485394796.jpg 415w, http:\/\/kommentatorenblog.de\/wp-content\/uploads\/2020\/09\/shure-55sh-ii-e1601485394796-142x300.jpg 142w\" sizes=\"auto, (max-width: 10px) 100vw, 10px\" \/> Patrick Wasserziehr (Einzelspiel aus dem Stadion), Kai Dittmann (Konferenz)<br>Field-Reporter: Martin Gro\u00df<\/p>\n\n\n\n<hr class=\"wp-block-separator\"\/>\n\n\n\n<p><strong style=\"font-style: italic;\">Rostocker FC 1895 <strong><em><span><b style=\"font-style: italic;\">\u2013<\/b><\/span><\/em><\/strong><\/strong> <em><strong>1. FC Heidenheim (13.00 Uhr)<\/strong><\/em> <br><img loading=\"lazy\" decoding=\"async\" width=\"10\" height=\"21\" class=\"wp-image-3656\" style=\"width: 10px;\" src=\"http:\/\/kommentatorenblog.de\/wp-content\/uploads\/2020\/09\/shure-55sh-ii-e1601485394796.jpg\" alt=\"\" srcset=\"http:\/\/kommentatorenblog.de\/wp-content\/uploads\/2020\/09\/shure-55sh-ii-e1601485394796.jpg 415w, http:\/\/kommentatorenblog.de\/wp-content\/uploads\/2020\/09\/shure-55sh-ii-e1601485394796-142x300.jpg 142w\" sizes=\"auto, (max-width: 10px) 100vw, 10px\" \/> Thomas Wagner (Einzelspiel), Marcel Meinert (Konferenz)<\/p>\n\n\n\n<p><span style=\"text-decoration: underline;\">ab 14.30 Uhr<\/span><\/p>\n\n\n\n<p><strong style=\"font-style: italic;\">1. FC Lokomotive Leipzig <strong><em><span><b style=\"font-style: italic;\">\u2013<\/b><\/span><\/em><\/strong><\/strong> <em><strong>Eintracht Frankfurt (15.30 Uhr)<\/strong><\/em> <br><img loading=\"lazy\" decoding=\"async\" width=\"10\" height=\"21\" class=\"wp-image-3656\" style=\"width: 10px;\" src=\"http:\/\/kommentatorenblog.de\/wp-content\/uploads\/2020\/09\/shure-55sh-ii-e1601485394796.jpg\" alt=\"\" srcset=\"http:\/\/kommentatorenblog.de\/wp-content\/uploads\/2020\/09\/shure-55sh-ii-e1601485394796.jpg 415w, http:\/\/kommentatorenblog.de\/wp-content\/uploads\/2020\/09\/shure-55sh-ii-e1601485394796-142x300.jpg 142w\" sizes=\"auto, (max-width: 10px) 100vw, 10px\" \/> Oliver Seidler (Einzelspiel aus dem Stadion), Wolff Fuss (Konferenz)<br>Field-Reporter: Philipp Hinze<\/p>\n\n\n\n<p><strong style=\"font-style: italic;\">SV Oberachern <strong><em><span><b style=\"font-style: italic;\">\u2013<\/b><\/span><\/em><\/strong><\/strong> <em><strong>SC Freiburg (15.30 Uhr)<\/strong><\/em> <br><img loading=\"lazy\" decoding=\"async\" width=\"10\" height=\"21\" class=\"wp-image-3656\" style=\"width: 10px;\" src=\"http:\/\/kommentatorenblog.de\/wp-content\/uploads\/2020\/09\/shure-55sh-ii-e1601485394796.jpg\" alt=\"\" srcset=\"http:\/\/kommentatorenblog.de\/wp-content\/uploads\/2020\/09\/shure-55sh-ii-e1601485394796.jpg 415w, http:\/\/kommentatorenblog.de\/wp-content\/uploads\/2020\/09\/shure-55sh-ii-e1601485394796-142x300.jpg 142w\" sizes=\"auto, (max-width: 10px) 100vw, 10px\" \/> Marcus Lindemann (Einzelspiel aus dem Stadion), Michael Leopold (Konferenz)<br>Field-Reporter: Ulli Potofski<\/p>\n\n\n\n<hr class=\"wp-block-separator\"\/>\n\n\n\n<p><strong style=\"font-style: italic;\">TuS Makkabi Berlin <strong><em><span><b style=\"font-style: italic;\">\u2013<\/b><\/span><\/em><\/strong><\/strong> <em><strong>VfL Wolfsburg (15.30 Uhr)<\/strong><\/em> <br><img loading=\"lazy\" decoding=\"async\" width=\"10\" height=\"21\" class=\"wp-image-3656\" style=\"width: 10px;\" src=\"http:\/\/kommentatorenblog.de\/wp-content\/uploads\/2020\/09\/shure-55sh-ii-e1601485394796.jpg\" alt=\"\" srcset=\"http:\/\/kommentatorenblog.de\/wp-content\/uploads\/2020\/09\/shure-55sh-ii-e1601485394796.jpg 415w, http:\/\/kommentatorenblog.de\/wp-content\/uploads\/2020\/09\/shure-55sh-ii-e1601485394796-142x300.jpg 142w\" sizes=\"auto, (max-width: 10px) 100vw, 10px\" \/> Timo Schmidtchen (Einzelspiel), Roland Evers (Konferenz)<br>Field-Reporter: Jens Westen<\/p>\n\n\n\n<p><strong style=\"font-style: italic;\">SpVgg Unterhaching <strong><em><span><b style=\"font-style: italic;\">\u2013<\/b><\/span><\/em><\/strong><\/strong> <em><strong>FC Augsburg (15.30 Uhr)<\/strong><\/em> <br><img loading=\"lazy\" decoding=\"async\" width=\"10\" height=\"21\" class=\"wp-image-3656\" style=\"width: 10px;\" src=\"http:\/\/kommentatorenblog.de\/wp-content\/uploads\/2020\/09\/shure-55sh-ii-e1601485394796.jpg\" alt=\"\" srcset=\"http:\/\/kommentatorenblog.de\/wp-content\/uploads\/2020\/09\/shure-55sh-ii-e1601485394796.jpg 415w, http:\/\/kommentatorenblog.de\/wp-content\/uploads\/2020\/09\/shure-55sh-ii-e1601485394796-142x300.jpg 142w\" sizes=\"auto, (max-width: 10px) 100vw, 10px\" \/> Stefan Hempel (Einzelspiel), Frank Buschmann (Konferenz)<\/p>\n\n\n\n<p><strong style=\"font-style: italic;\">FC Rot-Wei\u00df Koblenz <strong><em><span><b style=\"font-style: italic;\">\u2013<\/b><\/span><\/em><\/strong><\/strong> <em><strong>1.FC Kaiserslautern (15.30 Uhr)<\/strong><\/em> <br><img loading=\"lazy\" decoding=\"async\" width=\"10\" height=\"21\" class=\"wp-image-3656\" style=\"width: 10px;\" src=\"http:\/\/kommentatorenblog.de\/wp-content\/uploads\/2020\/09\/shure-55sh-ii-e1601485394796.jpg\" alt=\"\" srcset=\"http:\/\/kommentatorenblog.de\/wp-content\/uploads\/2020\/09\/shure-55sh-ii-e1601485394796.jpg 415w, http:\/\/kommentatorenblog.de\/wp-content\/uploads\/2020\/09\/shure-55sh-ii-e1601485394796-142x300.jpg 142w\" sizes=\"auto, (max-width: 10px) 100vw, 10px\" \/> Karsten Petrzika (Einzelspiel), Hansi K\u00fcpper (Konferenz)<\/p>\n\n\n\n<p><strong style=\"font-style: italic;\">FV Illertissen <strong><em><span><b style=\"font-style: italic;\">\u2013<\/b><\/span><\/em><\/strong><\/strong> <em><strong>Fortuna D\u00fcsseldorf (15.30 Uhr)<\/strong><\/em> <br><img loading=\"lazy\" decoding=\"async\" width=\"10\" height=\"21\" class=\"wp-image-3656\" style=\"width: 10px;\" src=\"http:\/\/kommentatorenblog.de\/wp-content\/uploads\/2020\/09\/shure-55sh-ii-e1601485394796.jpg\" alt=\"\" srcset=\"http:\/\/kommentatorenblog.de\/wp-content\/uploads\/2020\/09\/shure-55sh-ii-e1601485394796.jpg 415w, http:\/\/kommentatorenblog.de\/wp-content\/uploads\/2020\/09\/shure-55sh-ii-e1601485394796-142x300.jpg 142w\" sizes=\"auto, (max-width: 10px) 100vw, 10px\" \/> Torsten Kunde (Einzelspiel), Markus Gaupp (Konferenz)<\/p>\n\n\n\n<p><span style=\"text-decoration: underline;\">ab 17.30 Uhr (Sky)<\/span><\/p>\n\n\n\n<p><strong style=\"font-style: italic;\">FC-Astoria Walldorf <strong><em><span><b style=\"font-style: italic;\">\u2013<\/b><\/span><\/em><\/strong><\/strong> <em><strong>1. FC Union Berlin (18.00 Uhr)<\/strong><\/em> <br><img loading=\"lazy\" decoding=\"async\" width=\"10\" height=\"21\" class=\"wp-image-3656\" style=\"width: 10px;\" src=\"http:\/\/kommentatorenblog.de\/wp-content\/uploads\/2020\/09\/shure-55sh-ii-e1601485394796.jpg\" alt=\"\" srcset=\"http:\/\/kommentatorenblog.de\/wp-content\/uploads\/2020\/09\/shure-55sh-ii-e1601485394796.jpg 415w, http:\/\/kommentatorenblog.de\/wp-content\/uploads\/2020\/09\/shure-55sh-ii-e1601485394796-142x300.jpg 142w\" sizes=\"auto, (max-width: 10px) 100vw, 10px\" \/> Klaus Veltman (Einzelspiel aus dem Stadion), Markus G\u00f6tz (Konferenz)<br>Field-Reporter: Dennis Bayer<\/p>\n\n\n\n<hr class=\"wp-block-separator\"\/>\n\n\n\n<p><strong style=\"font-style: italic;\">Energie Cottbus <strong><em><span><b style=\"font-style: italic;\">\u2013<\/b><\/span><\/em><\/strong><\/strong> <em><strong>SC Paderborn 07 (18.00 Uhr)<\/strong><\/em> <br><img loading=\"lazy\" decoding=\"async\" width=\"10\" height=\"21\" class=\"wp-image-3656\" style=\"width: 10px;\" src=\"http:\/\/kommentatorenblog.de\/wp-content\/uploads\/2020\/09\/shure-55sh-ii-e1601485394796.jpg\" alt=\"\" srcset=\"http:\/\/kommentatorenblog.de\/wp-content\/uploads\/2020\/09\/shure-55sh-ii-e1601485394796.jpg 415w, http:\/\/kommentatorenblog.de\/wp-content\/uploads\/2020\/09\/shure-55sh-ii-e1601485394796-142x300.jpg 142w\" sizes=\"auto, (max-width: 10px) 100vw, 10px\" \/> Dominik M\u00fcller (Einzelspiel), Sven Schr\u00f6ter (Konferenz)<\/p>\n\n\n\n<p><strong><em><b style=\"font-style: italic;\">FSV Frankfurt <\/b><b style=\"font-style: italic; font-weight: bold;\">\u2013<\/b> FC Hansa Rostock (18.00 Uhr) <\/em><\/strong><br><img loading=\"lazy\" decoding=\"async\" width=\"10\" height=\"21\" class=\"wp-image-3656\" style=\"width: 10px;\" src=\"http:\/\/kommentatorenblog.de\/wp-content\/uploads\/2020\/09\/shure-55sh-ii-e1601485394796.jpg\" alt=\"\" srcset=\"http:\/\/kommentatorenblog.de\/wp-content\/uploads\/2020\/09\/shure-55sh-ii-e1601485394796.jpg 415w, http:\/\/kommentatorenblog.de\/wp-content\/uploads\/2020\/09\/shure-55sh-ii-e1601485394796-142x300.jpg 142w\" sizes=\"auto, (max-width: 10px) 100vw, 10px\" \/> Heiko Mallwitz (Einzelspiel), Christian Stra\u00dfburger (Konferenz)<\/p>\n\n\n\n<p>Moderation: Yannick Erkenbrecher<\/p>\n\n\n\n<p>Moderation ASAT: Nele Schenker<\/p>\n\n\n\n<p><span style=\"text-decoration: underline;\">Montag, 14. August 2023<\/span><span style=\"text-decoration: underline;\">, <span style=\"text-decoration: underline;\">ab 17.30 Uhr (Sky)<\/span><\/span><\/p>\n\n\n\n<p><strong style=\"font-style: italic;\">FC 08 Homburg <strong><em><span><b style=\"font-style: italic;\">\u2013<\/b><\/span><\/em><\/strong><\/strong> <em><strong>SV Darmstadt 98 (18.00 Uhr)<\/strong><\/em> <br><img loading=\"lazy\" decoding=\"async\" width=\"10\" height=\"21\" class=\"wp-image-3656\" style=\"width: 10px;\" src=\"http:\/\/kommentatorenblog.de\/wp-content\/uploads\/2020\/09\/shure-55sh-ii-e1601485394796.jpg\" alt=\"\" srcset=\"http:\/\/kommentatorenblog.de\/wp-content\/uploads\/2020\/09\/shure-55sh-ii-e1601485394796.jpg 415w, http:\/\/kommentatorenblog.de\/wp-content\/uploads\/2020\/09\/shure-55sh-ii-e1601485394796-142x300.jpg 142w\" sizes=\"auto, (max-width: 10px) 100vw, 10px\" \/> Klaus Veltman (Einzelspiel aus dem Stadion), Florian Schmidt-Sommerfeld (Konferenz)<br>Field-Reporter: Yannick Erkenbrecher<\/p>\n\n\n\n<hr class=\"wp-block-separator\"\/>\n\n\n\n<p><strong style=\"font-style: italic;\">VfB L\u00fcbeck <strong><em><span><b style=\"font-style: italic;\">\u2013<\/b><\/span><\/em><\/strong><\/strong> <em><strong>TSG 1899 Hoffenheim (18.00 Uhr)<\/strong><\/em> <br><img loading=\"lazy\" decoding=\"async\" width=\"10\" height=\"21\" class=\"wp-image-3656\" style=\"width: 10px;\" src=\"http:\/\/kommentatorenblog.de\/wp-content\/uploads\/2020\/09\/shure-55sh-ii-e1601485394796.jpg\" alt=\"\" srcset=\"http:\/\/kommentatorenblog.de\/wp-content\/uploads\/2020\/09\/shure-55sh-ii-e1601485394796.jpg 415w, http:\/\/kommentatorenblog.de\/wp-content\/uploads\/2020\/09\/shure-55sh-ii-e1601485394796-142x300.jpg 142w\" sizes=\"auto, (max-width: 10px) 100vw, 10px\" \/> Thomas Wagner (Einzelspiel), Christian Stra\u00dfburger (Konferenz)<\/p>\n\n\n\n<p><strong style=\"font-style: italic;\">SSV Jahn Regensburg <strong><em><span><b style=\"font-style: italic;\">\u2013<\/b><\/span><\/em><\/strong><\/strong> <em><strong>1. FC Magdeburg (18.00 Uhr)<\/strong><\/em> <br><img loading=\"lazy\" decoding=\"async\" width=\"10\" height=\"21\" class=\"wp-image-3656\" style=\"width: 10px;\" src=\"http:\/\/kommentatorenblog.de\/wp-content\/uploads\/2020\/09\/shure-55sh-ii-e1601485394796.jpg\" alt=\"\" srcset=\"http:\/\/kommentatorenblog.de\/wp-content\/uploads\/2020\/09\/shure-55sh-ii-e1601485394796.jpg 415w, http:\/\/kommentatorenblog.de\/wp-content\/uploads\/2020\/09\/shure-55sh-ii-e1601485394796-142x300.jpg 142w\" sizes=\"auto, (max-width: 10px) 100vw, 10px\" \/> Sven Schr\u00f6ter (Einzelspiel), Stefan Hempel (Konferenz)<\/p>\n\n\n\n<p><span style=\"text-decoration: underline;\">ab 20.15 Uhr (ARD), ab 20.30 Uhr (Sky)<\/span><\/p>\n\n\n\n<p><strong style=\"font-style: italic;\">VfL Osnabr\u00fcck <strong><em><span><b style=\"font-style: italic;\">\u2013<\/b><\/span><\/em><\/strong><\/strong> <em><strong>1.FC K\u00f6ln (20.45 Uhr)<\/strong><\/em> <\/p>\n\n\n\n<p><img loading=\"lazy\" decoding=\"async\" width=\"10\" height=\"21\" class=\"wp-image-3656\" style=\"width: 10px;\" src=\"http:\/\/kommentatorenblog.de\/wp-content\/uploads\/2020\/09\/shure-55sh-ii-e1601485394796.jpg\" alt=\"\" srcset=\"http:\/\/kommentatorenblog.de\/wp-content\/uploads\/2020\/09\/shure-55sh-ii-e1601485394796.jpg 415w, http:\/\/kommentatorenblog.de\/wp-content\/uploads\/2020\/09\/shure-55sh-ii-e1601485394796-142x300.jpg 142w\" sizes=\"auto, (max-width: 10px) 100vw, 10px\" \/> ARD: Gerd Gottlob<br>Field-Reporterin (ARD): <br>Moderation (ARD): Alexander Bommes, Experte: Bastian Schweinsteiger<\/p>\n\n\n\n<p><img loading=\"lazy\" decoding=\"async\" width=\"10\" height=\"21\" class=\"wp-image-3656\" style=\"width: 10px;\" src=\"http:\/\/kommentatorenblog.de\/wp-content\/uploads\/2020\/09\/shure-55sh-ii-e1601485394796.jpg\" alt=\"\" srcset=\"http:\/\/kommentatorenblog.de\/wp-content\/uploads\/2020\/09\/shure-55sh-ii-e1601485394796.jpg 415w, http:\/\/kommentatorenblog.de\/wp-content\/uploads\/2020\/09\/shure-55sh-ii-e1601485394796-142x300.jpg 142w\" sizes=\"auto, (max-width: 10px) 100vw, 10px\" \/> Sky: Wolff Fuss (Einzelspiel aus dem Stadion), Markus Gaupp (ZSFG)<br>Field-Reporter (Sky): Patrick Wasserziehr<\/p>\n\n\n\n<p>Moderation (Sky): Britta Hofmann<\/p>\n\n\n\n<hr class=\"wp-block-separator\"\/>\n\n\n\n<p><strong>Regionalliga West (GER), 3. Spieltag (Magenta Sport)<\/strong><\/p>\n\n\n\n<p><span style=\"text-decoration: underline;\">Freitag, 11. August 2023, ab 19.00 Uhr <\/span><\/p>\n\n\n\n<p><strong style=\"font-style: italic;\">Alemannia Aachen <strong><em><span><b style=\"font-style: italic;\">\u2013<\/b><\/span><\/em><\/strong><\/strong> <em><strong>Borussia M\u00f6nchengladbach II (19.30 Uhr)<\/strong><\/em> <br><img loading=\"lazy\" decoding=\"async\" width=\"10\" height=\"21\" class=\"wp-image-3656\" style=\"width: 10px;\" src=\"http:\/\/kommentatorenblog.de\/wp-content\/uploads\/2020\/09\/shure-55sh-ii-e1601485394796.jpg\" alt=\"\" srcset=\"http:\/\/kommentatorenblog.de\/wp-content\/uploads\/2020\/09\/shure-55sh-ii-e1601485394796.jpg 415w, http:\/\/kommentatorenblog.de\/wp-content\/uploads\/2020\/09\/shure-55sh-ii-e1601485394796-142x300.jpg 142w\" sizes=\"auto, (max-width: 10px) 100vw, 10px\" \/> Julian-Luca Sch\u00e4fer<br>Moderation: Lennart Ke\u00dfler, Experte: Bj\u00f6rn Mehnert<\/p>\n\n\n\n<hr class=\"wp-block-separator is-style-default\"\/>\n\n\n\n<p><strong>Premier League (ENG), 1. Spieltag (Sky)<\/strong><\/p>\n\n\n\n<p><span style=\"text-decoration: underline;\">Freitag, 11. August 2023, ab 20.45 Uhr <\/span><\/p>\n\n\n\n<p><strong style=\"font-style: italic;\">FC Burnley <strong><em><span><b style=\"font-style: italic;\">\u2013<\/b><\/span><\/em><\/strong><\/strong> <em><strong>Manchester City (21.00 Uhr)<\/strong><\/em> <br><img loading=\"lazy\" decoding=\"async\" width=\"10\" height=\"21\" class=\"wp-image-3656\" style=\"width: 10px;\" src=\"http:\/\/kommentatorenblog.de\/wp-content\/uploads\/2020\/09\/shure-55sh-ii-e1601485394796.jpg\" alt=\"\" srcset=\"http:\/\/kommentatorenblog.de\/wp-content\/uploads\/2020\/09\/shure-55sh-ii-e1601485394796.jpg 415w, http:\/\/kommentatorenblog.de\/wp-content\/uploads\/2020\/09\/shure-55sh-ii-e1601485394796-142x300.jpg 142w\" sizes=\"auto, (max-width: 10px) 100vw, 10px\" \/> Joachim Hebel<\/p>\n\n\n\n<p><span style=\"text-decoration: underline;\">Samstag, 12. August 2023, ab 13.20 Uhr <\/span><\/p>\n\n\n\n<p><strong style=\"font-style: italic;\">FC Arsenal <strong><em><span><b style=\"font-style: italic;\">\u2013<\/b><\/span><\/em><\/strong><\/strong> <em><strong>Nottingham Forest (13.30 Uhr)<\/strong><\/em> <br><img loading=\"lazy\" decoding=\"async\" width=\"10\" height=\"21\" class=\"wp-image-3656\" style=\"width: 10px;\" src=\"http:\/\/kommentatorenblog.de\/wp-content\/uploads\/2020\/09\/shure-55sh-ii-e1601485394796.jpg\" alt=\"\" srcset=\"http:\/\/kommentatorenblog.de\/wp-content\/uploads\/2020\/09\/shure-55sh-ii-e1601485394796.jpg 415w, http:\/\/kommentatorenblog.de\/wp-content\/uploads\/2020\/09\/shure-55sh-ii-e1601485394796-142x300.jpg 142w\" sizes=\"auto, (max-width: 10px) 100vw, 10px\" \/> Toni Tomic <\/p>\n\n\n\n<p><span style=\"text-decoration: underline;\">ab 15.50 Uhr<\/span><\/p>\n\n\n\n<p><strong style=\"font-style: italic;\">FC Everton <strong><em><span><b style=\"font-style: italic;\">\u2013<\/b><\/span><\/em><\/strong><\/strong> <em><strong>FC Fulham (16.00 Uhr)<\/strong><\/em> <br><img loading=\"lazy\" decoding=\"async\" width=\"10\" height=\"21\" class=\"wp-image-3656\" style=\"width: 10px;\" src=\"http:\/\/kommentatorenblog.de\/wp-content\/uploads\/2020\/09\/shure-55sh-ii-e1601485394796.jpg\" alt=\"\" srcset=\"http:\/\/kommentatorenblog.de\/wp-content\/uploads\/2020\/09\/shure-55sh-ii-e1601485394796.jpg 415w, http:\/\/kommentatorenblog.de\/wp-content\/uploads\/2020\/09\/shure-55sh-ii-e1601485394796-142x300.jpg 142w\" sizes=\"auto, (max-width: 10px) 100vw, 10px\" \/> Uli Hebel <\/p>\n\n\n\n<p><strong style=\"font-style: italic;\">AFC Bournemouth <strong><em><span><b style=\"font-style: italic;\">\u2013<\/b><\/span><\/em><\/strong><\/strong> <em><strong>West Ham United (16.00 Uhr)<\/strong><\/em> <br><img loading=\"lazy\" decoding=\"async\" width=\"10\" height=\"21\" class=\"wp-image-3656\" style=\"width: 10px;\" src=\"http:\/\/kommentatorenblog.de\/wp-content\/uploads\/2020\/09\/shure-55sh-ii-e1601485394796.jpg\" alt=\"\" srcset=\"http:\/\/kommentatorenblog.de\/wp-content\/uploads\/2020\/09\/shure-55sh-ii-e1601485394796.jpg 415w, http:\/\/kommentatorenblog.de\/wp-content\/uploads\/2020\/09\/shure-55sh-ii-e1601485394796-142x300.jpg 142w\" sizes=\"auto, (max-width: 10px) 100vw, 10px\" \/> Timo Sch\u00e4fers <\/p>\n\n\n\n<p><strong style=\"font-style: italic;\">Brighton &amp; Hove Albion <strong><em><span><b style=\"font-style: italic;\">\u2013<\/b><\/span><\/em><\/strong><\/strong> <em><strong>Luton Town (16.00 Uhr)<\/strong><\/em> <br><img loading=\"lazy\" decoding=\"async\" width=\"10\" height=\"21\" class=\"wp-image-3656\" style=\"width: 10px;\" src=\"http:\/\/kommentatorenblog.de\/wp-content\/uploads\/2020\/09\/shure-55sh-ii-e1601485394796.jpg\" alt=\"\" srcset=\"http:\/\/kommentatorenblog.de\/wp-content\/uploads\/2020\/09\/shure-55sh-ii-e1601485394796.jpg 415w, http:\/\/kommentatorenblog.de\/wp-content\/uploads\/2020\/09\/shure-55sh-ii-e1601485394796-142x300.jpg 142w\" sizes=\"auto, (max-width: 10px) 100vw, 10px\" \/> Florian Malburg<\/p>\n\n\n\n<p><strong style=\"font-style: italic;\">Sheffield United <strong><em><span><b style=\"font-style: italic;\">\u2013<\/b><\/span><\/em><\/strong><\/strong> <em><strong>Crystal Palace (16.00 Uhr)<\/strong><\/em> <br><img loading=\"lazy\" decoding=\"async\" width=\"10\" height=\"21\" class=\"wp-image-3656\" style=\"width: 10px;\" src=\"http:\/\/kommentatorenblog.de\/wp-content\/uploads\/2020\/09\/shure-55sh-ii-e1601485394796.jpg\" alt=\"\" srcset=\"http:\/\/kommentatorenblog.de\/wp-content\/uploads\/2020\/09\/shure-55sh-ii-e1601485394796.jpg 415w, http:\/\/kommentatorenblog.de\/wp-content\/uploads\/2020\/09\/shure-55sh-ii-e1601485394796-142x300.jpg 142w\" sizes=\"auto, (max-width: 10px) 100vw, 10px\" \/> Dominik M\u00fcller<\/p>\n\n\n\n<p><span style=\"text-decoration: underline;\">ab 18.20 Uhr<\/span><\/p>\n\n\n\n<p><strong style=\"font-style: italic;\">Newcastle United <strong><em><span><b style=\"font-style: italic;\">\u2013<\/b><\/span><\/em><\/strong><\/strong> <em><strong>Aston Villa (18.30 Uhr)<\/strong><\/em> <br><img loading=\"lazy\" decoding=\"async\" width=\"10\" height=\"21\" class=\"wp-image-3656\" style=\"width: 10px;\" src=\"http:\/\/kommentatorenblog.de\/wp-content\/uploads\/2020\/09\/shure-55sh-ii-e1601485394796.jpg\" alt=\"\" srcset=\"http:\/\/kommentatorenblog.de\/wp-content\/uploads\/2020\/09\/shure-55sh-ii-e1601485394796.jpg 415w, http:\/\/kommentatorenblog.de\/wp-content\/uploads\/2020\/09\/shure-55sh-ii-e1601485394796-142x300.jpg 142w\" sizes=\"auto, (max-width: 10px) 100vw, 10px\" \/> Sven Schr\u00f6ter <\/p>\n\n\n\n<p><span style=\"text-decoration: underline;\">Sonntag, 13. August 2023, ab 14.50 Uhr <\/span><\/p>\n\n\n\n<p><strong style=\"font-style: italic;\">FC Brentford <strong><em><span><b style=\"font-style: italic;\">\u2013<\/b><\/span><\/em><\/strong><\/strong> <em><strong>Tottenham Hotspur (15.00 Uhr)<\/strong><\/em> <br><img loading=\"lazy\" decoding=\"async\" width=\"10\" height=\"21\" class=\"wp-image-3656\" style=\"width: 10px;\" src=\"http:\/\/kommentatorenblog.de\/wp-content\/uploads\/2020\/09\/shure-55sh-ii-e1601485394796.jpg\" alt=\"\" srcset=\"http:\/\/kommentatorenblog.de\/wp-content\/uploads\/2020\/09\/shure-55sh-ii-e1601485394796.jpg 415w, http:\/\/kommentatorenblog.de\/wp-content\/uploads\/2020\/09\/shure-55sh-ii-e1601485394796-142x300.jpg 142w\" sizes=\"auto, (max-width: 10px) 100vw, 10px\" \/> Toni Tomic <\/p>\n\n\n\n<p><span style=\"text-decoration: underline;\">ab 17.00 Uhr<\/span><\/p>\n\n\n\n<p><strong style=\"font-style: italic;\">FC Chelsea <strong><em><span><b style=\"font-style: italic;\">\u2013<\/b><\/span><\/em><\/strong><\/strong> <em><strong>FC Liverpool (17.30 Uhr)<\/strong><\/em> <br><img loading=\"lazy\" decoding=\"async\" width=\"10\" height=\"21\" class=\"wp-image-3656\" style=\"width: 10px;\" src=\"http:\/\/kommentatorenblog.de\/wp-content\/uploads\/2020\/09\/shure-55sh-ii-e1601485394796.jpg\" alt=\"\" srcset=\"http:\/\/kommentatorenblog.de\/wp-content\/uploads\/2020\/09\/shure-55sh-ii-e1601485394796.jpg 415w, http:\/\/kommentatorenblog.de\/wp-content\/uploads\/2020\/09\/shure-55sh-ii-e1601485394796-142x300.jpg 142w\" sizes=\"auto, (max-width: 10px) 100vw, 10px\" \/> Florian Schmidt-Sommerfeld, Experte: Ren\u00e9 Adler<br>Field-Reporter: Raphael Honigstein<\/p>\n\n\n\n<p><span style=\"text-decoration: underline;\">Montag, 14. August 2023, ab 20.50 Uhr <\/span><\/p>\n\n\n\n<p><strong style=\"font-style: italic;\">Manchester United <strong><em><span><b style=\"font-style: italic;\">\u2013<\/b><\/span><\/em><\/strong><\/strong> <em><strong>Wolverhampton Wanderers (21.00 Uhr)<\/strong><\/em> <br><img loading=\"lazy\" decoding=\"async\" width=\"10\" height=\"21\" class=\"wp-image-3656\" style=\"width: 10px;\" src=\"http:\/\/kommentatorenblog.de\/wp-content\/uploads\/2020\/09\/shure-55sh-ii-e1601485394796.jpg\" alt=\"\" srcset=\"http:\/\/kommentatorenblog.de\/wp-content\/uploads\/2020\/09\/shure-55sh-ii-e1601485394796.jpg 415w, http:\/\/kommentatorenblog.de\/wp-content\/uploads\/2020\/09\/shure-55sh-ii-e1601485394796-142x300.jpg 142w\" sizes=\"auto, (max-width: 10px) 100vw, 10px\" \/> Joachim Hebel<\/p>\n\n\n\n<hr class=\"wp-block-separator is-style-default\"\/>\n\n\n\n<p><strong>EFL Championship (ENG), 2. Spieltag (Sportdigital Fu\u00dfball)<\/strong><\/p>\n\n\n\n<p><span style=\"text-decoration: underline;\">Samstag, 12. August 2023 <\/span><\/p>\n\n\n\n<p><strong style=\"font-style: italic;\">Coventry City <strong><em><span><b style=\"font-style: italic;\">\u2013<\/b><\/span><\/em><\/strong><\/strong> <em><strong>FC Middlesbrough (13.30 Uhr)<\/strong><\/em> <br><img loading=\"lazy\" decoding=\"async\" width=\"10\" height=\"21\" class=\"wp-image-3656\" style=\"width: 10px;\" src=\"http:\/\/kommentatorenblog.de\/wp-content\/uploads\/2020\/09\/shure-55sh-ii-e1601485394796.jpg\" alt=\"\" srcset=\"http:\/\/kommentatorenblog.de\/wp-content\/uploads\/2020\/09\/shure-55sh-ii-e1601485394796.jpg 415w, http:\/\/kommentatorenblog.de\/wp-content\/uploads\/2020\/09\/shure-55sh-ii-e1601485394796-142x300.jpg 142w\" sizes=\"auto, (max-width: 10px) 100vw, 10px\" \/> Martin Hahn<\/p>\n\n\n\n<hr class=\"wp-block-separator is-style-default\"\/>\n\n\n\n<p><strong>LaLiga (ESP), 1. Spieltag (DAZN)<\/strong><\/p>\n\n\n\n<p><span style=\"text-decoration: underline;\">Freitag, 11. August 2023 <\/span><\/p>\n\n\n\n<p><strong style=\"font-style: italic;\">FC Sevilla <strong><em><span><b style=\"font-style: italic;\">\u2013<\/b><\/span><\/em><\/strong><\/strong> <em><strong>FC Valencia (21.30 Uhr)<\/strong><\/em> <br><img loading=\"lazy\" decoding=\"async\" width=\"10\" height=\"21\" class=\"wp-image-3656\" style=\"width: 10px;\" src=\"http:\/\/kommentatorenblog.de\/wp-content\/uploads\/2020\/09\/shure-55sh-ii-e1601485394796.jpg\" alt=\"\" srcset=\"http:\/\/kommentatorenblog.de\/wp-content\/uploads\/2020\/09\/shure-55sh-ii-e1601485394796.jpg 415w, http:\/\/kommentatorenblog.de\/wp-content\/uploads\/2020\/09\/shure-55sh-ii-e1601485394796-142x300.jpg 142w\" sizes=\"auto, (max-width: 10px) 100vw, 10px\" \/> Marcel Seufert<\/p>\n\n\n\n<p><span style=\"text-decoration: underline;\">Samstag, 12. August 2023 <\/span><\/p>\n\n\n\n<p><strong style=\"font-style: italic;\">Real Sociedad <strong><em><span><b style=\"font-style: italic;\">\u2013<\/b><\/span><\/em><\/strong><\/strong> <em><strong>FC Girona (17.00 Uhr)<\/strong><\/em> <br><img loading=\"lazy\" decoding=\"async\" width=\"10\" height=\"21\" class=\"wp-image-3656\" style=\"width: 10px;\" src=\"http:\/\/kommentatorenblog.de\/wp-content\/uploads\/2020\/09\/shure-55sh-ii-e1601485394796.jpg\" alt=\"\" srcset=\"http:\/\/kommentatorenblog.de\/wp-content\/uploads\/2020\/09\/shure-55sh-ii-e1601485394796.jpg 415w, http:\/\/kommentatorenblog.de\/wp-content\/uploads\/2020\/09\/shure-55sh-ii-e1601485394796-142x300.jpg 142w\" sizes=\"auto, (max-width: 10px) 100vw, 10px\" \/> Nico Seepe<\/p>\n\n\n\n<p><strong style=\"font-style: italic;\">Athletic Bilbao <strong><em><span><b style=\"font-style: italic;\">\u2013<\/b><\/span><\/em><\/strong><\/strong> <em><strong>Real Madrid (21.30 Uhr)<\/strong><\/em> <br><img loading=\"lazy\" decoding=\"async\" width=\"10\" height=\"21\" class=\"wp-image-3656\" style=\"width: 10px;\" src=\"http:\/\/kommentatorenblog.de\/wp-content\/uploads\/2020\/09\/shure-55sh-ii-e1601485394796.jpg\" alt=\"\" srcset=\"http:\/\/kommentatorenblog.de\/wp-content\/uploads\/2020\/09\/shure-55sh-ii-e1601485394796.jpg 415w, http:\/\/kommentatorenblog.de\/wp-content\/uploads\/2020\/09\/shure-55sh-ii-e1601485394796-142x300.jpg 142w\" sizes=\"auto, (max-width: 10px) 100vw, 10px\" \/> Jan Platte, Experte: Sascha Bigalke<\/p>\n\n\n\n<p><span style=\"text-decoration: underline;\">Sonntag, 13. August 2023 <\/span><\/p>\n\n\n\n<p><strong style=\"font-style: italic;\">FC Getafe <strong><em><span><b style=\"font-style: italic;\">\u2013<\/b><\/span><\/em><\/strong><\/strong> <em><strong>FC Barcelona (21.30 Uhr)<\/strong><\/em> <br><img loading=\"lazy\" decoding=\"async\" width=\"10\" height=\"21\" class=\"wp-image-3656\" style=\"width: 10px;\" src=\"http:\/\/kommentatorenblog.de\/wp-content\/uploads\/2020\/09\/shure-55sh-ii-e1601485394796.jpg\" alt=\"\" srcset=\"http:\/\/kommentatorenblog.de\/wp-content\/uploads\/2020\/09\/shure-55sh-ii-e1601485394796.jpg 415w, http:\/\/kommentatorenblog.de\/wp-content\/uploads\/2020\/09\/shure-55sh-ii-e1601485394796-142x300.jpg 142w\" sizes=\"auto, (max-width: 10px) 100vw, 10px\" \/> David Ploch, Experte: Benny Lauth<\/p>\n\n\n\n<p><span style=\"text-decoration: underline;\">Montag, 14. August 2023 <\/span><\/p>\n\n\n\n<p><strong style=\"font-style: italic;\">Atl\u00e9tico Madrid <strong><em><span><b style=\"font-style: italic;\">\u2013<\/b><\/span><\/em><\/strong><\/strong> <em><strong>FC Granada (21.30 Uhr)<\/strong><\/em> <br><img loading=\"lazy\" decoding=\"async\" width=\"10\" height=\"21\" class=\"wp-image-3656\" style=\"width: 10px;\" src=\"http:\/\/kommentatorenblog.de\/wp-content\/uploads\/2020\/09\/shure-55sh-ii-e1601485394796.jpg\" alt=\"\" srcset=\"http:\/\/kommentatorenblog.de\/wp-content\/uploads\/2020\/09\/shure-55sh-ii-e1601485394796.jpg 415w, http:\/\/kommentatorenblog.de\/wp-content\/uploads\/2020\/09\/shure-55sh-ii-e1601485394796-142x300.jpg 142w\" sizes=\"auto, (max-width: 10px) 100vw, 10px\" \/> Flo Hauser<\/p>\n\n\n\n<hr class=\"wp-block-separator is-style-default\"\/>\n\n\n\n<p><strong>Coppa Italia (ITA), Erste Runde (DAZN)<\/strong><\/p>\n\n\n\n<p><span style=\"text-decoration: underline;\">Samstag, 12. August 2023 <\/span><\/p>\n\n\n\n<p><strong style=\"font-style: italic;\">Cagliari Calcio <strong><em><span><b style=\"font-style: italic;\">\u2013<\/b><\/span><\/em><\/strong><\/strong> <em><strong>FC Palermo (21.15 Uhr)<\/strong><\/em> <br><img loading=\"lazy\" decoding=\"async\" width=\"10\" height=\"21\" class=\"wp-image-3656\" style=\"width: 10px;\" src=\"http:\/\/kommentatorenblog.de\/wp-content\/uploads\/2020\/09\/shure-55sh-ii-e1601485394796.jpg\" alt=\"\" srcset=\"http:\/\/kommentatorenblog.de\/wp-content\/uploads\/2020\/09\/shure-55sh-ii-e1601485394796.jpg 415w, http:\/\/kommentatorenblog.de\/wp-content\/uploads\/2020\/09\/shure-55sh-ii-e1601485394796-142x300.jpg 142w\" sizes=\"auto, (max-width: 10px) 100vw, 10px\" \/> Manuel Angstenberger<\/p>\n\n\n\n<p><span style=\"text-decoration: underline;\">Montag, 14. August 2023 <\/span><\/p>\n\n\n\n<p><strong style=\"font-style: italic;\">Sampdoria Genua <strong><em><span><b style=\"font-style: italic;\">\u2013<\/b><\/span><\/em><\/strong><\/strong> <em><strong>FC S\u00fcdtirol (18.00 Uhr)<\/strong><\/em> <br><img loading=\"lazy\" decoding=\"async\" width=\"10\" height=\"21\" class=\"wp-image-3656\" style=\"width: 10px;\" src=\"http:\/\/kommentatorenblog.de\/wp-content\/uploads\/2020\/09\/shure-55sh-ii-e1601485394796.jpg\" alt=\"\" srcset=\"http:\/\/kommentatorenblog.de\/wp-content\/uploads\/2020\/09\/shure-55sh-ii-e1601485394796.jpg 415w, http:\/\/kommentatorenblog.de\/wp-content\/uploads\/2020\/09\/shure-55sh-ii-e1601485394796-142x300.jpg 142w\" sizes=\"auto, (max-width: 10px) 100vw, 10px\" \/> Mario Rieker<\/p>\n\n\n\n<hr class=\"wp-block-separator is-style-default\"\/>\n\n\n\n<p><strong>Eredivisie (NED), 1. Spieltag (Sportdigital Fu\u00dfball)<\/strong><\/p>\n\n\n\n<p><span style=\"text-decoration: underline;\">Freitag, 11. August 2023 <\/span><\/p>\n\n\n\n<p><strong style=\"font-style: italic;\">FC Volendam <strong><em><span><b style=\"font-style: italic;\">\u2013<\/b><\/span><\/em><\/strong><\/strong> <em><strong>Vitesse Arnheim (20.00 Uhr)<\/strong><\/em> <br><img loading=\"lazy\" decoding=\"async\" width=\"10\" height=\"21\" class=\"wp-image-3656\" style=\"width: 10px;\" src=\"http:\/\/kommentatorenblog.de\/wp-content\/uploads\/2020\/09\/shure-55sh-ii-e1601485394796.jpg\" alt=\"\" srcset=\"http:\/\/kommentatorenblog.de\/wp-content\/uploads\/2020\/09\/shure-55sh-ii-e1601485394796.jpg 415w, http:\/\/kommentatorenblog.de\/wp-content\/uploads\/2020\/09\/shure-55sh-ii-e1601485394796-142x300.jpg 142w\" sizes=\"auto, (max-width: 10px) 100vw, 10px\" \/> Christian Blunck<\/p>\n\n\n\n<p><span style=\"text-decoration: underline;\">Samstag, 12. August 2023 <\/span><\/p>\n\n\n\n<p><strong style=\"font-style: italic;\">PSV Eindhoven <strong><em><span><b style=\"font-style: italic;\">\u2013<\/b><\/span><\/em><\/strong><\/strong> <em><strong>FC Utrecht (16.30 Uhr)<\/strong><\/em> <br><img loading=\"lazy\" decoding=\"async\" width=\"10\" height=\"21\" class=\"wp-image-3656\" style=\"width: 10px;\" src=\"http:\/\/kommentatorenblog.de\/wp-content\/uploads\/2020\/09\/shure-55sh-ii-e1601485394796.jpg\" alt=\"\" srcset=\"http:\/\/kommentatorenblog.de\/wp-content\/uploads\/2020\/09\/shure-55sh-ii-e1601485394796.jpg 415w, http:\/\/kommentatorenblog.de\/wp-content\/uploads\/2020\/09\/shure-55sh-ii-e1601485394796-142x300.jpg 142w\" sizes=\"auto, (max-width: 10px) 100vw, 10px\" \/> Marvin Kirsch<\/p>\n\n\n\n<p><strong style=\"font-style: italic;\">Ajax Amsterdam <strong><em><span><b style=\"font-style: italic;\">\u2013<\/b><\/span><\/em><\/strong><\/strong> <em><strong>SC Heracles Almelo (20.00 Uhr)<\/strong><\/em> <br><img loading=\"lazy\" decoding=\"async\" width=\"10\" height=\"21\" class=\"wp-image-3656\" style=\"width: 10px;\" src=\"http:\/\/kommentatorenblog.de\/wp-content\/uploads\/2020\/09\/shure-55sh-ii-e1601485394796.jpg\" alt=\"\" srcset=\"http:\/\/kommentatorenblog.de\/wp-content\/uploads\/2020\/09\/shure-55sh-ii-e1601485394796.jpg 415w, http:\/\/kommentatorenblog.de\/wp-content\/uploads\/2020\/09\/shure-55sh-ii-e1601485394796-142x300.jpg 142w\" sizes=\"auto, (max-width: 10px) 100vw, 10px\" \/> Karsten Linke<\/p>\n\n\n\n<p><span style=\"text-decoration: underline;\">Sonntag, 13. August 2023 <\/span><\/p>\n\n\n\n<p><strong style=\"font-style: italic;\">Feyenoord Rotterdam <strong><em><span><b style=\"font-style: italic;\">\u2013<\/b><\/span><\/em><\/strong><\/strong> <em><strong>Fortuna Sittard (14.30 Uhr)<\/strong><\/em> <br><img loading=\"lazy\" decoding=\"async\" width=\"10\" height=\"21\" class=\"wp-image-3656\" style=\"width: 10px;\" src=\"http:\/\/kommentatorenblog.de\/wp-content\/uploads\/2020\/09\/shure-55sh-ii-e1601485394796.jpg\" alt=\"\" srcset=\"http:\/\/kommentatorenblog.de\/wp-content\/uploads\/2020\/09\/shure-55sh-ii-e1601485394796.jpg 415w, http:\/\/kommentatorenblog.de\/wp-content\/uploads\/2020\/09\/shure-55sh-ii-e1601485394796-142x300.jpg 142w\" sizes=\"auto, (max-width: 10px) 100vw, 10px\" \/> Martin Hahn<\/p>\n\n\n\n<hr class=\"wp-block-separator is-style-default\"\/>\n\n\n\n<p><strong>Ligue 1 (FRA), 1. Spieltag (DAZN)<\/strong><\/p>\n\n\n\n<p><span style=\"text-decoration: underline;\">Samstag, 12. August 2023 <\/span><\/p>\n\n\n\n<p><strong style=\"font-style: italic;\">Paris Saint-Germain <strong><em><span><b style=\"font-style: italic;\">\u2013<\/b><\/span><\/em><\/strong><\/strong> <em><strong>FC Lorient (21.00 Uhr)<\/strong><\/em> <br><img loading=\"lazy\" decoding=\"async\" width=\"10\" height=\"21\" class=\"wp-image-3656\" style=\"width: 10px;\" src=\"http:\/\/kommentatorenblog.de\/wp-content\/uploads\/2020\/09\/shure-55sh-ii-e1601485394796.jpg\" alt=\"\" srcset=\"http:\/\/kommentatorenblog.de\/wp-content\/uploads\/2020\/09\/shure-55sh-ii-e1601485394796.jpg 415w, http:\/\/kommentatorenblog.de\/wp-content\/uploads\/2020\/09\/shure-55sh-ii-e1601485394796-142x300.jpg 142w\" sizes=\"auto, (max-width: 10px) 100vw, 10px\" \/> Stefan Galler, Experte: Alexis Menuge<\/p>\n\n\n\n<p><span style=\"text-decoration: underline;\">Sonntag, 13. August 2023 <\/span><\/p>\n\n\n\n<p><strong style=\"font-style: italic;\">Clermont Foot 63 <strong><em><span><b style=\"font-style: italic;\">\u2013<\/b><\/span><\/em><\/strong><\/strong> <em><strong>AS Monaco (15.00 Uhr)<\/strong><\/em> <br><img loading=\"lazy\" decoding=\"async\" width=\"10\" height=\"21\" class=\"wp-image-3656\" style=\"width: 10px;\" src=\"http:\/\/kommentatorenblog.de\/wp-content\/uploads\/2020\/09\/shure-55sh-ii-e1601485394796.jpg\" alt=\"\" srcset=\"http:\/\/kommentatorenblog.de\/wp-content\/uploads\/2020\/09\/shure-55sh-ii-e1601485394796.jpg 415w, http:\/\/kommentatorenblog.de\/wp-content\/uploads\/2020\/09\/shure-55sh-ii-e1601485394796-142x300.jpg 142w\" sizes=\"auto, (max-width: 10px) 100vw, 10px\" \/> Guido H\u00fcsgen<\/p>\n\n\n\n<hr class=\"wp-block-separator is-style-default\"\/>\n\n\n\n<p><strong>Primeira Liga (POR), 1. Spieltag (<strong>Sportdigital Fu\u00dfball)<\/strong><\/strong><\/p>\n\n\n\n<p><span style=\"text-decoration: underline;\">Samstag, 12. August 2023 <\/span><\/p>\n\n\n\n<p><strong style=\"font-style: italic;\">Sporting Lissabon <strong><em><span><b style=\"font-style: italic;\">\u2013<\/b><\/span><\/em><\/strong><\/strong> <em><strong><em>FC Vizela <\/em>(21.30 Uhr)<\/strong><\/em> <br><img loading=\"lazy\" decoding=\"async\" width=\"10\" height=\"21\" class=\"wp-image-3656\" style=\"width: 10px;\" src=\"http:\/\/kommentatorenblog.de\/wp-content\/uploads\/2020\/09\/shure-55sh-ii-e1601485394796.jpg\" alt=\"\" srcset=\"http:\/\/kommentatorenblog.de\/wp-content\/uploads\/2020\/09\/shure-55sh-ii-e1601485394796.jpg 415w, http:\/\/kommentatorenblog.de\/wp-content\/uploads\/2020\/09\/shure-55sh-ii-e1601485394796-142x300.jpg 142w\" sizes=\"auto, (max-width: 10px) 100vw, 10px\" \/> Moritz Knorr<\/p>\n\n\n\n<p><span style=\"text-decoration: underline;\">Montag, 14. August 2023, ab 19.30 Uhr <\/span><\/p>\n\n\n\n<p><strong style=\"font-style: italic;\">Moreirense FC <strong><em><span><b style=\"font-style: italic;\">\u2013<\/b><\/span><\/em><\/strong><\/strong> <em><strong><em>FC Porto <\/em>(19.45 Uhr)<\/strong><\/em> <br><img loading=\"lazy\" decoding=\"async\" width=\"10\" height=\"21\" class=\"wp-image-3656\" style=\"width: 10px;\" src=\"http:\/\/kommentatorenblog.de\/wp-content\/uploads\/2020\/09\/shure-55sh-ii-e1601485394796.jpg\" alt=\"\" srcset=\"http:\/\/kommentatorenblog.de\/wp-content\/uploads\/2020\/09\/shure-55sh-ii-e1601485394796.jpg 415w, http:\/\/kommentatorenblog.de\/wp-content\/uploads\/2020\/09\/shure-55sh-ii-e1601485394796-142x300.jpg 142w\" sizes=\"auto, (max-width: 10px) 100vw, 10px\" \/> J\u00f6rg Steiger<\/p>\n\n\n\n<p><strong style=\"font-style: italic;\">Boavista Porto <strong><em><span><b style=\"font-style: italic;\">\u2013<\/b><\/span><\/em><\/strong><\/strong> <em><strong><em>Benfica Lissabon <\/em>(21.45 Uhr)<\/strong><\/em> <br><img loading=\"lazy\" decoding=\"async\" width=\"10\" height=\"21\" class=\"wp-image-3656\" style=\"width: 10px;\" src=\"http:\/\/kommentatorenblog.de\/wp-content\/uploads\/2020\/09\/shure-55sh-ii-e1601485394796.jpg\" alt=\"\" srcset=\"http:\/\/kommentatorenblog.de\/wp-content\/uploads\/2020\/09\/shure-55sh-ii-e1601485394796.jpg 415w, http:\/\/kommentatorenblog.de\/wp-content\/uploads\/2020\/09\/shure-55sh-ii-e1601485394796-142x300.jpg 142w\" sizes=\"auto, (max-width: 10px) 100vw, 10px\" \/> Christian Blunck<\/p>\n\n\n\n<hr class=\"wp-block-separator is-style-default\"\/>\n\n\n\n<p><strong>Division 1A (BEL), 3. Spieltag (Sport1+)<\/strong><\/p>\n\n\n\n<p><span style=\"text-decoration: underline;\">Sonntag, 13. August 2023 <\/span><\/p>\n\n\n\n<p><strong style=\"font-style: italic;\">VV St. Truiden <strong><em><span><b style=\"font-style: italic;\">\u2013<\/b><\/span><\/em><\/strong><\/strong> <em><strong>RSC Anderlecht (13.30 Uhr)<\/strong><\/em> <br><img loading=\"lazy\" decoding=\"async\" width=\"10\" height=\"21\" class=\"wp-image-3656\" style=\"width: 10px;\" src=\"http:\/\/kommentatorenblog.de\/wp-content\/uploads\/2020\/09\/shure-55sh-ii-e1601485394796.jpg\" alt=\"\" srcset=\"http:\/\/kommentatorenblog.de\/wp-content\/uploads\/2020\/09\/shure-55sh-ii-e1601485394796.jpg 415w, http:\/\/kommentatorenblog.de\/wp-content\/uploads\/2020\/09\/shure-55sh-ii-e1601485394796-142x300.jpg 142w\" sizes=\"auto, (max-width: 10px) 100vw, 10px\" \/> Rudi Br\u00fcckner<\/p>\n\n\n\n<hr class=\"wp-block-separator is-style-default\"\/>\n\n\n\n<p><strong>Bundesliga (AUT), 3. Runde (Sky Sport Austria)<\/strong><\/p>\n\n\n\n<p><span style=\"text-decoration: underline;\">Samstag, 12. August 2023, ab 16.00 Uhr <\/span><\/p>\n\n\n\n<p><strong style=\"font-style: italic;\">SK Sturm Graz <strong><em><span><b style=\"font-style: italic;\">\u2013<\/b><\/span><\/em><\/strong><\/strong> <em><strong>SK Austria Klagenfurt (17.00 Uhr)<\/strong><\/em> <br><img loading=\"lazy\" decoding=\"async\" width=\"10\" height=\"21\" class=\"wp-image-3656\" style=\"width: 10px;\" src=\"http:\/\/kommentatorenblog.de\/wp-content\/uploads\/2020\/09\/shure-55sh-ii-e1601485394796.jpg\" alt=\"\" srcset=\"http:\/\/kommentatorenblog.de\/wp-content\/uploads\/2020\/09\/shure-55sh-ii-e1601485394796.jpg 415w, http:\/\/kommentatorenblog.de\/wp-content\/uploads\/2020\/09\/shure-55sh-ii-e1601485394796-142x300.jpg 142w\" sizes=\"auto, (max-width: 10px) 100vw, 10px\" \/> Martin Konrad<\/p>\n\n\n\n<p><strong style=\"font-style: italic;\">Wolfsberger AC <strong><em><span><b style=\"font-style: italic;\">\u2013<\/b><\/span><\/em><\/strong><\/strong> <em><strong>SC Austria Lustenau (17.00 Uhr)<\/strong><\/em> <br><img loading=\"lazy\" decoding=\"async\" width=\"10\" height=\"21\" class=\"wp-image-3656\" style=\"width: 10px;\" src=\"http:\/\/kommentatorenblog.de\/wp-content\/uploads\/2020\/09\/shure-55sh-ii-e1601485394796.jpg\" alt=\"\" srcset=\"http:\/\/kommentatorenblog.de\/wp-content\/uploads\/2020\/09\/shure-55sh-ii-e1601485394796.jpg 415w, http:\/\/kommentatorenblog.de\/wp-content\/uploads\/2020\/09\/shure-55sh-ii-e1601485394796-142x300.jpg 142w\" sizes=\"auto, (max-width: 10px) 100vw, 10px\" \/> Andreas Brandt<\/p>\n\n\n\n<p><span style=\"text-decoration: underline;\">ab 19.00 Uhr <\/span><\/p>\n\n\n\n<p><strong style=\"font-style: italic;\">Linzer ASK <strong><em><span><b style=\"font-style: italic;\">\u2013<\/b><\/span><\/em><\/strong><\/strong> <em><strong>FC Blau Wei\u00df Linz (19.30 Uhr)<\/strong><\/em> <br><img loading=\"lazy\" decoding=\"async\" width=\"10\" height=\"21\" class=\"wp-image-3656\" style=\"width: 10px;\" src=\"http:\/\/kommentatorenblog.de\/wp-content\/uploads\/2020\/09\/shure-55sh-ii-e1601485394796.jpg\" alt=\"\" srcset=\"http:\/\/kommentatorenblog.de\/wp-content\/uploads\/2020\/09\/shure-55sh-ii-e1601485394796.jpg 415w, http:\/\/kommentatorenblog.de\/wp-content\/uploads\/2020\/09\/shure-55sh-ii-e1601485394796-142x300.jpg 142w\" sizes=\"auto, (max-width: 10px) 100vw, 10px\" \/> Philipp Paternina<\/p>\n\n\n\n<p>Moderation: Johannes Brandl, Experte: Alfred Tatar<\/p>\n\n\n\n<p><span style=\"text-decoration: underline;\">Sonntag, 13. August 2023, ab 16.00 Uhr <\/span><\/p>\n\n\n\n<p><strong style=\"font-style: italic;\">FC Salzburg <strong><em><span><b style=\"font-style: italic;\">\u2013<\/b><\/span><\/em><\/strong><\/strong> <em><strong>FK Austria Wien (17.00 Uhr)<\/strong><\/em> <br><img loading=\"lazy\" decoding=\"async\" width=\"10\" height=\"21\" class=\"wp-image-3656\" style=\"width: 10px;\" src=\"http:\/\/kommentatorenblog.de\/wp-content\/uploads\/2020\/09\/shure-55sh-ii-e1601485394796.jpg\" alt=\"\" srcset=\"http:\/\/kommentatorenblog.de\/wp-content\/uploads\/2020\/09\/shure-55sh-ii-e1601485394796.jpg 415w, http:\/\/kommentatorenblog.de\/wp-content\/uploads\/2020\/09\/shure-55sh-ii-e1601485394796-142x300.jpg 142w\" sizes=\"auto, (max-width: 10px) 100vw, 10px\" \/> David Eder<\/p>\n\n\n\n<p><strong style=\"font-style: italic;\">SK Rapid Wien <strong><em><span><b style=\"font-style: italic;\">\u2013<\/b><\/span><\/em><\/strong><\/strong> <em><strong>TSV Hartberg (17.00 Uhr)<\/strong><\/em> <br><img loading=\"lazy\" decoding=\"async\" width=\"10\" height=\"21\" class=\"wp-image-3656\" style=\"width: 10px;\" src=\"http:\/\/kommentatorenblog.de\/wp-content\/uploads\/2020\/09\/shure-55sh-ii-e1601485394796.jpg\" alt=\"\" srcset=\"http:\/\/kommentatorenblog.de\/wp-content\/uploads\/2020\/09\/shure-55sh-ii-e1601485394796.jpg 415w, http:\/\/kommentatorenblog.de\/wp-content\/uploads\/2020\/09\/shure-55sh-ii-e1601485394796-142x300.jpg 142w\" sizes=\"auto, (max-width: 10px) 100vw, 10px\" \/> Johannes Hofer<\/p>\n\n\n\n<p><strong style=\"font-style: italic;\">SCR Altach <strong><em><span><b style=\"font-style: italic;\">\u2013<\/b><\/span><\/em><\/strong><\/strong> <em><strong>WSG Tirol (17.00 Uhr)<\/strong><\/em> <br><img loading=\"lazy\" decoding=\"async\" width=\"10\" height=\"21\" class=\"wp-image-3656\" style=\"width: 10px;\" src=\"http:\/\/kommentatorenblog.de\/wp-content\/uploads\/2020\/09\/shure-55sh-ii-e1601485394796.jpg\" alt=\"\" srcset=\"http:\/\/kommentatorenblog.de\/wp-content\/uploads\/2020\/09\/shure-55sh-ii-e1601485394796.jpg 415w, http:\/\/kommentatorenblog.de\/wp-content\/uploads\/2020\/09\/shure-55sh-ii-e1601485394796-142x300.jpg 142w\" sizes=\"auto, (max-width: 10px) 100vw, 10px\" \/> Charly Leitner<\/p>\n\n\n\n<p>Moderation: J\u00f6rg K\u00fcnne, Experte: Hans Krankl<\/p>\n\n\n\n<hr class=\"wp-block-separator is-style-default\"\/>\n\n\n\n<p><strong>Ekstraklasa (POL), 4. Spieltag (Sportdigital Fu\u00dfball)<\/strong><\/p>\n\n\n\n<p><span style=\"text-decoration: underline;\">Freitag, 11. August 2023 <\/span><\/p>\n\n\n\n<p><strong style=\"font-style: italic;\">Korona Kielce <strong><em><span><b style=\"font-style: italic;\">\u2013<\/b><\/span><\/em><\/strong><\/strong> <em><strong>G\u00f3rnik Zabrze (20.30 Uhr)<\/strong><\/em> <br><img loading=\"lazy\" decoding=\"async\" width=\"10\" height=\"21\" class=\"wp-image-3656\" style=\"width: 10px;\" src=\"http:\/\/kommentatorenblog.de\/wp-content\/uploads\/2020\/09\/shure-55sh-ii-e1601485394796.jpg\" alt=\"\" srcset=\"http:\/\/kommentatorenblog.de\/wp-content\/uploads\/2020\/09\/shure-55sh-ii-e1601485394796.jpg 415w, http:\/\/kommentatorenblog.de\/wp-content\/uploads\/2020\/09\/shure-55sh-ii-e1601485394796-142x300.jpg 142w\" sizes=\"auto, (max-width: 10px) 100vw, 10px\" \/> Marcus Radefeld<\/p>\n\n\n\n<p><span style=\"text-decoration: underline;\">Sonntag, 13. August 2023 <\/span><\/p>\n\n\n\n<p><strong style=\"font-style: italic;\">Puszcza Niepo\u0142omice <strong><em><span><b style=\"font-style: italic;\">\u2013<\/b><\/span><\/em><\/strong><\/strong> <em><strong>Legia Warschau (17.30 Uhr)<\/strong><\/em> <br><img loading=\"lazy\" decoding=\"async\" width=\"10\" height=\"21\" class=\"wp-image-3656\" style=\"width: 10px;\" src=\"http:\/\/kommentatorenblog.de\/wp-content\/uploads\/2020\/09\/shure-55sh-ii-e1601485394796.jpg\" alt=\"\" srcset=\"http:\/\/kommentatorenblog.de\/wp-content\/uploads\/2020\/09\/shure-55sh-ii-e1601485394796.jpg 415w, http:\/\/kommentatorenblog.de\/wp-content\/uploads\/2020\/09\/shure-55sh-ii-e1601485394796-142x300.jpg 142w\" sizes=\"auto, (max-width: 10px) 100vw, 10px\" \/> Jakob Vogel<\/p>\n\n\n\n<hr class=\"wp-block-separator is-style-default\"\/>\n\n\n\n<p><strong>Brasileir\u00e3o (BRA), 19. Spieltag (Sportdigital Fu\u00dfball)<\/strong><\/p>\n\n\n\n<p><span style=\"text-decoration: underline;\">Sonntag, 13. August 2023 <\/span><\/p>\n\n\n\n<p><strong style=\"font-style: italic;\">Gr\u00eamio Porto Alegre <strong><em><span><b style=\"font-style: italic;\">\u2013<\/b><\/span><\/em><\/strong><\/strong> <em><strong>Fluminense Rio de Janeiro (21.00 Uhr)<\/strong><\/em> <br><img loading=\"lazy\" decoding=\"async\" width=\"10\" height=\"21\" class=\"wp-image-3656\" style=\"width: 10px;\" src=\"http:\/\/kommentatorenblog.de\/wp-content\/uploads\/2020\/09\/shure-55sh-ii-e1601485394796.jpg\" alt=\"\" srcset=\"http:\/\/kommentatorenblog.de\/wp-content\/uploads\/2020\/09\/shure-55sh-ii-e1601485394796.jpg 415w, http:\/\/kommentatorenblog.de\/wp-content\/uploads\/2020\/09\/shure-55sh-ii-e1601485394796-142x300.jpg 142w\" sizes=\"auto, (max-width: 10px) 100vw, 10px\" \/> Christian Blunck<\/p>\n\n\n\n<p><strong style=\"font-style: italic;\">Flamengo Rio de Janeiro <strong><em><span><b style=\"font-style: italic;\">\u2013<\/b><\/span><\/em><\/strong><\/strong> <em><strong>FC S\u00e3o Paulo (23.30 Uhr)<\/strong><\/em> <br><img loading=\"lazy\" decoding=\"async\" width=\"10\" height=\"21\" class=\"wp-image-3656\" style=\"width: 10px;\" src=\"http:\/\/kommentatorenblog.de\/wp-content\/uploads\/2020\/09\/shure-55sh-ii-e1601485394796.jpg\" alt=\"\" srcset=\"http:\/\/kommentatorenblog.de\/wp-content\/uploads\/2020\/09\/shure-55sh-ii-e1601485394796.jpg 415w, http:\/\/kommentatorenblog.de\/wp-content\/uploads\/2020\/09\/shure-55sh-ii-e1601485394796-142x300.jpg 142w\" sizes=\"auto, (max-width: 10px) 100vw, 10px\" \/> Arne Malsch<\/p>\n\n\n\n<hr class=\"wp-block-separator is-style-default\"\/>\n\n\n\n<p><strong>J. League (JPN), 23. Spieltag (Sportdigital Fu\u00dfball)<\/strong><\/p>\n\n\n\n<p><span style=\"text-decoration: underline;\">Sonntag, 13. August 2023 <\/span><\/p>\n\n\n\n<p><strong style=\"font-style: italic;\">Nagoya Grampus Eight <strong><em><span><b style=\"font-style: italic;\">\u2013<\/b><\/span><\/em><\/strong><\/strong> <em><strong>Kashima Antlers (11.00 Uhr)<\/strong><\/em> <br><img loading=\"lazy\" decoding=\"async\" width=\"10\" height=\"21\" class=\"wp-image-3656\" style=\"width: 10px;\" src=\"http:\/\/kommentatorenblog.de\/wp-content\/uploads\/2020\/09\/shure-55sh-ii-e1601485394796.jpg\" alt=\"\" srcset=\"http:\/\/kommentatorenblog.de\/wp-content\/uploads\/2020\/09\/shure-55sh-ii-e1601485394796.jpg 415w, http:\/\/kommentatorenblog.de\/wp-content\/uploads\/2020\/09\/shure-55sh-ii-e1601485394796-142x300.jpg 142w\" sizes=\"auto, (max-width: 10px) 100vw, 10px\" \/> Ulf Kahmke<\/p>\n\n\n\n<hr class=\"wp-block-separator is-style-default\"\/>\n\n\n\n<p><strong><code>Analyse<\/code><\/strong><\/p>\n\n\n\n<p>Das ZDF hat in dieser Runde der WM 2023 dank des First Picks die attraktiveren Ansto\u00dfzeiten. Den gesamten Samstagvormittag (mit Unterbrechung) melden sich dann wie gewohnt Sven Voss und Kathrin Lehmann aus dem Studio. Wenig \u00fcberraschend kommentieren auch Claudia Neumann und Norbert Galeske die beiden Viertelfinals. Neumann meldet sich zum vermutlich wieder sehr stimmungsvollen Spiels der Gastgeberinnen aus dem Stadion in Brisbane. Es k\u00f6nnte f\u00fcr Galeske \u00fcbrigens der letzte Einsatz bei dieser WM sein. Neumann ist als vor-Ort-Kommentatorin f\u00fcrs Finale und vermutlich auch f\u00fcrs Halbfinale gesetzt.<\/p>\n\n\n\n<p>Einen Tag vor dem ZDF ist dann die ARD dran mit den \u00dcbertragungen des Viertelfinals. Aus welchen unverst\u00e4ndlichen Gr\u00fcnden auch immer, wird das erste hochklassige Viertelfinale zwischen Spanien und den Niederlanden nur im Stream und nicht im linearen TV gezeigt. Dort l\u00e4uft dann lieber eine Wiederholung eines Fernsehfilms aus dem Jahr 2008!<br>Im Stream ist dann Jan Neumann zu h\u00f6ren mit seinem letzten WM-Einsatz, eine Runde sp\u00e4ter als ihn Stephanie Baczyk hatte. Das zweite Viertelfinale l\u00e4uft dann aber tats\u00e4chlich im TV &#8211; und das Personal ist intuitiv: Lufen, K\u00fcnzer, Schmelzer. Wohl auch f\u00fcr Bernd Schmelzer der letzte Einsatz bei diesem Turnier.<\/p>\n\n\n\n<p><strong>Ren\u00e9 Adler im ZDF!<\/strong><\/p>\n\n\n\n<p>Der DFB Pokal startet am Freitag in die neue Runde. Ab 17.30 Uhr meldet sich Nele Schenker aus dem Studio und stimmt auf die drei Partien um 18 Uhr ein. Wie wir es aus den letzten Jahren kennen, gibt es dann drei unterschiedliche vor-Ort-Varianten in den Stadien. Die erste Variante gibt es bei der Partie zwischen der TUS Bersenbr\u00fcck und Borussia M\u00f6nchengladbach, hier sind sowohl Marcus J\u00fcrgensen als Field-Reporter und Oliver Seidler als Kommentator vor Ort in Niedersachsen. Anders sieht das in Saarbr\u00fccken aus, wo der KSC gastiert. Hier ist Dirk gro\u00dfe Schlarmann als Field-Reporter im Ludwigspark, w\u00e4hrend Karsten Petrzika die Begegnung aus der Box kommentiert. Beim dritten Modell, das bei Sandhausen gegen Hannover zum Einsatz kommt, gibt es nur eine Schaltm\u00f6glichkeit und Florian Malburg meldet sich nat\u00fcrlich auch nur aus M\u00fcnchen. In der ersten richtigen Konferenz des Fu\u00dfballjahres sind Hansi K\u00fcpper, Roland Evers und Marcel Meinert im Einsatz. Letzteren wird ja demn\u00e4chst zwei Wochen nicht bei Sky zu sehen sein, weil er f\u00fcr Sportdeutschland.TV die US Open aus den USA begleitet. Apropos US Open und Sportdeutschland.TV: Wieder einmal lege ich euch Screentime Sport ans Herz, wo ihr ein <a href=\"https:\/\/meinsportpodcast.de\/mixed-sport\/exklusiv-so-uebertraegt-sportdeutschlandtv-die-us-open-interview-mit-ceo-bjoern-beinhauer\/\">exklusives Interview mit Sportdeutschland.TV CEO Bj\u00f6rn Beinhauer findet<\/a>. <\/p>\n\n\n\n<p>Im Anschluss gibt es dann noch die Partie zwischen Eintracht Braunschweig und Schalke 04. Ein Spiel zweier Zweitligisten, das es neben der \u00dcbertragung von Sky auch im FreeTV zu sehen gibt. Das ZDF meldet sich ab 20.15Uhr mit Jochen Breyer aus Braunschweig, ebenso mit dabei ist zudem Ren\u00e9 Adler als Experte. In der Regel kennen wir ihn ja von Sky und Ran, nun also auch im ZDF. F\u00fcr Interviews sorgen zudem Mareile Scheidemann und Alexander Ruda, w\u00e4hrend Martin Schneider die Partie kommentieren wird. Bei Sky \u00fcbernimmt Patrick Wasserziehr als Field-Reporter und Kai Dittmann kommentiert die Partie. Nicht der einzige Einsatz der beiden &#8211; so viel sei gesagt&#8230;<\/p>\n\n\n\n<p><strong>22 Spiele am Samstag &amp; Sonntag<\/strong><\/p>\n\n\n\n<p>Am Samstag und Sonntag gibt es dann Spiele zu drei unterschiedlichen Ansto\u00dfzeiten (13Uhr, 15.30Uhr und 18.30Uhr), alle 22 Spiele gibt es live und exklusiv auf Sky. Durch den Tag f\u00fchrt jeweils ein Moderator &#8211; am Samstag ist dies Michael Leopold und am Sonntag Yannick Erkenbrecher. F\u00fcr ASAT (Alle Spiele, Alle Tore) \u00fcbernehmen dann Hartmut Kameke bzw. Nele Schenker. <\/p>\n\n\n\n<p>Aber gehen wir mal die Ansetzungen durch. Am Samstag steht zur Fr\u00fchschicht das Duell zwischen Balingen und dem VfB Stuttgart &#8211; durchaus ja lokal gesehen interessant. F\u00fcr Sky geht Dennis Bayer auf Stimmenfang, w\u00e4hrend Roland Evers nach der Konferenz am Freitag diesmal die vollen neunzig Minuten kommentiert &#8211; und dann sogar aus dem Stadion. Im Parallelspiel zwischen Jena und Hertha gibt es dann nur eine Schaltm\u00f6glichkeit, Stefan Hempel \u00fcbernimmt aus M\u00fcnchen. In der Konferenz spielen sich Schmiso und Christian Stra\u00dfburger die B\u00e4lle zu &#8211; klingt durchaus unterhaltsam. <\/p>\n\n\n\n<p>Samstagnachmittag stehen dann zur besten Ansto\u00dfzeit sechs Spiele an. Die Partien von Schott Mainz gegen Dortmund und Viktoria K\u00f6ln gegen Bremen sind dabei die einzigen, die aus dem Stadion kommentiert werden. In Mainz ist &#8211; lokal gesehen &#8211; etwas \u00fcberraschend Jens Westen als Field-Reporter im Einsatz, anders sieht das aber bei Kommentator Martin Gro\u00df aus. In der Domstadt feiert Marcus Lindemann sein Saisondeb\u00fct, w\u00e4hrend Ulli Potofski auf Stimmenfang geht. Bei den vier weiteren Einzelspielen kommt der Kommentar dann wie gesagt aus der Box, Philipp Langosz, Thomas Wagner, Timo Schmidtchen und Martin Weinberger \u00fcbernehmen. In der Konferenz gibt es f\u00fcr Marcel Meinert und Karsten Petrzika den zweiten Einsatz. Neu dazu kommen Markus Gaupp, Markus G\u00f6tz, Torsten Kunde und auch Frank &#8222;Buschi&#8220; Buschmann. <\/p>\n\n\n\n<p>Am Samstagabend meldet sich dann Klaus Veltman aus Elversberg, wo der Zweitligist den 1.FSV Mainz 05 zu Gast hat. Veltman wird hierbei die Doppelrolle aus Kommentator und Field-Reporter haben. Bei den beiden anderen Spielen kommt der Kommentar von Jogi Hebel bzw. Jaron Steiner aus der Box. In der letzten Konferenz des Tages ist dann wie am Vorabend Hansi K\u00fcpper im Einsatz, Unterst\u00fctzung bekommt er von Toni Tomic und Heiko Mallwitz.<\/p>\n\n\n\n<p>Weil es chronologisch gut passt, auch noch was zum Supercup am Samstagabend, diesen gibt es dann bei Sky und in SAT.1 zu sehen. F\u00fcr SAT.1 sind wie beim Zweitligaauftakt Matthias Opdenh\u00f6vel, Stefan Kuntz und Wolff Fuss im Einsatz; neu mit dabei ist Andrea Kaiser als Field-Reporterin. Bei Sky reist Kai Dittmann aus Braunschweig nach M\u00fcnchen und feiert Einsatz Nummer zwei, w\u00e4hrend Britta Hofmann als Moderatorin und Torben Hoffmann als Field-Reporter mit dabei sind.<\/p>\n\n\n\n<p>Der Sonntag startet dann wie der Samstag mit einem Spiel aus dem Stadion und einem aus der Box. Bei der Partie Rot-Weiss Essen gegen den HSV ist Martin Gro\u00df nach seinem Einsatz als Kommentator diesmal als Field-Reporter im Einsatz, w\u00e4hrend Patrick Wasserziehr nach l\u00e4ngerer Zeit mal wieder ein Spiel kommentieren wird. Beim Parallelspiel gibt es dann Einsatz Nummer zwei f\u00fcr Thomas Wagner. Mit Blick auf die Konferenz f\u00e4llt auf, dass Kai Dittmann und Patrick Wasserziehr im Unterschied zu Freitag zwar lokal getrennt werden, aber die beiden k\u00fcmmern sich zumindest um die gleiche Partie. F\u00fcr Dittmann ist es also nach zwei Einzelspielen die erste Konferenz, w\u00e4hrend Marcel Meinert gleich zum dritten Mal in eben dieser im Einsatz ist. <\/p>\n\n\n\n<p>Am Nachmittag gibt es dann die gleiche Aufteilung wie am Samstag, zwei Spiele aus dem Stadion und der Rest aus der Box. Bei Lok Leipzig gegen Frankfurt ist wenig \u00fcberraschend Philipp Hinze als Field-Reporter mit dabei, kommentieren wird Oliver Seidler mit Einzelspiel Nummer zwei. Bei der von Freiburg beim SV Oberachern ist die Geschichte schnell erz\u00e4hlt, wie am Vortag in K\u00f6ln \u00fcbernimmt das Duo Lindemann und Potofski. Zu den restlichen Spielen wird dann f\u00fcr Interviews geschaltet, nur bei der Partie vom VfL Wolfsburg bei Makkabi Berlin gibt es mit Jens Westen einen Field-Reporter. Durch die Einzelspiele f\u00fchren dann Karsten Petrzika, Torsten Kunde, Timo Schmidtchen und Stefan Hempel. F\u00fcr Ersteren ist es der dritte und f\u00fcr den Rest der zweite Einsatz am Wochenende. In der Konferenz gibt es dann den ersten Einsatz f\u00fcr Wolff Fuss bei Sky in dieser Saison, fehlen darf dann aber nat\u00fcrlich auch nicht Frank Buschmann. F\u00fcr Hansi K\u00fcpper und Roland Evers gibt es den dritten Einsatz am Wochenende und auch Markus Gaupp ist es bereits die zweite Konferenz. Komplettiert wird die Runde von Michael Leopold, den wir wie gewohnt zu Saisonbeginn auch mal als Kommentator auf die Ohren bekommen. <\/p>\n\n\n\n<p>Der Sonntagabend f\u00fchrt Klaus Veltman dann nach Walldorf, wo Union Berlin zu Gast ist. Diesmal &#8222;muss&#8220; Veltman aber nicht die Doppelrolle aus\u00fcben, sondern bekommt Dennis Bayer als Field-Reporter zur Unterst\u00fctzung. Bei den weiteren Spielen kommt der Kommentar von Heiko Mallwitz und Dominik M\u00fcller aus der Box. In der Konferenz kommen Markus G\u00f6tz und Christian Stra\u00dfburger zu ihrem zweiten Live-Einsatz, f\u00fcr Sven Schr\u00f6ter ist der nach der Zusammenfassung am Freitag der Erste. <\/p>\n\n\n\n<p><strong>Klaus Veltman und das Saarland<\/strong><\/p>\n\n\n\n<p>Abgerundet wird das lange Pokalwochenende dann am Montag, Britta Hofmann f\u00fchrt f\u00fcr Sky durch den Abend. Bei den Spielen um 18Uhr kehrt Klaus Veltman in das Saarland zur\u00fcck, wo Bundesligaaufsteiger Darmstadt in Homburg gastiert. Als Field-Reporter ist zudem Yannick Erkenbrecher mit dabei. Um die beiden anderen Spiele k\u00fcmmern sich Thomas Wagner und Sven Schr\u00f6ter. Den dritten Konferenzeinsatz gibt es f\u00fcr Christian Stra\u00dfburger, der sich die B\u00e4lle mit Florian Schmidt-Sommerfeld und Stefan Hempel gegenseitig zuspielt. Am Abend \u00fcbernimmt dann bei Osnabr\u00fcck gegen K\u00f6ln neben Sky die ARD. Alexander Bommes und Bastian Schweinsteiger f\u00fchren durch die Sendung und Gerd Gottlob kommentiert. Bei Sky f\u00fcllt Patrick Wasserziehr seine Kilometeranzeige und trifft an der Bremer Br\u00fccke auf Wolff Fuss.<\/p>\n\n\n\n<p><strong>Furioser Start in Europas Topfu\u00dfball<\/strong><\/p>\n\n\n\n<p>Nicht nur in Deutschland geht es mit der 1. Pokalhauptrunde nun auch f\u00fcr alle Profivereine in die neue Saison, auch in anderen gro\u00dfen europ\u00e4ischen Fu\u00dfballnationen geht&#8217;s sp\u00e4testens mit diesem Wochenende los &#8211; und die \u00fcbertragenden Anbieter legen sich dabei ziemlich ins Zeug: <\/p>\n\n\n\n<p>Sky zeigt zum Kick-off der Premier League alle (!) Spiele live und mit deutschem Kommentar, manche davon aus Kapazit\u00e4tsgr\u00fcnden im Livestream. Die Namen sind bekannt: Hebel, Tomic, Schr\u00f6ter sowie einige SSN-Redakteure und nat\u00fcrlich Schmidt-Sommerfeld. Letzterer pr\u00e4sentiert zum Saisonauftakt das Match of the Week mit dem an diesem Wochenende vielbesch\u00e4ftigten Ren\u00e9 Adler an seiner Seite. Insgesamt bringt diese Position aber in der kommenden Saison mehr Abwechslung..<\/p>\n\n\n\n<p>Auch DAZN feiert den Saisonstart der neubenannten LALIGA EA SPORTS (nur zur Neuorientierung; es ist das erste und einzige Mal, dass ihr von mir einen Sponsorennamen h\u00f6ren werdet) geb\u00fchrend: Gleich f\u00fcnf Livespiele mit deutschem Kommentar bekommen die Zusehenden im DACH-Raum auf der Plattform zur Verf\u00fcgung gestellt. Live zu sehen gibt es ja wie gewohnt weiterhin alle. Bei den kommentierten gibt&#8217;s nat\u00fcrlich bei den Spielen von Real und Barca einen Doppelkommentar.<\/p>\n\n\n\n<p>Auch in den Niederlanden steht der Saisonauftakt an. Sportdigital FUSSBALL \u00fcbertr\u00e4gt vier Spiele live mit deutschem Kommentar. Wie so h\u00e4ufig in der Eredivisie kommen Karsten Linke, Marvin Kirsch und Martin Hahn zum Einsatz. Die etwas unkonventionelle Partie zwischen Volendam und Arnheim zur Saisoner\u00f6ffnung \u00fcbernimmt Christian Blunck.<\/p>\n\n\n\n<p>Aus Frankreich bzw Portugal gibt&#8217;s am 1. Spieltag ebenfalls zwei bzw drei Partien bei DAZN bzw Sportdigital. Das sind nat\u00fcrlich die Spiele von PSG, Monaco (mit Adi H\u00fctter), Porto, Sporting und Benfica. Aus Italien \u00fcbertr\u00e4gt DAZN von der ersten Pokalrunde (ohne Beteiligung der Spitzenteams) die Spiele der reizvollen Teams Palermo, Genua und S\u00fcdtirol.<\/p>\n\n\n\n<p>Und damit rein ins vollste Fu\u00dfballwochenende des Jahres!<\/p>\n","protected":false},"excerpt":{"rendered":"<p>N&#8217;Abend allerseits, sp\u00e4testens mit diesem Wochenende ist nun auch f\u00fcr alle Fans eines Bundesligisten der Start in die neue Spielzeit 2023\/24 sp\u00fcrbar. Eine Zeit, in der auch die \u00fcbertragenden Anbieter regelm\u00e4\u00dfig Neues zu verk\u00fcnden haben. K\u00fcrzlich hat sich DAZN die Rechte an der zumindest mal streitbaren Saudi Arabian Pro League gesichert, Sportdigital die Re-Live-Rechte aller [&hellip;]<\/p>\n","protected":false},"author":16,"featured_media":0,"comment_status":"open","ping_status":"open","sticky":false,"template":"","format":"standard","meta":{"footnotes":""},"categories":[504,934],"tags":[],"class_list":["post-15302","post","type-post","status-publish","format-standard","hentry","category-dfb-pokal-co","category-wm-2023"],"_links":{"self":[{"href":"http:\/\/kommentatorenblog.de\/index.php?rest_route=\/wp\/v2\/posts\/15302","targetHints":{"allow":["GET"]}}],"collection":[{"href":"http:\/\/kommentatorenblog.de\/index.php?rest_route=\/wp\/v2\/posts"}],"about":[{"href":"http:\/\/kommentatorenblog.de\/index.php?rest_route=\/wp\/v2\/types\/post"}],"author":[{"embeddable":true,"href":"http:\/\/kommentatorenblog.de\/index.php?rest_route=\/wp\/v2\/users\/16"}],"replies":[{"embeddable":true,"href":"http:\/\/kommentatorenblog.de\/index.php?rest_route=%2Fwp%2Fv2%2Fcomments&post=15302"}],"version-history":[{"count":23,"href":"http:\/\/kommentatorenblog.de\/index.php?rest_route=\/wp\/v2\/posts\/15302\/revisions"}],"predecessor-version":[{"id":15364,"href":"http:\/\/kommentatorenblog.de\/index.php?rest_route=\/wp\/v2\/posts\/15302\/revisions\/15364"}],"wp:attachment":[{"href":"http:\/\/kommentatorenblog.de\/index.php?rest_route=%2Fwp%2Fv2%2Fmedia&parent=15302"}],"wp:term":[{"taxonomy":"category","embeddable":true,"href":"http:\/\/kommentatorenblog.de\/index.php?rest_route=%2Fwp%2Fv2%2Fcategories&post=15302"},{"taxonomy":"post_tag","embeddable":true,"href":"http:\/\/kommentatorenblog.de\/index.php?rest_route=%2Fwp%2Fv2%2Ftags&post=15302"}],"curies":[{"name":"wp","href":"https:\/\/api.w.org\/{rel}","templated":true}]}}