{"id":15367,"date":"2023-08-14T18:36:08","date_gmt":"2023-08-14T16:36:08","guid":{"rendered":"https:\/\/kommentatorenblog.de\/?p=15367"},"modified":"2023-08-15T12:45:34","modified_gmt":"2023-08-15T10:45:34","slug":"1355-lieber-ein-derby-aus-dem-san-siro-als-ein-cl-finale","status":"publish","type":"post","link":"http:\/\/kommentatorenblog.de\/?p=15367","title":{"rendered":"1355 &#8211; &#8222;Lieber ein Derby aus dem San Siro als ein CL-Finale&#8220; &#8211; Interview mit Mario Rieker"},"content":{"rendered":"\n<p><em>N&#8217;Abend allerseits,<\/em><\/p>\n\n\n\n<p><em>das Setting zwischen Kreidetafel und Schultischen wirkt etwas ungew\u00f6hnlich f\u00fcr ein Interview mit einem Fu\u00dfballkommentator. Das liegt daran, dass sich Mario Rieker dankenswerterweise Zeit genommen hat, Teenagern an der Schule, in der ich im vergangenen Schuljahr unterrichten durfte, seinen Beruf n\u00e4herzubringen. Anschlie\u00dfend ist f\u00fcr den Kommentatorenblog noch ein exklusives Interview mit Mario rausgesprungen. <\/em><\/p>\n\n\n\n<div class=\"wp-block-cover is-light\"><span aria-hidden=\"true\" class=\"wp-block-cover__gradient-background has-background-dim\"><\/span><img loading=\"lazy\" decoding=\"async\" width=\"1500\" height=\"1001\" class=\"wp-block-cover__image-background wp-image-15379\" alt=\"\" src=\"https:\/\/kommentatorenblog.de\/wp-content\/uploads\/2023\/08\/Mario-Rieker.jpg\" style=\"object-position:50% 100%\" data-object-fit=\"cover\" data-object-position=\"50% 100%\" srcset=\"http:\/\/kommentatorenblog.de\/wp-content\/uploads\/2023\/08\/Mario-Rieker.jpg 1500w, http:\/\/kommentatorenblog.de\/wp-content\/uploads\/2023\/08\/Mario-Rieker-300x200.jpg 300w, http:\/\/kommentatorenblog.de\/wp-content\/uploads\/2023\/08\/Mario-Rieker-1024x683.jpg 1024w, http:\/\/kommentatorenblog.de\/wp-content\/uploads\/2023\/08\/Mario-Rieker-768x513.jpg 768w, http:\/\/kommentatorenblog.de\/wp-content\/uploads\/2023\/08\/Mario-Rieker-272x182.jpg 272w\" sizes=\"auto, (max-width: 1500px) 100vw, 1500px\" \/><div class=\"wp-block-cover__inner-container is-layout-flow wp-block-cover-is-layout-flow\">\n<p class=\"has-text-align-center has-white-color has-text-color\"><strong>Mario Rieker <\/strong>ist seit 2016 als Kommentator und Fielder und f\u00fcr DAZN vor allem in der Serie A, Bundesliga, Champions League und NFL zu h\u00f6ren und zu sehen. Dar\u00fcber hinaus ist er Redakteur im Bundesliga-Team von DAZN und bespricht mit Marius Soyke im Podcast &#8222;SERIEAMORE&#8220; den italienischen Fu\u00dfball.<\/p>\n\n\n\n<p class=\"has-text-align-center has-white-color has-text-color\">Foto: Mareen Meyer<\/p>\n<\/div><\/div>\n\n\n\n<p><strong><em>Kommentatorenblog: <\/em>Mario, wenn man sich deine LinkedIn-Seite anschaut, wirkt dein Weg zum Kommentator ja relativ straight. Wie war es denn wirklich?&nbsp;<\/strong><\/p>\n\n\n\n<p><strong><em>Mario Rieker: <\/em><\/strong>Lustig, dass du das sagst. F\u00fchlt sich f\u00fcr mich selbst gar nicht so an. Meine Mutter hat mir letztens mal erz\u00e4hlt, dass ich als kleiner Junge mit meinem ersten Kassettenrekorder immer so alte M\u00e4rchenkassetten mit der ARD-Schlusskonferenz aus dem Radio \u00fcberspielt habe und die dann sp\u00e4ter nachgesprochen habe. Aber ich glaube, jeder Junge oder jedes M\u00e4dchen, der oder die in den Sportjournalismus m\u00f6chte, hat ein so gro\u00dfes Ziel, das erstmal unerreichbar wirkt.\u00a0Deswegen hatte ich das zum Anfang meines Studiums gar nicht mehr so bewusst als Ziel vor Augen. Im Hinterkopf war das trotzdem.\u00a0<br>Meine Vorstellung damals war dann einfach, dass ich bei einem Fernsehsender arbeiten will.\u00a0<\/p>\n\n\n\n<p><strong>Was ja dann auch geklappt hat. Nach einem Praktikum bei Sport1 warst du Volont\u00e4r und sp\u00e4ter Redakteur bei Sky, bevor es zu DAZN ging.<\/strong><\/p>\n\n\n\n<p>Genau. Und als dann 2012 das Volontariat bei Sky Sport News angefangen habe, durfte ich auch f\u00fcnf Wochen in NRW bei Stephan Sch\u00e4uble damals als Reporter mitlaufen und meine ersten Aufsager vom Trainingsgel\u00e4nde machen. Da hatte ich dann zwischendurch den Traum, Reporter vor der Kamera zu werden. Aber das hat sich relativ schnell entwickelt, dass ich nur mit meiner Stimme OnAir bin. Da f\u00fchle ich mich am wohlsten, wenn ich \u00fcber das berichte, was auf dem Platz ist &#8211; auch wenn ich jetzt manchmal auch vor der Kamera zu sehen bin.&nbsp;<br>Aber zur\u00fcck zum Werdegang: Ja, das wirkt straight, ist aber an vielen Stellen mit gl\u00fccklichen F\u00fcgungen verbunden.<\/p>\n\n\n\n<p><strong>Was war denn so eine gl\u00fcckliche F\u00fcgung in deiner Karriere?<\/strong><\/p>\n\n\n\n<p>Als ich 2016 von Sky zu DAZN gewechselt bin, habe ich dann unverhofft mein erstes Spiel kommentiert. Bis dahin hatte ich nur Sprecherfahrung, aber noch keine Erfahrung im Live-Kommentieren, au\u00dfer mal live vertonte Highlights bei Sky Sport News &#8211; aber noch nie \u00fcber 90 Minuten.<br>Und wie es das Schicksal dann so will, ist ein Kommentatorenkollege dann nicht erschienen, als wir die European Qualifiers \u00fcbertragen haben.<\/p>\n\n\n\n<p><strong>Und dann musste der Redakteur Mario Rieker pl\u00f6tzlich als Kommentator einspringen?<\/strong><\/p>\n\n\n\n<p>Sozusagen. Ich wurde in die Kommentatorenbox hineinkomplimentiert, da lief schon die zweite Nationalhymne von Slowakei gegen Litauen und ich kannte insgesamt vielleicht f\u00fcnf Spieler auf dem Platz. Robert Mak hat damals mitgespielt, aber dann war&#8217;s schon sehr d\u00fcnn.&nbsp;<br>Aber ich hatte das gro\u00dfe Gl\u00fcck, dass nach wenigen Augenblicken mein Kollege Max Gross, der jetzt auch bei uns kommentiert, reingeh\u00fcpft kam und mir nach und nach Zettel reingereicht hat mit irgendwelchen Informationen. Das war das einzige Mal, wo ich einen Kommassistenten hatte.&nbsp;<br>Also im Endeffekt war der Weg schon straight, aber man muss schon sagen, dass ich gewisse Abzweigungen genommen habe &#8211; ich arbeite ja jetzt auch als normal ausgebildeter Redakteur &#8211; und die ein oder andere aufgegangene T\u00fcre gl\u00fccklich getroffen habe.<\/p>\n\n\n\n<p><strong>Krasse Story. Wie f\u00fchlt man sich, wenn man in diesem Fall wei\u00df: &#8218;Ich muss jetzt gleich 90 Minuten reden ohne dass ich vorbereitet bin und ohne dass einen Spieler vom anderen unterscheiden kann&#8216;?<\/strong><\/p>\n\n\n\n<p>Es war schon Aufregung dabei. Aber die r\u00fcckte bisschen in den Hintergrund, dadurch dass es so schnell ging. Also wenn mir das zwei Stunden vorher gesagt h\u00e4tte, dann h\u00e4tte ich noch angefangen, mich sporadisch vorzubereiten &#8211; und w\u00e4re wahrscheinlich noch aufgeregter gewesen. So musste ich einfach machen.<br>Es war aber schon viel Mut zur L\u00fccke dabei. Das ist tats\u00e4chlich auch etwas, das ich heute noch versuche, m\u00f6glichst gut einzubinden. Bevor man zum Beispiel einen Spieler nicht erkennt, einfach mal nichts sagen in dem Moment. Ich glaube es f\u00e4llt auf, wenn du den Namen falsch sprichst oder den Spieler verwechselst. Wenn du ihn einfach in dem Moment nicht sagst, denkt jede*r, du hast gerade eine Redepause gemacht.<\/p>\n\n\n\n<p><strong>So dann auch bei Slowakei-Litauen?&nbsp;<\/strong><\/p>\n\n\n\n<p><em>(lacht) <\/em>In dem Spiel hatte ich schon viele Redepausen. Ich guckte auf den Bildschirm, R\u00fcckennummer. Aufstellung, R\u00fcckennummer, Name. Schaute wieder hoch und schon hatte jemand anderes den Ball.&nbsp;<br>Ich bin ganz froh, dass es von den ersten 20 Minuten des Spiels wahrscheinlich keine Aufzeichnung mehr gibt. Auch wenn es im Nachhinein historischen Wert f\u00fcr mich gehabt h\u00e4tte.<\/p>\n\n\n\n<p><strong>W\u00e4re Gef\u00fchl anders f\u00fcr dich gewesen, wenn jemand bei einer Bundesliga- oder Champions League-Partie &#8211; wo dann gleich ein paar hunderttausend Leute zuschauen &#8211; zu dir gesagt h\u00e4tte, &#8218;kommentier mal&#8216;? Oder ist es in dem Moment egal, wie gro\u00df die Partie ist, wenn du das mit deinen jetzigen Erfahrungen vergleichst?&nbsp;<\/strong><\/p>\n\n\n\n<p>In dem Moment selbst habe ich nicht dar\u00fcber nachgedacht, wie viele zuschauen. Da war sozusagen die Aufregung, dass jetzt gleich das rote L\u00e4mpchen leuchtet.&nbsp;<br>Und heute? Ich nehme kein Spiel auf die leichte Schulter und gerade auf die &#8218;kleinen&#8216; Spiele muss man automatisch viel mehr Vorbereitungen reinlegen, weil man am Anfang der Saison vielleicht viel weniger Spieler kennt.<br>Aber die Nervosit\u00e4t &#8211; und alles andere w\u00e4re auch gelogen &#8211; ist bei manchen Spielen schon gr\u00f6\u00dfer.<br>Es ist auch was ganz anderes, ob man auch in einer Komfortzone wie in der Kommentatorenbox sitzt oder in einem gro\u00dfen Bundesligaspiel im Stadion auf der Trib\u00fcne, was ich jetzt noch nicht so oft gemacht habe. Die Energie der Menschen drumherum ist schon eine andere und f\u00fchrt auch zu einer anderen Anspannung vor dem Spiel. Das ist tats\u00e4chlich dann auch eine gute Anspannung.<br>Aber Anspannung habe ich eigentlich in dem Moment, wenn es losgeht bei jedem Spiel. Wenn die Anspannung irgendwann komplett weg ist, dann muss ich mir wahrscheinlich einen anderen Job suchen.<\/p>\n\n\n\n<p><strong>Jetzt hast du von der Komfortzone Kommentatorenbox gesprochen und der Atmosph\u00e4re Stadion im Kontrast dazu. Bei uns im Blog wird regelm\u00e4\u00dfig der Kommentar aus der Box kritisch gesehen, gerade was die Berichterstattung in der Bundesliga angeht.<\/strong><\/p>\n\n\n\n<p>Im Stadion zu sitzen ist f\u00fcr mich als Kommentator auf jeden Fall ein tolles Erlebnis und nicht allt\u00e4glich. Das wird vermutlich selbst bei den ganz alten Hasen immer noch was ganz besonderes sein.&nbsp;<br>Ich bin halt sozusagen mit dem in der Box sitzend Kommentieren gro\u00df geworden, weil ich da meine ersten Spiele kommentiert habe. Das hei\u00dft, ich habe das lange Zeit gar nicht anders gekannt und habe es deswegen Komfortzone genannt. Das erste Mal im Stadion, muss man sich auch erstmal sortieren. Gucke ich die ganze Zeit aufs Spielfeld, dann sehe ich viel mehr als die Zusehenden. Es kann aber auch sein, dass gerade irgendwie ne Slomo l\u00e4uft, die die Zusehenden sehen und sich dann denken &#8222;Er redet gerade \u00fcber was anderes&#8220;, weil ich w\u00e4hrenddessen sage: &#8222;Oh da unten teilt der eine Trainer gerade Ohrfeigen gegen einen anderen aus&#8220;.&nbsp;<br>Es hat f\u00fcr mich als Kommentator also definitiv auch gro\u00dfe Vorteile, im Stadion zu sitzen. Aber es muss auch finanziell darstellbar sein. Es ist ein Abw\u00e4gen und wir haben ja gl\u00fccklicherweise auch bei jedem Spiel mindestens ein Augenpaar im Stadion mit Reporter oder Reporterin, die auch Live-Eindr\u00fccke aus dem Stadion schildern.<br>Und die 90 Minuten sehen am Bildschirm optisch f\u00fcr die Zusehenden immer gleich aus, egal ob wir aus dem Stadion senden oder aus der Box.&nbsp;<\/p>\n\n\n\n<p><strong>Was war vor deinem ersten Einsatz als Kommentator im Stadion anders als bei allen anderen Spielen, die du davor kommentiert hast?<\/strong><\/p>\n\n\n\n<p>Um meine Nervosit\u00e4t einzud\u00e4mmen, bin ich ganz viel rumgelaufen und habe Gespr\u00e4che gef\u00fchrt mit Leuten vor Ort. Mit dem Experten, mit den Pressesprecher*innen, um auch da nochmal Infos zu holen. Ich sa\u00df gar nicht so sehr an meinem Zettel, sondern habe sonst alles aufgesogen. Das Spiel war in K\u00f6ln &#8211; ein sehr lautes Stadion &#8211; und ich habe dann selber gemerkt, dass meine Art zu kommentieren die ersten zehn Minuten sehr intensiv und eigentlich dem Spiel gar nicht so angemessen war. Also obwohl das Spiel eher langweilig daher kam, ich mich von der Atmosph\u00e4re mitrei\u00dfen lie\u00df. \u201cEnergetisch aufgeladen\u201d ist vielleicht die richtige Bezeichnung.<br>Das geht glaube ich routinierten Kolleg*innen auch noch so, dass dir eine packende Atmosph\u00e4re im Stadion vielleicht noch krasser vorkommt, als wenn du zur\u00fcckgelehnt auf der Couch sitzt. Aber das ist ja dann auch unsere Aufgabe so den Funken da \u00fcberspringen zu lassen.<\/p>\n\n\n\n<p><strong>Ein paar Jahre vor deinem ersten Stadioneinsatz bist du ja von Sky weggegangen und hast angefangen f\u00fcr DAZN zu arbeiten. Das war ja ein Wechsel ins relativ Unbekannte &#8211; DAZN ist ja 2016 auch erst in Deutschland gestartet. Was treibt einen an, so einen Schritt zu gehen?<\/strong><\/p>\n\n\n\n<p>Ich habe bei Sky ja angefangen als Volont\u00e4r und gab es damals auch Sky Sport News erst ein paar Monate. Da war sehr viel Bewegung, viel Energie drin und ich habe eine wirklich sehr gute Ausbildung genossen. Ich durfte bei Reportern hospitieren, war beim Live-Sport und durfte fr\u00fch meine ersten Beitr\u00e4ge vertonen, weil die Jungen sehr gef\u00f6rdert wurden.<br>Nach vier Jahren habe ich dann f\u00fcr mich erkannt, dass dort mein Lernprozess zum Ende gekommen ist und ich einen neuen Impuls gebracht habe. Ich h\u00f6re mich gerade an wie ein Fu\u00dfballer. <em>(lacht)\u00a0<\/em><br>Jedenfalls wollte ich etwas Neues ausprobieren, wo vielleicht die Strukturen noch nicht so festgefahren waren. Mir wurden neue spannende Sachen als auch Verantwortung geboten. Ich bin als erstes sozusagen als leitender Redakteur f\u00fcr den internationalen Fu\u00dfball zu DAZN gewechselt, habe also die Frankreich-, Italien- und die internationalen Spiele verantwortet.\u00a0<br>Das war das auch in dem Sinne auch auf dem von dir angesprochenen LinkedIn-Profil der n\u00e4chste Schritt, den ich bei Sky noch nicht vor Augen hatte.<\/p>\n\n\n\n<p><strong>Du hast gerade angesprochen, dass du leitender Redakteur f\u00fcr internationalen Fussball warst und auch jetzt eben noch in der DAZN-Redaktion t\u00e4tig bist. Was unterscheidet deinen Alltag von dem eines Kommentators, der ja oftmals als Freelancer arbeitet?&nbsp;<\/strong><\/p>\n\n\n\n<p>Also ich bin dann vom internationalen Fu\u00dfball erst als leitender Redakteur zur Bundesliga gegangen, als wir noch nur ein Freitagsspiel hatten. Als wir dann auch die Sonntagsspiele dazu bekommen haben, h\u00e4tte ich die Rolle auch weiter ausf\u00fcllen k\u00f6nnen. Aber das h\u00e4tte dann dazu gef\u00fchrt, dass ich mein Kommentieren h\u00e4tte aufgeben m\u00fcssen, weil da einfach zu viel Arbeit dran ist. Jetzt ist Matthias Mischo in leitender Funktion und ich geh\u00f6re seinem Team an, in dem wir gemeinsam die Bundesliga-Spiele vorplanen. Ein ganz klarer Alltagspunkt ist da zum Beispiel immer die Team-Sitzung am Dienstag, wo wir besprechen was am kommenden Spieltag so kommt.\u00a0<br>Und dann bin ich teilweise auch f\u00fcr ein Sonntagsspiel als verantwortlicher Redakteur eingeteilt. Da bespreche ich mich dann mit dem Leiter der Sendung, was wir machen und wann wir das machen. Da rufe ich dann die Pressesprecher*in an und sage, wir h\u00e4tten gerne, dass der Trainer 30 Minuten vor Anpfiff bei uns zum Interview ist. Da planen wir manchmal ein Interview oder einen Beitrag \u00fcber einen Spieler, der gerade im Fokus steht. Da koordiniert man mit dem Experten ein bisschen, welche Analysen gezeigt werden sollen oder was darin dann gezeichnet werden soll. Es ist dann also eine etwas koordinative Aufgabe, wo man versucht, alle F\u00e4den zusammenlaufen zu lassen.<br>Ab und an habe ich dann auch eine Doppelfunktion, sodass ich dann Fieldreporter und gleichzeitig verantwortlicher Redakteur bin. Das bedeutet, ich frage bei den Vereinen die Interviews an, die ich dann selber f\u00fchre. Man k\u00f6nnte sagen, das ist viel &#8211; aber ich finde es ganz geschickt.<\/p>\n\n\n\n<p><strong>Und effizient ist es auch! Jetzt bist du ja, wie angesprochen, nicht mehr als Redakteur f\u00fcr den internationalen Fu\u00dfball zust\u00e4ndig. Trotzdem bist du sehr viel im italienischen Fu\u00dfball am Mikro unterwegs, hast da auch deinen eigenen Podcast <\/strong><strong><em>(Anm. d. Red.: H\u00f6r-Empfehlung f\u00fcr \u201cSERIEAMORE\u201d) <\/em><\/strong><strong>dazu. Warum Italien?<\/strong><\/p>\n\n\n\n<p>Also ich bin Jahrgang 88 und so Mitte bis Ende der 90er, als angefangen habe, mich f\u00fcr Fu\u00dfball zu interessieren, hat Italien halt gerade eine Hochphase gehabt. Und bei DAZN war ich dann eben als Producer f\u00fcr den internationalen Fu\u00dfball zust\u00e4ndig und habe nach dem Spiel bei den Qualifiers auch Ligue 1 und Serie A kommentiert. So kamen auch die Kindheitserinnerungen wieder raus. Also ich glaube ich habe davor zehn Jahre die Serie A nicht verfolgt und dann durfte ich durch DAZN wieder anfangen, sie mehr zu verfolgen. Und es war dann einfach so, dass Milan gegen Sampdoria in mir was anderes ausgel\u00f6st hat als Lorient gegen Bordeaux. So kam das tats\u00e4chlich und dann habe ich halt haupts\u00e4chlich in der Serie A Spiele kommentiert. Da durfte ich dann auch viel von Carsten Fu\u00df lernen. Und jetzt habe ich irgendwie das Privileg, nach oder neben Carsten bei uns als einer der Italien-Kommentatoren wahrgenommen zu werden und habe gro\u00dfen Spa\u00df daran. Land, Leute und der Fu\u00dfball faszinieren mich einfach.\u00a0<\/p>\n\n\n\n<p><strong>Wir haben vorher schon \u00fcber das andere Feeling im Stadion gesprochen. Auch wenn es kostentechnisch nicht darstellbar w\u00e4re und auch nicht durch irgendeine Zuschauerzahl zu rechtfertigen: Wie sehr w\u00fcrde es dich reizen, ein Spiel zwischen AC und Inter oder zwischen Inter und Juve aus dem Stadion zu kommentieren?&nbsp;<\/strong><\/p>\n\n\n\n<p>Wenn ich das mal hinkriege, dann glaube ich, kann ich danach meine Karriere beenden. Also das w\u00e4re tats\u00e4chlich so. Marco Hagemann hatte ja das Vergn\u00fcgen mit dem Derby im San Siro und mit dem habe ich auch dar\u00fcber gesprochen, das muss unvergleichlich sein. Ich glaube, Derby aus dem San Siro w\u00fcrde bei mir sogar noch \u00fcber Champions-League-Finale stehen.<\/p>\n\n\n\n<p><strong>W\u00e4re ja 2026 oder 2027 theoretisch alles in einem m\u00f6glich. Damit sind wir beim klassischen Blick in die Zukunft angelangt. Du kommentierst ja schon Bundesliga aus dem Stadion, Topspiele in der Serie A und du kommentierst Champions League. Wenn du jetzt so in die Zukunft blickst: Was w\u00fcrde dich noch ganz besonders reizen, au\u00dfer das angesprochene Derby della Madonnina?<\/strong>&nbsp;<\/p>\n\n\n\n<p>Ich w\u00fcnsche mir, dass ich in paar Jahren einfach noch mit Spa\u00df bei der Sache bin. Und dass der Fussball die Kurve macht, damit ich noch mit Spa\u00df bei der Sache sein kann.&nbsp;<br>Und ein Champions-League-Spiel aus dem Stadion im Ausland ist nat\u00fcrlich schon etwas, das einen reizt und durchaus auch ein Traum, der sich auch erf\u00fcllen kann.&nbsp;<\/p>\n\n\n\n<p><strong>Wann w\u00e4re aus deiner Sicht der Punkt erreicht, an dem der Fussball die Kurve nicht macht?<\/strong>&nbsp;<\/p>\n\n\n\n<p>Wenn ich gezwungen werde, jede Woche ein Spiel aus Saudi-Arabien zu kommentieren, dann w\u00fcrde ich wahrscheinlich aufh\u00f6ren.<\/p>\n\n\n\n<p><strong>Nach dem sch\u00f6nen Schlusssatz danke ich dir sehr f\u00fcr das Gespr\u00e4ch!<\/strong><\/p>\n\n\n\n<p><em>Das Gespr\u00e4ch f\u00fchrte Johannes Danzer.<\/em><\/p>\n\n\n\n<hr class=\"wp-block-separator\"\/>\n\n\n\n<hr class=\"wp-block-separator\"\/>\n\n\n\n<p><em>Die Ansetzungen vom 15. August bis zum 17. August 2023:<\/em><\/p>\n\n\n\n<p><strong>FIFA Women&#8217;s World Cup 2023, Halbfinale (ARD\/ZDF)<\/strong><\/p>\n\n\n\n<p><span style=\"text-decoration: underline;\">Dienstag, 15. August 2023, <span style=\"text-decoration: underline;\">ab 09.05 Uhr (ZDF)<\/span><\/span><\/p>\n\n\n\n<p><strong style=\"font-style: italic;\"><em><strong>Spanien<\/strong><\/em> <strong><em><span><b style=\"font-style: italic;\">\u2013<\/b><\/span><\/em><\/strong><\/strong> <em><strong>Schweden (10.00 Uhr)<\/strong><\/em> <br><img loading=\"lazy\" decoding=\"async\" width=\"10\" height=\"21\" class=\"wp-image-3656\" style=\"width: 10px;\" src=\"http:\/\/kommentatorenblog.de\/wp-content\/uploads\/2020\/09\/shure-55sh-ii-e1601485394796.jpg\" alt=\"\" srcset=\"http:\/\/kommentatorenblog.de\/wp-content\/uploads\/2020\/09\/shure-55sh-ii-e1601485394796.jpg 415w, http:\/\/kommentatorenblog.de\/wp-content\/uploads\/2020\/09\/shure-55sh-ii-e1601485394796-142x300.jpg 142w\" sizes=\"auto, (max-width: 10px) 100vw, 10px\" \/> Claudia Neumann<br>Field-Reporterin: Lena Kesting<br>Moderation: Sven Voss, Expertin: Kathrin Lehmann<\/p>\n\n\n\n<p><span style=\"text-decoration: underline;\">Mittwoch, 16. August 2023, <span style=\"text-decoration: underline;\">ab 11.20 Uhr (ARD)<\/span><\/span><\/p>\n\n\n\n<p><strong style=\"font-style: italic;\"><em><strong>Australien <\/strong><\/em><strong><em><b style=\"font-style: italic;\">\u2013<\/b><\/em><\/strong><\/strong> <em><strong>England (12.00 Uhr)<\/strong><\/em> <br><img loading=\"lazy\" decoding=\"async\" width=\"10\" height=\"21\" class=\"wp-image-3656\" style=\"width: 10px;\" src=\"http:\/\/kommentatorenblog.de\/wp-content\/uploads\/2020\/09\/shure-55sh-ii-e1601485394796.jpg\" alt=\"\" srcset=\"http:\/\/kommentatorenblog.de\/wp-content\/uploads\/2020\/09\/shure-55sh-ii-e1601485394796.jpg 415w, http:\/\/kommentatorenblog.de\/wp-content\/uploads\/2020\/09\/shure-55sh-ii-e1601485394796-142x300.jpg 142w\" sizes=\"auto, (max-width: 10px) 100vw, 10px\" \/> Bernd Schmelzer <br>Field-Reporterin: Lea Wagner<br>Moderation: Claus Lufen, Expertin: Nia K\u00fcnzer<\/p>\n\n\n\n<hr class=\"wp-block-separator\"\/>\n\n\n\n<p><strong>UEFA Super Cup (Sat.1\/DAZN)<\/strong><\/p>\n\n\n\n<p><span style=\"text-decoration: underline;\">Mittwoch, 16. August 2023, <span style=\"text-decoration: underline;\">ab 20.15 Uhr (Sat.1) bzw. ab 20.45 Uhr (DAZN)<\/span><\/span><\/p>\n\n\n\n<p><strong style=\"font-style: italic;\"><em><strong>Manchester City<\/strong><\/em> <strong><em><span><b style=\"font-style: italic;\">\u2013<\/b><\/span><\/em><\/strong><\/strong> <em><strong>FC Sevilla (21.00 Uhr)<\/strong><\/em> <\/p>\n\n\n\n<p><img loading=\"lazy\" decoding=\"async\" width=\"10\" height=\"21\" class=\"wp-image-3656\" style=\"width: 10px;\" src=\"http:\/\/kommentatorenblog.de\/wp-content\/uploads\/2020\/09\/shure-55sh-ii-e1601485394796.jpg\" alt=\"\" srcset=\"http:\/\/kommentatorenblog.de\/wp-content\/uploads\/2020\/09\/shure-55sh-ii-e1601485394796.jpg 415w, http:\/\/kommentatorenblog.de\/wp-content\/uploads\/2020\/09\/shure-55sh-ii-e1601485394796-142x300.jpg 142w\" sizes=\"auto, (max-width: 10px) 100vw, 10px\" \/> <em>Sat.1: <\/em>Wolff Fuss<br>Moderation (Sat.1): Matthias Opdenh\u00f6vel, Experte: Markus Babbel<\/p>\n\n\n\n<p><img loading=\"lazy\" decoding=\"async\" width=\"10\" height=\"21\" class=\"wp-image-3656\" style=\"width: 10px;\" src=\"http:\/\/kommentatorenblog.de\/wp-content\/uploads\/2020\/09\/shure-55sh-ii-e1601485394796.jpg\" alt=\"\" srcset=\"http:\/\/kommentatorenblog.de\/wp-content\/uploads\/2020\/09\/shure-55sh-ii-e1601485394796.jpg 415w, http:\/\/kommentatorenblog.de\/wp-content\/uploads\/2020\/09\/shure-55sh-ii-e1601485394796-142x300.jpg 142w\" sizes=\"auto, (max-width: 10px) 100vw, 10px\" \/> <em>DAZN: <\/em>Max Siebald, Experte: Seb Knei\u00dfl<\/p>\n\n\n\n<hr class=\"wp-block-separator\"\/>\n\n\n\n<p><strong>DFB-Pokal der Frauen (GER), 1. Runde (Sky)<\/strong><\/p>\n\n\n\n<p><span style=\"text-decoration: underline;\">Dienstag, 15. August 2023, <span style=\"text-decoration: underline;\">ab 18.15 Uhr<\/span><\/span><\/p>\n\n\n\n<p><strong style=\"font-style: italic;\"><em><strong>Holstein Kiel<\/strong><\/em><strong><em><b style=\"font-style: italic;\">\u2013<\/b><\/em><\/strong><\/strong> <em><strong>Borussia M\u00f6nchengladbach (18.30 Uhr)<\/strong><\/em> <br><img loading=\"lazy\" decoding=\"async\" width=\"10\" height=\"21\" class=\"wp-image-3656\" style=\"width: 10px;\" src=\"http:\/\/kommentatorenblog.de\/wp-content\/uploads\/2020\/09\/shure-55sh-ii-e1601485394796.jpg\" alt=\"\" srcset=\"http:\/\/kommentatorenblog.de\/wp-content\/uploads\/2020\/09\/shure-55sh-ii-e1601485394796.jpg 415w, http:\/\/kommentatorenblog.de\/wp-content\/uploads\/2020\/09\/shure-55sh-ii-e1601485394796-142x300.jpg 142w\" sizes=\"auto, (max-width: 10px) 100vw, 10px\" \/> Florian Malburg <br>Moderation: Nele Schenker<\/p>\n\n\n\n<hr class=\"wp-block-separator\"\/>\n\n\n\n<p><strong><code>DIE ANALYSE<\/code><\/strong><\/p>\n\n\n\n<p>Ich muss mich korrigieren. Das Viertelfinale zwischen Japan und Schweden war mitnichten der letzte Einsatz von Bernd Schmelzer bei dieser WM. Neben dem Spiel um Platz 3 am Samstag wird er f\u00fcr die Sportschau auch das im First Pick gew\u00e4hlte Halbfinale zwischen den Gastgeberinnen und den Europameisterinnen kommentieren. Er ist daf\u00fcr bereits wieder nach Australien zur\u00fcckgereist. <br>Am Tag davor im ZDF ist die Sache relativ klar: Claudia Neumann kommentiert wieder. Als einzige Reporterin vor Ort geht es f\u00fcr sie nun den umgekehrten Weg im Vergleich zu Schmelzer und damit nach Neuseeland. <br>Die Moderationen an beiden Sendetagen sind mittlerweile bestens bekannt.<\/p>\n\n\n\n<p>Den UEFA Super Cup zwischen Champions-League-Sieger Manchester City und Europa-League-Sieger Sevilla hat sich \u00fcberraschend Sat.1, das seit Jahren mit beiden Wettbewerben nichts mehr am Hut hat, f\u00fcrs Free-TV gesichert. Das Duo Opdenh\u00f6vel\/Kuntz ist bekannt vom Fu\u00dfball\u00fcbertragungsmarathon bei &#8222;ran&#8220;, Experte ist dieses Mal Markus Babbel.<br>Als Rechteinhaber der CL ist nat\u00fcrlich auch DAZN \u00fcbertragender Anbieter &#8211; die Rechte an Sat.1 sind nur als Sublizenz gegeben. DAZN steigt auch deutlich sp\u00e4ter mit der \u00dcbertragung ein und meldet sich im Vergleich zum Vorjahr mit damals Frankfurter Beteiligung in diesem Jahr &#8222;nur&#8220; mit Kommentator und Experte. Dies sind Max Siebald und Seb Knei\u00dfl.<\/p>\n","protected":false},"excerpt":{"rendered":"<p>N&#8217;Abend allerseits, das Setting zwischen Kreidetafel und Schultischen wirkt etwas ungew\u00f6hnlich f\u00fcr ein Interview mit einem Fu\u00dfballkommentator. Das liegt daran, dass sich Mario Rieker dankenswerterweise Zeit genommen hat, Teenagern an der Schule, in der ich im vergangenen Schuljahr unterrichten durfte, seinen Beruf n\u00e4herzubringen. Anschlie\u00dfend ist f\u00fcr den Kommentatorenblog noch ein exklusives Interview mit Mario rausgesprungen. [&hellip;]<\/p>\n","protected":false},"author":12,"featured_media":0,"comment_status":"open","ping_status":"open","sticky":false,"template":"","format":"standard","meta":{"footnotes":""},"categories":[426,934],"tags":[],"class_list":["post-15367","post","type-post","status-publish","format-standard","hentry","category-laenderspiele","category-wm-2023"],"_links":{"self":[{"href":"http:\/\/kommentatorenblog.de\/index.php?rest_route=\/wp\/v2\/posts\/15367","targetHints":{"allow":["GET"]}}],"collection":[{"href":"http:\/\/kommentatorenblog.de\/index.php?rest_route=\/wp\/v2\/posts"}],"about":[{"href":"http:\/\/kommentatorenblog.de\/index.php?rest_route=\/wp\/v2\/types\/post"}],"author":[{"embeddable":true,"href":"http:\/\/kommentatorenblog.de\/index.php?rest_route=\/wp\/v2\/users\/12"}],"replies":[{"embeddable":true,"href":"http:\/\/kommentatorenblog.de\/index.php?rest_route=%2Fwp%2Fv2%2Fcomments&post=15367"}],"version-history":[{"count":17,"href":"http:\/\/kommentatorenblog.de\/index.php?rest_route=\/wp\/v2\/posts\/15367\/revisions"}],"predecessor-version":[{"id":15390,"href":"http:\/\/kommentatorenblog.de\/index.php?rest_route=\/wp\/v2\/posts\/15367\/revisions\/15390"}],"wp:attachment":[{"href":"http:\/\/kommentatorenblog.de\/index.php?rest_route=%2Fwp%2Fv2%2Fmedia&parent=15367"}],"wp:term":[{"taxonomy":"category","embeddable":true,"href":"http:\/\/kommentatorenblog.de\/index.php?rest_route=%2Fwp%2Fv2%2Fcategories&post=15367"},{"taxonomy":"post_tag","embeddable":true,"href":"http:\/\/kommentatorenblog.de\/index.php?rest_route=%2Fwp%2Fv2%2Ftags&post=15367"}],"curies":[{"name":"wp","href":"https:\/\/api.w.org\/{rel}","templated":true}]}}