{"id":15542,"date":"2023-09-07T17:02:00","date_gmt":"2023-09-07T15:02:00","guid":{"rendered":"https:\/\/kommentatorenblog.de\/?p=15542"},"modified":"2023-09-12T17:07:12","modified_gmt":"2023-09-12T15:07:12","slug":"1361-laenderspiele-und-rtlnfl","status":"publish","type":"post","link":"http:\/\/kommentatorenblog.de\/?p=15542","title":{"rendered":"1361 &#8211; L\u00e4nderspiele und #RTLNFL"},"content":{"rendered":"\n<p>N&#8217;Abend allerseits,<\/p>\n\n\n\n<p>nach acht Regular Seasons unter dem Hashtag #ranNFL ist bekanntlich Schluss, denn ab dieser Season d\u00fcrfen\/m\u00fcssen (sucht euch ein Verb aus) mit #RTLNFL vorlieb nehmen. Der K\u00f6lner Privatsender hat sich einiges vorgenommen mit dem neuen Sportrecht und zeigt den vom Sender als &#8222;beste Sportliga der Welt&#8220; titulierten Wettbewerb fortan immer zu den Kickoff-Zeiten um 19:00 Uhr und 22:25 Uhr deutscher Zeit in ihrem Hauptprogramm. Zus\u00e4tzlich soll noch eine Partie um 19 Uhr exklusiv bei RTL+ im Stream zu sehen sein. <br>Jeden Sonntagabend geht&#8217;s dazu mit dem Vorlauf ab 18:15 Uhr bei RTL+ im Stream los, den die On-Air-Crews von Free-TV und Streaming gemeinsam aus dem gro\u00dfen Rooftop-Studio pr\u00e4sentieren. F\u00fcr die eigene ausgeklinkte \u00dcbertragung ab 19 Uhr wechselt die RTL+-Crew dann in ein eigenes Studio. Zum Start inklusive Season Opener heute Nacht setzt RTL voll auf das Lauschangriff-Duo Buschi und Schmiso. <br>Wie in den vergangenen Jahren zeigt auch DAZN weiterhin die NFL in seinem Programm.<\/p>\n\n\n\n<p>Weil wir k\u00fcnftig die NFL-Ansetzungen nicht in unseren regul\u00e4ren Ansetzungs-Auflistungen haben werden, exemplarisch zum Saisonstart die Ansetzungen f\u00fcr das erste Wochenende der Regular Season:<\/p>\n\n\n\n<hr class=\"wp-block-separator is-style-default\"\/>\n\n\n\n<p><strong>NFL (USA), Week 1 (DAZN\/RTL\/RTL+)<\/strong><\/p>\n\n\n\n<p><span style=\"text-decoration: underline;\">Freitag, 08. September 2023, ab 01.25 Uhr (RTL) sowie auf DAZN<\/span><\/p>\n\n\n\n<p><strong style=\"font-style: italic;\"><em><strong>Detroit Lions @ Kansas City Chiefs<\/strong><\/em><\/strong><em><strong> (02.20 Uhr)<\/strong><\/em> <\/p>\n\n\n\n<p><img loading=\"lazy\" decoding=\"async\" width=\"10\" height=\"21\" class=\"wp-image-3656\" style=\"width: 10px;\" src=\"http:\/\/kommentatorenblog.de\/wp-content\/uploads\/2020\/09\/shure-55sh-ii-e1601485394796.jpg\" alt=\"\" srcset=\"http:\/\/kommentatorenblog.de\/wp-content\/uploads\/2020\/09\/shure-55sh-ii-e1601485394796.jpg 415w, http:\/\/kommentatorenblog.de\/wp-content\/uploads\/2020\/09\/shure-55sh-ii-e1601485394796-142x300.jpg 142w\" sizes=\"auto, (max-width: 10px) 100vw, 10px\" \/> <em>RTL: <\/em>Florian Schmidt-Sommerfeld, Experte: Patrick Esume<br>On site aus Kansas <em>(RTL)<\/em>: Markus Kuhn und Mitja Lafere<br>Moderation <em>(RTL)<\/em>: Jana Wosnitza, Community Host: Alex von Kuczkowski<\/p>\n\n\n\n<p><img loading=\"lazy\" decoding=\"async\" width=\"10\" height=\"21\" class=\"wp-image-3656\" style=\"width: 10px;\" src=\"http:\/\/kommentatorenblog.de\/wp-content\/uploads\/2020\/09\/shure-55sh-ii-e1601485394796.jpg\" alt=\"\" srcset=\"http:\/\/kommentatorenblog.de\/wp-content\/uploads\/2020\/09\/shure-55sh-ii-e1601485394796.jpg 415w, http:\/\/kommentatorenblog.de\/wp-content\/uploads\/2020\/09\/shure-55sh-ii-e1601485394796-142x300.jpg 142w\" sizes=\"auto, (max-width: 10px) 100vw, 10px\" \/> <em>DAZN: <\/em>G\u00fcnter Zapf, Experte: Arik Bredendiek<\/p>\n\n\n\n<p><span style=\"text-decoration: underline;\">Sonntag, 10. September 2023, ab 18.15 Uhr (RTL+) bzw. ab 18.55 Uhr (RTL)<\/span><\/p>\n\n\n\n<p><strong style=\"font-style: italic;\"><em><strong>Cincinnati Bengals @ Cleveland Browns<\/strong><\/em><\/strong><em><strong> (19.00 Uhr)<\/strong><\/em> <br><img loading=\"lazy\" decoding=\"async\" width=\"10\" height=\"21\" class=\"wp-image-3656\" style=\"width: 10px;\" src=\"http:\/\/kommentatorenblog.de\/wp-content\/uploads\/2020\/09\/shure-55sh-ii-e1601485394796.jpg\" alt=\"\" srcset=\"http:\/\/kommentatorenblog.de\/wp-content\/uploads\/2020\/09\/shure-55sh-ii-e1601485394796.jpg 415w, http:\/\/kommentatorenblog.de\/wp-content\/uploads\/2020\/09\/shure-55sh-ii-e1601485394796-142x300.jpg 142w\" sizes=\"auto, (max-width: 10px) 100vw, 10px\" \/> <em>RTL: <\/em>Frank Buschmann, Experte: Sebastian Vollmer<br>Moderation <em>(RTL)<\/em>: Jana Wosnitza, Community Host: Mitja Lafere<\/p>\n\n\n\n<p><strong style=\"font-style: italic;\"><em><strong>Carolina Panthers @ Atlanta Falcons<\/strong><\/em><\/strong><em><strong> (19.00 Uhr)<\/strong><\/em> <br><img loading=\"lazy\" decoding=\"async\" width=\"10\" height=\"21\" class=\"wp-image-3656\" style=\"width: 10px;\" src=\"http:\/\/kommentatorenblog.de\/wp-content\/uploads\/2020\/09\/shure-55sh-ii-e1601485394796.jpg\" alt=\"\" srcset=\"http:\/\/kommentatorenblog.de\/wp-content\/uploads\/2020\/09\/shure-55sh-ii-e1601485394796.jpg 415w, http:\/\/kommentatorenblog.de\/wp-content\/uploads\/2020\/09\/shure-55sh-ii-e1601485394796-142x300.jpg 142w\" sizes=\"auto, (max-width: 10px) 100vw, 10px\" \/> <em>RTL+: <\/em>Jan Stecker, Experte: Adrian Franke<br>Community Host <em>(RTL)<\/em>: Alex von Kuczkowski<\/p>\n\n\n\n<p><strong style=\"font-style: italic;\"><em><strong>Miami Dolphins @ Los Angeles Chargers<\/strong><\/em><\/strong><em><strong> (22.25 Uhr)<\/strong><\/em> <br><img loading=\"lazy\" decoding=\"async\" width=\"10\" height=\"21\" class=\"wp-image-3656\" style=\"width: 10px;\" src=\"http:\/\/kommentatorenblog.de\/wp-content\/uploads\/2020\/09\/shure-55sh-ii-e1601485394796.jpg\" alt=\"\" srcset=\"http:\/\/kommentatorenblog.de\/wp-content\/uploads\/2020\/09\/shure-55sh-ii-e1601485394796.jpg 415w, http:\/\/kommentatorenblog.de\/wp-content\/uploads\/2020\/09\/shure-55sh-ii-e1601485394796-142x300.jpg 142w\" sizes=\"auto, (max-width: 10px) 100vw, 10px\" \/> <em>RTL: <\/em>Florian Schmidt-Sommerfeld, Experte: Patrick Esume<br>Moderation <em>(RTL)<\/em>: Jana Wosnitza, Community Host: Mitja Lafere<\/p>\n\n\n\n<p><span style=\"text-decoration: underline;\">ab 18.30 Uhr (DAZN)<\/span><\/p>\n\n\n\n<p><strong style=\"font-style: italic;\"><em><strong>ENDZN:<\/strong><\/em><\/strong> <img loading=\"lazy\" decoding=\"async\" width=\"10\" height=\"21\" class=\"wp-image-3656\" style=\"width: 10px;\" src=\"http:\/\/kommentatorenblog.de\/wp-content\/uploads\/2020\/09\/shure-55sh-ii-e1601485394796.jpg\" alt=\"\" srcset=\"http:\/\/kommentatorenblog.de\/wp-content\/uploads\/2020\/09\/shure-55sh-ii-e1601485394796.jpg 415w, http:\/\/kommentatorenblog.de\/wp-content\/uploads\/2020\/09\/shure-55sh-ii-e1601485394796-142x300.jpg 142w\" sizes=\"auto, (max-width: 10px) 100vw, 10px\" \/> Christoph Stadtler<\/p>\n\n\n\n<p><strong style=\"font-style: italic;\"><em><strong>San Francisco 49er @ Pittsburgh Steelers<\/strong><\/em><\/strong><em><strong> (19.00 Uhr)<\/strong><\/em> <br><img loading=\"lazy\" decoding=\"async\" width=\"10\" height=\"21\" class=\"wp-image-3656\" style=\"width: 10px;\" src=\"http:\/\/kommentatorenblog.de\/wp-content\/uploads\/2020\/09\/shure-55sh-ii-e1601485394796.jpg\" alt=\"\" srcset=\"http:\/\/kommentatorenblog.de\/wp-content\/uploads\/2020\/09\/shure-55sh-ii-e1601485394796.jpg 415w, http:\/\/kommentatorenblog.de\/wp-content\/uploads\/2020\/09\/shure-55sh-ii-e1601485394796-142x300.jpg 142w\" sizes=\"auto, (max-width: 10px) 100vw, 10px\" \/> G\u00fcnter Zapf, Experte: Flo Berrenberg<\/p>\n\n\n\n<p><strong style=\"font-style: italic;\"><em><strong>Philadelphia Eagles @ New England Patriots<\/strong><\/em><\/strong><em><strong> (22.25 Uhr)<\/strong><\/em> <br><img loading=\"lazy\" decoding=\"async\" width=\"10\" height=\"21\" class=\"wp-image-3656\" style=\"width: 10px;\" src=\"http:\/\/kommentatorenblog.de\/wp-content\/uploads\/2020\/09\/shure-55sh-ii-e1601485394796.jpg\" alt=\"\" srcset=\"http:\/\/kommentatorenblog.de\/wp-content\/uploads\/2020\/09\/shure-55sh-ii-e1601485394796.jpg 415w, http:\/\/kommentatorenblog.de\/wp-content\/uploads\/2020\/09\/shure-55sh-ii-e1601485394796-142x300.jpg 142w\" sizes=\"auto, (max-width: 10px) 100vw, 10px\" \/> Martin Pfanner, Experte: Roman Motzkus<\/p>\n\n\n\n<p><span style=\"text-decoration: underline;\">Montag, 11. September 2023 (DAZN)<\/span><\/p>\n\n\n\n<p><strong style=\"font-style: italic;\"><em><strong>Dallas Cowboys @ New York Giants<\/strong><\/em><\/strong><em><strong> (02.20 Uhr)<\/strong><\/em> <br><img loading=\"lazy\" decoding=\"async\" width=\"10\" height=\"21\" class=\"wp-image-3656\" style=\"width: 10px;\" src=\"http:\/\/kommentatorenblog.de\/wp-content\/uploads\/2020\/09\/shure-55sh-ii-e1601485394796.jpg\" alt=\"\" srcset=\"http:\/\/kommentatorenblog.de\/wp-content\/uploads\/2020\/09\/shure-55sh-ii-e1601485394796.jpg 415w, http:\/\/kommentatorenblog.de\/wp-content\/uploads\/2020\/09\/shure-55sh-ii-e1601485394796-142x300.jpg 142w\" sizes=\"auto, (max-width: 10px) 100vw, 10px\" \/> Flo Hauser, Experte: Filip Pawelka<\/p>\n\n\n\n<p><span style=\"text-decoration: underline;\">Dienstag, 12. September 2023 (DAZN)<\/span><\/p>\n\n\n\n<p><strong style=\"font-style: italic;\"><em><strong>Buffalo Bills @ New York Jets<\/strong><\/em><\/strong><em><strong> (02.15 Uhr)<\/strong><\/em> <br><img loading=\"lazy\" decoding=\"async\" width=\"10\" height=\"21\" class=\"wp-image-3656\" style=\"width: 10px;\" src=\"http:\/\/kommentatorenblog.de\/wp-content\/uploads\/2020\/09\/shure-55sh-ii-e1601485394796.jpg\" alt=\"\" srcset=\"http:\/\/kommentatorenblog.de\/wp-content\/uploads\/2020\/09\/shure-55sh-ii-e1601485394796.jpg 415w, http:\/\/kommentatorenblog.de\/wp-content\/uploads\/2020\/09\/shure-55sh-ii-e1601485394796-142x300.jpg 142w\" sizes=\"auto, (max-width: 10px) 100vw, 10px\" \/> Franz B\u00fcchner, Experte: Wanja M\u00fcller<\/p>\n\n\n\n<hr class=\"wp-block-separator is-style-default\"\/>\n\n\n\n<p>Damit wird der Ball wieder rund und wir kommen zu unserem gewohnten Tagesgesch\u00e4ft. Es stehen ja unter anderem L\u00e4nderspiel im Kalender:<\/p>\n\n\n\n<p><strong><em>Die Ansetzungen vom 07. September bis 11. September 2023:<\/em><\/strong><\/p>\n\n\n\n<hr class=\"wp-block-separator is-style-default\"\/>\n\n\n\n<p><strong>Women&#8217;s Champions League, Playoff-Finale (hr\/DAZN)<\/strong><\/p>\n\n\n\n<p><span style=\"text-decoration: underline;\">Samstag, 09. September 2023, ab 12.55 Uhr<\/span><\/p>\n\n\n\n<p><strong style=\"font-style: italic;\"><em><strong>Juventus Turin <\/strong><\/em><strong><em><b style=\"font-style: italic;\">\u2013<\/b><\/em><\/strong><\/strong> <em><strong>Eintracht Frankfurt (13.00 Uhr)<\/strong><\/em> <\/p>\n\n\n\n<p><img loading=\"lazy\" decoding=\"async\" width=\"10\" height=\"21\" class=\"wp-image-3656\" style=\"width: 10px;\" src=\"http:\/\/kommentatorenblog.de\/wp-content\/uploads\/2020\/09\/shure-55sh-ii-e1601485394796.jpg\" alt=\"\" srcset=\"http:\/\/kommentatorenblog.de\/wp-content\/uploads\/2020\/09\/shure-55sh-ii-e1601485394796.jpg 415w, http:\/\/kommentatorenblog.de\/wp-content\/uploads\/2020\/09\/shure-55sh-ii-e1601485394796-142x300.jpg 142w\" sizes=\"auto, (max-width: 10px) 100vw, 10px\" \/> <em>hr:<\/em> Florian Na\u00df<br>Moderation: Lisa Tellers<\/p>\n\n\n\n<p><img loading=\"lazy\" decoding=\"async\" width=\"10\" height=\"21\" class=\"wp-image-3656\" style=\"width: 10px;\" src=\"http:\/\/kommentatorenblog.de\/wp-content\/uploads\/2020\/09\/shure-55sh-ii-e1601485394796.jpg\" alt=\"\" srcset=\"http:\/\/kommentatorenblog.de\/wp-content\/uploads\/2020\/09\/shure-55sh-ii-e1601485394796.jpg 415w, http:\/\/kommentatorenblog.de\/wp-content\/uploads\/2020\/09\/shure-55sh-ii-e1601485394796-142x300.jpg 142w\" sizes=\"auto, (max-width: 10px) 100vw, 10px\" \/> <em>DAZN:<\/em> Oliver Fa\u00dfnacht<\/p>\n\n\n\n<hr class=\"wp-block-separator is-style-default\"\/>\n\n\n\n<p><strong>DFB-Pokal der Frauen (GER), 2. Hauptrunde (Sky)<\/strong><\/p>\n\n\n\n<p><span style=\"text-decoration: underline;\">Freitag, 08. September 2023, ab 18.00 Uhr<\/span><\/p>\n\n\n\n<p><strong style=\"font-style: italic;\"><em><strong>FC St. Pauli <\/strong><\/em><strong><em><b style=\"font-style: italic;\">\u2013<\/b><\/em><\/strong><\/strong> <em><strong>Hamburger SV (18.30 Uhr)<\/strong><\/em> <br><img loading=\"lazy\" decoding=\"async\" width=\"10\" height=\"21\" class=\"wp-image-3656\" style=\"width: 10px;\" src=\"http:\/\/kommentatorenblog.de\/wp-content\/uploads\/2020\/09\/shure-55sh-ii-e1601485394796.jpg\" alt=\"\" srcset=\"http:\/\/kommentatorenblog.de\/wp-content\/uploads\/2020\/09\/shure-55sh-ii-e1601485394796.jpg 415w, http:\/\/kommentatorenblog.de\/wp-content\/uploads\/2020\/09\/shure-55sh-ii-e1601485394796-142x300.jpg 142w\" sizes=\"auto, (max-width: 10px) 100vw, 10px\" \/> Florian Malburg<br>Moderation: Nele Schenker, Expertin: Marie-Louise Eta<\/p>\n\n\n\n<hr class=\"wp-block-separator is-style-default\"\/>\n\n\n\n<p><strong>L\u00e4nderspiel (RTL)<\/strong><\/p>\n\n\n\n<p><span style=\"text-decoration: underline;\">Samstag, 09. September 2023, ab 20.15 Uhr<\/span><\/p>\n\n\n\n<p><strong style=\"font-style: italic;\"><em><strong>Deutschland <\/strong><\/em><strong><em><b style=\"font-style: italic;\">\u2013<\/b><\/em><\/strong><\/strong> <em><strong>Japan (20.45 Uhr)<\/strong><\/em> <br><img loading=\"lazy\" decoding=\"async\" width=\"10\" height=\"21\" class=\"wp-image-3656\" style=\"width: 10px;\" src=\"http:\/\/kommentatorenblog.de\/wp-content\/uploads\/2020\/09\/shure-55sh-ii-e1601485394796.jpg\" alt=\"\" srcset=\"http:\/\/kommentatorenblog.de\/wp-content\/uploads\/2020\/09\/shure-55sh-ii-e1601485394796.jpg 415w, http:\/\/kommentatorenblog.de\/wp-content\/uploads\/2020\/09\/shure-55sh-ii-e1601485394796-142x300.jpg 142w\" sizes=\"auto, (max-width: 10px) 100vw, 10px\" \/> Marco Hagemann, Experte: Steffen Freund<br>Field-Reporter: Thomas Wagner und Felix G\u00f6rner<br>Moderation: Florian K\u00f6nig, Experte: Lothar Matth\u00e4us<\/p>\n\n\n\n<hr class=\"wp-block-separator is-style-default\"\/>\n\n\n\n<p><strong>European Qualifiers, 5\/6. Spieltag (DAZN\/NITRO.)<\/strong><\/p>\n\n\n\n<p><span style=\"text-decoration: underline;\">Donnerstag, 07. September 2023, ab 20.15 Uhr (NITRO.) bzw. ab 20.40 Uhr (DAZN)<\/span><\/p>\n\n\n\n<p><strong style=\"font-style: italic;\"><em><strong>Frankreich<\/strong><\/em> <strong><em><span><b style=\"font-style: italic;\">\u2013<\/b><\/span><\/em><\/strong><\/strong> <em><strong>Irland (20.45 Uhr)<\/strong><\/em> <\/p>\n\n\n\n<p><img loading=\"lazy\" decoding=\"async\" width=\"10\" height=\"21\" class=\"wp-image-3656\" style=\"width: 10px;\" src=\"http:\/\/kommentatorenblog.de\/wp-content\/uploads\/2020\/09\/shure-55sh-ii-e1601485394796.jpg\" alt=\"\" srcset=\"http:\/\/kommentatorenblog.de\/wp-content\/uploads\/2020\/09\/shure-55sh-ii-e1601485394796.jpg 415w, http:\/\/kommentatorenblog.de\/wp-content\/uploads\/2020\/09\/shure-55sh-ii-e1601485394796-142x300.jpg 142w\" sizes=\"auto, (max-width: 10px) 100vw, 10px\" \/> <em>NITRO.: <\/em>Robby Hunke, Experte: Patrick Helmes<br>Moderation (NITRO.): Laura Papendick, Field-Reporter: Christoph K\u00fcppers<\/p>\n\n\n\n<p><img loading=\"lazy\" decoding=\"async\" width=\"10\" height=\"21\" class=\"wp-image-3656\" style=\"width: 10px;\" src=\"http:\/\/kommentatorenblog.de\/wp-content\/uploads\/2020\/09\/shure-55sh-ii-e1601485394796.jpg\" alt=\"\" srcset=\"http:\/\/kommentatorenblog.de\/wp-content\/uploads\/2020\/09\/shure-55sh-ii-e1601485394796.jpg 415w, http:\/\/kommentatorenblog.de\/wp-content\/uploads\/2020\/09\/shure-55sh-ii-e1601485394796-142x300.jpg 142w\" sizes=\"auto, (max-width: 10px) 100vw, 10px\" \/> <em>DAZN: <\/em>Guido H\u00fcsgen<\/p>\n\n\n\n<p><span style=\"text-decoration: underline;\">ab 20.40 Uhr (DAZN)<\/span><\/p>\n\n\n\n<p><strong style=\"font-style: italic;\"><em><strong>Niederlande <\/strong><\/em><strong><em><b style=\"font-style: italic;\">\u2013<\/b><\/em><\/strong><\/strong> <em><strong>Griechenland (20.45 Uhr)<\/strong><\/em> <br><img loading=\"lazy\" decoding=\"async\" width=\"10\" height=\"21\" class=\"wp-image-3656\" style=\"width: 10px;\" src=\"http:\/\/kommentatorenblog.de\/wp-content\/uploads\/2020\/09\/shure-55sh-ii-e1601485394796.jpg\" alt=\"\" srcset=\"http:\/\/kommentatorenblog.de\/wp-content\/uploads\/2020\/09\/shure-55sh-ii-e1601485394796.jpg 415w, http:\/\/kommentatorenblog.de\/wp-content\/uploads\/2020\/09\/shure-55sh-ii-e1601485394796-142x300.jpg 142w\" sizes=\"auto, (max-width: 10px) 100vw, 10px\" \/> Simon Sterzer<\/p>\n\n\n\n<p><span style=\"text-decoration: underline;\">Freitag, 08. September 2023 (DAZN)<\/span><\/p>\n\n\n\n<p><strong style=\"font-style: italic;\"><em><strong>Georgien <\/strong><\/em><strong><em><b style=\"font-style: italic;\">\u2013<\/b><\/em><\/strong><\/strong> <em><strong>Spanien (18.00 Uhr)<\/strong><\/em> <br><img loading=\"lazy\" decoding=\"async\" width=\"10\" height=\"21\" class=\"wp-image-3656\" style=\"width: 10px;\" src=\"http:\/\/kommentatorenblog.de\/wp-content\/uploads\/2020\/09\/shure-55sh-ii-e1601485394796.jpg\" alt=\"\" srcset=\"http:\/\/kommentatorenblog.de\/wp-content\/uploads\/2020\/09\/shure-55sh-ii-e1601485394796.jpg 415w, http:\/\/kommentatorenblog.de\/wp-content\/uploads\/2020\/09\/shure-55sh-ii-e1601485394796-142x300.jpg 142w\" sizes=\"auto, (max-width: 10px) 100vw, 10px\" \/> Tobi Fischbeck<\/p>\n\n\n\n<p><span style=\"text-decoration: underline;\">Samstag, 09. September 2023 (DAZN)<\/span><\/p>\n\n\n\n<p><strong style=\"font-style: italic;\"><em><strong>Ukraine <\/strong><\/em><strong><em><b style=\"font-style: italic;\">\u2013<\/b><\/em><\/strong><\/strong> <em><strong>England (18.00 Uhr)<\/strong><\/em> <br><img loading=\"lazy\" decoding=\"async\" width=\"10\" height=\"21\" class=\"wp-image-3656\" style=\"width: 10px;\" src=\"http:\/\/kommentatorenblog.de\/wp-content\/uploads\/2020\/09\/shure-55sh-ii-e1601485394796.jpg\" alt=\"\" srcset=\"http:\/\/kommentatorenblog.de\/wp-content\/uploads\/2020\/09\/shure-55sh-ii-e1601485394796.jpg 415w, http:\/\/kommentatorenblog.de\/wp-content\/uploads\/2020\/09\/shure-55sh-ii-e1601485394796-142x300.jpg 142w\" sizes=\"auto, (max-width: 10px) 100vw, 10px\" \/> Max Siebald<\/p>\n\n\n\n<p><strong style=\"font-style: italic;\"><em><strong>Nordmazedonien <\/strong><\/em><strong><em><b style=\"font-style: italic;\">\u2013<\/b><\/em><\/strong><\/strong> <em><strong>Italien (20.45 Uhr)<\/strong><\/em> <br><img loading=\"lazy\" decoding=\"async\" width=\"10\" height=\"21\" class=\"wp-image-3656\" style=\"width: 10px;\" src=\"http:\/\/kommentatorenblog.de\/wp-content\/uploads\/2020\/09\/shure-55sh-ii-e1601485394796.jpg\" alt=\"\" srcset=\"http:\/\/kommentatorenblog.de\/wp-content\/uploads\/2020\/09\/shure-55sh-ii-e1601485394796.jpg 415w, http:\/\/kommentatorenblog.de\/wp-content\/uploads\/2020\/09\/shure-55sh-ii-e1601485394796-142x300.jpg 142w\" sizes=\"auto, (max-width: 10px) 100vw, 10px\" \/> Manuel Angstenberger<\/p>\n\n\n\n<p><span style=\"text-decoration: underline;\">Sonntag, 10. September 2023 (DAZN)<\/span><\/p>\n\n\n\n<p><strong style=\"font-style: italic;\"><em><strong>Irland <\/strong><\/em><strong><em><b style=\"font-style: italic;\">\u2013<\/b><\/em><\/strong><\/strong> <em><strong>Niederlande (20.45 Uhr)<\/strong><\/em> <br><img loading=\"lazy\" decoding=\"async\" width=\"10\" height=\"21\" class=\"wp-image-3656\" style=\"width: 10px;\" src=\"http:\/\/kommentatorenblog.de\/wp-content\/uploads\/2020\/09\/shure-55sh-ii-e1601485394796.jpg\" alt=\"\" srcset=\"http:\/\/kommentatorenblog.de\/wp-content\/uploads\/2020\/09\/shure-55sh-ii-e1601485394796.jpg 415w, http:\/\/kommentatorenblog.de\/wp-content\/uploads\/2020\/09\/shure-55sh-ii-e1601485394796-142x300.jpg 142w\" sizes=\"auto, (max-width: 10px) 100vw, 10px\" \/> Michael Born<\/p>\n\n\n\n<p><span style=\"text-decoration: underline;\">Montag, 11. September 2023, ab 20.15 (NITRO.)<\/span><\/p>\n\n\n\n<p><strong style=\"font-style: italic;\"><em><strong>Portugal <\/strong><\/em><strong><em><b style=\"font-style: italic;\">\u2013<\/b><\/em><\/strong><\/strong> <em><strong>Luxemburg (20.45 Uhr)<\/strong><\/em> <br><img loading=\"lazy\" decoding=\"async\" width=\"10\" height=\"21\" class=\"wp-image-3656\" style=\"width: 10px;\" src=\"http:\/\/kommentatorenblog.de\/wp-content\/uploads\/2020\/09\/shure-55sh-ii-e1601485394796.jpg\" alt=\"\" srcset=\"http:\/\/kommentatorenblog.de\/wp-content\/uploads\/2020\/09\/shure-55sh-ii-e1601485394796.jpg 415w, http:\/\/kommentatorenblog.de\/wp-content\/uploads\/2020\/09\/shure-55sh-ii-e1601485394796-142x300.jpg 142w\" sizes=\"auto, (max-width: 10px) 100vw, 10px\" \/> Cornelius K\u00fcpper, Experte: Felix Kroos<br>Moderation (NITRO.): Laura Papendick, Field-Reporter: Thomas Wagner<\/p>\n\n\n\n<hr class=\"wp-block-separator is-style-default\"\/>\n\n\n\n<p><strong>EFL League Two (ENG), 7. Spieltag (Sportdigital Fu\u00dfball)<\/strong><\/p>\n\n\n\n<p><span style=\"text-decoration: underline;\">Samstag, 09. September 2023, ab 13.20 Uhr<\/span><\/p>\n\n\n\n<p><strong style=\"font-style: italic;\"><em><strong>Bradford City <\/strong><\/em><strong><em><b style=\"font-style: italic;\">\u2013<\/b><\/em><\/strong><\/strong> <em><strong>Grimsby Town (13.30 Uhr)<\/strong><\/em> <br><img loading=\"lazy\" decoding=\"async\" width=\"10\" height=\"21\" class=\"wp-image-3656\" style=\"width: 10px;\" src=\"http:\/\/kommentatorenblog.de\/wp-content\/uploads\/2020\/09\/shure-55sh-ii-e1601485394796.jpg\" alt=\"\" srcset=\"http:\/\/kommentatorenblog.de\/wp-content\/uploads\/2020\/09\/shure-55sh-ii-e1601485394796.jpg 415w, http:\/\/kommentatorenblog.de\/wp-content\/uploads\/2020\/09\/shure-55sh-ii-e1601485394796-142x300.jpg 142w\" sizes=\"auto, (max-width: 10px) 100vw, 10px\" \/> Jonathan Dreier<\/p>\n\n\n\n<hr class=\"wp-block-separator is-style-default\"\/>\n\n\n\n<p><strong>Primeira Liga (POR), Nachholspiel vom 3. Spieltag (Sportdigital Fu\u00dfball)<\/strong><\/p>\n\n\n\n<p><span style=\"text-decoration: underline;\">Samstag, 09. September 2023, ab 18.50 Uhr<\/span><\/p>\n\n\n\n<p><strong style=\"font-style: italic;\"><em><strong>Moreirense FC <\/strong><\/em><strong><em><b style=\"font-style: italic;\">\u2013<\/b><\/em><\/strong><\/strong> <em><strong>Sporting Braga (19.00 Uhr)<\/strong><\/em> <br><img loading=\"lazy\" decoding=\"async\" width=\"10\" height=\"21\" class=\"wp-image-3656\" style=\"width: 10px;\" src=\"http:\/\/kommentatorenblog.de\/wp-content\/uploads\/2020\/09\/shure-55sh-ii-e1601485394796.jpg\" alt=\"\" srcset=\"http:\/\/kommentatorenblog.de\/wp-content\/uploads\/2020\/09\/shure-55sh-ii-e1601485394796.jpg 415w, http:\/\/kommentatorenblog.de\/wp-content\/uploads\/2020\/09\/shure-55sh-ii-e1601485394796-142x300.jpg 142w\" sizes=\"auto, (max-width: 10px) 100vw, 10px\" \/> Christian Blunck<\/p>\n\n\n\n<hr class=\"wp-block-separator is-style-default\"\/>\n\n\n\n<p><strong>Abschiedsspiel von Daniel Baier in Augsburg (BR)<\/strong><\/p>\n\n\n\n<p><span style=\"text-decoration: underline;\">Samstag, 09. September 2023, ab 14.00 Uhr<\/span><\/p>\n\n\n\n<p><strong style=\"font-style: italic;\"><em><strong>FCA-Aufstiegshelden &amp; Friends <\/strong><\/em><strong><em><b style=\"font-style: italic;\">\u2013<\/b><\/em><\/strong><\/strong> <em><strong>FCA-Eurohelden &amp; Friends (14.15 Uhr)<\/strong><\/em> <br><img loading=\"lazy\" decoding=\"async\" width=\"10\" height=\"21\" class=\"wp-image-3656\" style=\"width: 10px;\" src=\"http:\/\/kommentatorenblog.de\/wp-content\/uploads\/2020\/09\/shure-55sh-ii-e1601485394796.jpg\" alt=\"\" srcset=\"http:\/\/kommentatorenblog.de\/wp-content\/uploads\/2020\/09\/shure-55sh-ii-e1601485394796.jpg 415w, http:\/\/kommentatorenblog.de\/wp-content\/uploads\/2020\/09\/shure-55sh-ii-e1601485394796-142x300.jpg 142w\" sizes=\"auto, (max-width: 10px) 100vw, 10px\" \/> Bernd Schmelzer<br>Moderation: Julia Scharf<\/p>\n\n\n\n<hr class=\"wp-block-separator is-style-default\"\/>\n\n\n\n<p><strong><code>ANALYSE<\/code><\/strong><\/p>\n\n\n\n<p><strong>Nicht nur NFL: L\u00e4nderspieltage bei der RTL-Gruppe &#8211; immer vor Ort!<\/strong><\/p>\n\n\n\n<p>Beginnend mit dem heutigen Donnerstag hat die RTL-Gruppe auch drei Abende mit Fu\u00dfball-L\u00e4nderspielen in ihrem Hauptprogramm bzw. im Spartensender NITRO. reserviert. Besonderer Fokus nat\u00fcrlich auf das Freundschaftsspiel der deutschen Nationalmannschaft gegen Japan. Im Hauptprogramm befassen sich Florian K\u00f6nig und Lothar Matth\u00e4us im Vorlauf mit der Krisensituation rund um das Team und den Verband. Kommentiert wird die Partie wie \u00fcblich von Marco Hagemann und Steffen Freund. Auf Stimmenfang gehen Thomas Wagner und Felix G\u00f6rner. Das gesamte Team ist vor Ort.<\/p>\n\n\n\n<p>Die anderen beiden Matches der European Qualifiers sind dann beim Spartensender NITRO. zu sehen. Einzige Konstante in beiden \u00dcbertragungen, die jeweils von vor Ort kommen, ist hier Moderatorin Laura Papendick. Aus Paris melden sich heute Abend auch Kommentator Robby Hunke, Fielder Christoph K\u00fcppers sowie Patrick Helmes, der als Experte und Co-Kommentator fungieren wird.<br>In Faro wird die Besetzung dann neben Papendick aus Cornelius K\u00fcpper, Thomas Wagner und Experte Felix Kroos bestehen. \u00dcbertragungsbeginn ist jeweils um 20:15 Uhr.<\/p>\n\n\n\n<p><strong>Alles nur nicht Portugal: L\u00e4nderspiele auch bei DAZN<\/strong><\/p>\n\n\n\n<p>Wie gewohnt hat auch DAZN die European Qualifiers im Angebot. Gezeigt werden alle, auf deutsch kommentiert die Spiele der Topnationen Niederlande, Frankreich, Spanien, England und Italien. Guido H\u00fcsgen, Simon Sterzer, Max Siebald, Tobi Fischbeck, Manuel Angstenberger und Michael Born sind hier im Einsatz. Kurios: Das Spiel von Portugal gegen Luxemburg, das ja im Free-TV bei NITRO. mit voller Kapelle von vor Ort \u00fcbertragen wird, ist bei DAZN nicht mit deutschem Kommentar besetzt.<\/p>\n\n\n\n<p><strong>Nicht nur L\u00e4nderspiele: Stadtderby bei Sky, bisschen Liga-Alltag bei Sportdigital<\/strong><\/p>\n\n\n\n<p>Eine Woche bevor die neue Frauen-Bundesliga Saison startet, findet die erste Pokal-Hauptrunde statt. Sky zeigt auch hier wie in den vergangenen Jahren ein Match im Programm. Die Wahl fiel auf das Hamburger Stadtderby zwischen dem St. Pauli und dem HSV. Wie gewohnt moderiert Nele Schenker und auch Flo Malburg ist als Kommentator keine \u00dcberraschung in diesem Wettbewerb. Marie-Louise Eta ist als Expertin zu sehen.<\/p>\n\n\n\n<p>In Portugal steht dar\u00fcber hinaus ein Nachholspiel an und in England ist die League Two als unterklassige Liga trotz L\u00e4nderspielpause fortlaufend. Sportdigital ist mit jeweils einer \u00dcbertragung am Wochenende dabei. Der BR zeigt noch das Abschiedsspiel einer Augsburger Vereinslegende, der hr den hoffentlichen Weg der Frankfurterinnen in die K\u00f6nigsklasse.<\/p>\n\n\n\n<p>Habt ein sch\u00f6nes Wochenende! Ab Montag habt ihr nach zwei Wochen auch mal wieder Ruhe vor mir hier und Jonas meldet sich mit den restlichen Ansetzungen zur L\u00e4nderspielpause.<\/p>\n\n\n\n<p><\/p>\n","protected":false},"excerpt":{"rendered":"<p>N&#8217;Abend allerseits, nach acht Regular Seasons unter dem Hashtag #ranNFL ist bekanntlich Schluss, denn ab dieser Season d\u00fcrfen\/m\u00fcssen (sucht euch ein Verb aus) mit #RTLNFL vorlieb nehmen. Der K\u00f6lner Privatsender hat sich einiges vorgenommen mit dem neuen Sportrecht und zeigt den vom Sender als &#8222;beste Sportliga der Welt&#8220; titulierten Wettbewerb fortan immer zu den Kickoff-Zeiten [&hellip;]<\/p>\n","protected":false},"author":12,"featured_media":0,"comment_status":"open","ping_status":"open","sticky":false,"template":"","format":"standard","meta":{"footnotes":""},"categories":[426],"tags":[],"class_list":["post-15542","post","type-post","status-publish","format-standard","hentry","category-laenderspiele"],"_links":{"self":[{"href":"http:\/\/kommentatorenblog.de\/index.php?rest_route=\/wp\/v2\/posts\/15542","targetHints":{"allow":["GET"]}}],"collection":[{"href":"http:\/\/kommentatorenblog.de\/index.php?rest_route=\/wp\/v2\/posts"}],"about":[{"href":"http:\/\/kommentatorenblog.de\/index.php?rest_route=\/wp\/v2\/types\/post"}],"author":[{"embeddable":true,"href":"http:\/\/kommentatorenblog.de\/index.php?rest_route=\/wp\/v2\/users\/12"}],"replies":[{"embeddable":true,"href":"http:\/\/kommentatorenblog.de\/index.php?rest_route=%2Fwp%2Fv2%2Fcomments&post=15542"}],"version-history":[{"count":8,"href":"http:\/\/kommentatorenblog.de\/index.php?rest_route=\/wp\/v2\/posts\/15542\/revisions"}],"predecessor-version":[{"id":15580,"href":"http:\/\/kommentatorenblog.de\/index.php?rest_route=\/wp\/v2\/posts\/15542\/revisions\/15580"}],"wp:attachment":[{"href":"http:\/\/kommentatorenblog.de\/index.php?rest_route=%2Fwp%2Fv2%2Fmedia&parent=15542"}],"wp:term":[{"taxonomy":"category","embeddable":true,"href":"http:\/\/kommentatorenblog.de\/index.php?rest_route=%2Fwp%2Fv2%2Fcategories&post=15542"},{"taxonomy":"post_tag","embeddable":true,"href":"http:\/\/kommentatorenblog.de\/index.php?rest_route=%2Fwp%2Fv2%2Ftags&post=15542"}],"curies":[{"name":"wp","href":"https:\/\/api.w.org\/{rel}","templated":true}]}}