{"id":15659,"date":"2023-09-25T19:27:54","date_gmt":"2023-09-25T17:27:54","guid":{"rendered":"http:\/\/kommentatorenblog.de\/?p=15659"},"modified":"2023-09-25T21:15:54","modified_gmt":"2023-09-25T19:15:54","slug":"1366-1-hauptrunde-letzter-akt","status":"publish","type":"post","link":"http:\/\/kommentatorenblog.de\/?p=15659","title":{"rendered":"1366 \u2013 1. Hauptrunde, letzter Akt"},"content":{"rendered":"\n<p><strong>N&#8217;Abend Allerseits! <\/strong><\/p>\n\n\n\n<p>Nachdem die erste Europapokal-Woche rum ist, aus deutscher Sicht mit ganz ordentlichen Ergebnissen, kommt die n\u00e4chste englische Woche auf uns zu. Nachdem Leipzig und Bayern ja im Supercup gegeneinander gespielt haben (Leipzig \u00fcberzeugte mit 3 Toren), m\u00fcssen beide Teams jetzt die erste Pokalhauptrunde nachholen. Generell ist diese Woche eine Nachhol-Vorhol-Woche, mehr dazu in der Analyse. Auch auf der Insel wird die Zeit f\u00fcr Pokalspiele genutzt, Italien und Spanien machen in der Liga weiter und wir wie gewohnt mit dem entsprechenden Personalien..<\/p>\n\n\n\n<p>Ich habe mir vergangene Woche den kompletten CL-Mittwoch auf DAZN angeschaut und ich muss sagen, die \u00dcbertragung (Konferenz) war absolut ok. Nur dieser massive Gebrauch von Diminutiven und anderen Spitznamenverniedlichungsformwahnsinn war mir pers\u00f6nlich etwas to much. An Borni haben wir uns ja bereits mehr oder weniger gew\u00f6hnt, hinzu kamen dann, f\u00fcr mich neu, da ich nicht sooft DAZN schaue, Hagi, Grossi und solche Dinge mehr&#8230; <\/p>\n\n\n\n<p>Julian Nagelsmann ist jetzt dann auch offiziell neuer DFB-Coach, ich bin gespannt, ob er der Mannschaft neues Leben einhauchen kann. In 9 Monaten ist es schlie\u00dflich schon so weit und wir feiern Heim-EM. Ich h\u00e4tte mir, wie bereits geschrieben, mal einen v\u00f6llig anderen Ansatz gew\u00fcnscht. Mal jemanden von au\u00dferhalb der deutschen Bubble, vielleicht einen strengen Niederl\u00e4nder! Na ja, wie dem auch sei, ich hoffe auf erfolgreichere Zeiten und w\u00fcnsche euch allen erstmal eine sch\u00f6ne Pokalwoche!<\/p>\n\n\n\n<hr class=\"wp-block-separator\"\/>\n\n\n\n<p><strong><em>Die Ansetzungen vom 26. September bis zum 28. September 2023 <\/em><\/strong><\/p>\n\n\n\n<p>Dienstag, 26. September 2023 ab 17.55Uhr (ZDF)<\/p>\n\n\n\n<p><strong>Nations League, L\u00e4nderspiel der Frauen, 2. Spieltag (ZDF)<\/strong><\/p>\n\n\n\n<p>Deutschland \u2013 Island (18.15 Uhr) <\/p>\n\n\n\n<p><img loading=\"lazy\" decoding=\"async\" width=\"10\" height=\"21\" class=\"wp-image-3656\" style=\"width: 10px;\" src=\"http:\/\/kommentatorenblog.de\/wp-content\/uploads\/2020\/09\/shure-55sh-ii-e1601485394796.jpg\" alt=\"\" srcset=\"http:\/\/kommentatorenblog.de\/wp-content\/uploads\/2020\/09\/shure-55sh-ii-e1601485394796.jpg 415w, http:\/\/kommentatorenblog.de\/wp-content\/uploads\/2020\/09\/shure-55sh-ii-e1601485394796-142x300.jpg 142w\" sizes=\"auto, (max-width: 10px) 100vw, 10px\" \/> Claudia Neumann<\/p>\n\n\n\n<p>Moderation: Katja Streso, Expertin: Kathrin Lehmann<\/p>\n\n\n\n<p><strong>DFB-Pokal (1. Hauptrunde) <\/strong><\/p>\n\n\n\n<p><span style=\"text-decoration: underline;\">Dienstag, 26. September 2023 ab 20.15 Uhr (ZDF\/Sky)<\/span><\/p>\n\n\n\n<p><em><strong>SC Preu\u00dfen M\u00fcnster \u2013 FC Bayern M\u00fcnchen (20.45 Uhr)<\/strong><\/em><br>ZDF:   Oliver Schmidt; Experte: Ren\u00e9 Adler <br>Sky:   Wolff-Christoph Fuss; Field-Reporter: Martin Gro\u00df <br>Moderation (ZDF): Sven Voss, Field- Reporter\/in: Boris B\u00fcchler, Amelie Stiefvatter <br>Moderation (Sky): Patrick Wasserziehr<\/p>\n\n\n\n<p> <span style=\"text-decoration: underline;\">Mittwoch, 27. September 2023 ab 20.15 Uhr (ARD\/Sky)<\/span><\/p>\n\n\n\n<p><em><strong>SV Wehen Wiesbaden \u2013 RB Leipzig (20.45 Uhr<\/strong><\/em>)<br>ARD:   Tom Bartels<br>Sky:   Kai Dittmann; Field-Reporter: Yannick Erkenbrecher<br>Moderation (ARD): Esther Sedlacek; Experte: Bastian Schweinsteiger, Field- Reporter: Markus Philipp<br>Moderation (Sky): Britta Hofmann <\/p>\n\n\n\n<hr class=\"wp-block-separator\"\/>\n\n\n\n<p><strong>3. Liga, 9. Spieltag (Magenta)<\/strong><\/p>\n\n\n\n<p><span style=\"text-decoration: underline;\">Mittwoch, 27. September 2023 ab 18.45 Uhr <\/span><\/p>\n\n\n\n<p><strong><em>Borussia Dortmund II \u2013 MSV Duisburg (19.00 Uhr)<\/em><\/strong><br>  Markus H\u00f6hner <br>Moderation: Kamila Benschop <\/p>\n\n\n\n<hr class=\"wp-block-separator\"\/>\n\n\n\n<p><strong>Carabao Cup, 3. Runde (DAZN\/Sportdigital)<\/strong><\/p>\n\n\n\n<p><span style=\"text-decoration: underline;\">Dienstag, 26. September 2023 ab 20.45 Uhr<\/span> (Sportdigital\/DAZN)<\/p>\n\n\n\n<p><em><strong>Manchester United \u2013 Crystal Palace (21.00 Uhr)<\/strong><\/em><br>Sportdigital:  Martin Hahn; DAZN:   Max Gross <\/p>\n\n\n\n<p><span style=\"text-decoration: underline;\">Mittwoch, 27. September 2023 ab 20.30 Uhr (Sportddigital\/DAZN)<\/span><\/p>\n\n\n\n<p><em><strong>Brentford FC \u2013 Arsenal FC (20.45 Uhr)<\/strong><\/em><br>Sportdigital:   Christian Blunck;<\/p>\n\n\n\n<p>DAZN:   Tom Kirsten<br><span style=\"text-decoration: underline;\">ab 20.45 Uhr (DAZN):<\/span><\/p>\n\n\n\n<p><em><strong>Chelsea \u2013 Brighton <\/strong><\/em><\/p>\n\n\n\n<p>  Freddy Harder <\/p>\n\n\n\n<p><em><strong>Liverpool \u2013 Leicester City <\/strong><\/em><\/p>\n\n\n\n<p>  Marco Hagemann   <em><strong> <\/strong><\/em><\/p>\n\n\n\n<hr class=\"wp-block-separator\"\/>\n\n\n\n<p><strong>LaLiga, 6. Spieltag (DAZN)<\/strong><\/p>\n\n\n\n<p><span style=\"text-decoration: underline;\">Dienstag, 26. September 2023 <\/span><\/p>\n\n\n\n<p><em><strong>FC Sevilla <\/strong><\/em><strong><em>\u2013 Almeria (19.00 Uhr)<\/em><\/strong><br>  Marcel Seufert <em><strong>Mallorca \u2013 FC Barcelona (20.30 Uhr<\/strong><\/em>)<br>  David Ploch <span style=\"text-decoration: underline;\">Mittwoch, 27. September 2023 <\/span><\/p>\n\n\n\n<p><em><strong>Real Madrid \u2013 Las Palmas (19.00 Uhr)<\/strong><\/em><br>  Nico Seepe <em><strong>Valencia \u2013 Real Sociedad (21.30 Uhr)<\/strong><\/em><br>  Guido H\u00fcsgen <span style=\"text-decoration: underline;\">Donnerstag, 28. September 2023 <\/span><\/p>\n\n\n\n<p><em><strong>Osasuna \u2013 Atletico Madrid (21.30 Uhr<\/strong><\/em>)<br>  Guido H\u00fcsgen <\/p>\n\n\n\n<hr class=\"wp-block-separator\"\/>\n\n\n\n<p><strong>Serie A, 5. Spieltag (DAZN)<\/strong><\/p>\n\n\n\n<p><span style=\"text-decoration: underline;\">Dienstag, 26. September 2023 <\/span><\/p>\n\n\n\n<p><em><strong>Juventus Turin \u2013 Lecce<\/strong><\/em> <em><strong>(20.45 Uhr)<\/strong><\/em><br>  Andreas Renner <\/p>\n\n\n\n<p><span style=\"text-decoration: underline;\">Mittwoch, 27. September 2023 <\/span><\/p>\n\n\n\n<p><em><strong>Cagliari \u2013 AC Milan (18.30 Uhr)<\/strong><\/em><br>  Mario Rieker <\/p>\n\n\n\n<p><em><strong>SSC Neapel \u2013 Udinese (20.45 Uhr<\/strong><\/em>)<br>  Christoph Stadtler <em><strong>Inter Mailand \u2013 Sassuolo (20.45 Uhr)<\/strong><\/em><br>Carsten Fu\u00df <\/p>\n\n\n\n<hr class=\"wp-block-separator\"\/>\n\n\n\n<p><strong>Eredivisie, 3. und 6. Spieltag (Sportddigital)<\/strong><\/p>\n\n\n\n<p><span style=\"text-decoration: underline;\">Mittwoch, 27. September 2023 <\/span><\/p>\n\n\n\n<p><em><strong>Ajax Amsterdam 0 \u2013 3 Feyenoord Rotterdam (ab Min. 56)<\/strong><\/em><br>  Marvin Kirsch<\/p>\n\n\n\n<p><em><strong>PSV Eindhoven \u2013 Go Ahead<\/strong><\/em> Eagles (18.45 Uhr)<br>  Jakob Vogel <\/p>\n\n\n\n<hr class=\"wp-block-separator\"\/>\n\n\n\n<p><strong>U.S. Open Cup, Finale <\/strong><\/p>\n\n\n\n<p><span style=\"text-decoration: underline;\">Donnerstag, 28. September 2023 (Sportdigital)<\/span><\/p>\n\n\n\n<p><em><strong>Inter <\/strong><\/em><strong><em>Miami \u2013 Houston Dynamo (02.35 Uhr)<\/em><\/strong><br>  Karsten Linke <\/p>\n\n\n\n<hr class=\"wp-block-separator\"\/>\n\n\n\n<p><strong>Copa Libertadores, Halbfinale (Hinspiele)<\/strong><\/p>\n\n\n\n<p><span style=\"text-decoration: underline;\">Donnerstag, 28. September 2023 (Sport1+)<\/span><\/p>\n\n\n\n<p><em><strong>Fluminense Rio de Janeiro<\/strong><\/em><strong><em> \u2013 Internacional Porto Alegre (02.30 Uhr)<\/em><\/strong><br>  Tobi Fischbeck<\/p>\n\n\n\n<p><span style=\"text-decoration: underline;\">Freitag, 29. September 2023 (Sport1+)<\/span><\/p>\n\n\n\n<p><em><strong>Boca Juniors<\/strong><\/em><strong><em> \u2013 Palmeiras Sao Paulo (02.30 Uhr)<\/em><\/strong><br>  Christoph Fetzer<\/p>\n\n\n\n<hr class=\"wp-block-separator is-style-default\"\/>\n\n\n\n<p><strong><em>Die Analyse:<\/em><\/strong><\/p>\n\n\n\n<p>Beide Pokalspiele sind sowohl im Free- als auch im Pay-TV zu sehen. Am Dienstag kommt Ren\u00e9 Adler als Experte beim ZDF zum Zug, Sandro Wagner steht ja aus bekannten Gr\u00fcnden nicht mehr zur Verf\u00fcgung, und am Mittwoch ist Bastian Schweinsteiger im Ersten im Einsatz. Oliver Schmidt, respektive Tom Bartels kommentieren. Sky schickt mit Fuss und Dittmann die \u00fcblichen Pokalstimmen ins Rennen, verzichtet auf Experten, g\u00f6nnt sich allerdings mit Martin Gro\u00df in M\u00fcnster und Yannick Erkenbrecher in Wiesbaden jeweils einen Field-Reporter. <\/p>\n\n\n\n<p>Ansonsten hat DAZN die englischen Wochen aus Italien und Spanien im Programm, dazu englischen Pokal mit Sportdigital. <\/p>\n\n\n\n<p>In der Eredivisie kommt es zu einer etwas kuriosen \u00dcbertragung. Das Spiel zwischen Ajax und Rotterdam musste am Sonntag aufgrund massiver Ausschreitungen abgebrochen werden. Es wird nun am Mittwoch um 14.00 Uhr fortgesetzt. Der Anpfiff erfolgt von Minute 56 weg, Ajax liegt 0:3 zur\u00fcck, Marvin Kirsch kann dieses Spiel hoffentlich zu ende kommentieren.<\/p>\n\n\n\n<p>Und auch in Liga 3 gibt es Anpassungen. Da der BVB am 4. Oktober in der Champions League gegen Milan antritt, muss die zweite Mannschaft ausweichen. Das Spiel gegen den MSV wird aber nicht nach-, sondern vorgeholt sozusagen. Markus H\u00f6hner wird das Ganze begleiten.     <\/p>\n\n\n\n<p>Eine erfolgreiche Woche w\u00fcnsche ich euch!<\/p>\n","protected":false},"excerpt":{"rendered":"<p>N&#8217;Abend Allerseits! Nachdem die erste Europapokal-Woche rum ist, aus deutscher Sicht mit ganz ordentlichen Ergebnissen, kommt die n\u00e4chste englische Woche auf uns zu. Nachdem Leipzig und Bayern ja im Supercup gegeneinander gespielt haben (Leipzig \u00fcberzeugte mit 3 Toren), m\u00fcssen beide Teams jetzt die erste Pokalhauptrunde nachholen. Generell ist diese Woche eine Nachhol-Vorhol-Woche, mehr dazu in [&hellip;]<\/p>\n","protected":false},"author":13,"featured_media":0,"comment_status":"open","ping_status":"open","sticky":false,"template":"","format":"standard","meta":{"footnotes":""},"categories":[504],"tags":[10,377,19,355,73,62,131,165,13,65,97,155,405,93,489,59,9,43,243,67,95,581,283,109,94,84,22,134,710,273,200,107,196,37],"class_list":["post-15659","post","type-post","status-publish","format-standard","hentry","category-dfb-pokal-co","tag-3-liga","tag-andreas-renner","tag-ard","tag-bastian-schweinsteiger","tag-britta-hofmann","tag-carabao-cup","tag-carsten-fuss","tag-david-ploch","tag-dazn","tag-dfb-pokal","tag-esther-sedlaczek","tag-guido-huesgen","tag-jakob-vogel","tag-kai-dittmann","tag-kamila-benschop","tag-karsten-linke","tag-magenta-sport","tag-marco-hagemann","tag-mario-rieker","tag-markus-hoehner","tag-martin-gross","tag-marvin-kirsch","tag-max-gross","tag-oliver-schmidt","tag-patrick-wasserziehr","tag-rene-adler","tag-sky","tag-sportdigital-fussball","tag-sven-voss","tag-tom-bartels","tag-tom-kirsten","tag-wolff-fuss","tag-yannick-erkenbrecher","tag-zdf"],"_links":{"self":[{"href":"http:\/\/kommentatorenblog.de\/index.php?rest_route=\/wp\/v2\/posts\/15659","targetHints":{"allow":["GET"]}}],"collection":[{"href":"http:\/\/kommentatorenblog.de\/index.php?rest_route=\/wp\/v2\/posts"}],"about":[{"href":"http:\/\/kommentatorenblog.de\/index.php?rest_route=\/wp\/v2\/types\/post"}],"author":[{"embeddable":true,"href":"http:\/\/kommentatorenblog.de\/index.php?rest_route=\/wp\/v2\/users\/13"}],"replies":[{"embeddable":true,"href":"http:\/\/kommentatorenblog.de\/index.php?rest_route=%2Fwp%2Fv2%2Fcomments&post=15659"}],"version-history":[{"count":8,"href":"http:\/\/kommentatorenblog.de\/index.php?rest_route=\/wp\/v2\/posts\/15659\/revisions"}],"predecessor-version":[{"id":15671,"href":"http:\/\/kommentatorenblog.de\/index.php?rest_route=\/wp\/v2\/posts\/15659\/revisions\/15671"}],"wp:attachment":[{"href":"http:\/\/kommentatorenblog.de\/index.php?rest_route=%2Fwp%2Fv2%2Fmedia&parent=15659"}],"wp:term":[{"taxonomy":"category","embeddable":true,"href":"http:\/\/kommentatorenblog.de\/index.php?rest_route=%2Fwp%2Fv2%2Fcategories&post=15659"},{"taxonomy":"post_tag","embeddable":true,"href":"http:\/\/kommentatorenblog.de\/index.php?rest_route=%2Fwp%2Fv2%2Ftags&post=15659"}],"curies":[{"name":"wp","href":"https:\/\/api.w.org\/{rel}","templated":true}]}}