{"id":15852,"date":"2023-10-30T19:44:43","date_gmt":"2023-10-30T17:44:43","guid":{"rendered":"http:\/\/kommentatorenblog.de\/?p=15852"},"modified":"2023-11-01T14:27:44","modified_gmt":"2023-11-01T12:27:44","slug":"1375-pokal-und-laenderspiel-warum","status":"publish","type":"post","link":"http:\/\/kommentatorenblog.de\/?p=15852","title":{"rendered":"1375 &#8211; Pokal und L\u00e4nderspiel &#8211; Warum?"},"content":{"rendered":"\n<p><strong>N&#8217;Abend Allerseits! <\/strong><\/p>\n\n\n\n<p>Am Dienstag steht sowohl das vierte Gruppenspiel der DFB- Frauen in der Nations League als auch die 2. Runde im DFB- Pokal an.<\/p>\n\n\n\n<p>W\u00e4hrend die Pokalspiele um 18.00 Uhr und 20.45 Uhr angepfiffen werden, startet das DFB- Team um 20.00 Uhr in seine Partie und liegt damit zeittechnisch zwischen den beiden Pokalansto\u00dfzeiten. Bereits das Spiel am zweiten Gruppenspieltag der Nations League wurde am selben Tag mit einer DFB- Pokalpartie (M\u00fcnster-Bayern) ausgetragen, hier fanden die beiden Spiele nacheinander statt, wodurch das ZDF erst das L\u00e4nderspiel live aus Bochum \u00fcbertrug und dann anschlie\u00dfend zur Pokalpartie nach M\u00fcnster \u00fcberging.<\/p>\n\n\n\n<p>An diesem Dienstag ist eine solche Abfolge leider nicht m\u00f6glich, da sich die Spiele \u00fcberschneiden werden. Dadurch l\u00e4uft das L\u00e4nderspiel der Damen in Island nur im Stream auf sportstudio.de bzw. in der ZDF- Mediathek, w\u00e4hrend das ZDF die DFB- Pokalpartie der Herren mit Vorberichten ab 20.15 Uhr auch linear \u00fcbertragen wird. Eine Zusammenfassung des L\u00e4nderspiels gibt es dann im Anschluss an die Pokal\u00fcbertragung im ZDF.<\/p>\n\n\n\n<p>Auch mit Blick auf die n\u00e4chste Pokalrunde, bzw. den 6. Nations League- Spieltag l\u00e4sst sich wohl wieder eine Kollision vorhersagen, denn das DFB- Team um Interimstrainer Hrubesch spielt dann am Dienstag den 05.12 in Wales um 19.30 Uhr. Hierzulande werden dann nahezu parallel die ersten Pokal- Viertelfinalisten ausgespielt. <\/p>\n\n\n\n<p><strong>Was sagt der DFB?<\/strong><\/p>\n\n\n\n<p>Auf unsere Anfrage hin, erkl\u00e4rte der DFB, dass der nationale und internationale Spielkalender derma\u00dfen eng sei und es deshalb bedauerlicherweise immer wieder zu \u00dcberschneidungen komme. Blickt man auf den Rahmenterminkalender dieser Saison (<a href=\"https:\/\/media.dfl.de\/sites\/2\/2022\/12\/Rahmenterminkalender-2023_2024_barrierefrei.pdf\">Rahmenterminkalender 2023\/2024 (dfl.de)<\/a>), so bleiben f\u00fcr den DFB- Pokal in der aktuellen Form mit einem Achtelfinale noch in diesem Jahr eigentlich keine anderen Termine, als die gew\u00e4hlten \u00fcbrig.<\/p>\n\n\n\n<p>Auch weist der DFB darauf hin, dass die Rahmentermin des Pokals immer mit viel Vorlauf (gerade wurde der Rahmenterminkalender f\u00fcr 2024\/25 verabschiedet) festgelegt werden. &#8222;Die internationalen Termine der Nationalmannschaften (&#8230;) liegen dabei meist nur als Zeitraum und nicht als konkrete Spieltermine vor. Die konkreten Spieltermine ergeben sich dann meist erst relativ kurzfristig&#8220;, hei\u00dft es weiter vom DFB- Presseteam.<\/p>\n\n\n\n<p>In Bezug auf die genauen Ansto\u00dfzeiten, welche mit 19.30 Uhr und 20.00 Uhr aus meiner Meinung nach TV- technisch ungl\u00fccklich sind, habe der DFB laut eigener Aussage dabei nur bedingte Alternativen, da hier Ansto\u00dfzeiten der anderen internationalen Spiele, die W\u00fcnsche der \u00fcbertragenden Sender, sicherheitstechnische Vorgaben zu ber\u00fccksichtigen seien.<\/p>\n\n\n\n<hr class=\"wp-block-separator\"\/>\n\n\n\n<p><strong><em>Die Ansetzungen vom 31. Oktober bis zum 02. November 2023 <\/em><\/strong><\/p>\n\n\n\n<p><span style=\"text-decoration: underline;\">Dienstag, 31. Oktober 2023 ab 19.55 Uhr (ZDF- Livestream)<\/span><\/p>\n\n\n\n<p><strong>Nations League, L\u00e4nderspiel der Frauen, 4. Spieltag (ZDF- Livestream \/ Mediathek)<\/strong><\/p>\n\n\n\n<p><em><strong>Island \u2013 Deutschland (20.00 Uhr)<\/strong><\/em><\/p>\n\n\n\n<p><img loading=\"lazy\" decoding=\"async\" width=\"10\" height=\"21\" class=\"wp-image-3656\" style=\"width: 10px;\" src=\"http:\/\/kommentatorenblog.de\/wp-content\/uploads\/2020\/09\/shure-55sh-ii-e1601485394796.jpg\" alt=\"\" srcset=\"http:\/\/kommentatorenblog.de\/wp-content\/uploads\/2020\/09\/shure-55sh-ii-e1601485394796.jpg 415w, http:\/\/kommentatorenblog.de\/wp-content\/uploads\/2020\/09\/shure-55sh-ii-e1601485394796-142x300.jpg 142w\" sizes=\"auto, (max-width: 10px) 100vw, 10px\" \/> Claudia Neumann, Field- Reporter: Martin Wolff<\/p>\n\n\n\n<p><strong>DFB-Pokal (2. Hauptrunde) <\/strong><\/p>\n\n\n\n<p><span style=\"text-decoration: underline;\">Dienstag, 31. Oktober 2023  ab 17.30 Uhr (Sky)<\/span><\/p>\n\n\n\n<p><em><strong style=\"font-style: italic;\">FC 08 Homburg <em><strong>\u2013 <\/strong><\/em>SpVgg Greuther F\u00fcrth<\/strong><strong> (18.00 Uhr)<\/strong> <\/em><br><img loading=\"lazy\" decoding=\"async\" width=\"10\" height=\"21\" class=\"wp-image-3656\" style=\"width: 10px;\" src=\"http:\/\/kommentatorenblog.de\/wp-content\/uploads\/2020\/09\/shure-55sh-ii-e1601485394796.jpg\" alt=\"\" srcset=\"http:\/\/kommentatorenblog.de\/wp-content\/uploads\/2020\/09\/shure-55sh-ii-e1601485394796.jpg 415w, http:\/\/kommentatorenblog.de\/wp-content\/uploads\/2020\/09\/shure-55sh-ii-e1601485394796-142x300.jpg 142w\" sizes=\"auto, (max-width: 10px) 100vw, 10px\" \/> Markus Gaupp (Einzelspiel), Markus G\u00f6tz (Konferenz)<\/p>\n\n\n\n<p>Field- Reporter: Dennis Bayer<\/p>\n\n\n\n<p><em><strong style=\"font-style: italic;\">FC St. Pauli <em><strong>\u2013 <\/strong><\/em>FC Schalke 04<\/strong><strong> (18.00 Uhr)<\/strong> <\/em><br><img loading=\"lazy\" decoding=\"async\" width=\"10\" height=\"21\" class=\"wp-image-3656\" style=\"width: 10px;\" src=\"http:\/\/kommentatorenblog.de\/wp-content\/uploads\/2020\/09\/shure-55sh-ii-e1601485394796.jpg\" alt=\"\" srcset=\"http:\/\/kommentatorenblog.de\/wp-content\/uploads\/2020\/09\/shure-55sh-ii-e1601485394796.jpg 415w, http:\/\/kommentatorenblog.de\/wp-content\/uploads\/2020\/09\/shure-55sh-ii-e1601485394796-142x300.jpg 142w\" sizes=\"auto, (max-width: 10px) 100vw, 10px\" \/> Marcus Lindemann (Einzelspiel), Jonas Friedrich (Konferenz)<\/p>\n\n\n\n<p>Field- Reporter: Patrick Wasserziehr<\/p>\n\n\n\n<p><em><strong style=\"font-style: italic;\">VfB Stuttgart <em><strong>\u2013 <\/strong><\/em>1. FC Union Berlin<\/strong><strong> (18.00 Uhr)<\/strong> <\/em><br><img loading=\"lazy\" decoding=\"async\" width=\"10\" height=\"21\" class=\"wp-image-3656\" style=\"width: 10px;\" src=\"http:\/\/kommentatorenblog.de\/wp-content\/uploads\/2020\/09\/shure-55sh-ii-e1601485394796.jpg\" alt=\"\" srcset=\"http:\/\/kommentatorenblog.de\/wp-content\/uploads\/2020\/09\/shure-55sh-ii-e1601485394796.jpg 415w, http:\/\/kommentatorenblog.de\/wp-content\/uploads\/2020\/09\/shure-55sh-ii-e1601485394796-142x300.jpg 142w\" sizes=\"auto, (max-width: 10px) 100vw, 10px\" \/> Wolff Fuss (Einzelspiel), Frank Buschmann (Konferenz)<\/p>\n\n\n\n<p>Field- Reporter: Riccardo Basile<\/p>\n\n\n\n<p><em><strong style=\"font-style: italic;\">VfL Wolfsburg <em><strong>\u2013 <\/strong><\/em>RB Leipzig<\/strong><strong> (18.00 Uhr)<\/strong> <\/em><br><img loading=\"lazy\" decoding=\"async\" width=\"10\" height=\"21\" class=\"wp-image-3656\" style=\"width: 10px;\" src=\"http:\/\/kommentatorenblog.de\/wp-content\/uploads\/2020\/09\/shure-55sh-ii-e1601485394796.jpg\" alt=\"\" srcset=\"http:\/\/kommentatorenblog.de\/wp-content\/uploads\/2020\/09\/shure-55sh-ii-e1601485394796.jpg 415w, http:\/\/kommentatorenblog.de\/wp-content\/uploads\/2020\/09\/shure-55sh-ii-e1601485394796-142x300.jpg 142w\" sizes=\"auto, (max-width: 10px) 100vw, 10px\" \/> Hannes Herrmann (Einzelspiel), Hansi K\u00fcpper (Konferenz)<\/p>\n\n\n\n<p><span style=\"text-decoration: underline;\">Dienstag, 31. Oktober 2023  ab 20.15 Uhr (ZDF) ab 20.40 Uhr (Sky)<\/span><\/p>\n\n\n\n<p><em><strong>1. FC Kaiserslautern <em><strong>\u2013 <\/strong><\/em>1. FC K\u00f6ln (20.45 Uhr)<\/strong><\/em><br>ZDF: <img loading=\"lazy\" decoding=\"async\" width=\"10\" height=\"21\" class=\"wp-image-3656\" style=\"width: 10px;\" src=\"http:\/\/kommentatorenblog.de\/wp-content\/uploads\/2020\/09\/shure-55sh-ii-e1601485394796.jpg\" alt=\"\" srcset=\"http:\/\/kommentatorenblog.de\/wp-content\/uploads\/2020\/09\/shure-55sh-ii-e1601485394796.jpg 415w, http:\/\/kommentatorenblog.de\/wp-content\/uploads\/2020\/09\/shure-55sh-ii-e1601485394796-142x300.jpg 142w\" sizes=\"auto, (max-width: 10px) 100vw, 10px\" \/>  Oliver Schmidt; Experte: Hanno Balitsch<br>Sky: <img loading=\"lazy\" decoding=\"async\" width=\"10\" height=\"21\" class=\"wp-image-3656\" style=\"width: 10px;\" src=\"http:\/\/kommentatorenblog.de\/wp-content\/uploads\/2020\/09\/shure-55sh-ii-e1601485394796.jpg\" alt=\"\" srcset=\"http:\/\/kommentatorenblog.de\/wp-content\/uploads\/2020\/09\/shure-55sh-ii-e1601485394796.jpg 415w, http:\/\/kommentatorenblog.de\/wp-content\/uploads\/2020\/09\/shure-55sh-ii-e1601485394796-142x300.jpg 142w\" sizes=\"auto, (max-width: 10px) 100vw, 10px\" \/>  Klaus Veltman (Einzelspiel), Kai Dittmann (Konferenz)<\/p>\n\n\n\n<p>Moderation (ZDF): Kathrin M\u00fcller Hohenstein, Experte: Per Mertesacker, Field- Reporter\/in: Nils Kaben, Johanna R\u00fcdiger<\/p>\n\n\n\n<p>Field- Reporterin (Sky): Britta Hofmann<\/p>\n\n\n\n<p><span style=\"text-decoration: underline;\">Dienstag, 31. Oktober 2023, ab 20.35 Uhr (Sky)<\/span><\/p>\n\n\n\n<p><em><strong style=\"font-style: italic;\">Borussia M\u00f6nchengladbach <em><strong>\u2013 <\/strong><\/em>1. FC Heidenheim<\/strong><strong> (20.45 Uhr)<\/strong> <\/em><br><img loading=\"lazy\" decoding=\"async\" width=\"10\" height=\"21\" class=\"wp-image-3656\" style=\"width: 10px;\" src=\"http:\/\/kommentatorenblog.de\/wp-content\/uploads\/2020\/09\/shure-55sh-ii-e1601485394796.jpg\" alt=\"\" srcset=\"http:\/\/kommentatorenblog.de\/wp-content\/uploads\/2020\/09\/shure-55sh-ii-e1601485394796.jpg 415w, http:\/\/kommentatorenblog.de\/wp-content\/uploads\/2020\/09\/shure-55sh-ii-e1601485394796-142x300.jpg 142w\" sizes=\"auto, (max-width: 10px) 100vw, 10px\" \/> Karsten Petrzika (Einzelspiel), Roland Evers (Konferenz)<\/p>\n\n\n\n<p><em><strong style=\"font-style: italic;\">Arminia Bielefeld <em><strong>\u2013 <\/strong><\/em>Hamburger SV<\/strong><strong> (20.45 Uhr)<\/strong> <\/em><br><img loading=\"lazy\" decoding=\"async\" width=\"10\" height=\"21\" class=\"wp-image-3656\" style=\"width: 10px;\" src=\"http:\/\/kommentatorenblog.de\/wp-content\/uploads\/2020\/09\/shure-55sh-ii-e1601485394796.jpg\" alt=\"\" srcset=\"http:\/\/kommentatorenblog.de\/wp-content\/uploads\/2020\/09\/shure-55sh-ii-e1601485394796.jpg 415w, http:\/\/kommentatorenblog.de\/wp-content\/uploads\/2020\/09\/shure-55sh-ii-e1601485394796-142x300.jpg 142w\" sizes=\"auto, (max-width: 10px) 100vw, 10px\" \/> Martin Gro\u00df (Einzelspiel), Florian Schmidt- Sommerfeld (Konferenz)<\/p>\n\n\n\n<p>Field- Reporter: Dirk gro\u00dfe Schlarmann<\/p>\n\n\n\n<p><em><strong style=\"font-style: italic;\">SpVgg Unterhaching <em><strong>\u2013 <\/strong><\/em>Fortuna D\u00fcsseldorf<\/strong><strong> (20.45 Uhr)<\/strong> <\/em><br><img loading=\"lazy\" decoding=\"async\" width=\"10\" height=\"21\" class=\"wp-image-3656\" style=\"width: 10px;\" src=\"http:\/\/kommentatorenblog.de\/wp-content\/uploads\/2020\/09\/shure-55sh-ii-e1601485394796.jpg\" alt=\"\" srcset=\"http:\/\/kommentatorenblog.de\/wp-content\/uploads\/2020\/09\/shure-55sh-ii-e1601485394796.jpg 415w, http:\/\/kommentatorenblog.de\/wp-content\/uploads\/2020\/09\/shure-55sh-ii-e1601485394796-142x300.jpg 142w\" sizes=\"auto, (max-width: 10px) 100vw, 10px\" \/> Toni Tomic (Einzelspiel), Oliver Seidler (Konferenz)<\/p>\n\n\n\n<p>Field- Reporter: Stefan Hempel<\/p>\n\n\n\n<p>Moderation: Michael Leopold<\/p>\n\n\n\n<p><span style=\"text-decoration: underline;\">Mittwoch, 01. November 2023 ab 17.30 Uhr (Sky)<\/span><\/p>\n\n\n\n<p><em><strong style=\"font-style: italic;\">Borussia Dortmund <em><strong>\u2013 <\/strong><\/em>1899 Hoffenheim<\/strong><strong> (18.00 Uhr)<\/strong> <\/em><br><img loading=\"lazy\" decoding=\"async\" width=\"10\" height=\"21\" class=\"wp-image-3656\" style=\"width: 10px;\" src=\"http:\/\/kommentatorenblog.de\/wp-content\/uploads\/2020\/09\/shure-55sh-ii-e1601485394796.jpg\" alt=\"\" srcset=\"http:\/\/kommentatorenblog.de\/wp-content\/uploads\/2020\/09\/shure-55sh-ii-e1601485394796.jpg 415w, http:\/\/kommentatorenblog.de\/wp-content\/uploads\/2020\/09\/shure-55sh-ii-e1601485394796-142x300.jpg 142w\" sizes=\"auto, (max-width: 10px) 100vw, 10px\" \/> Martin Gro\u00df (Einzelspiel), Frank Buschmann (Konferenz)<\/p>\n\n\n\n<p>Field- Reporter: Patrick Wasserziehr<\/p>\n\n\n\n<p><em><strong style=\"font-style: italic;\">SC Freiburg <em><strong>\u2013 <\/strong><\/em>SC Paderborn 07<\/strong><strong> (18.00 Uhr)<\/strong> <\/em><br><img loading=\"lazy\" decoding=\"async\" width=\"10\" height=\"21\" class=\"wp-image-3656\" style=\"width: 10px;\" src=\"http:\/\/kommentatorenblog.de\/wp-content\/uploads\/2020\/09\/shure-55sh-ii-e1601485394796.jpg\" alt=\"\" srcset=\"http:\/\/kommentatorenblog.de\/wp-content\/uploads\/2020\/09\/shure-55sh-ii-e1601485394796.jpg 415w, http:\/\/kommentatorenblog.de\/wp-content\/uploads\/2020\/09\/shure-55sh-ii-e1601485394796-142x300.jpg 142w\" sizes=\"auto, (max-width: 10px) 100vw, 10px\" \/> Sven Schr\u00f6ter  (Einzelspiel), Oliver Seidler (Konferenz)<\/p>\n\n\n\n<p>Field- Reporter: Martin Schreiber<\/p>\n\n\n\n<p><em><strong style=\"font-style: italic;\">Holstein Kiel <em><strong>\u2013 <\/strong><\/em>1. FC Magdeburg<\/strong><strong> (18.00 Uhr)<\/strong> <\/em><br><img loading=\"lazy\" decoding=\"async\" width=\"10\" height=\"21\" class=\"wp-image-3656\" style=\"width: 10px;\" src=\"http:\/\/kommentatorenblog.de\/wp-content\/uploads\/2020\/09\/shure-55sh-ii-e1601485394796.jpg\" alt=\"\" srcset=\"http:\/\/kommentatorenblog.de\/wp-content\/uploads\/2020\/09\/shure-55sh-ii-e1601485394796.jpg 415w, http:\/\/kommentatorenblog.de\/wp-content\/uploads\/2020\/09\/shure-55sh-ii-e1601485394796-142x300.jpg 142w\" sizes=\"auto, (max-width: 10px) 100vw, 10px\" \/> Joachim Hebel (Einzelspiel), Markus G\u00f6tz (Konferenz)<\/p>\n\n\n\n<p><em><strong style=\"font-style: italic;\">SV Sandhausen <em><strong>\u2013 <\/strong><\/em>Bayer Leverkusen<\/strong><strong> (18.00 Uhr)<\/strong> <\/em><br><img loading=\"lazy\" decoding=\"async\" width=\"10\" height=\"21\" class=\"wp-image-3656\" style=\"width: 10px;\" src=\"http:\/\/kommentatorenblog.de\/wp-content\/uploads\/2020\/09\/shure-55sh-ii-e1601485394796.jpg\" alt=\"\" srcset=\"http:\/\/kommentatorenblog.de\/wp-content\/uploads\/2020\/09\/shure-55sh-ii-e1601485394796.jpg 415w, http:\/\/kommentatorenblog.de\/wp-content\/uploads\/2020\/09\/shure-55sh-ii-e1601485394796-142x300.jpg 142w\" sizes=\"auto, (max-width: 10px) 100vw, 10px\" \/> Hansi K\u00fcpper (Einzelspiel), Roland Evers (Konferenz)<\/p>\n\n\n\n<p>Field- Reporter: Yannick Erkenbrecher<\/p>\n\n\n\n<p><span style=\"text-decoration: underline;\">Mittwoch, <span style=\"text-decoration: underline;\">01. November<\/span> ab 20.15 Uhr (ARD) ab 20.40 Uhr (Sky)<\/span><\/p>\n\n\n\n<p><em><strong>1. FC Saarbr\u00fccken <em><strong>\u2013 <\/strong><\/em>FC Bayern M\u00fcnchen (20.45 Uhr<\/strong><\/em>)<br>ARD: <img loading=\"lazy\" decoding=\"async\" width=\"10\" height=\"21\" class=\"wp-image-3656\" style=\"width: 10px;\" src=\"http:\/\/kommentatorenblog.de\/wp-content\/uploads\/2020\/09\/shure-55sh-ii-e1601485394796.jpg\" alt=\"\" srcset=\"http:\/\/kommentatorenblog.de\/wp-content\/uploads\/2020\/09\/shure-55sh-ii-e1601485394796.jpg 415w, http:\/\/kommentatorenblog.de\/wp-content\/uploads\/2020\/09\/shure-55sh-ii-e1601485394796-142x300.jpg 142w\" sizes=\"auto, (max-width: 10px) 100vw, 10px\" \/> Florian Na\u00df<br>Sky: <img loading=\"lazy\" decoding=\"async\" width=\"10\" height=\"21\" class=\"wp-image-3656\" style=\"width: 10px;\" src=\"http:\/\/kommentatorenblog.de\/wp-content\/uploads\/2020\/09\/shure-55sh-ii-e1601485394796.jpg\" alt=\"\" srcset=\"http:\/\/kommentatorenblog.de\/wp-content\/uploads\/2020\/09\/shure-55sh-ii-e1601485394796.jpg 415w, http:\/\/kommentatorenblog.de\/wp-content\/uploads\/2020\/09\/shure-55sh-ii-e1601485394796-142x300.jpg 142w\" sizes=\"auto, (max-width: 10px) 100vw, 10px\" \/> Kai Dittmann (Einzelspiel), Wolff Fuss (Konferenz)<br>Moderation (ARD): Esther Sedlacek; Experte: Bastian Schweinsteiger, Field- Reporter: Frank Grundhever<\/p>\n\n\n\n<p>Field-Reporter (Sky): Michael Leopold<br><span style=\"text-decoration: underline;\">Mittwoch, <span style=\"text-decoration: underline;\">01. November<\/span> ab 20.35 Uhr (Sky)<\/span><\/p>\n\n\n\n<p><em><strong style=\"font-style: italic;\">Hertha BSC <em><strong>\u2013 <\/strong><\/em>1. FSV Mainz 05<\/strong><strong> (20.45 Uhr)<\/strong> <\/em><br><img loading=\"lazy\" decoding=\"async\" width=\"10\" height=\"21\" class=\"wp-image-3656\" style=\"width: 10px;\" src=\"http:\/\/kommentatorenblog.de\/wp-content\/uploads\/2020\/09\/shure-55sh-ii-e1601485394796.jpg\" alt=\"\" srcset=\"http:\/\/kommentatorenblog.de\/wp-content\/uploads\/2020\/09\/shure-55sh-ii-e1601485394796.jpg 415w, http:\/\/kommentatorenblog.de\/wp-content\/uploads\/2020\/09\/shure-55sh-ii-e1601485394796-142x300.jpg 142w\" sizes=\"auto, (max-width: 10px) 100vw, 10px\" \/> &nbsp;Toni Tomic (Einzelspiel), Florian Schmidt- Sommerfeld (Konferenz)<\/p>\n\n\n\n<p><em><strong style=\"font-style: italic;\">1. FC N\u00fcrnberg <em><strong>\u2013 <\/strong><\/em> Hansa Rostock<\/strong><strong> (20.45 Uhr)<\/strong> <\/em><br><img loading=\"lazy\" decoding=\"async\" width=\"10\" height=\"21\" class=\"wp-image-3656\" style=\"width: 10px;\" src=\"http:\/\/kommentatorenblog.de\/wp-content\/uploads\/2020\/09\/shure-55sh-ii-e1601485394796.jpg\" alt=\"\" srcset=\"http:\/\/kommentatorenblog.de\/wp-content\/uploads\/2020\/09\/shure-55sh-ii-e1601485394796.jpg 415w, http:\/\/kommentatorenblog.de\/wp-content\/uploads\/2020\/09\/shure-55sh-ii-e1601485394796-142x300.jpg 142w\" sizes=\"auto, (max-width: 10px) 100vw, 10px\" \/> Karsten Petrzika (Einzelspiel), Hannes Herrmann (Konferenz)<\/p>\n\n\n\n<p><em><strong style=\"font-style: italic;\">FC Viktoria K\u00f6ln <em><strong>\u2013 <\/strong><\/em>Eintracht Frankfurt<\/strong><strong> (20.45 Uhr)<\/strong> <\/em><br><img loading=\"lazy\" decoding=\"async\" width=\"10\" height=\"21\" class=\"wp-image-3656\" style=\"width: 10px;\" src=\"http:\/\/kommentatorenblog.de\/wp-content\/uploads\/2020\/09\/shure-55sh-ii-e1601485394796.jpg\" alt=\"\" srcset=\"http:\/\/kommentatorenblog.de\/wp-content\/uploads\/2020\/09\/shure-55sh-ii-e1601485394796.jpg 415w, http:\/\/kommentatorenblog.de\/wp-content\/uploads\/2020\/09\/shure-55sh-ii-e1601485394796-142x300.jpg 142w\" sizes=\"auto, (max-width: 10px) 100vw, 10px\" \/> Marcus Lindemann (Einzelspiel), Jonas Friedrich (Konferenz)<\/p>\n\n\n\n<p>Field- Reporter: Thomas Wagner<\/p>\n\n\n\n<hr class=\"wp-block-separator\"\/>\n\n\n\n<hr class=\"wp-block-separator\"\/>\n\n\n\n<p><strong>Carabao Cup, 3. Runde (DAZN\/sportdigital Fu\u00dfball)<\/strong><\/p>\n\n\n\n<p><span style=\"text-decoration: underline;\"><span style=\"text-decoration: underline;\">Dienstag, 31. Oktober 2023 <\/span><\/span><\/p>\n\n\n\n<p><em><strong>Exeter <em><strong>\u2013 <\/strong><\/em>Middlesbrough<\/strong><\/em> <em><strong>(20.45 Uhr)<\/strong><\/em><br><img loading=\"lazy\" decoding=\"async\" width=\"10\" height=\"21\" class=\"wp-image-3656\" style=\"width: 10px;\" src=\"http:\/\/kommentatorenblog.de\/wp-content\/uploads\/2020\/09\/shure-55sh-ii-e1601485394796.jpg\" alt=\"\" srcset=\"http:\/\/kommentatorenblog.de\/wp-content\/uploads\/2020\/09\/shure-55sh-ii-e1601485394796.jpg 415w, http:\/\/kommentatorenblog.de\/wp-content\/uploads\/2020\/09\/shure-55sh-ii-e1601485394796-142x300.jpg 142w\" sizes=\"auto, (max-width: 10px) 100vw, 10px\" \/> DAZN: Korbinian Rundel<\/p>\n\n\n\n<p><span style=\"text-decoration: underline;\">Mittwoch, 01. November 2023 <\/span><\/p>\n\n\n\n<p><em><strong>West Ham United <em><strong>\u2013 <\/strong><\/em>Arsenal<\/strong><\/em> <em><strong>(20.30 Uhr)<\/strong><\/em><br><img loading=\"lazy\" decoding=\"async\" width=\"10\" height=\"21\" class=\"wp-image-3656\" style=\"width: 10px;\" src=\"http:\/\/kommentatorenblog.de\/wp-content\/uploads\/2020\/09\/shure-55sh-ii-e1601485394796.jpg\" alt=\"\" srcset=\"http:\/\/kommentatorenblog.de\/wp-content\/uploads\/2020\/09\/shure-55sh-ii-e1601485394796.jpg 415w, http:\/\/kommentatorenblog.de\/wp-content\/uploads\/2020\/09\/shure-55sh-ii-e1601485394796-142x300.jpg 142w\" sizes=\"auto, (max-width: 10px) 100vw, 10px\" \/> DAZN: Michael Born (Einzelspiel), Tom Kirsten (Konferenz)<\/p>\n\n\n\n<p><img loading=\"lazy\" decoding=\"async\" width=\"10\" height=\"21\" class=\"wp-image-3656\" style=\"width: 10px;\" src=\"http:\/\/kommentatorenblog.de\/wp-content\/uploads\/2020\/09\/shure-55sh-ii-e1601485394796.jpg\" alt=\"\" srcset=\"http:\/\/kommentatorenblog.de\/wp-content\/uploads\/2020\/09\/shure-55sh-ii-e1601485394796.jpg 415w, http:\/\/kommentatorenblog.de\/wp-content\/uploads\/2020\/09\/shure-55sh-ii-e1601485394796-142x300.jpg 142w\" sizes=\"auto, (max-width: 10px) 100vw, 10px\" \/> sportdigital: Marvin Kirsch (Konferenz)<\/p>\n\n\n\n<p><em><strong>Ipswich <em><strong>\u2013 <\/strong><\/em>Fulham<\/strong><\/em> <em><strong>(20.45 Uhr)<\/strong><\/em><\/p>\n\n\n\n<p><img loading=\"lazy\" decoding=\"async\" width=\"10\" height=\"21\" class=\"wp-image-3656\" style=\"width: 10px;\" src=\"http:\/\/kommentatorenblog.de\/wp-content\/uploads\/2020\/09\/shure-55sh-ii-e1601485394796.jpg\" alt=\"\" srcset=\"http:\/\/kommentatorenblog.de\/wp-content\/uploads\/2020\/09\/shure-55sh-ii-e1601485394796.jpg 415w, http:\/\/kommentatorenblog.de\/wp-content\/uploads\/2020\/09\/shure-55sh-ii-e1601485394796-142x300.jpg 142w\" sizes=\"auto, (max-width: 10px) 100vw, 10px\" \/> DAZN: Michael Brandes (Einzelspiel), <\/p>\n\n\n\n<p><em><strong>Bournemouth <em><strong>\u2013 <\/strong><\/em>Liverpool<\/strong><\/em> <em><strong>(20.45 Uhr)<\/strong><\/em><\/p>\n\n\n\n<p><img loading=\"lazy\" decoding=\"async\" width=\"10\" height=\"21\" class=\"wp-image-3656\" style=\"width: 10px;\" src=\"http:\/\/kommentatorenblog.de\/wp-content\/uploads\/2020\/09\/shure-55sh-ii-e1601485394796.jpg\" alt=\"\" srcset=\"http:\/\/kommentatorenblog.de\/wp-content\/uploads\/2020\/09\/shure-55sh-ii-e1601485394796.jpg 415w, http:\/\/kommentatorenblog.de\/wp-content\/uploads\/2020\/09\/shure-55sh-ii-e1601485394796-142x300.jpg 142w\" sizes=\"auto, (max-width: 10px) 100vw, 10px\" \/> DAZN: Margo Hagemann (Einzelspiel), Max Siebald (Konferenz)<\/p>\n\n\n\n<p><em><strong>Chelsea <em><strong>\u2013 <\/strong><\/em>Blackburn<\/strong><\/em> <em><strong>(20.45 Uhr)<\/strong><\/em><\/p>\n\n\n\n<p><img loading=\"lazy\" decoding=\"async\" width=\"10\" height=\"21\" class=\"wp-image-3656\" style=\"width: 10px;\" src=\"http:\/\/kommentatorenblog.de\/wp-content\/uploads\/2020\/09\/shure-55sh-ii-e1601485394796.jpg\" alt=\"\" srcset=\"http:\/\/kommentatorenblog.de\/wp-content\/uploads\/2020\/09\/shure-55sh-ii-e1601485394796.jpg 415w, http:\/\/kommentatorenblog.de\/wp-content\/uploads\/2020\/09\/shure-55sh-ii-e1601485394796-142x300.jpg 142w\" sizes=\"auto, (max-width: 10px) 100vw, 10px\" \/> DAZN: Adrian Geiler (Einzelspiel), Frederik Harder(Konferenz)<\/p>\n\n\n\n<p><img loading=\"lazy\" decoding=\"async\" width=\"10\" height=\"21\" class=\"wp-image-3656\" style=\"width: 10px;\" src=\"http:\/\/kommentatorenblog.de\/wp-content\/uploads\/2020\/09\/shure-55sh-ii-e1601485394796.jpg\" alt=\"\" srcset=\"http:\/\/kommentatorenblog.de\/wp-content\/uploads\/2020\/09\/shure-55sh-ii-e1601485394796.jpg 415w, http:\/\/kommentatorenblog.de\/wp-content\/uploads\/2020\/09\/shure-55sh-ii-e1601485394796-142x300.jpg 142w\" sizes=\"auto, (max-width: 10px) 100vw, 10px\" \/> sportdigital: Jonathan Dreier (Konferenz)<\/p>\n\n\n\n<p><em><strong>Everton <em><strong>\u2013 <\/strong><\/em>Burnley<\/strong><\/em> <em><strong>(20.45 Uhr)<\/strong><\/em><\/p>\n\n\n\n<p><img loading=\"lazy\" decoding=\"async\" width=\"10\" height=\"21\" class=\"wp-image-3656\" style=\"width: 10px;\" src=\"http:\/\/kommentatorenblog.de\/wp-content\/uploads\/2020\/09\/shure-55sh-ii-e1601485394796.jpg\" alt=\"\" srcset=\"http:\/\/kommentatorenblog.de\/wp-content\/uploads\/2020\/09\/shure-55sh-ii-e1601485394796.jpg 415w, http:\/\/kommentatorenblog.de\/wp-content\/uploads\/2020\/09\/shure-55sh-ii-e1601485394796-142x300.jpg 142w\" sizes=\"auto, (max-width: 10px) 100vw, 10px\" \/> DAZN: Andres Renner (Einzelspiel), Christopher Putz (Konferenz)<\/p>\n\n\n\n<p><em><strong>Manchester United <em><strong>\u2013 <\/strong><\/em>Newcastle<\/strong> <\/em><strong><em>United<\/em> <\/strong><em><strong>(21.15 Uhr)<\/strong><\/em><\/p>\n\n\n\n<p><img loading=\"lazy\" decoding=\"async\" width=\"10\" height=\"21\" class=\"wp-image-3656\" style=\"width: 10px;\" src=\"http:\/\/kommentatorenblog.de\/wp-content\/uploads\/2020\/09\/shure-55sh-ii-e1601485394796.jpg\" alt=\"\" srcset=\"http:\/\/kommentatorenblog.de\/wp-content\/uploads\/2020\/09\/shure-55sh-ii-e1601485394796.jpg 415w, http:\/\/kommentatorenblog.de\/wp-content\/uploads\/2020\/09\/shure-55sh-ii-e1601485394796-142x300.jpg 142w\" sizes=\"auto, (max-width: 10px) 100vw, 10px\" \/> DAZN: Uli Hebel (Einzelspiel), Max Gross (Konferenz)<\/p>\n\n\n\n<p><strong><strong>Copa del Rey, 1. Runde<\/strong> (sportdigital Fu\u00dfball)<\/strong><\/p>\n\n\n\n<p><span style=\"text-decoration: underline;\">Mittwoch, 01. November 2023 <\/span><\/p>\n\n\n\n<p><em><strong>CD Quintanar <em><strong>\u2013 <\/strong><\/em>FC Sevilla<\/strong><\/em> <em><strong>(15.30 Uhr)<\/strong><\/em><br><img loading=\"lazy\" decoding=\"async\" width=\"10\" height=\"21\" class=\"wp-image-3656\" style=\"width: 10px;\" src=\"http:\/\/kommentatorenblog.de\/wp-content\/uploads\/2020\/09\/shure-55sh-ii-e1601485394796.jpg\" alt=\"\" srcset=\"http:\/\/kommentatorenblog.de\/wp-content\/uploads\/2020\/09\/shure-55sh-ii-e1601485394796.jpg 415w, http:\/\/kommentatorenblog.de\/wp-content\/uploads\/2020\/09\/shure-55sh-ii-e1601485394796-142x300.jpg 142w\" sizes=\"auto, (max-width: 10px) 100vw, 10px\" \/> Karsten Linke<\/p>\n\n\n\n<hr class=\"wp-block-separator\"\/>\n\n\n\n<hr class=\"wp-block-separator\"\/>\n\n\n\n<p><strong>Coppa Italia Frecciarossa<\/strong>,<strong> 2.Runde (DAZN)<\/strong><\/p>\n\n\n\n<p><span style=\"text-decoration: underline;\">Dienstag, 31. Oktober 2023 <\/span><\/p>\n\n\n\n<p><em><strong>Salernitana <em><strong>\u2013 <\/strong><\/em>Sampdoria<\/strong><\/em> <em><strong>(18.00 Uhr)<\/strong><\/em><br><img loading=\"lazy\" decoding=\"async\" width=\"10\" height=\"21\" class=\"wp-image-3656\" style=\"width: 10px;\" src=\"http:\/\/kommentatorenblog.de\/wp-content\/uploads\/2020\/09\/shure-55sh-ii-e1601485394796.jpg\" alt=\"\" srcset=\"http:\/\/kommentatorenblog.de\/wp-content\/uploads\/2020\/09\/shure-55sh-ii-e1601485394796.jpg 415w, http:\/\/kommentatorenblog.de\/wp-content\/uploads\/2020\/09\/shure-55sh-ii-e1601485394796-142x300.jpg 142w\" sizes=\"auto, (max-width: 10px) 100vw, 10px\" \/> Carsten Fu\u00df<\/p>\n\n\n\n<p><em><strong>Bologna <em><strong>\u2013 <\/strong><\/em>Hellas Verona<\/strong><\/em> <em><strong>(21.00 Uhr)<\/strong><\/em><br><img loading=\"lazy\" decoding=\"async\" width=\"10\" height=\"21\" class=\"wp-image-3656\" style=\"width: 10px;\" src=\"http:\/\/kommentatorenblog.de\/wp-content\/uploads\/2020\/09\/shure-55sh-ii-e1601485394796.jpg\" alt=\"\" srcset=\"http:\/\/kommentatorenblog.de\/wp-content\/uploads\/2020\/09\/shure-55sh-ii-e1601485394796.jpg 415w, http:\/\/kommentatorenblog.de\/wp-content\/uploads\/2020\/09\/shure-55sh-ii-e1601485394796-142x300.jpg 142w\" sizes=\"auto, (max-width: 10px) 100vw, 10px\" \/> Manuel Angstenberger<\/p>\n\n\n\n<p><span style=\"text-decoration: underline;\">Mittwoch, 01. November 2023 <\/span><\/p>\n\n\n\n<p><em><strong>Lecce <em><strong>\u2013 <\/strong><\/em>Parma<\/strong><\/em> <em><strong>(18.00 Uhr)<\/strong><\/em><br><img loading=\"lazy\" decoding=\"async\" width=\"10\" height=\"21\" class=\"wp-image-3656\" style=\"width: 10px;\" src=\"http:\/\/kommentatorenblog.de\/wp-content\/uploads\/2020\/09\/shure-55sh-ii-e1601485394796.jpg\" alt=\"\" srcset=\"http:\/\/kommentatorenblog.de\/wp-content\/uploads\/2020\/09\/shure-55sh-ii-e1601485394796.jpg 415w, http:\/\/kommentatorenblog.de\/wp-content\/uploads\/2020\/09\/shure-55sh-ii-e1601485394796-142x300.jpg 142w\" sizes=\"auto, (max-width: 10px) 100vw, 10px\" \/> Manuel Angstenberger<\/p>\n\n\n\n<hr class=\"wp-block-separator\"\/>\n\n\n\n<p><strong>Eredivisie, 3. Spieltag (Sportddigital)<\/strong><\/p>\n\n\n\n<p><span style=\"text-decoration: underline;\"><span style=\"text-decoration: underline;\">Donnerstag, 02. November 2023, ab 19.50 Uhr <\/span><\/span><\/p>\n\n\n\n<p><em><strong>Ajax Amsterdam <em><strong>\u2013 <\/strong><\/em>FC Volendam (20.00 Uhr)<\/strong><\/em><br><img loading=\"lazy\" decoding=\"async\" width=\"10\" height=\"21\" class=\"wp-image-3656\" style=\"width: 10px;\" src=\"http:\/\/kommentatorenblog.de\/wp-content\/uploads\/2020\/09\/shure-55sh-ii-e1601485394796.jpg\" alt=\"\" srcset=\"http:\/\/kommentatorenblog.de\/wp-content\/uploads\/2020\/09\/shure-55sh-ii-e1601485394796.jpg 415w, http:\/\/kommentatorenblog.de\/wp-content\/uploads\/2020\/09\/shure-55sh-ii-e1601485394796-142x300.jpg 142w\" sizes=\"auto, (max-width: 10px) 100vw, 10px\" \/> ???<\/p>\n\n\n\n<hr class=\"wp-block-separator\"\/>\n\n\n\n<hr class=\"wp-block-separator\"\/>\n\n\n\n<p><strong>Campeonato Brasileiro (31. Spieltag) (BRA) (sportdigital Fu\u00dfball)<\/strong> <\/p>\n\n\n\n<p><span style=\"text-decoration: underline;\"><span style=\"text-decoration: underline;\"><span style=\"text-decoration: underline;\">Mittwoch, 01. November 2023<\/span>, ab 23.55 Uhr<\/span><\/span><\/p>\n\n\n\n<p><em><strong>Flamengo<em><strong> \u2013 <\/strong><\/em>Santos FC<\/strong><\/em><strong><em> (0.00 Uhr)<\/em><\/strong><br><img loading=\"lazy\" decoding=\"async\" width=\"10\" height=\"21\" class=\"wp-image-3656\" style=\"width: 10px;\" src=\"http:\/\/kommentatorenblog.de\/wp-content\/uploads\/2020\/09\/shure-55sh-ii-e1601485394796.jpg\" alt=\"\" srcset=\"http:\/\/kommentatorenblog.de\/wp-content\/uploads\/2020\/09\/shure-55sh-ii-e1601485394796.jpg 415w, http:\/\/kommentatorenblog.de\/wp-content\/uploads\/2020\/09\/shure-55sh-ii-e1601485394796-142x300.jpg 142w\" sizes=\"auto, (max-width: 10px) 100vw, 10px\" \/> Christian Blunck<\/p>\n\n\n\n<hr class=\"wp-block-separator is-style-default\"\/>\n\n\n\n<p><strong><em>Die Analyse:<\/em><\/strong><\/p>\n\n\n\n<p>Wie bereits im Vorwort erw\u00e4hnt, laufen L\u00e4nderspiel der Frauen und DFB- Pokal der M\u00e4nner nahezu parallel, dadurch l\u00e4uft die Partie Island- Deutschland im ZDF- Livestream, hier kommentiert Claudia Neumann. Eine Zusammenfassung der Partie gibt es, wie von allen anderen Pokalspielen im Anschluss an die Live- \u00dcbertragung der Partie Kaiserslautern- K\u00f6ln im ZDF zu sehen.<\/p>\n\n\n\n<p>F\u00fcr das ZDF wird Oliver Schmidt diese Partie kommentieren. Er bekommt zudem Unterst\u00fctzung von Hanno Balitsch, welcher als reiner Co- Kommentator fungieren wird, w\u00e4hrend Per Mertesacker Experte an der Seite von M\u00fcller- Hohenstein sein wird.<\/p>\n\n\n\n<p>Bevor wir auf die Sky- Ansetzungen blicken, noch schnell der Blick auf die zweite Free- TV- Partie des Spieltages: Saarbr\u00fccken- Bayern (sofern hier eine Austragung m\u00f6glich sein wird). Hier soll Florian Na\u00df nun nach l\u00e4ngerer Zeit mal wieder ein Spiel im Ersten kommentieren, nachdem sich in der j\u00fcngeren Vergangenheit Bartels und Gottlob die Spiele teilten. Moderieren wird, wie beim letzten M\u00e4nner- L\u00e4nderspiel Esther Sedlaczek mit Bastian Schweinsteiger.<\/p>\n\n\n\n<p>W\u00e4hrend die beiden \u00f6ffentlich- rechtlichen Sender jeweils mit dem vollen Team im Stadion sein werden, sieht dies bei Sky anders aus. Die Konferenz- Kommentatoren sitzen wie gewohnt in der Box in M\u00fcnchen, allerdings werden auch einige Einzelspiel- Kommentatoren von dort aus die Partien kommentieren. Nur die H\u00e4lfte der Einzelspiele werden aus den jeweiligen Stadien kommentiert, bei den anderen Spielen werden vereinzelt Field- Reporter in die Stadien geschickt (Homburg, Freiburg, Unterhaching). Interessant finde ich, dass man die Partie Gladbach- Heidenheim gar nicht vor Ort besetzt, obwohl hier zwei Bundesligisten spielen, w\u00e4hrend man nach Bielefeld Martin Gro\u00df und Dirk gro\u00dfe Schlarmann schickt. In der Konferenz kommen einige Kommentatoren, darunter Buschmann, Friedrich und Schmidt- Sommerfeld zu Doppeleins\u00e4tzen. Auch Wolff Fuss kommt auf zwei Eins\u00e4tzen, er \u00fcbernimmt am Dienstag erst ein Einzelspiel aus Stuttgart und ist dann als Konferenz- Kommentator f\u00fcr Saarbr\u00fccken- Bayern eingeplant.<\/p>\n\n\n\n<p>Neben dem DFB- Pokal stehen unter der Woche noch weitere Pokalwettbewerbe an. In England findet beispielsweise der Liga- Pokal statt. Die Einzelspiele gibt es hier bei DAZN zu sehen, dazu eine Vierer- Konferenz am Mittwoch. Sportdigital bietet dann noch eine Mini- Konferenz der Spiele von Arsenal und Chelsea an, es kommentieren Marvin Kirsch und Jonathan Dreier. W\u00e4hrend sportdigital die Copa del Rey &#8211; Partie von Sevilla im Programm hat, zeigt DAZN mehrere Spiele der Coppa Italia.<\/p>\n\n\n\n<p>Damit w\u00fcnsche ich euch eine sch\u00f6ne Pokalwoche.<\/p>\n","protected":false},"excerpt":{"rendered":"<p>N&#8217;Abend Allerseits! Am Dienstag steht sowohl das vierte Gruppenspiel der DFB- Frauen in der Nations League als auch die 2. Runde im DFB- Pokal an. W\u00e4hrend die Pokalspiele um 18.00 Uhr und 20.45 Uhr angepfiffen werden, startet das DFB- Team um 20.00 Uhr in seine Partie und liegt damit zeittechnisch zwischen den beiden Pokalansto\u00dfzeiten. Bereits [&hellip;]<\/p>\n","protected":false},"author":10,"featured_media":0,"comment_status":"open","ping_status":"open","sticky":false,"template":"","format":"standard","meta":{"footnotes":""},"categories":[504,426],"tags":[598,377,19,355,73,131,57,36,13,959,392,97,99,89,61,420,540,25,347,960,69,93,59,91,50,676,962,961,834,112,121,126,95,581,114,742,88,733,109,113,94,161,584,45,22,28,33,24,105,107,196,37],"class_list":["post-15852","post","type-post","status-publish","format-standard","hentry","category-dfb-pokal-co","category-laenderspiele","tag-adrian-geiler","tag-andreas-renner","tag-ard","tag-bastian-schweinsteiger","tag-britta-hofmann","tag-carsten-fuss","tag-christian-blunck","tag-claudia-neumann","tag-dazn","tag-dennis-bayer","tag-dirk-grosse-schlarmann","tag-esther-sedlaczek","tag-florian-nass","tag-florian-schmidt-sommerfeld","tag-frank-buschmann","tag-frank-grundhever","tag-hanno-balitsch","tag-hansi-kuepper","tag-joachim-hebel","tag-johanna-ruediger","tag-jonas-friedrich","tag-kai-dittmann","tag-karsten-linke","tag-karsten-petrzika","tag-katrin-mueller-hohenstein","tag-klaus-veltman","tag-korbinian-rundel","tag-leonie-holz","tag-manuel-angstenberger","tag-marcus-lindemann","tag-markus-gaupp","tag-markus-goetz","tag-martin-gross","tag-marvin-kirsch","tag-michael-born","tag-michael-brandes","tag-michael-leopold","tag-nils-kaben","tag-oliver-schmidt","tag-oliver-seidler","tag-patrick-wasserziehr","tag-per-mertesacker","tag-riccardo-basile","tag-roland-evers","tag-sky","tag-stefan-hempel","tag-thomas-wagner","tag-toni-tomic","tag-uli-hebel","tag-wolff-fuss","tag-yannick-erkenbrecher","tag-zdf"],"_links":{"self":[{"href":"http:\/\/kommentatorenblog.de\/index.php?rest_route=\/wp\/v2\/posts\/15852","targetHints":{"allow":["GET"]}}],"collection":[{"href":"http:\/\/kommentatorenblog.de\/index.php?rest_route=\/wp\/v2\/posts"}],"about":[{"href":"http:\/\/kommentatorenblog.de\/index.php?rest_route=\/wp\/v2\/types\/post"}],"author":[{"embeddable":true,"href":"http:\/\/kommentatorenblog.de\/index.php?rest_route=\/wp\/v2\/users\/10"}],"replies":[{"embeddable":true,"href":"http:\/\/kommentatorenblog.de\/index.php?rest_route=%2Fwp%2Fv2%2Fcomments&post=15852"}],"version-history":[{"count":19,"href":"http:\/\/kommentatorenblog.de\/index.php?rest_route=\/wp\/v2\/posts\/15852\/revisions"}],"predecessor-version":[{"id":15915,"href":"http:\/\/kommentatorenblog.de\/index.php?rest_route=\/wp\/v2\/posts\/15852\/revisions\/15915"}],"wp:attachment":[{"href":"http:\/\/kommentatorenblog.de\/index.php?rest_route=%2Fwp%2Fv2%2Fmedia&parent=15852"}],"wp:term":[{"taxonomy":"category","embeddable":true,"href":"http:\/\/kommentatorenblog.de\/index.php?rest_route=%2Fwp%2Fv2%2Fcategories&post=15852"},{"taxonomy":"post_tag","embeddable":true,"href":"http:\/\/kommentatorenblog.de\/index.php?rest_route=%2Fwp%2Fv2%2Ftags&post=15852"}],"curies":[{"name":"wp","href":"https:\/\/api.w.org\/{rel}","templated":true}]}}