{"id":16226,"date":"2023-12-11T20:02:18","date_gmt":"2023-12-11T19:02:18","guid":{"rendered":"http:\/\/kommentatorenblog.de\/?p=16226"},"modified":"2023-12-14T10:03:08","modified_gmt":"2023-12-14T09:03:08","slug":"1386-gruppenfinale","status":"publish","type":"post","link":"http:\/\/kommentatorenblog.de\/?p=16226","title":{"rendered":"1386 &#8211; Gruppenfinale"},"content":{"rendered":"\n<p>Hallo zusammen,<\/p>\n\n\n\n<p>wie bereits im letzten Beitrag erw\u00e4hnt, l\u00e4uft aktuell unser Voting. Zur Erinnerung aus den drei h\u00e4ufigsten genannten Personen und einem Vorschlag von uns kann in jeder Kategorie der oder die Beste ausgew\u00e4hlt werden.<\/p>\n\n\n\n<p>Ihr habt die M\u00f6glichkeit hier im Blog \u00fcber den Link unten oder \u00fcber Instagram in unserer t\u00e4glichen Story abzustimmen. Die Ergebnisse von beiden Plattformen f\u00fchren dann zur Awardsvergabe, nach Weihnachten werden wir die Gewinnerinnen und Gewinner hier bekannt geben.<\/p>\n\n\n\n<div class=\"wp-block-columns is-layout-flex wp-container-core-columns-is-layout-1 wp-block-columns-is-layout-flex\">\n<div class=\"wp-block-column is-layout-flow wp-block-column-is-layout-flow\">\n<figure class=\"wp-block-image size-large\"><a href=\"https:\/\/kommentatorenblog.de\/?page_id=15975\" target=\"_blank\" rel=\"noopener\"><img loading=\"lazy\" decoding=\"async\" width=\"1024\" height=\"359\" src=\"http:\/\/kommentatorenblog.de\/wp-content\/uploads\/2023\/10\/Kommentatorenblog-Community-Awards-1024x359.png\" alt=\"\" class=\"wp-image-15876\" srcset=\"http:\/\/kommentatorenblog.de\/wp-content\/uploads\/2023\/10\/Kommentatorenblog-Community-Awards-1024x359.png 1024w, http:\/\/kommentatorenblog.de\/wp-content\/uploads\/2023\/10\/Kommentatorenblog-Community-Awards-300x105.png 300w, http:\/\/kommentatorenblog.de\/wp-content\/uploads\/2023\/10\/Kommentatorenblog-Community-Awards-768x270.png 768w, http:\/\/kommentatorenblog.de\/wp-content\/uploads\/2023\/10\/Kommentatorenblog-Community-Awards-1080x380.png 1080w, http:\/\/kommentatorenblog.de\/wp-content\/uploads\/2023\/10\/Kommentatorenblog-Community-Awards.png 1322w\" sizes=\"auto, (max-width: 1024px) 100vw, 1024px\" \/><\/a><\/figure>\n<\/div>\n\n\n\n<div class=\"wp-block-column is-layout-flow wp-block-column-is-layout-flow\">\n<p><\/p>\n\n\n\n<div class=\"wp-block-buttons is-content-justification-center is-layout-flex wp-container-core-buttons-is-layout-1 wp-block-buttons-is-layout-flex\">\n<div class=\"wp-block-button\"><a class=\"wp-block-button__link has-white-color has-text-color has-background\" href=\"https:\/\/kommentatorenblog.de\/?page_id=15975\" style=\"background-color:#313131\" target=\"_blank\" rel=\"noreferrer noopener\">Jetzt abstimmen<\/a><\/div>\n<\/div>\n<\/div>\n<\/div>\n\n\n\n<p>Und damit zu den Ansetzungen f\u00fcr die Woche, wo sich nat\u00fcrlich auch wieder viele Nominierte finden:<\/p>\n\n\n\n<hr class=\"wp-block-separator is-style-default\"\/>\n\n\n\n<p><strong>UEFA Champions League, 6. Spieltag (DAZN\/Prime Video)<\/strong><\/p>\n\n\n\n<p><span style=\"text-decoration: underline;\">Dienstag, 12. Dezember 2023, ab 18.30 Uhr (DAZN)<\/span><\/p>\n\n\n\n<p><strong style=\"font-style: italic;\"><em><strong>Lens &#8211; FC Sevilla<\/strong><\/em><\/strong><em> <strong>(18.45 Uhr)<\/strong><\/em> <br><img loading=\"lazy\" decoding=\"async\" width=\"10\" height=\"21\" class=\"wp-image-3656\" style=\"width: 10px;\" src=\"http:\/\/kommentatorenblog.de\/wp-content\/uploads\/2020\/09\/shure-55sh-ii-e1601485394796.jpg\" alt=\"\" srcset=\"http:\/\/kommentatorenblog.de\/wp-content\/uploads\/2020\/09\/shure-55sh-ii-e1601485394796.jpg 415w, http:\/\/kommentatorenblog.de\/wp-content\/uploads\/2020\/09\/shure-55sh-ii-e1601485394796-142x300.jpg 142w\" sizes=\"auto, (max-width: 10px) 100vw, 10px\" \/> Stefan Galler (Einzelspiel), Oliver Forster (Konferenz)<\/p>\n\n\n\n<p><strong style=\"font-style: italic;\"><em><strong><strong style=\"font-style: italic;\"><em><strong>Eindhoven &#8211; Arsenal<\/strong><\/em><\/strong><\/strong><\/em><\/strong><em><strong> (18.45 Uhr)<\/strong><\/em> <br><img loading=\"lazy\" decoding=\"async\" width=\"10\" height=\"21\" class=\"wp-image-3656\" style=\"width: 10px;\" src=\"http:\/\/kommentatorenblog.de\/wp-content\/uploads\/2020\/09\/shure-55sh-ii-e1601485394796.jpg\" alt=\"\" srcset=\"http:\/\/kommentatorenblog.de\/wp-content\/uploads\/2020\/09\/shure-55sh-ii-e1601485394796.jpg 415w, http:\/\/kommentatorenblog.de\/wp-content\/uploads\/2020\/09\/shure-55sh-ii-e1601485394796-142x300.jpg 142w\" sizes=\"auto, (max-width: 10px) 100vw, 10px\" \/> Jogi Hebel (Einzelspiel), Chris Putz (Konferenz)<\/p>\n\n\n\n<p><span style=\"text-decoration: underline;\">ab 20.00 Uhr (Prime Video)<\/span><\/p>\n\n\n\n<p><em><strong>Manchester United<\/strong><\/em><em style=\"\"><strong style=\"font-weight: bold;\"> <\/strong><\/em><strong style=\"font-weight: bold;\"><em><b style=\"font-style: italic;\">\u2013<\/b><\/em> <\/strong><span><em><strong>FC Bayern M\u00fcnchen<\/strong><\/em><\/span> <em><strong>(21.00 Uhr)<\/strong><\/em> <br><img loading=\"lazy\" decoding=\"async\" width=\"10\" height=\"21\" class=\"wp-image-3656\" style=\"width: 10px;\" src=\"http:\/\/kommentatorenblog.de\/wp-content\/uploads\/2020\/09\/shure-55sh-ii-e1601485394796.jpg\" alt=\"\" srcset=\"http:\/\/kommentatorenblog.de\/wp-content\/uploads\/2020\/09\/shure-55sh-ii-e1601485394796.jpg 415w, http:\/\/kommentatorenblog.de\/wp-content\/uploads\/2020\/09\/shure-55sh-ii-e1601485394796-142x300.jpg 142w\" sizes=\"auto, (max-width: 10px) 100vw, 10px\" \/> Jonas Friedrich, Experte: Benedikt H\u00f6wedes<br>Field-Reporter\/innen: Annika Zimmermann und Sebastian Benesch<br>Moderation: Sebastian Hellmann, Expertin: Josephine Henning, Experten: Matthias Sammer und Nils Petersen<br>Highlight-Show: Lena Cassel und Patrick Owomoyela<\/p>\n\n\n\n<p><span style=\"text-decoration: underline;\">ab 20.30 Uhr (DAZN)<\/span><\/p>\n\n\n\n<p><strong style=\"font-style: italic;\"><em><strong>1. FC Union Berlin &#8211; Real Madrid<\/strong><\/em><\/strong><em><strong> (21.00 Uhr)<\/strong><\/em> <br><img loading=\"lazy\" decoding=\"async\" width=\"10\" height=\"21\" class=\"wp-image-3656\" style=\"width: 10px;\" src=\"http:\/\/kommentatorenblog.de\/wp-content\/uploads\/2020\/09\/shure-55sh-ii-e1601485394796.jpg\" alt=\"\" srcset=\"http:\/\/kommentatorenblog.de\/wp-content\/uploads\/2020\/09\/shure-55sh-ii-e1601485394796.jpg 415w, http:\/\/kommentatorenblog.de\/wp-content\/uploads\/2020\/09\/shure-55sh-ii-e1601485394796-142x300.jpg 142w\" sizes=\"auto, (max-width: 10px) 100vw, 10px\" \/> Marco Hagemann, Experte: Seb Knei\u00dfl (Einzelspiel), Michael Born (Konferenz)<br>Field-Reporterin: Laura Wontorra<\/p>\n\n\n\n<p><span style=\"text-decoration: underline;\">ab 20.45 Uhr (DAZN)<\/span><\/p>\n\n\n\n<p><strong style=\"font-style: italic;\"><em><strong>Inter Mailand &#8211; Real Sociedad<\/strong><\/em><\/strong><em><strong> (21.00 Uhr)<\/strong><\/em> <br><img loading=\"lazy\" decoding=\"async\" width=\"10\" height=\"21\" class=\"wp-image-3656\" style=\"width: 10px;\" src=\"http:\/\/kommentatorenblog.de\/wp-content\/uploads\/2020\/09\/shure-55sh-ii-e1601485394796.jpg\" alt=\"\" srcset=\"http:\/\/kommentatorenblog.de\/wp-content\/uploads\/2020\/09\/shure-55sh-ii-e1601485394796.jpg 415w, http:\/\/kommentatorenblog.de\/wp-content\/uploads\/2020\/09\/shure-55sh-ii-e1601485394796-142x300.jpg 142w\" sizes=\"auto, (max-width: 10px) 100vw, 10px\" \/> Carsten Fu\u00df (Einzelspiel), Freddy Harder (Konferenz)<\/p>\n\n\n\n<p><strong style=\"font-style: italic;\"><em><strong>FC Salzburg &#8211; Benfica<\/strong><\/em><\/strong><em><strong> (21.00 Uhr)<\/strong><\/em> <br><img loading=\"lazy\" decoding=\"async\" width=\"10\" height=\"21\" class=\"wp-image-3656\" style=\"width: 10px;\" src=\"http:\/\/kommentatorenblog.de\/wp-content\/uploads\/2020\/09\/shure-55sh-ii-e1601485394796.jpg\" alt=\"\" srcset=\"http:\/\/kommentatorenblog.de\/wp-content\/uploads\/2020\/09\/shure-55sh-ii-e1601485394796.jpg 415w, http:\/\/kommentatorenblog.de\/wp-content\/uploads\/2020\/09\/shure-55sh-ii-e1601485394796-142x300.jpg 142w\" sizes=\"auto, (max-width: 10px) 100vw, 10px\" \/> Manuel Angstenberger (Einzelspiel), Oliver Forster (Konferenz)<\/p>\n\n\n\n<p><strong style=\"font-style: italic;\"><em><strong>Neapel &#8211; Braga<\/strong><\/em><\/strong><em><strong> (21.00 Uhr)<\/strong><\/em> <br><img loading=\"lazy\" decoding=\"async\" width=\"10\" height=\"21\" class=\"wp-image-3656\" style=\"width: 10px;\" src=\"http:\/\/kommentatorenblog.de\/wp-content\/uploads\/2020\/09\/shure-55sh-ii-e1601485394796.jpg\" alt=\"\" srcset=\"http:\/\/kommentatorenblog.de\/wp-content\/uploads\/2020\/09\/shure-55sh-ii-e1601485394796.jpg 415w, http:\/\/kommentatorenblog.de\/wp-content\/uploads\/2020\/09\/shure-55sh-ii-e1601485394796-142x300.jpg 142w\" sizes=\"auto, (max-width: 10px) 100vw, 10px\" \/> David Ploch (Einzelspiel), Mario Rieker (Konferenz)<\/p>\n\n\n\n<p><strong style=\"font-style: italic;\"><em><strong>Kopenhagen &#8211; Galatasaray<\/strong><\/em><\/strong><em><strong> (21.00 Uhr)<\/strong><\/em> <br><img loading=\"lazy\" decoding=\"async\" width=\"10\" height=\"21\" class=\"wp-image-3656\" style=\"width: 10px;\" src=\"http:\/\/kommentatorenblog.de\/wp-content\/uploads\/2020\/09\/shure-55sh-ii-e1601485394796.jpg\" alt=\"\" srcset=\"http:\/\/kommentatorenblog.de\/wp-content\/uploads\/2020\/09\/shure-55sh-ii-e1601485394796.jpg 415w, http:\/\/kommentatorenblog.de\/wp-content\/uploads\/2020\/09\/shure-55sh-ii-e1601485394796-142x300.jpg 142w\" sizes=\"auto, (max-width: 10px) 100vw, 10px\" \/> Guido H\u00fcsgen (Einzelspiel), Flo Hauser (Konferenz)<\/p>\n\n\n\n<p>Moderation (DAZN): Freddy Harder<\/p>\n\n\n\n<p><span style=\"text-decoration: underline;\">Mittwoch, <span style=\"text-decoration: underline;\">13. Dezember<\/span>r 2023, ab 18.30 Uhr (DAZN)<\/span><\/p>\n\n\n\n<p><strong style=\"font-style: italic;\"><em><strong>RB Leipzig &#8211; Young Boys<\/strong><\/em><\/strong><em><strong> (18.45 Uhr)<\/strong><\/em> <br><img loading=\"lazy\" decoding=\"async\" width=\"10\" height=\"21\" class=\"wp-image-3656\" style=\"width: 10px;\" src=\"http:\/\/kommentatorenblog.de\/wp-content\/uploads\/2020\/09\/shure-55sh-ii-e1601485394796.jpg\" alt=\"\" srcset=\"http:\/\/kommentatorenblog.de\/wp-content\/uploads\/2020\/09\/shure-55sh-ii-e1601485394796.jpg 415w, http:\/\/kommentatorenblog.de\/wp-content\/uploads\/2020\/09\/shure-55sh-ii-e1601485394796-142x300.jpg 142w\" sizes=\"auto, (max-width: 10px) 100vw, 10px\" \/> Uli Hebel, Experte: Benny Lauth (Einzelspiel), Michael Born (Konferenz)<\/p>\n\n\n\n<p>Field- Reporter: Benni Zander<\/p>\n\n\n\n<p><strong style=\"font-style: italic;\"><em><strong>Roter Stern Belgrad &#8211; Manchester City<\/strong><\/em><\/strong><em><strong> (18.45 Uhr)<\/strong><\/em> <br><img loading=\"lazy\" decoding=\"async\" width=\"10\" height=\"21\" class=\"wp-image-3656\" style=\"width: 10px;\" src=\"http:\/\/kommentatorenblog.de\/wp-content\/uploads\/2020\/09\/shure-55sh-ii-e1601485394796.jpg\" alt=\"\" srcset=\"http:\/\/kommentatorenblog.de\/wp-content\/uploads\/2020\/09\/shure-55sh-ii-e1601485394796.jpg 415w, http:\/\/kommentatorenblog.de\/wp-content\/uploads\/2020\/09\/shure-55sh-ii-e1601485394796-142x300.jpg 142w\" sizes=\"auto, (max-width: 10px) 100vw, 10px\" \/> Stephanie Baczyk (Einzelspiel), Franz B\u00fcchner (Konferenz)<\/p>\n\n\n\n<p><span style=\"text-decoration: underline;\">ab 20.15 Uhr (DAZN)<\/span><\/p>\n\n\n\n<p><strong style=\"font-style: italic;\"><em><strong>Borussia Dortmund &#8211; Paris Saint- Germain<\/strong><\/em><\/strong><em><strong> (21.00 Uhr)<\/strong><\/em> <br><img loading=\"lazy\" decoding=\"async\" width=\"10\" height=\"21\" class=\"wp-image-3656\" style=\"width: 10px;\" src=\"http:\/\/kommentatorenblog.de\/wp-content\/uploads\/2020\/09\/shure-55sh-ii-e1601485394796.jpg\" alt=\"\" srcset=\"http:\/\/kommentatorenblog.de\/wp-content\/uploads\/2020\/09\/shure-55sh-ii-e1601485394796.jpg 415w, http:\/\/kommentatorenblog.de\/wp-content\/uploads\/2020\/09\/shure-55sh-ii-e1601485394796-142x300.jpg 142w\" sizes=\"auto, (max-width: 10px) 100vw, 10px\" \/> Jan Platte, Experte: Michael Ballack  (Einzelspiel), Lukas Sch\u00f6nm\u00fcller (Konferenz)<br>Moderation: Alex Schl\u00fcter, Field-Reporter: Daniel Herzog<\/p>\n\n\n\n<p><span style=\"text-decoration: underline;\">ab 20.45 Uhr (DAZN)<\/span><\/p>\n\n\n\n<p><strong style=\"font-style: italic;\"><em><strong>Newcastle United &#8211; AC Mailand<\/strong><\/em><\/strong><em><strong> (21.00 Uhr)<\/strong><\/em> <br><img loading=\"lazy\" decoding=\"async\" width=\"10\" height=\"21\" class=\"wp-image-3656\" style=\"width: 10px;\" src=\"http:\/\/kommentatorenblog.de\/wp-content\/uploads\/2020\/09\/shure-55sh-ii-e1601485394796.jpg\" alt=\"\" srcset=\"http:\/\/kommentatorenblog.de\/wp-content\/uploads\/2020\/09\/shure-55sh-ii-e1601485394796.jpg 415w, http:\/\/kommentatorenblog.de\/wp-content\/uploads\/2020\/09\/shure-55sh-ii-e1601485394796-142x300.jpg 142w\" sizes=\"auto, (max-width: 10px) 100vw, 10px\" \/> Nico Seepe (Einzelspiel), Marcel Seufert (Konferenz)<\/p>\n\n\n\n<p><strong style=\"font-style: italic;\"><em><strong>Atletico Madrid &#8211; Lazio Rom<\/strong><\/em><\/strong><em><strong> (21.00 Uhr)<\/strong><\/em> <br><img loading=\"lazy\" decoding=\"async\" width=\"10\" height=\"21\" class=\"wp-image-3656\" style=\"width: 10px;\" src=\"http:\/\/kommentatorenblog.de\/wp-content\/uploads\/2020\/09\/shure-55sh-ii-e1601485394796.jpg\" alt=\"\" srcset=\"http:\/\/kommentatorenblog.de\/wp-content\/uploads\/2020\/09\/shure-55sh-ii-e1601485394796.jpg 415w, http:\/\/kommentatorenblog.de\/wp-content\/uploads\/2020\/09\/shure-55sh-ii-e1601485394796-142x300.jpg 142w\" sizes=\"auto, (max-width: 10px) 100vw, 10px\" \/> Carsten Fu\u00df (Einzelspiel),&nbsp;Freddie Schulz (Konferenz)<\/p>\n\n\n\n<p><strong style=\"font-style: italic;\"><em><strong>Celtic Glasgow &#8211; Feyenoord Rotterdam<\/strong><\/em><\/strong><em><strong> (21.00 Uhr)<\/strong><\/em> <br><img loading=\"lazy\" decoding=\"async\" width=\"10\" height=\"21\" class=\"wp-image-3656\" style=\"width: 10px;\" src=\"http:\/\/kommentatorenblog.de\/wp-content\/uploads\/2020\/09\/shure-55sh-ii-e1601485394796.jpg\" alt=\"\" srcset=\"http:\/\/kommentatorenblog.de\/wp-content\/uploads\/2020\/09\/shure-55sh-ii-e1601485394796.jpg 415w, http:\/\/kommentatorenblog.de\/wp-content\/uploads\/2020\/09\/shure-55sh-ii-e1601485394796-142x300.jpg 142w\" sizes=\"auto, (max-width: 10px) 100vw, 10px\" \/> Ruben Zimmermann (Einzelspiel), Tom Kirsten (Konferenz)<\/p>\n\n\n\n<p><strong style=\"font-style: italic;\"><em><strong>FC Porto &#8211; Donezk<\/strong><\/em><\/strong><em><strong> (21.00 Uhr)<\/strong><\/em> <br><img loading=\"lazy\" decoding=\"async\" width=\"10\" height=\"21\" class=\"wp-image-3656\" style=\"width: 10px;\" src=\"http:\/\/kommentatorenblog.de\/wp-content\/uploads\/2020\/09\/shure-55sh-ii-e1601485394796.jpg\" alt=\"\" srcset=\"http:\/\/kommentatorenblog.de\/wp-content\/uploads\/2020\/09\/shure-55sh-ii-e1601485394796.jpg 415w, http:\/\/kommentatorenblog.de\/wp-content\/uploads\/2020\/09\/shure-55sh-ii-e1601485394796-142x300.jpg 142w\" sizes=\"auto, (max-width: 10px) 100vw, 10px\" \/> Simon Sterzer (Einzelspiel), Christoph Stadtler (Konferenz)<\/p>\n\n\n\n<p><strong style=\"font-style: italic;\">Royal <em><strong>Antwerpen &#8211; FC Barcelona<\/strong><\/em><\/strong><em><strong> (21.00 Uhr)<\/strong><\/em> <br><img loading=\"lazy\" decoding=\"async\" width=\"10\" height=\"21\" class=\"wp-image-3656\" style=\"width: 10px;\" src=\"http:\/\/kommentatorenblog.de\/wp-content\/uploads\/2020\/09\/shure-55sh-ii-e1601485394796.jpg\" alt=\"\" srcset=\"http:\/\/kommentatorenblog.de\/wp-content\/uploads\/2020\/09\/shure-55sh-ii-e1601485394796.jpg 415w, http:\/\/kommentatorenblog.de\/wp-content\/uploads\/2020\/09\/shure-55sh-ii-e1601485394796-142x300.jpg 142w\" sizes=\"auto, (max-width: 10px) 100vw, 10px\" \/> Uwe Morawe (Einzelspiel), Max Gross (Konferenz)<\/p>\n\n\n\n<p>Moderation: Mario Rieker<\/p>\n\n\n\n<p><strong>UEFA Women\u00b4s Champions League, 3. Spieltag (DAZN\/DAZN Rise)<\/strong><\/p>\n\n\n\n<p><span style=\"text-decoration: underline;\">Mittwoch, <span style=\"text-decoration: underline;\">13. Dezember<\/span> 2023, ab 18.45 Uhr (DAZN)<\/span><\/p>\n\n\n\n<p><strong style=\"font-style: italic;\"><em><strong>St. P\u00f6lten &#8211; Slavia Prag<\/strong><\/em><\/strong><em><strong> (18.45 Uhr)<\/strong><\/em> <br><img loading=\"lazy\" decoding=\"async\" width=\"10\" height=\"21\" class=\"wp-image-3656\" style=\"width: 10px;\" src=\"http:\/\/kommentatorenblog.de\/wp-content\/uploads\/2020\/09\/shure-55sh-ii-e1601485394796.jpg\" alt=\"\" srcset=\"http:\/\/kommentatorenblog.de\/wp-content\/uploads\/2020\/09\/shure-55sh-ii-e1601485394796.jpg 415w, http:\/\/kommentatorenblog.de\/wp-content\/uploads\/2020\/09\/shure-55sh-ii-e1601485394796-142x300.jpg 142w\" sizes=\"auto, (max-width: 10px) 100vw, 10px\" \/> Matthias Naebers<\/p>\n\n\n\n<p><span style=\"text-decoration: underline;\">ab 21.00 Uhr (DAZN)<\/span><\/p>\n\n\n\n<p><strong style=\"font-style: italic;\"><em><strong>Benfica &#8211; Eintracht Frankfurt<\/strong><\/em><\/strong><em><strong> (21.00 Uhr)<\/strong><\/em> <br><img loading=\"lazy\" decoding=\"async\" width=\"10\" height=\"21\" class=\"wp-image-3656\" style=\"width: 10px;\" src=\"http:\/\/kommentatorenblog.de\/wp-content\/uploads\/2020\/09\/shure-55sh-ii-e1601485394796.jpg\" alt=\"\" srcset=\"http:\/\/kommentatorenblog.de\/wp-content\/uploads\/2020\/09\/shure-55sh-ii-e1601485394796.jpg 415w, http:\/\/kommentatorenblog.de\/wp-content\/uploads\/2020\/09\/shure-55sh-ii-e1601485394796-142x300.jpg 142w\" sizes=\"auto, (max-width: 10px) 100vw, 10px\" \/>  Oliver Fa\u00dfnacht, Expertin: Turid Knaak (Einzelspiel), Christoph Fetzer (Konferenz)<\/p>\n\n\n\n<p><span style=\"text-decoration: underline;\">Donnerstag <span style=\"text-decoration: underline;\">14. Dezember<\/span> 2023, ab 18.45 Uhr (DAZN)<\/span><\/p>\n\n\n\n<p><strong style=\"font-style: italic;\"><em><strong>FC Bayern M\u00fcnchen &#8211; Ajax<\/strong><\/em> Amsterdam<\/strong><em><strong> (18.45 Uhr)<\/strong><\/em> <br><img loading=\"lazy\" decoding=\"async\" width=\"10\" height=\"21\" class=\"wp-image-3656\" style=\"width: 10px;\" src=\"http:\/\/kommentatorenblog.de\/wp-content\/uploads\/2020\/09\/shure-55sh-ii-e1601485394796.jpg\" alt=\"\" srcset=\"http:\/\/kommentatorenblog.de\/wp-content\/uploads\/2020\/09\/shure-55sh-ii-e1601485394796.jpg 415w, http:\/\/kommentatorenblog.de\/wp-content\/uploads\/2020\/09\/shure-55sh-ii-e1601485394796-142x300.jpg 142w\" sizes=\"auto, (max-width: 10px) 100vw, 10px\" \/> Markus Theil, Expertin: Carmen H\u00f6fflin<\/p>\n\n\n\n<hr class=\"wp-block-separator is-style-default\"\/>\n\n\n\n<p><strong>UEFA Europa League \/ UEFA Europa Conference League, 6. Spieltag (RTL+\/RTL)<\/strong><\/p>\n\n\n\n<p><span style=\"text-decoration: underline;\">Donnerstag, <span style=\"text-decoration: underline;\">14. Dezember<\/span> 2023, ab 18.15 Uhr (RTL+)<\/span><\/p>\n\n\n\n<p><strong style=\"font-style: italic;\"><em><strong>Bayer 04 Leverkusen \u2013 Molde FK<\/strong><\/em><\/strong> <em><strong> (18.45 Uhr)<\/strong><\/em> <br><img loading=\"lazy\" decoding=\"async\" width=\"10\" height=\"21\" class=\"wp-image-3656\" style=\"width: 10px;\" src=\"http:\/\/kommentatorenblog.de\/wp-content\/uploads\/2020\/09\/shure-55sh-ii-e1601485394796.jpg\" alt=\"\" srcset=\"http:\/\/kommentatorenblog.de\/wp-content\/uploads\/2020\/09\/shure-55sh-ii-e1601485394796.jpg 415w, http:\/\/kommentatorenblog.de\/wp-content\/uploads\/2020\/09\/shure-55sh-ii-e1601485394796-142x300.jpg 142w\" sizes=\"auto, (max-width: 10px) 100vw, 10px\" \/> Robby Hunke, Experte: Patrick Helmes (Einzelspiel), J\u00fcrgen Schmitz (Konferenz)<\/p>\n\n\n\n<p>Field-Reporter: Jonas Gerdes<\/p>\n\n\n\n<p><strong style=\"font-style: italic;\"><em><strong>FC Aberdeen &#8211; Eintracht Frankfurt<\/strong><\/em><\/strong><em><strong> (18.45 Uhr)<\/strong><\/em> <br><img loading=\"lazy\" decoding=\"async\" width=\"10\" height=\"21\" class=\"wp-image-3656\" style=\"width: 10px;\" src=\"http:\/\/kommentatorenblog.de\/wp-content\/uploads\/2020\/09\/shure-55sh-ii-e1601485394796.jpg\" alt=\"\" srcset=\"http:\/\/kommentatorenblog.de\/wp-content\/uploads\/2020\/09\/shure-55sh-ii-e1601485394796.jpg 415w, http:\/\/kommentatorenblog.de\/wp-content\/uploads\/2020\/09\/shure-55sh-ii-e1601485394796-142x300.jpg 142w\" sizes=\"auto, (max-width: 10px) 100vw, 10px\" \/> Cornelius K\u00fcpper, Experte: Ansgar Brinkmann (Einzelspiel), Alexander Klich(Konferenz)<\/p>\n\n\n\n<p>Field-Reporter: Christoph K\u00fcppers<\/p>\n\n\n\n<p><strong style=\"font-style: italic;\"><em><strong>Union Saint-Gilloise &#8211; FC Liverpool&nbsp;<\/strong><\/em><\/strong><em><strong> (18.45 Uhr)<\/strong><\/em> <br><img loading=\"lazy\" decoding=\"async\" width=\"10\" height=\"21\" class=\"wp-image-3656\" style=\"width: 10px;\" src=\"http:\/\/kommentatorenblog.de\/wp-content\/uploads\/2020\/09\/shure-55sh-ii-e1601485394796.jpg\" alt=\"\" srcset=\"http:\/\/kommentatorenblog.de\/wp-content\/uploads\/2020\/09\/shure-55sh-ii-e1601485394796.jpg 415w, http:\/\/kommentatorenblog.de\/wp-content\/uploads\/2020\/09\/shure-55sh-ii-e1601485394796-142x300.jpg 142w\" sizes=\"auto, (max-width: 10px) 100vw, 10px\" \/> Tim Hemmrich (Einzelspiel), Philip Konrad (Konferenz)<\/p>\n\n\n\n<p><strong style=\"font-style: italic;\"><em><strong>Fenerbahce Istanbul \u2013 Spartak Trnava&nbsp;<\/strong><\/em><\/strong><em><strong> (18.45 Uhr)<\/strong><\/em> <br><img loading=\"lazy\" decoding=\"async\" width=\"10\" height=\"21\" class=\"wp-image-3656\" style=\"width: 10px;\" src=\"http:\/\/kommentatorenblog.de\/wp-content\/uploads\/2020\/09\/shure-55sh-ii-e1601485394796.jpg\" alt=\"\" srcset=\"http:\/\/kommentatorenblog.de\/wp-content\/uploads\/2020\/09\/shure-55sh-ii-e1601485394796.jpg 415w, http:\/\/kommentatorenblog.de\/wp-content\/uploads\/2020\/09\/shure-55sh-ii-e1601485394796-142x300.jpg 142w\" sizes=\"auto, (max-width: 10px) 100vw, 10px\" \/> Rene Langhoff (Einzelspiel), Heiko Wasser (Konferenz)<\/p>\n\n\n\n<p><span style=\"text-decoration: underline;\">ab 20.40 Uhr (RTL\/RTL+)<\/span><\/p>\n\n\n\n<p><strong style=\"font-style: italic;\"><em><strong>West Ham United &#8211; SC Freiburg<\/strong><\/em><\/strong><em><strong> (21.00 Uhr)<\/strong><\/em><\/p>\n\n\n\n<p><img loading=\"lazy\" decoding=\"async\" width=\"10\" height=\"21\" class=\"wp-image-3656\" style=\"width: 10px;\" src=\"http:\/\/kommentatorenblog.de\/wp-content\/uploads\/2020\/09\/shure-55sh-ii-e1601485394796.jpg\" alt=\"\" srcset=\"http:\/\/kommentatorenblog.de\/wp-content\/uploads\/2020\/09\/shure-55sh-ii-e1601485394796.jpg 415w, http:\/\/kommentatorenblog.de\/wp-content\/uploads\/2020\/09\/shure-55sh-ii-e1601485394796-142x300.jpg 142w\" sizes=\"auto, (max-width: 10px) 100vw, 10px\" \/> <em>RTL: <\/em>Marco Hagemann, Experte: Steffen Freund<\/p>\n\n\n\n<p>Field-Reporter: Felix G\u00f6rner, Jan Krebs<br>Moderation (<em>RTL<\/em>): Laura Papendick, Experte: Lothar Matth\u00e4us<\/p>\n\n\n\n<p><img loading=\"lazy\" decoding=\"async\" width=\"10\" height=\"21\" class=\"wp-image-3656\" style=\"width: 10px;\" src=\"http:\/\/kommentatorenblog.de\/wp-content\/uploads\/2020\/09\/shure-55sh-ii-e1601485394796.jpg\" alt=\"\" srcset=\"http:\/\/kommentatorenblog.de\/wp-content\/uploads\/2020\/09\/shure-55sh-ii-e1601485394796.jpg 415w, http:\/\/kommentatorenblog.de\/wp-content\/uploads\/2020\/09\/shure-55sh-ii-e1601485394796-142x300.jpg 142w\" sizes=\"auto, (max-width: 10px) 100vw, 10px\" \/> <em>RTL+: <\/em>Oliver Seidler (Einzelspiel), Klaus Veltman (Konferenz)<\/p>\n\n\n\n<p><span style=\"text-decoration: underline;\">ab 20.40 Uhr (RTL+)<\/span><\/p>\n\n\n\n<p><strong style=\"font-style: italic;\"><em><strong>Ajax Amsterdam \u2013 AEK Athen<\/strong><\/em><\/strong> <em><strong>(21.00 Uhr)<\/strong><\/em> <br><img loading=\"lazy\" decoding=\"async\" width=\"10\" height=\"21\" class=\"wp-image-3656\" style=\"width: 10px;\" src=\"http:\/\/kommentatorenblog.de\/wp-content\/uploads\/2020\/09\/shure-55sh-ii-e1601485394796.jpg\" alt=\"\" srcset=\"http:\/\/kommentatorenblog.de\/wp-content\/uploads\/2020\/09\/shure-55sh-ii-e1601485394796.jpg 415w, http:\/\/kommentatorenblog.de\/wp-content\/uploads\/2020\/09\/shure-55sh-ii-e1601485394796-142x300.jpg 142w\" sizes=\"auto, (max-width: 10px) 100vw, 10px\" \/> Julian Engelhard (Einzelspiel), Stefan Galler (Konferenz)<\/p>\n\n\n\n<p><strong style=\"font-style: italic;\"><em><strong>Real Betis &#8211; Glasgow Rangers<\/strong><\/em><\/strong> <em><strong>(21.00 Uhr)<\/strong><\/em> <br><img loading=\"lazy\" decoding=\"async\" width=\"10\" height=\"21\" class=\"wp-image-3656\" style=\"width: 10px;\" src=\"http:\/\/kommentatorenblog.de\/wp-content\/uploads\/2020\/09\/shure-55sh-ii-e1601485394796.jpg\" alt=\"\" srcset=\"http:\/\/kommentatorenblog.de\/wp-content\/uploads\/2020\/09\/shure-55sh-ii-e1601485394796.jpg 415w, http:\/\/kommentatorenblog.de\/wp-content\/uploads\/2020\/09\/shure-55sh-ii-e1601485394796-142x300.jpg 142w\" sizes=\"auto, (max-width: 10px) 100vw, 10px\" \/> Frederick Schulz (Einzelspiel), Florian von Steckelberg (Konferenz)<\/p>\n\n\n\n<p><strong style=\"font-style: italic;\"><em><strong>Brighton &amp; Hove Albion \u2013 Olympique Marseille<\/strong><\/em><\/strong><em><strong> (21.00 Uhr)<\/strong><\/em> <br><img loading=\"lazy\" decoding=\"async\" width=\"10\" height=\"21\" class=\"wp-image-3656\" style=\"width: 10px;\" src=\"http:\/\/kommentatorenblog.de\/wp-content\/uploads\/2020\/09\/shure-55sh-ii-e1601485394796.jpg\" alt=\"\" srcset=\"http:\/\/kommentatorenblog.de\/wp-content\/uploads\/2020\/09\/shure-55sh-ii-e1601485394796.jpg 415w, http:\/\/kommentatorenblog.de\/wp-content\/uploads\/2020\/09\/shure-55sh-ii-e1601485394796-142x300.jpg 142w\" sizes=\"auto, (max-width: 10px) 100vw, 10px\" \/> Christoph Stadtler (Einzelspiel), Christian Strassburger (Konferenz)<\/p>\n\n\n\n<p>Moderation (RTL+): Anna Kraft, Experte: Felix Kroos<br>Community Host: Alessa-Luisa Naujoks<\/p>\n\n\n\n<hr class=\"wp-block-separator is-style-default\"\/>\n\n\n\n<p><strong>UEFA Youth League, 6. Spieltag (DAZN)<\/strong><\/p>\n\n\n\n<p><span style=\"text-decoration: underline;\">Mittwoch, <span style=\"text-decoration: underline;\">13. Dezember<\/span> 2023<\/span><\/p>\n\n\n\n<p><strong style=\"font-style: italic;\"><em><strong>Borussia Dortmund U19 &#8211; PSG U19<\/strong><\/em><\/strong><em><strong> <\/strong><\/em><em><strong>(16.00 Uhr)<\/strong><\/em> <br><img loading=\"lazy\" decoding=\"async\" width=\"10\" height=\"21\" class=\"wp-image-3656\" style=\"width: 10px;\" src=\"http:\/\/kommentatorenblog.de\/wp-content\/uploads\/2020\/09\/shure-55sh-ii-e1601485394796.jpg\" alt=\"\" srcset=\"http:\/\/kommentatorenblog.de\/wp-content\/uploads\/2020\/09\/shure-55sh-ii-e1601485394796.jpg 415w, http:\/\/kommentatorenblog.de\/wp-content\/uploads\/2020\/09\/shure-55sh-ii-e1601485394796-142x300.jpg 142w\" sizes=\"auto, (max-width: 10px) 100vw, 10px\" \/> Korbinian Rundel<\/p>\n\n\n\n<hr class=\"wp-block-separator is-style-default\"\/>\n\n\n\n<p><strong>Sky Bet Championship (21. Spieltag) (Sportdigital Fu\u00dfball)<\/strong><\/p>\n\n\n\n<p><span style=\"text-decoration: underline;\">Dienstag, 12. Dezember 2023, ab 20.50 Uhr<\/span><\/p>\n\n\n\n<p><strong style=\"font-style: italic;\"><em><strong>AFC Sunderland &#8211; Leeds United<\/strong><\/em><\/strong><em><strong> (21.00 Uhr)<\/strong><\/em> <br><img loading=\"lazy\" decoding=\"async\" width=\"10\" height=\"21\" class=\"wp-image-3656\" style=\"width: 10px;\" src=\"http:\/\/kommentatorenblog.de\/wp-content\/uploads\/2020\/09\/shure-55sh-ii-e1601485394796.jpg\" alt=\"\" srcset=\"http:\/\/kommentatorenblog.de\/wp-content\/uploads\/2020\/09\/shure-55sh-ii-e1601485394796.jpg 415w, http:\/\/kommentatorenblog.de\/wp-content\/uploads\/2020\/09\/shure-55sh-ii-e1601485394796-142x300.jpg 142w\" sizes=\"auto, (max-width: 10px) 100vw, 10px\" \/> Jonathan Dreier<\/p>\n\n\n\n<p><span style=\"text-decoration: underline;\">Mittwoch, 13. Dezember 2023, ab 20.50 Uhr<\/span><\/p>\n\n\n\n<p><strong style=\"font-style: italic;\"><em><strong>FC Middlesbrough &#8211; Hull City<\/strong><\/em><\/strong><em><strong> (21.00 Uhr)<\/strong><\/em> <br><img loading=\"lazy\" decoding=\"async\" width=\"10\" height=\"21\" class=\"wp-image-3656\" style=\"width: 10px;\" src=\"http:\/\/kommentatorenblog.de\/wp-content\/uploads\/2020\/09\/shure-55sh-ii-e1601485394796.jpg\" alt=\"\" srcset=\"http:\/\/kommentatorenblog.de\/wp-content\/uploads\/2020\/09\/shure-55sh-ii-e1601485394796.jpg 415w, http:\/\/kommentatorenblog.de\/wp-content\/uploads\/2020\/09\/shure-55sh-ii-e1601485394796-142x300.jpg 142w\" sizes=\"auto, (max-width: 10px) 100vw, 10px\" \/> Karsten Linke<\/p>\n\n\n\n<hr class=\"wp-block-separator is-style-default\"\/>\n\n\n\n<hr class=\"wp-block-separator is-style-default\"\/>\n\n\n\n<hr class=\"wp-block-separator\"\/>\n\n\n\n<p><strong><code>ANALYSE<\/code><\/strong><\/p>\n\n\n\n<p>Prime hat sich am 6. Spieltag der Champions League der M\u00e4nner erneut die Bayern geschnappt, hier ist zwar bereits alles klar, aber trotzdem d\u00fcrften sie am meisten Zuschauer von den deutschen CL- Teilnehmer vor den Bildschirm holen. Als Kommentator fungiert bei der Partie wie gewohnt Jonas Friedrich, an seiner Seite: Experte Benedikt H\u00f6wedes.<\/p>\n\n\n\n<p>Alle weiteren CL- Spiele bei den Herren am Dienstag sowie alle Spiele am Mittwoch wird es dann bei DAZN im Einzelspiel und in der Konferenz geben. Mit dabei ist dann auch das Spiel der Unioner bei Real Madrid. Kommentieren wird Marco Hagemann zusammen mit Sebastian Knei\u00dfl, Laura Wontorra ist ebenso im Stadion und wird auf Stimmenfang gehen. In der Konferenz \u00fcbernimmt Michael Born die Konferenz, in der Oliver Forster wohl zwei Eins\u00e4tze haben wird, erst beim fr\u00fchen und dann beim sp\u00e4ten Spiel. Ob Freddy Harder allerdings sowohl kommentieren als auch moderieren wird, halte ich f\u00fcr fraglich.<\/p>\n\n\n\n<p>Am Mittwoch hat RB Leipzig das fr\u00fche Spiel, hier schickt man Benni Zander f\u00fcr die Interviews ins Stadion, w\u00e4hrend Uli Hebel ohne Experte aus der Box kommentiert.<\/p>\n\n\n\n<p>Der BVB empf\u00e4ngt dann ab 21.00 Uhr PSG zum letzten Spieltag in der Gruppenphase. Im Vergleich zum Leipzig- Spiel ist hier die On- Air- Crew doppelt so gro\u00df und komplett vor Ort. Ebenso am Mittwoch spielt noch Eintracht Frankfurt in der Champions League der Frauen. Zu sehen bei DAZN, und zwar im Einzelspiel, aber auch in der Konferenz mit den CL- Partien der M\u00e4nner, hier kommentiert Christoph Fetzer.<\/p>\n\n\n\n<p>Am Donnerstag spielen dann die M\u00fcnchnerinnen ihren 3. Spieltag gegen Ajax Amsterdam. Kommentieren wird Stephanie Baczyk zusammen mit Expertin Carmen H\u00f6fflin. F\u00fcr Baczyk wird es der dritte Einsatz hintereinander sein: Am Dienstag kommentiert sie das Spiel von Union in der Netcast- Konferenz der Sportschau, am Mittwoch dann Belgrad- ManCity und am Donnerstag dann eben die Bayern.<\/p>\n\n\n\n<p>W\u00e4hrend die M\u00fcnchnerinnen ihre CL- Partie spielen, stehen in der Europa (Conference) League Bayer Leverkusen und Eintracht Frankfurt in ihrem letzten Gruppenspiel auf dem Platz. Hunke \u00fcbernimmt mit Helmes die Leverkusener im Einzelspiel, Cornelius K\u00fcpper zusammen mit Brinkmann die Eintracht. Wenig \u00fcberraschende Ansetzungen also. Die Free-TV- Partie am Donnerstag wird dann das Ausw\u00e4rtsspiel des Sport Clubs bei West Ham United sein. RTL- Kommentatoren sind nat\u00fcrlich Marco Hagemann und Steffen Freund, Papendick moderiert wie gewohnt mit Experte Matth\u00e4us an ihrer Seite. F\u00fcr RTL+ \u00fcbernimmt Oliver Seidler (ohne Co- Kommentator) die Partie der Freiburger. W\u00e4hrend RTL+ wie gew\u00f6hnlich aus dem Studio sendet, ist RTL mit seiner ganzen Crew in London.<\/p>\n\n\n\n<p>Zus\u00e4tzlich gibt es noch Fu\u00dfball aus England bzw. der Youth League bei sportdigital bzw DAZN zu sehen. Am Donnerstag geht es hier dann mit dem n\u00e4chsten Beitrag von Hannes weiter, bis dahin eine sch\u00f6ne Woche und denkt an das Voting.<\/p>\n","protected":false},"excerpt":{"rendered":"<p>Hallo zusammen, wie bereits im letzten Beitrag erw\u00e4hnt, l\u00e4uft aktuell unser Voting. Zur Erinnerung aus den drei h\u00e4ufigsten genannten Personen und einem Vorschlag von uns kann in jeder Kategorie der oder die Beste ausgew\u00e4hlt werden. Ihr habt die M\u00f6glichkeit hier im Blog \u00fcber den Link unten oder \u00fcber Instagram in unserer t\u00e4glichen Story abzustimmen. Die [&hellip;]<\/p>\n","protected":false},"author":10,"featured_media":0,"comment_status":"open","ping_status":"open","sticky":false,"template":"","format":"standard","meta":{"footnotes":""},"categories":[425],"tags":[949,517,689,337,131,35,614,165,13,695,703,702,155,869,103,69,507,315,86,59,676,44,834,43,113,690,947,853,22,134,154,151,620,854],"class_list":["post-16226","post","type-post","status-publish","format-standard","hentry","category-champions-league-und-co","tag-alexander-klich-2","tag-anna-kraft","tag-ansgar-brinkmann","tag-benedikt-hoewedes","tag-carsten-fuss","tag-christian-strassburger","tag-cornelius-kuepper","tag-david-ploch","tag-dazn","tag-felix-kroos","tag-florian-von-stackelberg","tag-frederick-schulz","tag-guido-huesgen","tag-heiko-wasser-2","tag-jogi-hebel","tag-jonas-friedrich","tag-jonathan-dreier","tag-julian-engelhard","tag-juergen-schmitz","tag-karsten-linke","tag-klaus-veltman","tag-laura-wontorra","tag-manuel-angstenberger","tag-marco-hagemann","tag-oliver-seidler","tag-philip-konrad","tag-prime","tag-robert-hunke","tag-sky","tag-sportdigital-fussball","tag-stefan-galler","tag-steffen-freund","tag-stephanie-baczyk","tag-tim-hemmrich"],"_links":{"self":[{"href":"http:\/\/kommentatorenblog.de\/index.php?rest_route=\/wp\/v2\/posts\/16226","targetHints":{"allow":["GET"]}}],"collection":[{"href":"http:\/\/kommentatorenblog.de\/index.php?rest_route=\/wp\/v2\/posts"}],"about":[{"href":"http:\/\/kommentatorenblog.de\/index.php?rest_route=\/wp\/v2\/types\/post"}],"author":[{"embeddable":true,"href":"http:\/\/kommentatorenblog.de\/index.php?rest_route=\/wp\/v2\/users\/10"}],"replies":[{"embeddable":true,"href":"http:\/\/kommentatorenblog.de\/index.php?rest_route=%2Fwp%2Fv2%2Fcomments&post=16226"}],"version-history":[{"count":15,"href":"http:\/\/kommentatorenblog.de\/index.php?rest_route=\/wp\/v2\/posts\/16226\/revisions"}],"predecessor-version":[{"id":16264,"href":"http:\/\/kommentatorenblog.de\/index.php?rest_route=\/wp\/v2\/posts\/16226\/revisions\/16264"}],"wp:attachment":[{"href":"http:\/\/kommentatorenblog.de\/index.php?rest_route=%2Fwp%2Fv2%2Fmedia&parent=16226"}],"wp:term":[{"taxonomy":"category","embeddable":true,"href":"http:\/\/kommentatorenblog.de\/index.php?rest_route=%2Fwp%2Fv2%2Fcategories&post=16226"},{"taxonomy":"post_tag","embeddable":true,"href":"http:\/\/kommentatorenblog.de\/index.php?rest_route=%2Fwp%2Fv2%2Ftags&post=16226"}],"curies":[{"name":"wp","href":"https:\/\/api.w.org\/{rel}","templated":true}]}}