{"id":16586,"date":"2024-02-05T20:24:16","date_gmt":"2024-02-05T19:24:16","guid":{"rendered":"https:\/\/kommentatorenblog.de\/?p=16586"},"modified":"2024-02-08T20:16:27","modified_gmt":"2024-02-08T19:16:27","slug":"1400-viertelfinale-teil-2","status":"publish","type":"post","link":"http:\/\/kommentatorenblog.de\/?p=16586","title":{"rendered":"1400 &#8211; Viertelfinale Teil 2"},"content":{"rendered":"\n<p>Hallo zusammen, <\/p>\n\n\n\n<p>der Titel sagt es bereits, unter der Woche stehen die letzten beiden DFB- Pokal Viertelfinals der M\u00e4nner an. Bereits f\u00fcr das Halbfinale qualifiziert sind Fortuna D\u00fcsseldorf und der 1. FC Kaiserslautern.<\/p>\n\n\n\n<p>Nachdem ich letzte Woche \u00fcber das m\u00f6gliche Personal von ARD und ZDF spekuliert habe, heute der Blick zu Magenta Sport und RTL.<\/p>\n\n\n\n<p>Magenta TV hat hierbei auch schon ein Teil des Teams vorgestellt: Johannes B. Kerner \u00fcbernimmt, wie bei allen Magenta- Fu\u00dfball- Gro\u00dfereignissen die Moderation, zum Teil erfolgt diese dabei auch aus dem Stadion. Ebenfalls mit dabei wird auch wieder Wolff Fuss sein. Auch beim Experten- Team setzt man bei Michael Ballack und Tabea Kemme auf bew\u00e4hrtes, neu dabei sein wird zudem Shkodran Mustafi<\/p>\n\n\n\n<p><strong>RTL- Kooperation<\/strong><\/p>\n\n\n\n<p>Dank Sublizenzen von Magenta wird auch RTL neben dem Ersten und Zweiten Spiele der Euro frei empfangbar zeigen, die Berichterstattung dazu wird aber von der Telekom gestemmt. Als TV- Studio wird eines am RTL- Standort in K\u00f6ln genutzt. Gut m\u00f6glich also, dass RTL das Signal von Magenta \u00fcbernehmen und dadurch eventuell kein\/ wenig &#8222;eigenes&#8220; On- Air- Personal einsetzen wird. Nichtsdestotrotz d\u00fcrfte auch dann bekanntes RTL- Personal bei der EM vertreten waren, so waren in Hagemann, Wagner und Kraft auch einige bereits 2022 im Magenta- Team.<\/p>\n\n\n\n<p>Dazu d\u00fcrfte es bei Magenta auch nicht verwundern, wenn neben Fuss auch Jan Platte, Jonas Friedrich, Markus H\u00f6hner, Christina Rann, Christian Stra\u00dfburger, Benni Zander und Alexander Klich, die alle auch bei der WM 2022 im Einsatz waren, Spiele kommentieren werden. Wobei man im Vergleich zur WM weniger Spiele zeigen wird, dementsprechend wohl auch ein bisschen weniger Personal einsetzen k\u00f6nnte.<\/p>\n\n\n\n<hr class=\"wp-block-separator is-style-default\"\/>\n\n\n\n<p><strong>Ansetzungen vom 06. bis 09. Februar 2024 :<\/strong> <\/p>\n\n\n\n<hr class=\"wp-block-separator is-style-default\"\/>\n\n\n\n<p><strong>Bundesliga, Nachholspiel (DAZN)<\/strong><\/p>\n\n\n\n<p><span style=\"text-decoration: underline;\"><span style=\"text-decoration: underline;\">Mittwoch, 07. Februar 2024, ab 18.00 Uhr<\/span> <\/span><\/p>\n\n\n\n<p><em><strong>FSV Mainz 05 \u2013 Union Berlin (18.30 Uhr)<\/strong><\/em><br><img loading=\"lazy\" decoding=\"async\" width=\"10\" height=\"21\" class=\"wp-image-3656\" style=\"width: 10px;\" src=\"http:\/\/kommentatorenblog.de\/wp-content\/uploads\/2020\/09\/shure-55sh-ii-e1601485394796.jpg\" alt=\"\" srcset=\"http:\/\/kommentatorenblog.de\/wp-content\/uploads\/2020\/09\/shure-55sh-ii-e1601485394796.jpg 415w, http:\/\/kommentatorenblog.de\/wp-content\/uploads\/2020\/09\/shure-55sh-ii-e1601485394796-142x300.jpg 142w\" sizes=\"auto, (max-width: 10px) 100vw, 10px\" \/> Mario Rieker, Experte: Benny Lauth<\/p>\n\n\n\n<p>Moderation: Tobi Wahnschaffe, Field- Reporter: Lukas Sch\u00f6nm\u00fcller<\/p>\n\n\n\n<p><strong>DFB- Pokal der Herren, Viertelfinale (Sky\/ARD\/ZDF)<\/strong><\/p>\n\n\n\n<p><span style=\"text-decoration: underline;\"><span style=\"text-decoration: underline;\">Dienstag, 06. Februar 2024, ab 20.15 Uhr<\/span> (ARD\/Sky)<\/span><\/p>\n\n\n\n<p><em><strong>Bayer Leverkusen \u2013 VfB Stuttgart (20.45 Uhr)<\/strong><\/em><br><img loading=\"lazy\" decoding=\"async\" width=\"10\" height=\"21\" class=\"wp-image-3656\" style=\"width: 10px;\" src=\"http:\/\/kommentatorenblog.de\/wp-content\/uploads\/2020\/09\/shure-55sh-ii-e1601485394796.jpg\" alt=\"\" srcset=\"http:\/\/kommentatorenblog.de\/wp-content\/uploads\/2020\/09\/shure-55sh-ii-e1601485394796.jpg 415w, http:\/\/kommentatorenblog.de\/wp-content\/uploads\/2020\/09\/shure-55sh-ii-e1601485394796-142x300.jpg 142w\" sizes=\"auto, (max-width: 10px) 100vw, 10px\" \/> ARD: Tom Bartels, Expertin: Almuth Schult<\/p>\n\n\n\n<p>Moderation (ARD): Esther Sedlaczek, Experte: Bastian Schweinsteiger, Field- Reporter: J\u00fcrgen Bergener<\/p>\n\n\n\n<p><img loading=\"lazy\" decoding=\"async\" width=\"10\" height=\"21\" class=\"wp-image-3656\" style=\"width: 10px;\" src=\"http:\/\/kommentatorenblog.de\/wp-content\/uploads\/2020\/09\/shure-55sh-ii-e1601485394796.jpg\" alt=\"\" srcset=\"http:\/\/kommentatorenblog.de\/wp-content\/uploads\/2020\/09\/shure-55sh-ii-e1601485394796.jpg 415w, http:\/\/kommentatorenblog.de\/wp-content\/uploads\/2020\/09\/shure-55sh-ii-e1601485394796-142x300.jpg 142w\" sizes=\"auto, (max-width: 10px) 100vw, 10px\" \/> Sky: Wolff Fuss<\/p>\n\n\n\n<p>Moderation (Sky): Michael Leopold, Experte\/Gast: Franco Foda, Field- Reporterin: Nele Schenker<\/p>\n\n\n\n<p><span style=\"text-decoration: underline;\"><span style=\"text-decoration: underline;\"><span style=\"text-decoration: underline;\"><span style=\"text-decoration: underline;\">Mittwoch, 07. Februar 2024<\/span><\/span>, ab 20.15 Uhr<\/span> (ZDF\/Sky)<\/span><\/p>\n\n\n\n<p><em><strong>1.FC Saarbr\u00fccken \u2013 Borussia M\u00f6nchengladbach (20.45 Uhr)<\/strong><\/em><br><img loading=\"lazy\" decoding=\"async\" width=\"10\" height=\"21\" class=\"wp-image-3656\" style=\"width: 10px;\" src=\"http:\/\/kommentatorenblog.de\/wp-content\/uploads\/2020\/09\/shure-55sh-ii-e1601485394796.jpg\" alt=\"\" srcset=\"http:\/\/kommentatorenblog.de\/wp-content\/uploads\/2020\/09\/shure-55sh-ii-e1601485394796.jpg 415w, http:\/\/kommentatorenblog.de\/wp-content\/uploads\/2020\/09\/shure-55sh-ii-e1601485394796-142x300.jpg 142w\" sizes=\"auto, (max-width: 10px) 100vw, 10px\" \/> ZDF: Oliver Schmidt, Experte: Julian Schuster ?<\/p>\n\n\n\n<p>Moderation (ZDF): Katrin M\u00fcller- Hohenstein, Experte: Per Mertesacker, Field- Reporter: Andreas K\u00fcrten <\/p>\n\n\n\n<p><img loading=\"lazy\" decoding=\"async\" width=\"10\" height=\"21\" class=\"wp-image-3656\" style=\"width: 10px;\" src=\"http:\/\/kommentatorenblog.de\/wp-content\/uploads\/2020\/09\/shure-55sh-ii-e1601485394796.jpg\" alt=\"\" srcset=\"http:\/\/kommentatorenblog.de\/wp-content\/uploads\/2020\/09\/shure-55sh-ii-e1601485394796.jpg 415w, http:\/\/kommentatorenblog.de\/wp-content\/uploads\/2020\/09\/shure-55sh-ii-e1601485394796-142x300.jpg 142w\" sizes=\"auto, (max-width: 10px) 100vw, 10px\" \/> Sky: Kai Dittmann<\/p>\n\n\n\n<p>Moderation (Sky): Britta Hofmann, Field- Reporter: Yannick Erkenbrecher<\/p>\n\n\n\n<p><strong>DFB- Pokal der Frauen, Achtelfinale (Sky)<\/strong><\/p>\n\n\n\n<p><span style=\"text-decoration: underline;\"><span style=\"text-decoration: underline;\">Donnerstag, 08. Februar 2024, ab 18.15 Uhr<\/span> (Sky)<\/span><\/p>\n\n\n\n<p><em><strong>Eintracht Frankfurt \u2013 SC Freiburg (18.30 Uhr)<\/strong><\/em><br><img loading=\"lazy\" decoding=\"async\" width=\"10\" height=\"21\" class=\"wp-image-3656\" style=\"width: 10px;\" src=\"http:\/\/kommentatorenblog.de\/wp-content\/uploads\/2020\/09\/shure-55sh-ii-e1601485394796.jpg\" alt=\"\" srcset=\"http:\/\/kommentatorenblog.de\/wp-content\/uploads\/2020\/09\/shure-55sh-ii-e1601485394796.jpg 415w, http:\/\/kommentatorenblog.de\/wp-content\/uploads\/2020\/09\/shure-55sh-ii-e1601485394796-142x300.jpg 142w\" sizes=\"auto, (max-width: 10px) 100vw, 10px\" \/> Hannes Herrmann<\/p>\n\n\n\n<p>Moderation: Nele Schenker, Expertin: Julia Simic<\/p>\n\n\n\n<p><strong>3.Liga, Nachholspiele (Magenta Sport)<\/strong><\/p>\n\n\n\n<p><span style=\"text-decoration: underline;\"><span style=\"text-decoration: underline;\"><span style=\"text-decoration: underline;\">Dienstag, 06. Februar 2024, ab 18.30 Uhr<\/span><\/span><\/span><\/p>\n\n\n\n<p><em><strong>TSV 1860 M\u00fcnchen \u2013 RW Essen (19.00 Uhr)<\/strong><\/em><br><img loading=\"lazy\" decoding=\"async\" width=\"10\" height=\"21\" class=\"wp-image-3656\" style=\"width: 10px;\" src=\"http:\/\/kommentatorenblog.de\/wp-content\/uploads\/2020\/09\/shure-55sh-ii-e1601485394796.jpg\" alt=\"\" srcset=\"http:\/\/kommentatorenblog.de\/wp-content\/uploads\/2020\/09\/shure-55sh-ii-e1601485394796.jpg 415w, http:\/\/kommentatorenblog.de\/wp-content\/uploads\/2020\/09\/shure-55sh-ii-e1601485394796-142x300.jpg 142w\" sizes=\"auto, (max-width: 10px) 100vw, 10px\" \/>  Alexander Klich<\/p>\n\n\n\n<p>Moderation: Alexander K\u00fcpper, Experte: Toni Wachsmuth<\/p>\n\n\n\n<p><span style=\"text-decoration: underline;\"><span style=\"text-decoration: underline;\"><span style=\"text-decoration: underline;\"><span style=\"text-decoration: underline;\"><span style=\"text-decoration: underline;\">Mittwoch, 07. Februar 2024<\/span><\/span><\/span><\/span>, ab 18.45 Uhr<\/span><\/p>\n\n\n\n<p><em><strong>SpVgg Unterhaching <em><strong>\u2013 <\/strong><\/em> Hallescher FC<\/strong><\/em> <em><strong>(19.00 Uhr)<\/strong><\/em><br><img loading=\"lazy\" decoding=\"async\" width=\"10\" height=\"21\" class=\"wp-image-3656\" style=\"width: 10px;\" src=\"http:\/\/kommentatorenblog.de\/wp-content\/uploads\/2020\/09\/shure-55sh-ii-e1601485394796.jpg\" alt=\"\" srcset=\"http:\/\/kommentatorenblog.de\/wp-content\/uploads\/2020\/09\/shure-55sh-ii-e1601485394796.jpg 415w, http:\/\/kommentatorenblog.de\/wp-content\/uploads\/2020\/09\/shure-55sh-ii-e1601485394796-142x300.jpg 142w\" sizes=\"auto, (max-width: 10px) 100vw, 10px\" \/> Oskar Heirler<\/p>\n\n\n\n<p>Moderation: Jan L\u00fcdeke<\/p>\n\n\n\n<p><strong>FA Cup, 4. Runde (DAZN)<\/strong><\/p>\n\n\n\n<p><span style=\"text-decoration: underline;\"><span style=\"text-decoration: underline;\"><span style=\"text-decoration: underline;\">Dienstag, 06. Februar 2024<\/span><\/span><\/span><\/p>\n\n\n\n<p><em><strong>Plymouth \u2013 Leeds (20.45 Uhr)<\/strong><\/em><br><img loading=\"lazy\" decoding=\"async\" width=\"10\" height=\"21\" class=\"wp-image-3656\" style=\"width: 10px;\" src=\"http:\/\/kommentatorenblog.de\/wp-content\/uploads\/2020\/09\/shure-55sh-ii-e1601485394796.jpg\" alt=\"\" srcset=\"http:\/\/kommentatorenblog.de\/wp-content\/uploads\/2020\/09\/shure-55sh-ii-e1601485394796.jpg 415w, http:\/\/kommentatorenblog.de\/wp-content\/uploads\/2020\/09\/shure-55sh-ii-e1601485394796-142x300.jpg 142w\" sizes=\"auto, (max-width: 10px) 100vw, 10px\" \/>  Manuel Angstenberger<\/p>\n\n\n\n<p><span style=\"text-decoration: underline;\"><span style=\"text-decoration: underline;\"><span style=\"text-decoration: underline;\"><span style=\"text-decoration: underline;\"><span style=\"text-decoration: underline;\">Mittwoch, 07. Februar 2024<\/span><\/span><\/span><\/span><\/span><\/p>\n\n\n\n<p><em><strong>Aston Villa <em><strong>\u2013 <\/strong><\/em>Chelsea<\/strong><\/em> <em><strong>(21.00 Uhr)<\/strong><\/em><br><img loading=\"lazy\" decoding=\"async\" width=\"10\" height=\"21\" class=\"wp-image-3656\" style=\"width: 10px;\" src=\"http:\/\/kommentatorenblog.de\/wp-content\/uploads\/2020\/09\/shure-55sh-ii-e1601485394796.jpg\" alt=\"\" srcset=\"http:\/\/kommentatorenblog.de\/wp-content\/uploads\/2020\/09\/shure-55sh-ii-e1601485394796.jpg 415w, http:\/\/kommentatorenblog.de\/wp-content\/uploads\/2020\/09\/shure-55sh-ii-e1601485394796-142x300.jpg 142w\" sizes=\"auto, (max-width: 10px) 100vw, 10px\" \/> Max Gross<\/p>\n\n\n\n<p><strong>Copa del Rey (Halbfinale, Hinspiel)<\/strong> <strong>(sportdigital)<\/strong><\/p>\n\n\n\n<p><span style=\"text-decoration: underline;\"><span style=\"text-decoration: underline;\"><span style=\"text-decoration: underline;\"><span style=\"text-decoration: underline;\"><span style=\"text-decoration: underline;\"><span style=\"text-decoration: underline;\">Dienstag, 06. Februar 2024<\/span><\/span><\/span><\/span><\/span><\/span><\/p>\n\n\n\n<p><em><strong>RCD Mallorca <em><strong>\u2013 <\/strong><\/em>Real Sociedad<\/strong><\/em> <em><strong>(21.00 Uhr)<\/strong><\/em><br><img loading=\"lazy\" decoding=\"async\" width=\"10\" height=\"21\" class=\"wp-image-3656\" style=\"width: 10px;\" src=\"http:\/\/kommentatorenblog.de\/wp-content\/uploads\/2020\/09\/shure-55sh-ii-e1601485394796.jpg\" alt=\"\" srcset=\"http:\/\/kommentatorenblog.de\/wp-content\/uploads\/2020\/09\/shure-55sh-ii-e1601485394796.jpg 415w, http:\/\/kommentatorenblog.de\/wp-content\/uploads\/2020\/09\/shure-55sh-ii-e1601485394796-142x300.jpg 142w\" sizes=\"auto, (max-width: 10px) 100vw, 10px\" \/> &nbsp;Karsten Linke<\/p>\n\n\n\n<p><span style=\"text-decoration: underline;\">Mittwoch, 07. Februar 2024<\/span><\/p>\n\n\n\n<p><strong><em>Atletico Madrid &#8211; Athletic Bilbao (21.30 Uhr)<\/em><\/strong><br><img loading=\"lazy\" decoding=\"async\" width=\"10\" height=\"21\" class=\"wp-image-3656\" style=\"width: 10px;\" src=\"http:\/\/kommentatorenblog.de\/wp-content\/uploads\/2020\/09\/shure-55sh-ii-e1601485394796.jpg\" alt=\"\" srcset=\"http:\/\/kommentatorenblog.de\/wp-content\/uploads\/2020\/09\/shure-55sh-ii-e1601485394796.jpg 415w, http:\/\/kommentatorenblog.de\/wp-content\/uploads\/2020\/09\/shure-55sh-ii-e1601485394796-142x300.jpg 142w\" sizes=\"auto, (max-width: 10px) 100vw, 10px\" \/> J\u00f6rg Steiger<\/p>\n\n\n\n<p><strong>Coupe de France, Achtelfinale (Magenta Sport)<\/strong><\/p>\n\n\n\n<p><span style=\"text-decoration: underline;\"><span style=\"text-decoration: underline;\"><span style=\"text-decoration: underline;\"><span style=\"text-decoration: underline;\"><span style=\"text-decoration: underline;\"><span style=\"text-decoration: underline;\"><span style=\"text-decoration: underline;\"><span style=\"text-decoration: underline;\">Mittwoch, 07. Februar 2024<\/span><\/span><\/span><\/span><\/span><\/span><\/span>, ab 21.00 Uhr<\/span><\/p>\n\n\n\n<p><em><strong>Paris Saint- Germain \u2013 Stade Brest(21.10 Uhr)<\/strong><\/em><br><img loading=\"lazy\" decoding=\"async\" width=\"10\" height=\"21\" class=\"wp-image-3656\" style=\"width: 10px;\" src=\"http:\/\/kommentatorenblog.de\/wp-content\/uploads\/2020\/09\/shure-55sh-ii-e1601485394796.jpg\" alt=\"\" srcset=\"http:\/\/kommentatorenblog.de\/wp-content\/uploads\/2020\/09\/shure-55sh-ii-e1601485394796.jpg 415w, http:\/\/kommentatorenblog.de\/wp-content\/uploads\/2020\/09\/shure-55sh-ii-e1601485394796-142x300.jpg 142w\" sizes=\"auto, (max-width: 10px) 100vw, 10px\" \/>  Alexander Klich<\/p>\n\n\n\n<p><strong>KNVB-Beker (Viertelfinale) (sportdigital[2])<\/strong><\/p>\n\n\n\n<p><span style=\"text-decoration: underline;\"><span style=\"text-decoration: underline;\"><span style=\"text-decoration: underline;\"><span style=\"text-decoration: underline;\"><span style=\"text-decoration: underline;\"><span style=\"text-decoration: underline;\"><span style=\"text-decoration: underline;\"><span style=\"text-decoration: underline;\"><span style=\"text-decoration: underline;\"><span style=\"text-decoration: underline;\"><span style=\"text-decoration: underline;\">Mittwoch, 07. Februar 2024<\/span><\/span><\/span><\/span><\/span><\/span><\/span><\/span><\/span><\/span> (sportdigital 2)<\/span> <\/p>\n\n\n\n<p><em><strong>Feyenoord Rotterdam <em><strong>\u2013 <\/strong><\/em>AZ Alkmaar (21.00 Uhr)<\/strong><\/em><br><img loading=\"lazy\" decoding=\"async\" width=\"10\" height=\"21\" class=\"wp-image-3656\" style=\"width: 10px;\" src=\"http:\/\/kommentatorenblog.de\/wp-content\/uploads\/2020\/09\/shure-55sh-ii-e1601485394796.jpg\" alt=\"\" srcset=\"http:\/\/kommentatorenblog.de\/wp-content\/uploads\/2020\/09\/shure-55sh-ii-e1601485394796.jpg 415w, http:\/\/kommentatorenblog.de\/wp-content\/uploads\/2020\/09\/shure-55sh-ii-e1601485394796-142x300.jpg 142w\" sizes=\"auto, (max-width: 10px) 100vw, 10px\" \/> &nbsp;Martin Hahn<\/p>\n\n\n\n<p><span style=\"text-decoration: underline;\"><span style=\"text-decoration: underline;\"><span style=\"text-decoration: underline;\">Donnerstag, 08. Februar 2024<\/span><\/span> (sportdigital)<\/span><\/p>\n\n\n\n<p><em><strong>FC Groningen <em><strong>\u2013 <\/strong><\/em> Fortuna Sittard (20.00 Uhr)<\/strong><\/em><br><img loading=\"lazy\" decoding=\"async\" width=\"10\" height=\"21\" class=\"wp-image-3656\" style=\"width: 10px;\" src=\"http:\/\/kommentatorenblog.de\/wp-content\/uploads\/2020\/09\/shure-55sh-ii-e1601485394796.jpg\" alt=\"\" srcset=\"http:\/\/kommentatorenblog.de\/wp-content\/uploads\/2020\/09\/shure-55sh-ii-e1601485394796.jpg 415w, http:\/\/kommentatorenblog.de\/wp-content\/uploads\/2020\/09\/shure-55sh-ii-e1601485394796-142x300.jpg 142w\" sizes=\"auto, (max-width: 10px) 100vw, 10px\" \/> &nbsp;Marcus Radefeld<\/p>\n\n\n\n<p><strong>Beker van Belgi\u00eb (Halbfinale, Hinspiele) (Sport1+)<\/strong><\/p>\n\n\n\n<p><span style=\"text-decoration: underline;\">Mittwoch, 07. Februar 2024, ab 20.25 Uhr<\/span><\/p>\n\n\n\n<p><strong><em>FC Br\u00fcgge &#8211; Royale Union Saint-Gilloise (20.45 Uhr)<\/em><\/strong><br><img loading=\"lazy\" decoding=\"async\" width=\"10\" height=\"21\" class=\"wp-image-3656\" style=\"width: 10px;\" src=\"http:\/\/kommentatorenblog.de\/wp-content\/uploads\/2020\/09\/shure-55sh-ii-e1601485394796.jpg\" alt=\"\" srcset=\"http:\/\/kommentatorenblog.de\/wp-content\/uploads\/2020\/09\/shure-55sh-ii-e1601485394796.jpg 415w, http:\/\/kommentatorenblog.de\/wp-content\/uploads\/2020\/09\/shure-55sh-ii-e1601485394796-142x300.jpg 142w\" sizes=\"auto, (max-width: 10px) 100vw, 10px\" \/> Hajo Wolff<\/p>\n\n\n\n<p><span style=\"text-decoration: underline;\">Donnerstag, 08. Februar 2024, ab 19.55 Uhr<\/span><\/p>\n\n\n\n<p><strong><em>KV Oostende &#8211; Royal Antwerpen (20.00 Uhr)<\/em><\/strong><br><img loading=\"lazy\" decoding=\"async\" width=\"10\" height=\"21\" class=\"wp-image-3656\" style=\"width: 10px;\" src=\"http:\/\/kommentatorenblog.de\/wp-content\/uploads\/2020\/09\/shure-55sh-ii-e1601485394796.jpg\" alt=\"\" srcset=\"http:\/\/kommentatorenblog.de\/wp-content\/uploads\/2020\/09\/shure-55sh-ii-e1601485394796.jpg 415w, http:\/\/kommentatorenblog.de\/wp-content\/uploads\/2020\/09\/shure-55sh-ii-e1601485394796-142x300.jpg 142w\" sizes=\"auto, (max-width: 10px) 100vw, 10px\" \/> Patrick Gerspacher<\/p>\n\n\n\n<p><strong>UEFA Youth League, Playoffs (DAZN)<\/strong><\/p>\n\n\n\n<p><span style=\"text-decoration: underline;\"><span style=\"text-decoration: underline;\"><span style=\"text-decoration: underline;\">Mittwoch, 07. Februar 2024<\/span><\/span>, ab 21.00 Uhr (DAZN)<\/span><\/p>\n\n\n\n<p><em><strong>FC Basel U 19 \u2013 FC Bayern U 19 (18.00 Uhr)<\/strong><\/em><br><img loading=\"lazy\" decoding=\"async\" width=\"10\" height=\"21\" class=\"wp-image-3656\" style=\"width: 10px;\" src=\"http:\/\/kommentatorenblog.de\/wp-content\/uploads\/2020\/09\/shure-55sh-ii-e1601485394796.jpg\" alt=\"\" srcset=\"http:\/\/kommentatorenblog.de\/wp-content\/uploads\/2020\/09\/shure-55sh-ii-e1601485394796.jpg 415w, http:\/\/kommentatorenblog.de\/wp-content\/uploads\/2020\/09\/shure-55sh-ii-e1601485394796-142x300.jpg 142w\" sizes=\"auto, (max-width: 10px) 100vw, 10px\" \/> &nbsp;Korbinian Rundel<\/p>\n\n\n\n<p><strong>Asien- Cup (sportdigital)<\/strong><\/p>\n\n\n\n<p><span style=\"text-decoration: underline;\"><span style=\"text-decoration: underline;\"><span style=\"text-decoration: underline;\"><span style=\"text-decoration: underline;\"><span style=\"text-decoration: underline;\"><span style=\"text-decoration: underline;\"><span style=\"text-decoration: underline;\"><span style=\"text-decoration: underline;\"><span style=\"text-decoration: underline;\">Dienstag, 06. Februar 202<\/span><\/span><\/span><\/span><\/span><\/span><\/span><\/span>4, Halbfinale<\/span><\/p>\n\n\n\n<p><em><strong>Jordanien \u2013 S\u00fcdkorea (16.00 Uhr)<\/strong><\/em><br><img loading=\"lazy\" decoding=\"async\" width=\"10\" height=\"21\" class=\"wp-image-3656\" style=\"width: 10px;\" src=\"http:\/\/kommentatorenblog.de\/wp-content\/uploads\/2020\/09\/shure-55sh-ii-e1601485394796.jpg\" alt=\"\" srcset=\"http:\/\/kommentatorenblog.de\/wp-content\/uploads\/2020\/09\/shure-55sh-ii-e1601485394796.jpg 415w, http:\/\/kommentatorenblog.de\/wp-content\/uploads\/2020\/09\/shure-55sh-ii-e1601485394796-142x300.jpg 142w\" sizes=\"auto, (max-width: 10px) 100vw, 10px\" \/> Marvin Kirsch<\/p>\n\n\n\n<p><span style=\"text-decoration: underline;\"><span style=\"text-decoration: underline;\"><span style=\"text-decoration: underline;\"><span style=\"text-decoration: underline;\"><span style=\"text-decoration: underline;\"><span style=\"text-decoration: underline;\"><span style=\"text-decoration: underline;\"><span style=\"text-decoration: underline;\"><span style=\"text-decoration: underline;\"><span style=\"text-decoration: underline;\"><span style=\"text-decoration: underline;\"><span style=\"text-decoration: underline;\"><span style=\"text-decoration: underline;\"><span style=\"text-decoration: underline;\"><span style=\"text-decoration: underline;\"><span style=\"text-decoration: underline;\"><span style=\"text-decoration: underline;\">Mittwoch, 07. Februar 2024<\/span><\/span><\/span><\/span><\/span><\/span><\/span><\/span><\/span><\/span><\/span><\/span><\/span><\/span><\/span><\/span>, Halbfinale<\/span><\/p>\n\n\n\n<p><em><strong>Iran \u2013 Katar (16.00 Uhr)<\/strong><\/em><br><img loading=\"lazy\" decoding=\"async\" width=\"10\" height=\"21\" class=\"wp-image-3656\" style=\"width: 10px;\" src=\"http:\/\/kommentatorenblog.de\/wp-content\/uploads\/2020\/09\/shure-55sh-ii-e1601485394796.jpg\" alt=\"\" srcset=\"http:\/\/kommentatorenblog.de\/wp-content\/uploads\/2020\/09\/shure-55sh-ii-e1601485394796.jpg 415w, http:\/\/kommentatorenblog.de\/wp-content\/uploads\/2020\/09\/shure-55sh-ii-e1601485394796-142x300.jpg 142w\" sizes=\"auto, (max-width: 10px) 100vw, 10px\" \/> Christian Blunck<\/p>\n\n\n\n<p><strong>Afrika- Cup (sportdigital)<\/strong><\/p>\n\n\n\n<p><span style=\"text-decoration: underline;\"><span style=\"text-decoration: underline;\"><span style=\"text-decoration: underline;\"><span style=\"text-decoration: underline;\"><span style=\"text-decoration: underline;\"><span style=\"text-decoration: underline;\"><span style=\"text-decoration: underline;\"><span style=\"text-decoration: underline;\"><span style=\"text-decoration: underline;\"><span style=\"text-decoration: underline;\"><span style=\"text-decoration: underline;\"><span style=\"text-decoration: underline;\"><span style=\"text-decoration: underline;\"><span style=\"text-decoration: underline;\"><span style=\"text-decoration: underline;\"><span style=\"text-decoration: underline;\"><span style=\"text-decoration: underline;\"><span style=\"text-decoration: underline;\"><span style=\"text-decoration: underline;\"><span style=\"text-decoration: underline;\"><span style=\"text-decoration: underline;\"><span style=\"text-decoration: underline;\"><span style=\"text-decoration: underline;\"><span style=\"text-decoration: underline;\"><span style=\"text-decoration: underline;\"><span style=\"text-decoration: underline;\">Mittwoch, 07. Februar 2024<\/span><\/span><\/span><\/span><\/span><\/span><\/span><\/span><\/span><\/span><\/span><\/span><\/span><\/span><\/span><\/span>, Halbfinale<\/span><\/span><\/span><\/span><\/span><\/span><\/span><\/span><\/span><\/span><\/p>\n\n\n\n<p><em><strong>Nigeria \u2013 S\u00fcdafrika (18.00 Uhr)<\/strong><\/em><br><img loading=\"lazy\" decoding=\"async\" width=\"10\" height=\"21\" class=\"wp-image-3656\" style=\"width: 10px;\" src=\"http:\/\/kommentatorenblog.de\/wp-content\/uploads\/2020\/09\/shure-55sh-ii-e1601485394796.jpg\" alt=\"\" srcset=\"http:\/\/kommentatorenblog.de\/wp-content\/uploads\/2020\/09\/shure-55sh-ii-e1601485394796.jpg 415w, http:\/\/kommentatorenblog.de\/wp-content\/uploads\/2020\/09\/shure-55sh-ii-e1601485394796-142x300.jpg 142w\" sizes=\"auto, (max-width: 10px) 100vw, 10px\" \/> Jonathan Dreier<\/p>\n\n\n\n<p><em><strong>Elfenbeink\u00fcste \u2013 DR Kongo (21.00 Uhr)<\/strong><\/em><br><img loading=\"lazy\" decoding=\"async\" width=\"10\" height=\"21\" class=\"wp-image-3656\" style=\"width: 10px;\" src=\"http:\/\/kommentatorenblog.de\/wp-content\/uploads\/2020\/09\/shure-55sh-ii-e1601485394796.jpg\" alt=\"\" srcset=\"http:\/\/kommentatorenblog.de\/wp-content\/uploads\/2020\/09\/shure-55sh-ii-e1601485394796.jpg 415w, http:\/\/kommentatorenblog.de\/wp-content\/uploads\/2020\/09\/shure-55sh-ii-e1601485394796-142x300.jpg 142w\" sizes=\"auto, (max-width: 10px) 100vw, 10px\" \/> Arne Malsch<\/p>\n\n\n\n<p><strong>Testspiel (DAZN)<\/strong><\/p>\n\n\n\n<p><span style=\"text-decoration: underline;\">Donnerstag, 08. Februar 2024<\/span><\/p>\n\n\n\n<p><strong><em>Al-Hilal &#8211; Al-Nassr (19.00 Uhr)<\/em><\/strong><br><img loading=\"lazy\" decoding=\"async\" width=\"10\" height=\"21\" class=\"wp-image-3656\" style=\"width: 10px;\" src=\"http:\/\/kommentatorenblog.de\/wp-content\/uploads\/2020\/09\/shure-55sh-ii-e1601485394796.jpg\" alt=\"\" srcset=\"http:\/\/kommentatorenblog.de\/wp-content\/uploads\/2020\/09\/shure-55sh-ii-e1601485394796.jpg 415w, http:\/\/kommentatorenblog.de\/wp-content\/uploads\/2020\/09\/shure-55sh-ii-e1601485394796-142x300.jpg 142w\" sizes=\"auto, (max-width: 10px) 100vw, 10px\" \/> David Ploch<\/p>\n\n\n\n<p><strong>Die Analyse <\/strong><\/p>\n\n\n\n<p><strong>2 Experten im Ersten &#8211; auch 2 im Zweiten ?<\/strong><\/p>\n\n\n\n<p>Ab Dienstag stehen die beiden letzten Viertelfinals im DFB-Pokal der M\u00e4nner an, beide werden auch im Free TV zu sehen sein, los geht es am Dienstag mit Leverkusen Stuttgart, live bei Sky und im Ersten. Hier wird die ARD nicht nur Bastian Schweinsteiger als Experten einsetzen, auch Almuth Schult kommt zum Einsatz, ihr erster Einsatz bei einem Pokalspiel der M\u00e4nner im Ersten. Gut m\u00f6glich, dass sie an der Seite von Tom Bartels kommentieren wird, w\u00e4hrend Schweinsteiger zusammen mit Sedlaczek die Partie analysiert. Interviews f\u00fchrt wenig \u00fcberraschend WDR- Mann Bergener. <\/p>\n\n\n\n<p>Bei Sky \u00fcbernimmt Wolff Fuss die Partie am Dienstag, also genau wie letzte Woche, w\u00e4hrend sich Kai Dittmann am Mittwoch aus Saarbr\u00fccken melden wird. Experten sind im Stadion keine vorgesehen, Franco Foda wird allerdings bei der Partie in Leverkusen als On- Air Gast dabei sein, am Mittwoch wird wohl der Saarl\u00e4nder Darts- Profi Gabriel Clemens zu Gast sein.<\/p>\n\n\n\n<p>Wie das Erste k\u00f6nnte auch das Zweite auf zwei Experten setzen: W\u00e4hrend im Programm nur noch Per Mertesacker als Experte gef\u00fchrt ist, wird in der Dispo noch Julian Schuster als Co- Kommentator gef\u00fchrt, ob er allerdings zum Einsatz kommt, ist fraglich. Ansonsten moderiert M\u00fcller- Hohenstein, w\u00e4hrend Oliver Schmidt kommentiert.<\/p>\n\n\n\n<p>Am Donnerstag soll dann auch das vorletzte Achtelfinale im DFB- Pokal der Frauen ausgespielt werden. Durch die CL- Teilnahme der Eintracht f\u00fcr Januar geplant, dann witterungsbedingt auf den Donnerstag verschoben, soll es nun klappen. Sky \u00fcbertr\u00e4gt das Spiel live, als einziges Pokalspiel dieser Runde, im Viertelfinale werden dann alle Spiele gezeigt. Wie bei Sky- Spielen der Frauen gewohnt, kommentiert Hannes Herrmann, die Moderation d\u00fcrfte Nele Schenker \u00fcbernehmen. <\/p>\n\n\n\n<p>Neben den deutschen Pokalspielen gibt es auch bei einigen weiteren Sendern Pokalentscheidungen, sei es in England (DAZN), Frankreich (Magenta) oder Spanien und den Niederlande (beide sportdigital). Bei Sportdigital laufen dar\u00fcber hinaus auch die Halbfinals der Asien- und Afrikameisterschaft.<\/p>\n\n\n\n<p><strong>Mainz- Union bei DAZN<\/strong><\/p>\n\n\n\n<p>Es stehen allerdings nicht nur Pokalspiele an, am Mittwoch spielt Union Berlin erneut ein Nachholspiel, diesmal bei DAZN zu sehen, da die Partie urspr\u00fcnglich f\u00fcr einen Freitag geplant war. Einzig Lukas Sch\u00f6nm\u00fcller als Fielder reist dabei nach Mainz, das Trio um Wahnschaffe, Lauth und Rieker meldet sich aus der Box. Die Nachholspiele in Liga 3 \u00fcbertr\u00e4gt Magenta, hier kommentieren Klich und Heirler.<\/p>\n\n\n\n<p>Damit euch allen eine sch\u00f6ne, friedliche Woche.<\/p>\n","protected":false},"excerpt":{"rendered":"<p>Hallo zusammen, der Titel sagt es bereits, unter der Woche stehen die letzten beiden DFB- Pokal Viertelfinals der M\u00e4nner an. Bereits f\u00fcr das Halbfinale qualifiziert sind Fortuna D\u00fcsseldorf und der 1. FC Kaiserslautern. Nachdem ich letzte Woche \u00fcber das m\u00f6gliche Personal von ARD und ZDF spekuliert habe, heute der Blick zu Magenta Sport und RTL. [&hellip;]<\/p>\n","protected":false},"author":10,"featured_media":0,"comment_status":"open","ping_status":"open","sticky":false,"template":"","format":"standard","meta":{"footnotes":""},"categories":[504],"tags":[949,163,548,813,19,355,166,73,57,165,13,97,832,104,123,58,470,93,962,205,9,834,503,243,649,283,369,109,293,1006,161,22,434,52,273,1007,107,196,37],"class_list":["post-16586","post","type-post","status-publish","format-standard","hentry","category-dfb-pokal-co","tag-alexander-klich-2","tag-alexander-kuepper","tag-almuth-schult","tag-andreas-kuerten","tag-ard","tag-bastian-schweinsteiger","tag-benny-lauth","tag-britta-hofmann","tag-christian-blunck","tag-david-ploch","tag-dazn","tag-esther-sedlaczek","tag-hajo-wolff","tag-hannes-herrmann","tag-jan-luedeke","tag-joerg-steiger","tag-juergen-bergener","tag-kai-dittmann","tag-korbinian-rundel","tag-lukas-schoenmueller","tag-magenta-sport","tag-manuel-angstenberger","tag-marcus-radefeld","tag-mario-rieker","tag-martin-hahn","tag-max-gross","tag-nele-schenker","tag-oliver-schmidt","tag-oskar-heirler","tag-patrick-gerspacher","tag-per-mertesacker","tag-sky","tag-sport1-2","tag-sportdigital","tag-tom-bartels","tag-toni-wachsmuth","tag-wolff-fuss","tag-yannick-erkenbrecher","tag-zdf"],"_links":{"self":[{"href":"http:\/\/kommentatorenblog.de\/index.php?rest_route=\/wp\/v2\/posts\/16586","targetHints":{"allow":["GET"]}}],"collection":[{"href":"http:\/\/kommentatorenblog.de\/index.php?rest_route=\/wp\/v2\/posts"}],"about":[{"href":"http:\/\/kommentatorenblog.de\/index.php?rest_route=\/wp\/v2\/types\/post"}],"author":[{"embeddable":true,"href":"http:\/\/kommentatorenblog.de\/index.php?rest_route=\/wp\/v2\/users\/10"}],"replies":[{"embeddable":true,"href":"http:\/\/kommentatorenblog.de\/index.php?rest_route=%2Fwp%2Fv2%2Fcomments&post=16586"}],"version-history":[{"count":23,"href":"http:\/\/kommentatorenblog.de\/index.php?rest_route=\/wp\/v2\/posts\/16586\/revisions"}],"predecessor-version":[{"id":16717,"href":"http:\/\/kommentatorenblog.de\/index.php?rest_route=\/wp\/v2\/posts\/16586\/revisions\/16717"}],"wp:attachment":[{"href":"http:\/\/kommentatorenblog.de\/index.php?rest_route=%2Fwp%2Fv2%2Fmedia&parent=16586"}],"wp:term":[{"taxonomy":"category","embeddable":true,"href":"http:\/\/kommentatorenblog.de\/index.php?rest_route=%2Fwp%2Fv2%2Fcategories&post=16586"},{"taxonomy":"post_tag","embeddable":true,"href":"http:\/\/kommentatorenblog.de\/index.php?rest_route=%2Fwp%2Fv2%2Ftags&post=16586"}],"curies":[{"name":"wp","href":"https:\/\/api.w.org\/{rel}","templated":true}]}}