{"id":16738,"date":"2024-02-12T22:08:02","date_gmt":"2024-02-12T21:08:02","guid":{"rendered":"https:\/\/kommentatorenblog.de\/?p=16738"},"modified":"2024-02-14T14:12:29","modified_gmt":"2024-02-14T13:12:29","slug":"1402-blick-nach-vorne","status":"publish","type":"post","link":"http:\/\/kommentatorenblog.de\/?p=16738","title":{"rendered":"1402 &#8211; Blick nach vorne"},"content":{"rendered":"\n<p>N&#8217;Abend allerseits,<\/p>\n\n\n\n<p>eine komplett wahnsinnige Woche liegt hinter uns: Fredi Bobic wird DAZN Experte, Andrea Petkovic geht zu Sky, \u2060der Ludwigspark geht unter &#8211; Sky berichtet lange, das ZDF wiederum wechselt zu Marie Brandt, Sky verl\u00e4ngert die Premier League Rechte, der v\u00f6llig verr\u00fcckte Superbowl (die Halftime-Show war nicht so meins, aber das Spiel selbst war \u00e4u\u00dferst mitrei\u00dfend) und am Wochenende dann mal eben noch ein bemerkenswerter Samstag, in der es am Nachmittag keine Halbzeit-Analyse gab und der Vorlauf des Topspiels auf Sky Sport Bundesliga 7 lief. Sportlich bleibt ein v\u00f6llig verdientes 3-0 von Bayer Leverkusen bei dem Wolff Fuss glatt Herr der Ringe zitierte:<\/p>\n\n\n\n<blockquote class=\"wp-block-quote is-layout-flow wp-block-quote-is-layout-flow\"><p><strong>\u201eErwartet mein Kommen, beim ersten Licht des f\u00fcnften Tages.<\/strong><\/p><cite>Wolff Fuss beim Topspiel zwischen Leverkusen und Bayern<\/cite><\/blockquote>\n\n\n\n<p>Doch wollen wir den Blick nach vorne richten, in die letzte KO-Phase der Champions League bzw. des Europapokal in der jetzigen Form. In dieser Woche stehen die ersten vier Achtelfinals der Champions League an, w\u00e4hrend die weiteren vier in der kommenden Woche fehlen. In den anderen beiden Europapokal-Wettbewerben steht die Zwischenrunde an, die Gruppensieger der EL bzw. UECL haben daher Pause (aus deutscher Sicht betrifft dies Bayer Leverkusen). \u00dcbertragungstechnisch gibt es das gewohnte Bild. Dienstags bleibt es weiterhin Konsumentenunfreundlich, da man nicht einmal die M\u00f6glichkeit hat, eine Konferenz zu sehen. Prime zeigt hier das Topspiel und DAZN die andere Partie. Der Mittwoch geh\u00f6rt dann exklusiv DAZN, hier darf man sich dann auch auf eine Konferenz freuen. Eine kleine Ver\u00e4nderung gibt es mit Blick auf den Donnerstag, zwei Partien der Europa (Conference) League laufen neben RTL+ auch bei Sky. Somit gibt es erstmals seit \u00fcber 2,5 Jahren wieder Europapokal bei Sky Deutschland (dabei wird \u00fcbrigens das Signal von RTL+ \u00fcbernommen). <\/p>\n\n\n\n<p>Im heutigen Beitrag w\u00fcrde ich aber gerne auf das neue Europapokalmodell blicken und auf die Ver\u00e4nderungen blicken. Alle drei Europapokalwettbewerbe werden um vier Teilnehmer erweitert, bedeutet also, dass 36 Teams pro Wettbewerb antreten. Wie die zus\u00e4tzlichen Pl\u00e4tze verteilt werden, erkl\u00e4rt Chaled Nahar <a rel=\"noreferrer noopener\" href=\"https:\/\/twitter.com\/ChaledNahar\/status\/1678498675717292033\" target=\"_blank\">hier<\/a> sehr anschaulich inkl. Grafiken zur Visualisierung. Mit Blick auf die deutschen Teilnehmer ist dabei relevant, dass es eine M\u00f6glichkeit gibt, dass sich die Teilnehmerzahl von vier auf f\u00fcnf Champions League Pl\u00e4tze erh\u00f6ht, es also insgesamt acht Europapokalstarter geben w\u00fcrde. Daf\u00fcr m\u00fcsste man allerdings in der vorherigen Saison zu den kollektiv besten beiden Ligen geh\u00f6ren. Grundlage hierf\u00fcr ist die F\u00fcnfjahreswertung bzw. wie viel Punkte die Mannschaften eines Landes hier im Laufe einer Saison erspielen. Mit Blick auf die momentane Spielzeit haben die sieben Bundesligisten, die diese Saison international spiel(t)en, die zweitmeisten Punkte eingefahren, was aber nach der Gruppenphase nicht allzuviel bedeutet. Aber zur\u00fcck zu den \u00c4nderungen: Die Wettbewerbe selbst sind ab der kommenden Saison eine geschlossene Gesellschaft, Teams aus der Champions League k\u00f6nnen also nicht mehr in die Europa League absteigen (Gr\u00fc\u00dfe an den FC Sevilla). Ebenso verabschiedet man sich von der klassischen Gruppenphase, sondern spielt nach einem Ligasystem in dem sich die besten acht Teams direkt f\u00fcr das Achtelfinale qualifizieren, w\u00e4hrend die Mannschaften auf den Pl\u00e4tzen 9-24 eine Zwischenrunde ausspielen (dazu gleich mehr). In diesem Ligen-System finden acht Spieltage in der Champions League bzw. Europa League statt, in der Conference League sind es &#8222;nur&#8220; sechs. Jedes Team spielt dabei gegen zwei Teams aus jedem Topf (je ein Heim- bzw. Ausw\u00e4rtsspiel). Die KO-Phase selbst ist dann leicht ver\u00e4ndert, grundlegend gibt einen feststehenden Turnierbaum, der z.B. daf\u00fcr sorgt, dass der Tabellenerste und Tabellenzweite der Liga (vormalige Gruppenphase) erst im Finale aufeinandertreffen k\u00f6nnen. <a rel=\"noreferrer noopener\" href=\"https:\/\/twitter.com\/ChaledNahar\/status\/1678498702460084229\" target=\"_blank\">Auch hier verweise ich auf Chaled Nahar<\/a> (sowieso ein gro\u00dfes Kompliment an ihn und eine gro\u00dfe Empfehlung an euch, regelm\u00e4\u00dfig in Sachen Fu\u00dfball bei ihm vorbeizuschauen! Mit Blick auf den Kalender bedeutet das neue System mehr Spiele, dabei soll jeder Europapokal in der Ligaphase einen Exklusivwoche haben &#8211; des weiteren wird diese Phase anders als die bisherige Gruppenphase bis in den Januar reichen. <\/p>\n\n\n\n<p>\u00dcbertragungstechnisch wird sich dabei wenig ver\u00e4ndern, Prime zeigt in der CL weiterhin das Dienstagstopspiel und DAZN den Rest; w\u00e4hrend RTL den anderen Europapokalwettbewerben die Treue. Man darf hier aber gespannt sein, wie der Umgang mit den zus\u00e4tzlichen Spielen sein wird. Beispielsweise am letzten Spieltag der Liga werden alle Spiele gleichzeitig stattfinden, eine Konferenz aus 18 Spielen w\u00e4re dabei sicherlich interessant zu verfolgen. <\/p>\n\n\n\n<p>Wie blickt ihr auf den neuen Europapokal-Modus? Seid ihr eher positiv oder negativ gestimmt? Was w\u00fcrdet ihr euch von den \u00fcbertragenden Sendern w\u00fcnschen? Gerne in die Kommentare mit euren Meinungen. Jetzt aber zur\u00fcck zur Aktualit\u00e4t und den Start der KO-Phase im Europapokal der Saison 2023\/24!<\/p>\n\n\n\n<hr class=\"wp-block-separator\"\/>\n\n\n\n<p><strong>Die Ansetzungen vom 13. Februar bis zum 15. Februar 2024<\/strong><\/p>\n\n\n\n<p><strong>Champions League, Achtelfinal-Hinspiele Teil 1 <\/strong><\/p>\n\n\n\n<p><span style=\"text-decoration: underline;\">Dienstag, 13. Februar 2024, ab 20.00 Uhr PrimeVideo)<\/span><\/p>\n\n\n\n<p><em><strong>RB Leipzig &#8211; Real Madrid (21.00 Uhr)<\/strong><\/em><\/p>\n\n\n\n<p><img loading=\"lazy\" decoding=\"async\" width=\"10\" height=\"21\" class=\"wp-image-3656\" style=\"width: 10px;\" src=\"http:\/\/kommentatorenblog.de\/wp-content\/uploads\/2020\/09\/shure-55sh-ii-e1601485394796.jpg\" alt=\"\" srcset=\"http:\/\/kommentatorenblog.de\/wp-content\/uploads\/2020\/09\/shure-55sh-ii-e1601485394796.jpg 415w, http:\/\/kommentatorenblog.de\/wp-content\/uploads\/2020\/09\/shure-55sh-ii-e1601485394796-142x300.jpg 142w\" sizes=\"auto, (max-width: 10px) 100vw, 10px\" \/> Jonas Friedrich Experte: Benedikt H\u00f6wedes<\/p>\n\n\n\n<p>Field-Reporter: Annika Zimmermann und Sebastian Benesch<\/p>\n\n\n\n<p>Moderation: Sebastian Hellmann, Experten: Matthias Sammer, Josephine Henning &amp; Thomas Hitzlsperger, Schiedsrichterexperte: <s>Wolfgang Stark<\/s> Lutz Wagner<\/p>\n\n\n\n<p>Experte (Highlight-Show): Patrick Owomoyela <\/p>\n\n\n\n<p><span style=\"text-decoration: underline;\">ab 20.50 Uhr (DAZN)<\/span><\/p>\n\n\n\n<p><em><strong>FC Kopenhagen &#8211; Manchester City (21.00 Uhr)<\/strong><\/em><\/p>\n\n\n\n<p><img loading=\"lazy\" decoding=\"async\" width=\"10\" height=\"21\" class=\"wp-image-3656\" style=\"width: 10px;\" src=\"http:\/\/kommentatorenblog.de\/wp-content\/uploads\/2020\/09\/shure-55sh-ii-e1601485394796.jpg\" alt=\"\" srcset=\"http:\/\/kommentatorenblog.de\/wp-content\/uploads\/2020\/09\/shure-55sh-ii-e1601485394796.jpg 415w, http:\/\/kommentatorenblog.de\/wp-content\/uploads\/2020\/09\/shure-55sh-ii-e1601485394796-142x300.jpg 142w\" sizes=\"auto, (max-width: 10px) 100vw, 10px\" \/> Uli Hebel, Experte: Sebastian Knei\u00dfl<\/p>\n\n\n\n<p><span style=\"text-decoration: underline;\">Mittwoch, 14. Februar 2024, ab 20.15 Uhr (DAZN)<\/span><\/p>\n\n\n\n<p><em><strong>Lazio Rom &#8211; FC Bayern M\u00fcnchen (21.00 Uhr)<\/strong><\/em><\/p>\n\n\n\n<p><img loading=\"lazy\" decoding=\"async\" width=\"10\" height=\"21\" class=\"wp-image-3656\" style=\"width: 10px;\" src=\"http:\/\/kommentatorenblog.de\/wp-content\/uploads\/2020\/09\/shure-55sh-ii-e1601485394796.jpg\" alt=\"\" srcset=\"http:\/\/kommentatorenblog.de\/wp-content\/uploads\/2020\/09\/shure-55sh-ii-e1601485394796.jpg 415w, http:\/\/kommentatorenblog.de\/wp-content\/uploads\/2020\/09\/shure-55sh-ii-e1601485394796-142x300.jpg 142w\" sizes=\"auto, (max-width: 10px) 100vw, 10px\" \/> Jan Platte, Experte: Tim Borowski (Einzelspiel), Marco Hagemann (Konferenz)<\/p>\n\n\n\n<p>Moderation: <s>Alex Schl\u00fcter<\/s> Laura Wontorra, Field-Reporter: Max Siebald<\/p>\n\n\n\n<p><span style=\"text-decoration: underline;\">ab 20.50 Uhr (DAZN)<\/span><\/p>\n\n\n\n<p><em><strong>Paris Saint-Germain &#8211; Real Sociedad (21.00 Uhr)<\/strong><\/em><\/p>\n\n\n\n<p><img loading=\"lazy\" decoding=\"async\" width=\"10\" height=\"21\" class=\"wp-image-3656\" style=\"width: 10px;\" src=\"http:\/\/kommentatorenblog.de\/wp-content\/uploads\/2020\/09\/shure-55sh-ii-e1601485394796.jpg\" alt=\"\" srcset=\"http:\/\/kommentatorenblog.de\/wp-content\/uploads\/2020\/09\/shure-55sh-ii-e1601485394796.jpg 415w, http:\/\/kommentatorenblog.de\/wp-content\/uploads\/2020\/09\/shure-55sh-ii-e1601485394796-142x300.jpg 142w\" sizes=\"auto, (max-width: 10px) 100vw, 10px\" \/> Freddy Harder (Einzelspiel), Lukas Sch\u00f6nm\u00fcller (Konferenz)<\/p>\n\n\n\n<hr class=\"wp-block-separator\"\/>\n\n\n\n<p><strong>Europa League \/ Europa Conference League, Zwischenrunde-Hinspiele (RTL\/RTL+)<\/strong><\/p>\n\n\n\n<p><span style=\"text-decoration: underline;\">Donnerstag, 15. Februar 2024, ab 18.15 Uhr (RTL+)<\/span><\/p>\n\n\n\n<p><em><strong>Union Saint-Gilloise \u2013 Eintracht Frankfurt (18.45 Uhr)<\/strong><\/em><\/p>\n\n\n\n<p><img loading=\"lazy\" decoding=\"async\" width=\"10\" height=\"21\" class=\"wp-image-3656\" style=\"width: 10px;\" src=\"http:\/\/kommentatorenblog.de\/wp-content\/uploads\/2020\/09\/shure-55sh-ii-e1601485394796.jpg\" alt=\"\" srcset=\"http:\/\/kommentatorenblog.de\/wp-content\/uploads\/2020\/09\/shure-55sh-ii-e1601485394796.jpg 415w, http:\/\/kommentatorenblog.de\/wp-content\/uploads\/2020\/09\/shure-55sh-ii-e1601485394796-142x300.jpg 142w\" sizes=\"auto, (max-width: 10px) 100vw, 10px\" \/> Cornelius K\u00fcpper, Experte: Ansgar Brinkmann (Einzelspiel), Christian Stra\u00dfburger (Konferenz)<\/p>\n\n\n\n<p>Field-Reporter: Thomas Wagner<\/p>\n\n\n\n<p><em><strong>Feyenoord Rotterdam \u2013 AS Rom (18.45 Uhr)<\/strong><\/em><\/p>\n\n\n\n<p><img loading=\"lazy\" decoding=\"async\" width=\"10\" height=\"21\" class=\"wp-image-3656\" style=\"width: 10px;\" src=\"http:\/\/kommentatorenblog.de\/wp-content\/uploads\/2020\/09\/shure-55sh-ii-e1601485394796.jpg\" alt=\"\" srcset=\"http:\/\/kommentatorenblog.de\/wp-content\/uploads\/2020\/09\/shure-55sh-ii-e1601485394796.jpg 415w, http:\/\/kommentatorenblog.de\/wp-content\/uploads\/2020\/09\/shure-55sh-ii-e1601485394796-142x300.jpg 142w\" sizes=\"auto, (max-width: 10px) 100vw, 10px\" \/> Oliver Seidler (Einzelspiel), Philip Konrad (Konferenz)<\/p>\n\n\n\n<p><em><strong>Galatasaray Istanbul \u2013 Sparta Prag (18.45 Uhr)<\/strong><\/em><\/p>\n\n\n\n<p><img loading=\"lazy\" decoding=\"async\" width=\"10\" height=\"21\" class=\"wp-image-3656\" style=\"width: 10px;\" src=\"http:\/\/kommentatorenblog.de\/wp-content\/uploads\/2020\/09\/shure-55sh-ii-e1601485394796.jpg\" alt=\"\" srcset=\"http:\/\/kommentatorenblog.de\/wp-content\/uploads\/2020\/09\/shure-55sh-ii-e1601485394796.jpg 415w, http:\/\/kommentatorenblog.de\/wp-content\/uploads\/2020\/09\/shure-55sh-ii-e1601485394796-142x300.jpg 142w\" sizes=\"auto, (max-width: 10px) 100vw, 10px\" \/> Florian von Stackelberg (Einzelspiel), Alex Klich (Konferenz)<\/p>\n\n\n\n<p><span style=\"text-decoration: underline;\">ab 18.15 Uhr (RTL+) bzw. ab 18.35Uhr (Sky)<\/span><\/p>\n\n\n\n<p><em><strong>Schachtar Donetsk \u2013 Olympique Marseille (18.45 Uhr)<\/strong><\/em><\/p>\n\n\n\n<p>RTL+\/Sky: <img loading=\"lazy\" decoding=\"async\" width=\"10\" height=\"21\" class=\"wp-image-3656\" style=\"width: 10px;\" src=\"http:\/\/kommentatorenblog.de\/wp-content\/uploads\/2020\/09\/shure-55sh-ii-e1601485394796.jpg\" alt=\"\" srcset=\"http:\/\/kommentatorenblog.de\/wp-content\/uploads\/2020\/09\/shure-55sh-ii-e1601485394796.jpg 415w, http:\/\/kommentatorenblog.de\/wp-content\/uploads\/2020\/09\/shure-55sh-ii-e1601485394796-142x300.jpg 142w\" sizes=\"auto, (max-width: 10px) 100vw, 10px\" \/> Rene Langhoff (Einzelspiel)<\/p>\n\n\n\n<p>RTL+: <img loading=\"lazy\" decoding=\"async\" width=\"10\" height=\"21\" class=\"wp-image-3656\" style=\"width: 10px;\" src=\"http:\/\/kommentatorenblog.de\/wp-content\/uploads\/2020\/09\/shure-55sh-ii-e1601485394796.jpg\" alt=\"\" srcset=\"http:\/\/kommentatorenblog.de\/wp-content\/uploads\/2020\/09\/shure-55sh-ii-e1601485394796.jpg 415w, http:\/\/kommentatorenblog.de\/wp-content\/uploads\/2020\/09\/shure-55sh-ii-e1601485394796-142x300.jpg 142w\" sizes=\"auto, (max-width: 10px) 100vw, 10px\" \/> Heiko Wasser (Konferenz)<\/p>\n\n\n\n<p><span style=\"text-decoration: underline;\">ab 20.45 Uhr (RTL\/RTL+)<\/span><\/p>\n\n\n\n<p><em><strong><span><b style=\"font-style: italic;\">RC Lens \u2013 SC Freiburg <\/b><\/span>(21.00 Uhr)<\/strong><\/em><\/p>\n\n\n\n<p>RTL: <img loading=\"lazy\" decoding=\"async\" width=\"10\" height=\"21\" class=\"wp-image-3656\" style=\"width: 10px;\" src=\"http:\/\/kommentatorenblog.de\/wp-content\/uploads\/2020\/09\/shure-55sh-ii-e1601485394796.jpg\" alt=\"\" srcset=\"http:\/\/kommentatorenblog.de\/wp-content\/uploads\/2020\/09\/shure-55sh-ii-e1601485394796.jpg 415w, http:\/\/kommentatorenblog.de\/wp-content\/uploads\/2020\/09\/shure-55sh-ii-e1601485394796-142x300.jpg 142w\" sizes=\"auto, (max-width: 10px) 100vw, 10px\" \/> Marco Hagemann, Experte: Steffen Freund<\/p>\n\n\n\n<p>RTL+: <img loading=\"lazy\" decoding=\"async\" width=\"10\" height=\"21\" class=\"wp-image-3656\" style=\"width: 10px;\" src=\"http:\/\/kommentatorenblog.de\/wp-content\/uploads\/2020\/09\/shure-55sh-ii-e1601485394796.jpg\" alt=\"\" srcset=\"http:\/\/kommentatorenblog.de\/wp-content\/uploads\/2020\/09\/shure-55sh-ii-e1601485394796.jpg 415w, http:\/\/kommentatorenblog.de\/wp-content\/uploads\/2020\/09\/shure-55sh-ii-e1601485394796-142x300.jpg 142w\" sizes=\"auto, (max-width: 10px) 100vw, 10px\" \/> Robby Hunke, Experte: Felix Kroos (Einzelspiel), Klaus Veltman (Konferenz)<\/p>\n\n\n\n<p>Field-Reporter:innen: Felix G\u00f6rner und Jessica Matyschok<\/p>\n\n\n\n<p>Moderation (RTL): Laura Papendick, Experte: Lothar Matth\u00e4us<\/p>\n\n\n\n<p><span style=\"text-decoration: underline;\">ab 20.40 Uhr (RTL+)<\/span><\/p>\n\n\n\n<p><em><strong>AC Mailand \u2013 Stade Rennes (21.00 Uhr)<\/strong><\/em><\/p>\n\n\n\n<p><img loading=\"lazy\" decoding=\"async\" width=\"10\" height=\"21\" class=\"wp-image-3656\" style=\"width: 10px;\" src=\"http:\/\/kommentatorenblog.de\/wp-content\/uploads\/2020\/09\/shure-55sh-ii-e1601485394796.jpg\" alt=\"\" srcset=\"http:\/\/kommentatorenblog.de\/wp-content\/uploads\/2020\/09\/shure-55sh-ii-e1601485394796.jpg 415w, http:\/\/kommentatorenblog.de\/wp-content\/uploads\/2020\/09\/shure-55sh-ii-e1601485394796-142x300.jpg 142w\" sizes=\"auto, (max-width: 10px) 100vw, 10px\" \/> Stefan Galler (Einzelspiel), J\u00fcrgen Schmitz (Konferenz)<\/p>\n\n\n\n<p><em><strong>Real Betis Sevilla \u2013 Dinamo Zagreb (21.00 Uhr)<\/strong><\/em><\/p>\n\n\n\n<p><img loading=\"lazy\" decoding=\"async\" width=\"10\" height=\"21\" class=\"wp-image-3656\" style=\"width: 10px;\" src=\"http:\/\/kommentatorenblog.de\/wp-content\/uploads\/2020\/09\/shure-55sh-ii-e1601485394796.jpg\" alt=\"\" srcset=\"http:\/\/kommentatorenblog.de\/wp-content\/uploads\/2020\/09\/shure-55sh-ii-e1601485394796.jpg 415w, http:\/\/kommentatorenblog.de\/wp-content\/uploads\/2020\/09\/shure-55sh-ii-e1601485394796-142x300.jpg 142w\" sizes=\"auto, (max-width: 10px) 100vw, 10px\" \/> Frederick Schulz (Einzelspiel), Stefan Fuckert (Konferenz)<\/p>\n\n\n\n<p><span style=\"text-decoration: underline;\">ab 20.40 Uhr (RTL+) bzw. ab 20.50 Uhr (Sky)<\/span><\/p>\n\n\n\n<p><em><strong>Benfica Lissabon \u2013 FC Toulouse (21.00 Uhr)<\/strong><\/em><\/p>\n\n\n\n<p>RTL+\/Sky: <img loading=\"lazy\" decoding=\"async\" width=\"10\" height=\"21\" class=\"wp-image-3656\" style=\"width: 10px;\" src=\"http:\/\/kommentatorenblog.de\/wp-content\/uploads\/2020\/09\/shure-55sh-ii-e1601485394796.jpg\" alt=\"\" srcset=\"http:\/\/kommentatorenblog.de\/wp-content\/uploads\/2020\/09\/shure-55sh-ii-e1601485394796.jpg 415w, http:\/\/kommentatorenblog.de\/wp-content\/uploads\/2020\/09\/shure-55sh-ii-e1601485394796-142x300.jpg 142w\" sizes=\"auto, (max-width: 10px) 100vw, 10px\" \/> Michael Born (Einzelspiel)<\/p>\n\n\n\n<p>RTL+: <img loading=\"lazy\" decoding=\"async\" width=\"10\" height=\"21\" class=\"wp-image-3656\" style=\"width: 10px;\" src=\"http:\/\/kommentatorenblog.de\/wp-content\/uploads\/2020\/09\/shure-55sh-ii-e1601485394796.jpg\" alt=\"\" srcset=\"http:\/\/kommentatorenblog.de\/wp-content\/uploads\/2020\/09\/shure-55sh-ii-e1601485394796.jpg 415w, http:\/\/kommentatorenblog.de\/wp-content\/uploads\/2020\/09\/shure-55sh-ii-e1601485394796-142x300.jpg 142w\" sizes=\"auto, (max-width: 10px) 100vw, 10px\" \/> Tim Hemmrich (Konferenz)<\/p>\n\n\n\n<p>Moderation (RTL+): Anna Kraft, Experte: Patrick Helmes, Community-Host: Julius Fellermann<\/p>\n\n\n\n<hr class=\"wp-block-separator\"\/>\n\n\n\n<p><strong>3. Liga, Nachholspiel 20. Spieltag (Magenta Sport)<\/strong><\/p>\n\n\n\n<p><span style=\"text-decoration: underline;\">Dienstag, 13. Februar 2024, ab 18.45 Uhr<\/span><\/p>\n\n\n\n<p><strong><em>Borussia Dortmund &#8211; Preu\u00dfen M\u00fcnster (19.00 Uhr)<\/em><\/strong><\/p>\n\n\n\n<p><img loading=\"lazy\" decoding=\"async\" width=\"10\" height=\"21\" class=\"wp-image-3656\" style=\"width: 10px;\" src=\"http:\/\/kommentatorenblog.de\/wp-content\/uploads\/2020\/09\/shure-55sh-ii-e1601485394796.jpg\" alt=\"\" srcset=\"http:\/\/kommentatorenblog.de\/wp-content\/uploads\/2020\/09\/shure-55sh-ii-e1601485394796.jpg 415w, http:\/\/kommentatorenblog.de\/wp-content\/uploads\/2020\/09\/shure-55sh-ii-e1601485394796-142x300.jpg 142w\" sizes=\"auto, (max-width: 10px) 100vw, 10px\" \/> Julian-Luca Sch\u00e4fer<\/p>\n\n\n\n<p>Moderation: Holger Speckhahn<\/p>\n\n\n\n<hr class=\"wp-block-separator\"\/>\n\n\n\n<p><strong>Sky Bet Championship, 32. Spieltag (Sportdigital Fu\u00dfball)<\/strong><\/p>\n\n\n\n<p><span style=\"text-decoration: underline;\">Dienstag, 13. Februar 2024<\/span><\/p>\n\n\n\n<p><strong><em>Bristol City &#8211; FC Southampton (21.00 Uhr)<\/em><\/strong><\/p>\n\n\n\n<p><img loading=\"lazy\" decoding=\"async\" width=\"10\" height=\"21\" class=\"wp-image-3656\" style=\"width: 10px;\" src=\"http:\/\/kommentatorenblog.de\/wp-content\/uploads\/2020\/09\/shure-55sh-ii-e1601485394796.jpg\" alt=\"\" srcset=\"http:\/\/kommentatorenblog.de\/wp-content\/uploads\/2020\/09\/shure-55sh-ii-e1601485394796.jpg 415w, http:\/\/kommentatorenblog.de\/wp-content\/uploads\/2020\/09\/shure-55sh-ii-e1601485394796-142x300.jpg 142w\" sizes=\"auto, (max-width: 10px) 100vw, 10px\" \/> Karsten Linke<\/p>\n\n\n\n<p><span style=\"text-decoration: underline;\">Mittwoch, 14. Februar 2024<\/span><\/p>\n\n\n\n<p><strong><em>FC Millwall &#8211; Ipswich Town (21.00 Uhr)<\/em><\/strong><\/p>\n\n\n\n<p><img loading=\"lazy\" decoding=\"async\" width=\"10\" height=\"21\" class=\"wp-image-3656\" style=\"width: 10px;\" src=\"http:\/\/kommentatorenblog.de\/wp-content\/uploads\/2020\/09\/shure-55sh-ii-e1601485394796.jpg\" alt=\"\" srcset=\"http:\/\/kommentatorenblog.de\/wp-content\/uploads\/2020\/09\/shure-55sh-ii-e1601485394796.jpg 415w, http:\/\/kommentatorenblog.de\/wp-content\/uploads\/2020\/09\/shure-55sh-ii-e1601485394796-142x300.jpg 142w\" sizes=\"auto, (max-width: 10px) 100vw, 10px\" \/> Jonathan Dreier<\/p>\n\n\n\n<hr class=\"wp-block-separator\"\/>\n\n\n\n<p><strong>Copa de la Liga Profesional, 5. Spieltag (Sportdigital Fu\u00dfball)<\/strong><\/p>\n\n\n\n<p><span style=\"text-decoration: underline;\">Mittwoch, 14. Februar 2024<\/span><\/p>\n\n\n\n<p><strong><em>Boca Juniors &#8211; CA Central Cordoba (23.15 Uhr)<\/em><\/strong><\/p>\n\n\n\n<p><img loading=\"lazy\" decoding=\"async\" width=\"10\" height=\"21\" class=\"wp-image-3656\" style=\"width: 10px;\" src=\"http:\/\/kommentatorenblog.de\/wp-content\/uploads\/2020\/09\/shure-55sh-ii-e1601485394796.jpg\" alt=\"\" srcset=\"http:\/\/kommentatorenblog.de\/wp-content\/uploads\/2020\/09\/shure-55sh-ii-e1601485394796.jpg 415w, http:\/\/kommentatorenblog.de\/wp-content\/uploads\/2020\/09\/shure-55sh-ii-e1601485394796-142x300.jpg 142w\" sizes=\"auto, (max-width: 10px) 100vw, 10px\" \/> Marvin Kirsch<\/p>\n\n\n\n<hr class=\"wp-block-separator\"\/>\n\n\n\n<p><strong>AFC Champions League, Achtelfinale, Hinspiele (Sport1+)<\/strong><\/p>\n\n\n\n<p><span style=\"text-decoration: underline;\">Mittwoch, 14. Februar 2024, ab 12.55 Uhr<\/span><\/p>\n\n\n\n<p><strong><em>Bangkok United &#8211; Yokohama F. Marinos (13.00 Uhr)<\/em><\/strong><\/p>\n\n\n\n<p><img loading=\"lazy\" decoding=\"async\" width=\"10\" height=\"21\" class=\"wp-image-3656\" style=\"width: 10px;\" src=\"http:\/\/kommentatorenblog.de\/wp-content\/uploads\/2020\/09\/shure-55sh-ii-e1601485394796.jpg\" alt=\"\" srcset=\"http:\/\/kommentatorenblog.de\/wp-content\/uploads\/2020\/09\/shure-55sh-ii-e1601485394796.jpg 415w, http:\/\/kommentatorenblog.de\/wp-content\/uploads\/2020\/09\/shure-55sh-ii-e1601485394796-142x300.jpg 142w\" sizes=\"auto, (max-width: 10px) 100vw, 10px\" \/> Tobi Fischbeck<\/p>\n\n\n\n<p><span style=\"text-decoration: underline;\">ab 18.55 Uhr<\/span><\/p>\n\n\n\n<p><strong><em>Al Feiha &#8211; al-Nassr FC (19.00 Uhr)<\/em><\/strong><\/p>\n\n\n\n<p><strong><img loading=\"lazy\" decoding=\"async\" width=\"10\" height=\"21\" class=\"wp-image-3656\" style=\"width: 10px;\" src=\"http:\/\/kommentatorenblog.de\/wp-content\/uploads\/2020\/09\/shure-55sh-ii-e1601485394796.jpg\" alt=\"\" srcset=\"http:\/\/kommentatorenblog.de\/wp-content\/uploads\/2020\/09\/shure-55sh-ii-e1601485394796.jpg 415w, http:\/\/kommentatorenblog.de\/wp-content\/uploads\/2020\/09\/shure-55sh-ii-e1601485394796-142x300.jpg 142w\" sizes=\"auto, (max-width: 10px) 100vw, 10px\" \/><\/strong> Oliver Forster<\/p>\n\n\n\n<p><span style=\"text-decoration: underline;\">Donnerstag, 15. Februar 2024, ab 14.55 Uhr<\/span><\/p>\n\n\n\n<p><strong><em>Navbahor Namangan \u2013 Ittihad FC (15.00 Uhr)<\/em><\/strong><\/p>\n\n\n\n<p><strong><img loading=\"lazy\" decoding=\"async\" width=\"10\" height=\"21\" class=\"wp-image-3656\" style=\"width: 10px;\" src=\"http:\/\/kommentatorenblog.de\/wp-content\/uploads\/2020\/09\/shure-55sh-ii-e1601485394796.jpg\" alt=\"\" srcset=\"http:\/\/kommentatorenblog.de\/wp-content\/uploads\/2020\/09\/shure-55sh-ii-e1601485394796.jpg 415w, http:\/\/kommentatorenblog.de\/wp-content\/uploads\/2020\/09\/shure-55sh-ii-e1601485394796-142x300.jpg 142w\" sizes=\"auto, (max-width: 10px) 100vw, 10px\" \/><\/strong> Steffen Bohleber<\/p>\n\n\n\n<hr class=\"wp-block-separator\"\/>\n\n\n\n<p><strong>Die Analyse<\/strong><\/p>\n\n\n\n<p>Am Dienstag startet Prime in die KO-Phase und meldet sich aus Leipzig, wo CL-Rekordsieger Real Madrid zu Gast ist. Sebastian Hellmann meldet sich ab 20Uhr vom Spielfeldrand und ist dabei wie gewohnt nicht allein. Neben Matthias Sammer, der ja in dieser Saison immer als Experte dabei ist, und Josephine Henning, die sich zumeist mit Tabea Kemme abwechselt, ist erstmals Thomas Hitzlsperger am Tisch dabei. Bei Sky ist er ja bereits regelm\u00e4\u00dfig in der Premier League zu sehen und auch in der Bundesliga, f\u00fchrte er ja bereits mit Michael Leopold und Kai Dittmann durch das Nachholspiel zwischen Bayern und Union. Jonas Friedrich wird die Partie selbstverst\u00e4ndlich mit seinem kongenialen Partner Benedikt H\u00f6wedes kommentieren, w\u00e4hrend Annika Zimmermann und Sebastian Benesch weitere Stimmen einfahren. Wie \u00fcblich in der KO-Phase kommt die Highlight-Show im Anschluss an die Analyse nicht mehr aus K\u00f6ln und wird auch nicht mehr von Lena Cassel, sondern Sebastian Hellmann moderiert. Patrick Owomoyela muss sich also eine ruhige Ecke suchen und verfolgt aus dieser Kopenhagen gegen Manchester City. Die Partie des Titelverteidigers in der d\u00e4nischen Hauptstadt \u00fcbernimmt \u00fcbrigens f\u00fcr DAZN Uli Hebel gemeinsam mit Sebastian Knei\u00dfl aus der Box, einen gesonderten Vorlauf und eine Field-Reporter gibt es dabei leider nicht.<\/p>\n\n\n\n<p>Am Mittwoch liegt dann der Fokus auf der Partie der Bayern bei Lazio Rom, <s>Alex Schl\u00fcter<\/s> Laura Wontorra meldet sich ab 20.15Uhr aus dem Olimpico. Als Experte ist hier mal nicht Michael Ballack sondern Tim Borowski mit dabei. Kommentieren wird dann Jan Platte, w\u00e4hrend als Field-Reporter wie so oft in der Champions League Max Siebald dabei ist. Beim Parallelspiel von PSG gegen Real Sociedad kommentiert Freddy Harder &#8211; etwas \u00fcberraschend ohne Experte. Die Konferenz, die anders als in der Gruppenphase auf einen eigenen Moderator verzichtet, Marco Hagemann \u00fcbernimmt die Bayern und schiebt sich die B\u00e4lle mit Lukas Sch\u00f6nm\u00fcller hin und her. <\/p>\n\n\n\n<p>Kommen wir zum Europapokaldonnerstag, in der der SC Freiburg und Eintracht Frankfurt ausw\u00e4rts im Einsatz sind. Beginnen wir aber chronologisch: Ab 18.15Uhr meldet sich Anna Kraft mit Patrick Helmes aus dem Studio und auch Julius Fellermann ist mit dabei. Dabei wird auf die fr\u00fchen Spiele eingestimmt, wobei der Fokus sicherlich auf dem Spiel der Eintracht bei Union Saint-Gilloise liegt, wo sich Thomas Wagner als Fielder meldet. Kommentieren wird dann Corni K\u00fcpper die Partie zusammen mit Ansgar Brinkmann, in der Konferenz ist Christian Stra\u00dfburger am Start, der sich die B\u00e4lle mit Heiko Wasser, Pipo Konrad und Alex Klich zuspielt. <\/p>\n\n\n\n<p>In der zweiten Ansto\u00dfzeit l\u00e4uft dann die Partie des SC Freiburgs in Lens. Im FreeTV meldet sich Laura Papendick ab 20.45Uhr mit Lothar Matth\u00e4us, kommentieren werden Marco Hagemann und Steffen Freund. Alternativ stehen euch bei RTL+ Robby Hunke und Felix Kroos zur Auswahl. In der Konferenz \u00fcbernimmt die Begegnung Klaus Veltman. Au\u00dferdem sind in dieser J\u00fcrgen Schmitz, Stefan Fuckert und Tim Hemmrich mit dabei. Die Spiele, die auch auf Sky laufen, werden \u00fcbrigens von Rene Langhoff und Michael Born kommentiert. Borni bei Sky hatten wir letztmals bei Kiel gegen Darmstadt im Mai 2021.<\/p>\n\n\n\n<p>Ansonsten steht noch ein Nachholspiel in der 3.Liga und ein bisschen internationaler Fu\u00dfball auf Sportdigital an, u.a. Julian-Luca Sch\u00e4fer und Karsten Linke sind im Einsatz. Bis dahin, habt eine sch\u00f6ne Woche, ob mit Karneval, Valentinstag oder auch nichts von beidem! <\/p>\n","protected":false},"excerpt":{"rendered":"<p>N&#8217;Abend allerseits, eine komplett wahnsinnige Woche liegt hinter uns: Fredi Bobic wird DAZN Experte, Andrea Petkovic geht zu Sky, \u2060der Ludwigspark geht unter &#8211; Sky berichtet lange, das ZDF wiederum wechselt zu Marie Brandt, Sky verl\u00e4ngert die Premier League Rechte, der v\u00f6llig verr\u00fcckte Superbowl (die Halftime-Show war nicht so meins, aber das Spiel selbst war [&hellip;]<\/p>\n","protected":false},"author":5,"featured_media":0,"comment_status":"open","ping_status":"open","sticky":false,"template":"","format":"standard","meta":{"footnotes":""},"categories":[425],"tags":[],"class_list":["post-16738","post","type-post","status-publish","format-standard","hentry","category-champions-league-und-co"],"_links":{"self":[{"href":"http:\/\/kommentatorenblog.de\/index.php?rest_route=\/wp\/v2\/posts\/16738","targetHints":{"allow":["GET"]}}],"collection":[{"href":"http:\/\/kommentatorenblog.de\/index.php?rest_route=\/wp\/v2\/posts"}],"about":[{"href":"http:\/\/kommentatorenblog.de\/index.php?rest_route=\/wp\/v2\/types\/post"}],"author":[{"embeddable":true,"href":"http:\/\/kommentatorenblog.de\/index.php?rest_route=\/wp\/v2\/users\/5"}],"replies":[{"embeddable":true,"href":"http:\/\/kommentatorenblog.de\/index.php?rest_route=%2Fwp%2Fv2%2Fcomments&post=16738"}],"version-history":[{"count":15,"href":"http:\/\/kommentatorenblog.de\/index.php?rest_route=\/wp\/v2\/posts\/16738\/revisions"}],"predecessor-version":[{"id":16768,"href":"http:\/\/kommentatorenblog.de\/index.php?rest_route=\/wp\/v2\/posts\/16738\/revisions\/16768"}],"wp:attachment":[{"href":"http:\/\/kommentatorenblog.de\/index.php?rest_route=%2Fwp%2Fv2%2Fmedia&parent=16738"}],"wp:term":[{"taxonomy":"category","embeddable":true,"href":"http:\/\/kommentatorenblog.de\/index.php?rest_route=%2Fwp%2Fv2%2Fcategories&post=16738"},{"taxonomy":"post_tag","embeddable":true,"href":"http:\/\/kommentatorenblog.de\/index.php?rest_route=%2Fwp%2Fv2%2Ftags&post=16738"}],"curies":[{"name":"wp","href":"https:\/\/api.w.org\/{rel}","templated":true}]}}