{"id":17262,"date":"2024-04-01T15:11:56","date_gmt":"2024-04-01T14:11:56","guid":{"rendered":"https:\/\/kommentatorenblog.de\/?p=17262"},"modified":"2024-04-04T20:21:09","modified_gmt":"2024-04-04T19:21:09","slug":"1413-ostern-drainagen-und-ein-blick-zurueck","status":"publish","type":"post","link":"http:\/\/kommentatorenblog.de\/?p=17262","title":{"rendered":"1413 &#8211; Ostern, Drainagen und ein Blick zur\u00fcck"},"content":{"rendered":"\n<p>N&#8217;Abend allerseits,<\/p>\n\n\n\n<p>erst einmal w\u00fcnsche ich frohe Ostern! Nach der L\u00e4nderspieleuphorie, den unbesiegbaren Leverkusenern in der Liga und einem Sieg der Dortmunder im sogenannten Klassiker, wartet der DFB Pokal auf uns. Doch bevor wir einen Blick in die Gegenwart werfen, schauen wir zehn Jahre zur\u00fcck ins DFB Pokal Halbfinale 2014 und werfen, um mal ein bisschen in \u00fcbertragungstechnische Zeitgeschichte zu schauen und sieh mal einer: Damals wie heute vertreten ist der 1.FC Kaiserslautern&#8230;<\/p>\n\n\n\n<p><strong>DFB Pokal Halbfinale 2014<\/strong><\/p>\n\n\n\n<p><span style=\"text-decoration: underline;\">Dienstag, 15. April 2014, ab 20.15 Uhr (Sky bzw. ARD)<\/span><\/p>\n\n\n\n<p><em><strong>Borussia Dortmund &#8211; VfL Wolfsburg (20.30 Uhr)<\/strong><\/em><\/p>\n\n\n\n<p><img loading=\"lazy\" decoding=\"async\" width=\"10\" height=\"21\" class=\"wp-image-3656\" style=\"width: 10px;\" src=\"http:\/\/kommentatorenblog.de\/wp-content\/uploads\/2020\/09\/shure-55sh-ii-e1601485394796.jpg\" alt=\"\" srcset=\"http:\/\/kommentatorenblog.de\/wp-content\/uploads\/2020\/09\/shure-55sh-ii-e1601485394796.jpg 415w, http:\/\/kommentatorenblog.de\/wp-content\/uploads\/2020\/09\/shure-55sh-ii-e1601485394796-142x300.jpg 142w\" sizes=\"auto, (max-width: 10px) 100vw, 10px\" \/> Sky: Kai Dittmann<\/p>\n\n\n\n<p><img loading=\"lazy\" decoding=\"async\" width=\"10\" height=\"21\" class=\"wp-image-3656\" style=\"width: 10px;\" src=\"http:\/\/kommentatorenblog.de\/wp-content\/uploads\/2020\/09\/shure-55sh-ii-e1601485394796.jpg\" alt=\"\" srcset=\"http:\/\/kommentatorenblog.de\/wp-content\/uploads\/2020\/09\/shure-55sh-ii-e1601485394796.jpg 415w, http:\/\/kommentatorenblog.de\/wp-content\/uploads\/2020\/09\/shure-55sh-ii-e1601485394796-142x300.jpg 142w\" sizes=\"auto, (max-width: 10px) 100vw, 10px\" \/> ARD: Steffen Simon<\/p>\n\n\n\n<p>Moderation (Sky): Thomas Wagner<\/p>\n\n\n\n<p>Moderation (ARD): Matthias Opdenh\u00f6vel, Experte: Mehmet Scholl<\/p>\n\n\n\n<p><span style=\"text-decoration: underline;\">Mittwoch, 16. April 2014, ab 20.15 Uhr (Sky bzw. ARD)<\/span><\/p>\n\n\n\n<p><em><strong>FC Bayern M\u00fcnchen &#8211; 1. FC Kaiserslautern (20.30 Uhr)<\/strong><\/em><\/p>\n\n\n\n<p><img loading=\"lazy\" decoding=\"async\" width=\"10\" height=\"21\" class=\"wp-image-3656\" style=\"width: 10px;\" src=\"http:\/\/kommentatorenblog.de\/wp-content\/uploads\/2020\/09\/shure-55sh-ii-e1601485394796.jpg\" alt=\"\" srcset=\"http:\/\/kommentatorenblog.de\/wp-content\/uploads\/2020\/09\/shure-55sh-ii-e1601485394796.jpg 415w, http:\/\/kommentatorenblog.de\/wp-content\/uploads\/2020\/09\/shure-55sh-ii-e1601485394796-142x300.jpg 142w\" sizes=\"auto, (max-width: 10px) 100vw, 10px\" \/> Sky: Marcel Reif<\/p>\n\n\n\n<p><img loading=\"lazy\" decoding=\"async\" width=\"10\" height=\"21\" class=\"wp-image-3656\" style=\"width: 10px;\" src=\"http:\/\/kommentatorenblog.de\/wp-content\/uploads\/2020\/09\/shure-55sh-ii-e1601485394796.jpg\" alt=\"\" srcset=\"http:\/\/kommentatorenblog.de\/wp-content\/uploads\/2020\/09\/shure-55sh-ii-e1601485394796.jpg 415w, http:\/\/kommentatorenblog.de\/wp-content\/uploads\/2020\/09\/shure-55sh-ii-e1601485394796-142x300.jpg 142w\" sizes=\"auto, (max-width: 10px) 100vw, 10px\" \/> ARD: Tom Bartels<\/p>\n\n\n\n<p>Moderation (Sky): Jessica Kastrop<\/p>\n\n\n\n<p>Moderation (ARD): Gerhard Delling, Experte: Mehmet Scholl<\/p>\n\n\n\n<hr class=\"wp-block-separator\"\/>\n\n\n\n<p>Man sieht also ganz gut: Ein bisschen was ver\u00e4ndert hat sich schon&#8230; Steffen Simon ist inzwischen beim DFB, Matthias Opdenh\u00f6vel moderiert f\u00fcr RAN, Mehmet Scholl ist kaum noch zu sehen und h\u00f6chstens donnerstags bei Sky, Marcel Reif hat sein Mikro an den Nagel geh\u00e4ngt und auch Jessica Libbertz, geb. Kastrop, ist nicht mehr zu sehen (Mein aktuellster Stand ist, dass sie bei der FIFA arbeitet, aber die Angabe ist ohne Gew\u00e4hr!)<\/p>\n\n\n\n<p>Nun schauen wir aber doch mal in die Gegenwart, zumindest zwei Namen aus dem letzten Jahrzehnt finden wir n\u00e4mlich auch diesmal wieder!<\/p>\n\n\n\n<p><strong><em>Die Ansetzungen vom 02. April 2024 bis zum 04. April 2024<\/em><\/strong><\/p>\n\n\n\n<hr class=\"wp-block-separator is-style-default\"\/>\n\n\n\n<p><strong>DFB-Pokal, Halbfinale (ARD\/Sky\/ZDF)<\/strong><\/p>\n\n\n\n<p><span style=\"text-decoration: underline;\">Dienstag, 02. April 2024, ab 20.00 Uhr (Sky) bzw. ab 20.15 Uhr (ARD)<\/span><\/p>\n\n\n\n<p><strong style=\"font-style: italic;\"><em><strong>1.FC Saarbr\u00fccken <strong style=\"font-style: italic;\"><strong><em><b style=\"font-style: italic;\">\u2013<\/b><\/em><\/strong><\/strong> 1. FC Kaiserslautern <\/strong><\/em><\/strong><em><strong>(20.45 Uhr)<\/strong><\/em> <\/p>\n\n\n\n<p><img loading=\"lazy\" decoding=\"async\" width=\"10\" height=\"21\" class=\"wp-image-3656\" style=\"width: 10px;\" src=\"http:\/\/kommentatorenblog.de\/wp-content\/uploads\/2020\/09\/shure-55sh-ii-e1601485394796.jpg\" alt=\"\" srcset=\"http:\/\/kommentatorenblog.de\/wp-content\/uploads\/2020\/09\/shure-55sh-ii-e1601485394796.jpg 415w, http:\/\/kommentatorenblog.de\/wp-content\/uploads\/2020\/09\/shure-55sh-ii-e1601485394796-142x300.jpg 142w\" sizes=\"auto, (max-width: 10px) 100vw, 10px\" \/> Sky: Kai Dittmann<\/p>\n\n\n\n<p><img loading=\"lazy\" decoding=\"async\" width=\"10\" height=\"21\" class=\"wp-image-3656\" style=\"width: 10px;\" src=\"http:\/\/kommentatorenblog.de\/wp-content\/uploads\/2020\/09\/shure-55sh-ii-e1601485394796.jpg\" alt=\"\" srcset=\"http:\/\/kommentatorenblog.de\/wp-content\/uploads\/2020\/09\/shure-55sh-ii-e1601485394796.jpg 415w, http:\/\/kommentatorenblog.de\/wp-content\/uploads\/2020\/09\/shure-55sh-ii-e1601485394796-142x300.jpg 142w\" sizes=\"auto, (max-width: 10px) 100vw, 10px\" \/> ARD: Tom Bartels, Experte: Thomas Hitzlsperger<\/p>\n\n\n\n<p>Moderation (Sky): Yannick Erkenbrecher, Experte: Lukas Kwasniok, Field-Reporterin: Britta Hofmann <\/p>\n\n\n\n<p>Moderation (ARD): Alexander Bommes, Experte: Bastian Schweinsteiger, Field-Reporter: Frank Grundhever und Marius Zimmermann<\/p>\n\n\n\n<p><span style=\"text-decoration: underline;\">Mittwoch, 03. April 2024, ab 20.00 Uhr (Sky) bzw. ab 20.15 Uhr (ZDF)<\/span><\/p>\n\n\n\n<p><strong style=\"font-style: italic;\"><em><strong>Bayer 04 Leverkusen <strong style=\"font-style: italic;\"><strong><em><b style=\"font-style: italic;\">\u2013<\/b><\/em><\/strong><\/strong> <\/strong><\/em><\/strong><em><strong>Fortuna D\u00fcsseldorf<\/strong><\/em><em><strong> (20.45 Uhr)<\/strong><\/em> <\/p>\n\n\n\n<p><img loading=\"lazy\" decoding=\"async\" width=\"10\" height=\"21\" class=\"wp-image-3656\" style=\"width: 10px;\" src=\"http:\/\/kommentatorenblog.de\/wp-content\/uploads\/2020\/09\/shure-55sh-ii-e1601485394796.jpg\" alt=\"\" srcset=\"http:\/\/kommentatorenblog.de\/wp-content\/uploads\/2020\/09\/shure-55sh-ii-e1601485394796.jpg 415w, http:\/\/kommentatorenblog.de\/wp-content\/uploads\/2020\/09\/shure-55sh-ii-e1601485394796-142x300.jpg 142w\" sizes=\"auto, (max-width: 10px) 100vw, 10px\" \/> Sky: Wolff Fuss<\/p>\n\n\n\n<p><img loading=\"lazy\" decoding=\"async\" width=\"10\" height=\"21\" class=\"wp-image-3656\" style=\"width: 10px;\" src=\"http:\/\/kommentatorenblog.de\/wp-content\/uploads\/2020\/09\/shure-55sh-ii-e1601485394796.jpg\" alt=\"\" srcset=\"http:\/\/kommentatorenblog.de\/wp-content\/uploads\/2020\/09\/shure-55sh-ii-e1601485394796.jpg 415w, http:\/\/kommentatorenblog.de\/wp-content\/uploads\/2020\/09\/shure-55sh-ii-e1601485394796-142x300.jpg 142w\" sizes=\"auto, (max-width: 10px) 100vw, 10px\" \/> ZDF: Claudia Neumann<\/p>\n\n\n\n<p>Moderation (Sky): Michael Leopold, Experte: Erik Meijer, Field-Reporter: Patrick Wasserziehr<\/p>\n\n\n\n<p>Moderation (ZDF): Sven Voss, Experte: Per Mertesacker, Field-Reporter:innen: Boris B\u00fcchler und Meili Scheidemann<\/p>\n\n\n\n<hr class=\"wp-block-separator\"\/>\n\n\n\n<p><strong>Premier League, 31. Spieltag<\/strong><\/p>\n\n\n\n<p><span style=\"text-decoration: underline;\">Dienstag, 02. April 2024, ab 20.20 Uhr (Sky)<\/span><\/p>\n\n\n\n<p><strong style=\"font-style: italic;\"><em><strong>Newcastle United \u2013 FC Everton<\/strong><\/em><\/strong> <em><strong>(20.30 Uhr)<\/strong><\/em> <\/p>\n\n\n\n<p><img loading=\"lazy\" decoding=\"async\" width=\"10\" height=\"21\" class=\"wp-image-3656\" style=\"width: 10px;\" src=\"http:\/\/kommentatorenblog.de\/wp-content\/uploads\/2020\/09\/shure-55sh-ii-e1601485394796.jpg\" alt=\"\" srcset=\"http:\/\/kommentatorenblog.de\/wp-content\/uploads\/2020\/09\/shure-55sh-ii-e1601485394796.jpg 415w, http:\/\/kommentatorenblog.de\/wp-content\/uploads\/2020\/09\/shure-55sh-ii-e1601485394796-142x300.jpg 142w\" sizes=\"auto, (max-width: 10px) 100vw, 10px\" \/> Florian Malburg<\/p>\n\n\n\n<p><strong style=\"font-style: italic;\"><em><strong>Nottingham Forest \u2013 FC Fulham<\/strong><\/em><\/strong> <em><strong>(20.30 Uhr)<\/strong><\/em> <\/p>\n\n\n\n<p><img loading=\"lazy\" decoding=\"async\" width=\"10\" height=\"21\" class=\"wp-image-3656\" style=\"width: 10px;\" src=\"http:\/\/kommentatorenblog.de\/wp-content\/uploads\/2020\/09\/shure-55sh-ii-e1601485394796.jpg\" alt=\"\" srcset=\"http:\/\/kommentatorenblog.de\/wp-content\/uploads\/2020\/09\/shure-55sh-ii-e1601485394796.jpg 415w, http:\/\/kommentatorenblog.de\/wp-content\/uploads\/2020\/09\/shure-55sh-ii-e1601485394796-142x300.jpg 142w\" sizes=\"auto, (max-width: 10px) 100vw, 10px\" \/> Philipp Langosz<\/p>\n\n\n\n<p><span style=\"text-decoration: underline;\">ab 20.35 Uhr (Sky)<\/span><\/p>\n\n\n\n<p><strong style=\"font-style: italic;\"><em><strong>AFC Bournemouth \u2013 Crystal Palace<\/strong><\/em><\/strong> <em><strong>(20.45 Uhr)<\/strong><\/em> <\/p>\n\n\n\n<p><img loading=\"lazy\" decoding=\"async\" width=\"10\" height=\"21\" class=\"wp-image-3656\" style=\"width: 10px;\" src=\"http:\/\/kommentatorenblog.de\/wp-content\/uploads\/2020\/09\/shure-55sh-ii-e1601485394796.jpg\" alt=\"\" srcset=\"http:\/\/kommentatorenblog.de\/wp-content\/uploads\/2020\/09\/shure-55sh-ii-e1601485394796.jpg 415w, http:\/\/kommentatorenblog.de\/wp-content\/uploads\/2020\/09\/shure-55sh-ii-e1601485394796-142x300.jpg 142w\" sizes=\"auto, (max-width: 10px) 100vw, 10px\" \/> Markus Gaupp<\/p>\n\n\n\n<p><strong style=\"font-style: italic;\"><em><strong>FC Burnley \u2013 Wolverhampton Wanderers<\/strong><\/em><\/strong> <em><strong>(20.45 Uhr)<\/strong><\/em> <\/p>\n\n\n\n<p><img loading=\"lazy\" decoding=\"async\" width=\"10\" height=\"21\" class=\"wp-image-3656\" style=\"width: 10px;\" src=\"http:\/\/kommentatorenblog.de\/wp-content\/uploads\/2020\/09\/shure-55sh-ii-e1601485394796.jpg\" alt=\"\" srcset=\"http:\/\/kommentatorenblog.de\/wp-content\/uploads\/2020\/09\/shure-55sh-ii-e1601485394796.jpg 415w, http:\/\/kommentatorenblog.de\/wp-content\/uploads\/2020\/09\/shure-55sh-ii-e1601485394796-142x300.jpg 142w\" sizes=\"auto, (max-width: 10px) 100vw, 10px\" \/> Sven Schr\u00f6ter<\/p>\n\n\n\n<p><span style=\"text-decoration: underline;\">ab 21.05 Uhr (Sky)<\/span><\/p>\n\n\n\n<p><strong style=\"font-style: italic;\"><em><strong>West Ham United \u2013 Tottenham Hotspur<\/strong><\/em><\/strong> <em><strong>(21.15 Uhr)<\/strong><\/em> <\/p>\n\n\n\n<p><img loading=\"lazy\" decoding=\"async\" width=\"10\" height=\"21\" class=\"wp-image-3656\" style=\"width: 10px;\" src=\"http:\/\/kommentatorenblog.de\/wp-content\/uploads\/2020\/09\/shure-55sh-ii-e1601485394796.jpg\" alt=\"\" srcset=\"http:\/\/kommentatorenblog.de\/wp-content\/uploads\/2020\/09\/shure-55sh-ii-e1601485394796.jpg 415w, http:\/\/kommentatorenblog.de\/wp-content\/uploads\/2020\/09\/shure-55sh-ii-e1601485394796-142x300.jpg 142w\" sizes=\"auto, (max-width: 10px) 100vw, 10px\" \/> <s>Marcel Meinert<\/s> Uli Hebel<\/p>\n\n\n\n<p><span style=\"text-decoration: underline;\">Mittwoch, 03. April 2024, ab 20.20 Uh (Sky)<\/span><\/p>\n\n\n\n<p><strong style=\"font-style: italic;\"><em><strong>FC Arsenal \u2013 Luton Town<\/strong><\/em><\/strong> <em><strong>(20.30 Uhr)<\/strong><\/em> <\/p>\n\n\n\n<p><img loading=\"lazy\" decoding=\"async\" width=\"10\" height=\"21\" class=\"wp-image-3656\" style=\"width: 10px;\" src=\"http:\/\/kommentatorenblog.de\/wp-content\/uploads\/2020\/09\/shure-55sh-ii-e1601485394796.jpg\" alt=\"\" srcset=\"http:\/\/kommentatorenblog.de\/wp-content\/uploads\/2020\/09\/shure-55sh-ii-e1601485394796.jpg 415w, http:\/\/kommentatorenblog.de\/wp-content\/uploads\/2020\/09\/shure-55sh-ii-e1601485394796-142x300.jpg 142w\" sizes=\"auto, (max-width: 10px) 100vw, 10px\" \/> Joachim Hebel<\/p>\n\n\n\n<p><strong style=\"font-style: italic;\"><em><strong>FC Brentford \u2013 Brighton &amp; Hove Albion<\/strong><\/em><\/strong> <em><strong>(20.30 Uhr)<\/strong><\/em> <\/p>\n\n\n\n<p><img loading=\"lazy\" decoding=\"async\" width=\"10\" height=\"21\" class=\"wp-image-3656\" style=\"width: 10px;\" src=\"http:\/\/kommentatorenblog.de\/wp-content\/uploads\/2020\/09\/shure-55sh-ii-e1601485394796.jpg\" alt=\"\" srcset=\"http:\/\/kommentatorenblog.de\/wp-content\/uploads\/2020\/09\/shure-55sh-ii-e1601485394796.jpg 415w, http:\/\/kommentatorenblog.de\/wp-content\/uploads\/2020\/09\/shure-55sh-ii-e1601485394796-142x300.jpg 142w\" sizes=\"auto, (max-width: 10px) 100vw, 10px\" \/> Uli Hebel<\/p>\n\n\n\n<p><span style=\"text-decoration: underline;\">ab 21.05 Uhr (Sky\/RTL+)<\/span><\/p>\n\n\n\n<p><strong style=\"font-style: italic;\"><em><strong>Manchester City \u2013 Aston Villa<\/strong><\/em><\/strong> <em><strong>(21.15 Uhr)<\/strong><\/em> <\/p>\n\n\n\n<p><img loading=\"lazy\" decoding=\"async\" width=\"10\" height=\"21\" class=\"wp-image-3656\" style=\"width: 10px;\" src=\"http:\/\/kommentatorenblog.de\/wp-content\/uploads\/2020\/09\/shure-55sh-ii-e1601485394796.jpg\" alt=\"\" srcset=\"http:\/\/kommentatorenblog.de\/wp-content\/uploads\/2020\/09\/shure-55sh-ii-e1601485394796.jpg 415w, http:\/\/kommentatorenblog.de\/wp-content\/uploads\/2020\/09\/shure-55sh-ii-e1601485394796-142x300.jpg 142w\" sizes=\"auto, (max-width: 10px) 100vw, 10px\" \/> Hannes Herrmann<br>Field-Reporter: Toni Tomic<\/p>\n\n\n\n<p><span style=\"text-decoration: underline;\">Donnerstag, 04. April 2024, ab 20.00 Uhr (Sky)<\/span><\/p>\n\n\n\n<p><strong style=\"font-style: italic;\"><em><strong>FC Liverpool \u2013 Sheffield United<\/strong><\/em><\/strong> <em><strong>(20.30 Uhr)<\/strong><\/em> <\/p>\n\n\n\n<p><img loading=\"lazy\" decoding=\"async\" width=\"10\" height=\"21\" class=\"wp-image-3656\" style=\"width: 10px;\" src=\"http:\/\/kommentatorenblog.de\/wp-content\/uploads\/2020\/09\/shure-55sh-ii-e1601485394796.jpg\" alt=\"\" srcset=\"http:\/\/kommentatorenblog.de\/wp-content\/uploads\/2020\/09\/shure-55sh-ii-e1601485394796.jpg 415w, http:\/\/kommentatorenblog.de\/wp-content\/uploads\/2020\/09\/shure-55sh-ii-e1601485394796-142x300.jpg 142w\" sizes=\"auto, (max-width: 10px) 100vw, 10px\" \/> <s>Toni Tomic<\/s> Jonas Friedrich<\/p>\n\n\n\n<p><span style=\"text-decoration: underline;\">ab 21.05 Uhr (Sky)<\/span><\/p>\n\n\n\n<p><strong style=\"font-style: italic;\"><em><strong>FC Chelsea \u2013 Manchester United<\/strong><\/em><\/strong> <em><strong>(21.15 Uhr)<\/strong><\/em> <\/p>\n\n\n\n<p><img loading=\"lazy\" decoding=\"async\" width=\"10\" height=\"21\" class=\"wp-image-3656\" style=\"width: 10px;\" src=\"http:\/\/kommentatorenblog.de\/wp-content\/uploads\/2020\/09\/shure-55sh-ii-e1601485394796.jpg\" alt=\"\" srcset=\"http:\/\/kommentatorenblog.de\/wp-content\/uploads\/2020\/09\/shure-55sh-ii-e1601485394796.jpg 415w, http:\/\/kommentatorenblog.de\/wp-content\/uploads\/2020\/09\/shure-55sh-ii-e1601485394796-142x300.jpg 142w\" sizes=\"auto, (max-width: 10px) 100vw, 10px\" \/> Roland Evers<\/p>\n\n\n\n<hr class=\"wp-block-separator\"\/>\n\n\n\n<p><strong>Coppa Italia Ferecciarossa, Halbfinal-Hinspiele (DAZN)<\/strong><\/p>\n\n\n\n<p><span style=\"text-decoration: underline;\">Dienstag, 02. April 2024<\/span><\/p>\n\n\n\n<p><strong style=\"font-style: italic;\"><em><strong>Juventus Turin \u2013 Lazio Rom<\/strong><\/em><\/strong> <em><strong>(21.00 Uhr)<\/strong><\/em> <\/p>\n\n\n\n<p><img loading=\"lazy\" decoding=\"async\" width=\"10\" height=\"21\" class=\"wp-image-3656\" style=\"width: 10px;\" src=\"http:\/\/kommentatorenblog.de\/wp-content\/uploads\/2020\/09\/shure-55sh-ii-e1601485394796.jpg\" alt=\"\" srcset=\"http:\/\/kommentatorenblog.de\/wp-content\/uploads\/2020\/09\/shure-55sh-ii-e1601485394796.jpg 415w, http:\/\/kommentatorenblog.de\/wp-content\/uploads\/2020\/09\/shure-55sh-ii-e1601485394796-142x300.jpg 142w\" sizes=\"auto, (max-width: 10px) 100vw, 10px\" \/> Mario Rieker<\/p>\n\n\n\n<p><span style=\"text-decoration: underline;\">Mittwoch, 03. April 2024<\/span><\/p>\n\n\n\n<p><strong style=\"font-style: italic;\"><em><strong>AC Florenz \u2013 Atalanta Bergamo<\/strong><\/em><\/strong> <em><strong>(21.00 Uhr)<\/strong><\/em> <\/p>\n\n\n\n<p><img loading=\"lazy\" decoding=\"async\" width=\"10\" height=\"21\" class=\"wp-image-3656\" style=\"width: 10px;\" src=\"http:\/\/kommentatorenblog.de\/wp-content\/uploads\/2020\/09\/shure-55sh-ii-e1601485394796.jpg\" alt=\"\" srcset=\"http:\/\/kommentatorenblog.de\/wp-content\/uploads\/2020\/09\/shure-55sh-ii-e1601485394796.jpg 415w, http:\/\/kommentatorenblog.de\/wp-content\/uploads\/2020\/09\/shure-55sh-ii-e1601485394796-142x300.jpg 142w\" sizes=\"auto, (max-width: 10px) 100vw, 10px\" \/> Carsten Fu\u00df<\/p>\n\n\n\n<hr class=\"wp-block-separator\"\/>\n\n\n\n<p><strong>Coupe de France, Halbfinale (Magenta Sport)<\/strong><\/p>\n\n\n\n<p><span style=\"text-decoration: underline;\">Dienstag, 02. April 2024, ab 20.35 Uhr<\/span><\/p>\n\n\n\n<p><strong style=\"font-style: italic;\"><em><strong>Olympique Lyon \u2013 FC Valenciennes<\/strong><\/em><\/strong> <em><strong>(20.45 Uhr)<\/strong><\/em> <\/p>\n\n\n\n<p><img loading=\"lazy\" decoding=\"async\" width=\"10\" height=\"21\" class=\"wp-image-3656\" style=\"width: 10px;\" src=\"http:\/\/kommentatorenblog.de\/wp-content\/uploads\/2020\/09\/shure-55sh-ii-e1601485394796.jpg\" alt=\"\" srcset=\"http:\/\/kommentatorenblog.de\/wp-content\/uploads\/2020\/09\/shure-55sh-ii-e1601485394796.jpg 415w, http:\/\/kommentatorenblog.de\/wp-content\/uploads\/2020\/09\/shure-55sh-ii-e1601485394796-142x300.jpg 142w\" sizes=\"auto, (max-width: 10px) 100vw, 10px\" \/> Jan Platte<\/p>\n\n\n\n<p><span style=\"text-decoration: underline;\">Mittwoch, 03. April 2024, ab 21.00 Uhr<\/span><\/p>\n\n\n\n<p><strong style=\"font-style: italic;\"><em><strong>Paris Saint-Germain \u2013 Stade Rennes<\/strong><\/em><\/strong> <em><strong>(21.10 Uhr)<\/strong><\/em> <\/p>\n\n\n\n<p><img loading=\"lazy\" decoding=\"async\" width=\"10\" height=\"21\" class=\"wp-image-3656\" style=\"width: 10px;\" src=\"http:\/\/kommentatorenblog.de\/wp-content\/uploads\/2020\/09\/shure-55sh-ii-e1601485394796.jpg\" alt=\"\" srcset=\"http:\/\/kommentatorenblog.de\/wp-content\/uploads\/2020\/09\/shure-55sh-ii-e1601485394796.jpg 415w, http:\/\/kommentatorenblog.de\/wp-content\/uploads\/2020\/09\/shure-55sh-ii-e1601485394796-142x300.jpg 142w\" sizes=\"auto, (max-width: 10px) 100vw, 10px\" \/> Jan Platte, Experte: Alexis Menuge<\/p>\n\n\n\n<hr class=\"wp-block-separator is-style-default\"\/>\n\n\n\n<p><strong>Eredivisie, 28. Spieltag (Sportdigital FUSSBALL)<\/strong><\/p>\n\n\n\n<p><span style=\"text-decoration: underline;\">Dienstag, 02. April 2024<\/span><\/p>\n\n\n\n<p><strong style=\"font-style: italic;\"><em><strong>Excelsior Rotterdam &#8211; PSV Eindhoven<\/strong><\/em><\/strong> <em><strong>(20.00 Uhr)<\/strong><\/em> <\/p>\n\n\n\n<p><img loading=\"lazy\" decoding=\"async\" width=\"10\" height=\"21\" class=\"wp-image-3656\" style=\"width: 10px;\" src=\"http:\/\/kommentatorenblog.de\/wp-content\/uploads\/2020\/09\/shure-55sh-ii-e1601485394796.jpg\" alt=\"\" srcset=\"http:\/\/kommentatorenblog.de\/wp-content\/uploads\/2020\/09\/shure-55sh-ii-e1601485394796.jpg 415w, http:\/\/kommentatorenblog.de\/wp-content\/uploads\/2020\/09\/shure-55sh-ii-e1601485394796-142x300.jpg 142w\" sizes=\"auto, (max-width: 10px) 100vw, 10px\" \/> Martin Hahn<\/p>\n\n\n\n<p><span style=\"text-decoration: underline;\">Mittwoch, 03. April 2024<\/span><\/p>\n\n\n\n<p><strong style=\"font-style: italic;\"><em><strong>Heracles Almelo &#8211; AZ Alkmaar<\/strong><\/em><\/strong> <em><strong>(18.45 Uhr)<\/strong><\/em> <\/p>\n\n\n\n<p><img loading=\"lazy\" decoding=\"async\" width=\"10\" height=\"21\" class=\"wp-image-3656\" style=\"width: 10px;\" src=\"http:\/\/kommentatorenblog.de\/wp-content\/uploads\/2020\/09\/shure-55sh-ii-e1601485394796.jpg\" alt=\"\" srcset=\"http:\/\/kommentatorenblog.de\/wp-content\/uploads\/2020\/09\/shure-55sh-ii-e1601485394796.jpg 415w, http:\/\/kommentatorenblog.de\/wp-content\/uploads\/2020\/09\/shure-55sh-ii-e1601485394796-142x300.jpg 142w\" sizes=\"auto, (max-width: 10px) 100vw, 10px\" \/> Moritz Knorr<\/p>\n\n\n\n<p><span style=\"text-decoration: underline;\">Donnerstag, 04. April 2024<\/span><\/p>\n\n\n\n<p><strong style=\"font-style: italic;\"><em><strong>FC Volendam &#8211; Feyenoord Rotterdam<\/strong><\/em><\/strong> <em><strong>(18.45 Uhr)<\/strong><\/em> <\/p>\n\n\n\n<p><img loading=\"lazy\" decoding=\"async\" width=\"10\" height=\"21\" class=\"wp-image-3656\" style=\"width: 10px;\" src=\"http:\/\/kommentatorenblog.de\/wp-content\/uploads\/2020\/09\/shure-55sh-ii-e1601485394796.jpg\" alt=\"\" srcset=\"http:\/\/kommentatorenblog.de\/wp-content\/uploads\/2020\/09\/shure-55sh-ii-e1601485394796.jpg 415w, http:\/\/kommentatorenblog.de\/wp-content\/uploads\/2020\/09\/shure-55sh-ii-e1601485394796-142x300.jpg 142w\" sizes=\"auto, (max-width: 10px) 100vw, 10px\" \/> Jonathan Dreier<\/p>\n\n\n\n<p><strong style=\"font-style: italic;\"><em><strong>Ajax Amsterdam &#8211; Go Ahead Eagles<\/strong><\/em><\/strong> <em><strong>(21.00 Uhr)<\/strong><\/em> <\/p>\n\n\n\n<p><img loading=\"lazy\" decoding=\"async\" width=\"10\" height=\"21\" class=\"wp-image-3656\" style=\"width: 10px;\" src=\"http:\/\/kommentatorenblog.de\/wp-content\/uploads\/2020\/09\/shure-55sh-ii-e1601485394796.jpg\" alt=\"\" srcset=\"http:\/\/kommentatorenblog.de\/wp-content\/uploads\/2020\/09\/shure-55sh-ii-e1601485394796.jpg 415w, http:\/\/kommentatorenblog.de\/wp-content\/uploads\/2020\/09\/shure-55sh-ii-e1601485394796-142x300.jpg 142w\" sizes=\"auto, (max-width: 10px) 100vw, 10px\" \/> <s>Marvin Kirsch<\/s> Martin Hahn<\/p>\n\n\n\n<hr class=\"wp-block-separator\"\/>\n\n\n\n<p><strong>J. League, 6. Spieltag (Sportdigital FUSSBALL)<\/strong><\/p>\n\n\n\n<p><span style=\"text-decoration: underline;\">Mittwoch, 03. April 2024<\/span><\/p>\n\n\n\n<p><strong style=\"font-style: italic;\"><em><strong>Yokohama F-Marinos &#8211; Kawasaki Frontale<\/strong><\/em><\/strong> <em><strong>(12.03 Uhr)<\/strong><\/em> <\/p>\n\n\n\n<p><img loading=\"lazy\" decoding=\"async\" width=\"10\" height=\"21\" class=\"wp-image-3656\" style=\"width: 10px;\" src=\"http:\/\/kommentatorenblog.de\/wp-content\/uploads\/2020\/09\/shure-55sh-ii-e1601485394796.jpg\" alt=\"\" srcset=\"http:\/\/kommentatorenblog.de\/wp-content\/uploads\/2020\/09\/shure-55sh-ii-e1601485394796.jpg 415w, http:\/\/kommentatorenblog.de\/wp-content\/uploads\/2020\/09\/shure-55sh-ii-e1601485394796-142x300.jpg 142w\" sizes=\"auto, (max-width: 10px) 100vw, 10px\" \/> Marcus Radefeld<\/p>\n\n\n\n<hr class=\"wp-block-separator\"\/>\n\n\n\n<p><strong>Copa Libertadores, Gruppenphase, 1. Spieltag (Sport1+)<\/strong><\/p>\n\n\n\n<p><span style=\"text-decoration: underline;\">Dienstag, 02. April 2024, ab 23.55 Uhr<\/span><\/p>\n\n\n\n<p><strong><em>Milonarios FC<\/em><\/strong> <em>(COL)<\/em> <strong><em>\u2013 Flamengo Rio de Janeiro<\/em><\/strong> <em>(BRA)<\/em> <strong><em>(00.00 Uhr)<\/em><\/strong><\/p>\n\n\n\n<p><img loading=\"lazy\" decoding=\"async\" width=\"10\" height=\"21\" class=\"wp-image-3656\" style=\"width: 10px;\" src=\"http:\/\/kommentatorenblog.de\/wp-content\/uploads\/2020\/09\/shure-55sh-ii-e1601485394796.jpg\" alt=\"\" srcset=\"http:\/\/kommentatorenblog.de\/wp-content\/uploads\/2020\/09\/shure-55sh-ii-e1601485394796.jpg 415w, http:\/\/kommentatorenblog.de\/wp-content\/uploads\/2020\/09\/shure-55sh-ii-e1601485394796-142x300.jpg 142w\" sizes=\"auto, (max-width: 10px) 100vw, 10px\" \/> Tobias Fischbeck<\/p>\n\n\n\n<p><span style=\"text-decoration: underline;\">Mittwoch, 03. April 2024, ab 01.55 Uhr<\/span><\/p>\n\n\n\n<p><em><strong>Deportivo T\u00e1chira FC<\/strong> (VEN) <strong>\u2013 River Plate<\/strong> (ARG)<\/em> <strong><em>(02.30 Uhr)<\/em><\/strong><\/p>\n\n\n\n<p><img loading=\"lazy\" decoding=\"async\" width=\"10\" height=\"21\" class=\"wp-image-3656\" style=\"width: 10px;\" src=\"http:\/\/kommentatorenblog.de\/wp-content\/uploads\/2020\/09\/shure-55sh-ii-e1601485394796.jpg\" alt=\"\" srcset=\"http:\/\/kommentatorenblog.de\/wp-content\/uploads\/2020\/09\/shure-55sh-ii-e1601485394796.jpg 415w, http:\/\/kommentatorenblog.de\/wp-content\/uploads\/2020\/09\/shure-55sh-ii-e1601485394796-142x300.jpg 142w\" sizes=\"auto, (max-width: 10px) 100vw, 10px\" \/> Steffen Bohleber<\/p>\n\n\n\n<hr class=\"wp-block-separator\"\/>\n\n\n\n<p><strong>Regionalliga Bayern, 22. Spieltag, Nachholspiel (BR24Sport-Livestream)<\/strong><\/p>\n\n\n\n<p><span style=\"text-decoration: underline;\">Dienstag, 02. April 2024<\/span><\/p>\n\n\n\n<p><strong><em>TSV Aubstadt &#8211; W\u00fcrzburger Kickers (17.45 Uhr)<\/em><\/strong><\/p>\n\n\n\n<p><img loading=\"lazy\" decoding=\"async\" width=\"10\" height=\"21\" class=\"wp-image-3656\" style=\"width: 10px;\" src=\"http:\/\/kommentatorenblog.de\/wp-content\/uploads\/2020\/09\/shure-55sh-ii-e1601485394796.jpg\" alt=\"\" srcset=\"http:\/\/kommentatorenblog.de\/wp-content\/uploads\/2020\/09\/shure-55sh-ii-e1601485394796.jpg 415w, http:\/\/kommentatorenblog.de\/wp-content\/uploads\/2020\/09\/shure-55sh-ii-e1601485394796-142x300.jpg 142w\" sizes=\"auto, (max-width: 10px) 100vw, 10px\" \/> Martin Raspe<\/p>\n\n\n\n<hr class=\"wp-block-separator\"\/>\n\n\n\n<p><strong>Die Analyse<\/strong><\/p>\n\n\n\n<p>Den Auftakt in die Pokalhalbfinals macht die Begegnung des 1.FC Saarbr\u00fccken gegen Kaiserslautern. Eine Begegnung voller Brisanz und mit Derby-Charakter. Thema ist nat\u00fcrlich mitunter der Rasen bzw. die Drainage. Von vor Ort wurde mir diesbez\u00fcglich gemeldet, dass nach einem sonnigen Wochenende ein eher verregneter Ostermontag auf dem Programm stand\/steht. Von daher d\u00fcrfen wir uns auf ein regnerisches Pokalspiel freuen &#8211; klassischer Pokalkampf. <\/p>\n\n\n\n<p>Sky \u00fcbertr\u00e4gt und meldet sich mit dem gleichen Personal wie beim Gladbachspiel &#8211; wenn auch mit vertauschten Rollen aus dem Ludwigspark. Yannick Erkenbrecher moderiert und meldet sich ab 20Uhr mit dem Experten Lukas Kwasniok. Der momentane Trainer des SC Paderborn hat ja Saarbr\u00fccker Vergangenheit. Mit dem FCS stand er vor vier Jahren auch im Pokalhalbfinale, damals allerdings noch in V\u00f6lklingen und ohne Zuschauer. Ebenso wird wohl auch Darts-Profi Gabriel Clemens im Laufe der \u00dcbertragung zu sehen sein. Field-Reporterin ist Britta Hofmann und kommentieren wird Kai Dittmann. F\u00fcr Dittmann ist es nach Bayern, Frankfurt und zweimal Gladbach damit schon das f\u00fcnfte Spiel im Ludwigspark -h\u00e4tte man vor der Saison wohl auch nicht gedacht! <\/p>\n\n\n\n<p>Die ARD meldet sich nach der Tagesschau mit Alexander Bommes, der sich mit Bastian Schweinsteiger am Spielfeldrand steht. Auch Schweinsteiger war ja bereits beim Saarbr\u00fccken-Bayern-Spiel im Einsatz. Ebenso im Einsatz ist Thomas Hitzlsperger als Co-Kommentator, auch mit Blick auf die EM spannend! Hauptkommentator ist im \u00dcbrigen Tom Bartels, w\u00e4hrend Frank Grundhever (SR) und Marius Zimmermann (SWR) auf Stimmenfang gehen. Wem ich die Daumen dr\u00fccke, k\u00f6nnten langj\u00e4hrige Leser in Anbetracht meiner saarl\u00e4ndischen Herkunft vermuten \ud83d\ude09<\/p>\n\n\n\n<p>Rein in den Mittwoch: Bayer Leverkusen empf\u00e4ngt Fortuna D\u00fcsseldorf zum Derby (?). Sky sendet erneut ab 20Uhr, wenig \u00fcberraschend meldet sich Michael Leopold aus der Bay-Arena und bekommt dabei &#8211; in ASAT wurde es bereits angek\u00fcndigt &#8211; Unterst\u00fctzung von Erik Meijer. Interviews wird au\u00dferdem Patrick Wasserziehr f\u00fchren, w\u00e4hrend Wolff die 90 Minuten begleitet (oder 120)&#8230;<\/p>\n\n\n\n<p>Das ZDF ist mit Sven Voss und Per Mertesacker vor Ort &#8211; Christoph Kramer w\u00e4re als Spieler von Gladbach bei der Partie Leverkusen-D\u00fcsseldorf auch mit einer gewissen Brisanz verbunden. Ebenso mit dabei ist Manuel Gr\u00e4fe als Schiedsrichter-Experte, falls es mal brenzlich werden sollte. Kommentieren wird Claudia Neumann, ihr erster Einsatz in dieser Pokalsaison nachdem sonst nur Oliver Schmidt und Martin Schneider kommentierten. Interviews f\u00fchren Boris B\u00fcchler und Meili Scheidemann.<\/p>\n\n\n\n<p><\/p>\n\n\n\n<p>In Anbetracht der L\u00e4nge der Pokalanalyse halten wir die Analyse der restlichen Wettbewerbe mal etwas k\u00fcrzer. In der Premier League steht eine englische Woche auf dem Programm, in der die \u00fcblichen Verd\u00e4chtigen zum Einsatz kommen. Der Experte des Match of the Weeks ist mir\/uns noch nicht bekannt, sobald wir mehr wissen, erg\u00e4nzen wir die Info. Ansonsten geht der Jan Platte Marathon weiter &#8211; diesmal mit franz\u00f6sischem Fu\u00dfball bei Magenta. Von Alexis Menuge fehlt jede Spur. <strong>Update:<\/strong> Zuerst wurde verlautbart, dass Konstantin Klostermann Platte das Spiel zwischen PSG und Stade Rennes abnehmen sollte, nun kommentiert Platte das Spiel aber doch, und Alexis Menuge ist auch dabei.<\/p>\n\n\n\n<p>Bis dahin, habt eine sch\u00f6ne Woche!<\/p>\n","protected":false},"excerpt":{"rendered":"<p>N&#8217;Abend allerseits, erst einmal w\u00fcnsche ich frohe Ostern! Nach der L\u00e4nderspieleuphorie, den unbesiegbaren Leverkusenern in der Liga und einem Sieg der Dortmunder im sogenannten Klassiker, wartet der DFB Pokal auf uns. Doch bevor wir einen Blick in die Gegenwart werfen, schauen wir zehn Jahre zur\u00fcck ins DFB Pokal Halbfinale 2014 und werfen, um mal ein [&hellip;]<\/p>\n","protected":false},"author":5,"featured_media":0,"comment_status":"open","ping_status":"open","sticky":false,"template":"","format":"standard","meta":{"footnotes":""},"categories":[504],"tags":[],"class_list":["post-17262","post","type-post","status-publish","format-standard","hentry","category-dfb-pokal-co"],"_links":{"self":[{"href":"http:\/\/kommentatorenblog.de\/index.php?rest_route=\/wp\/v2\/posts\/17262","targetHints":{"allow":["GET"]}}],"collection":[{"href":"http:\/\/kommentatorenblog.de\/index.php?rest_route=\/wp\/v2\/posts"}],"about":[{"href":"http:\/\/kommentatorenblog.de\/index.php?rest_route=\/wp\/v2\/types\/post"}],"author":[{"embeddable":true,"href":"http:\/\/kommentatorenblog.de\/index.php?rest_route=\/wp\/v2\/users\/5"}],"replies":[{"embeddable":true,"href":"http:\/\/kommentatorenblog.de\/index.php?rest_route=%2Fwp%2Fv2%2Fcomments&post=17262"}],"version-history":[{"count":21,"href":"http:\/\/kommentatorenblog.de\/index.php?rest_route=\/wp\/v2\/posts\/17262\/revisions"}],"predecessor-version":[{"id":17323,"href":"http:\/\/kommentatorenblog.de\/index.php?rest_route=\/wp\/v2\/posts\/17262\/revisions\/17323"}],"wp:attachment":[{"href":"http:\/\/kommentatorenblog.de\/index.php?rest_route=%2Fwp%2Fv2%2Fmedia&parent=17262"}],"wp:term":[{"taxonomy":"category","embeddable":true,"href":"http:\/\/kommentatorenblog.de\/index.php?rest_route=%2Fwp%2Fv2%2Fcategories&post=17262"},{"taxonomy":"post_tag","embeddable":true,"href":"http:\/\/kommentatorenblog.de\/index.php?rest_route=%2Fwp%2Fv2%2Ftags&post=17262"}],"curies":[{"name":"wp","href":"https:\/\/api.w.org\/{rel}","templated":true}]}}