{"id":17415,"date":"2024-04-15T20:27:06","date_gmt":"2024-04-15T19:27:06","guid":{"rendered":"https:\/\/kommentatorenblog.de\/?p=17415"},"modified":"2024-04-17T19:59:21","modified_gmt":"2024-04-17T18:59:21","slug":"1417-entscheidende-wochen-in-jeder-hinsicht","status":"publish","type":"post","link":"http:\/\/kommentatorenblog.de\/?p=17415","title":{"rendered":"1417 &#8211; Entscheidende Wochen &#8211; in vielerlei Hinsicht"},"content":{"rendered":"\n<p>N&#8217;Abend allerseits,<\/p>\n\n\n\n<p>es ist vollbracht, erstmals seit 12 Jahren haben wir wieder einen anderen deutschen Meister als den FC Bayern M\u00fcnchen. Bayer 04 Leverkusen gewann souver\u00e4n mit 5:0 gegen Werder Bremen und liegt nun uneinholbar und weiterhin ungeschlagen auf Platz 1 der Bundesliga. Klarer Favorit im DFB-Pokalfinale ist man ebenfalls und in der UEFA Europa League winkt noch die Chance auf einen weiteren Titel, nicht zuletzt, da mit dem FC Liverpool ein anderer Topfavorit im Hinspiel in der vergangenen Woche \u00fcberraschend hoch verlor und nun vor einer Herkulesaufgabe steht. <\/p>\n\n\n\n<p>Nicht ganz so aussichtslos sind die Ausgangslagen der verbliebenen deutschen Teilnehmer in der Champions League, f\u00fcr den FC Bayern hei\u00dft es zuhause gegen Arsenal Hauptsache gewinnen, w\u00e4hrend der BVB ebenfalls im eigenen Stadion gegen Atletico einen R\u00fcckstand von einem Tor aufholen muss.<\/p>\n\n\n\n<p>Aber nicht nur im Europapokal und in der Bundesliga brechen spannende Wochen an, auch die Auktion f\u00fcr die Vergabe der TV-Rechte der Bundesliga und 2. Bundesliga ab 2025 bis 2029 begann am heutigen Montag offiziell. Wie die Auktion genau abl\u00e4uft, kann man <a href=\"https:\/\/www.dwdl.de\/magazin\/97544\/dfl_ringt_um_milliarden_von_paketen_emotionen_und_einem_gespenst\/\">hier<\/a> noch einmal nachlesen. Berichten zufolge k\u00f6nnte bereits am 29. April das Ergebnis bekanntgegeben werden, eventuell auch etwas sp\u00e4ter. Wir werden das Thema selbstverst\u00e4ndlich laufend im Auge behalten.<\/p>\n\n\n\n<hr class=\"wp-block-separator\"\/>\n\n\n\n<p><strong>Die Ansetzungen vom 16. April bis zum 18. April 2024<\/strong><\/p>\n\n\n\n<hr class=\"wp-block-separator\"\/>\n\n\n\n<p><strong>UEFA<\/strong> <strong>Champions League, Viertelfinal-R\u00fcckspiele<\/strong><\/p>\n\n\n\n<p><span style=\"text-decoration: underline;\">Dienstag, 16. April 2024, ab 20.00 Uhr (Prime)<\/span><\/p>\n\n\n\n<p><em><strong>Borussia Dortmund &#8211; Atletico Madrid (21.00 Uhr)<\/strong><\/em><\/p>\n\n\n\n<p><img loading=\"lazy\" decoding=\"async\" width=\"10\" height=\"21\" class=\"wp-image-3656\" style=\"width: 10px;\" src=\"http:\/\/kommentatorenblog.de\/wp-content\/uploads\/2020\/09\/shure-55sh-ii-e1601485394796.jpg\" alt=\"\" srcset=\"http:\/\/kommentatorenblog.de\/wp-content\/uploads\/2020\/09\/shure-55sh-ii-e1601485394796.jpg 415w, http:\/\/kommentatorenblog.de\/wp-content\/uploads\/2020\/09\/shure-55sh-ii-e1601485394796-142x300.jpg 142w\" sizes=\"auto, (max-width: 10px) 100vw, 10px\" \/> Jonas Friedrich, Experte: Benedikt H\u00f6wedes<br>Field-Reporter:innen: Annika Zimmermann und Sebastian Benesch<br>Moderation: Sebastian Hellmann, Expert:innen: Matthias Sammer, Josy Henning und Miroslav Klose, Schiedsrichter-Experte: Lutz Wagner<br>Experte (Highlight-Show): Patrick Owomoyela <\/p>\n\n\n\n<p><span style=\"text-decoration: underline;\">ab 21.00 Uhr (DAZN)<\/span><\/p>\n\n\n\n<p><em><strong>FC Barcelona &#8211; Paris Saint-Germain (21.00 Uhr)<\/strong><\/em><\/p>\n\n\n\n<p><img loading=\"lazy\" decoding=\"async\" width=\"10\" height=\"21\" class=\"wp-image-3656\" style=\"width: 10px;\" src=\"http:\/\/kommentatorenblog.de\/wp-content\/uploads\/2020\/09\/shure-55sh-ii-e1601485394796.jpg\" alt=\"\" srcset=\"http:\/\/kommentatorenblog.de\/wp-content\/uploads\/2020\/09\/shure-55sh-ii-e1601485394796.jpg 415w, http:\/\/kommentatorenblog.de\/wp-content\/uploads\/2020\/09\/shure-55sh-ii-e1601485394796-142x300.jpg 142w\" sizes=\"auto, (max-width: 10px) 100vw, 10px\" \/> Uli Hebel, Experte: Sascha Bigalke<\/p>\n\n\n\n<p><span style=\"text-decoration: underline;\">Mittwoch, 17. April 2024, ab 20.00 Uhr (DAZN)<\/span><\/p>\n\n\n\n<p><em><strong>FC Bayern M\u00fcnchen &#8211; FC Arsenal (21.00 Uhr)<\/strong><\/em><\/p>\n\n\n\n<p><img loading=\"lazy\" decoding=\"async\" width=\"10\" height=\"21\" class=\"wp-image-3656\" style=\"width: 10px;\" src=\"http:\/\/kommentatorenblog.de\/wp-content\/uploads\/2020\/09\/shure-55sh-ii-e1601485394796.jpg\" alt=\"\" srcset=\"http:\/\/kommentatorenblog.de\/wp-content\/uploads\/2020\/09\/shure-55sh-ii-e1601485394796.jpg 415w, http:\/\/kommentatorenblog.de\/wp-content\/uploads\/2020\/09\/shure-55sh-ii-e1601485394796-142x300.jpg 142w\" sizes=\"auto, (max-width: 10px) 100vw, 10px\" \/> Marco Hagemann, Experte: Sami Khedira (Einzelspiel), Max Siebald (Konferenz)<br>Moderation: Laura Wontorra, Field-Reporter: Daniel Herzog<\/p>\n\n\n\n<p><span style=\"text-decoration: underline;\">ab 21.00 Uhr (DAZN)<\/span><\/p>\n\n\n\n<p><em><strong>Manchester City &#8211; Real Madrid (21.00 Uhr)<\/strong><\/em><\/p>\n\n\n\n<p><img loading=\"lazy\" decoding=\"async\" width=\"10\" height=\"21\" class=\"wp-image-3656\" style=\"width: 10px;\" src=\"http:\/\/kommentatorenblog.de\/wp-content\/uploads\/2020\/09\/shure-55sh-ii-e1601485394796.jpg\" alt=\"\" srcset=\"http:\/\/kommentatorenblog.de\/wp-content\/uploads\/2020\/09\/shure-55sh-ii-e1601485394796.jpg 415w, http:\/\/kommentatorenblog.de\/wp-content\/uploads\/2020\/09\/shure-55sh-ii-e1601485394796-142x300.jpg 142w\" sizes=\"auto, (max-width: 10px) 100vw, 10px\" \/> Jan Platte, Experte: Sebastian Knei\u00dfl (Einzelspiel), Max Gross (Konferenz)<br>Field-Reporter: Freddy Harder<\/p>\n\n\n\n<hr class=\"wp-block-separator\"\/>\n\n\n\n<p><strong>UEFA<\/strong> <strong>Europa League \/ UEFA Europa Conference League, Viertelfinale-R\u00fcckspiele<\/strong><\/p>\n\n\n\n<p><span style=\"text-decoration: underline;\">Donnerstag, 18. April 2024, ab 18.15 Uhr (RTL+) bzw. ab 18.35 Uhr (Sky, nur Einzelspiel)<\/span><\/p>\n\n\n\n<p><em><strong><em><strong>AC Florenz<\/strong><\/em><\/strong><\/em> <strong><em>&#8211;<\/em><\/strong> <em><strong>Viktoria Pilsen (18.45 Uhr)<\/strong><\/em><\/p>\n\n\n\n<p><img loading=\"lazy\" decoding=\"async\" width=\"10\" height=\"21\" class=\"wp-image-3656\" style=\"width: 10px;\" src=\"http:\/\/kommentatorenblog.de\/wp-content\/uploads\/2020\/09\/shure-55sh-ii-e1601485394796.jpg\" alt=\"\" srcset=\"http:\/\/kommentatorenblog.de\/wp-content\/uploads\/2020\/09\/shure-55sh-ii-e1601485394796.jpg 415w, http:\/\/kommentatorenblog.de\/wp-content\/uploads\/2020\/09\/shure-55sh-ii-e1601485394796-142x300.jpg 142w\" sizes=\"auto, (max-width: 10px) 100vw, 10px\" \/> Florian von Stackelberg (Einzelspiel), Peter Reichert (Konferenz)<\/p>\n\n\n\n<p><span style=\"text-decoration: underline;\">ab 18.15 Uhr (RTL+)<\/span><\/p>\n\n\n\n<p><em><strong>OSC Lille<\/strong><\/em> <strong><em>&#8211;<\/em><\/strong> <em><strong>Aston Villa FC (18.45 Uhr)<\/strong><\/em><\/p>\n\n\n\n<p><img loading=\"lazy\" decoding=\"async\" width=\"10\" height=\"21\" class=\"wp-image-3656\" style=\"width: 10px;\" src=\"http:\/\/kommentatorenblog.de\/wp-content\/uploads\/2020\/09\/shure-55sh-ii-e1601485394796.jpg\" alt=\"\" srcset=\"http:\/\/kommentatorenblog.de\/wp-content\/uploads\/2020\/09\/shure-55sh-ii-e1601485394796.jpg 415w, http:\/\/kommentatorenblog.de\/wp-content\/uploads\/2020\/09\/shure-55sh-ii-e1601485394796-142x300.jpg 142w\" sizes=\"auto, (max-width: 10px) 100vw, 10px\" \/> Christoph Stadtler (Einzelspiel), Philip Konrad (Konferenz)<\/p>\n\n\n\n<p><span style=\"text-decoration: underline;\">ab 20.45 Uhr (RTL\/RTL+)<\/span><\/p>\n\n\n\n<p><em><strong><span><b style=\"font-style: italic;\">West Ham United<\/b><\/span><\/strong><\/em> <strong><em>&#8211;<\/em><\/strong> <em><strong><span><b style=\"font-style: italic;\">Bayer 04 Leverkusen<\/b><\/span><\/strong><\/em> <em><strong>(21.00 Uhr)<\/strong><\/em><\/p>\n\n\n\n<p>RTL: <img loading=\"lazy\" decoding=\"async\" width=\"10\" height=\"21\" class=\"wp-image-3656\" style=\"width: 10px;\" src=\"http:\/\/kommentatorenblog.de\/wp-content\/uploads\/2020\/09\/shure-55sh-ii-e1601485394796.jpg\" alt=\"\" srcset=\"http:\/\/kommentatorenblog.de\/wp-content\/uploads\/2020\/09\/shure-55sh-ii-e1601485394796.jpg 415w, http:\/\/kommentatorenblog.de\/wp-content\/uploads\/2020\/09\/shure-55sh-ii-e1601485394796-142x300.jpg 142w\" sizes=\"auto, (max-width: 10px) 100vw, 10px\" \/> Marco Hagemann, Experte: Steffen Freund<br>Moderation (RTL): Laura Papendick, Experte: Lothar Matth\u00e4us<\/p>\n\n\n\n<p>RTL+: <img loading=\"lazy\" decoding=\"async\" width=\"10\" height=\"21\" class=\"wp-image-3656\" style=\"width: 10px;\" src=\"http:\/\/kommentatorenblog.de\/wp-content\/uploads\/2020\/09\/shure-55sh-ii-e1601485394796.jpg\" alt=\"\" srcset=\"http:\/\/kommentatorenblog.de\/wp-content\/uploads\/2020\/09\/shure-55sh-ii-e1601485394796.jpg 415w, http:\/\/kommentatorenblog.de\/wp-content\/uploads\/2020\/09\/shure-55sh-ii-e1601485394796-142x300.jpg 142w\" sizes=\"auto, (max-width: 10px) 100vw, 10px\" \/> Robby Hunke, Experte: Patrick Helmes (Einzelspiel), Klaus Veltman (Konferenz)<\/p>\n\n\n\n<p>Field-Reporter:innen: Felix G\u00f6rner und Jessica Matyschok<\/p>\n\n\n\n<p><span style=\"text-decoration: underline;\">ab 20.40 Uhr (RTL+) bzw. ab 20.50 Uhr (Sky, nur Einzelspiel)<\/span><\/p>\n\n\n\n<p><strong><em>Fenerbahce Istanbul &#8211; Olympiakos Pir\u00e4us (21.00 Uhr)<\/em><\/strong><\/p>\n\n\n\n<p><img loading=\"lazy\" decoding=\"async\" width=\"10\" height=\"21\" class=\"wp-image-3656\" style=\"width: 10px;\" src=\"http:\/\/kommentatorenblog.de\/wp-content\/uploads\/2020\/09\/shure-55sh-ii-e1601485394796.jpg\" alt=\"\" srcset=\"http:\/\/kommentatorenblog.de\/wp-content\/uploads\/2020\/09\/shure-55sh-ii-e1601485394796.jpg 415w, http:\/\/kommentatorenblog.de\/wp-content\/uploads\/2020\/09\/shure-55sh-ii-e1601485394796-142x300.jpg 142w\" sizes=\"auto, (max-width: 10px) 100vw, 10px\" \/> Rene Langhoff (Einzelspiel), Freddie Schulz (Konferenz)<\/p>\n\n\n\n<p><span style=\"text-decoration: underline;\">ab 20.40 Uhr (RTL+)<\/span><\/p>\n\n\n\n<p><em><strong>Atalanta Bergamo<\/strong><\/em> <strong><em>&#8211;<\/em><\/strong> <em><strong>FC Liverpool (21.00 Uhr)<\/strong><\/em><\/p>\n\n\n\n<p><img loading=\"lazy\" decoding=\"async\" width=\"10\" height=\"21\" class=\"wp-image-3656\" style=\"width: 10px;\" src=\"http:\/\/kommentatorenblog.de\/wp-content\/uploads\/2020\/09\/shure-55sh-ii-e1601485394796.jpg\" alt=\"\" srcset=\"http:\/\/kommentatorenblog.de\/wp-content\/uploads\/2020\/09\/shure-55sh-ii-e1601485394796.jpg 415w, http:\/\/kommentatorenblog.de\/wp-content\/uploads\/2020\/09\/shure-55sh-ii-e1601485394796-142x300.jpg 142w\" sizes=\"auto, (max-width: 10px) 100vw, 10px\" \/> Cornelius K\u00fcpper, Experte: Felix Kroos (Einzelspiel), Alexander Klich (Konferenz)<br>Field-Reporter: Thomas Wagner<\/p>\n\n\n\n<p><em><strong>AS Rom<\/strong><\/em> <strong><em>&#8211;<\/em><\/strong> <em><strong>AC Mailand (21.00 Uhr)<\/strong><\/em><\/p>\n\n\n\n<p><img loading=\"lazy\" decoding=\"async\" width=\"10\" height=\"21\" class=\"wp-image-3656\" style=\"width: 10px;\" src=\"http:\/\/kommentatorenblog.de\/wp-content\/uploads\/2020\/09\/shure-55sh-ii-e1601485394796.jpg\" alt=\"\" srcset=\"http:\/\/kommentatorenblog.de\/wp-content\/uploads\/2020\/09\/shure-55sh-ii-e1601485394796.jpg 415w, http:\/\/kommentatorenblog.de\/wp-content\/uploads\/2020\/09\/shure-55sh-ii-e1601485394796-142x300.jpg 142w\" sizes=\"auto, (max-width: 10px) 100vw, 10px\" \/> Oliver Seidler (Einzelspiel), J\u00fcrgen Schmitz (Konferenz)<\/p>\n\n\n\n<p><em><strong>Olympique Marseille<\/strong><\/em> <strong><em>&#8211;<\/em><\/strong> <em><strong>Benfica Lissabon (21.00 Uhr)<\/strong><\/em><\/p>\n\n\n\n<p><img loading=\"lazy\" decoding=\"async\" width=\"10\" height=\"21\" class=\"wp-image-3656\" style=\"width: 10px;\" src=\"http:\/\/kommentatorenblog.de\/wp-content\/uploads\/2020\/09\/shure-55sh-ii-e1601485394796.jpg\" alt=\"\" srcset=\"http:\/\/kommentatorenblog.de\/wp-content\/uploads\/2020\/09\/shure-55sh-ii-e1601485394796.jpg 415w, http:\/\/kommentatorenblog.de\/wp-content\/uploads\/2020\/09\/shure-55sh-ii-e1601485394796-142x300.jpg 142w\" sizes=\"auto, (max-width: 10px) 100vw, 10px\" \/> Stefan Galler (Einzelspiel), Stefan Fuckert (Konferenz)<\/p>\n\n\n\n<p><em><strong>PAOK Saloniki<\/strong><\/em> <strong><em>&#8211;<\/em><\/strong> <em><strong>Club Br\u00fcgge (21.00 Uhr)<\/strong><\/em><\/p>\n\n\n\n<p><img loading=\"lazy\" decoding=\"async\" width=\"10\" height=\"21\" class=\"wp-image-3656\" style=\"width: 10px;\" src=\"http:\/\/kommentatorenblog.de\/wp-content\/uploads\/2020\/09\/shure-55sh-ii-e1601485394796.jpg\" alt=\"\" srcset=\"http:\/\/kommentatorenblog.de\/wp-content\/uploads\/2020\/09\/shure-55sh-ii-e1601485394796.jpg 415w, http:\/\/kommentatorenblog.de\/wp-content\/uploads\/2020\/09\/shure-55sh-ii-e1601485394796-142x300.jpg 142w\" sizes=\"auto, (max-width: 10px) 100vw, 10px\" \/> Michael Born (Einzelspiel), Alexander K\u00fcpper (Konferenz)<\/p>\n\n\n\n<p>Moderation (RTL+): Anna Kraft, Experte: Ansgar Brinkmann, Community Host: Alessa-Luisa Naujoks<\/p>\n\n\n\n<hr class=\"wp-block-separator\"\/>\n\n\n\n<p><strong>Regionalliga Bayern, 26. Spieltag, Nachholspiel (BR24Sport-Livestream)<\/strong><\/p>\n\n\n\n<p><span style=\"text-decoration: underline;\">Dienstag, 16. April 2024<\/span><\/p>\n\n\n\n<p><strong><em>SpVgg Greuther F\u00fcrth II &#8211; W\u00fcrzburger Kickers (19.00 Uhr)<\/em><\/strong><\/p>\n\n\n\n<p><img loading=\"lazy\" decoding=\"async\" width=\"10\" height=\"21\" class=\"wp-image-3656\" style=\"width: 10px;\" src=\"http:\/\/kommentatorenblog.de\/wp-content\/uploads\/2020\/09\/shure-55sh-ii-e1601485394796.jpg\" alt=\"\" srcset=\"http:\/\/kommentatorenblog.de\/wp-content\/uploads\/2020\/09\/shure-55sh-ii-e1601485394796.jpg 415w, http:\/\/kommentatorenblog.de\/wp-content\/uploads\/2020\/09\/shure-55sh-ii-e1601485394796-142x300.jpg 142w\" sizes=\"auto, (max-width: 10px) 100vw, 10px\" \/> <s>Lukas Sch\u00f6nm\u00fcller<\/s> Marcel Seufert<\/p>\n\n\n\n<hr class=\"wp-block-separator\"\/>\n\n\n\n<p><strong>Sachsenpokal, Halbfinale (MDR-Livestream\/sport-im-osten.de)<\/strong><\/p>\n\n\n\n<p><span style=\"text-decoration: underline;\">Dienstag, 16. April 2024, ab 17.55 Uhr<\/span><\/p>\n\n\n\n<p><strong><em>Bischofswerdaer FV &#8211; FC Erzgebirge Aue (18.00 Uhr)<\/em><\/strong><\/p>\n\n\n\n<p><img loading=\"lazy\" decoding=\"async\" width=\"10\" height=\"21\" class=\"wp-image-3656\" style=\"width: 10px;\" src=\"http:\/\/kommentatorenblog.de\/wp-content\/uploads\/2020\/09\/shure-55sh-ii-e1601485394796.jpg\" alt=\"\" srcset=\"http:\/\/kommentatorenblog.de\/wp-content\/uploads\/2020\/09\/shure-55sh-ii-e1601485394796.jpg 415w, http:\/\/kommentatorenblog.de\/wp-content\/uploads\/2020\/09\/shure-55sh-ii-e1601485394796-142x300.jpg 142w\" sizes=\"auto, (max-width: 10px) 100vw, 10px\" \/> Torsten P\u00fcschel, Experte: Benjamin Kirsten<br>Moderation: Ren\u00e9 Kindermann<\/p>\n\n\n\n<hr class=\"wp-block-separator\"\/>\n\n\n\n<p><strong>Primeira Liga, 20. Spieltag, Nachholspiel (Sportdigital FUSSBALL)<\/strong><\/p>\n\n\n\n<p><span style=\"text-decoration: underline;\">Dienstag, 16. April 2024<\/span><\/p>\n\n\n\n<p><strong><em>FC Famalicao &#8211; Sporting Lissabon (21.15 Uhr)<\/em><\/strong><\/p>\n\n\n\n<p><img loading=\"lazy\" decoding=\"async\" width=\"10\" height=\"21\" class=\"wp-image-3656\" style=\"width: 10px;\" src=\"http:\/\/kommentatorenblog.de\/wp-content\/uploads\/2020\/09\/shure-55sh-ii-e1601485394796.jpg\" alt=\"\" srcset=\"http:\/\/kommentatorenblog.de\/wp-content\/uploads\/2020\/09\/shure-55sh-ii-e1601485394796.jpg 415w, http:\/\/kommentatorenblog.de\/wp-content\/uploads\/2020\/09\/shure-55sh-ii-e1601485394796-142x300.jpg 142w\" sizes=\"auto, (max-width: 10px) 100vw, 10px\" \/> Jonathan Dreier<\/p>\n\n\n\n<hr class=\"wp-block-separator\"\/>\n\n\n\n<p><strong>Copa de la Liga Profesional, 14. Spieltag<\/strong> <strong>(Sportdigital FUSSBALL)<\/strong><\/p>\n\n\n\n<p><span style=\"text-decoration: underline;\">Dienstag, 16. April 2024<\/span><\/p>\n\n\n\n<p><strong><em>Instituto AC Cordoba &#8211; CA River Plate (01.00 Uhr)<\/em><\/strong><\/p>\n\n\n\n<p><img loading=\"lazy\" decoding=\"async\" width=\"10\" height=\"21\" class=\"wp-image-3656\" style=\"width: 10px;\" src=\"http:\/\/kommentatorenblog.de\/wp-content\/uploads\/2020\/09\/shure-55sh-ii-e1601485394796.jpg\" alt=\"\" srcset=\"http:\/\/kommentatorenblog.de\/wp-content\/uploads\/2020\/09\/shure-55sh-ii-e1601485394796.jpg 415w, http:\/\/kommentatorenblog.de\/wp-content\/uploads\/2020\/09\/shure-55sh-ii-e1601485394796-142x300.jpg 142w\" sizes=\"auto, (max-width: 10px) 100vw, 10px\" \/> Ulf Kahmke<\/p>\n\n\n\n<p><span style=\"text-decoration: underline;\">Mittwoch, 17. April 2024<\/span><\/p>\n\n\n\n<p><strong><em>Boca Juniors &#8211; CD Godoy Cruz (00.30 Uhr)<\/em><\/strong><\/p>\n\n\n\n<p><img loading=\"lazy\" decoding=\"async\" width=\"10\" height=\"21\" class=\"wp-image-3656\" style=\"width: 10px;\" src=\"http:\/\/kommentatorenblog.de\/wp-content\/uploads\/2020\/09\/shure-55sh-ii-e1601485394796.jpg\" alt=\"\" srcset=\"http:\/\/kommentatorenblog.de\/wp-content\/uploads\/2020\/09\/shure-55sh-ii-e1601485394796.jpg 415w, http:\/\/kommentatorenblog.de\/wp-content\/uploads\/2020\/09\/shure-55sh-ii-e1601485394796-142x300.jpg 142w\" sizes=\"auto, (max-width: 10px) 100vw, 10px\" \/> Karsten Linke<\/p>\n\n\n\n<hr class=\"wp-block-separator\"\/>\n\n\n\n<p><strong>AFC Champions League<\/strong>, <strong>Halbfinale, Hinspiele (Sport1+)<\/strong><\/p>\n\n\n\n<p><span style=\"text-decoration: underline;\">Dienstag, 16. April 2024, ab 17.55 Uhr<\/span><\/p>\n\n\n\n<p><strong><em>Al Ain Club \u2013 al Hilal<\/em><\/strong> <em>(Gruppe West)<\/em> <strong><em>(18.00 Uhr)<\/em><\/strong><\/p>\n\n\n\n<p><img loading=\"lazy\" decoding=\"async\" width=\"10\" height=\"21\" class=\"wp-image-3656\" style=\"width: 10px;\" src=\"http:\/\/kommentatorenblog.de\/wp-content\/uploads\/2020\/09\/shure-55sh-ii-e1601485394796.jpg\" alt=\"\" srcset=\"http:\/\/kommentatorenblog.de\/wp-content\/uploads\/2020\/09\/shure-55sh-ii-e1601485394796.jpg 415w, http:\/\/kommentatorenblog.de\/wp-content\/uploads\/2020\/09\/shure-55sh-ii-e1601485394796-142x300.jpg 142w\" sizes=\"auto, (max-width: 10px) 100vw, 10px\" \/> Steffen Bohleber<\/p>\n\n\n\n<p><span style=\"text-decoration: underline;\">Mittwoch, 17. April 2024, ab 11.55 Uhr<\/span><\/p>\n\n\n\n<p><strong><em>Ulsan HD FC &#8211; Yokohama F. Marinos<\/em><\/strong> <em>(Gruppe Ost)<\/em> <strong><em>(12.00 Uhr)<\/em><\/strong><\/p>\n\n\n\n<p><img loading=\"lazy\" decoding=\"async\" width=\"10\" height=\"21\" class=\"wp-image-3656\" style=\"width: 10px;\" src=\"http:\/\/kommentatorenblog.de\/wp-content\/uploads\/2020\/09\/shure-55sh-ii-e1601485394796.jpg\" alt=\"\" srcset=\"http:\/\/kommentatorenblog.de\/wp-content\/uploads\/2020\/09\/shure-55sh-ii-e1601485394796.jpg 415w, http:\/\/kommentatorenblog.de\/wp-content\/uploads\/2020\/09\/shure-55sh-ii-e1601485394796-142x300.jpg 142w\" sizes=\"auto, (max-width: 10px) 100vw, 10px\" \/> Tobi Fischbeck<\/p>\n\n\n\n<hr class=\"wp-block-separator\"\/>\n\n\n\n<p><strong>FA Women&#8217;s Super League, 19. Spieltag (Sky)<\/strong><\/p>\n\n\n\n<p><span style=\"text-decoration: underline;\">Mittwoch, 17. April 2024, ab 19.50 Uhr<\/span><\/p>\n\n\n\n<p><strong><em>FC Chelsea &#8211; Aston Villa (20.00 Uhr)<\/em><\/strong><\/p>\n\n\n\n<p><img loading=\"lazy\" decoding=\"async\" width=\"10\" height=\"21\" class=\"wp-image-3656\" style=\"width: 10px;\" src=\"http:\/\/kommentatorenblog.de\/wp-content\/uploads\/2020\/09\/shure-55sh-ii-e1601485394796.jpg\" alt=\"\" srcset=\"http:\/\/kommentatorenblog.de\/wp-content\/uploads\/2020\/09\/shure-55sh-ii-e1601485394796.jpg 415w, http:\/\/kommentatorenblog.de\/wp-content\/uploads\/2020\/09\/shure-55sh-ii-e1601485394796-142x300.jpg 142w\" sizes=\"auto, (max-width: 10px) 100vw, 10px\" \/> Marcel Meinert<\/p>\n\n\n\n<hr class=\"wp-block-separator\"\/>\n\n\n\n<p><strong>Die Analyse<\/strong><\/p>\n\n\n\n<p>R\u00fcckspiele in der Champions League bedeuten wie immer den Tausch der Wochentage f\u00fcr die Paarungen, so tr\u00e4gt der BVB sein Heimspiel gegen Atletico am Dienstag aus, ebenso wie der FC Barcelona seines gegen PSG, w\u00e4hrend der FC Bayern am Mittwoch gegen Arsenal ums Weiterkommen k\u00e4mpft, parallel zum Heimauftritt von Manchester City gegen Real Madrid. <\/p>\n\n\n\n<p>Prime entschied sich naheliegenderweise f\u00fcr den BVB und ist im Signal Iduna Park selbstverst\u00e4ndlich wieder mit der vollen Besetzung vor Ort, Josy Henning und Miroslav Klose rotieren f\u00fcr Tabea Kemme und Shkodran Mustafi ins Analyse-Team, der Rest ist identisch zur Besetzung in der Vorwoche. Bei DAZN kommentiert Uli Hebel wie in der vergangenen Woche Barca und PSG aus der Box, an seiter Seite ist diesmal allerdings Sascha Bigalke anstelle von Seb Knei\u00dfl. Der hingegen kommentiert am Mittwoch das Duell zwischen City und Real an der Seite von Jan Platte, der diese Paarung ebenfalls bereits in der letzten Woche hatte. Auch hier erfolgt der Kommentar aus der Box, mit Freddy Harder ist aber auch ein Field-Reporter in Manchester. Die Partie in der Allianz Arena ist f\u00fcr DAZN selbst bekanntlich auch ein Heimspiel und dementsprechend ist man hier auch mal wieder vollst\u00e4ndig vor Ort. Erneut kommen Laura Wontorra und Daniel Herzog als On-Air-Personal zum Einsatz, Wontorra \u00fcbernimmt diesmal jedoch die Hauptmoderation, w\u00e4hrend Herzog auf Stimmenfang geht. Marco Hagemann kommentiert gemeinsam mit Sami Khedira, Max Siebald und Max Gross \u00fcbernehmen die Konferenz. Mit dem BVB-Spiel hat DAZN Mario Rieker beauftragt, seinen Kommentar kann man wie gewohnt ab Freitag dort h\u00f6ren.<\/p>\n\n\n\n<p>Am Donnerstag gibt es wieder die volle Dosis Europa League \/ Conference League bei RTL+, im Free-TV wird wie zu erwarten mit Bayer Leverkusen bei West Ham United der letzte deutsche Vertreter gezeigt, hier bleibt das Personal mit Papendick, Matth\u00e4us, Hagemann, Freund und G\u00f6rner weitgehend gleich, Jessica Matyschok ersetzt lediglich Jonas Gerdes als weiteren Interviewer. Bei den \u00fcbrigen Partien bleiben die Kommentatoren auch nahezu identisch, einzig Alex K\u00fcpper ersetzt Christian Stra\u00dfburger bei PAOK &#8211; Br\u00fcgge in der Konferenz. Thomas Wagner folgt erneut J\u00fcrgen Klopp, zu seinem wahrscheinlich vorerst letzten Europa-League-Spiel nach Bergamo. Die Experten rotieren nat\u00fcrlich auch wieder, Patrick Helmes begleitet diesmal seinen Ex-Klub Leverkusen an der Seite von Robby Hunke, w\u00e4hrend Felix Kroos mit Corni K\u00fcpper verfolgen wird, ob dem FC Liverpool doch noch ein Wunder gelingt. Ansgar Brinkmann \u00fcbernimmt die Analyse im Studio bei Anna Kraft. Das R\u00fcckspiel von Fenerbahce in Istanbul gegen Olympiakos Pir\u00e4us l\u00e4uft genau wie das Hinspiel erneut auch bei Sky, zuvor l\u00e4uft dort statt PAOK &#8211; Br\u00fcgge, das diesmal parallel stattfindet, das Spiel der AC Florenz gegen Viktoria Pilsen.<\/p>\n\n\n\n<p>Der BR streamt am Dienstag erneut ein Spiel der Regionalliga Bayern, in dem die W\u00fcrzburger Kickers als hei\u00dfer Meisterschaftskandidat bei der Zweitvertretung der SpVgg Greuther F\u00fcrth antritt. Lukas Sch\u00f6nm\u00fcller kommentiert das Spiel. Urspr\u00fcnglich war er anstelle von Uli Hebel bei Barca &#8211; PSG bei DAZN vorgesehen, aber allem Anschein nach hat seine T\u00e4tigkeit beim BR derzeit Priorit\u00e4t. <strong>Update: <\/strong>Marcel Seufert hat die Partie \u00fcbernommen, Sch\u00f6nm\u00fcller scheint doch komplett verhindert zu sein, auch wenn es so oder so knapp geworden w\u00e4re, beide Spiele zu begleiten.<\/p>\n\n\n\n<p>Neben einem Halbfinalspiel des Sachsenpokals beim MDR gibt es auch ein Nachholspiel der Primeira Liga und die Copa de la Liga Profesional bei Sportdigital sowie die Halbfinal-Hinspiele der AFC Champions League bei Sport1+ zu sehen.<\/p>\n\n\n\n<p>Damit w\u00fcnsche ich euch eine sch\u00f6ne Europapokalwoche, aus der hoffentlich wenigstens je ein deutscher Halbfinalteilnehmer in EL und CL hervorgehen wird.<\/p>\n\n\n\n<p>Bis bald!<\/p>\n","protected":false},"excerpt":{"rendered":"<p>N&#8217;Abend allerseits, es ist vollbracht, erstmals seit 12 Jahren haben wir wieder einen anderen deutschen Meister als den FC Bayern M\u00fcnchen. Bayer 04 Leverkusen gewann souver\u00e4n mit 5:0 gegen Werder Bremen und liegt nun uneinholbar und weiterhin ungeschlagen auf Platz 1 der Bundesliga. Klarer Favorit im DFB-Pokalfinale ist man ebenfalls und in der UEFA Europa [&hellip;]<\/p>\n","protected":false},"author":17,"featured_media":0,"comment_status":"open","ping_status":"open","sticky":false,"template":"","format":"standard","meta":{"footnotes":""},"categories":[425],"tags":[1083,949,163,517,596,689,337,688,178,171,614,212,13,611,695,703,331,295,48,1082,69,507,675,86,59,676,75,44,31,205,70,276,43,243,608,283,279,17,114,1079,113,903,588,1081,690,947,525,874,162,138,656,732,361,189,98,222,22,434,134,394,154,528,151,33,152,705,402,105],"class_list":["post-17415","post","type-post","status-publish","format-standard","hentry","category-champions-league-und-co","tag-alessa-luisa-naujoks","tag-alexander-klich-2","tag-alexander-kuepper","tag-anna-kraft","tag-annika-zimmermann","tag-ansgar-brinkmann","tag-benedikt-hoewedes","tag-benjamin-kirsten","tag-br","tag-christoph-stadtler","tag-cornelius-kuepper","tag-daniel-herzog","tag-dazn","tag-felix-goerner","tag-felix-kroos","tag-florian-von-stackelberg","tag-freddie-schulz","tag-freddy-harder","tag-jan-platte","tag-jessica-matyschok","tag-jonas-friedrich","tag-jonathan-dreier","tag-josephine-henning","tag-juergen-schmitz","tag-karsten-linke","tag-klaus-veltman","tag-laura-papendick","tag-laura-wontorra","tag-lothar-matthaeus","tag-lukas-schoenmueller","tag-marcel-meinert","tag-marcel-seufert","tag-marco-hagemann","tag-mario-rieker","tag-matthias-sammer","tag-max-gross","tag-max-siebald","tag-mdr","tag-michael-born","tag-miroslav-klose","tag-oliver-seidler","tag-patrick-helmes","tag-patrick-owomoyela","tag-peter-reichert","tag-philip-konrad","tag-prime","tag-rene-kindermann","tag-rene-langhoff","tag-robby-hunke","tag-rtl","tag-rtl-2","tag-sami-khedira","tag-sascha-bigalke","tag-sebastian-benesch","tag-sebastian-hellmann","tag-sebastian-kneissl","tag-sky","tag-sport1-2","tag-sportdigital-fussball","tag-stefan-fuckert","tag-stefan-galler","tag-steffen-bohleber","tag-steffen-freund","tag-thomas-wagner","tag-tobi-fischbeck","tag-torsten-pueschel","tag-ulf-kahmke","tag-uli-hebel"],"_links":{"self":[{"href":"http:\/\/kommentatorenblog.de\/index.php?rest_route=\/wp\/v2\/posts\/17415","targetHints":{"allow":["GET"]}}],"collection":[{"href":"http:\/\/kommentatorenblog.de\/index.php?rest_route=\/wp\/v2\/posts"}],"about":[{"href":"http:\/\/kommentatorenblog.de\/index.php?rest_route=\/wp\/v2\/types\/post"}],"author":[{"embeddable":true,"href":"http:\/\/kommentatorenblog.de\/index.php?rest_route=\/wp\/v2\/users\/17"}],"replies":[{"embeddable":true,"href":"http:\/\/kommentatorenblog.de\/index.php?rest_route=%2Fwp%2Fv2%2Fcomments&post=17415"}],"version-history":[{"count":15,"href":"http:\/\/kommentatorenblog.de\/index.php?rest_route=\/wp\/v2\/posts\/17415\/revisions"}],"predecessor-version":[{"id":17446,"href":"http:\/\/kommentatorenblog.de\/index.php?rest_route=\/wp\/v2\/posts\/17415\/revisions\/17446"}],"wp:attachment":[{"href":"http:\/\/kommentatorenblog.de\/index.php?rest_route=%2Fwp%2Fv2%2Fmedia&parent=17415"}],"wp:term":[{"taxonomy":"category","embeddable":true,"href":"http:\/\/kommentatorenblog.de\/index.php?rest_route=%2Fwp%2Fv2%2Fcategories&post=17415"},{"taxonomy":"post_tag","embeddable":true,"href":"http:\/\/kommentatorenblog.de\/index.php?rest_route=%2Fwp%2Fv2%2Ftags&post=17415"}],"curies":[{"name":"wp","href":"https:\/\/api.w.org\/{rel}","templated":true}]}}